{"id":78251,"date":"2024-05-21T16:27:47","date_gmt":"2024-05-21T14:27:47","guid":{"rendered":"https:\/\/blog.cofb.cat\/?p=69135"},"modified":"2024-06-26T07:33:02","modified_gmt":"2024-06-26T07:33:02","slug":"la-farmacia-clau-per-millorar-la-salut-sexual-i-reproductiva","status":"publish","type":"post","link":"https:\/\/www.cofb.org\/es\/2024\/05\/21\/la-farmacia-clau-per-millorar-la-salut-sexual-i-reproductiva\/","title":{"rendered":"La farmacia, clave para mejorar la salud sexual y reproductiva"},"content":{"rendered":"<p><\/p>\n\n\n\n<h3 class=\"wp-block-heading\"><strong>Art\u00edculo de Jordi Casas, presidente del Colegio de Farmac\u00e9uticos de Barcelona (COFB)<\/strong><\/h3>\n\n\n<div class=\"destacat-blog\">\n<h4><em><strong>&quot;Quiero agradecer a los farmac\u00e9uticos el esfuerzo realizado, clave para reafirmar nuestra vocaci\u00f3n de servicio p\u00fablico y nuestro papel como agentes comunitarios de salud&quot;.<\/strong><\/em><\/h4>\n<\/div>\n\n\n\n<p>Septiembre de 2023. El <a href=\"http:\/\/Setembre de 2023. El Consell de Col\u00b7legis Farmac\u00e8utics de Catalunya i el Departament d\u2019Igualtat i Feminismes de la Generalitat signem un conveni per a iniciar un projecte pioner: convertir a les farm\u00e0cies catalanes en punts de distribuci\u00f3 i educaci\u00f3 sobre salut sexual i reproductiva per a garantir el dret a l'equitat menstrual. Al mar\u00e7 de 2024, el contingut d'aquest conveni marc es fa realitat amb la posada en marxa de \u00abLa meva regla, els meves reglis\u00bb. Durant el primer mes, les farm\u00e0cies catalanes dispensem 300.000 productes menstruals reutilitzables, \u00e9s a dir, 300.000 persones menstruantes es van despla\u00e7ar a una farm\u00e0cia a buscar la seva copa menstrual, les compreses de tela o la braga menstrual. A m\u00e9s, es va aconseguir m\u00e9s d'1 mili\u00f3 d'accessos totals a la campanya i es van descarregar 532.871 codis QR. Sumar aquestes xifres en tan sols 30 dies demostra el gran acolliment de la iniciativa i evid\u00e8ncia tres grans aspectes. En primer lloc, la import\u00e0ncia de la col\u00b7laboraci\u00f3 entre els diferents agents de la cadena del medicament, en aquest cas distribuci\u00f3 i farm\u00e0cia comunit\u00e0ria. En segon lloc, la doblegui vessant sanit\u00e0ria i social de la professi\u00f3 i el comprom\u00eds amb la sostenibilitat i la digitalitzaci\u00f3. I, en tercer lloc, que gr\u00e0cies a la capil\u00b7laritat i proximitat amb la poblaci\u00f3, som els establiments sanitaris idonis per a promoure accions que millorin la salut de les persones. Finalment, posar en valor la implicaci\u00f3 de tots els farmac\u00e8utics i farmac\u00e8utiques catalans. En aquest sentit, vull agrair-los l'esfor\u00e7 realitzat, que ha estat clau per a aconseguir l'\u00e8xit de la campanya i, m\u00e9s concretament, reafirmar la nostra vocaci\u00f3 de servei p\u00fablic i el nostre paper com a agents comunitaris de salut.\" target=\"_blank\" rel=\"noreferrer noopener\">Consejo de Colegios Farmac\u00e9uticos de Catalu\u00f1a<\/a> y el <a href=\"https:\/\/igualtat.gencat.cat\/ca\/inici\" target=\"_blank\" rel=\"noreferrer noopener\">Departamento de Igualdad y Feminismos de la Generalitat <\/a>firmamos un convenio para iniciar un proyecto pionero: <a href=\"https:\/\/blog.cofb.cat\/blog\/2023\/09\/21\/les-farmacies-catalanes-collaboren-amb-el-govern-per-distribuir-gratuitament-productes-menstruals-reutilitzables-a-partir-de-2024\/\" target=\"_blank\" rel=\"noreferrer noopener\">convertir a las farmacias catalanas en puntos de distribuci\u00f3n y educaci\u00f3n sobre salud sexual y reproductiva<\/a> para garantizar el derecho a la equidad menstrual. En marzo de 2024, el contenido de este convenio marco se hace realidad con la puesta en marcha de <strong>\u00abMi regla, mis reglas\u00bb<\/strong>.<\/p>\n\n\n\n<p>Durante el primer mes, las <strong>farmacias catalanas dispensamos 300.000 productos menstruales reutilizables<\/strong>, es decir, 300.000 personas menstruantes se desplazaron a una farmacia a buscar su copa menstrual, las compresas de tela o la braga menstrual. Adem\u00e1s, se logr\u00f3 <strong>m\u00e1s de 1 mill\u00f3n de accesos totales a la campa\u00f1a <\/strong>y se van <strong>descargar 532.871 c\u00f3digos QR.<\/strong><\/p>\n\n\n\n<figure class=\"wp-block-image size-large\"><a href=\"https:\/\/blog.cofb.cat\/wp-content\/uploads\/2024\/05\/COFB_JORDI-CASAS-EQUITAT-MENSTRUAL_21052024.jpg\" target=\"_blank\" rel=\"noopener\"><img decoding=\"async\" src=\"https:\/\/blog.cofb.cat\/wp-content\/uploads\/2024\/05\/COFB_JORDI-CASAS-EQUITAT-MENSTRUAL_21052024-1024x683.jpg\" alt=\"\" class=\"wp-image-69150\"\/><\/a><\/figure>\n\n\n\n<p>Sumar estas cifras en tan s\u00f3lo 30 d\u00edas demuestra la gran acogida de la iniciativa y evidencia tres grandes aspectos. En primer lugar, la <strong>importancia de la colaboraci\u00f3n entre los diferentes agentes de la cadena del medicamento<\/strong>, en este caso distribuci\u00f3n y farmacia comunitaria. En segundo lugar, la <strong>doble vertiente sanitaria y social de la profesi\u00f3n <\/strong>y el <strong>compromiso con la sostenibilidad y la digitalizaci\u00f3n<\/strong>. Y, en tercer lugar, que gracias a la <strong>capilaridad y proximidad con la poblaci\u00f3n, somos los establecimientos sanitarios id\u00f3neos para promover acciones que mejoren la salud de las personas.<\/strong><\/p>\n\n\n\n<p>Por \u00faltimo, poner en valor la implicaci\u00f3n de todos los farmac\u00e9uticos y farmac\u00e9uticas catalanas. En este sentido, deseo agradecer el esfuerzo realizado, que ha sido clave para conseguir el \u00e9xito de la campa\u00f1a y, m\u00e1s concretamente, reafirmar nuestra vocaci\u00f3n de servicio p\u00fablico y nuestro papel como agentes comunitarios de salud.<\/p>\n\n\n\n<p>Art\u00edculo originalmente&nbsp;<strong><a href=\"https:\/\/www.elfarmaceutico.es\/actualidad\/opinion\/farmacia-clave-mejorar-salud-sexual-reproductiva_152720_102.html\" target=\"_blank\" rel=\"noreferrer noopener\">publicado en la web de El Farmac\u00e9utico<\/a> <\/strong>el 17 de mayo de 2024.<\/p>\n\n\n\n<p><\/p>\n\n\n\n<p><strong>Otras publicaciones de inter\u00e9s:<\/strong><\/p>\n\n\n\n<ul class=\"wp-block-list\"><li><a href=\"https:\/\/blog.cofb.cat\/blog\/2023\/09\/21\/les-farmacies-catalanes-collaboren-amb-el-govern-per-distribuir-gratuitament-productes-menstruals-reutilitzables-a-partir-de-2024\/\" target=\"_blank\" rel=\"noreferrer noopener\">El pr\u00f3ximo lunes, 4 de marzo, comienza la distribuci\u00f3n gratuita de productos menstruales reutilizables en las farmacias catalanas (Febrero 2024)<\/a><\/li><li><a href=\"https:\/\/blog.cofb.cat\/blog\/2023\/10\/30\/el-consell-de-collegis-farmaceutics-de-catalunya-i-igualtat-i-feminismes-posen-en-marxa-les-formacions-als-farmaceutics-ques-sobre-productes-menstruals-reutilitzables\/\" target=\"_blank\" rel=\"noreferrer noopener\">El Consejo de Colegios Farmac\u00e9uticos de Catalu\u00f1a e Igualdad y Feminismos ponen en marcha las formaciones a los farmac\u00e9uticos\/cas sobre productos menstruales reutilizables (Octubre 2023)<\/a><\/li><li><a href=\"https:\/\/blog.cofb.cat\/blog\/2023\/09\/21\/les-farmacies-catalanes-collaboren-amb-el-govern-per-distribuir-gratuitament-productes-menstruals-reutilitzables-a-partir-de-2024\/\">Las farmacias catalanas&nbsp;<\/a><a href=\"https:\/\/blog.cofb.cat\/blog\/2023\/09\/21\/les-farmacies-catalanes-collaboren-amb-el-govern-per-distribuir-gratuitament-productes-menstruals-reutilitzables-a-partir-de-2024\/\" target=\"_blank\" rel=\"noreferrer noopener\">colaboran con el Gobierno para distribuir gratuitamente productos menstruales reutilizables a partir de 2024 (Septiembre<\/a><a href=\"https:\/\/blog.cofb.cat\/blog\/2023\/09\/21\/les-farmacies-catalanes-collaboren-amb-el-govern-per-distribuir-gratuitament-productes-menstruals-reutilitzables-a-partir-de-2024\/\">&nbsp;2023)<\/a><\/li><\/ul>","protected":false},"excerpt":{"rendered":"<p>Art\u00edculo de Jordi Casas, presidente del Colegio de Farmac\u00e9uticos de Barcelona (COFB) Septiembre de 2023. El Consejo de Colegios Farmac\u00e9uticos de Catalu\u00f1a y el Departamento de Igualdad y Feminismos de la Generalitat firmamos un convenio para iniciar un proyecto pionero: convertir a las farmacias catalanas en puntos de distribuci\u00f3n y educaci\u00f3n sobre salud sexual y reproductiva por [\u2026]<\/p>","protected":false},"author":1,"featured_media":78275,"comment_status":"open","ping_status":"open","sticky":false,"template":"","format":"standard","meta":{"_uag_custom_page_level_css":"","site-sidebar-layout":"default","site-content-layout":"","ast-site-content-layout":"default","site-content-style":"default","site-sidebar-style":"default","ast-global-header-display":"","ast-banner-title-visibility":"","ast-main-header-display":"","ast-hfb-above-header-display":"","ast-hfb-below-header-display":"","ast-hfb-mobile-header-display":"","site-post-title":"","ast-breadcrumbs-content":"","ast-featured-img":"disabled","footer-sml-layout":"","theme-transparent-header-meta":"","adv-header-id-meta":"","stick-header-meta":"","header-above-stick-meta":"","header-main-stick-meta":"","header-below-stick-meta":"","astra-migrate-meta-layouts":"set","ast-page-background-enabled":"default","ast-page-background-meta":{"desktop":{"background-color":"var(--ast-global-color-4)","background-image":"","background-repeat":"repeat","background-position":"center center","background-size":"auto","background-attachment":"scroll","background-type":"","background-media":"","overlay-type":"","overlay-color":"","overlay-opacity":"","overlay-gradient":""},"tablet":{"background-color":"","background-image":"","background-repeat":"repeat","background-position":"center center","background-size":"auto","background-attachment":"scroll","background-type":"","background-media":"","overlay-type":"","overlay-color":"","overlay-opacity":"","overlay-gradient":""},"mobile":{"background-color":"","background-image":"","background-repeat":"repeat","background-position":"center center","background-size":"auto","background-attachment":"scroll","background-type":"","background-media":"","overlay-type":"","overlay-color":"","overlay-opacity":"","overlay-gradient":""}},"ast-content-background-meta":{"desktop":{"background-color":"var(--ast-global-color-5)","background-image":"","background-repeat":"repeat","background-position":"center center","background-size":"auto","background-attachment":"scroll","background-type":"","background-media":"","overlay-type":"","overlay-color":"","overlay-opacity":"","overlay-gradient":""},"tablet":{"background-color":"var(--ast-global-color-5)","background-image":"","background-repeat":"repeat","background-position":"center center","background-size":"auto","background-attachment":"scroll","background-type":"","background-media":"","overlay-type":"","overlay-color":"","overlay-opacity":"","overlay-gradient":""},"mobile":{"background-color":"var(--ast-global-color-5)","background-image":"","background-repeat":"repeat","background-position":"center center","background-size":"auto","background-attachment":"scroll","background-type":"","background-media":"","overlay-type":"","overlay-color":"","overlay-opacity":"","overlay-gradient":""}},"footnotes":""},"categories":[23,489],"tags":[64,18,19,53,68,69,5029,76,3849],"class_list":["post-78251","post","type-post","status-publish","format-standard","has-post-thumbnail","hentry","category-destacats","category-opinions-del-collegi","tag-atencio-farmaceutica","tag-cofb","tag-collegi-de-farmaceutics-de-barcelona","tag-farmaceutics","tag-farmacia","tag-farmacia-comunitaria","tag-iniciativa","tag-oficina-de-farmacia","tag-salut-sexual-i-reproductiva"],"yoast_head":"<!-- This site is optimized with the Yoast SEO plugin v22.4 - https:\/\/yoast.com\/wordpress\/plugins\/seo\/ -->\n<title>La farm\u00e0cia, clau per millorar la salut sexual i reproductiva - Col\u00b7legi de Farmac\u00e8utics de Barcelona<\/title>\n<meta name=\"description\" content=\"El CCFC i Igualtat\u00a0i\u00a0Feminismes\u00a0signem un conveni per convertir a les farm\u00e0cies en punts de distribuci\u00f3 i educaci\u00f3 sobre salut sexual\" \/>\n<meta name=\"robots\" content=\"index, follow, max-snippet:-1, max-image-preview:large, max-video-preview:-1\" \/>\n<link rel=\"canonical\" href=\"https:\/\/novaorg.cofb.net\/2024\/05\/21\/la-farmacia-clau-per-millorar-la-salut-sexual-i-reproductiva\/\" \/>\n<meta property=\"og:locale\" content=\"es_ES\" \/>\n<meta property=\"og:type\" content=\"article\" \/>\n<meta property=\"og:title\" content=\"La farm\u00e0cia, clau per millorar la salut sexual i reproductiva - Col\u00b7legi de Farmac\u00e8utics de Barcelona\" \/>\n<meta property=\"og:description\" content=\"El CCFC i Igualtat\u00a0i\u00a0Feminismes\u00a0signem un conveni per convertir a les farm\u00e0cies en punts de distribuci\u00f3 i educaci\u00f3 sobre salut sexual\" \/>\n<meta property=\"og:url\" content=\"https:\/\/novaorg.cofb.net\/2024\/05\/21\/la-farmacia-clau-per-millorar-la-salut-sexual-i-reproductiva\/\" \/>\n<meta property=\"og:site_name\" content=\"Col\u00b7legi de Farmac\u00e8utics de Barcelona\" \/>\n<meta property=\"article:publisher\" content=\"https:\/\/www.facebook.com\/farmaceuticsbcn\/\" \/>\n<meta property=\"article:published_time\" content=\"2024-05-21T14:27:47+00:00\" \/>\n<meta property=\"article:modified_time\" content=\"2024-06-26T07:33:02+00:00\" \/>\n<meta property=\"og:image\" content=\"https:\/\/novaorg.cofb.net\/wp-content\/uploads\/2024\/05\/COFB_JORDI-CASAS-EQUITAT-MENSTRUAL_21052024-1024x683-1.jpg\" \/>\n\t<meta property=\"og:image:width\" content=\"1024\" \/>\n\t<meta property=\"og:image:height\" content=\"683\" \/>\n\t<meta property=\"og:image:type\" content=\"image\/jpeg\" \/>\n<meta name=\"author\" content=\"wpAdminCofbOrg\" \/>\n<meta name=\"twitter:card\" content=\"summary_large_image\" \/>\n<meta name=\"twitter:creator\" content=\"@farmaceuticsbcn\" \/>\n<meta name=\"twitter:site\" content=\"@farmaceuticsbcn\" \/>\n<meta name=\"twitter:label1\" content=\"Escrito por\" \/>\n\t<meta name=\"twitter:data1\" content=\"wpAdminCofbOrg\" \/>\n\t<meta name=\"twitter:label2\" content=\"Tiempo de lectura\" \/>\n\t<meta name=\"twitter:data2\" content=\"3 minutos\" \/>\n<script type=\"application\/ld+json\" class=\"yoast-schema-graph\">{\"@context\":\"https:\/\/schema.org\",\"@graph\":[{\"@type\":\"Article\",\"@id\":\"https:\/\/novaorg.cofb.net\/2024\/05\/21\/la-farmacia-clau-per-millorar-la-salut-sexual-i-reproductiva\/#article\",\"isPartOf\":{\"@id\":\"https:\/\/novaorg.cofb.net\/2024\/05\/21\/la-farmacia-clau-per-millorar-la-salut-sexual-i-reproductiva\/\"},\"author\":{\"name\":\"wpAdminCofbOrg\",\"@id\":\"https:\/\/www.cofb.org\/#\/schema\/person\/22ed7eea88da74b0fa4d3154ad87ffcb\"},\"headline\":\"La farm\u00e0cia, clau per millorar la salut sexual i reproductiva\",\"datePublished\":\"2024-05-21T14:27:47+00:00\",\"dateModified\":\"2024-06-26T07:33:02+00:00\",\"mainEntityOfPage\":{\"@id\":\"https:\/\/novaorg.cofb.net\/2024\/05\/21\/la-farmacia-clau-per-millorar-la-salut-sexual-i-reproductiva\/\"},\"wordCount\":441,\"commentCount\":0,\"publisher\":{\"@id\":\"https:\/\/www.cofb.org\/#organization\"},\"image\":{\"@id\":\"https:\/\/novaorg.cofb.net\/2024\/05\/21\/la-farmacia-clau-per-millorar-la-salut-sexual-i-reproductiva\/#primaryimage\"},\"thumbnailUrl\":\"https:\/\/www.cofb.org\/wp-content\/uploads\/2024\/05\/COFB_JORDI-CASAS-EQUITAT-MENSTRUAL_21052024-1024x683-1.jpg\",\"keywords\":[\"Atenci\u00f3 farmac\u00e8utica\",\"COFB\",\"Col\u00b7legi de Farmac\u00e8utics de Barcelona\",\"farmac\u00e8utics\",\"Farm\u00e0cia\",\"farm\u00e0cia comunit\u00e0ria\",\"iniciativa\",\"Oficina de farm\u00e0cia\",\"salut sexual i reproductiva\"],\"articleSection\":[\"Destacats\",\"Opinions del Col\u00b7legi\"],\"inLanguage\":\"es\",\"potentialAction\":[{\"@type\":\"CommentAction\",\"name\":\"Comment\",\"target\":[\"https:\/\/novaorg.cofb.net\/2024\/05\/21\/la-farmacia-clau-per-millorar-la-salut-sexual-i-reproductiva\/#respond\"]}]},{\"@type\":\"WebPage\",\"@id\":\"https:\/\/novaorg.cofb.net\/2024\/05\/21\/la-farmacia-clau-per-millorar-la-salut-sexual-i-reproductiva\/\",\"url\":\"https:\/\/novaorg.cofb.net\/2024\/05\/21\/la-farmacia-clau-per-millorar-la-salut-sexual-i-reproductiva\/\",\"name\":\"La farm\u00e0cia, clau per millorar la salut sexual i reproductiva - Col\u00b7legi de Farmac\u00e8utics de Barcelona\",\"isPartOf\":{\"@id\":\"https:\/\/www.cofb.org\/#website\"},\"primaryImageOfPage\":{\"@id\":\"https:\/\/novaorg.cofb.net\/2024\/05\/21\/la-farmacia-clau-per-millorar-la-salut-sexual-i-reproductiva\/#primaryimage\"},\"image\":{\"@id\":\"https:\/\/novaorg.cofb.net\/2024\/05\/21\/la-farmacia-clau-per-millorar-la-salut-sexual-i-reproductiva\/#primaryimage\"},\"thumbnailUrl\":\"https:\/\/www.cofb.org\/wp-content\/uploads\/2024\/05\/COFB_JORDI-CASAS-EQUITAT-MENSTRUAL_21052024-1024x683-1.jpg\",\"datePublished\":\"2024-05-21T14:27:47+00:00\",\"dateModified\":\"2024-06-26T07:33:02+00:00\",\"description\":\"El CCFC i Igualtat\u00a0i\u00a0Feminismes\u00a0signem un conveni per convertir a les farm\u00e0cies en punts de distribuci\u00f3 i educaci\u00f3 sobre salut sexual\",\"breadcrumb\":{\"@id\":\"https:\/\/novaorg.cofb.net\/2024\/05\/21\/la-farmacia-clau-per-millorar-la-salut-sexual-i-reproductiva\/#breadcrumb\"},\"inLanguage\":\"es\",\"potentialAction\":[{\"@type\":\"ReadAction\",\"target\":[\"https:\/\/novaorg.cofb.net\/2024\/05\/21\/la-farmacia-clau-per-millorar-la-salut-sexual-i-reproductiva\/\"]}]},{\"@type\":\"ImageObject\",\"inLanguage\":\"es\",\"@id\":\"https:\/\/novaorg.cofb.net\/2024\/05\/21\/la-farmacia-clau-per-millorar-la-salut-sexual-i-reproductiva\/#primaryimage\",\"url\":\"https:\/\/www.cofb.org\/wp-content\/uploads\/2024\/05\/COFB_JORDI-CASAS-EQUITAT-MENSTRUAL_21052024-1024x683-1.jpg\",\"contentUrl\":\"https:\/\/www.cofb.org\/wp-content\/uploads\/2024\/05\/COFB_JORDI-CASAS-EQUITAT-MENSTRUAL_21052024-1024x683-1.jpg\",\"width\":1024,\"height\":683},{\"@type\":\"BreadcrumbList\",\"@id\":\"https:\/\/novaorg.cofb.net\/2024\/05\/21\/la-farmacia-clau-per-millorar-la-salut-sexual-i-reproductiva\/#breadcrumb\",\"itemListElement\":[{\"@type\":\"ListItem\",\"position\":1,\"name\":\"Inici\",\"item\":\"https:\/\/novaorg.cofb.net\/\"},{\"@type\":\"ListItem\",\"position\":2,\"name\":\"La farm\u00e0cia, clau per millorar la salut sexual i reproductiva\"}]},{\"@type\":\"WebSite\",\"@id\":\"https:\/\/www.cofb.org\/#website\",\"url\":\"https:\/\/www.cofb.org\/\",\"name\":\"Col\u00b7legi de Farmac\u00e8utics de Barcelona\",\"description\":\"\",\"publisher\":{\"@id\":\"https:\/\/www.cofb.org\/#organization\"},\"potentialAction\":[{\"@type\":\"SearchAction\",\"target\":{\"@type\":\"EntryPoint\",\"urlTemplate\":\"https:\/\/www.cofb.org\/?s={search_term_string}\"},\"query-input\":\"required name=search_term_string\"}],\"inLanguage\":\"es\"},{\"@type\":\"Organization\",\"@id\":\"https:\/\/www.cofb.org\/#organization\",\"name\":\"Col\u00b7legi de Farmac\u00e8utics de Barcelona\",\"url\":\"https:\/\/www.cofb.org\/\",\"logo\":{\"@type\":\"ImageObject\",\"inLanguage\":\"es\",\"@id\":\"https:\/\/www.cofb.org\/#\/schema\/logo\/image\/\",\"url\":\"https:\/\/www.cofb.org\/wp-content\/uploads\/2023\/11\/cropped-Logotip-COFB.png\",\"contentUrl\":\"https:\/\/www.cofb.org\/wp-content\/uploads\/2023\/11\/cropped-Logotip-COFB.png\",\"width\":500,\"height\":105,\"caption\":\"Col\u00b7legi de Farmac\u00e8utics de Barcelona\"},\"image\":{\"@id\":\"https:\/\/www.cofb.org\/#\/schema\/logo\/image\/\"},\"sameAs\":[\"https:\/\/www.facebook.com\/farmaceuticsbcn\/\",\"https:\/\/twitter.com\/farmaceuticsbcn\",\"https:\/\/www.instagram.com\/farmaceuticsbcn\/\",\"https:\/\/www.linkedin.com\/company\/farmaceuticsbcn\/\"]},{\"@type\":\"Person\",\"@id\":\"https:\/\/www.cofb.org\/#\/schema\/person\/22ed7eea88da74b0fa4d3154ad87ffcb\",\"name\":\"wpAdminCofbOrg\",\"image\":{\"@type\":\"ImageObject\",\"inLanguage\":\"es\",\"@id\":\"https:\/\/www.cofb.org\/#\/schema\/person\/image\/\",\"url\":\"https:\/\/secure.gravatar.com\/avatar\/1721b20b3b8ca882c3b56ec6c978c594fff670e40c0718e9190eaeeb76aae7d8?s=96&d=mm&r=g\",\"contentUrl\":\"https:\/\/secure.gravatar.com\/avatar\/1721b20b3b8ca882c3b56ec6c978c594fff670e40c0718e9190eaeeb76aae7d8?s=96&d=mm&r=g\",\"caption\":\"wpAdminCofbOrg\"},\"sameAs\":[\"http:\/\/192.168.64.122\/wordpress\"],\"url\":\"https:\/\/www.cofb.org\/es\/author\/wpadmincofborg\/\"}]}<\/script>\n<!-- \/ Yoast SEO plugin. -->","yoast_head_json":{"title":"La farm\u00e0cia, clau per millorar la salut sexual i reproductiva - Col\u00b7legi de Farmac\u00e8utics de Barcelona","description":"El CCFC i Igualtat\u00a0i\u00a0Feminismes\u00a0signem un conveni per convertir a les farm\u00e0cies en punts de distribuci\u00f3 i educaci\u00f3 sobre salut sexual","robots":{"index":"index","follow":"follow","max-snippet":"max-snippet:-1","max-image-preview":"max-image-preview:large","max-video-preview":"max-video-preview:-1"},"canonical":"https:\/\/novaorg.cofb.net\/2024\/05\/21\/la-farmacia-clau-per-millorar-la-salut-sexual-i-reproductiva\/","og_locale":"es_ES","og_type":"article","og_title":"La farm\u00e0cia, clau per millorar la salut sexual i reproductiva - Col\u00b7legi de Farmac\u00e8utics de Barcelona","og_description":"El CCFC i Igualtat\u00a0i\u00a0Feminismes\u00a0signem un conveni per convertir a les farm\u00e0cies en punts de distribuci\u00f3 i educaci\u00f3 sobre salut sexual","og_url":"https:\/\/novaorg.cofb.net\/2024\/05\/21\/la-farmacia-clau-per-millorar-la-salut-sexual-i-reproductiva\/","og_site_name":"Col\u00b7legi de Farmac\u00e8utics de Barcelona","article_publisher":"https:\/\/www.facebook.com\/farmaceuticsbcn\/","article_published_time":"2024-05-21T14:27:47+00:00","article_modified_time":"2024-06-26T07:33:02+00:00","og_image":[{"width":1024,"height":683,"url":"https:\/\/novaorg.cofb.net\/wp-content\/uploads\/2024\/05\/COFB_JORDI-CASAS-EQUITAT-MENSTRUAL_21052024-1024x683-1.jpg","type":"image\/jpeg"}],"author":"wpAdminCofbOrg","twitter_card":"summary_large_image","twitter_creator":"@farmaceuticsbcn","twitter_site":"@farmaceuticsbcn","twitter_misc":{"Escrito por":"wpAdminCofbOrg","Tiempo de lectura":"3 minutos"},"schema":{"@context":"https:\/\/schema.org","@graph":[{"@type":"Article","@id":"https:\/\/novaorg.cofb.net\/2024\/05\/21\/la-farmacia-clau-per-millorar-la-salut-sexual-i-reproductiva\/#article","isPartOf":{"@id":"https:\/\/novaorg.cofb.net\/2024\/05\/21\/la-farmacia-clau-per-millorar-la-salut-sexual-i-reproductiva\/"},"author":{"name":"wpAdminCofbOrg","@id":"https:\/\/www.cofb.org\/#\/schema\/person\/22ed7eea88da74b0fa4d3154ad87ffcb"},"headline":"La farm\u00e0cia, clau per millorar la salut sexual i reproductiva","datePublished":"2024-05-21T14:27:47+00:00","dateModified":"2024-06-26T07:33:02+00:00","mainEntityOfPage":{"@id":"https:\/\/novaorg.cofb.net\/2024\/05\/21\/la-farmacia-clau-per-millorar-la-salut-sexual-i-reproductiva\/"},"wordCount":441,"commentCount":0,"publisher":{"@id":"https:\/\/www.cofb.org\/#organization"},"image":{"@id":"https:\/\/novaorg.cofb.net\/2024\/05\/21\/la-farmacia-clau-per-millorar-la-salut-sexual-i-reproductiva\/#primaryimage"},"thumbnailUrl":"https:\/\/www.cofb.org\/wp-content\/uploads\/2024\/05\/COFB_JORDI-CASAS-EQUITAT-MENSTRUAL_21052024-1024x683-1.jpg","keywords":["Atenci\u00f3 farmac\u00e8utica","COFB","Col\u00b7legi de Farmac\u00e8utics de Barcelona","farmac\u00e8utics","Farm\u00e0cia","farm\u00e0cia comunit\u00e0ria","iniciativa","Oficina de farm\u00e0cia","salut sexual i reproductiva"],"articleSection":["Destacats","Opinions del Col\u00b7legi"],"inLanguage":"es","potentialAction":[{"@type":"CommentAction","name":"Comment","target":["https:\/\/novaorg.cofb.net\/2024\/05\/21\/la-farmacia-clau-per-millorar-la-salut-sexual-i-reproductiva\/#respond"]}]},{"@type":"WebPage","@id":"https:\/\/novaorg.cofb.net\/2024\/05\/21\/la-farmacia-clau-per-millorar-la-salut-sexual-i-reproductiva\/","url":"https:\/\/novaorg.cofb.net\/2024\/05\/21\/la-farmacia-clau-per-millorar-la-salut-sexual-i-reproductiva\/","name":"La farm\u00e0cia, clau per millorar la salut sexual i reproductiva - Col\u00b7legi de Farmac\u00e8utics de Barcelona","isPartOf":{"@id":"https:\/\/www.cofb.org\/#website"},"primaryImageOfPage":{"@id":"https:\/\/novaorg.cofb.net\/2024\/05\/21\/la-farmacia-clau-per-millorar-la-salut-sexual-i-reproductiva\/#primaryimage"},"image":{"@id":"https:\/\/novaorg.cofb.net\/2024\/05\/21\/la-farmacia-clau-per-millorar-la-salut-sexual-i-reproductiva\/#primaryimage"},"thumbnailUrl":"https:\/\/www.cofb.org\/wp-content\/uploads\/2024\/05\/COFB_JORDI-CASAS-EQUITAT-MENSTRUAL_21052024-1024x683-1.jpg","datePublished":"2024-05-21T14:27:47+00:00","dateModified":"2024-06-26T07:33:02+00:00","description":"El CCFC i Igualtat\u00a0i\u00a0Feminismes\u00a0signem un conveni per convertir a les farm\u00e0cies en punts de distribuci\u00f3 i educaci\u00f3 sobre salut sexual","breadcrumb":{"@id":"https:\/\/novaorg.cofb.net\/2024\/05\/21\/la-farmacia-clau-per-millorar-la-salut-sexual-i-reproductiva\/#breadcrumb"},"inLanguage":"es","potentialAction":[{"@type":"ReadAction","target":["https:\/\/novaorg.cofb.net\/2024\/05\/21\/la-farmacia-clau-per-millorar-la-salut-sexual-i-reproductiva\/"]}]},{"@type":"ImageObject","inLanguage":"es","@id":"https:\/\/novaorg.cofb.net\/2024\/05\/21\/la-farmacia-clau-per-millorar-la-salut-sexual-i-reproductiva\/#primaryimage","url":"https:\/\/www.cofb.org\/wp-content\/uploads\/2024\/05\/COFB_JORDI-CASAS-EQUITAT-MENSTRUAL_21052024-1024x683-1.jpg","contentUrl":"https:\/\/www.cofb.org\/wp-content\/uploads\/2024\/05\/COFB_JORDI-CASAS-EQUITAT-MENSTRUAL_21052024-1024x683-1.jpg","width":1024,"height":683},{"@type":"BreadcrumbList","@id":"https:\/\/novaorg.cofb.net\/2024\/05\/21\/la-farmacia-clau-per-millorar-la-salut-sexual-i-reproductiva\/#breadcrumb","itemListElement":[{"@type":"ListItem","position":1,"name":"Inici","item":"https:\/\/novaorg.cofb.net\/"},{"@type":"ListItem","position":2,"name":"La farm\u00e0cia, clau per millorar la salut sexual i reproductiva"}]},{"@type":"WebSite","@id":"https:\/\/www.cofb.org\/#website","url":"https:\/\/www.cofb.org\/","name":"Col\u00b7legi de Farmac\u00e8utics de Barcelona","description":"","publisher":{"@id":"https:\/\/www.cofb.org\/#organization"},"potentialAction":[{"@type":"SearchAction","target":{"@type":"EntryPoint","urlTemplate":"https:\/\/www.cofb.org\/?s={search_term_string}"},"query-input":"required name=search_term_string"}],"inLanguage":"es"},{"@type":"Organization","@id":"https:\/\/www.cofb.org\/#organization","name":"Col\u00b7legi de Farmac\u00e8utics de Barcelona","url":"https:\/\/www.cofb.org\/","logo":{"@type":"ImageObject","inLanguage":"es","@id":"https:\/\/www.cofb.org\/#\/schema\/logo\/image\/","url":"https:\/\/www.cofb.org\/wp-content\/uploads\/2023\/11\/cropped-Logotip-COFB.png","contentUrl":"https:\/\/www.cofb.org\/wp-content\/uploads\/2023\/11\/cropped-Logotip-COFB.png","width":500,"height":105,"caption":"Col\u00b7legi de Farmac\u00e8utics de Barcelona"},"image":{"@id":"https:\/\/www.cofb.org\/#\/schema\/logo\/image\/"},"sameAs":["https:\/\/www.facebook.com\/farmaceuticsbcn\/","https:\/\/twitter.com\/farmaceuticsbcn","https:\/\/www.instagram.com\/farmaceuticsbcn\/","https:\/\/www.linkedin.com\/company\/farmaceuticsbcn\/"]},{"@type":"Person","@id":"https:\/\/www.cofb.org\/#\/schema\/person\/22ed7eea88da74b0fa4d3154ad87ffcb","name":"wpAdminCofbOrg","image":{"@type":"ImageObject","inLanguage":"es","@id":"https:\/\/www.cofb.org\/#\/schema\/person\/image\/","url":"https:\/\/secure.gravatar.com\/avatar\/1721b20b3b8ca882c3b56ec6c978c594fff670e40c0718e9190eaeeb76aae7d8?s=96&d=mm&r=g","contentUrl":"https:\/\/secure.gravatar.com\/avatar\/1721b20b3b8ca882c3b56ec6c978c594fff670e40c0718e9190eaeeb76aae7d8?s=96&d=mm&r=g","caption":"wpAdminCofbOrg"},"sameAs":["http:\/\/192.168.64.122\/wordpress"],"url":"https:\/\/www.cofb.org\/es\/author\/wpadmincofborg\/"}]}},"uagb_featured_image_src":{"full":["https:\/\/www.cofb.org\/wp-content\/uploads\/2024\/05\/COFB_JORDI-CASAS-EQUITAT-MENSTRUAL_21052024-1024x683-1.jpg",1024,683,false],"thumbnail":["https:\/\/www.cofb.org\/wp-content\/uploads\/2024\/05\/COFB_JORDI-CASAS-EQUITAT-MENSTRUAL_21052024-1024x683-1-150x150.jpg",150,150,true],"medium":["https:\/\/www.cofb.org\/wp-content\/uploads\/2024\/05\/COFB_JORDI-CASAS-EQUITAT-MENSTRUAL_21052024-1024x683-1-300x200.jpg",300,200,true],"medium_large":["https:\/\/www.cofb.org\/wp-content\/uploads\/2024\/05\/COFB_JORDI-CASAS-EQUITAT-MENSTRUAL_21052024-1024x683-1-768x512.jpg",768,512,true],"large":["https:\/\/www.cofb.org\/wp-content\/uploads\/2024\/05\/COFB_JORDI-CASAS-EQUITAT-MENSTRUAL_21052024-1024x683-1.jpg",1024,683,false],"1536x1536":["https:\/\/www.cofb.org\/wp-content\/uploads\/2024\/05\/COFB_JORDI-CASAS-EQUITAT-MENSTRUAL_21052024-1024x683-1.jpg",1024,683,false],"2048x2048":["https:\/\/www.cofb.org\/wp-content\/uploads\/2024\/05\/COFB_JORDI-CASAS-EQUITAT-MENSTRUAL_21052024-1024x683-1.jpg",1024,683,false],"trp-custom-language-flag":["https:\/\/www.cofb.org\/wp-content\/uploads\/2024\/05\/COFB_JORDI-CASAS-EQUITAT-MENSTRUAL_21052024-1024x683-1-18x12.jpg",18,12,true]},"uagb_author_info":{"display_name":"wpAdminCofbOrg","author_link":"https:\/\/www.cofb.org\/es\/author\/wpadmincofborg\/"},"uagb_comment_info":0,"uagb_excerpt":"Article de Jordi Casas, president del Col\u00b7legi de Farmac\u00e8utics de Barcelona (COFB) Setembre de 2023. El Consell de Col\u00b7legis\u00a0Farmac\u00e8utics\u00a0de Catalunya i el Departament\u00a0d\u2019Igualtat\u00a0i\u00a0Feminismes\u00a0de la Generalitat signem un conveni per iniciar un projecte pioner: convertir a les farm\u00e0cies catalanes en punts de distribuci\u00f3 i educaci\u00f3 sobre salut sexual i reproductiva per [&hellip;]","_links":{"self":[{"href":"https:\/\/www.cofb.org\/es\/wp-json\/wp\/v2\/posts\/78251","targetHints":{"allow":["GET"]}}],"collection":[{"href":"https:\/\/www.cofb.org\/es\/wp-json\/wp\/v2\/posts"}],"about":[{"href":"https:\/\/www.cofb.org\/es\/wp-json\/wp\/v2\/types\/post"}],"author":[{"embeddable":true,"href":"https:\/\/www.cofb.org\/es\/wp-json\/wp\/v2\/users\/1"}],"replies":[{"embeddable":true,"href":"https:\/\/www.cofb.org\/es\/wp-json\/wp\/v2\/comments?post=78251"}],"version-history":[{"count":1,"href":"https:\/\/www.cofb.org\/es\/wp-json\/wp\/v2\/posts\/78251\/revisions"}],"predecessor-version":[{"id":78276,"href":"https:\/\/www.cofb.org\/es\/wp-json\/wp\/v2\/posts\/78251\/revisions\/78276"}],"wp:featuredmedia":[{"embeddable":true,"href":"https:\/\/www.cofb.org\/es\/wp-json\/wp\/v2\/media\/78275"}],"wp:attachment":[{"href":"https:\/\/www.cofb.org\/es\/wp-json\/wp\/v2\/media?parent=78251"}],"wp:term":[{"taxonomy":"category","embeddable":true,"href":"https:\/\/www.cofb.org\/es\/wp-json\/wp\/v2\/categories?post=78251"},{"taxonomy":"post_tag","embeddable":true,"href":"https:\/\/www.cofb.org\/es\/wp-json\/wp\/v2\/tags?post=78251"}],"curies":[{"name":"wp","href":"https:\/\/api.w.org\/{rel}","templated":true}]}}