{"id":78249,"date":"2024-05-17T09:48:25","date_gmt":"2024-05-17T07:48:25","guid":{"rendered":"https:\/\/blog.cofb.cat\/?p=69095"},"modified":"2024-07-09T15:46:28","modified_gmt":"2024-07-09T15:46:28","slug":"manigues-amunt-per-fomentar-el-registre-assistencial-de-la-tensio-arterial-a-la-farmacia-comunitaria-a-traves-de-farmaserveis","status":"publish","type":"post","link":"https:\/\/www.cofb.org\/es\/2024\/05\/17\/manigues-amunt-per-fomentar-el-registre-assistencial-de-la-tensio-arterial-a-la-farmacia-comunitaria-a-traves-de-farmaserveis\/","title":{"rendered":"Mangas Amunt para fomentar el registro asistencial de la tensi\u00f3n arterial en la farmacia comunitaria a trav\u00e9s de Farmaserveis"},"content":{"rendered":"<p>Con motivo del <strong>D\u00eda Mundial de la Hipertensi\u00f3n (17 de mayo),<\/strong> el <strong>Consell de Col\u00b7legis Farmac\u00e8utics de Catalunya (CCFC) <\/strong>ha impulsado la<strong> campa\u00f1a \u201cM\u00e0nigues amunt\u201d<\/strong>. Se trata de una iniciativa que <strong>anima a hacer visible lo invisible<\/strong>, es decir, en <strong>visibilizar el registro de la <a href=\"https:\/\/www.ccfc.cat\/pressio-arterial\/\" target=\"_blank\" rel=\"noreferrer noopener\">tensi\u00f3n arterial<\/a> <\/strong>en la plataforma <strong><a href=\"https:\/\/www.ccfc.cat\/farmaserveis\/\" target=\"_blank\" rel=\"noreferrer noopener\">Farmaserveis<\/a><\/strong> por parte de los farmac\u00e9uticos y farmac\u00e9uticas comunitarias de Catalu\u00f1a. <\/p>\n\n\n\n<figure class=\"wp-block-image size-large\"><a href=\"https:\/\/blog.cofb.cat\/wp-content\/uploads\/2024\/05\/COFB_MANIGUES-AMUNT_16052024_1.jpeg\" target=\"_blank\" rel=\"noopener\"><img decoding=\"async\" src=\"https:\/\/blog.cofb.cat\/wp-content\/uploads\/2024\/05\/COFB_MANIGUES-AMUNT_16052024_1-1024x576.jpeg\" alt=\"\" class=\"wp-image-69102\"\/><\/a><\/figure>\n\n\n\n<p>A trav\u00e9s de la campa\u00f1a se tira el <strong>reto 3\u00d73<\/strong> para fomentar que los <strong>profesionales del \u00e1mbito farmac\u00e9utico registren en Farmaserveis la tensi\u00f3n arterial <\/strong>a <strong>m\u00e1s de 3 pacientes distintos al d\u00eda <\/strong>durante <strong>3 semanas<\/strong>. Sin embargo, se <strong>visibiliza la gran labor diaria que se lleva a cabo desde la farmacia comunitaria<\/strong> y <strong>se anima a la ciudadan\u00eda a subir las mangas<\/strong> por <strong>realizar un seguimiento de la tensi\u00f3n arterial<\/strong>, fomentando la <strong>promoci\u00f3n de la salud <\/strong>de las personas.<\/p>\n\n\n\n<p>Impulsar <strong>medidas para la promoci\u00f3n de la salud desde la oficina de farmacia<\/strong> facilita el <strong>diagn\u00f3stico precoz<\/strong>, el<strong>adherencia a la medicaci\u00f3n<\/strong> y la <strong>introducci\u00f3n de cambios en el estilo de vida<\/strong>. Todas las <strong>personas mayores de cuarenta a\u00f1os<\/strong>, sanas y asintom\u00e1ticas, deber\u00edan mirarse con una periodicidad m\u00ednima de un a\u00f1o la presi\u00f3n arterial y conocer sus valores. Del mismo modo, es importante hacer un <strong>seguimiento a los pacientes<\/strong> que presentan <strong>hipertensi\u00f3n de grado I, II y III<\/strong>. <\/p>\n\n\n\n<div class=\"destacat-blog\">\n\n\n\n<h2 class=\"wp-block-heading\"><strong>\u00bfC\u00f3mo sumarse al \u201cReto 3\u00d73\u201d desde la farmacia comunitaria?<\/strong><\/h2>\n\n\n\n<p>Para participar en el <strong>\u201cReto 3\u00d73<\/strong>\u201d, que consiste en <strong>registrar en Farmaserveis m\u00e1s de 3 pacientes diferentes al d\u00eda durante 3 semanas<\/strong>, el CCFC propone <strong>tres acciones muy sencillas<\/strong>:<\/p>\n\n\n\n<ol class=\"wp-block-list\">\n<li><strong>Descargar el p\u00f3ster<\/strong> de la campa\u00f1a y <strong>colgarlo<\/strong> en la farmacia comunitaria.<\/li>\n\n\n\n<li><strong>Tomar la tensi\u00f3n<\/strong> y hacer lo posterior <strong>registro de la medida en Farmaserveis<\/strong>.<\/li>\n\n\n\n<li><strong>Ofrecer el servicio de hipertensi\u00f3n arterial (HTA)<\/strong> al usuario.<\/li>\n<\/ol>\n\n\n\n<p>Durante las <strong>tres semanas que estar\u00e1 activa la campa\u00f1a \u201cManges Amunt\u201d<\/strong>, del <strong>17 de mayo<\/strong> en el <strong>7 de junio<\/strong>, se ha habilitado un <strong>marcador <\/strong>en el que se recoge el n\u00famero total de registros realizados en las farmacias participantes en el marco de la campa\u00f1a.<\/p>\n\n\n\n<p>Por <strong>sumarse al \u201cReto 3\u00d73<\/strong>\u201d es necesario haber realizado la <strong>formaci\u00f3n \u201c<a href=\"https:\/\/www.agorasanitaria.com\/ca\/curs\/abordatge-de-la-hipertensio-arterial-en-la-farmacia-comunitaria-43-edicio\/\">Abordaje de la hipertensi\u00f3n arterial en la farmacia comunitaria<\/a>\u201d<\/strong>, que organiza la plataforma de formaci\u00f3n online, <strong>\u00c1gora Sanitaria<\/strong>.<\/p>\n\n\n\n<\/div>\n\n\n\n<p>La vocal de Oficina de Farmacia del COFB, <strong>Merc\u00e8 Barau<\/strong>, explica todos los <strong>detalles de la campa\u00f1a \u201cManges Amunt\u201d<\/strong> a trav\u00e9s de lo siguiente <strong><a href=\"https:\/\/vimeo.com\/944834875\/5150aea4aa\" target=\"_blank\" rel=\"noreferrer noopener\">v\u00eddeo explicativo<\/a> <\/strong>y <strong>anima a los farmac\u00e9uticos\/cas a participar.<\/strong><\/p>\n\n\n\n<figure class=\"wp-block-embed is-type-video is-provider-vimeo wp-block-embed-vimeo wp-embed-aspect-16-9 wp-has-aspect-ratio\"><div class=\"wp-block-embed__wrapper\">\n<div class=\"ast-oembed-container\" style=\"height: 100%;\"><iframe src=\"https:\/\/player.vimeo.com\/video\/944834875?dnt=1&amp;app_id=122963\" width=\"500\" height=\"281\" frameborder=\"0\" allow=\"autoplay; fullscreen; picture-in-picture; clipboard-write\"><\/iframe><\/div>\n<\/div><\/figure>\n\n\n\n<h2 class=\"wp-block-heading\"><strong>Lo que no se registra, no existe<\/strong><\/h2>\n\n\n\n<p>La plataforma gratuita de registro asistencial, <strong>Farmaserveis<\/strong>, <strong>permite a los farmac\u00e9uticos y farmac\u00e9uticas comunitarias ofrecer una actuaci\u00f3n asistencial profesional y de calidad<\/strong>. Mediante esta plataforma, las farmacias recogen las <strong>datos de la salud de la poblaci\u00f3n<\/strong>, como el registro de HTA, y los hacen <strong>seguimiento<\/strong>.<\/p>\n\n\n\n<p>\u00c9stas <strong>medidas preventivas y de control <\/strong>son de gran importancia, ya que se ha demostrado que la <strong>detecci\u00f3n precoz de la hipertensi\u00f3n<\/strong>, junto con el tratamiento adecuado, reducen sustancialmente la probabilidad de sufrir un infarto de miocardio, un accidente vascular cerebral o una enfermedad renal.<\/p>\n\n\n\n<p><strong>Otras publicaciones de inter\u00e9s:<\/strong><\/p>\n\n\n\n<ul class=\"wp-block-list\">\n<li><a href=\"https:\/\/blog.cofb.cat\/blog\/2023\/07\/19\/farmaserveis-incorpora-un-nou-servei-de-consell-professional-en-lactancia-materna-alletafarma\/\" target=\"_blank\" rel=\"noreferrer noopener\">Farmaserveis incorpora un nuevo servicio de consejo profesional en lactancia materna: Alletafarma (Julio 2023)<\/a><\/li>\n\n\n\n<li><a href=\"https:\/\/blog.cofb.cat\/blog\/2022\/04\/26\/farmaserveis-continua-creixent-nous-moduls-en-marxa\/\" target=\"_blank\" rel=\"noreferrer noopener\">Farmaservicios sigue creciendo. \u00a1Nuevos m\u00f3dulos en marcha! (Abril 2022)<\/a><\/li>\n\n\n\n<li><a href=\"https:\/\/blog.cofb.cat\/presenta-farmaserveis-plataforma-registre-assistencial-laplicacio-mobil-que-impulsaran-digitalitzacio-farmacies-relacio-pacient\/\" target=\"_blank\" rel=\"noreferrer noopener\">Se presenta Farmaserveis, la plataforma de registro asistencial y la aplicaci\u00f3n m\u00f3vil que impulsar\u00e1n la digitalizaci\u00f3n de las farmacias y la relaci\u00f3n con el paciente (Junio 2021)<\/a><\/li>\n<\/ul>","protected":false},"excerpt":{"rendered":"<p>Con motivo del D\u00eda Mundial de la Hipertensi\u00f3n (17 de mayo), el Consejo de Colegios Farmac\u00e9uticos de Catalu\u00f1a (CCFC) ha impulsado la campa\u00f1a &quot;Manges Amunt&quot;. Se trata de una iniciativa que anima a hacer visible lo invisible, es decir, a visibilizar el registro de la tensi\u00f3n arterial en la plataforma Farmaserveis [\u2026]<\/p>","protected":false},"author":1,"featured_media":78277,"comment_status":"open","ping_status":"open","sticky":false,"template":"","format":"standard","meta":{"_uag_custom_page_level_css":"","site-sidebar-layout":"default","site-content-layout":"","ast-site-content-layout":"default","site-content-style":"default","site-sidebar-style":"default","ast-global-header-display":"","ast-banner-title-visibility":"","ast-main-header-display":"","ast-hfb-above-header-display":"","ast-hfb-below-header-display":"","ast-hfb-mobile-header-display":"","site-post-title":"","ast-breadcrumbs-content":"","ast-featured-img":"disabled","footer-sml-layout":"","theme-transparent-header-meta":"","adv-header-id-meta":"","stick-header-meta":"","header-above-stick-meta":"","header-main-stick-meta":"","header-below-stick-meta":"","astra-migrate-meta-layouts":"set","ast-page-background-enabled":"default","ast-page-background-meta":{"desktop":{"background-color":"var(--ast-global-color-4)","background-image":"","background-repeat":"repeat","background-position":"center center","background-size":"auto","background-attachment":"scroll","background-type":"","background-media":"","overlay-type":"","overlay-color":"","overlay-opacity":"","overlay-gradient":""},"tablet":{"background-color":"","background-image":"","background-repeat":"repeat","background-position":"center center","background-size":"auto","background-attachment":"scroll","background-type":"","background-media":"","overlay-type":"","overlay-color":"","overlay-opacity":"","overlay-gradient":""},"mobile":{"background-color":"","background-image":"","background-repeat":"repeat","background-position":"center center","background-size":"auto","background-attachment":"scroll","background-type":"","background-media":"","overlay-type":"","overlay-color":"","overlay-opacity":"","overlay-gradient":""}},"ast-content-background-meta":{"desktop":{"background-color":"var(--ast-global-color-5)","background-image":"","background-repeat":"repeat","background-position":"center center","background-size":"auto","background-attachment":"scroll","background-type":"","background-media":"","overlay-type":"","overlay-color":"","overlay-opacity":"","overlay-gradient":""},"tablet":{"background-color":"var(--ast-global-color-5)","background-image":"","background-repeat":"repeat","background-position":"center center","background-size":"auto","background-attachment":"scroll","background-type":"","background-media":"","overlay-type":"","overlay-color":"","overlay-opacity":"","overlay-gradient":""},"mobile":{"background-color":"var(--ast-global-color-5)","background-image":"","background-repeat":"repeat","background-position":"center center","background-size":"auto","background-attachment":"scroll","background-type":"","background-media":"","overlay-type":"","overlay-color":"","overlay-opacity":"","overlay-gradient":""}},"footnotes":""},"categories":[23,57],"tags":[64,5019,308,18,19,163,5020,53,68,69,132,5021,3718,313,5022,3719,5023,76,5024,2305,5025,5026,5027],"class_list":["post-78249","post","type-post","status-publish","format-standard","has-post-thumbnail","hentry","category-destacats","category-mon-collegial","tag-atencio-farmaceutica","tag-campanya-manigues-amunt","tag-ccfc","tag-cofb","tag-collegi-de-farmaceutics-de-barcelona","tag-consell-de-collegis-farmaceutics-de-catalunya","tag-consell-de-collegis-farmaceutics-de-catalunya-ccfc","tag-farmaceutics","tag-farmacia","tag-farmacia-comunitaria","tag-farmaserveis","tag-fem-visible-linvisible","tag-hipertensio","tag-hipertensio-arterial","tag-hipertensio-arterial-hta","tag-hta","tag-manigues-amunt","tag-oficina-de-farmacia","tag-plataforma-de-registre-assistencial","tag-pressio-arterial","tag-registre-de-la-tensio-arterial","tag-repte-3x3","tag-tensio-arterial"],"yoast_head":"<!-- This site is optimized with the Yoast SEO plugin v22.4 - https:\/\/yoast.com\/wordpress\/plugins\/seo\/ -->\n<title>\u201cM\u00e0nigues Amunt\u201d per fomentar el registre assistencial de la tensi\u00f3 arterial a la farm\u00e0cia comunit\u00e0ria a trav\u00e9s de Farmaserveis - Col\u00b7legi de Farmac\u00e8utics de Barcelona<\/title>\n<meta name=\"description\" content=\"Amb motiu del Dia Mundial de la Hipertensi\u00f3 (17 de maig), el Consell de Col\u00b7legis Farmac\u00e8utics de Catalunya (CCFC) ha impulsat la campanya \u201cM\u00e0nigues Amunt\u201d.\" \/>\n<meta name=\"robots\" content=\"index, follow, max-snippet:-1, max-image-preview:large, max-video-preview:-1\" \/>\n<link rel=\"canonical\" href=\"https:\/\/www.cofb.org\/es\/2024\/05\/17\/manigues-amunt-per-fomentar-el-registre-assistencial-de-la-tensio-arterial-a-la-farmacia-comunitaria-a-traves-de-farmaserveis\/\" \/>\n<meta property=\"og:locale\" content=\"es_ES\" \/>\n<meta property=\"og:type\" content=\"article\" \/>\n<meta property=\"og:title\" content=\"\u201cM\u00e0nigues Amunt\u201d per fomentar el registre assistencial de la tensi\u00f3 arterial a la farm\u00e0cia comunit\u00e0ria a trav\u00e9s de Farmaserveis - Col\u00b7legi de Farmac\u00e8utics de Barcelona\" \/>\n<meta property=\"og:description\" content=\"Amb motiu del Dia Mundial de la Hipertensi\u00f3 (17 de maig), el Consell de Col\u00b7legis Farmac\u00e8utics de Catalunya (CCFC) ha impulsat la campanya \u201cM\u00e0nigues Amunt\u201d.\" \/>\n<meta property=\"og:url\" content=\"https:\/\/www.cofb.org\/es\/2024\/05\/17\/manigues-amunt-per-fomentar-el-registre-assistencial-de-la-tensio-arterial-a-la-farmacia-comunitaria-a-traves-de-farmaserveis\/\" \/>\n<meta property=\"og:site_name\" content=\"Col\u00b7legi de Farmac\u00e8utics de Barcelona\" \/>\n<meta property=\"article:publisher\" content=\"https:\/\/www.facebook.com\/farmaceuticsbcn\/\" \/>\n<meta property=\"article:published_time\" content=\"2024-05-17T07:48:25+00:00\" \/>\n<meta property=\"article:modified_time\" content=\"2024-07-09T15:46:28+00:00\" \/>\n<meta property=\"og:image\" content=\"https:\/\/www.cofb.org\/wp-content\/uploads\/2024\/05\/COFB_MANIGUES-AMUNT_16052024_1-1024x576-1.jpeg\" \/>\n\t<meta property=\"og:image:width\" content=\"1024\" \/>\n\t<meta property=\"og:image:height\" content=\"576\" \/>\n\t<meta property=\"og:image:type\" content=\"image\/jpeg\" \/>\n<meta name=\"author\" content=\"wpAdminCofbOrg\" \/>\n<meta name=\"twitter:card\" content=\"summary_large_image\" \/>\n<meta name=\"twitter:creator\" content=\"@farmaceuticsbcn\" \/>\n<meta name=\"twitter:site\" content=\"@farmaceuticsbcn\" \/>\n<meta name=\"twitter:label1\" content=\"Escrito por\" \/>\n\t<meta name=\"twitter:data1\" content=\"wpAdminCofbOrg\" \/>\n\t<meta name=\"twitter:label2\" content=\"Tiempo de lectura\" \/>\n\t<meta name=\"twitter:data2\" content=\"4 minutos\" \/>\n<script type=\"application\/ld+json\" class=\"yoast-schema-graph\">{\"@context\":\"https:\/\/schema.org\",\"@graph\":[{\"@type\":\"Article\",\"@id\":\"https:\/\/www.cofb.org\/2024\/05\/17\/manigues-amunt-per-fomentar-el-registre-assistencial-de-la-tensio-arterial-a-la-farmacia-comunitaria-a-traves-de-farmaserveis\/#article\",\"isPartOf\":{\"@id\":\"https:\/\/www.cofb.org\/2024\/05\/17\/manigues-amunt-per-fomentar-el-registre-assistencial-de-la-tensio-arterial-a-la-farmacia-comunitaria-a-traves-de-farmaserveis\/\"},\"author\":{\"name\":\"wpAdminCofbOrg\",\"@id\":\"https:\/\/www.cofb.org\/#\/schema\/person\/22ed7eea88da74b0fa4d3154ad87ffcb\"},\"headline\":\"\u201cM\u00e0nigues Amunt\u201d per fomentar el registre assistencial de la tensi\u00f3 arterial a la farm\u00e0cia comunit\u00e0ria a trav\u00e9s de Farmaserveis\",\"datePublished\":\"2024-05-17T07:48:25+00:00\",\"dateModified\":\"2024-07-09T15:46:28+00:00\",\"mainEntityOfPage\":{\"@id\":\"https:\/\/www.cofb.org\/2024\/05\/17\/manigues-amunt-per-fomentar-el-registre-assistencial-de-la-tensio-arterial-a-la-farmacia-comunitaria-a-traves-de-farmaserveis\/\"},\"wordCount\":623,\"commentCount\":0,\"publisher\":{\"@id\":\"https:\/\/www.cofb.org\/#organization\"},\"image\":{\"@id\":\"https:\/\/www.cofb.org\/2024\/05\/17\/manigues-amunt-per-fomentar-el-registre-assistencial-de-la-tensio-arterial-a-la-farmacia-comunitaria-a-traves-de-farmaserveis\/#primaryimage\"},\"thumbnailUrl\":\"https:\/\/www.cofb.org\/wp-content\/uploads\/2024\/05\/COFB_MANIGUES-AMUNT_16052024_1-1024x576-1.jpeg\",\"keywords\":[\"Atenci\u00f3 farmac\u00e8utica\",\"Campanya M\u00e0nigues Amunt\",\"CCFC\",\"COFB\",\"Col\u00b7legi de Farmac\u00e8utics de Barcelona\",\"Consell de Col\u00b7legis Farmac\u00e8utics de Catalunya\",\"Consell de Col\u00b7legis Farmac\u00e8utics de Catalunya (CCFC)\",\"farmac\u00e8utics\",\"Farm\u00e0cia\",\"farm\u00e0cia comunit\u00e0ria\",\"Farmaserveis\",\"Fem visible l&#039;invisible\",\"Hipertensi\u00f3\",\"hipertensi\u00f3 arterial\",\"hipertensi\u00f3 arterial (HTA)\",\"HTA\",\"M\u00e0nigues Amunt\",\"Oficina de farm\u00e0cia\",\"Plataforma de registre assistencial\",\"pressi\u00f3 arterial\",\"registre de la tensi\u00f3 arterial\",\"Repte 3x3\",\"Tensi\u00f3 arterial\"],\"articleSection\":[\"Destacats\",\"M\u00f3n col\u00b7legial\"],\"inLanguage\":\"es\",\"potentialAction\":[{\"@type\":\"CommentAction\",\"name\":\"Comment\",\"target\":[\"https:\/\/www.cofb.org\/2024\/05\/17\/manigues-amunt-per-fomentar-el-registre-assistencial-de-la-tensio-arterial-a-la-farmacia-comunitaria-a-traves-de-farmaserveis\/#respond\"]}]},{\"@type\":\"WebPage\",\"@id\":\"https:\/\/www.cofb.org\/2024\/05\/17\/manigues-amunt-per-fomentar-el-registre-assistencial-de-la-tensio-arterial-a-la-farmacia-comunitaria-a-traves-de-farmaserveis\/\",\"url\":\"https:\/\/www.cofb.org\/2024\/05\/17\/manigues-amunt-per-fomentar-el-registre-assistencial-de-la-tensio-arterial-a-la-farmacia-comunitaria-a-traves-de-farmaserveis\/\",\"name\":\"\u201cM\u00e0nigues Amunt\u201d per fomentar el registre assistencial de la tensi\u00f3 arterial a la farm\u00e0cia comunit\u00e0ria a trav\u00e9s de Farmaserveis - Col\u00b7legi de Farmac\u00e8utics de Barcelona\",\"isPartOf\":{\"@id\":\"https:\/\/www.cofb.org\/#website\"},\"primaryImageOfPage\":{\"@id\":\"https:\/\/www.cofb.org\/2024\/05\/17\/manigues-amunt-per-fomentar-el-registre-assistencial-de-la-tensio-arterial-a-la-farmacia-comunitaria-a-traves-de-farmaserveis\/#primaryimage\"},\"image\":{\"@id\":\"https:\/\/www.cofb.org\/2024\/05\/17\/manigues-amunt-per-fomentar-el-registre-assistencial-de-la-tensio-arterial-a-la-farmacia-comunitaria-a-traves-de-farmaserveis\/#primaryimage\"},\"thumbnailUrl\":\"https:\/\/www.cofb.org\/wp-content\/uploads\/2024\/05\/COFB_MANIGUES-AMUNT_16052024_1-1024x576-1.jpeg\",\"datePublished\":\"2024-05-17T07:48:25+00:00\",\"dateModified\":\"2024-07-09T15:46:28+00:00\",\"description\":\"Amb motiu del Dia Mundial de la Hipertensi\u00f3 (17 de maig), el Consell de Col\u00b7legis Farmac\u00e8utics de Catalunya (CCFC) ha impulsat la campanya \u201cM\u00e0nigues Amunt\u201d.\",\"breadcrumb\":{\"@id\":\"https:\/\/www.cofb.org\/2024\/05\/17\/manigues-amunt-per-fomentar-el-registre-assistencial-de-la-tensio-arterial-a-la-farmacia-comunitaria-a-traves-de-farmaserveis\/#breadcrumb\"},\"inLanguage\":\"es\",\"potentialAction\":[{\"@type\":\"ReadAction\",\"target\":[\"https:\/\/www.cofb.org\/2024\/05\/17\/manigues-amunt-per-fomentar-el-registre-assistencial-de-la-tensio-arterial-a-la-farmacia-comunitaria-a-traves-de-farmaserveis\/\"]}]},{\"@type\":\"ImageObject\",\"inLanguage\":\"es\",\"@id\":\"https:\/\/www.cofb.org\/2024\/05\/17\/manigues-amunt-per-fomentar-el-registre-assistencial-de-la-tensio-arterial-a-la-farmacia-comunitaria-a-traves-de-farmaserveis\/#primaryimage\",\"url\":\"https:\/\/www.cofb.org\/wp-content\/uploads\/2024\/05\/COFB_MANIGUES-AMUNT_16052024_1-1024x576-1.jpeg\",\"contentUrl\":\"https:\/\/www.cofb.org\/wp-content\/uploads\/2024\/05\/COFB_MANIGUES-AMUNT_16052024_1-1024x576-1.jpeg\",\"width\":1024,\"height\":576},{\"@type\":\"BreadcrumbList\",\"@id\":\"https:\/\/www.cofb.org\/2024\/05\/17\/manigues-amunt-per-fomentar-el-registre-assistencial-de-la-tensio-arterial-a-la-farmacia-comunitaria-a-traves-de-farmaserveis\/#breadcrumb\",\"itemListElement\":[{\"@type\":\"ListItem\",\"position\":1,\"name\":\"Inici\",\"item\":\"https:\/\/novaorg.cofb.net\/\"},{\"@type\":\"ListItem\",\"position\":2,\"name\":\"\u201cM\u00e0nigues Amunt\u201d per fomentar el registre assistencial de la tensi\u00f3 arterial a la farm\u00e0cia comunit\u00e0ria a trav\u00e9s de Farmaserveis\"}]},{\"@type\":\"WebSite\",\"@id\":\"https:\/\/www.cofb.org\/#website\",\"url\":\"https:\/\/www.cofb.org\/\",\"name\":\"Col\u00b7legi de Farmac\u00e8utics de Barcelona\",\"description\":\"\",\"publisher\":{\"@id\":\"https:\/\/www.cofb.org\/#organization\"},\"potentialAction\":[{\"@type\":\"SearchAction\",\"target\":{\"@type\":\"EntryPoint\",\"urlTemplate\":\"https:\/\/www.cofb.org\/?s={search_term_string}\"},\"query-input\":\"required name=search_term_string\"}],\"inLanguage\":\"es\"},{\"@type\":\"Organization\",\"@id\":\"https:\/\/www.cofb.org\/#organization\",\"name\":\"Col\u00b7legi de Farmac\u00e8utics de Barcelona\",\"url\":\"https:\/\/www.cofb.org\/\",\"logo\":{\"@type\":\"ImageObject\",\"inLanguage\":\"es\",\"@id\":\"https:\/\/www.cofb.org\/#\/schema\/logo\/image\/\",\"url\":\"https:\/\/www.cofb.org\/wp-content\/uploads\/2023\/11\/cropped-Logotip-COFB.png\",\"contentUrl\":\"https:\/\/www.cofb.org\/wp-content\/uploads\/2023\/11\/cropped-Logotip-COFB.png\",\"width\":500,\"height\":105,\"caption\":\"Col\u00b7legi de Farmac\u00e8utics de Barcelona\"},\"image\":{\"@id\":\"https:\/\/www.cofb.org\/#\/schema\/logo\/image\/\"},\"sameAs\":[\"https:\/\/www.facebook.com\/farmaceuticsbcn\/\",\"https:\/\/twitter.com\/farmaceuticsbcn\",\"https:\/\/www.instagram.com\/farmaceuticsbcn\/\",\"https:\/\/www.linkedin.com\/company\/farmaceuticsbcn\/\"]},{\"@type\":\"Person\",\"@id\":\"https:\/\/www.cofb.org\/#\/schema\/person\/22ed7eea88da74b0fa4d3154ad87ffcb\",\"name\":\"wpAdminCofbOrg\",\"image\":{\"@type\":\"ImageObject\",\"inLanguage\":\"es\",\"@id\":\"https:\/\/www.cofb.org\/#\/schema\/person\/image\/\",\"url\":\"https:\/\/secure.gravatar.com\/avatar\/1721b20b3b8ca882c3b56ec6c978c594fff670e40c0718e9190eaeeb76aae7d8?s=96&d=mm&r=g\",\"contentUrl\":\"https:\/\/secure.gravatar.com\/avatar\/1721b20b3b8ca882c3b56ec6c978c594fff670e40c0718e9190eaeeb76aae7d8?s=96&d=mm&r=g\",\"caption\":\"wpAdminCofbOrg\"},\"sameAs\":[\"http:\/\/192.168.64.122\/wordpress\"],\"url\":\"https:\/\/www.cofb.org\/es\/author\/wpadmincofborg\/\"}]}<\/script>\n<!-- \/ Yoast SEO plugin. -->","yoast_head_json":{"title":"\u201cM\u00e0nigues Amunt\u201d per fomentar el registre assistencial de la tensi\u00f3 arterial a la farm\u00e0cia comunit\u00e0ria a trav\u00e9s de Farmaserveis - Col\u00b7legi de Farmac\u00e8utics de Barcelona","description":"Amb motiu del Dia Mundial de la Hipertensi\u00f3 (17 de maig), el Consell de Col\u00b7legis Farmac\u00e8utics de Catalunya (CCFC) ha impulsat la campanya \u201cM\u00e0nigues Amunt\u201d.","robots":{"index":"index","follow":"follow","max-snippet":"max-snippet:-1","max-image-preview":"max-image-preview:large","max-video-preview":"max-video-preview:-1"},"canonical":"https:\/\/www.cofb.org\/es\/2024\/05\/17\/manigues-amunt-per-fomentar-el-registre-assistencial-de-la-tensio-arterial-a-la-farmacia-comunitaria-a-traves-de-farmaserveis\/","og_locale":"es_ES","og_type":"article","og_title":"\u201cM\u00e0nigues Amunt\u201d per fomentar el registre assistencial de la tensi\u00f3 arterial a la farm\u00e0cia comunit\u00e0ria a trav\u00e9s de Farmaserveis - Col\u00b7legi de Farmac\u00e8utics de Barcelona","og_description":"Amb motiu del Dia Mundial de la Hipertensi\u00f3 (17 de maig), el Consell de Col\u00b7legis Farmac\u00e8utics de Catalunya (CCFC) ha impulsat la campanya \u201cM\u00e0nigues Amunt\u201d.","og_url":"https:\/\/www.cofb.org\/es\/2024\/05\/17\/manigues-amunt-per-fomentar-el-registre-assistencial-de-la-tensio-arterial-a-la-farmacia-comunitaria-a-traves-de-farmaserveis\/","og_site_name":"Col\u00b7legi de Farmac\u00e8utics de Barcelona","article_publisher":"https:\/\/www.facebook.com\/farmaceuticsbcn\/","article_published_time":"2024-05-17T07:48:25+00:00","article_modified_time":"2024-07-09T15:46:28+00:00","og_image":[{"width":1024,"height":576,"url":"https:\/\/www.cofb.org\/wp-content\/uploads\/2024\/05\/COFB_MANIGUES-AMUNT_16052024_1-1024x576-1.jpeg","type":"image\/jpeg"}],"author":"wpAdminCofbOrg","twitter_card":"summary_large_image","twitter_creator":"@farmaceuticsbcn","twitter_site":"@farmaceuticsbcn","twitter_misc":{"Escrito por":"wpAdminCofbOrg","Tiempo de lectura":"4 minutos"},"schema":{"@context":"https:\/\/schema.org","@graph":[{"@type":"Article","@id":"https:\/\/www.cofb.org\/2024\/05\/17\/manigues-amunt-per-fomentar-el-registre-assistencial-de-la-tensio-arterial-a-la-farmacia-comunitaria-a-traves-de-farmaserveis\/#article","isPartOf":{"@id":"https:\/\/www.cofb.org\/2024\/05\/17\/manigues-amunt-per-fomentar-el-registre-assistencial-de-la-tensio-arterial-a-la-farmacia-comunitaria-a-traves-de-farmaserveis\/"},"author":{"name":"wpAdminCofbOrg","@id":"https:\/\/www.cofb.org\/#\/schema\/person\/22ed7eea88da74b0fa4d3154ad87ffcb"},"headline":"\u201cM\u00e0nigues Amunt\u201d per fomentar el registre assistencial de la tensi\u00f3 arterial a la farm\u00e0cia comunit\u00e0ria a trav\u00e9s de Farmaserveis","datePublished":"2024-05-17T07:48:25+00:00","dateModified":"2024-07-09T15:46:28+00:00","mainEntityOfPage":{"@id":"https:\/\/www.cofb.org\/2024\/05\/17\/manigues-amunt-per-fomentar-el-registre-assistencial-de-la-tensio-arterial-a-la-farmacia-comunitaria-a-traves-de-farmaserveis\/"},"wordCount":623,"commentCount":0,"publisher":{"@id":"https:\/\/www.cofb.org\/#organization"},"image":{"@id":"https:\/\/www.cofb.org\/2024\/05\/17\/manigues-amunt-per-fomentar-el-registre-assistencial-de-la-tensio-arterial-a-la-farmacia-comunitaria-a-traves-de-farmaserveis\/#primaryimage"},"thumbnailUrl":"https:\/\/www.cofb.org\/wp-content\/uploads\/2024\/05\/COFB_MANIGUES-AMUNT_16052024_1-1024x576-1.jpeg","keywords":["Atenci\u00f3 farmac\u00e8utica","Campanya M\u00e0nigues Amunt","CCFC","COFB","Col\u00b7legi de Farmac\u00e8utics de Barcelona","Consell de Col\u00b7legis Farmac\u00e8utics de Catalunya","Consell de Col\u00b7legis Farmac\u00e8utics de Catalunya (CCFC)","farmac\u00e8utics","Farm\u00e0cia","farm\u00e0cia comunit\u00e0ria","Farmaserveis","Fem visible l&#039;invisible","Hipertensi\u00f3","hipertensi\u00f3 arterial","hipertensi\u00f3 arterial (HTA)","HTA","M\u00e0nigues Amunt","Oficina de farm\u00e0cia","Plataforma de registre assistencial","pressi\u00f3 arterial","registre de la tensi\u00f3 arterial","Repte 3x3","Tensi\u00f3 arterial"],"articleSection":["Destacats","M\u00f3n col\u00b7legial"],"inLanguage":"es","potentialAction":[{"@type":"CommentAction","name":"Comment","target":["https:\/\/www.cofb.org\/2024\/05\/17\/manigues-amunt-per-fomentar-el-registre-assistencial-de-la-tensio-arterial-a-la-farmacia-comunitaria-a-traves-de-farmaserveis\/#respond"]}]},{"@type":"WebPage","@id":"https:\/\/www.cofb.org\/2024\/05\/17\/manigues-amunt-per-fomentar-el-registre-assistencial-de-la-tensio-arterial-a-la-farmacia-comunitaria-a-traves-de-farmaserveis\/","url":"https:\/\/www.cofb.org\/2024\/05\/17\/manigues-amunt-per-fomentar-el-registre-assistencial-de-la-tensio-arterial-a-la-farmacia-comunitaria-a-traves-de-farmaserveis\/","name":"\u201cM\u00e0nigues Amunt\u201d per fomentar el registre assistencial de la tensi\u00f3 arterial a la farm\u00e0cia comunit\u00e0ria a trav\u00e9s de Farmaserveis - Col\u00b7legi de Farmac\u00e8utics de Barcelona","isPartOf":{"@id":"https:\/\/www.cofb.org\/#website"},"primaryImageOfPage":{"@id":"https:\/\/www.cofb.org\/2024\/05\/17\/manigues-amunt-per-fomentar-el-registre-assistencial-de-la-tensio-arterial-a-la-farmacia-comunitaria-a-traves-de-farmaserveis\/#primaryimage"},"image":{"@id":"https:\/\/www.cofb.org\/2024\/05\/17\/manigues-amunt-per-fomentar-el-registre-assistencial-de-la-tensio-arterial-a-la-farmacia-comunitaria-a-traves-de-farmaserveis\/#primaryimage"},"thumbnailUrl":"https:\/\/www.cofb.org\/wp-content\/uploads\/2024\/05\/COFB_MANIGUES-AMUNT_16052024_1-1024x576-1.jpeg","datePublished":"2024-05-17T07:48:25+00:00","dateModified":"2024-07-09T15:46:28+00:00","description":"Amb motiu del Dia Mundial de la Hipertensi\u00f3 (17 de maig), el Consell de Col\u00b7legis Farmac\u00e8utics de Catalunya (CCFC) ha impulsat la campanya \u201cM\u00e0nigues Amunt\u201d.","breadcrumb":{"@id":"https:\/\/www.cofb.org\/2024\/05\/17\/manigues-amunt-per-fomentar-el-registre-assistencial-de-la-tensio-arterial-a-la-farmacia-comunitaria-a-traves-de-farmaserveis\/#breadcrumb"},"inLanguage":"es","potentialAction":[{"@type":"ReadAction","target":["https:\/\/www.cofb.org\/2024\/05\/17\/manigues-amunt-per-fomentar-el-registre-assistencial-de-la-tensio-arterial-a-la-farmacia-comunitaria-a-traves-de-farmaserveis\/"]}]},{"@type":"ImageObject","inLanguage":"es","@id":"https:\/\/www.cofb.org\/2024\/05\/17\/manigues-amunt-per-fomentar-el-registre-assistencial-de-la-tensio-arterial-a-la-farmacia-comunitaria-a-traves-de-farmaserveis\/#primaryimage","url":"https:\/\/www.cofb.org\/wp-content\/uploads\/2024\/05\/COFB_MANIGUES-AMUNT_16052024_1-1024x576-1.jpeg","contentUrl":"https:\/\/www.cofb.org\/wp-content\/uploads\/2024\/05\/COFB_MANIGUES-AMUNT_16052024_1-1024x576-1.jpeg","width":1024,"height":576},{"@type":"BreadcrumbList","@id":"https:\/\/www.cofb.org\/2024\/05\/17\/manigues-amunt-per-fomentar-el-registre-assistencial-de-la-tensio-arterial-a-la-farmacia-comunitaria-a-traves-de-farmaserveis\/#breadcrumb","itemListElement":[{"@type":"ListItem","position":1,"name":"Inici","item":"https:\/\/novaorg.cofb.net\/"},{"@type":"ListItem","position":2,"name":"\u201cM\u00e0nigues Amunt\u201d per fomentar el registre assistencial de la tensi\u00f3 arterial a la farm\u00e0cia comunit\u00e0ria a trav\u00e9s de Farmaserveis"}]},{"@type":"WebSite","@id":"https:\/\/www.cofb.org\/#website","url":"https:\/\/www.cofb.org\/","name":"Col\u00b7legi de Farmac\u00e8utics de Barcelona","description":"","publisher":{"@id":"https:\/\/www.cofb.org\/#organization"},"potentialAction":[{"@type":"SearchAction","target":{"@type":"EntryPoint","urlTemplate":"https:\/\/www.cofb.org\/?s={search_term_string}"},"query-input":"required name=search_term_string"}],"inLanguage":"es"},{"@type":"Organization","@id":"https:\/\/www.cofb.org\/#organization","name":"Col\u00b7legi de Farmac\u00e8utics de Barcelona","url":"https:\/\/www.cofb.org\/","logo":{"@type":"ImageObject","inLanguage":"es","@id":"https:\/\/www.cofb.org\/#\/schema\/logo\/image\/","url":"https:\/\/www.cofb.org\/wp-content\/uploads\/2023\/11\/cropped-Logotip-COFB.png","contentUrl":"https:\/\/www.cofb.org\/wp-content\/uploads\/2023\/11\/cropped-Logotip-COFB.png","width":500,"height":105,"caption":"Col\u00b7legi de Farmac\u00e8utics de Barcelona"},"image":{"@id":"https:\/\/www.cofb.org\/#\/schema\/logo\/image\/"},"sameAs":["https:\/\/www.facebook.com\/farmaceuticsbcn\/","https:\/\/twitter.com\/farmaceuticsbcn","https:\/\/www.instagram.com\/farmaceuticsbcn\/","https:\/\/www.linkedin.com\/company\/farmaceuticsbcn\/"]},{"@type":"Person","@id":"https:\/\/www.cofb.org\/#\/schema\/person\/22ed7eea88da74b0fa4d3154ad87ffcb","name":"wpAdminCofbOrg","image":{"@type":"ImageObject","inLanguage":"es","@id":"https:\/\/www.cofb.org\/#\/schema\/person\/image\/","url":"https:\/\/secure.gravatar.com\/avatar\/1721b20b3b8ca882c3b56ec6c978c594fff670e40c0718e9190eaeeb76aae7d8?s=96&d=mm&r=g","contentUrl":"https:\/\/secure.gravatar.com\/avatar\/1721b20b3b8ca882c3b56ec6c978c594fff670e40c0718e9190eaeeb76aae7d8?s=96&d=mm&r=g","caption":"wpAdminCofbOrg"},"sameAs":["http:\/\/192.168.64.122\/wordpress"],"url":"https:\/\/www.cofb.org\/es\/author\/wpadmincofborg\/"}]}},"uagb_featured_image_src":{"full":["https:\/\/www.cofb.org\/wp-content\/uploads\/2024\/05\/COFB_MANIGUES-AMUNT_16052024_1-1024x576-1.jpeg",1024,576,false],"thumbnail":["https:\/\/www.cofb.org\/wp-content\/uploads\/2024\/05\/COFB_MANIGUES-AMUNT_16052024_1-1024x576-1-150x150.jpeg",150,150,true],"medium":["https:\/\/www.cofb.org\/wp-content\/uploads\/2024\/05\/COFB_MANIGUES-AMUNT_16052024_1-1024x576-1-300x169.jpeg",300,169,true],"medium_large":["https:\/\/www.cofb.org\/wp-content\/uploads\/2024\/05\/COFB_MANIGUES-AMUNT_16052024_1-1024x576-1-768x432.jpeg",768,432,true],"large":["https:\/\/www.cofb.org\/wp-content\/uploads\/2024\/05\/COFB_MANIGUES-AMUNT_16052024_1-1024x576-1.jpeg",1024,576,false],"1536x1536":["https:\/\/www.cofb.org\/wp-content\/uploads\/2024\/05\/COFB_MANIGUES-AMUNT_16052024_1-1024x576-1.jpeg",1024,576,false],"2048x2048":["https:\/\/www.cofb.org\/wp-content\/uploads\/2024\/05\/COFB_MANIGUES-AMUNT_16052024_1-1024x576-1.jpeg",1024,576,false],"trp-custom-language-flag":["https:\/\/www.cofb.org\/wp-content\/uploads\/2024\/05\/COFB_MANIGUES-AMUNT_16052024_1-1024x576-1-18x10.jpeg",18,10,true]},"uagb_author_info":{"display_name":"wpAdminCofbOrg","author_link":"https:\/\/www.cofb.org\/es\/author\/wpadmincofborg\/"},"uagb_comment_info":0,"uagb_excerpt":"Amb motiu del Dia Mundial de la Hipertensi\u00f3 (17 de maig), el Consell de Col\u00b7legis Farmac\u00e8utics de Catalunya (CCFC) ha impulsat la campanya \u201cM\u00e0nigues Amunt\u201d. Es tracta d&#8217;una iniciativa que anima a fer visible l\u2019invisible, \u00e9s a dir, a visibilitzar el registre de la tensi\u00f3 arterial a la plataforma Farmaserveis [&hellip;]","_links":{"self":[{"href":"https:\/\/www.cofb.org\/es\/wp-json\/wp\/v2\/posts\/78249","targetHints":{"allow":["GET"]}}],"collection":[{"href":"https:\/\/www.cofb.org\/es\/wp-json\/wp\/v2\/posts"}],"about":[{"href":"https:\/\/www.cofb.org\/es\/wp-json\/wp\/v2\/types\/post"}],"author":[{"embeddable":true,"href":"https:\/\/www.cofb.org\/es\/wp-json\/wp\/v2\/users\/1"}],"replies":[{"embeddable":true,"href":"https:\/\/www.cofb.org\/es\/wp-json\/wp\/v2\/comments?post=78249"}],"version-history":[{"count":2,"href":"https:\/\/www.cofb.org\/es\/wp-json\/wp\/v2\/posts\/78249\/revisions"}],"predecessor-version":[{"id":78814,"href":"https:\/\/www.cofb.org\/es\/wp-json\/wp\/v2\/posts\/78249\/revisions\/78814"}],"wp:featuredmedia":[{"embeddable":true,"href":"https:\/\/www.cofb.org\/es\/wp-json\/wp\/v2\/media\/78277"}],"wp:attachment":[{"href":"https:\/\/www.cofb.org\/es\/wp-json\/wp\/v2\/media?parent=78249"}],"wp:term":[{"taxonomy":"category","embeddable":true,"href":"https:\/\/www.cofb.org\/es\/wp-json\/wp\/v2\/categories?post=78249"},{"taxonomy":"post_tag","embeddable":true,"href":"https:\/\/www.cofb.org\/es\/wp-json\/wp\/v2\/tags?post=78249"}],"curies":[{"name":"wp","href":"https:\/\/api.w.org\/{rel}","templated":true}]}}