{"id":78245,"date":"2024-04-30T18:32:00","date_gmt":"2024-04-30T16:32:00","guid":{"rendered":"https:\/\/blog.cofb.cat\/?p=68986"},"modified":"2024-06-26T07:50:26","modified_gmt":"2024-06-26T07:50:26","slug":"nova-sessio-formativa-sobre-la-perforacio-del-lobul-de-lorella-per-als-professionals-de-lambit-farmaceutic","status":"publish","type":"post","link":"https:\/\/www.cofb.org\/es\/2024\/04\/30\/nova-sessio-formativa-sobre-la-perforacio-del-lobul-de-lorella-per-als-professionals-de-lambit-farmaceutic\/","title":{"rendered":"Nueva sesi\u00f3n formativa sobre la perforaci\u00f3n del l\u00f3bulo de la oreja para los profesionales del \u00e1mbito farmac\u00e9utico"},"content":{"rendered":"<p>El pasado 17 de abril, el <strong>Col\u00b7legi de Farmac\u00e8utics de Barcelona (COFB)<\/strong> organiz\u00f3 la formaci\u00f3n <strong>&quot;La perforaci\u00f3n del l\u00f3bulo de la oreja&quot;<\/strong>, con el patrocinio de <a href=\"https:\/\/www.prim.es\/?_gl=1%2Abs0b66%2A_up%2AMQ..%2A_ga%2AMTcxMDE5MDQxMC4xNzE0Mzk4MTg2%2A_ga_673FT6607W%2AMTcxNDM5ODE4Ni4xLjEuMTcxNDM5ODIwNS4wLjAuMA..\" target=\"_blank\" rel=\"noreferrer noopener\">DELGADO<\/a>. La formaci\u00f3n, dirigida a farmac\u00e9uticos\/as de farmacia comunitaria y t\u00e9cnicos\/as y auxiliares de farmacia y parafarmacia, fue impartida por la farmac\u00e9utica, bioqu\u00edmica y responsable de negocio de PRIM, <strong>Gema Garrig\u00f3s<\/strong>. La vocal de Dermofarmacia y Productos Sanitarios del COFB, <strong>Marta Alcalde<\/strong>, coordin\u00f3 y present\u00f3 la sesi\u00f3n.<\/p>\n\n\n\n<figure class=\"wp-block-image size-large\"><a href=\"https:\/\/blog.cofb.cat\/wp-content\/uploads\/2024\/04\/COFB_LOBUL-ORELLA_29042024_0-scaled.jpg\" target=\"_blank\" rel=\"noopener\"><img decoding=\"async\" src=\"https:\/\/blog.cofb.cat\/wp-content\/uploads\/2024\/04\/COFB_LOBUL-ORELLA_29042024_0-1024x576.jpg\" alt=\"Formaci\u00f3 \u201cLa perforaci\u00f3 del l\u00f2bul de l\u2019orella\u201d.\" class=\"wp-image-68987\"\/><\/a><\/figure>\n\n\n\n<p>Los <strong>objetivos <\/strong>de la formaci\u00f3n fueron <strong>saber c\u00f3mo hacer una perforaci\u00f3n del l\u00f3bulo de la oreja<\/strong> y <strong>c\u00f3mo aplicar las medidas higi\u00e9nicas y sanitarias posteriores<\/strong> para prevenir riesgos tanto del paciente como del personal que la realiza, <strong>entender los cuidados posteriores<\/strong> a hacer para prevenir reacciones adversas y <strong>identificar los posibles riesgos asociados<\/strong> que tiene el paciente.<\/p>\n\n\n\n<p>La vocal de Dermofarmacia y Productos Sanitarios del Colegio, <strong>Marta Alcalde<\/strong>, present\u00f3 la sesi\u00f3n te\u00f3rica y pr\u00e1ctica y explic\u00f3 los <strong>aspectos legales y legislativos<\/strong> en relaci\u00f3n con la perforaci\u00f3n del l\u00f3bulo de la oreja. \u201c<strong>Lo que se puede hacer en la oficina de farmacia es la perforaci\u00f3n del l\u00f3bulo de la oreja mediante la t\u00e9cnica de perforaci\u00f3n de pendientes de forma autom\u00e1tica<\/strong>, con material est\u00e9ril o desechable, y s\u00f3lo <strong>en la zona del l\u00f3bulo de la oreja<\/strong>\u201d, explic\u00f3 la vocal de Dermofarmacia y Productos Sanitarios. En este sentido, aclar\u00f3 que <strong>desde la farmacia comunitaria no se pueden realizar perforaciones en el cart\u00edlago o en otras zonas del cuerpo<\/strong>, tal y como se recoge en el Decreto 90\/2008.<\/p>\n\n\n\n<figure class=\"wp-block-image size-large\"><a href=\"https:\/\/blog.cofb.cat\/wp-content\/uploads\/2024\/04\/COFB_LOBUL-ORELLA_29042024_2-scaled.jpg\" target=\"_blank\" rel=\"noopener\"><img decoding=\"async\" src=\"https:\/\/blog.cofb.cat\/wp-content\/uploads\/2024\/04\/COFB_LOBUL-ORELLA_29042024_2-1024x576.jpg\" alt=\"Gema Garrig\u00f3s i Marta Alcalde en un moment de la formaci\u00f3 \u201cLa perforaci\u00f3 del l\u00f2bul de l\u2019orella\u201d.\" class=\"wp-image-68988\" title=\"Gema Garrig\u00f3s y Marta Alcalde en un momento de la formaci\u00f3n &quot;La perforaci\u00f3n del l\u00f3bulo de la oreja&quot;.\"\/><\/a><figcaption>Gema Garrig\u00f3s y Marta Alcalde en un momento de la formaci\u00f3n &quot;La perforaci\u00f3n del l\u00f3bulo de la oreja&quot;.<\/figcaption><\/figure>\n\n\n\n<p>Sin embargo, Alcalde hizo referencia al <strong>documento de consentimiento informado<\/strong> y en las <strong>recomendaciones y medidas higi\u00e9nicas posteriores a la perforaci\u00f3n <\/strong>a firmar, previamente a la perforaci\u00f3n, y guardar durante tres a\u00f1os.<\/p>\n\n\n\n<h2 class=\"wp-block-heading\"><strong>La perforaci\u00f3n del l\u00f3bulo de la oreja<\/strong><\/h2>\n\n\n\n<p>A continuaci\u00f3n, intervino la farmac\u00e9utica, bioqu\u00edmica y responsable de negocio de PRIM, <strong>Gema Garrig\u00f3s<\/strong>, que coment\u00f3 que, en la actualidad,<strong> &quot;un 75% de las personas que se perforan el l\u00f3bulo de la oreja son personas adultas o j\u00f3venes&quot;<\/strong> y que <strong>&quot;es una de las tendencias del momento&quot;<\/strong>. En relaci\u00f3n con la <strong>demanda de este servicio en la oficina de farmacia<\/strong>, la farmac\u00e9utica asegur\u00f3 que es muy solicitado por <strong>&quot;la seguridad y confianza de las farmacias como establecimientos sanitarios&quot;.<\/strong><\/p>\n\n\n\n<figure class=\"wp-block-image size-large\"><a href=\"https:\/\/blog.cofb.cat\/wp-content\/uploads\/2024\/04\/COFB_LOBUL-ORELLA_29042024_4-scaled.jpg\" target=\"_blank\" rel=\"noopener\"><img decoding=\"async\" src=\"https:\/\/blog.cofb.cat\/wp-content\/uploads\/2024\/04\/COFB_LOBUL-ORELLA_29042024_4-1024x576.jpg\" alt=\"Gemma Garrig\u00f3s durant la seva exposici\u00f3 sobre com perforar el l\u00f2bul de l'orella. \" class=\"wp-image-68990\" title=\"Gemma Garrig\u00f3s durante su exposici\u00f3n sobre c\u00f3mo perforar el l\u00f3bulo de la oreja. \"\/><\/a><figcaption>Gemma Garrig\u00f3s durante su exposici\u00f3n sobre c\u00f3mo perforar el l\u00f3bulo de la oreja. <\/figcaption><\/figure>\n\n\n\n<p>Antes de profundizar en los sistemas de perforaci\u00f3n y procedimientos, Garrig\u00f3s repas\u00f3 <strong>la anatom\u00eda y fisiolog\u00eda de la oreja<\/strong> y la <strong>tipolog\u00eda de piercings m\u00e1s frecuentes <\/strong>en esta zona del cuerpo. En cuanto a los <strong>materiales necesarios<\/strong>, detall\u00f3 que es necesario: uno <strong>instrumento de perforaci\u00f3n<\/strong>, \u201cuna pistola de presi\u00f3n manual, f\u00e1cil y c\u00f3modo de utilizar, estable y precisa\u201d; <strong><span class=\"has-inline-color has-black-color\">cassettes <\/span>est\u00e9riles<\/strong>, que \u201ccontienen los pendientes que deben estar esterilizados para garantizar seguridad; uno <strong>marcador de uso t\u00f3pico<\/strong>; y unas <strong>pendientes hipoal\u00e9rgicos<\/strong>, \u201cdeben ser de materiales dermatol\u00f3gicamente compatibles, seguras y de acuerdo con las directivas del n\u00edquel\u201d.<\/p>\n\n\n\n<h3 class=\"wp-block-heading\"><strong>Procedimiento para la perforaci\u00f3n del l\u00f3bulo<\/strong><\/h3>\n\n\n\n<p>En relaci\u00f3n con la <strong>perforaci\u00f3n del l\u00f3bulo<\/strong>, la farmac\u00e9utica indic\u00f3 que, en primer lugar, que es necesario <strong>limpiar el l\u00f3bulo de la oreja<\/strong> con algod\u00f3n o gasa impregnada de alcohol. En segundo lugar, que es necesario \u201c<strong>marcar un peque\u00f1o punto <\/strong>en uno de los l\u00f3bulos, preferiblemente en el centro de \u00e9ste, en el sitio de la perforaci\u00f3n\u201d. Posteriormente, Garrig\u00f3s coment\u00f3 que es necesario tener el <strong>visto bueno del punto marcado <\/strong>y que el usuario est\u00e9 satisfecho. Por \u00faltimo, en tercer lugar, <strong>perforar<\/strong>. Para ello, especific\u00f3 c\u00f3mo cargar el instrumento de perforaci\u00f3n con el pendiente seleccionado, c\u00f3mo sostenerlo y orientar el movimiento antes de perforar, que habr\u00e1 que hacerlo \u201c<strong>presionando r\u00e1pidamente y firmemente la empu\u00f1adura hasta que llegue al final de su recorrido<\/strong>\u201d. Sin embargo, expuso c\u00f3mo realizar el procedimiento de perforaci\u00f3n con beb\u00e9s.<\/p>\n\n\n\n<p>En la \u00faltima parte de la formaci\u00f3n te\u00f3rica, la farmac\u00e9utica comparti\u00f3 las instrucciones sobre las <strong>cuidados posteriores<\/strong> a la perforaci\u00f3n para que \u201ccicatrice de la forma m\u00e1s r\u00e1pida posible y sin problemas\u201d y las <strong>posibles complicaciones posteriores<\/strong>.<\/p>\n\n\n\n<p>La formaci\u00f3n const\u00f3 de una segunda parte, en la que los profesionales del \u00e1mbito farmac\u00e9utico van <strong>poner en pr\u00e1ctica la t\u00e9cnica de perforaci\u00f3n del l\u00f3bulo de la oreja<\/strong> mediante unas orejas de espuma. &nbsp;&nbsp;<\/p>\n\n\n\n<p><\/p>\n\n\n\n<p class=\"has-text-align-right\"><strong>Con el patrocinio de:<\/strong><\/p>\n\n\n\n<div class=\"wp-block-image\"><figure class=\"alignright size-medium is-resized\"><a href=\"https:\/\/www.prim.es\/?_gl=1%2Abs0b66%2A_up%2AMQ..%2A_ga%2AMTcxMDE5MDQxMC4xNzE0Mzk4MTg2%2A_ga_673FT6607W%2AMTcxNDM5ODE4Ni4xLjEuMTcxNDM5ODIwNS4wLjAuMA..\" target=\"_blank\" rel=\"noopener\"><img decoding=\"async\" src=\"https:\/\/blog.cofb.cat\/wp-content\/uploads\/2024\/04\/PRIM_logo_transparent-300x142.png\" alt=\"\" class=\"wp-image-68991\" width=\"179\" height=\"85\"\/><\/a><\/figure><\/div>\n\n\n\n<p><\/p>\n\n\n\n<p><\/p>\n\n\n\n<p><\/p>\n\n\n\n<p><\/p>\n\n\n\n<p><strong>Otras publicaciones de inter\u00e9s:<\/strong><\/p>\n\n\n\n<ul class=\"wp-block-list\"><li><a href=\"https:\/\/blog.cofb.cat\/blog\/2023\/11\/03\/nova-edicio-de-la-formacio-la-perforacio-del-lobul-de-lorella-a-la-farmacia\/\" target=\"_blank\" rel=\"noreferrer noopener\">Nueva edici\u00f3n de la formaci\u00f3n \u201cLa perforaci\u00f3n del l\u00f3bulo de la oreja en la farmacia\u201d (Noviembre 2023)<\/a><\/li><li><a href=\"https:\/\/blog.cofb.cat\/blog\/2023\/04\/28\/aspectes-practics-sobre-la-perforacio-del-lobul-de-lorella-a-loficina-de-farmacia\/\" target=\"_blank\" rel=\"noreferrer noopener\">Aspectos pr\u00e1cticos sobre la perforaci\u00f3n del l\u00f3bulo de la oreja en la oficina de farmacia (Abril 2023)<\/a><\/li><li><a href=\"https:\/\/blog.cofb.cat\/blog\/2022\/05\/02\/la-perforacio-del-lobul-de-lorella-en-lambit-de-loficina-de-farmacia\/\" target=\"_blank\" rel=\"noreferrer noopener\">La perforaci\u00f3n del l\u00f3bulo de la oreja en el \u00e1mbito de la oficina de farmacia (Mayo 2022)<\/a><\/li><\/ul>","protected":false},"excerpt":{"rendered":"<p>El pasado 17 de abril, el Colegio de Farmac\u00e9uticos de Barcelona (COFB) organiz\u00f3 la formaci\u00f3n &quot;La perforaci\u00f3n del l\u00f3bulo de la oreja&quot;, con el patrocinio de PRIM. La formaci\u00f3n, dirigida a farmac\u00e9uticos\/as de farmacia comunitaria y t\u00e9cnicos\/as y auxiliares de farmacia y parafarmacia, fue impartida por la farmac\u00e9utica, bioqu\u00edmica y [\u2026]<\/p>","protected":false},"author":1,"featured_media":78284,"comment_status":"open","ping_status":"open","sticky":false,"template":"","format":"standard","meta":{"_uag_custom_page_level_css":"","site-sidebar-layout":"default","site-content-layout":"","ast-site-content-layout":"default","site-content-style":"default","site-sidebar-style":"default","ast-global-header-display":"","ast-banner-title-visibility":"","ast-main-header-display":"","ast-hfb-above-header-display":"","ast-hfb-below-header-display":"","ast-hfb-mobile-header-display":"","site-post-title":"","ast-breadcrumbs-content":"","ast-featured-img":"disabled","footer-sml-layout":"","theme-transparent-header-meta":"","adv-header-id-meta":"","stick-header-meta":"","header-above-stick-meta":"","header-main-stick-meta":"","header-below-stick-meta":"","astra-migrate-meta-layouts":"set","ast-page-background-enabled":"default","ast-page-background-meta":{"desktop":{"background-color":"var(--ast-global-color-4)","background-image":"","background-repeat":"repeat","background-position":"center center","background-size":"auto","background-attachment":"scroll","background-type":"","background-media":"","overlay-type":"","overlay-color":"","overlay-opacity":"","overlay-gradient":""},"tablet":{"background-color":"","background-image":"","background-repeat":"repeat","background-position":"center center","background-size":"auto","background-attachment":"scroll","background-type":"","background-media":"","overlay-type":"","overlay-color":"","overlay-opacity":"","overlay-gradient":""},"mobile":{"background-color":"","background-image":"","background-repeat":"repeat","background-position":"center center","background-size":"auto","background-attachment":"scroll","background-type":"","background-media":"","overlay-type":"","overlay-color":"","overlay-opacity":"","overlay-gradient":""}},"ast-content-background-meta":{"desktop":{"background-color":"var(--ast-global-color-5)","background-image":"","background-repeat":"repeat","background-position":"center center","background-size":"auto","background-attachment":"scroll","background-type":"","background-media":"","overlay-type":"","overlay-color":"","overlay-opacity":"","overlay-gradient":""},"tablet":{"background-color":"var(--ast-global-color-5)","background-image":"","background-repeat":"repeat","background-position":"center center","background-size":"auto","background-attachment":"scroll","background-type":"","background-media":"","overlay-type":"","overlay-color":"","overlay-opacity":"","overlay-gradient":""},"mobile":{"background-color":"var(--ast-global-color-5)","background-image":"","background-repeat":"repeat","background-position":"center center","background-size":"auto","background-attachment":"scroll","background-type":"","background-media":"","overlay-type":"","overlay-color":"","overlay-opacity":"","overlay-gradient":""}},"footnotes":""},"categories":[23,57],"tags":[64,18,19,2886,53,171,68,69,70,5008,445,4044,76,681,340,682,3098,3516,5009,5010,370],"class_list":["post-78245","post","type-post","status-publish","format-standard","has-post-thumbnail","hentry","category-destacats","category-mon-collegial","tag-atencio-farmaceutica","tag-cofb","tag-collegi-de-farmaceutics-de-barcelona","tag-cures","tag-farmaceutics","tag-farmaceutiques","tag-farmacia","tag-farmacia-comunitaria","tag-formacio","tag-lobul","tag-marta-alcalde","tag-mesures-higieniques","tag-oficina-de-farmacia","tag-orella","tag-perforacio","tag-prim","tag-tecnics-de-farmacia","tag-tecnics-i-auxiliars-de-farmacia","tag-tecnics-i-tecniques-auxiliars-de-farmacia","tag-tecniques-auxiliars-de-farmacia","tag-vocal-de-dermofarmacia-i-productes-sanitaris"],"yoast_head":"<!-- This site is optimized with the Yoast SEO plugin v22.4 - https:\/\/yoast.com\/wordpress\/plugins\/seo\/ -->\n<title>Nova sessi\u00f3 formativa sobre la perforaci\u00f3 del l\u00f2bul de l\u2019orella per als professionals de l\u2019\u00e0mbit farmac\u00e8utic - Col\u00b7legi de Farmac\u00e8utics de Barcelona<\/title>\n<meta name=\"description\" content=\"El passat 17 d\u2019abril, el COFB va organitzar la formaci\u00f3 \u201cLa perforaci\u00f3 del l\u00f2bul de l\u2019orella\u201d, amb el patrocini de PRIM.\" \/>\n<meta name=\"robots\" content=\"index, follow, max-snippet:-1, max-image-preview:large, max-video-preview:-1\" \/>\n<link rel=\"canonical\" href=\"https:\/\/novaorg.cofb.net\/2024\/04\/30\/nova-sessio-formativa-sobre-la-perforacio-del-lobul-de-lorella-per-als-professionals-de-lambit-farmaceutic\/\" \/>\n<meta property=\"og:locale\" content=\"es_ES\" \/>\n<meta property=\"og:type\" content=\"article\" \/>\n<meta property=\"og:title\" content=\"Nova sessi\u00f3 formativa sobre la perforaci\u00f3 del l\u00f2bul de l\u2019orella per als professionals de l\u2019\u00e0mbit farmac\u00e8utic - Col\u00b7legi de Farmac\u00e8utics de Barcelona\" \/>\n<meta property=\"og:description\" content=\"El passat 17 d\u2019abril, el COFB va organitzar la formaci\u00f3 \u201cLa perforaci\u00f3 del l\u00f2bul de l\u2019orella\u201d, amb el patrocini de PRIM.\" \/>\n<meta property=\"og:url\" content=\"https:\/\/novaorg.cofb.net\/2024\/04\/30\/nova-sessio-formativa-sobre-la-perforacio-del-lobul-de-lorella-per-als-professionals-de-lambit-farmaceutic\/\" \/>\n<meta property=\"og:site_name\" content=\"Col\u00b7legi de Farmac\u00e8utics de Barcelona\" \/>\n<meta property=\"article:publisher\" content=\"https:\/\/www.facebook.com\/farmaceuticsbcn\/\" \/>\n<meta property=\"article:published_time\" content=\"2024-04-30T16:32:00+00:00\" \/>\n<meta property=\"article:modified_time\" content=\"2024-06-26T07:50:26+00:00\" \/>\n<meta property=\"og:image\" content=\"https:\/\/novaorg.cofb.net\/wp-content\/uploads\/2024\/04\/COFB_LOBUL-ORELLA_29042024_2-1024x576-1.jpg\" \/>\n\t<meta property=\"og:image:width\" content=\"1024\" \/>\n\t<meta property=\"og:image:height\" content=\"576\" \/>\n\t<meta property=\"og:image:type\" content=\"image\/jpeg\" \/>\n<meta name=\"author\" content=\"wpAdminCofbOrg\" \/>\n<meta name=\"twitter:card\" content=\"summary_large_image\" \/>\n<meta name=\"twitter:creator\" content=\"@farmaceuticsbcn\" \/>\n<meta name=\"twitter:site\" content=\"@farmaceuticsbcn\" \/>\n<meta name=\"twitter:label1\" content=\"Escrito por\" \/>\n\t<meta name=\"twitter:data1\" content=\"wpAdminCofbOrg\" \/>\n\t<meta name=\"twitter:label2\" content=\"Tiempo de lectura\" \/>\n\t<meta name=\"twitter:data2\" content=\"6 minutos\" \/>\n<script type=\"application\/ld+json\" class=\"yoast-schema-graph\">{\"@context\":\"https:\/\/schema.org\",\"@graph\":[{\"@type\":\"Article\",\"@id\":\"https:\/\/novaorg.cofb.net\/2024\/04\/30\/nova-sessio-formativa-sobre-la-perforacio-del-lobul-de-lorella-per-als-professionals-de-lambit-farmaceutic\/#article\",\"isPartOf\":{\"@id\":\"https:\/\/novaorg.cofb.net\/2024\/04\/30\/nova-sessio-formativa-sobre-la-perforacio-del-lobul-de-lorella-per-als-professionals-de-lambit-farmaceutic\/\"},\"author\":{\"name\":\"wpAdminCofbOrg\",\"@id\":\"https:\/\/www.cofb.org\/#\/schema\/person\/22ed7eea88da74b0fa4d3154ad87ffcb\"},\"headline\":\"Nova sessi\u00f3 formativa sobre la perforaci\u00f3 del l\u00f2bul de l\u2019orella per als professionals de l\u2019\u00e0mbit farmac\u00e8utic\",\"datePublished\":\"2024-04-30T16:32:00+00:00\",\"dateModified\":\"2024-06-26T07:50:26+00:00\",\"mainEntityOfPage\":{\"@id\":\"https:\/\/novaorg.cofb.net\/2024\/04\/30\/nova-sessio-formativa-sobre-la-perforacio-del-lobul-de-lorella-per-als-professionals-de-lambit-farmaceutic\/\"},\"wordCount\":887,\"commentCount\":0,\"publisher\":{\"@id\":\"https:\/\/www.cofb.org\/#organization\"},\"image\":{\"@id\":\"https:\/\/novaorg.cofb.net\/2024\/04\/30\/nova-sessio-formativa-sobre-la-perforacio-del-lobul-de-lorella-per-als-professionals-de-lambit-farmaceutic\/#primaryimage\"},\"thumbnailUrl\":\"https:\/\/www.cofb.org\/wp-content\/uploads\/2024\/04\/COFB_LOBUL-ORELLA_29042024_2-1024x576-1.jpg\",\"keywords\":[\"Atenci\u00f3 farmac\u00e8utica\",\"COFB\",\"Col\u00b7legi de Farmac\u00e8utics de Barcelona\",\"cures\",\"farmac\u00e8utics\",\"farmac\u00e8utiques\",\"Farm\u00e0cia\",\"farm\u00e0cia comunit\u00e0ria\",\"Formaci\u00f3\",\"l\u00f2bul\",\"Marta Alcalde\",\"mesures higi\u00e8niques\",\"Oficina de farm\u00e0cia\",\"orella\",\"perforaci\u00f3\",\"prim\",\"t\u00e8cnics de farm\u00e0cia\",\"t\u00e8cnics i auxiliars de farm\u00e0cia\",\"t\u00e8cnics i t\u00e8cniques auxiliars de farm\u00e0cia\",\"t\u00e8cniques auxiliars de farm\u00e0cia\",\"Vocal de Dermofarm\u00e0cia i Productes Sanitaris\"],\"articleSection\":[\"Destacats\",\"M\u00f3n col\u00b7legial\"],\"inLanguage\":\"es\",\"potentialAction\":[{\"@type\":\"CommentAction\",\"name\":\"Comment\",\"target\":[\"https:\/\/novaorg.cofb.net\/2024\/04\/30\/nova-sessio-formativa-sobre-la-perforacio-del-lobul-de-lorella-per-als-professionals-de-lambit-farmaceutic\/#respond\"]}]},{\"@type\":\"WebPage\",\"@id\":\"https:\/\/novaorg.cofb.net\/2024\/04\/30\/nova-sessio-formativa-sobre-la-perforacio-del-lobul-de-lorella-per-als-professionals-de-lambit-farmaceutic\/\",\"url\":\"https:\/\/novaorg.cofb.net\/2024\/04\/30\/nova-sessio-formativa-sobre-la-perforacio-del-lobul-de-lorella-per-als-professionals-de-lambit-farmaceutic\/\",\"name\":\"Nova sessi\u00f3 formativa sobre la perforaci\u00f3 del l\u00f2bul de l\u2019orella per als professionals de l\u2019\u00e0mbit farmac\u00e8utic - Col\u00b7legi de Farmac\u00e8utics de Barcelona\",\"isPartOf\":{\"@id\":\"https:\/\/www.cofb.org\/#website\"},\"primaryImageOfPage\":{\"@id\":\"https:\/\/novaorg.cofb.net\/2024\/04\/30\/nova-sessio-formativa-sobre-la-perforacio-del-lobul-de-lorella-per-als-professionals-de-lambit-farmaceutic\/#primaryimage\"},\"image\":{\"@id\":\"https:\/\/novaorg.cofb.net\/2024\/04\/30\/nova-sessio-formativa-sobre-la-perforacio-del-lobul-de-lorella-per-als-professionals-de-lambit-farmaceutic\/#primaryimage\"},\"thumbnailUrl\":\"https:\/\/www.cofb.org\/wp-content\/uploads\/2024\/04\/COFB_LOBUL-ORELLA_29042024_2-1024x576-1.jpg\",\"datePublished\":\"2024-04-30T16:32:00+00:00\",\"dateModified\":\"2024-06-26T07:50:26+00:00\",\"description\":\"El passat 17 d\u2019abril, el COFB va organitzar la formaci\u00f3 \u201cLa perforaci\u00f3 del l\u00f2bul de l\u2019orella\u201d, amb el patrocini de PRIM.\",\"breadcrumb\":{\"@id\":\"https:\/\/novaorg.cofb.net\/2024\/04\/30\/nova-sessio-formativa-sobre-la-perforacio-del-lobul-de-lorella-per-als-professionals-de-lambit-farmaceutic\/#breadcrumb\"},\"inLanguage\":\"es\",\"potentialAction\":[{\"@type\":\"ReadAction\",\"target\":[\"https:\/\/novaorg.cofb.net\/2024\/04\/30\/nova-sessio-formativa-sobre-la-perforacio-del-lobul-de-lorella-per-als-professionals-de-lambit-farmaceutic\/\"]}]},{\"@type\":\"ImageObject\",\"inLanguage\":\"es\",\"@id\":\"https:\/\/novaorg.cofb.net\/2024\/04\/30\/nova-sessio-formativa-sobre-la-perforacio-del-lobul-de-lorella-per-als-professionals-de-lambit-farmaceutic\/#primaryimage\",\"url\":\"https:\/\/www.cofb.org\/wp-content\/uploads\/2024\/04\/COFB_LOBUL-ORELLA_29042024_2-1024x576-1.jpg\",\"contentUrl\":\"https:\/\/www.cofb.org\/wp-content\/uploads\/2024\/04\/COFB_LOBUL-ORELLA_29042024_2-1024x576-1.jpg\",\"width\":1024,\"height\":576},{\"@type\":\"BreadcrumbList\",\"@id\":\"https:\/\/novaorg.cofb.net\/2024\/04\/30\/nova-sessio-formativa-sobre-la-perforacio-del-lobul-de-lorella-per-als-professionals-de-lambit-farmaceutic\/#breadcrumb\",\"itemListElement\":[{\"@type\":\"ListItem\",\"position\":1,\"name\":\"Inici\",\"item\":\"https:\/\/novaorg.cofb.net\/\"},{\"@type\":\"ListItem\",\"position\":2,\"name\":\"Nova sessi\u00f3 formativa sobre la perforaci\u00f3 del l\u00f2bul de l\u2019orella per als professionals de l\u2019\u00e0mbit farmac\u00e8utic\"}]},{\"@type\":\"WebSite\",\"@id\":\"https:\/\/www.cofb.org\/#website\",\"url\":\"https:\/\/www.cofb.org\/\",\"name\":\"Col\u00b7legi de Farmac\u00e8utics de Barcelona\",\"description\":\"\",\"publisher\":{\"@id\":\"https:\/\/www.cofb.org\/#organization\"},\"potentialAction\":[{\"@type\":\"SearchAction\",\"target\":{\"@type\":\"EntryPoint\",\"urlTemplate\":\"https:\/\/www.cofb.org\/?s={search_term_string}\"},\"query-input\":\"required name=search_term_string\"}],\"inLanguage\":\"es\"},{\"@type\":\"Organization\",\"@id\":\"https:\/\/www.cofb.org\/#organization\",\"name\":\"Col\u00b7legi de Farmac\u00e8utics de Barcelona\",\"url\":\"https:\/\/www.cofb.org\/\",\"logo\":{\"@type\":\"ImageObject\",\"inLanguage\":\"es\",\"@id\":\"https:\/\/www.cofb.org\/#\/schema\/logo\/image\/\",\"url\":\"https:\/\/www.cofb.org\/wp-content\/uploads\/2023\/11\/cropped-Logotip-COFB.png\",\"contentUrl\":\"https:\/\/www.cofb.org\/wp-content\/uploads\/2023\/11\/cropped-Logotip-COFB.png\",\"width\":500,\"height\":105,\"caption\":\"Col\u00b7legi de Farmac\u00e8utics de Barcelona\"},\"image\":{\"@id\":\"https:\/\/www.cofb.org\/#\/schema\/logo\/image\/\"},\"sameAs\":[\"https:\/\/www.facebook.com\/farmaceuticsbcn\/\",\"https:\/\/twitter.com\/farmaceuticsbcn\",\"https:\/\/www.instagram.com\/farmaceuticsbcn\/\",\"https:\/\/www.linkedin.com\/company\/farmaceuticsbcn\/\"]},{\"@type\":\"Person\",\"@id\":\"https:\/\/www.cofb.org\/#\/schema\/person\/22ed7eea88da74b0fa4d3154ad87ffcb\",\"name\":\"wpAdminCofbOrg\",\"image\":{\"@type\":\"ImageObject\",\"inLanguage\":\"es\",\"@id\":\"https:\/\/www.cofb.org\/#\/schema\/person\/image\/\",\"url\":\"https:\/\/secure.gravatar.com\/avatar\/1721b20b3b8ca882c3b56ec6c978c594fff670e40c0718e9190eaeeb76aae7d8?s=96&d=mm&r=g\",\"contentUrl\":\"https:\/\/secure.gravatar.com\/avatar\/1721b20b3b8ca882c3b56ec6c978c594fff670e40c0718e9190eaeeb76aae7d8?s=96&d=mm&r=g\",\"caption\":\"wpAdminCofbOrg\"},\"sameAs\":[\"http:\/\/192.168.64.122\/wordpress\"],\"url\":\"https:\/\/www.cofb.org\/es\/author\/wpadmincofborg\/\"}]}<\/script>\n<!-- \/ Yoast SEO plugin. -->","yoast_head_json":{"title":"Nova sessi\u00f3 formativa sobre la perforaci\u00f3 del l\u00f2bul de l\u2019orella per als professionals de l\u2019\u00e0mbit farmac\u00e8utic - Col\u00b7legi de Farmac\u00e8utics de Barcelona","description":"El passat 17 d\u2019abril, el COFB va organitzar la formaci\u00f3 \u201cLa perforaci\u00f3 del l\u00f2bul de l\u2019orella\u201d, amb el patrocini de PRIM.","robots":{"index":"index","follow":"follow","max-snippet":"max-snippet:-1","max-image-preview":"max-image-preview:large","max-video-preview":"max-video-preview:-1"},"canonical":"https:\/\/novaorg.cofb.net\/2024\/04\/30\/nova-sessio-formativa-sobre-la-perforacio-del-lobul-de-lorella-per-als-professionals-de-lambit-farmaceutic\/","og_locale":"es_ES","og_type":"article","og_title":"Nova sessi\u00f3 formativa sobre la perforaci\u00f3 del l\u00f2bul de l\u2019orella per als professionals de l\u2019\u00e0mbit farmac\u00e8utic - Col\u00b7legi de Farmac\u00e8utics de Barcelona","og_description":"El passat 17 d\u2019abril, el COFB va organitzar la formaci\u00f3 \u201cLa perforaci\u00f3 del l\u00f2bul de l\u2019orella\u201d, amb el patrocini de PRIM.","og_url":"https:\/\/novaorg.cofb.net\/2024\/04\/30\/nova-sessio-formativa-sobre-la-perforacio-del-lobul-de-lorella-per-als-professionals-de-lambit-farmaceutic\/","og_site_name":"Col\u00b7legi de Farmac\u00e8utics de Barcelona","article_publisher":"https:\/\/www.facebook.com\/farmaceuticsbcn\/","article_published_time":"2024-04-30T16:32:00+00:00","article_modified_time":"2024-06-26T07:50:26+00:00","og_image":[{"width":1024,"height":576,"url":"https:\/\/novaorg.cofb.net\/wp-content\/uploads\/2024\/04\/COFB_LOBUL-ORELLA_29042024_2-1024x576-1.jpg","type":"image\/jpeg"}],"author":"wpAdminCofbOrg","twitter_card":"summary_large_image","twitter_creator":"@farmaceuticsbcn","twitter_site":"@farmaceuticsbcn","twitter_misc":{"Escrito por":"wpAdminCofbOrg","Tiempo de lectura":"6 minutos"},"schema":{"@context":"https:\/\/schema.org","@graph":[{"@type":"Article","@id":"https:\/\/novaorg.cofb.net\/2024\/04\/30\/nova-sessio-formativa-sobre-la-perforacio-del-lobul-de-lorella-per-als-professionals-de-lambit-farmaceutic\/#article","isPartOf":{"@id":"https:\/\/novaorg.cofb.net\/2024\/04\/30\/nova-sessio-formativa-sobre-la-perforacio-del-lobul-de-lorella-per-als-professionals-de-lambit-farmaceutic\/"},"author":{"name":"wpAdminCofbOrg","@id":"https:\/\/www.cofb.org\/#\/schema\/person\/22ed7eea88da74b0fa4d3154ad87ffcb"},"headline":"Nova sessi\u00f3 formativa sobre la perforaci\u00f3 del l\u00f2bul de l\u2019orella per als professionals de l\u2019\u00e0mbit farmac\u00e8utic","datePublished":"2024-04-30T16:32:00+00:00","dateModified":"2024-06-26T07:50:26+00:00","mainEntityOfPage":{"@id":"https:\/\/novaorg.cofb.net\/2024\/04\/30\/nova-sessio-formativa-sobre-la-perforacio-del-lobul-de-lorella-per-als-professionals-de-lambit-farmaceutic\/"},"wordCount":887,"commentCount":0,"publisher":{"@id":"https:\/\/www.cofb.org\/#organization"},"image":{"@id":"https:\/\/novaorg.cofb.net\/2024\/04\/30\/nova-sessio-formativa-sobre-la-perforacio-del-lobul-de-lorella-per-als-professionals-de-lambit-farmaceutic\/#primaryimage"},"thumbnailUrl":"https:\/\/www.cofb.org\/wp-content\/uploads\/2024\/04\/COFB_LOBUL-ORELLA_29042024_2-1024x576-1.jpg","keywords":["Atenci\u00f3 farmac\u00e8utica","COFB","Col\u00b7legi de Farmac\u00e8utics de Barcelona","cures","farmac\u00e8utics","farmac\u00e8utiques","Farm\u00e0cia","farm\u00e0cia comunit\u00e0ria","Formaci\u00f3","l\u00f2bul","Marta Alcalde","mesures higi\u00e8niques","Oficina de farm\u00e0cia","orella","perforaci\u00f3","prim","t\u00e8cnics de farm\u00e0cia","t\u00e8cnics i auxiliars de farm\u00e0cia","t\u00e8cnics i t\u00e8cniques auxiliars de farm\u00e0cia","t\u00e8cniques auxiliars de farm\u00e0cia","Vocal de Dermofarm\u00e0cia i Productes Sanitaris"],"articleSection":["Destacats","M\u00f3n col\u00b7legial"],"inLanguage":"es","potentialAction":[{"@type":"CommentAction","name":"Comment","target":["https:\/\/novaorg.cofb.net\/2024\/04\/30\/nova-sessio-formativa-sobre-la-perforacio-del-lobul-de-lorella-per-als-professionals-de-lambit-farmaceutic\/#respond"]}]},{"@type":"WebPage","@id":"https:\/\/novaorg.cofb.net\/2024\/04\/30\/nova-sessio-formativa-sobre-la-perforacio-del-lobul-de-lorella-per-als-professionals-de-lambit-farmaceutic\/","url":"https:\/\/novaorg.cofb.net\/2024\/04\/30\/nova-sessio-formativa-sobre-la-perforacio-del-lobul-de-lorella-per-als-professionals-de-lambit-farmaceutic\/","name":"Nova sessi\u00f3 formativa sobre la perforaci\u00f3 del l\u00f2bul de l\u2019orella per als professionals de l\u2019\u00e0mbit farmac\u00e8utic - Col\u00b7legi de Farmac\u00e8utics de Barcelona","isPartOf":{"@id":"https:\/\/www.cofb.org\/#website"},"primaryImageOfPage":{"@id":"https:\/\/novaorg.cofb.net\/2024\/04\/30\/nova-sessio-formativa-sobre-la-perforacio-del-lobul-de-lorella-per-als-professionals-de-lambit-farmaceutic\/#primaryimage"},"image":{"@id":"https:\/\/novaorg.cofb.net\/2024\/04\/30\/nova-sessio-formativa-sobre-la-perforacio-del-lobul-de-lorella-per-als-professionals-de-lambit-farmaceutic\/#primaryimage"},"thumbnailUrl":"https:\/\/www.cofb.org\/wp-content\/uploads\/2024\/04\/COFB_LOBUL-ORELLA_29042024_2-1024x576-1.jpg","datePublished":"2024-04-30T16:32:00+00:00","dateModified":"2024-06-26T07:50:26+00:00","description":"El passat 17 d\u2019abril, el COFB va organitzar la formaci\u00f3 \u201cLa perforaci\u00f3 del l\u00f2bul de l\u2019orella\u201d, amb el patrocini de PRIM.","breadcrumb":{"@id":"https:\/\/novaorg.cofb.net\/2024\/04\/30\/nova-sessio-formativa-sobre-la-perforacio-del-lobul-de-lorella-per-als-professionals-de-lambit-farmaceutic\/#breadcrumb"},"inLanguage":"es","potentialAction":[{"@type":"ReadAction","target":["https:\/\/novaorg.cofb.net\/2024\/04\/30\/nova-sessio-formativa-sobre-la-perforacio-del-lobul-de-lorella-per-als-professionals-de-lambit-farmaceutic\/"]}]},{"@type":"ImageObject","inLanguage":"es","@id":"https:\/\/novaorg.cofb.net\/2024\/04\/30\/nova-sessio-formativa-sobre-la-perforacio-del-lobul-de-lorella-per-als-professionals-de-lambit-farmaceutic\/#primaryimage","url":"https:\/\/www.cofb.org\/wp-content\/uploads\/2024\/04\/COFB_LOBUL-ORELLA_29042024_2-1024x576-1.jpg","contentUrl":"https:\/\/www.cofb.org\/wp-content\/uploads\/2024\/04\/COFB_LOBUL-ORELLA_29042024_2-1024x576-1.jpg","width":1024,"height":576},{"@type":"BreadcrumbList","@id":"https:\/\/novaorg.cofb.net\/2024\/04\/30\/nova-sessio-formativa-sobre-la-perforacio-del-lobul-de-lorella-per-als-professionals-de-lambit-farmaceutic\/#breadcrumb","itemListElement":[{"@type":"ListItem","position":1,"name":"Inici","item":"https:\/\/novaorg.cofb.net\/"},{"@type":"ListItem","position":2,"name":"Nova sessi\u00f3 formativa sobre la perforaci\u00f3 del l\u00f2bul de l\u2019orella per als professionals de l\u2019\u00e0mbit farmac\u00e8utic"}]},{"@type":"WebSite","@id":"https:\/\/www.cofb.org\/#website","url":"https:\/\/www.cofb.org\/","name":"Col\u00b7legi de Farmac\u00e8utics de Barcelona","description":"","publisher":{"@id":"https:\/\/www.cofb.org\/#organization"},"potentialAction":[{"@type":"SearchAction","target":{"@type":"EntryPoint","urlTemplate":"https:\/\/www.cofb.org\/?s={search_term_string}"},"query-input":"required name=search_term_string"}],"inLanguage":"es"},{"@type":"Organization","@id":"https:\/\/www.cofb.org\/#organization","name":"Col\u00b7legi de Farmac\u00e8utics de Barcelona","url":"https:\/\/www.cofb.org\/","logo":{"@type":"ImageObject","inLanguage":"es","@id":"https:\/\/www.cofb.org\/#\/schema\/logo\/image\/","url":"https:\/\/www.cofb.org\/wp-content\/uploads\/2023\/11\/cropped-Logotip-COFB.png","contentUrl":"https:\/\/www.cofb.org\/wp-content\/uploads\/2023\/11\/cropped-Logotip-COFB.png","width":500,"height":105,"caption":"Col\u00b7legi de Farmac\u00e8utics de Barcelona"},"image":{"@id":"https:\/\/www.cofb.org\/#\/schema\/logo\/image\/"},"sameAs":["https:\/\/www.facebook.com\/farmaceuticsbcn\/","https:\/\/twitter.com\/farmaceuticsbcn","https:\/\/www.instagram.com\/farmaceuticsbcn\/","https:\/\/www.linkedin.com\/company\/farmaceuticsbcn\/"]},{"@type":"Person","@id":"https:\/\/www.cofb.org\/#\/schema\/person\/22ed7eea88da74b0fa4d3154ad87ffcb","name":"wpAdminCofbOrg","image":{"@type":"ImageObject","inLanguage":"es","@id":"https:\/\/www.cofb.org\/#\/schema\/person\/image\/","url":"https:\/\/secure.gravatar.com\/avatar\/1721b20b3b8ca882c3b56ec6c978c594fff670e40c0718e9190eaeeb76aae7d8?s=96&d=mm&r=g","contentUrl":"https:\/\/secure.gravatar.com\/avatar\/1721b20b3b8ca882c3b56ec6c978c594fff670e40c0718e9190eaeeb76aae7d8?s=96&d=mm&r=g","caption":"wpAdminCofbOrg"},"sameAs":["http:\/\/192.168.64.122\/wordpress"],"url":"https:\/\/www.cofb.org\/es\/author\/wpadmincofborg\/"}]}},"uagb_featured_image_src":{"full":["https:\/\/www.cofb.org\/wp-content\/uploads\/2024\/04\/COFB_LOBUL-ORELLA_29042024_2-1024x576-1.jpg",1024,576,false],"thumbnail":["https:\/\/www.cofb.org\/wp-content\/uploads\/2024\/04\/COFB_LOBUL-ORELLA_29042024_2-1024x576-1-150x150.jpg",150,150,true],"medium":["https:\/\/www.cofb.org\/wp-content\/uploads\/2024\/04\/COFB_LOBUL-ORELLA_29042024_2-1024x576-1-300x169.jpg",300,169,true],"medium_large":["https:\/\/www.cofb.org\/wp-content\/uploads\/2024\/04\/COFB_LOBUL-ORELLA_29042024_2-1024x576-1-768x432.jpg",768,432,true],"large":["https:\/\/www.cofb.org\/wp-content\/uploads\/2024\/04\/COFB_LOBUL-ORELLA_29042024_2-1024x576-1.jpg",1024,576,false],"1536x1536":["https:\/\/www.cofb.org\/wp-content\/uploads\/2024\/04\/COFB_LOBUL-ORELLA_29042024_2-1024x576-1.jpg",1024,576,false],"2048x2048":["https:\/\/www.cofb.org\/wp-content\/uploads\/2024\/04\/COFB_LOBUL-ORELLA_29042024_2-1024x576-1.jpg",1024,576,false],"trp-custom-language-flag":["https:\/\/www.cofb.org\/wp-content\/uploads\/2024\/04\/COFB_LOBUL-ORELLA_29042024_2-1024x576-1-18x10.jpg",18,10,true]},"uagb_author_info":{"display_name":"wpAdminCofbOrg","author_link":"https:\/\/www.cofb.org\/es\/author\/wpadmincofborg\/"},"uagb_comment_info":0,"uagb_excerpt":"El passat 17 d\u2019abril, el Col\u00b7legi de Farmac\u00e8utics de Barcelona (COFB) va organitzar la formaci\u00f3 \u201cLa perforaci\u00f3 del l\u00f2bul de l\u2019orella\u201d, amb el patrocini de PRIM. La formaci\u00f3, adre\u00e7ada a farmac\u00e8utics\/ques de farm\u00e0cia comunit\u00e0ria i t\u00e8cnics\/ques i auxiliars de farm\u00e0cia i parafarm\u00e0cia, va ser impartida per la farmac\u00e8utica, bioqu\u00edmica i [&hellip;]","_links":{"self":[{"href":"https:\/\/www.cofb.org\/es\/wp-json\/wp\/v2\/posts\/78245","targetHints":{"allow":["GET"]}}],"collection":[{"href":"https:\/\/www.cofb.org\/es\/wp-json\/wp\/v2\/posts"}],"about":[{"href":"https:\/\/www.cofb.org\/es\/wp-json\/wp\/v2\/types\/post"}],"author":[{"embeddable":true,"href":"https:\/\/www.cofb.org\/es\/wp-json\/wp\/v2\/users\/1"}],"replies":[{"embeddable":true,"href":"https:\/\/www.cofb.org\/es\/wp-json\/wp\/v2\/comments?post=78245"}],"version-history":[{"count":1,"href":"https:\/\/www.cofb.org\/es\/wp-json\/wp\/v2\/posts\/78245\/revisions"}],"predecessor-version":[{"id":78285,"href":"https:\/\/www.cofb.org\/es\/wp-json\/wp\/v2\/posts\/78245\/revisions\/78285"}],"wp:featuredmedia":[{"embeddable":true,"href":"https:\/\/www.cofb.org\/es\/wp-json\/wp\/v2\/media\/78284"}],"wp:attachment":[{"href":"https:\/\/www.cofb.org\/es\/wp-json\/wp\/v2\/media?parent=78245"}],"wp:term":[{"taxonomy":"category","embeddable":true,"href":"https:\/\/www.cofb.org\/es\/wp-json\/wp\/v2\/categories?post=78245"},{"taxonomy":"post_tag","embeddable":true,"href":"https:\/\/www.cofb.org\/es\/wp-json\/wp\/v2\/tags?post=78245"}],"curies":[{"name":"wp","href":"https:\/\/api.w.org\/{rel}","templated":true}]}}