{"id":78244,"date":"2024-04-26T12:16:32","date_gmt":"2024-04-26T10:16:32","guid":{"rendered":"https:\/\/blog.cofb.cat\/?p=68974"},"modified":"2024-06-26T10:46:16","modified_gmt":"2024-06-26T10:46:16","slug":"la-nova-junta-de-govern-del-cof-de-barcelona-pren-possessio-per-al-mandat-2024-2028","status":"publish","type":"post","link":"https:\/\/www.cofb.org\/es\/2024\/04\/26\/la-nova-junta-de-govern-del-cof-de-barcelona-pren-possessio-per-al-mandat-2024-2028\/","title":{"rendered":"La nueva Junta de Gobierno del COF de Barcelona toma posesi\u00f3n para el mandato 2024-2028"},"content":{"rendered":"<p>Los <strong>miembros de la nueva Junta de Gobierno del Colegio de Farmac\u00e9uticos de Barcelona (COFB)<\/strong> <strong>han tomado posesi\u00f3n de sus cargos<\/strong> para el <strong>mandato comprendido entre 2024 y 2028<\/strong>, en un acto interno celebrado ayer, 25 de abril, en el Sal\u00f3n de Actos del Colegio.<\/p>\n\n\n\n<figure class=\"wp-block-image size-large\"><a href=\"https:\/\/blog.cofb.cat\/wp-content\/uploads\/2024\/04\/COFB_PRESA-DE-POSSESSIO-COFB_26042024-1.jpg\" target=\"_blank\" rel=\"noopener\"><img decoding=\"async\" src=\"https:\/\/blog.cofb.cat\/wp-content\/uploads\/2024\/04\/COFB_PRESA-DE-POSSESSIO-COFB_26042024-1-1024x683.jpg\" alt=\"Presa de possessi\u00f3 de la nova Junta de Govern per al mandat 2024-2028.\" class=\"wp-image-68976\" title=\"Toma de posesi\u00f3n de la nueva Junta de Gobierno para el mandato 2024-2028.\"\/><\/a><figcaption>Toma de posesi\u00f3n de la nueva Junta de Gobierno para el mandato 2024-2028.<\/figcaption><\/figure>\n\n\n\n<p>El presidente del COFB, <strong>Jordi Casas<\/strong>, durante su discurso, <strong>ha puesto en valor los logros alcanzados<\/strong> en el \u00faltimo mandato en el que \u201chemos <strong>puesto en marcha los servicios profesionales de alcance universal<\/strong> y \u00fatiles al sistema sanitario, hemos <strong>fomentado la<\/strong> <strong>colaboraci\u00f3n y comunicaci\u00f3n entre niveles asistenciales y entre profesionales sanitarios<\/strong>, hemos <strong>desarrollado soluciones tecnol\u00f3gicas de gran complejidad<\/strong> y el Colegio <strong>ha logrado una relevancia institucional destacada<\/strong>\u201d.<\/p>\n\n\n\n<p>Sin embargo, el presidente del COFB ha asegurado que <strong>continuar\u00e1n fomentando el crecimiento profesional de todos los \u00e1mbitos de ejercicio \u201cposicionando al farmac\u00e9utico como agente sanitario de referencia<\/strong>\u201d y \u201cbuscando <strong>la excelencia a trav\u00e9s de una oferta formativa actual<\/strong>, de calidad y adaptada a la realidad personal y laboral de los colegiados y colegiadas\u201d. Asimismo, ha indicado que una de las l\u00edneas estrat\u00e9gicas de la nueva Junta ser\u00e1 \u201c<strong>seguir acelerando el proceso de digitalizaci\u00f3n<\/strong>\u201d y ha destacado el <strong>liderazgo de la profesi\u00f3n <\/strong>para fomentar y construir el futuro de esta \u201ca trav\u00e9s de la <strong>renovaci\u00f3n de la normativa farmac\u00e9utica<\/strong> para adaptarla a la realidad actual\u201d.<\/p>\n\n\n\n<figure class=\"wp-block-image size-large\"><a href=\"https:\/\/blog.cofb.cat\/wp-content\/uploads\/2024\/04\/COFB_PRESA-DE-POSSESSIO-COFB_26042024_3.jpg\"><img decoding=\"async\" src=\"https:\/\/blog.cofb.cat\/wp-content\/uploads\/2024\/04\/COFB_PRESA-DE-POSSESSIO-COFB_26042024_3-1024x683.jpg\" alt=\"El president, Jordi Casas, en un moment del discurs.\" class=\"wp-image-68983\" title=\"El presidente, Jordi Casas, en un momento del discurso.\"\/><\/a><figcaption>El presidente, Jordi Casas, en un momento del discurso.<\/figcaption><\/figure>\n\n\n\n<p>Por \u00faltimo, Casas ha se\u00f1alado que desde el Colegio, como organizaci\u00f3n comprometida con la sociedad y con la salud de las personas, alinear\u00e1 los objetivos <strong>estrat\u00e9gicos con los Objetivos de Desarrollo Sostenible de la Agenda 2030.<\/strong><\/p>\n\n\n\n<p>El acto ha contado con <strong>Ana Clop\u00e9s<\/strong>, directora del \u00e1rea del Medicamento del Servicio Catal\u00e1n de la Salud (CatSalut), que <strong>ha reconocido la labor diaria de los farmac\u00e9uticos y farmac\u00e9uticas<\/strong>, con la que <strong>demuestran \u201ceficacia, eficiencia y colaboraci\u00f3n con otros profesionales del sector salud<\/strong>\u201d. Asimismo, hizo alusi\u00f3n a los diferentes <strong>retos de futuro<\/strong> que tiene el sistema sanitario, como \u201c<strong>el binomio innovaci\u00f3n y sostenibilidad, la fragilidad, cronicidad y complejidad que estamos viviendo debido al progresivo envejecimiento de la poblaci\u00f3n y la transformaci\u00f3n digital<\/strong>\u201d.<\/p>\n\n\n\n<h2 class=\"wp-block-heading\"><strong>Una nueva Junta de Gobierno representativa del colectivo farmac\u00e9utico<\/strong><\/h2>\n\n\n\n<p>La Junta de Gobierno, proclamada electa el pasado 17 de abril, encara este mandato 2024-2028 \u201c<strong>con ilusi\u00f3n, con fundamentos s\u00f3lidos, con confianza, con cohesi\u00f3n y con un proyecto claro que permitir\u00e1 dar respuesta a los muchos retos que tenemos ante nosotros y que definir\u00e1n el futuro de la profesi\u00f3n<\/strong>\u201d, seg\u00fan describi\u00f3 Casas. La nueva Junta cuenta con <strong>22 farmac\u00e9uticos y farmac\u00e9uticas de los diferentes \u00e1mbitos de la profesi\u00f3n<\/strong>, un grupo que, en palabras del presidente, \u201c<strong>es muy representativo de nuestro colectivo, en lo que se refiere a la diversidad de edad, g\u00e9nero, territorio y \u00e1mbitos del ejercicio profesional<\/strong>\u201d.<\/p>\n\n\n\n<figure class=\"wp-block-image size-large\"><a href=\"https:\/\/blog.cofb.cat\/wp-content\/uploads\/2024\/04\/COFB_PRESA-DE-POSSESSIO-COFB_26042024_2.jpg\" target=\"_blank\" rel=\"noopener\"><img decoding=\"async\" src=\"https:\/\/blog.cofb.cat\/wp-content\/uploads\/2024\/04\/COFB_PRESA-DE-POSSESSIO-COFB_26042024_2-1024x683.jpg\" alt=\"\" class=\"wp-image-68979\"\/><\/a><\/figure>\n\n\n\n<p>Las <strong>nuevas incorporaciones<\/strong> se han producido en las <strong>vocal\u00edas de n\u00famero<\/strong>, <strong>Alimentaci\u00f3n y Nutrici\u00f3n<\/strong>,<strong> Atenci\u00f3n Primaria<\/strong>, <strong>Oficina de Farmacia<\/strong>, <strong>Ortopedia<\/strong> y <strong>Salud P\u00fablica<\/strong>. La relaci\u00f3n completa de los cargos de los miembros de la nueva Junta es la siguiente:&nbsp;<\/p>\n\n\n\n<h2 class=\"wp-block-heading\"><strong>Junta de Gobierno del COFB 2024-2028<\/strong><\/h2>\n\n\n\n<figure class=\"wp-block-image size-full is-resized\"><a href=\"https:\/\/blog.cofb.cat\/wp-content\/uploads\/2024\/04\/COFB_Farmaceutics-compromesos_17042024.jpg\" target=\"_blank\" rel=\"noopener\"><img fetchpriority=\"high\" decoding=\"async\" src=\"https:\/\/blog.cofb.cat\/wp-content\/uploads\/2024\/04\/COFB_Farmaceutics-compromesos_17042024.jpg\" alt=\"\" class=\"wp-image-68926\" width=\"712\" height=\"561\"\/><\/a><\/figure>\n\n\n\n<p><strong>Otras publicaciones de inter\u00e9s:<\/strong><\/p>\n\n\n\n<ul class=\"wp-block-list\"><li><a href=\"https:\/\/blog.cofb.cat\/blog\/2024\/04\/17\/la-candidatura-encapcalada-per-jordi-casas-guanya-les-eleccions-a-la-junta-de-govern-del-collegi-de-farmaceutics-de-barcelona\/\" target=\"_blank\" rel=\"noreferrer noopener\">Jordi Casas, reelegido presidente del Colegio de Farmac\u00e9uticos de Barcelona (Abril 2024)<\/a><\/li><li><a href=\"https:\/\/blog.cofb.cat\/blog\/2024\/03\/13\/comenca-la-campanya-electoral-per-a-les-eleccions-de-la-junta-de-govern-del-cofb-amb-dues-candidatures-proclamades\/\" target=\"_blank\" rel=\"noreferrer noopener\">Empieza la campa\u00f1a electoral para las elecciones de la Junta de Gobierno del COFB con dos candidaturas proclamadas (Marzo 2024))<\/a><\/li><li><a href=\"https:\/\/blog.cofb.cat\/blog\/2024\/02\/02\/el-collegi-convoca-eleccions-pel-proxim-17-dabril-i-comptara-amb-el-sistema-de-vot-remot-electronic-per-facilitar-la-participacio\/\" target=\"_blank\" rel=\"noreferrer noopener\">El Colegio convoca elecciones para el pr\u00f3ximo 17 de abril y contar\u00e1 con el sistema de voto remoto electr\u00f3nico para facilitar la participaci\u00f3n (Febrero 2024)<\/a><\/li><\/ul>","protected":false},"excerpt":{"rendered":"<p>Los miembros de la nueva Junta de Gobierno del Colegio de Farmac\u00e9uticos de Barcelona (COFB) han tomado posesi\u00f3n de sus cargos para el mandato comprendido entre 2024 y 2028, en un acto interno celebrado ayer, 25 de abril, en la Sal\u00f3n de Actos del Colegio. El presidente del COFB, Jordi [\u2026]<\/p>","protected":false},"author":1,"featured_media":78314,"comment_status":"open","ping_status":"open","sticky":false,"template":"","format":"standard","meta":{"_uag_custom_page_level_css":"","site-sidebar-layout":"default","site-content-layout":"","ast-site-content-layout":"default","site-content-style":"default","site-sidebar-style":"default","ast-global-header-display":"","ast-banner-title-visibility":"","ast-main-header-display":"","ast-hfb-above-header-display":"","ast-hfb-below-header-display":"","ast-hfb-mobile-header-display":"","site-post-title":"","ast-breadcrumbs-content":"","ast-featured-img":"disabled","footer-sml-layout":"","theme-transparent-header-meta":"","adv-header-id-meta":"","stick-header-meta":"","header-above-stick-meta":"","header-main-stick-meta":"","header-below-stick-meta":"","astra-migrate-meta-layouts":"set","ast-page-background-enabled":"default","ast-page-background-meta":{"desktop":{"background-color":"var(--ast-global-color-4)","background-image":"","background-repeat":"repeat","background-position":"center center","background-size":"auto","background-attachment":"scroll","background-type":"","background-media":"","overlay-type":"","overlay-color":"","overlay-opacity":"","overlay-gradient":""},"tablet":{"background-color":"","background-image":"","background-repeat":"repeat","background-position":"center center","background-size":"auto","background-attachment":"scroll","background-type":"","background-media":"","overlay-type":"","overlay-color":"","overlay-opacity":"","overlay-gradient":""},"mobile":{"background-color":"","background-image":"","background-repeat":"repeat","background-position":"center center","background-size":"auto","background-attachment":"scroll","background-type":"","background-media":"","overlay-type":"","overlay-color":"","overlay-opacity":"","overlay-gradient":""}},"ast-content-background-meta":{"desktop":{"background-color":"var(--ast-global-color-5)","background-image":"","background-repeat":"repeat","background-position":"center center","background-size":"auto","background-attachment":"scroll","background-type":"","background-media":"","overlay-type":"","overlay-color":"","overlay-opacity":"","overlay-gradient":""},"tablet":{"background-color":"var(--ast-global-color-5)","background-image":"","background-repeat":"repeat","background-position":"center center","background-size":"auto","background-attachment":"scroll","background-type":"","background-media":"","overlay-type":"","overlay-color":"","overlay-opacity":"","overlay-gradient":""},"mobile":{"background-color":"var(--ast-global-color-5)","background-image":"","background-repeat":"repeat","background-position":"center center","background-size":"auto","background-attachment":"scroll","background-type":"","background-media":"","overlay-type":"","overlay-color":"","overlay-opacity":"","overlay-gradient":""}},"footnotes":""},"categories":[23,57],"tags":[5005,18,356,3015,19,53,171,247,417,418,5006,5007,4262,2408],"class_list":["post-78244","post","type-post","status-publish","format-standard","has-post-thumbnail","hentry","category-destacats","category-mon-collegial","tag-2024-2028","tag-cofb","tag-collegi","tag-collegi-de-farmaceutics","tag-collegi-de-farmaceutics-de-barcelona","tag-farmaceutics","tag-farmaceutiques","tag-jordi-casas","tag-junta-de-govern","tag-junta-de-govern-del-cofb","tag-junta-de-govern-del-cofb-2024-2028","tag-mandat-2024-2028","tag-nova-junta","tag-presa-de-possessio"],"yoast_head":"<!-- This site is optimized with the Yoast SEO plugin v22.4 - https:\/\/yoast.com\/wordpress\/plugins\/seo\/ -->\n<title>La nova Junta de Govern del COF de Barcelona pren possessi\u00f3 per al mandat 2024-2028 - Col\u00b7legi de Farmac\u00e8utics de Barcelona<\/title>\n<meta name=\"description\" content=\"Els membres de la nova Junta de Govern del COFB han pres possessi\u00f3 dels seus c\u00e0rrecs per al mandat compr\u00e8s entre el 2024 i el 2028\" \/>\n<meta name=\"robots\" content=\"index, follow, max-snippet:-1, max-image-preview:large, max-video-preview:-1\" \/>\n<link rel=\"canonical\" href=\"https:\/\/novaorg.cofb.net\/2024\/04\/26\/la-nova-junta-de-govern-del-cof-de-barcelona-pren-possessio-per-al-mandat-2024-2028\/\" \/>\n<meta property=\"og:locale\" content=\"es_ES\" \/>\n<meta property=\"og:type\" content=\"article\" \/>\n<meta property=\"og:title\" content=\"La nova Junta de Govern del COF de Barcelona pren possessi\u00f3 per al mandat 2024-2028 - Col\u00b7legi de Farmac\u00e8utics de Barcelona\" \/>\n<meta property=\"og:description\" content=\"Els membres de la nova Junta de Govern del COFB han pres possessi\u00f3 dels seus c\u00e0rrecs per al mandat compr\u00e8s entre el 2024 i el 2028\" \/>\n<meta property=\"og:url\" content=\"https:\/\/novaorg.cofb.net\/2024\/04\/26\/la-nova-junta-de-govern-del-cof-de-barcelona-pren-possessio-per-al-mandat-2024-2028\/\" \/>\n<meta property=\"og:site_name\" content=\"Col\u00b7legi de Farmac\u00e8utics de Barcelona\" \/>\n<meta property=\"article:publisher\" content=\"https:\/\/www.facebook.com\/farmaceuticsbcn\/\" \/>\n<meta property=\"article:published_time\" content=\"2024-04-26T10:16:32+00:00\" \/>\n<meta property=\"article:modified_time\" content=\"2024-06-26T10:46:16+00:00\" \/>\n<meta property=\"og:image\" content=\"https:\/\/novaorg.cofb.net\/wp-content\/uploads\/2024\/04\/COFB_PRESA-DE-POSSESSIO-COFB_26042024_2.jpg\" \/>\n\t<meta property=\"og:image:width\" content=\"2362\" \/>\n\t<meta property=\"og:image:height\" content=\"1575\" \/>\n\t<meta property=\"og:image:type\" content=\"image\/jpeg\" \/>\n<meta name=\"author\" content=\"wpAdminCofbOrg\" \/>\n<meta name=\"twitter:card\" content=\"summary_large_image\" \/>\n<meta name=\"twitter:creator\" content=\"@farmaceuticsbcn\" \/>\n<meta name=\"twitter:site\" content=\"@farmaceuticsbcn\" \/>\n<meta name=\"twitter:label1\" content=\"Escrito por\" \/>\n\t<meta name=\"twitter:data1\" content=\"wpAdminCofbOrg\" \/>\n\t<meta name=\"twitter:label2\" content=\"Tiempo de lectura\" \/>\n\t<meta name=\"twitter:data2\" content=\"5 minutos\" \/>\n<script type=\"application\/ld+json\" class=\"yoast-schema-graph\">{\"@context\":\"https:\/\/schema.org\",\"@graph\":[{\"@type\":\"Article\",\"@id\":\"https:\/\/novaorg.cofb.net\/2024\/04\/26\/la-nova-junta-de-govern-del-cof-de-barcelona-pren-possessio-per-al-mandat-2024-2028\/#article\",\"isPartOf\":{\"@id\":\"https:\/\/novaorg.cofb.net\/2024\/04\/26\/la-nova-junta-de-govern-del-cof-de-barcelona-pren-possessio-per-al-mandat-2024-2028\/\"},\"author\":{\"name\":\"wpAdminCofbOrg\",\"@id\":\"https:\/\/www.cofb.org\/#\/schema\/person\/22ed7eea88da74b0fa4d3154ad87ffcb\"},\"headline\":\"La nova Junta de Govern del COF de Barcelona pren possessi\u00f3 per al mandat 2024-2028\",\"datePublished\":\"2024-04-26T10:16:32+00:00\",\"dateModified\":\"2024-06-26T10:46:16+00:00\",\"mainEntityOfPage\":{\"@id\":\"https:\/\/novaorg.cofb.net\/2024\/04\/26\/la-nova-junta-de-govern-del-cof-de-barcelona-pren-possessio-per-al-mandat-2024-2028\/\"},\"wordCount\":634,\"commentCount\":0,\"publisher\":{\"@id\":\"https:\/\/www.cofb.org\/#organization\"},\"image\":{\"@id\":\"https:\/\/novaorg.cofb.net\/2024\/04\/26\/la-nova-junta-de-govern-del-cof-de-barcelona-pren-possessio-per-al-mandat-2024-2028\/#primaryimage\"},\"thumbnailUrl\":\"https:\/\/www.cofb.org\/wp-content\/uploads\/2024\/04\/COFB_PRESA-DE-POSSESSIO-COFB_26042024_2.jpg\",\"keywords\":[\"2024-2028\",\"COFB\",\"Col\u00b7legi\",\"Col\u00b7legi de Farmac\u00e8utics\",\"Col\u00b7legi de Farmac\u00e8utics de Barcelona\",\"farmac\u00e8utics\",\"farmac\u00e8utiques\",\"Jordi Casas\",\"Junta de Govern\",\"Junta de Govern del COFB\",\"Junta de Govern del COFB 2024-2028\",\"mandat 2024-2028\",\"nova Junta\",\"presa de possessi\u00f3\"],\"articleSection\":[\"Destacats\",\"M\u00f3n col\u00b7legial\"],\"inLanguage\":\"es\",\"potentialAction\":[{\"@type\":\"CommentAction\",\"name\":\"Comment\",\"target\":[\"https:\/\/novaorg.cofb.net\/2024\/04\/26\/la-nova-junta-de-govern-del-cof-de-barcelona-pren-possessio-per-al-mandat-2024-2028\/#respond\"]}]},{\"@type\":\"WebPage\",\"@id\":\"https:\/\/novaorg.cofb.net\/2024\/04\/26\/la-nova-junta-de-govern-del-cof-de-barcelona-pren-possessio-per-al-mandat-2024-2028\/\",\"url\":\"https:\/\/novaorg.cofb.net\/2024\/04\/26\/la-nova-junta-de-govern-del-cof-de-barcelona-pren-possessio-per-al-mandat-2024-2028\/\",\"name\":\"La nova Junta de Govern del COF de Barcelona pren possessi\u00f3 per al mandat 2024-2028 - Col\u00b7legi de Farmac\u00e8utics de Barcelona\",\"isPartOf\":{\"@id\":\"https:\/\/www.cofb.org\/#website\"},\"primaryImageOfPage\":{\"@id\":\"https:\/\/novaorg.cofb.net\/2024\/04\/26\/la-nova-junta-de-govern-del-cof-de-barcelona-pren-possessio-per-al-mandat-2024-2028\/#primaryimage\"},\"image\":{\"@id\":\"https:\/\/novaorg.cofb.net\/2024\/04\/26\/la-nova-junta-de-govern-del-cof-de-barcelona-pren-possessio-per-al-mandat-2024-2028\/#primaryimage\"},\"thumbnailUrl\":\"https:\/\/www.cofb.org\/wp-content\/uploads\/2024\/04\/COFB_PRESA-DE-POSSESSIO-COFB_26042024_2.jpg\",\"datePublished\":\"2024-04-26T10:16:32+00:00\",\"dateModified\":\"2024-06-26T10:46:16+00:00\",\"description\":\"Els membres de la nova Junta de Govern del COFB han pres possessi\u00f3 dels seus c\u00e0rrecs per al mandat compr\u00e8s entre el 2024 i el 2028\",\"breadcrumb\":{\"@id\":\"https:\/\/novaorg.cofb.net\/2024\/04\/26\/la-nova-junta-de-govern-del-cof-de-barcelona-pren-possessio-per-al-mandat-2024-2028\/#breadcrumb\"},\"inLanguage\":\"es\",\"potentialAction\":[{\"@type\":\"ReadAction\",\"target\":[\"https:\/\/novaorg.cofb.net\/2024\/04\/26\/la-nova-junta-de-govern-del-cof-de-barcelona-pren-possessio-per-al-mandat-2024-2028\/\"]}]},{\"@type\":\"ImageObject\",\"inLanguage\":\"es\",\"@id\":\"https:\/\/novaorg.cofb.net\/2024\/04\/26\/la-nova-junta-de-govern-del-cof-de-barcelona-pren-possessio-per-al-mandat-2024-2028\/#primaryimage\",\"url\":\"https:\/\/www.cofb.org\/wp-content\/uploads\/2024\/04\/COFB_PRESA-DE-POSSESSIO-COFB_26042024_2.jpg\",\"contentUrl\":\"https:\/\/www.cofb.org\/wp-content\/uploads\/2024\/04\/COFB_PRESA-DE-POSSESSIO-COFB_26042024_2.jpg\",\"width\":2362,\"height\":1575},{\"@type\":\"BreadcrumbList\",\"@id\":\"https:\/\/novaorg.cofb.net\/2024\/04\/26\/la-nova-junta-de-govern-del-cof-de-barcelona-pren-possessio-per-al-mandat-2024-2028\/#breadcrumb\",\"itemListElement\":[{\"@type\":\"ListItem\",\"position\":1,\"name\":\"Inici\",\"item\":\"https:\/\/novaorg.cofb.net\/\"},{\"@type\":\"ListItem\",\"position\":2,\"name\":\"La nova Junta de Govern del COF de Barcelona pren possessi\u00f3 per al mandat 2024-2028\"}]},{\"@type\":\"WebSite\",\"@id\":\"https:\/\/www.cofb.org\/#website\",\"url\":\"https:\/\/www.cofb.org\/\",\"name\":\"Col\u00b7legi de Farmac\u00e8utics de Barcelona\",\"description\":\"\",\"publisher\":{\"@id\":\"https:\/\/www.cofb.org\/#organization\"},\"potentialAction\":[{\"@type\":\"SearchAction\",\"target\":{\"@type\":\"EntryPoint\",\"urlTemplate\":\"https:\/\/www.cofb.org\/?s={search_term_string}\"},\"query-input\":\"required name=search_term_string\"}],\"inLanguage\":\"es\"},{\"@type\":\"Organization\",\"@id\":\"https:\/\/www.cofb.org\/#organization\",\"name\":\"Col\u00b7legi de Farmac\u00e8utics de Barcelona\",\"url\":\"https:\/\/www.cofb.org\/\",\"logo\":{\"@type\":\"ImageObject\",\"inLanguage\":\"es\",\"@id\":\"https:\/\/www.cofb.org\/#\/schema\/logo\/image\/\",\"url\":\"https:\/\/www.cofb.org\/wp-content\/uploads\/2023\/11\/cropped-Logotip-COFB.png\",\"contentUrl\":\"https:\/\/www.cofb.org\/wp-content\/uploads\/2023\/11\/cropped-Logotip-COFB.png\",\"width\":500,\"height\":105,\"caption\":\"Col\u00b7legi de Farmac\u00e8utics de Barcelona\"},\"image\":{\"@id\":\"https:\/\/www.cofb.org\/#\/schema\/logo\/image\/\"},\"sameAs\":[\"https:\/\/www.facebook.com\/farmaceuticsbcn\/\",\"https:\/\/twitter.com\/farmaceuticsbcn\",\"https:\/\/www.instagram.com\/farmaceuticsbcn\/\",\"https:\/\/www.linkedin.com\/company\/farmaceuticsbcn\/\"]},{\"@type\":\"Person\",\"@id\":\"https:\/\/www.cofb.org\/#\/schema\/person\/22ed7eea88da74b0fa4d3154ad87ffcb\",\"name\":\"wpAdminCofbOrg\",\"image\":{\"@type\":\"ImageObject\",\"inLanguage\":\"es\",\"@id\":\"https:\/\/www.cofb.org\/#\/schema\/person\/image\/\",\"url\":\"https:\/\/secure.gravatar.com\/avatar\/1721b20b3b8ca882c3b56ec6c978c594fff670e40c0718e9190eaeeb76aae7d8?s=96&d=mm&r=g\",\"contentUrl\":\"https:\/\/secure.gravatar.com\/avatar\/1721b20b3b8ca882c3b56ec6c978c594fff670e40c0718e9190eaeeb76aae7d8?s=96&d=mm&r=g\",\"caption\":\"wpAdminCofbOrg\"},\"sameAs\":[\"http:\/\/192.168.64.122\/wordpress\"],\"url\":\"https:\/\/www.cofb.org\/es\/author\/wpadmincofborg\/\"}]}<\/script>\n<!-- \/ Yoast SEO plugin. -->","yoast_head_json":{"title":"La nova Junta de Govern del COF de Barcelona pren possessi\u00f3 per al mandat 2024-2028 - Col\u00b7legi de Farmac\u00e8utics de Barcelona","description":"Els membres de la nova Junta de Govern del COFB han pres possessi\u00f3 dels seus c\u00e0rrecs per al mandat compr\u00e8s entre el 2024 i el 2028","robots":{"index":"index","follow":"follow","max-snippet":"max-snippet:-1","max-image-preview":"max-image-preview:large","max-video-preview":"max-video-preview:-1"},"canonical":"https:\/\/novaorg.cofb.net\/2024\/04\/26\/la-nova-junta-de-govern-del-cof-de-barcelona-pren-possessio-per-al-mandat-2024-2028\/","og_locale":"es_ES","og_type":"article","og_title":"La nova Junta de Govern del COF de Barcelona pren possessi\u00f3 per al mandat 2024-2028 - Col\u00b7legi de Farmac\u00e8utics de Barcelona","og_description":"Els membres de la nova Junta de Govern del COFB han pres possessi\u00f3 dels seus c\u00e0rrecs per al mandat compr\u00e8s entre el 2024 i el 2028","og_url":"https:\/\/novaorg.cofb.net\/2024\/04\/26\/la-nova-junta-de-govern-del-cof-de-barcelona-pren-possessio-per-al-mandat-2024-2028\/","og_site_name":"Col\u00b7legi de Farmac\u00e8utics de Barcelona","article_publisher":"https:\/\/www.facebook.com\/farmaceuticsbcn\/","article_published_time":"2024-04-26T10:16:32+00:00","article_modified_time":"2024-06-26T10:46:16+00:00","og_image":[{"width":2362,"height":1575,"url":"https:\/\/novaorg.cofb.net\/wp-content\/uploads\/2024\/04\/COFB_PRESA-DE-POSSESSIO-COFB_26042024_2.jpg","type":"image\/jpeg"}],"author":"wpAdminCofbOrg","twitter_card":"summary_large_image","twitter_creator":"@farmaceuticsbcn","twitter_site":"@farmaceuticsbcn","twitter_misc":{"Escrito por":"wpAdminCofbOrg","Tiempo de lectura":"5 minutos"},"schema":{"@context":"https:\/\/schema.org","@graph":[{"@type":"Article","@id":"https:\/\/novaorg.cofb.net\/2024\/04\/26\/la-nova-junta-de-govern-del-cof-de-barcelona-pren-possessio-per-al-mandat-2024-2028\/#article","isPartOf":{"@id":"https:\/\/novaorg.cofb.net\/2024\/04\/26\/la-nova-junta-de-govern-del-cof-de-barcelona-pren-possessio-per-al-mandat-2024-2028\/"},"author":{"name":"wpAdminCofbOrg","@id":"https:\/\/www.cofb.org\/#\/schema\/person\/22ed7eea88da74b0fa4d3154ad87ffcb"},"headline":"La nova Junta de Govern del COF de Barcelona pren possessi\u00f3 per al mandat 2024-2028","datePublished":"2024-04-26T10:16:32+00:00","dateModified":"2024-06-26T10:46:16+00:00","mainEntityOfPage":{"@id":"https:\/\/novaorg.cofb.net\/2024\/04\/26\/la-nova-junta-de-govern-del-cof-de-barcelona-pren-possessio-per-al-mandat-2024-2028\/"},"wordCount":634,"commentCount":0,"publisher":{"@id":"https:\/\/www.cofb.org\/#organization"},"image":{"@id":"https:\/\/novaorg.cofb.net\/2024\/04\/26\/la-nova-junta-de-govern-del-cof-de-barcelona-pren-possessio-per-al-mandat-2024-2028\/#primaryimage"},"thumbnailUrl":"https:\/\/www.cofb.org\/wp-content\/uploads\/2024\/04\/COFB_PRESA-DE-POSSESSIO-COFB_26042024_2.jpg","keywords":["2024-2028","COFB","Col\u00b7legi","Col\u00b7legi de Farmac\u00e8utics","Col\u00b7legi de Farmac\u00e8utics de Barcelona","farmac\u00e8utics","farmac\u00e8utiques","Jordi Casas","Junta de Govern","Junta de Govern del COFB","Junta de Govern del COFB 2024-2028","mandat 2024-2028","nova Junta","presa de possessi\u00f3"],"articleSection":["Destacats","M\u00f3n col\u00b7legial"],"inLanguage":"es","potentialAction":[{"@type":"CommentAction","name":"Comment","target":["https:\/\/novaorg.cofb.net\/2024\/04\/26\/la-nova-junta-de-govern-del-cof-de-barcelona-pren-possessio-per-al-mandat-2024-2028\/#respond"]}]},{"@type":"WebPage","@id":"https:\/\/novaorg.cofb.net\/2024\/04\/26\/la-nova-junta-de-govern-del-cof-de-barcelona-pren-possessio-per-al-mandat-2024-2028\/","url":"https:\/\/novaorg.cofb.net\/2024\/04\/26\/la-nova-junta-de-govern-del-cof-de-barcelona-pren-possessio-per-al-mandat-2024-2028\/","name":"La nova Junta de Govern del COF de Barcelona pren possessi\u00f3 per al mandat 2024-2028 - Col\u00b7legi de Farmac\u00e8utics de Barcelona","isPartOf":{"@id":"https:\/\/www.cofb.org\/#website"},"primaryImageOfPage":{"@id":"https:\/\/novaorg.cofb.net\/2024\/04\/26\/la-nova-junta-de-govern-del-cof-de-barcelona-pren-possessio-per-al-mandat-2024-2028\/#primaryimage"},"image":{"@id":"https:\/\/novaorg.cofb.net\/2024\/04\/26\/la-nova-junta-de-govern-del-cof-de-barcelona-pren-possessio-per-al-mandat-2024-2028\/#primaryimage"},"thumbnailUrl":"https:\/\/www.cofb.org\/wp-content\/uploads\/2024\/04\/COFB_PRESA-DE-POSSESSIO-COFB_26042024_2.jpg","datePublished":"2024-04-26T10:16:32+00:00","dateModified":"2024-06-26T10:46:16+00:00","description":"Els membres de la nova Junta de Govern del COFB han pres possessi\u00f3 dels seus c\u00e0rrecs per al mandat compr\u00e8s entre el 2024 i el 2028","breadcrumb":{"@id":"https:\/\/novaorg.cofb.net\/2024\/04\/26\/la-nova-junta-de-govern-del-cof-de-barcelona-pren-possessio-per-al-mandat-2024-2028\/#breadcrumb"},"inLanguage":"es","potentialAction":[{"@type":"ReadAction","target":["https:\/\/novaorg.cofb.net\/2024\/04\/26\/la-nova-junta-de-govern-del-cof-de-barcelona-pren-possessio-per-al-mandat-2024-2028\/"]}]},{"@type":"ImageObject","inLanguage":"es","@id":"https:\/\/novaorg.cofb.net\/2024\/04\/26\/la-nova-junta-de-govern-del-cof-de-barcelona-pren-possessio-per-al-mandat-2024-2028\/#primaryimage","url":"https:\/\/www.cofb.org\/wp-content\/uploads\/2024\/04\/COFB_PRESA-DE-POSSESSIO-COFB_26042024_2.jpg","contentUrl":"https:\/\/www.cofb.org\/wp-content\/uploads\/2024\/04\/COFB_PRESA-DE-POSSESSIO-COFB_26042024_2.jpg","width":2362,"height":1575},{"@type":"BreadcrumbList","@id":"https:\/\/novaorg.cofb.net\/2024\/04\/26\/la-nova-junta-de-govern-del-cof-de-barcelona-pren-possessio-per-al-mandat-2024-2028\/#breadcrumb","itemListElement":[{"@type":"ListItem","position":1,"name":"Inici","item":"https:\/\/novaorg.cofb.net\/"},{"@type":"ListItem","position":2,"name":"La nova Junta de Govern del COF de Barcelona pren possessi\u00f3 per al mandat 2024-2028"}]},{"@type":"WebSite","@id":"https:\/\/www.cofb.org\/#website","url":"https:\/\/www.cofb.org\/","name":"Col\u00b7legi de Farmac\u00e8utics de Barcelona","description":"","publisher":{"@id":"https:\/\/www.cofb.org\/#organization"},"potentialAction":[{"@type":"SearchAction","target":{"@type":"EntryPoint","urlTemplate":"https:\/\/www.cofb.org\/?s={search_term_string}"},"query-input":"required name=search_term_string"}],"inLanguage":"es"},{"@type":"Organization","@id":"https:\/\/www.cofb.org\/#organization","name":"Col\u00b7legi de Farmac\u00e8utics de Barcelona","url":"https:\/\/www.cofb.org\/","logo":{"@type":"ImageObject","inLanguage":"es","@id":"https:\/\/www.cofb.org\/#\/schema\/logo\/image\/","url":"https:\/\/www.cofb.org\/wp-content\/uploads\/2023\/11\/cropped-Logotip-COFB.png","contentUrl":"https:\/\/www.cofb.org\/wp-content\/uploads\/2023\/11\/cropped-Logotip-COFB.png","width":500,"height":105,"caption":"Col\u00b7legi de Farmac\u00e8utics de Barcelona"},"image":{"@id":"https:\/\/www.cofb.org\/#\/schema\/logo\/image\/"},"sameAs":["https:\/\/www.facebook.com\/farmaceuticsbcn\/","https:\/\/twitter.com\/farmaceuticsbcn","https:\/\/www.instagram.com\/farmaceuticsbcn\/","https:\/\/www.linkedin.com\/company\/farmaceuticsbcn\/"]},{"@type":"Person","@id":"https:\/\/www.cofb.org\/#\/schema\/person\/22ed7eea88da74b0fa4d3154ad87ffcb","name":"wpAdminCofbOrg","image":{"@type":"ImageObject","inLanguage":"es","@id":"https:\/\/www.cofb.org\/#\/schema\/person\/image\/","url":"https:\/\/secure.gravatar.com\/avatar\/1721b20b3b8ca882c3b56ec6c978c594fff670e40c0718e9190eaeeb76aae7d8?s=96&d=mm&r=g","contentUrl":"https:\/\/secure.gravatar.com\/avatar\/1721b20b3b8ca882c3b56ec6c978c594fff670e40c0718e9190eaeeb76aae7d8?s=96&d=mm&r=g","caption":"wpAdminCofbOrg"},"sameAs":["http:\/\/192.168.64.122\/wordpress"],"url":"https:\/\/www.cofb.org\/es\/author\/wpadmincofborg\/"}]}},"uagb_featured_image_src":{"full":["https:\/\/www.cofb.org\/wp-content\/uploads\/2024\/04\/COFB_PRESA-DE-POSSESSIO-COFB_26042024_2.jpg",2362,1575,false],"thumbnail":["https:\/\/www.cofb.org\/wp-content\/uploads\/2024\/04\/COFB_PRESA-DE-POSSESSIO-COFB_26042024_2-150x150.jpg",150,150,true],"medium":["https:\/\/www.cofb.org\/wp-content\/uploads\/2024\/04\/COFB_PRESA-DE-POSSESSIO-COFB_26042024_2-300x200.jpg",300,200,true],"medium_large":["https:\/\/www.cofb.org\/wp-content\/uploads\/2024\/04\/COFB_PRESA-DE-POSSESSIO-COFB_26042024_2-768x512.jpg",768,512,true],"large":["https:\/\/www.cofb.org\/wp-content\/uploads\/2024\/04\/COFB_PRESA-DE-POSSESSIO-COFB_26042024_2-1024x683.jpg",1024,683,true],"1536x1536":["https:\/\/www.cofb.org\/wp-content\/uploads\/2024\/04\/COFB_PRESA-DE-POSSESSIO-COFB_26042024_2-1536x1024.jpg",1536,1024,true],"2048x2048":["https:\/\/www.cofb.org\/wp-content\/uploads\/2024\/04\/COFB_PRESA-DE-POSSESSIO-COFB_26042024_2-2048x1366.jpg",2048,1366,true],"trp-custom-language-flag":["https:\/\/www.cofb.org\/wp-content\/uploads\/2024\/04\/COFB_PRESA-DE-POSSESSIO-COFB_26042024_2-18x12.jpg",18,12,true]},"uagb_author_info":{"display_name":"wpAdminCofbOrg","author_link":"https:\/\/www.cofb.org\/es\/author\/wpadmincofborg\/"},"uagb_comment_info":0,"uagb_excerpt":"Els membres de la nova Junta de Govern del Col\u00b7legi de Farmac\u00e8utics de Barcelona (COFB) han pres possessi\u00f3 dels seus c\u00e0rrecs per al mandat compr\u00e8s entre el 2024 i el 2028, en un acte intern celebrat ahir, 25 d\u2019abril, a la Sala d\u2019Actes del Col\u00b7legi. El president del COFB, Jordi [&hellip;]","_links":{"self":[{"href":"https:\/\/www.cofb.org\/es\/wp-json\/wp\/v2\/posts\/78244","targetHints":{"allow":["GET"]}}],"collection":[{"href":"https:\/\/www.cofb.org\/es\/wp-json\/wp\/v2\/posts"}],"about":[{"href":"https:\/\/www.cofb.org\/es\/wp-json\/wp\/v2\/types\/post"}],"author":[{"embeddable":true,"href":"https:\/\/www.cofb.org\/es\/wp-json\/wp\/v2\/users\/1"}],"replies":[{"embeddable":true,"href":"https:\/\/www.cofb.org\/es\/wp-json\/wp\/v2\/comments?post=78244"}],"version-history":[{"count":1,"href":"https:\/\/www.cofb.org\/es\/wp-json\/wp\/v2\/posts\/78244\/revisions"}],"predecessor-version":[{"id":78315,"href":"https:\/\/www.cofb.org\/es\/wp-json\/wp\/v2\/posts\/78244\/revisions\/78315"}],"wp:featuredmedia":[{"embeddable":true,"href":"https:\/\/www.cofb.org\/es\/wp-json\/wp\/v2\/media\/78314"}],"wp:attachment":[{"href":"https:\/\/www.cofb.org\/es\/wp-json\/wp\/v2\/media?parent=78244"}],"wp:term":[{"taxonomy":"category","embeddable":true,"href":"https:\/\/www.cofb.org\/es\/wp-json\/wp\/v2\/categories?post=78244"},{"taxonomy":"post_tag","embeddable":true,"href":"https:\/\/www.cofb.org\/es\/wp-json\/wp\/v2\/tags?post=78244"}],"curies":[{"name":"wp","href":"https:\/\/api.w.org\/{rel}","templated":true}]}}