{"id":78243,"date":"2024-04-29T18:22:15","date_gmt":"2024-04-29T16:22:15","guid":{"rendered":"https:\/\/blog.cofb.cat\/?p=68960"},"modified":"2024-06-26T10:44:44","modified_gmt":"2024-06-26T10:44:44","slug":"nova-tertulia-dactualitat-al-cofb-sobre-la-prevencio-i-el-tractament-del-virus-del-papilloma-huma-vph","status":"publish","type":"post","link":"https:\/\/www.cofb.org\/es\/2024\/04\/29\/nova-tertulia-dactualitat-al-cofb-sobre-la-prevencio-i-el-tractament-del-virus-del-papilloma-huma-vph\/","title":{"rendered":"Nueva tertulia de actualidad en el COFB sobre la prevenci\u00f3n y el tratamiento del virus del papiloma humano (VPH)"},"content":{"rendered":"<p>El pasado 10 de abril, el <strong>Col\u00b7legi de Farmac\u00e8utics de Barcelona (COFB)<\/strong> organiz\u00f3 la <strong>tertulia de actualidad \u201cVirus del papiloma humano: prevenci\u00f3n y tratamiento\u201d<\/strong>, con el patrocinio de <a href=\"https:\/\/www.msd.es\/\" target=\"_blank\" rel=\"noreferrer noopener\">MSD<\/a>. La tertulia cont\u00f3 con la intervenci\u00f3n de <strong>Maria Brotons<\/strong> y <strong>Paula Peremiquel<\/strong>, m\u00e9dicos especialistas en Medicina Preventiva y Salud P\u00fablica del programa de investigaci\u00f3n en epidemiolog\u00eda del c\u00e1ncer en la Unidad de Infecciones y C\u00e1ncer del Instituto Catal\u00e1n de Oncolog\u00eda (ICO), y <strong>Marta del Pino<\/strong>, ginec\u00f3loga, consultora en la unidad de Ginecolog\u00eda del Hospital Cl\u00ednic de Barcelona y profesora asociada de la Universidad de Barcelona (UB). La vocal del COFB, <strong>Laura Gom\u00e0<\/strong>, moder\u00f3 la sesi\u00f3n.<\/p>\n\n\n\n<figure class=\"wp-block-image size-large\"><a href=\"https:\/\/blog.cofb.cat\/wp-content\/uploads\/2024\/04\/COFB_VPH_25042024_0-scaled.jpg\" target=\"_blank\" rel=\"noopener\"><img decoding=\"async\" src=\"https:\/\/blog.cofb.cat\/wp-content\/uploads\/2024\/04\/COFB_VPH_25042024_0-1024x576.jpg\" alt=\"\" class=\"wp-image-68966\"\/><\/a><\/figure>\n\n\n\n<p>Los <strong>objetivos <\/strong>de la tertulia fueron profundizar en los <strong>aspectos microbiol\u00f3gicos y epidemiol\u00f3gicos del virus del papiloma humano (VPH)<\/strong>, conocer la <strong>historia natural de la infecci\u00f3n<\/strong> y el <strong>proceso carcin\u00f3geno<\/strong> y abordar las <strong>estrategias de prevenci\u00f3n<\/strong> (cribado y vacunaci\u00f3n) y el <strong>tratamiento<\/strong>.<\/p>\n\n\n\n<p>La vocal del COFB, <strong>Laura Gom\u00e0<\/strong>, present\u00f3 la tertulia de actualidad sobre el virus del papiloma humano (VPH), \u201cque, actualmente,<strong> es la infecci\u00f3n de transmisi\u00f3n sexual m\u00e1s frecuente<\/strong> y todav\u00eda <strong>con mucho desconocimiento entre la poblaci\u00f3n<\/strong>\u201d. Sobre el VPH, a\u00f1adi\u00f3 que &quot;sus serotipos juegan un papel muy importante en el desarrollo del c\u00e1ncer de cuello uterino&quot;.<\/p>\n\n\n\n<figure class=\"wp-block-image size-large\"><a href=\"https:\/\/blog.cofb.cat\/wp-content\/uploads\/2024\/04\/COFB_VPH_25042024_1-scaled.jpg\" target=\"_blank\" rel=\"noopener\"><img decoding=\"async\" src=\"https:\/\/blog.cofb.cat\/wp-content\/uploads\/2024\/04\/COFB_VPH_25042024_1-1024x576.jpg\" alt=\"D'esquerra a dreta: Maria Brotons, Paula Peremiquel, Laura Gom\u00e0 i Marta del Pino.\" class=\"wp-image-68967\" title=\"De izquierda a derecha: Maria Brotons, Paula Peremiquel, Laura Gom\u00e0 y Marta del Pino.\"\/><\/a><figcaption>De izquierda a derecha: Maria Brotons, Paula Peremiquel, Laura Gom\u00e0 y Marta del Pino.<\/figcaption><\/figure>\n\n\n\n<h2 class=\"wp-block-heading\"><strong>Historia natural del VPH y vacunas existentes<\/strong><\/h2>\n\n\n\n<p>En primer lugar, intervino <strong>Maria Brotons<\/strong>, doctora especialista en Medicina Preventiva y Salud P\u00fablica del programa de investigaci\u00f3n en epidemiolog\u00eda del c\u00e1ncer en la Unidad de Infecciones y C\u00e1ncer del ICO, que puntualiz\u00f3 que \u201ccuando hablamos del <strong>virus del papiloma humano, hablamos de un conjunto de virus <\/strong>que forman parte de una misma familia y <strong>se han identificado m\u00e1s de 200 genotipos del VPH<\/strong>\u201d. La doctora va <strong>clasificar los genotipos<\/strong> entre los <strong>cut\u00e1neos<\/strong> y los <strong>mucosales. <\/strong>De los \u00faltimos, los mucosales, indic\u00f3 que \u201c<strong>son los que se transmiten por transmisi\u00f3n sexual o vertical (canal de parto)<\/strong>\u201d y pueden ser de <strong>bajo riesgo<\/strong> (no oncog\u00e9nicos) o de<strong>alto riesgo <\/strong>(oncog\u00e9nicos).<\/p>\n\n\n\n<figure class=\"wp-block-image size-large\"><a href=\"https:\/\/blog.cofb.cat\/wp-content\/uploads\/2024\/04\/COFB_VPH_25042024_2-scaled.jpg\" target=\"_blank\" rel=\"noopener\"><img decoding=\"async\" src=\"https:\/\/blog.cofb.cat\/wp-content\/uploads\/2024\/04\/COFB_VPH_25042024_2-1024x576.jpg\" alt=\"Maria Brotons en un moment de la seva intervenci\u00f3.\" class=\"wp-image-68968\" title=\"Maria Brotons en un momento de su intervenci\u00f3n.\"\/><\/a><figcaption>Maria Brotons en un momento de su intervenci\u00f3n.<\/figcaption><\/figure>\n\n\n\n<p>La doctora especific\u00f3 que \u201c<strong>8 de cada 10 personas sexualmente activas se infectar\u00e1n en alg\u00fan momento de sus vidas del VPH<\/strong>\u201d. De \u00e9stas, en<strong> \u201c9 de cada 10 casos resolver\u00e1n la infecci\u00f3n por s\u00ed solas sin s\u00edntomas ni lesiones<\/strong>\u201d, dijo. Sin embargo, Brotons coment\u00f3 <strong>que la infecci\u00f3n de VPH es \u201cla causa principal y necesaria para el desarrollo del c\u00e1ncer de cuello uterino<\/strong>\u201d, aunque asegur\u00f3 que \u201c<strong>estar infectado no implica tener un c\u00e1ncer y no todos los tipos de VPH lo provocan<\/strong>\u201d. Seguidamente, detall\u00f3 c\u00f3mo se <strong>desarrolla un c\u00e1ncer de cuello uterino<\/strong>, cu\u00e1l es la <strong>carga de este c\u00e1ncer y otros c\u00e1nceres<\/strong> causados por el VPH, as\u00ed como las <strong>vacunas existentes<\/strong>, que \u201c<strong>son la prevenci\u00f3n primaria del c\u00e1ncer de cuello uterino<\/strong>\u201d, el programa de vacunaci\u00f3n contra el VPH en Catalu\u00f1a, la seguridad de las vacunas, las reacciones adversas posteriores y cu\u00e1l es la evaluaci\u00f3n del impacto de la vacunaci\u00f3n. La doctora especialista en medicina preventiva concluy\u00f3 afirmando que \u201c<strong>se ha demostrado un elevado impacto de la vacunaci\u00f3n del virus del papiloma humano<\/strong> en la <strong>reducci\u00f3n de la prevalencia de infecci\u00f3n<\/strong> por los tipos vacunales, la <strong>incidencia de verrugas anogenitales<\/strong>, la <strong>prevalencia de lesiones precancerosas de c\u00e9rvix, vulva, vagina y ano<\/strong> y la <strong>incidencia de c\u00e1ncer de cuello uterino<\/strong> en mujeres de hasta 30 a\u00f1os\u201d.<\/p>\n\n\n\n<h2 class=\"wp-block-heading\"><strong>La detecci\u00f3n precoz del c\u00e1ncer de cuello uterino<\/strong><\/h2>\n\n\n\n<p>Seguidamente, la doctora especialista en Medicina Preventiva y Salud P\u00fablica del programa de investigaci\u00f3n en epidemiolog\u00eda del c\u00e1ncer en la Unidad de Infecciones y C\u00e1ncer del Instituto Catal\u00e1n de Oncolog\u00eda (ICO), <strong>Paula Peremiquel<\/strong>, se centr\u00f3 en la <strong>detecci\u00f3n precoz o cribado <\/strong>que \u201c<strong>es la prevenci\u00f3n secundaria del c\u00e1ncer de cuello uterino<\/strong>\u201d. Peremiquel expuso cu\u00e1l es la situaci\u00f3n del <strong>cribado<\/strong> de c\u00e1ncer de cuello uterino, que \u201c<strong>tiene por objetivo la detecci\u00f3n de las lesiones precancerosas antes de que progresen a un c\u00e1ncer<\/strong>\u201d. Entre las <strong>herramientas que existen para la detecci\u00f3n<\/strong>, la doctora hizo referencia a las <strong>citolog\u00edas<\/strong> para \u201cdetectar las lesiones premalignas que podr\u00edan ir evolucionando, pero tambi\u00e9n tenemos herramientas diagn\u00f3sticas nuevas como son las <strong>pruebas de detecci\u00f3n del virus del papiloma humano<\/strong>\u201d. En este sentido, la doctora indic\u00f3 que <strong>&quot;son pruebas que permiten un cribado de mejor calidad y m\u00e1s efectivo&quot;<\/strong>, puesto que son mucho m\u00e1s sensibles para detectar la enfermedad, m\u00e1s reproducibles y m\u00e1s objetivas. Sin embargo, a\u00f1adi\u00f3 que <strong>\u201cson m\u00e1s fiables y no hace falta repetirlas tan a menudo<\/strong>, esto permite alargar los intervalos de cribado pasando de 3 a cada 5 a\u00f1os\u201d; y, en laboratorio, permite &quot;automatizar el procedimiento y procesar grandes vol\u00famenes de muestras&quot; y &quot;obtener resultados por genotipo&quot;.<\/p>\n\n\n\n<figure class=\"wp-block-image size-large\"><a href=\"https:\/\/blog.cofb.cat\/wp-content\/uploads\/2024\/04\/COFB_VPH_25042024_3-scaled.jpg\" target=\"_blank\" rel=\"noopener\"><img decoding=\"async\" src=\"https:\/\/blog.cofb.cat\/wp-content\/uploads\/2024\/04\/COFB_VPH_25042024_3-1024x576.jpg\" alt=\"Paula Peremiquel durant la seva exposici\u00f3 sobre la detecci\u00f3 preco\u00e7 del c\u00e0ncer de coll uter\u00ed.\" class=\"wp-image-68969\" title=\"Paula Peremiquel durante su exposici\u00f3n sobre la detecci\u00f3n precoz del c\u00e1ncer de cuello uterino.\"\/><\/a><figcaption>Paula Peremiquel durante su exposici\u00f3n sobre la detecci\u00f3n precoz del c\u00e1ncer de cuello uterino.<\/figcaption><\/figure>\n\n\n\n<p>Por otra parte, Paula Peremiquel repas\u00f3 la <strong>historia del cribado del VPH en Catalu\u00f1a<\/strong>, el <strong>nuevo protocolo de noviembre de 2023<\/strong> y las <strong>principales novedades<\/strong> de \u00e9ste de acuerdo con la evidencia cient\u00edfica disponible: <strong>implementar la prueba<\/strong> de detecci\u00f3n del virus del papiloma humano <strong>como prueba primaria de cribado para mujeres mayores de 30 a\u00f1os<\/strong>; implementar el genotipado parcial y la citolog\u00eda cervical como pruebas de selecci\u00f3n; establecer una conducta cl\u00ednica basada en el riesgo de tener o desarrollar lesiones premalignas de alto grado; implementar este programa organizado de base poblacional, en el que se invitar\u00e1 a las mujeres desde el sistema sanitario a participar en el cribado utilizando la automuestra como m\u00e9todo para la obtenci\u00f3n de la muestra. &quot;Con todos estos cambios se busca uniformizar todas las pr\u00e1cticas de cribado de Catalunya y establecer los controles de calidad&quot;, para ello, revel\u00f3 que <strong>se har\u00e1 el despliegue en dos fases<\/strong>: \u201ceste <strong>2024 se realizar\u00e1 este cambio de prueba con un cribado oportunista<\/strong>\u201d (la mujer debe pedir hacerse la prueba); \u201c<strong>a partir de 2025<\/strong>, <strong>el modelo<\/strong> que se est\u00e1 aplicando en el \u00e1rea territorial Metropolitana Sur <strong>se extender\u00e1 al resto de Catalu\u00f1a de forma progresiva<\/strong>\u201d. &nbsp;<\/p>\n\n\n\n<p>Para cerrar su intervenci\u00f3n, la doctora especialista en Medicina Preventiva y Salud P\u00fablica mostr\u00f3 su <strong>riesgo seg\u00fan el tipo de VPH<\/strong>, la <strong>conducta cl\u00ednica basada en funci\u00f3n del riesgo y los algoritmos de conducta cl\u00ednica. &quot;Los programas de cribado poblacional son muy importantes porque son los que garantizan la equidad&quot;<\/strong>, asegur\u00f3. Por \u00faltimo, explic\u00f3 los beneficios de la automuestra, los territorios que lo utilizan para la detecci\u00f3n del VPH, las limitaciones de \u00e9sta y los resultados del <a href=\"https:\/\/www.cofb.org\/es\/sala-de-premsa\/notes-premsa\/-\/asset_publisher\/GVZR6OjauRsN\/content\/salut-i-el-consell-de-col-legis-farmaceutics-de-catalunya-desenvolupen-un-programa-pilot-de-deteccio-precoc-de-cancer-de-coll-d-uter-amb-automostra-a-\/maximized\/?inheritRedirect=false&amp;p_p_state=maximized\" target=\"_blank\" rel=\"noreferrer noopener\">programa piloto con automuestra<\/a> llevado a cabo en los centros de atenci\u00f3n a la salud sexual y reproductiva (ASSIR) de El Baix Llobregat y El Prat de Llobregat. <a href=\"https:\/\/salutintegralbcn.gencat.cat\/ca\/ambits\/atencio-a-la-salut-sexual-i-reproductiva-assir\/index.html\"><\/a><\/p>\n\n\n\n<h2 class=\"wp-block-heading\"><strong>Tratamiento del VPH y el papel de la microbiota<\/strong><\/h2>\n\n\n\n<p>A continuaci\u00f3n, la ginec\u00f3loga y consultora en la unidad de Ginecolog\u00eda del Hospital Cl\u00ednic de Barcelona y profesora asociada de la Universidad de Barcelona (UB), <strong>Marta del Pino<\/strong>, abord\u00f3 el <strong>tratamiento de la infecci\u00f3n del virus del papiloma humano<\/strong>, que \u201ces un tema muy interesante por el impacto que tiene en el paciente y porque est\u00e1 generando mucho ruido, en parte, por todos estos cambios en los protocolos de prevenci\u00f3n secundaria\u201d. Sin embargo, previamente la ginec\u00f3loga puso en contexto c\u00f3mo afecta a la infecci\u00f3n del VPH en el mundo, cu\u00e1l es la historia natural de \u00e9sta, c\u00f3mo es una infecci\u00f3n productiva y los mecanismos para prevenirla.<\/p>\n\n\n\n<figure class=\"wp-block-image size-large\"><a href=\"https:\/\/blog.cofb.cat\/wp-content\/uploads\/2024\/04\/COFB_VPH_25042024_4-scaled.jpg\" target=\"_blank\" rel=\"noopener\"><img decoding=\"async\" src=\"https:\/\/blog.cofb.cat\/wp-content\/uploads\/2024\/04\/COFB_VPH_25042024_4-1024x576.jpg\" alt=\"Marta del Pino en un moment de la seva presentaci\u00f3 en relaci\u00f3 amb el tractament del VPH i el paper de la microbiota. \" class=\"wp-image-68970\" title=\"Marta del Pino en un momento de su presentaci\u00f3n en relaci\u00f3n al tratamiento del VPH y el papel de la microbiota. \"\/><\/a><figcaption>Marta del Pino en un momento de su presentaci\u00f3n en relaci\u00f3n al tratamiento del VPH y el papel de la microbiota. <\/figcaption><\/figure>\n\n\n\n<p>Antes de profundizar en el tratamiento del virus del papiloma humano, tambi\u00e9n hizo menci\u00f3n a las diferentes <strong>vacunas basadas en<\/strong> <strong>part\u00edculas similares a virus (VLPs)<\/strong>, que \u201c<strong>evitan nuevas infecciones pero no eliminan las c\u00e9lulas epiteliales que ya son VPH positivos<\/strong>\u201d, es decir, \u201c<strong>no son vacunas terap\u00e9uticas<\/strong>, una vez que la infecci\u00f3n est\u00e1 dentro de la c\u00e9lula no cambia el curso natural de la infecci\u00f3n\u201d. Sin embargo, dijo que hay estudios que determinan que \u201c<strong>la vacunaci\u00f3n podr\u00eda reducir los procesos de reinfecci\u00f3n por autoinoculaci\u00f3n o reactivaci\u00f3n de infecciones latentes<\/strong>\u201d. En relaci\u00f3n a las vacunas terap\u00e9uticas, la ginec\u00f3loga coment\u00f3 que hay muchos <strong>estudios con vacunas terap\u00e9uticas<\/strong> basadas en <strong>p\u00e9ptidos<\/strong> o <strong>prote\u00ednas<\/strong>, <strong>vectores<\/strong>, <strong>c\u00e9lulas enteras<\/strong> y de<strong>\u00e1cidos nucleicos<\/strong>. Ahora bien, por lo general la mayor\u00eda de \u00e9stas <strong>vacunas terap\u00e9uticas<\/strong>, que est\u00e1n en estudio, \u201ctienen efectos adversos, aunque no existen efectos secundarios graves, la inmunogenicidad es muy variable y la efectividad que reportan es muy variable y moderada\u201d. En cuanto a los <strong>tratamientos farmacol\u00f3gicos<\/strong> para la infecci\u00f3n de VPH \u201c<strong>hay mucha oferta y demanda<\/strong>\u201d, <strong>aunque todav\u00eda existen algunas limitaciones<\/strong>.<\/p>\n\n\n\n<p>Por \u00faltimo, hizo referencia a la <strong>microbiota<\/strong>, el conjunto de microorganismos (bacterias, hongos, virus y sus genes) que viven en nuestro cuerpo (en la superficie o en nuestro interior), ya que \u201c<strong>varios estudios apuntan a que la microbiota cervicovaginal podr\u00eda jugar un papel importante en la infecci\u00f3n, persistencia y la progresi\u00f3n del VPH<\/strong> y, en un futuro, la caracterizaci\u00f3n de la microbiota podr\u00eda resultar \u00fatil para distinguir entre las mujeres positivas por VPH a las que tienen mayor riesgo de HSIL\u201d. Marta del Pino concluy\u00f3 afirmando que, en la actualidad, <strong>no se dispone de ning\u00fan tratamiento aprobado frente a la infecci\u00f3n del virus del papiloma humano<\/strong>.<\/p>\n\n\n\n<p class=\"has-text-align-right\"><strong>Con el patrocinio de:<\/strong><\/p>\n\n\n\n<div class=\"wp-block-image\"><figure class=\"alignright size-large is-resized\"><a href=\"https:\/\/www.msd.es\/\" target=\"_blank\" rel=\"noopener\"><img decoding=\"async\" src=\"https:\/\/blog.cofb.cat\/wp-content\/uploads\/2024\/04\/MSD_transparent_2023-1024x386.png\" alt=\"\" class=\"wp-image-68963\" width=\"228\" height=\"85\"\/><\/a><\/figure><\/div>\n\n\n\n<p><\/p>\n\n\n\n<p><\/p>\n\n\n\n<p><\/p>\n\n\n\n<p><strong>Otras publicaciones de inter\u00e9s:<\/strong><\/p>\n\n\n\n<ul class=\"wp-block-list\"><li><a href=\"https:\/\/blog.cofb.cat\/blog\/2024\/02\/02\/la-relacio-entre-les-patologies-sistemiques-i-la-salut-bucodental-tema-central-de-la-darrera-tertulia-dactualitat\/\" target=\"_blank\" rel=\"noreferrer noopener\">La relaci\u00f3n entre las patolog\u00edas sist\u00e9micas y la salud bucodental, tema central de la \u00faltima tertulia de actualidad (Febrero 2024)<\/a><\/li><li><a href=\"https:\/\/blog.cofb.cat\/blog\/2023\/11\/21\/la-prevencio-del-cancer-de-prostata-va-centrar-la-darrera-tertulia-dactualitat-al-cofb\/\" target=\"_blank\" rel=\"noreferrer noopener\">La prevenci\u00f3n del c\u00e1ncer de pr\u00f3stata centr\u00f3 la \u00faltima tertulia de actualidad en el COFB (Noviembre 2023)<\/a><\/li><li><a href=\"https:\/\/blog.cofb.cat\/blog\/2023\/07\/20\/terapia-personalitzada-car-t-en-vam-parlar-dels-seus-avencos-a-la-darrera-tertulia-dactualitat\/\" target=\"_blank\" rel=\"noreferrer noopener\">Terapia personalizada CAR-T: hablamos de sus avances en la \u00faltima tertulia de actualidad (Julio 2023)<\/a><\/li><\/ul>","protected":false},"excerpt":{"rendered":"<p>El pasado 10 de abril, el Colegio de Farmac\u00e9uticos de Barcelona (COFB) organiz\u00f3 la tertulia de actualidad &quot;Virus del papiloma humano: prevenci\u00f3n y tratamiento&quot;, con el patrocinio de MSD. La tertulia cont\u00f3 con la intervenci\u00f3n de Maria Brotons y Paula Peremiquel, m\u00e9dicos especialistas en Medicina Preventiva y Salud P\u00fablica del [\u2026]<\/p>","protected":false},"author":1,"featured_media":78311,"comment_status":"open","ping_status":"open","sticky":false,"template":"","format":"standard","meta":{"_uag_custom_page_level_css":"","site-sidebar-layout":"default","site-content-layout":"","ast-site-content-layout":"default","site-content-style":"default","site-sidebar-style":"default","ast-global-header-display":"","ast-banner-title-visibility":"","ast-main-header-display":"","ast-hfb-above-header-display":"","ast-hfb-below-header-display":"","ast-hfb-mobile-header-display":"","site-post-title":"","ast-breadcrumbs-content":"","ast-featured-img":"disabled","footer-sml-layout":"","theme-transparent-header-meta":"","adv-header-id-meta":"","stick-header-meta":"","header-above-stick-meta":"","header-main-stick-meta":"","header-below-stick-meta":"","astra-migrate-meta-layouts":"set","ast-page-background-enabled":"default","ast-page-background-meta":{"desktop":{"background-color":"var(--ast-global-color-4)","background-image":"","background-repeat":"repeat","background-position":"center center","background-size":"auto","background-attachment":"scroll","background-type":"","background-media":"","overlay-type":"","overlay-color":"","overlay-opacity":"","overlay-gradient":""},"tablet":{"background-color":"","background-image":"","background-repeat":"repeat","background-position":"center center","background-size":"auto","background-attachment":"scroll","background-type":"","background-media":"","overlay-type":"","overlay-color":"","overlay-opacity":"","overlay-gradient":""},"mobile":{"background-color":"","background-image":"","background-repeat":"repeat","background-position":"center center","background-size":"auto","background-attachment":"scroll","background-type":"","background-media":"","overlay-type":"","overlay-color":"","overlay-opacity":"","overlay-gradient":""}},"ast-content-background-meta":{"desktop":{"background-color":"var(--ast-global-color-5)","background-image":"","background-repeat":"repeat","background-position":"center center","background-size":"auto","background-attachment":"scroll","background-type":"","background-media":"","overlay-type":"","overlay-color":"","overlay-opacity":"","overlay-gradient":""},"tablet":{"background-color":"var(--ast-global-color-5)","background-image":"","background-repeat":"repeat","background-position":"center center","background-size":"auto","background-attachment":"scroll","background-type":"","background-media":"","overlay-type":"","overlay-color":"","overlay-opacity":"","overlay-gradient":""},"mobile":{"background-color":"var(--ast-global-color-5)","background-image":"","background-repeat":"repeat","background-position":"center center","background-size":"auto","background-attachment":"scroll","background-type":"","background-media":"","overlay-type":"","overlay-color":"","overlay-opacity":"","overlay-gradient":""}},"footnotes":""},"categories":[23,57],"tags":[4996,4997,4998,18,19,4999,255,70,5000,256,5001,258,264,3589,139,140,63,2194,677,5002,5003,5004],"class_list":["post-78243","post","type-post","status-publish","format-standard","has-post-thumbnail","hentry","category-destacats","category-mon-collegial","tag-cancer-coll-uter","tag-cancer-de-cervix","tag-cancer-de-coll-duter","tag-cofb","tag-collegi-de-farmaceutics-de-barcelona","tag-coll-uteri","tag-deteccio-precoc","tag-formacio","tag-genotips","tag-infeccio","tag-infeccio-vph","tag-infeccions-de-transmissio-sexual","tag-prevencio","tag-tertulia","tag-tertulia-actualitat","tag-tertulia-dactualitat","tag-tractament","tag-vacunes","tag-virus","tag-virus-del-papilloma-huma","tag-virus-del-papilloma-huma-vph","tag-vph"],"yoast_head":"<!-- This site is optimized with the Yoast SEO plugin v22.4 - https:\/\/yoast.com\/wordpress\/plugins\/seo\/ -->\n<title>Nova tert\u00falia d\u2019actualitat al COFB sobre la prevenci\u00f3 i el tractament del virus del papil\u00b7loma hum\u00e0 (VPH) - Col\u00b7legi de Farmac\u00e8utics de Barcelona<\/title>\n<meta name=\"description\" content=\"El passat 10 d\u2019abril, el COFB va organitzar la tert\u00falia d\u2019actualitat \u201cVirus del papil\u00b7loma hum\u00e0: prevenci\u00f3 i tractament\u201d.\" \/>\n<meta name=\"robots\" content=\"index, follow, max-snippet:-1, max-image-preview:large, max-video-preview:-1\" \/>\n<link rel=\"canonical\" href=\"https:\/\/novaorg.cofb.net\/2024\/04\/29\/nova-tertulia-dactualitat-al-cofb-sobre-la-prevencio-i-el-tractament-del-virus-del-papilloma-huma-vph\/\" \/>\n<meta property=\"og:locale\" content=\"es_ES\" \/>\n<meta property=\"og:type\" content=\"article\" \/>\n<meta property=\"og:title\" content=\"Nova tert\u00falia d\u2019actualitat al COFB sobre la prevenci\u00f3 i el tractament del virus del papil\u00b7loma hum\u00e0 (VPH) - Col\u00b7legi de Farmac\u00e8utics de Barcelona\" \/>\n<meta property=\"og:description\" content=\"El passat 10 d\u2019abril, el COFB va organitzar la tert\u00falia d\u2019actualitat \u201cVirus del papil\u00b7loma hum\u00e0: prevenci\u00f3 i tractament\u201d.\" \/>\n<meta property=\"og:url\" content=\"https:\/\/novaorg.cofb.net\/2024\/04\/29\/nova-tertulia-dactualitat-al-cofb-sobre-la-prevencio-i-el-tractament-del-virus-del-papilloma-huma-vph\/\" \/>\n<meta property=\"og:site_name\" content=\"Col\u00b7legi de Farmac\u00e8utics de Barcelona\" \/>\n<meta property=\"article:publisher\" content=\"https:\/\/www.facebook.com\/farmaceuticsbcn\/\" \/>\n<meta property=\"article:published_time\" content=\"2024-04-29T16:22:15+00:00\" \/>\n<meta property=\"article:modified_time\" content=\"2024-06-26T10:44:44+00:00\" \/>\n<meta property=\"og:image\" content=\"https:\/\/novaorg.cofb.net\/wp-content\/uploads\/2024\/04\/COFB_VPH_25042024_0-1024x576-1.jpg\" \/>\n\t<meta property=\"og:image:width\" content=\"1024\" \/>\n\t<meta property=\"og:image:height\" content=\"576\" \/>\n\t<meta property=\"og:image:type\" content=\"image\/jpeg\" \/>\n<meta name=\"author\" content=\"wpAdminCofbOrg\" \/>\n<meta name=\"twitter:card\" content=\"summary_large_image\" \/>\n<meta name=\"twitter:creator\" content=\"@farmaceuticsbcn\" \/>\n<meta name=\"twitter:site\" content=\"@farmaceuticsbcn\" \/>\n<meta name=\"twitter:label1\" content=\"Escrito por\" \/>\n\t<meta name=\"twitter:data1\" content=\"wpAdminCofbOrg\" \/>\n\t<meta name=\"twitter:label2\" content=\"Tiempo de lectura\" \/>\n\t<meta name=\"twitter:data2\" content=\"10 minutos\" \/>\n<script type=\"application\/ld+json\" class=\"yoast-schema-graph\">{\"@context\":\"https:\/\/schema.org\",\"@graph\":[{\"@type\":\"Article\",\"@id\":\"https:\/\/novaorg.cofb.net\/2024\/04\/29\/nova-tertulia-dactualitat-al-cofb-sobre-la-prevencio-i-el-tractament-del-virus-del-papilloma-huma-vph\/#article\",\"isPartOf\":{\"@id\":\"https:\/\/novaorg.cofb.net\/2024\/04\/29\/nova-tertulia-dactualitat-al-cofb-sobre-la-prevencio-i-el-tractament-del-virus-del-papilloma-huma-vph\/\"},\"author\":{\"name\":\"wpAdminCofbOrg\",\"@id\":\"https:\/\/www.cofb.org\/#\/schema\/person\/22ed7eea88da74b0fa4d3154ad87ffcb\"},\"headline\":\"Nova tert\u00falia d\u2019actualitat al COFB sobre la prevenci\u00f3 i el tractament del virus del papil\u00b7loma hum\u00e0 (VPH)\",\"datePublished\":\"2024-04-29T16:22:15+00:00\",\"dateModified\":\"2024-06-26T10:44:44+00:00\",\"mainEntityOfPage\":{\"@id\":\"https:\/\/novaorg.cofb.net\/2024\/04\/29\/nova-tertulia-dactualitat-al-cofb-sobre-la-prevencio-i-el-tractament-del-virus-del-papilloma-huma-vph\/\"},\"wordCount\":1747,\"commentCount\":0,\"publisher\":{\"@id\":\"https:\/\/www.cofb.org\/#organization\"},\"image\":{\"@id\":\"https:\/\/novaorg.cofb.net\/2024\/04\/29\/nova-tertulia-dactualitat-al-cofb-sobre-la-prevencio-i-el-tractament-del-virus-del-papilloma-huma-vph\/#primaryimage\"},\"thumbnailUrl\":\"https:\/\/www.cofb.org\/wp-content\/uploads\/2024\/04\/COFB_VPH_25042024_0-1024x576-1.jpg\",\"keywords\":[\"c\u00e0ncer coll \u00fater\",\"c\u00e0ncer de c\u00e8rvix\",\"c\u00e0ncer de coll d&#039;\u00fater\",\"COFB\",\"Col\u00b7legi de Farmac\u00e8utics de Barcelona\",\"coll uter\u00ed\",\"detecci\u00f3 preco\u00e7\",\"Formaci\u00f3\",\"genotips\",\"infecci\u00f3\",\"infecci\u00f3 VPH\",\"infeccions de transmissi\u00f3 sexual\",\"prevenci\u00f3\",\"tertulia\",\"tert\u00falia actualitat\",\"tert\u00falia d'actualitat\",\"tractament\",\"vacunes\",\"virus\",\"virus del papil\u00b7loma hum\u00e0\",\"virus del papil\u00b7loma hum\u00e0 (VPH)\",\"VPH\"],\"articleSection\":[\"Destacats\",\"M\u00f3n col\u00b7legial\"],\"inLanguage\":\"es\",\"potentialAction\":[{\"@type\":\"CommentAction\",\"name\":\"Comment\",\"target\":[\"https:\/\/novaorg.cofb.net\/2024\/04\/29\/nova-tertulia-dactualitat-al-cofb-sobre-la-prevencio-i-el-tractament-del-virus-del-papilloma-huma-vph\/#respond\"]}]},{\"@type\":\"WebPage\",\"@id\":\"https:\/\/novaorg.cofb.net\/2024\/04\/29\/nova-tertulia-dactualitat-al-cofb-sobre-la-prevencio-i-el-tractament-del-virus-del-papilloma-huma-vph\/\",\"url\":\"https:\/\/novaorg.cofb.net\/2024\/04\/29\/nova-tertulia-dactualitat-al-cofb-sobre-la-prevencio-i-el-tractament-del-virus-del-papilloma-huma-vph\/\",\"name\":\"Nova tert\u00falia d\u2019actualitat al COFB sobre la prevenci\u00f3 i el tractament del virus del papil\u00b7loma hum\u00e0 (VPH) - Col\u00b7legi de Farmac\u00e8utics de Barcelona\",\"isPartOf\":{\"@id\":\"https:\/\/www.cofb.org\/#website\"},\"primaryImageOfPage\":{\"@id\":\"https:\/\/novaorg.cofb.net\/2024\/04\/29\/nova-tertulia-dactualitat-al-cofb-sobre-la-prevencio-i-el-tractament-del-virus-del-papilloma-huma-vph\/#primaryimage\"},\"image\":{\"@id\":\"https:\/\/novaorg.cofb.net\/2024\/04\/29\/nova-tertulia-dactualitat-al-cofb-sobre-la-prevencio-i-el-tractament-del-virus-del-papilloma-huma-vph\/#primaryimage\"},\"thumbnailUrl\":\"https:\/\/www.cofb.org\/wp-content\/uploads\/2024\/04\/COFB_VPH_25042024_0-1024x576-1.jpg\",\"datePublished\":\"2024-04-29T16:22:15+00:00\",\"dateModified\":\"2024-06-26T10:44:44+00:00\",\"description\":\"El passat 10 d\u2019abril, el COFB va organitzar la tert\u00falia d\u2019actualitat \u201cVirus del papil\u00b7loma hum\u00e0: prevenci\u00f3 i tractament\u201d.\",\"breadcrumb\":{\"@id\":\"https:\/\/novaorg.cofb.net\/2024\/04\/29\/nova-tertulia-dactualitat-al-cofb-sobre-la-prevencio-i-el-tractament-del-virus-del-papilloma-huma-vph\/#breadcrumb\"},\"inLanguage\":\"es\",\"potentialAction\":[{\"@type\":\"ReadAction\",\"target\":[\"https:\/\/novaorg.cofb.net\/2024\/04\/29\/nova-tertulia-dactualitat-al-cofb-sobre-la-prevencio-i-el-tractament-del-virus-del-papilloma-huma-vph\/\"]}]},{\"@type\":\"ImageObject\",\"inLanguage\":\"es\",\"@id\":\"https:\/\/novaorg.cofb.net\/2024\/04\/29\/nova-tertulia-dactualitat-al-cofb-sobre-la-prevencio-i-el-tractament-del-virus-del-papilloma-huma-vph\/#primaryimage\",\"url\":\"https:\/\/www.cofb.org\/wp-content\/uploads\/2024\/04\/COFB_VPH_25042024_0-1024x576-1.jpg\",\"contentUrl\":\"https:\/\/www.cofb.org\/wp-content\/uploads\/2024\/04\/COFB_VPH_25042024_0-1024x576-1.jpg\",\"width\":1024,\"height\":576},{\"@type\":\"BreadcrumbList\",\"@id\":\"https:\/\/novaorg.cofb.net\/2024\/04\/29\/nova-tertulia-dactualitat-al-cofb-sobre-la-prevencio-i-el-tractament-del-virus-del-papilloma-huma-vph\/#breadcrumb\",\"itemListElement\":[{\"@type\":\"ListItem\",\"position\":1,\"name\":\"Inici\",\"item\":\"https:\/\/novaorg.cofb.net\/\"},{\"@type\":\"ListItem\",\"position\":2,\"name\":\"Nova tert\u00falia d\u2019actualitat al COFB sobre la prevenci\u00f3 i el tractament del virus del papil\u00b7loma hum\u00e0 (VPH)\"}]},{\"@type\":\"WebSite\",\"@id\":\"https:\/\/www.cofb.org\/#website\",\"url\":\"https:\/\/www.cofb.org\/\",\"name\":\"Col\u00b7legi de Farmac\u00e8utics de Barcelona\",\"description\":\"\",\"publisher\":{\"@id\":\"https:\/\/www.cofb.org\/#organization\"},\"potentialAction\":[{\"@type\":\"SearchAction\",\"target\":{\"@type\":\"EntryPoint\",\"urlTemplate\":\"https:\/\/www.cofb.org\/?s={search_term_string}\"},\"query-input\":\"required name=search_term_string\"}],\"inLanguage\":\"es\"},{\"@type\":\"Organization\",\"@id\":\"https:\/\/www.cofb.org\/#organization\",\"name\":\"Col\u00b7legi de Farmac\u00e8utics de Barcelona\",\"url\":\"https:\/\/www.cofb.org\/\",\"logo\":{\"@type\":\"ImageObject\",\"inLanguage\":\"es\",\"@id\":\"https:\/\/www.cofb.org\/#\/schema\/logo\/image\/\",\"url\":\"https:\/\/www.cofb.org\/wp-content\/uploads\/2023\/11\/cropped-Logotip-COFB.png\",\"contentUrl\":\"https:\/\/www.cofb.org\/wp-content\/uploads\/2023\/11\/cropped-Logotip-COFB.png\",\"width\":500,\"height\":105,\"caption\":\"Col\u00b7legi de Farmac\u00e8utics de Barcelona\"},\"image\":{\"@id\":\"https:\/\/www.cofb.org\/#\/schema\/logo\/image\/\"},\"sameAs\":[\"https:\/\/www.facebook.com\/farmaceuticsbcn\/\",\"https:\/\/twitter.com\/farmaceuticsbcn\",\"https:\/\/www.instagram.com\/farmaceuticsbcn\/\",\"https:\/\/www.linkedin.com\/company\/farmaceuticsbcn\/\"]},{\"@type\":\"Person\",\"@id\":\"https:\/\/www.cofb.org\/#\/schema\/person\/22ed7eea88da74b0fa4d3154ad87ffcb\",\"name\":\"wpAdminCofbOrg\",\"image\":{\"@type\":\"ImageObject\",\"inLanguage\":\"es\",\"@id\":\"https:\/\/www.cofb.org\/#\/schema\/person\/image\/\",\"url\":\"https:\/\/secure.gravatar.com\/avatar\/1721b20b3b8ca882c3b56ec6c978c594fff670e40c0718e9190eaeeb76aae7d8?s=96&d=mm&r=g\",\"contentUrl\":\"https:\/\/secure.gravatar.com\/avatar\/1721b20b3b8ca882c3b56ec6c978c594fff670e40c0718e9190eaeeb76aae7d8?s=96&d=mm&r=g\",\"caption\":\"wpAdminCofbOrg\"},\"sameAs\":[\"http:\/\/192.168.64.122\/wordpress\"],\"url\":\"https:\/\/www.cofb.org\/es\/author\/wpadmincofborg\/\"}]}<\/script>\n<!-- \/ Yoast SEO plugin. -->","yoast_head_json":{"title":"Nova tert\u00falia d\u2019actualitat al COFB sobre la prevenci\u00f3 i el tractament del virus del papil\u00b7loma hum\u00e0 (VPH) - Col\u00b7legi de Farmac\u00e8utics de Barcelona","description":"El passat 10 d\u2019abril, el COFB va organitzar la tert\u00falia d\u2019actualitat \u201cVirus del papil\u00b7loma hum\u00e0: prevenci\u00f3 i tractament\u201d.","robots":{"index":"index","follow":"follow","max-snippet":"max-snippet:-1","max-image-preview":"max-image-preview:large","max-video-preview":"max-video-preview:-1"},"canonical":"https:\/\/novaorg.cofb.net\/2024\/04\/29\/nova-tertulia-dactualitat-al-cofb-sobre-la-prevencio-i-el-tractament-del-virus-del-papilloma-huma-vph\/","og_locale":"es_ES","og_type":"article","og_title":"Nova tert\u00falia d\u2019actualitat al COFB sobre la prevenci\u00f3 i el tractament del virus del papil\u00b7loma hum\u00e0 (VPH) - Col\u00b7legi de Farmac\u00e8utics de Barcelona","og_description":"El passat 10 d\u2019abril, el COFB va organitzar la tert\u00falia d\u2019actualitat \u201cVirus del papil\u00b7loma hum\u00e0: prevenci\u00f3 i tractament\u201d.","og_url":"https:\/\/novaorg.cofb.net\/2024\/04\/29\/nova-tertulia-dactualitat-al-cofb-sobre-la-prevencio-i-el-tractament-del-virus-del-papilloma-huma-vph\/","og_site_name":"Col\u00b7legi de Farmac\u00e8utics de Barcelona","article_publisher":"https:\/\/www.facebook.com\/farmaceuticsbcn\/","article_published_time":"2024-04-29T16:22:15+00:00","article_modified_time":"2024-06-26T10:44:44+00:00","og_image":[{"width":1024,"height":576,"url":"https:\/\/novaorg.cofb.net\/wp-content\/uploads\/2024\/04\/COFB_VPH_25042024_0-1024x576-1.jpg","type":"image\/jpeg"}],"author":"wpAdminCofbOrg","twitter_card":"summary_large_image","twitter_creator":"@farmaceuticsbcn","twitter_site":"@farmaceuticsbcn","twitter_misc":{"Escrito por":"wpAdminCofbOrg","Tiempo de lectura":"10 minutos"},"schema":{"@context":"https:\/\/schema.org","@graph":[{"@type":"Article","@id":"https:\/\/novaorg.cofb.net\/2024\/04\/29\/nova-tertulia-dactualitat-al-cofb-sobre-la-prevencio-i-el-tractament-del-virus-del-papilloma-huma-vph\/#article","isPartOf":{"@id":"https:\/\/novaorg.cofb.net\/2024\/04\/29\/nova-tertulia-dactualitat-al-cofb-sobre-la-prevencio-i-el-tractament-del-virus-del-papilloma-huma-vph\/"},"author":{"name":"wpAdminCofbOrg","@id":"https:\/\/www.cofb.org\/#\/schema\/person\/22ed7eea88da74b0fa4d3154ad87ffcb"},"headline":"Nova tert\u00falia d\u2019actualitat al COFB sobre la prevenci\u00f3 i el tractament del virus del papil\u00b7loma hum\u00e0 (VPH)","datePublished":"2024-04-29T16:22:15+00:00","dateModified":"2024-06-26T10:44:44+00:00","mainEntityOfPage":{"@id":"https:\/\/novaorg.cofb.net\/2024\/04\/29\/nova-tertulia-dactualitat-al-cofb-sobre-la-prevencio-i-el-tractament-del-virus-del-papilloma-huma-vph\/"},"wordCount":1747,"commentCount":0,"publisher":{"@id":"https:\/\/www.cofb.org\/#organization"},"image":{"@id":"https:\/\/novaorg.cofb.net\/2024\/04\/29\/nova-tertulia-dactualitat-al-cofb-sobre-la-prevencio-i-el-tractament-del-virus-del-papilloma-huma-vph\/#primaryimage"},"thumbnailUrl":"https:\/\/www.cofb.org\/wp-content\/uploads\/2024\/04\/COFB_VPH_25042024_0-1024x576-1.jpg","keywords":["c\u00e0ncer coll \u00fater","c\u00e0ncer de c\u00e8rvix","c\u00e0ncer de coll d&#039;\u00fater","COFB","Col\u00b7legi de Farmac\u00e8utics de Barcelona","coll uter\u00ed","detecci\u00f3 preco\u00e7","Formaci\u00f3","genotips","infecci\u00f3","infecci\u00f3 VPH","infeccions de transmissi\u00f3 sexual","prevenci\u00f3","tertulia","tert\u00falia actualitat","tert\u00falia d'actualitat","tractament","vacunes","virus","virus del papil\u00b7loma hum\u00e0","virus del papil\u00b7loma hum\u00e0 (VPH)","VPH"],"articleSection":["Destacats","M\u00f3n col\u00b7legial"],"inLanguage":"es","potentialAction":[{"@type":"CommentAction","name":"Comment","target":["https:\/\/novaorg.cofb.net\/2024\/04\/29\/nova-tertulia-dactualitat-al-cofb-sobre-la-prevencio-i-el-tractament-del-virus-del-papilloma-huma-vph\/#respond"]}]},{"@type":"WebPage","@id":"https:\/\/novaorg.cofb.net\/2024\/04\/29\/nova-tertulia-dactualitat-al-cofb-sobre-la-prevencio-i-el-tractament-del-virus-del-papilloma-huma-vph\/","url":"https:\/\/novaorg.cofb.net\/2024\/04\/29\/nova-tertulia-dactualitat-al-cofb-sobre-la-prevencio-i-el-tractament-del-virus-del-papilloma-huma-vph\/","name":"Nova tert\u00falia d\u2019actualitat al COFB sobre la prevenci\u00f3 i el tractament del virus del papil\u00b7loma hum\u00e0 (VPH) - Col\u00b7legi de Farmac\u00e8utics de Barcelona","isPartOf":{"@id":"https:\/\/www.cofb.org\/#website"},"primaryImageOfPage":{"@id":"https:\/\/novaorg.cofb.net\/2024\/04\/29\/nova-tertulia-dactualitat-al-cofb-sobre-la-prevencio-i-el-tractament-del-virus-del-papilloma-huma-vph\/#primaryimage"},"image":{"@id":"https:\/\/novaorg.cofb.net\/2024\/04\/29\/nova-tertulia-dactualitat-al-cofb-sobre-la-prevencio-i-el-tractament-del-virus-del-papilloma-huma-vph\/#primaryimage"},"thumbnailUrl":"https:\/\/www.cofb.org\/wp-content\/uploads\/2024\/04\/COFB_VPH_25042024_0-1024x576-1.jpg","datePublished":"2024-04-29T16:22:15+00:00","dateModified":"2024-06-26T10:44:44+00:00","description":"El passat 10 d\u2019abril, el COFB va organitzar la tert\u00falia d\u2019actualitat \u201cVirus del papil\u00b7loma hum\u00e0: prevenci\u00f3 i tractament\u201d.","breadcrumb":{"@id":"https:\/\/novaorg.cofb.net\/2024\/04\/29\/nova-tertulia-dactualitat-al-cofb-sobre-la-prevencio-i-el-tractament-del-virus-del-papilloma-huma-vph\/#breadcrumb"},"inLanguage":"es","potentialAction":[{"@type":"ReadAction","target":["https:\/\/novaorg.cofb.net\/2024\/04\/29\/nova-tertulia-dactualitat-al-cofb-sobre-la-prevencio-i-el-tractament-del-virus-del-papilloma-huma-vph\/"]}]},{"@type":"ImageObject","inLanguage":"es","@id":"https:\/\/novaorg.cofb.net\/2024\/04\/29\/nova-tertulia-dactualitat-al-cofb-sobre-la-prevencio-i-el-tractament-del-virus-del-papilloma-huma-vph\/#primaryimage","url":"https:\/\/www.cofb.org\/wp-content\/uploads\/2024\/04\/COFB_VPH_25042024_0-1024x576-1.jpg","contentUrl":"https:\/\/www.cofb.org\/wp-content\/uploads\/2024\/04\/COFB_VPH_25042024_0-1024x576-1.jpg","width":1024,"height":576},{"@type":"BreadcrumbList","@id":"https:\/\/novaorg.cofb.net\/2024\/04\/29\/nova-tertulia-dactualitat-al-cofb-sobre-la-prevencio-i-el-tractament-del-virus-del-papilloma-huma-vph\/#breadcrumb","itemListElement":[{"@type":"ListItem","position":1,"name":"Inici","item":"https:\/\/novaorg.cofb.net\/"},{"@type":"ListItem","position":2,"name":"Nova tert\u00falia d\u2019actualitat al COFB sobre la prevenci\u00f3 i el tractament del virus del papil\u00b7loma hum\u00e0 (VPH)"}]},{"@type":"WebSite","@id":"https:\/\/www.cofb.org\/#website","url":"https:\/\/www.cofb.org\/","name":"Col\u00b7legi de Farmac\u00e8utics de Barcelona","description":"","publisher":{"@id":"https:\/\/www.cofb.org\/#organization"},"potentialAction":[{"@type":"SearchAction","target":{"@type":"EntryPoint","urlTemplate":"https:\/\/www.cofb.org\/?s={search_term_string}"},"query-input":"required name=search_term_string"}],"inLanguage":"es"},{"@type":"Organization","@id":"https:\/\/www.cofb.org\/#organization","name":"Col\u00b7legi de Farmac\u00e8utics de Barcelona","url":"https:\/\/www.cofb.org\/","logo":{"@type":"ImageObject","inLanguage":"es","@id":"https:\/\/www.cofb.org\/#\/schema\/logo\/image\/","url":"https:\/\/www.cofb.org\/wp-content\/uploads\/2023\/11\/cropped-Logotip-COFB.png","contentUrl":"https:\/\/www.cofb.org\/wp-content\/uploads\/2023\/11\/cropped-Logotip-COFB.png","width":500,"height":105,"caption":"Col\u00b7legi de Farmac\u00e8utics de Barcelona"},"image":{"@id":"https:\/\/www.cofb.org\/#\/schema\/logo\/image\/"},"sameAs":["https:\/\/www.facebook.com\/farmaceuticsbcn\/","https:\/\/twitter.com\/farmaceuticsbcn","https:\/\/www.instagram.com\/farmaceuticsbcn\/","https:\/\/www.linkedin.com\/company\/farmaceuticsbcn\/"]},{"@type":"Person","@id":"https:\/\/www.cofb.org\/#\/schema\/person\/22ed7eea88da74b0fa4d3154ad87ffcb","name":"wpAdminCofbOrg","image":{"@type":"ImageObject","inLanguage":"es","@id":"https:\/\/www.cofb.org\/#\/schema\/person\/image\/","url":"https:\/\/secure.gravatar.com\/avatar\/1721b20b3b8ca882c3b56ec6c978c594fff670e40c0718e9190eaeeb76aae7d8?s=96&d=mm&r=g","contentUrl":"https:\/\/secure.gravatar.com\/avatar\/1721b20b3b8ca882c3b56ec6c978c594fff670e40c0718e9190eaeeb76aae7d8?s=96&d=mm&r=g","caption":"wpAdminCofbOrg"},"sameAs":["http:\/\/192.168.64.122\/wordpress"],"url":"https:\/\/www.cofb.org\/es\/author\/wpadmincofborg\/"}]}},"uagb_featured_image_src":{"full":["https:\/\/www.cofb.org\/wp-content\/uploads\/2024\/04\/COFB_VPH_25042024_0-1024x576-1.jpg",1024,576,false],"thumbnail":["https:\/\/www.cofb.org\/wp-content\/uploads\/2024\/04\/COFB_VPH_25042024_0-1024x576-1-150x150.jpg",150,150,true],"medium":["https:\/\/www.cofb.org\/wp-content\/uploads\/2024\/04\/COFB_VPH_25042024_0-1024x576-1-300x169.jpg",300,169,true],"medium_large":["https:\/\/www.cofb.org\/wp-content\/uploads\/2024\/04\/COFB_VPH_25042024_0-1024x576-1-768x432.jpg",768,432,true],"large":["https:\/\/www.cofb.org\/wp-content\/uploads\/2024\/04\/COFB_VPH_25042024_0-1024x576-1.jpg",1024,576,false],"1536x1536":["https:\/\/www.cofb.org\/wp-content\/uploads\/2024\/04\/COFB_VPH_25042024_0-1024x576-1.jpg",1024,576,false],"2048x2048":["https:\/\/www.cofb.org\/wp-content\/uploads\/2024\/04\/COFB_VPH_25042024_0-1024x576-1.jpg",1024,576,false],"trp-custom-language-flag":["https:\/\/www.cofb.org\/wp-content\/uploads\/2024\/04\/COFB_VPH_25042024_0-1024x576-1-18x10.jpg",18,10,true]},"uagb_author_info":{"display_name":"wpAdminCofbOrg","author_link":"https:\/\/www.cofb.org\/es\/author\/wpadmincofborg\/"},"uagb_comment_info":0,"uagb_excerpt":"El passat 10 d\u2019abril, el Col\u00b7legi de Farmac\u00e8utics de Barcelona (COFB) va organitzar la tert\u00falia d\u2019actualitat \u201cVirus del papil\u00b7loma hum\u00e0: prevenci\u00f3 i tractament\u201d, amb el patrocini de MSD. La tert\u00falia va comptar amb la intervenci\u00f3 de Maria Brotons i Paula Peremiquel, metgesses especialistes en Medicina Preventiva i Salut P\u00fablica del [&hellip;]","_links":{"self":[{"href":"https:\/\/www.cofb.org\/es\/wp-json\/wp\/v2\/posts\/78243","targetHints":{"allow":["GET"]}}],"collection":[{"href":"https:\/\/www.cofb.org\/es\/wp-json\/wp\/v2\/posts"}],"about":[{"href":"https:\/\/www.cofb.org\/es\/wp-json\/wp\/v2\/types\/post"}],"author":[{"embeddable":true,"href":"https:\/\/www.cofb.org\/es\/wp-json\/wp\/v2\/users\/1"}],"replies":[{"embeddable":true,"href":"https:\/\/www.cofb.org\/es\/wp-json\/wp\/v2\/comments?post=78243"}],"version-history":[{"count":1,"href":"https:\/\/www.cofb.org\/es\/wp-json\/wp\/v2\/posts\/78243\/revisions"}],"predecessor-version":[{"id":78312,"href":"https:\/\/www.cofb.org\/es\/wp-json\/wp\/v2\/posts\/78243\/revisions\/78312"}],"wp:featuredmedia":[{"embeddable":true,"href":"https:\/\/www.cofb.org\/es\/wp-json\/wp\/v2\/media\/78311"}],"wp:attachment":[{"href":"https:\/\/www.cofb.org\/es\/wp-json\/wp\/v2\/media?parent=78243"}],"wp:term":[{"taxonomy":"category","embeddable":true,"href":"https:\/\/www.cofb.org\/es\/wp-json\/wp\/v2\/categories?post=78243"},{"taxonomy":"post_tag","embeddable":true,"href":"https:\/\/www.cofb.org\/es\/wp-json\/wp\/v2\/tags?post=78243"}],"curies":[{"name":"wp","href":"https:\/\/api.w.org\/{rel}","templated":true}]}}