{"id":77943,"date":"2018-04-26T12:29:00","date_gmt":"2018-04-26T12:29:00","guid":{"rendered":"https:\/\/novaorg.cofb.net\/2018\/04\/26\/farmaceutics-metges-infermeres-i-odontolegs-signen-un-manifest-en-defensa-de-les-vacunes-2\/"},"modified":"2018-04-26T12:29:00","modified_gmt":"2018-04-26T12:29:00","slug":"farmaceutics-metges-infermeres-i-odontolegs-signen-un-manifest-en-defensa-de-les-vacunes-2","status":"publish","type":"post","link":"https:\/\/www.cofb.org\/es\/2018\/04\/26\/farmaceutics-metges-infermeres-i-odontolegs-signen-un-manifest-en-defensa-de-les-vacunes-2\/","title":{"rendered":"Farmac\u00e9uticos, m\u00e9dicos, enfermeras y odont\u00f3logos firman un manifiesto en defensa de las vacunas"},"content":{"rendered":"<p>\u00a0<\/p>\n<p><strong>Con motivo de la Semana Mundial de la Inmunizaci\u00f3n<\/strong><\/p>\n<p>El Consejo de Colegios Farmac\u00e9uticos de Catalu\u00f1a (del que forma parte el Colegio de Farmac\u00e9uticos de Barcelona), se ha adherido al manifiesto conjunto del Consejo de Colegios de M\u00e9dicos de Catalu\u00f1a, el Consejo de Colegios de Enfermeras y Enfermeros de Catalu\u00f1a y el Colegio de Odont\u00f3logos y Estomat\u00f3logos de Catalu\u00f1a.<\/p>\n<p><strong>Protegidos colectivamente: #LesVacunesFuncionan<\/strong><\/p>\n<p>Las vacunas salvan millones de vidas, reducen la carga de enfermedad y contribuyen decisivamente a mejorar la esperanza de vida. La vacunaci\u00f3n es una de las intervenciones sanitarias m\u00e1s seguras, m\u00e1s efectivas y con un mejor \u00edndice de coste-efectividad de que disponemos.<\/p>\n<div>La Semana Mundial de la Inmunizaci\u00f3n, del 23 al 28 de abril, tiene el objetivo de poner de manifiesto las acciones colectivas necesarias para garantizar que todos estamos protegidos frente a las enfermedades infecciosas que pueden prevenirse mediante la vacunaci\u00f3n, tanto en la ni\u00f1ez como en la vida adulta y en determinados \u00e1mbitos laborales, especialmente el de los profesionales sanitarios. El lema de este a\u00f1o 2018 es Protegidos colectivamente: #LesVacunesFuncionen.<\/div>\n<p>\u00a0<\/p>\n<div>En Catalu\u00f1a, la normalidad es que la poblaci\u00f3n se vacune. \u00c9ste es un hecho de gran relevancia y responsabilidad sociales, tanto desde el punto de vista individual como colectivo. Las coberturas vacunales del calendario com\u00fan infantil son superiores al 95%, lo que nos permite disfrutar de la llamada inmunidad de grupo: los padres que vacunan a sus hijos ayudan solidariamente a que los ni\u00f1os que no pueden vacunarse por indicaci\u00f3n m\u00e9dica (debido a causas como alergias, inmunodepresi\u00f3n, etc.) est\u00e9n protegidos.<\/div>\n<p>\u00a0<\/p>\n<div>Pero tambi\u00e9n as\u00ed se protegen indirectamente a aquellos ni\u00f1os a los que sus padres deciden no vacunar adecuadamente, fen\u00f3meno que se conoce como reticencia a la vacunaci\u00f3n. La diseminaci\u00f3n r\u00e1pida e irresponsable de informaci\u00f3n falsa, favorecida \u00faltimamente por las redes sociales, que hay detr\u00e1s de este fen\u00f3meno debe combatirse y responderse con rigor y con evidencias cient\u00edficas. Si disminuyen las tasas de vacunaci\u00f3n, perdemos la inmunidad de grupo y aumenta el riesgo de epidemias, como est\u00e1 ocurriendo en Francia o en Italia con el sarampi\u00f3n.<\/div>\n<p>\u00a0<\/p>\n<div>En el mundo de la salud p\u00fablica y de las vacunas, la falsa ciencia comporta da\u00f1os reales. Los profesionales sanitarios somos la principal fuente de informaci\u00f3n para la poblaci\u00f3n a la que servimos. Debemos estar siempre bien informados y formados para poder mantener la confianza que los ciudadanos y ciudadanas nos hacen cada d\u00eda.<\/div>\n<p>\u00a0<\/p>\n<div>Los representantes de los colectivos profesionales sanitarios de Catalu\u00f1a implicados de manera directa con la vacunaci\u00f3n damos pleno apoyo a la recomendaci\u00f3n que hacen la Comisi\u00f3n Europea y el Parlamento Europeo para que mejoren las tasas de vacunaci\u00f3n de ni\u00f1os, adultos y profesionales, afronte la amenaza de que para la salud de todos supone la reticencia a la vacunaci\u00f3n y se trabaje para llegar a un calendario ya un registro comunes de vacunaci\u00f3n en la Uni\u00f3n Europea.<\/div>\n<p>\u00a0<\/p>\n<div><strong>Protegerse es protegernos: las vacunas salvan vidas.<\/strong><\/div>\n<div><strong>\u00a0<\/strong><\/div>\n<div><strong><\/strong><\/div>\n<p>\u00a0Con motivo de la Semana Mundial de la Inmunizaci\u00f3n<\/p>\n<p>El Consejo de Colegios Farmac\u00e9uticos de Catalu\u00f1a (del que forma parte el Colegio de Farmac\u00e9uticos de Barcelona), se ha adherido al manifiesto conjunto del Consejo de Colegios de M\u00e9dicos de Catalu\u00f1a, el Consejo de Colegios de Enfermeras y Enfermeros de Catalu\u00f1a y el Colegio de Odont\u00f3logos y Estomat\u00f3logos de Catalu\u00f1a.<\/p>\n<p>Protegidos colectivamente: #LesVacunesFuncionan<\/p>\n<p>Las vacunas salvan millones de vidas, reducen la carga de enfermedad y contribuyen decisivamente a mejorar la esperanza de vida. La vacunaci\u00f3n es una de las intervenciones sanitarias m\u00e1s seguras, m\u00e1s efectivas y con un mejor \u00edndice de coste-efectividad de que disponemos.<\/p>\n<p>La Semana Mundial de la Inmunizaci\u00f3n, del 23 al 28 de abril, tiene el objetivo de poner de manifiesto las acciones colectivas necesarias para garantizar que todos estamos protegidos frente a las enfermedades infecciosas que pueden prevenirse mediante la vacunaci\u00f3n, tanto en la ni\u00f1ez como en la vida adulta y en determinados \u00e1mbitos laborales, especialmente el de los profesionales sanitarios. El lema de este a\u00f1o 2018 es Protegidos colectivamente: #LesVacunesFuncionen.<br \/>\n\u00a0<\/p>\n<p>En Catalu\u00f1a, la normalidad es que la poblaci\u00f3n se vacune. \u00c9ste es un hecho de gran relevancia y responsabilidad sociales, tanto desde el punto de vista individual como colectivo. Las coberturas vacunales del calendario com\u00fan infantil son superiores al 95%, lo que nos permite disfrutar de la llamada inmunidad de grupo: los padres que vacunan a sus hijos ayudan solidariamente a que los ni\u00f1os que no pueden vacunarse por indicaci\u00f3n m\u00e9dica (debido a causas como alergias, inmunodepresi\u00f3n, etc.) est\u00e9n protegidos.<br \/>\n\u00a0<\/p>\n<p>Pero tambi\u00e9n as\u00ed se protegen indirectamente a aquellos ni\u00f1os a los que sus padres deciden no vacunar adecuadamente, fen\u00f3meno que se conoce como reticencia a la vacunaci\u00f3n. La diseminaci\u00f3n r\u00e1pida e irresponsable de informaci\u00f3n falsa, favorecida \u00faltimamente por las redes sociales, que hay detr\u00e1s de este fen\u00f3meno debe combatirse y responderse con rigor y con evidencias cient\u00edficas. Si disminuyen las tasas de vacunaci\u00f3n, perdemos la inmunidad de grupo y aumenta el riesgo de epidemias, como est\u00e1 ocurriendo en Francia o en Italia con el sarampi\u00f3n.<br \/>\n\u00a0<\/p>\n<p>En el mundo de la salud p\u00fablica y de las vacunas, la falsa ciencia comporta da\u00f1os reales. Los profesionales sanitarios somos la principal fuente de informaci\u00f3n para la poblaci\u00f3n a la que servimos. Debemos estar siempre bien informados y formados para poder mantener la confianza que los ciudadanos y ciudadanas nos hacen cada d\u00eda.<br \/>\n\u00a0<\/p>\n<p>Los representantes de los colectivos profesionales sanitarios de Catalu\u00f1a implicados de manera directa con la vacunaci\u00f3n damos pleno apoyo a la recomendaci\u00f3n que hacen la Comisi\u00f3n Europea y el Parlamento Europeo para que mejoren las tasas de vacunaci\u00f3n de ni\u00f1os, adultos y profesionales, afronte la amenaza de que para la salud de todos supone la reticencia a la vacunaci\u00f3n y se trabaje para llegar a un calendario ya un registro comunes de vacunaci\u00f3n en la Uni\u00f3n Europea.<br \/>\n\u00a0<\/p>\n<p>Protegerse es protegernos: las vacunas salvan vidas.<\/p>\n<p>\u00a0\u00a0\u00a0COFB.ORG<\/p>","protected":false},"excerpt":{"rendered":"<p>\u00a0 Con motivo de la Semana Mundial de la Inmunizaci\u00f3n El Consejo de Colegios Farmac\u00e9uticos de Catalu\u00f1a (del que forma parte el Colegio de Farmac\u00e9uticos de Barcelona), se ha adherido al manifiesto conjunto del Consejo de Colegios de M\u00e9dicos de Catalu\u00f1a , el Consejo de Colegios de Enfermeras y Enfermeros de Catalu\u00f1a y [\u2026]<\/p>","protected":false},"author":1,"featured_media":0,"comment_status":"","ping_status":"","sticky":false,"template":"","format":"standard","meta":{"_uag_custom_page_level_css":"","site-sidebar-layout":"default","site-content-layout":"","ast-site-content-layout":"default","site-content-style":"default","site-sidebar-style":"default","ast-global-header-display":"","ast-banner-title-visibility":"","ast-main-header-display":"","ast-hfb-above-header-display":"","ast-hfb-below-header-display":"","ast-hfb-mobile-header-display":"","site-post-title":"","ast-breadcrumbs-content":"","ast-featured-img":"disabled","footer-sml-layout":"","theme-transparent-header-meta":"","adv-header-id-meta":"","stick-header-meta":"","header-above-stick-meta":"","header-main-stick-meta":"","header-below-stick-meta":"","astra-migrate-meta-layouts":"default","ast-page-background-enabled":"default","ast-page-background-meta":{"desktop":{"background-color":"var(--ast-global-color-4)","background-image":"","background-repeat":"repeat","background-position":"center center","background-size":"auto","background-attachment":"scroll","background-type":"","background-media":"","overlay-type":"","overlay-color":"","overlay-opacity":"","overlay-gradient":""},"tablet":{"background-color":"","background-image":"","background-repeat":"repeat","background-position":"center center","background-size":"auto","background-attachment":"scroll","background-type":"","background-media":"","overlay-type":"","overlay-color":"","overlay-opacity":"","overlay-gradient":""},"mobile":{"background-color":"","background-image":"","background-repeat":"repeat","background-position":"center center","background-size":"auto","background-attachment":"scroll","background-type":"","background-media":"","overlay-type":"","overlay-color":"","overlay-opacity":"","overlay-gradient":""}},"ast-content-background-meta":{"desktop":{"background-color":"var(--ast-global-color-5)","background-image":"","background-repeat":"repeat","background-position":"center center","background-size":"auto","background-attachment":"scroll","background-type":"","background-media":"","overlay-type":"","overlay-color":"","overlay-opacity":"","overlay-gradient":""},"tablet":{"background-color":"var(--ast-global-color-5)","background-image":"","background-repeat":"repeat","background-position":"center center","background-size":"auto","background-attachment":"scroll","background-type":"","background-media":"","overlay-type":"","overlay-color":"","overlay-opacity":"","overlay-gradient":""},"mobile":{"background-color":"var(--ast-global-color-5)","background-image":"","background-repeat":"repeat","background-position":"center center","background-size":"auto","background-attachment":"scroll","background-type":"","background-media":"","overlay-type":"","overlay-color":"","overlay-opacity":"","overlay-gradient":""}},"footnotes":""},"categories":[1060,1066],"tags":[],"class_list":["post-77943","post","type-post","status-publish","format-standard","hentry","category-notes-premsa","category-sense-categoria-ca"],"yoast_head":"<!-- This site is optimized with the Yoast SEO plugin v22.4 - https:\/\/yoast.com\/wordpress\/plugins\/seo\/ -->\n<title>Farmac\u00e8utics, metges, infermeres i odont\u00f2legs signen un manifest en defensa de les vacunes - Col\u00b7legi de Farmac\u00e8utics de Barcelona<\/title>\n<meta name=\"robots\" content=\"index, follow, max-snippet:-1, max-image-preview:large, max-video-preview:-1\" \/>\n<link rel=\"canonical\" href=\"https:\/\/novaorg.cofb.net\/2018\/04\/26\/farmaceutics-metges-infermeres-i-odontolegs-signen-un-manifest-en-defensa-de-les-vacunes-2\/\" \/>\n<meta property=\"og:locale\" content=\"es_ES\" \/>\n<meta property=\"og:type\" content=\"article\" \/>\n<meta property=\"og:title\" content=\"Farmac\u00e8utics, metges, infermeres i odont\u00f2legs signen un manifest en defensa de les vacunes - Col\u00b7legi de Farmac\u00e8utics de Barcelona\" \/>\n<meta property=\"og:description\" content=\"\u00a0 Amb motiu de la Setmana Mundial de la Immunitzaci\u00f3 El Consell de Col\u00b7legis Farmac\u00e8utics de Catalunya (del qual forma part el Col\u00b7legi de Farmac\u00e8utics de Barcelona), s&#8217;ha adherit al manifest conjunt del Consell de Col\u00b7legis de Metges de Catalunya, el Consell de Col\u00b7legis d&#8217;Infermeres i Infermers de Catalunya i [&hellip;]\" \/>\n<meta property=\"og:url\" content=\"https:\/\/novaorg.cofb.net\/2018\/04\/26\/farmaceutics-metges-infermeres-i-odontolegs-signen-un-manifest-en-defensa-de-les-vacunes-2\/\" \/>\n<meta property=\"og:site_name\" content=\"Col\u00b7legi de Farmac\u00e8utics de Barcelona\" \/>\n<meta property=\"article:publisher\" content=\"https:\/\/www.facebook.com\/farmaceuticsbcn\/\" \/>\n<meta property=\"article:published_time\" content=\"2018-04-26T12:29:00+00:00\" \/>\n<meta name=\"author\" content=\"wpAdminCofbOrg\" \/>\n<meta name=\"twitter:card\" content=\"summary_large_image\" \/>\n<meta name=\"twitter:creator\" content=\"@farmaceuticsbcn\" \/>\n<meta name=\"twitter:site\" content=\"@farmaceuticsbcn\" \/>\n<meta name=\"twitter:label1\" content=\"Escrito por\" \/>\n\t<meta name=\"twitter:data1\" content=\"wpAdminCofbOrg\" \/>\n\t<meta name=\"twitter:label2\" content=\"Tiempo de lectura\" \/>\n\t<meta name=\"twitter:data2\" content=\"5 minutos\" \/>\n<script type=\"application\/ld+json\" class=\"yoast-schema-graph\">{\"@context\":\"https:\/\/schema.org\",\"@graph\":[{\"@type\":\"Article\",\"@id\":\"https:\/\/novaorg.cofb.net\/2018\/04\/26\/farmaceutics-metges-infermeres-i-odontolegs-signen-un-manifest-en-defensa-de-les-vacunes-2\/#article\",\"isPartOf\":{\"@id\":\"https:\/\/novaorg.cofb.net\/2018\/04\/26\/farmaceutics-metges-infermeres-i-odontolegs-signen-un-manifest-en-defensa-de-les-vacunes-2\/\"},\"author\":{\"name\":\"wpAdminCofbOrg\",\"@id\":\"https:\/\/www.cofb.org\/#\/schema\/person\/22ed7eea88da74b0fa4d3154ad87ffcb\"},\"headline\":\"Farmac\u00e8utics, metges, infermeres i odont\u00f2legs signen un manifest en defensa de les vacunes\",\"datePublished\":\"2018-04-26T12:29:00+00:00\",\"dateModified\":\"2018-04-26T12:29:00+00:00\",\"mainEntityOfPage\":{\"@id\":\"https:\/\/novaorg.cofb.net\/2018\/04\/26\/farmaceutics-metges-infermeres-i-odontolegs-signen-un-manifest-en-defensa-de-les-vacunes-2\/\"},\"wordCount\":1065,\"publisher\":{\"@id\":\"https:\/\/www.cofb.org\/#organization\"},\"articleSection\":[\"Notes de premsa\",\"Sense categoria\"],\"inLanguage\":\"es\"},{\"@type\":\"WebPage\",\"@id\":\"https:\/\/novaorg.cofb.net\/2018\/04\/26\/farmaceutics-metges-infermeres-i-odontolegs-signen-un-manifest-en-defensa-de-les-vacunes-2\/\",\"url\":\"https:\/\/novaorg.cofb.net\/2018\/04\/26\/farmaceutics-metges-infermeres-i-odontolegs-signen-un-manifest-en-defensa-de-les-vacunes-2\/\",\"name\":\"Farmac\u00e8utics, metges, infermeres i odont\u00f2legs signen un manifest en defensa de les vacunes - Col\u00b7legi de Farmac\u00e8utics de Barcelona\",\"isPartOf\":{\"@id\":\"https:\/\/www.cofb.org\/#website\"},\"datePublished\":\"2018-04-26T12:29:00+00:00\",\"dateModified\":\"2018-04-26T12:29:00+00:00\",\"breadcrumb\":{\"@id\":\"https:\/\/novaorg.cofb.net\/2018\/04\/26\/farmaceutics-metges-infermeres-i-odontolegs-signen-un-manifest-en-defensa-de-les-vacunes-2\/#breadcrumb\"},\"inLanguage\":\"es\",\"potentialAction\":[{\"@type\":\"ReadAction\",\"target\":[\"https:\/\/novaorg.cofb.net\/2018\/04\/26\/farmaceutics-metges-infermeres-i-odontolegs-signen-un-manifest-en-defensa-de-les-vacunes-2\/\"]}]},{\"@type\":\"BreadcrumbList\",\"@id\":\"https:\/\/novaorg.cofb.net\/2018\/04\/26\/farmaceutics-metges-infermeres-i-odontolegs-signen-un-manifest-en-defensa-de-les-vacunes-2\/#breadcrumb\",\"itemListElement\":[{\"@type\":\"ListItem\",\"position\":1,\"name\":\"Inici\",\"item\":\"https:\/\/novaorg.cofb.net\/\"},{\"@type\":\"ListItem\",\"position\":2,\"name\":\"Farmac\u00e8utics, metges, infermeres i odont\u00f2legs signen un manifest en defensa de les vacunes\"}]},{\"@type\":\"WebSite\",\"@id\":\"https:\/\/www.cofb.org\/#website\",\"url\":\"https:\/\/www.cofb.org\/\",\"name\":\"Col\u00b7legi de Farmac\u00e8utics de Barcelona\",\"description\":\"\",\"publisher\":{\"@id\":\"https:\/\/www.cofb.org\/#organization\"},\"potentialAction\":[{\"@type\":\"SearchAction\",\"target\":{\"@type\":\"EntryPoint\",\"urlTemplate\":\"https:\/\/www.cofb.org\/?s={search_term_string}\"},\"query-input\":\"required name=search_term_string\"}],\"inLanguage\":\"es\"},{\"@type\":\"Organization\",\"@id\":\"https:\/\/www.cofb.org\/#organization\",\"name\":\"Col\u00b7legi de Farmac\u00e8utics de Barcelona\",\"url\":\"https:\/\/www.cofb.org\/\",\"logo\":{\"@type\":\"ImageObject\",\"inLanguage\":\"es\",\"@id\":\"https:\/\/www.cofb.org\/#\/schema\/logo\/image\/\",\"url\":\"https:\/\/www.cofb.org\/wp-content\/uploads\/2023\/11\/cropped-Logotip-COFB.png\",\"contentUrl\":\"https:\/\/www.cofb.org\/wp-content\/uploads\/2023\/11\/cropped-Logotip-COFB.png\",\"width\":500,\"height\":105,\"caption\":\"Col\u00b7legi de Farmac\u00e8utics de Barcelona\"},\"image\":{\"@id\":\"https:\/\/www.cofb.org\/#\/schema\/logo\/image\/\"},\"sameAs\":[\"https:\/\/www.facebook.com\/farmaceuticsbcn\/\",\"https:\/\/twitter.com\/farmaceuticsbcn\",\"https:\/\/www.instagram.com\/farmaceuticsbcn\/\",\"https:\/\/www.linkedin.com\/company\/farmaceuticsbcn\/\"]},{\"@type\":\"Person\",\"@id\":\"https:\/\/www.cofb.org\/#\/schema\/person\/22ed7eea88da74b0fa4d3154ad87ffcb\",\"name\":\"wpAdminCofbOrg\",\"image\":{\"@type\":\"ImageObject\",\"inLanguage\":\"es\",\"@id\":\"https:\/\/www.cofb.org\/#\/schema\/person\/image\/\",\"url\":\"https:\/\/secure.gravatar.com\/avatar\/1721b20b3b8ca882c3b56ec6c978c594fff670e40c0718e9190eaeeb76aae7d8?s=96&d=mm&r=g\",\"contentUrl\":\"https:\/\/secure.gravatar.com\/avatar\/1721b20b3b8ca882c3b56ec6c978c594fff670e40c0718e9190eaeeb76aae7d8?s=96&d=mm&r=g\",\"caption\":\"wpAdminCofbOrg\"},\"sameAs\":[\"http:\/\/192.168.64.122\/wordpress\"],\"url\":\"https:\/\/www.cofb.org\/es\/author\/wpadmincofborg\/\"}]}<\/script>\n<!-- \/ Yoast SEO plugin. -->","yoast_head_json":{"title":"Farmac\u00e8utics, metges, infermeres i odont\u00f2legs signen un manifest en defensa de les vacunes - Col\u00b7legi de Farmac\u00e8utics de Barcelona","robots":{"index":"index","follow":"follow","max-snippet":"max-snippet:-1","max-image-preview":"max-image-preview:large","max-video-preview":"max-video-preview:-1"},"canonical":"https:\/\/novaorg.cofb.net\/2018\/04\/26\/farmaceutics-metges-infermeres-i-odontolegs-signen-un-manifest-en-defensa-de-les-vacunes-2\/","og_locale":"es_ES","og_type":"article","og_title":"Farmac\u00e8utics, metges, infermeres i odont\u00f2legs signen un manifest en defensa de les vacunes - Col\u00b7legi de Farmac\u00e8utics de Barcelona","og_description":"\u00a0 Amb motiu de la Setmana Mundial de la Immunitzaci\u00f3 El Consell de Col\u00b7legis Farmac\u00e8utics de Catalunya (del qual forma part el Col\u00b7legi de Farmac\u00e8utics de Barcelona), s&#8217;ha adherit al manifest conjunt del Consell de Col\u00b7legis de Metges de Catalunya, el Consell de Col\u00b7legis d&#8217;Infermeres i Infermers de Catalunya i [&hellip;]","og_url":"https:\/\/novaorg.cofb.net\/2018\/04\/26\/farmaceutics-metges-infermeres-i-odontolegs-signen-un-manifest-en-defensa-de-les-vacunes-2\/","og_site_name":"Col\u00b7legi de Farmac\u00e8utics de Barcelona","article_publisher":"https:\/\/www.facebook.com\/farmaceuticsbcn\/","article_published_time":"2018-04-26T12:29:00+00:00","author":"wpAdminCofbOrg","twitter_card":"summary_large_image","twitter_creator":"@farmaceuticsbcn","twitter_site":"@farmaceuticsbcn","twitter_misc":{"Escrito por":"wpAdminCofbOrg","Tiempo de lectura":"5 minutos"},"schema":{"@context":"https:\/\/schema.org","@graph":[{"@type":"Article","@id":"https:\/\/novaorg.cofb.net\/2018\/04\/26\/farmaceutics-metges-infermeres-i-odontolegs-signen-un-manifest-en-defensa-de-les-vacunes-2\/#article","isPartOf":{"@id":"https:\/\/novaorg.cofb.net\/2018\/04\/26\/farmaceutics-metges-infermeres-i-odontolegs-signen-un-manifest-en-defensa-de-les-vacunes-2\/"},"author":{"name":"wpAdminCofbOrg","@id":"https:\/\/www.cofb.org\/#\/schema\/person\/22ed7eea88da74b0fa4d3154ad87ffcb"},"headline":"Farmac\u00e8utics, metges, infermeres i odont\u00f2legs signen un manifest en defensa de les vacunes","datePublished":"2018-04-26T12:29:00+00:00","dateModified":"2018-04-26T12:29:00+00:00","mainEntityOfPage":{"@id":"https:\/\/novaorg.cofb.net\/2018\/04\/26\/farmaceutics-metges-infermeres-i-odontolegs-signen-un-manifest-en-defensa-de-les-vacunes-2\/"},"wordCount":1065,"publisher":{"@id":"https:\/\/www.cofb.org\/#organization"},"articleSection":["Notes de premsa","Sense categoria"],"inLanguage":"es"},{"@type":"WebPage","@id":"https:\/\/novaorg.cofb.net\/2018\/04\/26\/farmaceutics-metges-infermeres-i-odontolegs-signen-un-manifest-en-defensa-de-les-vacunes-2\/","url":"https:\/\/novaorg.cofb.net\/2018\/04\/26\/farmaceutics-metges-infermeres-i-odontolegs-signen-un-manifest-en-defensa-de-les-vacunes-2\/","name":"Farmac\u00e8utics, metges, infermeres i odont\u00f2legs signen un manifest en defensa de les vacunes - Col\u00b7legi de Farmac\u00e8utics de Barcelona","isPartOf":{"@id":"https:\/\/www.cofb.org\/#website"},"datePublished":"2018-04-26T12:29:00+00:00","dateModified":"2018-04-26T12:29:00+00:00","breadcrumb":{"@id":"https:\/\/novaorg.cofb.net\/2018\/04\/26\/farmaceutics-metges-infermeres-i-odontolegs-signen-un-manifest-en-defensa-de-les-vacunes-2\/#breadcrumb"},"inLanguage":"es","potentialAction":[{"@type":"ReadAction","target":["https:\/\/novaorg.cofb.net\/2018\/04\/26\/farmaceutics-metges-infermeres-i-odontolegs-signen-un-manifest-en-defensa-de-les-vacunes-2\/"]}]},{"@type":"BreadcrumbList","@id":"https:\/\/novaorg.cofb.net\/2018\/04\/26\/farmaceutics-metges-infermeres-i-odontolegs-signen-un-manifest-en-defensa-de-les-vacunes-2\/#breadcrumb","itemListElement":[{"@type":"ListItem","position":1,"name":"Inici","item":"https:\/\/novaorg.cofb.net\/"},{"@type":"ListItem","position":2,"name":"Farmac\u00e8utics, metges, infermeres i odont\u00f2legs signen un manifest en defensa de les vacunes"}]},{"@type":"WebSite","@id":"https:\/\/www.cofb.org\/#website","url":"https:\/\/www.cofb.org\/","name":"Col\u00b7legi de Farmac\u00e8utics de Barcelona","description":"","publisher":{"@id":"https:\/\/www.cofb.org\/#organization"},"potentialAction":[{"@type":"SearchAction","target":{"@type":"EntryPoint","urlTemplate":"https:\/\/www.cofb.org\/?s={search_term_string}"},"query-input":"required name=search_term_string"}],"inLanguage":"es"},{"@type":"Organization","@id":"https:\/\/www.cofb.org\/#organization","name":"Col\u00b7legi de Farmac\u00e8utics de Barcelona","url":"https:\/\/www.cofb.org\/","logo":{"@type":"ImageObject","inLanguage":"es","@id":"https:\/\/www.cofb.org\/#\/schema\/logo\/image\/","url":"https:\/\/www.cofb.org\/wp-content\/uploads\/2023\/11\/cropped-Logotip-COFB.png","contentUrl":"https:\/\/www.cofb.org\/wp-content\/uploads\/2023\/11\/cropped-Logotip-COFB.png","width":500,"height":105,"caption":"Col\u00b7legi de Farmac\u00e8utics de Barcelona"},"image":{"@id":"https:\/\/www.cofb.org\/#\/schema\/logo\/image\/"},"sameAs":["https:\/\/www.facebook.com\/farmaceuticsbcn\/","https:\/\/twitter.com\/farmaceuticsbcn","https:\/\/www.instagram.com\/farmaceuticsbcn\/","https:\/\/www.linkedin.com\/company\/farmaceuticsbcn\/"]},{"@type":"Person","@id":"https:\/\/www.cofb.org\/#\/schema\/person\/22ed7eea88da74b0fa4d3154ad87ffcb","name":"wpAdminCofbOrg","image":{"@type":"ImageObject","inLanguage":"es","@id":"https:\/\/www.cofb.org\/#\/schema\/person\/image\/","url":"https:\/\/secure.gravatar.com\/avatar\/1721b20b3b8ca882c3b56ec6c978c594fff670e40c0718e9190eaeeb76aae7d8?s=96&d=mm&r=g","contentUrl":"https:\/\/secure.gravatar.com\/avatar\/1721b20b3b8ca882c3b56ec6c978c594fff670e40c0718e9190eaeeb76aae7d8?s=96&d=mm&r=g","caption":"wpAdminCofbOrg"},"sameAs":["http:\/\/192.168.64.122\/wordpress"],"url":"https:\/\/www.cofb.org\/es\/author\/wpadmincofborg\/"}]}},"uagb_featured_image_src":{"full":false,"thumbnail":false,"medium":false,"medium_large":false,"large":false,"1536x1536":false,"2048x2048":false,"trp-custom-language-flag":false},"uagb_author_info":{"display_name":"wpAdminCofbOrg","author_link":"https:\/\/www.cofb.org\/es\/author\/wpadmincofborg\/"},"uagb_comment_info":0,"uagb_excerpt":"\u00a0 Amb motiu de la Setmana Mundial de la Immunitzaci\u00f3 El Consell de Col\u00b7legis Farmac\u00e8utics de Catalunya (del qual forma part el Col\u00b7legi de Farmac\u00e8utics de Barcelona), s&#8217;ha adherit al manifest conjunt del Consell de Col\u00b7legis de Metges de Catalunya, el Consell de Col\u00b7legis d&#8217;Infermeres i Infermers de Catalunya i [&hellip;]","_links":{"self":[{"href":"https:\/\/www.cofb.org\/es\/wp-json\/wp\/v2\/posts\/77943","targetHints":{"allow":["GET"]}}],"collection":[{"href":"https:\/\/www.cofb.org\/es\/wp-json\/wp\/v2\/posts"}],"about":[{"href":"https:\/\/www.cofb.org\/es\/wp-json\/wp\/v2\/types\/post"}],"author":[{"embeddable":true,"href":"https:\/\/www.cofb.org\/es\/wp-json\/wp\/v2\/users\/1"}],"replies":[{"embeddable":true,"href":"https:\/\/www.cofb.org\/es\/wp-json\/wp\/v2\/comments?post=77943"}],"version-history":[{"count":0,"href":"https:\/\/www.cofb.org\/es\/wp-json\/wp\/v2\/posts\/77943\/revisions"}],"wp:attachment":[{"href":"https:\/\/www.cofb.org\/es\/wp-json\/wp\/v2\/media?parent=77943"}],"wp:term":[{"taxonomy":"category","embeddable":true,"href":"https:\/\/www.cofb.org\/es\/wp-json\/wp\/v2\/categories?post=77943"},{"taxonomy":"post_tag","embeddable":true,"href":"https:\/\/www.cofb.org\/es\/wp-json\/wp\/v2\/tags?post=77943"}],"curies":[{"name":"wp","href":"https:\/\/api.w.org\/{rel}","templated":true}]}}