{"id":77933,"date":"2018-10-15T11:28:00","date_gmt":"2018-10-15T11:28:00","guid":{"rendered":"https:\/\/novaorg.cofb.net\/2018\/10\/15\/el-cof-de-barcelona-inaugura-el-programa-formatiu-2018-2019-amb-mes-de-150-activitats-en-cartera-2\/"},"modified":"2018-10-15T11:28:00","modified_gmt":"2018-10-15T11:28:00","slug":"el-cof-de-barcelona-inaugura-el-programa-formatiu-2018-2019-amb-mes-de-150-activitats-en-cartera-2","status":"publish","type":"post","link":"https:\/\/www.cofb.org\/es\/2018\/10\/15\/el-cof-de-barcelona-inaugura-el-programa-formatiu-2018-2019-amb-mes-de-150-activitats-en-cartera-2\/","title":{"rendered":"El COF de Barcelona inaugura el programa formativo 2018-2019 con m\u00e1s de 150 actividades en cartera"},"content":{"rendered":"<p>\u00a0<br \/>\n\tEl COFB ha presentado el <strong>nuevo programa formativo,<\/strong> que consolida la apuesta por la<strong> innovaci\u00f3n,<\/strong> el<strong>intercambio de experiencias <\/strong>y la oferta de <strong>cursos y actividades <\/strong>para los farmac\u00e9uticos que trabajan en diversos \u00e1mbitos de ejercicio<br \/>\n\tLa <strong>propuesta formativa <\/strong>combina <strong>cursos que ya hace a\u00f1os que se imparten y tienen muy buena acogida <\/strong>con nuevas actividades relacionadas con las \u00faltimas tendencias del sector<br \/>\n\tPara hacer m\u00e1s accesible la formaci\u00f3n, se ha continuado apostando por la <strong>bonificaci\u00f3n de los cursos -39 en total-<\/strong> y la <strong>formaci\u00f3n a distancia,<\/strong> con <strong>49 cursos online y 7 webinares.<\/strong> Tambi\u00e9n se ha conseguido precios reducidos con el patrocinio de la industria farmac\u00e9utica. La formaci\u00f3n del COFB en cifras<br \/>\n\tDurante la inauguraci\u00f3n, ha tenido lugar la conferencia<strong> &quot;La dieta mediterr\u00e1nea y el trastorno del d\u00e9ficit de atenci\u00f3n con hiperactividad (TDAH)&quot;<\/strong><\/p>\n<p><em>Barcelona, 15 de octubre de 2018<\/em> El <strong>Col\u00b7legi de Farmac\u00e8utics de Barcelona (COFB)<\/strong> inaugur\u00f3 el pasado 10 de octubre el <span>Programa de Formaci\u00f3n Continuada 2018-2019<\/span> con una propuesta formativa que contiene m\u00e1s de 150 actividades. El acto de presentaci\u00f3n cont\u00f3 con las intervenciones de <strong>Nuria Bosch,<\/strong> vicepresidenta del COFB, y de<strong>Aina Surroca,<\/strong> vocal del COFB y responsable de la Comisi\u00f3n Delegada de Formaci\u00f3n Continuada, y se llev\u00f3 a cabo en el marco de la <strong>primera tertulia de actualidad del nuevo curso titulada \u201cLa dieta mediterr\u00e1nea y el trastorno del d\u00e9ficit de atenci\u00f3n con hiperactividad (TDAH).<\/strong><\/p>\n<p>\u00a0<\/p>\n<p>Al inicio del acto, la vicepresidenta del Colegio resalt\u00f3 la <strong>importancia de la formaci\u00f3n continuada,<\/strong> ya que <strong>&quot;es necesaria para desarrollarnos profesionalmente y ofrecer con la m\u00e1xima calidad los diferentes servicios, consejos y actividades farmac\u00e9uticas que podamos llevar a cabo&quot;. <\/strong>En la misma l\u00ednea, Surroca destac\u00f3 los <strong>3 ejes del programa de formaci\u00f3n continuada 18\/19: &quot;innovaci\u00f3n, transversalidad y dar respuesta, desde el Colegio, a las necesidades de todos los \u00e1mbitos de ejercicio profesional&quot;.<\/strong><\/p>\n<p><strong>\u00bfQu\u00e9 es lo m\u00e1s destacado del programa formativo del curso 2018-2019?<\/strong><\/p>\n<p><span><strong>Consolidaci\u00f3n de la apuesta por la innovaci\u00f3n<\/strong><\/span><br \/>\nLa<strong> innovaci\u00f3n <\/strong>sigue siendo una<strong> apuesta clara del programa formativo del Colegio.<\/strong> El pasado curso, ya se puso en marcha un apartado espec\u00edfico relacionado con este \u00e1mbito, y este a\u00f1o se sigue potenciando con temas de actualidad relacionados con novedades terap\u00e9uticas, servicios asistenciales y un conjunto de propuestas que proliferan en un sector que evoluciona muy r\u00e1pidamente. Algunos de los temas que se abordar\u00e1n en este \u00e1mbito ser\u00e1n la farmacogen\u00e9tica, la epigen\u00e9tica y, por primera vez, el curso &quot;Aplicaciones m\u00f3viles en salud: teor\u00eda y realidad&quot;.<\/p>\n<p><strong>La innovaci\u00f3n no s\u00f3lo se limita a los contenidos, sino que tambi\u00e9n abarca la metodolog\u00eda y los formatos. <\/strong>La oferta formativa <strong>facilita al m\u00e1ximo el aprendizaje, <\/strong>para que sea <strong>sencillo compaginar la formaci\u00f3n continua con las obligaciones profesionales.<\/strong><\/p>\n<p><strong><span>Actividades para farmac\u00e9uticos de todos los \u00e1mbitos<\/span><\/strong><br \/>\nEl objetivo del COFB es <strong>trabajar para todos los colegiados. <\/strong>Por eso, se ofrecen <strong>propuestas formativas para los farmac\u00e9uticos de diferentes \u00e1mbitos de ejercicio de la Farmacia, que contemplan las necesidades de cada colectivo y est\u00e1n pensadas para que sean de aplicaci\u00f3n al d\u00eda a d\u00eda.<\/strong><\/p>\n<p>Es el caso, por ejemplo, del curso &quot;Comunicaci\u00f3n con el paciente en atenci\u00f3n primaria&quot;, &quot;Talleres de buenas pr\u00e1cticas de distribuci\u00f3n de medicamentos&quot; y &quot;An\u00e1lisis cl\u00ednicos: ninguna pregunta sin respuesta&quot;. Este \u00faltimo introduce una <strong>nueva metodolog\u00eda<\/strong> que consiste en crear la formaci\u00f3n a partir de las cuestiones que hagan llegar los farmac\u00e9uticos<strong>.<\/strong><\/p>\n<p><strong><span>Intercambio de experiencias<\/span><\/strong><br \/>\nFomentar la <strong>interacci\u00f3n entre los diferentes \u00e1mbitos de ejercicio <\/strong>es otra de las caracter\u00edsticas del programa formativo. En este sentido, se <strong>potencia la transversalidad de contenidos, profesores y ponentes y el trabajo multidisciplinar.<\/strong> Todo ello, por <strong>aprender de compa\u00f1eros y compartir conocimientos y aprendizajes <\/strong>a trav\u00e9s de los <strong>elementos de comunicaci\u00f3n <\/strong>presentes en las aulas f\u00edsicas y virtuales.<\/p>\n<p><strong>El intercambio de experiencias <\/strong>lo encontramos, por ejemplo, en las <strong>tertulias de actualidad <\/strong>que peri\u00f3dicamente se realizan en el Colegio o en cursos impartidos por equipos multidisciplinares y dirigidos a farmac\u00e9uticos de diferentes \u00e1mbitos de ejercicio, como es el caso de<strong>&quot;Atenci\u00f3n farmac\u00e9utica comunitaria a pacientes con c\u00e1ncer&quot;.<\/strong><\/p>\n<p><strong><span>Formaci\u00f3n de calidad<\/span><\/strong><br \/>\nEn el programa formativo encontramos, por un lado, cursos consolidados despu\u00e9s de a\u00f1os de \u00e9xito, como \u201cNutrici\u00f3n y deporte\u201d, \u201cActuaci\u00f3n farmac\u00e9utica en nutrici\u00f3n artificial\u201d e \u201cIndicaci\u00f3n y casos pr\u00e1cticos en complementos alimenticios\u201d, que permitir\u00e1n que los farmac\u00e9uticos se formen en campos en los que el COFB tiene una larga trayectoria.<\/p>\n<p>Por otro lado, cursos como &quot;Interacciones, m\u00e1s all\u00e1 del medicamento&quot;, &quot;Ortopedia deportiva&quot;, &quot;Problemas de la piel en patolog\u00edas no dermatol\u00f3gicas&quot; y &quot;Gesti\u00f3n del paciente obeso con diabetes&quot;, que este a\u00f1o se imparten por primera vez y se basan en las \u00faltimas tendencias del sector de la profesi\u00f3n. Tambi\u00e9n se ha impulsado un ciclo de conferencias en torno a los programas de reducci\u00f3n de da\u00f1os entre los que se encuentran el de detecci\u00f3n precoz del VIH, el de mantenimiento con metadona y el de intercambio de jeringuillas.<\/p>\n<p><strong><\/strong><strong>La formaci\u00f3n del COFB en cifras<\/strong><\/p>\n<p>El programa formativo 2018-2019 contar\u00e1 con m\u00e1s de 150 actividades formativas (103 presenciales y 49 online a trav\u00e9s de la intranet colegial y del portal \u00c0gora Sanit\u00e0ria), de las que 55 son nuevas.<\/p>\n<p>Tambi\u00e9n se ha continuado la apuesta por ofrecer cursos con webinar - de momento, hay 7 programados-, y con bonificaci\u00f3n -en total 39-, en el marco de los cuales el Colegio se encarga de hacer los tr\u00e1mites necesarios para que el farmac\u00e9utico tenga la oportunidad de recuperar el cupo de formaci\u00f3n que paga para sus trabajadores.<\/p>\n<p>Por otra parte, gracias a los acuerdos con la industria farmac\u00e9utica, se consiguen hacer m\u00e1s accesibles algunas de las formaciones a trav\u00e9s de su patrocinio, ya que existen descuentos en el coste de inscripci\u00f3n o incluso en algunos casos, son gratuitas.<\/p>\n<p><strong><\/strong><strong>Novedades impulsadas desde el COFB<\/strong><\/p>\n<p>M\u00e1s all\u00e1 del programa, el COFB ha impulsado tres novedades para mejorar el entorno formativo del colegiado. En primer lugar, la inauguraci\u00f3n de un nuevo aula, con capacidad para m\u00e1s de 80 personas, que aportar\u00e1 un nuevo espacio de f\u00e1cil acceso, con toda la tecnolog\u00eda para disfrutar de las actividades formativas e informativas que se lleven a cabo.<\/p>\n<p>En segundo lugar, la ampliaci\u00f3n del perfil formativo que cada farmac\u00e9utico tiene en la intranet colegial. Este espacio, que permite tener el registro curricular de las actividades de formaci\u00f3n continuada llevadas a cabo en el COFB, facilitando que cada profesional disponga de su \u00e1rea privada de los cursos realizados, incluir\u00e1 tambi\u00e9n la documentaci\u00f3n de los cursos. Adem\u00e1s, se han desarrollado mejoras en el buscador de cursos y en su indexaci\u00f3n para facilitar al m\u00e1ximo que el alumno encuentre r\u00e1pidamente aquellos cursos que le puedan interesar.<\/p>\n<p>Por otra parte, tambi\u00e9n se ha estrenado el aula virtual en la gesti\u00f3n del M\u00e1ster de Gesti\u00f3n de la Oficina de Farmacia (MGOF) y del Programa Dermoexpert. El aula virtual es el espacio de interacci\u00f3n entre los alumnos, el profesorado y la instituci\u00f3n colegial donde los alumnos pueden encontrar la documentaci\u00f3n e informaci\u00f3n necesaria para seguir la actividad formativa.<\/p>\n<p>Para m\u00e1s informaci\u00f3n:<\/p>\n<p>Departamento de Comunicaci\u00f3n del COFB<\/p>\n<p>Tel\u00e9fono: 93 244 07 28 \/ 18<\/p>\n<p><strong><a href=\"mailto:premsa@cofb.net\">premsa@cofb.net<\/a><\/strong><\/p>\n<p>\u00a0El COFB ha presentado el nuevo programa formativo, que consolida la apuesta por la innovaci\u00f3n, el intercambio de experiencias y la oferta de cursos y actividades para los farmac\u00e9uticos que trabajan en distintos \u00e1mbitos de ejercicio<br \/>\n\tLa propuesta formativa combina cursos que ya hace a\u00f1os que se imparten y tienen muy buena acogida con nuevas actividades relacionadas con las \u00faltimas tendencias del sector<br \/>\n\tPara hacer m\u00e1s accesible la formaci\u00f3n, se ha continuado apostando por la bonificaci\u00f3n de los cursos -39 en total- y la formaci\u00f3n a distancia, con 49 cursos online y 7 webinares. Tambi\u00e9n se ha conseguido precios reducidos con el patrocinio de la industria farmac\u00e9utica. La formaci\u00f3n del COFB en cifras<br \/>\n\tDurante la inauguraci\u00f3n, ha tenido lugar la conferencia &quot;La dieta mediterr\u00e1nea y el trastorno del d\u00e9ficit de atenci\u00f3n con hiperactividad (TDAH)&quot;<\/p>\n<p>Barcelona, 15 de octubre de 2018. El Colegio de Farmac\u00e9uticos de Barcelona (COFB) inaugur\u00f3 el pasado 10 de octubre el Programa de Formaci\u00f3n Continua 2018-2019 con una propuesta formativa que contiene m\u00e1s de 150 actividades. El acto de presentaci\u00f3n cont\u00f3 con las intervenciones de N\u00faria Bosch, vicepresidenta del COFB, y de Aina Surroca, vocal del COFB y responsable de la Comisi\u00f3n Delegada de Formaci\u00f3n Continuada, y se llev\u00f3 a cabo en el marco de la primera tertulia de actualidad del nuevo curso titulada \u201cLa dieta mediterr\u00e1nea y el trastorno del d\u00e9ficit de atenci\u00f3n con hiperactividad (TDAH).<\/p>\n<p>\u00a0<\/p>\n<p>Al inicio del acto, la vicepresidenta del Colegio resalt\u00f3 la importancia de la formaci\u00f3n continuada, ya que \u201ces necesaria para desarrollarnos profesionalmente y ofrecer con la m\u00e1xima calidad los diferentes servicios, consejos y actividades farmac\u00e9uticas que podamos llevar a cabo\u201d. En la misma l\u00ednea, Surroca destac\u00f3 los 3 ejes del programa de formaci\u00f3n continuada 18\/19: &quot;innovaci\u00f3n, transversalidad y dar respuesta, desde el Colegio, a las necesidades de todos los \u00e1mbitos de ejercicio profesional&quot;.<\/p>\n<p>\u00bfQu\u00e9 es lo m\u00e1s destacado del programa formativo del curso 2018-2019?<\/p>\n<p>Consolidaci\u00f3n de la apuesta por la innovaci\u00f3n<br \/>\nLa innovaci\u00f3n sigue siendo una apuesta clara del programa formativo del Colegio. El pasado curso, ya se puso en marcha un apartado espec\u00edfico relacionado con este \u00e1mbito, y este a\u00f1o se sigue potenciando con temas de actualidad relacionados con novedades terap\u00e9uticas, servicios asistenciales y un conjunto de propuestas que proliferan en un sector que evoluciona muy r\u00e1pidamente. Algunos de los temas que se abordar\u00e1n en este \u00e1mbito ser\u00e1n la farmacogen\u00e9tica, la epigen\u00e9tica y, por primera vez, el curso &quot;Aplicaciones m\u00f3viles en salud: teor\u00eda y realidad&quot;.<\/p>\n<p>La innovaci\u00f3n no s\u00f3lo se limita a los contenidos, sino que tambi\u00e9n abarca la metodolog\u00eda y los formatos. La oferta formativa facilita al m\u00e1ximo el aprendizaje, para que sea sencillo compaginar la formaci\u00f3n continua con las obligaciones profesionales.<\/p>\n<p>Actividades para farmac\u00e9uticos de todos los \u00e1mbitos<br \/>\nEl objetivo del COFB es trabajar para todos los colegiados. Por eso, se ofrecen propuestas formativas para los farmac\u00e9uticos de diferentes \u00e1mbitos de ejercicio de la Farmacia, que contemplan las necesidades de cada colectivo y est\u00e1n pensadas para que sean aplicables al d\u00eda a d\u00eda.<\/p>\n<p>Es el caso, por ejemplo, del curso &quot;Comunicaci\u00f3n con el paciente en atenci\u00f3n primaria&quot;, &quot;Talleres de buenas pr\u00e1cticas de distribuci\u00f3n de medicamentos&quot; y &quot;An\u00e1lisis cl\u00ednicos: ninguna pregunta sin respuesta&quot;. \u00c9ste \u00faltimo introduce una nueva metodolog\u00eda que consiste en crear la formaci\u00f3n a partir de las cuestiones que hagan llegar los farmac\u00e9uticos.<\/p>\n<p>Intercambio de experiencias<br \/>\nFomentar la interacci\u00f3n entre los distintos \u00e1mbitos de ejercicio es otra de las caracter\u00edsticas del programa formativo. En este sentido, se potencia la transversalidad de contenidos, profesores y ponentes y el trabajo multidisciplinar. Todo ello para aprender de compa\u00f1eros y compartir conocimientos y aprendizajes a trav\u00e9s de los elementos de comunicaci\u00f3n presentes en las aulas f\u00edsicas y virtuales.<\/p>\n<p>El intercambio de experiencias lo encontramos, por ejemplo, en las tertulias de actualidad que peri\u00f3dicamente se realizan en el Colegio o en cursos impartidos por equipos multidisciplinares y dirigidos a farmac\u00e9uticos de diferentes \u00e1mbitos de ejercicio, como es el caso de &quot;Atenci\u00f3n farmac\u00e9utica comunitaria a pacientes con c\u00e1ncer&quot;.<\/p>\n<p>Formaci\u00f3n de calidad<br \/>\nEn el programa formativo encontramos, por un lado, cursos consolidados despu\u00e9s de a\u00f1os de \u00e9xito, como \u201cNutrici\u00f3n y deporte\u201d, \u201cActuaci\u00f3n farmac\u00e9utica en nutrici\u00f3n artificial\u201d e \u201cIndicaci\u00f3n y casos pr\u00e1cticos en complementos alimenticios\u201d, que permitir\u00e1n que los farmac\u00e9uticos se formen en campos en los que el COFB tiene una larga trayectoria.<\/p>\n<p>Por otro lado, cursos como &quot;Interacciones, m\u00e1s all\u00e1 del medicamento&quot;, &quot;Ortopedia deportiva&quot;, &quot;Problemas de la piel en patolog\u00edas no dermatol\u00f3gicas&quot; y &quot;Gesti\u00f3n del paciente obeso con diabetes&quot;, que este a\u00f1o se imparten por primera vez y se basan en las \u00faltimas tendencias del sector de la profesi\u00f3n. Tambi\u00e9n se ha impulsado un ciclo de conferencias en torno a los programas de reducci\u00f3n de da\u00f1os entre los que se encuentran el de detecci\u00f3n precoz del VIH, el de mantenimiento con metadona y el de intercambio de jeringuillas.<\/p>\n<p>La formaci\u00f3n del COFB en cifras<\/p>\n<p>El programa formativo 2018-2019 contar\u00e1 con m\u00e1s de 150 actividades formativas (103 presenciales y 49 online a trav\u00e9s de la intranet colegial y del portal \u00c0gora Sanit\u00e0ria), de las que 55 son nuevas.<\/p>\n<p>Tambi\u00e9n se ha continuado la apuesta por ofrecer cursos con webinar - de momento, hay 7 programados-, y con bonificaci\u00f3n -en total 39-, en el marco de los cuales el Colegio se encarga de hacer los tr\u00e1mites necesarios para que el farmac\u00e9utico tenga la oportunidad de recuperar el cupo de formaci\u00f3n que paga para sus trabajadores.<\/p>\n<p>Por otra parte, gracias a los acuerdos con la industria farmac\u00e9utica, se consiguen hacer m\u00e1s accesibles algunas de las formaciones a trav\u00e9s de su patrocinio, ya que existen descuentos en el coste de inscripci\u00f3n o incluso en algunos casos, son gratuitas.<\/p>\n<p>Novedades impulsadas desde el COFB<\/p>\n<p>M\u00e1s all\u00e1 del programa, el COFB ha impulsado tres novedades para mejorar el entorno formativo del colegiado. En primer lugar, la inauguraci\u00f3n de un nuevo aula, con capacidad para m\u00e1s de 80 personas, que aportar\u00e1 un nuevo espacio de f\u00e1cil acceso, con toda la tecnolog\u00eda para disfrutar de las actividades formativas e informativas que se lleven a cabo.<\/p>\n<p>En segundo lugar, la ampliaci\u00f3n del perfil formativo que cada farmac\u00e9utico tiene en la intranet colegial. Este espacio, que permite tener el registro curricular de las actividades de formaci\u00f3n continuada llevadas a cabo en el COFB, facilitando que cada profesional disponga de su \u00e1rea privada de los cursos realizados, incluir\u00e1 tambi\u00e9n la documentaci\u00f3n de los cursos. Adem\u00e1s, se han desarrollado mejoras en el buscador de cursos y en su indexaci\u00f3n para facilitar al m\u00e1ximo que el alumno encuentre r\u00e1pidamente aquellos cursos que le puedan interesar.<\/p>\n<p>Por otra parte, tambi\u00e9n se ha estrenado el aula virtual en la gesti\u00f3n del M\u00e1ster de Gesti\u00f3n de la Oficina de Farmacia (MGOF) y del Programa Dermoexpert. El aula virtual es el espacio de interacci\u00f3n entre los alumnos, el profesorado y la instituci\u00f3n colegial donde los alumnos pueden encontrar la documentaci\u00f3n e informaci\u00f3n necesaria para seguir la actividad formativa.<\/p>\n<p>Para m\u00e1s informaci\u00f3n:<\/p>\n<p>Departamento de Comunicaci\u00f3n del COFB<\/p>\n<p>Tel\u00e9fono: 93 244 07 28 \/ 18<\/p>\n<p>premsa@cofb.net COFB.ORG<\/p>","protected":false},"excerpt":{"rendered":"<p>\u00a0 El COFB ha presentado el nuevo programa formativo, que consolida la apuesta por la innovaci\u00f3n, el intercambio de experiencias y la oferta de cursos y actividades para los farmac\u00e9uticos que trabajan en diversos \u00e1mbitos de ejercicio. La propuesta formativa combina cursos que ya hace a\u00f1os que se imparten y tienen muy buena acogida con [...]<\/p>","protected":false},"author":1,"featured_media":0,"comment_status":"","ping_status":"","sticky":false,"template":"","format":"standard","meta":{"_uag_custom_page_level_css":"","site-sidebar-layout":"default","site-content-layout":"","ast-site-content-layout":"default","site-content-style":"default","site-sidebar-style":"default","ast-global-header-display":"","ast-banner-title-visibility":"","ast-main-header-display":"","ast-hfb-above-header-display":"","ast-hfb-below-header-display":"","ast-hfb-mobile-header-display":"","site-post-title":"","ast-breadcrumbs-content":"","ast-featured-img":"disabled","footer-sml-layout":"","theme-transparent-header-meta":"","adv-header-id-meta":"","stick-header-meta":"","header-above-stick-meta":"","header-main-stick-meta":"","header-below-stick-meta":"","astra-migrate-meta-layouts":"default","ast-page-background-enabled":"default","ast-page-background-meta":{"desktop":{"background-color":"var(--ast-global-color-4)","background-image":"","background-repeat":"repeat","background-position":"center center","background-size":"auto","background-attachment":"scroll","background-type":"","background-media":"","overlay-type":"","overlay-color":"","overlay-opacity":"","overlay-gradient":""},"tablet":{"background-color":"","background-image":"","background-repeat":"repeat","background-position":"center center","background-size":"auto","background-attachment":"scroll","background-type":"","background-media":"","overlay-type":"","overlay-color":"","overlay-opacity":"","overlay-gradient":""},"mobile":{"background-color":"","background-image":"","background-repeat":"repeat","background-position":"center center","background-size":"auto","background-attachment":"scroll","background-type":"","background-media":"","overlay-type":"","overlay-color":"","overlay-opacity":"","overlay-gradient":""}},"ast-content-background-meta":{"desktop":{"background-color":"var(--ast-global-color-5)","background-image":"","background-repeat":"repeat","background-position":"center center","background-size":"auto","background-attachment":"scroll","background-type":"","background-media":"","overlay-type":"","overlay-color":"","overlay-opacity":"","overlay-gradient":""},"tablet":{"background-color":"var(--ast-global-color-5)","background-image":"","background-repeat":"repeat","background-position":"center center","background-size":"auto","background-attachment":"scroll","background-type":"","background-media":"","overlay-type":"","overlay-color":"","overlay-opacity":"","overlay-gradient":""},"mobile":{"background-color":"var(--ast-global-color-5)","background-image":"","background-repeat":"repeat","background-position":"center center","background-size":"auto","background-attachment":"scroll","background-type":"","background-media":"","overlay-type":"","overlay-color":"","overlay-opacity":"","overlay-gradient":""}},"footnotes":""},"categories":[1060,1066],"tags":[],"class_list":["post-77933","post","type-post","status-publish","format-standard","hentry","category-notes-premsa","category-sense-categoria-ca"],"yoast_head":"<!-- This site is optimized with the Yoast SEO plugin v22.4 - https:\/\/yoast.com\/wordpress\/plugins\/seo\/ -->\n<title>El COF de Barcelona inaugura el programa formatiu 2018-2019 amb m\u00e9s de 150 activitats en cartera - Col\u00b7legi de Farmac\u00e8utics de Barcelona<\/title>\n<meta name=\"robots\" content=\"index, follow, max-snippet:-1, max-image-preview:large, max-video-preview:-1\" \/>\n<link rel=\"canonical\" href=\"https:\/\/novaorg.cofb.net\/2018\/10\/15\/el-cof-de-barcelona-inaugura-el-programa-formatiu-2018-2019-amb-mes-de-150-activitats-en-cartera-2\/\" \/>\n<meta property=\"og:locale\" content=\"es_ES\" \/>\n<meta property=\"og:type\" content=\"article\" \/>\n<meta property=\"og:title\" content=\"El COF de Barcelona inaugura el programa formatiu 2018-2019 amb m\u00e9s de 150 activitats en cartera - Col\u00b7legi de Farmac\u00e8utics de Barcelona\" \/>\n<meta property=\"og:description\" content=\"\u00a0 El COFB ha presentat el nou programa formatiu, que consolida l\u2019aposta per la innovaci\u00f3, l\u2019intercanvi d\u2019experi\u00e8ncies i l\u2019oferta de cursos i activitats per als farmac\u00e8utics que treballen en diversos \u00e0mbits d\u2019exercici La proposta formativa combina cursos que ja fa anys que s\u2019imparteixen i tenen molt bona acollida amb noves [&hellip;]\" \/>\n<meta property=\"og:url\" content=\"https:\/\/novaorg.cofb.net\/2018\/10\/15\/el-cof-de-barcelona-inaugura-el-programa-formatiu-2018-2019-amb-mes-de-150-activitats-en-cartera-2\/\" \/>\n<meta property=\"og:site_name\" content=\"Col\u00b7legi de Farmac\u00e8utics de Barcelona\" \/>\n<meta property=\"article:publisher\" content=\"https:\/\/www.facebook.com\/farmaceuticsbcn\/\" \/>\n<meta property=\"article:published_time\" content=\"2018-10-15T11:28:00+00:00\" \/>\n<meta name=\"author\" content=\"wpAdminCofbOrg\" \/>\n<meta name=\"twitter:card\" content=\"summary_large_image\" \/>\n<meta name=\"twitter:creator\" content=\"@farmaceuticsbcn\" \/>\n<meta name=\"twitter:site\" content=\"@farmaceuticsbcn\" \/>\n<meta name=\"twitter:label1\" content=\"Escrito por\" \/>\n\t<meta name=\"twitter:data1\" content=\"wpAdminCofbOrg\" \/>\n\t<meta name=\"twitter:label2\" content=\"Tiempo de lectura\" \/>\n\t<meta name=\"twitter:data2\" content=\"12 minutos\" \/>\n<script type=\"application\/ld+json\" class=\"yoast-schema-graph\">{\"@context\":\"https:\/\/schema.org\",\"@graph\":[{\"@type\":\"Article\",\"@id\":\"https:\/\/novaorg.cofb.net\/2018\/10\/15\/el-cof-de-barcelona-inaugura-el-programa-formatiu-2018-2019-amb-mes-de-150-activitats-en-cartera-2\/#article\",\"isPartOf\":{\"@id\":\"https:\/\/novaorg.cofb.net\/2018\/10\/15\/el-cof-de-barcelona-inaugura-el-programa-formatiu-2018-2019-amb-mes-de-150-activitats-en-cartera-2\/\"},\"author\":{\"name\":\"wpAdminCofbOrg\",\"@id\":\"https:\/\/www.cofb.org\/#\/schema\/person\/22ed7eea88da74b0fa4d3154ad87ffcb\"},\"headline\":\"El COF de Barcelona inaugura el programa formatiu 2018-2019 amb m\u00e9s de 150 activitats en cartera\",\"datePublished\":\"2018-10-15T11:28:00+00:00\",\"dateModified\":\"2018-10-15T11:28:00+00:00\",\"mainEntityOfPage\":{\"@id\":\"https:\/\/novaorg.cofb.net\/2018\/10\/15\/el-cof-de-barcelona-inaugura-el-programa-formatiu-2018-2019-amb-mes-de-150-activitats-en-cartera-2\/\"},\"wordCount\":2504,\"publisher\":{\"@id\":\"https:\/\/www.cofb.org\/#organization\"},\"articleSection\":[\"Notes de premsa\",\"Sense categoria\"],\"inLanguage\":\"es\"},{\"@type\":\"WebPage\",\"@id\":\"https:\/\/novaorg.cofb.net\/2018\/10\/15\/el-cof-de-barcelona-inaugura-el-programa-formatiu-2018-2019-amb-mes-de-150-activitats-en-cartera-2\/\",\"url\":\"https:\/\/novaorg.cofb.net\/2018\/10\/15\/el-cof-de-barcelona-inaugura-el-programa-formatiu-2018-2019-amb-mes-de-150-activitats-en-cartera-2\/\",\"name\":\"El COF de Barcelona inaugura el programa formatiu 2018-2019 amb m\u00e9s de 150 activitats en cartera - Col\u00b7legi de Farmac\u00e8utics de Barcelona\",\"isPartOf\":{\"@id\":\"https:\/\/www.cofb.org\/#website\"},\"datePublished\":\"2018-10-15T11:28:00+00:00\",\"dateModified\":\"2018-10-15T11:28:00+00:00\",\"breadcrumb\":{\"@id\":\"https:\/\/novaorg.cofb.net\/2018\/10\/15\/el-cof-de-barcelona-inaugura-el-programa-formatiu-2018-2019-amb-mes-de-150-activitats-en-cartera-2\/#breadcrumb\"},\"inLanguage\":\"es\",\"potentialAction\":[{\"@type\":\"ReadAction\",\"target\":[\"https:\/\/novaorg.cofb.net\/2018\/10\/15\/el-cof-de-barcelona-inaugura-el-programa-formatiu-2018-2019-amb-mes-de-150-activitats-en-cartera-2\/\"]}]},{\"@type\":\"BreadcrumbList\",\"@id\":\"https:\/\/novaorg.cofb.net\/2018\/10\/15\/el-cof-de-barcelona-inaugura-el-programa-formatiu-2018-2019-amb-mes-de-150-activitats-en-cartera-2\/#breadcrumb\",\"itemListElement\":[{\"@type\":\"ListItem\",\"position\":1,\"name\":\"Inici\",\"item\":\"https:\/\/novaorg.cofb.net\/\"},{\"@type\":\"ListItem\",\"position\":2,\"name\":\"El COF de Barcelona inaugura el programa formatiu 2018-2019 amb m\u00e9s de 150 activitats en cartera\"}]},{\"@type\":\"WebSite\",\"@id\":\"https:\/\/www.cofb.org\/#website\",\"url\":\"https:\/\/www.cofb.org\/\",\"name\":\"Col\u00b7legi de Farmac\u00e8utics de Barcelona\",\"description\":\"\",\"publisher\":{\"@id\":\"https:\/\/www.cofb.org\/#organization\"},\"potentialAction\":[{\"@type\":\"SearchAction\",\"target\":{\"@type\":\"EntryPoint\",\"urlTemplate\":\"https:\/\/www.cofb.org\/?s={search_term_string}\"},\"query-input\":\"required name=search_term_string\"}],\"inLanguage\":\"es\"},{\"@type\":\"Organization\",\"@id\":\"https:\/\/www.cofb.org\/#organization\",\"name\":\"Col\u00b7legi de Farmac\u00e8utics de Barcelona\",\"url\":\"https:\/\/www.cofb.org\/\",\"logo\":{\"@type\":\"ImageObject\",\"inLanguage\":\"es\",\"@id\":\"https:\/\/www.cofb.org\/#\/schema\/logo\/image\/\",\"url\":\"https:\/\/www.cofb.org\/wp-content\/uploads\/2023\/11\/cropped-Logotip-COFB.png\",\"contentUrl\":\"https:\/\/www.cofb.org\/wp-content\/uploads\/2023\/11\/cropped-Logotip-COFB.png\",\"width\":500,\"height\":105,\"caption\":\"Col\u00b7legi de Farmac\u00e8utics de Barcelona\"},\"image\":{\"@id\":\"https:\/\/www.cofb.org\/#\/schema\/logo\/image\/\"},\"sameAs\":[\"https:\/\/www.facebook.com\/farmaceuticsbcn\/\",\"https:\/\/twitter.com\/farmaceuticsbcn\",\"https:\/\/www.instagram.com\/farmaceuticsbcn\/\",\"https:\/\/www.linkedin.com\/company\/farmaceuticsbcn\/\"]},{\"@type\":\"Person\",\"@id\":\"https:\/\/www.cofb.org\/#\/schema\/person\/22ed7eea88da74b0fa4d3154ad87ffcb\",\"name\":\"wpAdminCofbOrg\",\"image\":{\"@type\":\"ImageObject\",\"inLanguage\":\"es\",\"@id\":\"https:\/\/www.cofb.org\/#\/schema\/person\/image\/\",\"url\":\"https:\/\/secure.gravatar.com\/avatar\/1721b20b3b8ca882c3b56ec6c978c594fff670e40c0718e9190eaeeb76aae7d8?s=96&d=mm&r=g\",\"contentUrl\":\"https:\/\/secure.gravatar.com\/avatar\/1721b20b3b8ca882c3b56ec6c978c594fff670e40c0718e9190eaeeb76aae7d8?s=96&d=mm&r=g\",\"caption\":\"wpAdminCofbOrg\"},\"sameAs\":[\"http:\/\/192.168.64.122\/wordpress\"],\"url\":\"https:\/\/www.cofb.org\/es\/author\/wpadmincofborg\/\"}]}<\/script>\n<!-- \/ Yoast SEO plugin. -->","yoast_head_json":{"title":"El COF de Barcelona inaugura el programa formatiu 2018-2019 amb m\u00e9s de 150 activitats en cartera - Col\u00b7legi de Farmac\u00e8utics de Barcelona","robots":{"index":"index","follow":"follow","max-snippet":"max-snippet:-1","max-image-preview":"max-image-preview:large","max-video-preview":"max-video-preview:-1"},"canonical":"https:\/\/novaorg.cofb.net\/2018\/10\/15\/el-cof-de-barcelona-inaugura-el-programa-formatiu-2018-2019-amb-mes-de-150-activitats-en-cartera-2\/","og_locale":"es_ES","og_type":"article","og_title":"El COF de Barcelona inaugura el programa formatiu 2018-2019 amb m\u00e9s de 150 activitats en cartera - Col\u00b7legi de Farmac\u00e8utics de Barcelona","og_description":"\u00a0 El COFB ha presentat el nou programa formatiu, que consolida l\u2019aposta per la innovaci\u00f3, l\u2019intercanvi d\u2019experi\u00e8ncies i l\u2019oferta de cursos i activitats per als farmac\u00e8utics que treballen en diversos \u00e0mbits d\u2019exercici La proposta formativa combina cursos que ja fa anys que s\u2019imparteixen i tenen molt bona acollida amb noves [&hellip;]","og_url":"https:\/\/novaorg.cofb.net\/2018\/10\/15\/el-cof-de-barcelona-inaugura-el-programa-formatiu-2018-2019-amb-mes-de-150-activitats-en-cartera-2\/","og_site_name":"Col\u00b7legi de Farmac\u00e8utics de Barcelona","article_publisher":"https:\/\/www.facebook.com\/farmaceuticsbcn\/","article_published_time":"2018-10-15T11:28:00+00:00","author":"wpAdminCofbOrg","twitter_card":"summary_large_image","twitter_creator":"@farmaceuticsbcn","twitter_site":"@farmaceuticsbcn","twitter_misc":{"Escrito por":"wpAdminCofbOrg","Tiempo de lectura":"12 minutos"},"schema":{"@context":"https:\/\/schema.org","@graph":[{"@type":"Article","@id":"https:\/\/novaorg.cofb.net\/2018\/10\/15\/el-cof-de-barcelona-inaugura-el-programa-formatiu-2018-2019-amb-mes-de-150-activitats-en-cartera-2\/#article","isPartOf":{"@id":"https:\/\/novaorg.cofb.net\/2018\/10\/15\/el-cof-de-barcelona-inaugura-el-programa-formatiu-2018-2019-amb-mes-de-150-activitats-en-cartera-2\/"},"author":{"name":"wpAdminCofbOrg","@id":"https:\/\/www.cofb.org\/#\/schema\/person\/22ed7eea88da74b0fa4d3154ad87ffcb"},"headline":"El COF de Barcelona inaugura el programa formatiu 2018-2019 amb m\u00e9s de 150 activitats en cartera","datePublished":"2018-10-15T11:28:00+00:00","dateModified":"2018-10-15T11:28:00+00:00","mainEntityOfPage":{"@id":"https:\/\/novaorg.cofb.net\/2018\/10\/15\/el-cof-de-barcelona-inaugura-el-programa-formatiu-2018-2019-amb-mes-de-150-activitats-en-cartera-2\/"},"wordCount":2504,"publisher":{"@id":"https:\/\/www.cofb.org\/#organization"},"articleSection":["Notes de premsa","Sense categoria"],"inLanguage":"es"},{"@type":"WebPage","@id":"https:\/\/novaorg.cofb.net\/2018\/10\/15\/el-cof-de-barcelona-inaugura-el-programa-formatiu-2018-2019-amb-mes-de-150-activitats-en-cartera-2\/","url":"https:\/\/novaorg.cofb.net\/2018\/10\/15\/el-cof-de-barcelona-inaugura-el-programa-formatiu-2018-2019-amb-mes-de-150-activitats-en-cartera-2\/","name":"El COF de Barcelona inaugura el programa formatiu 2018-2019 amb m\u00e9s de 150 activitats en cartera - Col\u00b7legi de Farmac\u00e8utics de Barcelona","isPartOf":{"@id":"https:\/\/www.cofb.org\/#website"},"datePublished":"2018-10-15T11:28:00+00:00","dateModified":"2018-10-15T11:28:00+00:00","breadcrumb":{"@id":"https:\/\/novaorg.cofb.net\/2018\/10\/15\/el-cof-de-barcelona-inaugura-el-programa-formatiu-2018-2019-amb-mes-de-150-activitats-en-cartera-2\/#breadcrumb"},"inLanguage":"es","potentialAction":[{"@type":"ReadAction","target":["https:\/\/novaorg.cofb.net\/2018\/10\/15\/el-cof-de-barcelona-inaugura-el-programa-formatiu-2018-2019-amb-mes-de-150-activitats-en-cartera-2\/"]}]},{"@type":"BreadcrumbList","@id":"https:\/\/novaorg.cofb.net\/2018\/10\/15\/el-cof-de-barcelona-inaugura-el-programa-formatiu-2018-2019-amb-mes-de-150-activitats-en-cartera-2\/#breadcrumb","itemListElement":[{"@type":"ListItem","position":1,"name":"Inici","item":"https:\/\/novaorg.cofb.net\/"},{"@type":"ListItem","position":2,"name":"El COF de Barcelona inaugura el programa formatiu 2018-2019 amb m\u00e9s de 150 activitats en cartera"}]},{"@type":"WebSite","@id":"https:\/\/www.cofb.org\/#website","url":"https:\/\/www.cofb.org\/","name":"Col\u00b7legi de Farmac\u00e8utics de Barcelona","description":"","publisher":{"@id":"https:\/\/www.cofb.org\/#organization"},"potentialAction":[{"@type":"SearchAction","target":{"@type":"EntryPoint","urlTemplate":"https:\/\/www.cofb.org\/?s={search_term_string}"},"query-input":"required name=search_term_string"}],"inLanguage":"es"},{"@type":"Organization","@id":"https:\/\/www.cofb.org\/#organization","name":"Col\u00b7legi de Farmac\u00e8utics de Barcelona","url":"https:\/\/www.cofb.org\/","logo":{"@type":"ImageObject","inLanguage":"es","@id":"https:\/\/www.cofb.org\/#\/schema\/logo\/image\/","url":"https:\/\/www.cofb.org\/wp-content\/uploads\/2023\/11\/cropped-Logotip-COFB.png","contentUrl":"https:\/\/www.cofb.org\/wp-content\/uploads\/2023\/11\/cropped-Logotip-COFB.png","width":500,"height":105,"caption":"Col\u00b7legi de Farmac\u00e8utics de Barcelona"},"image":{"@id":"https:\/\/www.cofb.org\/#\/schema\/logo\/image\/"},"sameAs":["https:\/\/www.facebook.com\/farmaceuticsbcn\/","https:\/\/twitter.com\/farmaceuticsbcn","https:\/\/www.instagram.com\/farmaceuticsbcn\/","https:\/\/www.linkedin.com\/company\/farmaceuticsbcn\/"]},{"@type":"Person","@id":"https:\/\/www.cofb.org\/#\/schema\/person\/22ed7eea88da74b0fa4d3154ad87ffcb","name":"wpAdminCofbOrg","image":{"@type":"ImageObject","inLanguage":"es","@id":"https:\/\/www.cofb.org\/#\/schema\/person\/image\/","url":"https:\/\/secure.gravatar.com\/avatar\/1721b20b3b8ca882c3b56ec6c978c594fff670e40c0718e9190eaeeb76aae7d8?s=96&d=mm&r=g","contentUrl":"https:\/\/secure.gravatar.com\/avatar\/1721b20b3b8ca882c3b56ec6c978c594fff670e40c0718e9190eaeeb76aae7d8?s=96&d=mm&r=g","caption":"wpAdminCofbOrg"},"sameAs":["http:\/\/192.168.64.122\/wordpress"],"url":"https:\/\/www.cofb.org\/es\/author\/wpadmincofborg\/"}]}},"uagb_featured_image_src":{"full":false,"thumbnail":false,"medium":false,"medium_large":false,"large":false,"1536x1536":false,"2048x2048":false,"trp-custom-language-flag":false},"uagb_author_info":{"display_name":"wpAdminCofbOrg","author_link":"https:\/\/www.cofb.org\/es\/author\/wpadmincofborg\/"},"uagb_comment_info":0,"uagb_excerpt":"\u00a0 El COFB ha presentat el nou programa formatiu, que consolida l\u2019aposta per la innovaci\u00f3, l\u2019intercanvi d\u2019experi\u00e8ncies i l\u2019oferta de cursos i activitats per als farmac\u00e8utics que treballen en diversos \u00e0mbits d\u2019exercici La proposta formativa combina cursos que ja fa anys que s\u2019imparteixen i tenen molt bona acollida amb noves [&hellip;]","_links":{"self":[{"href":"https:\/\/www.cofb.org\/es\/wp-json\/wp\/v2\/posts\/77933","targetHints":{"allow":["GET"]}}],"collection":[{"href":"https:\/\/www.cofb.org\/es\/wp-json\/wp\/v2\/posts"}],"about":[{"href":"https:\/\/www.cofb.org\/es\/wp-json\/wp\/v2\/types\/post"}],"author":[{"embeddable":true,"href":"https:\/\/www.cofb.org\/es\/wp-json\/wp\/v2\/users\/1"}],"replies":[{"embeddable":true,"href":"https:\/\/www.cofb.org\/es\/wp-json\/wp\/v2\/comments?post=77933"}],"version-history":[{"count":0,"href":"https:\/\/www.cofb.org\/es\/wp-json\/wp\/v2\/posts\/77933\/revisions"}],"wp:attachment":[{"href":"https:\/\/www.cofb.org\/es\/wp-json\/wp\/v2\/media?parent=77933"}],"wp:term":[{"taxonomy":"category","embeddable":true,"href":"https:\/\/www.cofb.org\/es\/wp-json\/wp\/v2\/categories?post=77933"},{"taxonomy":"post_tag","embeddable":true,"href":"https:\/\/www.cofb.org\/es\/wp-json\/wp\/v2\/tags?post=77933"}],"curies":[{"name":"wp","href":"https:\/\/api.w.org\/{rel}","templated":true}]}}