{"id":77931,"date":"2018-10-24T09:39:00","date_gmt":"2018-10-24T09:39:00","guid":{"rendered":"https:\/\/novaorg.cofb.net\/2018\/10\/24\/tenim-la-capacitat-daportar-el-maxim-contingut-a-la-professio-perque-sigui-efectiva-en-els-objectius-sanitaris-2\/"},"modified":"2018-10-24T09:39:00","modified_gmt":"2018-10-24T09:39:00","slug":"tenim-la-capacitat-daportar-el-maxim-contingut-a-la-professio-perque-sigui-efectiva-en-els-objectius-sanitaris-2","status":"publish","type":"post","link":"https:\/\/www.cofb.org\/es\/2018\/10\/24\/tenim-la-capacitat-daportar-el-maxim-contingut-a-la-professio-perque-sigui-efectiva-en-els-objectius-sanitaris-2\/","title":{"rendered":"&quot;Tenemos la capacidad de aportar el m\u00e1ximo contenido a la profesi\u00f3n para que sea efectiva en los objetivos sanitarios&quot;"},"content":{"rendered":"<p>\u00a0<br \/>\n\tSon declaraciones de Jordi de Dalmases, presidente del Colegio de Farmac\u00e9uticos de Barcelona (COFB), en la inauguraci\u00f3n de la XIV edici\u00f3n del M\u00e1ster de Gesti\u00f3n de la Oficina de Farmacia (MGOF) que tuvo lugar el pasado 16 de octubre<br \/>\n\tDurante la inauguraci\u00f3n, De Dalmases tambi\u00e9n destac\u00f3 que los farmac\u00e9uticos &quot;tenemos que hacer que los f\u00e1rmacos tengan los mejores efectos en la salud de los ciudadanos&quot;<br \/>\n\tEl MGOF proporciona habilidades en finanzas, gesti\u00f3n de personas y marketing, las grandes \u00e1reas que engloban la gesti\u00f3n de la farmacia<\/p>\n<p><em>Barcelona, 24 de octubre de 2018<\/em>.<strong>\u00a0\u201cLas oficinas de farmacia formamos una red muy organizada que, adem\u00e1s de red geogr\u00e1fica, es una red inform\u00e1tica real a trav\u00e9s de la receta electr\u00f3nica.<\/strong>\u00a0A esto hay que sumarle\u00a0<strong>la capacidad de aportar el m\u00e1ximo contenido a la profesi\u00f3n,<\/strong>\u00a0haciendo que\u00a0<strong>nuestro trabajo sea efectivo en los objetivos sanitarios\u201d.<\/strong><\/p>\n<p>Con estas palabras,\u00a0<strong>Jordi de Dalmases, presidente del Colegio de Farmac\u00e9uticos de Barcelona (COFB),<\/strong> inaugur\u00f3\u00a0<strong>la XIV edici\u00f3n del M\u00e1ster de Gesti\u00f3n de la Oficina de Farmacia (MGOF), donde puso como ejemplo de red organizada y trabajo efectivo el Programa de detecci\u00f3n precoz de c\u00e1ncer de colon y recto. \u201cCon la participaci\u00f3n de las farmacias se logra aumentar el porcentaje de poblaci\u00f3n objetiva a la que se llega, que se acerca al 50%\u201d,<\/strong>\u00a0afirm\u00f3.<\/p>\n<p>Al acto inaugural, en el que se dio la bienvenida a los 23 farmac\u00e9uticos provenientes de diferentes provincias de Catalu\u00f1a que lo cursan, tambi\u00e9n asistieron Joan Carles Serra, director del MGOF, Aina Surroca, vocal del COFB y responsable de la Comisi\u00f3n Delegada de Formaci\u00f3n Continuada y Cristina Rodr\u00edguez y M\u00f2nica Gallach, coordinadoras del M\u00e1ster y miembros del Departamento de Formaci\u00f3n y Desarrollo Profesional del COFB.<\/p>\n<p>&quot;Debemos hacer que los f\u00e1rmacos tengan los mejores efectos en la salud de los ciudadanos&quot;<br \/>\nEn el discurso inaugural, De Dalmases expuso que \u201cadem\u00e1s de gestionar la farmacia, los farmac\u00e9uticos debemos intentar influir en la salud de los ciudadanos. Nuestra actuaci\u00f3n debe hacer que no s\u00f3lo demos un f\u00e1rmaco en el tiempo oportuno y las condiciones \u00f3ptimas, sino que adem\u00e1s debemos hacer que \u00e9ste tenga los mejores efectos en la salud de los ciudadanos. Si lo logramos, nadie podr\u00e1 poner en duda la existencia del farmac\u00e9utico en el ordenamiento de profesionales sanitarios\u201d.\u00a0<\/p>\n<p>Por \u00faltimo, De Dalmases tambi\u00e9n hizo algunas reflexiones en torno al papel del Colegio: \u201cLa nuestra es una profesi\u00f3n con un elevado grado de cambio, por lo que es importante representar al colectivo y acompa\u00f1arlo, no s\u00f3lo por garantizar que se ofrece una buena atenci\u00f3n a los ciudadanos, sino tambi\u00e9n para formarnos, actualizarnos, entre otros\u201d.<\/p>\n<p>Finanzas y fiscalidad, gesti\u00f3n de personas y marketing: las 3 grandes \u00e1reas del MGOF<br \/>\nEl M\u00e1ster de Gesti\u00f3n de la Oficina de Farmacia, dirigido a los titulares de farmacia comunitaria oa los graduados en farmacia que en un corto plazo ser\u00e1n titulares, se compone de 3 bloques: Finanzas y fiscalidad, Gesti\u00f3n de las personas y Marketing. Para hacerlo m\u00e1s accesible, los farmac\u00e9uticos tienen la opci\u00f3n de inscribirse en el m\u00f3dulo que m\u00e1s les interesa.<\/p>\n<p>La metodolog\u00eda es totalmente pr\u00e1ctica, puesto que se prioriza el trabajo a trav\u00e9s de ejemplos, ejercicios, casos y otros recursos para que la aplicaci\u00f3n de los conocimientos adquiridos sea inmediata.<\/p>\n<p>\u00bfQu\u00e9 destacan los alumnos de la anterior edici\u00f3n?<br \/>\nLo que m\u00e1s destacan los alumnos de la anterior edici\u00f3n es la posibilidad de poner en pr\u00e1ctica todos los conocimientos adquiridos, profundizar en el campo de la gesti\u00f3n y comprender c\u00f3mo est\u00e1 trabajando el sector actualmente. Los farmac\u00e9uticos que cursaron el M\u00e1ster el pasado a\u00f1o tambi\u00e9n ponen el \u00e9nfasis en que se trata de una formaci\u00f3n que permite hacer una radiograf\u00eda de la situaci\u00f3n de cada farmacia y de lo que se puede hacer para mejorarla.<\/p>\n<p>\u00a0Son declaraciones de Jordi de Dalmases, presidente del Colegio de Farmac\u00e9uticos de Barcelona (COFB), en la inauguraci\u00f3n de la XIV edici\u00f3n del M\u00e1ster de Gesti\u00f3n de la Oficina de Farmacia (MGOF) que tuvo lugar el pasado 16 de octubre<br \/>\n\tDurante la inauguraci\u00f3n, De Dalmases tambi\u00e9n destac\u00f3 que los farmac\u00e9uticos &quot;tenemos que hacer que los f\u00e1rmacos tengan los mejores efectos en la salud de los ciudadanos&quot;<br \/>\n\tEl MGOF proporciona habilidades en finanzas, gesti\u00f3n de personas y marketing, las grandes \u00e1reas que engloban la gesti\u00f3n de la farmacia<\/p>\n<p>Barcelona, 24 de octubre de 2018. \u201cLas oficinas de farmacia formamos una red muy organizada que, adem\u00e1s de red geogr\u00e1fica, es una red inform\u00e1tica real a trav\u00e9s de la receta electr\u00f3nica. A esto hay que sumarle la capacidad de aportar el m\u00e1ximo contenido a la profesi\u00f3n, haciendo que nuestro trabajo sea efectivo en los objetivos sanitarios\u201d.<\/p>\n<p>Con estas palabras, Jordi de Dalmases, presidente del Colegio de Farmac\u00e9uticos de Barcelona (COFB), inaugur\u00f3 la XIV edici\u00f3n del M\u00e1ster de Gesti\u00f3n de la Oficina de Farmacia (MGOF), donde puso como ejemplo de red organizada y trabajo efectivo el Programa de detecci\u00f3n precoz de c\u00e1ncer de colon y recto. \u201cCon la participaci\u00f3n de las farmacias se logra aumentar el porcentaje de poblaci\u00f3n objetiva a la que se llega, que se acerca al 50%\u201d, afirm\u00f3.<\/p>\n<p>Al acto inaugural, en el que se dio la bienvenida a los 23 farmac\u00e9uticos provenientes de diferentes provincias de Catalu\u00f1a que lo cursan, tambi\u00e9n asistieron Joan Carles Serra, director del MGOF, Aina Surroca, vocal del COFB y responsable de la Comisi\u00f3n Delegada de Formaci\u00f3n Continuada y Cristina Rodr\u00edguez y M\u00f2nica Gallach, coordinadoras del M\u00e1ster y miembros del Departamento de Formaci\u00f3n y Desarrollo Profesional del COFB.<\/p>\n<p>&quot;Debemos hacer que los f\u00e1rmacos tengan los mejores efectos en la salud de los ciudadanos&quot;<br \/>\nEn el discurso inaugural, De Dalmases expuso que \u201cadem\u00e1s de gestionar la farmacia, los farmac\u00e9uticos debemos intentar influir en la salud de los ciudadanos. Nuestra actuaci\u00f3n debe hacer que no s\u00f3lo demos un f\u00e1rmaco en el tiempo oportuno y las condiciones \u00f3ptimas, sino que adem\u00e1s debemos hacer que \u00e9ste tenga los mejores efectos en la salud de los ciudadanos. Si lo logramos, nadie podr\u00e1 poner en duda la existencia del farmac\u00e9utico en el ordenamiento de profesionales sanitarios\u201d.\u00a0<\/p>\n<p>Por \u00faltimo, De Dalmases tambi\u00e9n hizo algunas reflexiones en torno al papel del Colegio: \u201cLa nuestra es una profesi\u00f3n con un elevado grado de cambio, por lo que es importante representar al colectivo y acompa\u00f1arlo, no s\u00f3lo por garantizar que se ofrece una buena atenci\u00f3n a los ciudadanos, sino tambi\u00e9n para formarnos, actualizarnos, entre otros\u201d.<\/p>\n<p>Finanzas y fiscalidad, gesti\u00f3n de personas y marketing: las 3 grandes \u00e1reas del MGOF<br \/>\nEl M\u00e1ster de Gesti\u00f3n de la Oficina de Farmacia, dirigido a los titulares de farmacia comunitaria oa los graduados en farmacia que en un corto plazo ser\u00e1n titulares, se compone de 3 bloques: Finanzas y fiscalidad, Gesti\u00f3n de las personas y Marketing. Para hacerlo m\u00e1s accesible, los farmac\u00e9uticos tienen la opci\u00f3n de inscribirse en el m\u00f3dulo que m\u00e1s les interesa.<\/p>\n<p>La metodolog\u00eda es totalmente pr\u00e1ctica, puesto que se prioriza el trabajo a trav\u00e9s de ejemplos, ejercicios, casos y otros recursos para que la aplicaci\u00f3n de los conocimientos adquiridos sea inmediata.<\/p>\n<p>\u00bfQu\u00e9 destacan los alumnos de la anterior edici\u00f3n?<br \/>\nLo que m\u00e1s destacan los alumnos de la anterior edici\u00f3n es la posibilidad de poner en pr\u00e1ctica todos los conocimientos adquiridos, profundizar en el campo de la gesti\u00f3n y comprender c\u00f3mo est\u00e1 trabajando el sector actualmente. Los farmac\u00e9uticos que cursaron el M\u00e1ster el pasado a\u00f1o tambi\u00e9n ponen el \u00e9nfasis en que se trata de una formaci\u00f3n que permite hacer una radiograf\u00eda de la situaci\u00f3n de cada farmacia y de lo que se puede hacer para mejorarla.  COFB.ORG<\/p>","protected":false},"excerpt":{"rendered":"<p>\u00a0 Son declaraciones de Jordi de Dalmases, presidente del Colegio de Farmac\u00e9uticos de Barcelona (COFB), en la inauguraci\u00f3n de la XIV edici\u00f3n del M\u00e1ster de Gesti\u00f3n de la Oficina de Farmacia (MGOF) que tuvo lugar el pasado 16 de octubre Durante la inauguraci\u00f3n, De Dalmases tambi\u00e9n destac\u00f3 que los [...]<\/p>","protected":false},"author":1,"featured_media":0,"comment_status":"","ping_status":"","sticky":false,"template":"","format":"standard","meta":{"_uag_custom_page_level_css":"","site-sidebar-layout":"default","site-content-layout":"","ast-site-content-layout":"default","site-content-style":"default","site-sidebar-style":"default","ast-global-header-display":"","ast-banner-title-visibility":"","ast-main-header-display":"","ast-hfb-above-header-display":"","ast-hfb-below-header-display":"","ast-hfb-mobile-header-display":"","site-post-title":"","ast-breadcrumbs-content":"","ast-featured-img":"disabled","footer-sml-layout":"","theme-transparent-header-meta":"","adv-header-id-meta":"","stick-header-meta":"","header-above-stick-meta":"","header-main-stick-meta":"","header-below-stick-meta":"","astra-migrate-meta-layouts":"default","ast-page-background-enabled":"default","ast-page-background-meta":{"desktop":{"background-color":"var(--ast-global-color-4)","background-image":"","background-repeat":"repeat","background-position":"center center","background-size":"auto","background-attachment":"scroll","background-type":"","background-media":"","overlay-type":"","overlay-color":"","overlay-opacity":"","overlay-gradient":""},"tablet":{"background-color":"","background-image":"","background-repeat":"repeat","background-position":"center center","background-size":"auto","background-attachment":"scroll","background-type":"","background-media":"","overlay-type":"","overlay-color":"","overlay-opacity":"","overlay-gradient":""},"mobile":{"background-color":"","background-image":"","background-repeat":"repeat","background-position":"center center","background-size":"auto","background-attachment":"scroll","background-type":"","background-media":"","overlay-type":"","overlay-color":"","overlay-opacity":"","overlay-gradient":""}},"ast-content-background-meta":{"desktop":{"background-color":"var(--ast-global-color-5)","background-image":"","background-repeat":"repeat","background-position":"center center","background-size":"auto","background-attachment":"scroll","background-type":"","background-media":"","overlay-type":"","overlay-color":"","overlay-opacity":"","overlay-gradient":""},"tablet":{"background-color":"var(--ast-global-color-5)","background-image":"","background-repeat":"repeat","background-position":"center center","background-size":"auto","background-attachment":"scroll","background-type":"","background-media":"","overlay-type":"","overlay-color":"","overlay-opacity":"","overlay-gradient":""},"mobile":{"background-color":"var(--ast-global-color-5)","background-image":"","background-repeat":"repeat","background-position":"center center","background-size":"auto","background-attachment":"scroll","background-type":"","background-media":"","overlay-type":"","overlay-color":"","overlay-opacity":"","overlay-gradient":""}},"footnotes":""},"categories":[1060,1066],"tags":[],"class_list":["post-77931","post","type-post","status-publish","format-standard","hentry","category-notes-premsa","category-sense-categoria-ca"],"yoast_head":"<!-- This site is optimized with the Yoast SEO plugin v22.4 - https:\/\/yoast.com\/wordpress\/plugins\/seo\/ -->\n<title>&quot;Tenim la capacitat d&#039;aportar el m\u00e0xim contingut a la professi\u00f3 perqu\u00e8 sigui efectiva en els objectius sanitaris&quot; - Col\u00b7legi de Farmac\u00e8utics de Barcelona<\/title>\n<meta name=\"robots\" content=\"index, follow, max-snippet:-1, max-image-preview:large, max-video-preview:-1\" \/>\n<link rel=\"canonical\" href=\"https:\/\/novaorg.cofb.net\/2018\/10\/24\/tenim-la-capacitat-daportar-el-maxim-contingut-a-la-professio-perque-sigui-efectiva-en-els-objectius-sanitaris-2\/\" \/>\n<meta property=\"og:locale\" content=\"es_ES\" \/>\n<meta property=\"og:type\" content=\"article\" \/>\n<meta property=\"og:title\" content=\"&quot;Tenim la capacitat d&#039;aportar el m\u00e0xim contingut a la professi\u00f3 perqu\u00e8 sigui efectiva en els objectius sanitaris&quot; - Col\u00b7legi de Farmac\u00e8utics de Barcelona\" \/>\n<meta property=\"og:description\" content=\"\u00a0 S\u00f3n declaracions de Jordi de Dalmases, president del Col\u00b7legi de Farmac\u00e8utics de Barcelona (COFB), en la inauguraci\u00f3 de la\u00a0XIV edici\u00f3 del M\u00e0ster de Gesti\u00f3 de l\u2019Oficina de Farm\u00e0cia (MGOF)\u00a0que va tenir lloc el passat 16 d\u2019octubre Durant la inauguraci\u00f3, De Dalmases tamb\u00e9 va destacar que\u00a0els farmac\u00e8utics \u201chem de fer [&hellip;]\" \/>\n<meta property=\"og:url\" content=\"https:\/\/novaorg.cofb.net\/2018\/10\/24\/tenim-la-capacitat-daportar-el-maxim-contingut-a-la-professio-perque-sigui-efectiva-en-els-objectius-sanitaris-2\/\" \/>\n<meta property=\"og:site_name\" content=\"Col\u00b7legi de Farmac\u00e8utics de Barcelona\" \/>\n<meta property=\"article:publisher\" content=\"https:\/\/www.facebook.com\/farmaceuticsbcn\/\" \/>\n<meta property=\"article:published_time\" content=\"2018-10-24T09:39:00+00:00\" \/>\n<meta name=\"author\" content=\"wpAdminCofbOrg\" \/>\n<meta name=\"twitter:card\" content=\"summary_large_image\" \/>\n<meta name=\"twitter:creator\" content=\"@farmaceuticsbcn\" \/>\n<meta name=\"twitter:site\" content=\"@farmaceuticsbcn\" \/>\n<meta name=\"twitter:label1\" content=\"Escrito por\" \/>\n\t<meta name=\"twitter:data1\" content=\"wpAdminCofbOrg\" \/>\n\t<meta name=\"twitter:label2\" content=\"Tiempo de lectura\" \/>\n\t<meta name=\"twitter:data2\" content=\"7 minutos\" \/>\n<script type=\"application\/ld+json\" class=\"yoast-schema-graph\">{\"@context\":\"https:\/\/schema.org\",\"@graph\":[{\"@type\":\"Article\",\"@id\":\"https:\/\/novaorg.cofb.net\/2018\/10\/24\/tenim-la-capacitat-daportar-el-maxim-contingut-a-la-professio-perque-sigui-efectiva-en-els-objectius-sanitaris-2\/#article\",\"isPartOf\":{\"@id\":\"https:\/\/novaorg.cofb.net\/2018\/10\/24\/tenim-la-capacitat-daportar-el-maxim-contingut-a-la-professio-perque-sigui-efectiva-en-els-objectius-sanitaris-2\/\"},\"author\":{\"name\":\"wpAdminCofbOrg\",\"@id\":\"https:\/\/www.cofb.org\/#\/schema\/person\/22ed7eea88da74b0fa4d3154ad87ffcb\"},\"headline\":\"&#8220;Tenim la capacitat d&#8217;aportar el m\u00e0xim contingut a la professi\u00f3 perqu\u00e8 sigui efectiva en els objectius sanitaris&#8221;\",\"datePublished\":\"2018-10-24T09:39:00+00:00\",\"dateModified\":\"2018-10-24T09:39:00+00:00\",\"mainEntityOfPage\":{\"@id\":\"https:\/\/novaorg.cofb.net\/2018\/10\/24\/tenim-la-capacitat-daportar-el-maxim-contingut-a-la-professio-perque-sigui-efectiva-en-els-objectius-sanitaris-2\/\"},\"wordCount\":1381,\"publisher\":{\"@id\":\"https:\/\/www.cofb.org\/#organization\"},\"articleSection\":[\"Notes de premsa\",\"Sense categoria\"],\"inLanguage\":\"es\"},{\"@type\":\"WebPage\",\"@id\":\"https:\/\/novaorg.cofb.net\/2018\/10\/24\/tenim-la-capacitat-daportar-el-maxim-contingut-a-la-professio-perque-sigui-efectiva-en-els-objectius-sanitaris-2\/\",\"url\":\"https:\/\/novaorg.cofb.net\/2018\/10\/24\/tenim-la-capacitat-daportar-el-maxim-contingut-a-la-professio-perque-sigui-efectiva-en-els-objectius-sanitaris-2\/\",\"name\":\"\\\"Tenim la capacitat d'aportar el m\u00e0xim contingut a la professi\u00f3 perqu\u00e8 sigui efectiva en els objectius sanitaris\\\" - Col\u00b7legi de Farmac\u00e8utics de Barcelona\",\"isPartOf\":{\"@id\":\"https:\/\/www.cofb.org\/#website\"},\"datePublished\":\"2018-10-24T09:39:00+00:00\",\"dateModified\":\"2018-10-24T09:39:00+00:00\",\"breadcrumb\":{\"@id\":\"https:\/\/novaorg.cofb.net\/2018\/10\/24\/tenim-la-capacitat-daportar-el-maxim-contingut-a-la-professio-perque-sigui-efectiva-en-els-objectius-sanitaris-2\/#breadcrumb\"},\"inLanguage\":\"es\",\"potentialAction\":[{\"@type\":\"ReadAction\",\"target\":[\"https:\/\/novaorg.cofb.net\/2018\/10\/24\/tenim-la-capacitat-daportar-el-maxim-contingut-a-la-professio-perque-sigui-efectiva-en-els-objectius-sanitaris-2\/\"]}]},{\"@type\":\"BreadcrumbList\",\"@id\":\"https:\/\/novaorg.cofb.net\/2018\/10\/24\/tenim-la-capacitat-daportar-el-maxim-contingut-a-la-professio-perque-sigui-efectiva-en-els-objectius-sanitaris-2\/#breadcrumb\",\"itemListElement\":[{\"@type\":\"ListItem\",\"position\":1,\"name\":\"Inici\",\"item\":\"https:\/\/novaorg.cofb.net\/\"},{\"@type\":\"ListItem\",\"position\":2,\"name\":\"&#8220;Tenim la capacitat d&#8217;aportar el m\u00e0xim contingut a la professi\u00f3 perqu\u00e8 sigui efectiva en els objectius sanitaris&#8221;\"}]},{\"@type\":\"WebSite\",\"@id\":\"https:\/\/www.cofb.org\/#website\",\"url\":\"https:\/\/www.cofb.org\/\",\"name\":\"Col\u00b7legi de Farmac\u00e8utics de Barcelona\",\"description\":\"\",\"publisher\":{\"@id\":\"https:\/\/www.cofb.org\/#organization\"},\"potentialAction\":[{\"@type\":\"SearchAction\",\"target\":{\"@type\":\"EntryPoint\",\"urlTemplate\":\"https:\/\/www.cofb.org\/?s={search_term_string}\"},\"query-input\":\"required name=search_term_string\"}],\"inLanguage\":\"es\"},{\"@type\":\"Organization\",\"@id\":\"https:\/\/www.cofb.org\/#organization\",\"name\":\"Col\u00b7legi de Farmac\u00e8utics de Barcelona\",\"url\":\"https:\/\/www.cofb.org\/\",\"logo\":{\"@type\":\"ImageObject\",\"inLanguage\":\"es\",\"@id\":\"https:\/\/www.cofb.org\/#\/schema\/logo\/image\/\",\"url\":\"https:\/\/www.cofb.org\/wp-content\/uploads\/2023\/11\/cropped-Logotip-COFB.png\",\"contentUrl\":\"https:\/\/www.cofb.org\/wp-content\/uploads\/2023\/11\/cropped-Logotip-COFB.png\",\"width\":500,\"height\":105,\"caption\":\"Col\u00b7legi de Farmac\u00e8utics de Barcelona\"},\"image\":{\"@id\":\"https:\/\/www.cofb.org\/#\/schema\/logo\/image\/\"},\"sameAs\":[\"https:\/\/www.facebook.com\/farmaceuticsbcn\/\",\"https:\/\/twitter.com\/farmaceuticsbcn\",\"https:\/\/www.instagram.com\/farmaceuticsbcn\/\",\"https:\/\/www.linkedin.com\/company\/farmaceuticsbcn\/\"]},{\"@type\":\"Person\",\"@id\":\"https:\/\/www.cofb.org\/#\/schema\/person\/22ed7eea88da74b0fa4d3154ad87ffcb\",\"name\":\"wpAdminCofbOrg\",\"image\":{\"@type\":\"ImageObject\",\"inLanguage\":\"es\",\"@id\":\"https:\/\/www.cofb.org\/#\/schema\/person\/image\/\",\"url\":\"https:\/\/secure.gravatar.com\/avatar\/1721b20b3b8ca882c3b56ec6c978c594fff670e40c0718e9190eaeeb76aae7d8?s=96&d=mm&r=g\",\"contentUrl\":\"https:\/\/secure.gravatar.com\/avatar\/1721b20b3b8ca882c3b56ec6c978c594fff670e40c0718e9190eaeeb76aae7d8?s=96&d=mm&r=g\",\"caption\":\"wpAdminCofbOrg\"},\"sameAs\":[\"http:\/\/192.168.64.122\/wordpress\"],\"url\":\"https:\/\/www.cofb.org\/es\/author\/wpadmincofborg\/\"}]}<\/script>\n<!-- \/ Yoast SEO plugin. -->","yoast_head_json":{"title":"\"Tenim la capacitat d'aportar el m\u00e0xim contingut a la professi\u00f3 perqu\u00e8 sigui efectiva en els objectius sanitaris\" - Col\u00b7legi de Farmac\u00e8utics de Barcelona","robots":{"index":"index","follow":"follow","max-snippet":"max-snippet:-1","max-image-preview":"max-image-preview:large","max-video-preview":"max-video-preview:-1"},"canonical":"https:\/\/novaorg.cofb.net\/2018\/10\/24\/tenim-la-capacitat-daportar-el-maxim-contingut-a-la-professio-perque-sigui-efectiva-en-els-objectius-sanitaris-2\/","og_locale":"es_ES","og_type":"article","og_title":"\"Tenim la capacitat d'aportar el m\u00e0xim contingut a la professi\u00f3 perqu\u00e8 sigui efectiva en els objectius sanitaris\" - Col\u00b7legi de Farmac\u00e8utics de Barcelona","og_description":"\u00a0 S\u00f3n declaracions de Jordi de Dalmases, president del Col\u00b7legi de Farmac\u00e8utics de Barcelona (COFB), en la inauguraci\u00f3 de la\u00a0XIV edici\u00f3 del M\u00e0ster de Gesti\u00f3 de l\u2019Oficina de Farm\u00e0cia (MGOF)\u00a0que va tenir lloc el passat 16 d\u2019octubre Durant la inauguraci\u00f3, De Dalmases tamb\u00e9 va destacar que\u00a0els farmac\u00e8utics \u201chem de fer [&hellip;]","og_url":"https:\/\/novaorg.cofb.net\/2018\/10\/24\/tenim-la-capacitat-daportar-el-maxim-contingut-a-la-professio-perque-sigui-efectiva-en-els-objectius-sanitaris-2\/","og_site_name":"Col\u00b7legi de Farmac\u00e8utics de Barcelona","article_publisher":"https:\/\/www.facebook.com\/farmaceuticsbcn\/","article_published_time":"2018-10-24T09:39:00+00:00","author":"wpAdminCofbOrg","twitter_card":"summary_large_image","twitter_creator":"@farmaceuticsbcn","twitter_site":"@farmaceuticsbcn","twitter_misc":{"Escrito por":"wpAdminCofbOrg","Tiempo de lectura":"7 minutos"},"schema":{"@context":"https:\/\/schema.org","@graph":[{"@type":"Article","@id":"https:\/\/novaorg.cofb.net\/2018\/10\/24\/tenim-la-capacitat-daportar-el-maxim-contingut-a-la-professio-perque-sigui-efectiva-en-els-objectius-sanitaris-2\/#article","isPartOf":{"@id":"https:\/\/novaorg.cofb.net\/2018\/10\/24\/tenim-la-capacitat-daportar-el-maxim-contingut-a-la-professio-perque-sigui-efectiva-en-els-objectius-sanitaris-2\/"},"author":{"name":"wpAdminCofbOrg","@id":"https:\/\/www.cofb.org\/#\/schema\/person\/22ed7eea88da74b0fa4d3154ad87ffcb"},"headline":"&#8220;Tenim la capacitat d&#8217;aportar el m\u00e0xim contingut a la professi\u00f3 perqu\u00e8 sigui efectiva en els objectius sanitaris&#8221;","datePublished":"2018-10-24T09:39:00+00:00","dateModified":"2018-10-24T09:39:00+00:00","mainEntityOfPage":{"@id":"https:\/\/novaorg.cofb.net\/2018\/10\/24\/tenim-la-capacitat-daportar-el-maxim-contingut-a-la-professio-perque-sigui-efectiva-en-els-objectius-sanitaris-2\/"},"wordCount":1381,"publisher":{"@id":"https:\/\/www.cofb.org\/#organization"},"articleSection":["Notes de premsa","Sense categoria"],"inLanguage":"es"},{"@type":"WebPage","@id":"https:\/\/novaorg.cofb.net\/2018\/10\/24\/tenim-la-capacitat-daportar-el-maxim-contingut-a-la-professio-perque-sigui-efectiva-en-els-objectius-sanitaris-2\/","url":"https:\/\/novaorg.cofb.net\/2018\/10\/24\/tenim-la-capacitat-daportar-el-maxim-contingut-a-la-professio-perque-sigui-efectiva-en-els-objectius-sanitaris-2\/","name":"\"Tenim la capacitat d'aportar el m\u00e0xim contingut a la professi\u00f3 perqu\u00e8 sigui efectiva en els objectius sanitaris\" - Col\u00b7legi de Farmac\u00e8utics de Barcelona","isPartOf":{"@id":"https:\/\/www.cofb.org\/#website"},"datePublished":"2018-10-24T09:39:00+00:00","dateModified":"2018-10-24T09:39:00+00:00","breadcrumb":{"@id":"https:\/\/novaorg.cofb.net\/2018\/10\/24\/tenim-la-capacitat-daportar-el-maxim-contingut-a-la-professio-perque-sigui-efectiva-en-els-objectius-sanitaris-2\/#breadcrumb"},"inLanguage":"es","potentialAction":[{"@type":"ReadAction","target":["https:\/\/novaorg.cofb.net\/2018\/10\/24\/tenim-la-capacitat-daportar-el-maxim-contingut-a-la-professio-perque-sigui-efectiva-en-els-objectius-sanitaris-2\/"]}]},{"@type":"BreadcrumbList","@id":"https:\/\/novaorg.cofb.net\/2018\/10\/24\/tenim-la-capacitat-daportar-el-maxim-contingut-a-la-professio-perque-sigui-efectiva-en-els-objectius-sanitaris-2\/#breadcrumb","itemListElement":[{"@type":"ListItem","position":1,"name":"Inici","item":"https:\/\/novaorg.cofb.net\/"},{"@type":"ListItem","position":2,"name":"&#8220;Tenim la capacitat d&#8217;aportar el m\u00e0xim contingut a la professi\u00f3 perqu\u00e8 sigui efectiva en els objectius sanitaris&#8221;"}]},{"@type":"WebSite","@id":"https:\/\/www.cofb.org\/#website","url":"https:\/\/www.cofb.org\/","name":"Col\u00b7legi de Farmac\u00e8utics de Barcelona","description":"","publisher":{"@id":"https:\/\/www.cofb.org\/#organization"},"potentialAction":[{"@type":"SearchAction","target":{"@type":"EntryPoint","urlTemplate":"https:\/\/www.cofb.org\/?s={search_term_string}"},"query-input":"required name=search_term_string"}],"inLanguage":"es"},{"@type":"Organization","@id":"https:\/\/www.cofb.org\/#organization","name":"Col\u00b7legi de Farmac\u00e8utics de Barcelona","url":"https:\/\/www.cofb.org\/","logo":{"@type":"ImageObject","inLanguage":"es","@id":"https:\/\/www.cofb.org\/#\/schema\/logo\/image\/","url":"https:\/\/www.cofb.org\/wp-content\/uploads\/2023\/11\/cropped-Logotip-COFB.png","contentUrl":"https:\/\/www.cofb.org\/wp-content\/uploads\/2023\/11\/cropped-Logotip-COFB.png","width":500,"height":105,"caption":"Col\u00b7legi de Farmac\u00e8utics de Barcelona"},"image":{"@id":"https:\/\/www.cofb.org\/#\/schema\/logo\/image\/"},"sameAs":["https:\/\/www.facebook.com\/farmaceuticsbcn\/","https:\/\/twitter.com\/farmaceuticsbcn","https:\/\/www.instagram.com\/farmaceuticsbcn\/","https:\/\/www.linkedin.com\/company\/farmaceuticsbcn\/"]},{"@type":"Person","@id":"https:\/\/www.cofb.org\/#\/schema\/person\/22ed7eea88da74b0fa4d3154ad87ffcb","name":"wpAdminCofbOrg","image":{"@type":"ImageObject","inLanguage":"es","@id":"https:\/\/www.cofb.org\/#\/schema\/person\/image\/","url":"https:\/\/secure.gravatar.com\/avatar\/1721b20b3b8ca882c3b56ec6c978c594fff670e40c0718e9190eaeeb76aae7d8?s=96&d=mm&r=g","contentUrl":"https:\/\/secure.gravatar.com\/avatar\/1721b20b3b8ca882c3b56ec6c978c594fff670e40c0718e9190eaeeb76aae7d8?s=96&d=mm&r=g","caption":"wpAdminCofbOrg"},"sameAs":["http:\/\/192.168.64.122\/wordpress"],"url":"https:\/\/www.cofb.org\/es\/author\/wpadmincofborg\/"}]}},"uagb_featured_image_src":{"full":false,"thumbnail":false,"medium":false,"medium_large":false,"large":false,"1536x1536":false,"2048x2048":false,"trp-custom-language-flag":false},"uagb_author_info":{"display_name":"wpAdminCofbOrg","author_link":"https:\/\/www.cofb.org\/es\/author\/wpadmincofborg\/"},"uagb_comment_info":0,"uagb_excerpt":"\u00a0 S\u00f3n declaracions de Jordi de Dalmases, president del Col\u00b7legi de Farmac\u00e8utics de Barcelona (COFB), en la inauguraci\u00f3 de la\u00a0XIV edici\u00f3 del M\u00e0ster de Gesti\u00f3 de l\u2019Oficina de Farm\u00e0cia (MGOF)\u00a0que va tenir lloc el passat 16 d\u2019octubre Durant la inauguraci\u00f3, De Dalmases tamb\u00e9 va destacar que\u00a0els farmac\u00e8utics \u201chem de fer [&hellip;]","_links":{"self":[{"href":"https:\/\/www.cofb.org\/es\/wp-json\/wp\/v2\/posts\/77931","targetHints":{"allow":["GET"]}}],"collection":[{"href":"https:\/\/www.cofb.org\/es\/wp-json\/wp\/v2\/posts"}],"about":[{"href":"https:\/\/www.cofb.org\/es\/wp-json\/wp\/v2\/types\/post"}],"author":[{"embeddable":true,"href":"https:\/\/www.cofb.org\/es\/wp-json\/wp\/v2\/users\/1"}],"replies":[{"embeddable":true,"href":"https:\/\/www.cofb.org\/es\/wp-json\/wp\/v2\/comments?post=77931"}],"version-history":[{"count":0,"href":"https:\/\/www.cofb.org\/es\/wp-json\/wp\/v2\/posts\/77931\/revisions"}],"wp:attachment":[{"href":"https:\/\/www.cofb.org\/es\/wp-json\/wp\/v2\/media?parent=77931"}],"wp:term":[{"taxonomy":"category","embeddable":true,"href":"https:\/\/www.cofb.org\/es\/wp-json\/wp\/v2\/categories?post=77931"},{"taxonomy":"post_tag","embeddable":true,"href":"https:\/\/www.cofb.org\/es\/wp-json\/wp\/v2\/tags?post=77931"}],"curies":[{"name":"wp","href":"https:\/\/api.w.org\/{rel}","templated":true}]}}