{"id":77929,"date":"2018-12-19T15:58:00","date_gmt":"2018-12-19T15:58:00","guid":{"rendered":"https:\/\/novaorg.cofb.net\/2018\/12\/19\/infarmainnova-cerca-les-millors-idees-per-donar-resposta-als-reptes-presents-i-futurs-de-la-farmacia-comunitaria-2\/"},"modified":"2018-12-19T15:58:00","modified_gmt":"2018-12-19T15:58:00","slug":"infarmainnova-cerca-les-millors-idees-per-donar-resposta-als-reptes-presents-i-futurs-de-la-farmacia-comunitaria-2","status":"publish","type":"post","link":"https:\/\/www.cofb.org\/es\/2018\/12\/19\/infarmainnova-cerca-les-millors-idees-per-donar-resposta-als-reptes-presents-i-futurs-de-la-farmacia-comunitaria-2\/","title":{"rendered":"#Infarmainnova busca las mejores ideas para dar respuesta a los retos presentes y futuros de la farmacia comunitaria"},"content":{"rendered":"<p>\u00a0<br \/>\n\tEn esta segunda edici\u00f3n que organiza Infarma 2019, el Comit\u00e9 Organizador ha definido <strong>5 retos para que los farmac\u00e9uticos comunitarios aporten propuestas <\/strong>para su resoluci\u00f3n<br \/>\n\tLas ideas se podr\u00e1n presentar <strong>hasta el 15 de febrero <\/strong>a trav\u00e9s de la <a href=\"https:\/\/www.infarmainnova.es\/\" target=\"_blank\" rel=\"noopener\">web de Infarmainnova<\/a>. Un jurado seleccionar\u00e1 a las 10 mejores, que se presentar\u00e1n durante Infarma. De \u00e9stas, 3 <strong>ser\u00e1n reconocidas en el transcurso del Congreso<\/strong><br \/>\n\t<strong>El grado de resoluci\u00f3n del reto, la novedad o diferenciaci\u00f3n respecto a lo que ya se est\u00e1 llevando a cabo y el beneficio que aporta a los pacientes <\/strong>son algunos de los criterios que se tendr\u00e1n en cuenta a la hora de valorar las ideas<\/p>\n<p><em>Barcelona, 19 de diciembre de 2018<\/em> <strong>#Infarmainnova quiere encontrar las mejores ideas para dar respuesta a 5 de los retos presentes y futuros a los que se enfrenta la oficina de farmacia.<\/strong> Con motivo de la segunda edici\u00f3n -que se celebrar\u00e1 en el marco de Infarma Barcelona 2019-, los farmac\u00e9uticos comunitarios podr\u00e1n presentar las propuestas <strong>hasta el 15 de febrero <\/strong>a trav\u00e9s de la web de #Infarmainnova.<\/p>\n<p>Un jurado seleccionar\u00e1 las <strong>10 mejores <\/strong>ideas de todas las que se reciban, que se <strong>presentar\u00e1n durante la celebraci\u00f3n de Infarma. De \u00e9stas, las 3 mejores ser\u00e1n reconocidas en el transcurso del Congreso.<\/strong><\/p>\n<p>Todo esto, con el objetivo de generar <strong>soluciones creativas e innovadoras, fomentar la colaboraci\u00f3n<\/strong> entre la profesi\u00f3n farmac\u00e9utica y <strong>aportar valor a todos los agentes del sistema de salud,<\/strong> adem\u00e1s de <strong>potenciar el rol del farmac\u00e9utico, siempre en beneficio de los pacientes.<\/strong><\/p>\n<p>En esta edici\u00f3n, <strong>el proyecto cuenta con el apoyo de CaixaBank que, a trav\u00e9s de la Obra Social \u201cla Caixa\u201d,<\/strong> pone especialmente el foco en aquellos programas con alto impacto transformador como #Infarmainnova.<\/p>\n<p><strong>Retos presentes y futuros del \u00e1mbito de la farmacia comunitaria<\/strong><br \/>\nEl <strong>presente y el futuro de la oficina de farmacia<\/strong> est\u00e1n llenos de <strong>retos<\/strong> y la <strong>participaci\u00f3n activa y colaborativa<\/strong> de los farmac\u00e9uticos comunitarios es clave para poder superarlos.<\/p>\n<p>Concretamente, <strong>para #Infarmainnova el Comit\u00e9 Organizador ha definido cinco de los retos a los que se enfrentan las oficinas de farmacia para que los farmac\u00e9uticos comunitarios aporten propuestas <\/strong>para su resoluci\u00f3n. En primer lugar, <strong>el incremento de la adherencia <\/strong>en la <strong>personas mayores polimedicada.<\/strong> En segundo lugar, <strong>c\u00f3mo innovar para mejorar la educaci\u00f3n sanitaria que se ofrece a pacientes y poblaci\u00f3n sana.<\/strong> El tercer y cuarto reto son, respectivamente, la relaci\u00f3n de la farmacia con el p\u00fablico joven y la mejora de la coordinaci\u00f3n entre la red de farmacias. Por \u00faltimo, la utilizaci\u00f3n de herramientas y canales digitales para mejorar la comunicaci\u00f3n entre farmac\u00e9uticos y pacientes.<\/p>\n<p><strong>\u00bfQu\u00e9 criterios se tendr\u00e1n en cuenta a la hora de valorar las ideas presentadas?<\/strong><br \/>\nLas<strong> ideas o soluciones <\/strong>a los <strong>cinco retos <\/strong>anteriores ser\u00e1n evaluadas por un <strong>jurado<\/strong> que tendr\u00e1 en cuenta, de forma objetiva, los siguientes criterios: <strong>grado de resoluci\u00f3n del reto, novedad o diferenciaci\u00f3n<\/strong> con las pr\u00e1cticas que ya se est\u00e1n llevando a cabo, <strong>beneficio que aporta a los pacientes, n\u00famero de pacientes que se beneficiar\u00e1n<\/strong> con la idea, <strong>impacto en la oficina de farmacia<\/strong> y el <strong>papel del farmac\u00e9utico, viabilidad y grado de detalle y profundidad de la idea <\/strong>y su presentaci\u00f3n.<\/p>\n<p>La <strong>segunda edici\u00f3n <\/strong>de #Infarmainnova supone la consolidaci\u00f3n de la apuesta por <strong>posicionar Infarma <\/strong>como uno<strong> evento <\/strong>que innova en el <strong>presente y futuro <\/strong>de la farmacia comunitaria, respondiendo a retos y <strong>transformando desaf\u00edos para el sector en soluciones participativas que repercutan en la mejora de la calidad de vida de las personas.<\/strong><\/p>\n<p><strong>Infarma Barcelona 2019: del 19 al 21 de marzo en el recinto Gran Via de Fira Barcelona<\/strong><br \/>\n<strong>Infarma Barcelona 2019,<\/strong> el Congreso y Sal\u00f3n Europeo de Oficina de Farmacia organizado por los Colegios de Farmac\u00e9uticos de Barcelona y Madrid e Interalia,<strong> tendr\u00e1 lugar en el recinto Gran V\u00eda de Fira Barcelona del 19 al 21 de marzo.<\/strong><\/p>\n<p><strong>Durante el Congreso,<\/strong> el farmac\u00e9utico podr\u00e1 <strong>actualizar sus conocimientos e intercambiar puntos de vista<\/strong> a trav\u00e9s de las distintas mesas de debate y aulas organizadas. Al mismo tiempo, el <strong>Sal\u00f3n de Medicamentos y Parafarmacia facilitar\u00e1 a las empresas del sector farmac\u00e9utico<\/strong> la oportunidad de acercarse, a trav\u00e9s de su presencia en los stands, <strong>adem\u00e1s de 30.000 profesionales que participar\u00e1n en esta cita europea de la farmacia.<\/strong><\/p>\n<p><strong>Para m\u00e1s informaci\u00f3n:<\/strong><\/p>\n<p>Departamento de Comunicaci\u00f3n del Colegio de Farmac\u00e9uticos de Barcelona (COFB)<\/p>\n<p>Tel\u00e9fono: 93 244 07 28 \/ 18 \u2013 <a href=\"mailto:premsa@cofb.net\">premsa@cofb.net<\/a><\/p>\n<p>\u00a0En esta segunda edici\u00f3n que organiza Infarma 2019, el Comit\u00e9 Organizador ha definido 5 retos para que los farmac\u00e9uticos comunitarios aporten propuestas para su resoluci\u00f3n<br \/>\n\tLas ideas podr\u00e1n presentarse hasta el 15 de febrero a trav\u00e9s de la web de Infarmainnova. Un jurado seleccionar\u00e1 a las 10 mejores, que se presentar\u00e1n durante Infarma. De \u00e9stas, 3 ser\u00e1n reconocidas en el transcurso del Congreso<br \/>\n\tEl grado de resoluci\u00f3n del reto, la novedad o diferenciaci\u00f3n respecto a lo que ya se est\u00e1 llevando a cabo y el beneficio que aporta a los pacientes son algunos de los criterios que se tendr\u00e1n en cuenta a la hora de valorar las ideas<\/p>\n<p>Barcelona, 19 de diciembre de 2018. #Infarmainnova quiere encontrar las mejores ideas para dar respuesta a 5 de los retos presentes y futuros a los que se enfrenta la oficina de farmacia. Con motivo de la segunda edici\u00f3n -que se celebrar\u00e1 en el marco de Infarma Barcelona 2019-, los farmac\u00e9uticos comunitarios podr\u00e1n presentar sus propuestas hasta el 15 de febrero a trav\u00e9s de la web de #Infarmainnova.<\/p>\n<p>Un jurado seleccionar\u00e1 las 10 mejores ideas de todas las que se reciban, que se presentar\u00e1n durante la celebraci\u00f3n de Infarma. De \u00e9stas, las 3 mejores ser\u00e1n reconocidas en el transcurso del Congreso.<\/p>\n<p>Todo esto, con el objetivo de generar soluciones creativas e innovadoras, fomentar la colaboraci\u00f3n entre la profesi\u00f3n farmac\u00e9utica y aportar valor a todos los agentes del sistema de salud, adem\u00e1s de potenciar el rol del farmac\u00e9utico, siempre en beneficio de los pacientes.<\/p>\n<p>En esta edici\u00f3n, el proyecto cuenta con el apoyo de CaixaBank que a trav\u00e9s de la Obra Social \u201cla Caixa\u201d pone especialmente el foco en aquellos programas con alto impacto transformador como #Infarmainnova.<\/p>\n<p>Retos presentes y futuros del \u00e1mbito de la farmacia comunitaria<br \/>\nEl presente y el futuro de la oficina de farmacia est\u00e1n llenos de retos y la participaci\u00f3n activa y colaborativa de los farmac\u00e9uticos comunitarios es clave para poder superarlos.<\/p>\n<p>Concretamente, para #Infarmainnova el Comit\u00e9 Organizador ha definido cinco de los retos a los que se enfrentan las oficinas de farmacia para que los farmac\u00e9uticos comunitarios aporten propuestas para su resoluci\u00f3n. En primer lugar, el incremento de la adherencia a la gente mayor polimedicada. En segundo lugar, c\u00f3mo innovar para mejorar la educaci\u00f3n sanitaria que se ofrece a pacientes y poblaci\u00f3n sana. El tercer y cuarto reto son, respectivamente, la relaci\u00f3n de la farmacia con el p\u00fablico joven y la mejora de la coordinaci\u00f3n entre la red de farmacias. Por \u00faltimo, la utilizaci\u00f3n de herramientas y canales digitales para mejorar la comunicaci\u00f3n entre farmac\u00e9uticos y pacientes.<\/p>\n<p>\u00bfQu\u00e9 criterios se tendr\u00e1n en cuenta a la hora de valorar las ideas presentadas?<br \/>\nLas ideas o soluciones a los cinco retos anteriores ser\u00e1n evaluadas por un jurado que tendr\u00e1 en cuenta, de forma objetiva, los siguientes criterios: grado de resoluci\u00f3n del reto, novedad o diferenciaci\u00f3n con las pr\u00e1cticas que ya se est\u00e1n llevando a cabo, beneficio que aporta a los pacientes, n\u00famero de pacientes que se beneficiar\u00e1n con la idea, impacto en la oficina de farmacia y el papel del farmac\u00e9utico, viabilidad y grado de detalle y profundidad de la idea y su presentaci\u00f3n.<\/p>\n<p>La segunda edici\u00f3n de #Infarmainnova supone la consolidaci\u00f3n de la apuesta por posicionar a Infarma como un evento que innova en el presente y futuro de la farmacia comunitaria, respondiendo a retos y transformando desaf\u00edos para el sector en soluciones participativas que repercutan en la mejora de la calidad de vida de las personas.<\/p>\n<p>Infarma Barcelona 2019: del 19 al 21 de marzo en el recinto Gran Via de Fira Barcelona<br \/>\nInfarma Barcelona 2019, el Congreso y Sal\u00f3n Europeo de Oficina de Farmacia organizado por los Colegios de Farmac\u00e9uticos de Barcelona y Madrid e Interalia, tendr\u00e1 lugar en el recinto Gran V\u00eda de Fira Barcelona del 19 al 21 de marzo.<\/p>\n<p>Durante el Congreso, el farmac\u00e9utico podr\u00e1 actualizar sus conocimientos e intercambiar puntos de vista a trav\u00e9s de las distintas tablas de debate y aulas organizadas. Asimismo, el Sal\u00f3n de Medicamentos y Parafarmacia facilitar\u00e1 a las empresas del sector farmac\u00e9utico la oportunidad de acercarse, a trav\u00e9s de su presencia a los stands, a m\u00e1s de 30.000 profesionales que participar\u00e1n en esta cita europea de la farmacia.<\/p>\n<p>Para m\u00e1s informaci\u00f3n:<\/p>\n<p>Departamento de Comunicaci\u00f3n del Colegio de Farmac\u00e9uticos de Barcelona (COFB)<\/p>\n<p>Tel\u00e9fono: 93 244 07 28 \/ 18 \u2013 premsa@cofb.net COFB.ORG<\/p>","protected":false},"excerpt":{"rendered":"<p>\u00a0 En esta segunda edici\u00f3n que organiza Infarma 2019, el Comit\u00e9 Organizador ha definido 5 retos para que los farmac\u00e9uticos comunitarios aporten propuestas para su resoluci\u00f3n. Las ideas se podr\u00e1n presentar hasta el 15 de febrero a trav\u00e9s de la web de Infarmainnova. Un jurado seleccionar\u00e1 a las 10 mejores, que [\u2026]<\/p>","protected":false},"author":1,"featured_media":0,"comment_status":"","ping_status":"","sticky":false,"template":"","format":"standard","meta":{"_uag_custom_page_level_css":"","site-sidebar-layout":"default","site-content-layout":"","ast-site-content-layout":"default","site-content-style":"default","site-sidebar-style":"default","ast-global-header-display":"","ast-banner-title-visibility":"","ast-main-header-display":"","ast-hfb-above-header-display":"","ast-hfb-below-header-display":"","ast-hfb-mobile-header-display":"","site-post-title":"","ast-breadcrumbs-content":"","ast-featured-img":"disabled","footer-sml-layout":"","theme-transparent-header-meta":"","adv-header-id-meta":"","stick-header-meta":"","header-above-stick-meta":"","header-main-stick-meta":"","header-below-stick-meta":"","astra-migrate-meta-layouts":"default","ast-page-background-enabled":"default","ast-page-background-meta":{"desktop":{"background-color":"var(--ast-global-color-4)","background-image":"","background-repeat":"repeat","background-position":"center center","background-size":"auto","background-attachment":"scroll","background-type":"","background-media":"","overlay-type":"","overlay-color":"","overlay-opacity":"","overlay-gradient":""},"tablet":{"background-color":"","background-image":"","background-repeat":"repeat","background-position":"center center","background-size":"auto","background-attachment":"scroll","background-type":"","background-media":"","overlay-type":"","overlay-color":"","overlay-opacity":"","overlay-gradient":""},"mobile":{"background-color":"","background-image":"","background-repeat":"repeat","background-position":"center center","background-size":"auto","background-attachment":"scroll","background-type":"","background-media":"","overlay-type":"","overlay-color":"","overlay-opacity":"","overlay-gradient":""}},"ast-content-background-meta":{"desktop":{"background-color":"var(--ast-global-color-5)","background-image":"","background-repeat":"repeat","background-position":"center center","background-size":"auto","background-attachment":"scroll","background-type":"","background-media":"","overlay-type":"","overlay-color":"","overlay-opacity":"","overlay-gradient":""},"tablet":{"background-color":"var(--ast-global-color-5)","background-image":"","background-repeat":"repeat","background-position":"center center","background-size":"auto","background-attachment":"scroll","background-type":"","background-media":"","overlay-type":"","overlay-color":"","overlay-opacity":"","overlay-gradient":""},"mobile":{"background-color":"var(--ast-global-color-5)","background-image":"","background-repeat":"repeat","background-position":"center center","background-size":"auto","background-attachment":"scroll","background-type":"","background-media":"","overlay-type":"","overlay-color":"","overlay-opacity":"","overlay-gradient":""}},"footnotes":""},"categories":[1060,1066],"tags":[],"class_list":["post-77929","post","type-post","status-publish","format-standard","hentry","category-notes-premsa","category-sense-categoria-ca"],"yoast_head":"<!-- This site is optimized with the Yoast SEO plugin v22.4 - https:\/\/yoast.com\/wordpress\/plugins\/seo\/ -->\n<title>#Infarmainnova cerca les millors idees per donar resposta als reptes presents i futurs de la farm\u00e0cia comunit\u00e0ria - Col\u00b7legi de Farmac\u00e8utics de Barcelona<\/title>\n<meta name=\"robots\" content=\"index, follow, max-snippet:-1, max-image-preview:large, max-video-preview:-1\" \/>\n<link rel=\"canonical\" href=\"https:\/\/novaorg.cofb.net\/2018\/12\/19\/infarmainnova-cerca-les-millors-idees-per-donar-resposta-als-reptes-presents-i-futurs-de-la-farmacia-comunitaria-2\/\" \/>\n<meta property=\"og:locale\" content=\"es_ES\" \/>\n<meta property=\"og:type\" content=\"article\" \/>\n<meta property=\"og:title\" content=\"#Infarmainnova cerca les millors idees per donar resposta als reptes presents i futurs de la farm\u00e0cia comunit\u00e0ria - Col\u00b7legi de Farmac\u00e8utics de Barcelona\" \/>\n<meta property=\"og:description\" content=\"\u00a0 En aquesta segona edici\u00f3 que organitza Infarma 2019, el Comit\u00e8 Organitzador ha definit 5 reptes perqu\u00e8 els farmac\u00e8utics comunitaris aportin propostes per a la seva resoluci\u00f3 Les idees es podran presentar fins al 15 de febrer a trav\u00e9s de la web d\u2019Infarmainnova. Un jurat seleccionar\u00e0 les 10 millors, que [&hellip;]\" \/>\n<meta property=\"og:url\" content=\"https:\/\/novaorg.cofb.net\/2018\/12\/19\/infarmainnova-cerca-les-millors-idees-per-donar-resposta-als-reptes-presents-i-futurs-de-la-farmacia-comunitaria-2\/\" \/>\n<meta property=\"og:site_name\" content=\"Col\u00b7legi de Farmac\u00e8utics de Barcelona\" \/>\n<meta property=\"article:publisher\" content=\"https:\/\/www.facebook.com\/farmaceuticsbcn\/\" \/>\n<meta property=\"article:published_time\" content=\"2018-12-19T15:58:00+00:00\" \/>\n<meta name=\"author\" content=\"wpAdminCofbOrg\" \/>\n<meta name=\"twitter:card\" content=\"summary_large_image\" \/>\n<meta name=\"twitter:creator\" content=\"@farmaceuticsbcn\" \/>\n<meta name=\"twitter:site\" content=\"@farmaceuticsbcn\" \/>\n<meta name=\"twitter:label1\" content=\"Escrito por\" \/>\n\t<meta name=\"twitter:data1\" content=\"wpAdminCofbOrg\" \/>\n\t<meta name=\"twitter:label2\" content=\"Tiempo de lectura\" \/>\n\t<meta name=\"twitter:data2\" content=\"7 minutos\" \/>\n<script type=\"application\/ld+json\" class=\"yoast-schema-graph\">{\"@context\":\"https:\/\/schema.org\",\"@graph\":[{\"@type\":\"Article\",\"@id\":\"https:\/\/novaorg.cofb.net\/2018\/12\/19\/infarmainnova-cerca-les-millors-idees-per-donar-resposta-als-reptes-presents-i-futurs-de-la-farmacia-comunitaria-2\/#article\",\"isPartOf\":{\"@id\":\"https:\/\/novaorg.cofb.net\/2018\/12\/19\/infarmainnova-cerca-les-millors-idees-per-donar-resposta-als-reptes-presents-i-futurs-de-la-farmacia-comunitaria-2\/\"},\"author\":{\"name\":\"wpAdminCofbOrg\",\"@id\":\"https:\/\/www.cofb.org\/#\/schema\/person\/22ed7eea88da74b0fa4d3154ad87ffcb\"},\"headline\":\"#Infarmainnova cerca les millors idees per donar resposta als reptes presents i futurs de la farm\u00e0cia comunit\u00e0ria\",\"datePublished\":\"2018-12-19T15:58:00+00:00\",\"dateModified\":\"2018-12-19T15:58:00+00:00\",\"mainEntityOfPage\":{\"@id\":\"https:\/\/novaorg.cofb.net\/2018\/12\/19\/infarmainnova-cerca-les-millors-idees-per-donar-resposta-als-reptes-presents-i-futurs-de-la-farmacia-comunitaria-2\/\"},\"wordCount\":1505,\"publisher\":{\"@id\":\"https:\/\/www.cofb.org\/#organization\"},\"articleSection\":[\"Notes de premsa\",\"Sense categoria\"],\"inLanguage\":\"es\"},{\"@type\":\"WebPage\",\"@id\":\"https:\/\/novaorg.cofb.net\/2018\/12\/19\/infarmainnova-cerca-les-millors-idees-per-donar-resposta-als-reptes-presents-i-futurs-de-la-farmacia-comunitaria-2\/\",\"url\":\"https:\/\/novaorg.cofb.net\/2018\/12\/19\/infarmainnova-cerca-les-millors-idees-per-donar-resposta-als-reptes-presents-i-futurs-de-la-farmacia-comunitaria-2\/\",\"name\":\"#Infarmainnova cerca les millors idees per donar resposta als reptes presents i futurs de la farm\u00e0cia comunit\u00e0ria - Col\u00b7legi de Farmac\u00e8utics de Barcelona\",\"isPartOf\":{\"@id\":\"https:\/\/www.cofb.org\/#website\"},\"datePublished\":\"2018-12-19T15:58:00+00:00\",\"dateModified\":\"2018-12-19T15:58:00+00:00\",\"breadcrumb\":{\"@id\":\"https:\/\/novaorg.cofb.net\/2018\/12\/19\/infarmainnova-cerca-les-millors-idees-per-donar-resposta-als-reptes-presents-i-futurs-de-la-farmacia-comunitaria-2\/#breadcrumb\"},\"inLanguage\":\"es\",\"potentialAction\":[{\"@type\":\"ReadAction\",\"target\":[\"https:\/\/novaorg.cofb.net\/2018\/12\/19\/infarmainnova-cerca-les-millors-idees-per-donar-resposta-als-reptes-presents-i-futurs-de-la-farmacia-comunitaria-2\/\"]}]},{\"@type\":\"BreadcrumbList\",\"@id\":\"https:\/\/novaorg.cofb.net\/2018\/12\/19\/infarmainnova-cerca-les-millors-idees-per-donar-resposta-als-reptes-presents-i-futurs-de-la-farmacia-comunitaria-2\/#breadcrumb\",\"itemListElement\":[{\"@type\":\"ListItem\",\"position\":1,\"name\":\"Inici\",\"item\":\"https:\/\/novaorg.cofb.net\/\"},{\"@type\":\"ListItem\",\"position\":2,\"name\":\"#Infarmainnova cerca les millors idees per donar resposta als reptes presents i futurs de la farm\u00e0cia comunit\u00e0ria\"}]},{\"@type\":\"WebSite\",\"@id\":\"https:\/\/www.cofb.org\/#website\",\"url\":\"https:\/\/www.cofb.org\/\",\"name\":\"Col\u00b7legi de Farmac\u00e8utics de Barcelona\",\"description\":\"\",\"publisher\":{\"@id\":\"https:\/\/www.cofb.org\/#organization\"},\"potentialAction\":[{\"@type\":\"SearchAction\",\"target\":{\"@type\":\"EntryPoint\",\"urlTemplate\":\"https:\/\/www.cofb.org\/?s={search_term_string}\"},\"query-input\":\"required name=search_term_string\"}],\"inLanguage\":\"es\"},{\"@type\":\"Organization\",\"@id\":\"https:\/\/www.cofb.org\/#organization\",\"name\":\"Col\u00b7legi de Farmac\u00e8utics de Barcelona\",\"url\":\"https:\/\/www.cofb.org\/\",\"logo\":{\"@type\":\"ImageObject\",\"inLanguage\":\"es\",\"@id\":\"https:\/\/www.cofb.org\/#\/schema\/logo\/image\/\",\"url\":\"https:\/\/www.cofb.org\/wp-content\/uploads\/2023\/11\/cropped-Logotip-COFB.png\",\"contentUrl\":\"https:\/\/www.cofb.org\/wp-content\/uploads\/2023\/11\/cropped-Logotip-COFB.png\",\"width\":500,\"height\":105,\"caption\":\"Col\u00b7legi de Farmac\u00e8utics de Barcelona\"},\"image\":{\"@id\":\"https:\/\/www.cofb.org\/#\/schema\/logo\/image\/\"},\"sameAs\":[\"https:\/\/www.facebook.com\/farmaceuticsbcn\/\",\"https:\/\/twitter.com\/farmaceuticsbcn\",\"https:\/\/www.instagram.com\/farmaceuticsbcn\/\",\"https:\/\/www.linkedin.com\/company\/farmaceuticsbcn\/\"]},{\"@type\":\"Person\",\"@id\":\"https:\/\/www.cofb.org\/#\/schema\/person\/22ed7eea88da74b0fa4d3154ad87ffcb\",\"name\":\"wpAdminCofbOrg\",\"image\":{\"@type\":\"ImageObject\",\"inLanguage\":\"es\",\"@id\":\"https:\/\/www.cofb.org\/#\/schema\/person\/image\/\",\"url\":\"https:\/\/secure.gravatar.com\/avatar\/1721b20b3b8ca882c3b56ec6c978c594fff670e40c0718e9190eaeeb76aae7d8?s=96&d=mm&r=g\",\"contentUrl\":\"https:\/\/secure.gravatar.com\/avatar\/1721b20b3b8ca882c3b56ec6c978c594fff670e40c0718e9190eaeeb76aae7d8?s=96&d=mm&r=g\",\"caption\":\"wpAdminCofbOrg\"},\"sameAs\":[\"http:\/\/192.168.64.122\/wordpress\"],\"url\":\"https:\/\/www.cofb.org\/es\/author\/wpadmincofborg\/\"}]}<\/script>\n<!-- \/ Yoast SEO plugin. -->","yoast_head_json":{"title":"#Infarmainnova cerca les millors idees per donar resposta als reptes presents i futurs de la farm\u00e0cia comunit\u00e0ria - Col\u00b7legi de Farmac\u00e8utics de Barcelona","robots":{"index":"index","follow":"follow","max-snippet":"max-snippet:-1","max-image-preview":"max-image-preview:large","max-video-preview":"max-video-preview:-1"},"canonical":"https:\/\/novaorg.cofb.net\/2018\/12\/19\/infarmainnova-cerca-les-millors-idees-per-donar-resposta-als-reptes-presents-i-futurs-de-la-farmacia-comunitaria-2\/","og_locale":"es_ES","og_type":"article","og_title":"#Infarmainnova cerca les millors idees per donar resposta als reptes presents i futurs de la farm\u00e0cia comunit\u00e0ria - Col\u00b7legi de Farmac\u00e8utics de Barcelona","og_description":"\u00a0 En aquesta segona edici\u00f3 que organitza Infarma 2019, el Comit\u00e8 Organitzador ha definit 5 reptes perqu\u00e8 els farmac\u00e8utics comunitaris aportin propostes per a la seva resoluci\u00f3 Les idees es podran presentar fins al 15 de febrer a trav\u00e9s de la web d\u2019Infarmainnova. Un jurat seleccionar\u00e0 les 10 millors, que [&hellip;]","og_url":"https:\/\/novaorg.cofb.net\/2018\/12\/19\/infarmainnova-cerca-les-millors-idees-per-donar-resposta-als-reptes-presents-i-futurs-de-la-farmacia-comunitaria-2\/","og_site_name":"Col\u00b7legi de Farmac\u00e8utics de Barcelona","article_publisher":"https:\/\/www.facebook.com\/farmaceuticsbcn\/","article_published_time":"2018-12-19T15:58:00+00:00","author":"wpAdminCofbOrg","twitter_card":"summary_large_image","twitter_creator":"@farmaceuticsbcn","twitter_site":"@farmaceuticsbcn","twitter_misc":{"Escrito por":"wpAdminCofbOrg","Tiempo de lectura":"7 minutos"},"schema":{"@context":"https:\/\/schema.org","@graph":[{"@type":"Article","@id":"https:\/\/novaorg.cofb.net\/2018\/12\/19\/infarmainnova-cerca-les-millors-idees-per-donar-resposta-als-reptes-presents-i-futurs-de-la-farmacia-comunitaria-2\/#article","isPartOf":{"@id":"https:\/\/novaorg.cofb.net\/2018\/12\/19\/infarmainnova-cerca-les-millors-idees-per-donar-resposta-als-reptes-presents-i-futurs-de-la-farmacia-comunitaria-2\/"},"author":{"name":"wpAdminCofbOrg","@id":"https:\/\/www.cofb.org\/#\/schema\/person\/22ed7eea88da74b0fa4d3154ad87ffcb"},"headline":"#Infarmainnova cerca les millors idees per donar resposta als reptes presents i futurs de la farm\u00e0cia comunit\u00e0ria","datePublished":"2018-12-19T15:58:00+00:00","dateModified":"2018-12-19T15:58:00+00:00","mainEntityOfPage":{"@id":"https:\/\/novaorg.cofb.net\/2018\/12\/19\/infarmainnova-cerca-les-millors-idees-per-donar-resposta-als-reptes-presents-i-futurs-de-la-farmacia-comunitaria-2\/"},"wordCount":1505,"publisher":{"@id":"https:\/\/www.cofb.org\/#organization"},"articleSection":["Notes de premsa","Sense categoria"],"inLanguage":"es"},{"@type":"WebPage","@id":"https:\/\/novaorg.cofb.net\/2018\/12\/19\/infarmainnova-cerca-les-millors-idees-per-donar-resposta-als-reptes-presents-i-futurs-de-la-farmacia-comunitaria-2\/","url":"https:\/\/novaorg.cofb.net\/2018\/12\/19\/infarmainnova-cerca-les-millors-idees-per-donar-resposta-als-reptes-presents-i-futurs-de-la-farmacia-comunitaria-2\/","name":"#Infarmainnova cerca les millors idees per donar resposta als reptes presents i futurs de la farm\u00e0cia comunit\u00e0ria - Col\u00b7legi de Farmac\u00e8utics de Barcelona","isPartOf":{"@id":"https:\/\/www.cofb.org\/#website"},"datePublished":"2018-12-19T15:58:00+00:00","dateModified":"2018-12-19T15:58:00+00:00","breadcrumb":{"@id":"https:\/\/novaorg.cofb.net\/2018\/12\/19\/infarmainnova-cerca-les-millors-idees-per-donar-resposta-als-reptes-presents-i-futurs-de-la-farmacia-comunitaria-2\/#breadcrumb"},"inLanguage":"es","potentialAction":[{"@type":"ReadAction","target":["https:\/\/novaorg.cofb.net\/2018\/12\/19\/infarmainnova-cerca-les-millors-idees-per-donar-resposta-als-reptes-presents-i-futurs-de-la-farmacia-comunitaria-2\/"]}]},{"@type":"BreadcrumbList","@id":"https:\/\/novaorg.cofb.net\/2018\/12\/19\/infarmainnova-cerca-les-millors-idees-per-donar-resposta-als-reptes-presents-i-futurs-de-la-farmacia-comunitaria-2\/#breadcrumb","itemListElement":[{"@type":"ListItem","position":1,"name":"Inici","item":"https:\/\/novaorg.cofb.net\/"},{"@type":"ListItem","position":2,"name":"#Infarmainnova cerca les millors idees per donar resposta als reptes presents i futurs de la farm\u00e0cia comunit\u00e0ria"}]},{"@type":"WebSite","@id":"https:\/\/www.cofb.org\/#website","url":"https:\/\/www.cofb.org\/","name":"Col\u00b7legi de Farmac\u00e8utics de Barcelona","description":"","publisher":{"@id":"https:\/\/www.cofb.org\/#organization"},"potentialAction":[{"@type":"SearchAction","target":{"@type":"EntryPoint","urlTemplate":"https:\/\/www.cofb.org\/?s={search_term_string}"},"query-input":"required name=search_term_string"}],"inLanguage":"es"},{"@type":"Organization","@id":"https:\/\/www.cofb.org\/#organization","name":"Col\u00b7legi de Farmac\u00e8utics de Barcelona","url":"https:\/\/www.cofb.org\/","logo":{"@type":"ImageObject","inLanguage":"es","@id":"https:\/\/www.cofb.org\/#\/schema\/logo\/image\/","url":"https:\/\/www.cofb.org\/wp-content\/uploads\/2023\/11\/cropped-Logotip-COFB.png","contentUrl":"https:\/\/www.cofb.org\/wp-content\/uploads\/2023\/11\/cropped-Logotip-COFB.png","width":500,"height":105,"caption":"Col\u00b7legi de Farmac\u00e8utics de Barcelona"},"image":{"@id":"https:\/\/www.cofb.org\/#\/schema\/logo\/image\/"},"sameAs":["https:\/\/www.facebook.com\/farmaceuticsbcn\/","https:\/\/twitter.com\/farmaceuticsbcn","https:\/\/www.instagram.com\/farmaceuticsbcn\/","https:\/\/www.linkedin.com\/company\/farmaceuticsbcn\/"]},{"@type":"Person","@id":"https:\/\/www.cofb.org\/#\/schema\/person\/22ed7eea88da74b0fa4d3154ad87ffcb","name":"wpAdminCofbOrg","image":{"@type":"ImageObject","inLanguage":"es","@id":"https:\/\/www.cofb.org\/#\/schema\/person\/image\/","url":"https:\/\/secure.gravatar.com\/avatar\/1721b20b3b8ca882c3b56ec6c978c594fff670e40c0718e9190eaeeb76aae7d8?s=96&d=mm&r=g","contentUrl":"https:\/\/secure.gravatar.com\/avatar\/1721b20b3b8ca882c3b56ec6c978c594fff670e40c0718e9190eaeeb76aae7d8?s=96&d=mm&r=g","caption":"wpAdminCofbOrg"},"sameAs":["http:\/\/192.168.64.122\/wordpress"],"url":"https:\/\/www.cofb.org\/es\/author\/wpadmincofborg\/"}]}},"uagb_featured_image_src":{"full":false,"thumbnail":false,"medium":false,"medium_large":false,"large":false,"1536x1536":false,"2048x2048":false,"trp-custom-language-flag":false},"uagb_author_info":{"display_name":"wpAdminCofbOrg","author_link":"https:\/\/www.cofb.org\/es\/author\/wpadmincofborg\/"},"uagb_comment_info":0,"uagb_excerpt":"\u00a0 En aquesta segona edici\u00f3 que organitza Infarma 2019, el Comit\u00e8 Organitzador ha definit 5 reptes perqu\u00e8 els farmac\u00e8utics comunitaris aportin propostes per a la seva resoluci\u00f3 Les idees es podran presentar fins al 15 de febrer a trav\u00e9s de la web d\u2019Infarmainnova. Un jurat seleccionar\u00e0 les 10 millors, que [&hellip;]","_links":{"self":[{"href":"https:\/\/www.cofb.org\/es\/wp-json\/wp\/v2\/posts\/77929","targetHints":{"allow":["GET"]}}],"collection":[{"href":"https:\/\/www.cofb.org\/es\/wp-json\/wp\/v2\/posts"}],"about":[{"href":"https:\/\/www.cofb.org\/es\/wp-json\/wp\/v2\/types\/post"}],"author":[{"embeddable":true,"href":"https:\/\/www.cofb.org\/es\/wp-json\/wp\/v2\/users\/1"}],"replies":[{"embeddable":true,"href":"https:\/\/www.cofb.org\/es\/wp-json\/wp\/v2\/comments?post=77929"}],"version-history":[{"count":0,"href":"https:\/\/www.cofb.org\/es\/wp-json\/wp\/v2\/posts\/77929\/revisions"}],"wp:attachment":[{"href":"https:\/\/www.cofb.org\/es\/wp-json\/wp\/v2\/media?parent=77929"}],"wp:term":[{"taxonomy":"category","embeddable":true,"href":"https:\/\/www.cofb.org\/es\/wp-json\/wp\/v2\/categories?post=77929"},{"taxonomy":"post_tag","embeddable":true,"href":"https:\/\/www.cofb.org\/es\/wp-json\/wp\/v2\/tags?post=77929"}],"curies":[{"name":"wp","href":"https:\/\/api.w.org\/{rel}","templated":true}]}}