{"id":77919,"date":"2020-04-21T19:31:00","date_gmt":"2020-04-21T19:31:00","guid":{"rendered":"https:\/\/novaorg.cofb.net\/2020\/04\/21\/el-consell-de-collegis-farmaceutics-de-catalunya-informa-que-les-farmacies-catalanes-han-dispensat-mes-de-700-000-mascaretes-i-recorda-a-la-poblacio-que-hi-vagi-de-manera-esglaonada-per-garantir-un-2\/"},"modified":"2020-04-21T19:31:00","modified_gmt":"2020-04-21T19:31:00","slug":"el-consell-de-collegis-farmaceutics-de-catalunya-informa-que-les-farmacies-catalanes-han-dispensat-mes-de-700-000-mascaretes-i-recorda-a-la-poblacio-que-hi-vagi-de-manera-esglaonada-per-garantir-un-2","status":"publish","type":"post","link":"https:\/\/www.cofb.org\/es\/2020\/04\/21\/el-consell-de-collegis-farmaceutics-de-catalunya-informa-que-les-farmacies-catalanes-han-dispensat-mes-de-700-000-mascaretes-i-recorda-a-la-poblacio-que-hi-vagi-de-manera-esglaonada-per-garantir-un-2\/","title":{"rendered":"El Consejo de Colegios Farmac\u00e9uticos de Catalu\u00f1a informa que las farmacias catalanas han dispensado m\u00e1s de 700.000 mascarillas y recuerda a la poblaci\u00f3n que vaya de forma escalonada para garantizar un buen funcionamiento del sistemaEl Consejo de Colegios Farmac\u00e9uticos de Catalu\u00f1a informa que las farmacias catalanas han dispensado m\u00e1s de 700.000 mascarillas y recorda a la poblaci\u00f3n que vaya de forma escalonada para garantizar un buen funcionamiento del sistema"},"content":{"rendered":"<p>\u00a0<\/p>\n<div><\/div>\n<div>\u00a0<\/div>\n<div><em>Barcelona, 21 de abril de 2020. <\/em><strong>La red de 3.227 farmacias catalanas ha empezado a distribuir<\/strong> a la poblaci\u00f3n desde este lunes, 20 de abril, <strong>1 mill\u00f3n y medio de mascarillas (450 por farmacia)<\/strong> de la partida de 14 millones anunciada por el Gobierno de la Generalitat en el marco de la campa\u00f1a \u201cMascareta\/Salud\u201d. <strong>La gran demanda de mascarillas en las farmacias, m\u00e1s de 700.000 desde ayer, ha generado que el sistema de receta electr\u00f3nica no haya podido funcionar con normalidad y, ante esta situaci\u00f3n, desde el Consejo de Colegios Farmac\u00e9uticos de Catalunya (CCFC) <\/strong>manifestamos que:\u00a0<\/div>\n<div>\u00a0<\/div>\n<div>&#8211;<span> <\/span><strong>En el marco de la campa\u00f1a, ya se han dispensado en estos momentos m\u00e1s de 700.000 mascarillas <\/strong>\u2013 309.000 ayer y alrededor de 400.000 durante el d\u00eda de hoy-, que deben sumarse a las dispensaciones habituales que se realizar\u00edan en un escenario normal. Este n\u00famero adicional de dispensaciones ha provocado la sobrecarga del sistema de receta electr\u00f3nica, a trav\u00e9s del cual tambi\u00e9n se dispensan los medicamentos bajo prescripci\u00f3n m\u00e9dica, llegando a 150 solicitudes de dispensaci\u00f3n de mascarilla por segundo en la primera jornada, lo que ha generado problemas intermitentes en su funcionamiento.<\/div>\n<div>\u00a0<\/div>\n<div>&#8211;<span> <\/span>Actualmente, los <strong>t\u00e9cnicos inform\u00e1ticos del Consejo de Colegios Farmac\u00e9uticos de Catalu\u00f1a siguen trabajando para estabilizar el sistema y optimizar el servicio<\/strong>. Recordemos que este sistema permite realizar la <strong>distribuci\u00f3n de mascarillas de forma profesional, regulada y registrada con garant\u00edas de transparencia.\u00a0<\/strong><\/div>\n<div>\u00a0<\/div>\n<div>&#8211;<span> <\/span><strong>Reiteramos a los usuarios la importancia de ir de forma escalonada a la farmacia para garantizar un buen funcionamiento del sistema.<\/strong> Recordemos que las mascarillas ir\u00e1n llegando de forma gradual a las farmacias hasta haber distribuido el total de 14 millones de mascarillas de la campa\u00f1a. Por eso, <strong>la colaboraci\u00f3n de la poblaci\u00f3n es esencial para minimizar al m\u00e1ximo las posibilidades de exposici\u00f3n al virus<\/strong> y actuar en la contenci\u00f3n del coronavirus, evitando la afluencia de personas a los establecimientos que puedan poner en riesgo las medidas de confinamiento.\u00a0<\/div>\n<div>\u00a0<\/div>\n<div>&#8211;<span> <\/span><strong>Agradecemos la comprensi\u00f3n de la ciudadan\u00eda<\/strong> que se ha mostrado paciente ante la incidencia tecnol\u00f3gica ocasionada y pedimos <strong>a la poblaci\u00f3n que siga actuando con responsabilidad y prudencia y no rompa el confinamiento si no es urgente<\/strong>. Es necesario que la ciudadan\u00eda siga priorizando las visitas a la farmacia y vaya a buscar la mascarilla s\u00f3lo si la necesita de forma inmediata por su vulnerabilidad o actividad laboral, presentando la tarjeta sanitaria individual. Insistimos en que, <strong>en ning\u00fan caso, el uso de mascarilla sanitaria sustituye a las principales medidas higi\u00e9nicas, como el lavado de manos frecuente<\/strong>, o las pautas de distanciamiento social.<\/div>\n<div>\u00a0<\/div>\n<div><strong>&#8211;<span> <\/span>Ponemos en valor la labor realizada por la cadena del medicamento (industria, distribuci\u00f3n y la red de 3.227 farmacias catalanas)<\/strong> en el marco de esta campa\u00f1a, m\u00e1s all\u00e1 del trabajo que realizan ya en su d\u00eda a d\u00eda. Asimismo, recordemos <strong>el esfuerzo extraordinario de los profesionales farmac\u00e9uticos catalanes que, a pesar de las incidencias que est\u00e1n sufriendo, siguen demostrando su compromiso con la salud de las personas, facilitando que la poblaci\u00f3n pueda acceder a una mascarilla gratuita en un momento en que existe baja disponibilidad de este producto. <\/strong>Como profesionales sanitarios, coordinados con el resto del sistema de salud, trabajamos por la protecci\u00f3n de toda la comunidad y por atender sus necesidades con las m\u00e1ximas garant\u00edas.<\/div>\n<div>\u00a0<\/div>\n<div>M\u00e1s informaci\u00f3n de la campa\u00f1a, en <a href=\"https:\/\/www.cofb.org\/es\/web\/guest\/sala-de-premsa\/notes-premsa\/-\/asset_publisher\/GVZR6OjauRsN\/content\/la-xarxa-de-3-227-farmacies-catalanes-comencara-a-distribuir-1-milio-i-mig-de-mascaretes-a-la-poblacio-a-partir-del-proxim-dilluns-20-d-abril\/maximized\/\">este enlace<\/a>.\u00a0<\/div>\n<div>\u00a0<\/div>\n<div>\u00a0<\/div>\n<p>\u00a0\u00a0<\/p>\n<p>Barcelona, 21 de abril de 2020. La red de 3.227 farmacias catalanas ha empezado a distribuir a la poblaci\u00f3n desde este lunes, 20 de abril, 1 mill\u00f3n y medio de mascarillas (450 por farmacia) de la partida de 14 millones anunciada por el Gobierno de la Generalidad en el marco de la campa\u00f1a \u201cMascareta \/Salud\u201d. La gran demanda de mascarillas en las farmacias, m\u00e1s de 700.000 desde ayer, ha generado que el sistema de receta electr\u00f3nica no haya podido funcionar con normalidad y, ante esta situaci\u00f3n, desde el Consejo de Colegios Farmac\u00e9uticos de Catalunya (CCFC) manifestamos que:\u00a0<\/p>\n<p>\u00a0<\/p>\n<p>\u2013 En el marco de la campa\u00f1a, ya se han dispensado en estos momentos m\u00e1s de 700.000 mascarillas \u2013 309.000 ayer y alrededor de 400.000 durante el d\u00eda de hoy-, que deben sumarse a las dispensaciones habituales que se realizar\u00edan en un escenario normal. Este n\u00famero adicional de dispensaciones ha provocado la sobrecarga del sistema de receta electr\u00f3nica, a trav\u00e9s del cual tambi\u00e9n se dispensan los medicamentos bajo prescripci\u00f3n m\u00e9dica, llegando a 150 solicitudes de dispensaci\u00f3n de mascarilla por segundo en la primera jornada, lo que ha generado problemas intermitentes en su funcionamiento.<\/p>\n<p>\u00a0<\/p>\n<p>\u2013 Actualmente, los t\u00e9cnicos inform\u00e1ticos del Consejo de Colegios Farmac\u00e9uticos de Catalu\u00f1a siguen trabajando para estabilizar el sistema y optimizar el servicio. Recordamos que este sistema permite realizar la distribuci\u00f3n de mascarillas de forma profesional, regulada y registrada con garant\u00edas de transparencia.\u00a0<\/p>\n<p>\u00a0<\/p>\n<p>\u2013 Reiteramos a los usuarios la importancia de ir de forma escalonada a la farmacia para garantizar un buen funcionamiento del sistema. Recordemos que las mascarillas ir\u00e1n llegando de forma gradual a las farmacias hasta haber distribuido el total de 14 millones de mascarillas de la campa\u00f1a. Por eso, la colaboraci\u00f3n de la poblaci\u00f3n es esencial para minimizar al m\u00e1ximo las posibilidades de exposici\u00f3n al virus y actuar en la contenci\u00f3n del coronavirus, evitando la afluencia de personas a los establecimientos que pueda poner en riesgo las medidas de confinamiento .\u00a0<\/p>\n<p>\u00a0<\/p>\n<p>\u2013 Agradecemos la comprensi\u00f3n de la ciudadan\u00eda que se ha mostrado paciente ante la incidencia tecnol\u00f3gica ocasionada y pedimos a la poblaci\u00f3n que siga actuando con responsabilidad y prudencia y no rompa el confinamiento si no es urgente. Es necesario que la ciudadan\u00eda siga priorizando las visitas a la farmacia y vaya a buscar la mascarilla s\u00f3lo si la necesita de forma inmediata por su vulnerabilidad o actividad laboral, presentando la tarjeta sanitaria individual. Insistimos en que, en ning\u00fan caso, el uso de mascarilla sanitaria sustituye a las principales medidas higi\u00e9nicas, como el lavado de manos frecuente, o las pautas de distanciamiento social.<\/p>\n<p>\u00a0<\/p>\n<p>\u2013 Ponemos en valor la labor realizada por la cadena del medicamento (industria, distribuci\u00f3n y la red de 3.227 farmacias catalanas) en el marco de esta campa\u00f1a, m\u00e1s all\u00e1 del trabajo que ya realizan en su d\u00eda a d\u00eda. Asimismo, recordamos el esfuerzo extraordinario de los profesionales farmac\u00e9uticos catalanes que, a pesar de las incidencias que est\u00e1n sufriendo, siguen demostrando su compromiso con la salud de las personas, facilitando que la poblaci\u00f3n pueda acceder a una mascarilla gratuita en un momento en el que existe baja disponibilidad de este producto. Como profesionales sanitarios, coordinados con el resto del sistema de salud, trabajamos por la protecci\u00f3n de toda la comunidad y por atender sus necesidades con las m\u00e1ximas garant\u00edas.<\/p>\n<p>\u00a0<\/p>\n<p>M\u00e1s informaci\u00f3n de la campa\u00f1a en este enlace.\u00a0<\/p>\n<p>\u00a0<\/p>\n<p>\u00a0\u00a0\u00a0COFB.ORG<\/p>","protected":false},"excerpt":{"rendered":"<p>\u00a0 \u00a0 Barcelona, 21 de abril de 2020. La red de 3.227 farmacias catalanas ha empezado a distribuir a la poblaci\u00f3n desde este lunes, 20 de abril, 1 mill\u00f3n y medio de mascarillas (450 por farmacia) de la partida de 14 millones anunciada por el Gobierno de la Generalidad en el marco de [\u2026]<\/p>","protected":false},"author":1,"featured_media":77920,"comment_status":"","ping_status":"","sticky":false,"template":"","format":"standard","meta":{"_uag_custom_page_level_css":"","site-sidebar-layout":"default","site-content-layout":"","ast-site-content-layout":"default","site-content-style":"default","site-sidebar-style":"default","ast-global-header-display":"","ast-banner-title-visibility":"","ast-main-header-display":"","ast-hfb-above-header-display":"","ast-hfb-below-header-display":"","ast-hfb-mobile-header-display":"","site-post-title":"","ast-breadcrumbs-content":"","ast-featured-img":"disabled","footer-sml-layout":"","theme-transparent-header-meta":"","adv-header-id-meta":"","stick-header-meta":"","header-above-stick-meta":"","header-main-stick-meta":"","header-below-stick-meta":"","astra-migrate-meta-layouts":"default","ast-page-background-enabled":"default","ast-page-background-meta":{"desktop":{"background-color":"var(--ast-global-color-4)","background-image":"","background-repeat":"repeat","background-position":"center center","background-size":"auto","background-attachment":"scroll","background-type":"","background-media":"","overlay-type":"","overlay-color":"","overlay-opacity":"","overlay-gradient":""},"tablet":{"background-color":"","background-image":"","background-repeat":"repeat","background-position":"center center","background-size":"auto","background-attachment":"scroll","background-type":"","background-media":"","overlay-type":"","overlay-color":"","overlay-opacity":"","overlay-gradient":""},"mobile":{"background-color":"","background-image":"","background-repeat":"repeat","background-position":"center center","background-size":"auto","background-attachment":"scroll","background-type":"","background-media":"","overlay-type":"","overlay-color":"","overlay-opacity":"","overlay-gradient":""}},"ast-content-background-meta":{"desktop":{"background-color":"var(--ast-global-color-5)","background-image":"","background-repeat":"repeat","background-position":"center center","background-size":"auto","background-attachment":"scroll","background-type":"","background-media":"","overlay-type":"","overlay-color":"","overlay-opacity":"","overlay-gradient":""},"tablet":{"background-color":"var(--ast-global-color-5)","background-image":"","background-repeat":"repeat","background-position":"center center","background-size":"auto","background-attachment":"scroll","background-type":"","background-media":"","overlay-type":"","overlay-color":"","overlay-opacity":"","overlay-gradient":""},"mobile":{"background-color":"var(--ast-global-color-5)","background-image":"","background-repeat":"repeat","background-position":"center center","background-size":"auto","background-attachment":"scroll","background-type":"","background-media":"","overlay-type":"","overlay-color":"","overlay-opacity":"","overlay-gradient":""}},"footnotes":""},"categories":[1060,1066],"tags":[],"class_list":["post-77919","post","type-post","status-publish","format-standard","has-post-thumbnail","hentry","category-notes-premsa","category-sense-categoria-ca"],"yoast_head":"<!-- This site is optimized with the Yoast SEO plugin v22.4 - https:\/\/yoast.com\/wordpress\/plugins\/seo\/ -->\n<title>El Consell de Col\u00b7legis Farmac\u00e8utics de Catalunya informa que les farm\u00e0cies catalanes han dispensat m\u00e9s de 700.000 mascaretes i recorda a la poblaci\u00f3 que hi vagi de manera esglaonada per garantir un bon funcionament del sistemaEl Consell de Col\u00b7legis Farmac\u00e8utics de Catalunya informa que las farmacias catalanas han dispensado m\u00e1s de 700.000 mascarillas y recuerda a la poblaci\u00f3n que vaya de manera escalonada para garantizar un buen funcionamiento del sistema - Col\u00b7legi de Farmac\u00e8utics de Barcelona<\/title>\n<meta name=\"robots\" content=\"index, follow, max-snippet:-1, max-image-preview:large, max-video-preview:-1\" \/>\n<link rel=\"canonical\" href=\"https:\/\/novaorg.cofb.net\/2020\/04\/21\/el-consell-de-collegis-farmaceutics-de-catalunya-informa-que-les-farmacies-catalanes-han-dispensat-mes-de-700-000-mascaretes-i-recorda-a-la-poblacio-que-hi-vagi-de-manera-esglaonada-per-garantir-un-2\/\" \/>\n<meta property=\"og:locale\" content=\"es_ES\" \/>\n<meta property=\"og:type\" content=\"article\" \/>\n<meta property=\"og:title\" content=\"El Consell de Col\u00b7legis Farmac\u00e8utics de Catalunya informa que les farm\u00e0cies catalanes han dispensat m\u00e9s de 700.000 mascaretes i recorda a la poblaci\u00f3 que hi vagi de manera esglaonada per garantir un bon funcionament del sistemaEl Consell de Col\u00b7legis Farmac\u00e8utics de Catalunya informa que las farmacias catalanas han dispensado m\u00e1s de 700.000 mascarillas y recuerda a la poblaci\u00f3n que vaya de manera escalonada para garantizar un buen funcionamiento del sistema - Col\u00b7legi de Farmac\u00e8utics de Barcelona\" \/>\n<meta property=\"og:description\" content=\"\u00a0 \u00a0 Barcelona, 21 d\u2019abril de 2020. La xarxa de 3.227 farm\u00e0cies catalanes ha comen\u00e7at a distribuir a la poblaci\u00f3 des d\u2019aquest dilluns, 20 d\u2019abril, 1 mili\u00f3 i mig de mascaretes (450 per farm\u00e0cia) de la partida de 14 milions anunciada pel Govern de la Generalitat en el marc de [&hellip;]\" \/>\n<meta property=\"og:url\" content=\"https:\/\/novaorg.cofb.net\/2020\/04\/21\/el-consell-de-collegis-farmaceutics-de-catalunya-informa-que-les-farmacies-catalanes-han-dispensat-mes-de-700-000-mascaretes-i-recorda-a-la-poblacio-que-hi-vagi-de-manera-esglaonada-per-garantir-un-2\/\" \/>\n<meta property=\"og:site_name\" content=\"Col\u00b7legi de Farmac\u00e8utics de Barcelona\" \/>\n<meta property=\"article:publisher\" content=\"https:\/\/www.facebook.com\/farmaceuticsbcn\/\" \/>\n<meta property=\"article:published_time\" content=\"2020-04-21T19:31:00+00:00\" \/>\n<meta name=\"author\" content=\"wpAdminCofbOrg\" \/>\n<meta name=\"twitter:card\" content=\"summary_large_image\" \/>\n<meta name=\"twitter:creator\" content=\"@farmaceuticsbcn\" \/>\n<meta name=\"twitter:site\" content=\"@farmaceuticsbcn\" \/>\n<meta name=\"twitter:label1\" content=\"Escrito por\" \/>\n\t<meta name=\"twitter:data1\" content=\"wpAdminCofbOrg\" \/>\n\t<meta name=\"twitter:label2\" content=\"Tiempo de lectura\" \/>\n\t<meta name=\"twitter:data2\" content=\"6 minutos\" \/>\n<script type=\"application\/ld+json\" class=\"yoast-schema-graph\">{\"@context\":\"https:\/\/schema.org\",\"@graph\":[{\"@type\":\"Article\",\"@id\":\"https:\/\/novaorg.cofb.net\/2020\/04\/21\/el-consell-de-collegis-farmaceutics-de-catalunya-informa-que-les-farmacies-catalanes-han-dispensat-mes-de-700-000-mascaretes-i-recorda-a-la-poblacio-que-hi-vagi-de-manera-esglaonada-per-garantir-un-2\/#article\",\"isPartOf\":{\"@id\":\"https:\/\/novaorg.cofb.net\/2020\/04\/21\/el-consell-de-collegis-farmaceutics-de-catalunya-informa-que-les-farmacies-catalanes-han-dispensat-mes-de-700-000-mascaretes-i-recorda-a-la-poblacio-que-hi-vagi-de-manera-esglaonada-per-garantir-un-2\/\"},\"author\":{\"name\":\"wpAdminCofbOrg\",\"@id\":\"https:\/\/www.cofb.org\/#\/schema\/person\/22ed7eea88da74b0fa4d3154ad87ffcb\"},\"headline\":\"El Consell de Col\u00b7legis Farmac\u00e8utics de Catalunya informa que les farm\u00e0cies catalanes han dispensat m\u00e9s de 700.000 mascaretes i recorda a la poblaci\u00f3 que hi vagi de manera esglaonada per garantir un bon funcionament del sistemaEl Consell de Col\u00b7legis Farmac\u00e8utics de Catalunya informa que las farmacias catalanas han dispensado m\u00e1s de 700.000 mascarillas y recuerda a la poblaci\u00f3n que vaya de manera escalonada para garantizar un buen funcionamiento del sistema\",\"datePublished\":\"2020-04-21T19:31:00+00:00\",\"dateModified\":\"2020-04-21T19:31:00+00:00\",\"mainEntityOfPage\":{\"@id\":\"https:\/\/novaorg.cofb.net\/2020\/04\/21\/el-consell-de-collegis-farmaceutics-de-catalunya-informa-que-les-farmacies-catalanes-han-dispensat-mes-de-700-000-mascaretes-i-recorda-a-la-poblacio-que-hi-vagi-de-manera-esglaonada-per-garantir-un-2\/\"},\"wordCount\":1258,\"publisher\":{\"@id\":\"https:\/\/www.cofb.org\/#organization\"},\"image\":{\"@id\":\"https:\/\/novaorg.cofb.net\/2020\/04\/21\/el-consell-de-collegis-farmaceutics-de-catalunya-informa-que-les-farmacies-catalanes-han-dispensat-mes-de-700-000-mascaretes-i-recorda-a-la-poblacio-que-hi-vagi-de-manera-esglaonada-per-garantir-un-2\/#primaryimage\"},\"thumbnailUrl\":\"https:\/\/www.cofb.org\/wp-content\/uploads\/2020\/04\/bcea589b-0e2b-4533-b0d1-d5838732cbed-83aOEb.jpeg\",\"articleSection\":[\"Notes de premsa\",\"Sense categoria\"],\"inLanguage\":\"es\"},{\"@type\":\"WebPage\",\"@id\":\"https:\/\/novaorg.cofb.net\/2020\/04\/21\/el-consell-de-collegis-farmaceutics-de-catalunya-informa-que-les-farmacies-catalanes-han-dispensat-mes-de-700-000-mascaretes-i-recorda-a-la-poblacio-que-hi-vagi-de-manera-esglaonada-per-garantir-un-2\/\",\"url\":\"https:\/\/novaorg.cofb.net\/2020\/04\/21\/el-consell-de-collegis-farmaceutics-de-catalunya-informa-que-les-farmacies-catalanes-han-dispensat-mes-de-700-000-mascaretes-i-recorda-a-la-poblacio-que-hi-vagi-de-manera-esglaonada-per-garantir-un-2\/\",\"name\":\"El Consell de Col\u00b7legis Farmac\u00e8utics de Catalunya informa que les farm\u00e0cies catalanes han dispensat m\u00e9s de 700.000 mascaretes i recorda a la poblaci\u00f3 que hi vagi de manera esglaonada per garantir un bon funcionament del sistemaEl Consell de Col\u00b7legis Farmac\u00e8utics de Catalunya informa que las farmacias catalanas han dispensado m\u00e1s de 700.000 mascarillas y recuerda a la poblaci\u00f3n que vaya de manera escalonada para garantizar un buen funcionamiento del sistema - Col\u00b7legi de Farmac\u00e8utics de Barcelona\",\"isPartOf\":{\"@id\":\"https:\/\/www.cofb.org\/#website\"},\"primaryImageOfPage\":{\"@id\":\"https:\/\/novaorg.cofb.net\/2020\/04\/21\/el-consell-de-collegis-farmaceutics-de-catalunya-informa-que-les-farmacies-catalanes-han-dispensat-mes-de-700-000-mascaretes-i-recorda-a-la-poblacio-que-hi-vagi-de-manera-esglaonada-per-garantir-un-2\/#primaryimage\"},\"image\":{\"@id\":\"https:\/\/novaorg.cofb.net\/2020\/04\/21\/el-consell-de-collegis-farmaceutics-de-catalunya-informa-que-les-farmacies-catalanes-han-dispensat-mes-de-700-000-mascaretes-i-recorda-a-la-poblacio-que-hi-vagi-de-manera-esglaonada-per-garantir-un-2\/#primaryimage\"},\"thumbnailUrl\":\"https:\/\/www.cofb.org\/wp-content\/uploads\/2020\/04\/bcea589b-0e2b-4533-b0d1-d5838732cbed-83aOEb.jpeg\",\"datePublished\":\"2020-04-21T19:31:00+00:00\",\"dateModified\":\"2020-04-21T19:31:00+00:00\",\"breadcrumb\":{\"@id\":\"https:\/\/novaorg.cofb.net\/2020\/04\/21\/el-consell-de-collegis-farmaceutics-de-catalunya-informa-que-les-farmacies-catalanes-han-dispensat-mes-de-700-000-mascaretes-i-recorda-a-la-poblacio-que-hi-vagi-de-manera-esglaonada-per-garantir-un-2\/#breadcrumb\"},\"inLanguage\":\"es\",\"potentialAction\":[{\"@type\":\"ReadAction\",\"target\":[\"https:\/\/novaorg.cofb.net\/2020\/04\/21\/el-consell-de-collegis-farmaceutics-de-catalunya-informa-que-les-farmacies-catalanes-han-dispensat-mes-de-700-000-mascaretes-i-recorda-a-la-poblacio-que-hi-vagi-de-manera-esglaonada-per-garantir-un-2\/\"]}]},{\"@type\":\"ImageObject\",\"inLanguage\":\"es\",\"@id\":\"https:\/\/novaorg.cofb.net\/2020\/04\/21\/el-consell-de-collegis-farmaceutics-de-catalunya-informa-que-les-farmacies-catalanes-han-dispensat-mes-de-700-000-mascaretes-i-recorda-a-la-poblacio-que-hi-vagi-de-manera-esglaonada-per-garantir-un-2\/#primaryimage\",\"url\":\"https:\/\/www.cofb.org\/wp-content\/uploads\/2020\/04\/bcea589b-0e2b-4533-b0d1-d5838732cbed-83aOEb.jpeg\",\"contentUrl\":\"https:\/\/www.cofb.org\/wp-content\/uploads\/2020\/04\/bcea589b-0e2b-4533-b0d1-d5838732cbed-83aOEb.jpeg\",\"width\":1000,\"height\":564},{\"@type\":\"BreadcrumbList\",\"@id\":\"https:\/\/novaorg.cofb.net\/2020\/04\/21\/el-consell-de-collegis-farmaceutics-de-catalunya-informa-que-les-farmacies-catalanes-han-dispensat-mes-de-700-000-mascaretes-i-recorda-a-la-poblacio-que-hi-vagi-de-manera-esglaonada-per-garantir-un-2\/#breadcrumb\",\"itemListElement\":[{\"@type\":\"ListItem\",\"position\":1,\"name\":\"Inici\",\"item\":\"https:\/\/novaorg.cofb.net\/\"},{\"@type\":\"ListItem\",\"position\":2,\"name\":\"El Consell de Col\u00b7legis Farmac\u00e8utics de Catalunya informa que les farm\u00e0cies catalanes han dispensat m\u00e9s de 700.000 mascaretes i recorda a la poblaci\u00f3 que hi vagi de manera esglaonada per garantir un bon funcionament del sistemaEl Consell de Col\u00b7legis Farmac\u00e8utics de Catalunya informa que las farmacias catalanas han dispensado m\u00e1s de 700.000 mascarillas y recuerda a la poblaci\u00f3n que vaya de manera escalonada para garantizar un buen funcionamiento del sistema\"}]},{\"@type\":\"WebSite\",\"@id\":\"https:\/\/www.cofb.org\/#website\",\"url\":\"https:\/\/www.cofb.org\/\",\"name\":\"Col\u00b7legi de Farmac\u00e8utics de Barcelona\",\"description\":\"\",\"publisher\":{\"@id\":\"https:\/\/www.cofb.org\/#organization\"},\"potentialAction\":[{\"@type\":\"SearchAction\",\"target\":{\"@type\":\"EntryPoint\",\"urlTemplate\":\"https:\/\/www.cofb.org\/?s={search_term_string}\"},\"query-input\":\"required name=search_term_string\"}],\"inLanguage\":\"es\"},{\"@type\":\"Organization\",\"@id\":\"https:\/\/www.cofb.org\/#organization\",\"name\":\"Col\u00b7legi de Farmac\u00e8utics de Barcelona\",\"url\":\"https:\/\/www.cofb.org\/\",\"logo\":{\"@type\":\"ImageObject\",\"inLanguage\":\"es\",\"@id\":\"https:\/\/www.cofb.org\/#\/schema\/logo\/image\/\",\"url\":\"https:\/\/www.cofb.org\/wp-content\/uploads\/2023\/11\/cropped-Logotip-COFB.png\",\"contentUrl\":\"https:\/\/www.cofb.org\/wp-content\/uploads\/2023\/11\/cropped-Logotip-COFB.png\",\"width\":500,\"height\":105,\"caption\":\"Col\u00b7legi de Farmac\u00e8utics de Barcelona\"},\"image\":{\"@id\":\"https:\/\/www.cofb.org\/#\/schema\/logo\/image\/\"},\"sameAs\":[\"https:\/\/www.facebook.com\/farmaceuticsbcn\/\",\"https:\/\/twitter.com\/farmaceuticsbcn\",\"https:\/\/www.instagram.com\/farmaceuticsbcn\/\",\"https:\/\/www.linkedin.com\/company\/farmaceuticsbcn\/\"]},{\"@type\":\"Person\",\"@id\":\"https:\/\/www.cofb.org\/#\/schema\/person\/22ed7eea88da74b0fa4d3154ad87ffcb\",\"name\":\"wpAdminCofbOrg\",\"image\":{\"@type\":\"ImageObject\",\"inLanguage\":\"es\",\"@id\":\"https:\/\/www.cofb.org\/#\/schema\/person\/image\/\",\"url\":\"https:\/\/secure.gravatar.com\/avatar\/1721b20b3b8ca882c3b56ec6c978c594fff670e40c0718e9190eaeeb76aae7d8?s=96&d=mm&r=g\",\"contentUrl\":\"https:\/\/secure.gravatar.com\/avatar\/1721b20b3b8ca882c3b56ec6c978c594fff670e40c0718e9190eaeeb76aae7d8?s=96&d=mm&r=g\",\"caption\":\"wpAdminCofbOrg\"},\"sameAs\":[\"http:\/\/192.168.64.122\/wordpress\"],\"url\":\"https:\/\/www.cofb.org\/es\/author\/wpadmincofborg\/\"}]}<\/script>\n<!-- \/ Yoast SEO plugin. -->","yoast_head_json":{"title":"El Consell de Col\u00b7legis Farmac\u00e8utics de Catalunya informa que les farm\u00e0cies catalanes han dispensat m\u00e9s de 700.000 mascaretes i recorda a la poblaci\u00f3 que hi vagi de manera esglaonada per garantir un bon funcionament del sistemaEl Consell de Col\u00b7legis Farmac\u00e8utics de Catalunya informa que las farmacias catalanas han dispensado m\u00e1s de 700.000 mascarillas y recuerda a la poblaci\u00f3n que vaya de manera escalonada para garantizar un buen funcionamiento del sistema - Col\u00b7legi de Farmac\u00e8utics de Barcelona","robots":{"index":"index","follow":"follow","max-snippet":"max-snippet:-1","max-image-preview":"max-image-preview:large","max-video-preview":"max-video-preview:-1"},"canonical":"https:\/\/novaorg.cofb.net\/2020\/04\/21\/el-consell-de-collegis-farmaceutics-de-catalunya-informa-que-les-farmacies-catalanes-han-dispensat-mes-de-700-000-mascaretes-i-recorda-a-la-poblacio-que-hi-vagi-de-manera-esglaonada-per-garantir-un-2\/","og_locale":"es_ES","og_type":"article","og_title":"El Consell de Col\u00b7legis Farmac\u00e8utics de Catalunya informa que les farm\u00e0cies catalanes han dispensat m\u00e9s de 700.000 mascaretes i recorda a la poblaci\u00f3 que hi vagi de manera esglaonada per garantir un bon funcionament del sistemaEl Consell de Col\u00b7legis Farmac\u00e8utics de Catalunya informa que las farmacias catalanas han dispensado m\u00e1s de 700.000 mascarillas y recuerda a la poblaci\u00f3n que vaya de manera escalonada para garantizar un buen funcionamiento del sistema - Col\u00b7legi de Farmac\u00e8utics de Barcelona","og_description":"\u00a0 \u00a0 Barcelona, 21 d\u2019abril de 2020. La xarxa de 3.227 farm\u00e0cies catalanes ha comen\u00e7at a distribuir a la poblaci\u00f3 des d\u2019aquest dilluns, 20 d\u2019abril, 1 mili\u00f3 i mig de mascaretes (450 per farm\u00e0cia) de la partida de 14 milions anunciada pel Govern de la Generalitat en el marc de [&hellip;]","og_url":"https:\/\/novaorg.cofb.net\/2020\/04\/21\/el-consell-de-collegis-farmaceutics-de-catalunya-informa-que-les-farmacies-catalanes-han-dispensat-mes-de-700-000-mascaretes-i-recorda-a-la-poblacio-que-hi-vagi-de-manera-esglaonada-per-garantir-un-2\/","og_site_name":"Col\u00b7legi de Farmac\u00e8utics de Barcelona","article_publisher":"https:\/\/www.facebook.com\/farmaceuticsbcn\/","article_published_time":"2020-04-21T19:31:00+00:00","author":"wpAdminCofbOrg","twitter_card":"summary_large_image","twitter_creator":"@farmaceuticsbcn","twitter_site":"@farmaceuticsbcn","twitter_misc":{"Escrito por":"wpAdminCofbOrg","Tiempo de lectura":"6 minutos"},"schema":{"@context":"https:\/\/schema.org","@graph":[{"@type":"Article","@id":"https:\/\/novaorg.cofb.net\/2020\/04\/21\/el-consell-de-collegis-farmaceutics-de-catalunya-informa-que-les-farmacies-catalanes-han-dispensat-mes-de-700-000-mascaretes-i-recorda-a-la-poblacio-que-hi-vagi-de-manera-esglaonada-per-garantir-un-2\/#article","isPartOf":{"@id":"https:\/\/novaorg.cofb.net\/2020\/04\/21\/el-consell-de-collegis-farmaceutics-de-catalunya-informa-que-les-farmacies-catalanes-han-dispensat-mes-de-700-000-mascaretes-i-recorda-a-la-poblacio-que-hi-vagi-de-manera-esglaonada-per-garantir-un-2\/"},"author":{"name":"wpAdminCofbOrg","@id":"https:\/\/www.cofb.org\/#\/schema\/person\/22ed7eea88da74b0fa4d3154ad87ffcb"},"headline":"El Consell de Col\u00b7legis Farmac\u00e8utics de Catalunya informa que les farm\u00e0cies catalanes han dispensat m\u00e9s de 700.000 mascaretes i recorda a la poblaci\u00f3 que hi vagi de manera esglaonada per garantir un bon funcionament del sistemaEl Consell de Col\u00b7legis Farmac\u00e8utics de Catalunya informa que las farmacias catalanas han dispensado m\u00e1s de 700.000 mascarillas y recuerda a la poblaci\u00f3n que vaya de manera escalonada para garantizar un buen funcionamiento del sistema","datePublished":"2020-04-21T19:31:00+00:00","dateModified":"2020-04-21T19:31:00+00:00","mainEntityOfPage":{"@id":"https:\/\/novaorg.cofb.net\/2020\/04\/21\/el-consell-de-collegis-farmaceutics-de-catalunya-informa-que-les-farmacies-catalanes-han-dispensat-mes-de-700-000-mascaretes-i-recorda-a-la-poblacio-que-hi-vagi-de-manera-esglaonada-per-garantir-un-2\/"},"wordCount":1258,"publisher":{"@id":"https:\/\/www.cofb.org\/#organization"},"image":{"@id":"https:\/\/novaorg.cofb.net\/2020\/04\/21\/el-consell-de-collegis-farmaceutics-de-catalunya-informa-que-les-farmacies-catalanes-han-dispensat-mes-de-700-000-mascaretes-i-recorda-a-la-poblacio-que-hi-vagi-de-manera-esglaonada-per-garantir-un-2\/#primaryimage"},"thumbnailUrl":"https:\/\/www.cofb.org\/wp-content\/uploads\/2020\/04\/bcea589b-0e2b-4533-b0d1-d5838732cbed-83aOEb.jpeg","articleSection":["Notes de premsa","Sense categoria"],"inLanguage":"es"},{"@type":"WebPage","@id":"https:\/\/novaorg.cofb.net\/2020\/04\/21\/el-consell-de-collegis-farmaceutics-de-catalunya-informa-que-les-farmacies-catalanes-han-dispensat-mes-de-700-000-mascaretes-i-recorda-a-la-poblacio-que-hi-vagi-de-manera-esglaonada-per-garantir-un-2\/","url":"https:\/\/novaorg.cofb.net\/2020\/04\/21\/el-consell-de-collegis-farmaceutics-de-catalunya-informa-que-les-farmacies-catalanes-han-dispensat-mes-de-700-000-mascaretes-i-recorda-a-la-poblacio-que-hi-vagi-de-manera-esglaonada-per-garantir-un-2\/","name":"El Consell de Col\u00b7legis Farmac\u00e8utics de Catalunya informa que les farm\u00e0cies catalanes han dispensat m\u00e9s de 700.000 mascaretes i recorda a la poblaci\u00f3 que hi vagi de manera esglaonada per garantir un bon funcionament del sistemaEl Consell de Col\u00b7legis Farmac\u00e8utics de Catalunya informa que las farmacias catalanas han dispensado m\u00e1s de 700.000 mascarillas y recuerda a la poblaci\u00f3n que vaya de manera escalonada para garantizar un buen funcionamiento del sistema - Col\u00b7legi de Farmac\u00e8utics de Barcelona","isPartOf":{"@id":"https:\/\/www.cofb.org\/#website"},"primaryImageOfPage":{"@id":"https:\/\/novaorg.cofb.net\/2020\/04\/21\/el-consell-de-collegis-farmaceutics-de-catalunya-informa-que-les-farmacies-catalanes-han-dispensat-mes-de-700-000-mascaretes-i-recorda-a-la-poblacio-que-hi-vagi-de-manera-esglaonada-per-garantir-un-2\/#primaryimage"},"image":{"@id":"https:\/\/novaorg.cofb.net\/2020\/04\/21\/el-consell-de-collegis-farmaceutics-de-catalunya-informa-que-les-farmacies-catalanes-han-dispensat-mes-de-700-000-mascaretes-i-recorda-a-la-poblacio-que-hi-vagi-de-manera-esglaonada-per-garantir-un-2\/#primaryimage"},"thumbnailUrl":"https:\/\/www.cofb.org\/wp-content\/uploads\/2020\/04\/bcea589b-0e2b-4533-b0d1-d5838732cbed-83aOEb.jpeg","datePublished":"2020-04-21T19:31:00+00:00","dateModified":"2020-04-21T19:31:00+00:00","breadcrumb":{"@id":"https:\/\/novaorg.cofb.net\/2020\/04\/21\/el-consell-de-collegis-farmaceutics-de-catalunya-informa-que-les-farmacies-catalanes-han-dispensat-mes-de-700-000-mascaretes-i-recorda-a-la-poblacio-que-hi-vagi-de-manera-esglaonada-per-garantir-un-2\/#breadcrumb"},"inLanguage":"es","potentialAction":[{"@type":"ReadAction","target":["https:\/\/novaorg.cofb.net\/2020\/04\/21\/el-consell-de-collegis-farmaceutics-de-catalunya-informa-que-les-farmacies-catalanes-han-dispensat-mes-de-700-000-mascaretes-i-recorda-a-la-poblacio-que-hi-vagi-de-manera-esglaonada-per-garantir-un-2\/"]}]},{"@type":"ImageObject","inLanguage":"es","@id":"https:\/\/novaorg.cofb.net\/2020\/04\/21\/el-consell-de-collegis-farmaceutics-de-catalunya-informa-que-les-farmacies-catalanes-han-dispensat-mes-de-700-000-mascaretes-i-recorda-a-la-poblacio-que-hi-vagi-de-manera-esglaonada-per-garantir-un-2\/#primaryimage","url":"https:\/\/www.cofb.org\/wp-content\/uploads\/2020\/04\/bcea589b-0e2b-4533-b0d1-d5838732cbed-83aOEb.jpeg","contentUrl":"https:\/\/www.cofb.org\/wp-content\/uploads\/2020\/04\/bcea589b-0e2b-4533-b0d1-d5838732cbed-83aOEb.jpeg","width":1000,"height":564},{"@type":"BreadcrumbList","@id":"https:\/\/novaorg.cofb.net\/2020\/04\/21\/el-consell-de-collegis-farmaceutics-de-catalunya-informa-que-les-farmacies-catalanes-han-dispensat-mes-de-700-000-mascaretes-i-recorda-a-la-poblacio-que-hi-vagi-de-manera-esglaonada-per-garantir-un-2\/#breadcrumb","itemListElement":[{"@type":"ListItem","position":1,"name":"Inici","item":"https:\/\/novaorg.cofb.net\/"},{"@type":"ListItem","position":2,"name":"El Consell de Col\u00b7legis Farmac\u00e8utics de Catalunya informa que les farm\u00e0cies catalanes han dispensat m\u00e9s de 700.000 mascaretes i recorda a la poblaci\u00f3 que hi vagi de manera esglaonada per garantir un bon funcionament del sistemaEl Consell de Col\u00b7legis Farmac\u00e8utics de Catalunya informa que las farmacias catalanas han dispensado m\u00e1s de 700.000 mascarillas y recuerda a la poblaci\u00f3n que vaya de manera escalonada para garantizar un buen funcionamiento del sistema"}]},{"@type":"WebSite","@id":"https:\/\/www.cofb.org\/#website","url":"https:\/\/www.cofb.org\/","name":"Col\u00b7legi de Farmac\u00e8utics de Barcelona","description":"","publisher":{"@id":"https:\/\/www.cofb.org\/#organization"},"potentialAction":[{"@type":"SearchAction","target":{"@type":"EntryPoint","urlTemplate":"https:\/\/www.cofb.org\/?s={search_term_string}"},"query-input":"required name=search_term_string"}],"inLanguage":"es"},{"@type":"Organization","@id":"https:\/\/www.cofb.org\/#organization","name":"Col\u00b7legi de Farmac\u00e8utics de Barcelona","url":"https:\/\/www.cofb.org\/","logo":{"@type":"ImageObject","inLanguage":"es","@id":"https:\/\/www.cofb.org\/#\/schema\/logo\/image\/","url":"https:\/\/www.cofb.org\/wp-content\/uploads\/2023\/11\/cropped-Logotip-COFB.png","contentUrl":"https:\/\/www.cofb.org\/wp-content\/uploads\/2023\/11\/cropped-Logotip-COFB.png","width":500,"height":105,"caption":"Col\u00b7legi de Farmac\u00e8utics de Barcelona"},"image":{"@id":"https:\/\/www.cofb.org\/#\/schema\/logo\/image\/"},"sameAs":["https:\/\/www.facebook.com\/farmaceuticsbcn\/","https:\/\/twitter.com\/farmaceuticsbcn","https:\/\/www.instagram.com\/farmaceuticsbcn\/","https:\/\/www.linkedin.com\/company\/farmaceuticsbcn\/"]},{"@type":"Person","@id":"https:\/\/www.cofb.org\/#\/schema\/person\/22ed7eea88da74b0fa4d3154ad87ffcb","name":"wpAdminCofbOrg","image":{"@type":"ImageObject","inLanguage":"es","@id":"https:\/\/www.cofb.org\/#\/schema\/person\/image\/","url":"https:\/\/secure.gravatar.com\/avatar\/1721b20b3b8ca882c3b56ec6c978c594fff670e40c0718e9190eaeeb76aae7d8?s=96&d=mm&r=g","contentUrl":"https:\/\/secure.gravatar.com\/avatar\/1721b20b3b8ca882c3b56ec6c978c594fff670e40c0718e9190eaeeb76aae7d8?s=96&d=mm&r=g","caption":"wpAdminCofbOrg"},"sameAs":["http:\/\/192.168.64.122\/wordpress"],"url":"https:\/\/www.cofb.org\/es\/author\/wpadmincofborg\/"}]}},"uagb_featured_image_src":{"full":["https:\/\/www.cofb.org\/wp-content\/uploads\/2020\/04\/bcea589b-0e2b-4533-b0d1-d5838732cbed-83aOEb.jpeg",1000,564,false],"thumbnail":["https:\/\/www.cofb.org\/wp-content\/uploads\/2020\/04\/bcea589b-0e2b-4533-b0d1-d5838732cbed-83aOEb-150x150.jpeg",150,150,true],"medium":["https:\/\/www.cofb.org\/wp-content\/uploads\/2020\/04\/bcea589b-0e2b-4533-b0d1-d5838732cbed-83aOEb-300x169.jpeg",300,169,true],"medium_large":["https:\/\/www.cofb.org\/wp-content\/uploads\/2020\/04\/bcea589b-0e2b-4533-b0d1-d5838732cbed-83aOEb-768x433.jpeg",768,433,true],"large":["https:\/\/www.cofb.org\/wp-content\/uploads\/2020\/04\/bcea589b-0e2b-4533-b0d1-d5838732cbed-83aOEb.jpeg",1000,564,false],"1536x1536":["https:\/\/www.cofb.org\/wp-content\/uploads\/2020\/04\/bcea589b-0e2b-4533-b0d1-d5838732cbed-83aOEb.jpeg",1000,564,false],"2048x2048":["https:\/\/www.cofb.org\/wp-content\/uploads\/2020\/04\/bcea589b-0e2b-4533-b0d1-d5838732cbed-83aOEb.jpeg",1000,564,false],"trp-custom-language-flag":["https:\/\/www.cofb.org\/wp-content\/uploads\/2020\/04\/bcea589b-0e2b-4533-b0d1-d5838732cbed-83aOEb-18x10.jpeg",18,10,true]},"uagb_author_info":{"display_name":"wpAdminCofbOrg","author_link":"https:\/\/www.cofb.org\/es\/author\/wpadmincofborg\/"},"uagb_comment_info":0,"uagb_excerpt":"\u00a0 \u00a0 Barcelona, 21 d\u2019abril de 2020. La xarxa de 3.227 farm\u00e0cies catalanes ha comen\u00e7at a distribuir a la poblaci\u00f3 des d\u2019aquest dilluns, 20 d\u2019abril, 1 mili\u00f3 i mig de mascaretes (450 per farm\u00e0cia) de la partida de 14 milions anunciada pel Govern de la Generalitat en el marc de [&hellip;]","_links":{"self":[{"href":"https:\/\/www.cofb.org\/es\/wp-json\/wp\/v2\/posts\/77919","targetHints":{"allow":["GET"]}}],"collection":[{"href":"https:\/\/www.cofb.org\/es\/wp-json\/wp\/v2\/posts"}],"about":[{"href":"https:\/\/www.cofb.org\/es\/wp-json\/wp\/v2\/types\/post"}],"author":[{"embeddable":true,"href":"https:\/\/www.cofb.org\/es\/wp-json\/wp\/v2\/users\/1"}],"replies":[{"embeddable":true,"href":"https:\/\/www.cofb.org\/es\/wp-json\/wp\/v2\/comments?post=77919"}],"version-history":[{"count":0,"href":"https:\/\/www.cofb.org\/es\/wp-json\/wp\/v2\/posts\/77919\/revisions"}],"wp:featuredmedia":[{"embeddable":true,"href":"https:\/\/www.cofb.org\/es\/wp-json\/wp\/v2\/media\/77920"}],"wp:attachment":[{"href":"https:\/\/www.cofb.org\/es\/wp-json\/wp\/v2\/media?parent=77919"}],"wp:term":[{"taxonomy":"category","embeddable":true,"href":"https:\/\/www.cofb.org\/es\/wp-json\/wp\/v2\/categories?post=77919"},{"taxonomy":"post_tag","embeddable":true,"href":"https:\/\/www.cofb.org\/es\/wp-json\/wp\/v2\/tags?post=77919"}],"curies":[{"name":"wp","href":"https:\/\/api.w.org\/{rel}","templated":true}]}}