{"id":77913,"date":"2021-06-10T14:01:00","date_gmt":"2021-06-10T14:01:00","guid":{"rendered":"https:\/\/novaorg.cofb.net\/2021\/06\/10\/compte-enrere-perque-comenci-infarma-virtual-2021-que-se-celebrara-del-15-al-17-de-juny-2\/"},"modified":"2021-06-10T14:01:00","modified_gmt":"2021-06-10T14:01:00","slug":"compte-enrere-perque-comenci-infarma-virtual-2021-que-se-celebrara-del-15-al-17-de-juny-2","status":"publish","type":"post","link":"https:\/\/www.cofb.org\/es\/2021\/06\/10\/compte-enrere-perque-comenci-infarma-virtual-2021-que-se-celebrara-del-15-al-17-de-juny-2\/","title":{"rendered":"Cuenta atr\u00e1s para que comience Infarma Virtual 2021, que se celebrar\u00e1 del 15 al 17 de junio"},"content":{"rendered":"<p>\u00a0<br \/>\n\t\u00a0Los <strong>presidentes de los Colegios de Farmac\u00e9uticos de Madrid y Barcelona<\/strong>, y el <strong>presidente de Interalia,<\/strong> presentan las <strong>novedades del Congreso y Sal\u00f3n de la Farmacia<\/strong><br \/>\n\tEsta edici\u00f3n virtual contar\u00e1 con un <strong>programa cient\u00edfico de 6 ponencias<\/strong>, <strong>m\u00e1s de 200 stands virtuales<\/strong> y <strong>80 presentaciones comerciales<\/strong>, y <strong>herramientas de networking\u00a0<\/strong>para conectar a profesionales y expositores<\/p>\n<p><em>Madrid\/Barcelona, 10 de junio de 2021<\/em>. <strong>Cuenta atr\u00e1s para que comience Infarma Virtual 2021<\/strong>. Los presidentes de los colegios oficiales de farmac\u00e9uticos de Madrid y Barcelona, <strong>Luis Gonz\u00e1lez y Jordi Casas,<\/strong> respectivamente, <strong>junto con el presidente de Interalia, Jordi Arqu\u00e9, <\/strong>han dado hoy a conocer en rueda de prensa las <strong>novedades de la nueva edici\u00f3n virtual de Infarma,<\/strong> que tendr\u00e1 lugar la pr\u00f3xima semana,<strong> entre el 15 y el 17 de junio.<\/strong><\/p>\n<p>La edici\u00f3n virtual del Congreso y Sal\u00f3n de la Farmacia reunir\u00e1 <strong>m\u00e1s de 200 expositores<\/strong>, seg\u00fan las previsiones del Comit\u00e9 Organizador. Por el momento, ya se han registrado <strong>m\u00e1s de 2.600 profesionales,<\/strong> que podr\u00e1n actualizar sus conocimientos y prepararse frente a los cambios sociol\u00f3gicos, tecnol\u00f3gicos y cient\u00edficos que se est\u00e1n produciendo.<\/p>\n<p><strong>Intervenciones de los presidentes del COFM, COFB e Interalia<\/strong><\/p>\n<p><strong><span>Lu\u00eds Gonz\u00e1lez, presidente del COFM: \u201cInfarma nos brinda la ocasi\u00f3n de aprender para seguir evolucionando con el fin de ser m\u00e1s \u00fatiles, y decidir qu\u00e9 farmacia queremos en el futuro\u201d<\/span><\/strong><\/p>\n<p>El presidente del Colegio Oficial de Farmac\u00e9uticos de Madrid, <strong>Luis Gonz\u00e1lez<\/strong>, ha destacado que \u201csi en estos momentos se ha podido dar continuidad a <strong>Infarma Virtual 2021<\/strong>, es gracias al <strong>apoyo ya la confianza que nos trasladan los farmac\u00e9uticos y expositores en cada edici\u00f3n<\/strong>\u201d.<\/p>\n<p>Gonz\u00e1lez tambi\u00e9n ha querido destacar la sinton\u00eda y la colaboraci\u00f3n con el COF de Barcelona, junto con Interalia, a la hora impulsar un evento de referencia como Infarma Virtual 2021: \u201cInfarma, como sab\u00e9is, es una <strong>historia de \u00e9xito<\/strong> que naci\u00f3 y se ha desarrollado a partir de 2012 gracias al <strong>trabajo conjunto de dos grandes Colegios y de Interalia<\/strong>, que han sabido colaborar y hacer equipo para organizar la gran cita anual de la Farmacia en Espa\u00f1a\u201d. Y, animando a todos los profesionales farmac\u00e9uticos a no perderse Infarma Virtual 2021, ha a\u00f1adido: \u201cLa formaci\u00f3n es una necesidad de nuestro desarrollo profesional e Infarma nos ofrece la ocasi\u00f3n de aprender por <strong>seguir evolucionando con el objetivo de ser m\u00e1s \u00fatiles<\/strong>, y tambi\u00e9n <strong>nos brinda la oportunidad <\/strong>decidir qu\u00e9 Farmacia queremos en el futuro\u201d.<\/p>\n<p><strong><span>Jordi Casas, presidente del COFB: &quot;Tendremos la oportunidad de volver a encontrarnos, mantener vivo el esp\u00edritu de Infarma y disfrutar de la Farmacia junto a compa\u00f1eros de profesi\u00f3n&quot;<\/span><\/strong><\/p>\n<p>En la misma l\u00ednea, <strong>Jordi Casas<\/strong>, presidente del Colegio de Farmac\u00e9uticos de Barcelona, ha puesto el foco en el <strong>programa cient\u00edfico<\/strong>, que cuenta con <strong>\u201cexpertos de reconocida trayectoria\u201d<\/strong> y consta de <strong>&quot;seis ponencias que ofrecer\u00e1n contenidos de gran actualidad y de utilidad para el d\u00eda a d\u00eda y el futuro profesional&quot;<\/strong>.<\/p>\n<p>Casas ha resaltado tambi\u00e9n que para los farmac\u00e9uticos es importante asistir a Infarma Virtual 2021 \u201cporque permite <strong>actualizar conocimientos, compartir experiencias y conectar con otros profesionales del sector<\/strong>\u201d. Asimismo, ha destacado que <strong>\u201cdurante 3 d\u00edas, tendremos la oportunidad de volver a encontrarnos<\/strong> \u2013en este caso, virtualmente\u2013, <strong>mantener vivo el esp\u00edritu que siempre ha caracterizado a Infarma <\/strong>como punto de encuentro de referencia del sector <strong>y, sobre todo, disfrutar de la Farmacia<\/strong>, junto a compa\u00f1eros de profesi\u00f3n\u201d.<\/p>\n<p><strong><span>Jordi Arqu\u00e9, presidente Interalia: &quot;Hemos querido que la experiencia de todos los asistentes sea lo m\u00e1s parecido posible a las ediciones presenciales de Infarma&quot;<\/span><\/strong><\/p>\n<p>Por \u00faltimo, <strong>Jordi Arqu\u00e9<\/strong>, presidente de Interalia, ha puesto el \u00e9nfasis en la oferta comercial de los expositores, que tendr\u00e1n disponible los participantes de Infarma virtual 2021. \u201cEn Infarma Virtual 2021 habr\u00e1 <strong>m\u00e1s de 200 stands virtuales<\/strong>, y los asistentes podr\u00e1n <strong>navegar f\u00e1cilmente<\/strong> entre toda esta oferta comercial con buscadores de expositores, marcas y productos\u201d, ha explicado el presidente de Interalia.<\/p>\n<p>Y ha a\u00f1adido: \u201cEn esta edici\u00f3n tambi\u00e9n habr\u00e1 <strong>m\u00e1s de 80 presentaciones<\/strong> comerciales de las marcas presentes, consistentes en unos v\u00eddeos accesibles durante toda la duraci\u00f3n del evento\u201d. \u201cPor otra parte, tambi\u00e9n encontraremos <strong>herramientas de <em>networking<\/em><\/strong> que permitir\u00e1n que los asistentes puedan conectarse entre ellos. Aunque sabemos que una <strong>encuentro digital<\/strong> no puede sustituir el contacto personal de un congreso y un sal\u00f3n presenciales, <strong>hemos querido que la experiencia de todos los asistentes sea lo m\u00e1s parecida posible a las ediciones presenciales de Infarma<\/strong>\u201d, concluy\u00f3 el presidente de Interalia.<\/p>\n<p><strong>Un programa cient\u00edfico con contenidos de gran actualidad<\/strong><\/p>\n<p>El <strong>primer d\u00eda, el 15 de junio<\/strong>, se empezar\u00e1 con una mesa redonda donde <strong>se analizar\u00e1 la aportaci\u00f3n y los servicios ofrecidos por las farmacias durante la pandemia<\/strong>, como ha sido el caso de <strong>la atenci\u00f3n farmac\u00e9utica domiciliaria<\/strong>. A continuaci\u00f3n, de la mano de diferentes ponentes del \u00e1mbito sanitario, se partir\u00e1 de la <strong>situaci\u00f3n actual marcada por la pandemia<\/strong> y se debatir\u00e1, entre otros aspectos, <strong>qu\u00e9 servicios puede ofrecer y desarrollar el farmac\u00e9utico comunitario en el abordaje de la cronicidad<\/strong>.<\/p>\n<p>Durante la <strong>segunda jornada, el 16 de junio<\/strong>, se hablar\u00e1 de cu\u00e1les son las <strong>caracter\u00edsticas del consumidor del canal farmacia<\/strong>, c\u00f3mo influye cada generaci\u00f3n en el uso de las diferentes redes sociales, d\u00f3nde consulta y d\u00f3nde compra. A continuaci\u00f3n, yendo <strong>m\u00e1s all\u00e1 de la COVID-19<\/strong>, se expondr\u00e1 <strong>qu\u00e9 terapias est\u00e1n en desarrollo y\/o cu\u00e1les son las l\u00edneas de investigaci\u00f3n m\u00e1s importantes actualmente de nuestro entorno.<\/strong><\/p>\n<p>Por \u00faltimo, el <strong>jueves 17 de junio<\/strong>, los temas centrales ser\u00e1n, por un lado, <strong>el estr\u00e9s y la inmunidad<\/strong>, que se enfocar\u00e1 desde el <strong>punto de vista farmacol\u00f3gico<\/strong> y de los posibles consejos asistenciales desde la oficina de farmacia. Por otra parte, las <strong>nuevas plataformas de comercio electr\u00f3nico y su repercusi\u00f3n en el sector farmac\u00e9utico.<\/strong><\/p>\n<p>El Congreso de Infarma Virtual 2021 cuenta con el patrocinio de\u00a0<strong>CarbonellFarma, Essity y FarmaQuatrium\u00a0<\/strong>como <strong>patrocinadores oro;<\/strong> y\u00a0<strong>Bancofar, Cinfa, Cofares, Farmanager y Kern Pharma\u00a0<\/strong>como <strong>patrocinadores plata.<\/strong><\/p>\n<p>\u00a0<\/p>\n<p>\u00a0\u00a0Los presidentes de los Colegios de Farmac\u00e9uticos de Madrid y Barcelona, y el presidente de Interalia, presentan las novedades del Congreso y Sal\u00f3n de la Farmacia<br \/>\n\tEsta edici\u00f3n virtual contar\u00e1 con un programa cient\u00edfico de 6 ponencias, m\u00e1s de 200 stands virtuales y 80 presentaciones comerciales, y herramientas de networking para conectar a profesionales y expositores<\/p>\n<p>Madrid\/Barcelona, 10 de junio de 2021. Cuenta atr\u00e1s para que comience Infarma Virtual 2021. Los presidentes de los colegios oficiales de farmac\u00e9uticos de Madrid y Barcelona, Luis Gonz\u00e1lez y Jordi Casas, respectivamente, junto con el presidente de Interalia, Jordi Arqu\u00e9, han dado hoy a conocer en rueda de prensa las novedades de la nueva edici\u00f3n virtual de Infarma, que tendr\u00e1 lugar la pr\u00f3xima semana, entre el 15 y el 17 de junio.<\/p>\n<p>La edici\u00f3n virtual del Congreso y Sal\u00f3n de la Farmacia reunir\u00e1 a m\u00e1s de 200 expositores, seg\u00fan las previsiones del Comit\u00e9 Organizador. Por el momento, ya se han registrado m\u00e1s de 2.600 profesionales, que podr\u00e1n actualizar sus conocimientos y prepararse frente a los cambios sociol\u00f3gicos, tecnol\u00f3gicos y cient\u00edficos que se est\u00e1n produciendo.<\/p>\n<p>Intervenciones de los presidentes del COFM, COFB e Interalia<\/p>\n<p>Lu\u00eds Gonz\u00e1lez, presidente del COFM: \u201cInfarma nos brinda la ocasi\u00f3n de aprender para seguir evolucionando con el fin de ser m\u00e1s \u00fatiles, y decidir qu\u00e9 farmacia queremos en el futuro\u201d<\/p>\n<p>El presidente del Colegio Oficial de Farmac\u00e9uticos de Madrid, Luis Gonz\u00e1lez, ha destacado que \u201csi en estos momentos se ha podido dar continuidad a Infarma Virtual 2021, es gracias al apoyo ya la confianza que nos trasladan los farmac\u00e9uticos y expositores en cada edici\u00f3n\u201d.<\/p>\n<p>Gonz\u00e1lez tambi\u00e9n ha querido destacar la sinton\u00eda y la colaboraci\u00f3n con el COF de Barcelona, junto con Interalia, a la hora impulsar un evento de referencia como Infarma Virtual 2021: \u201cInfarma, como sab\u00e9is, es una historia de \u00e9xito que va nacer y se ha desarrollado a partir de 2012 gracias al trabajo conjunto de dos grandes Colegios y de Interalia, que han sabido colaborar y hacer equipo para organizar la gran cita anual de la Farmacia en Espa\u00f1a\u201d. Y, animando a todos los profesionales farmac\u00e9uticos a no perderse Infarma Virtual 2021, ha a\u00f1adido: \u201cLa formaci\u00f3n es una necesidad de nuestro desarrollo profesional e Infarma nos ofrece la ocasi\u00f3n de aprender para seguir evolucionando con el objetivo de ser m\u00e1s \u00fatiles, y tambi\u00e9n nos brinda la oportunidad de decidir qu\u00e9 Farmacia queremos en el futuro\u201d.<\/p>\n<p>Jordi Casas, presidente del COFB: &quot;Tendremos la oportunidad de volver a encontrarnos, mantener vivo el esp\u00edritu de Infarma y disfrutar de la Farmacia junto a compa\u00f1eros de profesi\u00f3n&quot;<\/p>\n<p>En la misma l\u00ednea, Jordi Casas, presidente del Colegio de Farmac\u00e9uticos de Barcelona, ha puesto el foco en el programa cient\u00edfico, que cuenta con \u201cexpertos de reconocida trayectoria\u201d y consta de \u201cseis ponencias que ofrecer\u00e1n contenidos de gran actualidad y de utilidad para el d\u00eda a d\u00eda y el futuro profesional\u201d.<\/p>\n<p>Casas ha resaltado tambi\u00e9n que para los farmac\u00e9uticos es importante asistir a Infarma Virtual 2021 &quot;porque permite actualizar conocimientos, compartir experiencias y conectar con otros profesionales del sector&quot;. Asimismo, ha destacado que \u201cdurante 3 d\u00edas, tendremos la oportunidad de volver a encontrarnos \u2013en este caso, virtualmente\u2013, mantener vivo el esp\u00edritu que siempre ha caracterizado a Infarma como punto de encuentro de referencia del sector y, sobre todo, disfrutar de la Farmacia, junto a compa\u00f1eros de profesi\u00f3n\u201d.<\/p>\n<p>Jordi Arqu\u00e9, presidente Interalia: &quot;Hemos querido que la experiencia de todos los asistentes sea lo m\u00e1s parecido posible a las ediciones presenciales de Infarma&quot;<\/p>\n<p>Por \u00faltimo, Jordi Arqu\u00e9, presidente de Interalia, ha puesto el \u00e9nfasis en la oferta comercial de los expositores, que tendr\u00e1n disponible los participantes de Infarma virtual 2021. \u201cEn Infarma Virtual 2021 habr\u00e1 m\u00e1s de 200 stands virtuales, y los asistentes podr\u00e1n navegar f\u00e1cilmente entre toda esta oferta comercial con buscadores de expositores, marcas y productos\u201d, ha explicado el presidente de Interalia.<\/p>\n<p>Y ha a\u00f1adido: &quot;En esta edici\u00f3n tambi\u00e9n habr\u00e1 m\u00e1s de 80 presentaciones comerciales de las marcas presentes, consistentes en unos v\u00eddeos accesibles durante toda la duraci\u00f3n del evento&quot;. Por otro lado, tambi\u00e9n encontraremos herramientas de networking que permitir\u00e1n que los asistentes puedan conectar entre ellos. Aunque sabemos que un encuentro digital no puede sustituir el contacto personal de un congreso y un sal\u00f3n presenciales, hemos querido que la experiencia de todos los asistentes sea lo m\u00e1s parecida posible a las ediciones presenciales de Infarma\u201d, concluy\u00f3 el presidente de Interalia.<\/p>\n<p>Un programa cient\u00edfico con contenidos de gran actualidad<\/p>\n<p>El primer d\u00eda, el 15 de junio, se empezar\u00e1 con una mesa redonda en la que se analizar\u00e1 la aportaci\u00f3n y los servicios ofrecidos por las farmacias durante la pandemia, como ha sido el caso de la atenci\u00f3n farmac\u00e9utica domiciliaria. A continuaci\u00f3n, de la mano de distintos ponentes del \u00e1mbito sanitario, se partir\u00e1 de la situaci\u00f3n actual marcada por la pandemia y se debatir\u00e1, entre otros aspectos, qu\u00e9 servicios puede ofrecer y desarrollar el farmac\u00e9utico comunitario en el abordaje de la cronicidad.<\/p>\n<p>Durante la segunda jornada, el 16 de junio, se hablar\u00e1 de cu\u00e1les son las caracter\u00edsticas del consumidor del canal farmacia, c\u00f3mo influye cada generaci\u00f3n en el uso de las diferentes redes sociales, d\u00f3nde consulta y d\u00f3nde compra. A continuaci\u00f3n, yendo m\u00e1s all\u00e1 de la COVID-19, se expondr\u00e1 qu\u00e9 terapias est\u00e1n en desarrollo y\/o cu\u00e1les son las l\u00edneas de investigaci\u00f3n m\u00e1s importantes actualmente de nuestro entorno.<\/p>\n<p>Por \u00faltimo, el jueves 17 de junio, los temas centrales ser\u00e1n, por un lado, el estr\u00e9s y la inmunidad, que se enfocar\u00e1 desde el punto de vista farmacol\u00f3gico y de los posibles consejos asistenciales desde la oficina de farmacia. Por su parte, las nuevas plataformas de comercio electr\u00f3nico y su repercusi\u00f3n en el sector farmac\u00e9utico.<\/p>\n<p>El Congreso de Infarma Virtual 2021 cuenta con el patrocinio de CarbonellFarma, Essity y FarmaQuatrium como patrocinadores oro; y Bancofar, Cinfa, Cofares, Farmanager y Kern Pharma como patrocinadores plata.<\/p>\n<p>\u00a0\u00a0\u00a0COFB.ORG<\/p>","protected":false},"excerpt":{"rendered":"<p>\u00a0 \u00a0Los presidentes de los Colegios de Farmac\u00e9uticos de Madrid y Barcelona, y el presidente de Interalia, presentan las novedades del Congreso y Sal\u00f3n de la Farmacia Esta edici\u00f3n virtual contar\u00e1 con un programa cient\u00edfico de 6 ponencias, m\u00e1s de 200 stands virtuales y 80 presentaciones comerciales , y herramientas de networking para conectar [\u2026]<\/p>","protected":false},"author":1,"featured_media":77914,"comment_status":"","ping_status":"","sticky":false,"template":"","format":"standard","meta":{"_uag_custom_page_level_css":"","site-sidebar-layout":"default","site-content-layout":"","ast-site-content-layout":"default","site-content-style":"default","site-sidebar-style":"default","ast-global-header-display":"","ast-banner-title-visibility":"","ast-main-header-display":"","ast-hfb-above-header-display":"","ast-hfb-below-header-display":"","ast-hfb-mobile-header-display":"","site-post-title":"","ast-breadcrumbs-content":"","ast-featured-img":"disabled","footer-sml-layout":"","theme-transparent-header-meta":"","adv-header-id-meta":"","stick-header-meta":"","header-above-stick-meta":"","header-main-stick-meta":"","header-below-stick-meta":"","astra-migrate-meta-layouts":"default","ast-page-background-enabled":"default","ast-page-background-meta":{"desktop":{"background-color":"var(--ast-global-color-4)","background-image":"","background-repeat":"repeat","background-position":"center center","background-size":"auto","background-attachment":"scroll","background-type":"","background-media":"","overlay-type":"","overlay-color":"","overlay-opacity":"","overlay-gradient":""},"tablet":{"background-color":"","background-image":"","background-repeat":"repeat","background-position":"center center","background-size":"auto","background-attachment":"scroll","background-type":"","background-media":"","overlay-type":"","overlay-color":"","overlay-opacity":"","overlay-gradient":""},"mobile":{"background-color":"","background-image":"","background-repeat":"repeat","background-position":"center center","background-size":"auto","background-attachment":"scroll","background-type":"","background-media":"","overlay-type":"","overlay-color":"","overlay-opacity":"","overlay-gradient":""}},"ast-content-background-meta":{"desktop":{"background-color":"var(--ast-global-color-5)","background-image":"","background-repeat":"repeat","background-position":"center center","background-size":"auto","background-attachment":"scroll","background-type":"","background-media":"","overlay-type":"","overlay-color":"","overlay-opacity":"","overlay-gradient":""},"tablet":{"background-color":"var(--ast-global-color-5)","background-image":"","background-repeat":"repeat","background-position":"center center","background-size":"auto","background-attachment":"scroll","background-type":"","background-media":"","overlay-type":"","overlay-color":"","overlay-opacity":"","overlay-gradient":""},"mobile":{"background-color":"var(--ast-global-color-5)","background-image":"","background-repeat":"repeat","background-position":"center center","background-size":"auto","background-attachment":"scroll","background-type":"","background-media":"","overlay-type":"","overlay-color":"","overlay-opacity":"","overlay-gradient":""}},"footnotes":""},"categories":[1060,1066],"tags":[],"class_list":["post-77913","post","type-post","status-publish","format-standard","has-post-thumbnail","hentry","category-notes-premsa","category-sense-categoria-ca"],"yoast_head":"<!-- This site is optimized with the Yoast SEO plugin v22.4 - https:\/\/yoast.com\/wordpress\/plugins\/seo\/ -->\n<title>Compte enrere perqu\u00e8 comenci Infarma Virtual 2021, que se celebrar\u00e0 del 15 al 17 de juny - Col\u00b7legi de Farmac\u00e8utics de Barcelona<\/title>\n<meta name=\"robots\" content=\"index, follow, max-snippet:-1, max-image-preview:large, max-video-preview:-1\" \/>\n<link rel=\"canonical\" href=\"https:\/\/novaorg.cofb.net\/2021\/06\/10\/compte-enrere-perque-comenci-infarma-virtual-2021-que-se-celebrara-del-15-al-17-de-juny-2\/\" \/>\n<meta property=\"og:locale\" content=\"es_ES\" \/>\n<meta property=\"og:type\" content=\"article\" \/>\n<meta property=\"og:title\" content=\"Compte enrere perqu\u00e8 comenci Infarma Virtual 2021, que se celebrar\u00e0 del 15 al 17 de juny - Col\u00b7legi de Farmac\u00e8utics de Barcelona\" \/>\n<meta property=\"og:description\" content=\"\u00a0 \u00a0Els presidents dels Col\u00b7legis de Farmac\u00e8utics de Madrid i Barcelona, i el president de\u00a0Interalia, presenten les novetats del Congr\u00e9s i Sal\u00f3 de la Farm\u00e0cia Aquesta edici\u00f3 virtual comptar\u00e0 amb un programa cient\u00edfic de 6 pon\u00e8ncies, m\u00e9s de 200 estands virtuals i 80 presentacions comercials, i eines de\u00a0networking\u00a0per a connectar [&hellip;]\" \/>\n<meta property=\"og:url\" content=\"https:\/\/novaorg.cofb.net\/2021\/06\/10\/compte-enrere-perque-comenci-infarma-virtual-2021-que-se-celebrara-del-15-al-17-de-juny-2\/\" \/>\n<meta property=\"og:site_name\" content=\"Col\u00b7legi de Farmac\u00e8utics de Barcelona\" \/>\n<meta property=\"article:publisher\" content=\"https:\/\/www.facebook.com\/farmaceuticsbcn\/\" \/>\n<meta property=\"article:published_time\" content=\"2021-06-10T14:01:00+00:00\" \/>\n<meta name=\"author\" content=\"wpAdminCofbOrg\" \/>\n<meta name=\"twitter:card\" content=\"summary_large_image\" \/>\n<meta name=\"twitter:creator\" content=\"@farmaceuticsbcn\" \/>\n<meta name=\"twitter:site\" content=\"@farmaceuticsbcn\" \/>\n<meta name=\"twitter:label1\" content=\"Escrito por\" \/>\n\t<meta name=\"twitter:data1\" content=\"wpAdminCofbOrg\" \/>\n\t<meta name=\"twitter:label2\" content=\"Tiempo de lectura\" \/>\n\t<meta name=\"twitter:data2\" content=\"10 minutos\" \/>\n<script type=\"application\/ld+json\" class=\"yoast-schema-graph\">{\"@context\":\"https:\/\/schema.org\",\"@graph\":[{\"@type\":\"Article\",\"@id\":\"https:\/\/novaorg.cofb.net\/2021\/06\/10\/compte-enrere-perque-comenci-infarma-virtual-2021-que-se-celebrara-del-15-al-17-de-juny-2\/#article\",\"isPartOf\":{\"@id\":\"https:\/\/novaorg.cofb.net\/2021\/06\/10\/compte-enrere-perque-comenci-infarma-virtual-2021-que-se-celebrara-del-15-al-17-de-juny-2\/\"},\"author\":{\"name\":\"wpAdminCofbOrg\",\"@id\":\"https:\/\/www.cofb.org\/#\/schema\/person\/22ed7eea88da74b0fa4d3154ad87ffcb\"},\"headline\":\"Compte enrere perqu\u00e8 comenci Infarma Virtual 2021, que se celebrar\u00e0 del 15 al 17 de juny\",\"datePublished\":\"2021-06-10T14:01:00+00:00\",\"dateModified\":\"2021-06-10T14:01:00+00:00\",\"mainEntityOfPage\":{\"@id\":\"https:\/\/novaorg.cofb.net\/2021\/06\/10\/compte-enrere-perque-comenci-infarma-virtual-2021-que-se-celebrara-del-15-al-17-de-juny-2\/\"},\"wordCount\":2081,\"publisher\":{\"@id\":\"https:\/\/www.cofb.org\/#organization\"},\"image\":{\"@id\":\"https:\/\/novaorg.cofb.net\/2021\/06\/10\/compte-enrere-perque-comenci-infarma-virtual-2021-que-se-celebrara-del-15-al-17-de-juny-2\/#primaryimage\"},\"thumbnailUrl\":\"https:\/\/www.cofb.org\/wp-content\/uploads\/2021\/06\/e9bc79fa-a68b-4c36-964c-baee0bf0134e-xAy8xV.jpeg\",\"articleSection\":[\"Notes de premsa\",\"Sense categoria\"],\"inLanguage\":\"es\"},{\"@type\":\"WebPage\",\"@id\":\"https:\/\/novaorg.cofb.net\/2021\/06\/10\/compte-enrere-perque-comenci-infarma-virtual-2021-que-se-celebrara-del-15-al-17-de-juny-2\/\",\"url\":\"https:\/\/novaorg.cofb.net\/2021\/06\/10\/compte-enrere-perque-comenci-infarma-virtual-2021-que-se-celebrara-del-15-al-17-de-juny-2\/\",\"name\":\"Compte enrere perqu\u00e8 comenci Infarma Virtual 2021, que se celebrar\u00e0 del 15 al 17 de juny - Col\u00b7legi de Farmac\u00e8utics de Barcelona\",\"isPartOf\":{\"@id\":\"https:\/\/www.cofb.org\/#website\"},\"primaryImageOfPage\":{\"@id\":\"https:\/\/novaorg.cofb.net\/2021\/06\/10\/compte-enrere-perque-comenci-infarma-virtual-2021-que-se-celebrara-del-15-al-17-de-juny-2\/#primaryimage\"},\"image\":{\"@id\":\"https:\/\/novaorg.cofb.net\/2021\/06\/10\/compte-enrere-perque-comenci-infarma-virtual-2021-que-se-celebrara-del-15-al-17-de-juny-2\/#primaryimage\"},\"thumbnailUrl\":\"https:\/\/www.cofb.org\/wp-content\/uploads\/2021\/06\/e9bc79fa-a68b-4c36-964c-baee0bf0134e-xAy8xV.jpeg\",\"datePublished\":\"2021-06-10T14:01:00+00:00\",\"dateModified\":\"2021-06-10T14:01:00+00:00\",\"breadcrumb\":{\"@id\":\"https:\/\/novaorg.cofb.net\/2021\/06\/10\/compte-enrere-perque-comenci-infarma-virtual-2021-que-se-celebrara-del-15-al-17-de-juny-2\/#breadcrumb\"},\"inLanguage\":\"es\",\"potentialAction\":[{\"@type\":\"ReadAction\",\"target\":[\"https:\/\/novaorg.cofb.net\/2021\/06\/10\/compte-enrere-perque-comenci-infarma-virtual-2021-que-se-celebrara-del-15-al-17-de-juny-2\/\"]}]},{\"@type\":\"ImageObject\",\"inLanguage\":\"es\",\"@id\":\"https:\/\/novaorg.cofb.net\/2021\/06\/10\/compte-enrere-perque-comenci-infarma-virtual-2021-que-se-celebrara-del-15-al-17-de-juny-2\/#primaryimage\",\"url\":\"https:\/\/www.cofb.org\/wp-content\/uploads\/2021\/06\/e9bc79fa-a68b-4c36-964c-baee0bf0134e-xAy8xV.jpeg\",\"contentUrl\":\"https:\/\/www.cofb.org\/wp-content\/uploads\/2021\/06\/e9bc79fa-a68b-4c36-964c-baee0bf0134e-xAy8xV.jpeg\",\"width\":1024,\"height\":768},{\"@type\":\"BreadcrumbList\",\"@id\":\"https:\/\/novaorg.cofb.net\/2021\/06\/10\/compte-enrere-perque-comenci-infarma-virtual-2021-que-se-celebrara-del-15-al-17-de-juny-2\/#breadcrumb\",\"itemListElement\":[{\"@type\":\"ListItem\",\"position\":1,\"name\":\"Inici\",\"item\":\"https:\/\/novaorg.cofb.net\/\"},{\"@type\":\"ListItem\",\"position\":2,\"name\":\"Compte enrere perqu\u00e8 comenci Infarma Virtual 2021, que se celebrar\u00e0 del 15 al 17 de juny\"}]},{\"@type\":\"WebSite\",\"@id\":\"https:\/\/www.cofb.org\/#website\",\"url\":\"https:\/\/www.cofb.org\/\",\"name\":\"Col\u00b7legi de Farmac\u00e8utics de Barcelona\",\"description\":\"\",\"publisher\":{\"@id\":\"https:\/\/www.cofb.org\/#organization\"},\"potentialAction\":[{\"@type\":\"SearchAction\",\"target\":{\"@type\":\"EntryPoint\",\"urlTemplate\":\"https:\/\/www.cofb.org\/?s={search_term_string}\"},\"query-input\":\"required name=search_term_string\"}],\"inLanguage\":\"es\"},{\"@type\":\"Organization\",\"@id\":\"https:\/\/www.cofb.org\/#organization\",\"name\":\"Col\u00b7legi de Farmac\u00e8utics de Barcelona\",\"url\":\"https:\/\/www.cofb.org\/\",\"logo\":{\"@type\":\"ImageObject\",\"inLanguage\":\"es\",\"@id\":\"https:\/\/www.cofb.org\/#\/schema\/logo\/image\/\",\"url\":\"https:\/\/www.cofb.org\/wp-content\/uploads\/2023\/11\/cropped-Logotip-COFB.png\",\"contentUrl\":\"https:\/\/www.cofb.org\/wp-content\/uploads\/2023\/11\/cropped-Logotip-COFB.png\",\"width\":500,\"height\":105,\"caption\":\"Col\u00b7legi de Farmac\u00e8utics de Barcelona\"},\"image\":{\"@id\":\"https:\/\/www.cofb.org\/#\/schema\/logo\/image\/\"},\"sameAs\":[\"https:\/\/www.facebook.com\/farmaceuticsbcn\/\",\"https:\/\/twitter.com\/farmaceuticsbcn\",\"https:\/\/www.instagram.com\/farmaceuticsbcn\/\",\"https:\/\/www.linkedin.com\/company\/farmaceuticsbcn\/\"]},{\"@type\":\"Person\",\"@id\":\"https:\/\/www.cofb.org\/#\/schema\/person\/22ed7eea88da74b0fa4d3154ad87ffcb\",\"name\":\"wpAdminCofbOrg\",\"image\":{\"@type\":\"ImageObject\",\"inLanguage\":\"es\",\"@id\":\"https:\/\/www.cofb.org\/#\/schema\/person\/image\/\",\"url\":\"https:\/\/secure.gravatar.com\/avatar\/1721b20b3b8ca882c3b56ec6c978c594fff670e40c0718e9190eaeeb76aae7d8?s=96&d=mm&r=g\",\"contentUrl\":\"https:\/\/secure.gravatar.com\/avatar\/1721b20b3b8ca882c3b56ec6c978c594fff670e40c0718e9190eaeeb76aae7d8?s=96&d=mm&r=g\",\"caption\":\"wpAdminCofbOrg\"},\"sameAs\":[\"http:\/\/192.168.64.122\/wordpress\"],\"url\":\"https:\/\/www.cofb.org\/es\/author\/wpadmincofborg\/\"}]}<\/script>\n<!-- \/ Yoast SEO plugin. -->","yoast_head_json":{"title":"Compte enrere perqu\u00e8 comenci Infarma Virtual 2021, que se celebrar\u00e0 del 15 al 17 de juny - Col\u00b7legi de Farmac\u00e8utics de Barcelona","robots":{"index":"index","follow":"follow","max-snippet":"max-snippet:-1","max-image-preview":"max-image-preview:large","max-video-preview":"max-video-preview:-1"},"canonical":"https:\/\/novaorg.cofb.net\/2021\/06\/10\/compte-enrere-perque-comenci-infarma-virtual-2021-que-se-celebrara-del-15-al-17-de-juny-2\/","og_locale":"es_ES","og_type":"article","og_title":"Compte enrere perqu\u00e8 comenci Infarma Virtual 2021, que se celebrar\u00e0 del 15 al 17 de juny - Col\u00b7legi de Farmac\u00e8utics de Barcelona","og_description":"\u00a0 \u00a0Els presidents dels Col\u00b7legis de Farmac\u00e8utics de Madrid i Barcelona, i el president de\u00a0Interalia, presenten les novetats del Congr\u00e9s i Sal\u00f3 de la Farm\u00e0cia Aquesta edici\u00f3 virtual comptar\u00e0 amb un programa cient\u00edfic de 6 pon\u00e8ncies, m\u00e9s de 200 estands virtuals i 80 presentacions comercials, i eines de\u00a0networking\u00a0per a connectar [&hellip;]","og_url":"https:\/\/novaorg.cofb.net\/2021\/06\/10\/compte-enrere-perque-comenci-infarma-virtual-2021-que-se-celebrara-del-15-al-17-de-juny-2\/","og_site_name":"Col\u00b7legi de Farmac\u00e8utics de Barcelona","article_publisher":"https:\/\/www.facebook.com\/farmaceuticsbcn\/","article_published_time":"2021-06-10T14:01:00+00:00","author":"wpAdminCofbOrg","twitter_card":"summary_large_image","twitter_creator":"@farmaceuticsbcn","twitter_site":"@farmaceuticsbcn","twitter_misc":{"Escrito por":"wpAdminCofbOrg","Tiempo de lectura":"10 minutos"},"schema":{"@context":"https:\/\/schema.org","@graph":[{"@type":"Article","@id":"https:\/\/novaorg.cofb.net\/2021\/06\/10\/compte-enrere-perque-comenci-infarma-virtual-2021-que-se-celebrara-del-15-al-17-de-juny-2\/#article","isPartOf":{"@id":"https:\/\/novaorg.cofb.net\/2021\/06\/10\/compte-enrere-perque-comenci-infarma-virtual-2021-que-se-celebrara-del-15-al-17-de-juny-2\/"},"author":{"name":"wpAdminCofbOrg","@id":"https:\/\/www.cofb.org\/#\/schema\/person\/22ed7eea88da74b0fa4d3154ad87ffcb"},"headline":"Compte enrere perqu\u00e8 comenci Infarma Virtual 2021, que se celebrar\u00e0 del 15 al 17 de juny","datePublished":"2021-06-10T14:01:00+00:00","dateModified":"2021-06-10T14:01:00+00:00","mainEntityOfPage":{"@id":"https:\/\/novaorg.cofb.net\/2021\/06\/10\/compte-enrere-perque-comenci-infarma-virtual-2021-que-se-celebrara-del-15-al-17-de-juny-2\/"},"wordCount":2081,"publisher":{"@id":"https:\/\/www.cofb.org\/#organization"},"image":{"@id":"https:\/\/novaorg.cofb.net\/2021\/06\/10\/compte-enrere-perque-comenci-infarma-virtual-2021-que-se-celebrara-del-15-al-17-de-juny-2\/#primaryimage"},"thumbnailUrl":"https:\/\/www.cofb.org\/wp-content\/uploads\/2021\/06\/e9bc79fa-a68b-4c36-964c-baee0bf0134e-xAy8xV.jpeg","articleSection":["Notes de premsa","Sense categoria"],"inLanguage":"es"},{"@type":"WebPage","@id":"https:\/\/novaorg.cofb.net\/2021\/06\/10\/compte-enrere-perque-comenci-infarma-virtual-2021-que-se-celebrara-del-15-al-17-de-juny-2\/","url":"https:\/\/novaorg.cofb.net\/2021\/06\/10\/compte-enrere-perque-comenci-infarma-virtual-2021-que-se-celebrara-del-15-al-17-de-juny-2\/","name":"Compte enrere perqu\u00e8 comenci Infarma Virtual 2021, que se celebrar\u00e0 del 15 al 17 de juny - Col\u00b7legi de Farmac\u00e8utics de Barcelona","isPartOf":{"@id":"https:\/\/www.cofb.org\/#website"},"primaryImageOfPage":{"@id":"https:\/\/novaorg.cofb.net\/2021\/06\/10\/compte-enrere-perque-comenci-infarma-virtual-2021-que-se-celebrara-del-15-al-17-de-juny-2\/#primaryimage"},"image":{"@id":"https:\/\/novaorg.cofb.net\/2021\/06\/10\/compte-enrere-perque-comenci-infarma-virtual-2021-que-se-celebrara-del-15-al-17-de-juny-2\/#primaryimage"},"thumbnailUrl":"https:\/\/www.cofb.org\/wp-content\/uploads\/2021\/06\/e9bc79fa-a68b-4c36-964c-baee0bf0134e-xAy8xV.jpeg","datePublished":"2021-06-10T14:01:00+00:00","dateModified":"2021-06-10T14:01:00+00:00","breadcrumb":{"@id":"https:\/\/novaorg.cofb.net\/2021\/06\/10\/compte-enrere-perque-comenci-infarma-virtual-2021-que-se-celebrara-del-15-al-17-de-juny-2\/#breadcrumb"},"inLanguage":"es","potentialAction":[{"@type":"ReadAction","target":["https:\/\/novaorg.cofb.net\/2021\/06\/10\/compte-enrere-perque-comenci-infarma-virtual-2021-que-se-celebrara-del-15-al-17-de-juny-2\/"]}]},{"@type":"ImageObject","inLanguage":"es","@id":"https:\/\/novaorg.cofb.net\/2021\/06\/10\/compte-enrere-perque-comenci-infarma-virtual-2021-que-se-celebrara-del-15-al-17-de-juny-2\/#primaryimage","url":"https:\/\/www.cofb.org\/wp-content\/uploads\/2021\/06\/e9bc79fa-a68b-4c36-964c-baee0bf0134e-xAy8xV.jpeg","contentUrl":"https:\/\/www.cofb.org\/wp-content\/uploads\/2021\/06\/e9bc79fa-a68b-4c36-964c-baee0bf0134e-xAy8xV.jpeg","width":1024,"height":768},{"@type":"BreadcrumbList","@id":"https:\/\/novaorg.cofb.net\/2021\/06\/10\/compte-enrere-perque-comenci-infarma-virtual-2021-que-se-celebrara-del-15-al-17-de-juny-2\/#breadcrumb","itemListElement":[{"@type":"ListItem","position":1,"name":"Inici","item":"https:\/\/novaorg.cofb.net\/"},{"@type":"ListItem","position":2,"name":"Compte enrere perqu\u00e8 comenci Infarma Virtual 2021, que se celebrar\u00e0 del 15 al 17 de juny"}]},{"@type":"WebSite","@id":"https:\/\/www.cofb.org\/#website","url":"https:\/\/www.cofb.org\/","name":"Col\u00b7legi de Farmac\u00e8utics de Barcelona","description":"","publisher":{"@id":"https:\/\/www.cofb.org\/#organization"},"potentialAction":[{"@type":"SearchAction","target":{"@type":"EntryPoint","urlTemplate":"https:\/\/www.cofb.org\/?s={search_term_string}"},"query-input":"required name=search_term_string"}],"inLanguage":"es"},{"@type":"Organization","@id":"https:\/\/www.cofb.org\/#organization","name":"Col\u00b7legi de Farmac\u00e8utics de Barcelona","url":"https:\/\/www.cofb.org\/","logo":{"@type":"ImageObject","inLanguage":"es","@id":"https:\/\/www.cofb.org\/#\/schema\/logo\/image\/","url":"https:\/\/www.cofb.org\/wp-content\/uploads\/2023\/11\/cropped-Logotip-COFB.png","contentUrl":"https:\/\/www.cofb.org\/wp-content\/uploads\/2023\/11\/cropped-Logotip-COFB.png","width":500,"height":105,"caption":"Col\u00b7legi de Farmac\u00e8utics de Barcelona"},"image":{"@id":"https:\/\/www.cofb.org\/#\/schema\/logo\/image\/"},"sameAs":["https:\/\/www.facebook.com\/farmaceuticsbcn\/","https:\/\/twitter.com\/farmaceuticsbcn","https:\/\/www.instagram.com\/farmaceuticsbcn\/","https:\/\/www.linkedin.com\/company\/farmaceuticsbcn\/"]},{"@type":"Person","@id":"https:\/\/www.cofb.org\/#\/schema\/person\/22ed7eea88da74b0fa4d3154ad87ffcb","name":"wpAdminCofbOrg","image":{"@type":"ImageObject","inLanguage":"es","@id":"https:\/\/www.cofb.org\/#\/schema\/person\/image\/","url":"https:\/\/secure.gravatar.com\/avatar\/1721b20b3b8ca882c3b56ec6c978c594fff670e40c0718e9190eaeeb76aae7d8?s=96&d=mm&r=g","contentUrl":"https:\/\/secure.gravatar.com\/avatar\/1721b20b3b8ca882c3b56ec6c978c594fff670e40c0718e9190eaeeb76aae7d8?s=96&d=mm&r=g","caption":"wpAdminCofbOrg"},"sameAs":["http:\/\/192.168.64.122\/wordpress"],"url":"https:\/\/www.cofb.org\/es\/author\/wpadmincofborg\/"}]}},"uagb_featured_image_src":{"full":["https:\/\/www.cofb.org\/wp-content\/uploads\/2021\/06\/e9bc79fa-a68b-4c36-964c-baee0bf0134e-xAy8xV.jpeg",1024,768,false],"thumbnail":["https:\/\/www.cofb.org\/wp-content\/uploads\/2021\/06\/e9bc79fa-a68b-4c36-964c-baee0bf0134e-xAy8xV-150x150.jpeg",150,150,true],"medium":["https:\/\/www.cofb.org\/wp-content\/uploads\/2021\/06\/e9bc79fa-a68b-4c36-964c-baee0bf0134e-xAy8xV-300x225.jpeg",300,225,true],"medium_large":["https:\/\/www.cofb.org\/wp-content\/uploads\/2021\/06\/e9bc79fa-a68b-4c36-964c-baee0bf0134e-xAy8xV-768x576.jpeg",768,576,true],"large":["https:\/\/www.cofb.org\/wp-content\/uploads\/2021\/06\/e9bc79fa-a68b-4c36-964c-baee0bf0134e-xAy8xV.jpeg",1024,768,false],"1536x1536":["https:\/\/www.cofb.org\/wp-content\/uploads\/2021\/06\/e9bc79fa-a68b-4c36-964c-baee0bf0134e-xAy8xV.jpeg",1024,768,false],"2048x2048":["https:\/\/www.cofb.org\/wp-content\/uploads\/2021\/06\/e9bc79fa-a68b-4c36-964c-baee0bf0134e-xAy8xV.jpeg",1024,768,false],"trp-custom-language-flag":["https:\/\/www.cofb.org\/wp-content\/uploads\/2021\/06\/e9bc79fa-a68b-4c36-964c-baee0bf0134e-xAy8xV-16x12.jpeg",16,12,true]},"uagb_author_info":{"display_name":"wpAdminCofbOrg","author_link":"https:\/\/www.cofb.org\/es\/author\/wpadmincofborg\/"},"uagb_comment_info":0,"uagb_excerpt":"\u00a0 \u00a0Els presidents dels Col\u00b7legis de Farmac\u00e8utics de Madrid i Barcelona, i el president de\u00a0Interalia, presenten les novetats del Congr\u00e9s i Sal\u00f3 de la Farm\u00e0cia Aquesta edici\u00f3 virtual comptar\u00e0 amb un programa cient\u00edfic de 6 pon\u00e8ncies, m\u00e9s de 200 estands virtuals i 80 presentacions comercials, i eines de\u00a0networking\u00a0per a connectar [&hellip;]","_links":{"self":[{"href":"https:\/\/www.cofb.org\/es\/wp-json\/wp\/v2\/posts\/77913","targetHints":{"allow":["GET"]}}],"collection":[{"href":"https:\/\/www.cofb.org\/es\/wp-json\/wp\/v2\/posts"}],"about":[{"href":"https:\/\/www.cofb.org\/es\/wp-json\/wp\/v2\/types\/post"}],"author":[{"embeddable":true,"href":"https:\/\/www.cofb.org\/es\/wp-json\/wp\/v2\/users\/1"}],"replies":[{"embeddable":true,"href":"https:\/\/www.cofb.org\/es\/wp-json\/wp\/v2\/comments?post=77913"}],"version-history":[{"count":0,"href":"https:\/\/www.cofb.org\/es\/wp-json\/wp\/v2\/posts\/77913\/revisions"}],"wp:featuredmedia":[{"embeddable":true,"href":"https:\/\/www.cofb.org\/es\/wp-json\/wp\/v2\/media\/77914"}],"wp:attachment":[{"href":"https:\/\/www.cofb.org\/es\/wp-json\/wp\/v2\/media?parent=77913"}],"wp:term":[{"taxonomy":"category","embeddable":true,"href":"https:\/\/www.cofb.org\/es\/wp-json\/wp\/v2\/categories?post=77913"},{"taxonomy":"post_tag","embeddable":true,"href":"https:\/\/www.cofb.org\/es\/wp-json\/wp\/v2\/tags?post=77913"}],"curies":[{"name":"wp","href":"https:\/\/api.w.org\/{rel}","templated":true}]}}