{"id":77905,"date":"2021-11-18T10:51:00","date_gmt":"2021-11-18T10:51:00","guid":{"rendered":"https:\/\/novaorg.cofb.net\/2021\/11\/18\/farmaceutics-ques-de-barcelona-collaboren-en-diferents-iniciatives-per-incidir-en-la-importancia-de-fer-un-us-racional-dels-antibiotics-i-evitar-laparicio-de-resistencies-3\/"},"modified":"2021-11-18T10:51:00","modified_gmt":"2021-11-18T10:51:00","slug":"farmaceutics-ques-de-barcelona-collaboren-en-diferents-iniciatives-per-incidir-en-la-importancia-de-fer-un-us-racional-dels-antibiotics-i-evitar-laparicio-de-resistencies-3","status":"publish","type":"post","link":"https:\/\/www.cofb.org\/es\/2021\/11\/18\/farmaceutics-ques-de-barcelona-collaboren-en-diferents-iniciatives-per-incidir-en-la-importancia-de-fer-un-us-racional-dels-antibiotics-i-evitar-laparicio-de-resistencies-3\/","title":{"rendered":"Farmac\u00e9uticos\/cas de Barcelona colaboran en diferentes iniciativas para incidir en la importancia de hacer un uso racional de los antibi\u00f3ticos y evitar la aparici\u00f3n de resistencias"},"content":{"rendered":"<p>\u00a0<br \/>\n\tSe estima que en 2050 la resistencia a los antibi\u00f3ticos ser\u00e1 la primera causa de mortalidad en el mundo. Para ayudar a evitar la que podr\u00eda ser una nueva pandemia, dentro del proyecto SAFE (Superbug Awareness for Education) se han elaborado una serie de v\u00eddeos con consejos, de los cuales el Colegio de Farmac\u00e9uticos de Barcelona har\u00e1 difusi\u00f3n<br \/>\n\tLa profesi\u00f3n farmac\u00e9utica est\u00e1 presente en la estrategia PROA VINCat comunitaria, enmarcada en la lucha contra las resistencias antimicrobianas que se desarrolla a nivel europeo y del Estado espa\u00f1ol<br \/>\n\tLa resistencia a los antibi\u00f3ticos es tambi\u00e9n uno de los puntos del nuevo Plan de Salud 2021-2025 de Catalu\u00f1a. Concretamente, uno de los proyectos que recoge es reforzar el Programa de educaci\u00f3n sanitaria para el buen uso de los medicamentos en la farmacia comunitaria<\/p>\n<p><em>Barcelona, 18 de noviembre de 2021<\/em>. Hoy, <strong>18 de noviembre,<\/strong> comienza la <strong>Semana Mundial de la Concienciaci\u00f3n sobre el Uso de Antibi\u00f3ticos,<\/strong> que se alargar\u00e1 hasta el pr\u00f3ximo <strong>mi\u00e9rcoles 24. <\/strong>Los <strong>farmac\u00e9uticos y farmac\u00e9uticas de Barcelona,<\/strong> m\u00e1s all\u00e1 de la tarea que ya realizan habitualmente en este \u00e1mbito, se implicar\u00e1n m\u00e1s activamente <strong>continuar concienciando a la poblaci\u00f3n sobre la importancia de hacer un uso racional de los antibi\u00f3ticos y, de esta forma, evitar las resistencias.<\/strong><\/p>\n<p>Lo har\u00e1n compartiendo diferentes mensajes que se recogen en el v\u00eddeo elaborado en el marco del <strong><a href=\"https:\/\/safeinitiative.eu\/\" target=\"_blank\" rel=\"noopener\">proyecto SAFE<\/a> (Superbug Awareness for Education), <\/strong>uno <strong>proyecto internacional <\/strong>impulsado por eit Health que se puso en marcha el <strong>enero de 2020 <\/strong>para trabajar en el \u00e1mbito de la <strong>resistencia a los antimicrobianos.<\/strong><\/p>\n<p><strong>\u00bfQu\u00e9 consejos deben tenerse en cuenta para evitar la resistencia a los antibi\u00f3ticos?<\/strong><\/p>\n<p>El primer mensaje que se destaca en el <a href=\"https:\/\/www.youtube.com\/watch?v=9uM6kh2Bzbg\" target=\"_blank\" rel=\"noopener\">v\u00eddeo <\/a>es que <strong>en 2050, la resistencia a los antibi\u00f3ticos ser\u00e1 la primera causa de mortalidad en el mundo. <\/strong>Por eso, y para ayudar a evitar la que podr\u00eda ser una nueva pandemia, se detallan una serie de consejos. Primeramente,<strong> lavarse las manos durante 40 segundos con jab\u00f3n y frecuentemente.<\/strong> En segundo lugar, tener presente que <strong>los antibi\u00f3ticos s\u00f3lo deben tomarse con receta m\u00e9dica <\/strong>y que estos medicamentos<strong> act\u00faan contra las bacterias, no contra los virus.<\/strong><\/p>\n<p>Asimismo, tambi\u00e9n remarca que <strong>dejar el tratamiento a medias favorece la aparici\u00f3n de bacterias resistentes<\/strong> y que <strong>es importante llevar los antibi\u00f3ticos que han sobrado en el punto SIGRE de las farmacias.<\/strong> Tambi\u00e9n recuerda que si los ciudadanos tienen dudas, deben<strong>dirigir a los profesionales de la salud,<\/strong> ya que <strong>no todo lo que se publica en las redes sociales es fiable.<\/strong> Por \u00faltimo, el v\u00eddeo hace una<strong> llama a la acci\u00f3n y recalca que hacer un mal uso de los antibi\u00f3ticos puede provocar que dejen de ser eficaces y que las infecciones bacterianas dejen de tener tratamiento.<\/strong><\/p>\n<p>El v\u00eddeo cuenta con el apoyo de ISGlobal, Roche Diagnostics, el Instituto Catal\u00e1n de la Salud, el Instituto de Desarrollo Profesional IDP-ICE de la UB, la Universidad de Barcelona, la Universidad de N\u00e1poles Federico II, la Universidad de Coimbra , la Escuela Universitaria Vasco da Gama, la Universidad Complutense de Madrid y la Facultad de Farmacia de la Universidad de Oporto. A su vez, la iniciativa cuenta con la colaboraci\u00f3n del Colegio de Farmac\u00e9uticos de Barcelona.<\/p>\n<p><strong>Implicaci\u00f3n de la Farmacia en la estrategia PROA VINCat comunitaria<\/strong><\/p>\n<p>La<strong> profesi\u00f3n farmac\u00e9utica tambi\u00e9n est\u00e1 presente en la estrategia PROA VINCat comunitaria,<\/strong> enmarcada en la lucha contra las <strong>resistencias antibi\u00f3ticas <\/strong>que se desarrolla a nivel europeo y del Estado espa\u00f1ol. En Catalu\u00f1a, el <strong>VINCado <\/strong>impuls\u00f3 desde el a\u00f1o <strong>2012 un sistema de vigilancia y actuaci\u00f3n frente a las infecciones nosocomiales<\/strong> -infecciones que se presentan durante el proceso de asistencia hospitalaria-, y la correcta utilizaci\u00f3n de antimicrobianos y, <strong>a partir de 2019, ampli\u00f3 la estrategia en el \u00e1mbito de la atenci\u00f3n primaria y comunitaria.<\/strong><\/p>\n<p>En este sentido, los <strong>equipos PROA <\/strong>cuentan, entre otros profesionales sanitarios, con la <strong>participaci\u00f3n de un farmac\u00e9utico\/a de oficina de farmacia<\/strong>, a trav\u00e9s de la red de coordinadores y delegados del Colegio de Farmac\u00e9uticos de Barcelona,<strong> un farmac\u00e9utico\/a de Atenci\u00f3n Primaria y un farmac\u00e9utico\/a de Hospitales<\/strong>. \u00c9ste es un ejemplo de c\u00f3mo, <strong>desde los distintos \u00e1mbitos de ejercicio de la profesi\u00f3n, se puede aportar valor en la lucha contra la resistencia a los antibi\u00f3ticos<\/strong>, ofreciendo c<strong>onsell directo y educaci\u00f3n sanitaria en la poblaci\u00f3n,<\/strong> c\u00f3mo es el caso de la farmacia comunitaria; o promoviendo, en el caso de la farmacia de atenci\u00f3n primaria y la hospitalaria,<strong> la elaboraci\u00f3n de gu\u00edas y protocolos, as\u00ed como el an\u00e1lisis de la evidencia cient\u00edfica y datos de consumo de antibi\u00f3ticos.<\/strong><\/p>\n<p>Fruto de estos equipos PROA ha nacido una <strong>campa\u00f1a impulsada por la Gerencia Territorial Metropolitana Sur del Institut Catal\u00e0<\/strong> <strong>de la Salud, <\/strong>cuyo objetivo es fomentar el uso \u00f3ptimo de los antibi\u00f3ticos entre profesionales de la salud y ciudadan\u00eda. La campa\u00f1a durar\u00e1 cerca de un a\u00f1o y, por primera vez, cuenta con la<strong> implicaci\u00f3n de las farmacias del entorno territorial metropolitano sur, <\/strong>que har\u00e1n llegar los mensajes a la poblaci\u00f3n con la ayuda de los televisores de las oficinas de farmacia y bolsas para los usuarios.<\/p>\n<p><strong>Plan de Salud de Catalu\u00f1a 2021-2025<\/strong><\/p>\n<p>Asimismo, la <strong>resistencia a los antibi\u00f3ticos <\/strong>es uno de los puntos que se contempla en <strong>nuevo Plan de Salud 2021-2025 de Catalu\u00f1a,<\/strong> con el objetivo de impulsar acciones que permitan desde una mejor capacidad de respuesta frente a enfermedades transmisibles y tambi\u00e9n las epidemias, hasta el fomento del uso correcto de estos f\u00e1rmacos.<\/p>\n<p>Concretamente, uno de los proyectos que recoge es <strong>reforzar el Programa de educaci\u00f3n sanitaria para el buen uso de los medicamentos,<\/strong> una iniciativa que consta de<strong> charlas informativas impartidas por farmac\u00e9uticos comunitarios<\/strong> con el objetivo de aumentar el conocimiento de la poblaci\u00f3n sobre el uso de los medicamentos \u2013entre ellos los antibi\u00f3ticos\u2013 y mejorar las habilidades en su manejo.<\/p>\n<p>\u00a0Se estima que en 2050 la resistencia a los antibi\u00f3ticos ser\u00e1 la primera causa de mortalidad en el mundo. Para ayudar a evitar la que podr\u00eda ser una nueva pandemia, dentro del proyecto SAFE (Superbug Awareness for Education) se han elaborado una serie de v\u00eddeos con consejos, de los cuales el Colegio de Farmac\u00e9uticos de Barcelona har\u00e1 difusi\u00f3n<br \/>\n\tLa profesi\u00f3n farmac\u00e9utica est\u00e1 presente en la estrategia PROA VINCat comunitaria, enmarcada en la lucha contra las resistencias antimicrobianas que se desarrolla a nivel europeo y del Estado espa\u00f1ol<br \/>\n\tLa resistencia a los antibi\u00f3ticos es tambi\u00e9n uno de los puntos del nuevo Plan de Salud 2021-2025 de Catalu\u00f1a. Concretamente, uno de los proyectos que recoge es reforzar el Programa de educaci\u00f3n sanitaria para el buen uso de los medicamentos en la farmacia comunitaria<\/p>\n<p>Barcelona, 18 de noviembre de 2021. Hoy, 18 de noviembre, comienza la Semana Mundial de la Concienciaci\u00f3n sobre el Uso de Antibi\u00f3ticos, que se alargar\u00e1 hasta el pr\u00f3ximo mi\u00e9rcoles 24. Los farmac\u00e9uticos y farmac\u00e9uticas de Barcelona, m\u00e1s all\u00e1 de la tarea que ya realizan habitualmente en este \u00e1mbito, se implicar\u00e1n m\u00e1s activamente para continuar concienciando a la poblaci\u00f3n sobre la importancia de hacer un uso racional de los antibi\u00f3ticos y, de esta forma, evitar las resistencias.<\/p>\n<p>Lo har\u00e1n compartiendo diferentes mensajes que se recogen en el v\u00eddeo elaborado en el marco del proyecto SAFE (Superbug Awareness for Education), un proyecto internacional impulsado por eit Health que se puso en marcha en enero de 2020 para trabajar en el \u00e1mbito de la resistencia a los antimicrobianos.<\/p>\n<p>\u00bfQu\u00e9 consejos deben tenerse en cuenta para evitar la resistencia a los antibi\u00f3ticos?<\/p>\n<p>El primer mensaje que se destaca en el v\u00eddeo es que en 2050, la resistencia a los antibi\u00f3ticos ser\u00e1 la primera causa de mortalidad en el mundo. Por eso, y para ayudar a evitar la que podr\u00eda ser una nueva pandemia, se detallan una serie de consejos. En primer lugar, lavarse las manos durante 40 segundos con jab\u00f3n y frecuentemente. En segundo lugar, tener presente que los antibi\u00f3ticos s\u00f3lo deben tomarse con receta m\u00e9dica y que estos medicamentos act\u00faan contra las bacterias, no contra los virus.<\/p>\n<p>Asimismo, tambi\u00e9n remarca que dejar el tratamiento a medias favorece la aparici\u00f3n de bacterias resistentes y que es importante llevar los antibi\u00f3ticos que han sobrado en el punto SIGRE de las farmacias. Tambi\u00e9n recuerda que si los ciudadanos tienen dudas, deben dirigirse a los profesionales de la salud, ya que no todo lo que se publica en las redes sociales es fiable. Por \u00faltimo, el v\u00eddeo hace un llamamiento a la acci\u00f3n y recalca que hacer un mal uso de los antibi\u00f3ticos puede provocar que dejen de ser eficaces y que las infecciones bacterianas dejen de tener tratamiento.<\/p>\n<p>El v\u00eddeo cuenta con el apoyo de ISGlobal, Roche Diagnostics, el Instituto Catal\u00e1n de la Salud, el Instituto de Desarrollo Profesional IDP-ICE de la UB, la Universidad de Barcelona, la Universidad de N\u00e1poles Federico II, la Universidad de Coimbra , la Escuela Universitaria Vasco da Gama, la Universidad Complutense de Madrid y la Facultad de Farmacia de la Universidad de Oporto. A su vez, la iniciativa cuenta con la colaboraci\u00f3n del Colegio de Farmac\u00e9uticos de Barcelona.<\/p>\n<p>Implicaci\u00f3n de la Farmacia en la estrategia PROA VINCat comunitaria<\/p>\n<p>La profesi\u00f3n farmac\u00e9utica tambi\u00e9n est\u00e1 presente en la estrategia PROA VINCat comunitaria, enmarcada en la lucha contra las resistencias antibi\u00f3ticas que se desarrolla a nivel europeo y del Estado espa\u00f1ol. En Catalu\u00f1a, el VINCat impuls\u00f3 desde el a\u00f1o 2012 un sistema de vigilancia y actuaci\u00f3n frente a las infecciones nosocomiales -infecciones que se presentan durante el proceso de asistencia hospitalaria-, y la correcta utilizaci\u00f3n de antimicrobianos y, a partir del 2019, ampli\u00f3 la estrategia en el \u00e1mbito de la atenci\u00f3n primaria y comunitaria.<\/p>\n<p>En este sentido, los equipos PROA cuentan, entre otros profesionales sanitarios, con la participaci\u00f3n de un farmac\u00e9utico\/a de oficina de farmacia, a trav\u00e9s de la red de coordinadores y delegados del Colegio de Farmac\u00e9uticos de Barcelona, un farmac\u00e9utico\/ a de Atenci\u00f3n Primaria y un farmac\u00e9utico\/a de Hospitales. \u00c9ste es un ejemplo de c\u00f3mo, desde los diferentes \u00e1mbitos de ejercicio de la profesi\u00f3n, se puede aportar valor en la lucha contra la resistencia a los antibi\u00f3ticos, ofreciendo consejo directo y educaci\u00f3n sanitaria a la poblaci\u00f3n, como es el caso de la farmacia comunitaria; o promoviendo, en el caso de la farmacia de atenci\u00f3n primaria y hospitalaria, la elaboraci\u00f3n de gu\u00edas y protocolos, as\u00ed como el an\u00e1lisis de la evidencia cient\u00edfica y datos de consumo de antibi\u00f3ticos.<\/p>\n<p>Fruto de estos equipos PROA ha nacido una campa\u00f1a impulsada por la Gerencia Territorial Metropolitana Sur del Instituto Catal\u00e1n de la Salud, cuyo objetivo es fomentar el uso \u00f3ptimo de los antibi\u00f3ticos entre profesionales de la salud y ciudadan\u00eda. La campa\u00f1a durar\u00e1 cerca de un a\u00f1o y, por primera vez, cuenta con la implicaci\u00f3n de las farmacias del entorno territorial metropolitano sur, que har\u00e1n llegar los mensajes a la poblaci\u00f3n con la ayuda de los televisores de las oficinas de farmacia y de bolsas para los usuarios.<\/p>\n<p>Plan de Salud de Catalu\u00f1a 2021-2025<\/p>\n<p>Asimismo, la resistencia a los antibi\u00f3ticos es uno de los puntos que se contempla en el nuevo Plan de Salud 2021-2025 de Catalu\u00f1a, con el objetivo de impulsar acciones que permitan desde una mejor capacidad de respuesta ante enfermedades transmisibles y tambi\u00e9n las epidemias , hasta el fomento del correcto uso de estos f\u00e1rmacos.<\/p>\n<p>Concretamente, uno de los proyectos que recoge es reforzar el Programa de educaci\u00f3n sanitaria para el buen uso de los medicamentos, una iniciativa que consta de charlas informativas impartidas por farmac\u00e9uticos comunitarios con el objetivo de aumentar el conocimiento de la poblaci\u00f3n sobre el uso de los medicamentos \u2013entre ellos, los antibi\u00f3ticos\u2013 y mejorar las habilidades en su manejo.  COFB.ORG<\/p>","protected":false},"excerpt":{"rendered":"<p>\u00a0 Se estima que en 2050 la resistencia a los antibi\u00f3ticos ser\u00e1 la primera causa de mortalidad en el mundo. Para ayudar a evitar la que podr\u00eda ser una nueva pandemia, en el proyecto SAFE (Superbug Awareness for Education) se han elaborado una serie de v\u00eddeos con consejos, de los cuales el Colegio de Farmac\u00e9uticos [\u2026]<\/p>","protected":false},"author":1,"featured_media":77906,"comment_status":"","ping_status":"","sticky":false,"template":"","format":"standard","meta":{"_uag_custom_page_level_css":"","site-sidebar-layout":"default","site-content-layout":"","ast-site-content-layout":"default","site-content-style":"default","site-sidebar-style":"default","ast-global-header-display":"","ast-banner-title-visibility":"","ast-main-header-display":"","ast-hfb-above-header-display":"","ast-hfb-below-header-display":"","ast-hfb-mobile-header-display":"","site-post-title":"","ast-breadcrumbs-content":"","ast-featured-img":"disabled","footer-sml-layout":"","theme-transparent-header-meta":"","adv-header-id-meta":"","stick-header-meta":"","header-above-stick-meta":"","header-main-stick-meta":"","header-below-stick-meta":"","astra-migrate-meta-layouts":"default","ast-page-background-enabled":"default","ast-page-background-meta":{"desktop":{"background-color":"var(--ast-global-color-4)","background-image":"","background-repeat":"repeat","background-position":"center center","background-size":"auto","background-attachment":"scroll","background-type":"","background-media":"","overlay-type":"","overlay-color":"","overlay-opacity":"","overlay-gradient":""},"tablet":{"background-color":"","background-image":"","background-repeat":"repeat","background-position":"center center","background-size":"auto","background-attachment":"scroll","background-type":"","background-media":"","overlay-type":"","overlay-color":"","overlay-opacity":"","overlay-gradient":""},"mobile":{"background-color":"","background-image":"","background-repeat":"repeat","background-position":"center center","background-size":"auto","background-attachment":"scroll","background-type":"","background-media":"","overlay-type":"","overlay-color":"","overlay-opacity":"","overlay-gradient":""}},"ast-content-background-meta":{"desktop":{"background-color":"var(--ast-global-color-5)","background-image":"","background-repeat":"repeat","background-position":"center center","background-size":"auto","background-attachment":"scroll","background-type":"","background-media":"","overlay-type":"","overlay-color":"","overlay-opacity":"","overlay-gradient":""},"tablet":{"background-color":"var(--ast-global-color-5)","background-image":"","background-repeat":"repeat","background-position":"center center","background-size":"auto","background-attachment":"scroll","background-type":"","background-media":"","overlay-type":"","overlay-color":"","overlay-opacity":"","overlay-gradient":""},"mobile":{"background-color":"var(--ast-global-color-5)","background-image":"","background-repeat":"repeat","background-position":"center center","background-size":"auto","background-attachment":"scroll","background-type":"","background-media":"","overlay-type":"","overlay-color":"","overlay-opacity":"","overlay-gradient":""}},"footnotes":""},"categories":[1060,1066],"tags":[],"class_list":["post-77905","post","type-post","status-publish","format-standard","has-post-thumbnail","hentry","category-notes-premsa","category-sense-categoria-ca"],"yoast_head":"<!-- This site is optimized with the Yoast SEO plugin v22.4 - https:\/\/yoast.com\/wordpress\/plugins\/seo\/ -->\n<title>Farmac\u00e8utics\/ques de Barcelona col\u00b7laboren en diferents iniciatives per incidir en la import\u00e0ncia de fer un \u00fas racional dels antibi\u00f2tics i evitar l\u2019aparici\u00f3 de resist\u00e8ncies - Col\u00b7legi de Farmac\u00e8utics de Barcelona<\/title>\n<meta name=\"robots\" content=\"index, follow, max-snippet:-1, max-image-preview:large, max-video-preview:-1\" \/>\n<link rel=\"canonical\" href=\"https:\/\/novaorg.cofb.net\/2021\/11\/18\/farmaceutics-ques-de-barcelona-collaboren-en-diferents-iniciatives-per-incidir-en-la-importancia-de-fer-un-us-racional-dels-antibiotics-i-evitar-laparicio-de-resistencies-3\/\" \/>\n<meta property=\"og:locale\" content=\"es_ES\" \/>\n<meta property=\"og:type\" content=\"article\" \/>\n<meta property=\"og:title\" content=\"Farmac\u00e8utics\/ques de Barcelona col\u00b7laboren en diferents iniciatives per incidir en la import\u00e0ncia de fer un \u00fas racional dels antibi\u00f2tics i evitar l\u2019aparici\u00f3 de resist\u00e8ncies - Col\u00b7legi de Farmac\u00e8utics de Barcelona\" \/>\n<meta property=\"og:description\" content=\"\u00a0 S\u2019estima que l\u2019any 2050 la resist\u00e8ncia als antibi\u00f2tics ser\u00e0 la primera causa de mortalitat al m\u00f3n. Per ajudar a evitar la que podria ser una nova pand\u00e8mia, dins el projecte SAFE \u00a0(Superbug Awareness for Education) s\u2019han elaborat un seguit de v\u00eddeos amb consells, dels quals el Col\u00b7legi de Farmac\u00e8utics [&hellip;]\" \/>\n<meta property=\"og:url\" content=\"https:\/\/novaorg.cofb.net\/2021\/11\/18\/farmaceutics-ques-de-barcelona-collaboren-en-diferents-iniciatives-per-incidir-en-la-importancia-de-fer-un-us-racional-dels-antibiotics-i-evitar-laparicio-de-resistencies-3\/\" \/>\n<meta property=\"og:site_name\" content=\"Col\u00b7legi de Farmac\u00e8utics de Barcelona\" \/>\n<meta property=\"article:publisher\" content=\"https:\/\/www.facebook.com\/farmaceuticsbcn\/\" \/>\n<meta property=\"article:published_time\" content=\"2021-11-18T10:51:00+00:00\" \/>\n<meta name=\"author\" content=\"wpAdminCofbOrg\" \/>\n<meta name=\"twitter:card\" content=\"summary_large_image\" \/>\n<meta name=\"twitter:creator\" content=\"@farmaceuticsbcn\" \/>\n<meta name=\"twitter:site\" content=\"@farmaceuticsbcn\" \/>\n<meta name=\"twitter:label1\" content=\"Escrito por\" \/>\n\t<meta name=\"twitter:data1\" content=\"wpAdminCofbOrg\" \/>\n\t<meta name=\"twitter:label2\" content=\"Tiempo de lectura\" \/>\n\t<meta name=\"twitter:data2\" content=\"10 minutos\" \/>\n<script type=\"application\/ld+json\" class=\"yoast-schema-graph\">{\"@context\":\"https:\/\/schema.org\",\"@graph\":[{\"@type\":\"Article\",\"@id\":\"https:\/\/novaorg.cofb.net\/2021\/11\/18\/farmaceutics-ques-de-barcelona-collaboren-en-diferents-iniciatives-per-incidir-en-la-importancia-de-fer-un-us-racional-dels-antibiotics-i-evitar-laparicio-de-resistencies-3\/#article\",\"isPartOf\":{\"@id\":\"https:\/\/novaorg.cofb.net\/2021\/11\/18\/farmaceutics-ques-de-barcelona-collaboren-en-diferents-iniciatives-per-incidir-en-la-importancia-de-fer-un-us-racional-dels-antibiotics-i-evitar-laparicio-de-resistencies-3\/\"},\"author\":{\"name\":\"wpAdminCofbOrg\",\"@id\":\"https:\/\/www.cofb.org\/#\/schema\/person\/22ed7eea88da74b0fa4d3154ad87ffcb\"},\"headline\":\"Farmac\u00e8utics\/ques de Barcelona col\u00b7laboren en diferents iniciatives per incidir en la import\u00e0ncia de fer un \u00fas racional dels antibi\u00f2tics i evitar l\u2019aparici\u00f3 de resist\u00e8ncies\",\"datePublished\":\"2021-11-18T10:51:00+00:00\",\"dateModified\":\"2021-11-18T10:51:00+00:00\",\"mainEntityOfPage\":{\"@id\":\"https:\/\/novaorg.cofb.net\/2021\/11\/18\/farmaceutics-ques-de-barcelona-collaboren-en-diferents-iniciatives-per-incidir-en-la-importancia-de-fer-un-us-racional-dels-antibiotics-i-evitar-laparicio-de-resistencies-3\/\"},\"wordCount\":2115,\"publisher\":{\"@id\":\"https:\/\/www.cofb.org\/#organization\"},\"image\":{\"@id\":\"https:\/\/novaorg.cofb.net\/2021\/11\/18\/farmaceutics-ques-de-barcelona-collaboren-en-diferents-iniciatives-per-incidir-en-la-importancia-de-fer-un-us-racional-dels-antibiotics-i-evitar-laparicio-de-resistencies-3\/#primaryimage\"},\"thumbnailUrl\":\"https:\/\/www.cofb.org\/wp-content\/uploads\/2021\/11\/c904137e-1168-4bb9-a7a6-fe1f02924d45-WKE1k7.png\",\"articleSection\":[\"Notes de premsa\",\"Sense categoria\"],\"inLanguage\":\"es\"},{\"@type\":\"WebPage\",\"@id\":\"https:\/\/novaorg.cofb.net\/2021\/11\/18\/farmaceutics-ques-de-barcelona-collaboren-en-diferents-iniciatives-per-incidir-en-la-importancia-de-fer-un-us-racional-dels-antibiotics-i-evitar-laparicio-de-resistencies-3\/\",\"url\":\"https:\/\/novaorg.cofb.net\/2021\/11\/18\/farmaceutics-ques-de-barcelona-collaboren-en-diferents-iniciatives-per-incidir-en-la-importancia-de-fer-un-us-racional-dels-antibiotics-i-evitar-laparicio-de-resistencies-3\/\",\"name\":\"Farmac\u00e8utics\/ques de Barcelona col\u00b7laboren en diferents iniciatives per incidir en la import\u00e0ncia de fer un \u00fas racional dels antibi\u00f2tics i evitar l\u2019aparici\u00f3 de resist\u00e8ncies - Col\u00b7legi de Farmac\u00e8utics de Barcelona\",\"isPartOf\":{\"@id\":\"https:\/\/www.cofb.org\/#website\"},\"primaryImageOfPage\":{\"@id\":\"https:\/\/novaorg.cofb.net\/2021\/11\/18\/farmaceutics-ques-de-barcelona-collaboren-en-diferents-iniciatives-per-incidir-en-la-importancia-de-fer-un-us-racional-dels-antibiotics-i-evitar-laparicio-de-resistencies-3\/#primaryimage\"},\"image\":{\"@id\":\"https:\/\/novaorg.cofb.net\/2021\/11\/18\/farmaceutics-ques-de-barcelona-collaboren-en-diferents-iniciatives-per-incidir-en-la-importancia-de-fer-un-us-racional-dels-antibiotics-i-evitar-laparicio-de-resistencies-3\/#primaryimage\"},\"thumbnailUrl\":\"https:\/\/www.cofb.org\/wp-content\/uploads\/2021\/11\/c904137e-1168-4bb9-a7a6-fe1f02924d45-WKE1k7.png\",\"datePublished\":\"2021-11-18T10:51:00+00:00\",\"dateModified\":\"2021-11-18T10:51:00+00:00\",\"breadcrumb\":{\"@id\":\"https:\/\/novaorg.cofb.net\/2021\/11\/18\/farmaceutics-ques-de-barcelona-collaboren-en-diferents-iniciatives-per-incidir-en-la-importancia-de-fer-un-us-racional-dels-antibiotics-i-evitar-laparicio-de-resistencies-3\/#breadcrumb\"},\"inLanguage\":\"es\",\"potentialAction\":[{\"@type\":\"ReadAction\",\"target\":[\"https:\/\/novaorg.cofb.net\/2021\/11\/18\/farmaceutics-ques-de-barcelona-collaboren-en-diferents-iniciatives-per-incidir-en-la-importancia-de-fer-un-us-racional-dels-antibiotics-i-evitar-laparicio-de-resistencies-3\/\"]}]},{\"@type\":\"ImageObject\",\"inLanguage\":\"es\",\"@id\":\"https:\/\/novaorg.cofb.net\/2021\/11\/18\/farmaceutics-ques-de-barcelona-collaboren-en-diferents-iniciatives-per-incidir-en-la-importancia-de-fer-un-us-racional-dels-antibiotics-i-evitar-laparicio-de-resistencies-3\/#primaryimage\",\"url\":\"https:\/\/www.cofb.org\/wp-content\/uploads\/2021\/11\/c904137e-1168-4bb9-a7a6-fe1f02924d45-WKE1k7.png\",\"contentUrl\":\"https:\/\/www.cofb.org\/wp-content\/uploads\/2021\/11\/c904137e-1168-4bb9-a7a6-fe1f02924d45-WKE1k7.png\",\"width\":1170,\"height\":580},{\"@type\":\"BreadcrumbList\",\"@id\":\"https:\/\/novaorg.cofb.net\/2021\/11\/18\/farmaceutics-ques-de-barcelona-collaboren-en-diferents-iniciatives-per-incidir-en-la-importancia-de-fer-un-us-racional-dels-antibiotics-i-evitar-laparicio-de-resistencies-3\/#breadcrumb\",\"itemListElement\":[{\"@type\":\"ListItem\",\"position\":1,\"name\":\"Inici\",\"item\":\"https:\/\/novaorg.cofb.net\/\"},{\"@type\":\"ListItem\",\"position\":2,\"name\":\"Farmac\u00e8utics\/ques de Barcelona col\u00b7laboren en diferents iniciatives per incidir en la import\u00e0ncia de fer un \u00fas racional dels antibi\u00f2tics i evitar l\u2019aparici\u00f3 de resist\u00e8ncies\"}]},{\"@type\":\"WebSite\",\"@id\":\"https:\/\/www.cofb.org\/#website\",\"url\":\"https:\/\/www.cofb.org\/\",\"name\":\"Col\u00b7legi de Farmac\u00e8utics de Barcelona\",\"description\":\"\",\"publisher\":{\"@id\":\"https:\/\/www.cofb.org\/#organization\"},\"potentialAction\":[{\"@type\":\"SearchAction\",\"target\":{\"@type\":\"EntryPoint\",\"urlTemplate\":\"https:\/\/www.cofb.org\/?s={search_term_string}\"},\"query-input\":\"required name=search_term_string\"}],\"inLanguage\":\"es\"},{\"@type\":\"Organization\",\"@id\":\"https:\/\/www.cofb.org\/#organization\",\"name\":\"Col\u00b7legi de Farmac\u00e8utics de Barcelona\",\"url\":\"https:\/\/www.cofb.org\/\",\"logo\":{\"@type\":\"ImageObject\",\"inLanguage\":\"es\",\"@id\":\"https:\/\/www.cofb.org\/#\/schema\/logo\/image\/\",\"url\":\"https:\/\/www.cofb.org\/wp-content\/uploads\/2023\/11\/cropped-Logotip-COFB.png\",\"contentUrl\":\"https:\/\/www.cofb.org\/wp-content\/uploads\/2023\/11\/cropped-Logotip-COFB.png\",\"width\":500,\"height\":105,\"caption\":\"Col\u00b7legi de Farmac\u00e8utics de Barcelona\"},\"image\":{\"@id\":\"https:\/\/www.cofb.org\/#\/schema\/logo\/image\/\"},\"sameAs\":[\"https:\/\/www.facebook.com\/farmaceuticsbcn\/\",\"https:\/\/twitter.com\/farmaceuticsbcn\",\"https:\/\/www.instagram.com\/farmaceuticsbcn\/\",\"https:\/\/www.linkedin.com\/company\/farmaceuticsbcn\/\"]},{\"@type\":\"Person\",\"@id\":\"https:\/\/www.cofb.org\/#\/schema\/person\/22ed7eea88da74b0fa4d3154ad87ffcb\",\"name\":\"wpAdminCofbOrg\",\"image\":{\"@type\":\"ImageObject\",\"inLanguage\":\"es\",\"@id\":\"https:\/\/www.cofb.org\/#\/schema\/person\/image\/\",\"url\":\"https:\/\/secure.gravatar.com\/avatar\/1721b20b3b8ca882c3b56ec6c978c594fff670e40c0718e9190eaeeb76aae7d8?s=96&d=mm&r=g\",\"contentUrl\":\"https:\/\/secure.gravatar.com\/avatar\/1721b20b3b8ca882c3b56ec6c978c594fff670e40c0718e9190eaeeb76aae7d8?s=96&d=mm&r=g\",\"caption\":\"wpAdminCofbOrg\"},\"sameAs\":[\"http:\/\/192.168.64.122\/wordpress\"],\"url\":\"https:\/\/www.cofb.org\/es\/author\/wpadmincofborg\/\"}]}<\/script>\n<!-- \/ Yoast SEO plugin. -->","yoast_head_json":{"title":"Farmac\u00e8utics\/ques de Barcelona col\u00b7laboren en diferents iniciatives per incidir en la import\u00e0ncia de fer un \u00fas racional dels antibi\u00f2tics i evitar l\u2019aparici\u00f3 de resist\u00e8ncies - Col\u00b7legi de Farmac\u00e8utics de Barcelona","robots":{"index":"index","follow":"follow","max-snippet":"max-snippet:-1","max-image-preview":"max-image-preview:large","max-video-preview":"max-video-preview:-1"},"canonical":"https:\/\/novaorg.cofb.net\/2021\/11\/18\/farmaceutics-ques-de-barcelona-collaboren-en-diferents-iniciatives-per-incidir-en-la-importancia-de-fer-un-us-racional-dels-antibiotics-i-evitar-laparicio-de-resistencies-3\/","og_locale":"es_ES","og_type":"article","og_title":"Farmac\u00e8utics\/ques de Barcelona col\u00b7laboren en diferents iniciatives per incidir en la import\u00e0ncia de fer un \u00fas racional dels antibi\u00f2tics i evitar l\u2019aparici\u00f3 de resist\u00e8ncies - Col\u00b7legi de Farmac\u00e8utics de Barcelona","og_description":"\u00a0 S\u2019estima que l\u2019any 2050 la resist\u00e8ncia als antibi\u00f2tics ser\u00e0 la primera causa de mortalitat al m\u00f3n. Per ajudar a evitar la que podria ser una nova pand\u00e8mia, dins el projecte SAFE \u00a0(Superbug Awareness for Education) s\u2019han elaborat un seguit de v\u00eddeos amb consells, dels quals el Col\u00b7legi de Farmac\u00e8utics [&hellip;]","og_url":"https:\/\/novaorg.cofb.net\/2021\/11\/18\/farmaceutics-ques-de-barcelona-collaboren-en-diferents-iniciatives-per-incidir-en-la-importancia-de-fer-un-us-racional-dels-antibiotics-i-evitar-laparicio-de-resistencies-3\/","og_site_name":"Col\u00b7legi de Farmac\u00e8utics de Barcelona","article_publisher":"https:\/\/www.facebook.com\/farmaceuticsbcn\/","article_published_time":"2021-11-18T10:51:00+00:00","author":"wpAdminCofbOrg","twitter_card":"summary_large_image","twitter_creator":"@farmaceuticsbcn","twitter_site":"@farmaceuticsbcn","twitter_misc":{"Escrito por":"wpAdminCofbOrg","Tiempo de lectura":"10 minutos"},"schema":{"@context":"https:\/\/schema.org","@graph":[{"@type":"Article","@id":"https:\/\/novaorg.cofb.net\/2021\/11\/18\/farmaceutics-ques-de-barcelona-collaboren-en-diferents-iniciatives-per-incidir-en-la-importancia-de-fer-un-us-racional-dels-antibiotics-i-evitar-laparicio-de-resistencies-3\/#article","isPartOf":{"@id":"https:\/\/novaorg.cofb.net\/2021\/11\/18\/farmaceutics-ques-de-barcelona-collaboren-en-diferents-iniciatives-per-incidir-en-la-importancia-de-fer-un-us-racional-dels-antibiotics-i-evitar-laparicio-de-resistencies-3\/"},"author":{"name":"wpAdminCofbOrg","@id":"https:\/\/www.cofb.org\/#\/schema\/person\/22ed7eea88da74b0fa4d3154ad87ffcb"},"headline":"Farmac\u00e8utics\/ques de Barcelona col\u00b7laboren en diferents iniciatives per incidir en la import\u00e0ncia de fer un \u00fas racional dels antibi\u00f2tics i evitar l\u2019aparici\u00f3 de resist\u00e8ncies","datePublished":"2021-11-18T10:51:00+00:00","dateModified":"2021-11-18T10:51:00+00:00","mainEntityOfPage":{"@id":"https:\/\/novaorg.cofb.net\/2021\/11\/18\/farmaceutics-ques-de-barcelona-collaboren-en-diferents-iniciatives-per-incidir-en-la-importancia-de-fer-un-us-racional-dels-antibiotics-i-evitar-laparicio-de-resistencies-3\/"},"wordCount":2115,"publisher":{"@id":"https:\/\/www.cofb.org\/#organization"},"image":{"@id":"https:\/\/novaorg.cofb.net\/2021\/11\/18\/farmaceutics-ques-de-barcelona-collaboren-en-diferents-iniciatives-per-incidir-en-la-importancia-de-fer-un-us-racional-dels-antibiotics-i-evitar-laparicio-de-resistencies-3\/#primaryimage"},"thumbnailUrl":"https:\/\/www.cofb.org\/wp-content\/uploads\/2021\/11\/c904137e-1168-4bb9-a7a6-fe1f02924d45-WKE1k7.png","articleSection":["Notes de premsa","Sense categoria"],"inLanguage":"es"},{"@type":"WebPage","@id":"https:\/\/novaorg.cofb.net\/2021\/11\/18\/farmaceutics-ques-de-barcelona-collaboren-en-diferents-iniciatives-per-incidir-en-la-importancia-de-fer-un-us-racional-dels-antibiotics-i-evitar-laparicio-de-resistencies-3\/","url":"https:\/\/novaorg.cofb.net\/2021\/11\/18\/farmaceutics-ques-de-barcelona-collaboren-en-diferents-iniciatives-per-incidir-en-la-importancia-de-fer-un-us-racional-dels-antibiotics-i-evitar-laparicio-de-resistencies-3\/","name":"Farmac\u00e8utics\/ques de Barcelona col\u00b7laboren en diferents iniciatives per incidir en la import\u00e0ncia de fer un \u00fas racional dels antibi\u00f2tics i evitar l\u2019aparici\u00f3 de resist\u00e8ncies - Col\u00b7legi de Farmac\u00e8utics de Barcelona","isPartOf":{"@id":"https:\/\/www.cofb.org\/#website"},"primaryImageOfPage":{"@id":"https:\/\/novaorg.cofb.net\/2021\/11\/18\/farmaceutics-ques-de-barcelona-collaboren-en-diferents-iniciatives-per-incidir-en-la-importancia-de-fer-un-us-racional-dels-antibiotics-i-evitar-laparicio-de-resistencies-3\/#primaryimage"},"image":{"@id":"https:\/\/novaorg.cofb.net\/2021\/11\/18\/farmaceutics-ques-de-barcelona-collaboren-en-diferents-iniciatives-per-incidir-en-la-importancia-de-fer-un-us-racional-dels-antibiotics-i-evitar-laparicio-de-resistencies-3\/#primaryimage"},"thumbnailUrl":"https:\/\/www.cofb.org\/wp-content\/uploads\/2021\/11\/c904137e-1168-4bb9-a7a6-fe1f02924d45-WKE1k7.png","datePublished":"2021-11-18T10:51:00+00:00","dateModified":"2021-11-18T10:51:00+00:00","breadcrumb":{"@id":"https:\/\/novaorg.cofb.net\/2021\/11\/18\/farmaceutics-ques-de-barcelona-collaboren-en-diferents-iniciatives-per-incidir-en-la-importancia-de-fer-un-us-racional-dels-antibiotics-i-evitar-laparicio-de-resistencies-3\/#breadcrumb"},"inLanguage":"es","potentialAction":[{"@type":"ReadAction","target":["https:\/\/novaorg.cofb.net\/2021\/11\/18\/farmaceutics-ques-de-barcelona-collaboren-en-diferents-iniciatives-per-incidir-en-la-importancia-de-fer-un-us-racional-dels-antibiotics-i-evitar-laparicio-de-resistencies-3\/"]}]},{"@type":"ImageObject","inLanguage":"es","@id":"https:\/\/novaorg.cofb.net\/2021\/11\/18\/farmaceutics-ques-de-barcelona-collaboren-en-diferents-iniciatives-per-incidir-en-la-importancia-de-fer-un-us-racional-dels-antibiotics-i-evitar-laparicio-de-resistencies-3\/#primaryimage","url":"https:\/\/www.cofb.org\/wp-content\/uploads\/2021\/11\/c904137e-1168-4bb9-a7a6-fe1f02924d45-WKE1k7.png","contentUrl":"https:\/\/www.cofb.org\/wp-content\/uploads\/2021\/11\/c904137e-1168-4bb9-a7a6-fe1f02924d45-WKE1k7.png","width":1170,"height":580},{"@type":"BreadcrumbList","@id":"https:\/\/novaorg.cofb.net\/2021\/11\/18\/farmaceutics-ques-de-barcelona-collaboren-en-diferents-iniciatives-per-incidir-en-la-importancia-de-fer-un-us-racional-dels-antibiotics-i-evitar-laparicio-de-resistencies-3\/#breadcrumb","itemListElement":[{"@type":"ListItem","position":1,"name":"Inici","item":"https:\/\/novaorg.cofb.net\/"},{"@type":"ListItem","position":2,"name":"Farmac\u00e8utics\/ques de Barcelona col\u00b7laboren en diferents iniciatives per incidir en la import\u00e0ncia de fer un \u00fas racional dels antibi\u00f2tics i evitar l\u2019aparici\u00f3 de resist\u00e8ncies"}]},{"@type":"WebSite","@id":"https:\/\/www.cofb.org\/#website","url":"https:\/\/www.cofb.org\/","name":"Col\u00b7legi de Farmac\u00e8utics de Barcelona","description":"","publisher":{"@id":"https:\/\/www.cofb.org\/#organization"},"potentialAction":[{"@type":"SearchAction","target":{"@type":"EntryPoint","urlTemplate":"https:\/\/www.cofb.org\/?s={search_term_string}"},"query-input":"required name=search_term_string"}],"inLanguage":"es"},{"@type":"Organization","@id":"https:\/\/www.cofb.org\/#organization","name":"Col\u00b7legi de Farmac\u00e8utics de Barcelona","url":"https:\/\/www.cofb.org\/","logo":{"@type":"ImageObject","inLanguage":"es","@id":"https:\/\/www.cofb.org\/#\/schema\/logo\/image\/","url":"https:\/\/www.cofb.org\/wp-content\/uploads\/2023\/11\/cropped-Logotip-COFB.png","contentUrl":"https:\/\/www.cofb.org\/wp-content\/uploads\/2023\/11\/cropped-Logotip-COFB.png","width":500,"height":105,"caption":"Col\u00b7legi de Farmac\u00e8utics de Barcelona"},"image":{"@id":"https:\/\/www.cofb.org\/#\/schema\/logo\/image\/"},"sameAs":["https:\/\/www.facebook.com\/farmaceuticsbcn\/","https:\/\/twitter.com\/farmaceuticsbcn","https:\/\/www.instagram.com\/farmaceuticsbcn\/","https:\/\/www.linkedin.com\/company\/farmaceuticsbcn\/"]},{"@type":"Person","@id":"https:\/\/www.cofb.org\/#\/schema\/person\/22ed7eea88da74b0fa4d3154ad87ffcb","name":"wpAdminCofbOrg","image":{"@type":"ImageObject","inLanguage":"es","@id":"https:\/\/www.cofb.org\/#\/schema\/person\/image\/","url":"https:\/\/secure.gravatar.com\/avatar\/1721b20b3b8ca882c3b56ec6c978c594fff670e40c0718e9190eaeeb76aae7d8?s=96&d=mm&r=g","contentUrl":"https:\/\/secure.gravatar.com\/avatar\/1721b20b3b8ca882c3b56ec6c978c594fff670e40c0718e9190eaeeb76aae7d8?s=96&d=mm&r=g","caption":"wpAdminCofbOrg"},"sameAs":["http:\/\/192.168.64.122\/wordpress"],"url":"https:\/\/www.cofb.org\/es\/author\/wpadmincofborg\/"}]}},"uagb_featured_image_src":{"full":["https:\/\/www.cofb.org\/wp-content\/uploads\/2021\/11\/c904137e-1168-4bb9-a7a6-fe1f02924d45-WKE1k7.png",1170,580,false],"thumbnail":["https:\/\/www.cofb.org\/wp-content\/uploads\/2021\/11\/c904137e-1168-4bb9-a7a6-fe1f02924d45-WKE1k7-150x150.png",150,150,true],"medium":["https:\/\/www.cofb.org\/wp-content\/uploads\/2021\/11\/c904137e-1168-4bb9-a7a6-fe1f02924d45-WKE1k7-300x149.png",300,149,true],"medium_large":["https:\/\/www.cofb.org\/wp-content\/uploads\/2021\/11\/c904137e-1168-4bb9-a7a6-fe1f02924d45-WKE1k7-768x381.png",768,381,true],"large":["https:\/\/www.cofb.org\/wp-content\/uploads\/2021\/11\/c904137e-1168-4bb9-a7a6-fe1f02924d45-WKE1k7-1024x508.png",1024,508,true],"1536x1536":["https:\/\/www.cofb.org\/wp-content\/uploads\/2021\/11\/c904137e-1168-4bb9-a7a6-fe1f02924d45-WKE1k7.png",1170,580,false],"2048x2048":["https:\/\/www.cofb.org\/wp-content\/uploads\/2021\/11\/c904137e-1168-4bb9-a7a6-fe1f02924d45-WKE1k7.png",1170,580,false],"trp-custom-language-flag":["https:\/\/www.cofb.org\/wp-content\/uploads\/2021\/11\/c904137e-1168-4bb9-a7a6-fe1f02924d45-WKE1k7-18x9.png",18,9,true]},"uagb_author_info":{"display_name":"wpAdminCofbOrg","author_link":"https:\/\/www.cofb.org\/es\/author\/wpadmincofborg\/"},"uagb_comment_info":0,"uagb_excerpt":"\u00a0 S\u2019estima que l\u2019any 2050 la resist\u00e8ncia als antibi\u00f2tics ser\u00e0 la primera causa de mortalitat al m\u00f3n. Per ajudar a evitar la que podria ser una nova pand\u00e8mia, dins el projecte SAFE \u00a0(Superbug Awareness for Education) s\u2019han elaborat un seguit de v\u00eddeos amb consells, dels quals el Col\u00b7legi de Farmac\u00e8utics [&hellip;]","_links":{"self":[{"href":"https:\/\/www.cofb.org\/es\/wp-json\/wp\/v2\/posts\/77905","targetHints":{"allow":["GET"]}}],"collection":[{"href":"https:\/\/www.cofb.org\/es\/wp-json\/wp\/v2\/posts"}],"about":[{"href":"https:\/\/www.cofb.org\/es\/wp-json\/wp\/v2\/types\/post"}],"author":[{"embeddable":true,"href":"https:\/\/www.cofb.org\/es\/wp-json\/wp\/v2\/users\/1"}],"replies":[{"embeddable":true,"href":"https:\/\/www.cofb.org\/es\/wp-json\/wp\/v2\/comments?post=77905"}],"version-history":[{"count":0,"href":"https:\/\/www.cofb.org\/es\/wp-json\/wp\/v2\/posts\/77905\/revisions"}],"wp:featuredmedia":[{"embeddable":true,"href":"https:\/\/www.cofb.org\/es\/wp-json\/wp\/v2\/media\/77906"}],"wp:attachment":[{"href":"https:\/\/www.cofb.org\/es\/wp-json\/wp\/v2\/media?parent=77905"}],"wp:term":[{"taxonomy":"category","embeddable":true,"href":"https:\/\/www.cofb.org\/es\/wp-json\/wp\/v2\/categories?post=77905"},{"taxonomy":"post_tag","embeddable":true,"href":"https:\/\/www.cofb.org\/es\/wp-json\/wp\/v2\/tags?post=77905"}],"curies":[{"name":"wp","href":"https:\/\/api.w.org\/{rel}","templated":true}]}}