{"id":77878,"date":"2024-02-28T18:20:00","date_gmt":"2024-02-28T18:20:00","guid":{"rendered":"https:\/\/novaorg.cofb.net\/2024\/02\/28\/infarma-solidari-2024-promoura-un-projecte-de-cooperacio-farmaceutica-a-uganda-2\/"},"modified":"2024-04-05T11:11:51","modified_gmt":"2024-04-05T11:11:51","slug":"infarma-solidari-2024-promoura-un-projecte-de-cooperacio-farmaceutica-a-uganda-2","status":"publish","type":"post","link":"https:\/\/www.cofb.org\/es\/2024\/02\/28\/infarma-solidari-2024-promoura-un-projecte-de-cooperacio-farmaceutica-a-uganda-2\/","title":{"rendered":"&#039;Infarma Solidario 2024&#039; promover\u00e1 un proyecto de cooperaci\u00f3n farmac\u00e9utica en Uganda"},"content":{"rendered":"<p>\u00a0<\/p>\n<p><em>Barcelona, 28 de febrero de 2024.-<\/em>\u00a0Infarma Solidario abrazar\u00e1 una nueva causa humanitaria en el Congreso Europeo de Farmacia y Sal\u00f3n de Medicamentos y Parafarmacia que organizan los colegios oficiales de farmac\u00e9uticos de Madrid y Barcelona, en colaboraci\u00f3n con CloserStill, y que tendr\u00e1 lugar entre el 19 y el 21 de marzo en el recinto ferial de IFEMA Madrid.<\/p>\n<p>El proyecto seleccionado en la presente edici\u00f3n, donde se volcar\u00e1 el apoyo y solidaridad de los farmac\u00e9uticos, empresas y organizaciones que se dar\u00e1n cita en Infarma, permitir\u00e1 la capacitaci\u00f3n t\u00e9cnica de alumnos de Farmacia en la Universidad de Makerere y la mejora de los servicios de farmacia en el hospital de Saint Joseph, de Kitgum, en Uganda.<\/p>\n<p>Liderado por la Fundaci\u00f3n El Alto, una ONG farmac\u00e9utica-sanitaria con sede en Vinar\u00f2s (Castell\u00f3n), que lleva trabajando en el pa\u00eds africano desde 2013, el proyecto reforzar\u00e1 el derecho a la protecci\u00f3n de la salud de la poblaci\u00f3n mediante el asesoramiento y la capacitaci\u00f3n t\u00e9cnica de los alumnos de la Facultad de Farmacia de la Universidad de Makerere, en la capital de Uganda, Kampala, y la mejora de los servicios de farmacia del hospital de San Jos\u00e9, de Kitgum, contribuyendo as\u00ed a fortalecer las capacidades locales y dar continuidad a la labor de la fundaci\u00f3n en esta regi\u00f3n.<\/p>\n<p>Los fondos recaudados en Infarma Solidario servir\u00e1n para sufragar durante un a\u00f1o la formaci\u00f3n continua de los farmac\u00e9uticos y potenciar la relaci\u00f3n entre los servicios de la farmacia hospitalaria y el laboratorio de formulaci\u00f3n magistral del centro, as\u00ed como emprender acciones de educaci\u00f3n en la salud y mejora acceso a los medicamentos y tratamientos en la poblaci\u00f3n local. Se beneficiar\u00e1 de forma directa a una comunidad de 43.800 personas, entre alumnos, profesores, pacientes y profesionales del hospital, y de forma indirecta, a m\u00e1s de 1,3 millones de personas.<\/p>\n<p>El presidente de la Fundaci\u00f3n El Alto, David Roca, valora el apoyo de Infarma Solidario: \u201cLo importante es visibilizar una realidad tan complicada como la que estamos viviendo en Uganda; a nivel farmac\u00e9utico es un pa\u00eds con necesidades muy grandes, con una gran poblaci\u00f3n de refugiados de Sud\u00e1n del Sur que requiere una atenci\u00f3n especial y el acceso a medicamentos esenciales\u201d. \u201cEstamos capacitando al equipo sanitario ugand\u00e9s para hacer formulaci\u00f3n magistral de calidad -explica el fundador de la ONG y farmac\u00e9utico comunitario de Vinar\u00f2s-, y estamos tambi\u00e9n trabajando con la Facultad de Farmacia de la Universidad para hacer uso y mejorar las instalaciones. ciones del laboratorio de formulaci\u00f3n magistral\u201d.<\/p>\n<p><strong>Convocatoria p\u00fablica 2024<\/strong><\/p>\n<p>Hasta 18 proyectos de ayuda farmac\u00e9utica y humanitaria se han presentado en esta edici\u00f3n por entidades sin \u00e1nimo de lucro. En la convocatoria p\u00fablica anual abierta por Infarma Solidario para seleccionar el proyecto humanitario han participado algunas de las principales fundaciones, asociaciones y organizaciones no gubernamentales que m\u00e1s se han significado en la ayuda a los colectivos m\u00e1s desfavorecidos y la atenci\u00f3n de pacientes cr\u00f3nicos de esclerosis m\u00faltiple, Alzheimer o Parkinson, oncol\u00f3gicos, situaciones de discapacidad o problemas de adicciones.<\/p>\n<p>Entre los proyectos presentados se encuentran iniciativas de cooperaci\u00f3n internacional en pa\u00edses como Camer\u00fan, Etiop\u00eda, Guatemala, Ucrania, Uganda o Bangladesh, as\u00ed como de \u00e1mbito nacional, enfocadas en las distintas comunidades aut\u00f3nomas.<\/p>\n<p>La organizaci\u00f3n ha tenido en cuenta, entre otros criterios de valoraci\u00f3n, la trayectoria y especializaci\u00f3n contrastada de los proyectos presentados por entidades sin \u00e1nimo de lucro, la inclusi\u00f3n de aspectos de educaci\u00f3n y capacitaci\u00f3n en la poblaci\u00f3n destinataria relacionados con la prevenci\u00f3n de las enfermedades y\/o la promoci\u00f3n de h\u00e1bitos saludables, as\u00ed como el papel de los farmac\u00e9uticos como profesionales sanitarios.<\/p>\n<p><strong>Concierto solidario: &#039;La Guardia Gira 40 aniversario&#039;<\/strong><\/p>\n<p>Infarma celebrar\u00e1 el pr\u00f3ximo 20 de marzo un <a href=\"https:\/\/salabut.es\/concierto-benefico-la-guardia\" target=\"_blank\" rel=\"noopener\">concierto ben\u00e9fico <\/a>a cargo del grupo de m\u00fasica rock &quot;La Guardia&quot; con el fin de recaudar fondos a trav\u00e9s de la venta de entradas y patrocinios, que se destinar\u00e1n \u00edntegramente al proyecto seleccionado en esta edici\u00f3n de Infarma Solidario.<\/p>\n<p>El presidente del COFM, Manuel Mart\u00ednez del Peral, ha agradecido la labor que desarrollan las 18 entidades que se han presentado en la convocatoria, en la l\u00ednea de transparencia y de compromiso social de este encuentro farmac\u00e9utico: \u201cTodas las iniciativas presentadas tienen un gran valor sanitario, social y humano y enlazan con la vertiente social de la profesi\u00f3n farmac\u00e9utica; adem\u00e1s, son l\u00edneas de colaboraci\u00f3n abiertas para un sector que cada edici\u00f3n de Infarma demuestra su solidaridad y sus enormes ganas de trabajar y estar cerca de las personas que m\u00e1s lo necesitan para garantizarles el mejor acceso posible a los tratamientos y el cuidado de su salud\u201d, se\u00f1ala.<\/p>\n<p>Desde 2016, Infarma Solidario impulsa el compromiso social en el \u00e1mbito farmac\u00e9utico a trav\u00e9s de diferentes actividades ben\u00e9ficas, divulgando la acci\u00f3n social y solidaria de los diferentes agentes del sector farmac\u00e9utico y promoviendo acciones que permitan recaudar fondos solidarios destinados \u00edntegramente a la financiaci\u00f3n de proyectos de \u00e1mbito sanitario, humanitario y social.<\/p>\n<p>\u00a0Barcelona, 28 de febrero de 2024.- Infarma Solidario abarcar\u00e1 una nueva causa humanitaria en el Congreso Europeo de Farmacia y Sal\u00f3n de Medicamentos y Parafarmacia que organizan los colegios oficiales de farmac\u00e9uticos de Madrid y Barcelona, en colaboraci\u00f3n con CloserStill, y que tendr\u00e1 lugar entre el 19 y el 21 de marzo en el recinto ferial de IFEMA Madrid.<\/p>\n<p>El proyecto seleccionado en la presente edici\u00f3n, donde se volcar\u00e1 el apoyo y solidaridad de los farmac\u00e9uticos, empresas y organizaciones que se dar\u00e1n cita en Infarma, permitir\u00e1 la capacitaci\u00f3n t\u00e9cnica de alumnos de Farmacia en la Universidad de Makerere y la mejora de los servicios de farmacia en el hospital de Saint Joseph, de Kitgum, en Uganda.<\/p>\n<p>Liderado por la Fundaci\u00f3n El Alto, una ONG farmac\u00e9utica-sanitaria con sede en Vinar\u00f2s (Castell\u00f3n), que lleva trabajando en el pa\u00eds africano desde 2013, el proyecto reforzar\u00e1 el derecho a la protecci\u00f3n de la salud de la poblaci\u00f3n mediante el asesoramiento y la capacitaci\u00f3n t\u00e9cnica de los alumnos de la Facultad de Farmacia de la Universidad de Makerere, en la capital de Uganda, Kampala, y la mejora de los servicios de farmacia del hospital de San Jos\u00e9, de Kitgum, contribuyendo as\u00ed a fortalecer las capacidades locales y dar continuidad a la labor de la fundaci\u00f3n en esta regi\u00f3n.<\/p>\n<p>Los fondos recaudados en Infarma Solidario servir\u00e1n para sufragar durante un a\u00f1o la formaci\u00f3n continua de los farmac\u00e9uticos y potenciar la relaci\u00f3n entre los servicios de la farmacia hospitalaria y el laboratorio de formulaci\u00f3n magistral del centro, as\u00ed como emprender acciones de educaci\u00f3n en la salud y mejora acceso a los medicamentos y tratamientos en la poblaci\u00f3n local. Se beneficiar\u00e1 de forma directa a una comunidad de 43.800 personas, entre alumnos, profesores, pacientes y profesionales del hospital, y de forma indirecta, a m\u00e1s de 1,3 millones de personas.<\/p>\n<p>El presidente de la Fundaci\u00f3n El Alto, David Roca, valora el apoyo de Infarma Solidario: \u201cLo importante es visibilizar una realidad tan complicada como la que estamos viviendo en Uganda; a nivel farmac\u00e9utico es un pa\u00eds con necesidades muy grandes, con una gran poblaci\u00f3n de refugiados de Sud\u00e1n del Sur que requiere una atenci\u00f3n especial y el acceso a medicamentos esenciales\u201d. \u201cEstamos capacitando al equipo sanitario ugand\u00e9s para hacer formulaci\u00f3n magistral de calidad -explica el fundador de la ONG y farmac\u00e9utico comunitario de Vinar\u00f2s-, y estamos tambi\u00e9n trabajando con la Facultad de Farmacia de la Universidad para hacer uso y mejorar las instalaciones. ciones del laboratorio de formulaci\u00f3n magistral\u201d.<\/p>\n<p>Convocatoria p\u00fablica 2024<\/p>\n<p>Hasta 18 proyectos de ayuda farmac\u00e9utica y humanitaria se han presentado en esta edici\u00f3n por entidades sin \u00e1nimo de lucro. En la convocatoria p\u00fablica anual abierta por Infarma Solidario para seleccionar el proyecto humanitario han participado algunas de las principales fundaciones, asociaciones y organizaciones no gubernamentales que m\u00e1s se han significado en la ayuda a los colectivos m\u00e1s desfavorecidos y la atenci\u00f3n de pacientes cr\u00f3nicos de esclerosis m\u00faltiple, Alzheimer o Parkinson, oncol\u00f3gicos, situaciones de discapacidad o problemas de adicciones.<\/p>\n<p>Entre los proyectos presentados se encuentran iniciativas de cooperaci\u00f3n internacional en pa\u00edses como Camer\u00fan, Etiop\u00eda, Guatemala, Ucrania, Uganda o Bangladesh, as\u00ed como de \u00e1mbito nacional, enfocadas en las distintas comunidades aut\u00f3nomas.<\/p>\n<p>La organizaci\u00f3n ha tenido en cuenta, entre otros criterios de valoraci\u00f3n, la trayectoria y especializaci\u00f3n contrastada de los proyectos presentados por entidades sin \u00e1nimo de lucro, la inclusi\u00f3n de aspectos de educaci\u00f3n y capacitaci\u00f3n en la poblaci\u00f3n destinataria relacionados con la prevenci\u00f3n de las enfermedades y\/o la promoci\u00f3n de h\u00e1bitos saludables, as\u00ed como el papel de los farmac\u00e9uticos como profesionales sanitarios.<\/p>\n<p>Concierto solidario: &#039;La Guardia Gira 40 aniversario&#039;<\/p>\n<p>Infarma celebrar\u00e1 el pr\u00f3ximo 20 de marzo un concierto ben\u00e9fico a cargo del grupo de m\u00fasica rock &quot;La Guardia&quot; con el fin de recaudar fondos a trav\u00e9s de la venta de entradas y patrocinios, que se destinar\u00e1n \u00edntegramente al proyecto seleccionado en esta edici\u00f3n de Infarma Solidario.<\/p>\n<p>El presidente del COFM, Manuel Mart\u00ednez del Peral, ha agradecido la labor que desarrollan las 18 entidades que se han presentado en la convocatoria, en la l\u00ednea de transparencia y de compromiso social de este encuentro farmac\u00e9utico: \u201cTodas las iniciativas presentadas tienen un gran valor sanitario, social y humano y enlazan con la vertiente social de la profesi\u00f3n farmac\u00e9utica; adem\u00e1s, son l\u00edneas de colaboraci\u00f3n abiertas para un sector que cada edici\u00f3n de Infarma demuestra su solidaridad y sus enormes ganas de trabajar y estar cerca de las personas que m\u00e1s lo necesitan para garantizarles el mejor acceso posible a los tratamientos y el cuidado de su salud\u201d, se\u00f1ala.<\/p>\n<p>Desde 2016, Infarma Solidario impulsa el compromiso social en el \u00e1mbito farmac\u00e9utico a trav\u00e9s de diferentes actividades ben\u00e9ficas, divulgando la acci\u00f3n social y solidaria de los diferentes agentes del sector farmac\u00e9utico y promoviendo acciones que permitan recaudar fondos solidarios destinados \u00edntegramente a la financiaci\u00f3n de proyectos de \u00e1mbito sanitario, humanitario y social.  COFB.ORG<\/p>","protected":false},"excerpt":{"rendered":"<p>\u00a0 Barcelona, 28 de febrero de 2024.- Infarma Solidario abarcar\u00e1 una nueva causa humanitaria en el Congreso Europeo de Farmacia y Sal\u00f3n de Medicamentos y Parafarmacia que organizan los colegios oficiales de farmac\u00e9uticos de Madrid y Barcelona, en colaboraci\u00f3n con CloserStill, y que tendr\u00e1 lugar entre el 19 y el 21 [\u2026]<\/p>","protected":false},"author":1,"featured_media":77879,"comment_status":"closed","ping_status":"closed","sticky":false,"template":"","format":"aside","meta":{"_uag_custom_page_level_css":"","site-sidebar-layout":"default","site-content-layout":"","ast-site-content-layout":"default","site-content-style":"default","site-sidebar-style":"default","ast-global-header-display":"","ast-banner-title-visibility":"","ast-main-header-display":"","ast-hfb-above-header-display":"","ast-hfb-below-header-display":"","ast-hfb-mobile-header-display":"","site-post-title":"","ast-breadcrumbs-content":"","ast-featured-img":"disabled","footer-sml-layout":"","theme-transparent-header-meta":"","adv-header-id-meta":"","stick-header-meta":"","header-above-stick-meta":"","header-main-stick-meta":"","header-below-stick-meta":"","astra-migrate-meta-layouts":"set","ast-page-background-enabled":"default","ast-page-background-meta":{"desktop":{"background-color":"var(--ast-global-color-4)","background-image":"","background-repeat":"repeat","background-position":"center center","background-size":"auto","background-attachment":"scroll","background-type":"","background-media":"","overlay-type":"","overlay-color":"","overlay-opacity":"","overlay-gradient":""},"tablet":{"background-color":"","background-image":"","background-repeat":"repeat","background-position":"center center","background-size":"auto","background-attachment":"scroll","background-type":"","background-media":"","overlay-type":"","overlay-color":"","overlay-opacity":"","overlay-gradient":""},"mobile":{"background-color":"","background-image":"","background-repeat":"repeat","background-position":"center center","background-size":"auto","background-attachment":"scroll","background-type":"","background-media":"","overlay-type":"","overlay-color":"","overlay-opacity":"","overlay-gradient":""}},"ast-content-background-meta":{"desktop":{"background-color":"var(--ast-global-color-5)","background-image":"","background-repeat":"repeat","background-position":"center center","background-size":"auto","background-attachment":"scroll","background-type":"","background-media":"","overlay-type":"","overlay-color":"","overlay-opacity":"","overlay-gradient":""},"tablet":{"background-color":"var(--ast-global-color-5)","background-image":"","background-repeat":"repeat","background-position":"center center","background-size":"auto","background-attachment":"scroll","background-type":"","background-media":"","overlay-type":"","overlay-color":"","overlay-opacity":"","overlay-gradient":""},"mobile":{"background-color":"var(--ast-global-color-5)","background-image":"","background-repeat":"repeat","background-position":"center center","background-size":"auto","background-attachment":"scroll","background-type":"","background-media":"","overlay-type":"","overlay-color":"","overlay-opacity":"","overlay-gradient":""}},"footnotes":""},"categories":[1060],"tags":[],"class_list":["post-77878","post","type-post","status-publish","format-aside","has-post-thumbnail","hentry","category-notes-premsa","post_format-post-format-aside"],"yoast_head":"<!-- This site is optimized with the Yoast SEO plugin v22.4 - https:\/\/yoast.com\/wordpress\/plugins\/seo\/ -->\n<title>\u2018Infarma Solidari 2024\u2019 promour\u00e0 un projecte de cooperaci\u00f3 farmac\u00e8utica a Uganda - Col\u00b7legi de Farmac\u00e8utics de Barcelona<\/title>\n<meta name=\"robots\" content=\"index, follow, max-snippet:-1, max-image-preview:large, max-video-preview:-1\" \/>\n<link rel=\"canonical\" href=\"https:\/\/novaorg.cofb.net\/2024\/02\/28\/infarma-solidari-2024-promoura-un-projecte-de-cooperacio-farmaceutica-a-uganda-2\/\" \/>\n<meta property=\"og:locale\" content=\"es_ES\" \/>\n<meta property=\"og:type\" content=\"article\" \/>\n<meta property=\"og:title\" content=\"\u2018Infarma Solidari 2024\u2019 promour\u00e0 un projecte de cooperaci\u00f3 farmac\u00e8utica a Uganda - Col\u00b7legi de Farmac\u00e8utics de Barcelona\" \/>\n<meta property=\"og:description\" content=\"\u00a0 Barcelona, 28 de febrer de 2024.-\u00a0Infarma Solidari abra\u00e7ar\u00e0 una nova causa humanit\u00e0ria en el Congr\u00e9s Europeu de Farm\u00e0cia i Sal\u00f3 de Medicaments i Parafarm\u00e0cia que organitzen els col\u00b7legis oficials de farmac\u00e8utics de Madrid i Barcelona, en col\u00b7laboraci\u00f3 amb CloserStill, i que tindr\u00e0 lloc entre el 19 i el 21 [&hellip;]\" \/>\n<meta property=\"og:url\" content=\"https:\/\/novaorg.cofb.net\/2024\/02\/28\/infarma-solidari-2024-promoura-un-projecte-de-cooperacio-farmaceutica-a-uganda-2\/\" \/>\n<meta property=\"og:site_name\" content=\"Col\u00b7legi de Farmac\u00e8utics de Barcelona\" \/>\n<meta property=\"article:publisher\" content=\"https:\/\/www.facebook.com\/farmaceuticsbcn\/\" \/>\n<meta property=\"article:published_time\" content=\"2024-02-28T18:20:00+00:00\" \/>\n<meta property=\"article:modified_time\" content=\"2024-04-05T11:11:51+00:00\" \/>\n<meta property=\"og:image\" content=\"https:\/\/novaorg.cofb.net\/wp-content\/uploads\/2024\/02\/2df17213-c647-441a-9c92-3024e8cdc5ac-63mvaa.png\" \/>\n\t<meta property=\"og:image:width\" content=\"1600\" \/>\n\t<meta property=\"og:image:height\" content=\"900\" \/>\n\t<meta property=\"og:image:type\" content=\"image\/png\" \/>\n<meta name=\"author\" content=\"wpAdminCofbOrg\" \/>\n<meta name=\"twitter:card\" content=\"summary_large_image\" \/>\n<meta name=\"twitter:creator\" content=\"@farmaceuticsbcn\" \/>\n<meta name=\"twitter:site\" content=\"@farmaceuticsbcn\" \/>\n<meta name=\"twitter:label1\" content=\"Escrito por\" \/>\n\t<meta name=\"twitter:data1\" content=\"wpAdminCofbOrg\" \/>\n\t<meta name=\"twitter:label2\" content=\"Tiempo de lectura\" \/>\n\t<meta name=\"twitter:data2\" content=\"9 minutos\" \/>\n<script type=\"application\/ld+json\" class=\"yoast-schema-graph\">{\"@context\":\"https:\/\/schema.org\",\"@graph\":[{\"@type\":\"Article\",\"@id\":\"https:\/\/novaorg.cofb.net\/2024\/02\/28\/infarma-solidari-2024-promoura-un-projecte-de-cooperacio-farmaceutica-a-uganda-2\/#article\",\"isPartOf\":{\"@id\":\"https:\/\/novaorg.cofb.net\/2024\/02\/28\/infarma-solidari-2024-promoura-un-projecte-de-cooperacio-farmaceutica-a-uganda-2\/\"},\"author\":{\"name\":\"wpAdminCofbOrg\",\"@id\":\"https:\/\/www.cofb.org\/#\/schema\/person\/22ed7eea88da74b0fa4d3154ad87ffcb\"},\"headline\":\"\u2018Infarma Solidari 2024\u2019 promour\u00e0 un projecte de cooperaci\u00f3 farmac\u00e8utica a Uganda\",\"datePublished\":\"2024-02-28T18:20:00+00:00\",\"dateModified\":\"2024-04-05T11:11:51+00:00\",\"mainEntityOfPage\":{\"@id\":\"https:\/\/novaorg.cofb.net\/2024\/02\/28\/infarma-solidari-2024-promoura-un-projecte-de-cooperacio-farmaceutica-a-uganda-2\/\"},\"wordCount\":1767,\"publisher\":{\"@id\":\"https:\/\/www.cofb.org\/#organization\"},\"image\":{\"@id\":\"https:\/\/novaorg.cofb.net\/2024\/02\/28\/infarma-solidari-2024-promoura-un-projecte-de-cooperacio-farmaceutica-a-uganda-2\/#primaryimage\"},\"thumbnailUrl\":\"https:\/\/www.cofb.org\/wp-content\/uploads\/2024\/02\/2df17213-c647-441a-9c92-3024e8cdc5ac-63mvaa.png\",\"articleSection\":[\"Notes de premsa\"],\"inLanguage\":\"es\"},{\"@type\":\"WebPage\",\"@id\":\"https:\/\/novaorg.cofb.net\/2024\/02\/28\/infarma-solidari-2024-promoura-un-projecte-de-cooperacio-farmaceutica-a-uganda-2\/\",\"url\":\"https:\/\/novaorg.cofb.net\/2024\/02\/28\/infarma-solidari-2024-promoura-un-projecte-de-cooperacio-farmaceutica-a-uganda-2\/\",\"name\":\"\u2018Infarma Solidari 2024\u2019 promour\u00e0 un projecte de cooperaci\u00f3 farmac\u00e8utica a Uganda - Col\u00b7legi de Farmac\u00e8utics de Barcelona\",\"isPartOf\":{\"@id\":\"https:\/\/www.cofb.org\/#website\"},\"primaryImageOfPage\":{\"@id\":\"https:\/\/novaorg.cofb.net\/2024\/02\/28\/infarma-solidari-2024-promoura-un-projecte-de-cooperacio-farmaceutica-a-uganda-2\/#primaryimage\"},\"image\":{\"@id\":\"https:\/\/novaorg.cofb.net\/2024\/02\/28\/infarma-solidari-2024-promoura-un-projecte-de-cooperacio-farmaceutica-a-uganda-2\/#primaryimage\"},\"thumbnailUrl\":\"https:\/\/www.cofb.org\/wp-content\/uploads\/2024\/02\/2df17213-c647-441a-9c92-3024e8cdc5ac-63mvaa.png\",\"datePublished\":\"2024-02-28T18:20:00+00:00\",\"dateModified\":\"2024-04-05T11:11:51+00:00\",\"breadcrumb\":{\"@id\":\"https:\/\/novaorg.cofb.net\/2024\/02\/28\/infarma-solidari-2024-promoura-un-projecte-de-cooperacio-farmaceutica-a-uganda-2\/#breadcrumb\"},\"inLanguage\":\"es\",\"potentialAction\":[{\"@type\":\"ReadAction\",\"target\":[\"https:\/\/novaorg.cofb.net\/2024\/02\/28\/infarma-solidari-2024-promoura-un-projecte-de-cooperacio-farmaceutica-a-uganda-2\/\"]}]},{\"@type\":\"ImageObject\",\"inLanguage\":\"es\",\"@id\":\"https:\/\/novaorg.cofb.net\/2024\/02\/28\/infarma-solidari-2024-promoura-un-projecte-de-cooperacio-farmaceutica-a-uganda-2\/#primaryimage\",\"url\":\"https:\/\/www.cofb.org\/wp-content\/uploads\/2024\/02\/2df17213-c647-441a-9c92-3024e8cdc5ac-63mvaa.png\",\"contentUrl\":\"https:\/\/www.cofb.org\/wp-content\/uploads\/2024\/02\/2df17213-c647-441a-9c92-3024e8cdc5ac-63mvaa.png\",\"width\":1600,\"height\":900},{\"@type\":\"BreadcrumbList\",\"@id\":\"https:\/\/novaorg.cofb.net\/2024\/02\/28\/infarma-solidari-2024-promoura-un-projecte-de-cooperacio-farmaceutica-a-uganda-2\/#breadcrumb\",\"itemListElement\":[{\"@type\":\"ListItem\",\"position\":1,\"name\":\"Inici\",\"item\":\"https:\/\/novaorg.cofb.net\/\"},{\"@type\":\"ListItem\",\"position\":2,\"name\":\"\u2018Infarma Solidari 2024\u2019 promour\u00e0 un projecte de cooperaci\u00f3 farmac\u00e8utica a Uganda\"}]},{\"@type\":\"WebSite\",\"@id\":\"https:\/\/www.cofb.org\/#website\",\"url\":\"https:\/\/www.cofb.org\/\",\"name\":\"Col\u00b7legi de Farmac\u00e8utics de Barcelona\",\"description\":\"\",\"publisher\":{\"@id\":\"https:\/\/www.cofb.org\/#organization\"},\"potentialAction\":[{\"@type\":\"SearchAction\",\"target\":{\"@type\":\"EntryPoint\",\"urlTemplate\":\"https:\/\/www.cofb.org\/?s={search_term_string}\"},\"query-input\":\"required name=search_term_string\"}],\"inLanguage\":\"es\"},{\"@type\":\"Organization\",\"@id\":\"https:\/\/www.cofb.org\/#organization\",\"name\":\"Col\u00b7legi de Farmac\u00e8utics de Barcelona\",\"url\":\"https:\/\/www.cofb.org\/\",\"logo\":{\"@type\":\"ImageObject\",\"inLanguage\":\"es\",\"@id\":\"https:\/\/www.cofb.org\/#\/schema\/logo\/image\/\",\"url\":\"https:\/\/www.cofb.org\/wp-content\/uploads\/2023\/11\/cropped-Logotip-COFB.png\",\"contentUrl\":\"https:\/\/www.cofb.org\/wp-content\/uploads\/2023\/11\/cropped-Logotip-COFB.png\",\"width\":500,\"height\":105,\"caption\":\"Col\u00b7legi de Farmac\u00e8utics de Barcelona\"},\"image\":{\"@id\":\"https:\/\/www.cofb.org\/#\/schema\/logo\/image\/\"},\"sameAs\":[\"https:\/\/www.facebook.com\/farmaceuticsbcn\/\",\"https:\/\/twitter.com\/farmaceuticsbcn\",\"https:\/\/www.instagram.com\/farmaceuticsbcn\/\",\"https:\/\/www.linkedin.com\/company\/farmaceuticsbcn\/\"]},{\"@type\":\"Person\",\"@id\":\"https:\/\/www.cofb.org\/#\/schema\/person\/22ed7eea88da74b0fa4d3154ad87ffcb\",\"name\":\"wpAdminCofbOrg\",\"image\":{\"@type\":\"ImageObject\",\"inLanguage\":\"es\",\"@id\":\"https:\/\/www.cofb.org\/#\/schema\/person\/image\/\",\"url\":\"https:\/\/secure.gravatar.com\/avatar\/1721b20b3b8ca882c3b56ec6c978c594fff670e40c0718e9190eaeeb76aae7d8?s=96&d=mm&r=g\",\"contentUrl\":\"https:\/\/secure.gravatar.com\/avatar\/1721b20b3b8ca882c3b56ec6c978c594fff670e40c0718e9190eaeeb76aae7d8?s=96&d=mm&r=g\",\"caption\":\"wpAdminCofbOrg\"},\"sameAs\":[\"http:\/\/192.168.64.122\/wordpress\"],\"url\":\"https:\/\/www.cofb.org\/es\/author\/wpadmincofborg\/\"}]}<\/script>\n<!-- \/ Yoast SEO plugin. -->","yoast_head_json":{"title":"\u2018Infarma Solidari 2024\u2019 promour\u00e0 un projecte de cooperaci\u00f3 farmac\u00e8utica a Uganda - Col\u00b7legi de Farmac\u00e8utics de Barcelona","robots":{"index":"index","follow":"follow","max-snippet":"max-snippet:-1","max-image-preview":"max-image-preview:large","max-video-preview":"max-video-preview:-1"},"canonical":"https:\/\/novaorg.cofb.net\/2024\/02\/28\/infarma-solidari-2024-promoura-un-projecte-de-cooperacio-farmaceutica-a-uganda-2\/","og_locale":"es_ES","og_type":"article","og_title":"\u2018Infarma Solidari 2024\u2019 promour\u00e0 un projecte de cooperaci\u00f3 farmac\u00e8utica a Uganda - Col\u00b7legi de Farmac\u00e8utics de Barcelona","og_description":"\u00a0 Barcelona, 28 de febrer de 2024.-\u00a0Infarma Solidari abra\u00e7ar\u00e0 una nova causa humanit\u00e0ria en el Congr\u00e9s Europeu de Farm\u00e0cia i Sal\u00f3 de Medicaments i Parafarm\u00e0cia que organitzen els col\u00b7legis oficials de farmac\u00e8utics de Madrid i Barcelona, en col\u00b7laboraci\u00f3 amb CloserStill, i que tindr\u00e0 lloc entre el 19 i el 21 [&hellip;]","og_url":"https:\/\/novaorg.cofb.net\/2024\/02\/28\/infarma-solidari-2024-promoura-un-projecte-de-cooperacio-farmaceutica-a-uganda-2\/","og_site_name":"Col\u00b7legi de Farmac\u00e8utics de Barcelona","article_publisher":"https:\/\/www.facebook.com\/farmaceuticsbcn\/","article_published_time":"2024-02-28T18:20:00+00:00","article_modified_time":"2024-04-05T11:11:51+00:00","og_image":[{"width":1600,"height":900,"url":"https:\/\/novaorg.cofb.net\/wp-content\/uploads\/2024\/02\/2df17213-c647-441a-9c92-3024e8cdc5ac-63mvaa.png","type":"image\/png"}],"author":"wpAdminCofbOrg","twitter_card":"summary_large_image","twitter_creator":"@farmaceuticsbcn","twitter_site":"@farmaceuticsbcn","twitter_misc":{"Escrito por":"wpAdminCofbOrg","Tiempo de lectura":"9 minutos"},"schema":{"@context":"https:\/\/schema.org","@graph":[{"@type":"Article","@id":"https:\/\/novaorg.cofb.net\/2024\/02\/28\/infarma-solidari-2024-promoura-un-projecte-de-cooperacio-farmaceutica-a-uganda-2\/#article","isPartOf":{"@id":"https:\/\/novaorg.cofb.net\/2024\/02\/28\/infarma-solidari-2024-promoura-un-projecte-de-cooperacio-farmaceutica-a-uganda-2\/"},"author":{"name":"wpAdminCofbOrg","@id":"https:\/\/www.cofb.org\/#\/schema\/person\/22ed7eea88da74b0fa4d3154ad87ffcb"},"headline":"\u2018Infarma Solidari 2024\u2019 promour\u00e0 un projecte de cooperaci\u00f3 farmac\u00e8utica a Uganda","datePublished":"2024-02-28T18:20:00+00:00","dateModified":"2024-04-05T11:11:51+00:00","mainEntityOfPage":{"@id":"https:\/\/novaorg.cofb.net\/2024\/02\/28\/infarma-solidari-2024-promoura-un-projecte-de-cooperacio-farmaceutica-a-uganda-2\/"},"wordCount":1767,"publisher":{"@id":"https:\/\/www.cofb.org\/#organization"},"image":{"@id":"https:\/\/novaorg.cofb.net\/2024\/02\/28\/infarma-solidari-2024-promoura-un-projecte-de-cooperacio-farmaceutica-a-uganda-2\/#primaryimage"},"thumbnailUrl":"https:\/\/www.cofb.org\/wp-content\/uploads\/2024\/02\/2df17213-c647-441a-9c92-3024e8cdc5ac-63mvaa.png","articleSection":["Notes de premsa"],"inLanguage":"es"},{"@type":"WebPage","@id":"https:\/\/novaorg.cofb.net\/2024\/02\/28\/infarma-solidari-2024-promoura-un-projecte-de-cooperacio-farmaceutica-a-uganda-2\/","url":"https:\/\/novaorg.cofb.net\/2024\/02\/28\/infarma-solidari-2024-promoura-un-projecte-de-cooperacio-farmaceutica-a-uganda-2\/","name":"\u2018Infarma Solidari 2024\u2019 promour\u00e0 un projecte de cooperaci\u00f3 farmac\u00e8utica a Uganda - Col\u00b7legi de Farmac\u00e8utics de Barcelona","isPartOf":{"@id":"https:\/\/www.cofb.org\/#website"},"primaryImageOfPage":{"@id":"https:\/\/novaorg.cofb.net\/2024\/02\/28\/infarma-solidari-2024-promoura-un-projecte-de-cooperacio-farmaceutica-a-uganda-2\/#primaryimage"},"image":{"@id":"https:\/\/novaorg.cofb.net\/2024\/02\/28\/infarma-solidari-2024-promoura-un-projecte-de-cooperacio-farmaceutica-a-uganda-2\/#primaryimage"},"thumbnailUrl":"https:\/\/www.cofb.org\/wp-content\/uploads\/2024\/02\/2df17213-c647-441a-9c92-3024e8cdc5ac-63mvaa.png","datePublished":"2024-02-28T18:20:00+00:00","dateModified":"2024-04-05T11:11:51+00:00","breadcrumb":{"@id":"https:\/\/novaorg.cofb.net\/2024\/02\/28\/infarma-solidari-2024-promoura-un-projecte-de-cooperacio-farmaceutica-a-uganda-2\/#breadcrumb"},"inLanguage":"es","potentialAction":[{"@type":"ReadAction","target":["https:\/\/novaorg.cofb.net\/2024\/02\/28\/infarma-solidari-2024-promoura-un-projecte-de-cooperacio-farmaceutica-a-uganda-2\/"]}]},{"@type":"ImageObject","inLanguage":"es","@id":"https:\/\/novaorg.cofb.net\/2024\/02\/28\/infarma-solidari-2024-promoura-un-projecte-de-cooperacio-farmaceutica-a-uganda-2\/#primaryimage","url":"https:\/\/www.cofb.org\/wp-content\/uploads\/2024\/02\/2df17213-c647-441a-9c92-3024e8cdc5ac-63mvaa.png","contentUrl":"https:\/\/www.cofb.org\/wp-content\/uploads\/2024\/02\/2df17213-c647-441a-9c92-3024e8cdc5ac-63mvaa.png","width":1600,"height":900},{"@type":"BreadcrumbList","@id":"https:\/\/novaorg.cofb.net\/2024\/02\/28\/infarma-solidari-2024-promoura-un-projecte-de-cooperacio-farmaceutica-a-uganda-2\/#breadcrumb","itemListElement":[{"@type":"ListItem","position":1,"name":"Inici","item":"https:\/\/novaorg.cofb.net\/"},{"@type":"ListItem","position":2,"name":"\u2018Infarma Solidari 2024\u2019 promour\u00e0 un projecte de cooperaci\u00f3 farmac\u00e8utica a Uganda"}]},{"@type":"WebSite","@id":"https:\/\/www.cofb.org\/#website","url":"https:\/\/www.cofb.org\/","name":"Col\u00b7legi de Farmac\u00e8utics de Barcelona","description":"","publisher":{"@id":"https:\/\/www.cofb.org\/#organization"},"potentialAction":[{"@type":"SearchAction","target":{"@type":"EntryPoint","urlTemplate":"https:\/\/www.cofb.org\/?s={search_term_string}"},"query-input":"required name=search_term_string"}],"inLanguage":"es"},{"@type":"Organization","@id":"https:\/\/www.cofb.org\/#organization","name":"Col\u00b7legi de Farmac\u00e8utics de Barcelona","url":"https:\/\/www.cofb.org\/","logo":{"@type":"ImageObject","inLanguage":"es","@id":"https:\/\/www.cofb.org\/#\/schema\/logo\/image\/","url":"https:\/\/www.cofb.org\/wp-content\/uploads\/2023\/11\/cropped-Logotip-COFB.png","contentUrl":"https:\/\/www.cofb.org\/wp-content\/uploads\/2023\/11\/cropped-Logotip-COFB.png","width":500,"height":105,"caption":"Col\u00b7legi de Farmac\u00e8utics de Barcelona"},"image":{"@id":"https:\/\/www.cofb.org\/#\/schema\/logo\/image\/"},"sameAs":["https:\/\/www.facebook.com\/farmaceuticsbcn\/","https:\/\/twitter.com\/farmaceuticsbcn","https:\/\/www.instagram.com\/farmaceuticsbcn\/","https:\/\/www.linkedin.com\/company\/farmaceuticsbcn\/"]},{"@type":"Person","@id":"https:\/\/www.cofb.org\/#\/schema\/person\/22ed7eea88da74b0fa4d3154ad87ffcb","name":"wpAdminCofbOrg","image":{"@type":"ImageObject","inLanguage":"es","@id":"https:\/\/www.cofb.org\/#\/schema\/person\/image\/","url":"https:\/\/secure.gravatar.com\/avatar\/1721b20b3b8ca882c3b56ec6c978c594fff670e40c0718e9190eaeeb76aae7d8?s=96&d=mm&r=g","contentUrl":"https:\/\/secure.gravatar.com\/avatar\/1721b20b3b8ca882c3b56ec6c978c594fff670e40c0718e9190eaeeb76aae7d8?s=96&d=mm&r=g","caption":"wpAdminCofbOrg"},"sameAs":["http:\/\/192.168.64.122\/wordpress"],"url":"https:\/\/www.cofb.org\/es\/author\/wpadmincofborg\/"}]}},"uagb_featured_image_src":{"full":["https:\/\/www.cofb.org\/wp-content\/uploads\/2024\/02\/2df17213-c647-441a-9c92-3024e8cdc5ac-63mvaa.png",1600,900,false],"thumbnail":["https:\/\/www.cofb.org\/wp-content\/uploads\/2024\/02\/2df17213-c647-441a-9c92-3024e8cdc5ac-63mvaa-150x150.png",150,150,true],"medium":["https:\/\/www.cofb.org\/wp-content\/uploads\/2024\/02\/2df17213-c647-441a-9c92-3024e8cdc5ac-63mvaa-300x169.png",300,169,true],"medium_large":["https:\/\/www.cofb.org\/wp-content\/uploads\/2024\/02\/2df17213-c647-441a-9c92-3024e8cdc5ac-63mvaa-768x432.png",768,432,true],"large":["https:\/\/www.cofb.org\/wp-content\/uploads\/2024\/02\/2df17213-c647-441a-9c92-3024e8cdc5ac-63mvaa-1024x576.png",1024,576,true],"1536x1536":["https:\/\/www.cofb.org\/wp-content\/uploads\/2024\/02\/2df17213-c647-441a-9c92-3024e8cdc5ac-63mvaa-1536x864.png",1536,864,true],"2048x2048":["https:\/\/www.cofb.org\/wp-content\/uploads\/2024\/02\/2df17213-c647-441a-9c92-3024e8cdc5ac-63mvaa.png",1600,900,false],"trp-custom-language-flag":["https:\/\/www.cofb.org\/wp-content\/uploads\/2024\/02\/2df17213-c647-441a-9c92-3024e8cdc5ac-63mvaa-18x10.png",18,10,true]},"uagb_author_info":{"display_name":"wpAdminCofbOrg","author_link":"https:\/\/www.cofb.org\/es\/author\/wpadmincofborg\/"},"uagb_comment_info":0,"uagb_excerpt":"\u00a0 Barcelona, 28 de febrer de 2024.-\u00a0Infarma Solidari abra\u00e7ar\u00e0 una nova causa humanit\u00e0ria en el Congr\u00e9s Europeu de Farm\u00e0cia i Sal\u00f3 de Medicaments i Parafarm\u00e0cia que organitzen els col\u00b7legis oficials de farmac\u00e8utics de Madrid i Barcelona, en col\u00b7laboraci\u00f3 amb CloserStill, i que tindr\u00e0 lloc entre el 19 i el 21 [&hellip;]","_links":{"self":[{"href":"https:\/\/www.cofb.org\/es\/wp-json\/wp\/v2\/posts\/77878","targetHints":{"allow":["GET"]}}],"collection":[{"href":"https:\/\/www.cofb.org\/es\/wp-json\/wp\/v2\/posts"}],"about":[{"href":"https:\/\/www.cofb.org\/es\/wp-json\/wp\/v2\/types\/post"}],"author":[{"embeddable":true,"href":"https:\/\/www.cofb.org\/es\/wp-json\/wp\/v2\/users\/1"}],"replies":[{"embeddable":true,"href":"https:\/\/www.cofb.org\/es\/wp-json\/wp\/v2\/comments?post=77878"}],"version-history":[{"count":2,"href":"https:\/\/www.cofb.org\/es\/wp-json\/wp\/v2\/posts\/77878\/revisions"}],"predecessor-version":[{"id":78146,"href":"https:\/\/www.cofb.org\/es\/wp-json\/wp\/v2\/posts\/77878\/revisions\/78146"}],"wp:featuredmedia":[{"embeddable":true,"href":"https:\/\/www.cofb.org\/es\/wp-json\/wp\/v2\/media\/77879"}],"wp:attachment":[{"href":"https:\/\/www.cofb.org\/es\/wp-json\/wp\/v2\/media?parent=77878"}],"wp:term":[{"taxonomy":"category","embeddable":true,"href":"https:\/\/www.cofb.org\/es\/wp-json\/wp\/v2\/categories?post=77878"},{"taxonomy":"post_tag","embeddable":true,"href":"https:\/\/www.cofb.org\/es\/wp-json\/wp\/v2\/tags?post=77878"}],"curies":[{"name":"wp","href":"https:\/\/api.w.org\/{rel}","templated":true}]}}