{"id":77876,"date":"2024-02-29T16:50:00","date_gmt":"2024-02-29T16:50:00","guid":{"rendered":"https:\/\/novaorg.cofb.net\/2024\/02\/29\/el-proxim-dilluns-4-de-marc-comenca-la-distribucio-gratuita-de-productes-menstruals-reutilitzables-a-les-farmacies-catalanes-2\/"},"modified":"2024-04-05T11:11:49","modified_gmt":"2024-04-05T11:11:49","slug":"el-proxim-dilluns-4-de-marc-comenca-la-distribucio-gratuita-de-productes-menstruals-reutilitzables-a-les-farmacies-catalanes-2","status":"publish","type":"post","link":"https:\/\/www.cofb.org\/es\/2024\/02\/29\/el-proxim-dilluns-4-de-marc-comenca-la-distribucio-gratuita-de-productes-menstruals-reutilitzables-a-les-farmacies-catalanes-2\/","title":{"rendered":"El pr\u00f3ximo lunes, 4 de marzo, comienza la distribuci\u00f3n gratuita de productos menstruales reutilizables en las farmacias catalanas"},"content":{"rendered":"<p>\u00a0<\/p>\n<p>Lo ha anunciado hoy la consejera de Igualdad y Feminismos, T\u00e0nia Verge, junto con el presidente del Consejo de Colegios Farmac\u00e9uticos de Catalunya, Jordi Casas, durante la visita a Alliance Healthcare, uno de los cuatro centros donde se almacenan los productos\u00a0<\/p>\n<p>Los farmac\u00e9uticos y farmac\u00e9uticas ser\u00e1n los encargados de dispensar los productos y ofrecer asesoramiento personalizado. Para la recogida s\u00f3lo ser\u00e1 necesario presentar el c\u00f3digo QR personal que se encontrar\u00e1 dentro de la aplicaci\u00f3n Mi Salud<\/p>\n<p>Con \u201cMi regla, mis reglas\u201d, todas las mujeres y personas menstruantes de Catalu\u00f1a podr\u00e1n escoger entre una copa, unas bragas menstruales o un par de compresas reutilizables y recogerlo gratuitamente en la farmacia<\/p>\n\n<p><em>Barcelona, 29 de febrero de 2024. \u2013 <\/em><strong>A partir del pr\u00f3ximo lunes, 4 de marzo, las farmacias catalanas empezar\u00e1n a dispensar gratuitamente productos menstruales reutilizables.<\/strong> As\u00ed lo han anunciado la consejera de Igualdad y Feminismos, T\u00e0nia Verge i Mestre, y el presidente del Consejo de Colegios Farmac\u00e9uticos de Catalu\u00f1a (CCFC), Jordi Casas S\u00e1nchez, en un acto celebrado en Alliance Healthcare de Viladecans, uno de los cuatro distribuidores en los que se almacenan los productos que se podr\u00e1n recoger en las farmacias.<\/p>\n<p><strong>&quot;Somos el primer pa\u00eds del mundo que distribuir\u00e1 de forma universal y gratuita productos menstruales reutilizables acompa\u00f1ados de informaci\u00f3n de calidad y asesoramiento de las farmacias&quot;<\/strong>, ha afirmado la consejera Virgen en el inicio de su intervenci\u00f3n. <strong>\u201cEn un momento de cuestionamiento y retroceso de los derechos sexuales y reproductivos, desde el Gobierno de Catalu\u00f1a tenemos muy claro que hay que defenderlos pero, adem\u00e1s, es necesario ir m\u00e1s all\u00e1 y por eso apostamos por introducir nuevos derechos, como el del equidad menstrual\u201d<\/strong>, ha sentenciado la consellera de Igualdad y Feminismos.<\/p>\n<p>Por su parte, el presidente del Consejo de Colegios Farmac\u00e9uticos de Catalunya (CCFC) ha afirmado que, a partir del lunes,<strong> &quot;las m\u00e1s de 3.280 farmacias catalanas estamos preparadas en el 100% para que la poblaci\u00f3n venga a recoger su producto menstrual sostenible y reutilizable&quot;<\/strong>. Y ha a\u00f1adido: \u201cCon este proyecto<strong> tenemos la oportunidad de demostrar nuevamente la doble vertiente social y sanitaria que caracteriza a la profesi\u00f3n farmac\u00e9utica.<\/strong> Gracias a nuestra cercan\u00eda y capilaridad al territorio, as\u00ed como la confianza con la ciudadan\u00eda, contribuiremos a hacer m\u00e1s accesibles estos productos\u201d.<\/p>\n<p><strong>&quot;Mi regla, mis reglas&quot;<\/strong><\/p>\n<p>La acci\u00f3n \u201cMi regla, mis reglas\u201d, incluida en el Plan integral de equidad menstrual y climaterio 2023-2025, convierte a Catalu\u00f1a en el primer pa\u00eds del mundo en garantizar el acceso igualitario y universal a los productos menstruales reutilizables, a la educaci\u00f3n sobre el propio cuerpo, y en la salud con perspectiva de g\u00e9nero.<\/p>\n<p>Todas las mujeres y personas menstruantes de Catalu\u00f1a podr\u00e1n escoger entre una copa, unas bragas menstruales o un par de compresas reutilizables y recogerlo gratuitamente en la farmacia. Para obtener el producto de su preferencia la persona interesada s\u00f3lo tendr\u00e1 que presentar el c\u00f3digo QR, individual e intransferible, que obtendr\u00e1 mediante el espacio de salud digital Mi Salud (tanto v\u00eda p\u00e1gina web o v\u00eda aplicaci\u00f3n m\u00f3vil).<\/p>\n<p>Es importante tener en cuenta que en el caso de utilizar la aplicaci\u00f3n para tel\u00e9fono m\u00f3vil es necesario que \u00e9sta est\u00e9 actualizada. En caso de que aun as\u00ed, no aparezca el c\u00f3digo QR, se ha habilitado un formulario en la misma aplicaci\u00f3n para solicitarlo. El c\u00f3digo QR estar\u00e1 activo a partir del lunes y hasta 2025 en el espacio de Mi Salud. Una vez entregado el producto en la farmacia, se desactivar\u00e1.<\/p>\n<p><strong>La importancia de la informaci\u00f3n personalizada y asesoramiento del farmac\u00e9utico\/a<\/strong><\/p>\n<p><strong>\u201cLas farmacias son un elemento imprescindible en esta iniciativa, puesto que no s\u00f3lo ser\u00e1n los puntos de distribuci\u00f3n de los productos menstruales gratuitos, sino que aclarar\u00e1n dudas sobre la correcta utilizaci\u00f3n de cada producto. Sobre todo para las ni\u00f1as y mujeres que utilicen estos productos por primera vez\u201d<\/strong>, ha explicado Virgen.<\/p>\n<p>Asimismo, Casas ha puesto en valor el papel de las farmacias comunitarias, que &quot;va mucho m\u00e1s all\u00e1 de la dispensaci\u00f3n&quot;:<strong> &quot;Al frente de las farmacias nos encontramos profesionales sanitarios, que aportaremos el asesoramiento y orientaci\u00f3n adecuadas para la elecci\u00f3n del producto, y ofreceremos educaci\u00f3n en t\u00e9rminos de salud sexual y reproductiva&quot;<\/strong>. Tambi\u00e9n ha puesto de manifiesto la importancia de <strong>&quot;la colaboraci\u00f3n entre los diferentes agentes de la cadena del medicamento&quot;<\/strong>, <strong>en este caso, los 4 almacenes de distribuci\u00f3n participantes -Alliance Healthcare, Fedefarma, Cofares y Hefame- y las farmacias comunitarias<\/strong>.<\/p>\n<p>En el momento de la entrega, los y las profesionales farmac\u00e9uticas explicar\u00e1n cu\u00e1les son los productos menstruales que se reparten y asesorar\u00e1n para facilitar la elecci\u00f3n del producto que m\u00e1s se ajuste a las necesidades de cada persona. Generando un espacio de confianza donde poder expresarse y compartir dudas e inquietudes.<\/p>\n<p>La informaci\u00f3n personalizada de las farmacias es clave para favorecer el uso de estos productos, especialmente para las personas que los utilizan por primera vez, y para fomentar el conocimiento de la poblaci\u00f3n sobre el ciclo menstrual, por eso se han llevado a t\u00e9rmino formaciones en Catalu\u00f1a dirigidas a los farmac\u00e9uticos y farmac\u00e9uticas.<\/p>\n<p>Sin embargo, para poder dar respuesta a las dudas que la ciudadan\u00eda pueda tener en relaci\u00f3n con la distribuci\u00f3n de los productos menstruales reutilizables, se ha habilitado una l\u00ednea de comunicaci\u00f3n espec\u00edfica en el tel\u00e9fono 061 Salut Respon.<\/p>\n<p>\u00a0Lo ha anunciado hoy la consejera de Igualdad y Feminismos, T\u00e0nia Verge, junto con el presidente del Consejo de Colegios Farmac\u00e9uticos de Catalunya, Jordi Casas, durante la visita a Alliance Healthcare, uno de los cuatro centros donde se almacenan los productos\u00a0<\/p>\n<p>Los farmac\u00e9uticos y farmac\u00e9uticas ser\u00e1n los encargados de dispensar los productos y ofrecer asesoramiento personalizado. Para la recogida s\u00f3lo ser\u00e1 necesario presentar el c\u00f3digo QR personal que se encontrar\u00e1 dentro de la aplicaci\u00f3n Mi Salud<\/p>\n<p>Con \u201cMi regla, mis reglas\u201d, todas las mujeres y personas menstruantes de Catalu\u00f1a podr\u00e1n escoger entre una copa, unas bragas menstruales o un par de compresas reutilizables y recogerlo gratuitamente en la farmacia<\/p>\n<p>Barcelona, 29 de febrero de 2024. \u2013 A partir del pr\u00f3ximo lunes, 4 de marzo, las farmacias catalanas empezar\u00e1n a dispensar gratuitamente productos menstruales reutilizables. As\u00ed lo han anunciado la consejera de Igualdad y Feminismos, T\u00e0nia Verge i Mestre, y el presidente del Consejo de Colegios Farmac\u00e9uticos de Catalu\u00f1a (CCFC), Jordi Casas S\u00e1nchez, en un acto celebrado en Alliance Healthcare de Viladecans, uno de los cuatro distribuidores en los que se almacenan los productos que se podr\u00e1n recoger en las farmacias.<\/p>\n<p>&quot;Somos el primer pa\u00eds del mundo que distribuir\u00e1 de forma universal y gratuita productos menstruales reutilizables acompa\u00f1ados de informaci\u00f3n de calidad y asesoramiento de las farmacias&quot;, ha afirmado la consejera Virgen en el inicio de su intervenci\u00f3n. \u201cEn un momento de cuestionamiento y retroceso de los derechos sexuales y reproductivos, desde el Gobierno de Catalu\u00f1a tenemos muy claro que hay que defenderlos pero, adem\u00e1s, es necesario ir m\u00e1s all\u00e1 y por eso apostamos por introducir nuevos derechos, como el del equidad menstrual\u201d, ha sentenciado la consellera de Igualdad y Feminismos.<\/p>\n<p>Por su parte, el presidente del Consejo de Colegios Farmac\u00e9uticos de Catalunya (CCFC) ha afirmado que, a partir del lunes, \u201clas m\u00e1s de 3.280 farmacias catalanas estamos preparadas en 100% para que la poblaci\u00f3n venga a recoger su producto menstrual sostenible y reutilizable\u201d. Y ha a\u00f1adido: \u201cCon este proyecto tenemos la oportunidad de demostrar nuevamente la doble vertiente social y sanitaria que caracteriza a la profesi\u00f3n farmac\u00e9utica. Gracias a nuestra cercan\u00eda y capilaridad al territorio, as\u00ed como la confianza con la ciudadan\u00eda, vamos a contribuir a hacer m\u00e1s accesibles estos productos\u201d.<\/p>\n<p>&quot;Mi regla, mis reglas&quot;<\/p>\n<p>La acci\u00f3n \u201cMi regla, mis reglas\u201d, incluida en el Plan integral de equidad menstrual y climaterio 2023-2025, convierte a Catalu\u00f1a en el primer pa\u00eds del mundo en garantizar el acceso igualitario y universal a los productos menstruales reutilizables, a la educaci\u00f3n sobre el propio cuerpo, y en la salud con perspectiva de g\u00e9nero.<\/p>\n<p>Todas las mujeres y personas menstruantes de Catalu\u00f1a podr\u00e1n escoger entre una copa, unas bragas menstruales o un par de compresas reutilizables y recogerlo gratuitamente en la farmacia. Para obtener el producto de su preferencia la persona interesada s\u00f3lo tendr\u00e1 que presentar el c\u00f3digo QR, individual e intransferible, que obtendr\u00e1 mediante el espacio de salud digital Mi Salud (tanto v\u00eda p\u00e1gina web o v\u00eda aplicaci\u00f3n m\u00f3vil).<\/p>\n<p>Es importante tener en cuenta que en el caso de utilizar la aplicaci\u00f3n para tel\u00e9fono m\u00f3vil es necesario que \u00e9sta est\u00e9 actualizada. En caso de que aun as\u00ed, no aparezca el c\u00f3digo QR, se ha habilitado un formulario en la misma aplicaci\u00f3n para solicitarlo. El c\u00f3digo QR estar\u00e1 activo a partir del lunes y hasta 2025 en el espacio de Mi Salud. Una vez entregado el producto en la farmacia, se desactivar\u00e1.<\/p>\n<p>La importancia de la informaci\u00f3n personalizada y asesoramiento del farmac\u00e9utico\/a<\/p>\n<p>\u201cLas farmacias son un elemento imprescindible en esta iniciativa, puesto que no s\u00f3lo ser\u00e1n los puntos de distribuci\u00f3n de los productos menstruales gratuitos, sino que aclarar\u00e1n dudas sobre la correcta utilizaci\u00f3n de cada producto. Sobre todo para las ni\u00f1as y mujeres que utilicen estos productos por primera vez\u201d, ha explicado Verge.<\/p>\n<p>Asimismo, Casas ha puesto en valor el papel de las farmacias comunitarias, que &quot;va mucho m\u00e1s all\u00e1 de la dispensaci\u00f3n&quot;: &quot;Al frente de las farmacias nos encontramos profesionales sanitarios, que aportaremos el asesoramiento y orientaci\u00f3n adecuadas para la elecci\u00f3n del producto, y ofreceremos educaci\u00f3n en t\u00e9rminos de salud sexual y reproductiva\u201d. Tambi\u00e9n ha puesto de manifiesto la importancia de &quot;la colaboraci\u00f3n entre los diferentes agentes de la cadena del medicamento&quot;, en este caso, los 4 almacenes de distribuci\u00f3n participantes -Alliance Healthcare, Fedefarma, Cofares y Hefame- y las farmacias comunitarias.<\/p>\n<p>En el momento de la entrega, los y las profesionales farmac\u00e9uticas explicar\u00e1n cu\u00e1les son los productos menstruales que se reparten y asesorar\u00e1n para facilitar la elecci\u00f3n del producto que m\u00e1s se ajuste a las necesidades de cada persona. Generando un espacio de confianza donde poder expresarse y compartir dudas e inquietudes.<\/p>\n<p>La informaci\u00f3n personalizada de las farmacias es clave para favorecer el uso de estos productos, especialmente para las personas que los utilizan por primera vez, y para fomentar el conocimiento de la poblaci\u00f3n sobre el ciclo menstrual, por eso se han llevado a t\u00e9rmino formaciones en Catalu\u00f1a dirigidas a los farmac\u00e9uticos y farmac\u00e9uticas.<\/p>\n<p>Sin embargo, para poder dar respuesta a las dudas que la ciudadan\u00eda pueda tener en relaci\u00f3n con la distribuci\u00f3n de los productos menstruales reutilizables, se ha habilitado una l\u00ednea de comunicaci\u00f3n espec\u00edfica en el tel\u00e9fono 061 Salut Respon.  COFB.ORG<\/p>","protected":false},"excerpt":{"rendered":"<p>\u00a0 Lo ha anunciado hoy la consejera de Igualdad y Feminismos, T\u00e0nia Verge, junto con el presidente del Consejo de Colegios Farmac\u00e9uticos de Catalunya, Jordi Casas, durante la visita a Alliance Healthcare, uno de los cuatro centros donde se almacenan los productos Los farmac\u00e9uticos y farmac\u00e9uticas ser\u00e1n los encargados de dispensar los productos ]<\/p>","protected":false},"author":1,"featured_media":77877,"comment_status":"closed","ping_status":"closed","sticky":false,"template":"","format":"aside","meta":{"_uag_custom_page_level_css":"","site-sidebar-layout":"default","site-content-layout":"","ast-site-content-layout":"default","site-content-style":"default","site-sidebar-style":"default","ast-global-header-display":"","ast-banner-title-visibility":"","ast-main-header-display":"","ast-hfb-above-header-display":"","ast-hfb-below-header-display":"","ast-hfb-mobile-header-display":"","site-post-title":"","ast-breadcrumbs-content":"","ast-featured-img":"disabled","footer-sml-layout":"","theme-transparent-header-meta":"","adv-header-id-meta":"","stick-header-meta":"","header-above-stick-meta":"","header-main-stick-meta":"","header-below-stick-meta":"","astra-migrate-meta-layouts":"set","ast-page-background-enabled":"default","ast-page-background-meta":{"desktop":{"background-color":"var(--ast-global-color-4)","background-image":"","background-repeat":"repeat","background-position":"center center","background-size":"auto","background-attachment":"scroll","background-type":"","background-media":"","overlay-type":"","overlay-color":"","overlay-opacity":"","overlay-gradient":""},"tablet":{"background-color":"","background-image":"","background-repeat":"repeat","background-position":"center center","background-size":"auto","background-attachment":"scroll","background-type":"","background-media":"","overlay-type":"","overlay-color":"","overlay-opacity":"","overlay-gradient":""},"mobile":{"background-color":"","background-image":"","background-repeat":"repeat","background-position":"center center","background-size":"auto","background-attachment":"scroll","background-type":"","background-media":"","overlay-type":"","overlay-color":"","overlay-opacity":"","overlay-gradient":""}},"ast-content-background-meta":{"desktop":{"background-color":"var(--ast-global-color-5)","background-image":"","background-repeat":"repeat","background-position":"center center","background-size":"auto","background-attachment":"scroll","background-type":"","background-media":"","overlay-type":"","overlay-color":"","overlay-opacity":"","overlay-gradient":""},"tablet":{"background-color":"var(--ast-global-color-5)","background-image":"","background-repeat":"repeat","background-position":"center center","background-size":"auto","background-attachment":"scroll","background-type":"","background-media":"","overlay-type":"","overlay-color":"","overlay-opacity":"","overlay-gradient":""},"mobile":{"background-color":"var(--ast-global-color-5)","background-image":"","background-repeat":"repeat","background-position":"center center","background-size":"auto","background-attachment":"scroll","background-type":"","background-media":"","overlay-type":"","overlay-color":"","overlay-opacity":"","overlay-gradient":""}},"footnotes":""},"categories":[1060],"tags":[],"class_list":["post-77876","post","type-post","status-publish","format-aside","has-post-thumbnail","hentry","category-notes-premsa","post_format-post-format-aside"],"yoast_head":"<!-- This site is optimized with the Yoast SEO plugin v22.4 - https:\/\/yoast.com\/wordpress\/plugins\/seo\/ -->\n<title>El pr\u00f2xim dilluns, 4 de mar\u00e7, comen\u00e7a la distribuci\u00f3 gratu\u00efta de productes menstruals reutilitzables a les farm\u00e0cies catalanes - Col\u00b7legi de Farmac\u00e8utics de Barcelona<\/title>\n<meta name=\"robots\" content=\"index, follow, max-snippet:-1, max-image-preview:large, max-video-preview:-1\" \/>\n<link rel=\"canonical\" href=\"https:\/\/novaorg.cofb.net\/2024\/02\/29\/el-proxim-dilluns-4-de-marc-comenca-la-distribucio-gratuita-de-productes-menstruals-reutilitzables-a-les-farmacies-catalanes-2\/\" \/>\n<meta property=\"og:locale\" content=\"es_ES\" \/>\n<meta property=\"og:type\" content=\"article\" \/>\n<meta property=\"og:title\" content=\"El pr\u00f2xim dilluns, 4 de mar\u00e7, comen\u00e7a la distribuci\u00f3 gratu\u00efta de productes menstruals reutilitzables a les farm\u00e0cies catalanes - Col\u00b7legi de Farmac\u00e8utics de Barcelona\" \/>\n<meta property=\"og:description\" content=\"\u00a0 Ho ha anunciat avui la consellera d\u2019Igualtat i Feminismes, T\u00e0nia Verge, juntament amb el president del Consell de Col\u00b7legis Farmac\u00e8utics de Catalunya, Jordi Casas, durant la visita a Alliance Healthcare, un dels quatre centres on s&#8217;emmagatzemen els productes\u00a0 Els farmac\u00e8utics i farmac\u00e8utiques seran els encarregats de dispensar els productes [&hellip;]\" \/>\n<meta property=\"og:url\" content=\"https:\/\/novaorg.cofb.net\/2024\/02\/29\/el-proxim-dilluns-4-de-marc-comenca-la-distribucio-gratuita-de-productes-menstruals-reutilitzables-a-les-farmacies-catalanes-2\/\" \/>\n<meta property=\"og:site_name\" content=\"Col\u00b7legi de Farmac\u00e8utics de Barcelona\" \/>\n<meta property=\"article:publisher\" content=\"https:\/\/www.facebook.com\/farmaceuticsbcn\/\" \/>\n<meta property=\"article:published_time\" content=\"2024-02-29T16:50:00+00:00\" \/>\n<meta property=\"article:modified_time\" content=\"2024-04-05T11:11:49+00:00\" \/>\n<meta property=\"og:image\" content=\"https:\/\/novaorg.cofb.net\/wp-content\/uploads\/2024\/02\/8c95a559-fb08-4e62-8656-2709d38f83e9-YKPyh7.jpeg\" \/>\n\t<meta property=\"og:image:width\" content=\"2362\" \/>\n\t<meta property=\"og:image:height\" content=\"1575\" \/>\n\t<meta property=\"og:image:type\" content=\"image\/jpeg\" \/>\n<meta name=\"author\" content=\"wpAdminCofbOrg\" \/>\n<meta name=\"twitter:card\" content=\"summary_large_image\" \/>\n<meta name=\"twitter:creator\" content=\"@farmaceuticsbcn\" \/>\n<meta name=\"twitter:site\" content=\"@farmaceuticsbcn\" \/>\n<meta name=\"twitter:label1\" content=\"Escrito por\" \/>\n\t<meta name=\"twitter:data1\" content=\"wpAdminCofbOrg\" \/>\n\t<meta name=\"twitter:label2\" content=\"Tiempo de lectura\" \/>\n\t<meta name=\"twitter:data2\" content=\"10 minutos\" \/>\n<script type=\"application\/ld+json\" class=\"yoast-schema-graph\">{\"@context\":\"https:\/\/schema.org\",\"@graph\":[{\"@type\":\"Article\",\"@id\":\"https:\/\/novaorg.cofb.net\/2024\/02\/29\/el-proxim-dilluns-4-de-marc-comenca-la-distribucio-gratuita-de-productes-menstruals-reutilitzables-a-les-farmacies-catalanes-2\/#article\",\"isPartOf\":{\"@id\":\"https:\/\/novaorg.cofb.net\/2024\/02\/29\/el-proxim-dilluns-4-de-marc-comenca-la-distribucio-gratuita-de-productes-menstruals-reutilitzables-a-les-farmacies-catalanes-2\/\"},\"author\":{\"name\":\"wpAdminCofbOrg\",\"@id\":\"https:\/\/www.cofb.org\/#\/schema\/person\/22ed7eea88da74b0fa4d3154ad87ffcb\"},\"headline\":\"El pr\u00f2xim dilluns, 4 de mar\u00e7, comen\u00e7a la distribuci\u00f3 gratu\u00efta de productes menstruals reutilitzables a les farm\u00e0cies catalanes\",\"datePublished\":\"2024-02-29T16:50:00+00:00\",\"dateModified\":\"2024-04-05T11:11:49+00:00\",\"mainEntityOfPage\":{\"@id\":\"https:\/\/novaorg.cofb.net\/2024\/02\/29\/el-proxim-dilluns-4-de-marc-comenca-la-distribucio-gratuita-de-productes-menstruals-reutilitzables-a-les-farmacies-catalanes-2\/\"},\"wordCount\":1885,\"publisher\":{\"@id\":\"https:\/\/www.cofb.org\/#organization\"},\"image\":{\"@id\":\"https:\/\/novaorg.cofb.net\/2024\/02\/29\/el-proxim-dilluns-4-de-marc-comenca-la-distribucio-gratuita-de-productes-menstruals-reutilitzables-a-les-farmacies-catalanes-2\/#primaryimage\"},\"thumbnailUrl\":\"https:\/\/www.cofb.org\/wp-content\/uploads\/2024\/02\/8c95a559-fb08-4e62-8656-2709d38f83e9-YKPyh7.jpeg\",\"articleSection\":[\"Notes de premsa\"],\"inLanguage\":\"es\"},{\"@type\":\"WebPage\",\"@id\":\"https:\/\/novaorg.cofb.net\/2024\/02\/29\/el-proxim-dilluns-4-de-marc-comenca-la-distribucio-gratuita-de-productes-menstruals-reutilitzables-a-les-farmacies-catalanes-2\/\",\"url\":\"https:\/\/novaorg.cofb.net\/2024\/02\/29\/el-proxim-dilluns-4-de-marc-comenca-la-distribucio-gratuita-de-productes-menstruals-reutilitzables-a-les-farmacies-catalanes-2\/\",\"name\":\"El pr\u00f2xim dilluns, 4 de mar\u00e7, comen\u00e7a la distribuci\u00f3 gratu\u00efta de productes menstruals reutilitzables a les farm\u00e0cies catalanes - Col\u00b7legi de Farmac\u00e8utics de Barcelona\",\"isPartOf\":{\"@id\":\"https:\/\/www.cofb.org\/#website\"},\"primaryImageOfPage\":{\"@id\":\"https:\/\/novaorg.cofb.net\/2024\/02\/29\/el-proxim-dilluns-4-de-marc-comenca-la-distribucio-gratuita-de-productes-menstruals-reutilitzables-a-les-farmacies-catalanes-2\/#primaryimage\"},\"image\":{\"@id\":\"https:\/\/novaorg.cofb.net\/2024\/02\/29\/el-proxim-dilluns-4-de-marc-comenca-la-distribucio-gratuita-de-productes-menstruals-reutilitzables-a-les-farmacies-catalanes-2\/#primaryimage\"},\"thumbnailUrl\":\"https:\/\/www.cofb.org\/wp-content\/uploads\/2024\/02\/8c95a559-fb08-4e62-8656-2709d38f83e9-YKPyh7.jpeg\",\"datePublished\":\"2024-02-29T16:50:00+00:00\",\"dateModified\":\"2024-04-05T11:11:49+00:00\",\"breadcrumb\":{\"@id\":\"https:\/\/novaorg.cofb.net\/2024\/02\/29\/el-proxim-dilluns-4-de-marc-comenca-la-distribucio-gratuita-de-productes-menstruals-reutilitzables-a-les-farmacies-catalanes-2\/#breadcrumb\"},\"inLanguage\":\"es\",\"potentialAction\":[{\"@type\":\"ReadAction\",\"target\":[\"https:\/\/novaorg.cofb.net\/2024\/02\/29\/el-proxim-dilluns-4-de-marc-comenca-la-distribucio-gratuita-de-productes-menstruals-reutilitzables-a-les-farmacies-catalanes-2\/\"]}]},{\"@type\":\"ImageObject\",\"inLanguage\":\"es\",\"@id\":\"https:\/\/novaorg.cofb.net\/2024\/02\/29\/el-proxim-dilluns-4-de-marc-comenca-la-distribucio-gratuita-de-productes-menstruals-reutilitzables-a-les-farmacies-catalanes-2\/#primaryimage\",\"url\":\"https:\/\/www.cofb.org\/wp-content\/uploads\/2024\/02\/8c95a559-fb08-4e62-8656-2709d38f83e9-YKPyh7.jpeg\",\"contentUrl\":\"https:\/\/www.cofb.org\/wp-content\/uploads\/2024\/02\/8c95a559-fb08-4e62-8656-2709d38f83e9-YKPyh7.jpeg\",\"width\":2362,\"height\":1575},{\"@type\":\"BreadcrumbList\",\"@id\":\"https:\/\/novaorg.cofb.net\/2024\/02\/29\/el-proxim-dilluns-4-de-marc-comenca-la-distribucio-gratuita-de-productes-menstruals-reutilitzables-a-les-farmacies-catalanes-2\/#breadcrumb\",\"itemListElement\":[{\"@type\":\"ListItem\",\"position\":1,\"name\":\"Inici\",\"item\":\"https:\/\/novaorg.cofb.net\/\"},{\"@type\":\"ListItem\",\"position\":2,\"name\":\"El pr\u00f2xim dilluns, 4 de mar\u00e7, comen\u00e7a la distribuci\u00f3 gratu\u00efta de productes menstruals reutilitzables a les farm\u00e0cies catalanes\"}]},{\"@type\":\"WebSite\",\"@id\":\"https:\/\/www.cofb.org\/#website\",\"url\":\"https:\/\/www.cofb.org\/\",\"name\":\"Col\u00b7legi de Farmac\u00e8utics de Barcelona\",\"description\":\"\",\"publisher\":{\"@id\":\"https:\/\/www.cofb.org\/#organization\"},\"potentialAction\":[{\"@type\":\"SearchAction\",\"target\":{\"@type\":\"EntryPoint\",\"urlTemplate\":\"https:\/\/www.cofb.org\/?s={search_term_string}\"},\"query-input\":\"required name=search_term_string\"}],\"inLanguage\":\"es\"},{\"@type\":\"Organization\",\"@id\":\"https:\/\/www.cofb.org\/#organization\",\"name\":\"Col\u00b7legi de Farmac\u00e8utics de Barcelona\",\"url\":\"https:\/\/www.cofb.org\/\",\"logo\":{\"@type\":\"ImageObject\",\"inLanguage\":\"es\",\"@id\":\"https:\/\/www.cofb.org\/#\/schema\/logo\/image\/\",\"url\":\"https:\/\/www.cofb.org\/wp-content\/uploads\/2023\/11\/cropped-Logotip-COFB.png\",\"contentUrl\":\"https:\/\/www.cofb.org\/wp-content\/uploads\/2023\/11\/cropped-Logotip-COFB.png\",\"width\":500,\"height\":105,\"caption\":\"Col\u00b7legi de Farmac\u00e8utics de Barcelona\"},\"image\":{\"@id\":\"https:\/\/www.cofb.org\/#\/schema\/logo\/image\/\"},\"sameAs\":[\"https:\/\/www.facebook.com\/farmaceuticsbcn\/\",\"https:\/\/twitter.com\/farmaceuticsbcn\",\"https:\/\/www.instagram.com\/farmaceuticsbcn\/\",\"https:\/\/www.linkedin.com\/company\/farmaceuticsbcn\/\"]},{\"@type\":\"Person\",\"@id\":\"https:\/\/www.cofb.org\/#\/schema\/person\/22ed7eea88da74b0fa4d3154ad87ffcb\",\"name\":\"wpAdminCofbOrg\",\"image\":{\"@type\":\"ImageObject\",\"inLanguage\":\"es\",\"@id\":\"https:\/\/www.cofb.org\/#\/schema\/person\/image\/\",\"url\":\"https:\/\/secure.gravatar.com\/avatar\/1721b20b3b8ca882c3b56ec6c978c594fff670e40c0718e9190eaeeb76aae7d8?s=96&d=mm&r=g\",\"contentUrl\":\"https:\/\/secure.gravatar.com\/avatar\/1721b20b3b8ca882c3b56ec6c978c594fff670e40c0718e9190eaeeb76aae7d8?s=96&d=mm&r=g\",\"caption\":\"wpAdminCofbOrg\"},\"sameAs\":[\"http:\/\/192.168.64.122\/wordpress\"],\"url\":\"https:\/\/www.cofb.org\/es\/author\/wpadmincofborg\/\"}]}<\/script>\n<!-- \/ Yoast SEO plugin. -->","yoast_head_json":{"title":"El pr\u00f2xim dilluns, 4 de mar\u00e7, comen\u00e7a la distribuci\u00f3 gratu\u00efta de productes menstruals reutilitzables a les farm\u00e0cies catalanes - Col\u00b7legi de Farmac\u00e8utics de Barcelona","robots":{"index":"index","follow":"follow","max-snippet":"max-snippet:-1","max-image-preview":"max-image-preview:large","max-video-preview":"max-video-preview:-1"},"canonical":"https:\/\/novaorg.cofb.net\/2024\/02\/29\/el-proxim-dilluns-4-de-marc-comenca-la-distribucio-gratuita-de-productes-menstruals-reutilitzables-a-les-farmacies-catalanes-2\/","og_locale":"es_ES","og_type":"article","og_title":"El pr\u00f2xim dilluns, 4 de mar\u00e7, comen\u00e7a la distribuci\u00f3 gratu\u00efta de productes menstruals reutilitzables a les farm\u00e0cies catalanes - Col\u00b7legi de Farmac\u00e8utics de Barcelona","og_description":"\u00a0 Ho ha anunciat avui la consellera d\u2019Igualtat i Feminismes, T\u00e0nia Verge, juntament amb el president del Consell de Col\u00b7legis Farmac\u00e8utics de Catalunya, Jordi Casas, durant la visita a Alliance Healthcare, un dels quatre centres on s&#8217;emmagatzemen els productes\u00a0 Els farmac\u00e8utics i farmac\u00e8utiques seran els encarregats de dispensar els productes [&hellip;]","og_url":"https:\/\/novaorg.cofb.net\/2024\/02\/29\/el-proxim-dilluns-4-de-marc-comenca-la-distribucio-gratuita-de-productes-menstruals-reutilitzables-a-les-farmacies-catalanes-2\/","og_site_name":"Col\u00b7legi de Farmac\u00e8utics de Barcelona","article_publisher":"https:\/\/www.facebook.com\/farmaceuticsbcn\/","article_published_time":"2024-02-29T16:50:00+00:00","article_modified_time":"2024-04-05T11:11:49+00:00","og_image":[{"width":2362,"height":1575,"url":"https:\/\/novaorg.cofb.net\/wp-content\/uploads\/2024\/02\/8c95a559-fb08-4e62-8656-2709d38f83e9-YKPyh7.jpeg","type":"image\/jpeg"}],"author":"wpAdminCofbOrg","twitter_card":"summary_large_image","twitter_creator":"@farmaceuticsbcn","twitter_site":"@farmaceuticsbcn","twitter_misc":{"Escrito por":"wpAdminCofbOrg","Tiempo de lectura":"10 minutos"},"schema":{"@context":"https:\/\/schema.org","@graph":[{"@type":"Article","@id":"https:\/\/novaorg.cofb.net\/2024\/02\/29\/el-proxim-dilluns-4-de-marc-comenca-la-distribucio-gratuita-de-productes-menstruals-reutilitzables-a-les-farmacies-catalanes-2\/#article","isPartOf":{"@id":"https:\/\/novaorg.cofb.net\/2024\/02\/29\/el-proxim-dilluns-4-de-marc-comenca-la-distribucio-gratuita-de-productes-menstruals-reutilitzables-a-les-farmacies-catalanes-2\/"},"author":{"name":"wpAdminCofbOrg","@id":"https:\/\/www.cofb.org\/#\/schema\/person\/22ed7eea88da74b0fa4d3154ad87ffcb"},"headline":"El pr\u00f2xim dilluns, 4 de mar\u00e7, comen\u00e7a la distribuci\u00f3 gratu\u00efta de productes menstruals reutilitzables a les farm\u00e0cies catalanes","datePublished":"2024-02-29T16:50:00+00:00","dateModified":"2024-04-05T11:11:49+00:00","mainEntityOfPage":{"@id":"https:\/\/novaorg.cofb.net\/2024\/02\/29\/el-proxim-dilluns-4-de-marc-comenca-la-distribucio-gratuita-de-productes-menstruals-reutilitzables-a-les-farmacies-catalanes-2\/"},"wordCount":1885,"publisher":{"@id":"https:\/\/www.cofb.org\/#organization"},"image":{"@id":"https:\/\/novaorg.cofb.net\/2024\/02\/29\/el-proxim-dilluns-4-de-marc-comenca-la-distribucio-gratuita-de-productes-menstruals-reutilitzables-a-les-farmacies-catalanes-2\/#primaryimage"},"thumbnailUrl":"https:\/\/www.cofb.org\/wp-content\/uploads\/2024\/02\/8c95a559-fb08-4e62-8656-2709d38f83e9-YKPyh7.jpeg","articleSection":["Notes de premsa"],"inLanguage":"es"},{"@type":"WebPage","@id":"https:\/\/novaorg.cofb.net\/2024\/02\/29\/el-proxim-dilluns-4-de-marc-comenca-la-distribucio-gratuita-de-productes-menstruals-reutilitzables-a-les-farmacies-catalanes-2\/","url":"https:\/\/novaorg.cofb.net\/2024\/02\/29\/el-proxim-dilluns-4-de-marc-comenca-la-distribucio-gratuita-de-productes-menstruals-reutilitzables-a-les-farmacies-catalanes-2\/","name":"El pr\u00f2xim dilluns, 4 de mar\u00e7, comen\u00e7a la distribuci\u00f3 gratu\u00efta de productes menstruals reutilitzables a les farm\u00e0cies catalanes - Col\u00b7legi de Farmac\u00e8utics de Barcelona","isPartOf":{"@id":"https:\/\/www.cofb.org\/#website"},"primaryImageOfPage":{"@id":"https:\/\/novaorg.cofb.net\/2024\/02\/29\/el-proxim-dilluns-4-de-marc-comenca-la-distribucio-gratuita-de-productes-menstruals-reutilitzables-a-les-farmacies-catalanes-2\/#primaryimage"},"image":{"@id":"https:\/\/novaorg.cofb.net\/2024\/02\/29\/el-proxim-dilluns-4-de-marc-comenca-la-distribucio-gratuita-de-productes-menstruals-reutilitzables-a-les-farmacies-catalanes-2\/#primaryimage"},"thumbnailUrl":"https:\/\/www.cofb.org\/wp-content\/uploads\/2024\/02\/8c95a559-fb08-4e62-8656-2709d38f83e9-YKPyh7.jpeg","datePublished":"2024-02-29T16:50:00+00:00","dateModified":"2024-04-05T11:11:49+00:00","breadcrumb":{"@id":"https:\/\/novaorg.cofb.net\/2024\/02\/29\/el-proxim-dilluns-4-de-marc-comenca-la-distribucio-gratuita-de-productes-menstruals-reutilitzables-a-les-farmacies-catalanes-2\/#breadcrumb"},"inLanguage":"es","potentialAction":[{"@type":"ReadAction","target":["https:\/\/novaorg.cofb.net\/2024\/02\/29\/el-proxim-dilluns-4-de-marc-comenca-la-distribucio-gratuita-de-productes-menstruals-reutilitzables-a-les-farmacies-catalanes-2\/"]}]},{"@type":"ImageObject","inLanguage":"es","@id":"https:\/\/novaorg.cofb.net\/2024\/02\/29\/el-proxim-dilluns-4-de-marc-comenca-la-distribucio-gratuita-de-productes-menstruals-reutilitzables-a-les-farmacies-catalanes-2\/#primaryimage","url":"https:\/\/www.cofb.org\/wp-content\/uploads\/2024\/02\/8c95a559-fb08-4e62-8656-2709d38f83e9-YKPyh7.jpeg","contentUrl":"https:\/\/www.cofb.org\/wp-content\/uploads\/2024\/02\/8c95a559-fb08-4e62-8656-2709d38f83e9-YKPyh7.jpeg","width":2362,"height":1575},{"@type":"BreadcrumbList","@id":"https:\/\/novaorg.cofb.net\/2024\/02\/29\/el-proxim-dilluns-4-de-marc-comenca-la-distribucio-gratuita-de-productes-menstruals-reutilitzables-a-les-farmacies-catalanes-2\/#breadcrumb","itemListElement":[{"@type":"ListItem","position":1,"name":"Inici","item":"https:\/\/novaorg.cofb.net\/"},{"@type":"ListItem","position":2,"name":"El pr\u00f2xim dilluns, 4 de mar\u00e7, comen\u00e7a la distribuci\u00f3 gratu\u00efta de productes menstruals reutilitzables a les farm\u00e0cies catalanes"}]},{"@type":"WebSite","@id":"https:\/\/www.cofb.org\/#website","url":"https:\/\/www.cofb.org\/","name":"Col\u00b7legi de Farmac\u00e8utics de Barcelona","description":"","publisher":{"@id":"https:\/\/www.cofb.org\/#organization"},"potentialAction":[{"@type":"SearchAction","target":{"@type":"EntryPoint","urlTemplate":"https:\/\/www.cofb.org\/?s={search_term_string}"},"query-input":"required name=search_term_string"}],"inLanguage":"es"},{"@type":"Organization","@id":"https:\/\/www.cofb.org\/#organization","name":"Col\u00b7legi de Farmac\u00e8utics de Barcelona","url":"https:\/\/www.cofb.org\/","logo":{"@type":"ImageObject","inLanguage":"es","@id":"https:\/\/www.cofb.org\/#\/schema\/logo\/image\/","url":"https:\/\/www.cofb.org\/wp-content\/uploads\/2023\/11\/cropped-Logotip-COFB.png","contentUrl":"https:\/\/www.cofb.org\/wp-content\/uploads\/2023\/11\/cropped-Logotip-COFB.png","width":500,"height":105,"caption":"Col\u00b7legi de Farmac\u00e8utics de Barcelona"},"image":{"@id":"https:\/\/www.cofb.org\/#\/schema\/logo\/image\/"},"sameAs":["https:\/\/www.facebook.com\/farmaceuticsbcn\/","https:\/\/twitter.com\/farmaceuticsbcn","https:\/\/www.instagram.com\/farmaceuticsbcn\/","https:\/\/www.linkedin.com\/company\/farmaceuticsbcn\/"]},{"@type":"Person","@id":"https:\/\/www.cofb.org\/#\/schema\/person\/22ed7eea88da74b0fa4d3154ad87ffcb","name":"wpAdminCofbOrg","image":{"@type":"ImageObject","inLanguage":"es","@id":"https:\/\/www.cofb.org\/#\/schema\/person\/image\/","url":"https:\/\/secure.gravatar.com\/avatar\/1721b20b3b8ca882c3b56ec6c978c594fff670e40c0718e9190eaeeb76aae7d8?s=96&d=mm&r=g","contentUrl":"https:\/\/secure.gravatar.com\/avatar\/1721b20b3b8ca882c3b56ec6c978c594fff670e40c0718e9190eaeeb76aae7d8?s=96&d=mm&r=g","caption":"wpAdminCofbOrg"},"sameAs":["http:\/\/192.168.64.122\/wordpress"],"url":"https:\/\/www.cofb.org\/es\/author\/wpadmincofborg\/"}]}},"uagb_featured_image_src":{"full":["https:\/\/www.cofb.org\/wp-content\/uploads\/2024\/02\/8c95a559-fb08-4e62-8656-2709d38f83e9-YKPyh7.jpeg",2362,1575,false],"thumbnail":["https:\/\/www.cofb.org\/wp-content\/uploads\/2024\/02\/8c95a559-fb08-4e62-8656-2709d38f83e9-YKPyh7-150x150.jpeg",150,150,true],"medium":["https:\/\/www.cofb.org\/wp-content\/uploads\/2024\/02\/8c95a559-fb08-4e62-8656-2709d38f83e9-YKPyh7-300x200.jpeg",300,200,true],"medium_large":["https:\/\/www.cofb.org\/wp-content\/uploads\/2024\/02\/8c95a559-fb08-4e62-8656-2709d38f83e9-YKPyh7-768x512.jpeg",768,512,true],"large":["https:\/\/www.cofb.org\/wp-content\/uploads\/2024\/02\/8c95a559-fb08-4e62-8656-2709d38f83e9-YKPyh7-1024x683.jpeg",1024,683,true],"1536x1536":["https:\/\/www.cofb.org\/wp-content\/uploads\/2024\/02\/8c95a559-fb08-4e62-8656-2709d38f83e9-YKPyh7-1536x1024.jpeg",1536,1024,true],"2048x2048":["https:\/\/www.cofb.org\/wp-content\/uploads\/2024\/02\/8c95a559-fb08-4e62-8656-2709d38f83e9-YKPyh7-2048x1366.jpeg",2048,1366,true],"trp-custom-language-flag":["https:\/\/www.cofb.org\/wp-content\/uploads\/2024\/02\/8c95a559-fb08-4e62-8656-2709d38f83e9-YKPyh7-18x12.jpeg",18,12,true]},"uagb_author_info":{"display_name":"wpAdminCofbOrg","author_link":"https:\/\/www.cofb.org\/es\/author\/wpadmincofborg\/"},"uagb_comment_info":0,"uagb_excerpt":"\u00a0 Ho ha anunciat avui la consellera d\u2019Igualtat i Feminismes, T\u00e0nia Verge, juntament amb el president del Consell de Col\u00b7legis Farmac\u00e8utics de Catalunya, Jordi Casas, durant la visita a Alliance Healthcare, un dels quatre centres on s&#8217;emmagatzemen els productes\u00a0 Els farmac\u00e8utics i farmac\u00e8utiques seran els encarregats de dispensar els productes [&hellip;]","_links":{"self":[{"href":"https:\/\/www.cofb.org\/es\/wp-json\/wp\/v2\/posts\/77876","targetHints":{"allow":["GET"]}}],"collection":[{"href":"https:\/\/www.cofb.org\/es\/wp-json\/wp\/v2\/posts"}],"about":[{"href":"https:\/\/www.cofb.org\/es\/wp-json\/wp\/v2\/types\/post"}],"author":[{"embeddable":true,"href":"https:\/\/www.cofb.org\/es\/wp-json\/wp\/v2\/users\/1"}],"replies":[{"embeddable":true,"href":"https:\/\/www.cofb.org\/es\/wp-json\/wp\/v2\/comments?post=77876"}],"version-history":[{"count":2,"href":"https:\/\/www.cofb.org\/es\/wp-json\/wp\/v2\/posts\/77876\/revisions"}],"predecessor-version":[{"id":78148,"href":"https:\/\/www.cofb.org\/es\/wp-json\/wp\/v2\/posts\/77876\/revisions\/78148"}],"wp:featuredmedia":[{"embeddable":true,"href":"https:\/\/www.cofb.org\/es\/wp-json\/wp\/v2\/media\/77877"}],"wp:attachment":[{"href":"https:\/\/www.cofb.org\/es\/wp-json\/wp\/v2\/media?parent=77876"}],"wp:term":[{"taxonomy":"category","embeddable":true,"href":"https:\/\/www.cofb.org\/es\/wp-json\/wp\/v2\/categories?post=77876"},{"taxonomy":"post_tag","embeddable":true,"href":"https:\/\/www.cofb.org\/es\/wp-json\/wp\/v2\/tags?post=77876"}],"curies":[{"name":"wp","href":"https:\/\/api.w.org\/{rel}","templated":true}]}}