{"id":77811,"date":"2024-04-02T14:08:00","date_gmt":"2024-04-02T12:08:00","guid":{"rendered":"https:\/\/blog.cofb.cat\/?p=68865"},"modified":"2024-04-05T07:59:21","modified_gmt":"2024-04-05T07:59:21","slug":"nova-conferencia-sobre-els-olis-essencials-centrada-en-el-seu-us-en-afeccions-hivernals","status":"publish","type":"post","link":"https:\/\/www.cofb.org\/es\/2024\/04\/02\/nova-conferencia-sobre-els-olis-essencials-centrada-en-el-seu-us-en-afeccions-hivernals\/","title":{"rendered":"Nueva conferencia sobre los aceites esenciales, centrada en su uso en afecciones invernales"},"content":{"rendered":"<p>El 28 de febrero el <strong>Colegio de farmac\u00e9uticos de Barcelona (COFB)<\/strong> organiz\u00f3 la conferencia \u201c<strong>Los aceites esenciales y su uso en afecciones invernales<\/strong>\u201d, con el patrocinio de <a href=\"https:\/\/puressentiel.es\/\" target=\"_blank\" rel=\"noreferrer noopener\">Puressentiel<\/a>. Los <strong>objetivos <\/strong>de la sesi\u00f3n fueron repasar las principales propiedades y caracter\u00edsticas de los aceites esenciales, identificar las afecciones m\u00e1s frecuentes y su manejo con aceites esenciales y conocer el uso y actuaci\u00f3n farmac\u00e9utica frente a la dispensaci\u00f3n de los aceites esenciales en diferentes situaciones.<\/p>\n\n\n\n<p>La encargada de impartir la sesi\u00f3n fue <strong>M\u00aa Luisa Garc\u00eda Alonso<\/strong>, farmac\u00e9utica titular de Farmatocha (Carabanchel) y copropietaria del laboratorio Estudios Anal\u00edticos Aplicados en La Cl\u00ednica, SL. La coordinaci\u00f3n de la formaci\u00f3n corri\u00f3 a cargo de <strong>Josep Allu\u00e9<\/strong>, vocal de Plantas Medicinales y Homeopat\u00eda del Colegio de Farmac\u00e9uticos de Barcelona.<\/p>\n\n\n\n<figure class=\"wp-block-image size-large\"><a href=\"https:\/\/blog.cofb.cat\/wp-content\/uploads\/2024\/04\/1709126116217_edited-scaled.jpg\" target=\"_blank\" rel=\"noopener\"><img decoding=\"async\" src=\"https:\/\/blog.cofb.cat\/wp-content\/uploads\/2024\/04\/1709126116217_edited-1024x562.jpg\" alt=\"\" class=\"wp-image-68872\"\/><\/a><figcaption>El vocal de Planes Medicinales del COFB, Josep Allu\u00e9, junto a la farmac\u00e9utica M. Luisa Garc\u00eda, presentando la sesi\u00f3n.<\/figcaption><\/figure>\n\n\n\n<p>Allu\u00e9 inici\u00f3 la sesi\u00f3n destacando la importancia de los aceites esenciales en la farmacia &quot;es un grupo con el que podemos trabajar mucho en la farmacia comunitaria, podemos aconsejar y podemos ayudar a resolver problemas que nos encontramos en el d\u00eda a d\u00eda en la farmacia&quot;. A continuaci\u00f3n dio paso a la farmac\u00e9utica M. Luisa Garc\u00eda que empez\u00f3 la conferencia.<\/p>\n\n\n\n<p>El primer punto del programa fue una <strong>introducci\u00f3n a los aceites esenciales<\/strong>, desde sus caracter\u00edsticas hasta la extracci\u00f3n y, las propiedades de sus <strong>familias bioqu\u00edmicas<\/strong>. Para presentar este blog la farmac\u00e9utica afirm\u00f3 \u201clo primero es saber que es un aceite esencial, c\u00f3mo est\u00e1 compuesto y qu\u00e9 particularidades tiene. Conocer esta amplitud en su naturaleza, podr\u00e1 ayudarnos en muchas afecciones de nuestro d\u00eda a d\u00eda\u201d.<\/p>\n\n\n\n<figure class=\"wp-block-image size-large\"><a href=\"https:\/\/blog.cofb.cat\/wp-content\/uploads\/2024\/04\/1709126116005_edited-scaled.jpg\" target=\"_blank\" rel=\"noopener\"><img decoding=\"async\" src=\"https:\/\/blog.cofb.cat\/wp-content\/uploads\/2024\/04\/1709126116005_edited-1024x567.jpg\" alt=\"\" class=\"wp-image-68871\"\/><\/a><figcaption>La farmac\u00e9utica M\u00aa Luisa Garc\u00eda en un momento de su intervenci\u00f3n. <\/figcaption><\/figure>\n\n\n\n<p>En cuanto a las <strong>afecciones invernales<\/strong>, Garc\u00eda habl\u00f3 de las afecciones m\u00e1s comunes (resfriado com\u00fan, gripe, afecciones de garganta y congesti\u00f3n nasal) y se presentaron las <strong>sinergias de aceites esenciales espec\u00edficos para cada situaci\u00f3n<\/strong>.<\/p>\n\n\n\n<p>El \u00faltimo blog de la conferencia se dedic\u00f3 a<strong> posibles casos<\/strong> que se pod\u00edan encontrar en <strong>mostrador de una oficina farmacia<\/strong> y se indicaron diferentes recomendaciones y estrategias de asesoramiento utilizando aceites esenciales con ejemplos de afecciones urinarias y heridas.<\/p>\n\n\n\n<p class=\"has-text-align-right\"><strong>Con el patrocinio de:<\/strong><\/p>\n\n\n\n<div class=\"wp-block-image\"><figure class=\"alignright size-large is-resized\"><a href=\"https:\/\/puressentiel.es\/\" target=\"_blank\" rel=\"noopener\"><img decoding=\"async\" src=\"https:\/\/blog.cofb.cat\/wp-content\/uploads\/2024\/04\/PURESSENTIEL_2023_logo_transparent-1-1024x512.png\" alt=\"\" class=\"wp-image-68867\" width=\"195\" height=\"98\"\/><\/a><\/figure><\/div>\n\n\n\n<p><\/p>\n\n\n\n<p><\/p>\n\n\n\n<p><\/p>\n\n\n\n<p><strong>Otras publicaciones de inter\u00e9s:<\/strong><\/p>\n\n\n\n<ul class=\"wp-block-list\"><li><a href=\"https:\/\/blog.cofb.cat\/blog\/2024\/03\/07\/noves-formacions-al-cofb-sobre-usos-i-aplicacions-dels-olis-essencials\/\" target=\"_blank\" rel=\"noreferrer noopener\">Nuevas formaciones en el COFB sobre usos y aplicaciones de aceites esenciales (Marzo 2024)<\/a><\/li><li><a href=\"https:\/\/blog.cofb.cat\/blog\/2022\/03\/18\/farmaceutics-i-farmaceutiques-aprofundeixen-en-la-fitoterapia-abordant-els-usos-i-aplicacions-dels-olis-essencials-en-pediatria\/\" target=\"_blank\" rel=\"noreferrer noopener\">Farmac\u00e9uticos y farmac\u00e9uticas profundizan en la fitoterapia, abordando los usos y aplicaciones de los aceites esenciales en pediatr\u00eda (Marzo 2022)<\/a><\/li><li><a href=\"https:\/\/blog.cofb.cat\/blog\/2022\/02\/11\/nova-formacio-sobre-usos-i-aplicacions-dels-olis-essencials-en-la-fitoterapia\/\" target=\"_blank\" rel=\"noreferrer noopener\">Nueva formaci\u00f3n sobre usos y aplicaciones de los aceites esenciales en la fitoterapia (Febrero 2022)<\/a><\/li><\/ul>","protected":false},"excerpt":{"rendered":"<p>El 28 de febrero el Colegio de farmac\u00e9uticos de Barcelona (COFB) organiz\u00f3 la conferencia &quot;Los aceites esenciales y su uso en afecciones invernales&quot;, con el patrocinio de Puressentiel. Los objetivos de la sesi\u00f3n fueron repasar las principales propiedades y caracter\u00edsticas de los aceites esenciales, identificando las afecciones m\u00e1s [\u2026]<\/p>","protected":false},"author":1,"featured_media":77818,"comment_status":"open","ping_status":"open","sticky":false,"template":"","format":"standard","meta":{"_uag_custom_page_level_css":"","site-sidebar-layout":"default","site-content-layout":"","ast-site-content-layout":"default","site-content-style":"default","site-sidebar-style":"default","ast-global-header-display":"","ast-banner-title-visibility":"","ast-main-header-display":"","ast-hfb-above-header-display":"","ast-hfb-below-header-display":"","ast-hfb-mobile-header-display":"","site-post-title":"","ast-breadcrumbs-content":"","ast-featured-img":"disabled","footer-sml-layout":"","theme-transparent-header-meta":"","adv-header-id-meta":"","stick-header-meta":"","header-above-stick-meta":"","header-main-stick-meta":"","header-below-stick-meta":"","astra-migrate-meta-layouts":"set","ast-page-background-enabled":"default","ast-page-background-meta":{"desktop":{"background-color":"var(--ast-global-color-4)","background-image":"","background-repeat":"repeat","background-position":"center center","background-size":"auto","background-attachment":"scroll","background-type":"","background-media":"","overlay-type":"","overlay-color":"","overlay-opacity":"","overlay-gradient":""},"tablet":{"background-color":"","background-image":"","background-repeat":"repeat","background-position":"center center","background-size":"auto","background-attachment":"scroll","background-type":"","background-media":"","overlay-type":"","overlay-color":"","overlay-opacity":"","overlay-gradient":""},"mobile":{"background-color":"","background-image":"","background-repeat":"repeat","background-position":"center center","background-size":"auto","background-attachment":"scroll","background-type":"","background-media":"","overlay-type":"","overlay-color":"","overlay-opacity":"","overlay-gradient":""}},"ast-content-background-meta":{"desktop":{"background-color":"var(--ast-global-color-5)","background-image":"","background-repeat":"repeat","background-position":"center center","background-size":"auto","background-attachment":"scroll","background-type":"","background-media":"","overlay-type":"","overlay-color":"","overlay-opacity":"","overlay-gradient":""},"tablet":{"background-color":"var(--ast-global-color-5)","background-image":"","background-repeat":"repeat","background-position":"center center","background-size":"auto","background-attachment":"scroll","background-type":"","background-media":"","overlay-type":"","overlay-color":"","overlay-opacity":"","overlay-gradient":""},"mobile":{"background-color":"var(--ast-global-color-5)","background-image":"","background-repeat":"repeat","background-position":"center center","background-size":"auto","background-attachment":"scroll","background-type":"","background-media":"","overlay-type":"","overlay-color":"","overlay-opacity":"","overlay-gradient":""}},"footnotes":""},"categories":[23,57],"tags":[64,18,356,3015,19,53,68,69,70,4986,76,177,4987,182,948],"class_list":["post-77811","post","type-post","status-publish","format-standard","has-post-thumbnail","hentry","category-destacats","category-mon-collegial","tag-atencio-farmaceutica","tag-cofb","tag-collegi","tag-collegi-de-farmaceutics","tag-collegi-de-farmaceutics-de-barcelona","tag-farmaceutics","tag-farmacia","tag-farmacia-comunitaria","tag-formacio","tag-hivernals","tag-oficina-de-farmacia","tag-olis-essencials","tag-olis-hivernals","tag-usos-i-aplicacions-dels-olis-essencials","tag-vocalia-de-plantes-medicinals-i-homeopatia"],"yoast_head":"<!-- This site is optimized with the Yoast SEO plugin v22.4 - https:\/\/yoast.com\/wordpress\/plugins\/seo\/ -->\n<title>Nova confer\u00e8ncia sobre els olis essencials, centrada en el seu \u00fas en afeccions hivernals - Col\u00b7legi de Farmac\u00e8utics de Barcelona<\/title>\n<meta name=\"description\" content=\"El Col\u00b7legi de farmac\u00e8utics de Barcelona (COFB) va organitzar la confer\u00e8ncia \u201cEls olis essencials i el seu \u00fas en afeccions hivernals\u201d.\" \/>\n<meta name=\"robots\" content=\"index, follow, max-snippet:-1, max-image-preview:large, max-video-preview:-1\" \/>\n<link rel=\"canonical\" href=\"https:\/\/novaorg.cofb.net\/2024\/04\/02\/nova-conferencia-sobre-els-olis-essencials-centrada-en-el-seu-us-en-afeccions-hivernals\/\" \/>\n<meta property=\"og:locale\" content=\"es_ES\" \/>\n<meta property=\"og:type\" content=\"article\" \/>\n<meta property=\"og:title\" content=\"Nova confer\u00e8ncia sobre els olis essencials, centrada en el seu \u00fas en afeccions hivernals - Col\u00b7legi de Farmac\u00e8utics de Barcelona\" \/>\n<meta property=\"og:description\" content=\"El Col\u00b7legi de farmac\u00e8utics de Barcelona (COFB) va organitzar la confer\u00e8ncia \u201cEls olis essencials i el seu \u00fas en afeccions hivernals\u201d.\" \/>\n<meta property=\"og:url\" content=\"https:\/\/novaorg.cofb.net\/2024\/04\/02\/nova-conferencia-sobre-els-olis-essencials-centrada-en-el-seu-us-en-afeccions-hivernals\/\" \/>\n<meta property=\"og:site_name\" content=\"Col\u00b7legi de Farmac\u00e8utics de Barcelona\" \/>\n<meta property=\"article:publisher\" content=\"https:\/\/www.facebook.com\/farmaceuticsbcn\/\" \/>\n<meta property=\"article:published_time\" content=\"2024-04-02T12:08:00+00:00\" \/>\n<meta property=\"article:modified_time\" content=\"2024-04-05T07:59:21+00:00\" \/>\n<meta property=\"og:image\" content=\"https:\/\/novaorg.cofb.net\/wp-content\/uploads\/2024\/04\/olis-esencials.jpg\" \/>\n\t<meta property=\"og:image:width\" content=\"2560\" \/>\n\t<meta property=\"og:image:height\" content=\"1406\" \/>\n\t<meta property=\"og:image:type\" content=\"image\/jpeg\" \/>\n<meta name=\"author\" content=\"wpAdminCofbOrg\" \/>\n<meta name=\"twitter:card\" content=\"summary_large_image\" \/>\n<meta name=\"twitter:creator\" content=\"@farmaceuticsbcn\" \/>\n<meta name=\"twitter:site\" content=\"@farmaceuticsbcn\" \/>\n<meta name=\"twitter:label1\" content=\"Escrito por\" \/>\n\t<meta name=\"twitter:data1\" content=\"wpAdminCofbOrg\" \/>\n\t<meta name=\"twitter:label2\" content=\"Tiempo de lectura\" \/>\n\t<meta name=\"twitter:data2\" content=\"3 minutos\" \/>\n<script type=\"application\/ld+json\" class=\"yoast-schema-graph\">{\"@context\":\"https:\/\/schema.org\",\"@graph\":[{\"@type\":\"Article\",\"@id\":\"https:\/\/novaorg.cofb.net\/2024\/04\/02\/nova-conferencia-sobre-els-olis-essencials-centrada-en-el-seu-us-en-afeccions-hivernals\/#article\",\"isPartOf\":{\"@id\":\"https:\/\/novaorg.cofb.net\/2024\/04\/02\/nova-conferencia-sobre-els-olis-essencials-centrada-en-el-seu-us-en-afeccions-hivernals\/\"},\"author\":{\"name\":\"wpAdminCofbOrg\",\"@id\":\"https:\/\/www.cofb.org\/#\/schema\/person\/22ed7eea88da74b0fa4d3154ad87ffcb\"},\"headline\":\"Nova confer\u00e8ncia sobre els olis essencials, centrada en el seu \u00fas en afeccions hivernals\",\"datePublished\":\"2024-04-02T12:08:00+00:00\",\"dateModified\":\"2024-04-05T07:59:21+00:00\",\"mainEntityOfPage\":{\"@id\":\"https:\/\/novaorg.cofb.net\/2024\/04\/02\/nova-conferencia-sobre-els-olis-essencials-centrada-en-el-seu-us-en-afeccions-hivernals\/\"},\"wordCount\":484,\"commentCount\":0,\"publisher\":{\"@id\":\"https:\/\/www.cofb.org\/#organization\"},\"image\":{\"@id\":\"https:\/\/novaorg.cofb.net\/2024\/04\/02\/nova-conferencia-sobre-els-olis-essencials-centrada-en-el-seu-us-en-afeccions-hivernals\/#primaryimage\"},\"thumbnailUrl\":\"https:\/\/www.cofb.org\/wp-content\/uploads\/2024\/04\/olis-esencials.jpg\",\"keywords\":[\"Atenci\u00f3 farmac\u00e8utica\",\"COFB\",\"Col\u00b7legi\",\"Col\u00b7legi de Farmac\u00e8utics\",\"Col\u00b7legi de Farmac\u00e8utics de Barcelona\",\"farmac\u00e8utics\",\"Farm\u00e0cia\",\"farm\u00e0cia comunit\u00e0ria\",\"Formaci\u00f3\",\"hivernals\",\"Oficina de farm\u00e0cia\",\"olis essencials\",\"olis hivernals\",\"usos i aplicacions dels olis essencials\",\"Vocalia de Plantes Medicinals i Homeopatia\"],\"articleSection\":[\"Destacats\",\"M\u00f3n col\u00b7legial\"],\"inLanguage\":\"es\",\"potentialAction\":[{\"@type\":\"CommentAction\",\"name\":\"Comment\",\"target\":[\"https:\/\/novaorg.cofb.net\/2024\/04\/02\/nova-conferencia-sobre-els-olis-essencials-centrada-en-el-seu-us-en-afeccions-hivernals\/#respond\"]}]},{\"@type\":\"WebPage\",\"@id\":\"https:\/\/novaorg.cofb.net\/2024\/04\/02\/nova-conferencia-sobre-els-olis-essencials-centrada-en-el-seu-us-en-afeccions-hivernals\/\",\"url\":\"https:\/\/novaorg.cofb.net\/2024\/04\/02\/nova-conferencia-sobre-els-olis-essencials-centrada-en-el-seu-us-en-afeccions-hivernals\/\",\"name\":\"Nova confer\u00e8ncia sobre els olis essencials, centrada en el seu \u00fas en afeccions hivernals - Col\u00b7legi de Farmac\u00e8utics de Barcelona\",\"isPartOf\":{\"@id\":\"https:\/\/www.cofb.org\/#website\"},\"primaryImageOfPage\":{\"@id\":\"https:\/\/novaorg.cofb.net\/2024\/04\/02\/nova-conferencia-sobre-els-olis-essencials-centrada-en-el-seu-us-en-afeccions-hivernals\/#primaryimage\"},\"image\":{\"@id\":\"https:\/\/novaorg.cofb.net\/2024\/04\/02\/nova-conferencia-sobre-els-olis-essencials-centrada-en-el-seu-us-en-afeccions-hivernals\/#primaryimage\"},\"thumbnailUrl\":\"https:\/\/www.cofb.org\/wp-content\/uploads\/2024\/04\/olis-esencials.jpg\",\"datePublished\":\"2024-04-02T12:08:00+00:00\",\"dateModified\":\"2024-04-05T07:59:21+00:00\",\"description\":\"El Col\u00b7legi de farmac\u00e8utics de Barcelona (COFB) va organitzar la confer\u00e8ncia \u201cEls olis essencials i el seu \u00fas en afeccions hivernals\u201d.\",\"breadcrumb\":{\"@id\":\"https:\/\/novaorg.cofb.net\/2024\/04\/02\/nova-conferencia-sobre-els-olis-essencials-centrada-en-el-seu-us-en-afeccions-hivernals\/#breadcrumb\"},\"inLanguage\":\"es\",\"potentialAction\":[{\"@type\":\"ReadAction\",\"target\":[\"https:\/\/novaorg.cofb.net\/2024\/04\/02\/nova-conferencia-sobre-els-olis-essencials-centrada-en-el-seu-us-en-afeccions-hivernals\/\"]}]},{\"@type\":\"ImageObject\",\"inLanguage\":\"es\",\"@id\":\"https:\/\/novaorg.cofb.net\/2024\/04\/02\/nova-conferencia-sobre-els-olis-essencials-centrada-en-el-seu-us-en-afeccions-hivernals\/#primaryimage\",\"url\":\"https:\/\/www.cofb.org\/wp-content\/uploads\/2024\/04\/olis-esencials.jpg\",\"contentUrl\":\"https:\/\/www.cofb.org\/wp-content\/uploads\/2024\/04\/olis-esencials.jpg\",\"width\":2560,\"height\":1406},{\"@type\":\"BreadcrumbList\",\"@id\":\"https:\/\/novaorg.cofb.net\/2024\/04\/02\/nova-conferencia-sobre-els-olis-essencials-centrada-en-el-seu-us-en-afeccions-hivernals\/#breadcrumb\",\"itemListElement\":[{\"@type\":\"ListItem\",\"position\":1,\"name\":\"Inici\",\"item\":\"https:\/\/novaorg.cofb.net\/\"},{\"@type\":\"ListItem\",\"position\":2,\"name\":\"Nova confer\u00e8ncia sobre els olis essencials, centrada en el seu \u00fas en afeccions hivernals\"}]},{\"@type\":\"WebSite\",\"@id\":\"https:\/\/www.cofb.org\/#website\",\"url\":\"https:\/\/www.cofb.org\/\",\"name\":\"Col\u00b7legi de Farmac\u00e8utics de Barcelona\",\"description\":\"\",\"publisher\":{\"@id\":\"https:\/\/www.cofb.org\/#organization\"},\"potentialAction\":[{\"@type\":\"SearchAction\",\"target\":{\"@type\":\"EntryPoint\",\"urlTemplate\":\"https:\/\/www.cofb.org\/?s={search_term_string}\"},\"query-input\":\"required name=search_term_string\"}],\"inLanguage\":\"es\"},{\"@type\":\"Organization\",\"@id\":\"https:\/\/www.cofb.org\/#organization\",\"name\":\"Col\u00b7legi de Farmac\u00e8utics de Barcelona\",\"url\":\"https:\/\/www.cofb.org\/\",\"logo\":{\"@type\":\"ImageObject\",\"inLanguage\":\"es\",\"@id\":\"https:\/\/www.cofb.org\/#\/schema\/logo\/image\/\",\"url\":\"https:\/\/www.cofb.org\/wp-content\/uploads\/2023\/11\/cropped-Logotip-COFB.png\",\"contentUrl\":\"https:\/\/www.cofb.org\/wp-content\/uploads\/2023\/11\/cropped-Logotip-COFB.png\",\"width\":500,\"height\":105,\"caption\":\"Col\u00b7legi de Farmac\u00e8utics de Barcelona\"},\"image\":{\"@id\":\"https:\/\/www.cofb.org\/#\/schema\/logo\/image\/\"},\"sameAs\":[\"https:\/\/www.facebook.com\/farmaceuticsbcn\/\",\"https:\/\/twitter.com\/farmaceuticsbcn\",\"https:\/\/www.instagram.com\/farmaceuticsbcn\/\",\"https:\/\/www.linkedin.com\/company\/farmaceuticsbcn\/\"]},{\"@type\":\"Person\",\"@id\":\"https:\/\/www.cofb.org\/#\/schema\/person\/22ed7eea88da74b0fa4d3154ad87ffcb\",\"name\":\"wpAdminCofbOrg\",\"image\":{\"@type\":\"ImageObject\",\"inLanguage\":\"es\",\"@id\":\"https:\/\/www.cofb.org\/#\/schema\/person\/image\/\",\"url\":\"https:\/\/secure.gravatar.com\/avatar\/1721b20b3b8ca882c3b56ec6c978c594fff670e40c0718e9190eaeeb76aae7d8?s=96&d=mm&r=g\",\"contentUrl\":\"https:\/\/secure.gravatar.com\/avatar\/1721b20b3b8ca882c3b56ec6c978c594fff670e40c0718e9190eaeeb76aae7d8?s=96&d=mm&r=g\",\"caption\":\"wpAdminCofbOrg\"},\"sameAs\":[\"http:\/\/192.168.64.122\/wordpress\"],\"url\":\"https:\/\/www.cofb.org\/es\/author\/wpadmincofborg\/\"}]}<\/script>\n<!-- \/ Yoast SEO plugin. -->","yoast_head_json":{"title":"Nova confer\u00e8ncia sobre els olis essencials, centrada en el seu \u00fas en afeccions hivernals - Col\u00b7legi de Farmac\u00e8utics de Barcelona","description":"El Col\u00b7legi de farmac\u00e8utics de Barcelona (COFB) va organitzar la confer\u00e8ncia \u201cEls olis essencials i el seu \u00fas en afeccions hivernals\u201d.","robots":{"index":"index","follow":"follow","max-snippet":"max-snippet:-1","max-image-preview":"max-image-preview:large","max-video-preview":"max-video-preview:-1"},"canonical":"https:\/\/novaorg.cofb.net\/2024\/04\/02\/nova-conferencia-sobre-els-olis-essencials-centrada-en-el-seu-us-en-afeccions-hivernals\/","og_locale":"es_ES","og_type":"article","og_title":"Nova confer\u00e8ncia sobre els olis essencials, centrada en el seu \u00fas en afeccions hivernals - Col\u00b7legi de Farmac\u00e8utics de Barcelona","og_description":"El Col\u00b7legi de farmac\u00e8utics de Barcelona (COFB) va organitzar la confer\u00e8ncia \u201cEls olis essencials i el seu \u00fas en afeccions hivernals\u201d.","og_url":"https:\/\/novaorg.cofb.net\/2024\/04\/02\/nova-conferencia-sobre-els-olis-essencials-centrada-en-el-seu-us-en-afeccions-hivernals\/","og_site_name":"Col\u00b7legi de Farmac\u00e8utics de Barcelona","article_publisher":"https:\/\/www.facebook.com\/farmaceuticsbcn\/","article_published_time":"2024-04-02T12:08:00+00:00","article_modified_time":"2024-04-05T07:59:21+00:00","og_image":[{"width":2560,"height":1406,"url":"https:\/\/novaorg.cofb.net\/wp-content\/uploads\/2024\/04\/olis-esencials.jpg","type":"image\/jpeg"}],"author":"wpAdminCofbOrg","twitter_card":"summary_large_image","twitter_creator":"@farmaceuticsbcn","twitter_site":"@farmaceuticsbcn","twitter_misc":{"Escrito por":"wpAdminCofbOrg","Tiempo de lectura":"3 minutos"},"schema":{"@context":"https:\/\/schema.org","@graph":[{"@type":"Article","@id":"https:\/\/novaorg.cofb.net\/2024\/04\/02\/nova-conferencia-sobre-els-olis-essencials-centrada-en-el-seu-us-en-afeccions-hivernals\/#article","isPartOf":{"@id":"https:\/\/novaorg.cofb.net\/2024\/04\/02\/nova-conferencia-sobre-els-olis-essencials-centrada-en-el-seu-us-en-afeccions-hivernals\/"},"author":{"name":"wpAdminCofbOrg","@id":"https:\/\/www.cofb.org\/#\/schema\/person\/22ed7eea88da74b0fa4d3154ad87ffcb"},"headline":"Nova confer\u00e8ncia sobre els olis essencials, centrada en el seu \u00fas en afeccions hivernals","datePublished":"2024-04-02T12:08:00+00:00","dateModified":"2024-04-05T07:59:21+00:00","mainEntityOfPage":{"@id":"https:\/\/novaorg.cofb.net\/2024\/04\/02\/nova-conferencia-sobre-els-olis-essencials-centrada-en-el-seu-us-en-afeccions-hivernals\/"},"wordCount":484,"commentCount":0,"publisher":{"@id":"https:\/\/www.cofb.org\/#organization"},"image":{"@id":"https:\/\/novaorg.cofb.net\/2024\/04\/02\/nova-conferencia-sobre-els-olis-essencials-centrada-en-el-seu-us-en-afeccions-hivernals\/#primaryimage"},"thumbnailUrl":"https:\/\/www.cofb.org\/wp-content\/uploads\/2024\/04\/olis-esencials.jpg","keywords":["Atenci\u00f3 farmac\u00e8utica","COFB","Col\u00b7legi","Col\u00b7legi de Farmac\u00e8utics","Col\u00b7legi de Farmac\u00e8utics de Barcelona","farmac\u00e8utics","Farm\u00e0cia","farm\u00e0cia comunit\u00e0ria","Formaci\u00f3","hivernals","Oficina de farm\u00e0cia","olis essencials","olis hivernals","usos i aplicacions dels olis essencials","Vocalia de Plantes Medicinals i Homeopatia"],"articleSection":["Destacats","M\u00f3n col\u00b7legial"],"inLanguage":"es","potentialAction":[{"@type":"CommentAction","name":"Comment","target":["https:\/\/novaorg.cofb.net\/2024\/04\/02\/nova-conferencia-sobre-els-olis-essencials-centrada-en-el-seu-us-en-afeccions-hivernals\/#respond"]}]},{"@type":"WebPage","@id":"https:\/\/novaorg.cofb.net\/2024\/04\/02\/nova-conferencia-sobre-els-olis-essencials-centrada-en-el-seu-us-en-afeccions-hivernals\/","url":"https:\/\/novaorg.cofb.net\/2024\/04\/02\/nova-conferencia-sobre-els-olis-essencials-centrada-en-el-seu-us-en-afeccions-hivernals\/","name":"Nova confer\u00e8ncia sobre els olis essencials, centrada en el seu \u00fas en afeccions hivernals - Col\u00b7legi de Farmac\u00e8utics de Barcelona","isPartOf":{"@id":"https:\/\/www.cofb.org\/#website"},"primaryImageOfPage":{"@id":"https:\/\/novaorg.cofb.net\/2024\/04\/02\/nova-conferencia-sobre-els-olis-essencials-centrada-en-el-seu-us-en-afeccions-hivernals\/#primaryimage"},"image":{"@id":"https:\/\/novaorg.cofb.net\/2024\/04\/02\/nova-conferencia-sobre-els-olis-essencials-centrada-en-el-seu-us-en-afeccions-hivernals\/#primaryimage"},"thumbnailUrl":"https:\/\/www.cofb.org\/wp-content\/uploads\/2024\/04\/olis-esencials.jpg","datePublished":"2024-04-02T12:08:00+00:00","dateModified":"2024-04-05T07:59:21+00:00","description":"El Col\u00b7legi de farmac\u00e8utics de Barcelona (COFB) va organitzar la confer\u00e8ncia \u201cEls olis essencials i el seu \u00fas en afeccions hivernals\u201d.","breadcrumb":{"@id":"https:\/\/novaorg.cofb.net\/2024\/04\/02\/nova-conferencia-sobre-els-olis-essencials-centrada-en-el-seu-us-en-afeccions-hivernals\/#breadcrumb"},"inLanguage":"es","potentialAction":[{"@type":"ReadAction","target":["https:\/\/novaorg.cofb.net\/2024\/04\/02\/nova-conferencia-sobre-els-olis-essencials-centrada-en-el-seu-us-en-afeccions-hivernals\/"]}]},{"@type":"ImageObject","inLanguage":"es","@id":"https:\/\/novaorg.cofb.net\/2024\/04\/02\/nova-conferencia-sobre-els-olis-essencials-centrada-en-el-seu-us-en-afeccions-hivernals\/#primaryimage","url":"https:\/\/www.cofb.org\/wp-content\/uploads\/2024\/04\/olis-esencials.jpg","contentUrl":"https:\/\/www.cofb.org\/wp-content\/uploads\/2024\/04\/olis-esencials.jpg","width":2560,"height":1406},{"@type":"BreadcrumbList","@id":"https:\/\/novaorg.cofb.net\/2024\/04\/02\/nova-conferencia-sobre-els-olis-essencials-centrada-en-el-seu-us-en-afeccions-hivernals\/#breadcrumb","itemListElement":[{"@type":"ListItem","position":1,"name":"Inici","item":"https:\/\/novaorg.cofb.net\/"},{"@type":"ListItem","position":2,"name":"Nova confer\u00e8ncia sobre els olis essencials, centrada en el seu \u00fas en afeccions hivernals"}]},{"@type":"WebSite","@id":"https:\/\/www.cofb.org\/#website","url":"https:\/\/www.cofb.org\/","name":"Col\u00b7legi de Farmac\u00e8utics de Barcelona","description":"","publisher":{"@id":"https:\/\/www.cofb.org\/#organization"},"potentialAction":[{"@type":"SearchAction","target":{"@type":"EntryPoint","urlTemplate":"https:\/\/www.cofb.org\/?s={search_term_string}"},"query-input":"required name=search_term_string"}],"inLanguage":"es"},{"@type":"Organization","@id":"https:\/\/www.cofb.org\/#organization","name":"Col\u00b7legi de Farmac\u00e8utics de Barcelona","url":"https:\/\/www.cofb.org\/","logo":{"@type":"ImageObject","inLanguage":"es","@id":"https:\/\/www.cofb.org\/#\/schema\/logo\/image\/","url":"https:\/\/www.cofb.org\/wp-content\/uploads\/2023\/11\/cropped-Logotip-COFB.png","contentUrl":"https:\/\/www.cofb.org\/wp-content\/uploads\/2023\/11\/cropped-Logotip-COFB.png","width":500,"height":105,"caption":"Col\u00b7legi de Farmac\u00e8utics de Barcelona"},"image":{"@id":"https:\/\/www.cofb.org\/#\/schema\/logo\/image\/"},"sameAs":["https:\/\/www.facebook.com\/farmaceuticsbcn\/","https:\/\/twitter.com\/farmaceuticsbcn","https:\/\/www.instagram.com\/farmaceuticsbcn\/","https:\/\/www.linkedin.com\/company\/farmaceuticsbcn\/"]},{"@type":"Person","@id":"https:\/\/www.cofb.org\/#\/schema\/person\/22ed7eea88da74b0fa4d3154ad87ffcb","name":"wpAdminCofbOrg","image":{"@type":"ImageObject","inLanguage":"es","@id":"https:\/\/www.cofb.org\/#\/schema\/person\/image\/","url":"https:\/\/secure.gravatar.com\/avatar\/1721b20b3b8ca882c3b56ec6c978c594fff670e40c0718e9190eaeeb76aae7d8?s=96&d=mm&r=g","contentUrl":"https:\/\/secure.gravatar.com\/avatar\/1721b20b3b8ca882c3b56ec6c978c594fff670e40c0718e9190eaeeb76aae7d8?s=96&d=mm&r=g","caption":"wpAdminCofbOrg"},"sameAs":["http:\/\/192.168.64.122\/wordpress"],"url":"https:\/\/www.cofb.org\/es\/author\/wpadmincofborg\/"}]}},"uagb_featured_image_src":{"full":["https:\/\/www.cofb.org\/wp-content\/uploads\/2024\/04\/olis-esencials.jpg",2560,1406,false],"thumbnail":["https:\/\/www.cofb.org\/wp-content\/uploads\/2024\/04\/olis-esencials-150x150.jpg",150,150,true],"medium":["https:\/\/www.cofb.org\/wp-content\/uploads\/2024\/04\/olis-esencials-300x165.jpg",300,165,true],"medium_large":["https:\/\/www.cofb.org\/wp-content\/uploads\/2024\/04\/olis-esencials-768x422.jpg",768,422,true],"large":["https:\/\/www.cofb.org\/wp-content\/uploads\/2024\/04\/olis-esencials-1024x562.jpg",1024,562,true],"1536x1536":["https:\/\/www.cofb.org\/wp-content\/uploads\/2024\/04\/olis-esencials-1536x844.jpg",1536,844,true],"2048x2048":["https:\/\/www.cofb.org\/wp-content\/uploads\/2024\/04\/olis-esencials-2048x1125.jpg",2048,1125,true],"trp-custom-language-flag":["https:\/\/www.cofb.org\/wp-content\/uploads\/2024\/04\/olis-esencials-18x10.jpg",18,10,true]},"uagb_author_info":{"display_name":"wpAdminCofbOrg","author_link":"https:\/\/www.cofb.org\/es\/author\/wpadmincofborg\/"},"uagb_comment_info":0,"uagb_excerpt":"El 28 de febrer el Col\u00b7legi de farmac\u00e8utics de Barcelona (COFB) va organitzar la confer\u00e8ncia \u201cEls olis essencials i el seu \u00fas en afeccions hivernals\u201d, amb el patrocini de Puressentiel. Els objectius de la sessi\u00f3 van ser repassar les propietats i caracter\u00edstiques principals dels olis essencials, identificar les afeccions m\u00e9s [&hellip;]","_links":{"self":[{"href":"https:\/\/www.cofb.org\/es\/wp-json\/wp\/v2\/posts\/77811","targetHints":{"allow":["GET"]}}],"collection":[{"href":"https:\/\/www.cofb.org\/es\/wp-json\/wp\/v2\/posts"}],"about":[{"href":"https:\/\/www.cofb.org\/es\/wp-json\/wp\/v2\/types\/post"}],"author":[{"embeddable":true,"href":"https:\/\/www.cofb.org\/es\/wp-json\/wp\/v2\/users\/1"}],"replies":[{"embeddable":true,"href":"https:\/\/www.cofb.org\/es\/wp-json\/wp\/v2\/comments?post=77811"}],"version-history":[{"count":1,"href":"https:\/\/www.cofb.org\/es\/wp-json\/wp\/v2\/posts\/77811\/revisions"}],"predecessor-version":[{"id":77819,"href":"https:\/\/www.cofb.org\/es\/wp-json\/wp\/v2\/posts\/77811\/revisions\/77819"}],"wp:featuredmedia":[{"embeddable":true,"href":"https:\/\/www.cofb.org\/es\/wp-json\/wp\/v2\/media\/77818"}],"wp:attachment":[{"href":"https:\/\/www.cofb.org\/es\/wp-json\/wp\/v2\/media?parent=77811"}],"wp:term":[{"taxonomy":"category","embeddable":true,"href":"https:\/\/www.cofb.org\/es\/wp-json\/wp\/v2\/categories?post=77811"},{"taxonomy":"post_tag","embeddable":true,"href":"https:\/\/www.cofb.org\/es\/wp-json\/wp\/v2\/tags?post=77811"}],"curies":[{"name":"wp","href":"https:\/\/api.w.org\/{rel}","templated":true}]}}