{"id":77809,"date":"2024-03-22T17:45:42","date_gmt":"2024-03-22T15:45:42","guid":{"rendered":"https:\/\/blog.cofb.cat\/?p=68779"},"modified":"2024-04-05T09:36:07","modified_gmt":"2024-04-05T09:36:07","slug":"infarma-madrid-2024-supera-les-previsions-mes-optimistes-dassistencia-i-participacio","status":"publish","type":"post","link":"https:\/\/www.cofb.org\/es\/2024\/03\/22\/infarma-madrid-2024-supera-les-previsions-mes-optimistes-dassistencia-i-participacio\/","title":{"rendered":"&#039;Infarma Madrid 2024&#039; supera las previsiones m\u00e1s optimistas de asistencia y participaci\u00f3n"},"content":{"rendered":"<p>\u201c<strong>Infarma Madrid 2024 ha superado con creces las previsiones m\u00e1s optimistas que todos ten\u00edamos. Estamos, sin lugar a dudas, ante el Infarma m\u00e1s multitudinario, de mayor asistencia y de mayor participaci\u00f3n de la historia<\/strong>\u201d. As\u00ed defini\u00f3 Manuel Mart\u00ednez del Peral, presidente de<strong><a href=\"https:\/\/www.infarma.es\/\" target=\"_blank\" rel=\"noreferrer noopener\">Infarma Madrid 2024<\/a> <\/strong>y del Colegio Oficial de Farmac\u00e9uticos de Madrid (COFM), lo que ha sido esta edici\u00f3n del Congreso Europeo de Farmacia y Sal\u00f3n de Medicamentos y Parafarmacia, organizado por los Colegios de Farmac\u00e9uticos de Madrid y Barcelona (COFB) y CloserStill en el recinto de IFEMA, del 19 al 21 de marzo.<\/p>\n\n\n\n<figure class=\"wp-block-image size-large\"><a href=\"https:\/\/blog.cofb.cat\/wp-content\/uploads\/2024\/03\/COFB_Infarma-Madrid-2024_Clausura_21042024-scaled.jpg\" target=\"_blank\" rel=\"noopener\"><img decoding=\"async\" src=\"https:\/\/blog.cofb.cat\/wp-content\/uploads\/2024\/03\/COFB_Infarma-Madrid-2024_Clausura_21042024-1024x669.jpg\" alt=\"Membres del Comit\u00e8 Organitzador i Cient\u00edfic d'Infarma\u00a0Madrid 2024.\" class=\"wp-image-68780\" title=\"Miembros del Comit\u00e9 Organizador y Cient\u00edfico de Infarma Madrid 2024.\"\/><\/a><figcaption>Miembros del Comit\u00e9 Organizador y Cient\u00edfico de Infarma Madrid 2024.<\/figcaption><\/figure>\n\n\n\n<p>El presidente del COFM subray\u00f3 en la clausura el car\u00e1cter colaborativo y de vanguardia que tiene este foro, construido sobre el eje Madrid-Barcelona con el m\u00fasculo de una empresa como CloserStill. \u201cLa farmacia espa\u00f1ola necesita un Infarma que cada a\u00f1o ponga sobre la mesa las respuestas que los farmac\u00e9uticos podemos dar a los grandes desaf\u00edos sociales y sanitarios de la actualidad, porque <strong>la sociedad necesita de los farmac\u00e9uticos como parte de la soluci\u00f3n a estos desaf\u00edos<\/strong>\u201d, afirm\u00f3.<\/p>\n\n\n\n<p>En este sentido, destac\u00f3 el <strong>valor de Infarma como espacio de encuentro para estrechar la colaboraci\u00f3n entre los farmac\u00e9uticos, la industria, la distribuci\u00f3n y las compa\u00f1\u00edas de servicios<\/strong> con el objetivo com\u00fan de reforzar el cuidado de la salud y la calidad de vida de las personas.<\/p>\n\n\n\n<p><strong>Mart\u00ednez del Peral entreg\u00f3 durante la clausura el testigo a Jordi Casas<\/strong>, presidente del COFB y vicepresidente del congreso, <strong>para la organizaci\u00f3n de Infarma Barcelona 2025<\/strong>, que se celebrar\u00e1 del <strong>25 al 27 de marzo del pr\u00f3ximo a\u00f1o<\/strong>.<\/p>\n\n\n\n<figure class=\"wp-block-image size-large\"><a href=\"https:\/\/blog.cofb.cat\/wp-content\/uploads\/2024\/03\/COFB_Infarma-Madrid-2024_Clausura_21042024_2.2.jpg\" target=\"_blank\" rel=\"noopener\"><img decoding=\"async\" src=\"https:\/\/blog.cofb.cat\/wp-content\/uploads\/2024\/03\/COFB_Infarma-Madrid-2024_Clausura_21042024_2.2-1024x630.jpg\" alt=\"Manuel Mart\u00ednez del Peral lliurant el testimoni d'Infarma\u00a0a Jordi Casas.\" class=\"wp-image-68781\" title=\"Manuel Mart\u00ednez del Peral entregando el testigo de Infarma a Jordi Casas.\"\/><\/a><figcaption>Manuel Mart\u00ednez del Peral entregando el testigo de Infarma a Jordi Casas.<\/figcaption><\/figure>\n\n\n\n<p>Casas destac\u00f3 que esta edici\u00f3n &quot;ha sido un \u00e9xito absoluto&quot; y que <strong>ha permitido que Infarma &quot;siga siendo el punto de referencia global del sector&quot;<\/strong>. Junto a esto, confirm\u00f3 el compromiso de empezar a trabajar &quot;desde hoy&quot; para dar forma a Infarma 2025 en Barcelona y conseguir que este encuentro contin\u00fae creciendo y mejorando.<\/p>\n\n\n\n<p><strong>Agust\u00edn Torres<\/strong>, presidente de CloserStill, reiter\u00f3 el \u201cgran \u00e9xito\u201d conseguido en esta edici\u00f3n: \u201c<strong>Ha sido un honor ser testigo del impresionante crecimiento y de los logros conseguidos durante estos d\u00edas<\/strong>. Infarma 2024 ha superado todas nuestras expectativas con una asistencia que ha superado con creces los objetivos que nos hab\u00edamos marcado\u201d.<\/p>\n\n\n\n<p>Las cifras conseguidas al cierre del evento evidencian bien este \u00e9xito, puesto que se ha contado con una <strong>superficie de 32.000 metros cuadrados<\/strong> y con una <strong>asistencia de m\u00e1s de 25.400 visitantes \u00fanicos\/d\u00eda <\/strong>(un 24% m\u00e1s que en Infarma Madrid 2022), <strong>300 expositores<\/strong>, algo m\u00e1s de <strong>4.000 congresistas<\/strong> y m\u00e1s de <strong>1.000 marcas representadas<\/strong>.<\/p>\n\n\n\n<p><strong>Jos\u00e9 Manuel Becerra<\/strong>, director del congreso de Infarma Madrid 2024 y vocal de Titulares de Oficina de Farmacia del COFM, expuso las <a href=\"https:\/\/www.cofm.es\/recursos\/doc\/portal\/2015\/10\/26\/conclusiones-infarma-madrid-2024.docx\">conclusiones<\/a> conseguidas en estos tres d\u00edas de encuentro y destac\u00f3 el compromiso de cumplir con un <strong>lema tan \u201cambicioso\u201d<\/strong> como el elegido para este a\u00f1o, \u201c<strong>Pon tu farmacia a la vanguardia<\/strong>\u201d, ya que buscaba reflejar la apuesta de esta edici\u00f3n con la innovaci\u00f3n, la participaci\u00f3n activa y la aportaci\u00f3n de ideas, experiencias y soluciones para que la farmacia y la profesi\u00f3n farmac\u00e9utica est\u00e9n mejor preparadas ante los grandes retos del presente y del futuro , tanto desde el punto de vista asistencial como cient\u00edfico y empresarial. &quot;Creo, honestamente, que hemos superado los objetivos propuestos&quot;, resalt\u00f3.<\/p>\n\n\n\n<h2 class=\"wp-block-heading\"><strong>Alto nivel de las comunicaciones cient\u00edficas<\/strong><\/h2>\n\n\n\n<p>Tambi\u00e9n durante el acto de clausura se <strong>entregar los premios a las mejores comunicaciones cient\u00edficas presentadas en el congreso<\/strong>. La relaci\u00f3n de galardones la dio <strong>Rafael Are\u00f1as<\/strong>, coordinador cient\u00edfico de esta edici\u00f3n y vicepresidente 3\u00ba del COFM, quien destac\u00f3 el \u201c<strong>nivel alt\u00edsimo\u201d de todos los trabajos<\/strong> (166 p\u00f3sters admitidos de un total de 201 presentados). <\/p>\n\n\n\n<figure class=\"wp-block-image size-large is-resized\"><a href=\"https:\/\/blog.cofb.cat\/wp-content\/uploads\/2024\/03\/COFB_Infarma-Madrid-2024_Clausura_21042024_3.3-scaled.jpg\" target=\"_blank\" rel=\"noopener\"><img fetchpriority=\"high\" decoding=\"async\" src=\"https:\/\/blog.cofb.cat\/wp-content\/uploads\/2024\/03\/COFB_Infarma-Madrid-2024_Clausura_21042024_3.3-1024x640.jpg\" alt=\"Guardonats en els premis a les comunicacions cient\u00edfiques\" class=\"wp-image-68782\" width=\"725\" height=\"453\" title=\" Galardonados en los premios a las comunicaciones cient\u00edficas\"\/><\/a><figcaption>Galardonados en los premios a las comunicaciones cient\u00edficas<\/figcaption><\/figure>\n\n\n\n<p>Por \u00faltimo, de una relaci\u00f3n final de <strong>15 comunicaciones<\/strong>, las tres galardonadas fueron:<\/p>\n\n\n\n<ul class=\"wp-block-list\"><li><strong>Primer premio:<\/strong> &#8220;<strong><a href=\"https:\/\/www.cofm.es\/recursos\/img\/portal\/2015\/04\/24\/estudio-de-estabilidad-de-emulsiones-ow.jpg?utm_campaign=np-infarma-madrid-2024-supera-las-previsiones-mas-optimistas-de-asistencia-y-participacion&amp;utm_medium=email&amp;utm_source=acumbamail\" target=\"_blank\" rel=\"noreferrer noopener\">Estudio de estabilidad de emulsiones o\/w de \u00e1cido retinoico 0,01%, hidroquinona 5%, hidrocortisona 1% y \u00e1cido tranex\u00e1mico 3% elaboradas en laboratorios formulistas<\/a><\/strong>\u201c, de Uriel Gallego, M., Melendo Vidal, AP., Ben\u00edtez Ben\u00edtez, MP., Abarca Lachen, E., Pezo Pi\u00f1a, D., G\u00f3mez Rinc\u00f3n, C. PACMI (Programa de Aseguramiento de la Calidad del medicamento Individualizado) . Universidad San Jorge.<\/li><li><strong>Segundo premio:<\/strong> \u201c<strong><a href=\"https:\/\/www.cofm.es\/recursos\/img\/portal\/2015\/04\/24\/el-papel-del-radiofarmaceutico-en-los-ensayos-clinicos.jpg?utm_campaign=np-infarma-madrid-2024-supera-las-previsiones-mas-optimistas-de-asistencia-y-participacion&amp;utm_medium=email&amp;utm_source=acumbamail\" target=\"_blank\" rel=\"noreferrer noopener\">El Papel del Radiofarmac\u00e9utico en los Ensayos Cl\u00ednicos<\/a>\u201d<\/strong>, de Pareja del R\u00edo, F., Fern\u00e1ndez Gonz\u00e1lez, A., Quincoces Fern\u00e1ndez, G., Ramos Membrive, R., Pe\u00f1uelas S\u00e1nchez, E. Cl\u00ednica de la Universidad de Navarra.<\/li><li><strong>Tercer Premio:<\/strong> \u201c<strong><a href=\"http:\/\/comunicacion.cofm.es\/url\/ver\/582525705\/2598248\/a6a31de9b32ee59360291220b410a8c7\" target=\"_blank\" rel=\"noreferrer noopener\">JunTOS. Cuidado farmac\u00e9utico al paciente trasplantado<\/a><\/strong>\u201d, de Mart\u00ednez Garc\u00eda, R., Herranz Alonso, A., Garrido Olmedo, E., Blanes Jim\u00e9nez, A., Fern\u00e1ndez Moriano, C., Mart\u00edn Guti\u00e9rrez, L (Grupo de Trabajo Juntos \u2013 Consejo General de Colegios Oficiales de Farmac\u00e9uticos ).<\/li><\/ul>\n\n\n\n<h2 class=\"wp-block-heading\"><strong>Recaudaci\u00f3n ben\u00e9fica de &#039;Infarma Solidario&#039;<\/strong><\/h2>\n\n\n\n<p>La edici\u00f3n de Infarma Madrid 2024 tambi\u00e9n tuvo su parte de <strong>compromiso social <\/strong>a trav\u00e9s de<strong>Infarma Solidario<\/strong>, que celebr\u00f3 un <strong>concierto ben\u00e9fico <\/strong>mediante el cual se recaudaron <strong>25.540 euros<\/strong>, destinados a apoyar un p<strong>royecto liderado por la Fundaci\u00f3n El Alto<\/strong> de capacitaci\u00f3n t\u00e9cnica de alumnos de Farmacia en la Universidad de Makerere y la mejora de los servicios de Farmacia en el Hospital de Saint Joseph, de Kitgum, en Uganda.<\/p>\n\n\n\n<p><\/p>\n\n\n\n<p><strong>Otras publicaciones de inter\u00e9s:<\/strong><\/p>\n\n\n\n<ul class=\"wp-block-list\"><li><a href=\"https:\/\/blog.cofb.cat\/blog\/2024\/03\/19\/arrenca-infarma-madrid-2024-amb-lobjectiu-de-posar-a-la-farmacia-a-lavantguarda\/\" target=\"_blank\" rel=\"noreferrer noopener\">Arranca &#039;Infarma Madrid 2024&#039; con el objetivo de poner en la farmacia a la vanguardia (Marzo 2024)<\/a><\/li><li><a href=\"https:\/\/blog.cofb.cat\/blog\/2024\/03\/06\/agora-sanitaria-proposa-nou-destins-formatius-a-infarma-madrid-2024\/\" target=\"_blank\" rel=\"noreferrer noopener\">\u00c0gora Sanit\u00e0ria propone nueve &#039;destinos&#039; formativos en &#039;Infarma Madrid 2024&#039; (Marzo 2024)<\/a><\/li><li><a href=\"https:\/\/blog.cofb.cat\/blog\/2024\/02\/28\/mes-de-200-posters-presentats-a-infarma-madrid-2024\/\" target=\"_blank\" rel=\"noreferrer noopener\">M\u00e1s de 200 p\u00f3sters presentados en &#039;Infarma Madrid 2024&#039; (Febrero 2024)<\/a><\/li><\/ul>","protected":false},"excerpt":{"rendered":"<p>\u201cInfarma Madrid 2024 ha superado con creces las previsiones m\u00e1s optimistas que todos ten\u00edamos. Estamos, sin lugar a dudas, ante el Infarma m\u00e1s multitudinario, de mayor asistencia y de mayor participaci\u00f3n de la historia\u201d. As\u00ed defini\u00f3 Manuel Mart\u00ednez del Peral, presidente de Infarma Madrid 2024 y del Colegio Oficial de Farmac\u00e9uticos [\u2026]<\/p>","protected":false},"author":1,"featured_media":77827,"comment_status":"open","ping_status":"open","sticky":false,"template":"","format":"standard","meta":{"_uag_custom_page_level_css":"","site-sidebar-layout":"default","site-content-layout":"","ast-site-content-layout":"default","site-content-style":"default","site-sidebar-style":"default","ast-global-header-display":"","ast-banner-title-visibility":"","ast-main-header-display":"","ast-hfb-above-header-display":"","ast-hfb-below-header-display":"","ast-hfb-mobile-header-display":"","site-post-title":"","ast-breadcrumbs-content":"","ast-featured-img":"disabled","footer-sml-layout":"","theme-transparent-header-meta":"","adv-header-id-meta":"","stick-header-meta":"","header-above-stick-meta":"","header-main-stick-meta":"","header-below-stick-meta":"","astra-migrate-meta-layouts":"set","ast-page-background-enabled":"default","ast-page-background-meta":{"desktop":{"background-color":"var(--ast-global-color-4)","background-image":"","background-repeat":"repeat","background-position":"center center","background-size":"auto","background-attachment":"scroll","background-type":"","background-media":"","overlay-type":"","overlay-color":"","overlay-opacity":"","overlay-gradient":""},"tablet":{"background-color":"","background-image":"","background-repeat":"repeat","background-position":"center center","background-size":"auto","background-attachment":"scroll","background-type":"","background-media":"","overlay-type":"","overlay-color":"","overlay-opacity":"","overlay-gradient":""},"mobile":{"background-color":"","background-image":"","background-repeat":"repeat","background-position":"center center","background-size":"auto","background-attachment":"scroll","background-type":"","background-media":"","overlay-type":"","overlay-color":"","overlay-opacity":"","overlay-gradient":""}},"ast-content-background-meta":{"desktop":{"background-color":"var(--ast-global-color-5)","background-image":"","background-repeat":"repeat","background-position":"center center","background-size":"auto","background-attachment":"scroll","background-type":"","background-media":"","overlay-type":"","overlay-color":"","overlay-opacity":"","overlay-gradient":""},"tablet":{"background-color":"var(--ast-global-color-5)","background-image":"","background-repeat":"repeat","background-position":"center center","background-size":"auto","background-attachment":"scroll","background-type":"","background-media":"","overlay-type":"","overlay-color":"","overlay-opacity":"","overlay-gradient":""},"mobile":{"background-color":"var(--ast-global-color-5)","background-image":"","background-repeat":"repeat","background-position":"center center","background-size":"auto","background-attachment":"scroll","background-type":"","background-media":"","overlay-type":"","overlay-color":"","overlay-opacity":"","overlay-gradient":""}},"footnotes":""},"categories":[23,2165],"tags":[4980,4981,18,19,4982,234,186,187,53,68,69,507,28,508,164,4983,4106],"class_list":["post-77809","post","type-post","status-publish","format-standard","has-post-thumbnail","hentry","category-destacats","category-infarma","tag-34-edicio","tag-clausura","tag-cofb","tag-collegi-de-farmaceutics-de-barcelona","tag-comunicacions-cientifiques","tag-concert-benefic","tag-congres-europeu-doficina-de-farmacia-i-salo-de-medicaments-i-parafarmacia","tag-congres-i-salo","tag-farmaceutics","tag-farmacia","tag-farmacia-comunitaria","tag-ifema","tag-infarma","tag-infarma-madrid","tag-infarma-solidari","tag-recaptacio-benefica","tag-salo-i-congres-europeu-de-farmacia"],"yoast_head":"<!-- This site is optimized with the Yoast SEO plugin v22.4 - https:\/\/yoast.com\/wordpress\/plugins\/seo\/ -->\n<title>\u2018Infarma Madrid 2024\u2019 supera les previsions m\u00e9s optimistes d&#039;assist\u00e8ncia i participaci\u00f3 - Col\u00b7legi de Farmac\u00e8utics de Barcelona<\/title>\n<meta name=\"description\" content=\"Infarma Madrid 2024 ha superat amb escreix les previsions m\u00e9s optimistes que tots ten\u00edem. Estem, sense lloc a dubte, davant l&#039;Infarma m\u00e9s multitudinari&quot;.\" \/>\n<meta name=\"robots\" content=\"index, follow, max-snippet:-1, max-image-preview:large, max-video-preview:-1\" \/>\n<link rel=\"canonical\" href=\"https:\/\/www.cofb.org\/es\/2024\/03\/22\/infarma-madrid-2024-supera-les-previsions-mes-optimistes-dassistencia-i-participacio\/\" \/>\n<meta property=\"og:locale\" content=\"es_ES\" \/>\n<meta property=\"og:type\" content=\"article\" \/>\n<meta property=\"og:title\" content=\"\u2018Infarma Madrid 2024\u2019 supera les previsions m\u00e9s optimistes d&#039;assist\u00e8ncia i participaci\u00f3 - Col\u00b7legi de Farmac\u00e8utics de Barcelona\" \/>\n<meta property=\"og:description\" content=\"Infarma Madrid 2024 ha superat amb escreix les previsions m\u00e9s optimistes que tots ten\u00edem. Estem, sense lloc a dubte, davant l&#039;Infarma m\u00e9s multitudinari&quot;.\" \/>\n<meta property=\"og:url\" content=\"https:\/\/www.cofb.org\/es\/2024\/03\/22\/infarma-madrid-2024-supera-les-previsions-mes-optimistes-dassistencia-i-participacio\/\" \/>\n<meta property=\"og:site_name\" content=\"Col\u00b7legi de Farmac\u00e8utics de Barcelona\" \/>\n<meta property=\"article:publisher\" content=\"https:\/\/www.facebook.com\/farmaceuticsbcn\/\" \/>\n<meta property=\"article:published_time\" content=\"2024-03-22T15:45:42+00:00\" \/>\n<meta property=\"article:modified_time\" content=\"2024-04-05T09:36:07+00:00\" \/>\n<meta property=\"og:image\" content=\"https:\/\/novaorg.cofb.net\/wp-content\/uploads\/2024\/03\/COFB_Infarma-Madrid-2024_Clausura_21042024-1024x669-1.jpg\" \/>\n\t<meta property=\"og:image:width\" content=\"1024\" \/>\n\t<meta property=\"og:image:height\" content=\"669\" \/>\n\t<meta property=\"og:image:type\" content=\"image\/jpeg\" \/>\n<meta name=\"author\" content=\"wpAdminCofbOrg\" \/>\n<meta name=\"twitter:card\" content=\"summary_large_image\" \/>\n<meta name=\"twitter:creator\" content=\"@farmaceuticsbcn\" \/>\n<meta name=\"twitter:site\" content=\"@farmaceuticsbcn\" \/>\n<meta name=\"twitter:label1\" content=\"Escrito por\" \/>\n\t<meta name=\"twitter:data1\" content=\"wpAdminCofbOrg\" \/>\n\t<meta name=\"twitter:label2\" content=\"Tiempo de lectura\" \/>\n\t<meta name=\"twitter:data2\" content=\"6 minutos\" \/>\n<script type=\"application\/ld+json\" class=\"yoast-schema-graph\">{\"@context\":\"https:\/\/schema.org\",\"@graph\":[{\"@type\":\"Article\",\"@id\":\"https:\/\/www.cofb.org\/2024\/03\/22\/infarma-madrid-2024-supera-les-previsions-mes-optimistes-dassistencia-i-participacio\/#article\",\"isPartOf\":{\"@id\":\"https:\/\/www.cofb.org\/2024\/03\/22\/infarma-madrid-2024-supera-les-previsions-mes-optimistes-dassistencia-i-participacio\/\"},\"author\":{\"name\":\"wpAdminCofbOrg\",\"@id\":\"https:\/\/www.cofb.org\/#\/schema\/person\/22ed7eea88da74b0fa4d3154ad87ffcb\"},\"headline\":\"\u2018Infarma Madrid 2024\u2019 supera les previsions m\u00e9s optimistes d&#8217;assist\u00e8ncia i participaci\u00f3\",\"datePublished\":\"2024-03-22T15:45:42+00:00\",\"dateModified\":\"2024-04-05T09:36:07+00:00\",\"mainEntityOfPage\":{\"@id\":\"https:\/\/www.cofb.org\/2024\/03\/22\/infarma-madrid-2024-supera-les-previsions-mes-optimistes-dassistencia-i-participacio\/\"},\"wordCount\":986,\"commentCount\":0,\"publisher\":{\"@id\":\"https:\/\/www.cofb.org\/#organization\"},\"image\":{\"@id\":\"https:\/\/www.cofb.org\/2024\/03\/22\/infarma-madrid-2024-supera-les-previsions-mes-optimistes-dassistencia-i-participacio\/#primaryimage\"},\"thumbnailUrl\":\"https:\/\/www.cofb.org\/wp-content\/uploads\/2024\/03\/COFB_Infarma-Madrid-2024_Clausura_21042024-1024x669-1.jpg\",\"keywords\":[\"34 edici\u00f3\",\"Clausura\",\"COFB\",\"Col\u00b7legi de Farmac\u00e8utics de Barcelona\",\"Comunicacions cient\u00edfiques\",\"concert ben\u00e8fic\",\"Congr\u00e9s Europeu d'Oficina de Farm\u00e0cia i Sal\u00f3 de Medicaments i Parafarm\u00e0cia\",\"Congr\u00e9s i Sal\u00f3\",\"farmac\u00e8utics\",\"Farm\u00e0cia\",\"farm\u00e0cia comunit\u00e0ria\",\"Ifema\",\"Infarma\",\"Infarma Madrid\",\"Infarma Solidari\",\"recaptaci\u00f3 ben\u00e8fica\",\"Sal\u00f3 i Congr\u00e9s Europeu de Farm\u00e0cia\"],\"articleSection\":[\"Destacats\",\"Infarma\"],\"inLanguage\":\"es\",\"potentialAction\":[{\"@type\":\"CommentAction\",\"name\":\"Comment\",\"target\":[\"https:\/\/www.cofb.org\/2024\/03\/22\/infarma-madrid-2024-supera-les-previsions-mes-optimistes-dassistencia-i-participacio\/#respond\"]}]},{\"@type\":\"WebPage\",\"@id\":\"https:\/\/www.cofb.org\/2024\/03\/22\/infarma-madrid-2024-supera-les-previsions-mes-optimistes-dassistencia-i-participacio\/\",\"url\":\"https:\/\/www.cofb.org\/2024\/03\/22\/infarma-madrid-2024-supera-les-previsions-mes-optimistes-dassistencia-i-participacio\/\",\"name\":\"\u2018Infarma Madrid 2024\u2019 supera les previsions m\u00e9s optimistes d'assist\u00e8ncia i participaci\u00f3 - Col\u00b7legi de Farmac\u00e8utics de Barcelona\",\"isPartOf\":{\"@id\":\"https:\/\/www.cofb.org\/#website\"},\"primaryImageOfPage\":{\"@id\":\"https:\/\/www.cofb.org\/2024\/03\/22\/infarma-madrid-2024-supera-les-previsions-mes-optimistes-dassistencia-i-participacio\/#primaryimage\"},\"image\":{\"@id\":\"https:\/\/www.cofb.org\/2024\/03\/22\/infarma-madrid-2024-supera-les-previsions-mes-optimistes-dassistencia-i-participacio\/#primaryimage\"},\"thumbnailUrl\":\"https:\/\/www.cofb.org\/wp-content\/uploads\/2024\/03\/COFB_Infarma-Madrid-2024_Clausura_21042024-1024x669-1.jpg\",\"datePublished\":\"2024-03-22T15:45:42+00:00\",\"dateModified\":\"2024-04-05T09:36:07+00:00\",\"description\":\"Infarma Madrid 2024 ha superat amb escreix les previsions m\u00e9s optimistes que tots ten\u00edem. Estem, sense lloc a dubte, davant l'Infarma m\u00e9s multitudinari\\\".\",\"breadcrumb\":{\"@id\":\"https:\/\/www.cofb.org\/2024\/03\/22\/infarma-madrid-2024-supera-les-previsions-mes-optimistes-dassistencia-i-participacio\/#breadcrumb\"},\"inLanguage\":\"es\",\"potentialAction\":[{\"@type\":\"ReadAction\",\"target\":[\"https:\/\/www.cofb.org\/2024\/03\/22\/infarma-madrid-2024-supera-les-previsions-mes-optimistes-dassistencia-i-participacio\/\"]}]},{\"@type\":\"ImageObject\",\"inLanguage\":\"es\",\"@id\":\"https:\/\/www.cofb.org\/2024\/03\/22\/infarma-madrid-2024-supera-les-previsions-mes-optimistes-dassistencia-i-participacio\/#primaryimage\",\"url\":\"https:\/\/www.cofb.org\/wp-content\/uploads\/2024\/03\/COFB_Infarma-Madrid-2024_Clausura_21042024-1024x669-1.jpg\",\"contentUrl\":\"https:\/\/www.cofb.org\/wp-content\/uploads\/2024\/03\/COFB_Infarma-Madrid-2024_Clausura_21042024-1024x669-1.jpg\",\"width\":1024,\"height\":669},{\"@type\":\"BreadcrumbList\",\"@id\":\"https:\/\/www.cofb.org\/2024\/03\/22\/infarma-madrid-2024-supera-les-previsions-mes-optimistes-dassistencia-i-participacio\/#breadcrumb\",\"itemListElement\":[{\"@type\":\"ListItem\",\"position\":1,\"name\":\"Inici\",\"item\":\"https:\/\/novaorg.cofb.net\/\"},{\"@type\":\"ListItem\",\"position\":2,\"name\":\"\u2018Infarma Madrid 2024\u2019 supera les previsions m\u00e9s optimistes d&#8217;assist\u00e8ncia i participaci\u00f3\"}]},{\"@type\":\"WebSite\",\"@id\":\"https:\/\/www.cofb.org\/#website\",\"url\":\"https:\/\/www.cofb.org\/\",\"name\":\"Col\u00b7legi de Farmac\u00e8utics de Barcelona\",\"description\":\"\",\"publisher\":{\"@id\":\"https:\/\/www.cofb.org\/#organization\"},\"potentialAction\":[{\"@type\":\"SearchAction\",\"target\":{\"@type\":\"EntryPoint\",\"urlTemplate\":\"https:\/\/www.cofb.org\/?s={search_term_string}\"},\"query-input\":\"required name=search_term_string\"}],\"inLanguage\":\"es\"},{\"@type\":\"Organization\",\"@id\":\"https:\/\/www.cofb.org\/#organization\",\"name\":\"Col\u00b7legi de Farmac\u00e8utics de Barcelona\",\"url\":\"https:\/\/www.cofb.org\/\",\"logo\":{\"@type\":\"ImageObject\",\"inLanguage\":\"es\",\"@id\":\"https:\/\/www.cofb.org\/#\/schema\/logo\/image\/\",\"url\":\"https:\/\/www.cofb.org\/wp-content\/uploads\/2023\/11\/cropped-Logotip-COFB.png\",\"contentUrl\":\"https:\/\/www.cofb.org\/wp-content\/uploads\/2023\/11\/cropped-Logotip-COFB.png\",\"width\":500,\"height\":105,\"caption\":\"Col\u00b7legi de Farmac\u00e8utics de Barcelona\"},\"image\":{\"@id\":\"https:\/\/www.cofb.org\/#\/schema\/logo\/image\/\"},\"sameAs\":[\"https:\/\/www.facebook.com\/farmaceuticsbcn\/\",\"https:\/\/twitter.com\/farmaceuticsbcn\",\"https:\/\/www.instagram.com\/farmaceuticsbcn\/\",\"https:\/\/www.linkedin.com\/company\/farmaceuticsbcn\/\"]},{\"@type\":\"Person\",\"@id\":\"https:\/\/www.cofb.org\/#\/schema\/person\/22ed7eea88da74b0fa4d3154ad87ffcb\",\"name\":\"wpAdminCofbOrg\",\"image\":{\"@type\":\"ImageObject\",\"inLanguage\":\"es\",\"@id\":\"https:\/\/www.cofb.org\/#\/schema\/person\/image\/\",\"url\":\"https:\/\/secure.gravatar.com\/avatar\/1721b20b3b8ca882c3b56ec6c978c594fff670e40c0718e9190eaeeb76aae7d8?s=96&d=mm&r=g\",\"contentUrl\":\"https:\/\/secure.gravatar.com\/avatar\/1721b20b3b8ca882c3b56ec6c978c594fff670e40c0718e9190eaeeb76aae7d8?s=96&d=mm&r=g\",\"caption\":\"wpAdminCofbOrg\"},\"sameAs\":[\"http:\/\/192.168.64.122\/wordpress\"],\"url\":\"https:\/\/www.cofb.org\/es\/author\/wpadmincofborg\/\"}]}<\/script>\n<!-- \/ Yoast SEO plugin. -->","yoast_head_json":{"title":"\u2018Infarma Madrid 2024\u2019 supera les previsions m\u00e9s optimistes d'assist\u00e8ncia i participaci\u00f3 - Col\u00b7legi de Farmac\u00e8utics de Barcelona","description":"Infarma Madrid 2024 ha superat amb escreix les previsions m\u00e9s optimistes que tots ten\u00edem. Estem, sense lloc a dubte, davant l'Infarma m\u00e9s multitudinari\".","robots":{"index":"index","follow":"follow","max-snippet":"max-snippet:-1","max-image-preview":"max-image-preview:large","max-video-preview":"max-video-preview:-1"},"canonical":"https:\/\/www.cofb.org\/es\/2024\/03\/22\/infarma-madrid-2024-supera-les-previsions-mes-optimistes-dassistencia-i-participacio\/","og_locale":"es_ES","og_type":"article","og_title":"\u2018Infarma Madrid 2024\u2019 supera les previsions m\u00e9s optimistes d'assist\u00e8ncia i participaci\u00f3 - Col\u00b7legi de Farmac\u00e8utics de Barcelona","og_description":"Infarma Madrid 2024 ha superat amb escreix les previsions m\u00e9s optimistes que tots ten\u00edem. Estem, sense lloc a dubte, davant l'Infarma m\u00e9s multitudinari\".","og_url":"https:\/\/www.cofb.org\/es\/2024\/03\/22\/infarma-madrid-2024-supera-les-previsions-mes-optimistes-dassistencia-i-participacio\/","og_site_name":"Col\u00b7legi de Farmac\u00e8utics de Barcelona","article_publisher":"https:\/\/www.facebook.com\/farmaceuticsbcn\/","article_published_time":"2024-03-22T15:45:42+00:00","article_modified_time":"2024-04-05T09:36:07+00:00","og_image":[{"width":1024,"height":669,"url":"https:\/\/novaorg.cofb.net\/wp-content\/uploads\/2024\/03\/COFB_Infarma-Madrid-2024_Clausura_21042024-1024x669-1.jpg","type":"image\/jpeg"}],"author":"wpAdminCofbOrg","twitter_card":"summary_large_image","twitter_creator":"@farmaceuticsbcn","twitter_site":"@farmaceuticsbcn","twitter_misc":{"Escrito por":"wpAdminCofbOrg","Tiempo de lectura":"6 minutos"},"schema":{"@context":"https:\/\/schema.org","@graph":[{"@type":"Article","@id":"https:\/\/www.cofb.org\/2024\/03\/22\/infarma-madrid-2024-supera-les-previsions-mes-optimistes-dassistencia-i-participacio\/#article","isPartOf":{"@id":"https:\/\/www.cofb.org\/2024\/03\/22\/infarma-madrid-2024-supera-les-previsions-mes-optimistes-dassistencia-i-participacio\/"},"author":{"name":"wpAdminCofbOrg","@id":"https:\/\/www.cofb.org\/#\/schema\/person\/22ed7eea88da74b0fa4d3154ad87ffcb"},"headline":"\u2018Infarma Madrid 2024\u2019 supera les previsions m\u00e9s optimistes d&#8217;assist\u00e8ncia i participaci\u00f3","datePublished":"2024-03-22T15:45:42+00:00","dateModified":"2024-04-05T09:36:07+00:00","mainEntityOfPage":{"@id":"https:\/\/www.cofb.org\/2024\/03\/22\/infarma-madrid-2024-supera-les-previsions-mes-optimistes-dassistencia-i-participacio\/"},"wordCount":986,"commentCount":0,"publisher":{"@id":"https:\/\/www.cofb.org\/#organization"},"image":{"@id":"https:\/\/www.cofb.org\/2024\/03\/22\/infarma-madrid-2024-supera-les-previsions-mes-optimistes-dassistencia-i-participacio\/#primaryimage"},"thumbnailUrl":"https:\/\/www.cofb.org\/wp-content\/uploads\/2024\/03\/COFB_Infarma-Madrid-2024_Clausura_21042024-1024x669-1.jpg","keywords":["34 edici\u00f3","Clausura","COFB","Col\u00b7legi de Farmac\u00e8utics de Barcelona","Comunicacions cient\u00edfiques","concert ben\u00e8fic","Congr\u00e9s Europeu d'Oficina de Farm\u00e0cia i Sal\u00f3 de Medicaments i Parafarm\u00e0cia","Congr\u00e9s i Sal\u00f3","farmac\u00e8utics","Farm\u00e0cia","farm\u00e0cia comunit\u00e0ria","Ifema","Infarma","Infarma Madrid","Infarma Solidari","recaptaci\u00f3 ben\u00e8fica","Sal\u00f3 i Congr\u00e9s Europeu de Farm\u00e0cia"],"articleSection":["Destacats","Infarma"],"inLanguage":"es","potentialAction":[{"@type":"CommentAction","name":"Comment","target":["https:\/\/www.cofb.org\/2024\/03\/22\/infarma-madrid-2024-supera-les-previsions-mes-optimistes-dassistencia-i-participacio\/#respond"]}]},{"@type":"WebPage","@id":"https:\/\/www.cofb.org\/2024\/03\/22\/infarma-madrid-2024-supera-les-previsions-mes-optimistes-dassistencia-i-participacio\/","url":"https:\/\/www.cofb.org\/2024\/03\/22\/infarma-madrid-2024-supera-les-previsions-mes-optimistes-dassistencia-i-participacio\/","name":"\u2018Infarma Madrid 2024\u2019 supera les previsions m\u00e9s optimistes d'assist\u00e8ncia i participaci\u00f3 - Col\u00b7legi de Farmac\u00e8utics de Barcelona","isPartOf":{"@id":"https:\/\/www.cofb.org\/#website"},"primaryImageOfPage":{"@id":"https:\/\/www.cofb.org\/2024\/03\/22\/infarma-madrid-2024-supera-les-previsions-mes-optimistes-dassistencia-i-participacio\/#primaryimage"},"image":{"@id":"https:\/\/www.cofb.org\/2024\/03\/22\/infarma-madrid-2024-supera-les-previsions-mes-optimistes-dassistencia-i-participacio\/#primaryimage"},"thumbnailUrl":"https:\/\/www.cofb.org\/wp-content\/uploads\/2024\/03\/COFB_Infarma-Madrid-2024_Clausura_21042024-1024x669-1.jpg","datePublished":"2024-03-22T15:45:42+00:00","dateModified":"2024-04-05T09:36:07+00:00","description":"Infarma Madrid 2024 ha superat amb escreix les previsions m\u00e9s optimistes que tots ten\u00edem. Estem, sense lloc a dubte, davant l'Infarma m\u00e9s multitudinari\".","breadcrumb":{"@id":"https:\/\/www.cofb.org\/2024\/03\/22\/infarma-madrid-2024-supera-les-previsions-mes-optimistes-dassistencia-i-participacio\/#breadcrumb"},"inLanguage":"es","potentialAction":[{"@type":"ReadAction","target":["https:\/\/www.cofb.org\/2024\/03\/22\/infarma-madrid-2024-supera-les-previsions-mes-optimistes-dassistencia-i-participacio\/"]}]},{"@type":"ImageObject","inLanguage":"es","@id":"https:\/\/www.cofb.org\/2024\/03\/22\/infarma-madrid-2024-supera-les-previsions-mes-optimistes-dassistencia-i-participacio\/#primaryimage","url":"https:\/\/www.cofb.org\/wp-content\/uploads\/2024\/03\/COFB_Infarma-Madrid-2024_Clausura_21042024-1024x669-1.jpg","contentUrl":"https:\/\/www.cofb.org\/wp-content\/uploads\/2024\/03\/COFB_Infarma-Madrid-2024_Clausura_21042024-1024x669-1.jpg","width":1024,"height":669},{"@type":"BreadcrumbList","@id":"https:\/\/www.cofb.org\/2024\/03\/22\/infarma-madrid-2024-supera-les-previsions-mes-optimistes-dassistencia-i-participacio\/#breadcrumb","itemListElement":[{"@type":"ListItem","position":1,"name":"Inici","item":"https:\/\/novaorg.cofb.net\/"},{"@type":"ListItem","position":2,"name":"\u2018Infarma Madrid 2024\u2019 supera les previsions m\u00e9s optimistes d&#8217;assist\u00e8ncia i participaci\u00f3"}]},{"@type":"WebSite","@id":"https:\/\/www.cofb.org\/#website","url":"https:\/\/www.cofb.org\/","name":"Col\u00b7legi de Farmac\u00e8utics de Barcelona","description":"","publisher":{"@id":"https:\/\/www.cofb.org\/#organization"},"potentialAction":[{"@type":"SearchAction","target":{"@type":"EntryPoint","urlTemplate":"https:\/\/www.cofb.org\/?s={search_term_string}"},"query-input":"required name=search_term_string"}],"inLanguage":"es"},{"@type":"Organization","@id":"https:\/\/www.cofb.org\/#organization","name":"Col\u00b7legi de Farmac\u00e8utics de Barcelona","url":"https:\/\/www.cofb.org\/","logo":{"@type":"ImageObject","inLanguage":"es","@id":"https:\/\/www.cofb.org\/#\/schema\/logo\/image\/","url":"https:\/\/www.cofb.org\/wp-content\/uploads\/2023\/11\/cropped-Logotip-COFB.png","contentUrl":"https:\/\/www.cofb.org\/wp-content\/uploads\/2023\/11\/cropped-Logotip-COFB.png","width":500,"height":105,"caption":"Col\u00b7legi de Farmac\u00e8utics de Barcelona"},"image":{"@id":"https:\/\/www.cofb.org\/#\/schema\/logo\/image\/"},"sameAs":["https:\/\/www.facebook.com\/farmaceuticsbcn\/","https:\/\/twitter.com\/farmaceuticsbcn","https:\/\/www.instagram.com\/farmaceuticsbcn\/","https:\/\/www.linkedin.com\/company\/farmaceuticsbcn\/"]},{"@type":"Person","@id":"https:\/\/www.cofb.org\/#\/schema\/person\/22ed7eea88da74b0fa4d3154ad87ffcb","name":"wpAdminCofbOrg","image":{"@type":"ImageObject","inLanguage":"es","@id":"https:\/\/www.cofb.org\/#\/schema\/person\/image\/","url":"https:\/\/secure.gravatar.com\/avatar\/1721b20b3b8ca882c3b56ec6c978c594fff670e40c0718e9190eaeeb76aae7d8?s=96&d=mm&r=g","contentUrl":"https:\/\/secure.gravatar.com\/avatar\/1721b20b3b8ca882c3b56ec6c978c594fff670e40c0718e9190eaeeb76aae7d8?s=96&d=mm&r=g","caption":"wpAdminCofbOrg"},"sameAs":["http:\/\/192.168.64.122\/wordpress"],"url":"https:\/\/www.cofb.org\/es\/author\/wpadmincofborg\/"}]}},"uagb_featured_image_src":{"full":["https:\/\/www.cofb.org\/wp-content\/uploads\/2024\/03\/COFB_Infarma-Madrid-2024_Clausura_21042024-1024x669-1.jpg",1024,669,false],"thumbnail":["https:\/\/www.cofb.org\/wp-content\/uploads\/2024\/03\/COFB_Infarma-Madrid-2024_Clausura_21042024-1024x669-1-150x150.jpg",150,150,true],"medium":["https:\/\/www.cofb.org\/wp-content\/uploads\/2024\/03\/COFB_Infarma-Madrid-2024_Clausura_21042024-1024x669-1-300x196.jpg",300,196,true],"medium_large":["https:\/\/www.cofb.org\/wp-content\/uploads\/2024\/03\/COFB_Infarma-Madrid-2024_Clausura_21042024-1024x669-1-768x502.jpg",768,502,true],"large":["https:\/\/www.cofb.org\/wp-content\/uploads\/2024\/03\/COFB_Infarma-Madrid-2024_Clausura_21042024-1024x669-1.jpg",1024,669,false],"1536x1536":["https:\/\/www.cofb.org\/wp-content\/uploads\/2024\/03\/COFB_Infarma-Madrid-2024_Clausura_21042024-1024x669-1.jpg",1024,669,false],"2048x2048":["https:\/\/www.cofb.org\/wp-content\/uploads\/2024\/03\/COFB_Infarma-Madrid-2024_Clausura_21042024-1024x669-1.jpg",1024,669,false],"trp-custom-language-flag":["https:\/\/www.cofb.org\/wp-content\/uploads\/2024\/03\/COFB_Infarma-Madrid-2024_Clausura_21042024-1024x669-1-18x12.jpg",18,12,true]},"uagb_author_info":{"display_name":"wpAdminCofbOrg","author_link":"https:\/\/www.cofb.org\/es\/author\/wpadmincofborg\/"},"uagb_comment_info":0,"uagb_excerpt":"\u201cInfarma Madrid 2024 ha superat amb escreix les previsions m\u00e9s optimistes que tots ten\u00edem. Estem, sense lloc a dubte, davant l&#8217;Infarma m\u00e9s multitudinari, de m\u00e9s assist\u00e8ncia i de major participaci\u00f3 de la hist\u00f2ria\u201d. Aix\u00ed va definir Manuel Mart\u00ednez del Peral, president d\u2019Infarma Madrid 2024 i del Col\u00b7legi Oficial de Farmac\u00e8utics [&hellip;]","_links":{"self":[{"href":"https:\/\/www.cofb.org\/es\/wp-json\/wp\/v2\/posts\/77809","targetHints":{"allow":["GET"]}}],"collection":[{"href":"https:\/\/www.cofb.org\/es\/wp-json\/wp\/v2\/posts"}],"about":[{"href":"https:\/\/www.cofb.org\/es\/wp-json\/wp\/v2\/types\/post"}],"author":[{"embeddable":true,"href":"https:\/\/www.cofb.org\/es\/wp-json\/wp\/v2\/users\/1"}],"replies":[{"embeddable":true,"href":"https:\/\/www.cofb.org\/es\/wp-json\/wp\/v2\/comments?post=77809"}],"version-history":[{"count":1,"href":"https:\/\/www.cofb.org\/es\/wp-json\/wp\/v2\/posts\/77809\/revisions"}],"predecessor-version":[{"id":77828,"href":"https:\/\/www.cofb.org\/es\/wp-json\/wp\/v2\/posts\/77809\/revisions\/77828"}],"wp:featuredmedia":[{"embeddable":true,"href":"https:\/\/www.cofb.org\/es\/wp-json\/wp\/v2\/media\/77827"}],"wp:attachment":[{"href":"https:\/\/www.cofb.org\/es\/wp-json\/wp\/v2\/media?parent=77809"}],"wp:term":[{"taxonomy":"category","embeddable":true,"href":"https:\/\/www.cofb.org\/es\/wp-json\/wp\/v2\/categories?post=77809"},{"taxonomy":"post_tag","embeddable":true,"href":"https:\/\/www.cofb.org\/es\/wp-json\/wp\/v2\/tags?post=77809"}],"curies":[{"name":"wp","href":"https:\/\/api.w.org\/{rel}","templated":true}]}}