{"id":77797,"date":"2024-02-28T19:44:54","date_gmt":"2024-02-28T17:44:54","guid":{"rendered":"https:\/\/blog.cofb.cat\/?p=68636"},"modified":"2024-04-05T10:12:53","modified_gmt":"2024-04-05T10:12:53","slug":"mes-de-200-posters-presentats-a-infarma-madrid-2024","status":"publish","type":"post","link":"https:\/\/www.cofb.org\/es\/2024\/02\/28\/mes-de-200-posters-presentats-a-infarma-madrid-2024\/","title":{"rendered":"M\u00e1s de 200 p\u00f3sters presentados en &#039;Infarma Madrid 2024&#039;"},"content":{"rendered":"<p><strong><a href=\"https:\/\/www.infarma.es\/\" target=\"_blank\" rel=\"noreferrer noopener\">Infarma Madrid 2024 <\/a><\/strong>a\u00fan no ha empezado y ya registra una nueva cifra rese\u00f1able: en <strong>cierre del plazo de presentaci\u00f3n de p\u00f3sters<\/strong>,<strong> se han recibido un total de 201<\/strong>. Esta cifra supone un <strong>incremento del 25,37%<\/strong> respecto a la registrada en la edici\u00f3n anterior, celebrada en 2023 en Barcelona, en la que se recibieron 150 comunicaciones.<\/p>\n\n\n\n<figure class=\"wp-block-image size-large\"><a href=\"https:\/\/blog.cofb.cat\/wp-content\/uploads\/2024\/02\/COFB_Posteres-cientificos_28022024.png\" target=\"_blank\" rel=\"noopener\"><img decoding=\"async\" src=\"https:\/\/blog.cofb.cat\/wp-content\/uploads\/2024\/02\/COFB_Posteres-cientificos_28022024-1024x576.png\" alt=\"\" class=\"wp-image-68637\"\/><\/a><\/figure>\n\n\n\n<p>Tambi\u00e9n representa un aumento notable -del 50,25%- respecto al \u00faltimo encuentro celebrado en Madrid, en 2022, en el que se presentaron un centenar de trabajos.<\/p>\n\n\n\n<p>Procedentes de <strong>diferentes puntos repartidos por toda la geograf\u00eda nacional<\/strong>, los 201 p\u00f3sters presentados en Infarma Madrid 2024 abordan diferentes cuestiones de \u00edndole cl\u00ednica y profesional, profundizan en aspectos ligados con la gesti\u00f3n de farmacia comunitaria, detallan experiencias realizadas por farmac\u00e9uticos entre diferentes niveles asistenciales y exponen evidencias recogidas en torno a tratamientos farmacol\u00f3gicos y al abordaje de diversas patolog\u00edas.<\/p>\n\n\n\n<h2 class=\"wp-block-heading\"><strong>Un &quot;gran punto de encuentro&quot; del conocimiento<\/strong><\/h2>\n\n\n\n<p>Para <strong>Rafael Are\u00f1as<\/strong>, coordinador cient\u00edfico de Infarma Madrid 2024 y vicepresidente 3\u00ba del Colegio Oficial de Farmac\u00e9uticos de Madrid (COFM), \u201c<strong>esta cifra supone un hito y es una muestra del enorme inter\u00e9s que despierta Infarma entre los profesionales<\/strong>. El contenido de los 201 p\u00f3sters recibidos no s\u00f3lo evidencia que la profesi\u00f3n quiere estar a la vanguardia, sino que Infarma es un gran punto de encuentro en el que aprender y compartir conocimientos\u201d.<\/p>\n\n\n\n<p>En los pr\u00f3ximos d\u00edas, una vez recibidos todos los trabajos, el comit\u00e9 cient\u00edfico analizar\u00e1 cada uno de ellos y determinar\u00e1 cu\u00e1les ser\u00e1n finalmente expuestos durante el congreso. Los p\u00f3sters finalistas tendr\u00e1n una exposici\u00f3n oral en la zona destinada a ello en el congreso, a la que pueden acceder todos los congresistas que lo deseen, siendo los tres mejores trabajos premiados con 2.000, 1.500 y 1.000 euros, respectivamente. Los ganadores se conocer\u00e1n durante la clausura del congreso.<\/p>\n\n\n\n<p><\/p>\n\n\n\n<p><strong>Otras publicaciones de inter\u00e9s:<\/strong><\/p>\n\n\n\n<ul class=\"wp-block-list\"><li><a href=\"https:\/\/blog.cofb.cat\/blog\/2024\/02\/22\/infarma-madrid-2024-presentara-24-iniciatives-dexit-de-la-farmacia-per-millorar-la-gestio-i-latencio-dels-pacients\/\">&#039;Infarma Madrid 2024&#039; presentar\u00e1 24 iniciativas de \u00e9xito de la farmacia para mejorar la gesti\u00f3n y la atenci\u00f3n de los pacientes (Febrero 2024)<\/a><\/li><li><a href=\"https:\/\/blog.cofb.cat\/blog\/2024\/02\/19\/infarma-madrid-2024-oferira-solucions-per-posar-la-farmacia-a-lavantguarda-davant-els-grans-desafiaments-sanitaris-i-socials\/\" target=\"_blank\" rel=\"noreferrer noopener\">&#039;Infarma Madrid 2024&#039; ofrecer\u00e1 soluciones para poner la farmacia a la vanguardia ante los grandes desaf\u00edos sanitarios y sociales (Febrero 2024)<\/a><\/li><li><a href=\"https:\/\/blog.cofb.cat\/blog\/2023\/12\/14\/infarma-2024-solucions-per-impulsar-el-valor-que-la-farmacia-aporta-a-la-societat\/\" target=\"_blank\" rel=\"noreferrer noopener\">&#039;Infarma 2024&#039;: soluciones para impulsar el valor que la farmacia aporta a la sociedad (Diciembre 2023)<\/a><\/li><\/ul>","protected":false},"excerpt":{"rendered":"<p>Infarma Madrid 2024 todav\u00eda no ha comenzado y ya registra una nueva cifra rese\u00f1able: al cierre del plazo de presentaci\u00f3n de p\u00f3sters, se han recibido un total de 201. Esta cifra supone un incremento del 25,37% respecto a la registrada en la edici\u00f3n anterior , celebrada en 2023 en Barcelona, en la que [\u2026]<\/p>","protected":false},"author":1,"featured_media":77958,"comment_status":"open","ping_status":"open","sticky":false,"template":"","format":"standard","meta":{"_uag_custom_page_level_css":"","site-sidebar-layout":"default","site-content-layout":"","ast-site-content-layout":"default","site-content-style":"default","site-sidebar-style":"default","ast-global-header-display":"","ast-banner-title-visibility":"","ast-main-header-display":"","ast-hfb-above-header-display":"","ast-hfb-below-header-display":"","ast-hfb-mobile-header-display":"","site-post-title":"","ast-breadcrumbs-content":"","ast-featured-img":"disabled","footer-sml-layout":"","theme-transparent-header-meta":"","adv-header-id-meta":"","stick-header-meta":"","header-above-stick-meta":"","header-main-stick-meta":"","header-below-stick-meta":"","astra-migrate-meta-layouts":"set","ast-page-background-enabled":"default","ast-page-background-meta":{"desktop":{"background-color":"var(--ast-global-color-4)","background-image":"","background-repeat":"repeat","background-position":"center center","background-size":"auto","background-attachment":"scroll","background-type":"","background-media":"","overlay-type":"","overlay-color":"","overlay-opacity":"","overlay-gradient":""},"tablet":{"background-color":"","background-image":"","background-repeat":"repeat","background-position":"center center","background-size":"auto","background-attachment":"scroll","background-type":"","background-media":"","overlay-type":"","overlay-color":"","overlay-opacity":"","overlay-gradient":""},"mobile":{"background-color":"","background-image":"","background-repeat":"repeat","background-position":"center center","background-size":"auto","background-attachment":"scroll","background-type":"","background-media":"","overlay-type":"","overlay-color":"","overlay-opacity":"","overlay-gradient":""}},"ast-content-background-meta":{"desktop":{"background-color":"var(--ast-global-color-5)","background-image":"","background-repeat":"repeat","background-position":"center center","background-size":"auto","background-attachment":"scroll","background-type":"","background-media":"","overlay-type":"","overlay-color":"","overlay-opacity":"","overlay-gradient":""},"tablet":{"background-color":"var(--ast-global-color-5)","background-image":"","background-repeat":"repeat","background-position":"center center","background-size":"auto","background-attachment":"scroll","background-type":"","background-media":"","overlay-type":"","overlay-color":"","overlay-opacity":"","overlay-gradient":""},"mobile":{"background-color":"var(--ast-global-color-5)","background-image":"","background-repeat":"repeat","background-position":"center center","background-size":"auto","background-attachment":"scroll","background-type":"","background-media":"","overlay-type":"","overlay-color":"","overlay-opacity":"","overlay-gradient":""}},"footnotes":""},"categories":[23,2165],"tags":[18,19,68,69,28,508,116,78],"class_list":["post-77797","post","type-post","status-publish","format-standard","has-post-thumbnail","hentry","category-destacats","category-infarma","tag-cofb","tag-collegi-de-farmaceutics-de-barcelona","tag-farmacia","tag-farmacia-comunitaria","tag-infarma","tag-infarma-madrid","tag-posters-cientifics","tag-tractament-farmacologic"],"yoast_head":"<!-- This site is optimized with the Yoast SEO plugin v22.4 - https:\/\/yoast.com\/wordpress\/plugins\/seo\/ -->\n<title>M\u00e9s de 200 p\u00f2sters presentats a \u2018Infarma Madrid 2024\u2019 - Col\u00b7legi de Farmac\u00e8utics de Barcelona<\/title>\n<meta name=\"description\" content=\"Infarma Madrid 2024 encara no ha comen\u00e7at i ja registra una nova xifra ressenyable: al tancament del termini de presentaci\u00f3 de p\u00f2sters, s&#039;han rebut un total de 201.\" \/>\n<meta name=\"robots\" content=\"index, follow, max-snippet:-1, max-image-preview:large, max-video-preview:-1\" \/>\n<link rel=\"canonical\" href=\"https:\/\/www.cofb.org\/es\/2024\/02\/28\/mes-de-200-posters-presentats-a-infarma-madrid-2024\/\" \/>\n<meta property=\"og:locale\" content=\"es_ES\" \/>\n<meta property=\"og:type\" content=\"article\" \/>\n<meta property=\"og:title\" content=\"M\u00e9s de 200 p\u00f2sters presentats a \u2018Infarma Madrid 2024\u2019 - Col\u00b7legi de Farmac\u00e8utics de Barcelona\" \/>\n<meta property=\"og:description\" content=\"Infarma Madrid 2024 encara no ha comen\u00e7at i ja registra una nova xifra ressenyable: al tancament del termini de presentaci\u00f3 de p\u00f2sters, s&#039;han rebut un total de 201.\" \/>\n<meta property=\"og:url\" content=\"https:\/\/www.cofb.org\/es\/2024\/02\/28\/mes-de-200-posters-presentats-a-infarma-madrid-2024\/\" \/>\n<meta property=\"og:site_name\" content=\"Col\u00b7legi de Farmac\u00e8utics de Barcelona\" \/>\n<meta property=\"article:publisher\" content=\"https:\/\/www.facebook.com\/farmaceuticsbcn\/\" \/>\n<meta property=\"article:published_time\" content=\"2024-02-28T17:44:54+00:00\" \/>\n<meta property=\"article:modified_time\" content=\"2024-04-05T10:12:53+00:00\" \/>\n<meta property=\"og:image\" content=\"https:\/\/novaorg.cofb.net\/wp-content\/uploads\/2024\/04\/COFB_Posteres-cientificos_28022024-1024x576-1.png\" \/>\n\t<meta property=\"og:image:width\" content=\"1024\" \/>\n\t<meta property=\"og:image:height\" content=\"576\" \/>\n\t<meta property=\"og:image:type\" content=\"image\/png\" \/>\n<meta name=\"author\" content=\"wpAdminCofbOrg\" \/>\n<meta name=\"twitter:card\" content=\"summary_large_image\" \/>\n<meta name=\"twitter:creator\" content=\"@farmaceuticsbcn\" \/>\n<meta name=\"twitter:site\" content=\"@farmaceuticsbcn\" \/>\n<meta name=\"twitter:label1\" content=\"Escrito por\" \/>\n\t<meta name=\"twitter:data1\" content=\"wpAdminCofbOrg\" \/>\n\t<meta name=\"twitter:label2\" content=\"Tiempo de lectura\" \/>\n\t<meta name=\"twitter:data2\" content=\"3 minutos\" \/>\n<script type=\"application\/ld+json\" class=\"yoast-schema-graph\">{\"@context\":\"https:\/\/schema.org\",\"@graph\":[{\"@type\":\"Article\",\"@id\":\"https:\/\/www.cofb.org\/2024\/02\/28\/mes-de-200-posters-presentats-a-infarma-madrid-2024\/#article\",\"isPartOf\":{\"@id\":\"https:\/\/www.cofb.org\/2024\/02\/28\/mes-de-200-posters-presentats-a-infarma-madrid-2024\/\"},\"author\":{\"name\":\"wpAdminCofbOrg\",\"@id\":\"https:\/\/www.cofb.org\/#\/schema\/person\/22ed7eea88da74b0fa4d3154ad87ffcb\"},\"headline\":\"M\u00e9s de 200 p\u00f2sters presentats a \u2018Infarma Madrid 2024\u2019\",\"datePublished\":\"2024-02-28T17:44:54+00:00\",\"dateModified\":\"2024-04-05T10:12:53+00:00\",\"mainEntityOfPage\":{\"@id\":\"https:\/\/www.cofb.org\/2024\/02\/28\/mes-de-200-posters-presentats-a-infarma-madrid-2024\/\"},\"wordCount\":378,\"commentCount\":0,\"publisher\":{\"@id\":\"https:\/\/www.cofb.org\/#organization\"},\"image\":{\"@id\":\"https:\/\/www.cofb.org\/2024\/02\/28\/mes-de-200-posters-presentats-a-infarma-madrid-2024\/#primaryimage\"},\"thumbnailUrl\":\"https:\/\/www.cofb.org\/wp-content\/uploads\/2024\/04\/COFB_Posteres-cientificos_28022024-1024x576-1.png\",\"keywords\":[\"COFB\",\"Col\u00b7legi de Farmac\u00e8utics de Barcelona\",\"Farm\u00e0cia\",\"farm\u00e0cia comunit\u00e0ria\",\"Infarma\",\"Infarma Madrid\",\"p\u00f2sters cient\u00edfics\",\"tractament farmacol\u00f2gic\"],\"articleSection\":[\"Destacats\",\"Infarma\"],\"inLanguage\":\"es\",\"potentialAction\":[{\"@type\":\"CommentAction\",\"name\":\"Comment\",\"target\":[\"https:\/\/www.cofb.org\/2024\/02\/28\/mes-de-200-posters-presentats-a-infarma-madrid-2024\/#respond\"]}]},{\"@type\":\"WebPage\",\"@id\":\"https:\/\/www.cofb.org\/2024\/02\/28\/mes-de-200-posters-presentats-a-infarma-madrid-2024\/\",\"url\":\"https:\/\/www.cofb.org\/2024\/02\/28\/mes-de-200-posters-presentats-a-infarma-madrid-2024\/\",\"name\":\"M\u00e9s de 200 p\u00f2sters presentats a \u2018Infarma Madrid 2024\u2019 - Col\u00b7legi de Farmac\u00e8utics de Barcelona\",\"isPartOf\":{\"@id\":\"https:\/\/www.cofb.org\/#website\"},\"primaryImageOfPage\":{\"@id\":\"https:\/\/www.cofb.org\/2024\/02\/28\/mes-de-200-posters-presentats-a-infarma-madrid-2024\/#primaryimage\"},\"image\":{\"@id\":\"https:\/\/www.cofb.org\/2024\/02\/28\/mes-de-200-posters-presentats-a-infarma-madrid-2024\/#primaryimage\"},\"thumbnailUrl\":\"https:\/\/www.cofb.org\/wp-content\/uploads\/2024\/04\/COFB_Posteres-cientificos_28022024-1024x576-1.png\",\"datePublished\":\"2024-02-28T17:44:54+00:00\",\"dateModified\":\"2024-04-05T10:12:53+00:00\",\"description\":\"Infarma Madrid 2024 encara no ha comen\u00e7at i ja registra una nova xifra ressenyable: al tancament del termini de presentaci\u00f3 de p\u00f2sters, s'han rebut un total de 201.\",\"breadcrumb\":{\"@id\":\"https:\/\/www.cofb.org\/2024\/02\/28\/mes-de-200-posters-presentats-a-infarma-madrid-2024\/#breadcrumb\"},\"inLanguage\":\"es\",\"potentialAction\":[{\"@type\":\"ReadAction\",\"target\":[\"https:\/\/www.cofb.org\/2024\/02\/28\/mes-de-200-posters-presentats-a-infarma-madrid-2024\/\"]}]},{\"@type\":\"ImageObject\",\"inLanguage\":\"es\",\"@id\":\"https:\/\/www.cofb.org\/2024\/02\/28\/mes-de-200-posters-presentats-a-infarma-madrid-2024\/#primaryimage\",\"url\":\"https:\/\/www.cofb.org\/wp-content\/uploads\/2024\/04\/COFB_Posteres-cientificos_28022024-1024x576-1.png\",\"contentUrl\":\"https:\/\/www.cofb.org\/wp-content\/uploads\/2024\/04\/COFB_Posteres-cientificos_28022024-1024x576-1.png\",\"width\":1024,\"height\":576},{\"@type\":\"BreadcrumbList\",\"@id\":\"https:\/\/www.cofb.org\/2024\/02\/28\/mes-de-200-posters-presentats-a-infarma-madrid-2024\/#breadcrumb\",\"itemListElement\":[{\"@type\":\"ListItem\",\"position\":1,\"name\":\"Inici\",\"item\":\"https:\/\/novaorg.cofb.net\/\"},{\"@type\":\"ListItem\",\"position\":2,\"name\":\"M\u00e9s de 200 p\u00f2sters presentats a \u2018Infarma Madrid 2024\u2019\"}]},{\"@type\":\"WebSite\",\"@id\":\"https:\/\/www.cofb.org\/#website\",\"url\":\"https:\/\/www.cofb.org\/\",\"name\":\"Col\u00b7legi de Farmac\u00e8utics de Barcelona\",\"description\":\"\",\"publisher\":{\"@id\":\"https:\/\/www.cofb.org\/#organization\"},\"potentialAction\":[{\"@type\":\"SearchAction\",\"target\":{\"@type\":\"EntryPoint\",\"urlTemplate\":\"https:\/\/www.cofb.org\/?s={search_term_string}\"},\"query-input\":\"required name=search_term_string\"}],\"inLanguage\":\"es\"},{\"@type\":\"Organization\",\"@id\":\"https:\/\/www.cofb.org\/#organization\",\"name\":\"Col\u00b7legi de Farmac\u00e8utics de Barcelona\",\"url\":\"https:\/\/www.cofb.org\/\",\"logo\":{\"@type\":\"ImageObject\",\"inLanguage\":\"es\",\"@id\":\"https:\/\/www.cofb.org\/#\/schema\/logo\/image\/\",\"url\":\"https:\/\/www.cofb.org\/wp-content\/uploads\/2023\/11\/cropped-Logotip-COFB.png\",\"contentUrl\":\"https:\/\/www.cofb.org\/wp-content\/uploads\/2023\/11\/cropped-Logotip-COFB.png\",\"width\":500,\"height\":105,\"caption\":\"Col\u00b7legi de Farmac\u00e8utics de Barcelona\"},\"image\":{\"@id\":\"https:\/\/www.cofb.org\/#\/schema\/logo\/image\/\"},\"sameAs\":[\"https:\/\/www.facebook.com\/farmaceuticsbcn\/\",\"https:\/\/twitter.com\/farmaceuticsbcn\",\"https:\/\/www.instagram.com\/farmaceuticsbcn\/\",\"https:\/\/www.linkedin.com\/company\/farmaceuticsbcn\/\"]},{\"@type\":\"Person\",\"@id\":\"https:\/\/www.cofb.org\/#\/schema\/person\/22ed7eea88da74b0fa4d3154ad87ffcb\",\"name\":\"wpAdminCofbOrg\",\"image\":{\"@type\":\"ImageObject\",\"inLanguage\":\"es\",\"@id\":\"https:\/\/www.cofb.org\/#\/schema\/person\/image\/\",\"url\":\"https:\/\/secure.gravatar.com\/avatar\/1721b20b3b8ca882c3b56ec6c978c594fff670e40c0718e9190eaeeb76aae7d8?s=96&d=mm&r=g\",\"contentUrl\":\"https:\/\/secure.gravatar.com\/avatar\/1721b20b3b8ca882c3b56ec6c978c594fff670e40c0718e9190eaeeb76aae7d8?s=96&d=mm&r=g\",\"caption\":\"wpAdminCofbOrg\"},\"sameAs\":[\"http:\/\/192.168.64.122\/wordpress\"],\"url\":\"https:\/\/www.cofb.org\/es\/author\/wpadmincofborg\/\"}]}<\/script>\n<!-- \/ Yoast SEO plugin. -->","yoast_head_json":{"title":"M\u00e9s de 200 p\u00f2sters presentats a \u2018Infarma Madrid 2024\u2019 - Col\u00b7legi de Farmac\u00e8utics de Barcelona","description":"Infarma Madrid 2024 encara no ha comen\u00e7at i ja registra una nova xifra ressenyable: al tancament del termini de presentaci\u00f3 de p\u00f2sters, s'han rebut un total de 201.","robots":{"index":"index","follow":"follow","max-snippet":"max-snippet:-1","max-image-preview":"max-image-preview:large","max-video-preview":"max-video-preview:-1"},"canonical":"https:\/\/www.cofb.org\/es\/2024\/02\/28\/mes-de-200-posters-presentats-a-infarma-madrid-2024\/","og_locale":"es_ES","og_type":"article","og_title":"M\u00e9s de 200 p\u00f2sters presentats a \u2018Infarma Madrid 2024\u2019 - Col\u00b7legi de Farmac\u00e8utics de Barcelona","og_description":"Infarma Madrid 2024 encara no ha comen\u00e7at i ja registra una nova xifra ressenyable: al tancament del termini de presentaci\u00f3 de p\u00f2sters, s'han rebut un total de 201.","og_url":"https:\/\/www.cofb.org\/es\/2024\/02\/28\/mes-de-200-posters-presentats-a-infarma-madrid-2024\/","og_site_name":"Col\u00b7legi de Farmac\u00e8utics de Barcelona","article_publisher":"https:\/\/www.facebook.com\/farmaceuticsbcn\/","article_published_time":"2024-02-28T17:44:54+00:00","article_modified_time":"2024-04-05T10:12:53+00:00","og_image":[{"width":1024,"height":576,"url":"https:\/\/novaorg.cofb.net\/wp-content\/uploads\/2024\/04\/COFB_Posteres-cientificos_28022024-1024x576-1.png","type":"image\/png"}],"author":"wpAdminCofbOrg","twitter_card":"summary_large_image","twitter_creator":"@farmaceuticsbcn","twitter_site":"@farmaceuticsbcn","twitter_misc":{"Escrito por":"wpAdminCofbOrg","Tiempo de lectura":"3 minutos"},"schema":{"@context":"https:\/\/schema.org","@graph":[{"@type":"Article","@id":"https:\/\/www.cofb.org\/2024\/02\/28\/mes-de-200-posters-presentats-a-infarma-madrid-2024\/#article","isPartOf":{"@id":"https:\/\/www.cofb.org\/2024\/02\/28\/mes-de-200-posters-presentats-a-infarma-madrid-2024\/"},"author":{"name":"wpAdminCofbOrg","@id":"https:\/\/www.cofb.org\/#\/schema\/person\/22ed7eea88da74b0fa4d3154ad87ffcb"},"headline":"M\u00e9s de 200 p\u00f2sters presentats a \u2018Infarma Madrid 2024\u2019","datePublished":"2024-02-28T17:44:54+00:00","dateModified":"2024-04-05T10:12:53+00:00","mainEntityOfPage":{"@id":"https:\/\/www.cofb.org\/2024\/02\/28\/mes-de-200-posters-presentats-a-infarma-madrid-2024\/"},"wordCount":378,"commentCount":0,"publisher":{"@id":"https:\/\/www.cofb.org\/#organization"},"image":{"@id":"https:\/\/www.cofb.org\/2024\/02\/28\/mes-de-200-posters-presentats-a-infarma-madrid-2024\/#primaryimage"},"thumbnailUrl":"https:\/\/www.cofb.org\/wp-content\/uploads\/2024\/04\/COFB_Posteres-cientificos_28022024-1024x576-1.png","keywords":["COFB","Col\u00b7legi de Farmac\u00e8utics de Barcelona","Farm\u00e0cia","farm\u00e0cia comunit\u00e0ria","Infarma","Infarma Madrid","p\u00f2sters cient\u00edfics","tractament farmacol\u00f2gic"],"articleSection":["Destacats","Infarma"],"inLanguage":"es","potentialAction":[{"@type":"CommentAction","name":"Comment","target":["https:\/\/www.cofb.org\/2024\/02\/28\/mes-de-200-posters-presentats-a-infarma-madrid-2024\/#respond"]}]},{"@type":"WebPage","@id":"https:\/\/www.cofb.org\/2024\/02\/28\/mes-de-200-posters-presentats-a-infarma-madrid-2024\/","url":"https:\/\/www.cofb.org\/2024\/02\/28\/mes-de-200-posters-presentats-a-infarma-madrid-2024\/","name":"M\u00e9s de 200 p\u00f2sters presentats a \u2018Infarma Madrid 2024\u2019 - Col\u00b7legi de Farmac\u00e8utics de Barcelona","isPartOf":{"@id":"https:\/\/www.cofb.org\/#website"},"primaryImageOfPage":{"@id":"https:\/\/www.cofb.org\/2024\/02\/28\/mes-de-200-posters-presentats-a-infarma-madrid-2024\/#primaryimage"},"image":{"@id":"https:\/\/www.cofb.org\/2024\/02\/28\/mes-de-200-posters-presentats-a-infarma-madrid-2024\/#primaryimage"},"thumbnailUrl":"https:\/\/www.cofb.org\/wp-content\/uploads\/2024\/04\/COFB_Posteres-cientificos_28022024-1024x576-1.png","datePublished":"2024-02-28T17:44:54+00:00","dateModified":"2024-04-05T10:12:53+00:00","description":"Infarma Madrid 2024 encara no ha comen\u00e7at i ja registra una nova xifra ressenyable: al tancament del termini de presentaci\u00f3 de p\u00f2sters, s'han rebut un total de 201.","breadcrumb":{"@id":"https:\/\/www.cofb.org\/2024\/02\/28\/mes-de-200-posters-presentats-a-infarma-madrid-2024\/#breadcrumb"},"inLanguage":"es","potentialAction":[{"@type":"ReadAction","target":["https:\/\/www.cofb.org\/2024\/02\/28\/mes-de-200-posters-presentats-a-infarma-madrid-2024\/"]}]},{"@type":"ImageObject","inLanguage":"es","@id":"https:\/\/www.cofb.org\/2024\/02\/28\/mes-de-200-posters-presentats-a-infarma-madrid-2024\/#primaryimage","url":"https:\/\/www.cofb.org\/wp-content\/uploads\/2024\/04\/COFB_Posteres-cientificos_28022024-1024x576-1.png","contentUrl":"https:\/\/www.cofb.org\/wp-content\/uploads\/2024\/04\/COFB_Posteres-cientificos_28022024-1024x576-1.png","width":1024,"height":576},{"@type":"BreadcrumbList","@id":"https:\/\/www.cofb.org\/2024\/02\/28\/mes-de-200-posters-presentats-a-infarma-madrid-2024\/#breadcrumb","itemListElement":[{"@type":"ListItem","position":1,"name":"Inici","item":"https:\/\/novaorg.cofb.net\/"},{"@type":"ListItem","position":2,"name":"M\u00e9s de 200 p\u00f2sters presentats a \u2018Infarma Madrid 2024\u2019"}]},{"@type":"WebSite","@id":"https:\/\/www.cofb.org\/#website","url":"https:\/\/www.cofb.org\/","name":"Col\u00b7legi de Farmac\u00e8utics de Barcelona","description":"","publisher":{"@id":"https:\/\/www.cofb.org\/#organization"},"potentialAction":[{"@type":"SearchAction","target":{"@type":"EntryPoint","urlTemplate":"https:\/\/www.cofb.org\/?s={search_term_string}"},"query-input":"required name=search_term_string"}],"inLanguage":"es"},{"@type":"Organization","@id":"https:\/\/www.cofb.org\/#organization","name":"Col\u00b7legi de Farmac\u00e8utics de Barcelona","url":"https:\/\/www.cofb.org\/","logo":{"@type":"ImageObject","inLanguage":"es","@id":"https:\/\/www.cofb.org\/#\/schema\/logo\/image\/","url":"https:\/\/www.cofb.org\/wp-content\/uploads\/2023\/11\/cropped-Logotip-COFB.png","contentUrl":"https:\/\/www.cofb.org\/wp-content\/uploads\/2023\/11\/cropped-Logotip-COFB.png","width":500,"height":105,"caption":"Col\u00b7legi de Farmac\u00e8utics de Barcelona"},"image":{"@id":"https:\/\/www.cofb.org\/#\/schema\/logo\/image\/"},"sameAs":["https:\/\/www.facebook.com\/farmaceuticsbcn\/","https:\/\/twitter.com\/farmaceuticsbcn","https:\/\/www.instagram.com\/farmaceuticsbcn\/","https:\/\/www.linkedin.com\/company\/farmaceuticsbcn\/"]},{"@type":"Person","@id":"https:\/\/www.cofb.org\/#\/schema\/person\/22ed7eea88da74b0fa4d3154ad87ffcb","name":"wpAdminCofbOrg","image":{"@type":"ImageObject","inLanguage":"es","@id":"https:\/\/www.cofb.org\/#\/schema\/person\/image\/","url":"https:\/\/secure.gravatar.com\/avatar\/1721b20b3b8ca882c3b56ec6c978c594fff670e40c0718e9190eaeeb76aae7d8?s=96&d=mm&r=g","contentUrl":"https:\/\/secure.gravatar.com\/avatar\/1721b20b3b8ca882c3b56ec6c978c594fff670e40c0718e9190eaeeb76aae7d8?s=96&d=mm&r=g","caption":"wpAdminCofbOrg"},"sameAs":["http:\/\/192.168.64.122\/wordpress"],"url":"https:\/\/www.cofb.org\/es\/author\/wpadmincofborg\/"}]}},"uagb_featured_image_src":{"full":["https:\/\/www.cofb.org\/wp-content\/uploads\/2024\/04\/COFB_Posteres-cientificos_28022024-1024x576-1.png",1024,576,false],"thumbnail":["https:\/\/www.cofb.org\/wp-content\/uploads\/2024\/04\/COFB_Posteres-cientificos_28022024-1024x576-1-150x150.png",150,150,true],"medium":["https:\/\/www.cofb.org\/wp-content\/uploads\/2024\/04\/COFB_Posteres-cientificos_28022024-1024x576-1-300x169.png",300,169,true],"medium_large":["https:\/\/www.cofb.org\/wp-content\/uploads\/2024\/04\/COFB_Posteres-cientificos_28022024-1024x576-1-768x432.png",768,432,true],"large":["https:\/\/www.cofb.org\/wp-content\/uploads\/2024\/04\/COFB_Posteres-cientificos_28022024-1024x576-1.png",1024,576,false],"1536x1536":["https:\/\/www.cofb.org\/wp-content\/uploads\/2024\/04\/COFB_Posteres-cientificos_28022024-1024x576-1.png",1024,576,false],"2048x2048":["https:\/\/www.cofb.org\/wp-content\/uploads\/2024\/04\/COFB_Posteres-cientificos_28022024-1024x576-1.png",1024,576,false],"trp-custom-language-flag":["https:\/\/www.cofb.org\/wp-content\/uploads\/2024\/04\/COFB_Posteres-cientificos_28022024-1024x576-1-18x10.png",18,10,true]},"uagb_author_info":{"display_name":"wpAdminCofbOrg","author_link":"https:\/\/www.cofb.org\/es\/author\/wpadmincofborg\/"},"uagb_comment_info":0,"uagb_excerpt":"Infarma Madrid 2024 encara no ha comen\u00e7at i ja registra una nova xifra ressenyable: al tancament del termini de presentaci\u00f3 de p\u00f2sters, s&#8217;han rebut un total de 201. Aquesta xifra suposa un increment del 25,37% respecte a la registrada en l&#8217;edici\u00f3 anterior, celebrada en 2023 a Barcelona, en la qual [&hellip;]","_links":{"self":[{"href":"https:\/\/www.cofb.org\/es\/wp-json\/wp\/v2\/posts\/77797","targetHints":{"allow":["GET"]}}],"collection":[{"href":"https:\/\/www.cofb.org\/es\/wp-json\/wp\/v2\/posts"}],"about":[{"href":"https:\/\/www.cofb.org\/es\/wp-json\/wp\/v2\/types\/post"}],"author":[{"embeddable":true,"href":"https:\/\/www.cofb.org\/es\/wp-json\/wp\/v2\/users\/1"}],"replies":[{"embeddable":true,"href":"https:\/\/www.cofb.org\/es\/wp-json\/wp\/v2\/comments?post=77797"}],"version-history":[{"count":1,"href":"https:\/\/www.cofb.org\/es\/wp-json\/wp\/v2\/posts\/77797\/revisions"}],"predecessor-version":[{"id":77959,"href":"https:\/\/www.cofb.org\/es\/wp-json\/wp\/v2\/posts\/77797\/revisions\/77959"}],"wp:featuredmedia":[{"embeddable":true,"href":"https:\/\/www.cofb.org\/es\/wp-json\/wp\/v2\/media\/77958"}],"wp:attachment":[{"href":"https:\/\/www.cofb.org\/es\/wp-json\/wp\/v2\/media?parent=77797"}],"wp:term":[{"taxonomy":"category","embeddable":true,"href":"https:\/\/www.cofb.org\/es\/wp-json\/wp\/v2\/categories?post=77797"},{"taxonomy":"post_tag","embeddable":true,"href":"https:\/\/www.cofb.org\/es\/wp-json\/wp\/v2\/tags?post=77797"}],"curies":[{"name":"wp","href":"https:\/\/api.w.org\/{rel}","templated":true}]}}