{"id":77795,"date":"2024-02-23T13:21:25","date_gmt":"2024-02-23T11:21:25","guid":{"rendered":"https:\/\/blog.cofb.cat\/?p=68608"},"modified":"2024-04-05T10:14:08","modified_gmt":"2024-04-05T10:14:08","slug":"el-cofb-rep-la-distincio-dinstitucio-centenaria-de-lajuntament-de-barcelona","status":"publish","type":"post","link":"https:\/\/www.cofb.org\/es\/2024\/02\/23\/el-cofb-rep-la-distincio-dinstitucio-centenaria-de-lajuntament-de-barcelona\/","title":{"rendered":"El COFB recibe la distinci\u00f3n de instituci\u00f3n centenaria del Ajuntament de Barcelona"},"content":{"rendered":"<p>El <strong>Col\u00b7legi de Farmac\u00e8utics de Barcelona (COFB)<\/strong> ha recibido la <strong>Distinci\u00f3n de Entidad Centenaria de Barcelona<\/strong>, otorgada por el Plenario del Consejo Municipal del<strong>Ayuntamiento de Barcelona<\/strong>. El alcalde de Barcelona, <strong>Jaume Collboni<\/strong>, ha entregado la <strong>distinci\u00f3n y el diploma<\/strong> al presidente del COFB, <strong>Jordi Casas<\/strong>, en un acto celebrado el 22 de febrero en el Sal\u00f3 de Cent del consistorio. Collboni, en su discurso de bienvenida, ha hecho referencia \u201c<strong>al bien m\u00e1s preciado que tenemos que es nuestra salud<\/strong>, la <strong>salud de las personas<\/strong> y tambi\u00e9n la <strong>salud de los barrios y de la comunidad<\/strong>\u201d, a la vez que <strong>ha dedicado unas palabras de reconocimiento a la labor de los farmac\u00e9uticos y farmac\u00e9uticas.<\/strong><\/p>\n\n\n\n<figure class=\"wp-block-image size-large\"><a href=\"https:\/\/blog.cofb.cat\/wp-content\/uploads\/2024\/02\/COFB_Distincio-entitat-centenaria_23022024.jpg\" target=\"_blank\" rel=\"noopener\"><img decoding=\"async\" src=\"https:\/\/blog.cofb.cat\/wp-content\/uploads\/2024\/02\/COFB_Distincio-entitat-centenaria_23022024-1024x684.jpg\" alt=\"L'alcalde de l'Ajuntament de Barcelona, Jaume Collboni, fent entrega de la distinci\u00f3 al president del COFB, Jordi Casas.\" class=\"wp-image-68609\" title=\"El alcalde del Ayuntamiento de Barcelona, Jaume Collboni, entregando la distinci\u00f3n al presidente del COFB, Jordi Casas.\"\/><\/a><figcaption>El alcalde del Ayuntamiento de Barcelona, Jaume Collboni, entregando la distinci\u00f3n al presidente del COFB, Jordi Casas.<\/figcaption><\/figure>\n\n\n\n<p>En el momento de la entrega de la distinci\u00f3n, se ha destacado la <strong>raz\u00f3n de ser<\/strong> del Colegio, que \u201c<strong>representa al colectivo farmac\u00e9utico<\/strong> yc<strong>ontribuye en la mejora de la salud de las personas<\/strong> con proyectos destinados a <strong>detectar enfermedades<\/strong>, <strong>promover el buen uso de los medicamentos<\/strong> y <strong>ofrecer ayuda a personas mayores con riesgo de exclusi\u00f3n social<\/strong>, entre otras muchas iniciativas\u201d.&nbsp;<\/p>\n\n\n\n<p>Con esta distinci\u00f3n, <strong>el Ayuntamiento de Barcelona reconoce y acredita la antig\u00fcedad y la trayectoria del COFB<\/strong> vinculada a la ciudad de Barcelona. La Distinci\u00f3n de Entidad Centenaria de Barcelona para el a\u00f1o 2023, el mismo a\u00f1o en el que <strong>el Colegio de Farmac\u00e9uticos de Barcelona conmemor\u00f3 el 125 aniversario<\/strong>; 125 a\u00f1os construyendo e impulsando la profesi\u00f3n farmac\u00e9utica, velando por la excelencia del ejercicio profesional de los farmac\u00e9uticos y farmac\u00e9uticas de todos los \u00e1mbitos de ejercicio desde 1898.<\/p>\n\n\n\n<figure class=\"wp-block-image size-large\"><a href=\"https:\/\/blog.cofb.cat\/wp-content\/uploads\/2024\/02\/Entitats-centenaries-2023_Guradonats-scaled.jpg\" target=\"_blank\" rel=\"noopener\"><img decoding=\"async\" src=\"https:\/\/blog.cofb.cat\/wp-content\/uploads\/2024\/02\/Entitats-centenaries-2023_Guradonats-1024x683.jpg\" alt=\"Representats de les entitats i institucions guardonades amb la Distinci\u00f3 d\u2019Entitat Centen\u00e0ria de Barcelona per l'any 2023. \" class=\"wp-image-68610\" title=\"Representados de las entidades e instituciones galardonadas con la Distinci\u00f3n de Entidad Centenaria de Barcelona para el 2023. \"\/><\/a><figcaption>Representados de las entidades e instituciones galardonadas con la Distinci\u00f3n de Entidad Centenaria de Barcelona para el 2023. <\/figcaption><\/figure>\n\n\n\n<p>Un total de <strong>32 entidades e instituciones han sido galardonadas<\/strong> con esta distinci\u00f3n, en un acto que este a\u00f1o llega a su segunda edici\u00f3n.&nbsp;<\/p>\n\n\n\n<h2 class=\"wp-block-heading\"><strong>125 a\u00f1os del Colegio de Farmac\u00e9uticos de Barcelona<\/strong><\/h2>\n\n\n\n<p>El <strong>Col\u00b7legi de Farmac\u00e8utics de Barcelona (COFB)<\/strong> es una instituci\u00f3n centenaria que <strong>naci\u00f3 en 1898<\/strong>, con la publicaci\u00f3n del Real Decreto de creaci\u00f3n de los colegios oficiales provinciales de m\u00e9dicos y farmac\u00e9uticos.<\/p>\n\n\n\n<p>En sus inicios, la instituci\u00f3n contaba con 500 colegiados. La implicaci\u00f3n y dedicaci\u00f3n del COFB en todos los cambios que se han producido en el mundo farmac\u00e9utico y social le han convertido en una instituci\u00f3n fuerte con un peso relevante en el \u00e1mbito sanitario. <strong>En la actualidad, el Colegio cuenta con m\u00e1s de 9.300 colegiados y colegiadas en la provincia de Barcelona<\/strong> que, desde los distintos \u00e1mbitos de ejercicio de la profesi\u00f3n, ayudan a fortalecer el sistema de salud ya mejorar la salud de las personas.<\/p>\n\n\n\n<figure class=\"wp-block-image size-large\"><a href=\"https:\/\/blog.cofb.cat\/wp-content\/uploads\/2024\/02\/Entitats-centenaries-2023_COFB.jpg\" target=\"_blank\" rel=\"noopener\"><img decoding=\"async\" src=\"https:\/\/blog.cofb.cat\/wp-content\/uploads\/2024\/02\/Entitats-centenaries-2023_COFB-1024x604.jpg\" alt=\"El president del COFB, acompanyat d'altres membres de la Junta de Govern, amb la distinci\u00f3 d\u2019instituci\u00f3 centen\u00e0ria de l\u2019Ajuntament de Barcelona.\" class=\"wp-image-68611\" title=\"El presidente del COFB, acompa\u00f1ado por otros miembros de la Junta de Gobierno, con la distinci\u00f3n de instituci\u00f3n centenaria del Ayuntamiento de Barcelona.\"\/><\/a><figcaption>El presidente del COFB, acompa\u00f1ado por otros miembros de la Junta de Gobierno, con la distinci\u00f3n de instituci\u00f3n centenaria del Ayuntamiento de Barcelona.<\/figcaption><\/figure>\n\n\n\n<p>Para celebrar el 125 aniversario, el COFB ha promovido diversos actos, acciones y actividades para comunicar y hacer part\u00edcipe a todo el mundo del camino recorrido, poniendo en valor hasta d\u00f3nde se ha llegado. Uno de los materiales elaborados ha sido <strong>el audiovisual conmemorativo <a href=\"https:\/\/vimeo.com\/871098438?share=copy\" target=\"_blank\" rel=\"noreferrer noopener\">&quot;La f\u00f3rmula magistral de nuestros 125 a\u00f1os&quot;<\/a><\/strong>, donde se revela al espectador cu\u00e1les son los tres ingredientes que forman esta f\u00f3rmula magistral del Colegio: la experiencia en el medicamento, la evoluci\u00f3n y adaptaci\u00f3n a los nuevos tiempos y la proximidad a la ciudadan\u00eda.<\/p>\n\n\n\n<p><\/p>\n\n\n\n<p><strong>Otras publicaciones de inter\u00e9s:<\/strong><\/p>\n\n\n\n<ul class=\"wp-block-list\"><li><a href=\"https:\/\/blog.cofb.cat\/blog\/2022\/09\/29\/els-farmaceutics-de-barcelona-collaboren-amb-la-nova-targeta-cuidadora-impulsada-per-lajuntament-de-barcelona\/\" target=\"_blank\" rel=\"noreferrer noopener\">Los farmac\u00e9uticos de Barcelona colaboran con la nueva Tarjeta Cuidadora impulsada por el Ayuntamiento de Barcelona (Septiembre 2022)<\/a><\/li><li><a href=\"https:\/\/blog.cofb.cat\/blog\/2016\/10\/25\/lajuntament-el-cofb-acorden-estendre-la-xarxa-de-radars\/\" target=\"_blank\" rel=\"noreferrer noopener\">El Ayuntamiento y el COFB acuerdan extender la red de Radares (Octubre 2016)<\/a><\/li><\/ul>","protected":false},"excerpt":{"rendered":"<p>El Colegio de Farmac\u00e9uticos de Barcelona (COFB) ha recibido la Distinci\u00f3n de Entidad Centenaria de Barcelona, otorgada por el Plenario del Consejo Municipal del Ayuntamiento de Barcelona. El alcalde de Barcelona, Jaume Collboni, ha entregado la distinci\u00f3n y diploma al presidente del COFB, Jordi Casas, en un acto celebrado el 22 de [\u2026]<\/p>","protected":false},"author":1,"featured_media":77962,"comment_status":"open","ping_status":"open","sticky":false,"template":"","format":"standard","meta":{"_uag_custom_page_level_css":"","site-sidebar-layout":"default","site-content-layout":"","ast-site-content-layout":"default","site-content-style":"default","site-sidebar-style":"default","ast-global-header-display":"","ast-banner-title-visibility":"","ast-main-header-display":"","ast-hfb-above-header-display":"","ast-hfb-below-header-display":"","ast-hfb-mobile-header-display":"","site-post-title":"","ast-breadcrumbs-content":"","ast-featured-img":"disabled","footer-sml-layout":"","theme-transparent-header-meta":"","adv-header-id-meta":"","stick-header-meta":"","header-above-stick-meta":"","header-main-stick-meta":"","header-below-stick-meta":"","astra-migrate-meta-layouts":"set","ast-page-background-enabled":"default","ast-page-background-meta":{"desktop":{"background-color":"var(--ast-global-color-4)","background-image":"","background-repeat":"repeat","background-position":"center center","background-size":"auto","background-attachment":"scroll","background-type":"","background-media":"","overlay-type":"","overlay-color":"","overlay-opacity":"","overlay-gradient":""},"tablet":{"background-color":"","background-image":"","background-repeat":"repeat","background-position":"center center","background-size":"auto","background-attachment":"scroll","background-type":"","background-media":"","overlay-type":"","overlay-color":"","overlay-opacity":"","overlay-gradient":""},"mobile":{"background-color":"","background-image":"","background-repeat":"repeat","background-position":"center center","background-size":"auto","background-attachment":"scroll","background-type":"","background-media":"","overlay-type":"","overlay-color":"","overlay-opacity":"","overlay-gradient":""}},"ast-content-background-meta":{"desktop":{"background-color":"var(--ast-global-color-5)","background-image":"","background-repeat":"repeat","background-position":"center center","background-size":"auto","background-attachment":"scroll","background-type":"","background-media":"","overlay-type":"","overlay-color":"","overlay-opacity":"","overlay-gradient":""},"tablet":{"background-color":"var(--ast-global-color-5)","background-image":"","background-repeat":"repeat","background-position":"center center","background-size":"auto","background-attachment":"scroll","background-type":"","background-media":"","overlay-type":"","overlay-color":"","overlay-opacity":"","overlay-gradient":""},"mobile":{"background-color":"var(--ast-global-color-5)","background-image":"","background-repeat":"repeat","background-position":"center center","background-size":"auto","background-attachment":"scroll","background-type":"","background-media":"","overlay-type":"","overlay-color":"","overlay-opacity":"","overlay-gradient":""}},"footnotes":""},"categories":[23,57],"tags":[4935,4936,689,18,19,4937,4938,53,171,4939,3109],"class_list":["post-77795","post","type-post","status-publish","format-standard","has-post-thumbnail","hentry","category-destacats","category-mon-collegial","tag-ajuntament-barcelona","tag-alcalde-barcelona","tag-barcelona","tag-cofb","tag-collegi-de-farmaceutics-de-barcelona","tag-distincio-dentitat-centenaria-de-barcelona","tag-distincio-institucio-centenaria","tag-farmaceutics","tag-farmaceutiques","tag-jaume-collboni","tag-professionals-farmaceutics"],"yoast_head":"<!-- This site is optimized with the Yoast SEO plugin v22.4 - https:\/\/yoast.com\/wordpress\/plugins\/seo\/ -->\n<title>El COFB rep la distinci\u00f3 d\u2019instituci\u00f3 centen\u00e0ria de l\u2019Ajuntament de Barcelona - Col\u00b7legi de Farmac\u00e8utics de Barcelona<\/title>\n<meta name=\"description\" content=\"El COFB ha rebut la Distinci\u00f3 d\u2019Entitat Centen\u00e0ria de Barcelona, atorgada pel Plenari del Consell Municipal de l\u2019Ajuntament de Barcelona.\" \/>\n<meta name=\"robots\" content=\"index, follow, max-snippet:-1, max-image-preview:large, max-video-preview:-1\" \/>\n<link rel=\"canonical\" href=\"https:\/\/novaorg.cofb.net\/2024\/02\/23\/el-cofb-rep-la-distincio-dinstitucio-centenaria-de-lajuntament-de-barcelona\/\" \/>\n<meta property=\"og:locale\" content=\"es_ES\" \/>\n<meta property=\"og:type\" content=\"article\" \/>\n<meta property=\"og:title\" content=\"El COFB rep la distinci\u00f3 d\u2019instituci\u00f3 centen\u00e0ria de l\u2019Ajuntament de Barcelona - Col\u00b7legi de Farmac\u00e8utics de Barcelona\" \/>\n<meta property=\"og:description\" content=\"El COFB ha rebut la Distinci\u00f3 d\u2019Entitat Centen\u00e0ria de Barcelona, atorgada pel Plenari del Consell Municipal de l\u2019Ajuntament de Barcelona.\" \/>\n<meta property=\"og:url\" content=\"https:\/\/novaorg.cofb.net\/2024\/02\/23\/el-cofb-rep-la-distincio-dinstitucio-centenaria-de-lajuntament-de-barcelona\/\" \/>\n<meta property=\"og:site_name\" content=\"Col\u00b7legi de Farmac\u00e8utics de Barcelona\" \/>\n<meta property=\"article:publisher\" content=\"https:\/\/www.facebook.com\/farmaceuticsbcn\/\" \/>\n<meta property=\"article:published_time\" content=\"2024-02-23T11:21:25+00:00\" \/>\n<meta property=\"article:modified_time\" content=\"2024-04-05T10:14:08+00:00\" \/>\n<meta property=\"og:image\" content=\"https:\/\/novaorg.cofb.net\/wp-content\/uploads\/2024\/04\/COFB_Distincio-entitat-centenaria_23022024-1024x684-1.jpeg\" \/>\n\t<meta property=\"og:image:width\" content=\"1024\" \/>\n\t<meta property=\"og:image:height\" content=\"684\" \/>\n\t<meta property=\"og:image:type\" content=\"image\/jpeg\" \/>\n<meta name=\"author\" content=\"wpAdminCofbOrg\" \/>\n<meta name=\"twitter:card\" content=\"summary_large_image\" \/>\n<meta name=\"twitter:creator\" content=\"@farmaceuticsbcn\" \/>\n<meta name=\"twitter:site\" content=\"@farmaceuticsbcn\" \/>\n<meta name=\"twitter:label1\" content=\"Escrito por\" \/>\n\t<meta name=\"twitter:data1\" content=\"wpAdminCofbOrg\" \/>\n\t<meta name=\"twitter:label2\" content=\"Tiempo de lectura\" \/>\n\t<meta name=\"twitter:data2\" content=\"4 minutos\" \/>\n<script type=\"application\/ld+json\" class=\"yoast-schema-graph\">{\"@context\":\"https:\/\/schema.org\",\"@graph\":[{\"@type\":\"Article\",\"@id\":\"https:\/\/novaorg.cofb.net\/2024\/02\/23\/el-cofb-rep-la-distincio-dinstitucio-centenaria-de-lajuntament-de-barcelona\/#article\",\"isPartOf\":{\"@id\":\"https:\/\/novaorg.cofb.net\/2024\/02\/23\/el-cofb-rep-la-distincio-dinstitucio-centenaria-de-lajuntament-de-barcelona\/\"},\"author\":{\"name\":\"wpAdminCofbOrg\",\"@id\":\"https:\/\/www.cofb.org\/#\/schema\/person\/22ed7eea88da74b0fa4d3154ad87ffcb\"},\"headline\":\"El COFB rep la distinci\u00f3 d\u2019instituci\u00f3 centen\u00e0ria de l\u2019Ajuntament de Barcelona\",\"datePublished\":\"2024-02-23T11:21:25+00:00\",\"dateModified\":\"2024-04-05T10:14:08+00:00\",\"mainEntityOfPage\":{\"@id\":\"https:\/\/novaorg.cofb.net\/2024\/02\/23\/el-cofb-rep-la-distincio-dinstitucio-centenaria-de-lajuntament-de-barcelona\/\"},\"wordCount\":635,\"commentCount\":0,\"publisher\":{\"@id\":\"https:\/\/www.cofb.org\/#organization\"},\"image\":{\"@id\":\"https:\/\/novaorg.cofb.net\/2024\/02\/23\/el-cofb-rep-la-distincio-dinstitucio-centenaria-de-lajuntament-de-barcelona\/#primaryimage\"},\"thumbnailUrl\":\"https:\/\/www.cofb.org\/wp-content\/uploads\/2024\/04\/COFB_Distincio-entitat-centenaria_23022024-1024x684-1.jpeg\",\"keywords\":[\"Ajuntament Barcelona\",\"Alcalde Barcelona\",\"Barcelona\",\"COFB\",\"Col\u00b7legi de Farmac\u00e8utics de Barcelona\",\"Distinci\u00f3 d\u2019Entitat Centen\u00e0ria de Barcelona\",\"Distinci\u00f3 instituci\u00f3 centen\u00e0ria\",\"farmac\u00e8utics\",\"farmac\u00e8utiques\",\"Jaume Collboni\",\"professionals farmac\u00e8utics\"],\"articleSection\":[\"Destacats\",\"M\u00f3n col\u00b7legial\"],\"inLanguage\":\"es\",\"potentialAction\":[{\"@type\":\"CommentAction\",\"name\":\"Comment\",\"target\":[\"https:\/\/novaorg.cofb.net\/2024\/02\/23\/el-cofb-rep-la-distincio-dinstitucio-centenaria-de-lajuntament-de-barcelona\/#respond\"]}]},{\"@type\":\"WebPage\",\"@id\":\"https:\/\/novaorg.cofb.net\/2024\/02\/23\/el-cofb-rep-la-distincio-dinstitucio-centenaria-de-lajuntament-de-barcelona\/\",\"url\":\"https:\/\/novaorg.cofb.net\/2024\/02\/23\/el-cofb-rep-la-distincio-dinstitucio-centenaria-de-lajuntament-de-barcelona\/\",\"name\":\"El COFB rep la distinci\u00f3 d\u2019instituci\u00f3 centen\u00e0ria de l\u2019Ajuntament de Barcelona - Col\u00b7legi de Farmac\u00e8utics de Barcelona\",\"isPartOf\":{\"@id\":\"https:\/\/www.cofb.org\/#website\"},\"primaryImageOfPage\":{\"@id\":\"https:\/\/novaorg.cofb.net\/2024\/02\/23\/el-cofb-rep-la-distincio-dinstitucio-centenaria-de-lajuntament-de-barcelona\/#primaryimage\"},\"image\":{\"@id\":\"https:\/\/novaorg.cofb.net\/2024\/02\/23\/el-cofb-rep-la-distincio-dinstitucio-centenaria-de-lajuntament-de-barcelona\/#primaryimage\"},\"thumbnailUrl\":\"https:\/\/www.cofb.org\/wp-content\/uploads\/2024\/04\/COFB_Distincio-entitat-centenaria_23022024-1024x684-1.jpeg\",\"datePublished\":\"2024-02-23T11:21:25+00:00\",\"dateModified\":\"2024-04-05T10:14:08+00:00\",\"description\":\"El COFB ha rebut la Distinci\u00f3 d\u2019Entitat Centen\u00e0ria de Barcelona, atorgada pel Plenari del Consell Municipal de l\u2019Ajuntament de Barcelona.\",\"breadcrumb\":{\"@id\":\"https:\/\/novaorg.cofb.net\/2024\/02\/23\/el-cofb-rep-la-distincio-dinstitucio-centenaria-de-lajuntament-de-barcelona\/#breadcrumb\"},\"inLanguage\":\"es\",\"potentialAction\":[{\"@type\":\"ReadAction\",\"target\":[\"https:\/\/novaorg.cofb.net\/2024\/02\/23\/el-cofb-rep-la-distincio-dinstitucio-centenaria-de-lajuntament-de-barcelona\/\"]}]},{\"@type\":\"ImageObject\",\"inLanguage\":\"es\",\"@id\":\"https:\/\/novaorg.cofb.net\/2024\/02\/23\/el-cofb-rep-la-distincio-dinstitucio-centenaria-de-lajuntament-de-barcelona\/#primaryimage\",\"url\":\"https:\/\/www.cofb.org\/wp-content\/uploads\/2024\/04\/COFB_Distincio-entitat-centenaria_23022024-1024x684-1.jpeg\",\"contentUrl\":\"https:\/\/www.cofb.org\/wp-content\/uploads\/2024\/04\/COFB_Distincio-entitat-centenaria_23022024-1024x684-1.jpeg\",\"width\":1024,\"height\":684},{\"@type\":\"BreadcrumbList\",\"@id\":\"https:\/\/novaorg.cofb.net\/2024\/02\/23\/el-cofb-rep-la-distincio-dinstitucio-centenaria-de-lajuntament-de-barcelona\/#breadcrumb\",\"itemListElement\":[{\"@type\":\"ListItem\",\"position\":1,\"name\":\"Inici\",\"item\":\"https:\/\/novaorg.cofb.net\/\"},{\"@type\":\"ListItem\",\"position\":2,\"name\":\"El COFB rep la distinci\u00f3 d\u2019instituci\u00f3 centen\u00e0ria de l\u2019Ajuntament de Barcelona\"}]},{\"@type\":\"WebSite\",\"@id\":\"https:\/\/www.cofb.org\/#website\",\"url\":\"https:\/\/www.cofb.org\/\",\"name\":\"Col\u00b7legi de Farmac\u00e8utics de Barcelona\",\"description\":\"\",\"publisher\":{\"@id\":\"https:\/\/www.cofb.org\/#organization\"},\"potentialAction\":[{\"@type\":\"SearchAction\",\"target\":{\"@type\":\"EntryPoint\",\"urlTemplate\":\"https:\/\/www.cofb.org\/?s={search_term_string}\"},\"query-input\":\"required name=search_term_string\"}],\"inLanguage\":\"es\"},{\"@type\":\"Organization\",\"@id\":\"https:\/\/www.cofb.org\/#organization\",\"name\":\"Col\u00b7legi de Farmac\u00e8utics de Barcelona\",\"url\":\"https:\/\/www.cofb.org\/\",\"logo\":{\"@type\":\"ImageObject\",\"inLanguage\":\"es\",\"@id\":\"https:\/\/www.cofb.org\/#\/schema\/logo\/image\/\",\"url\":\"https:\/\/www.cofb.org\/wp-content\/uploads\/2023\/11\/cropped-Logotip-COFB.png\",\"contentUrl\":\"https:\/\/www.cofb.org\/wp-content\/uploads\/2023\/11\/cropped-Logotip-COFB.png\",\"width\":500,\"height\":105,\"caption\":\"Col\u00b7legi de Farmac\u00e8utics de Barcelona\"},\"image\":{\"@id\":\"https:\/\/www.cofb.org\/#\/schema\/logo\/image\/\"},\"sameAs\":[\"https:\/\/www.facebook.com\/farmaceuticsbcn\/\",\"https:\/\/twitter.com\/farmaceuticsbcn\",\"https:\/\/www.instagram.com\/farmaceuticsbcn\/\",\"https:\/\/www.linkedin.com\/company\/farmaceuticsbcn\/\"]},{\"@type\":\"Person\",\"@id\":\"https:\/\/www.cofb.org\/#\/schema\/person\/22ed7eea88da74b0fa4d3154ad87ffcb\",\"name\":\"wpAdminCofbOrg\",\"image\":{\"@type\":\"ImageObject\",\"inLanguage\":\"es\",\"@id\":\"https:\/\/www.cofb.org\/#\/schema\/person\/image\/\",\"url\":\"https:\/\/secure.gravatar.com\/avatar\/1721b20b3b8ca882c3b56ec6c978c594fff670e40c0718e9190eaeeb76aae7d8?s=96&d=mm&r=g\",\"contentUrl\":\"https:\/\/secure.gravatar.com\/avatar\/1721b20b3b8ca882c3b56ec6c978c594fff670e40c0718e9190eaeeb76aae7d8?s=96&d=mm&r=g\",\"caption\":\"wpAdminCofbOrg\"},\"sameAs\":[\"http:\/\/192.168.64.122\/wordpress\"],\"url\":\"https:\/\/www.cofb.org\/es\/author\/wpadmincofborg\/\"}]}<\/script>\n<!-- \/ Yoast SEO plugin. -->","yoast_head_json":{"title":"El COFB rep la distinci\u00f3 d\u2019instituci\u00f3 centen\u00e0ria de l\u2019Ajuntament de Barcelona - Col\u00b7legi de Farmac\u00e8utics de Barcelona","description":"El COFB ha rebut la Distinci\u00f3 d\u2019Entitat Centen\u00e0ria de Barcelona, atorgada pel Plenari del Consell Municipal de l\u2019Ajuntament de Barcelona.","robots":{"index":"index","follow":"follow","max-snippet":"max-snippet:-1","max-image-preview":"max-image-preview:large","max-video-preview":"max-video-preview:-1"},"canonical":"https:\/\/novaorg.cofb.net\/2024\/02\/23\/el-cofb-rep-la-distincio-dinstitucio-centenaria-de-lajuntament-de-barcelona\/","og_locale":"es_ES","og_type":"article","og_title":"El COFB rep la distinci\u00f3 d\u2019instituci\u00f3 centen\u00e0ria de l\u2019Ajuntament de Barcelona - Col\u00b7legi de Farmac\u00e8utics de Barcelona","og_description":"El COFB ha rebut la Distinci\u00f3 d\u2019Entitat Centen\u00e0ria de Barcelona, atorgada pel Plenari del Consell Municipal de l\u2019Ajuntament de Barcelona.","og_url":"https:\/\/novaorg.cofb.net\/2024\/02\/23\/el-cofb-rep-la-distincio-dinstitucio-centenaria-de-lajuntament-de-barcelona\/","og_site_name":"Col\u00b7legi de Farmac\u00e8utics de Barcelona","article_publisher":"https:\/\/www.facebook.com\/farmaceuticsbcn\/","article_published_time":"2024-02-23T11:21:25+00:00","article_modified_time":"2024-04-05T10:14:08+00:00","og_image":[{"width":1024,"height":684,"url":"https:\/\/novaorg.cofb.net\/wp-content\/uploads\/2024\/04\/COFB_Distincio-entitat-centenaria_23022024-1024x684-1.jpeg","type":"image\/jpeg"}],"author":"wpAdminCofbOrg","twitter_card":"summary_large_image","twitter_creator":"@farmaceuticsbcn","twitter_site":"@farmaceuticsbcn","twitter_misc":{"Escrito por":"wpAdminCofbOrg","Tiempo de lectura":"4 minutos"},"schema":{"@context":"https:\/\/schema.org","@graph":[{"@type":"Article","@id":"https:\/\/novaorg.cofb.net\/2024\/02\/23\/el-cofb-rep-la-distincio-dinstitucio-centenaria-de-lajuntament-de-barcelona\/#article","isPartOf":{"@id":"https:\/\/novaorg.cofb.net\/2024\/02\/23\/el-cofb-rep-la-distincio-dinstitucio-centenaria-de-lajuntament-de-barcelona\/"},"author":{"name":"wpAdminCofbOrg","@id":"https:\/\/www.cofb.org\/#\/schema\/person\/22ed7eea88da74b0fa4d3154ad87ffcb"},"headline":"El COFB rep la distinci\u00f3 d\u2019instituci\u00f3 centen\u00e0ria de l\u2019Ajuntament de Barcelona","datePublished":"2024-02-23T11:21:25+00:00","dateModified":"2024-04-05T10:14:08+00:00","mainEntityOfPage":{"@id":"https:\/\/novaorg.cofb.net\/2024\/02\/23\/el-cofb-rep-la-distincio-dinstitucio-centenaria-de-lajuntament-de-barcelona\/"},"wordCount":635,"commentCount":0,"publisher":{"@id":"https:\/\/www.cofb.org\/#organization"},"image":{"@id":"https:\/\/novaorg.cofb.net\/2024\/02\/23\/el-cofb-rep-la-distincio-dinstitucio-centenaria-de-lajuntament-de-barcelona\/#primaryimage"},"thumbnailUrl":"https:\/\/www.cofb.org\/wp-content\/uploads\/2024\/04\/COFB_Distincio-entitat-centenaria_23022024-1024x684-1.jpeg","keywords":["Ajuntament Barcelona","Alcalde Barcelona","Barcelona","COFB","Col\u00b7legi de Farmac\u00e8utics de Barcelona","Distinci\u00f3 d\u2019Entitat Centen\u00e0ria de Barcelona","Distinci\u00f3 instituci\u00f3 centen\u00e0ria","farmac\u00e8utics","farmac\u00e8utiques","Jaume Collboni","professionals farmac\u00e8utics"],"articleSection":["Destacats","M\u00f3n col\u00b7legial"],"inLanguage":"es","potentialAction":[{"@type":"CommentAction","name":"Comment","target":["https:\/\/novaorg.cofb.net\/2024\/02\/23\/el-cofb-rep-la-distincio-dinstitucio-centenaria-de-lajuntament-de-barcelona\/#respond"]}]},{"@type":"WebPage","@id":"https:\/\/novaorg.cofb.net\/2024\/02\/23\/el-cofb-rep-la-distincio-dinstitucio-centenaria-de-lajuntament-de-barcelona\/","url":"https:\/\/novaorg.cofb.net\/2024\/02\/23\/el-cofb-rep-la-distincio-dinstitucio-centenaria-de-lajuntament-de-barcelona\/","name":"El COFB rep la distinci\u00f3 d\u2019instituci\u00f3 centen\u00e0ria de l\u2019Ajuntament de Barcelona - Col\u00b7legi de Farmac\u00e8utics de Barcelona","isPartOf":{"@id":"https:\/\/www.cofb.org\/#website"},"primaryImageOfPage":{"@id":"https:\/\/novaorg.cofb.net\/2024\/02\/23\/el-cofb-rep-la-distincio-dinstitucio-centenaria-de-lajuntament-de-barcelona\/#primaryimage"},"image":{"@id":"https:\/\/novaorg.cofb.net\/2024\/02\/23\/el-cofb-rep-la-distincio-dinstitucio-centenaria-de-lajuntament-de-barcelona\/#primaryimage"},"thumbnailUrl":"https:\/\/www.cofb.org\/wp-content\/uploads\/2024\/04\/COFB_Distincio-entitat-centenaria_23022024-1024x684-1.jpeg","datePublished":"2024-02-23T11:21:25+00:00","dateModified":"2024-04-05T10:14:08+00:00","description":"El COFB ha rebut la Distinci\u00f3 d\u2019Entitat Centen\u00e0ria de Barcelona, atorgada pel Plenari del Consell Municipal de l\u2019Ajuntament de Barcelona.","breadcrumb":{"@id":"https:\/\/novaorg.cofb.net\/2024\/02\/23\/el-cofb-rep-la-distincio-dinstitucio-centenaria-de-lajuntament-de-barcelona\/#breadcrumb"},"inLanguage":"es","potentialAction":[{"@type":"ReadAction","target":["https:\/\/novaorg.cofb.net\/2024\/02\/23\/el-cofb-rep-la-distincio-dinstitucio-centenaria-de-lajuntament-de-barcelona\/"]}]},{"@type":"ImageObject","inLanguage":"es","@id":"https:\/\/novaorg.cofb.net\/2024\/02\/23\/el-cofb-rep-la-distincio-dinstitucio-centenaria-de-lajuntament-de-barcelona\/#primaryimage","url":"https:\/\/www.cofb.org\/wp-content\/uploads\/2024\/04\/COFB_Distincio-entitat-centenaria_23022024-1024x684-1.jpeg","contentUrl":"https:\/\/www.cofb.org\/wp-content\/uploads\/2024\/04\/COFB_Distincio-entitat-centenaria_23022024-1024x684-1.jpeg","width":1024,"height":684},{"@type":"BreadcrumbList","@id":"https:\/\/novaorg.cofb.net\/2024\/02\/23\/el-cofb-rep-la-distincio-dinstitucio-centenaria-de-lajuntament-de-barcelona\/#breadcrumb","itemListElement":[{"@type":"ListItem","position":1,"name":"Inici","item":"https:\/\/novaorg.cofb.net\/"},{"@type":"ListItem","position":2,"name":"El COFB rep la distinci\u00f3 d\u2019instituci\u00f3 centen\u00e0ria de l\u2019Ajuntament de Barcelona"}]},{"@type":"WebSite","@id":"https:\/\/www.cofb.org\/#website","url":"https:\/\/www.cofb.org\/","name":"Col\u00b7legi de Farmac\u00e8utics de Barcelona","description":"","publisher":{"@id":"https:\/\/www.cofb.org\/#organization"},"potentialAction":[{"@type":"SearchAction","target":{"@type":"EntryPoint","urlTemplate":"https:\/\/www.cofb.org\/?s={search_term_string}"},"query-input":"required name=search_term_string"}],"inLanguage":"es"},{"@type":"Organization","@id":"https:\/\/www.cofb.org\/#organization","name":"Col\u00b7legi de Farmac\u00e8utics de Barcelona","url":"https:\/\/www.cofb.org\/","logo":{"@type":"ImageObject","inLanguage":"es","@id":"https:\/\/www.cofb.org\/#\/schema\/logo\/image\/","url":"https:\/\/www.cofb.org\/wp-content\/uploads\/2023\/11\/cropped-Logotip-COFB.png","contentUrl":"https:\/\/www.cofb.org\/wp-content\/uploads\/2023\/11\/cropped-Logotip-COFB.png","width":500,"height":105,"caption":"Col\u00b7legi de Farmac\u00e8utics de Barcelona"},"image":{"@id":"https:\/\/www.cofb.org\/#\/schema\/logo\/image\/"},"sameAs":["https:\/\/www.facebook.com\/farmaceuticsbcn\/","https:\/\/twitter.com\/farmaceuticsbcn","https:\/\/www.instagram.com\/farmaceuticsbcn\/","https:\/\/www.linkedin.com\/company\/farmaceuticsbcn\/"]},{"@type":"Person","@id":"https:\/\/www.cofb.org\/#\/schema\/person\/22ed7eea88da74b0fa4d3154ad87ffcb","name":"wpAdminCofbOrg","image":{"@type":"ImageObject","inLanguage":"es","@id":"https:\/\/www.cofb.org\/#\/schema\/person\/image\/","url":"https:\/\/secure.gravatar.com\/avatar\/1721b20b3b8ca882c3b56ec6c978c594fff670e40c0718e9190eaeeb76aae7d8?s=96&d=mm&r=g","contentUrl":"https:\/\/secure.gravatar.com\/avatar\/1721b20b3b8ca882c3b56ec6c978c594fff670e40c0718e9190eaeeb76aae7d8?s=96&d=mm&r=g","caption":"wpAdminCofbOrg"},"sameAs":["http:\/\/192.168.64.122\/wordpress"],"url":"https:\/\/www.cofb.org\/es\/author\/wpadmincofborg\/"}]}},"uagb_featured_image_src":{"full":["https:\/\/www.cofb.org\/wp-content\/uploads\/2024\/04\/COFB_Distincio-entitat-centenaria_23022024-1024x684-1.jpeg",1024,684,false],"thumbnail":["https:\/\/www.cofb.org\/wp-content\/uploads\/2024\/04\/COFB_Distincio-entitat-centenaria_23022024-1024x684-1-150x150.jpeg",150,150,true],"medium":["https:\/\/www.cofb.org\/wp-content\/uploads\/2024\/04\/COFB_Distincio-entitat-centenaria_23022024-1024x684-1-300x200.jpeg",300,200,true],"medium_large":["https:\/\/www.cofb.org\/wp-content\/uploads\/2024\/04\/COFB_Distincio-entitat-centenaria_23022024-1024x684-1-768x513.jpeg",768,513,true],"large":["https:\/\/www.cofb.org\/wp-content\/uploads\/2024\/04\/COFB_Distincio-entitat-centenaria_23022024-1024x684-1.jpeg",1024,684,false],"1536x1536":["https:\/\/www.cofb.org\/wp-content\/uploads\/2024\/04\/COFB_Distincio-entitat-centenaria_23022024-1024x684-1.jpeg",1024,684,false],"2048x2048":["https:\/\/www.cofb.org\/wp-content\/uploads\/2024\/04\/COFB_Distincio-entitat-centenaria_23022024-1024x684-1.jpeg",1024,684,false],"trp-custom-language-flag":["https:\/\/www.cofb.org\/wp-content\/uploads\/2024\/04\/COFB_Distincio-entitat-centenaria_23022024-1024x684-1-18x12.jpeg",18,12,true]},"uagb_author_info":{"display_name":"wpAdminCofbOrg","author_link":"https:\/\/www.cofb.org\/es\/author\/wpadmincofborg\/"},"uagb_comment_info":0,"uagb_excerpt":"El Col\u00b7legi de Farmac\u00e8utics de Barcelona (COFB) ha rebut la Distinci\u00f3 d\u2019Entitat Centen\u00e0ria de Barcelona, atorgada pel Plenari del Consell Municipal de l\u2019Ajuntament de Barcelona. L\u2019alcalde de Barcelona, Jaume Collboni, ha lliurat la distinci\u00f3 i el diploma al president del COFB, Jordi Casas, en un acte celebrat el 22 de [&hellip;]","_links":{"self":[{"href":"https:\/\/www.cofb.org\/es\/wp-json\/wp\/v2\/posts\/77795","targetHints":{"allow":["GET"]}}],"collection":[{"href":"https:\/\/www.cofb.org\/es\/wp-json\/wp\/v2\/posts"}],"about":[{"href":"https:\/\/www.cofb.org\/es\/wp-json\/wp\/v2\/types\/post"}],"author":[{"embeddable":true,"href":"https:\/\/www.cofb.org\/es\/wp-json\/wp\/v2\/users\/1"}],"replies":[{"embeddable":true,"href":"https:\/\/www.cofb.org\/es\/wp-json\/wp\/v2\/comments?post=77795"}],"version-history":[{"count":1,"href":"https:\/\/www.cofb.org\/es\/wp-json\/wp\/v2\/posts\/77795\/revisions"}],"predecessor-version":[{"id":77963,"href":"https:\/\/www.cofb.org\/es\/wp-json\/wp\/v2\/posts\/77795\/revisions\/77963"}],"wp:featuredmedia":[{"embeddable":true,"href":"https:\/\/www.cofb.org\/es\/wp-json\/wp\/v2\/media\/77962"}],"wp:attachment":[{"href":"https:\/\/www.cofb.org\/es\/wp-json\/wp\/v2\/media?parent=77795"}],"wp:term":[{"taxonomy":"category","embeddable":true,"href":"https:\/\/www.cofb.org\/es\/wp-json\/wp\/v2\/categories?post=77795"},{"taxonomy":"post_tag","embeddable":true,"href":"https:\/\/www.cofb.org\/es\/wp-json\/wp\/v2\/tags?post=77795"}],"curies":[{"name":"wp","href":"https:\/\/api.w.org\/{rel}","templated":true}]}}