{"id":77794,"date":"2024-02-22T13:41:32","date_gmt":"2024-02-22T11:41:32","guid":{"rendered":"https:\/\/blog.cofb.cat\/?p=68599"},"modified":"2024-04-05T10:14:35","modified_gmt":"2024-04-05T10:14:35","slug":"infarma-madrid-2024-presentara-24-iniciatives-dexit-de-la-farmacia-per-millorar-la-gestio-i-latencio-dels-pacients-2","status":"publish","type":"post","link":"https:\/\/www.cofb.org\/es\/2024\/02\/22\/infarma-madrid-2024-presentara-24-iniciatives-dexit-de-la-farmacia-per-millorar-la-gestio-i-latencio-dels-pacients-2\/","title":{"rendered":"&#039;Infarma Madrid 2024&#039; presentar\u00e1 24 iniciativas de \u00e9xito de la farmacia para mejorar la gesti\u00f3n y la atenci\u00f3n de los pacientes"},"content":{"rendered":"<p><strong>Infarma Madrid 2024<\/strong> acoger\u00e1 las <strong>Iniciativas de \u00e9xito de la farmacia<\/strong>, un espacio donde se presentar\u00e1 una selecci\u00f3n de los <strong>mejores proyectos y experiencias desarrolladas por los farmac\u00e9uticos de la farmacia comunitaria en Espa\u00f1a <\/strong>para potenciar el cuidado y la salud de los ciudadanos y reforzar la gesti\u00f3n de las oficinas de farmacia.<\/p>\n\n\n\n<figure class=\"wp-block-image size-large\"><a href=\"https:\/\/blog.cofb.cat\/wp-content\/uploads\/2024\/02\/COFB_Iniciatives-dexit-2024_22022024_2.jpg\" target=\"_blank\" rel=\"noopener\"><img decoding=\"async\" src=\"https:\/\/blog.cofb.cat\/wp-content\/uploads\/2024\/02\/COFB_Iniciatives-dexit-2024_22022024_2-1024x434.jpg\" alt=\"\" class=\"wp-image-68602\"\/><\/a><\/figure>\n\n\n\n<p>La aplicaci\u00f3n de la <strong>inteligencia artificial <\/strong>para optimizar la gesti\u00f3n de medicamentos y mejorar la adherencia terap\u00e9utica o el uso de la <strong>impresi\u00f3n 3D<\/strong> en la elaboraci\u00f3n de comprimidos; el control y <strong>seguimiento de enfermedades cr\u00f3nicas<\/strong> como la diabetes, la <strong>hipercolesterolemia<\/strong> ) <strong>hipertensi\u00f3n<\/strong> a trav\u00e9s del uso de los <strong>probi\u00f3ticos<\/strong> y la <strong>crononutrici\u00f3n<\/strong>; el abordaje de enfermedades de <strong>salud mental<\/strong> mediante farmacoterapia y psicoterapia, o los pasos necesarios para implantar un <strong>servicio farmac\u00e9utico asistencial<\/strong> para medir, por ejemplo, el s\u00edndrome metab\u00f3lico o acometer la robotizaci\u00f3n de la farmacia ser\u00e1n algunos de los casos pr\u00e1cticos expuestos dentro del <strong>Congreso Europeo de Farmacia y Sal\u00f3n de Medicamentos y Parafarmacia<\/strong>, que organizan los <strong>colegios oficiales de farmac\u00e9uticos de Madrid y Barcelona<\/strong>, en colaboraci\u00f3n con <strong>CloserStill<\/strong>, en el <strong>recinto ferial de IFEMA Madrid<\/strong> del <strong>19 al 21 de marzo<\/strong>.<\/p>\n\n\n\n<p>\u201cIniciativas de \u00e9xito nos ofrece la oportunidad de conocer propuestas profesionales y experiencias de gesti\u00f3n o colaboraci\u00f3n impulsadas por farmac\u00e9uticos que han decidido innovar en las diferentes \u00e1reas de gesti\u00f3n o de la farmacia asistencial con proyectos \u00fatiles, que pueden ser aplicables por otros farmac\u00e9uticos en beneficio de los pacientes\u201d, explica <strong>Jos\u00e9 Manuel Becerra<\/strong>, director del Congreso y vocal de Titulares de Oficina de Farmacia del Colegio Oficial de Farmac\u00e9uticos de Madrid.<\/p>\n\n\n\n<p>En total, se han seleccionado <strong>24 iniciativas <\/strong>centradas en el desarrollo de la farmacia asistencial y la gesti\u00f3n de la oficina de farmacia, lo que supone casi doblar los trabajos presentados en la edici\u00f3n anterior de Infarma.<\/p>\n\n\n\n<p>Entre las <strong>exposiciones previstas<\/strong>, habr\u00e1 espacio para nuevos proyectos de prevenci\u00f3n y cribado de enfermedades como el ictus o la EPOC desde la farmacia comunitaria, educaci\u00f3n para la salud en municipios rurales de Castilla y Le\u00f3n y gu\u00edas de comunicaci\u00f3n en casos de atenci\u00f3n a la poblaci\u00f3n inmigrante marroqu\u00ed o de uso de redes sociales, podcast y marketing digital, entre otros.<\/p>\n\n\n\n<p>Las <a href=\"https:\/\/www.infarma.es\/iniciativas-de-exito-2024\/\">propuestas seleccionadas<\/a> se presentar\u00e1n a lo largo de la ma\u00f1ana del 21 de marzo en el espacio congresual de<strong>\u00c1gora Sanitaria<\/strong>, donde los impulsores de las iniciativas las expondr\u00e1n y analizar\u00e1n junto a los farmac\u00e9uticos asistentes, con el fin primordial de que puedan ser aprovechadas por ellos en sus propias farmacias.<\/p>\n\n\n\n<p><a href=\"https:\/\/www.infarma.es\/iniciativas-de-exito-2024\/\">Infarma Madrid 2024<\/a> acoger\u00e1 a cerca de 3.500 congresistas, m\u00e1s de 34.000 profesionales del mundo de la farmacia y 300 expositores durante tres d\u00edas, del 19 al 21 de marzo, en los pabellones 1, 3 y 5 de IFEMA Madrid.<\/p>\n\n\n\n<p><\/p>\n\n\n\n<p><strong>Otras publicaciones de inter\u00e9s:<\/strong><\/p>\n\n\n\n<ul class=\"wp-block-list\"><li><a href=\"https:\/\/blog.cofb.cat\/blog\/2024\/02\/19\/infarma-madrid-2024-oferira-solucions-per-posar-la-farmacia-a-lavantguarda-davant-els-grans-desafiaments-sanitaris-i-socials\/\" target=\"_blank\" rel=\"noreferrer noopener\">&#039;Infarma Madrid 2024&#039; ofrecer\u00e1 soluciones para poner la farmacia a la vanguardia ante los grandes desaf\u00edos sanitarios y sociales (Febrero 2024)<\/a><\/li><li><a href=\"https:\/\/blog.cofb.cat\/blog\/2023\/12\/14\/infarma-2024-solucions-per-impulsar-el-valor-que-la-farmacia-aporta-a-la-societat\/\" target=\"_blank\" rel=\"noreferrer noopener\">&#039;Infarma 2024&#039;: soluciones para impulsar el valor que la farmacia aporta a la sociedad (Diciembre 2023)<\/a><\/li><li><a href=\"https:\/\/blog.cofb.cat\/blog\/2023\/03\/17\/es-clausura-infarma-barcelona-2023-amb-mes-de-34-200-visitants-i-record-dexpositors\/\" target=\"_blank\" rel=\"noreferrer noopener\">Se clausura Infarma Barcelona 2023 con m\u00e1s de 34.200 visitantes y r\u00e9cord de expositores (Marzo 2023)<\/a><\/li><\/ul>","protected":false},"excerpt":{"rendered":"<p>Infarma Madrid 2024 acoger\u00e1 las Iniciativas de \u00e9xito de la farmacia, un espacio donde se presentar\u00e1 una selecci\u00f3n de los mejores proyectos y experiencias desarrolladas por los farmac\u00e9uticos de la farmacia comunitaria en Espa\u00f1a para potenciar el cuidado y la salud de los ciudadanos y reforzar la gesti\u00f3n de las oficinas de farmacia. La aplicaci\u00f3n [\u2026]<\/p>","protected":false},"author":1,"featured_media":77964,"comment_status":"open","ping_status":"open","sticky":false,"template":"","format":"standard","meta":{"_uag_custom_page_level_css":"","site-sidebar-layout":"default","site-content-layout":"","ast-site-content-layout":"default","site-content-style":"default","site-sidebar-style":"default","ast-global-header-display":"","ast-banner-title-visibility":"","ast-main-header-display":"","ast-hfb-above-header-display":"","ast-hfb-below-header-display":"","ast-hfb-mobile-header-display":"","site-post-title":"","ast-breadcrumbs-content":"","ast-featured-img":"disabled","footer-sml-layout":"","theme-transparent-header-meta":"","adv-header-id-meta":"","stick-header-meta":"","header-above-stick-meta":"","header-main-stick-meta":"","header-below-stick-meta":"","astra-migrate-meta-layouts":"set","ast-page-background-enabled":"default","ast-page-background-meta":{"desktop":{"background-color":"var(--ast-global-color-4)","background-image":"","background-repeat":"repeat","background-position":"center center","background-size":"auto","background-attachment":"scroll","background-type":"","background-media":"","overlay-type":"","overlay-color":"","overlay-opacity":"","overlay-gradient":""},"tablet":{"background-color":"","background-image":"","background-repeat":"repeat","background-position":"center center","background-size":"auto","background-attachment":"scroll","background-type":"","background-media":"","overlay-type":"","overlay-color":"","overlay-opacity":"","overlay-gradient":""},"mobile":{"background-color":"","background-image":"","background-repeat":"repeat","background-position":"center center","background-size":"auto","background-attachment":"scroll","background-type":"","background-media":"","overlay-type":"","overlay-color":"","overlay-opacity":"","overlay-gradient":""}},"ast-content-background-meta":{"desktop":{"background-color":"var(--ast-global-color-5)","background-image":"","background-repeat":"repeat","background-position":"center center","background-size":"auto","background-attachment":"scroll","background-type":"","background-media":"","overlay-type":"","overlay-color":"","overlay-opacity":"","overlay-gradient":""},"tablet":{"background-color":"var(--ast-global-color-5)","background-image":"","background-repeat":"repeat","background-position":"center center","background-size":"auto","background-attachment":"scroll","background-type":"","background-media":"","overlay-type":"","overlay-color":"","overlay-opacity":"","overlay-gradient":""},"mobile":{"background-color":"var(--ast-global-color-5)","background-image":"","background-repeat":"repeat","background-position":"center center","background-size":"auto","background-attachment":"scroll","background-type":"","background-media":"","overlay-type":"","overlay-color":"","overlay-opacity":"","overlay-gradient":""}},"footnotes":""},"categories":[23,2165],"tags":[18,186,187,4932,53,171,68,69,507,28,508,4933,4934,778],"class_list":["post-77794","post","type-post","status-publish","format-standard","has-post-thumbnail","hentry","category-destacats","category-infarma","tag-cofb","tag-congres-europeu-doficina-de-farmacia-i-salo-de-medicaments-i-parafarmacia","tag-congres-i-salo","tag-experiencies","tag-farmaceutics","tag-farmaceutiques","tag-farmacia","tag-farmacia-comunitaria","tag-ifema","tag-infarma","tag-infarma-madrid","tag-iniciativas-de-exito","tag-iniciatives","tag-projectes"],"yoast_head":"<!-- This site is optimized with the Yoast SEO plugin v22.4 - https:\/\/yoast.com\/wordpress\/plugins\/seo\/ -->\n<title>\u2018Infarma Madrid 2024\u2019 presentar\u00e0 24 iniciatives d&#039;\u00e8xit de la farm\u00e0cia per millorar la gesti\u00f3 i l&#039;atenci\u00f3 dels pacients - Col\u00b7legi de Farmac\u00e8utics de Barcelona<\/title>\n<meta name=\"description\" content=\"Infarma Madrid 2024 acollir\u00e0 les Iniciatives d&#039;\u00e8xit de la farm\u00e0cia, un espai on es presentar\u00e0 una selecci\u00f3 dels millors projectes.\" \/>\n<meta name=\"robots\" content=\"index, follow, max-snippet:-1, max-image-preview:large, max-video-preview:-1\" \/>\n<link rel=\"canonical\" href=\"https:\/\/www.cofb.org\/es\/2024\/02\/22\/infarma-madrid-2024-presentara-24-iniciatives-dexit-de-la-farmacia-per-millorar-la-gestio-i-latencio-dels-pacients-2\/\" \/>\n<meta property=\"og:locale\" content=\"es_ES\" \/>\n<meta property=\"og:type\" content=\"article\" \/>\n<meta property=\"og:title\" content=\"\u2018Infarma Madrid 2024\u2019 presentar\u00e0 24 iniciatives d&#039;\u00e8xit de la farm\u00e0cia per millorar la gesti\u00f3 i l&#039;atenci\u00f3 dels pacients - Col\u00b7legi de Farmac\u00e8utics de Barcelona\" \/>\n<meta property=\"og:description\" content=\"Infarma Madrid 2024 acollir\u00e0 les Iniciatives d&#039;\u00e8xit de la farm\u00e0cia, un espai on es presentar\u00e0 una selecci\u00f3 dels millors projectes.\" \/>\n<meta property=\"og:url\" content=\"https:\/\/www.cofb.org\/es\/2024\/02\/22\/infarma-madrid-2024-presentara-24-iniciatives-dexit-de-la-farmacia-per-millorar-la-gestio-i-latencio-dels-pacients-2\/\" \/>\n<meta property=\"og:site_name\" content=\"Col\u00b7legi de Farmac\u00e8utics de Barcelona\" \/>\n<meta property=\"article:publisher\" content=\"https:\/\/www.facebook.com\/farmaceuticsbcn\/\" \/>\n<meta property=\"article:published_time\" content=\"2024-02-22T11:41:32+00:00\" \/>\n<meta property=\"article:modified_time\" content=\"2024-04-05T10:14:35+00:00\" \/>\n<meta property=\"og:image\" content=\"https:\/\/novaorg.cofb.net\/wp-content\/uploads\/2024\/04\/COFB_Iniciatives-dexit-2024_22022024_2-1024x434-1.jpeg\" \/>\n\t<meta property=\"og:image:width\" content=\"1024\" \/>\n\t<meta property=\"og:image:height\" content=\"434\" \/>\n\t<meta property=\"og:image:type\" content=\"image\/jpeg\" \/>\n<meta name=\"author\" content=\"wpAdminCofbOrg\" \/>\n<meta name=\"twitter:card\" content=\"summary_large_image\" \/>\n<meta name=\"twitter:creator\" content=\"@farmaceuticsbcn\" \/>\n<meta name=\"twitter:site\" content=\"@farmaceuticsbcn\" \/>\n<meta name=\"twitter:label1\" content=\"Escrito por\" \/>\n\t<meta name=\"twitter:data1\" content=\"wpAdminCofbOrg\" \/>\n\t<meta name=\"twitter:label2\" content=\"Tiempo de lectura\" \/>\n\t<meta name=\"twitter:data2\" content=\"4 minutos\" \/>\n<script type=\"application\/ld+json\" class=\"yoast-schema-graph\">{\"@context\":\"https:\/\/schema.org\",\"@graph\":[{\"@type\":\"Article\",\"@id\":\"https:\/\/www.cofb.org\/2024\/02\/22\/infarma-madrid-2024-presentara-24-iniciatives-dexit-de-la-farmacia-per-millorar-la-gestio-i-latencio-dels-pacients-2\/#article\",\"isPartOf\":{\"@id\":\"https:\/\/www.cofb.org\/2024\/02\/22\/infarma-madrid-2024-presentara-24-iniciatives-dexit-de-la-farmacia-per-millorar-la-gestio-i-latencio-dels-pacients-2\/\"},\"author\":{\"name\":\"wpAdminCofbOrg\",\"@id\":\"https:\/\/www.cofb.org\/#\/schema\/person\/22ed7eea88da74b0fa4d3154ad87ffcb\"},\"headline\":\"\u2018Infarma Madrid 2024\u2019 presentar\u00e0 24 iniciatives d&#8217;\u00e8xit de la farm\u00e0cia per millorar la gesti\u00f3 i l&#8217;atenci\u00f3 dels pacients\",\"datePublished\":\"2024-02-22T11:41:32+00:00\",\"dateModified\":\"2024-04-05T10:14:35+00:00\",\"mainEntityOfPage\":{\"@id\":\"https:\/\/www.cofb.org\/2024\/02\/22\/infarma-madrid-2024-presentara-24-iniciatives-dexit-de-la-farmacia-per-millorar-la-gestio-i-latencio-dels-pacients-2\/\"},\"wordCount\":559,\"commentCount\":0,\"publisher\":{\"@id\":\"https:\/\/www.cofb.org\/#organization\"},\"image\":{\"@id\":\"https:\/\/www.cofb.org\/2024\/02\/22\/infarma-madrid-2024-presentara-24-iniciatives-dexit-de-la-farmacia-per-millorar-la-gestio-i-latencio-dels-pacients-2\/#primaryimage\"},\"thumbnailUrl\":\"https:\/\/www.cofb.org\/wp-content\/uploads\/2024\/04\/COFB_Iniciatives-dexit-2024_22022024_2-1024x434-1.jpeg\",\"keywords\":[\"COFB\",\"Congr\u00e9s Europeu d'Oficina de Farm\u00e0cia i Sal\u00f3 de Medicaments i Parafarm\u00e0cia\",\"Congr\u00e9s i Sal\u00f3\",\"experi\u00e8ncies\",\"farmac\u00e8utics\",\"farmac\u00e8utiques\",\"Farm\u00e0cia\",\"farm\u00e0cia comunit\u00e0ria\",\"Ifema\",\"Infarma\",\"Infarma Madrid\",\"Iniciativas de \u00e9xito\",\"iniciatives\",\"projectes\"],\"articleSection\":[\"Destacats\",\"Infarma\"],\"inLanguage\":\"es\",\"potentialAction\":[{\"@type\":\"CommentAction\",\"name\":\"Comment\",\"target\":[\"https:\/\/www.cofb.org\/2024\/02\/22\/infarma-madrid-2024-presentara-24-iniciatives-dexit-de-la-farmacia-per-millorar-la-gestio-i-latencio-dels-pacients-2\/#respond\"]}]},{\"@type\":\"WebPage\",\"@id\":\"https:\/\/www.cofb.org\/2024\/02\/22\/infarma-madrid-2024-presentara-24-iniciatives-dexit-de-la-farmacia-per-millorar-la-gestio-i-latencio-dels-pacients-2\/\",\"url\":\"https:\/\/www.cofb.org\/2024\/02\/22\/infarma-madrid-2024-presentara-24-iniciatives-dexit-de-la-farmacia-per-millorar-la-gestio-i-latencio-dels-pacients-2\/\",\"name\":\"\u2018Infarma Madrid 2024\u2019 presentar\u00e0 24 iniciatives d'\u00e8xit de la farm\u00e0cia per millorar la gesti\u00f3 i l'atenci\u00f3 dels pacients - Col\u00b7legi de Farmac\u00e8utics de Barcelona\",\"isPartOf\":{\"@id\":\"https:\/\/www.cofb.org\/#website\"},\"primaryImageOfPage\":{\"@id\":\"https:\/\/www.cofb.org\/2024\/02\/22\/infarma-madrid-2024-presentara-24-iniciatives-dexit-de-la-farmacia-per-millorar-la-gestio-i-latencio-dels-pacients-2\/#primaryimage\"},\"image\":{\"@id\":\"https:\/\/www.cofb.org\/2024\/02\/22\/infarma-madrid-2024-presentara-24-iniciatives-dexit-de-la-farmacia-per-millorar-la-gestio-i-latencio-dels-pacients-2\/#primaryimage\"},\"thumbnailUrl\":\"https:\/\/www.cofb.org\/wp-content\/uploads\/2024\/04\/COFB_Iniciatives-dexit-2024_22022024_2-1024x434-1.jpeg\",\"datePublished\":\"2024-02-22T11:41:32+00:00\",\"dateModified\":\"2024-04-05T10:14:35+00:00\",\"description\":\"Infarma Madrid 2024 acollir\u00e0 les Iniciatives d'\u00e8xit de la farm\u00e0cia, un espai on es presentar\u00e0 una selecci\u00f3 dels millors projectes.\",\"breadcrumb\":{\"@id\":\"https:\/\/www.cofb.org\/2024\/02\/22\/infarma-madrid-2024-presentara-24-iniciatives-dexit-de-la-farmacia-per-millorar-la-gestio-i-latencio-dels-pacients-2\/#breadcrumb\"},\"inLanguage\":\"es\",\"potentialAction\":[{\"@type\":\"ReadAction\",\"target\":[\"https:\/\/www.cofb.org\/2024\/02\/22\/infarma-madrid-2024-presentara-24-iniciatives-dexit-de-la-farmacia-per-millorar-la-gestio-i-latencio-dels-pacients-2\/\"]}]},{\"@type\":\"ImageObject\",\"inLanguage\":\"es\",\"@id\":\"https:\/\/www.cofb.org\/2024\/02\/22\/infarma-madrid-2024-presentara-24-iniciatives-dexit-de-la-farmacia-per-millorar-la-gestio-i-latencio-dels-pacients-2\/#primaryimage\",\"url\":\"https:\/\/www.cofb.org\/wp-content\/uploads\/2024\/04\/COFB_Iniciatives-dexit-2024_22022024_2-1024x434-1.jpeg\",\"contentUrl\":\"https:\/\/www.cofb.org\/wp-content\/uploads\/2024\/04\/COFB_Iniciatives-dexit-2024_22022024_2-1024x434-1.jpeg\",\"width\":1024,\"height\":434},{\"@type\":\"BreadcrumbList\",\"@id\":\"https:\/\/www.cofb.org\/2024\/02\/22\/infarma-madrid-2024-presentara-24-iniciatives-dexit-de-la-farmacia-per-millorar-la-gestio-i-latencio-dels-pacients-2\/#breadcrumb\",\"itemListElement\":[{\"@type\":\"ListItem\",\"position\":1,\"name\":\"Inici\",\"item\":\"https:\/\/novaorg.cofb.net\/\"},{\"@type\":\"ListItem\",\"position\":2,\"name\":\"\u2018Infarma Madrid 2024\u2019 presentar\u00e0 24 iniciatives d&#8217;\u00e8xit de la farm\u00e0cia per millorar la gesti\u00f3 i l&#8217;atenci\u00f3 dels pacients\"}]},{\"@type\":\"WebSite\",\"@id\":\"https:\/\/www.cofb.org\/#website\",\"url\":\"https:\/\/www.cofb.org\/\",\"name\":\"Col\u00b7legi de Farmac\u00e8utics de Barcelona\",\"description\":\"\",\"publisher\":{\"@id\":\"https:\/\/www.cofb.org\/#organization\"},\"potentialAction\":[{\"@type\":\"SearchAction\",\"target\":{\"@type\":\"EntryPoint\",\"urlTemplate\":\"https:\/\/www.cofb.org\/?s={search_term_string}\"},\"query-input\":\"required name=search_term_string\"}],\"inLanguage\":\"es\"},{\"@type\":\"Organization\",\"@id\":\"https:\/\/www.cofb.org\/#organization\",\"name\":\"Col\u00b7legi de Farmac\u00e8utics de Barcelona\",\"url\":\"https:\/\/www.cofb.org\/\",\"logo\":{\"@type\":\"ImageObject\",\"inLanguage\":\"es\",\"@id\":\"https:\/\/www.cofb.org\/#\/schema\/logo\/image\/\",\"url\":\"https:\/\/www.cofb.org\/wp-content\/uploads\/2023\/11\/cropped-Logotip-COFB.png\",\"contentUrl\":\"https:\/\/www.cofb.org\/wp-content\/uploads\/2023\/11\/cropped-Logotip-COFB.png\",\"width\":500,\"height\":105,\"caption\":\"Col\u00b7legi de Farmac\u00e8utics de Barcelona\"},\"image\":{\"@id\":\"https:\/\/www.cofb.org\/#\/schema\/logo\/image\/\"},\"sameAs\":[\"https:\/\/www.facebook.com\/farmaceuticsbcn\/\",\"https:\/\/twitter.com\/farmaceuticsbcn\",\"https:\/\/www.instagram.com\/farmaceuticsbcn\/\",\"https:\/\/www.linkedin.com\/company\/farmaceuticsbcn\/\"]},{\"@type\":\"Person\",\"@id\":\"https:\/\/www.cofb.org\/#\/schema\/person\/22ed7eea88da74b0fa4d3154ad87ffcb\",\"name\":\"wpAdminCofbOrg\",\"image\":{\"@type\":\"ImageObject\",\"inLanguage\":\"es\",\"@id\":\"https:\/\/www.cofb.org\/#\/schema\/person\/image\/\",\"url\":\"https:\/\/secure.gravatar.com\/avatar\/1721b20b3b8ca882c3b56ec6c978c594fff670e40c0718e9190eaeeb76aae7d8?s=96&d=mm&r=g\",\"contentUrl\":\"https:\/\/secure.gravatar.com\/avatar\/1721b20b3b8ca882c3b56ec6c978c594fff670e40c0718e9190eaeeb76aae7d8?s=96&d=mm&r=g\",\"caption\":\"wpAdminCofbOrg\"},\"sameAs\":[\"http:\/\/192.168.64.122\/wordpress\"],\"url\":\"https:\/\/www.cofb.org\/es\/author\/wpadmincofborg\/\"}]}<\/script>\n<!-- \/ Yoast SEO plugin. -->","yoast_head_json":{"title":"\u2018Infarma Madrid 2024\u2019 presentar\u00e0 24 iniciatives d'\u00e8xit de la farm\u00e0cia per millorar la gesti\u00f3 i l'atenci\u00f3 dels pacients - Col\u00b7legi de Farmac\u00e8utics de Barcelona","description":"Infarma Madrid 2024 acollir\u00e0 les Iniciatives d'\u00e8xit de la farm\u00e0cia, un espai on es presentar\u00e0 una selecci\u00f3 dels millors projectes.","robots":{"index":"index","follow":"follow","max-snippet":"max-snippet:-1","max-image-preview":"max-image-preview:large","max-video-preview":"max-video-preview:-1"},"canonical":"https:\/\/www.cofb.org\/es\/2024\/02\/22\/infarma-madrid-2024-presentara-24-iniciatives-dexit-de-la-farmacia-per-millorar-la-gestio-i-latencio-dels-pacients-2\/","og_locale":"es_ES","og_type":"article","og_title":"\u2018Infarma Madrid 2024\u2019 presentar\u00e0 24 iniciatives d'\u00e8xit de la farm\u00e0cia per millorar la gesti\u00f3 i l'atenci\u00f3 dels pacients - Col\u00b7legi de Farmac\u00e8utics de Barcelona","og_description":"Infarma Madrid 2024 acollir\u00e0 les Iniciatives d'\u00e8xit de la farm\u00e0cia, un espai on es presentar\u00e0 una selecci\u00f3 dels millors projectes.","og_url":"https:\/\/www.cofb.org\/es\/2024\/02\/22\/infarma-madrid-2024-presentara-24-iniciatives-dexit-de-la-farmacia-per-millorar-la-gestio-i-latencio-dels-pacients-2\/","og_site_name":"Col\u00b7legi de Farmac\u00e8utics de Barcelona","article_publisher":"https:\/\/www.facebook.com\/farmaceuticsbcn\/","article_published_time":"2024-02-22T11:41:32+00:00","article_modified_time":"2024-04-05T10:14:35+00:00","og_image":[{"width":1024,"height":434,"url":"https:\/\/novaorg.cofb.net\/wp-content\/uploads\/2024\/04\/COFB_Iniciatives-dexit-2024_22022024_2-1024x434-1.jpeg","type":"image\/jpeg"}],"author":"wpAdminCofbOrg","twitter_card":"summary_large_image","twitter_creator":"@farmaceuticsbcn","twitter_site":"@farmaceuticsbcn","twitter_misc":{"Escrito por":"wpAdminCofbOrg","Tiempo de lectura":"4 minutos"},"schema":{"@context":"https:\/\/schema.org","@graph":[{"@type":"Article","@id":"https:\/\/www.cofb.org\/2024\/02\/22\/infarma-madrid-2024-presentara-24-iniciatives-dexit-de-la-farmacia-per-millorar-la-gestio-i-latencio-dels-pacients-2\/#article","isPartOf":{"@id":"https:\/\/www.cofb.org\/2024\/02\/22\/infarma-madrid-2024-presentara-24-iniciatives-dexit-de-la-farmacia-per-millorar-la-gestio-i-latencio-dels-pacients-2\/"},"author":{"name":"wpAdminCofbOrg","@id":"https:\/\/www.cofb.org\/#\/schema\/person\/22ed7eea88da74b0fa4d3154ad87ffcb"},"headline":"\u2018Infarma Madrid 2024\u2019 presentar\u00e0 24 iniciatives d&#8217;\u00e8xit de la farm\u00e0cia per millorar la gesti\u00f3 i l&#8217;atenci\u00f3 dels pacients","datePublished":"2024-02-22T11:41:32+00:00","dateModified":"2024-04-05T10:14:35+00:00","mainEntityOfPage":{"@id":"https:\/\/www.cofb.org\/2024\/02\/22\/infarma-madrid-2024-presentara-24-iniciatives-dexit-de-la-farmacia-per-millorar-la-gestio-i-latencio-dels-pacients-2\/"},"wordCount":559,"commentCount":0,"publisher":{"@id":"https:\/\/www.cofb.org\/#organization"},"image":{"@id":"https:\/\/www.cofb.org\/2024\/02\/22\/infarma-madrid-2024-presentara-24-iniciatives-dexit-de-la-farmacia-per-millorar-la-gestio-i-latencio-dels-pacients-2\/#primaryimage"},"thumbnailUrl":"https:\/\/www.cofb.org\/wp-content\/uploads\/2024\/04\/COFB_Iniciatives-dexit-2024_22022024_2-1024x434-1.jpeg","keywords":["COFB","Congr\u00e9s Europeu d'Oficina de Farm\u00e0cia i Sal\u00f3 de Medicaments i Parafarm\u00e0cia","Congr\u00e9s i Sal\u00f3","experi\u00e8ncies","farmac\u00e8utics","farmac\u00e8utiques","Farm\u00e0cia","farm\u00e0cia comunit\u00e0ria","Ifema","Infarma","Infarma Madrid","Iniciativas de \u00e9xito","iniciatives","projectes"],"articleSection":["Destacats","Infarma"],"inLanguage":"es","potentialAction":[{"@type":"CommentAction","name":"Comment","target":["https:\/\/www.cofb.org\/2024\/02\/22\/infarma-madrid-2024-presentara-24-iniciatives-dexit-de-la-farmacia-per-millorar-la-gestio-i-latencio-dels-pacients-2\/#respond"]}]},{"@type":"WebPage","@id":"https:\/\/www.cofb.org\/2024\/02\/22\/infarma-madrid-2024-presentara-24-iniciatives-dexit-de-la-farmacia-per-millorar-la-gestio-i-latencio-dels-pacients-2\/","url":"https:\/\/www.cofb.org\/2024\/02\/22\/infarma-madrid-2024-presentara-24-iniciatives-dexit-de-la-farmacia-per-millorar-la-gestio-i-latencio-dels-pacients-2\/","name":"\u2018Infarma Madrid 2024\u2019 presentar\u00e0 24 iniciatives d'\u00e8xit de la farm\u00e0cia per millorar la gesti\u00f3 i l'atenci\u00f3 dels pacients - Col\u00b7legi de Farmac\u00e8utics de Barcelona","isPartOf":{"@id":"https:\/\/www.cofb.org\/#website"},"primaryImageOfPage":{"@id":"https:\/\/www.cofb.org\/2024\/02\/22\/infarma-madrid-2024-presentara-24-iniciatives-dexit-de-la-farmacia-per-millorar-la-gestio-i-latencio-dels-pacients-2\/#primaryimage"},"image":{"@id":"https:\/\/www.cofb.org\/2024\/02\/22\/infarma-madrid-2024-presentara-24-iniciatives-dexit-de-la-farmacia-per-millorar-la-gestio-i-latencio-dels-pacients-2\/#primaryimage"},"thumbnailUrl":"https:\/\/www.cofb.org\/wp-content\/uploads\/2024\/04\/COFB_Iniciatives-dexit-2024_22022024_2-1024x434-1.jpeg","datePublished":"2024-02-22T11:41:32+00:00","dateModified":"2024-04-05T10:14:35+00:00","description":"Infarma Madrid 2024 acollir\u00e0 les Iniciatives d'\u00e8xit de la farm\u00e0cia, un espai on es presentar\u00e0 una selecci\u00f3 dels millors projectes.","breadcrumb":{"@id":"https:\/\/www.cofb.org\/2024\/02\/22\/infarma-madrid-2024-presentara-24-iniciatives-dexit-de-la-farmacia-per-millorar-la-gestio-i-latencio-dels-pacients-2\/#breadcrumb"},"inLanguage":"es","potentialAction":[{"@type":"ReadAction","target":["https:\/\/www.cofb.org\/2024\/02\/22\/infarma-madrid-2024-presentara-24-iniciatives-dexit-de-la-farmacia-per-millorar-la-gestio-i-latencio-dels-pacients-2\/"]}]},{"@type":"ImageObject","inLanguage":"es","@id":"https:\/\/www.cofb.org\/2024\/02\/22\/infarma-madrid-2024-presentara-24-iniciatives-dexit-de-la-farmacia-per-millorar-la-gestio-i-latencio-dels-pacients-2\/#primaryimage","url":"https:\/\/www.cofb.org\/wp-content\/uploads\/2024\/04\/COFB_Iniciatives-dexit-2024_22022024_2-1024x434-1.jpeg","contentUrl":"https:\/\/www.cofb.org\/wp-content\/uploads\/2024\/04\/COFB_Iniciatives-dexit-2024_22022024_2-1024x434-1.jpeg","width":1024,"height":434},{"@type":"BreadcrumbList","@id":"https:\/\/www.cofb.org\/2024\/02\/22\/infarma-madrid-2024-presentara-24-iniciatives-dexit-de-la-farmacia-per-millorar-la-gestio-i-latencio-dels-pacients-2\/#breadcrumb","itemListElement":[{"@type":"ListItem","position":1,"name":"Inici","item":"https:\/\/novaorg.cofb.net\/"},{"@type":"ListItem","position":2,"name":"\u2018Infarma Madrid 2024\u2019 presentar\u00e0 24 iniciatives d&#8217;\u00e8xit de la farm\u00e0cia per millorar la gesti\u00f3 i l&#8217;atenci\u00f3 dels pacients"}]},{"@type":"WebSite","@id":"https:\/\/www.cofb.org\/#website","url":"https:\/\/www.cofb.org\/","name":"Col\u00b7legi de Farmac\u00e8utics de Barcelona","description":"","publisher":{"@id":"https:\/\/www.cofb.org\/#organization"},"potentialAction":[{"@type":"SearchAction","target":{"@type":"EntryPoint","urlTemplate":"https:\/\/www.cofb.org\/?s={search_term_string}"},"query-input":"required name=search_term_string"}],"inLanguage":"es"},{"@type":"Organization","@id":"https:\/\/www.cofb.org\/#organization","name":"Col\u00b7legi de Farmac\u00e8utics de Barcelona","url":"https:\/\/www.cofb.org\/","logo":{"@type":"ImageObject","inLanguage":"es","@id":"https:\/\/www.cofb.org\/#\/schema\/logo\/image\/","url":"https:\/\/www.cofb.org\/wp-content\/uploads\/2023\/11\/cropped-Logotip-COFB.png","contentUrl":"https:\/\/www.cofb.org\/wp-content\/uploads\/2023\/11\/cropped-Logotip-COFB.png","width":500,"height":105,"caption":"Col\u00b7legi de Farmac\u00e8utics de Barcelona"},"image":{"@id":"https:\/\/www.cofb.org\/#\/schema\/logo\/image\/"},"sameAs":["https:\/\/www.facebook.com\/farmaceuticsbcn\/","https:\/\/twitter.com\/farmaceuticsbcn","https:\/\/www.instagram.com\/farmaceuticsbcn\/","https:\/\/www.linkedin.com\/company\/farmaceuticsbcn\/"]},{"@type":"Person","@id":"https:\/\/www.cofb.org\/#\/schema\/person\/22ed7eea88da74b0fa4d3154ad87ffcb","name":"wpAdminCofbOrg","image":{"@type":"ImageObject","inLanguage":"es","@id":"https:\/\/www.cofb.org\/#\/schema\/person\/image\/","url":"https:\/\/secure.gravatar.com\/avatar\/1721b20b3b8ca882c3b56ec6c978c594fff670e40c0718e9190eaeeb76aae7d8?s=96&d=mm&r=g","contentUrl":"https:\/\/secure.gravatar.com\/avatar\/1721b20b3b8ca882c3b56ec6c978c594fff670e40c0718e9190eaeeb76aae7d8?s=96&d=mm&r=g","caption":"wpAdminCofbOrg"},"sameAs":["http:\/\/192.168.64.122\/wordpress"],"url":"https:\/\/www.cofb.org\/es\/author\/wpadmincofborg\/"}]}},"uagb_featured_image_src":{"full":["https:\/\/www.cofb.org\/wp-content\/uploads\/2024\/04\/COFB_Iniciatives-dexit-2024_22022024_2-1024x434-1.jpeg",1024,434,false],"thumbnail":["https:\/\/www.cofb.org\/wp-content\/uploads\/2024\/04\/COFB_Iniciatives-dexit-2024_22022024_2-1024x434-1-150x150.jpeg",150,150,true],"medium":["https:\/\/www.cofb.org\/wp-content\/uploads\/2024\/04\/COFB_Iniciatives-dexit-2024_22022024_2-1024x434-1-300x127.jpeg",300,127,true],"medium_large":["https:\/\/www.cofb.org\/wp-content\/uploads\/2024\/04\/COFB_Iniciatives-dexit-2024_22022024_2-1024x434-1-768x326.jpeg",768,326,true],"large":["https:\/\/www.cofb.org\/wp-content\/uploads\/2024\/04\/COFB_Iniciatives-dexit-2024_22022024_2-1024x434-1.jpeg",1024,434,false],"1536x1536":["https:\/\/www.cofb.org\/wp-content\/uploads\/2024\/04\/COFB_Iniciatives-dexit-2024_22022024_2-1024x434-1.jpeg",1024,434,false],"2048x2048":["https:\/\/www.cofb.org\/wp-content\/uploads\/2024\/04\/COFB_Iniciatives-dexit-2024_22022024_2-1024x434-1.jpeg",1024,434,false],"trp-custom-language-flag":["https:\/\/www.cofb.org\/wp-content\/uploads\/2024\/04\/COFB_Iniciatives-dexit-2024_22022024_2-1024x434-1-18x8.jpeg",18,8,true]},"uagb_author_info":{"display_name":"wpAdminCofbOrg","author_link":"https:\/\/www.cofb.org\/es\/author\/wpadmincofborg\/"},"uagb_comment_info":0,"uagb_excerpt":"Infarma Madrid 2024 acollir\u00e0 les Iniciatives d&#8217;\u00e8xit de la farm\u00e0cia, un espai on es presentar\u00e0 una selecci\u00f3 dels millors projectes i experi\u00e8ncies desenvolupades pels farmac\u00e8utics de la farm\u00e0cia comunit\u00e0ria a Espanya per potenciar la cura i la salut dels ciutadans i refor\u00e7ar la gesti\u00f3 de les oficines de farm\u00e0cia. L&#8217;aplicaci\u00f3 [&hellip;]","_links":{"self":[{"href":"https:\/\/www.cofb.org\/es\/wp-json\/wp\/v2\/posts\/77794","targetHints":{"allow":["GET"]}}],"collection":[{"href":"https:\/\/www.cofb.org\/es\/wp-json\/wp\/v2\/posts"}],"about":[{"href":"https:\/\/www.cofb.org\/es\/wp-json\/wp\/v2\/types\/post"}],"author":[{"embeddable":true,"href":"https:\/\/www.cofb.org\/es\/wp-json\/wp\/v2\/users\/1"}],"replies":[{"embeddable":true,"href":"https:\/\/www.cofb.org\/es\/wp-json\/wp\/v2\/comments?post=77794"}],"version-history":[{"count":1,"href":"https:\/\/www.cofb.org\/es\/wp-json\/wp\/v2\/posts\/77794\/revisions"}],"predecessor-version":[{"id":77965,"href":"https:\/\/www.cofb.org\/es\/wp-json\/wp\/v2\/posts\/77794\/revisions\/77965"}],"wp:featuredmedia":[{"embeddable":true,"href":"https:\/\/www.cofb.org\/es\/wp-json\/wp\/v2\/media\/77964"}],"wp:attachment":[{"href":"https:\/\/www.cofb.org\/es\/wp-json\/wp\/v2\/media?parent=77794"}],"wp:term":[{"taxonomy":"category","embeddable":true,"href":"https:\/\/www.cofb.org\/es\/wp-json\/wp\/v2\/categories?post=77794"},{"taxonomy":"post_tag","embeddable":true,"href":"https:\/\/www.cofb.org\/es\/wp-json\/wp\/v2\/tags?post=77794"}],"curies":[{"name":"wp","href":"https:\/\/api.w.org\/{rel}","templated":true}]}}