{"id":77793,"date":"2024-02-21T17:42:21","date_gmt":"2024-02-21T15:42:21","guid":{"rendered":"https:\/\/blog.cofb.cat\/?p=68577"},"modified":"2024-04-05T10:15:00","modified_gmt":"2024-04-05T10:15:00","slug":"circular-farmaceutica-ja-disponible-ledicio-especial-pels-125-anys-del-cofb","status":"publish","type":"post","link":"https:\/\/www.cofb.org\/es\/2024\/02\/21\/circular-farmaceutica-ja-disponible-ledicio-especial-pels-125-anys-del-cofb\/","title":{"rendered":"Circular Farmac\u00e9utica: Ya disponible la edici\u00f3n especial para los 125 a\u00f1os del COFB"},"content":{"rendered":"<p>Ya se puede acceder a un&nbsp;<strong><a href=\"https:\/\/www.cofb.org\/es\/documents\/10136\/1070698\/Circular81-3_DEF.pdf\/193b929f-1d35-40fa-aa8b-0df5438c3cbb\/\" target=\"_blank\" rel=\"noreferrer noopener\">nuevo n\u00famero<\/a><\/strong>&nbsp;de la<strong>&nbsp;<a href=\"https:\/\/www.cofb.org\/es\/colegi\/publicacions\/circular-farmaceutica\/\" target=\"_blank\" rel=\"noreferrer noopener\">Circular Farmac\u00e9utica<\/a><\/strong>, la publicaci\u00f3n cient\u00edfica que edita el<strong>&nbsp;Col\u00b7legi de Farmac\u00e8utics de Barcelona<\/strong>&nbsp;y que recoge art\u00edculos elaborados por profesionales sanitarios de reconocido prestigio para dar a conocer las&nbsp;<strong>novedades terap\u00e9uticas<\/strong>, as\u00ed como contenidos relacionados con la atenci\u00f3n&nbsp;<strong>farmac\u00e9utica y la salud p\u00fablica.&nbsp;<\/strong><\/p>\n\n\n\n<p>En esta nueva edici\u00f3n especial por los 125 a\u00f1os del COFB,\u00a0<strong>destacamos<\/strong>\u00a0los siguientes temas:<\/p>\n\n\n\n<ul class=\"wp-block-list\"><li><strong>Atenci\u00f3n Primaria:<\/strong> El farmac\u00e9utico de atenci\u00f3n primaria, la consolidaci\u00f3n de un ejercicio profesional<\/li><li><strong>Industria:<\/strong> Un relato de tres d\u00e9cadas en la industria farmac\u00e9utica y cosm\u00e9tica<\/li><li><strong>Oficina de Farmacia: <\/strong>De la especialidad farmac\u00e9utica a la farmacia comunitaria<\/li><\/ul>\n\n\n\n<p>\u00c9ste es el contenido del&nbsp;<a href=\"https:\/\/www.cofb.org\/es\/documents\/10136\/1070698\/Circular81-3_DEF.pdf\/193b929f-1d35-40fa-aa8b-0df5438c3cbb\/\" target=\"_blank\" rel=\"noreferrer noopener\"><strong>Vol. 81\/N\u00fam. 3. Especial 125 a\u00f1os. Tercer Cuatrimestre 2023<\/strong><\/a>:<\/p>\n\n\n\n<figure class=\"wp-block-image size-full\"><a href=\"https:\/\/www.cofb.org\/es\/documents\/10136\/1070698\/Circular81-3_DEF.pdf\/193b929f-1d35-40fa-aa8b-0df5438c3cbb\/\" target=\"_blank\" rel=\"noreferrer noopener\"><img decoding=\"async\" src=\"https:\/\/blog.cofb.cat\/wp-content\/uploads\/2023\/11\/COFB_Circular81-3_DEF_portada_21022024_2-1.jpg\" alt=\"\" class=\"wp-image-68583\"\/><\/a><\/figure>\n\n\n\n<ul class=\"wp-block-list\"><li><strong>Editorial: <\/strong>M. Rosa Ballester Verneda<\/li><li><strong>Alimentaci\u00f3n:<\/strong> Vocal\u00eda de Alimentaci\u00f3n y su historia interminable<\/li><li><strong>An\u00e1lisis cl\u00ednicos:<\/strong> Trayectoria y perspectiva del Laboratorio Cl\u00ednic<\/li><li><strong>Atenci\u00f3n primaria:<\/strong> El farmac\u00e9utico de atenci\u00f3n primaria, la consolidaci\u00f3n de un ejercicio profesional<\/li><li><strong>Dermofarmacia:<\/strong> Vocal\u00eda de Dermofarmacia y mi paso por el COFB<\/li><li><strong>Distribuci\u00f3n:<\/strong> Mis experiencias en la distribuci\u00f3n farmac\u00e9utica<\/li><li><strong>Farmacia hospitalaria:<\/strong> Farmacia hospitalaria: especialidad sanitaria en constante evoluci\u00f3n<\/li><li><strong>Industria:<\/strong> De retos profesionales a avances cient\u00edficos: Un relato de tres d\u00e9cadas en la industria farmac\u00e9utica y cosm\u00e9tica<\/li><li><strong>Investigaci\u00f3n y docencia: <\/strong>El futuro de la investigaci\u00f3n en ciencias farmac\u00e9uticas, Evoluci\u00f3n de la formaci\u00f3n de los estudios en farmacia <\/li><li><strong>Oficina de farmacia: <\/strong>De la especialidad farmac\u00e9utica a la farmacia comunitaria <\/li><li><strong>Salud p\u00fablica:<\/strong> Farmac\u00e9uticos\/cas: m\u00e1s de 125 a\u00f1os haciendo salud p\u00fablica<\/li><li><strong>\u00cdndice de autores\/as y materias<\/strong><\/li><\/ul>\n\n\n\n<figure class=\"wp-block-image\"><a href=\"https:\/\/blog.cofb.cat\/wp-content\/uploads\/2022\/03\/BLOG-CIRCULAR_publica_680x453_V2-scaled.jpg\" target=\"_blank\" rel=\"noreferrer noopener\"><img decoding=\"async\" src=\"https:\/\/blog.cofb.cat\/wp-content\/uploads\/2022\/03\/BLOG-CIRCULAR_publica_680x453_V2-1024x682.jpg\" alt=\"\" class=\"wp-image-61430\"\/><\/a><\/figure>\n\n\n\n<p><strong>Otras publicaciones de inter\u00e9s:&nbsp;<\/strong><\/p>\n\n\n\n<ul class=\"wp-block-list\"><li><a href=\"https:\/\/blog.cofb.cat\/blog\/2023\/11\/20\/circular-farmaceutica-ja-disponible-ledicio-del-segon-quadrimestre-de-2023\/\" target=\"_blank\" rel=\"noreferrer noopener\">Circular Farmac\u00e9utica: Ya disponible la edici\u00f3n del segundo cuatrimestre de 2023 (Noviembre 2023)<\/a><\/li><li><a href=\"https:\/\/blog.cofb.cat\/blog\/2023\/07\/04\/circular-farmaceutica-ja-disponible-ledicio-del-primer-quadrimestre-de-2023\/\" target=\"_blank\" rel=\"noreferrer noopener\">Circular Farmac\u00e9utica: Ya disponible la edici\u00f3n del primer cuatrimestre de 2023 (Julio 2023)<\/a><\/li><li><a href=\"https:\/\/blog.cofb.cat\/blog\/2023\/05\/05\/circular-farmaceutica-ja-disponible-ledicio-especial-de-beques-i-premis-2022\/\" target=\"_blank\" rel=\"noreferrer noopener\">Circular farmac\u00e9utica: ya disponible la edici\u00f3n especial de becas y premios 2022 (Mayo 2023)<\/a><\/li><\/ul>","protected":false},"excerpt":{"rendered":"<p>Ya se puede acceder a un nuevo n\u00famero de la Circular Farmac\u00e9utica, la publicaci\u00f3n cient\u00edfica que edita el Colegio de Farmac\u00e9uticos de Barcelona y que recoge art\u00edculos elaborados por profesionales sanitarios de reconocido prestigio para dar a conocer las novedades terap\u00e9uticas, as\u00ed como contenidos relacionados con la atenci\u00f3n farmac\u00e9utica y la salud p\u00fablica. En esta nueva edici\u00f3n especial [\u2026]<\/p>","protected":false},"author":1,"featured_media":77966,"comment_status":"open","ping_status":"open","sticky":false,"template":"","format":"standard","meta":{"_uag_custom_page_level_css":"","site-sidebar-layout":"default","site-content-layout":"","ast-site-content-layout":"default","site-content-style":"default","site-sidebar-style":"default","ast-global-header-display":"","ast-banner-title-visibility":"","ast-main-header-display":"","ast-hfb-above-header-display":"","ast-hfb-below-header-display":"","ast-hfb-mobile-header-display":"","site-post-title":"","ast-breadcrumbs-content":"","ast-featured-img":"disabled","footer-sml-layout":"","theme-transparent-header-meta":"","adv-header-id-meta":"","stick-header-meta":"","header-above-stick-meta":"","header-main-stick-meta":"","header-below-stick-meta":"","astra-migrate-meta-layouts":"set","ast-page-background-enabled":"default","ast-page-background-meta":{"desktop":{"background-color":"var(--ast-global-color-4)","background-image":"","background-repeat":"repeat","background-position":"center center","background-size":"auto","background-attachment":"scroll","background-type":"","background-media":"","overlay-type":"","overlay-color":"","overlay-opacity":"","overlay-gradient":""},"tablet":{"background-color":"","background-image":"","background-repeat":"repeat","background-position":"center center","background-size":"auto","background-attachment":"scroll","background-type":"","background-media":"","overlay-type":"","overlay-color":"","overlay-opacity":"","overlay-gradient":""},"mobile":{"background-color":"","background-image":"","background-repeat":"repeat","background-position":"center center","background-size":"auto","background-attachment":"scroll","background-type":"","background-media":"","overlay-type":"","overlay-color":"","overlay-opacity":"","overlay-gradient":""}},"ast-content-background-meta":{"desktop":{"background-color":"var(--ast-global-color-5)","background-image":"","background-repeat":"repeat","background-position":"center center","background-size":"auto","background-attachment":"scroll","background-type":"","background-media":"","overlay-type":"","overlay-color":"","overlay-opacity":"","overlay-gradient":""},"tablet":{"background-color":"var(--ast-global-color-5)","background-image":"","background-repeat":"repeat","background-position":"center center","background-size":"auto","background-attachment":"scroll","background-type":"","background-media":"","overlay-type":"","overlay-color":"","overlay-opacity":"","overlay-gradient":""},"mobile":{"background-color":"var(--ast-global-color-5)","background-image":"","background-repeat":"repeat","background-position":"center center","background-size":"auto","background-attachment":"scroll","background-type":"","background-media":"","overlay-type":"","overlay-color":"","overlay-opacity":"","overlay-gradient":""}},"footnotes":""},"categories":[23,57],"tags":[36,86,938,89,18,19,81,2157,69,480,2156,4931,2412,565,2163,93,76,96,389],"class_list":["post-77793","post","type-post","status-publish","format-standard","has-post-thumbnail","hentry","category-destacats","category-mon-collegial","tag-alimentacio","tag-analisis-cliniques","tag-atencio-primaria","tag-circular-farmaceutica","tag-cofb","tag-collegi-de-farmaceutics-de-barcelona","tag-dermofarmacia","tag-distribucio","tag-farmacia-comunitaria","tag-farmacia-hospitalaria","tag-industria","tag-industria-cosmetica","tag-industria-farmaceutica","tag-investigacio-i-docencia","tag-laboratori-clinic","tag-novetats-terapeutiques","tag-oficina-de-farmacia","tag-salut-publica","tag-vocalia-dalimentacio-i-nutricio"],"yoast_head":"<!-- This site is optimized with the Yoast SEO plugin v22.4 - https:\/\/yoast.com\/wordpress\/plugins\/seo\/ -->\n<title>Circular Farmac\u00e8utica: Ja disponible l\u2019edici\u00f3 especial pels 125 anys del COFB - Col\u00b7legi de Farmac\u00e8utics de Barcelona<\/title>\n<meta name=\"description\" content=\"Ja es pot accedir a un\u00a0nou n\u00famero\u00a0de la\u00a0Circular Farmac\u00e8utica, la publicaci\u00f3 cient\u00edfica\u00a0que edita el\u00a0Col\u00b7legi de Farmac\u00e8utics de Barcelona.\" \/>\n<meta name=\"robots\" content=\"index, follow, max-snippet:-1, max-image-preview:large, max-video-preview:-1\" \/>\n<link rel=\"canonical\" href=\"https:\/\/novaorg.cofb.net\/2024\/02\/21\/circular-farmaceutica-ja-disponible-ledicio-especial-pels-125-anys-del-cofb\/\" \/>\n<meta property=\"og:locale\" content=\"es_ES\" \/>\n<meta property=\"og:type\" content=\"article\" \/>\n<meta property=\"og:title\" content=\"Circular Farmac\u00e8utica: Ja disponible l\u2019edici\u00f3 especial pels 125 anys del COFB - Col\u00b7legi de Farmac\u00e8utics de Barcelona\" \/>\n<meta property=\"og:description\" content=\"Ja es pot accedir a un\u00a0nou n\u00famero\u00a0de la\u00a0Circular Farmac\u00e8utica, la publicaci\u00f3 cient\u00edfica\u00a0que edita el\u00a0Col\u00b7legi de Farmac\u00e8utics de Barcelona.\" \/>\n<meta property=\"og:url\" content=\"https:\/\/novaorg.cofb.net\/2024\/02\/21\/circular-farmaceutica-ja-disponible-ledicio-especial-pels-125-anys-del-cofb\/\" \/>\n<meta property=\"og:site_name\" content=\"Col\u00b7legi de Farmac\u00e8utics de Barcelona\" \/>\n<meta property=\"article:publisher\" content=\"https:\/\/www.facebook.com\/farmaceuticsbcn\/\" \/>\n<meta property=\"article:published_time\" content=\"2024-02-21T15:42:21+00:00\" \/>\n<meta property=\"article:modified_time\" content=\"2024-04-05T10:15:00+00:00\" \/>\n<meta property=\"og:image\" content=\"https:\/\/novaorg.cofb.net\/wp-content\/uploads\/2024\/04\/COFB_Circular81-3_DEF_portada_21022024_2-1.jpeg\" \/>\n\t<meta property=\"og:image:width\" content=\"595\" \/>\n\t<meta property=\"og:image:height\" content=\"838\" \/>\n\t<meta property=\"og:image:type\" content=\"image\/jpeg\" \/>\n<meta name=\"author\" content=\"wpAdminCofbOrg\" \/>\n<meta name=\"twitter:card\" content=\"summary_large_image\" \/>\n<meta name=\"twitter:creator\" content=\"@farmaceuticsbcn\" \/>\n<meta name=\"twitter:site\" content=\"@farmaceuticsbcn\" \/>\n<meta name=\"twitter:label1\" content=\"Escrito por\" \/>\n\t<meta name=\"twitter:data1\" content=\"wpAdminCofbOrg\" \/>\n\t<meta name=\"twitter:label2\" content=\"Tiempo de lectura\" \/>\n\t<meta name=\"twitter:data2\" content=\"2 minutos\" \/>\n<script type=\"application\/ld+json\" class=\"yoast-schema-graph\">{\"@context\":\"https:\/\/schema.org\",\"@graph\":[{\"@type\":\"Article\",\"@id\":\"https:\/\/novaorg.cofb.net\/2024\/02\/21\/circular-farmaceutica-ja-disponible-ledicio-especial-pels-125-anys-del-cofb\/#article\",\"isPartOf\":{\"@id\":\"https:\/\/novaorg.cofb.net\/2024\/02\/21\/circular-farmaceutica-ja-disponible-ledicio-especial-pels-125-anys-del-cofb\/\"},\"author\":{\"name\":\"wpAdminCofbOrg\",\"@id\":\"https:\/\/www.cofb.org\/#\/schema\/person\/22ed7eea88da74b0fa4d3154ad87ffcb\"},\"headline\":\"Circular Farmac\u00e8utica: Ja disponible l\u2019edici\u00f3 especial pels 125 anys del COFB\",\"datePublished\":\"2024-02-21T15:42:21+00:00\",\"dateModified\":\"2024-04-05T10:15:00+00:00\",\"mainEntityOfPage\":{\"@id\":\"https:\/\/novaorg.cofb.net\/2024\/02\/21\/circular-farmaceutica-ja-disponible-ledicio-especial-pels-125-anys-del-cofb\/\"},\"wordCount\":365,\"commentCount\":0,\"publisher\":{\"@id\":\"https:\/\/www.cofb.org\/#organization\"},\"image\":{\"@id\":\"https:\/\/novaorg.cofb.net\/2024\/02\/21\/circular-farmaceutica-ja-disponible-ledicio-especial-pels-125-anys-del-cofb\/#primaryimage\"},\"thumbnailUrl\":\"https:\/\/www.cofb.org\/wp-content\/uploads\/2024\/04\/COFB_Circular81-3_DEF_portada_21022024_2-1.jpeg\",\"keywords\":[\"alimentaci\u00f3\",\"an\u00e0lisis cl\u00edniques\",\"Atenci\u00f3 prim\u00e0ria\",\"Circular Farmac\u00e8utica\",\"COFB\",\"Col\u00b7legi de Farmac\u00e8utics de Barcelona\",\"Dermofarm\u00e0cia\",\"Distribuci\u00f3\",\"farm\u00e0cia comunit\u00e0ria\",\"farm\u00e0cia hospital\u00e0ria\",\"Ind\u00fastria\",\"ind\u00fastria cosm\u00e8tica\",\"ind\u00fastria farmac\u00e8utica\",\"Investigaci\u00f3 i doc\u00e8ncia\",\"Laboratori cl\u00ednic\",\"novetats terap\u00e8utiques\",\"Oficina de farm\u00e0cia\",\"Salut p\u00fablica\",\"vocalia d'alimentaci\u00f3 i nutrici\u00f3\"],\"articleSection\":[\"Destacats\",\"M\u00f3n col\u00b7legial\"],\"inLanguage\":\"es\",\"potentialAction\":[{\"@type\":\"CommentAction\",\"name\":\"Comment\",\"target\":[\"https:\/\/novaorg.cofb.net\/2024\/02\/21\/circular-farmaceutica-ja-disponible-ledicio-especial-pels-125-anys-del-cofb\/#respond\"]}]},{\"@type\":\"WebPage\",\"@id\":\"https:\/\/novaorg.cofb.net\/2024\/02\/21\/circular-farmaceutica-ja-disponible-ledicio-especial-pels-125-anys-del-cofb\/\",\"url\":\"https:\/\/novaorg.cofb.net\/2024\/02\/21\/circular-farmaceutica-ja-disponible-ledicio-especial-pels-125-anys-del-cofb\/\",\"name\":\"Circular Farmac\u00e8utica: Ja disponible l\u2019edici\u00f3 especial pels 125 anys del COFB - Col\u00b7legi de Farmac\u00e8utics de Barcelona\",\"isPartOf\":{\"@id\":\"https:\/\/www.cofb.org\/#website\"},\"primaryImageOfPage\":{\"@id\":\"https:\/\/novaorg.cofb.net\/2024\/02\/21\/circular-farmaceutica-ja-disponible-ledicio-especial-pels-125-anys-del-cofb\/#primaryimage\"},\"image\":{\"@id\":\"https:\/\/novaorg.cofb.net\/2024\/02\/21\/circular-farmaceutica-ja-disponible-ledicio-especial-pels-125-anys-del-cofb\/#primaryimage\"},\"thumbnailUrl\":\"https:\/\/www.cofb.org\/wp-content\/uploads\/2024\/04\/COFB_Circular81-3_DEF_portada_21022024_2-1.jpeg\",\"datePublished\":\"2024-02-21T15:42:21+00:00\",\"dateModified\":\"2024-04-05T10:15:00+00:00\",\"description\":\"Ja es pot accedir a un\u00a0nou n\u00famero\u00a0de la\u00a0Circular Farmac\u00e8utica, la publicaci\u00f3 cient\u00edfica\u00a0que edita el\u00a0Col\u00b7legi de Farmac\u00e8utics de Barcelona.\",\"breadcrumb\":{\"@id\":\"https:\/\/novaorg.cofb.net\/2024\/02\/21\/circular-farmaceutica-ja-disponible-ledicio-especial-pels-125-anys-del-cofb\/#breadcrumb\"},\"inLanguage\":\"es\",\"potentialAction\":[{\"@type\":\"ReadAction\",\"target\":[\"https:\/\/novaorg.cofb.net\/2024\/02\/21\/circular-farmaceutica-ja-disponible-ledicio-especial-pels-125-anys-del-cofb\/\"]}]},{\"@type\":\"ImageObject\",\"inLanguage\":\"es\",\"@id\":\"https:\/\/novaorg.cofb.net\/2024\/02\/21\/circular-farmaceutica-ja-disponible-ledicio-especial-pels-125-anys-del-cofb\/#primaryimage\",\"url\":\"https:\/\/www.cofb.org\/wp-content\/uploads\/2024\/04\/COFB_Circular81-3_DEF_portada_21022024_2-1.jpeg\",\"contentUrl\":\"https:\/\/www.cofb.org\/wp-content\/uploads\/2024\/04\/COFB_Circular81-3_DEF_portada_21022024_2-1.jpeg\",\"width\":595,\"height\":838},{\"@type\":\"BreadcrumbList\",\"@id\":\"https:\/\/novaorg.cofb.net\/2024\/02\/21\/circular-farmaceutica-ja-disponible-ledicio-especial-pels-125-anys-del-cofb\/#breadcrumb\",\"itemListElement\":[{\"@type\":\"ListItem\",\"position\":1,\"name\":\"Inici\",\"item\":\"https:\/\/novaorg.cofb.net\/\"},{\"@type\":\"ListItem\",\"position\":2,\"name\":\"Circular Farmac\u00e8utica: Ja disponible l\u2019edici\u00f3 especial pels 125 anys del COFB\"}]},{\"@type\":\"WebSite\",\"@id\":\"https:\/\/www.cofb.org\/#website\",\"url\":\"https:\/\/www.cofb.org\/\",\"name\":\"Col\u00b7legi de Farmac\u00e8utics de Barcelona\",\"description\":\"\",\"publisher\":{\"@id\":\"https:\/\/www.cofb.org\/#organization\"},\"potentialAction\":[{\"@type\":\"SearchAction\",\"target\":{\"@type\":\"EntryPoint\",\"urlTemplate\":\"https:\/\/www.cofb.org\/?s={search_term_string}\"},\"query-input\":\"required name=search_term_string\"}],\"inLanguage\":\"es\"},{\"@type\":\"Organization\",\"@id\":\"https:\/\/www.cofb.org\/#organization\",\"name\":\"Col\u00b7legi de Farmac\u00e8utics de Barcelona\",\"url\":\"https:\/\/www.cofb.org\/\",\"logo\":{\"@type\":\"ImageObject\",\"inLanguage\":\"es\",\"@id\":\"https:\/\/www.cofb.org\/#\/schema\/logo\/image\/\",\"url\":\"https:\/\/www.cofb.org\/wp-content\/uploads\/2023\/11\/cropped-Logotip-COFB.png\",\"contentUrl\":\"https:\/\/www.cofb.org\/wp-content\/uploads\/2023\/11\/cropped-Logotip-COFB.png\",\"width\":500,\"height\":105,\"caption\":\"Col\u00b7legi de Farmac\u00e8utics de Barcelona\"},\"image\":{\"@id\":\"https:\/\/www.cofb.org\/#\/schema\/logo\/image\/\"},\"sameAs\":[\"https:\/\/www.facebook.com\/farmaceuticsbcn\/\",\"https:\/\/twitter.com\/farmaceuticsbcn\",\"https:\/\/www.instagram.com\/farmaceuticsbcn\/\",\"https:\/\/www.linkedin.com\/company\/farmaceuticsbcn\/\"]},{\"@type\":\"Person\",\"@id\":\"https:\/\/www.cofb.org\/#\/schema\/person\/22ed7eea88da74b0fa4d3154ad87ffcb\",\"name\":\"wpAdminCofbOrg\",\"image\":{\"@type\":\"ImageObject\",\"inLanguage\":\"es\",\"@id\":\"https:\/\/www.cofb.org\/#\/schema\/person\/image\/\",\"url\":\"https:\/\/secure.gravatar.com\/avatar\/1721b20b3b8ca882c3b56ec6c978c594fff670e40c0718e9190eaeeb76aae7d8?s=96&d=mm&r=g\",\"contentUrl\":\"https:\/\/secure.gravatar.com\/avatar\/1721b20b3b8ca882c3b56ec6c978c594fff670e40c0718e9190eaeeb76aae7d8?s=96&d=mm&r=g\",\"caption\":\"wpAdminCofbOrg\"},\"sameAs\":[\"http:\/\/192.168.64.122\/wordpress\"],\"url\":\"https:\/\/www.cofb.org\/es\/author\/wpadmincofborg\/\"}]}<\/script>\n<!-- \/ Yoast SEO plugin. -->","yoast_head_json":{"title":"Circular Farmac\u00e8utica: Ja disponible l\u2019edici\u00f3 especial pels 125 anys del COFB - Col\u00b7legi de Farmac\u00e8utics de Barcelona","description":"Ja es pot accedir a un\u00a0nou n\u00famero\u00a0de la\u00a0Circular Farmac\u00e8utica, la publicaci\u00f3 cient\u00edfica\u00a0que edita el\u00a0Col\u00b7legi de Farmac\u00e8utics de Barcelona.","robots":{"index":"index","follow":"follow","max-snippet":"max-snippet:-1","max-image-preview":"max-image-preview:large","max-video-preview":"max-video-preview:-1"},"canonical":"https:\/\/novaorg.cofb.net\/2024\/02\/21\/circular-farmaceutica-ja-disponible-ledicio-especial-pels-125-anys-del-cofb\/","og_locale":"es_ES","og_type":"article","og_title":"Circular Farmac\u00e8utica: Ja disponible l\u2019edici\u00f3 especial pels 125 anys del COFB - Col\u00b7legi de Farmac\u00e8utics de Barcelona","og_description":"Ja es pot accedir a un\u00a0nou n\u00famero\u00a0de la\u00a0Circular Farmac\u00e8utica, la publicaci\u00f3 cient\u00edfica\u00a0que edita el\u00a0Col\u00b7legi de Farmac\u00e8utics de Barcelona.","og_url":"https:\/\/novaorg.cofb.net\/2024\/02\/21\/circular-farmaceutica-ja-disponible-ledicio-especial-pels-125-anys-del-cofb\/","og_site_name":"Col\u00b7legi de Farmac\u00e8utics de Barcelona","article_publisher":"https:\/\/www.facebook.com\/farmaceuticsbcn\/","article_published_time":"2024-02-21T15:42:21+00:00","article_modified_time":"2024-04-05T10:15:00+00:00","og_image":[{"width":595,"height":838,"url":"https:\/\/novaorg.cofb.net\/wp-content\/uploads\/2024\/04\/COFB_Circular81-3_DEF_portada_21022024_2-1.jpeg","type":"image\/jpeg"}],"author":"wpAdminCofbOrg","twitter_card":"summary_large_image","twitter_creator":"@farmaceuticsbcn","twitter_site":"@farmaceuticsbcn","twitter_misc":{"Escrito por":"wpAdminCofbOrg","Tiempo de lectura":"2 minutos"},"schema":{"@context":"https:\/\/schema.org","@graph":[{"@type":"Article","@id":"https:\/\/novaorg.cofb.net\/2024\/02\/21\/circular-farmaceutica-ja-disponible-ledicio-especial-pels-125-anys-del-cofb\/#article","isPartOf":{"@id":"https:\/\/novaorg.cofb.net\/2024\/02\/21\/circular-farmaceutica-ja-disponible-ledicio-especial-pels-125-anys-del-cofb\/"},"author":{"name":"wpAdminCofbOrg","@id":"https:\/\/www.cofb.org\/#\/schema\/person\/22ed7eea88da74b0fa4d3154ad87ffcb"},"headline":"Circular Farmac\u00e8utica: Ja disponible l\u2019edici\u00f3 especial pels 125 anys del COFB","datePublished":"2024-02-21T15:42:21+00:00","dateModified":"2024-04-05T10:15:00+00:00","mainEntityOfPage":{"@id":"https:\/\/novaorg.cofb.net\/2024\/02\/21\/circular-farmaceutica-ja-disponible-ledicio-especial-pels-125-anys-del-cofb\/"},"wordCount":365,"commentCount":0,"publisher":{"@id":"https:\/\/www.cofb.org\/#organization"},"image":{"@id":"https:\/\/novaorg.cofb.net\/2024\/02\/21\/circular-farmaceutica-ja-disponible-ledicio-especial-pels-125-anys-del-cofb\/#primaryimage"},"thumbnailUrl":"https:\/\/www.cofb.org\/wp-content\/uploads\/2024\/04\/COFB_Circular81-3_DEF_portada_21022024_2-1.jpeg","keywords":["alimentaci\u00f3","an\u00e0lisis cl\u00edniques","Atenci\u00f3 prim\u00e0ria","Circular Farmac\u00e8utica","COFB","Col\u00b7legi de Farmac\u00e8utics de Barcelona","Dermofarm\u00e0cia","Distribuci\u00f3","farm\u00e0cia comunit\u00e0ria","farm\u00e0cia hospital\u00e0ria","Ind\u00fastria","ind\u00fastria cosm\u00e8tica","ind\u00fastria farmac\u00e8utica","Investigaci\u00f3 i doc\u00e8ncia","Laboratori cl\u00ednic","novetats terap\u00e8utiques","Oficina de farm\u00e0cia","Salut p\u00fablica","vocalia d'alimentaci\u00f3 i nutrici\u00f3"],"articleSection":["Destacats","M\u00f3n col\u00b7legial"],"inLanguage":"es","potentialAction":[{"@type":"CommentAction","name":"Comment","target":["https:\/\/novaorg.cofb.net\/2024\/02\/21\/circular-farmaceutica-ja-disponible-ledicio-especial-pels-125-anys-del-cofb\/#respond"]}]},{"@type":"WebPage","@id":"https:\/\/novaorg.cofb.net\/2024\/02\/21\/circular-farmaceutica-ja-disponible-ledicio-especial-pels-125-anys-del-cofb\/","url":"https:\/\/novaorg.cofb.net\/2024\/02\/21\/circular-farmaceutica-ja-disponible-ledicio-especial-pels-125-anys-del-cofb\/","name":"Circular Farmac\u00e8utica: Ja disponible l\u2019edici\u00f3 especial pels 125 anys del COFB - Col\u00b7legi de Farmac\u00e8utics de Barcelona","isPartOf":{"@id":"https:\/\/www.cofb.org\/#website"},"primaryImageOfPage":{"@id":"https:\/\/novaorg.cofb.net\/2024\/02\/21\/circular-farmaceutica-ja-disponible-ledicio-especial-pels-125-anys-del-cofb\/#primaryimage"},"image":{"@id":"https:\/\/novaorg.cofb.net\/2024\/02\/21\/circular-farmaceutica-ja-disponible-ledicio-especial-pels-125-anys-del-cofb\/#primaryimage"},"thumbnailUrl":"https:\/\/www.cofb.org\/wp-content\/uploads\/2024\/04\/COFB_Circular81-3_DEF_portada_21022024_2-1.jpeg","datePublished":"2024-02-21T15:42:21+00:00","dateModified":"2024-04-05T10:15:00+00:00","description":"Ja es pot accedir a un\u00a0nou n\u00famero\u00a0de la\u00a0Circular Farmac\u00e8utica, la publicaci\u00f3 cient\u00edfica\u00a0que edita el\u00a0Col\u00b7legi de Farmac\u00e8utics de Barcelona.","breadcrumb":{"@id":"https:\/\/novaorg.cofb.net\/2024\/02\/21\/circular-farmaceutica-ja-disponible-ledicio-especial-pels-125-anys-del-cofb\/#breadcrumb"},"inLanguage":"es","potentialAction":[{"@type":"ReadAction","target":["https:\/\/novaorg.cofb.net\/2024\/02\/21\/circular-farmaceutica-ja-disponible-ledicio-especial-pels-125-anys-del-cofb\/"]}]},{"@type":"ImageObject","inLanguage":"es","@id":"https:\/\/novaorg.cofb.net\/2024\/02\/21\/circular-farmaceutica-ja-disponible-ledicio-especial-pels-125-anys-del-cofb\/#primaryimage","url":"https:\/\/www.cofb.org\/wp-content\/uploads\/2024\/04\/COFB_Circular81-3_DEF_portada_21022024_2-1.jpeg","contentUrl":"https:\/\/www.cofb.org\/wp-content\/uploads\/2024\/04\/COFB_Circular81-3_DEF_portada_21022024_2-1.jpeg","width":595,"height":838},{"@type":"BreadcrumbList","@id":"https:\/\/novaorg.cofb.net\/2024\/02\/21\/circular-farmaceutica-ja-disponible-ledicio-especial-pels-125-anys-del-cofb\/#breadcrumb","itemListElement":[{"@type":"ListItem","position":1,"name":"Inici","item":"https:\/\/novaorg.cofb.net\/"},{"@type":"ListItem","position":2,"name":"Circular Farmac\u00e8utica: Ja disponible l\u2019edici\u00f3 especial pels 125 anys del COFB"}]},{"@type":"WebSite","@id":"https:\/\/www.cofb.org\/#website","url":"https:\/\/www.cofb.org\/","name":"Col\u00b7legi de Farmac\u00e8utics de Barcelona","description":"","publisher":{"@id":"https:\/\/www.cofb.org\/#organization"},"potentialAction":[{"@type":"SearchAction","target":{"@type":"EntryPoint","urlTemplate":"https:\/\/www.cofb.org\/?s={search_term_string}"},"query-input":"required name=search_term_string"}],"inLanguage":"es"},{"@type":"Organization","@id":"https:\/\/www.cofb.org\/#organization","name":"Col\u00b7legi de Farmac\u00e8utics de Barcelona","url":"https:\/\/www.cofb.org\/","logo":{"@type":"ImageObject","inLanguage":"es","@id":"https:\/\/www.cofb.org\/#\/schema\/logo\/image\/","url":"https:\/\/www.cofb.org\/wp-content\/uploads\/2023\/11\/cropped-Logotip-COFB.png","contentUrl":"https:\/\/www.cofb.org\/wp-content\/uploads\/2023\/11\/cropped-Logotip-COFB.png","width":500,"height":105,"caption":"Col\u00b7legi de Farmac\u00e8utics de Barcelona"},"image":{"@id":"https:\/\/www.cofb.org\/#\/schema\/logo\/image\/"},"sameAs":["https:\/\/www.facebook.com\/farmaceuticsbcn\/","https:\/\/twitter.com\/farmaceuticsbcn","https:\/\/www.instagram.com\/farmaceuticsbcn\/","https:\/\/www.linkedin.com\/company\/farmaceuticsbcn\/"]},{"@type":"Person","@id":"https:\/\/www.cofb.org\/#\/schema\/person\/22ed7eea88da74b0fa4d3154ad87ffcb","name":"wpAdminCofbOrg","image":{"@type":"ImageObject","inLanguage":"es","@id":"https:\/\/www.cofb.org\/#\/schema\/person\/image\/","url":"https:\/\/secure.gravatar.com\/avatar\/1721b20b3b8ca882c3b56ec6c978c594fff670e40c0718e9190eaeeb76aae7d8?s=96&d=mm&r=g","contentUrl":"https:\/\/secure.gravatar.com\/avatar\/1721b20b3b8ca882c3b56ec6c978c594fff670e40c0718e9190eaeeb76aae7d8?s=96&d=mm&r=g","caption":"wpAdminCofbOrg"},"sameAs":["http:\/\/192.168.64.122\/wordpress"],"url":"https:\/\/www.cofb.org\/es\/author\/wpadmincofborg\/"}]}},"uagb_featured_image_src":{"full":["https:\/\/www.cofb.org\/wp-content\/uploads\/2024\/04\/COFB_Circular81-3_DEF_portada_21022024_2-1.jpeg",595,838,false],"thumbnail":["https:\/\/www.cofb.org\/wp-content\/uploads\/2024\/04\/COFB_Circular81-3_DEF_portada_21022024_2-1-150x150.jpeg",150,150,true],"medium":["https:\/\/www.cofb.org\/wp-content\/uploads\/2024\/04\/COFB_Circular81-3_DEF_portada_21022024_2-1-213x300.jpeg",213,300,true],"medium_large":["https:\/\/www.cofb.org\/wp-content\/uploads\/2024\/04\/COFB_Circular81-3_DEF_portada_21022024_2-1.jpeg",595,838,false],"large":["https:\/\/www.cofb.org\/wp-content\/uploads\/2024\/04\/COFB_Circular81-3_DEF_portada_21022024_2-1.jpeg",595,838,false],"1536x1536":["https:\/\/www.cofb.org\/wp-content\/uploads\/2024\/04\/COFB_Circular81-3_DEF_portada_21022024_2-1.jpeg",595,838,false],"2048x2048":["https:\/\/www.cofb.org\/wp-content\/uploads\/2024\/04\/COFB_Circular81-3_DEF_portada_21022024_2-1.jpeg",595,838,false],"trp-custom-language-flag":["https:\/\/www.cofb.org\/wp-content\/uploads\/2024\/04\/COFB_Circular81-3_DEF_portada_21022024_2-1-9x12.jpeg",9,12,true]},"uagb_author_info":{"display_name":"wpAdminCofbOrg","author_link":"https:\/\/www.cofb.org\/es\/author\/wpadmincofborg\/"},"uagb_comment_info":0,"uagb_excerpt":"Ja es pot accedir a un&nbsp;nou n\u00famero&nbsp;de la&nbsp;Circular Farmac\u00e8utica, la publicaci\u00f3 cient\u00edfica&nbsp;que edita el&nbsp;Col\u00b7legi de Farmac\u00e8utics de Barcelona&nbsp;i que recull articles elaborats per professionals sanitaris de reconegut prestigi per a donar a con\u00e8ixer les&nbsp;novetats terap\u00e8utiques, aix\u00ed com continguts relacionats amb l\u2019atenci\u00f3&nbsp;farmac\u00e8utica i la salut p\u00fablica.&nbsp; En aquesta nova edici\u00f3 especial [&hellip;]","_links":{"self":[{"href":"https:\/\/www.cofb.org\/es\/wp-json\/wp\/v2\/posts\/77793","targetHints":{"allow":["GET"]}}],"collection":[{"href":"https:\/\/www.cofb.org\/es\/wp-json\/wp\/v2\/posts"}],"about":[{"href":"https:\/\/www.cofb.org\/es\/wp-json\/wp\/v2\/types\/post"}],"author":[{"embeddable":true,"href":"https:\/\/www.cofb.org\/es\/wp-json\/wp\/v2\/users\/1"}],"replies":[{"embeddable":true,"href":"https:\/\/www.cofb.org\/es\/wp-json\/wp\/v2\/comments?post=77793"}],"version-history":[{"count":1,"href":"https:\/\/www.cofb.org\/es\/wp-json\/wp\/v2\/posts\/77793\/revisions"}],"predecessor-version":[{"id":77967,"href":"https:\/\/www.cofb.org\/es\/wp-json\/wp\/v2\/posts\/77793\/revisions\/77967"}],"wp:featuredmedia":[{"embeddable":true,"href":"https:\/\/www.cofb.org\/es\/wp-json\/wp\/v2\/media\/77966"}],"wp:attachment":[{"href":"https:\/\/www.cofb.org\/es\/wp-json\/wp\/v2\/media?parent=77793"}],"wp:term":[{"taxonomy":"category","embeddable":true,"href":"https:\/\/www.cofb.org\/es\/wp-json\/wp\/v2\/categories?post=77793"},{"taxonomy":"post_tag","embeddable":true,"href":"https:\/\/www.cofb.org\/es\/wp-json\/wp\/v2\/tags?post=77793"}],"curies":[{"name":"wp","href":"https:\/\/api.w.org\/{rel}","templated":true}]}}