{"id":77791,"date":"2024-02-28T03:07:00","date_gmt":"2024-02-28T01:07:00","guid":{"rendered":"https:\/\/blog.cofb.cat\/?p=68542"},"modified":"2024-02-28T03:07:00","modified_gmt":"2024-02-28T01:07:00","slug":"nova-edicio-del-taller-practic-plantilles-usos-i-recomanacions","status":"publish","type":"post","link":"https:\/\/www.cofb.org\/es\/2024\/02\/28\/nova-edicio-del-taller-practic-plantilles-usos-i-recomanacions\/","title":{"rendered":"Nueva edici\u00f3n del taller pr\u00e1ctico &quot;Plantillas: usos y recomendaciones&quot;"},"content":{"rendered":"<p>El d\u00eda 7 de febrero, en <strong>Col\u00b7legi de Farmac\u00e8utics de Barcelona (COFB)<\/strong>, se realiz\u00f3 la formaci\u00f3n <strong>&quot;Plantillas: usos y recomendaciones&quot;<\/strong> patrocinada por <a href=\"https:\/\/www.smouinsoles.com\/\" target=\"_blank\" rel=\"noreferrer noopener\">Smou Insoles<\/a>. La sesi\u00f3n fue impartida por <strong>Clara P\u00e9rez-Bonfils, <\/strong>farmac\u00e9utica y t\u00e9cnica ortop\u00e9dica, responsable de ortopedia de la Federaci\u00f3n Farmac\u00e9utica y CEO de Plantillas SMOU. La vocal de Ortopedia del COFB, <strong>Elena Palau, <\/strong>coordin\u00f3 la formaci\u00f3n dirigida a los farmac\u00e9uticos y farmac\u00e9uticas.<\/p>\n\n\n\n<figure class=\"wp-block-image size-large\"><a href=\"https:\/\/blog.cofb.cat\/wp-content\/uploads\/2024\/02\/COFB_PLANTILLES_16222024_1-scaled.jpg\" target=\"_blank\" rel=\"noopener\"><img decoding=\"async\" src=\"https:\/\/blog.cofb.cat\/wp-content\/uploads\/2024\/02\/COFB_PLANTILLES_16222024_1-1024x576.jpg\" alt=\"\" class=\"wp-image-68552\"\/><\/a><figcaption>La vocal de Ortopedia del COFB, Elena Palau y la farmac\u00e9utica, Clara P\u00e9rez-Bonfils.<\/figcaption><\/figure>\n\n\n\n<p>Los <strong>objetivos del curso<\/strong> fueron <strong>conocer <\/strong>los <strong>diferentes tipos de pie<\/strong> y las <strong>patolog\u00edas m\u00e1s frecuentes<\/strong> y reconocer cu\u00e1les son las <strong>plantillas m\u00e1s adecuadas<\/strong> para cada caso. La formaci\u00f3n se dividi\u00f3 en dos partes, una <strong>te\u00f3rica<\/strong> y una<strong> pr\u00e1ctica<\/strong>, donde los asistentes tuvieron la oportunidad de entrar en contacto con los productos.<\/p>\n\n\n\n<p>La vocal de Ortopedia del COFB empez\u00f3 la formaci\u00f3n afirmando que \u201ctodos saldremos de aqu\u00ed <strong>aprendiendo c\u00f3mo recomendar plantillas<\/strong> ante un caso que nos encontramos en la farmacia, sin tener que realizar fabricaciones a medida sino con una <strong>soluci\u00f3n est\u00e1ndar para todos<\/strong>\u201d.<\/p>\n\n\n\n<h2 class=\"wp-block-heading\"><strong>La importancia del pie en la farmacia<\/strong><\/h2>\n\n\n\n<p><strong>Clara P\u00e9rez-Bonfils<\/strong> inici\u00f3 la sesi\u00f3n hablando de la <strong>importancia que tiene la categor\u00eda del pie en la farmacia, <\/strong>ya que &quot;cuando te duelen los pies de verdad se convierte en un tema muy invalidante&quot;. Hoy en d\u00eda, hay un gran n\u00famero de patolog\u00edas que pueden afectar a los pies y, en la mayor\u00eda de los casos,<strong> la soluci\u00f3n est\u00e1 en la adaptaci\u00f3n del calzado y el uso de la plantilla m\u00e1s adecuada, <\/strong>seg\u00fan el tipo de afecciones y necesidades de cada persona. <\/p>\n\n\n\n<p>A continuaci\u00f3n, la farmac\u00e9utica explic\u00f3 los principales <strong>cuatro casos<\/strong> por los que es necesario disponer de plantillas en las farmacias. La primera causa es por <strong>dolor de pie<\/strong>; la segunda, cuando el cliente tiene un <strong>factor de riesgo<\/strong> que podr\u00eda desarrollar un dolor; la tercera, cuando la persona, con unos pies de estado normal, busca mayor comodidad y confort, esto normalmente tiene lugar cuando se hace uso de botas de trabajo o zapatos muy estrechos; y, la cuarta y \u00faltima causa, por la <strong>pr\u00e1ctica de deporte.<\/strong><\/p>\n\n\n\n<figure class=\"wp-block-image size-large\"><a href=\"https:\/\/blog.cofb.cat\/wp-content\/uploads\/2024\/02\/COFB_PLANTILLES_1622024_2.jpg\" target=\"_blank\" rel=\"noopener\"><img decoding=\"async\" src=\"https:\/\/blog.cofb.cat\/wp-content\/uploads\/2024\/02\/COFB_PLANTILLES_1622024_2-1024x576.jpg\" alt=\"\" class=\"wp-image-68553\"\/><\/a><figcaption>La farmac\u00e9utica, Clara P\u00e9rez-Bonfils, durante su presentaci\u00f3n.<\/figcaption><\/figure>\n\n\n\n<h2 class=\"wp-block-heading\"><strong>Recomendaciones y parte pr\u00e1ctica<\/strong><\/h2>\n\n\n\n<p>P\u00e9rez-Bonfils recomend\u00f3 a cualquier farmac\u00e9utico o farmac\u00e9utica que quiera ofrecer el servicio de ortopedia a su farmacia, que trate de generar un <strong>espacio bien definido para el cuidado del pie<\/strong> y poseer los elementos para poder <strong>dar la soluci\u00f3n que corresponde en cada situaci\u00f3n<\/strong>.<\/p>\n\n\n\n<p>Para terminar la jornada, los asistentes realizaron la <strong>parte pr\u00e1ctica<\/strong> de la formaci\u00f3n, donde se repartieron diferentes <strong>muestras de plantillas<\/strong> seg\u00fan la <strong>forma del pie<\/strong>, la <strong>pisada<\/strong>, el <strong>nivel de confort<\/strong> y los <strong>factores de riesgo<\/strong>. De esta forma, los farmac\u00e9uticos y farmac\u00e9uticas pudieron <strong>familiarizarse con el tipo de productos<\/strong> que los usuarios pueden solicitar en las farmacias.<\/p>\n\n\n\n<p class=\"has-text-align-right\"> <strong>Con el patrocinio de: <\/strong> <\/p>\n\n\n\n<div class=\"wp-block-image\"><figure class=\"alignright is-resized\"><a href=\"https:\/\/www.smouinsoles.com\/\" target=\"_blank\" rel=\"noopener\"><img decoding=\"async\" src=\"https:\/\/blog.cofb.cat\/wp-content\/uploads\/2023\/02\/SMOU-2022_transparent-150x120.png\" alt=\"Aquesta imatge t\u00e9 l'atribut alt buit; el seu nom \u00e9s SMOU-2022_transparent-150x120.png\" width=\"150\" height=\"120\"\/><\/a><\/figure><\/div>\n\n\n\n<p> <\/p>\n\n\n\n<p><\/p>\n\n\n\n<p><\/p>\n\n\n\n<p><\/p>\n\n\n\n<p><strong>Otras publicaciones de inter\u00e9s:<\/strong>  <\/p>\n\n\n\n<ul class=\"wp-block-list\"><li><a href=\"https:\/\/blog.cofb.cat\/blog\/2023\/10\/31\/el-cofb-inaugura-el-programa-de-formacio-continuada-2023-2024-transversal-a-tots-els-ambits-dexercici-i-adaptat-a-les-necessitats-dels-collegiats-des\/\" target=\"_blank\" rel=\"noreferrer noopener\">El COFB inaugura el Programa de Formaci\u00f3n Continua 2023-2024, transversal a todos los \u00e1mbitos de ejercicio y adaptado a las necesidades de los colegiados\/as (Octubre 2023)<\/a><\/li><li><a href=\"https:\/\/blog.cofb.cat\/blog\/2023\/03\/01\/plantilles-usos-i-recomanacions-taller-practic-al-cofb\/\" target=\"_blank\" rel=\"noreferrer noopener\">Plantillas: usos y recomendaciones. Taller pr\u00e1ctico en el COFB<\/a> <a href=\"https:\/\/blog.cofb.cat\/blog\/2023\/03\/01\/plantilles-usos-i-recomanacions-taller-practic-al-cofb\/\" target=\"_blank\" rel=\"noreferrer noopener\">(Febrero 2023) <\/a><\/li><li><a href=\"https:\/\/blog.cofb.cat\/blog\/2022\/04\/12\/la-cura-del-peu-en-lambit-de-loficina-de-farmacia\/\" target=\"_blank\" rel=\"noreferrer noopener\">El cuidado del pie en el \u00e1mbito de la oficina de farmacia<\/a> <a href=\"https:\/\/blog.cofb.cat\/blog\/2022\/04\/12\/la-cura-del-peu-en-lambit-de-loficina-de-farmacia\/\" target=\"_blank\" rel=\"noreferrer noopener\">(Abril 2022)<\/a><\/li><\/ul>\n\n\n\n<p><\/p>","protected":false},"excerpt":{"rendered":"<p>El d\u00eda 7 de febrero, en el Colegio de Farmac\u00e9uticos de Barcelona (COFB), se realiz\u00f3 la formaci\u00f3n &quot;Plantillas: usos y recomendaciones&quot; patrocinada por Smou Insoles. La sesi\u00f3n fue impartida por Clara P\u00e9rez-Bonfils, farmac\u00e9utica y t\u00e9cnica ortop\u00e9dica, responsable de ortopedia de la Federaci\u00f3n Farmac\u00e9utica y CEO de Plantillas SMOU. La vocal [\u2026]<\/p>","protected":false},"author":1,"featured_media":68554,"comment_status":"open","ping_status":"open","sticky":false,"template":"","format":"standard","meta":{"_uag_custom_page_level_css":"","site-sidebar-layout":"default","site-content-layout":"","ast-site-content-layout":"default","site-content-style":"default","site-sidebar-style":"default","ast-global-header-display":"","ast-banner-title-visibility":"","ast-main-header-display":"","ast-hfb-above-header-display":"","ast-hfb-below-header-display":"","ast-hfb-mobile-header-display":"","site-post-title":"","ast-breadcrumbs-content":"","ast-featured-img":"disabled","footer-sml-layout":"","theme-transparent-header-meta":"","adv-header-id-meta":"","stick-header-meta":"","header-above-stick-meta":"","header-main-stick-meta":"","header-below-stick-meta":"","astra-migrate-meta-layouts":"default","ast-page-background-enabled":"default","ast-page-background-meta":{"desktop":{"background-color":"var(--ast-global-color-4)","background-image":"","background-repeat":"repeat","background-position":"center center","background-size":"auto","background-attachment":"scroll","background-type":"","background-media":"","overlay-type":"","overlay-color":"","overlay-opacity":"","overlay-gradient":""},"tablet":{"background-color":"","background-image":"","background-repeat":"repeat","background-position":"center center","background-size":"auto","background-attachment":"scroll","background-type":"","background-media":"","overlay-type":"","overlay-color":"","overlay-opacity":"","overlay-gradient":""},"mobile":{"background-color":"","background-image":"","background-repeat":"repeat","background-position":"center center","background-size":"auto","background-attachment":"scroll","background-type":"","background-media":"","overlay-type":"","overlay-color":"","overlay-opacity":"","overlay-gradient":""}},"ast-content-background-meta":{"desktop":{"background-color":"var(--ast-global-color-5)","background-image":"","background-repeat":"repeat","background-position":"center center","background-size":"auto","background-attachment":"scroll","background-type":"","background-media":"","overlay-type":"","overlay-color":"","overlay-opacity":"","overlay-gradient":""},"tablet":{"background-color":"var(--ast-global-color-5)","background-image":"","background-repeat":"repeat","background-position":"center center","background-size":"auto","background-attachment":"scroll","background-type":"","background-media":"","overlay-type":"","overlay-color":"","overlay-opacity":"","overlay-gradient":""},"mobile":{"background-color":"var(--ast-global-color-5)","background-image":"","background-repeat":"repeat","background-position":"center center","background-size":"auto","background-attachment":"scroll","background-type":"","background-media":"","overlay-type":"","overlay-color":"","overlay-opacity":"","overlay-gradient":""}},"footnotes":""},"categories":[23,57],"tags":[18,19,100,101,53,68,69,70,76,103,104,105,106],"class_list":["post-77791","post","type-post","status-publish","format-standard","has-post-thumbnail","hentry","category-destacats","category-mon-collegial","tag-cofb","tag-collegi-de-farmaceutics-de-barcelona","tag-dolor","tag-esport","tag-farmaceutics","tag-farmacia","tag-farmacia-comunitaria","tag-formacio","tag-oficina-de-farmacia","tag-ortopedia","tag-patologies","tag-peus","tag-plantilles"],"yoast_head":"<!-- This site is optimized with the Yoast SEO plugin v22.4 - https:\/\/yoast.com\/wordpress\/plugins\/seo\/ -->\n<title>Nova edici\u00f3 del taller pr\u00e0ctic &quot;Plantilles: usos i recomanacions&quot; - Col\u00b7legi de Farmac\u00e8utics de Barcelona<\/title>\n<meta name=\"description\" content=\"El passat 7 de febrer va tenir lloc en el Col\u00b7legi de Farmac\u00e8utics de Barcelona (COFB) la formaci\u00f3 &quot;Plantilles: usos i recomanacions&quot;.\" \/>\n<meta name=\"robots\" content=\"index, follow, max-snippet:-1, max-image-preview:large, max-video-preview:-1\" \/>\n<link rel=\"canonical\" href=\"https:\/\/novaorg.cofb.net\/2024\/02\/28\/nova-edicio-del-taller-practic-plantilles-usos-i-recomanacions\/\" \/>\n<meta property=\"og:locale\" content=\"es_ES\" \/>\n<meta property=\"og:type\" content=\"article\" \/>\n<meta property=\"og:title\" content=\"Nova edici\u00f3 del taller pr\u00e0ctic &quot;Plantilles: usos i recomanacions&quot; - Col\u00b7legi de Farmac\u00e8utics de Barcelona\" \/>\n<meta property=\"og:description\" content=\"El passat 7 de febrer va tenir lloc en el Col\u00b7legi de Farmac\u00e8utics de Barcelona (COFB) la formaci\u00f3 &quot;Plantilles: usos i recomanacions&quot;.\" \/>\n<meta property=\"og:url\" content=\"https:\/\/novaorg.cofb.net\/2024\/02\/28\/nova-edicio-del-taller-practic-plantilles-usos-i-recomanacions\/\" \/>\n<meta property=\"og:site_name\" content=\"Col\u00b7legi de Farmac\u00e8utics de Barcelona\" \/>\n<meta property=\"article:publisher\" content=\"https:\/\/www.facebook.com\/farmaceuticsbcn\/\" \/>\n<meta property=\"article:published_time\" content=\"2024-02-28T01:07:00+00:00\" \/>\n<meta property=\"og:image\" content=\"https:\/\/novaorg.cofb.net\/wp-content\/uploads\/2023\/09\/Gener19.JPG.jpg\" \/>\n\t<meta property=\"og:image:width\" content=\"580\" \/>\n\t<meta property=\"og:image:height\" content=\"817\" \/>\n\t<meta property=\"og:image:type\" content=\"image\/jpeg\" \/>\n<meta name=\"author\" content=\"wpAdminCofbOrg\" \/>\n<meta name=\"twitter:card\" content=\"summary_large_image\" \/>\n<meta name=\"twitter:creator\" content=\"@farmaceuticsbcn\" \/>\n<meta name=\"twitter:site\" content=\"@farmaceuticsbcn\" \/>\n<meta name=\"twitter:label1\" content=\"Escrito por\" \/>\n\t<meta name=\"twitter:data1\" content=\"wpAdminCofbOrg\" \/>\n\t<meta name=\"twitter:label2\" content=\"Tiempo de lectura\" \/>\n\t<meta name=\"twitter:data2\" content=\"3 minutos\" \/>\n<script type=\"application\/ld+json\" class=\"yoast-schema-graph\">{\"@context\":\"https:\/\/schema.org\",\"@graph\":[{\"@type\":\"Article\",\"@id\":\"https:\/\/novaorg.cofb.net\/2024\/02\/28\/nova-edicio-del-taller-practic-plantilles-usos-i-recomanacions\/#article\",\"isPartOf\":{\"@id\":\"https:\/\/novaorg.cofb.net\/2024\/02\/28\/nova-edicio-del-taller-practic-plantilles-usos-i-recomanacions\/\"},\"author\":{\"name\":\"wpAdminCofbOrg\",\"@id\":\"https:\/\/www.cofb.org\/#\/schema\/person\/22ed7eea88da74b0fa4d3154ad87ffcb\"},\"headline\":\"Nova edici\u00f3 del taller pr\u00e0ctic &#8220;Plantilles: usos i recomanacions&#8221;\",\"datePublished\":\"2024-02-28T01:07:00+00:00\",\"dateModified\":\"2024-02-28T01:07:00+00:00\",\"mainEntityOfPage\":{\"@id\":\"https:\/\/novaorg.cofb.net\/2024\/02\/28\/nova-edicio-del-taller-practic-plantilles-usos-i-recomanacions\/\"},\"wordCount\":594,\"commentCount\":0,\"publisher\":{\"@id\":\"https:\/\/www.cofb.org\/#organization\"},\"image\":{\"@id\":\"https:\/\/novaorg.cofb.net\/2024\/02\/28\/nova-edicio-del-taller-practic-plantilles-usos-i-recomanacions\/#primaryimage\"},\"thumbnailUrl\":\"https:\/\/www.cofb.org\/wp-content\/uploads\/2023\/09\/Gener19.JPG.jpg\",\"keywords\":[\"COFB\",\"Col\u00b7legi de Farmac\u00e8utics de Barcelona\",\"dolor\",\"esport\",\"farmac\u00e8utics\",\"Farm\u00e0cia\",\"farm\u00e0cia comunit\u00e0ria\",\"Formaci\u00f3\",\"Oficina de farm\u00e0cia\",\"Ortop\u00e8dia\",\"patologies\",\"peus\",\"plantilles\"],\"articleSection\":[\"Destacats\",\"M\u00f3n col\u00b7legial\"],\"inLanguage\":\"es\",\"potentialAction\":[{\"@type\":\"CommentAction\",\"name\":\"Comment\",\"target\":[\"https:\/\/novaorg.cofb.net\/2024\/02\/28\/nova-edicio-del-taller-practic-plantilles-usos-i-recomanacions\/#respond\"]}]},{\"@type\":\"WebPage\",\"@id\":\"https:\/\/novaorg.cofb.net\/2024\/02\/28\/nova-edicio-del-taller-practic-plantilles-usos-i-recomanacions\/\",\"url\":\"https:\/\/novaorg.cofb.net\/2024\/02\/28\/nova-edicio-del-taller-practic-plantilles-usos-i-recomanacions\/\",\"name\":\"Nova edici\u00f3 del taller pr\u00e0ctic \\\"Plantilles: usos i recomanacions\\\" - Col\u00b7legi de Farmac\u00e8utics de Barcelona\",\"isPartOf\":{\"@id\":\"https:\/\/www.cofb.org\/#website\"},\"primaryImageOfPage\":{\"@id\":\"https:\/\/novaorg.cofb.net\/2024\/02\/28\/nova-edicio-del-taller-practic-plantilles-usos-i-recomanacions\/#primaryimage\"},\"image\":{\"@id\":\"https:\/\/novaorg.cofb.net\/2024\/02\/28\/nova-edicio-del-taller-practic-plantilles-usos-i-recomanacions\/#primaryimage\"},\"thumbnailUrl\":\"https:\/\/www.cofb.org\/wp-content\/uploads\/2023\/09\/Gener19.JPG.jpg\",\"datePublished\":\"2024-02-28T01:07:00+00:00\",\"dateModified\":\"2024-02-28T01:07:00+00:00\",\"description\":\"El passat 7 de febrer va tenir lloc en el Col\u00b7legi de Farmac\u00e8utics de Barcelona (COFB) la formaci\u00f3 \\\"Plantilles: usos i recomanacions\\\".\",\"breadcrumb\":{\"@id\":\"https:\/\/novaorg.cofb.net\/2024\/02\/28\/nova-edicio-del-taller-practic-plantilles-usos-i-recomanacions\/#breadcrumb\"},\"inLanguage\":\"es\",\"potentialAction\":[{\"@type\":\"ReadAction\",\"target\":[\"https:\/\/novaorg.cofb.net\/2024\/02\/28\/nova-edicio-del-taller-practic-plantilles-usos-i-recomanacions\/\"]}]},{\"@type\":\"ImageObject\",\"inLanguage\":\"es\",\"@id\":\"https:\/\/novaorg.cofb.net\/2024\/02\/28\/nova-edicio-del-taller-practic-plantilles-usos-i-recomanacions\/#primaryimage\",\"url\":\"https:\/\/www.cofb.org\/wp-content\/uploads\/2023\/09\/Gener19.JPG.jpg\",\"contentUrl\":\"https:\/\/www.cofb.org\/wp-content\/uploads\/2023\/09\/Gener19.JPG.jpg\",\"width\":580,\"height\":817},{\"@type\":\"BreadcrumbList\",\"@id\":\"https:\/\/novaorg.cofb.net\/2024\/02\/28\/nova-edicio-del-taller-practic-plantilles-usos-i-recomanacions\/#breadcrumb\",\"itemListElement\":[{\"@type\":\"ListItem\",\"position\":1,\"name\":\"Inici\",\"item\":\"https:\/\/novaorg.cofb.net\/\"},{\"@type\":\"ListItem\",\"position\":2,\"name\":\"Nova edici\u00f3 del taller pr\u00e0ctic &#8220;Plantilles: usos i recomanacions&#8221;\"}]},{\"@type\":\"WebSite\",\"@id\":\"https:\/\/www.cofb.org\/#website\",\"url\":\"https:\/\/www.cofb.org\/\",\"name\":\"Col\u00b7legi de Farmac\u00e8utics de Barcelona\",\"description\":\"\",\"publisher\":{\"@id\":\"https:\/\/www.cofb.org\/#organization\"},\"potentialAction\":[{\"@type\":\"SearchAction\",\"target\":{\"@type\":\"EntryPoint\",\"urlTemplate\":\"https:\/\/www.cofb.org\/?s={search_term_string}\"},\"query-input\":\"required name=search_term_string\"}],\"inLanguage\":\"es\"},{\"@type\":\"Organization\",\"@id\":\"https:\/\/www.cofb.org\/#organization\",\"name\":\"Col\u00b7legi de Farmac\u00e8utics de Barcelona\",\"url\":\"https:\/\/www.cofb.org\/\",\"logo\":{\"@type\":\"ImageObject\",\"inLanguage\":\"es\",\"@id\":\"https:\/\/www.cofb.org\/#\/schema\/logo\/image\/\",\"url\":\"https:\/\/www.cofb.org\/wp-content\/uploads\/2023\/11\/cropped-Logotip-COFB.png\",\"contentUrl\":\"https:\/\/www.cofb.org\/wp-content\/uploads\/2023\/11\/cropped-Logotip-COFB.png\",\"width\":500,\"height\":105,\"caption\":\"Col\u00b7legi de Farmac\u00e8utics de Barcelona\"},\"image\":{\"@id\":\"https:\/\/www.cofb.org\/#\/schema\/logo\/image\/\"},\"sameAs\":[\"https:\/\/www.facebook.com\/farmaceuticsbcn\/\",\"https:\/\/twitter.com\/farmaceuticsbcn\",\"https:\/\/www.instagram.com\/farmaceuticsbcn\/\",\"https:\/\/www.linkedin.com\/company\/farmaceuticsbcn\/\"]},{\"@type\":\"Person\",\"@id\":\"https:\/\/www.cofb.org\/#\/schema\/person\/22ed7eea88da74b0fa4d3154ad87ffcb\",\"name\":\"wpAdminCofbOrg\",\"image\":{\"@type\":\"ImageObject\",\"inLanguage\":\"es\",\"@id\":\"https:\/\/www.cofb.org\/#\/schema\/person\/image\/\",\"url\":\"https:\/\/secure.gravatar.com\/avatar\/1721b20b3b8ca882c3b56ec6c978c594fff670e40c0718e9190eaeeb76aae7d8?s=96&d=mm&r=g\",\"contentUrl\":\"https:\/\/secure.gravatar.com\/avatar\/1721b20b3b8ca882c3b56ec6c978c594fff670e40c0718e9190eaeeb76aae7d8?s=96&d=mm&r=g\",\"caption\":\"wpAdminCofbOrg\"},\"sameAs\":[\"http:\/\/192.168.64.122\/wordpress\"],\"url\":\"https:\/\/www.cofb.org\/es\/author\/wpadmincofborg\/\"}]}<\/script>\n<!-- \/ Yoast SEO plugin. -->","yoast_head_json":{"title":"Nova edici\u00f3 del taller pr\u00e0ctic \"Plantilles: usos i recomanacions\" - Col\u00b7legi de Farmac\u00e8utics de Barcelona","description":"El passat 7 de febrer va tenir lloc en el Col\u00b7legi de Farmac\u00e8utics de Barcelona (COFB) la formaci\u00f3 \"Plantilles: usos i recomanacions\".","robots":{"index":"index","follow":"follow","max-snippet":"max-snippet:-1","max-image-preview":"max-image-preview:large","max-video-preview":"max-video-preview:-1"},"canonical":"https:\/\/novaorg.cofb.net\/2024\/02\/28\/nova-edicio-del-taller-practic-plantilles-usos-i-recomanacions\/","og_locale":"es_ES","og_type":"article","og_title":"Nova edici\u00f3 del taller pr\u00e0ctic \"Plantilles: usos i recomanacions\" - Col\u00b7legi de Farmac\u00e8utics de Barcelona","og_description":"El passat 7 de febrer va tenir lloc en el Col\u00b7legi de Farmac\u00e8utics de Barcelona (COFB) la formaci\u00f3 \"Plantilles: usos i recomanacions\".","og_url":"https:\/\/novaorg.cofb.net\/2024\/02\/28\/nova-edicio-del-taller-practic-plantilles-usos-i-recomanacions\/","og_site_name":"Col\u00b7legi de Farmac\u00e8utics de Barcelona","article_publisher":"https:\/\/www.facebook.com\/farmaceuticsbcn\/","article_published_time":"2024-02-28T01:07:00+00:00","og_image":[{"width":580,"height":817,"url":"https:\/\/novaorg.cofb.net\/wp-content\/uploads\/2023\/09\/Gener19.JPG.jpg","type":"image\/jpeg"}],"author":"wpAdminCofbOrg","twitter_card":"summary_large_image","twitter_creator":"@farmaceuticsbcn","twitter_site":"@farmaceuticsbcn","twitter_misc":{"Escrito por":"wpAdminCofbOrg","Tiempo de lectura":"3 minutos"},"schema":{"@context":"https:\/\/schema.org","@graph":[{"@type":"Article","@id":"https:\/\/novaorg.cofb.net\/2024\/02\/28\/nova-edicio-del-taller-practic-plantilles-usos-i-recomanacions\/#article","isPartOf":{"@id":"https:\/\/novaorg.cofb.net\/2024\/02\/28\/nova-edicio-del-taller-practic-plantilles-usos-i-recomanacions\/"},"author":{"name":"wpAdminCofbOrg","@id":"https:\/\/www.cofb.org\/#\/schema\/person\/22ed7eea88da74b0fa4d3154ad87ffcb"},"headline":"Nova edici\u00f3 del taller pr\u00e0ctic &#8220;Plantilles: usos i recomanacions&#8221;","datePublished":"2024-02-28T01:07:00+00:00","dateModified":"2024-02-28T01:07:00+00:00","mainEntityOfPage":{"@id":"https:\/\/novaorg.cofb.net\/2024\/02\/28\/nova-edicio-del-taller-practic-plantilles-usos-i-recomanacions\/"},"wordCount":594,"commentCount":0,"publisher":{"@id":"https:\/\/www.cofb.org\/#organization"},"image":{"@id":"https:\/\/novaorg.cofb.net\/2024\/02\/28\/nova-edicio-del-taller-practic-plantilles-usos-i-recomanacions\/#primaryimage"},"thumbnailUrl":"https:\/\/www.cofb.org\/wp-content\/uploads\/2023\/09\/Gener19.JPG.jpg","keywords":["COFB","Col\u00b7legi de Farmac\u00e8utics de Barcelona","dolor","esport","farmac\u00e8utics","Farm\u00e0cia","farm\u00e0cia comunit\u00e0ria","Formaci\u00f3","Oficina de farm\u00e0cia","Ortop\u00e8dia","patologies","peus","plantilles"],"articleSection":["Destacats","M\u00f3n col\u00b7legial"],"inLanguage":"es","potentialAction":[{"@type":"CommentAction","name":"Comment","target":["https:\/\/novaorg.cofb.net\/2024\/02\/28\/nova-edicio-del-taller-practic-plantilles-usos-i-recomanacions\/#respond"]}]},{"@type":"WebPage","@id":"https:\/\/novaorg.cofb.net\/2024\/02\/28\/nova-edicio-del-taller-practic-plantilles-usos-i-recomanacions\/","url":"https:\/\/novaorg.cofb.net\/2024\/02\/28\/nova-edicio-del-taller-practic-plantilles-usos-i-recomanacions\/","name":"Nova edici\u00f3 del taller pr\u00e0ctic \"Plantilles: usos i recomanacions\" - Col\u00b7legi de Farmac\u00e8utics de Barcelona","isPartOf":{"@id":"https:\/\/www.cofb.org\/#website"},"primaryImageOfPage":{"@id":"https:\/\/novaorg.cofb.net\/2024\/02\/28\/nova-edicio-del-taller-practic-plantilles-usos-i-recomanacions\/#primaryimage"},"image":{"@id":"https:\/\/novaorg.cofb.net\/2024\/02\/28\/nova-edicio-del-taller-practic-plantilles-usos-i-recomanacions\/#primaryimage"},"thumbnailUrl":"https:\/\/www.cofb.org\/wp-content\/uploads\/2023\/09\/Gener19.JPG.jpg","datePublished":"2024-02-28T01:07:00+00:00","dateModified":"2024-02-28T01:07:00+00:00","description":"El passat 7 de febrer va tenir lloc en el Col\u00b7legi de Farmac\u00e8utics de Barcelona (COFB) la formaci\u00f3 \"Plantilles: usos i recomanacions\".","breadcrumb":{"@id":"https:\/\/novaorg.cofb.net\/2024\/02\/28\/nova-edicio-del-taller-practic-plantilles-usos-i-recomanacions\/#breadcrumb"},"inLanguage":"es","potentialAction":[{"@type":"ReadAction","target":["https:\/\/novaorg.cofb.net\/2024\/02\/28\/nova-edicio-del-taller-practic-plantilles-usos-i-recomanacions\/"]}]},{"@type":"ImageObject","inLanguage":"es","@id":"https:\/\/novaorg.cofb.net\/2024\/02\/28\/nova-edicio-del-taller-practic-plantilles-usos-i-recomanacions\/#primaryimage","url":"https:\/\/www.cofb.org\/wp-content\/uploads\/2023\/09\/Gener19.JPG.jpg","contentUrl":"https:\/\/www.cofb.org\/wp-content\/uploads\/2023\/09\/Gener19.JPG.jpg","width":580,"height":817},{"@type":"BreadcrumbList","@id":"https:\/\/novaorg.cofb.net\/2024\/02\/28\/nova-edicio-del-taller-practic-plantilles-usos-i-recomanacions\/#breadcrumb","itemListElement":[{"@type":"ListItem","position":1,"name":"Inici","item":"https:\/\/novaorg.cofb.net\/"},{"@type":"ListItem","position":2,"name":"Nova edici\u00f3 del taller pr\u00e0ctic &#8220;Plantilles: usos i recomanacions&#8221;"}]},{"@type":"WebSite","@id":"https:\/\/www.cofb.org\/#website","url":"https:\/\/www.cofb.org\/","name":"Col\u00b7legi de Farmac\u00e8utics de Barcelona","description":"","publisher":{"@id":"https:\/\/www.cofb.org\/#organization"},"potentialAction":[{"@type":"SearchAction","target":{"@type":"EntryPoint","urlTemplate":"https:\/\/www.cofb.org\/?s={search_term_string}"},"query-input":"required name=search_term_string"}],"inLanguage":"es"},{"@type":"Organization","@id":"https:\/\/www.cofb.org\/#organization","name":"Col\u00b7legi de Farmac\u00e8utics de Barcelona","url":"https:\/\/www.cofb.org\/","logo":{"@type":"ImageObject","inLanguage":"es","@id":"https:\/\/www.cofb.org\/#\/schema\/logo\/image\/","url":"https:\/\/www.cofb.org\/wp-content\/uploads\/2023\/11\/cropped-Logotip-COFB.png","contentUrl":"https:\/\/www.cofb.org\/wp-content\/uploads\/2023\/11\/cropped-Logotip-COFB.png","width":500,"height":105,"caption":"Col\u00b7legi de Farmac\u00e8utics de Barcelona"},"image":{"@id":"https:\/\/www.cofb.org\/#\/schema\/logo\/image\/"},"sameAs":["https:\/\/www.facebook.com\/farmaceuticsbcn\/","https:\/\/twitter.com\/farmaceuticsbcn","https:\/\/www.instagram.com\/farmaceuticsbcn\/","https:\/\/www.linkedin.com\/company\/farmaceuticsbcn\/"]},{"@type":"Person","@id":"https:\/\/www.cofb.org\/#\/schema\/person\/22ed7eea88da74b0fa4d3154ad87ffcb","name":"wpAdminCofbOrg","image":{"@type":"ImageObject","inLanguage":"es","@id":"https:\/\/www.cofb.org\/#\/schema\/person\/image\/","url":"https:\/\/secure.gravatar.com\/avatar\/1721b20b3b8ca882c3b56ec6c978c594fff670e40c0718e9190eaeeb76aae7d8?s=96&d=mm&r=g","contentUrl":"https:\/\/secure.gravatar.com\/avatar\/1721b20b3b8ca882c3b56ec6c978c594fff670e40c0718e9190eaeeb76aae7d8?s=96&d=mm&r=g","caption":"wpAdminCofbOrg"},"sameAs":["http:\/\/192.168.64.122\/wordpress"],"url":"https:\/\/www.cofb.org\/es\/author\/wpadmincofborg\/"}]}},"uagb_featured_image_src":{"full":["https:\/\/www.cofb.org\/wp-content\/uploads\/2023\/09\/Gener19.JPG.jpg",580,817,false],"thumbnail":["https:\/\/www.cofb.org\/wp-content\/uploads\/2023\/09\/Gener19.JPG-150x150.jpg",150,150,true],"medium":["https:\/\/www.cofb.org\/wp-content\/uploads\/2023\/09\/Gener19.JPG-213x300.jpg",213,300,true],"medium_large":["https:\/\/www.cofb.org\/wp-content\/uploads\/2023\/09\/Gener19.JPG.jpg",580,817,false],"large":["https:\/\/www.cofb.org\/wp-content\/uploads\/2023\/09\/Gener19.JPG.jpg",580,817,false],"1536x1536":["https:\/\/www.cofb.org\/wp-content\/uploads\/2023\/09\/Gener19.JPG.jpg",580,817,false],"2048x2048":["https:\/\/www.cofb.org\/wp-content\/uploads\/2023\/09\/Gener19.JPG.jpg",580,817,false],"trp-custom-language-flag":["https:\/\/www.cofb.org\/wp-content\/uploads\/2023\/09\/Gener19.JPG-9x12.jpg",9,12,true]},"uagb_author_info":{"display_name":"wpAdminCofbOrg","author_link":"https:\/\/www.cofb.org\/es\/author\/wpadmincofborg\/"},"uagb_comment_info":0,"uagb_excerpt":"El dia 7 de febrer, al Col\u00b7legi de Farmac\u00e8utics de Barcelona (COFB), es va realitzar la formaci\u00f3 \u201cPlantilles: usos i recomanacions\u201d patrocinada per Smou Insoles. La sessi\u00f3 va ser impartida per Clara P\u00e9rez-Bonfils, farmac\u00e8utica i t\u00e8cnica ortop\u00e8dica, responsable d\u2019ortop\u00e8dia de la Federaci\u00f3 Farmac\u00e8utica i CEO de Plantilles SMOU. La vocal [&hellip;]","_links":{"self":[{"href":"https:\/\/www.cofb.org\/es\/wp-json\/wp\/v2\/posts\/77791","targetHints":{"allow":["GET"]}}],"collection":[{"href":"https:\/\/www.cofb.org\/es\/wp-json\/wp\/v2\/posts"}],"about":[{"href":"https:\/\/www.cofb.org\/es\/wp-json\/wp\/v2\/types\/post"}],"author":[{"embeddable":true,"href":"https:\/\/www.cofb.org\/es\/wp-json\/wp\/v2\/users\/1"}],"replies":[{"embeddable":true,"href":"https:\/\/www.cofb.org\/es\/wp-json\/wp\/v2\/comments?post=77791"}],"version-history":[{"count":0,"href":"https:\/\/www.cofb.org\/es\/wp-json\/wp\/v2\/posts\/77791\/revisions"}],"wp:featuredmedia":[{"embeddable":true,"href":"https:\/\/www.cofb.org\/es\/wp-json\/wp\/v2\/media\/68554"}],"wp:attachment":[{"href":"https:\/\/www.cofb.org\/es\/wp-json\/wp\/v2\/media?parent=77791"}],"wp:term":[{"taxonomy":"category","embeddable":true,"href":"https:\/\/www.cofb.org\/es\/wp-json\/wp\/v2\/categories?post=77791"},{"taxonomy":"post_tag","embeddable":true,"href":"https:\/\/www.cofb.org\/es\/wp-json\/wp\/v2\/tags?post=77791"}],"curies":[{"name":"wp","href":"https:\/\/api.w.org\/{rel}","templated":true}]}}