{"id":77789,"date":"2024-02-15T14:42:54","date_gmt":"2024-02-15T12:42:54","guid":{"rendered":"https:\/\/blog.cofb.cat\/?p=68510"},"modified":"2025-02-04T13:33:54","modified_gmt":"2025-02-04T13:33:54","slug":"bakuchiol-vs-retinol-aprofundint-en-les-seves-caracteristiques-i-indicacions-en-una-nova-edicio-del-forum-dermoexpert","status":"publish","type":"post","link":"https:\/\/www.cofb.org\/es\/2024\/02\/15\/bakuchiol-vs-retinol-aprofundint-en-les-seves-caracteristiques-i-indicacions-en-una-nova-edicio-del-forum-dermoexpert\/","title":{"rendered":"Bakuchiol vs Retinol: profundizando en sus caracter\u00edsticas e indicaciones en una nueva edici\u00f3n del Forum Dermoexpert"},"content":{"rendered":"<p>El pasado 1 de febrero, el <strong>Col\u00b7legi de Farmac\u00e8utics de Barcelona (COFB)<\/strong> organiz\u00f3 un nuevo <strong>Foro Dermoexpert <\/strong>bajo el t\u00edtulo<strong> &quot;Bakuchiol vs Retinol&quot;<\/strong>, con el patrocinio de <a href=\"https:\/\/thelabphilosophy.es\/\" target=\"_blank\" rel=\"noreferrer noopener\">THE LAB<\/a>. La formaci\u00f3n fue impartida por <strong>Blanca L\u00e1cer<\/strong>, farmac\u00e9utica, vocal de Dermofarmacia y Formulaci\u00f3n Magistral del Colegio Oficial de Farmac\u00e9uticos de Alicante (COFA), profesora del M\u00e1ster de Dermofarmacia y Cosm\u00e9tica UMH y del M\u00e1ster de Dermofarmacia y Formulaci\u00f3n Magistral AMIR y fundadora y CEO de THE LAB. La vocal de Dermofarmacia y Productos Sanitarios del COFB, <strong>Marta Alcalde<\/strong>, coordin\u00f3 la sesi\u00f3n.<\/p>\n\n\n\n<figure class=\"wp-block-image size-large\"><a href=\"https:\/\/blog.cofb.cat\/wp-content\/uploads\/2024\/02\/COFB_Retinol-vs-Bakuchiol_02022024_1-scaled.jpg\" target=\"_blank\" rel=\"noopener\"><img decoding=\"async\" src=\"https:\/\/blog.cofb.cat\/wp-content\/uploads\/2024\/02\/COFB_Retinol-vs-Bakuchiol_02022024_1-1024x576.jpg\" alt=\"\" class=\"wp-image-68511\"\/><\/a><\/figure>\n\n\n\n<p>Los <strong>objetivos<\/strong> del <strong>Foro Dermoexpert<\/strong> fueron repasar el <strong>proceso de envejecimiento de la piel<\/strong>, profundizar en el <strong>retinol<\/strong> y el <strong>bakuchiol<\/strong>, conocer los <strong>protocolos de recomendaci\u00f3n de productos dermofarmac\u00e9uticos antienvejecimiento<\/strong>ti saber <strong>c\u00f3mo introducir el bakuchiol en rutinas cosm\u00e9ticas<\/strong>.<\/p>\n\n\n\n<p>\u201c<strong>El retinol y el bakuchiol son dos activos muy potentes<\/strong> que, \u00faltimamente, est\u00e1n mucho en la palestra. En cuanto al <strong>retinol<\/strong>, todo el mundo sabe que <strong>es el activo antiedad por excelencia<\/strong>, cuenta con muchos <strong>estudios de eficacia <\/strong>y da muchos <strong>buenos resultados<\/strong>. A veces, no todo el mundo puede utilizarlo, por eso surge el bakuchiol\u201d, explic\u00f3 la vocal de Dermofarmacia y Productos Sanitarios del Colegio, <strong>Marta Alcalde<\/strong>, durante la presentaci\u00f3n del Foro Dermoexpert.<\/p>\n\n\n\n<figure class=\"wp-block-image size-large\"><a href=\"https:\/\/blog.cofb.cat\/wp-content\/uploads\/2024\/02\/COFB_Retinol-vs-Bakuchiol_02022024_2.jpg\" target=\"_blank\" rel=\"noopener\"><img decoding=\"async\" src=\"https:\/\/blog.cofb.cat\/wp-content\/uploads\/2024\/02\/COFB_Retinol-vs-Bakuchiol_02022024_2-1024x657.jpg\" alt=\"La vocal de Dermofarm\u00e0cia i Productes Sanitaris del COFB, Marta Alcalde, juntament amb la vocal de Dermofarm\u00e0cia i Formulaci\u00f3 Magistral del COFA, Blanca Ll\u00e1cer, durant el F\u00f2rum Dermoexpert.\" class=\"wp-image-68512\" title=\"La vocal de Dermofarmacia y Productos Sanitarios del COFB, Marta Alcalde, junto con la vocal de Dermofarmacia y Formulaci\u00f3n Magistral del COFA, Blanca Ll\u00e1cer, durante el Foro Dermoexpert.\"\/><\/a><figcaption>La vocal de Dermofarmacia y Productos Sanitarios del COFB, Marta Alcalde, junto con la vocal de Dermofarmacia y Formulaci\u00f3n Magistral del COFA, Blanca Ll\u00e1cer, durante el Foro Dermoexpert.<\/figcaption><\/figure>\n\n\n\n<p>Para empezar la conferencia, la farmac\u00e9utica comunitaria, <strong>Blanca L\u00e1cer<\/strong>, abord\u00f3 el envejecimiento <strong>cut\u00e1neo<\/strong>. Para ello, aclar\u00f3 que <strong>la gen\u00e9tica influye un 20% en el envejecimiento<\/strong> de la piel y que el <strong>80% restante<\/strong> se debe a <strong>la exposoma<\/strong>, es decir, a \u201ctodos aquellos <strong>factores externos que influyen en la aceleraci\u00f3n de nuestro soma<\/strong>\u201d. Aparte, hizo referencia a un <strong>otro factor<\/strong>, el <strong>microbioma o dermobioma cut\u00e1neo<\/strong>, que seg\u00fan coment\u00f3 &quot;cada d\u00eda hay m\u00e1s evidencia cient\u00edfica que tambi\u00e9n influye en el envejecimiento de la piel&quot;.<\/p>\n\n\n\n<p>\u201cEn la piel se producen una serie de <strong>cambios morfol\u00f3gicos y funcionales<\/strong>, que hacen que <strong>vaya cambiando fisiol\u00f3gicamente\u201d<\/strong>, expuso, se trata de modificaciones que se producen en <strong>la epidermis<\/strong>, la <strong>dermis y la hipodermis. <\/strong>En relaci\u00f3n con <strong>la exposoma<\/strong>, la vocal de Dermofarmacia y Formulaci\u00f3n Magistral del COFA asegur\u00f3 que influyen tanto los <strong>factores ambientales<\/strong> (la radiaci\u00f3n solar, el clima y la contaminaci\u00f3n) c\u00f3mo <strong>el estilo de vida<\/strong> (el tabaco, la nutrici\u00f3n, la falta de sue\u00f1o, el estr\u00e9s y las rutinas cosm\u00e9ticas).<\/p>\n\n\n\n<h2 class=\"wp-block-heading\"><strong>Retinol vs Bakuchiol<\/strong><\/h2>\n\n\n\n<p>Seguidamente, Ll\u00e1cer se centr\u00f3 en \u201cambas <strong>soluciones que tenemos en nuestras manos para frenar o disminuir el envejecimiento de la piel\u201d<\/strong>. Por un lado, habl\u00f3 del <strong>retinol<\/strong>, \u201c<strong>un activo que tiene la m\u00e1xima evidencia cient\u00edfica por su efecto antiedad<\/strong>\u201d. Se trata de un derivado de la <strong>vitamina A<\/strong>; una vitamina que \u201ces totalmente <strong>necesaria para el desarrollo y buen estado de muchas partes de nuestro organismo<\/strong> como la piel, las mucosas, los huesos o el sistema ocular\u201d.&nbsp;<\/p>\n\n\n\n<figure class=\"wp-block-image size-large\"><a href=\"https:\/\/blog.cofb.cat\/wp-content\/uploads\/2024\/02\/COFB_Retinol-vs-Bakuchiol_02022024_3.jpg\" target=\"_blank\" rel=\"noopener\"><img decoding=\"async\" src=\"https:\/\/blog.cofb.cat\/wp-content\/uploads\/2024\/02\/COFB_Retinol-vs-Bakuchiol_02022024_3-1024x576.jpg\" alt=\"Blanca Ll\u00e1cer en un moment de la seva exposici\u00f3 sobre el retinol i el bakuchiol. \" class=\"wp-image-68513\" title=\" Blanca Ll\u00e1cer en un momento de su exposici\u00f3n sobre el retinol y el bakuchiol. \"\/><\/a><figcaption> Blanca Ll\u00e1cer en un momento de su exposici\u00f3n sobre el retinol y el bakuchiol. <\/figcaption><\/figure>\n\n\n\n<p>Seg\u00fan detall\u00f3, el retinol tiene <strong>evidencia cient\u00edfica<\/strong> en la <strong>renovaci\u00f3n celular<\/strong>, <strong>la estimulaci\u00f3n de la s\u00edntesis de col\u00e1geno y elastina,<\/strong> que comporta una disminuci\u00f3n de las l\u00edneas de expresi\u00f3n, en <strong>el alisamiento<\/strong> y <strong>unificaci\u00f3n de la piel<\/strong>, la <strong>disminuci\u00f3n del estr\u00e9s oxidativo<\/strong> <strong>y de la s\u00edntesis de melanina<\/strong> y tambi\u00e9n como <strong>antioxidante<\/strong>, <strong>antiinflamatorio<\/strong> y <strong>inmunomodulador<\/strong>. En cuanto a las <strong>indicaciones <\/strong>de este activo, Ll\u00e1cer especific\u00f3 que se recomienda para la <strong>renovaci\u00f3<\/strong> y <strong>transformaci\u00f3n de la piel<\/strong>, las <strong>arrugas<\/strong>, la <strong>flacidez<\/strong>, el <strong>melasma<\/strong>, <strong>la hiperpigmentaci\u00f3n postinflamatoria<\/strong> y <strong>el acn\u00e9<\/strong>. Ahora bien, a pesar de sus propiedades, \u201c<strong>el retinol tiene efectos secundarios y adversos\u201d <\/strong>como la dermatitis por retinoides y puede generar sequedad, escamaci\u00f3n, irritaci\u00f3n, fotosensibilidad, entre otros. \u201cSi nosotros los farmac\u00e9uticos\/as, como profesionales sanitarios, valoramos que el paciente puede utilizar retinol, habr\u00e1 que hacer una <strong>pauta de retinizaci\u00f3n<\/strong>\u201d y puso \u00e9nfasis en la <strong>importancia de aplicar un protocolo<\/strong> en la rutina cosm\u00e9tica.<\/p>\n\n\n\n<p>Por otra parte, la farmac\u00e9utica comunitaria abord\u00f3 el <strong>bakuchiol<\/strong> que es \u201cun extracto, que se obtiene de una semilla de babchi (psoralea corylifolia), de uso muy frecuente en Asia por sus <strong>efectos antioxidantes, antiinflamatorios, por el control del microbioma y la reducci\u00f3n de las arrugas<\/strong>\u201d. Tambi\u00e9n mostr\u00f3 varios estudios con evidencia cient\u00edfica, que confirman que <strong>ambos activos disminuyen significativamente las arrugas y la hiperpigmentaci\u00f3n y se detecta presencia de mayor descamaci\u00f3n, sequedad e irritaci\u00f3n en retinol<\/strong>. <strong>&quot;Podemos afirmar que los efectos adversos del bakuchiol son completamente inexistentes&quot;<\/strong>, asegur\u00f3. En cuanto a los <strong>ventajas<\/strong> de este activo, en comparaci\u00f3n con el retinol, indic\u00f3 que es <strong>apto para embarazadas<\/strong> y <strong>durante la lactancia<\/strong>, <strong>no es fotosensibilizante<\/strong>, se puede utilizar durante <strong>todas las \u00e9pocas del a\u00f1o<\/strong> y se puede <strong>incluir en las rutinas de d\u00eda<\/strong> y <strong>no hay necesidad de tolerancia<\/strong>. Asimismo, en <strong>formulaci\u00f3n<\/strong>, es <strong>compatible con m\u00e1s activos<\/strong>, tiene un <strong>perfil de seguridad muy amplio<\/strong>, es <strong>estable<\/strong> y <strong>no es<\/strong> <strong>fotosensibilizante<\/strong>.<\/p>\n\n\n\n<p>En la \u00faltima parte de la conferencia, la vocal de Dermofarmacia y Formulaci\u00f3n Magistral del COFA repas\u00f3 c\u00f3mo deben ser los <strong>protocolos de recomendaci\u00f3n en el cuidado de la piel antienvejecimiento<\/strong> y c\u00f3mo se puede <strong>introducir el bakuchiol en las rutinas cosm\u00e9ticas<\/strong>, seg\u00fan las necesidades de la piel.<\/p>\n\n\n\n<p class=\"has-text-align-right\"><strong>Con el patrocinio de:<\/strong><\/p>\n\n\n\n<div class=\"wp-block-image\"><figure class=\"alignright size-medium is-resized\"><a href=\"https:\/\/thelabphilosophy.es\/\" target=\"_blank\" rel=\"noopener\"><img decoding=\"async\" src=\"https:\/\/blog.cofb.cat\/wp-content\/uploads\/2024\/02\/THE_LAB_fons-transparent-189x300.png\" alt=\"\" class=\"wp-image-68534\" width=\"84\" height=\"133\"\/><\/a><\/figure><\/div>\n\n\n\n<p><\/p>\n\n\n\n<p><\/p>\n\n\n\n<p><\/p>\n\n\n\n<p><\/p>\n\n\n\n<p><\/p>\n\n\n\n<p><strong>Otras publicaciones de inter\u00e9s:<\/strong><\/p>\n\n\n\n<ul class=\"wp-block-list\"><li><a href=\"https:\/\/blog.cofb.cat\/blog\/2023\/12\/20\/hiperpigmentacions-abordatge-cosmetic-i-dermatologic-nou-forum-dermoexpert-al-cofb\/\" target=\"_blank\" rel=\"noreferrer noopener\">Hiperpigmentaciones: abordaje cosm\u00e9tico y dermatol\u00f3gico. Nuevo Foro Dermoexpert en el COFB (Diciembre 2023)<\/a><\/li><li><a href=\"https:\/\/blog.cofb.cat\/blog\/2023\/07\/07\/dermocosmetica-com-podem-potenciar-els-principals-segments-de-la-categoria-a-loficina-de-farmacia\/\" target=\"_blank\" rel=\"noreferrer noopener\">Dermocosm\u00e9tica: c\u00f3mo potenciar los principales segmentos de la categor\u00eda en la oficina de farmacia (Julio 2023)<\/a><\/li><li><a href=\"https:\/\/blog.cofb.cat\/blog\/2023\/05\/10\/nou-forum-dermoexpert-sobre-els-beneficis-dels-olis-ozonitzats-en-la-cura-del-pacient-senior\/\" target=\"_blank\" rel=\"noreferrer noopener\">Nuevo Foro Dermoexpert sobre los beneficios de los aceites ozonizados en el cuidado del paciente senior (Mayo 2023)<\/a><\/li><\/ul>","protected":false},"excerpt":{"rendered":"<p>El pasado 1 de febrero, el Colegio de Farmac\u00e9uticos de Barcelona (COFB) organiz\u00f3 un nuevo F\u00f3rum Dermoexpert bajo el t\u00edtulo \u201cBakuchiol vs Retinol\u201d, con el patrocinio de THE LAB. La formaci\u00f3n fue impartida por Blanca Ll\u00e1cer, farmac\u00e9utica, vocal de Dermofarmacia y Formulaci\u00f3n Magistral del Colegio Oficial de Farmac\u00e9uticos [\u2026]<\/p>","protected":false},"author":1,"featured_media":80717,"comment_status":"open","ping_status":"open","sticky":false,"template":"","format":"standard","meta":{"_uag_custom_page_level_css":"","site-sidebar-layout":"default","site-content-layout":"","ast-site-content-layout":"default","site-content-style":"default","site-sidebar-style":"default","ast-global-header-display":"","ast-banner-title-visibility":"","ast-main-header-display":"","ast-hfb-above-header-display":"","ast-hfb-below-header-display":"","ast-hfb-mobile-header-display":"","site-post-title":"","ast-breadcrumbs-content":"","ast-featured-img":"disabled","footer-sml-layout":"","theme-transparent-header-meta":"","adv-header-id-meta":"","stick-header-meta":"","header-above-stick-meta":"","header-main-stick-meta":"","header-below-stick-meta":"","astra-migrate-meta-layouts":"set","ast-page-background-enabled":"default","ast-page-background-meta":{"desktop":{"background-color":"var(--ast-global-color-4)","background-image":"","background-repeat":"repeat","background-position":"center center","background-size":"auto","background-attachment":"scroll","background-type":"","background-media":"","overlay-type":"","overlay-color":"","overlay-opacity":"","overlay-gradient":""},"tablet":{"background-color":"","background-image":"","background-repeat":"repeat","background-position":"center center","background-size":"auto","background-attachment":"scroll","background-type":"","background-media":"","overlay-type":"","overlay-color":"","overlay-opacity":"","overlay-gradient":""},"mobile":{"background-color":"","background-image":"","background-repeat":"repeat","background-position":"center center","background-size":"auto","background-attachment":"scroll","background-type":"","background-media":"","overlay-type":"","overlay-color":"","overlay-opacity":"","overlay-gradient":""}},"ast-content-background-meta":{"desktop":{"background-color":"var(--ast-global-color-5)","background-image":"","background-repeat":"repeat","background-position":"center center","background-size":"auto","background-attachment":"scroll","background-type":"","background-media":"","overlay-type":"","overlay-color":"","overlay-opacity":"","overlay-gradient":""},"tablet":{"background-color":"var(--ast-global-color-5)","background-image":"","background-repeat":"repeat","background-position":"center center","background-size":"auto","background-attachment":"scroll","background-type":"","background-media":"","overlay-type":"","overlay-color":"","overlay-opacity":"","overlay-gradient":""},"mobile":{"background-color":"var(--ast-global-color-5)","background-image":"","background-repeat":"repeat","background-position":"center center","background-size":"auto","background-attachment":"scroll","background-type":"","background-media":"","overlay-type":"","overlay-color":"","overlay-opacity":"","overlay-gradient":""}},"footnotes":""},"categories":[23,57],"tags":[],"class_list":["post-77789","post","type-post","status-publish","format-standard","has-post-thumbnail","hentry","category-destacats","category-mon-collegial"],"yoast_head":"<!-- This site is optimized with the Yoast SEO plugin v22.4 - https:\/\/yoast.com\/wordpress\/plugins\/seo\/ -->\n<title>Bakuchiol vs Retinol: aprofundint en les seves caracter\u00edstiques i indicacions en una nova edici\u00f3 del F\u00f2rum Dermoexpert - Col\u00b7legi de Farmac\u00e8utics de Barcelona<\/title>\n<meta name=\"description\" content=\"El Col\u00b7legi de Farmac\u00e8utics de Barcelona (COFB) va organitzar un nou F\u00f2rum Dermoexpert, \u201cBakuchiol vs Retinol\u201d, amb el patrocini de THE LAB.\" \/>\n<meta name=\"robots\" content=\"index, follow, max-snippet:-1, max-image-preview:large, max-video-preview:-1\" \/>\n<link rel=\"canonical\" href=\"https:\/\/www.cofb.org\/es\/2024\/02\/15\/bakuchiol-vs-retinol-aprofundint-en-les-seves-caracteristiques-i-indicacions-en-una-nova-edicio-del-forum-dermoexpert\/\" \/>\n<meta property=\"og:locale\" content=\"es_ES\" \/>\n<meta property=\"og:type\" content=\"article\" \/>\n<meta property=\"og:title\" content=\"Bakuchiol vs Retinol: aprofundint en les seves caracter\u00edstiques i indicacions en una nova edici\u00f3 del F\u00f2rum Dermoexpert - Col\u00b7legi de Farmac\u00e8utics de Barcelona\" \/>\n<meta property=\"og:description\" content=\"El Col\u00b7legi de Farmac\u00e8utics de Barcelona (COFB) va organitzar un nou F\u00f2rum Dermoexpert, \u201cBakuchiol vs Retinol\u201d, amb el patrocini de THE LAB.\" \/>\n<meta property=\"og:url\" content=\"https:\/\/www.cofb.org\/es\/2024\/02\/15\/bakuchiol-vs-retinol-aprofundint-en-les-seves-caracteristiques-i-indicacions-en-una-nova-edicio-del-forum-dermoexpert\/\" \/>\n<meta property=\"og:site_name\" content=\"Col\u00b7legi de Farmac\u00e8utics de Barcelona\" \/>\n<meta property=\"article:publisher\" content=\"https:\/\/www.facebook.com\/farmaceuticsbcn\/\" \/>\n<meta property=\"article:published_time\" content=\"2024-02-15T12:42:54+00:00\" \/>\n<meta property=\"article:modified_time\" content=\"2025-02-04T13:33:54+00:00\" \/>\n<meta property=\"og:image\" content=\"https:\/\/www.cofb.org\/wp-content\/uploads\/2024\/02\/COFB_Retinol-vs-Bakuchiol_02022024_1-1024x576-1.jpg\" \/>\n\t<meta property=\"og:image:width\" content=\"1024\" \/>\n\t<meta property=\"og:image:height\" content=\"576\" \/>\n\t<meta property=\"og:image:type\" content=\"image\/jpeg\" \/>\n<meta name=\"author\" content=\"wpAdminCofbOrg\" \/>\n<meta name=\"twitter:card\" content=\"summary_large_image\" \/>\n<meta name=\"twitter:creator\" content=\"@farmaceuticsbcn\" \/>\n<meta name=\"twitter:site\" content=\"@farmaceuticsbcn\" \/>\n<meta name=\"twitter:label1\" content=\"Escrito por\" \/>\n\t<meta name=\"twitter:data1\" content=\"wpAdminCofbOrg\" \/>\n\t<meta name=\"twitter:label2\" content=\"Tiempo de lectura\" \/>\n\t<meta name=\"twitter:data2\" content=\"6 minutos\" \/>\n<script type=\"application\/ld+json\" class=\"yoast-schema-graph\">{\"@context\":\"https:\/\/schema.org\",\"@graph\":[{\"@type\":\"Article\",\"@id\":\"https:\/\/www.cofb.org\/2024\/02\/15\/bakuchiol-vs-retinol-aprofundint-en-les-seves-caracteristiques-i-indicacions-en-una-nova-edicio-del-forum-dermoexpert\/#article\",\"isPartOf\":{\"@id\":\"https:\/\/www.cofb.org\/2024\/02\/15\/bakuchiol-vs-retinol-aprofundint-en-les-seves-caracteristiques-i-indicacions-en-una-nova-edicio-del-forum-dermoexpert\/\"},\"author\":{\"name\":\"wpAdminCofbOrg\",\"@id\":\"https:\/\/www.cofb.org\/#\/schema\/person\/22ed7eea88da74b0fa4d3154ad87ffcb\"},\"headline\":\"Bakuchiol vs Retinol: aprofundint en les seves caracter\u00edstiques i indicacions en una nova edici\u00f3 del F\u00f2rum Dermoexpert\",\"datePublished\":\"2024-02-15T12:42:54+00:00\",\"dateModified\":\"2025-02-04T13:33:54+00:00\",\"mainEntityOfPage\":{\"@id\":\"https:\/\/www.cofb.org\/2024\/02\/15\/bakuchiol-vs-retinol-aprofundint-en-les-seves-caracteristiques-i-indicacions-en-una-nova-edicio-del-forum-dermoexpert\/\"},\"wordCount\":1032,\"commentCount\":0,\"publisher\":{\"@id\":\"https:\/\/www.cofb.org\/#organization\"},\"image\":{\"@id\":\"https:\/\/www.cofb.org\/2024\/02\/15\/bakuchiol-vs-retinol-aprofundint-en-les-seves-caracteristiques-i-indicacions-en-una-nova-edicio-del-forum-dermoexpert\/#primaryimage\"},\"thumbnailUrl\":\"https:\/\/www.cofb.org\/wp-content\/uploads\/2024\/02\/COFB_Retinol-vs-Bakuchiol_02022024_1-1024x576-1.jpg\",\"articleSection\":[\"Destacats\",\"M\u00f3n col\u00b7legial\"],\"inLanguage\":\"es\",\"potentialAction\":[{\"@type\":\"CommentAction\",\"name\":\"Comment\",\"target\":[\"https:\/\/www.cofb.org\/2024\/02\/15\/bakuchiol-vs-retinol-aprofundint-en-les-seves-caracteristiques-i-indicacions-en-una-nova-edicio-del-forum-dermoexpert\/#respond\"]}]},{\"@type\":\"WebPage\",\"@id\":\"https:\/\/www.cofb.org\/2024\/02\/15\/bakuchiol-vs-retinol-aprofundint-en-les-seves-caracteristiques-i-indicacions-en-una-nova-edicio-del-forum-dermoexpert\/\",\"url\":\"https:\/\/www.cofb.org\/2024\/02\/15\/bakuchiol-vs-retinol-aprofundint-en-les-seves-caracteristiques-i-indicacions-en-una-nova-edicio-del-forum-dermoexpert\/\",\"name\":\"Bakuchiol vs Retinol: aprofundint en les seves caracter\u00edstiques i indicacions en una nova edici\u00f3 del F\u00f2rum Dermoexpert - Col\u00b7legi de Farmac\u00e8utics de Barcelona\",\"isPartOf\":{\"@id\":\"https:\/\/www.cofb.org\/#website\"},\"primaryImageOfPage\":{\"@id\":\"https:\/\/www.cofb.org\/2024\/02\/15\/bakuchiol-vs-retinol-aprofundint-en-les-seves-caracteristiques-i-indicacions-en-una-nova-edicio-del-forum-dermoexpert\/#primaryimage\"},\"image\":{\"@id\":\"https:\/\/www.cofb.org\/2024\/02\/15\/bakuchiol-vs-retinol-aprofundint-en-les-seves-caracteristiques-i-indicacions-en-una-nova-edicio-del-forum-dermoexpert\/#primaryimage\"},\"thumbnailUrl\":\"https:\/\/www.cofb.org\/wp-content\/uploads\/2024\/02\/COFB_Retinol-vs-Bakuchiol_02022024_1-1024x576-1.jpg\",\"datePublished\":\"2024-02-15T12:42:54+00:00\",\"dateModified\":\"2025-02-04T13:33:54+00:00\",\"description\":\"El Col\u00b7legi de Farmac\u00e8utics de Barcelona (COFB) va organitzar un nou F\u00f2rum Dermoexpert, \u201cBakuchiol vs Retinol\u201d, amb el patrocini de THE LAB.\",\"breadcrumb\":{\"@id\":\"https:\/\/www.cofb.org\/2024\/02\/15\/bakuchiol-vs-retinol-aprofundint-en-les-seves-caracteristiques-i-indicacions-en-una-nova-edicio-del-forum-dermoexpert\/#breadcrumb\"},\"inLanguage\":\"es\",\"potentialAction\":[{\"@type\":\"ReadAction\",\"target\":[\"https:\/\/www.cofb.org\/2024\/02\/15\/bakuchiol-vs-retinol-aprofundint-en-les-seves-caracteristiques-i-indicacions-en-una-nova-edicio-del-forum-dermoexpert\/\"]}]},{\"@type\":\"ImageObject\",\"inLanguage\":\"es\",\"@id\":\"https:\/\/www.cofb.org\/2024\/02\/15\/bakuchiol-vs-retinol-aprofundint-en-les-seves-caracteristiques-i-indicacions-en-una-nova-edicio-del-forum-dermoexpert\/#primaryimage\",\"url\":\"https:\/\/www.cofb.org\/wp-content\/uploads\/2024\/02\/COFB_Retinol-vs-Bakuchiol_02022024_1-1024x576-1.jpg\",\"contentUrl\":\"https:\/\/www.cofb.org\/wp-content\/uploads\/2024\/02\/COFB_Retinol-vs-Bakuchiol_02022024_1-1024x576-1.jpg\",\"width\":1024,\"height\":576},{\"@type\":\"BreadcrumbList\",\"@id\":\"https:\/\/www.cofb.org\/2024\/02\/15\/bakuchiol-vs-retinol-aprofundint-en-les-seves-caracteristiques-i-indicacions-en-una-nova-edicio-del-forum-dermoexpert\/#breadcrumb\",\"itemListElement\":[{\"@type\":\"ListItem\",\"position\":1,\"name\":\"Inici\",\"item\":\"https:\/\/novaorg.cofb.net\/\"},{\"@type\":\"ListItem\",\"position\":2,\"name\":\"Bakuchiol vs Retinol: aprofundint en les seves caracter\u00edstiques i indicacions en una nova edici\u00f3 del F\u00f2rum Dermoexpert\"}]},{\"@type\":\"WebSite\",\"@id\":\"https:\/\/www.cofb.org\/#website\",\"url\":\"https:\/\/www.cofb.org\/\",\"name\":\"Col\u00b7legi de Farmac\u00e8utics de Barcelona\",\"description\":\"\",\"publisher\":{\"@id\":\"https:\/\/www.cofb.org\/#organization\"},\"potentialAction\":[{\"@type\":\"SearchAction\",\"target\":{\"@type\":\"EntryPoint\",\"urlTemplate\":\"https:\/\/www.cofb.org\/?s={search_term_string}\"},\"query-input\":\"required name=search_term_string\"}],\"inLanguage\":\"es\"},{\"@type\":\"Organization\",\"@id\":\"https:\/\/www.cofb.org\/#organization\",\"name\":\"Col\u00b7legi de Farmac\u00e8utics de Barcelona\",\"url\":\"https:\/\/www.cofb.org\/\",\"logo\":{\"@type\":\"ImageObject\",\"inLanguage\":\"es\",\"@id\":\"https:\/\/www.cofb.org\/#\/schema\/logo\/image\/\",\"url\":\"https:\/\/www.cofb.org\/wp-content\/uploads\/2023\/11\/cropped-Logotip-COFB.png\",\"contentUrl\":\"https:\/\/www.cofb.org\/wp-content\/uploads\/2023\/11\/cropped-Logotip-COFB.png\",\"width\":500,\"height\":105,\"caption\":\"Col\u00b7legi de Farmac\u00e8utics de Barcelona\"},\"image\":{\"@id\":\"https:\/\/www.cofb.org\/#\/schema\/logo\/image\/\"},\"sameAs\":[\"https:\/\/www.facebook.com\/farmaceuticsbcn\/\",\"https:\/\/twitter.com\/farmaceuticsbcn\",\"https:\/\/www.instagram.com\/farmaceuticsbcn\/\",\"https:\/\/www.linkedin.com\/company\/farmaceuticsbcn\/\"]},{\"@type\":\"Person\",\"@id\":\"https:\/\/www.cofb.org\/#\/schema\/person\/22ed7eea88da74b0fa4d3154ad87ffcb\",\"name\":\"wpAdminCofbOrg\",\"image\":{\"@type\":\"ImageObject\",\"inLanguage\":\"es\",\"@id\":\"https:\/\/www.cofb.org\/#\/schema\/person\/image\/\",\"url\":\"https:\/\/secure.gravatar.com\/avatar\/1721b20b3b8ca882c3b56ec6c978c594fff670e40c0718e9190eaeeb76aae7d8?s=96&d=mm&r=g\",\"contentUrl\":\"https:\/\/secure.gravatar.com\/avatar\/1721b20b3b8ca882c3b56ec6c978c594fff670e40c0718e9190eaeeb76aae7d8?s=96&d=mm&r=g\",\"caption\":\"wpAdminCofbOrg\"},\"sameAs\":[\"http:\/\/192.168.64.122\/wordpress\"],\"url\":\"https:\/\/www.cofb.org\/es\/author\/wpadmincofborg\/\"}]}<\/script>\n<!-- \/ Yoast SEO plugin. -->","yoast_head_json":{"title":"Bakuchiol vs Retinol: aprofundint en les seves caracter\u00edstiques i indicacions en una nova edici\u00f3 del F\u00f2rum Dermoexpert - Col\u00b7legi de Farmac\u00e8utics de Barcelona","description":"El Col\u00b7legi de Farmac\u00e8utics de Barcelona (COFB) va organitzar un nou F\u00f2rum Dermoexpert, \u201cBakuchiol vs Retinol\u201d, amb el patrocini de THE LAB.","robots":{"index":"index","follow":"follow","max-snippet":"max-snippet:-1","max-image-preview":"max-image-preview:large","max-video-preview":"max-video-preview:-1"},"canonical":"https:\/\/www.cofb.org\/es\/2024\/02\/15\/bakuchiol-vs-retinol-aprofundint-en-les-seves-caracteristiques-i-indicacions-en-una-nova-edicio-del-forum-dermoexpert\/","og_locale":"es_ES","og_type":"article","og_title":"Bakuchiol vs Retinol: aprofundint en les seves caracter\u00edstiques i indicacions en una nova edici\u00f3 del F\u00f2rum Dermoexpert - Col\u00b7legi de Farmac\u00e8utics de Barcelona","og_description":"El Col\u00b7legi de Farmac\u00e8utics de Barcelona (COFB) va organitzar un nou F\u00f2rum Dermoexpert, \u201cBakuchiol vs Retinol\u201d, amb el patrocini de THE LAB.","og_url":"https:\/\/www.cofb.org\/es\/2024\/02\/15\/bakuchiol-vs-retinol-aprofundint-en-les-seves-caracteristiques-i-indicacions-en-una-nova-edicio-del-forum-dermoexpert\/","og_site_name":"Col\u00b7legi de Farmac\u00e8utics de Barcelona","article_publisher":"https:\/\/www.facebook.com\/farmaceuticsbcn\/","article_published_time":"2024-02-15T12:42:54+00:00","article_modified_time":"2025-02-04T13:33:54+00:00","og_image":[{"width":1024,"height":576,"url":"https:\/\/www.cofb.org\/wp-content\/uploads\/2024\/02\/COFB_Retinol-vs-Bakuchiol_02022024_1-1024x576-1.jpg","type":"image\/jpeg"}],"author":"wpAdminCofbOrg","twitter_card":"summary_large_image","twitter_creator":"@farmaceuticsbcn","twitter_site":"@farmaceuticsbcn","twitter_misc":{"Escrito por":"wpAdminCofbOrg","Tiempo de lectura":"6 minutos"},"schema":{"@context":"https:\/\/schema.org","@graph":[{"@type":"Article","@id":"https:\/\/www.cofb.org\/2024\/02\/15\/bakuchiol-vs-retinol-aprofundint-en-les-seves-caracteristiques-i-indicacions-en-una-nova-edicio-del-forum-dermoexpert\/#article","isPartOf":{"@id":"https:\/\/www.cofb.org\/2024\/02\/15\/bakuchiol-vs-retinol-aprofundint-en-les-seves-caracteristiques-i-indicacions-en-una-nova-edicio-del-forum-dermoexpert\/"},"author":{"name":"wpAdminCofbOrg","@id":"https:\/\/www.cofb.org\/#\/schema\/person\/22ed7eea88da74b0fa4d3154ad87ffcb"},"headline":"Bakuchiol vs Retinol: aprofundint en les seves caracter\u00edstiques i indicacions en una nova edici\u00f3 del F\u00f2rum Dermoexpert","datePublished":"2024-02-15T12:42:54+00:00","dateModified":"2025-02-04T13:33:54+00:00","mainEntityOfPage":{"@id":"https:\/\/www.cofb.org\/2024\/02\/15\/bakuchiol-vs-retinol-aprofundint-en-les-seves-caracteristiques-i-indicacions-en-una-nova-edicio-del-forum-dermoexpert\/"},"wordCount":1032,"commentCount":0,"publisher":{"@id":"https:\/\/www.cofb.org\/#organization"},"image":{"@id":"https:\/\/www.cofb.org\/2024\/02\/15\/bakuchiol-vs-retinol-aprofundint-en-les-seves-caracteristiques-i-indicacions-en-una-nova-edicio-del-forum-dermoexpert\/#primaryimage"},"thumbnailUrl":"https:\/\/www.cofb.org\/wp-content\/uploads\/2024\/02\/COFB_Retinol-vs-Bakuchiol_02022024_1-1024x576-1.jpg","articleSection":["Destacats","M\u00f3n col\u00b7legial"],"inLanguage":"es","potentialAction":[{"@type":"CommentAction","name":"Comment","target":["https:\/\/www.cofb.org\/2024\/02\/15\/bakuchiol-vs-retinol-aprofundint-en-les-seves-caracteristiques-i-indicacions-en-una-nova-edicio-del-forum-dermoexpert\/#respond"]}]},{"@type":"WebPage","@id":"https:\/\/www.cofb.org\/2024\/02\/15\/bakuchiol-vs-retinol-aprofundint-en-les-seves-caracteristiques-i-indicacions-en-una-nova-edicio-del-forum-dermoexpert\/","url":"https:\/\/www.cofb.org\/2024\/02\/15\/bakuchiol-vs-retinol-aprofundint-en-les-seves-caracteristiques-i-indicacions-en-una-nova-edicio-del-forum-dermoexpert\/","name":"Bakuchiol vs Retinol: aprofundint en les seves caracter\u00edstiques i indicacions en una nova edici\u00f3 del F\u00f2rum Dermoexpert - Col\u00b7legi de Farmac\u00e8utics de Barcelona","isPartOf":{"@id":"https:\/\/www.cofb.org\/#website"},"primaryImageOfPage":{"@id":"https:\/\/www.cofb.org\/2024\/02\/15\/bakuchiol-vs-retinol-aprofundint-en-les-seves-caracteristiques-i-indicacions-en-una-nova-edicio-del-forum-dermoexpert\/#primaryimage"},"image":{"@id":"https:\/\/www.cofb.org\/2024\/02\/15\/bakuchiol-vs-retinol-aprofundint-en-les-seves-caracteristiques-i-indicacions-en-una-nova-edicio-del-forum-dermoexpert\/#primaryimage"},"thumbnailUrl":"https:\/\/www.cofb.org\/wp-content\/uploads\/2024\/02\/COFB_Retinol-vs-Bakuchiol_02022024_1-1024x576-1.jpg","datePublished":"2024-02-15T12:42:54+00:00","dateModified":"2025-02-04T13:33:54+00:00","description":"El Col\u00b7legi de Farmac\u00e8utics de Barcelona (COFB) va organitzar un nou F\u00f2rum Dermoexpert, \u201cBakuchiol vs Retinol\u201d, amb el patrocini de THE LAB.","breadcrumb":{"@id":"https:\/\/www.cofb.org\/2024\/02\/15\/bakuchiol-vs-retinol-aprofundint-en-les-seves-caracteristiques-i-indicacions-en-una-nova-edicio-del-forum-dermoexpert\/#breadcrumb"},"inLanguage":"es","potentialAction":[{"@type":"ReadAction","target":["https:\/\/www.cofb.org\/2024\/02\/15\/bakuchiol-vs-retinol-aprofundint-en-les-seves-caracteristiques-i-indicacions-en-una-nova-edicio-del-forum-dermoexpert\/"]}]},{"@type":"ImageObject","inLanguage":"es","@id":"https:\/\/www.cofb.org\/2024\/02\/15\/bakuchiol-vs-retinol-aprofundint-en-les-seves-caracteristiques-i-indicacions-en-una-nova-edicio-del-forum-dermoexpert\/#primaryimage","url":"https:\/\/www.cofb.org\/wp-content\/uploads\/2024\/02\/COFB_Retinol-vs-Bakuchiol_02022024_1-1024x576-1.jpg","contentUrl":"https:\/\/www.cofb.org\/wp-content\/uploads\/2024\/02\/COFB_Retinol-vs-Bakuchiol_02022024_1-1024x576-1.jpg","width":1024,"height":576},{"@type":"BreadcrumbList","@id":"https:\/\/www.cofb.org\/2024\/02\/15\/bakuchiol-vs-retinol-aprofundint-en-les-seves-caracteristiques-i-indicacions-en-una-nova-edicio-del-forum-dermoexpert\/#breadcrumb","itemListElement":[{"@type":"ListItem","position":1,"name":"Inici","item":"https:\/\/novaorg.cofb.net\/"},{"@type":"ListItem","position":2,"name":"Bakuchiol vs Retinol: aprofundint en les seves caracter\u00edstiques i indicacions en una nova edici\u00f3 del F\u00f2rum Dermoexpert"}]},{"@type":"WebSite","@id":"https:\/\/www.cofb.org\/#website","url":"https:\/\/www.cofb.org\/","name":"Col\u00b7legi de Farmac\u00e8utics de Barcelona","description":"","publisher":{"@id":"https:\/\/www.cofb.org\/#organization"},"potentialAction":[{"@type":"SearchAction","target":{"@type":"EntryPoint","urlTemplate":"https:\/\/www.cofb.org\/?s={search_term_string}"},"query-input":"required name=search_term_string"}],"inLanguage":"es"},{"@type":"Organization","@id":"https:\/\/www.cofb.org\/#organization","name":"Col\u00b7legi de Farmac\u00e8utics de Barcelona","url":"https:\/\/www.cofb.org\/","logo":{"@type":"ImageObject","inLanguage":"es","@id":"https:\/\/www.cofb.org\/#\/schema\/logo\/image\/","url":"https:\/\/www.cofb.org\/wp-content\/uploads\/2023\/11\/cropped-Logotip-COFB.png","contentUrl":"https:\/\/www.cofb.org\/wp-content\/uploads\/2023\/11\/cropped-Logotip-COFB.png","width":500,"height":105,"caption":"Col\u00b7legi de Farmac\u00e8utics de Barcelona"},"image":{"@id":"https:\/\/www.cofb.org\/#\/schema\/logo\/image\/"},"sameAs":["https:\/\/www.facebook.com\/farmaceuticsbcn\/","https:\/\/twitter.com\/farmaceuticsbcn","https:\/\/www.instagram.com\/farmaceuticsbcn\/","https:\/\/www.linkedin.com\/company\/farmaceuticsbcn\/"]},{"@type":"Person","@id":"https:\/\/www.cofb.org\/#\/schema\/person\/22ed7eea88da74b0fa4d3154ad87ffcb","name":"wpAdminCofbOrg","image":{"@type":"ImageObject","inLanguage":"es","@id":"https:\/\/www.cofb.org\/#\/schema\/person\/image\/","url":"https:\/\/secure.gravatar.com\/avatar\/1721b20b3b8ca882c3b56ec6c978c594fff670e40c0718e9190eaeeb76aae7d8?s=96&d=mm&r=g","contentUrl":"https:\/\/secure.gravatar.com\/avatar\/1721b20b3b8ca882c3b56ec6c978c594fff670e40c0718e9190eaeeb76aae7d8?s=96&d=mm&r=g","caption":"wpAdminCofbOrg"},"sameAs":["http:\/\/192.168.64.122\/wordpress"],"url":"https:\/\/www.cofb.org\/es\/author\/wpadmincofborg\/"}]}},"uagb_featured_image_src":{"full":["https:\/\/www.cofb.org\/wp-content\/uploads\/2024\/02\/COFB_Retinol-vs-Bakuchiol_02022024_1-1024x576-1.jpg",1024,576,false],"thumbnail":["https:\/\/www.cofb.org\/wp-content\/uploads\/2024\/02\/COFB_Retinol-vs-Bakuchiol_02022024_1-1024x576-1-150x150.jpg",150,150,true],"medium":["https:\/\/www.cofb.org\/wp-content\/uploads\/2024\/02\/COFB_Retinol-vs-Bakuchiol_02022024_1-1024x576-1-300x169.jpg",300,169,true],"medium_large":["https:\/\/www.cofb.org\/wp-content\/uploads\/2024\/02\/COFB_Retinol-vs-Bakuchiol_02022024_1-1024x576-1-768x432.jpg",768,432,true],"large":["https:\/\/www.cofb.org\/wp-content\/uploads\/2024\/02\/COFB_Retinol-vs-Bakuchiol_02022024_1-1024x576-1.jpg",1024,576,false],"1536x1536":["https:\/\/www.cofb.org\/wp-content\/uploads\/2024\/02\/COFB_Retinol-vs-Bakuchiol_02022024_1-1024x576-1.jpg",1024,576,false],"2048x2048":["https:\/\/www.cofb.org\/wp-content\/uploads\/2024\/02\/COFB_Retinol-vs-Bakuchiol_02022024_1-1024x576-1.jpg",1024,576,false],"trp-custom-language-flag":["https:\/\/www.cofb.org\/wp-content\/uploads\/2024\/02\/COFB_Retinol-vs-Bakuchiol_02022024_1-1024x576-1-18x10.jpg",18,10,true]},"uagb_author_info":{"display_name":"wpAdminCofbOrg","author_link":"https:\/\/www.cofb.org\/es\/author\/wpadmincofborg\/"},"uagb_comment_info":0,"uagb_excerpt":"El passat 1 de febrer, el Col\u00b7legi de Farmac\u00e8utics de Barcelona (COFB) va organitzar un nou F\u00f2rum Dermoexpert sota el t\u00edtol \u201cBakuchiol vs Retinol\u201d, amb el patrocini de THE LAB. La formaci\u00f3 va ser impartida per Blanca Ll\u00e1cer, farmac\u00e8utica, vocal de Dermofarm\u00e0cia i Formulaci\u00f3 Magistral del Colegio Oficial de Farmac\u00e9uticos [&hellip;]","_links":{"self":[{"href":"https:\/\/www.cofb.org\/es\/wp-json\/wp\/v2\/posts\/77789","targetHints":{"allow":["GET"]}}],"collection":[{"href":"https:\/\/www.cofb.org\/es\/wp-json\/wp\/v2\/posts"}],"about":[{"href":"https:\/\/www.cofb.org\/es\/wp-json\/wp\/v2\/types\/post"}],"author":[{"embeddable":true,"href":"https:\/\/www.cofb.org\/es\/wp-json\/wp\/v2\/users\/1"}],"replies":[{"embeddable":true,"href":"https:\/\/www.cofb.org\/es\/wp-json\/wp\/v2\/comments?post=77789"}],"version-history":[{"count":1,"href":"https:\/\/www.cofb.org\/es\/wp-json\/wp\/v2\/posts\/77789\/revisions"}],"predecessor-version":[{"id":80718,"href":"https:\/\/www.cofb.org\/es\/wp-json\/wp\/v2\/posts\/77789\/revisions\/80718"}],"wp:featuredmedia":[{"embeddable":true,"href":"https:\/\/www.cofb.org\/es\/wp-json\/wp\/v2\/media\/80717"}],"wp:attachment":[{"href":"https:\/\/www.cofb.org\/es\/wp-json\/wp\/v2\/media?parent=77789"}],"wp:term":[{"taxonomy":"category","embeddable":true,"href":"https:\/\/www.cofb.org\/es\/wp-json\/wp\/v2\/categories?post=77789"},{"taxonomy":"post_tag","embeddable":true,"href":"https:\/\/www.cofb.org\/es\/wp-json\/wp\/v2\/tags?post=77789"}],"curies":[{"name":"wp","href":"https:\/\/api.w.org\/{rel}","templated":true}]}}