{"id":77785,"date":"2023-12-14T17:44:00","date_gmt":"2023-12-14T15:44:00","guid":{"rendered":"https:\/\/blog.cofb.cat\/?p=68433"},"modified":"2024-04-05T10:29:05","modified_gmt":"2024-04-05T10:29:05","slug":"infarma-2024-solucions-per-impulsar-el-valor-que-la-farmacia-aporta-a-la-societat","status":"publish","type":"post","link":"https:\/\/www.cofb.org\/es\/2023\/12\/14\/infarma-2024-solucions-per-impulsar-el-valor-que-la-farmacia-aporta-a-la-societat\/","title":{"rendered":"&#039;Infarma 2024&#039;: soluciones para impulsar el valor que la farmacia aporta a la sociedad"},"content":{"rendered":"<p id=\"yui_patched_v3_11_0_1_1706110054267_945\"><strong>&quot;Pon tu farmacia a la vanguardia&quot;. <\/strong>Este es el <strong>lema <\/strong>bajo el cual el <strong>Congreso Europeo de Farmacia<\/strong> y <strong>Sal\u00f3n de Medicamentos y Parafarmacia<\/strong>, <strong>Infarma<\/strong>, celebrar\u00e1 su nueva edici\u00f3n del <strong>19 al 21 de marzo de 2024<\/strong>. El encuentro tendr\u00e1 lugar en el <strong>recinto ferial de IFEMA<\/strong>, en Madrid, organizado por los<strong> Colegios Oficiales de Farmac\u00e9uticos de Madrid (COFM) y Barcelona (COFB) e Interalia<\/strong>. \u00bfEl objetivo? Ayudar a que las farmacias y farmac\u00e9uticos comunitarios sepan c\u00f3mo afrontar los nuevos desaf\u00edos sanitarios y sociales con las herramientas m\u00e1s innovadoras y pr\u00e1cticas desde el punto de vista profesional, asistencial y empresarial.<\/p>\n\n\n\n<figure class=\"wp-block-image size-large\"><a href=\"https:\/\/blog.cofb.cat\/wp-content\/uploads\/2024\/01\/COFB_InfarmaMadrid2024_lema_slider.jpg\" target=\"_blank\" rel=\"noopener\"><img decoding=\"async\" src=\"https:\/\/blog.cofb.cat\/wp-content\/uploads\/2024\/01\/COFB_InfarmaMadrid2024_lema_slider-1024x508.jpg\" alt=\"\" class=\"wp-image-68436\"\/><\/a><\/figure>\n\n\n\n<p><strong>Jos\u00e9 Manuel Becerra<\/strong>, vocal de Titulares de Oficina de Farmacia del COFM y director del Congreso Infarma 2024, explica que <strong>\u201cla sociedad afronta nuevos desaf\u00edos, como el envejecimiento, la cronicidad, la polimedicaci\u00f3n o la dependencia, frente a los cuales la red de farmacias, por conocimientos y proximidad, es parte de la soluci\u00f3n<\/strong>. Identificar bien estos retos, definir las posibles soluciones, saber c\u00f3mo aplicarlas y aportar los instrumentos necesarios a los farmac\u00e9uticos para ello son los objetivos que persigue esta nueva edici\u00f3n de Infarma\u201d.<\/p>\n\n\n\n<h2 class=\"wp-block-heading\"><strong>Tres ejes tem\u00e1ticos<\/strong><\/h2>\n\n\n\n<p>Para conseguir este prop\u00f3sito, el <strong>programa<\/strong> girar\u00e1 en torno a<strong> tres ejes principales<\/strong>, de forma que se d\u00e9 una respuesta global a las necesidades de actualizaci\u00f3n de las farmacias. Son los siguientes:<\/p>\n\n\n\n<ol class=\"wp-block-list\"><li><strong>Nuevas necesidades, nuevas respuestas:<\/strong><br>En este eje se concentrar\u00e1n las sesiones en las que se abordar\u00e1 la actualidad profesional, con sus principales retos estrat\u00e9gicos y pol\u00edticos. En \u00e9l tendr\u00e1n cabida aspectos como la atenci\u00f3n integral, la continuidad asistencial, la actualidad normativa, los problemas de suministro y desabastecimiento, el papel de las farmacias frente a problemas como la dependencia y la soledad no deseada, etc. En definitiva, grandes desaf\u00edos sanitarios y sociales en los que la farmacia tiene un papel relevante que desempe\u00f1ar.<br><\/li><li><strong>Mejor gesti\u00f3n, mayor calidad:<\/strong><br>Se centrar\u00e1 en c\u00f3mo mejorar la sostenibilidad y la gesti\u00f3n de las farmacias con el doble objetivo de generar m\u00e1s recursos para proporcionar m\u00e1s servicios a la poblaci\u00f3n y de mayor calidad. Aspectos como la inteligencia artificial, la digitalizaci\u00f3n o la gesti\u00f3n de los recursos humanos en la farmacia, entre otros, tendr\u00e1n cabida en este apartado.<br><\/li><li><strong>Conocimiento para una excelente atenci\u00f3n:<\/strong><br>Aqu\u00ed se concentrar\u00e1n las sesiones m\u00e1s cient\u00edficas y vinculadas con la atenci\u00f3n farmac\u00e9utica y los servicios asistenciales. Se trata de analizar el estado del conocimiento en diferentes \u00e1reas con el objetivo primordial de reforzar las capacidades de los farmac\u00e9uticos tanto en consejo profesional como en la aportaci\u00f3n de servicios de valor a\u00f1adido.<\/li><\/ol>\n\n\n\n<p>\u201cCon estos tres ejes <strong>queremos que todos los farmac\u00e9uticos que asistan el pr\u00f3ximo marzo en Infarma se lleven soluciones vanguardistas<\/strong>, pero tambi\u00e9n <strong>\u00fatiles <\/strong>y <strong>aplicables de verdad en su d\u00eda a d\u00eda para que las farmacias refuercen su papel asistencial<\/strong>om en centros de salud y bienestar de referencia para la poblaci\u00f3n, que sean innovadores y, adem\u00e1s, sostenibles\u201d, a\u00f1ade Becerra.<\/p>\n\n\n\n<h2 class=\"wp-block-heading\"><strong>Nuevos formatos<\/strong><\/h2>\n\n\n\n<p>Con este objetivo prioritario de utilidad cobrar\u00e1n especial importancia los <strong>formatos de las sesiones<\/strong>. Se trata de aportar <strong>dinamismo<\/strong>, provocar la <strong>participaci\u00f3n <\/strong>y conseguir que los congresistas puedan <strong>aplicar la experiencia de Infarma al impulso real de su farmacia.<\/strong><\/p>\n\n\n\n<p>Para ello se trabajar\u00e1 mucho con<strong>experiencia de usuario<\/strong>, se <strong>presentar\u00e1n casos e iniciativas de \u00e9xito<\/strong>, <strong>se combinar\u00e1n los contenidos te\u00f3ricos con los pr\u00e1cticos<\/strong>, se generar\u00e1n <strong>di\u00e1logos <\/strong>y <strong>entrevistas con expertos<\/strong> y, adem\u00e1s de paneles de discusi\u00f3n y mesas redondas, se organizar\u00e1n actividades y talleres que exigir\u00e1n la participaci\u00f3n directa de los congresistas.<\/p>\n\n\n\n<p id=\"yui_patched_v3_11_0_1_1706110054267_974\">Dentro de las novedades, la organizaci\u00f3n ha dise\u00f1ado <strong>diferentes cuotas de inscripci\u00f3n en el congreso a precios accesibles<\/strong> y trabaja ya en acuerdos con colegios y otras organizaciones farmac\u00e9uticas con el fin de facilitar al m\u00e1ximo la asistencia a Infarma 2024: \u201cSomos conscientes de la importancia que tiene Infarma como encuentro de referencia anual de la profesi\u00f3n farmac\u00e9utica, y este 2024 lo ser\u00e1 especialmente -explica Becerra-. Por eso queremos hacer un esfuerzo para que todos los farmac\u00e9uticos puedan participar. Ganaremos los farmac\u00e9uticos y ganar\u00e1 el conjunto de la poblaci\u00f3n, ya que de Infarma saldr\u00e1 un gran impulso a la farmacia comunitaria\u201d.<\/p>\n\n\n\n<h2 class=\"wp-block-heading\"><strong>Sal\u00f3n de Medicamentos y Parafarmacia<\/strong> <\/h2>\n\n\n\n<p>Adem\u00e1s del congreso, Infarma 2024 acoger\u00e1 como en otras ediciones el <strong>Sal\u00f3n de Medicamentos y Parafarmacia<\/strong>, que en esta edici\u00f3n acoger\u00e1 a <strong>300 expositores entre laboratorios farmac\u00e9uticos y proveedores de equipos y servicios en las farmacias<\/strong>s. Est\u00e1 previsto que asistan m\u00e1s de<strong> 30.000 profesionales del sector<\/strong>.<\/p>\n\n\n\n<p>La<strong> inscripci\u00f3n en Infarma 2024<\/strong>, tanto en el congreso (donde habr\u00e1 diferentes cuotas) como en el sal\u00f3n (al que los visitantes pueden registrarse sin coste), est\u00e1 prevista que se abra a partir de enero en&nbsp;<a href=\"https:\/\/www.infarma.es\/\" target=\"_blank\" rel=\"noreferrer noopener\">www.infarma.es<\/a>.<\/p>\n\n\n\n<p><\/p>\n\n\n\n<p><strong>Otras publicaciones de inter\u00e9s:<\/strong><\/p>\n\n\n\n<ul class=\"wp-block-list\"><li><a href=\"http:\/\/Es clausura Infarma Barcelona 2023 amb m\u00e9s de 34.200 visitants i r\u00e8cord d\u2019expositors\" target=\"_blank\" rel=\"noreferrer noopener\">Se clausura Infarma Barcelona 2023 con m\u00e1s de 34.200 visitantes y r\u00e9cord de expositores (Marzo 2023)<\/a><\/li><li><a href=\"https:\/\/blog.cofb.cat\/blog\/2023\/03\/01\/infarma-solidario-organitza-un-concert-benefic-que-recaptara-fons-per-lluitar-contra-la-pobresa-farmaceutica\/\" target=\"_blank\" rel=\"noreferrer noopener\">Infarma Solidario organiza un concierto ben\u00e9fico que recaudar\u00e1 fondos para luchar contra la pobreza farmac\u00e9utica (Marzo 2023)<\/a><\/li><li><a href=\"https:\/\/blog.cofb.cat\/blog\/2023\/03\/09\/la-salut-planetaria-i-la-intelligencia-emocional-en-temps-de-canvi-temes-centrals-de-la-inauguracio-i-clausura-dinfarma-barcelona-2023\/\" target=\"_blank\" rel=\"noreferrer noopener\">La salud planetaria y la inteligencia emocional en tiempo de cambio, temas centrales de la inauguraci\u00f3n y clausura de Infarma Barcelona 2023 (Marzo 2023)<\/a><\/li><\/ul>","protected":false},"excerpt":{"rendered":"<p>&quot;Pon tu farmacia a la vanguardia&quot;. \u00c9ste es el lema bajo el que el Congreso Europeo de Farmacia y Sal\u00f3n de Medicamentos y Parafarmacia, Infarma, celebrar\u00e1 su nueva edici\u00f3n del 19 al 21 de marzo de 2024. El encuentro tendr\u00e1 lugar en el recinto ferial de IFEMA, en Madrid, organizado [\u2026]<\/p>","protected":false},"author":1,"featured_media":78023,"comment_status":"open","ping_status":"open","sticky":false,"template":"","format":"standard","meta":{"_uag_custom_page_level_css":"","site-sidebar-layout":"default","site-content-layout":"","ast-site-content-layout":"default","site-content-style":"default","site-sidebar-style":"default","ast-global-header-display":"","ast-banner-title-visibility":"","ast-main-header-display":"","ast-hfb-above-header-display":"","ast-hfb-below-header-display":"","ast-hfb-mobile-header-display":"","site-post-title":"","ast-breadcrumbs-content":"","ast-featured-img":"disabled","footer-sml-layout":"","theme-transparent-header-meta":"","adv-header-id-meta":"","stick-header-meta":"","header-above-stick-meta":"","header-main-stick-meta":"","header-below-stick-meta":"","astra-migrate-meta-layouts":"set","ast-page-background-enabled":"default","ast-page-background-meta":{"desktop":{"background-color":"var(--ast-global-color-4)","background-image":"","background-repeat":"repeat","background-position":"center center","background-size":"auto","background-attachment":"scroll","background-type":"","background-media":"","overlay-type":"","overlay-color":"","overlay-opacity":"","overlay-gradient":""},"tablet":{"background-color":"","background-image":"","background-repeat":"repeat","background-position":"center center","background-size":"auto","background-attachment":"scroll","background-type":"","background-media":"","overlay-type":"","overlay-color":"","overlay-opacity":"","overlay-gradient":""},"mobile":{"background-color":"","background-image":"","background-repeat":"repeat","background-position":"center center","background-size":"auto","background-attachment":"scroll","background-type":"","background-media":"","overlay-type":"","overlay-color":"","overlay-opacity":"","overlay-gradient":""}},"ast-content-background-meta":{"desktop":{"background-color":"var(--ast-global-color-5)","background-image":"","background-repeat":"repeat","background-position":"center center","background-size":"auto","background-attachment":"scroll","background-type":"","background-media":"","overlay-type":"","overlay-color":"","overlay-opacity":"","overlay-gradient":""},"tablet":{"background-color":"var(--ast-global-color-5)","background-image":"","background-repeat":"repeat","background-position":"center center","background-size":"auto","background-attachment":"scroll","background-type":"","background-media":"","overlay-type":"","overlay-color":"","overlay-opacity":"","overlay-gradient":""},"mobile":{"background-color":"var(--ast-global-color-5)","background-image":"","background-repeat":"repeat","background-position":"center center","background-size":"auto","background-attachment":"scroll","background-type":"","background-media":"","overlay-type":"","overlay-color":"","overlay-opacity":"","overlay-gradient":""}},"footnotes":""},"categories":[23,2165],"tags":[18,110,3015,19,183,111,3989,186,53,24,68,507,28,4897,508,4898,115,4899],"class_list":["post-77785","post","type-post","status-publish","format-standard","has-post-thumbnail","hentry","category-destacats","category-infarma","tag-cofb","tag-cofm","tag-collegi-de-farmaceutics","tag-collegi-de-farmaceutics-de-barcelona","tag-colegio-de-farmaceuticos-de-madrid","tag-congres","tag-congres-europeu-doficina-de-farmacia","tag-congres-europeu-doficina-de-farmacia-i-salo-de-medicaments-i-parafarmacia","tag-farmaceutics","tag-farmaceutics-comunitaris","tag-farmacia","tag-ifema","tag-infarma","tag-infarma-2024","tag-infarma-madrid","tag-infarma-madrid-2024","tag-interalia","tag-salo-de-medicaments-i-parafarmacia"],"yoast_head":"<!-- This site is optimized with the Yoast SEO plugin v22.4 - https:\/\/yoast.com\/wordpress\/plugins\/seo\/ -->\n<title>\u2018Infarma 2024\u2019: solucions per impulsar el valor que la farm\u00e0cia aporta a la societat - Col\u00b7legi de Farmac\u00e8utics de Barcelona<\/title>\n<meta name=\"description\" content=\"\u201cPosa la teva farm\u00e0cia a l&#039;avantguarda\u201d. Aquest \u00e9s el lema sota el qual Infarma celebrar\u00e0 la seva nova edici\u00f3 del 19 al 21 de mar\u00e7 de 2024.\" \/>\n<meta name=\"robots\" content=\"index, follow, max-snippet:-1, max-image-preview:large, max-video-preview:-1\" \/>\n<link rel=\"canonical\" href=\"https:\/\/www.cofb.org\/es\/2023\/12\/14\/infarma-2024-solucions-per-impulsar-el-valor-que-la-farmacia-aporta-a-la-societat\/\" \/>\n<meta property=\"og:locale\" content=\"es_ES\" \/>\n<meta property=\"og:type\" content=\"article\" \/>\n<meta property=\"og:title\" content=\"\u2018Infarma 2024\u2019: solucions per impulsar el valor que la farm\u00e0cia aporta a la societat - Col\u00b7legi de Farmac\u00e8utics de Barcelona\" \/>\n<meta property=\"og:description\" content=\"\u201cPosa la teva farm\u00e0cia a l&#039;avantguarda\u201d. Aquest \u00e9s el lema sota el qual Infarma celebrar\u00e0 la seva nova edici\u00f3 del 19 al 21 de mar\u00e7 de 2024.\" \/>\n<meta property=\"og:url\" content=\"https:\/\/www.cofb.org\/es\/2023\/12\/14\/infarma-2024-solucions-per-impulsar-el-valor-que-la-farmacia-aporta-a-la-societat\/\" \/>\n<meta property=\"og:site_name\" content=\"Col\u00b7legi de Farmac\u00e8utics de Barcelona\" \/>\n<meta property=\"article:publisher\" content=\"https:\/\/www.facebook.com\/farmaceuticsbcn\/\" \/>\n<meta property=\"article:published_time\" content=\"2023-12-14T15:44:00+00:00\" \/>\n<meta property=\"article:modified_time\" content=\"2024-04-05T10:29:05+00:00\" \/>\n<meta property=\"og:image\" content=\"https:\/\/novaorg.cofb.net\/wp-content\/uploads\/2024\/04\/COFB_InfarmaMadrid2024_lema_slider-1024x508-1.jpeg\" \/>\n\t<meta property=\"og:image:width\" content=\"1024\" \/>\n\t<meta property=\"og:image:height\" content=\"508\" \/>\n\t<meta property=\"og:image:type\" content=\"image\/jpeg\" \/>\n<meta name=\"author\" content=\"wpAdminCofbOrg\" \/>\n<meta name=\"twitter:card\" content=\"summary_large_image\" \/>\n<meta name=\"twitter:creator\" content=\"@farmaceuticsbcn\" \/>\n<meta name=\"twitter:site\" content=\"@farmaceuticsbcn\" \/>\n<meta name=\"twitter:label1\" content=\"Escrito por\" \/>\n\t<meta name=\"twitter:data1\" content=\"wpAdminCofbOrg\" \/>\n\t<meta name=\"twitter:label2\" content=\"Tiempo de lectura\" \/>\n\t<meta name=\"twitter:data2\" content=\"5 minutos\" \/>\n<script type=\"application\/ld+json\" class=\"yoast-schema-graph\">{\"@context\":\"https:\/\/schema.org\",\"@graph\":[{\"@type\":\"Article\",\"@id\":\"https:\/\/www.cofb.org\/2023\/12\/14\/infarma-2024-solucions-per-impulsar-el-valor-que-la-farmacia-aporta-a-la-societat\/#article\",\"isPartOf\":{\"@id\":\"https:\/\/www.cofb.org\/2023\/12\/14\/infarma-2024-solucions-per-impulsar-el-valor-que-la-farmacia-aporta-a-la-societat\/\"},\"author\":{\"name\":\"wpAdminCofbOrg\",\"@id\":\"https:\/\/www.cofb.org\/#\/schema\/person\/22ed7eea88da74b0fa4d3154ad87ffcb\"},\"headline\":\"\u2018Infarma 2024\u2019: solucions per impulsar el valor que la farm\u00e0cia aporta a la societat\",\"datePublished\":\"2023-12-14T15:44:00+00:00\",\"dateModified\":\"2024-04-05T10:29:05+00:00\",\"mainEntityOfPage\":{\"@id\":\"https:\/\/www.cofb.org\/2023\/12\/14\/infarma-2024-solucions-per-impulsar-el-valor-que-la-farmacia-aporta-a-la-societat\/\"},\"wordCount\":907,\"commentCount\":0,\"publisher\":{\"@id\":\"https:\/\/www.cofb.org\/#organization\"},\"image\":{\"@id\":\"https:\/\/www.cofb.org\/2023\/12\/14\/infarma-2024-solucions-per-impulsar-el-valor-que-la-farmacia-aporta-a-la-societat\/#primaryimage\"},\"thumbnailUrl\":\"https:\/\/www.cofb.org\/wp-content\/uploads\/2024\/04\/COFB_InfarmaMadrid2024_lema_slider-1024x508-1.jpeg\",\"keywords\":[\"COFB\",\"COFM\",\"Col\u00b7legi de Farmac\u00e8utics\",\"Col\u00b7legi de Farmac\u00e8utics de Barcelona\",\"Colegio de Farmac\u00e9uticos de Madrid\",\"Congr\u00e8s\",\"Congr\u00e9s europeu d'oficina de farm\u00e0cia\",\"Congr\u00e9s Europeu d'Oficina de Farm\u00e0cia i Sal\u00f3 de Medicaments i Parafarm\u00e0cia\",\"farmac\u00e8utics\",\"farmac\u00e8utics comunitaris\",\"Farm\u00e0cia\",\"Ifema\",\"Infarma\",\"Infarma 2024\",\"Infarma Madrid\",\"Infarma Madrid 2024\",\"Interalia\",\"Sal\u00f3 de Medicaments i Parafarm\u00e0cia\"],\"articleSection\":[\"Destacats\",\"Infarma\"],\"inLanguage\":\"es\",\"potentialAction\":[{\"@type\":\"CommentAction\",\"name\":\"Comment\",\"target\":[\"https:\/\/www.cofb.org\/2023\/12\/14\/infarma-2024-solucions-per-impulsar-el-valor-que-la-farmacia-aporta-a-la-societat\/#respond\"]}]},{\"@type\":\"WebPage\",\"@id\":\"https:\/\/www.cofb.org\/2023\/12\/14\/infarma-2024-solucions-per-impulsar-el-valor-que-la-farmacia-aporta-a-la-societat\/\",\"url\":\"https:\/\/www.cofb.org\/2023\/12\/14\/infarma-2024-solucions-per-impulsar-el-valor-que-la-farmacia-aporta-a-la-societat\/\",\"name\":\"\u2018Infarma 2024\u2019: solucions per impulsar el valor que la farm\u00e0cia aporta a la societat - Col\u00b7legi de Farmac\u00e8utics de Barcelona\",\"isPartOf\":{\"@id\":\"https:\/\/www.cofb.org\/#website\"},\"primaryImageOfPage\":{\"@id\":\"https:\/\/www.cofb.org\/2023\/12\/14\/infarma-2024-solucions-per-impulsar-el-valor-que-la-farmacia-aporta-a-la-societat\/#primaryimage\"},\"image\":{\"@id\":\"https:\/\/www.cofb.org\/2023\/12\/14\/infarma-2024-solucions-per-impulsar-el-valor-que-la-farmacia-aporta-a-la-societat\/#primaryimage\"},\"thumbnailUrl\":\"https:\/\/www.cofb.org\/wp-content\/uploads\/2024\/04\/COFB_InfarmaMadrid2024_lema_slider-1024x508-1.jpeg\",\"datePublished\":\"2023-12-14T15:44:00+00:00\",\"dateModified\":\"2024-04-05T10:29:05+00:00\",\"description\":\"\u201cPosa la teva farm\u00e0cia a l'avantguarda\u201d. Aquest \u00e9s el lema sota el qual Infarma celebrar\u00e0 la seva nova edici\u00f3 del 19 al 21 de mar\u00e7 de 2024.\",\"breadcrumb\":{\"@id\":\"https:\/\/www.cofb.org\/2023\/12\/14\/infarma-2024-solucions-per-impulsar-el-valor-que-la-farmacia-aporta-a-la-societat\/#breadcrumb\"},\"inLanguage\":\"es\",\"potentialAction\":[{\"@type\":\"ReadAction\",\"target\":[\"https:\/\/www.cofb.org\/2023\/12\/14\/infarma-2024-solucions-per-impulsar-el-valor-que-la-farmacia-aporta-a-la-societat\/\"]}]},{\"@type\":\"ImageObject\",\"inLanguage\":\"es\",\"@id\":\"https:\/\/www.cofb.org\/2023\/12\/14\/infarma-2024-solucions-per-impulsar-el-valor-que-la-farmacia-aporta-a-la-societat\/#primaryimage\",\"url\":\"https:\/\/www.cofb.org\/wp-content\/uploads\/2024\/04\/COFB_InfarmaMadrid2024_lema_slider-1024x508-1.jpeg\",\"contentUrl\":\"https:\/\/www.cofb.org\/wp-content\/uploads\/2024\/04\/COFB_InfarmaMadrid2024_lema_slider-1024x508-1.jpeg\",\"width\":1024,\"height\":508},{\"@type\":\"BreadcrumbList\",\"@id\":\"https:\/\/www.cofb.org\/2023\/12\/14\/infarma-2024-solucions-per-impulsar-el-valor-que-la-farmacia-aporta-a-la-societat\/#breadcrumb\",\"itemListElement\":[{\"@type\":\"ListItem\",\"position\":1,\"name\":\"Inici\",\"item\":\"https:\/\/novaorg.cofb.net\/\"},{\"@type\":\"ListItem\",\"position\":2,\"name\":\"\u2018Infarma 2024\u2019: solucions per impulsar el valor que la farm\u00e0cia aporta a la societat\"}]},{\"@type\":\"WebSite\",\"@id\":\"https:\/\/www.cofb.org\/#website\",\"url\":\"https:\/\/www.cofb.org\/\",\"name\":\"Col\u00b7legi de Farmac\u00e8utics de Barcelona\",\"description\":\"\",\"publisher\":{\"@id\":\"https:\/\/www.cofb.org\/#organization\"},\"potentialAction\":[{\"@type\":\"SearchAction\",\"target\":{\"@type\":\"EntryPoint\",\"urlTemplate\":\"https:\/\/www.cofb.org\/?s={search_term_string}\"},\"query-input\":\"required name=search_term_string\"}],\"inLanguage\":\"es\"},{\"@type\":\"Organization\",\"@id\":\"https:\/\/www.cofb.org\/#organization\",\"name\":\"Col\u00b7legi de Farmac\u00e8utics de Barcelona\",\"url\":\"https:\/\/www.cofb.org\/\",\"logo\":{\"@type\":\"ImageObject\",\"inLanguage\":\"es\",\"@id\":\"https:\/\/www.cofb.org\/#\/schema\/logo\/image\/\",\"url\":\"https:\/\/www.cofb.org\/wp-content\/uploads\/2023\/11\/cropped-Logotip-COFB.png\",\"contentUrl\":\"https:\/\/www.cofb.org\/wp-content\/uploads\/2023\/11\/cropped-Logotip-COFB.png\",\"width\":500,\"height\":105,\"caption\":\"Col\u00b7legi de Farmac\u00e8utics de Barcelona\"},\"image\":{\"@id\":\"https:\/\/www.cofb.org\/#\/schema\/logo\/image\/\"},\"sameAs\":[\"https:\/\/www.facebook.com\/farmaceuticsbcn\/\",\"https:\/\/twitter.com\/farmaceuticsbcn\",\"https:\/\/www.instagram.com\/farmaceuticsbcn\/\",\"https:\/\/www.linkedin.com\/company\/farmaceuticsbcn\/\"]},{\"@type\":\"Person\",\"@id\":\"https:\/\/www.cofb.org\/#\/schema\/person\/22ed7eea88da74b0fa4d3154ad87ffcb\",\"name\":\"wpAdminCofbOrg\",\"image\":{\"@type\":\"ImageObject\",\"inLanguage\":\"es\",\"@id\":\"https:\/\/www.cofb.org\/#\/schema\/person\/image\/\",\"url\":\"https:\/\/secure.gravatar.com\/avatar\/1721b20b3b8ca882c3b56ec6c978c594fff670e40c0718e9190eaeeb76aae7d8?s=96&d=mm&r=g\",\"contentUrl\":\"https:\/\/secure.gravatar.com\/avatar\/1721b20b3b8ca882c3b56ec6c978c594fff670e40c0718e9190eaeeb76aae7d8?s=96&d=mm&r=g\",\"caption\":\"wpAdminCofbOrg\"},\"sameAs\":[\"http:\/\/192.168.64.122\/wordpress\"],\"url\":\"https:\/\/www.cofb.org\/es\/author\/wpadmincofborg\/\"}]}<\/script>\n<!-- \/ Yoast SEO plugin. -->","yoast_head_json":{"title":"\u2018Infarma 2024\u2019: solucions per impulsar el valor que la farm\u00e0cia aporta a la societat - Col\u00b7legi de Farmac\u00e8utics de Barcelona","description":"\u201cPosa la teva farm\u00e0cia a l'avantguarda\u201d. Aquest \u00e9s el lema sota el qual Infarma celebrar\u00e0 la seva nova edici\u00f3 del 19 al 21 de mar\u00e7 de 2024.","robots":{"index":"index","follow":"follow","max-snippet":"max-snippet:-1","max-image-preview":"max-image-preview:large","max-video-preview":"max-video-preview:-1"},"canonical":"https:\/\/www.cofb.org\/es\/2023\/12\/14\/infarma-2024-solucions-per-impulsar-el-valor-que-la-farmacia-aporta-a-la-societat\/","og_locale":"es_ES","og_type":"article","og_title":"\u2018Infarma 2024\u2019: solucions per impulsar el valor que la farm\u00e0cia aporta a la societat - Col\u00b7legi de Farmac\u00e8utics de Barcelona","og_description":"\u201cPosa la teva farm\u00e0cia a l'avantguarda\u201d. Aquest \u00e9s el lema sota el qual Infarma celebrar\u00e0 la seva nova edici\u00f3 del 19 al 21 de mar\u00e7 de 2024.","og_url":"https:\/\/www.cofb.org\/es\/2023\/12\/14\/infarma-2024-solucions-per-impulsar-el-valor-que-la-farmacia-aporta-a-la-societat\/","og_site_name":"Col\u00b7legi de Farmac\u00e8utics de Barcelona","article_publisher":"https:\/\/www.facebook.com\/farmaceuticsbcn\/","article_published_time":"2023-12-14T15:44:00+00:00","article_modified_time":"2024-04-05T10:29:05+00:00","og_image":[{"width":1024,"height":508,"url":"https:\/\/novaorg.cofb.net\/wp-content\/uploads\/2024\/04\/COFB_InfarmaMadrid2024_lema_slider-1024x508-1.jpeg","type":"image\/jpeg"}],"author":"wpAdminCofbOrg","twitter_card":"summary_large_image","twitter_creator":"@farmaceuticsbcn","twitter_site":"@farmaceuticsbcn","twitter_misc":{"Escrito por":"wpAdminCofbOrg","Tiempo de lectura":"5 minutos"},"schema":{"@context":"https:\/\/schema.org","@graph":[{"@type":"Article","@id":"https:\/\/www.cofb.org\/2023\/12\/14\/infarma-2024-solucions-per-impulsar-el-valor-que-la-farmacia-aporta-a-la-societat\/#article","isPartOf":{"@id":"https:\/\/www.cofb.org\/2023\/12\/14\/infarma-2024-solucions-per-impulsar-el-valor-que-la-farmacia-aporta-a-la-societat\/"},"author":{"name":"wpAdminCofbOrg","@id":"https:\/\/www.cofb.org\/#\/schema\/person\/22ed7eea88da74b0fa4d3154ad87ffcb"},"headline":"\u2018Infarma 2024\u2019: solucions per impulsar el valor que la farm\u00e0cia aporta a la societat","datePublished":"2023-12-14T15:44:00+00:00","dateModified":"2024-04-05T10:29:05+00:00","mainEntityOfPage":{"@id":"https:\/\/www.cofb.org\/2023\/12\/14\/infarma-2024-solucions-per-impulsar-el-valor-que-la-farmacia-aporta-a-la-societat\/"},"wordCount":907,"commentCount":0,"publisher":{"@id":"https:\/\/www.cofb.org\/#organization"},"image":{"@id":"https:\/\/www.cofb.org\/2023\/12\/14\/infarma-2024-solucions-per-impulsar-el-valor-que-la-farmacia-aporta-a-la-societat\/#primaryimage"},"thumbnailUrl":"https:\/\/www.cofb.org\/wp-content\/uploads\/2024\/04\/COFB_InfarmaMadrid2024_lema_slider-1024x508-1.jpeg","keywords":["COFB","COFM","Col\u00b7legi de Farmac\u00e8utics","Col\u00b7legi de Farmac\u00e8utics de Barcelona","Colegio de Farmac\u00e9uticos de Madrid","Congr\u00e8s","Congr\u00e9s europeu d'oficina de farm\u00e0cia","Congr\u00e9s Europeu d'Oficina de Farm\u00e0cia i Sal\u00f3 de Medicaments i Parafarm\u00e0cia","farmac\u00e8utics","farmac\u00e8utics comunitaris","Farm\u00e0cia","Ifema","Infarma","Infarma 2024","Infarma Madrid","Infarma Madrid 2024","Interalia","Sal\u00f3 de Medicaments i Parafarm\u00e0cia"],"articleSection":["Destacats","Infarma"],"inLanguage":"es","potentialAction":[{"@type":"CommentAction","name":"Comment","target":["https:\/\/www.cofb.org\/2023\/12\/14\/infarma-2024-solucions-per-impulsar-el-valor-que-la-farmacia-aporta-a-la-societat\/#respond"]}]},{"@type":"WebPage","@id":"https:\/\/www.cofb.org\/2023\/12\/14\/infarma-2024-solucions-per-impulsar-el-valor-que-la-farmacia-aporta-a-la-societat\/","url":"https:\/\/www.cofb.org\/2023\/12\/14\/infarma-2024-solucions-per-impulsar-el-valor-que-la-farmacia-aporta-a-la-societat\/","name":"\u2018Infarma 2024\u2019: solucions per impulsar el valor que la farm\u00e0cia aporta a la societat - Col\u00b7legi de Farmac\u00e8utics de Barcelona","isPartOf":{"@id":"https:\/\/www.cofb.org\/#website"},"primaryImageOfPage":{"@id":"https:\/\/www.cofb.org\/2023\/12\/14\/infarma-2024-solucions-per-impulsar-el-valor-que-la-farmacia-aporta-a-la-societat\/#primaryimage"},"image":{"@id":"https:\/\/www.cofb.org\/2023\/12\/14\/infarma-2024-solucions-per-impulsar-el-valor-que-la-farmacia-aporta-a-la-societat\/#primaryimage"},"thumbnailUrl":"https:\/\/www.cofb.org\/wp-content\/uploads\/2024\/04\/COFB_InfarmaMadrid2024_lema_slider-1024x508-1.jpeg","datePublished":"2023-12-14T15:44:00+00:00","dateModified":"2024-04-05T10:29:05+00:00","description":"\u201cPosa la teva farm\u00e0cia a l'avantguarda\u201d. Aquest \u00e9s el lema sota el qual Infarma celebrar\u00e0 la seva nova edici\u00f3 del 19 al 21 de mar\u00e7 de 2024.","breadcrumb":{"@id":"https:\/\/www.cofb.org\/2023\/12\/14\/infarma-2024-solucions-per-impulsar-el-valor-que-la-farmacia-aporta-a-la-societat\/#breadcrumb"},"inLanguage":"es","potentialAction":[{"@type":"ReadAction","target":["https:\/\/www.cofb.org\/2023\/12\/14\/infarma-2024-solucions-per-impulsar-el-valor-que-la-farmacia-aporta-a-la-societat\/"]}]},{"@type":"ImageObject","inLanguage":"es","@id":"https:\/\/www.cofb.org\/2023\/12\/14\/infarma-2024-solucions-per-impulsar-el-valor-que-la-farmacia-aporta-a-la-societat\/#primaryimage","url":"https:\/\/www.cofb.org\/wp-content\/uploads\/2024\/04\/COFB_InfarmaMadrid2024_lema_slider-1024x508-1.jpeg","contentUrl":"https:\/\/www.cofb.org\/wp-content\/uploads\/2024\/04\/COFB_InfarmaMadrid2024_lema_slider-1024x508-1.jpeg","width":1024,"height":508},{"@type":"BreadcrumbList","@id":"https:\/\/www.cofb.org\/2023\/12\/14\/infarma-2024-solucions-per-impulsar-el-valor-que-la-farmacia-aporta-a-la-societat\/#breadcrumb","itemListElement":[{"@type":"ListItem","position":1,"name":"Inici","item":"https:\/\/novaorg.cofb.net\/"},{"@type":"ListItem","position":2,"name":"\u2018Infarma 2024\u2019: solucions per impulsar el valor que la farm\u00e0cia aporta a la societat"}]},{"@type":"WebSite","@id":"https:\/\/www.cofb.org\/#website","url":"https:\/\/www.cofb.org\/","name":"Col\u00b7legi de Farmac\u00e8utics de Barcelona","description":"","publisher":{"@id":"https:\/\/www.cofb.org\/#organization"},"potentialAction":[{"@type":"SearchAction","target":{"@type":"EntryPoint","urlTemplate":"https:\/\/www.cofb.org\/?s={search_term_string}"},"query-input":"required name=search_term_string"}],"inLanguage":"es"},{"@type":"Organization","@id":"https:\/\/www.cofb.org\/#organization","name":"Col\u00b7legi de Farmac\u00e8utics de Barcelona","url":"https:\/\/www.cofb.org\/","logo":{"@type":"ImageObject","inLanguage":"es","@id":"https:\/\/www.cofb.org\/#\/schema\/logo\/image\/","url":"https:\/\/www.cofb.org\/wp-content\/uploads\/2023\/11\/cropped-Logotip-COFB.png","contentUrl":"https:\/\/www.cofb.org\/wp-content\/uploads\/2023\/11\/cropped-Logotip-COFB.png","width":500,"height":105,"caption":"Col\u00b7legi de Farmac\u00e8utics de Barcelona"},"image":{"@id":"https:\/\/www.cofb.org\/#\/schema\/logo\/image\/"},"sameAs":["https:\/\/www.facebook.com\/farmaceuticsbcn\/","https:\/\/twitter.com\/farmaceuticsbcn","https:\/\/www.instagram.com\/farmaceuticsbcn\/","https:\/\/www.linkedin.com\/company\/farmaceuticsbcn\/"]},{"@type":"Person","@id":"https:\/\/www.cofb.org\/#\/schema\/person\/22ed7eea88da74b0fa4d3154ad87ffcb","name":"wpAdminCofbOrg","image":{"@type":"ImageObject","inLanguage":"es","@id":"https:\/\/www.cofb.org\/#\/schema\/person\/image\/","url":"https:\/\/secure.gravatar.com\/avatar\/1721b20b3b8ca882c3b56ec6c978c594fff670e40c0718e9190eaeeb76aae7d8?s=96&d=mm&r=g","contentUrl":"https:\/\/secure.gravatar.com\/avatar\/1721b20b3b8ca882c3b56ec6c978c594fff670e40c0718e9190eaeeb76aae7d8?s=96&d=mm&r=g","caption":"wpAdminCofbOrg"},"sameAs":["http:\/\/192.168.64.122\/wordpress"],"url":"https:\/\/www.cofb.org\/es\/author\/wpadmincofborg\/"}]}},"uagb_featured_image_src":{"full":["https:\/\/www.cofb.org\/wp-content\/uploads\/2024\/04\/COFB_InfarmaMadrid2024_lema_slider-1024x508-1.jpeg",1024,508,false],"thumbnail":["https:\/\/www.cofb.org\/wp-content\/uploads\/2024\/04\/COFB_InfarmaMadrid2024_lema_slider-1024x508-1-150x150.jpeg",150,150,true],"medium":["https:\/\/www.cofb.org\/wp-content\/uploads\/2024\/04\/COFB_InfarmaMadrid2024_lema_slider-1024x508-1-300x149.jpeg",300,149,true],"medium_large":["https:\/\/www.cofb.org\/wp-content\/uploads\/2024\/04\/COFB_InfarmaMadrid2024_lema_slider-1024x508-1-768x381.jpeg",768,381,true],"large":["https:\/\/www.cofb.org\/wp-content\/uploads\/2024\/04\/COFB_InfarmaMadrid2024_lema_slider-1024x508-1.jpeg",1024,508,false],"1536x1536":["https:\/\/www.cofb.org\/wp-content\/uploads\/2024\/04\/COFB_InfarmaMadrid2024_lema_slider-1024x508-1.jpeg",1024,508,false],"2048x2048":["https:\/\/www.cofb.org\/wp-content\/uploads\/2024\/04\/COFB_InfarmaMadrid2024_lema_slider-1024x508-1.jpeg",1024,508,false],"trp-custom-language-flag":["https:\/\/www.cofb.org\/wp-content\/uploads\/2024\/04\/COFB_InfarmaMadrid2024_lema_slider-1024x508-1-18x9.jpeg",18,9,true]},"uagb_author_info":{"display_name":"wpAdminCofbOrg","author_link":"https:\/\/www.cofb.org\/es\/author\/wpadmincofborg\/"},"uagb_comment_info":0,"uagb_excerpt":"\u201cPosa la teva farm\u00e0cia a l&#8217;avantguarda\u201d. Aquest \u00e9s el lema sota el qual el Congr\u00e9s Europeu de Farm\u00e0cia i Sal\u00f3 de Medicaments i Parafarm\u00e0cia, Infarma, celebrar\u00e0 la seva nova edici\u00f3 del 19 al 21 de mar\u00e7 de 2024. La trobada tindr\u00e0 lloc en el recinte firal d\u2019IFEMA, a Madrid, organitzat [&hellip;]","_links":{"self":[{"href":"https:\/\/www.cofb.org\/es\/wp-json\/wp\/v2\/posts\/77785","targetHints":{"allow":["GET"]}}],"collection":[{"href":"https:\/\/www.cofb.org\/es\/wp-json\/wp\/v2\/posts"}],"about":[{"href":"https:\/\/www.cofb.org\/es\/wp-json\/wp\/v2\/types\/post"}],"author":[{"embeddable":true,"href":"https:\/\/www.cofb.org\/es\/wp-json\/wp\/v2\/users\/1"}],"replies":[{"embeddable":true,"href":"https:\/\/www.cofb.org\/es\/wp-json\/wp\/v2\/comments?post=77785"}],"version-history":[{"count":1,"href":"https:\/\/www.cofb.org\/es\/wp-json\/wp\/v2\/posts\/77785\/revisions"}],"predecessor-version":[{"id":78024,"href":"https:\/\/www.cofb.org\/es\/wp-json\/wp\/v2\/posts\/77785\/revisions\/78024"}],"wp:featuredmedia":[{"embeddable":true,"href":"https:\/\/www.cofb.org\/es\/wp-json\/wp\/v2\/media\/78023"}],"wp:attachment":[{"href":"https:\/\/www.cofb.org\/es\/wp-json\/wp\/v2\/media?parent=77785"}],"wp:term":[{"taxonomy":"category","embeddable":true,"href":"https:\/\/www.cofb.org\/es\/wp-json\/wp\/v2\/categories?post=77785"},{"taxonomy":"post_tag","embeddable":true,"href":"https:\/\/www.cofb.org\/es\/wp-json\/wp\/v2\/tags?post=77785"}],"curies":[{"name":"wp","href":"https:\/\/api.w.org\/{rel}","templated":true}]}}