{"id":77782,"date":"2024-01-11T17:57:00","date_gmt":"2024-01-11T15:57:00","guid":{"rendered":"https:\/\/blog.cofb.cat\/?p=68300"},"modified":"2024-04-05T10:17:23","modified_gmt":"2024-04-05T10:17:23","slug":"quin-es-el-present-i-el-futur-de-les-vacunes-en-patologies-respiratories","status":"publish","type":"post","link":"https:\/\/www.cofb.org\/es\/2024\/01\/11\/quin-es-el-present-i-el-futur-de-les-vacunes-en-patologies-respiratories\/","title":{"rendered":"\u00bfCu\u00e1l es el presente y el futuro de las vacunas en patolog\u00edas respiratorias?"},"content":{"rendered":"<p>El pasado 13 de diciembre, el <strong>Col\u00b7legi de Farmac\u00e8utics de Barcelona (COFB)<\/strong> organiz\u00f3 la <strong>tertulia de actualidad \u201cPresente y futuro de las vacunas en patolog\u00edas respiratorias\u201d<\/strong>. La tertulia corri\u00f3 a cargo de <strong>Montse Mart\u00ednez<\/strong>, jefe de servicio de Medicina Preventiva de la subdirecci\u00f3n general de Promoci\u00f3n de la Salud del Departamento de Salud, y de <strong>David de la Rosa<\/strong>, neum\u00f3logo adjunto del Servicio de Neumolog\u00eda del Hospital de la Santa Cruz y San Pablo. La vocal de Salud P\u00fablica del COFB, <strong>N\u00faria Oliva<\/strong>, moder\u00f3 la sesi\u00f3n.<\/p>\n\n\n\n<p>Los <strong>objetivos de la tertulia<\/strong> fueron <strong>conocer las patolog\u00edas respiratorias<\/strong> de las que existe <strong>prevenci\u00f3n mediante vacunaci\u00f3n<\/strong>, <strong>revisar las vacunas<\/strong> para la prevenci\u00f3n de estas patolog\u00edas del adulto, <strong>presentar las novedades y las tendencias de futuro<\/strong> en la prevenci\u00f3n y <strong>actualizar el calendario vacunal <\/strong>con las \u00faltimas novedades e incorporaciones de vacunas y grupos de vacunaci\u00f3n.<\/p>\n\n\n\n<figure class=\"wp-block-image size-large\"><a href=\"https:\/\/blog.cofb.cat\/wp-content\/uploads\/2024\/01\/COFB_TERTULIA-VACUNES_15012024_1-scaled.jpg\" target=\"_blank\" rel=\"noopener\"><img decoding=\"async\" src=\"https:\/\/blog.cofb.cat\/wp-content\/uploads\/2024\/01\/COFB_TERTULIA-VACUNES_15012024_1-1024x512.jpg\" alt=\"D'esquerra a dreta: Montse Mart\u00ednez, N\u00faria Oliva i David de la Rosa.\" class=\"wp-image-68314\" title=\"De izquierda a derecha: Montse Mart\u00ednez, N\u00faria Oliva y David de la Rosa.\"\/><\/a><figcaption>De izquierda a derecha: Montse Mart\u00ednez, N\u00faria Oliva y David de la Rosa.<\/figcaption><\/figure>\n\n\n\n<p>La presentaci\u00f3n de la tertulia corri\u00f3 a cargo de la vocal de Salud P\u00fablica del COFB, <strong>N\u00faria Oliva<\/strong>, que coment\u00f3 que a trav\u00e9s de la conferencia se pretende <strong>conocer un poco m\u00e1s toda la actualidad sobre las vacunas<\/strong>. En este sentido, explic\u00f3 que <strong>&quot;hay una gran variedad de vacunas conjugadas y recombinadas con tecnolog\u00eda ARN mensajero (ARNm)&quot; y que \u00e9stas son las que &quot;protagonizan el futuro de la medicina preventiva&quot;<\/strong>. Para cerrar la presentaci\u00f3n recalc\u00f3 la importancia de estar <strong>actualizados<\/strong> para poder ofrecer \u201ctoda la informaci\u00f3n que requiere el usuario y <strong>dar respuesta a las consultas que le dirijan a las oficinas de farmacia<\/strong>\u201d.<\/p>\n\n\n\n<p><strong>Sobre el presente y futuro de las vacunas en patolog\u00edas respiratorias<\/strong> habl\u00f3 de ello <strong>Montse Mart\u00ednez<\/strong>, jefe de servicio de Medicina Preventiva de la subdirecci\u00f3n general de Promoci\u00f3n de la Salud del Departament de Salut. Mart\u00ednez comparti\u00f3 el<strong>estrategia de inmunizaci\u00f3n en Catalu\u00f1a<\/strong>, \u201cde la que debemos estar orgullosos, ya que <strong>tenemos uno de los calendarios y recomendaciones de vacunaci\u00f3n m\u00e1s amplios a nivel global\u201d.<\/strong><\/p>\n\n\n\n<h2 class=\"wp-block-heading\"><strong>Situaci\u00f3n actual de la vacunaci\u00f3n para la prevenci\u00f3n de patolog\u00edas respiratorias<\/strong><\/h2>\n\n\n\n<p>En relaci\u00f3n con las <strong>coberturas de vacunaci\u00f3n en el \u00e1mbito estatal<\/strong>, Mart\u00ednez asegur\u00f3 que <strong>\u201cla aceptaci\u00f3n de la vacunaci\u00f3n sigue siendo muy elevada\u201d<\/strong> y que la vacunaci\u00f3n en primoinfantiles es muy buena, pero que <strong>desciende tanto con la edad como con las dosis de recuerdo<\/strong>: \u201c<strong>con la edad perdemos la adherencia a las recomendaciones de vacunaci\u00f3n y esto es muy importante, sobre todo por las enfermedades que queremos prevenir <\/strong>en personas de mayor edad\u201d. La situaci\u00f3n no mejora en adultos, en los que \u201cel salto es a\u00fan mayor y las coberturas de vacunaci\u00f3n son inferiores a las que nos gustar\u00eda, nos movemos en unos escenarios bastante inferiores a la primovacunaci\u00f3n\u201d. Sin embargo, se\u00f1al\u00f3 que hay \u201cmuchas <strong>vacunas seguras y eficaces\u201d<\/strong> y que con determinadas enfermedades, lo que se necesita<strong> &quot;es una cobertura m\u00e1s elevada para tener esta inmunidad de grupo&quot;<\/strong>.<\/p>\n\n\n\n<p>En cuanto al <strong>calendario de vacunaci\u00f3n<\/strong>, la jefa de servicio de Medicina Preventiva confirm\u00f3 que se ha modificado mucho despu\u00e9s de la COVID-19: \u201c<strong>el calendario no es est\u00e1tico sino que es din\u00e1mico y lo vamos adaptando seg\u00fan las necesidades que detectamos de la poblaci\u00f3n\u201d<\/strong>. Respecto al nombre del calendario especific\u00f3 que van un paso m\u00e1s all\u00e1 y que, en un futuro, pasar\u00e1 a llamarse <strong>&quot;calendario de inmunizaciones&quot;<\/strong>. Y a\u00f1adi\u00f3 que &quot;Catalunya elabora su calendario de vacunaciones en el marco del Calendario Com\u00fan del Consejo Interterritorial del Sistema Nacional de Salud (SNS) y con el asesoramiento del Consejo Asesor de Vacunaciones&quot;. <strong>La situaci\u00f3n epidemiol\u00f3gica, las nuevas vacunas, las coberturas de vacunaci\u00f3n, las estrategias de vacunaci\u00f3n y la carga de la enfermedad<\/strong> son algunos de los <strong>criterios de evaluaci\u00f3n<\/strong> para fomentar las modificaciones en el programa de vacunaci\u00f3n de Espa\u00f1a y las estrategias de salud p\u00fablica, seg\u00fan especific\u00f3.<\/p>\n\n\n\n<figure class=\"wp-block-image size-large\"><a href=\"https:\/\/blog.cofb.cat\/wp-content\/uploads\/2024\/01\/COFB_TERTULIA-VACUNES_15012024_2-scaled.jpg\" target=\"_blank\" rel=\"noopener\"><img decoding=\"async\" src=\"https:\/\/blog.cofb.cat\/wp-content\/uploads\/2024\/01\/COFB_TERTULIA-VACUNES_15012024_2-1024x512.jpg\" alt=\"Montse Mart\u00ednez en un moment de la tert\u00falia d'actualitat sobre les vacunes en patologies respirat\u00f2ries.\" class=\"wp-image-68315\" title=\"Montse Mart\u00ednez en un momento de la tertulia de actualidad sobre las vacunas en patolog\u00edas respiratorias.\"\/><\/a><figcaption>Montse Mart\u00ednez en un momento de la tertulia de actualidad sobre las vacunas en patolog\u00edas respiratorias.<\/figcaption><\/figure>\n\n\n\n<p>Tambi\u00e9n abord\u00f3 las <strong>vacunaciones fuera del calendario, <\/strong>que se administran a personas con enfermedades cr\u00f3nicas, ni\u00f1os prematuros, inmunodeficiencias y tratamientos inmunosupresores, personas inmigrantes o refugiadas, convivientes con pacientes con patolog\u00edas de riesgo, mujeres en edad f\u00e9rtil o gestaci\u00f3n y personas con trastornos gen\u00e9ticos. En referencia a las <strong>personas con condiciones de riesgo<\/strong>, la profesional mostr\u00f3 gr\u00e1ficas con diferentes <strong>tasas de cobertura de vacunaci\u00f3n<\/strong> y <strong>tasas de la autopercepci\u00f3n de estar saludable<\/strong>. <strong>Para mejorar las tasas de vacunaci\u00f3n<\/strong> asegur\u00f3 que es necesario \u201c<strong>trabajar conjuntamente<\/strong> todos los <strong>profesionales sanitarios<\/strong> de todo el sistema sanitario <strong>con los ciudadanos<\/strong> para conseguir que las recomendaciones de vacunaci\u00f3n, mediante los canales de comunicaci\u00f3n, lleguen a los ciudadanos\u201d.<\/p>\n\n\n\n<h2 class=\"wp-block-heading\"><strong>Novedades en las recomendaciones de inmunizaci\u00f3n<\/strong><\/h2>\n\n\n\n<p>La jefa de servicio de Medicina Preventiva comparti\u00f3 las \u00faltimas <strong>novedades en las recomendaciones de inmunizaci\u00f3n en Catalu\u00f1a 2022-2023, <\/strong>c\u00f3mo es el caso de <strong>la ampliaci\u00f3n de la vacuna contra el herpes z\u00f3ster<\/strong>, cambios en la <strong>vacunaci\u00f3n de la meningitis B<\/strong>, la <strong>inclusi\u00f3n de la vacuna contra el virus del papiloma humano (<\/strong>VPH) tambi\u00e9n en chicos o el <strong>cambio de la vacuna antineumoc\u00f3cica por la vacuna antineumoc\u00f3cica conjugada<\/strong>. Como novedad del oto\u00f1o de 2023, Mart\u00ednez indic\u00f3 que se ha recomendado vacunar de la <strong>gripe a todos los ni\u00f1os entre 6 y 59 meses <\/strong>durante la campa\u00f1a de vacunaci\u00f3n antigripal, puesto que &quot;en enfermedades respiratorias las complicaciones no s\u00f3lo son en personas mayores&quot;. Asimismo, tambi\u00e9n record\u00f3 las indicaciones y recomendaciones tanto de la vacunaci\u00f3n de la COVID-19 como de la gripe.<\/p>\n\n\n\n<p>Para cerrar su presentaci\u00f3n, abord\u00f3 el <strong>Programa de inmunizaci\u00f3n contra el virus respiratorio sincicial (VRS) para ni\u00f1os en Catalu\u00f1a<\/strong>: \u00e9ste es \u201cel motivo principal por el que hablamos de calendario de inmunizaciones y no de vacunas\u201d, ya que no es una vacuna sino <strong>un anticuerpo monoclonal<\/strong>. Respecto al programa, se\u00f1al\u00f3 que <strong>&quot;somos pioneros no s\u00f3lo aqu\u00ed sino a escala global&quot;<\/strong> y que, de momento, no tienen resultados, pero &quot;no hay noticias de colapsos de urgencias de pediatr\u00eda y esto es una buena se\u00f1al&quot;.<\/p>\n\n\n\n<h2 class=\"wp-block-heading\"><strong>Vacunaci\u00f3n en el paciente respiratorio adulto<\/strong><\/h2>\n\n\n\n<p>Seguidamente, intervino <strong>David de la Rosa<\/strong>, neum\u00f3logo adjunto del Servicio de Neumolog\u00eda del Hospital de la Santa Cruz y San Pablo, que comparti\u00f3 la siguiente reflexi\u00f3n para iniciar su ponencia: <strong>\u201cla vacunaci\u00f3n podemos entenderla como una actitud inteligente hacia una situaci\u00f3n que sabemos positivamente que quiz\u00e1s producir\u00e1 complicaciones si no la evitamos antes de que suceda\u201d<\/strong>.<\/p>\n\n\n\n<p>Antes de entrar a detallar las diferentes patolog\u00edas respiratorias, que pueden prevenirse mediante la vacunaci\u00f3n, el neum\u00f3logo defini\u00f3 <strong>qu\u00e9 son las vacunas<\/strong>: \u201ccualquiera <strong>preparaci\u00f3n destinada a generar inmunidad contra una enfermedad, estimulando la producci\u00f3n de anticuerpos<\/strong>, sin riesgo de contraer la enfermedad\u201d. De la Rosa repas\u00f3 las <strong>diferentes tipolog\u00edas y clasificaciones de vacunas<\/strong> y asegur\u00f3 que <strong>con la llegada del SARS-CoV-2<\/strong> se pusieron en marcha \u201cmecanismos de acci\u00f3n que llevaban muchos a\u00f1os en cajones; <strong>las vacunas de ARN no son nuevas, ya se hab\u00edan empezado a explorar, pero para virus que carec\u00edan de una gran implicaci\u00f3n en la epidemiolog\u00eda comunitaria\u201d<\/strong>. El neum\u00f3logo mencion\u00f3 algunas de las <strong>contradicciones de las vacunas <\/strong>y los <strong>efectos adversos<\/strong> relacionados, a la vez que introdujo dos conceptos en relaci\u00f3n con los pacientes cr\u00f3nicos: la inmunosenescencia y el \u201cinmunofitness\u201d.<\/p>\n\n\n\n<h3 class=\"wp-block-heading\"><strong>Virus de la gripe<\/strong><\/h3>\n\n\n\n<p>En el caso de la gripe, la describi\u00f3 como \u201c<strong>una enfermedad contagiosa, que se transmite f\u00e1cilmente de persona a persona, con un per\u00edodo de incubaci\u00f3n de entre 1 y 3 d\u00edas<\/strong>\u201d. Sobre este virus, remarc\u00f3 que <strong>\u201ces importante su impacto<\/strong>; en 2019 hubo <strong>600.000 casos<\/strong>, casi <strong>30.000 hospitalizaciones <\/strong>y caus\u00f3 la muerte de casi <strong>4.000 personas<\/strong>.&nbsp;&nbsp;<\/p>\n\n\n\n<p>Respecto a la <strong>sintomatolog\u00eda<\/strong> de la gripe, el doctor coment\u00f3 que, en ocasiones, <strong>es dif\u00edcil de distinguir de la COVID-19<\/strong>, por eso recomend\u00f3 los tests de gripe y COVID-19. \u201c<strong>Hacia la gripe, la vacuna es la mejor medida de prevenci\u00f3n<\/strong>\u201d, indic\u00f3.<\/p>\n\n\n\n<figure class=\"wp-block-image size-large\"><a href=\"https:\/\/blog.cofb.cat\/wp-content\/uploads\/2024\/01\/COFB_TERTULIA-VACUNES_15012024_3-scaled.jpg\" target=\"_blank\" rel=\"noopener\"><img decoding=\"async\" src=\"https:\/\/blog.cofb.cat\/wp-content\/uploads\/2024\/01\/COFB_TERTULIA-VACUNES_15012024_3-1024x512.jpg\" alt=\"David de la Rosa durant la seva exposici\u00f3.\" class=\"wp-image-68316\" title=\"David de la Rosa durante su exposici\u00f3n.\"\/><\/a><figcaption>David de la Rosa durante su exposici\u00f3n.<\/figcaption><\/figure>\n\n\n\n<h3 class=\"wp-block-heading\"><strong>Neumococo<\/strong><\/h3>\n\n\n\n<p>Seguidamente, habl\u00f3 sobre el neumococo, <strong>\u201cuna patolog\u00eda infecciosa causada por el \u201cStreptoccocus pneumoniae\u201d<\/strong>. En la mayor parte de los casos, \u201c<strong>esta patolog\u00eda se produce por la aspiraci\u00f3n o microaspiraci\u00f3n de nuestro propio neumococo<\/strong>\u201d . El doctor repas\u00f3 tanto los efectos agudos como las secuelas de esta enfermedad, as\u00ed como las diferencias entre las cuatro vacunas autorizadas: una polisac\u00e1rida con 23 serotipos (VNP23) y tres conjugadas (VCN13, VCN15 y la VCN20).<\/p>\n\n\n\n<h3 class=\"wp-block-heading\"><strong>Virus de la varicela z\u00f3ster<\/strong><\/h3>\n\n\n\n<p>Por otra parte, David de la Rosa habl\u00f3 sobre el<strong> virus de la varicela z\u00f3ster<\/strong>, una <strong>\u201cinfecci\u00f3n que suele ocurrir en la infancia<\/strong>\u201d, que queda latente, aunque \u201c<strong>puede reactivarse en una etapa posterior<\/strong>, causando una <strong>erupci\u00f3n<\/strong> y <strong>dolor caracter\u00edstico<\/strong> en el dermatoma correspondiente\u201d. Seg\u00fan puntualiz\u00f3, algunos estudios han demostrado que los <strong>pacientes con asma o con EPOC<\/strong> tienen <strong>m\u00e1s posibilidades de reactivaci\u00f3n<\/strong>, respecto al mismo grupo de poblaci\u00f3n sin estas patolog\u00edas. En relaci\u00f3n a las vacunas, record\u00f3 cu\u00e1les son las recomendaciones de vacunaci\u00f3n en Catalu\u00f1a, as\u00ed como las vacunas autorizadas para este virus.<\/p>\n\n\n\n<h3 class=\"wp-block-heading\"><strong>Tos ferina<\/strong><\/h3>\n\n\n\n<p>\u201cLa tos ferina <strong>es una enfermedad infecciosa altamente contagiosa e infradiagnosticada<\/strong> y, aunque <strong>su impacto es mayor en ni\u00f1os<\/strong>, nuevos datos sugieren que <strong>en personas mayores y en personas con enfermedades cr\u00f3nicas puede condicionar una morbilidad, mortalidad y costes significativos<\/strong>\u201d, apunt\u00f3 el neum\u00f3logo en cuanto a la tos felina, al mismo tiempo, que expuso varias pautas de uso de esta vacuna en adultos.<\/p>\n\n\n\n<h3 class=\"wp-block-heading\"><strong>COVID-19<\/strong><\/h3>\n\n\n\n<p>El doctor tambi\u00e9n hizo referencia a <strong>la COVID-19<\/strong>, que <strong>&quot;ha llegado para quedarse&quot;<\/strong>. En relaci\u00f3n a las vacunas, mostr\u00f3 las cifras de la distribuci\u00f3n de personas vacunadas de COVID-19, un total de <strong>41.310.204<\/strong> y explic\u00f3 que \u201cla diferencia de cifras entre las personas vacunadas y las complicaciones que se han producido, <strong>nos hacen poder afirmar que son<\/strong> <strong>vacunas seguras y efectivas<\/strong>\u201d.<\/p>\n\n\n\n<h3 class=\"wp-block-heading\"><strong>Virus respiratorio sincicial (VRS)<\/strong><\/h3>\n\n\n\n<p>Por \u00faltimo, respecto al <strong>virus respiratorio sincicial<\/strong>, confirm\u00f3 que en ni\u00f1os fue un problema en el a\u00f1o 2022. \u201cLa <strong>inmunizaci\u00f3n en ni\u00f1os<\/strong> lo tengo clar\u00edsimo, ya que <strong>nos ayudar\u00e1 a reducir el impacto de infecci\u00f3n en este grupo de edad, pero en adultos creo que estamos yendo un poco r\u00e1pido<\/strong>\u201d, haciendo referencia a que es necesario plantear correctamente las recomendaciones de vacunaci\u00f3n de este virus. &quot;Es posible que la vacunaci\u00f3n hacia el VRS sea la siguiente en implementarse&quot;, concluy\u00f3 el doctor.<\/p>\n\n\n\n<p><strong><br>Otras publicaciones de inter\u00e9s:<\/strong><\/p>\n\n\n\n<ul class=\"wp-block-list\"><li><a href=\"https:\/\/blog.cofb.cat\/blog\/2022\/07\/01\/nova-conferencia-al-cofb-que-cal-saber-sobre-la-vacunacio-contra-lherpes-zoster\/\" target=\"_blank\" rel=\"noreferrer noopener\">Nueva conferencia en el COFB: \u00bfQu\u00e9 saber sobre la vacunaci\u00f3n contra el herpes z\u00f3ster? (Julio 2022)<\/a><\/li><li><a href=\"https:\/\/blog.cofb.cat\/blog\/2021\/04\/30\/lestrategia-vacunacio-contra-covid-19-catalunya-nova-tertulia-dactualitat-cofb\/\" target=\"_blank\" rel=\"noreferrer noopener\">La estrategia de vacunaci\u00f3n contra la COVID-19 en Catalu\u00f1a. Nueva tertulia de actualidad en el COFB (Abril 2021)<\/a><\/li><li><a href=\"https:\/\/blog.cofb.cat\/blog\/2021\/02\/11\/vacunacio-covid-19-dels-professionals-farmaceutics-preguntes-frequents\/\" target=\"_blank\" rel=\"noreferrer noopener\">Vacunaci\u00f3n COVID-19 de los profesionales farmac\u00e9uticos: preguntas frecuentes (Febrero 2021)<\/a><\/li><\/ul>","protected":false},"excerpt":{"rendered":"<p>El pasado 13 de diciembre, el Colegio de Farmac\u00e9uticos de Barcelona (COFB) organiz\u00f3 la tertulia de actualidad &quot;Presente y futuro de las vacunas en patolog\u00edas respiratorias&quot;. La tertulia corri\u00f3 a cargo de Montse Mart\u00ednez, jefe de servicio de Medicina Preventiva de la subdirecci\u00f3n general de Promoci\u00f3n de la Salud [\u2026]<\/p>","protected":false},"author":1,"featured_media":77978,"comment_status":"open","ping_status":"open","sticky":false,"template":"","format":"standard","meta":{"_uag_custom_page_level_css":"","site-sidebar-layout":"default","site-content-layout":"","ast-site-content-layout":"default","site-content-style":"default","site-sidebar-style":"default","ast-global-header-display":"","ast-banner-title-visibility":"","ast-main-header-display":"","ast-hfb-above-header-display":"","ast-hfb-below-header-display":"","ast-hfb-mobile-header-display":"","site-post-title":"","ast-breadcrumbs-content":"","ast-featured-img":"disabled","footer-sml-layout":"","theme-transparent-header-meta":"","adv-header-id-meta":"","stick-header-meta":"","header-above-stick-meta":"","header-main-stick-meta":"","header-below-stick-meta":"","astra-migrate-meta-layouts":"set","ast-page-background-enabled":"default","ast-page-background-meta":{"desktop":{"background-color":"var(--ast-global-color-4)","background-image":"","background-repeat":"repeat","background-position":"center center","background-size":"auto","background-attachment":"scroll","background-type":"","background-media":"","overlay-type":"","overlay-color":"","overlay-opacity":"","overlay-gradient":""},"tablet":{"background-color":"","background-image":"","background-repeat":"repeat","background-position":"center center","background-size":"auto","background-attachment":"scroll","background-type":"","background-media":"","overlay-type":"","overlay-color":"","overlay-opacity":"","overlay-gradient":""},"mobile":{"background-color":"","background-image":"","background-repeat":"repeat","background-position":"center center","background-size":"auto","background-attachment":"scroll","background-type":"","background-media":"","overlay-type":"","overlay-color":"","overlay-opacity":"","overlay-gradient":""}},"ast-content-background-meta":{"desktop":{"background-color":"var(--ast-global-color-5)","background-image":"","background-repeat":"repeat","background-position":"center center","background-size":"auto","background-attachment":"scroll","background-type":"","background-media":"","overlay-type":"","overlay-color":"","overlay-opacity":"","overlay-gradient":""},"tablet":{"background-color":"var(--ast-global-color-5)","background-image":"","background-repeat":"repeat","background-position":"center center","background-size":"auto","background-attachment":"scroll","background-type":"","background-media":"","overlay-type":"","overlay-color":"","overlay-opacity":"","overlay-gradient":""},"mobile":{"background-color":"var(--ast-global-color-5)","background-image":"","background-repeat":"repeat","background-position":"center center","background-size":"auto","background-attachment":"scroll","background-type":"","background-media":"","overlay-type":"","overlay-color":"","overlay-opacity":"","overlay-gradient":""}},"footnotes":""},"categories":[23,57],"tags":[4868,18,19,90,52,53,300,964,810,3794,2275,4869,4870,3747,264,4871,361,4872,139,140,4873,4874,2387,814,2194,4875,4876,4877,4878],"class_list":["post-77782","post","type-post","status-publish","format-standard","has-post-thumbnail","hentry","category-destacats","category-mon-collegial","tag-calendari-vacunal","tag-cofb","tag-collegi-de-farmaceutics-de-barcelona","tag-covid-19","tag-farmaceutic","tag-farmaceutics","tag-formacio-continuada","tag-grip","tag-herpes-zoster","tag-medicina-preventiva","tag-meningitis","tag-meningitis-b","tag-patologies-respiratories","tag-pneumococ","tag-prevencio","tag-programa-dimmunitzacio-contra-el-virus-respiratori-sincicial-vrs","tag-sars-cov-2","tag-taxa-de-vacunacio","tag-tertulia-actualitat","tag-tertulia-dactualitat","tag-tos-ferina","tag-vacuna-herpes-zoster","tag-vacuna-meningitis","tag-vacunacio","tag-vacunes","tag-virus-de-la-grip","tag-virus-de-la-varicella-zoster","tag-virus-respiratori-sincicial","tag-vrs"],"yoast_head":"<!-- This site is optimized with the Yoast SEO plugin v22.4 - https:\/\/yoast.com\/wordpress\/plugins\/seo\/ -->\n<title>Quin \u00e9s el present i el futur de les vacunes en patologies respirat\u00f2ries? - Col\u00b7legi de Farmac\u00e8utics de Barcelona<\/title>\n<meta name=\"description\" content=\"El passat 13 de desembre, el COFB va organitzar la tert\u00falia d\u2019actualitat \u201cPresent i futur de les vacunes en patologies respirat\u00f2ries\u201d.\" \/>\n<meta name=\"robots\" content=\"index, follow, max-snippet:-1, max-image-preview:large, max-video-preview:-1\" \/>\n<link rel=\"canonical\" href=\"https:\/\/novaorg.cofb.net\/2024\/01\/11\/quin-es-el-present-i-el-futur-de-les-vacunes-en-patologies-respiratories\/\" \/>\n<meta property=\"og:locale\" content=\"es_ES\" \/>\n<meta property=\"og:type\" content=\"article\" \/>\n<meta property=\"og:title\" content=\"Quin \u00e9s el present i el futur de les vacunes en patologies respirat\u00f2ries? - Col\u00b7legi de Farmac\u00e8utics de Barcelona\" \/>\n<meta property=\"og:description\" content=\"El passat 13 de desembre, el COFB va organitzar la tert\u00falia d\u2019actualitat \u201cPresent i futur de les vacunes en patologies respirat\u00f2ries\u201d.\" \/>\n<meta property=\"og:url\" content=\"https:\/\/novaorg.cofb.net\/2024\/01\/11\/quin-es-el-present-i-el-futur-de-les-vacunes-en-patologies-respiratories\/\" \/>\n<meta property=\"og:site_name\" content=\"Col\u00b7legi de Farmac\u00e8utics de Barcelona\" \/>\n<meta property=\"article:publisher\" content=\"https:\/\/www.facebook.com\/farmaceuticsbcn\/\" \/>\n<meta property=\"article:published_time\" content=\"2024-01-11T15:57:00+00:00\" \/>\n<meta property=\"article:modified_time\" content=\"2024-04-05T10:17:23+00:00\" \/>\n<meta property=\"og:image\" content=\"https:\/\/novaorg.cofb.net\/wp-content\/uploads\/2024\/04\/COFB_TERTULIA-VACUNES_15012024_1-1024x512-1.jpeg\" \/>\n\t<meta property=\"og:image:width\" content=\"1024\" \/>\n\t<meta property=\"og:image:height\" content=\"512\" \/>\n\t<meta property=\"og:image:type\" content=\"image\/jpeg\" \/>\n<meta name=\"author\" content=\"wpAdminCofbOrg\" \/>\n<meta name=\"twitter:card\" content=\"summary_large_image\" \/>\n<meta name=\"twitter:creator\" content=\"@farmaceuticsbcn\" \/>\n<meta name=\"twitter:site\" content=\"@farmaceuticsbcn\" \/>\n<meta name=\"twitter:label1\" content=\"Escrito por\" \/>\n\t<meta name=\"twitter:data1\" content=\"wpAdminCofbOrg\" \/>\n\t<meta name=\"twitter:label2\" content=\"Tiempo de lectura\" \/>\n\t<meta name=\"twitter:data2\" content=\"11 minutos\" \/>\n<script type=\"application\/ld+json\" class=\"yoast-schema-graph\">{\"@context\":\"https:\/\/schema.org\",\"@graph\":[{\"@type\":\"Article\",\"@id\":\"https:\/\/novaorg.cofb.net\/2024\/01\/11\/quin-es-el-present-i-el-futur-de-les-vacunes-en-patologies-respiratories\/#article\",\"isPartOf\":{\"@id\":\"https:\/\/novaorg.cofb.net\/2024\/01\/11\/quin-es-el-present-i-el-futur-de-les-vacunes-en-patologies-respiratories\/\"},\"author\":{\"name\":\"wpAdminCofbOrg\",\"@id\":\"https:\/\/www.cofb.org\/#\/schema\/person\/22ed7eea88da74b0fa4d3154ad87ffcb\"},\"headline\":\"Quin \u00e9s el present i el futur de les vacunes en patologies respirat\u00f2ries?\",\"datePublished\":\"2024-01-11T15:57:00+00:00\",\"dateModified\":\"2024-04-05T10:17:23+00:00\",\"mainEntityOfPage\":{\"@id\":\"https:\/\/novaorg.cofb.net\/2024\/01\/11\/quin-es-el-present-i-el-futur-de-les-vacunes-en-patologies-respiratories\/\"},\"wordCount\":1886,\"commentCount\":0,\"publisher\":{\"@id\":\"https:\/\/www.cofb.org\/#organization\"},\"image\":{\"@id\":\"https:\/\/novaorg.cofb.net\/2024\/01\/11\/quin-es-el-present-i-el-futur-de-les-vacunes-en-patologies-respiratories\/#primaryimage\"},\"thumbnailUrl\":\"https:\/\/www.cofb.org\/wp-content\/uploads\/2024\/04\/COFB_TERTULIA-VACUNES_15012024_1-1024x512-1.jpeg\",\"keywords\":[\"calendari vacunal\",\"COFB\",\"Col\u00b7legi de Farmac\u00e8utics de Barcelona\",\"COVID-19\",\"farmac\u00e8utic\",\"farmac\u00e8utics\",\"formaci\u00f3 continuada\",\"Grip\",\"herpes z\u00f2ster\",\"medicina preventiva\",\"meningitis\",\"meningitis B\",\"patologies respirat\u00f2ries\",\"pneumococ\",\"prevenci\u00f3\",\"Programa d&#039;immunitzaci\u00f3 contra el virus respiratori sincicial (VRS)\",\"SARS-CoV-2\",\"taxa de vacunaci\u00f3\",\"tert\u00falia actualitat\",\"tert\u00falia d'actualitat\",\"Tos ferina\",\"vacuna herpes z\u00f2ster\",\"vacuna meningitis\",\"vacunaci\u00f3\",\"vacunes\",\"virus de la grip\",\"Virus de la varicel\u00b7la z\u00f2ster\",\"Virus respiratori sincicial\",\"VRS\"],\"articleSection\":[\"Destacats\",\"M\u00f3n col\u00b7legial\"],\"inLanguage\":\"es\",\"potentialAction\":[{\"@type\":\"CommentAction\",\"name\":\"Comment\",\"target\":[\"https:\/\/novaorg.cofb.net\/2024\/01\/11\/quin-es-el-present-i-el-futur-de-les-vacunes-en-patologies-respiratories\/#respond\"]}]},{\"@type\":\"WebPage\",\"@id\":\"https:\/\/novaorg.cofb.net\/2024\/01\/11\/quin-es-el-present-i-el-futur-de-les-vacunes-en-patologies-respiratories\/\",\"url\":\"https:\/\/novaorg.cofb.net\/2024\/01\/11\/quin-es-el-present-i-el-futur-de-les-vacunes-en-patologies-respiratories\/\",\"name\":\"Quin \u00e9s el present i el futur de les vacunes en patologies respirat\u00f2ries? - Col\u00b7legi de Farmac\u00e8utics de Barcelona\",\"isPartOf\":{\"@id\":\"https:\/\/www.cofb.org\/#website\"},\"primaryImageOfPage\":{\"@id\":\"https:\/\/novaorg.cofb.net\/2024\/01\/11\/quin-es-el-present-i-el-futur-de-les-vacunes-en-patologies-respiratories\/#primaryimage\"},\"image\":{\"@id\":\"https:\/\/novaorg.cofb.net\/2024\/01\/11\/quin-es-el-present-i-el-futur-de-les-vacunes-en-patologies-respiratories\/#primaryimage\"},\"thumbnailUrl\":\"https:\/\/www.cofb.org\/wp-content\/uploads\/2024\/04\/COFB_TERTULIA-VACUNES_15012024_1-1024x512-1.jpeg\",\"datePublished\":\"2024-01-11T15:57:00+00:00\",\"dateModified\":\"2024-04-05T10:17:23+00:00\",\"description\":\"El passat 13 de desembre, el COFB va organitzar la tert\u00falia d\u2019actualitat \u201cPresent i futur de les vacunes en patologies respirat\u00f2ries\u201d.\",\"breadcrumb\":{\"@id\":\"https:\/\/novaorg.cofb.net\/2024\/01\/11\/quin-es-el-present-i-el-futur-de-les-vacunes-en-patologies-respiratories\/#breadcrumb\"},\"inLanguage\":\"es\",\"potentialAction\":[{\"@type\":\"ReadAction\",\"target\":[\"https:\/\/novaorg.cofb.net\/2024\/01\/11\/quin-es-el-present-i-el-futur-de-les-vacunes-en-patologies-respiratories\/\"]}]},{\"@type\":\"ImageObject\",\"inLanguage\":\"es\",\"@id\":\"https:\/\/novaorg.cofb.net\/2024\/01\/11\/quin-es-el-present-i-el-futur-de-les-vacunes-en-patologies-respiratories\/#primaryimage\",\"url\":\"https:\/\/www.cofb.org\/wp-content\/uploads\/2024\/04\/COFB_TERTULIA-VACUNES_15012024_1-1024x512-1.jpeg\",\"contentUrl\":\"https:\/\/www.cofb.org\/wp-content\/uploads\/2024\/04\/COFB_TERTULIA-VACUNES_15012024_1-1024x512-1.jpeg\",\"width\":1024,\"height\":512},{\"@type\":\"BreadcrumbList\",\"@id\":\"https:\/\/novaorg.cofb.net\/2024\/01\/11\/quin-es-el-present-i-el-futur-de-les-vacunes-en-patologies-respiratories\/#breadcrumb\",\"itemListElement\":[{\"@type\":\"ListItem\",\"position\":1,\"name\":\"Inici\",\"item\":\"https:\/\/novaorg.cofb.net\/\"},{\"@type\":\"ListItem\",\"position\":2,\"name\":\"Quin \u00e9s el present i el futur de les vacunes en patologies respirat\u00f2ries?\"}]},{\"@type\":\"WebSite\",\"@id\":\"https:\/\/www.cofb.org\/#website\",\"url\":\"https:\/\/www.cofb.org\/\",\"name\":\"Col\u00b7legi de Farmac\u00e8utics de Barcelona\",\"description\":\"\",\"publisher\":{\"@id\":\"https:\/\/www.cofb.org\/#organization\"},\"potentialAction\":[{\"@type\":\"SearchAction\",\"target\":{\"@type\":\"EntryPoint\",\"urlTemplate\":\"https:\/\/www.cofb.org\/?s={search_term_string}\"},\"query-input\":\"required name=search_term_string\"}],\"inLanguage\":\"es\"},{\"@type\":\"Organization\",\"@id\":\"https:\/\/www.cofb.org\/#organization\",\"name\":\"Col\u00b7legi de Farmac\u00e8utics de Barcelona\",\"url\":\"https:\/\/www.cofb.org\/\",\"logo\":{\"@type\":\"ImageObject\",\"inLanguage\":\"es\",\"@id\":\"https:\/\/www.cofb.org\/#\/schema\/logo\/image\/\",\"url\":\"https:\/\/www.cofb.org\/wp-content\/uploads\/2023\/11\/cropped-Logotip-COFB.png\",\"contentUrl\":\"https:\/\/www.cofb.org\/wp-content\/uploads\/2023\/11\/cropped-Logotip-COFB.png\",\"width\":500,\"height\":105,\"caption\":\"Col\u00b7legi de Farmac\u00e8utics de Barcelona\"},\"image\":{\"@id\":\"https:\/\/www.cofb.org\/#\/schema\/logo\/image\/\"},\"sameAs\":[\"https:\/\/www.facebook.com\/farmaceuticsbcn\/\",\"https:\/\/twitter.com\/farmaceuticsbcn\",\"https:\/\/www.instagram.com\/farmaceuticsbcn\/\",\"https:\/\/www.linkedin.com\/company\/farmaceuticsbcn\/\"]},{\"@type\":\"Person\",\"@id\":\"https:\/\/www.cofb.org\/#\/schema\/person\/22ed7eea88da74b0fa4d3154ad87ffcb\",\"name\":\"wpAdminCofbOrg\",\"image\":{\"@type\":\"ImageObject\",\"inLanguage\":\"es\",\"@id\":\"https:\/\/www.cofb.org\/#\/schema\/person\/image\/\",\"url\":\"https:\/\/secure.gravatar.com\/avatar\/1721b20b3b8ca882c3b56ec6c978c594fff670e40c0718e9190eaeeb76aae7d8?s=96&d=mm&r=g\",\"contentUrl\":\"https:\/\/secure.gravatar.com\/avatar\/1721b20b3b8ca882c3b56ec6c978c594fff670e40c0718e9190eaeeb76aae7d8?s=96&d=mm&r=g\",\"caption\":\"wpAdminCofbOrg\"},\"sameAs\":[\"http:\/\/192.168.64.122\/wordpress\"],\"url\":\"https:\/\/www.cofb.org\/es\/author\/wpadmincofborg\/\"}]}<\/script>\n<!-- \/ Yoast SEO plugin. -->","yoast_head_json":{"title":"Quin \u00e9s el present i el futur de les vacunes en patologies respirat\u00f2ries? - Col\u00b7legi de Farmac\u00e8utics de Barcelona","description":"El passat 13 de desembre, el COFB va organitzar la tert\u00falia d\u2019actualitat \u201cPresent i futur de les vacunes en patologies respirat\u00f2ries\u201d.","robots":{"index":"index","follow":"follow","max-snippet":"max-snippet:-1","max-image-preview":"max-image-preview:large","max-video-preview":"max-video-preview:-1"},"canonical":"https:\/\/novaorg.cofb.net\/2024\/01\/11\/quin-es-el-present-i-el-futur-de-les-vacunes-en-patologies-respiratories\/","og_locale":"es_ES","og_type":"article","og_title":"Quin \u00e9s el present i el futur de les vacunes en patologies respirat\u00f2ries? - Col\u00b7legi de Farmac\u00e8utics de Barcelona","og_description":"El passat 13 de desembre, el COFB va organitzar la tert\u00falia d\u2019actualitat \u201cPresent i futur de les vacunes en patologies respirat\u00f2ries\u201d.","og_url":"https:\/\/novaorg.cofb.net\/2024\/01\/11\/quin-es-el-present-i-el-futur-de-les-vacunes-en-patologies-respiratories\/","og_site_name":"Col\u00b7legi de Farmac\u00e8utics de Barcelona","article_publisher":"https:\/\/www.facebook.com\/farmaceuticsbcn\/","article_published_time":"2024-01-11T15:57:00+00:00","article_modified_time":"2024-04-05T10:17:23+00:00","og_image":[{"width":1024,"height":512,"url":"https:\/\/novaorg.cofb.net\/wp-content\/uploads\/2024\/04\/COFB_TERTULIA-VACUNES_15012024_1-1024x512-1.jpeg","type":"image\/jpeg"}],"author":"wpAdminCofbOrg","twitter_card":"summary_large_image","twitter_creator":"@farmaceuticsbcn","twitter_site":"@farmaceuticsbcn","twitter_misc":{"Escrito por":"wpAdminCofbOrg","Tiempo de lectura":"11 minutos"},"schema":{"@context":"https:\/\/schema.org","@graph":[{"@type":"Article","@id":"https:\/\/novaorg.cofb.net\/2024\/01\/11\/quin-es-el-present-i-el-futur-de-les-vacunes-en-patologies-respiratories\/#article","isPartOf":{"@id":"https:\/\/novaorg.cofb.net\/2024\/01\/11\/quin-es-el-present-i-el-futur-de-les-vacunes-en-patologies-respiratories\/"},"author":{"name":"wpAdminCofbOrg","@id":"https:\/\/www.cofb.org\/#\/schema\/person\/22ed7eea88da74b0fa4d3154ad87ffcb"},"headline":"Quin \u00e9s el present i el futur de les vacunes en patologies respirat\u00f2ries?","datePublished":"2024-01-11T15:57:00+00:00","dateModified":"2024-04-05T10:17:23+00:00","mainEntityOfPage":{"@id":"https:\/\/novaorg.cofb.net\/2024\/01\/11\/quin-es-el-present-i-el-futur-de-les-vacunes-en-patologies-respiratories\/"},"wordCount":1886,"commentCount":0,"publisher":{"@id":"https:\/\/www.cofb.org\/#organization"},"image":{"@id":"https:\/\/novaorg.cofb.net\/2024\/01\/11\/quin-es-el-present-i-el-futur-de-les-vacunes-en-patologies-respiratories\/#primaryimage"},"thumbnailUrl":"https:\/\/www.cofb.org\/wp-content\/uploads\/2024\/04\/COFB_TERTULIA-VACUNES_15012024_1-1024x512-1.jpeg","keywords":["calendari vacunal","COFB","Col\u00b7legi de Farmac\u00e8utics de Barcelona","COVID-19","farmac\u00e8utic","farmac\u00e8utics","formaci\u00f3 continuada","Grip","herpes z\u00f2ster","medicina preventiva","meningitis","meningitis B","patologies respirat\u00f2ries","pneumococ","prevenci\u00f3","Programa d&#039;immunitzaci\u00f3 contra el virus respiratori sincicial (VRS)","SARS-CoV-2","taxa de vacunaci\u00f3","tert\u00falia actualitat","tert\u00falia d'actualitat","Tos ferina","vacuna herpes z\u00f2ster","vacuna meningitis","vacunaci\u00f3","vacunes","virus de la grip","Virus de la varicel\u00b7la z\u00f2ster","Virus respiratori sincicial","VRS"],"articleSection":["Destacats","M\u00f3n col\u00b7legial"],"inLanguage":"es","potentialAction":[{"@type":"CommentAction","name":"Comment","target":["https:\/\/novaorg.cofb.net\/2024\/01\/11\/quin-es-el-present-i-el-futur-de-les-vacunes-en-patologies-respiratories\/#respond"]}]},{"@type":"WebPage","@id":"https:\/\/novaorg.cofb.net\/2024\/01\/11\/quin-es-el-present-i-el-futur-de-les-vacunes-en-patologies-respiratories\/","url":"https:\/\/novaorg.cofb.net\/2024\/01\/11\/quin-es-el-present-i-el-futur-de-les-vacunes-en-patologies-respiratories\/","name":"Quin \u00e9s el present i el futur de les vacunes en patologies respirat\u00f2ries? - Col\u00b7legi de Farmac\u00e8utics de Barcelona","isPartOf":{"@id":"https:\/\/www.cofb.org\/#website"},"primaryImageOfPage":{"@id":"https:\/\/novaorg.cofb.net\/2024\/01\/11\/quin-es-el-present-i-el-futur-de-les-vacunes-en-patologies-respiratories\/#primaryimage"},"image":{"@id":"https:\/\/novaorg.cofb.net\/2024\/01\/11\/quin-es-el-present-i-el-futur-de-les-vacunes-en-patologies-respiratories\/#primaryimage"},"thumbnailUrl":"https:\/\/www.cofb.org\/wp-content\/uploads\/2024\/04\/COFB_TERTULIA-VACUNES_15012024_1-1024x512-1.jpeg","datePublished":"2024-01-11T15:57:00+00:00","dateModified":"2024-04-05T10:17:23+00:00","description":"El passat 13 de desembre, el COFB va organitzar la tert\u00falia d\u2019actualitat \u201cPresent i futur de les vacunes en patologies respirat\u00f2ries\u201d.","breadcrumb":{"@id":"https:\/\/novaorg.cofb.net\/2024\/01\/11\/quin-es-el-present-i-el-futur-de-les-vacunes-en-patologies-respiratories\/#breadcrumb"},"inLanguage":"es","potentialAction":[{"@type":"ReadAction","target":["https:\/\/novaorg.cofb.net\/2024\/01\/11\/quin-es-el-present-i-el-futur-de-les-vacunes-en-patologies-respiratories\/"]}]},{"@type":"ImageObject","inLanguage":"es","@id":"https:\/\/novaorg.cofb.net\/2024\/01\/11\/quin-es-el-present-i-el-futur-de-les-vacunes-en-patologies-respiratories\/#primaryimage","url":"https:\/\/www.cofb.org\/wp-content\/uploads\/2024\/04\/COFB_TERTULIA-VACUNES_15012024_1-1024x512-1.jpeg","contentUrl":"https:\/\/www.cofb.org\/wp-content\/uploads\/2024\/04\/COFB_TERTULIA-VACUNES_15012024_1-1024x512-1.jpeg","width":1024,"height":512},{"@type":"BreadcrumbList","@id":"https:\/\/novaorg.cofb.net\/2024\/01\/11\/quin-es-el-present-i-el-futur-de-les-vacunes-en-patologies-respiratories\/#breadcrumb","itemListElement":[{"@type":"ListItem","position":1,"name":"Inici","item":"https:\/\/novaorg.cofb.net\/"},{"@type":"ListItem","position":2,"name":"Quin \u00e9s el present i el futur de les vacunes en patologies respirat\u00f2ries?"}]},{"@type":"WebSite","@id":"https:\/\/www.cofb.org\/#website","url":"https:\/\/www.cofb.org\/","name":"Col\u00b7legi de Farmac\u00e8utics de Barcelona","description":"","publisher":{"@id":"https:\/\/www.cofb.org\/#organization"},"potentialAction":[{"@type":"SearchAction","target":{"@type":"EntryPoint","urlTemplate":"https:\/\/www.cofb.org\/?s={search_term_string}"},"query-input":"required name=search_term_string"}],"inLanguage":"es"},{"@type":"Organization","@id":"https:\/\/www.cofb.org\/#organization","name":"Col\u00b7legi de Farmac\u00e8utics de Barcelona","url":"https:\/\/www.cofb.org\/","logo":{"@type":"ImageObject","inLanguage":"es","@id":"https:\/\/www.cofb.org\/#\/schema\/logo\/image\/","url":"https:\/\/www.cofb.org\/wp-content\/uploads\/2023\/11\/cropped-Logotip-COFB.png","contentUrl":"https:\/\/www.cofb.org\/wp-content\/uploads\/2023\/11\/cropped-Logotip-COFB.png","width":500,"height":105,"caption":"Col\u00b7legi de Farmac\u00e8utics de Barcelona"},"image":{"@id":"https:\/\/www.cofb.org\/#\/schema\/logo\/image\/"},"sameAs":["https:\/\/www.facebook.com\/farmaceuticsbcn\/","https:\/\/twitter.com\/farmaceuticsbcn","https:\/\/www.instagram.com\/farmaceuticsbcn\/","https:\/\/www.linkedin.com\/company\/farmaceuticsbcn\/"]},{"@type":"Person","@id":"https:\/\/www.cofb.org\/#\/schema\/person\/22ed7eea88da74b0fa4d3154ad87ffcb","name":"wpAdminCofbOrg","image":{"@type":"ImageObject","inLanguage":"es","@id":"https:\/\/www.cofb.org\/#\/schema\/person\/image\/","url":"https:\/\/secure.gravatar.com\/avatar\/1721b20b3b8ca882c3b56ec6c978c594fff670e40c0718e9190eaeeb76aae7d8?s=96&d=mm&r=g","contentUrl":"https:\/\/secure.gravatar.com\/avatar\/1721b20b3b8ca882c3b56ec6c978c594fff670e40c0718e9190eaeeb76aae7d8?s=96&d=mm&r=g","caption":"wpAdminCofbOrg"},"sameAs":["http:\/\/192.168.64.122\/wordpress"],"url":"https:\/\/www.cofb.org\/es\/author\/wpadmincofborg\/"}]}},"uagb_featured_image_src":{"full":["https:\/\/www.cofb.org\/wp-content\/uploads\/2024\/04\/COFB_TERTULIA-VACUNES_15012024_1-1024x512-1.jpeg",1024,512,false],"thumbnail":["https:\/\/www.cofb.org\/wp-content\/uploads\/2024\/04\/COFB_TERTULIA-VACUNES_15012024_1-1024x512-1-150x150.jpeg",150,150,true],"medium":["https:\/\/www.cofb.org\/wp-content\/uploads\/2024\/04\/COFB_TERTULIA-VACUNES_15012024_1-1024x512-1-300x150.jpeg",300,150,true],"medium_large":["https:\/\/www.cofb.org\/wp-content\/uploads\/2024\/04\/COFB_TERTULIA-VACUNES_15012024_1-1024x512-1-768x384.jpeg",768,384,true],"large":["https:\/\/www.cofb.org\/wp-content\/uploads\/2024\/04\/COFB_TERTULIA-VACUNES_15012024_1-1024x512-1.jpeg",1024,512,false],"1536x1536":["https:\/\/www.cofb.org\/wp-content\/uploads\/2024\/04\/COFB_TERTULIA-VACUNES_15012024_1-1024x512-1.jpeg",1024,512,false],"2048x2048":["https:\/\/www.cofb.org\/wp-content\/uploads\/2024\/04\/COFB_TERTULIA-VACUNES_15012024_1-1024x512-1.jpeg",1024,512,false],"trp-custom-language-flag":["https:\/\/www.cofb.org\/wp-content\/uploads\/2024\/04\/COFB_TERTULIA-VACUNES_15012024_1-1024x512-1-18x9.jpeg",18,9,true]},"uagb_author_info":{"display_name":"wpAdminCofbOrg","author_link":"https:\/\/www.cofb.org\/es\/author\/wpadmincofborg\/"},"uagb_comment_info":0,"uagb_excerpt":"El passat 13 de desembre, el Col\u00b7legi de Farmac\u00e8utics de Barcelona (COFB) va organitzar la tert\u00falia d\u2019actualitat \u201cPresent i futur de les vacunes en patologies respirat\u00f2ries\u201d. La tert\u00falia va anar a c\u00e0rrec de Montse Mart\u00ednez, cap de servei de Medicina Preventiva de la subdirecci\u00f3 general de Promoci\u00f3 de la Salut [&hellip;]","_links":{"self":[{"href":"https:\/\/www.cofb.org\/es\/wp-json\/wp\/v2\/posts\/77782","targetHints":{"allow":["GET"]}}],"collection":[{"href":"https:\/\/www.cofb.org\/es\/wp-json\/wp\/v2\/posts"}],"about":[{"href":"https:\/\/www.cofb.org\/es\/wp-json\/wp\/v2\/types\/post"}],"author":[{"embeddable":true,"href":"https:\/\/www.cofb.org\/es\/wp-json\/wp\/v2\/users\/1"}],"replies":[{"embeddable":true,"href":"https:\/\/www.cofb.org\/es\/wp-json\/wp\/v2\/comments?post=77782"}],"version-history":[{"count":1,"href":"https:\/\/www.cofb.org\/es\/wp-json\/wp\/v2\/posts\/77782\/revisions"}],"predecessor-version":[{"id":77979,"href":"https:\/\/www.cofb.org\/es\/wp-json\/wp\/v2\/posts\/77782\/revisions\/77979"}],"wp:featuredmedia":[{"embeddable":true,"href":"https:\/\/www.cofb.org\/es\/wp-json\/wp\/v2\/media\/77978"}],"wp:attachment":[{"href":"https:\/\/www.cofb.org\/es\/wp-json\/wp\/v2\/media?parent=77782"}],"wp:term":[{"taxonomy":"category","embeddable":true,"href":"https:\/\/www.cofb.org\/es\/wp-json\/wp\/v2\/categories?post=77782"},{"taxonomy":"post_tag","embeddable":true,"href":"https:\/\/www.cofb.org\/es\/wp-json\/wp\/v2\/tags?post=77782"}],"curies":[{"name":"wp","href":"https:\/\/api.w.org\/{rel}","templated":true}]}}