{"id":77781,"date":"2024-01-24T19:29:52","date_gmt":"2024-01-24T17:29:52","guid":{"rendered":"https:\/\/blog.cofb.cat\/?p=68298"},"modified":"2024-07-04T15:03:21","modified_gmt":"2024-07-04T15:03:21","slug":"novembre-i-desembre-la-recepta-electronica-privada-la-inauguracio-del-programa-de-formacio-continuada-i-el-desabastiment-de-medicaments-temes-mes-destacats-als-mitjans","status":"publish","type":"post","link":"https:\/\/www.cofb.org\/es\/2024\/01\/24\/novembre-i-desembre-la-recepta-electronica-privada-la-inauguracio-del-programa-de-formacio-continuada-i-el-desabastiment-de-medicaments-temes-mes-destacats-als-mitjans\/","title":{"rendered":"Noviembre y diciembre: la receta electr\u00f3nica privada, la inauguraci\u00f3n del programa de formaci\u00f3n continuada y el desabastecimiento de medicamentos, temas m\u00e1s destacados en los medios"},"content":{"rendered":"<p><\/p>\n\n\n\n<h2 class=\"wp-block-heading\"><strong>La receta electr\u00f3nica llega a la sanidad privada<\/strong><\/h2>\n\n\n\n<p>A mediados de diciembre se anunci\u00f3 la <strong>colaboraci\u00f3n entre el Consejo de Colegios de M\u00e9dicos de Catalu\u00f1a (CCMC), el Consejo de Colegios Farmac\u00e9uticos de Catalu\u00f1a (CCFC) y el Colegio de Odont\u00f3logos y Estomat\u00f3logos de Catalu\u00f1a (COEC)<\/strong> para hacer realidad la <strong>receta electr\u00f3nica privada en Catalu\u00f1a<\/strong>. Esta noticia supone un gran avance en lo que respecta a la seguridad y calidad sanitaria de los pacientes. Se envi\u00f3 una nota de prensa con declaraciones de <strong>Jordi Casas, <\/strong>presidente del CCFC, que aparecieron en varios <strong>medios especializados<\/strong> c\u00f3mo <a href=\"https:\/\/elglobal.es\/farmacia\/la-receta-electronica-llega-a-la-sanidad-privada-de-cataluna\/\" target=\"_blank\" rel=\"noreferrer noopener\">El Global<\/a>, <a href=\"https:\/\/www.imfarmacias.es\/noticia\/34250\/la-receta-electronica-llega-a-la-sanidad-privada-de-cataluna.html\" target=\"_blank\" rel=\"noreferrer noopener\">IM Farmacias<\/a>, <a href=\"https:\/\/gacetadental.com\/2023\/12\/la-receta-electronica-llega-a-la-sanidad-privada-de-cataluna-54645\/\" target=\"_blank\" rel=\"noreferrer noopener\">Gaceta Dental<\/a>, <a href=\"https:\/\/www.eldentistamoderno.com\/texto-diario\/mostrar\/4650701\/dentistas-medicos-farmaceuticos-impulsan-llegada-receta-electronica-sanidad-privada-cataluna\" target=\"_blank\" rel=\"noreferrer noopener\">El Dentista Moderno<\/a>, <a href=\"https:\/\/www.pmfarma.com\/noticias\/55436-la-receta-electryinica-llega-a-la-sanidad-privada-de-cataluya-gracias-al-impulso-conjunto-de-mydicos-dentistas-y-farmacyuticos.html\" target=\"_blank\" rel=\"noreferrer noopener\">PMFarma<\/a> y <a href=\"https:\/\/vidasinsuperables.com\/la-agencia-del-medicamento-y-los-farmaceuticos-se-oponen-a-suprimir-a-corto-plazo-los-prospectos-en-papel\/\" target=\"_blank\" rel=\"noreferrer noopener\">Vidas Insuperables<\/a>. Tambi\u00e9n se hizo eco de la noticia en <a href=\"https:\/\/www.aldia.cat\/gent\/noticia-sanitat-privada-catalana-emet-140000-receptes-electroniques-fins-loctubre-daquest-any-20231214180807.html\" target=\"_blank\" rel=\"noreferrer noopener\">aldia.cat<\/a>, <a href=\"https:\/\/www.europapress.es\/catalunya\/noticia-sanidad-privada-catalana-emite-140000-recetas-electronicas-octubre-ano-20231214180052.html\" target=\"_blank\" rel=\"noreferrer noopener\">Europa Press<\/a>, <a href=\"http:\/\/www.gentedigital.es\/catalunya\/noticia\/3733596\/la-sanidad-privada-catalana-emite-140000-recetas-electronicas-hasta-octubre-de-este-ano\/\" target=\"_blank\" rel=\"noreferrer noopener\">Gente Digital<\/a> y <a href=\"https:\/\/www.noticiasde.es\/catalunya\/barcelona\/la-sanidad-privada-en-cataluna-ha-emitido-140-000-recetas-electronicas-hasta-octubre-de-este-ano\/\" target=\"_blank\" rel=\"noreferrer noopener\">NoticiasDe<\/a>.<\/p>\n\n\n\n<figure class=\"wp-block-image size-full\"><a href=\"https:\/\/blog.cofb.cat\/wp-content\/uploads\/2024\/01\/COFB_RECULLMITJANS_19012024_1-1.jpg\" target=\"_blank\" rel=\"noopener\"><img decoding=\"async\" src=\"https:\/\/blog.cofb.cat\/wp-content\/uploads\/2024\/01\/COFB_RECULLMITJANS_19012024_1-1.jpg\" alt=\"\" class=\"wp-image-68367\"\/><\/a><\/figure>\n\n\n\n<h2 class=\"wp-block-heading\"><strong><strong>Inauguraci\u00f3n del Programa de Formaci\u00f3n Continua COFB<\/strong><\/strong><\/h2>\n\n\n\n<p>El <strong>Col\u00b7legi de Farmac\u00e8utics de Barcelona (COFB)<\/strong> present\u00f3, a mediados de octubre, su <strong>Programa de Formaci\u00f3n Continuada 2023-2024<\/strong> con actividades formativas relacionadas con tres grandes \u00e1reas: medicamentos, servicios profesionales y abordaje del paciente. Los objetivos principales del programa son \u201c<strong>la excelencia profesional<\/strong> y <strong>la adquisici\u00f3n de nuevos conocimientos por parte de los colegiados y colegiadas<\/strong>, y <strong>fomentar su capacidad investigadora\u201d <\/strong>seg\u00fan detall\u00f3 la<strong> secretaria del COFB, Aina Surroca. <\/strong>En <a href=\"https:\/\/www.farmaventas.es\/noticias-del-sector\/14544-el-cofb-inaugura-el-programa-de-formacion-continuada-2023-2024.html\" target=\"_blank\" rel=\"noreferrer noopener\">Farmaventas<\/a> y <a href=\"https:\/\/www.pmfarma.com\/noticias\/55065-el-cofb-inaugura-el-programa-de-formaciyin-continuada-2023-2024-transversal-a-todos-los-yombitos-de-ejercicio-y-adaptado-a-las-necesidades-.html\" target=\"_blank\" rel=\"noreferrer noopener\">PM Farma<\/a> publicaron la nota de prensa enviada por el COFB en noviembre con declaraciones de <strong>Jordi Casas<\/strong>, presidente del COFB, y de<strong>Aina Surroca<\/strong>, secretaria del COFB. La noticia tambi\u00e9n apareci\u00f3 a otros <strong>medios especializados: <\/strong><a href=\"https:\/\/diariofarma.com\/2023\/10\/31\/el-cofb-abre-su-programa-de-formacion-adaptado-a-las-necesidades-de-los-colegiados\" target=\"_blank\" rel=\"noreferrer noopener\">Diariofarma<\/a>, <a href=\"https:\/\/elglobal.es\/farmacia\/el-cofb-presenta-el-programa-de-formacion-continuada-2023-2024\/\" target=\"_blank\" rel=\"noreferrer noopener\">El Global<\/a> y <a href=\"https:\/\/www.imfarmacias.es\/noticia\/33856\/el-cofb-inaugura-su-programa-de-formacion-continuada-con-una-clara-vi.html\" target=\"_blank\" rel=\"noreferrer noopener\">IM Farmacias<\/a>.<\/p>\n\n\n\n<figure class=\"wp-block-image size-full\"><a href=\"https:\/\/blog.cofb.cat\/wp-content\/uploads\/2024\/01\/COFB_RECULLMITJANS_19012024_2.jpg\" target=\"_blank\" rel=\"noopener\"><img decoding=\"async\" src=\"https:\/\/blog.cofb.cat\/wp-content\/uploads\/2024\/01\/COFB_RECULLMITJANS_19012024_2.jpg\" alt=\"\" class=\"wp-image-68368\"\/><\/a><\/figure>\n\n\n\n<h2 class=\"wp-block-heading\"><strong><strong><strong>Desabastecimiento de medicamentos<\/strong><\/strong><\/strong><\/h2>\n\n\n\n<p>Los problemas de suministro de medicamentos ha continuado siendo <strong>uno de los<\/strong> <strong>temas destacados en los medios<\/strong> a lo largo de noviembre y diciembre. Tanto en <a href=\"https:\/\/www.ccma.cat\/324\/lozempic-es-viralitza-a-la-xarxa-per-perdre-pes-i-deixa-pacients-diabetics-sense-tractament\/noticia\/3258462\/\" target=\"_blank\" rel=\"noreferrer noopener\">324<\/a> como <a href=\"https:\/\/www.ccma.cat\/3cat\/pacients-amb-diabetis-no-troben-el-seu-tractament-perque-es-fa-servir-per-perdre-pes\/video\/6248412\/\" target=\"_blank\" rel=\"noreferrer noopener\">TV3<\/a> (a partir del minuto 00:17), publicaron piezas con declaraciones de <strong>Guillermo Bagar\u00eda<\/strong>, vocal de Oficina de Farmacia del COFB, donde abord\u00f3, espec\u00edficamente, la falta de suministro del <strong>f\u00e1rmaco Ozempic<\/strong>. Los medios <a href=\"https:\/\/www.catalunyapress.cat\/article\/sala-despera\/2023-12-07\/4639870-200-medicaments-afectats-per-crisi-subministrament-no-tenen-alternativa\" target=\"_blank\" rel=\"noreferrer noopener\">Catalu\u00f1a Press<\/a>, Cadena Ser (<a href=\"https:\/\/cadenaser.com\/cataluna\/2023\/11\/06\/es-cronifica-la-crisi-dabastiment-a-les-farmacies-falten-mes-de-930-medicaments-sercat\/\" target=\"_blank\" rel=\"noreferrer noopener\">1 <\/a>y <a href=\"https:\/\/cadenaser.com\/audio\/ser_cat_aquicatalunya_20231106_070000_100600\/?ssm=whatsapp\" target=\"_blank\" rel=\"noreferrer noopener\">2<\/a>) y <a href=\"https:\/\/www.galiciapress.es\/articulo\/sanidad\/2023-12-07\/4641799-200-medicamentos-afectados-crisis-suministro-no-tienen-alternativa\" target=\"_blank\" rel=\"noreferrer noopener\">Galicia Press<\/a> recogieron declaraciones de la responsable del Centro de Informaci\u00f3n del Medicamento (CIM), <strong>Lorena Rivera<\/strong>. Tambi\u00e9n se entrevist\u00f3 en la <strong>farmac\u00e9utica comunitaria Ana Mera<\/strong>, en el programa \u201cTodo se mueve\u201d de <a href=\"https:\/\/www.ccma.cat\/3cat\/29112023\/video\/6253552\/\" target=\"_blank\" rel=\"noreferrer noopener\">TV3<\/a> (a partir del minuto 2:01:10), donde habl\u00f3 del desabastecimiento de medicamentos, entre otros temas.<\/p>\n\n\n\n<figure class=\"wp-block-image size-full\"><a href=\"https:\/\/blog.cofb.cat\/wp-content\/uploads\/2024\/01\/COFB_RECULLMITJANS_19012024_3.jpg\" target=\"_blank\" rel=\"noopener\"><img decoding=\"async\" src=\"https:\/\/blog.cofb.cat\/wp-content\/uploads\/2024\/01\/COFB_RECULLMITJANS_19012024_3.jpg\" alt=\"\" class=\"wp-image-68369\"\/><\/a><\/figure>\n\n\n\n<h2 class=\"wp-block-heading\"><strong><strong><strong><strong>Consejo farmac\u00e9utico en el programa \u201cHecho a medida\u201d de La Red<\/strong><\/strong><\/strong><\/strong><\/h2>\n\n\n\n<p>Durante estos dos meses, la farmac\u00e9utica y secretaria del Colegio, <strong>Aina Surroca<\/strong>, ha continuado realizando la secci\u00f3n quincenal, cada mi\u00e9rcoles en directo, en <strong>La Red<\/strong> en el <strong>magac\u00edn \u201cHecho a medida\u201d. <\/strong>En noviembre habl\u00f3 sobre \u201c<a href=\"https:\/\/www.laxarxa.cat\/programa\/fet-a-mida\/relacionat\/grips-refredats-i-covid-19\" target=\"_blank\" rel=\"noreferrer noopener\">Qu\u00e9 diferencia hay entre gripe, resfriado y COVID-19<\/a>?\u201d y \u201c<a href=\"https:\/\/www.laxarxa.cat\/programa\/fet-a-mida\/relacionat\/els-perills-de-prendre-antibiotics-de-manera-inadequada\" target=\"_blank\" rel=\"noreferrer noopener\">Uso correcto de los antibi\u00f3ticos<\/a>\u201d; y, en diciembre, \u201c<a href=\"https:\/\/www.laxarxa.cat\/programa\/fet-a-mida\/capitol\/capitol-533-20-12-2023\" target=\"_blank\" rel=\"noreferrer noopener\">Recomendaciones para disfrutar de unas fiestas saludables y consejos para reducir el colesterol<\/a>\u201d (a partir del minuto 1:00:38).<\/p>\n\n\n\n<h2 class=\"wp-block-heading\"><strong><strong><strong><strong>Infarma Madrid 2024<\/strong><\/strong><\/strong><\/strong><\/h2>\n\n\n\n<p>Durante diciembre, algunos medios han empezado a hacerse eco de <strong>la nueva edici\u00f3n de Infarma Madrid<\/strong> <strong>2024<\/strong>. Del 19 al 21 de marzo se celebrar\u00e1 la 34 edici\u00f3n <strong>organizada por los colegios de farmac\u00e9uticos de Madrid (COFM), de Barcelona (COFB) e Interalia<\/strong>. El congreso, que tendr\u00e1 lugar en el recinto ferial de IFEMA, tiene como objetivo ayudar a las farmacias y farmac\u00e9uticos y farmac\u00e9uticas comunitarias a hacer frente a los nuevos retos sanitarios y sociales con las herramientas m\u00e1s innovadoras y pr\u00e1cticas desde el punto de vista profesional, asistencial y empresarial. Los medios <a href=\"https:\/\/www.imfarmacias.es\/noticia\/34254\/infarma-2024-impulsar-el-valor-de-la-farmacia-en-nuestra-sociedad.html\" target=\"_blank\" rel=\"noreferrer noopener\">IM Farmacias<\/a>, <a href=\"https:\/\/revistafarmanatur.com\/noticias\/infarma-2024-soluciones-para-impulsar-el-valor-que-la-farmacia-aporta-a-la-sociedad\/\" target=\"_blank\" rel=\"noreferrer noopener\">Farmanaturo<\/a>, <a href=\"https:\/\/diariofarma.com\/2023\/12\/14\/infarma-2024-nuevos-espacios-y-modos-para-mostrar-el-valor-de-la-farmacia-comunitaria\" target=\"_blank\" rel=\"noreferrer noopener\">Diariofarma<\/a>, <a href=\"https:\/\/www.pmfarma.com\/noticias\/55437-aiinfarma-2024a-soluciones-para-impulsar-el-valor-que-la-farmacia-aporta-a-la-sociedad.html\" target=\"_blank\" rel=\"noreferrer noopener\">PM Farma<\/a>, <a href=\"https:\/\/www.farmaventas.es\/noticias-del-sector\/14700-infarma-2024-soluciones-para-impulsar-el-valor-que-la-farmacia-aporta-a-la-sociedad.html\" target=\"_blank\" rel=\"noreferrer noopener\">Farmaventas<\/a> y Europa Press publicaron piezas al respecto.<\/p>\n\n\n\n<figure class=\"wp-block-image size-full\"><a href=\"https:\/\/blog.cofb.cat\/wp-content\/uploads\/2024\/01\/COFB_RECULLMITJANS_19012024_4.jpg\" target=\"_blank\" rel=\"noopener\"><img decoding=\"async\" src=\"https:\/\/blog.cofb.cat\/wp-content\/uploads\/2024\/01\/COFB_RECULLMITJANS_19012024_4.jpg\" alt=\"\" class=\"wp-image-68370\"\/><\/a><\/figure>\n\n\n\n<h2 class=\"wp-block-heading\"><strong>El COFB como fuente de informaci\u00f3n<\/strong><\/h2>\n\n\n\n<h3 class=\"wp-block-heading\"><strong>Alimentaci\u00f3n y salud digestiva<\/strong><\/h3>\n\n\n\n<p><a href=\"https:\/\/www.imfarmacias.es\/noticia\/33922\/su-cercania-convierte-al-farmaceutico-en-un-influencer-de-los-pr.html\" target=\"_blank\" rel=\"noreferrer noopener\">IM Farmacias<\/a> public\u00f3 una pieza sobre el papel del farmac\u00e9utico en tratamientos para la salud digestiva con declaraciones de<strong>Andreu Prados, miembro de la vocal\u00eda de Alimentaci\u00f3n y Nutrici\u00f3n del COFB<\/strong>. <a href=\"https:\/\/revistaacofarma.com\/articulos\/nutricion\/como-fortalecer-el-sistema-inmunitario-mediante-la-alimentacion-y-la-nutricion\/\" target=\"_blank\" rel=\"noreferrer noopener\">Revista Acofarma <\/a>public\u00f3 un art\u00edculo <strong>de Anna Par\u00e9, <\/strong>de la<strong> vocal\u00eda de Alimentaci\u00f3n y Nutrici\u00f3n del COFB,<\/strong> sobre c\u00f3mo fortalecer el sistema inmunitario mediante la alimentaci\u00f3n y la nutrici\u00f3n. En <a href=\"https:\/\/www.rac1.cat\/salut\/20231117\/115860\/per-que-boom-magnesi-pren-molt-pels-efectes-relaxacio-i-musculatura.html\" target=\"_blank\" rel=\"noreferrer noopener\">RAC 1<\/a> elaboraron una pieza sobre los efectos y uso del magnesio, con declaraciones de <strong>Mar Blanco, tambi\u00e9n miembro de la vocal\u00eda de Alimentaci\u00f3n y Nutrici\u00f3n del COFB<\/strong>.<\/p>\n\n\n\n<h3 class=\"wp-block-heading\"><strong>Medicamentos<\/strong> <strong>con pseudoefedrina<\/strong><\/h3>\n\n\n\n<p>En noviembre, <a href=\"https:\/\/www.rtve.es\/play\/videos\/linformatiu\/pseudoefedrina-sota-sospita\/7014471\/\" target=\"_blank\" rel=\"noreferrer noopener\">TVE<\/a> dio voz al comunicado de la <strong>Sociedad Espa\u00f1ola de Farmacia Familiar y Comunitaria (SEFAC)<\/strong> recomendando el uso responsable de medicamentos con pseudoefedrina, frente a los casos de Francia con complicaciones graves por riesgo de episodios isqu\u00e9micos, cardiovasculares y cerebrovasculares. En la pieza aparecen declaraciones de<strong>Ariadna Condon, coordinadora del COFB de las farmacias del Barcelon\u00e8s Nord<\/strong>, donde habla de las precauciones en la dispensaci\u00f3n de la pseudoefedrina en la oficina de farmacia. M\u00e1s tarde, en diciembre, el<strong>Agencia Espa\u00f1ola de Medicamentos y Productos Sanitarios (AEMPS)<\/strong> public\u00f3 una nota informativa recomendando medidas para minimizar riesgos frente a la administraci\u00f3n de medicamentos con pseudoefedrina. <\/p>\n\n\n\n<figure class=\"wp-block-image size-full\"><a href=\"https:\/\/blog.cofb.cat\/wp-content\/uploads\/2024\/01\/COFB_RECULLMITJANS_19012024_5.jpg\" target=\"_blank\" rel=\"noopener\"><img decoding=\"async\" src=\"https:\/\/blog.cofb.cat\/wp-content\/uploads\/2024\/01\/COFB_RECULLMITJANS_19012024_5.jpg\" alt=\"\" class=\"wp-image-68371\"\/><\/a><\/figure>\n\n\n\n<h3 class=\"wp-block-heading\"><strong><strong>Servicios profesionales en la farmacia comunitaria<\/strong><\/strong><\/h3>\n\n\n\n<p>En noviembre, en <a href=\"https:\/\/radiopiera.online\/track\/?ref=323932372c32\" target=\"_blank\" rel=\"noreferrer noopener\">Radio Piera<\/a> se realiz\u00f3 una entrevista en <strong>N\u00faria Bertol\u00edn<\/strong>, coordinadora del COFB de las farmacias de Anoia (a partir del minuto 06:11), donde habl\u00f3 de la <strong>participaci\u00f3n de las farmacias en el cribado de c\u00e1ncer de colon y recto<\/strong> y la importancia de la colaboraci\u00f3n de la poblaci\u00f3n en el cribado. Tambi\u00e9n abord\u00f3 otras tem\u00e1ticas relacionadas con la farmacia, como el estudio Derma-Riesgo para la detecci\u00f3n precoz de c\u00e1ncer cut\u00e1neo que llevan a cabo en la comarca de Anoia, la r\u00e1pida detecci\u00f3n de problem\u00e1ticas de salud a trav\u00e9s de la farmacia recordar el papel de los farmac\u00e9uticos y farmac\u00e9uticas durante la pandemia.<\/p>\n\n\n\n<h2 class=\"wp-block-heading\"><strong>Menci\u00f3n en el COFB<\/strong><\/h2>\n\n\n\n<h3 class=\"wp-block-heading\"><strong>XIII Congreso Nacional de Atenci\u00f3n Farmac\u00e9utica<\/strong> <\/h3>\n\n\n\n<p>A principios de noviembre, el presidente del <strong>Consejo General de Colegios Oficiales de Farmac\u00e9uticos (CGCOF)<\/strong>, Jes\u00fas Aguilar, anunci\u00f3 durante la jornada <strong>inaugural del XIII Congreso Nacional de Atenci\u00f3n Farmac\u00e9utica,<\/strong> la <strong>firma de un acuerdo con la Fundaci\u00f3n Pharmaceutical Care Espa\u00f1a para potenciar la atenci\u00f3n farmac\u00e9utica y el desarrollo de los Servicios Profesionales Farmac\u00e9uticos Asistenciales. <\/strong><a href=\"https:\/\/www.pmfarma.com\/noticias\/55078-jesys-aguilar-anuncia-la-inminente-firma-de-un-acuerdo-marco-con-pharmaceutical-care-para-potenciar-la-atenciyin-farmacyutica-y-el-desarro.html\" target=\"_blank\" rel=\"noreferrer noopener\">PM Farma<\/a> recogi\u00f3 la noticia con menci\u00f3n al <strong>vocal de Oficina de farmacia del COFB, Guillermo Bagar\u00eda<\/strong> que particip\u00f3 en la jornada.<\/p>\n\n\n\n<h3 class=\"wp-block-heading\"><strong>Distinci\u00f3n entidades centenarias<\/strong><\/h3>\n\n\n\n<p>A finales de noviembre, el Ayuntamiento de Barcelona anunci\u00f3 el otorgamiento, por parte del <strong>Plenario del Consejo Municipal<\/strong>, de 32 <strong>distinciones para entidades e instituciones centenarias<\/strong> dentro de las cuales se encuentra el <strong>Col\u00b7legi de Farmac\u00e8utics de Barcelona<\/strong> como entidad centenaria. <a href=\"https:\/\/www.ccma.cat\/324\/barcelona-concedeix-la-medalla-dor-al-merit-cientific-a-andreu-mas-colell-lluis-torner-i-merce-boada\/noticia\/3262948\/\" target=\"_blank\" rel=\"noreferrer noopener\">324<\/a> hizo eco.<\/p>\n\n\n\n<p><strong>Otras publicaciones de inter\u00e9s:<\/strong><\/p>\n\n\n\n<ul class=\"wp-block-list\"><li><a href=\"https:\/\/blog.cofb.cat\/blog\/2023\/11\/29\/setembre-i-octubre-la-distribucio-de-productes-menstruals-a-les-farmacies-el-125e-aniversari-del-cofb-i-el-desabastiment-de-medicaments-temes-mes-destacats-als-mitjans\/\" target=\"_blank\" rel=\"noreferrer noopener\">Septiembre y octubre: La distribuci\u00f3n de productos menstruales en las farmacias, el 125 aniversario del COFB y el desabastecimiento de medicamentos, temas m\u00e1s destacados en los medios<\/a><\/li><li><a href=\"https:\/\/blog.cofb.cat\/blog\/2023\/09\/19\/juliol-i-agost-el-programa-de-cribratge-de-cancer-de-coll-uteri-la-fi-de-lobligatorietat-de-les-mascaretes-i-laugment-de-casos-covid-temes-mes-destacats-als-mitjans\/\" target=\"_blank\" rel=\"noreferrer noopener\">Julio y agosto: El programa de cribado de c\u00e1ncer de cuello uterino, el fin de la obligatoriedad de las mascarillas y el aumento de casos COVID, temas m\u00e1s destacados en los medios (Septiembre 2023)<\/a><\/li><li><a href=\"https:\/\/blog.cofb.cat\/blog\/2023\/07\/28\/maig-i-juny-el-desabastiment-de-medicaments-laugment-de-la-demanda-dozempic-i-la-campanya-sobre-disfagia-temes-mes-destacats-als-mitjans\/\" target=\"_blank\" rel=\"noreferrer noopener\">Mayo y junio: El desabastecimiento de medicamentos, el aumento de la demanda de Ozempic y la campa\u00f1a sobre disfagia, temas m\u00e1s destacados en los medios (Julio 2023)<\/a><\/li><\/ul>\n\n\n\n<p> <\/p>","protected":false},"excerpt":{"rendered":"<p>La receta electr\u00f3nica llega a la sanidad privada A mediados de diciembre se anunci\u00f3 la colaboraci\u00f3n entre el Consejo de Colegios de M\u00e9dicos de Catalu\u00f1a (CCMC), el Consejo de Colegios Farmac\u00e9uticos de Catalu\u00f1a (CCFC) y el Colegio legi de Odont\u00f3logos y Estomat\u00f3logos de Catalu\u00f1a (COEC) para hacer realidad la receta electr\u00f3nica [\u2026]<\/p>","protected":false},"author":1,"featured_media":78700,"comment_status":"open","ping_status":"open","sticky":false,"template":"","format":"standard","meta":{"_uag_custom_page_level_css":"","site-sidebar-layout":"default","site-content-layout":"","ast-site-content-layout":"default","site-content-style":"default","site-sidebar-style":"default","ast-global-header-display":"","ast-banner-title-visibility":"","ast-main-header-display":"","ast-hfb-above-header-display":"","ast-hfb-below-header-display":"","ast-hfb-mobile-header-display":"","site-post-title":"","ast-breadcrumbs-content":"","ast-featured-img":"disabled","footer-sml-layout":"","theme-transparent-header-meta":"","adv-header-id-meta":"","stick-header-meta":"","header-above-stick-meta":"","header-main-stick-meta":"","header-below-stick-meta":"","astra-migrate-meta-layouts":"set","ast-page-background-enabled":"default","ast-page-background-meta":{"desktop":{"background-color":"var(--ast-global-color-4)","background-image":"","background-repeat":"repeat","background-position":"center center","background-size":"auto","background-attachment":"scroll","background-type":"","background-media":"","overlay-type":"","overlay-color":"","overlay-opacity":"","overlay-gradient":""},"tablet":{"background-color":"","background-image":"","background-repeat":"repeat","background-position":"center center","background-size":"auto","background-attachment":"scroll","background-type":"","background-media":"","overlay-type":"","overlay-color":"","overlay-opacity":"","overlay-gradient":""},"mobile":{"background-color":"","background-image":"","background-repeat":"repeat","background-position":"center center","background-size":"auto","background-attachment":"scroll","background-type":"","background-media":"","overlay-type":"","overlay-color":"","overlay-opacity":"","overlay-gradient":""}},"ast-content-background-meta":{"desktop":{"background-color":"var(--ast-global-color-5)","background-image":"","background-repeat":"repeat","background-position":"center center","background-size":"auto","background-attachment":"scroll","background-type":"","background-media":"","overlay-type":"","overlay-color":"","overlay-opacity":"","overlay-gradient":""},"tablet":{"background-color":"var(--ast-global-color-5)","background-image":"","background-repeat":"repeat","background-position":"center center","background-size":"auto","background-attachment":"scroll","background-type":"","background-media":"","overlay-type":"","overlay-color":"","overlay-opacity":"","overlay-gradient":""},"mobile":{"background-color":"var(--ast-global-color-5)","background-image":"","background-repeat":"repeat","background-position":"center center","background-size":"auto","background-attachment":"scroll","background-type":"","background-media":"","overlay-type":"","overlay-color":"","overlay-opacity":"","overlay-gradient":""}},"footnotes":""},"categories":[23,32],"tags":[16,600,18,19,163,728,21,53,68,69,28,45,459,4867,2116,460,3468,510],"class_list":["post-77781","post","type-post","status-publish","format-standard","has-post-thumbnail","hentry","category-destacats","category-noticies-farmacia","tag-alimentacio-i-nutricio","tag-centre-dinformacio-del-medicament","tag-cofb","tag-collegi-de-farmaceutics-de-barcelona","tag-consell-de-collegis-farmaceutics-de-catalunya","tag-cribratge","tag-desabastiment-de-medicaments","tag-farmaceutics","tag-farmacia","tag-farmacia-comunitaria","tag-infarma","tag-medicaments","tag-mitjans","tag-pseudoefedrina","tag-recepta-electronica","tag-recull-de-mitjans","tag-recull-mitjans","tag-sanitat"],"yoast_head":"<!-- This site is optimized with the Yoast SEO plugin v22.4 - https:\/\/yoast.com\/wordpress\/plugins\/seo\/ -->\n<title>Novembre i desembre: la recepta electr\u00f2nica privada, la inauguraci\u00f3 del programa de formaci\u00f3 continuada i el desabastiment de medicaments, temes m\u00e9s destacats als mitjans - Col\u00b7legi de Farmac\u00e8utics de Barcelona<\/title>\n<meta name=\"description\" content=\"Novembre i desembre: La recepta electr\u00f2nica privada, inauguraci\u00f3 del programa de formaci\u00f3 continuada i el desabastiment de medicaments.\" \/>\n<meta name=\"robots\" content=\"index, follow, max-snippet:-1, max-image-preview:large, max-video-preview:-1\" \/>\n<link rel=\"canonical\" href=\"https:\/\/www.cofb.org\/es\/2024\/01\/24\/novembre-i-desembre-la-recepta-electronica-privada-la-inauguracio-del-programa-de-formacio-continuada-i-el-desabastiment-de-medicaments-temes-mes-destacats-als-mitjans\/\" \/>\n<meta property=\"og:locale\" content=\"es_ES\" \/>\n<meta property=\"og:type\" content=\"article\" \/>\n<meta property=\"og:title\" content=\"Novembre i desembre: la recepta electr\u00f2nica privada, la inauguraci\u00f3 del programa de formaci\u00f3 continuada i el desabastiment de medicaments, temes m\u00e9s destacats als mitjans - Col\u00b7legi de Farmac\u00e8utics de Barcelona\" \/>\n<meta property=\"og:description\" content=\"Novembre i desembre: La recepta electr\u00f2nica privada, inauguraci\u00f3 del programa de formaci\u00f3 continuada i el desabastiment de medicaments.\" \/>\n<meta property=\"og:url\" content=\"https:\/\/www.cofb.org\/es\/2024\/01\/24\/novembre-i-desembre-la-recepta-electronica-privada-la-inauguracio-del-programa-de-formacio-continuada-i-el-desabastiment-de-medicaments-temes-mes-destacats-als-mitjans\/\" \/>\n<meta property=\"og:site_name\" content=\"Col\u00b7legi de Farmac\u00e8utics de Barcelona\" \/>\n<meta property=\"article:publisher\" content=\"https:\/\/www.facebook.com\/farmaceuticsbcn\/\" \/>\n<meta property=\"article:published_time\" content=\"2024-01-24T17:29:52+00:00\" \/>\n<meta property=\"article:modified_time\" content=\"2024-07-04T15:03:21+00:00\" \/>\n<meta property=\"og:image\" content=\"https:\/\/www.cofb.org\/wp-content\/uploads\/2023\/07\/COFB_NOVEMBRE-DESEMBRE-2023_04072024.jpg\" \/>\n\t<meta property=\"og:image:width\" content=\"1170\" \/>\n\t<meta property=\"og:image:height\" content=\"580\" \/>\n\t<meta property=\"og:image:type\" content=\"image\/jpeg\" \/>\n<meta name=\"author\" content=\"wpAdminCofbOrg\" \/>\n<meta name=\"twitter:card\" content=\"summary_large_image\" \/>\n<meta name=\"twitter:creator\" content=\"@farmaceuticsbcn\" \/>\n<meta name=\"twitter:site\" content=\"@farmaceuticsbcn\" \/>\n<meta name=\"twitter:label1\" content=\"Escrito por\" \/>\n\t<meta name=\"twitter:data1\" content=\"wpAdminCofbOrg\" \/>\n\t<meta name=\"twitter:label2\" content=\"Tiempo de lectura\" \/>\n\t<meta name=\"twitter:data2\" content=\"8 minutos\" \/>\n<script type=\"application\/ld+json\" class=\"yoast-schema-graph\">{\"@context\":\"https:\/\/schema.org\",\"@graph\":[{\"@type\":\"Article\",\"@id\":\"https:\/\/www.cofb.org\/2024\/01\/24\/novembre-i-desembre-la-recepta-electronica-privada-la-inauguracio-del-programa-de-formacio-continuada-i-el-desabastiment-de-medicaments-temes-mes-destacats-als-mitjans\/#article\",\"isPartOf\":{\"@id\":\"https:\/\/www.cofb.org\/2024\/01\/24\/novembre-i-desembre-la-recepta-electronica-privada-la-inauguracio-del-programa-de-formacio-continuada-i-el-desabastiment-de-medicaments-temes-mes-destacats-als-mitjans\/\"},\"author\":{\"name\":\"wpAdminCofbOrg\",\"@id\":\"https:\/\/www.cofb.org\/#\/schema\/person\/22ed7eea88da74b0fa4d3154ad87ffcb\"},\"headline\":\"Novembre i desembre: la recepta electr\u00f2nica privada, la inauguraci\u00f3 del programa de formaci\u00f3 continuada i el desabastiment de medicaments, temes m\u00e9s destacats als mitjans\",\"datePublished\":\"2024-01-24T17:29:52+00:00\",\"dateModified\":\"2024-07-04T15:03:21+00:00\",\"mainEntityOfPage\":{\"@id\":\"https:\/\/www.cofb.org\/2024\/01\/24\/novembre-i-desembre-la-recepta-electronica-privada-la-inauguracio-del-programa-de-formacio-continuada-i-el-desabastiment-de-medicaments-temes-mes-destacats-als-mitjans\/\"},\"wordCount\":1233,\"commentCount\":0,\"publisher\":{\"@id\":\"https:\/\/www.cofb.org\/#organization\"},\"image\":{\"@id\":\"https:\/\/www.cofb.org\/2024\/01\/24\/novembre-i-desembre-la-recepta-electronica-privada-la-inauguracio-del-programa-de-formacio-continuada-i-el-desabastiment-de-medicaments-temes-mes-destacats-als-mitjans\/#primaryimage\"},\"thumbnailUrl\":\"https:\/\/www.cofb.org\/wp-content\/uploads\/2023\/07\/COFB_NOVEMBRE-DESEMBRE-2023_04072024.jpg\",\"keywords\":[\"Alimentaci\u00f3 i nutrici\u00f3\",\"Centre d'Informaci\u00f3 del Medicament\",\"COFB\",\"Col\u00b7legi de Farmac\u00e8utics de Barcelona\",\"Consell de Col\u00b7legis Farmac\u00e8utics de Catalunya\",\"cribratge\",\"desabastiment de medicaments\",\"farmac\u00e8utics\",\"Farm\u00e0cia\",\"farm\u00e0cia comunit\u00e0ria\",\"Infarma\",\"medicaments\",\"Mitjans\",\"pseudoefedrina\",\"recepta electr\u00f2nica\",\"recull de mitjans\",\"recull mitjans\",\"sanitat\"],\"articleSection\":[\"Destacats\",\"Not\u00edcies farm\u00e0cia\"],\"inLanguage\":\"es\",\"potentialAction\":[{\"@type\":\"CommentAction\",\"name\":\"Comment\",\"target\":[\"https:\/\/www.cofb.org\/2024\/01\/24\/novembre-i-desembre-la-recepta-electronica-privada-la-inauguracio-del-programa-de-formacio-continuada-i-el-desabastiment-de-medicaments-temes-mes-destacats-als-mitjans\/#respond\"]}]},{\"@type\":\"WebPage\",\"@id\":\"https:\/\/www.cofb.org\/2024\/01\/24\/novembre-i-desembre-la-recepta-electronica-privada-la-inauguracio-del-programa-de-formacio-continuada-i-el-desabastiment-de-medicaments-temes-mes-destacats-als-mitjans\/\",\"url\":\"https:\/\/www.cofb.org\/2024\/01\/24\/novembre-i-desembre-la-recepta-electronica-privada-la-inauguracio-del-programa-de-formacio-continuada-i-el-desabastiment-de-medicaments-temes-mes-destacats-als-mitjans\/\",\"name\":\"Novembre i desembre: la recepta electr\u00f2nica privada, la inauguraci\u00f3 del programa de formaci\u00f3 continuada i el desabastiment de medicaments, temes m\u00e9s destacats als mitjans - Col\u00b7legi de Farmac\u00e8utics de Barcelona\",\"isPartOf\":{\"@id\":\"https:\/\/www.cofb.org\/#website\"},\"primaryImageOfPage\":{\"@id\":\"https:\/\/www.cofb.org\/2024\/01\/24\/novembre-i-desembre-la-recepta-electronica-privada-la-inauguracio-del-programa-de-formacio-continuada-i-el-desabastiment-de-medicaments-temes-mes-destacats-als-mitjans\/#primaryimage\"},\"image\":{\"@id\":\"https:\/\/www.cofb.org\/2024\/01\/24\/novembre-i-desembre-la-recepta-electronica-privada-la-inauguracio-del-programa-de-formacio-continuada-i-el-desabastiment-de-medicaments-temes-mes-destacats-als-mitjans\/#primaryimage\"},\"thumbnailUrl\":\"https:\/\/www.cofb.org\/wp-content\/uploads\/2023\/07\/COFB_NOVEMBRE-DESEMBRE-2023_04072024.jpg\",\"datePublished\":\"2024-01-24T17:29:52+00:00\",\"dateModified\":\"2024-07-04T15:03:21+00:00\",\"description\":\"Novembre i desembre: La recepta electr\u00f2nica privada, inauguraci\u00f3 del programa de formaci\u00f3 continuada i el desabastiment de medicaments.\",\"breadcrumb\":{\"@id\":\"https:\/\/www.cofb.org\/2024\/01\/24\/novembre-i-desembre-la-recepta-electronica-privada-la-inauguracio-del-programa-de-formacio-continuada-i-el-desabastiment-de-medicaments-temes-mes-destacats-als-mitjans\/#breadcrumb\"},\"inLanguage\":\"es\",\"potentialAction\":[{\"@type\":\"ReadAction\",\"target\":[\"https:\/\/www.cofb.org\/2024\/01\/24\/novembre-i-desembre-la-recepta-electronica-privada-la-inauguracio-del-programa-de-formacio-continuada-i-el-desabastiment-de-medicaments-temes-mes-destacats-als-mitjans\/\"]}]},{\"@type\":\"ImageObject\",\"inLanguage\":\"es\",\"@id\":\"https:\/\/www.cofb.org\/2024\/01\/24\/novembre-i-desembre-la-recepta-electronica-privada-la-inauguracio-del-programa-de-formacio-continuada-i-el-desabastiment-de-medicaments-temes-mes-destacats-als-mitjans\/#primaryimage\",\"url\":\"https:\/\/www.cofb.org\/wp-content\/uploads\/2023\/07\/COFB_NOVEMBRE-DESEMBRE-2023_04072024.jpg\",\"contentUrl\":\"https:\/\/www.cofb.org\/wp-content\/uploads\/2023\/07\/COFB_NOVEMBRE-DESEMBRE-2023_04072024.jpg\",\"width\":1170,\"height\":580},{\"@type\":\"BreadcrumbList\",\"@id\":\"https:\/\/www.cofb.org\/2024\/01\/24\/novembre-i-desembre-la-recepta-electronica-privada-la-inauguracio-del-programa-de-formacio-continuada-i-el-desabastiment-de-medicaments-temes-mes-destacats-als-mitjans\/#breadcrumb\",\"itemListElement\":[{\"@type\":\"ListItem\",\"position\":1,\"name\":\"Inici\",\"item\":\"https:\/\/novaorg.cofb.net\/\"},{\"@type\":\"ListItem\",\"position\":2,\"name\":\"Novembre i desembre: la recepta electr\u00f2nica privada, la inauguraci\u00f3 del programa de formaci\u00f3 continuada i el desabastiment de medicaments, temes m\u00e9s destacats als mitjans\"}]},{\"@type\":\"WebSite\",\"@id\":\"https:\/\/www.cofb.org\/#website\",\"url\":\"https:\/\/www.cofb.org\/\",\"name\":\"Col\u00b7legi de Farmac\u00e8utics de Barcelona\",\"description\":\"\",\"publisher\":{\"@id\":\"https:\/\/www.cofb.org\/#organization\"},\"potentialAction\":[{\"@type\":\"SearchAction\",\"target\":{\"@type\":\"EntryPoint\",\"urlTemplate\":\"https:\/\/www.cofb.org\/?s={search_term_string}\"},\"query-input\":\"required name=search_term_string\"}],\"inLanguage\":\"es\"},{\"@type\":\"Organization\",\"@id\":\"https:\/\/www.cofb.org\/#organization\",\"name\":\"Col\u00b7legi de Farmac\u00e8utics de Barcelona\",\"url\":\"https:\/\/www.cofb.org\/\",\"logo\":{\"@type\":\"ImageObject\",\"inLanguage\":\"es\",\"@id\":\"https:\/\/www.cofb.org\/#\/schema\/logo\/image\/\",\"url\":\"https:\/\/www.cofb.org\/wp-content\/uploads\/2023\/11\/cropped-Logotip-COFB.png\",\"contentUrl\":\"https:\/\/www.cofb.org\/wp-content\/uploads\/2023\/11\/cropped-Logotip-COFB.png\",\"width\":500,\"height\":105,\"caption\":\"Col\u00b7legi de Farmac\u00e8utics de Barcelona\"},\"image\":{\"@id\":\"https:\/\/www.cofb.org\/#\/schema\/logo\/image\/\"},\"sameAs\":[\"https:\/\/www.facebook.com\/farmaceuticsbcn\/\",\"https:\/\/twitter.com\/farmaceuticsbcn\",\"https:\/\/www.instagram.com\/farmaceuticsbcn\/\",\"https:\/\/www.linkedin.com\/company\/farmaceuticsbcn\/\"]},{\"@type\":\"Person\",\"@id\":\"https:\/\/www.cofb.org\/#\/schema\/person\/22ed7eea88da74b0fa4d3154ad87ffcb\",\"name\":\"wpAdminCofbOrg\",\"image\":{\"@type\":\"ImageObject\",\"inLanguage\":\"es\",\"@id\":\"https:\/\/www.cofb.org\/#\/schema\/person\/image\/\",\"url\":\"https:\/\/secure.gravatar.com\/avatar\/1721b20b3b8ca882c3b56ec6c978c594fff670e40c0718e9190eaeeb76aae7d8?s=96&d=mm&r=g\",\"contentUrl\":\"https:\/\/secure.gravatar.com\/avatar\/1721b20b3b8ca882c3b56ec6c978c594fff670e40c0718e9190eaeeb76aae7d8?s=96&d=mm&r=g\",\"caption\":\"wpAdminCofbOrg\"},\"sameAs\":[\"http:\/\/192.168.64.122\/wordpress\"],\"url\":\"https:\/\/www.cofb.org\/es\/author\/wpadmincofborg\/\"}]}<\/script>\n<!-- \/ Yoast SEO plugin. -->","yoast_head_json":{"title":"Novembre i desembre: la recepta electr\u00f2nica privada, la inauguraci\u00f3 del programa de formaci\u00f3 continuada i el desabastiment de medicaments, temes m\u00e9s destacats als mitjans - Col\u00b7legi de Farmac\u00e8utics de Barcelona","description":"Novembre i desembre: La recepta electr\u00f2nica privada, inauguraci\u00f3 del programa de formaci\u00f3 continuada i el desabastiment de medicaments.","robots":{"index":"index","follow":"follow","max-snippet":"max-snippet:-1","max-image-preview":"max-image-preview:large","max-video-preview":"max-video-preview:-1"},"canonical":"https:\/\/www.cofb.org\/es\/2024\/01\/24\/novembre-i-desembre-la-recepta-electronica-privada-la-inauguracio-del-programa-de-formacio-continuada-i-el-desabastiment-de-medicaments-temes-mes-destacats-als-mitjans\/","og_locale":"es_ES","og_type":"article","og_title":"Novembre i desembre: la recepta electr\u00f2nica privada, la inauguraci\u00f3 del programa de formaci\u00f3 continuada i el desabastiment de medicaments, temes m\u00e9s destacats als mitjans - Col\u00b7legi de Farmac\u00e8utics de Barcelona","og_description":"Novembre i desembre: La recepta electr\u00f2nica privada, inauguraci\u00f3 del programa de formaci\u00f3 continuada i el desabastiment de medicaments.","og_url":"https:\/\/www.cofb.org\/es\/2024\/01\/24\/novembre-i-desembre-la-recepta-electronica-privada-la-inauguracio-del-programa-de-formacio-continuada-i-el-desabastiment-de-medicaments-temes-mes-destacats-als-mitjans\/","og_site_name":"Col\u00b7legi de Farmac\u00e8utics de Barcelona","article_publisher":"https:\/\/www.facebook.com\/farmaceuticsbcn\/","article_published_time":"2024-01-24T17:29:52+00:00","article_modified_time":"2024-07-04T15:03:21+00:00","og_image":[{"width":1170,"height":580,"url":"https:\/\/www.cofb.org\/wp-content\/uploads\/2023\/07\/COFB_NOVEMBRE-DESEMBRE-2023_04072024.jpg","type":"image\/jpeg"}],"author":"wpAdminCofbOrg","twitter_card":"summary_large_image","twitter_creator":"@farmaceuticsbcn","twitter_site":"@farmaceuticsbcn","twitter_misc":{"Escrito por":"wpAdminCofbOrg","Tiempo de lectura":"8 minutos"},"schema":{"@context":"https:\/\/schema.org","@graph":[{"@type":"Article","@id":"https:\/\/www.cofb.org\/2024\/01\/24\/novembre-i-desembre-la-recepta-electronica-privada-la-inauguracio-del-programa-de-formacio-continuada-i-el-desabastiment-de-medicaments-temes-mes-destacats-als-mitjans\/#article","isPartOf":{"@id":"https:\/\/www.cofb.org\/2024\/01\/24\/novembre-i-desembre-la-recepta-electronica-privada-la-inauguracio-del-programa-de-formacio-continuada-i-el-desabastiment-de-medicaments-temes-mes-destacats-als-mitjans\/"},"author":{"name":"wpAdminCofbOrg","@id":"https:\/\/www.cofb.org\/#\/schema\/person\/22ed7eea88da74b0fa4d3154ad87ffcb"},"headline":"Novembre i desembre: la recepta electr\u00f2nica privada, la inauguraci\u00f3 del programa de formaci\u00f3 continuada i el desabastiment de medicaments, temes m\u00e9s destacats als mitjans","datePublished":"2024-01-24T17:29:52+00:00","dateModified":"2024-07-04T15:03:21+00:00","mainEntityOfPage":{"@id":"https:\/\/www.cofb.org\/2024\/01\/24\/novembre-i-desembre-la-recepta-electronica-privada-la-inauguracio-del-programa-de-formacio-continuada-i-el-desabastiment-de-medicaments-temes-mes-destacats-als-mitjans\/"},"wordCount":1233,"commentCount":0,"publisher":{"@id":"https:\/\/www.cofb.org\/#organization"},"image":{"@id":"https:\/\/www.cofb.org\/2024\/01\/24\/novembre-i-desembre-la-recepta-electronica-privada-la-inauguracio-del-programa-de-formacio-continuada-i-el-desabastiment-de-medicaments-temes-mes-destacats-als-mitjans\/#primaryimage"},"thumbnailUrl":"https:\/\/www.cofb.org\/wp-content\/uploads\/2023\/07\/COFB_NOVEMBRE-DESEMBRE-2023_04072024.jpg","keywords":["Alimentaci\u00f3 i nutrici\u00f3","Centre d'Informaci\u00f3 del Medicament","COFB","Col\u00b7legi de Farmac\u00e8utics de Barcelona","Consell de Col\u00b7legis Farmac\u00e8utics de Catalunya","cribratge","desabastiment de medicaments","farmac\u00e8utics","Farm\u00e0cia","farm\u00e0cia comunit\u00e0ria","Infarma","medicaments","Mitjans","pseudoefedrina","recepta electr\u00f2nica","recull de mitjans","recull mitjans","sanitat"],"articleSection":["Destacats","Not\u00edcies farm\u00e0cia"],"inLanguage":"es","potentialAction":[{"@type":"CommentAction","name":"Comment","target":["https:\/\/www.cofb.org\/2024\/01\/24\/novembre-i-desembre-la-recepta-electronica-privada-la-inauguracio-del-programa-de-formacio-continuada-i-el-desabastiment-de-medicaments-temes-mes-destacats-als-mitjans\/#respond"]}]},{"@type":"WebPage","@id":"https:\/\/www.cofb.org\/2024\/01\/24\/novembre-i-desembre-la-recepta-electronica-privada-la-inauguracio-del-programa-de-formacio-continuada-i-el-desabastiment-de-medicaments-temes-mes-destacats-als-mitjans\/","url":"https:\/\/www.cofb.org\/2024\/01\/24\/novembre-i-desembre-la-recepta-electronica-privada-la-inauguracio-del-programa-de-formacio-continuada-i-el-desabastiment-de-medicaments-temes-mes-destacats-als-mitjans\/","name":"Novembre i desembre: la recepta electr\u00f2nica privada, la inauguraci\u00f3 del programa de formaci\u00f3 continuada i el desabastiment de medicaments, temes m\u00e9s destacats als mitjans - Col\u00b7legi de Farmac\u00e8utics de Barcelona","isPartOf":{"@id":"https:\/\/www.cofb.org\/#website"},"primaryImageOfPage":{"@id":"https:\/\/www.cofb.org\/2024\/01\/24\/novembre-i-desembre-la-recepta-electronica-privada-la-inauguracio-del-programa-de-formacio-continuada-i-el-desabastiment-de-medicaments-temes-mes-destacats-als-mitjans\/#primaryimage"},"image":{"@id":"https:\/\/www.cofb.org\/2024\/01\/24\/novembre-i-desembre-la-recepta-electronica-privada-la-inauguracio-del-programa-de-formacio-continuada-i-el-desabastiment-de-medicaments-temes-mes-destacats-als-mitjans\/#primaryimage"},"thumbnailUrl":"https:\/\/www.cofb.org\/wp-content\/uploads\/2023\/07\/COFB_NOVEMBRE-DESEMBRE-2023_04072024.jpg","datePublished":"2024-01-24T17:29:52+00:00","dateModified":"2024-07-04T15:03:21+00:00","description":"Novembre i desembre: La recepta electr\u00f2nica privada, inauguraci\u00f3 del programa de formaci\u00f3 continuada i el desabastiment de medicaments.","breadcrumb":{"@id":"https:\/\/www.cofb.org\/2024\/01\/24\/novembre-i-desembre-la-recepta-electronica-privada-la-inauguracio-del-programa-de-formacio-continuada-i-el-desabastiment-de-medicaments-temes-mes-destacats-als-mitjans\/#breadcrumb"},"inLanguage":"es","potentialAction":[{"@type":"ReadAction","target":["https:\/\/www.cofb.org\/2024\/01\/24\/novembre-i-desembre-la-recepta-electronica-privada-la-inauguracio-del-programa-de-formacio-continuada-i-el-desabastiment-de-medicaments-temes-mes-destacats-als-mitjans\/"]}]},{"@type":"ImageObject","inLanguage":"es","@id":"https:\/\/www.cofb.org\/2024\/01\/24\/novembre-i-desembre-la-recepta-electronica-privada-la-inauguracio-del-programa-de-formacio-continuada-i-el-desabastiment-de-medicaments-temes-mes-destacats-als-mitjans\/#primaryimage","url":"https:\/\/www.cofb.org\/wp-content\/uploads\/2023\/07\/COFB_NOVEMBRE-DESEMBRE-2023_04072024.jpg","contentUrl":"https:\/\/www.cofb.org\/wp-content\/uploads\/2023\/07\/COFB_NOVEMBRE-DESEMBRE-2023_04072024.jpg","width":1170,"height":580},{"@type":"BreadcrumbList","@id":"https:\/\/www.cofb.org\/2024\/01\/24\/novembre-i-desembre-la-recepta-electronica-privada-la-inauguracio-del-programa-de-formacio-continuada-i-el-desabastiment-de-medicaments-temes-mes-destacats-als-mitjans\/#breadcrumb","itemListElement":[{"@type":"ListItem","position":1,"name":"Inici","item":"https:\/\/novaorg.cofb.net\/"},{"@type":"ListItem","position":2,"name":"Novembre i desembre: la recepta electr\u00f2nica privada, la inauguraci\u00f3 del programa de formaci\u00f3 continuada i el desabastiment de medicaments, temes m\u00e9s destacats als mitjans"}]},{"@type":"WebSite","@id":"https:\/\/www.cofb.org\/#website","url":"https:\/\/www.cofb.org\/","name":"Col\u00b7legi de Farmac\u00e8utics de Barcelona","description":"","publisher":{"@id":"https:\/\/www.cofb.org\/#organization"},"potentialAction":[{"@type":"SearchAction","target":{"@type":"EntryPoint","urlTemplate":"https:\/\/www.cofb.org\/?s={search_term_string}"},"query-input":"required name=search_term_string"}],"inLanguage":"es"},{"@type":"Organization","@id":"https:\/\/www.cofb.org\/#organization","name":"Col\u00b7legi de Farmac\u00e8utics de Barcelona","url":"https:\/\/www.cofb.org\/","logo":{"@type":"ImageObject","inLanguage":"es","@id":"https:\/\/www.cofb.org\/#\/schema\/logo\/image\/","url":"https:\/\/www.cofb.org\/wp-content\/uploads\/2023\/11\/cropped-Logotip-COFB.png","contentUrl":"https:\/\/www.cofb.org\/wp-content\/uploads\/2023\/11\/cropped-Logotip-COFB.png","width":500,"height":105,"caption":"Col\u00b7legi de Farmac\u00e8utics de Barcelona"},"image":{"@id":"https:\/\/www.cofb.org\/#\/schema\/logo\/image\/"},"sameAs":["https:\/\/www.facebook.com\/farmaceuticsbcn\/","https:\/\/twitter.com\/farmaceuticsbcn","https:\/\/www.instagram.com\/farmaceuticsbcn\/","https:\/\/www.linkedin.com\/company\/farmaceuticsbcn\/"]},{"@type":"Person","@id":"https:\/\/www.cofb.org\/#\/schema\/person\/22ed7eea88da74b0fa4d3154ad87ffcb","name":"wpAdminCofbOrg","image":{"@type":"ImageObject","inLanguage":"es","@id":"https:\/\/www.cofb.org\/#\/schema\/person\/image\/","url":"https:\/\/secure.gravatar.com\/avatar\/1721b20b3b8ca882c3b56ec6c978c594fff670e40c0718e9190eaeeb76aae7d8?s=96&d=mm&r=g","contentUrl":"https:\/\/secure.gravatar.com\/avatar\/1721b20b3b8ca882c3b56ec6c978c594fff670e40c0718e9190eaeeb76aae7d8?s=96&d=mm&r=g","caption":"wpAdminCofbOrg"},"sameAs":["http:\/\/192.168.64.122\/wordpress"],"url":"https:\/\/www.cofb.org\/es\/author\/wpadmincofborg\/"}]}},"uagb_featured_image_src":{"full":["https:\/\/www.cofb.org\/wp-content\/uploads\/2023\/07\/COFB_NOVEMBRE-DESEMBRE-2023_04072024.jpg",1170,580,false],"thumbnail":["https:\/\/www.cofb.org\/wp-content\/uploads\/2023\/07\/COFB_NOVEMBRE-DESEMBRE-2023_04072024-150x150.jpg",150,150,true],"medium":["https:\/\/www.cofb.org\/wp-content\/uploads\/2023\/07\/COFB_NOVEMBRE-DESEMBRE-2023_04072024-300x149.jpg",300,149,true],"medium_large":["https:\/\/www.cofb.org\/wp-content\/uploads\/2023\/07\/COFB_NOVEMBRE-DESEMBRE-2023_04072024-768x381.jpg",768,381,true],"large":["https:\/\/www.cofb.org\/wp-content\/uploads\/2023\/07\/COFB_NOVEMBRE-DESEMBRE-2023_04072024-1024x508.jpg",1024,508,true],"1536x1536":["https:\/\/www.cofb.org\/wp-content\/uploads\/2023\/07\/COFB_NOVEMBRE-DESEMBRE-2023_04072024.jpg",1170,580,false],"2048x2048":["https:\/\/www.cofb.org\/wp-content\/uploads\/2023\/07\/COFB_NOVEMBRE-DESEMBRE-2023_04072024.jpg",1170,580,false],"trp-custom-language-flag":["https:\/\/www.cofb.org\/wp-content\/uploads\/2023\/07\/COFB_NOVEMBRE-DESEMBRE-2023_04072024-18x9.jpg",18,9,true]},"uagb_author_info":{"display_name":"wpAdminCofbOrg","author_link":"https:\/\/www.cofb.org\/es\/author\/wpadmincofborg\/"},"uagb_comment_info":0,"uagb_excerpt":"La recepta electr\u00f2nica arriba a la sanitat privada A mitjans de desembre es va anunciar la col\u00b7laboraci\u00f3 entre el Consell de Col\u00b7legis de Metges de Catalunya (CCMC), el Consell de Col\u00b7legis Farmac\u00e8utics de Catalunya (CCFC) i el Col\u00b7legi d\u2019Odont\u00f2legs i Estomat\u00f2legs de Catalunya (COEC) per fer realitat la recepta electr\u00f2nica [&hellip;]","_links":{"self":[{"href":"https:\/\/www.cofb.org\/es\/wp-json\/wp\/v2\/posts\/77781","targetHints":{"allow":["GET"]}}],"collection":[{"href":"https:\/\/www.cofb.org\/es\/wp-json\/wp\/v2\/posts"}],"about":[{"href":"https:\/\/www.cofb.org\/es\/wp-json\/wp\/v2\/types\/post"}],"author":[{"embeddable":true,"href":"https:\/\/www.cofb.org\/es\/wp-json\/wp\/v2\/users\/1"}],"replies":[{"embeddable":true,"href":"https:\/\/www.cofb.org\/es\/wp-json\/wp\/v2\/comments?post=77781"}],"version-history":[{"count":1,"href":"https:\/\/www.cofb.org\/es\/wp-json\/wp\/v2\/posts\/77781\/revisions"}],"predecessor-version":[{"id":78702,"href":"https:\/\/www.cofb.org\/es\/wp-json\/wp\/v2\/posts\/77781\/revisions\/78702"}],"wp:featuredmedia":[{"embeddable":true,"href":"https:\/\/www.cofb.org\/es\/wp-json\/wp\/v2\/media\/78700"}],"wp:attachment":[{"href":"https:\/\/www.cofb.org\/es\/wp-json\/wp\/v2\/media?parent=77781"}],"wp:term":[{"taxonomy":"category","embeddable":true,"href":"https:\/\/www.cofb.org\/es\/wp-json\/wp\/v2\/categories?post=77781"},{"taxonomy":"post_tag","embeddable":true,"href":"https:\/\/www.cofb.org\/es\/wp-json\/wp\/v2\/tags?post=77781"}],"curies":[{"name":"wp","href":"https:\/\/api.w.org\/{rel}","templated":true}]}}