{"id":77771,"date":"2023-12-11T20:22:00","date_gmt":"2023-12-11T18:22:00","guid":{"rendered":"https:\/\/blog.cofb.cat\/?p=67949"},"modified":"2024-04-05T10:28:29","modified_gmt":"2024-04-05T10:28:29","slug":"les-12-vocalies-del-cofb-comparteixen-experiencies-i-anecdotes-dels-seus-origens-en-el-marc-dun-acte-commemoratiu-celebrat-amb-motiu-del-125e-aniversari","status":"publish","type":"post","link":"https:\/\/www.cofb.org\/es\/2023\/12\/11\/les-12-vocalies-del-cofb-comparteixen-experiencies-i-anecdotes-dels-seus-origens-en-el-marc-dun-acte-commemoratiu-celebrat-amb-motiu-del-125e-aniversari\/","title":{"rendered":"Las 12 vocal\u00edas del COFB comparten experiencias y an\u00e9cdotas de sus or\u00edgenes en el marco de un acto conmemorativo celebrado con motivo del 125 aniversario"},"content":{"rendered":"<p>El <strong>Colegio de Farmac\u00e9uticos de Barcelona (COFB), con motivo del <strong>125 aniversario<\/strong>, <\/strong>organiz\u00f3 el pasado 16 de noviembre un <strong>acto conmemorativo con las 12 vocal\u00edas<\/strong>. Un evento por <strong>homenajear a \u201cvocales <\/strong>que form\u00f3 parte de la <strong>Junta de Gobierno, miembros actuales de las vocal\u00edas<\/strong> y, en definitiva, <strong>colegiados y colegiadas de los diferentes \u00e1mbitos de ejercicio y \u00e1reas espec\u00edficas de conocimiento de la profesi\u00f3n farmac\u00e9utica<\/strong>\u201d, destac\u00f3 el presidente del COFB, <strong>Jordi Casas<\/strong>, durante el discurso de bienvenida.<\/p>\n\n\n\n<figure class=\"wp-block-image size-large\"><a href=\"https:\/\/blog.cofb.cat\/wp-content\/uploads\/2023\/12\/COFB_Vocalies_07122023_1-1.jpg\" target=\"_blank\" rel=\"noopener\"><img decoding=\"async\" src=\"https:\/\/blog.cofb.cat\/wp-content\/uploads\/2023\/12\/COFB_Vocalies_07122023_1-1-1024x683.jpg\" alt=\"\" class=\"wp-image-68012\" title=\"El presidente del COFB, Jordi Casas, durante el discurso de bienvenida del acto conmemorativo de las vocal\u00edas del COFB.\"\/><\/a><figcaption>El presidente del COFB, Jordi Casas, durante el discurso de bienvenida del acto conmemorativo de las vocal\u00edas del COFB.<\/figcaption><\/figure>\n\n\n\n<p><strong>\u201cEste a\u00f1o el Colegio cumple 125 a\u00f1os de historia, de los que todos y todas han formado parte y contin\u00fae haci\u00e9ndolo. <\/strong>Con \u00e9sta <strong>encuentro, queremos compartir experiencias y an\u00e9cdotas y poner en valor todo el camino recorrido hasta ahora\u201d<\/strong>, apunt\u00f3 Casas. Tambi\u00e9n record\u00f3 c\u00f3mo ha sido la evoluci\u00f3n de la profesi\u00f3n y c\u00f3mo, desde las diferentes vertientes farmac\u00e9uticas, \u201chan <strong>mantenido firme el compromiso con la salud de las personas\u201d.<\/strong><\/p>\n\n\n\n<h2 class=\"wp-block-heading\"><strong>Pasado y presente de las vocal\u00edas del COFB<\/strong><\/h2>\n\n\n\n<p>El acto conmemorativo, que tuvo lugar en el sal\u00f3n de actos del COFB, fue <strong>conducido por el periodista de TV3<\/strong>, <strong>Xavi Coral<\/strong>. \u201cSi buscamos uno <strong>nexo com\u00fan<\/strong> entre las diferentes vocal\u00edas a lo largo de este tiempo podr\u00edamos decir que es el hecho de trabajar como profesionales sanitarios por la <strong>promoci\u00f3n de la salud y la prevenci\u00f3n de la enfermedad\u201d<\/strong>, remarc\u00f3 Coral.<\/p>\n\n\n\n<figure class=\"wp-block-image size-large\"><a href=\"https:\/\/blog.cofb.cat\/wp-content\/uploads\/2023\/12\/COFB_Vocalies_07122023_2.jpg\" target=\"_blank\" rel=\"noopener\"><img decoding=\"async\" src=\"https:\/\/blog.cofb.cat\/wp-content\/uploads\/2023\/12\/COFB_Vocalies_07122023_2-1024x683.jpg\" alt=\"El periodista de TV3, Xavi Coral, en un moment de la presentaci\u00f3 de la jornada d'homenatge a les vocalies.\" class=\"wp-image-67959\" title=\"El periodista de TV3, Xavi Coral, en un momento de la presentaci\u00f3n de la jornada de homenaje a las vocal\u00edas.\"\/><\/a><figcaption>El periodista de TV3, Xavi Coral, en un momento de la presentaci\u00f3n de la jornada de homenaje a las vocal\u00edas.<\/figcaption><\/figure>\n\n\n\n<p>Durante la primera parte del acto, el periodista dio paso a cada uno <strong>de los portavoces de las diferentes vocal\u00edas<\/strong>, que van <strong>repasar el pasado y presente de su \u00e1mbito profesional<\/strong>. Intervino la <strong>Dra. Montserrat Rivero<\/strong>, como representante de la <strong>vocal\u00eda de Alimentaci\u00f3n y Nutrici\u00f3n<\/strong>, que rememor\u00f3 el momento en que le propusieron ser vocal del Colegio; tambi\u00e9n <strong>Maria Carme Vill\u00e0<\/strong>, de la <strong>vocal\u00eda de An\u00e1lisis<\/strong>, que explic\u00f3 el papel imprescindible que ha jugado la tecnolog\u00eda en su \u00e1mbito; seguidamente, <strong>Mayte P\u00e9rez<\/strong>, de la vocal\u00eda de<strong>Atenci\u00f3n Primaria<\/strong>, record\u00f3 cuando el presidente Joan Duran le llam\u00f3 para comunicarle que se hab\u00eda aprobado la creaci\u00f3n de su vocal\u00eda. En cuanto a<strong> Dermofarmacia y Productos Sanitarios<\/strong>, el<strong> Dr. Alfonso del Pozo<\/strong>, dio a conocer c\u00f3mo y por qu\u00e9 naci\u00f3 el t\u00e9rmino \u201cDemofarmacia\u201d y c\u00f3mo ha evolucionado hasta ahora esta categor\u00eda; a continuaci\u00f3n, <strong>Anna Maria Culler\u00e9<\/strong>, <strong>de la vocal\u00eda de<\/strong> <strong>Distribuci\u00f3n<\/strong>, hizo hincapi\u00e9 en la importancia de la pedagog\u00eda en este \u00e1mbito farmac\u00e9utico. Y <strong>Ma Antonia Mangues<\/strong>, de la <strong>vocal\u00eda de Hospitales<\/strong>, remarc\u00f3 la importancia de la formaci\u00f3n continuada.<\/p>\n\n\n\n<figure class=\"wp-block-image size-large\"><a href=\"https:\/\/blog.cofb.cat\/wp-content\/uploads\/2023\/12\/COFB_Vocalies_07122023_3-1.jpg\" target=\"_blank\" rel=\"noopener\"><img decoding=\"async\" src=\"https:\/\/blog.cofb.cat\/wp-content\/uploads\/2023\/12\/COFB_Vocalies_07122023_3-1-1024x684.jpg\" alt=\"\" class=\"wp-image-68013\" title=\"Los portavoces de las diferentes vocal\u00edas del Colegio representando su \u00e1mbito farmac\u00e9utico. \"\/><\/a><figcaption>Los portavoces de las diferentes vocal\u00edas del Colegio representando su \u00e1mbito de ejercicio de la farmacia. <\/figcaption><\/figure>\n\n\n\n<p>Por su parte, el <strong>Dr. Pere Berga<\/strong>, de la vocal\u00eda de<strong>Industria<\/strong>, record\u00f3 su etapa como vocal, de la que destac\u00f3 la organizaci\u00f3n del World Congress of Pharmacy and Pharmaceutical Sciences &#039;99, entre otros momentos. El <strong>Dr. Eduardo Mari\u00f1o<\/strong>, de la <strong>vocal\u00eda de Investigaci\u00f3n y Docencia<\/strong>, repas\u00f3 su etapa, de la que destac\u00f3 varios hitos, como la aprobaci\u00f3n de la asignatura obligatoria de Farmacia Cl\u00ednica y Farmacoterapia en la Universidad de Barcelona (UB) en 1993. En el turno de la <strong>vocal\u00eda de Oficina de Farmacia<\/strong>, <strong>Francisca Aranzana<\/strong>, dedic\u00f3 unas palabras de reconocimiento y agradecimiento a todas las personas que han sido vocales de Oficina de Farmacia, coordinadores, delegados, y puso en valor el trabajo del farmac\u00e9utico comunitario como agente de salud, destacando la experiencia y conocimiento que le aport\u00f3 Infarma Barcelona durante sus cuatro ediciones como directora.<\/p>\n\n\n\n<p>A continuaci\u00f3n, <strong>Carlos Berga<\/strong>, de la <strong>vocal\u00eda de Ortopedia<\/strong>, comparti\u00f3 el momento en que Teresa Bassons le convenci\u00f3 para formar parte de la Junta de Gobierno del Colegio, los primeros a\u00f1os como vocal de n\u00famero, posteriormente, como vocal de Ortopedia y, despu\u00e9s, como vicetesorero. Respecto a la <strong>vocal\u00eda de Plantas Medicinales y Homeopat\u00eda<\/strong>, <strong>Ma Jos\u00e9 Alonso<\/strong>, destac\u00f3 que durante m\u00e1s de 20 a\u00f1os el COFB ha sido el \u00fanico Colegio que contaba con esta vocal\u00eda. Por \u00faltimo, habl\u00f3 <strong>Elisabeth Ard\u00e8vol<\/strong>, miembro de la <strong>vocal\u00eda de Salud P\u00fablica<\/strong>, que repas\u00f3 c\u00f3mo ha evolucionado su especialidad para la promoci\u00f3n de la salud y la prevenci\u00f3n de la enfermedad.<\/p>\n\n\n\n<figure class=\"wp-block-image size-large\"><a href=\"https:\/\/blog.cofb.cat\/wp-content\/uploads\/2023\/12\/COFB_Vocalies_07122023_0.jpg\" target=\"_blank\" rel=\"noopener\"><img decoding=\"async\" src=\"https:\/\/blog.cofb.cat\/wp-content\/uploads\/2023\/12\/COFB_Vocalies_07122023_0-1024x683.jpg\" alt=\"Els\/les vocals de la Junta de Govern del COFB.\" class=\"wp-image-67957\" title=\"Los\/las vocales de la Junta de Gobierno del COFB.\"\/><\/a><figcaption>Los\/las vocales de la Junta de Gobierno del COFB.<\/figcaption><\/figure>\n\n\n\n<h2 class=\"wp-block-heading\"><strong>Conferencia sobre el futuro de la profesi\u00f3n en el mundo de la IA<\/strong><\/h2>\n\n\n\n<p>En la segunda parte del acto, el COFB organiz\u00f3 la <strong>conferencia &quot;El futuro de la profesi\u00f3n en el mundo de la IA y las nuevas tecnolog\u00edas&quot;<\/strong>, a cargo de <strong>Mar Gomis<\/strong>, farmac\u00e9utica cl\u00ednica y responsable de Impulso Digital del Hospital de la Santa Cruz y San Pablo, y de <strong>Toni Gilabert<\/strong>, farmac\u00e9utico y director de Innovaci\u00f3n y partenariado del Consorcio de Salud y Social de Catalunya. Ambos farmac\u00e9uticos debatieron, de forma interactiva con el p\u00fablico, sobre lo posible <strong>impacto de la Inteligencia Artificial (IA) y otras tecnolog\u00edas en la innovaci\u00f3n en la profesi\u00f3n farmac\u00e9utica<\/strong> y compartieron con los asistentes qu\u00e9 es la innovaci\u00f3n digital en el sector farmac\u00e9utico, por qu\u00e9 es necesario innovar constantemente y qu\u00e9 oportunidades y riesgos hay que tener presentes.<\/p>\n\n\n\n<p>Sobre la <strong>innovaci\u00f3n<\/strong>, Gilabert apunt\u00f3 que <strong>\u201ctiene que ver con algo pragm\u00e1tico y pr\u00e1ctico, aparte de innovadora, debe aportar un valor, pero sobre todo debe ser factible y deseable\u201d<\/strong>. Por su parte, la farmac\u00e9utica Mar Gomis, a\u00f1adi\u00f3 que <strong>\u201cla innovaci\u00f3n, desde la vertiente cl\u00ednica, es una herramienta para mejorar, optimizar procesos o crear una soluci\u00f3n nueva a un problema existente <strong>desde la proactividad,<\/strong>\u201d<\/strong>. Durante la sesi\u00f3n, los ponentes van <strong>plantear a los asistentes diferentes cuestiones sobre el uso de la tecnolog\u00eda en el sector farmac\u00e9utico,<\/strong> de forma interactiva, mediante una aplicaci\u00f3n.<\/p>\n\n\n\n<figure class=\"wp-block-image size-large\"><a href=\"https:\/\/blog.cofb.cat\/wp-content\/uploads\/2023\/12\/COFB_Vocalies_07122023_4.jpg\" target=\"_blank\" rel=\"noopener\"><img decoding=\"async\" src=\"https:\/\/blog.cofb.cat\/wp-content\/uploads\/2023\/12\/COFB_Vocalies_07122023_4-1024x683.jpg\" alt=\"Mar Gomis i Toni Gilabert en un moment de la confer\u00e8ncia \u201cEl futur de la professi\u00f3 en el m\u00f3n de la IA i les noves tecnologies\u201d.\" class=\"wp-image-67961\" title=\"Mar Gomis y Toni Gilabert en un momento de la conferencia &quot;El futuro de la profesi\u00f3n en el mundo de la IA y las nuevas tecnolog\u00edas&quot;.\"\/><\/a><figcaption>Mar Gomis y Toni Gilabert en un momento de la conferencia &quot;El futuro de la profesi\u00f3n en el mundo de la IA y las nuevas tecnolog\u00edas&quot;.<\/figcaption><\/figure>\n\n\n\n<p>Para cerrar la presentaci\u00f3n, los ponentes compartieron la siguiente reflexi\u00f3n: \u201cel futuro no se adivina ni est\u00e1 predeterminado. <strong>El futuro se imagina y se crea<\/strong>, por tanto, <strong>el futuro de la profesi\u00f3n le veo fascinante y espectacular, aunque hay un gran reto: compaginar el talento<\/strong> (la alta capacidad cient\u00edfica y t\u00e9cnica, el trabajo en red y las habilidades como la escucha activa o la empat\u00eda) <strong>con la inteligencia artificial.<\/strong> <strong>Si somos capaces de poner la IA al servicio del talento, tendr\u00e1 la condici\u00f3n necesaria para que el futuro sea extraordinario<\/strong>, pero todav\u00eda no es suficiente; para que esto sea suficiente se necesitan dos cosas: <strong>liderazgo colaborativo y visi\u00f3n estrat\u00e9gica<\/strong>\u201d.<\/p>\n\n\n\n<p><div class=\"destacat-blog\">  <\/p>\n\n\n\n<h2 class=\"wp-block-heading\"><strong>125 aniversario del COFB<\/strong><\/h2>\n\n\n\n<p>A lo largo del a\u00f1o 2023, el <strong>Colegio de Farmac\u00e9uticos de Barcelona ha conmemorado el 125 aniversario con diversas actividades, actos y acciones.<\/strong> En este sentido, el COFB <strong>ha organizado dos celebraciones de la Diada del Farmac\u00e9utico<\/strong>: al <strong><a href=\"https:\/\/blog.cofb.cat\/blog\/2023\/09\/15\/el-cofb-celebra-el-seu-125e-aniversari-impulsant-la-professio-a-una-edicio-especial-de-la-diada-del-farmaceutic\/\" target=\"_blank\" rel=\"noreferrer noopener\">recinto modernista del Hospital de Sant Pau de Barcelona<\/a><\/strong>, para homenajear a los farmac\u00e9uticos y farmac\u00e9uticas que cumpl\u00edan 25 a\u00f1os de colegiaci\u00f3n y dar la bienvenida a los nuevos colegiados; y al<a href=\"https:\/\/blog.cofb.cat\/blog\/2023\/10\/06\/prop-de-500-persones-celebren-els-125-anys-del-collegi-de-farmaceutics-de-barcelona-al-palau-de-la-musica-catalana\/\" target=\"_blank\" rel=\"noreferrer noopener\"> <strong>Palau de la M\u00fasica Catalana<\/strong><\/a><strong> <\/strong>para rendir homenaje a los farmac\u00e9uticos\/as que cumpl\u00edan 50 y 75 a\u00f1os de colegiaci\u00f3n. En este \u00faltimo acto, se present\u00f3 y proyect\u00f3 el <strong><a href=\"https:\/\/vimeo.com\/871098438?share=copy\" target=\"_blank\" rel=\"noreferrer noopener\">v\u00eddeo \u201cLa f\u00f3rmula magistral de nuestros 125 a\u00f1os\u201d<\/a><\/strong>. En formato audiovisual, tambi\u00e9n se han elaborado dos temporadas del <strong>videopodcast \u201cConverses de farm\u00e0cia\u201d<\/strong>.<\/p>\n\n\n\n<figure class=\"wp-block-image size-large\"><a href=\"https:\/\/blog.cofb.cat\/wp-content\/uploads\/2023\/10\/COFB_125e-ANIVERSARI_06102023_5-scaled.jpg\" target=\"_blank\" rel=\"noopener\"><img decoding=\"async\" src=\"https:\/\/blog.cofb.cat\/wp-content\/uploads\/2023\/10\/COFB_125e-ANIVERSARI_06102023_5-1024x588.jpg\" alt=\"\" class=\"wp-image-67440\"\/><\/a><figcaption>Uno&nbsp;<em>frame del&nbsp;<\/em>v\u00eddeo presentado durante la celebraci\u00f3n de la Fiesta del Farmac\u00e9utico en el Palau de la M\u00fasica Catalana.<\/figcaption><\/figure>\n\n\n\n<p>Con motivo de la conmemoraci\u00f3n del 125 aniversario, <a href=\"https:\/\/blog.cofb.cat\/blog\/2023\/09\/26\/dos-edificis-emblematics-de-barcelona-silluminen-de-verd-en-el-marc-del-dia-mundial-del-farmaceutic\/\" target=\"_blank\" rel=\"noreferrer noopener\"><strong>dos edificios emblem\u00e1ticos de Barcelona se iluminaron de verde<\/strong>:<\/a> la <strong>Torre Gl\u00f2ries<\/strong>, en el marco del <strong>D\u00eda Mundial del Farmac\u00e9utico<\/strong>; y la <strong>fachada de uno de los edificios situados en los jardines del recinto modernista del Hospital de Sant Pau.<\/strong><\/p>\n\n\n\n<p>Este a\u00f1o, <strong>se ha publicado el libro<\/strong> <strong>\u201cEspigolant en els darrers 25 anys\u201d<\/strong>, que hace un recorrido por el \u00faltimo cuarto de siglo del Colegio, y complementa <strong>el libro &quot;Apuntes de un siglo&quot;, que se ha reeditado<\/strong>. Ambos libros <strong>recogen los hechos m\u00e1s relevantes de la historia del COFB: 125 a\u00f1os impulsando la profesi\u00f3n farmac\u00e9utica<\/strong>. <\/p>\n\n\n\n<div class=\"wp-block-columns is-layout-flex wp-container-core-columns-is-layout-28f84493 wp-block-columns-is-layout-flex\">\n<div class=\"wp-block-column is-layout-flow wp-block-column-is-layout-flow\">\n<figure class=\"wp-block-image size-large\"><a href=\"https:\/\/blog.cofb.cat\/wp-content\/uploads\/2023\/12\/COFB_APUNTS-DUN-SEGLE-100-ANYS-PORTADA_07122023.jpg\" target=\"_blank\" rel=\"noopener\"><img decoding=\"async\" src=\"https:\/\/blog.cofb.cat\/wp-content\/uploads\/2023\/12\/COFB_APUNTS-DUN-SEGLE-100-ANYS-PORTADA_07122023-711x1024.jpg\" alt=\"Portada del llibre &quot;Apunts d'un segle&quot;.\" class=\"wp-image-67952\" title=\"Portada del libro &quot;Apuntes de un siglo&quot;.\"\/><\/a><figcaption>Portada del libro &quot;Apuntes de un siglo&quot;.<\/figcaption><\/figure>\n<\/div>\n\n\n\n<div class=\"wp-block-column is-layout-flow wp-block-column-is-layout-flow\">\n<figure class=\"wp-block-image size-large\"><a href=\"https:\/\/blog.cofb.cat\/wp-content\/uploads\/2023\/12\/COFB_ESPIGOLANT-EN-ELS-DARRERS-25-ANYS-PORTADA_07122023.jpg\" target=\"_blank\" rel=\"noopener\"><img decoding=\"async\" src=\"https:\/\/blog.cofb.cat\/wp-content\/uploads\/2023\/12\/COFB_ESPIGOLANT-EN-ELS-DARRERS-25-ANYS-PORTADA_07122023-711x1024.jpg\" alt=\"Portada del llibre &quot;Espigolant en els darrers 25 anys&quot;.\" class=\"wp-image-67953\" title=\"Portada del libro &quot;Espigolando en los \u00faltimos 25 a\u00f1os&quot;.\"\/><\/a><figcaption>Portada del libro \u201cEspigolando en los \u00faltimos 25 a\u00f1os\u201d.<\/figcaption><\/figure>\n<\/div>\n<\/div>\n\n\n\n<p>Asimismo, para descubrir los hechos m\u00e1s relevantes de la historia del Colegio, tambi\u00e9n se puso en marcha la acci\u00f3n<strong> \u201cSi acierto, lo adivino\u201d, un juego de preguntas y respuestas.&nbsp;<\/strong>La jornada de reconocimiento a las vocal\u00edas del COFB ha sido el \u00faltimo acto para conmemorar el aniversario del COFB.<\/p>\n\n\n\n<p><\/div>     <\/p>\n\n\n\n<p><\/p>\n\n\n\n<p><strong>Otras publicaciones de inter\u00e9s:<\/strong><\/p>\n\n\n\n<ul class=\"wp-block-list\"><li><a href=\"https:\/\/blog.cofb.cat\/blog\/2023\/10\/06\/prop-de-500-persones-celebren-els-125-anys-del-collegi-de-farmaceutics-de-barcelona-al-palau-de-la-musica-catalana\/\" target=\"_blank\" rel=\"noreferrer noopener\">Cerca de 500 personas celebran los 125 a\u00f1os del Colegio de Farmac\u00e9uticos de Barcelona en el Palau de la M\u00fasica Catalana (Octubre 2023)<\/a><\/li><li><a href=\"https:\/\/blog.cofb.cat\/blog\/2023\/09\/15\/el-cofb-celebra-el-seu-125e-aniversari-impulsant-la-professio-a-una-edicio-especial-de-la-diada-del-farmaceutic\/\" target=\"_blank\" rel=\"noreferrer noopener\">El COFB celebra su 125 aniversario impulsando la profesi\u00f3n a una edici\u00f3n especial de la Diada del Farmac\u00e9utico (Septiembre 2023)<\/a><\/li><li><a href=\"https:\/\/blog.cofb.cat\/blog\/2023\/09\/26\/dos-edificis-emblematics-de-barcelona-silluminen-de-verd-en-el-marc-del-dia-mundial-del-farmaceutic\/\" target=\"_blank\" rel=\"noreferrer noopener\">Dos edificios emblem\u00e1ticos de Barcelona se iluminan de verde en el marco del D\u00eda Mundial del Farmac\u00e9utico (Septiembre 2023)<\/a><\/li><\/ul>","protected":false},"excerpt":{"rendered":"<p>El Colegio de Farmac\u00e9uticos de Barcelona (COFB), con motivo del 125 aniversario, organiz\u00f3 el pasado 16 de noviembre un acto conmemorativo con las 12 vocal\u00edas. Un evento para homenajear a \u201cvocales que form\u00f3 parte de la Junta de Gobierno, miembros actuales de las vocal\u00edas y, en definitiva, colegiados [\u2026]<\/p>","protected":false},"author":1,"featured_media":78014,"comment_status":"open","ping_status":"open","sticky":false,"template":"","format":"standard","meta":{"_uag_custom_page_level_css":"","site-sidebar-layout":"default","site-content-layout":"","ast-site-content-layout":"default","site-content-style":"default","site-sidebar-style":"default","ast-global-header-display":"","ast-banner-title-visibility":"","ast-main-header-display":"","ast-hfb-above-header-display":"","ast-hfb-below-header-display":"","ast-hfb-mobile-header-display":"","site-post-title":"","ast-breadcrumbs-content":"","ast-featured-img":"disabled","footer-sml-layout":"","theme-transparent-header-meta":"","adv-header-id-meta":"","stick-header-meta":"","header-above-stick-meta":"","header-main-stick-meta":"","header-below-stick-meta":"","astra-migrate-meta-layouts":"set","ast-page-background-enabled":"default","ast-page-background-meta":{"desktop":{"background-color":"var(--ast-global-color-4)","background-image":"","background-repeat":"repeat","background-position":"center center","background-size":"auto","background-attachment":"scroll","background-type":"","background-media":"","overlay-type":"","overlay-color":"","overlay-opacity":"","overlay-gradient":""},"tablet":{"background-color":"","background-image":"","background-repeat":"repeat","background-position":"center center","background-size":"auto","background-attachment":"scroll","background-type":"","background-media":"","overlay-type":"","overlay-color":"","overlay-opacity":"","overlay-gradient":""},"mobile":{"background-color":"","background-image":"","background-repeat":"repeat","background-position":"center center","background-size":"auto","background-attachment":"scroll","background-type":"","background-media":"","overlay-type":"","overlay-color":"","overlay-opacity":"","overlay-gradient":""}},"ast-content-background-meta":{"desktop":{"background-color":"var(--ast-global-color-5)","background-image":"","background-repeat":"repeat","background-position":"center center","background-size":"auto","background-attachment":"scroll","background-type":"","background-media":"","overlay-type":"","overlay-color":"","overlay-opacity":"","overlay-gradient":""},"tablet":{"background-color":"var(--ast-global-color-5)","background-image":"","background-repeat":"repeat","background-position":"center center","background-size":"auto","background-attachment":"scroll","background-type":"","background-media":"","overlay-type":"","overlay-color":"","overlay-opacity":"","overlay-gradient":""},"mobile":{"background-color":"var(--ast-global-color-5)","background-image":"","background-repeat":"repeat","background-position":"center center","background-size":"auto","background-attachment":"scroll","background-type":"","background-media":"","overlay-type":"","overlay-color":"","overlay-opacity":"","overlay-gradient":""}},"footnotes":""},"categories":[23,57],"tags":[4830,16,18,356,3015,19,692,53,68,4831,575,4832,247,417,875,2328,316,906,3109,318,196,389,3449,590,4833,4834,4835,948,4836,3676,4837],"class_list":["post-77771","post","type-post","status-publish","format-standard","has-post-thumbnail","hentry","category-destacats","category-mon-collegial","tag-acte-commemoratiu","tag-alimentacio-i-nutricio","tag-cofb","tag-collegi","tag-collegi-de-farmaceutics","tag-collegi-de-farmaceutics-de-barcelona","tag-collegiats","tag-farmaceutics","tag-farmacia","tag-ia","tag-innovacio","tag-intelligencia-artificial","tag-jordi-casas","tag-junta-de-govern","tag-lideratge","tag-noves-tecnologies","tag-prevencio-de-la-malaltia","tag-professio-farmaceutica","tag-professionals-farmaceutics","tag-promocio-de-la-salut","tag-sector-farmaceutic","tag-vocalia-dalimentacio-i-nutricio","tag-vocalia-danalisis","tag-vocalia-dortopedia","tag-vocalia-dindustria","tag-vocalia-dinvestigacio-i-docencia","tag-vocalia-doficina-de-farmacia","tag-vocalia-de-plantes-medicinals-i-homeopatia","tag-vocalia-de-salut-publica","tag-vocalies","tag-vocals"],"yoast_head":"<!-- This site is optimized with the Yoast SEO plugin v22.4 - https:\/\/yoast.com\/wordpress\/plugins\/seo\/ -->\n<title>Les 12 vocalies del COFB comparteixen experi\u00e8ncies i an\u00e8cdotes dels seus or\u00edgens en el marc d\u2019un acte commemoratiu celebrat amb motiu del 125\u00e8 aniversari - Col\u00b7legi de Farmac\u00e8utics de Barcelona<\/title>\n<meta name=\"description\" content=\"El passat 16 de novembre, el COFB va organitzar un acte commemoratiu de les vocalies, amb motiu del 125\u00e8 aniversari.\" \/>\n<meta name=\"robots\" content=\"index, follow, max-snippet:-1, max-image-preview:large, max-video-preview:-1\" \/>\n<link rel=\"canonical\" href=\"https:\/\/novaorg.cofb.net\/2023\/12\/11\/les-12-vocalies-del-cofb-comparteixen-experiencies-i-anecdotes-dels-seus-origens-en-el-marc-dun-acte-commemoratiu-celebrat-amb-motiu-del-125e-aniversari\/\" \/>\n<meta property=\"og:locale\" content=\"es_ES\" \/>\n<meta property=\"og:type\" content=\"article\" \/>\n<meta property=\"og:title\" content=\"Les 12 vocalies del COFB comparteixen experi\u00e8ncies i an\u00e8cdotes dels seus or\u00edgens en el marc d\u2019un acte commemoratiu celebrat amb motiu del 125\u00e8 aniversari - Col\u00b7legi de Farmac\u00e8utics de Barcelona\" \/>\n<meta property=\"og:description\" content=\"El passat 16 de novembre, el COFB va organitzar un acte commemoratiu de les vocalies, amb motiu del 125\u00e8 aniversari.\" \/>\n<meta property=\"og:url\" content=\"https:\/\/novaorg.cofb.net\/2023\/12\/11\/les-12-vocalies-del-cofb-comparteixen-experiencies-i-anecdotes-dels-seus-origens-en-el-marc-dun-acte-commemoratiu-celebrat-amb-motiu-del-125e-aniversari\/\" \/>\n<meta property=\"og:site_name\" content=\"Col\u00b7legi de Farmac\u00e8utics de Barcelona\" \/>\n<meta property=\"article:publisher\" content=\"https:\/\/www.facebook.com\/farmaceuticsbcn\/\" \/>\n<meta property=\"article:published_time\" content=\"2023-12-11T18:22:00+00:00\" \/>\n<meta property=\"article:modified_time\" content=\"2024-04-05T10:28:29+00:00\" \/>\n<meta property=\"og:image\" content=\"https:\/\/novaorg.cofb.net\/wp-content\/uploads\/2024\/04\/COFB_Vocalies_07122023_1-1-1024x683-1.jpeg\" \/>\n\t<meta property=\"og:image:width\" content=\"1024\" \/>\n\t<meta property=\"og:image:height\" content=\"683\" \/>\n\t<meta property=\"og:image:type\" content=\"image\/jpeg\" \/>\n<meta name=\"author\" content=\"wpAdminCofbOrg\" \/>\n<meta name=\"twitter:card\" content=\"summary_large_image\" \/>\n<meta name=\"twitter:creator\" content=\"@farmaceuticsbcn\" \/>\n<meta name=\"twitter:site\" content=\"@farmaceuticsbcn\" \/>\n<meta name=\"twitter:label1\" content=\"Escrito por\" \/>\n\t<meta name=\"twitter:data1\" content=\"wpAdminCofbOrg\" \/>\n\t<meta name=\"twitter:label2\" content=\"Tiempo de lectura\" \/>\n\t<meta name=\"twitter:data2\" content=\"10 minutos\" \/>\n<script type=\"application\/ld+json\" class=\"yoast-schema-graph\">{\"@context\":\"https:\/\/schema.org\",\"@graph\":[{\"@type\":\"Article\",\"@id\":\"https:\/\/novaorg.cofb.net\/2023\/12\/11\/les-12-vocalies-del-cofb-comparteixen-experiencies-i-anecdotes-dels-seus-origens-en-el-marc-dun-acte-commemoratiu-celebrat-amb-motiu-del-125e-aniversari\/#article\",\"isPartOf\":{\"@id\":\"https:\/\/novaorg.cofb.net\/2023\/12\/11\/les-12-vocalies-del-cofb-comparteixen-experiencies-i-anecdotes-dels-seus-origens-en-el-marc-dun-acte-commemoratiu-celebrat-amb-motiu-del-125e-aniversari\/\"},\"author\":{\"name\":\"wpAdminCofbOrg\",\"@id\":\"https:\/\/www.cofb.org\/#\/schema\/person\/22ed7eea88da74b0fa4d3154ad87ffcb\"},\"headline\":\"Les 12 vocalies del COFB comparteixen experi\u00e8ncies i an\u00e8cdotes dels seus or\u00edgens en el marc d\u2019un acte commemoratiu celebrat amb motiu del 125\u00e8 aniversari\",\"datePublished\":\"2023-12-11T18:22:00+00:00\",\"dateModified\":\"2024-04-05T10:28:29+00:00\",\"mainEntityOfPage\":{\"@id\":\"https:\/\/novaorg.cofb.net\/2023\/12\/11\/les-12-vocalies-del-cofb-comparteixen-experiencies-i-anecdotes-dels-seus-origens-en-el-marc-dun-acte-commemoratiu-celebrat-amb-motiu-del-125e-aniversari\/\"},\"wordCount\":1626,\"commentCount\":0,\"publisher\":{\"@id\":\"https:\/\/www.cofb.org\/#organization\"},\"image\":{\"@id\":\"https:\/\/novaorg.cofb.net\/2023\/12\/11\/les-12-vocalies-del-cofb-comparteixen-experiencies-i-anecdotes-dels-seus-origens-en-el-marc-dun-acte-commemoratiu-celebrat-amb-motiu-del-125e-aniversari\/#primaryimage\"},\"thumbnailUrl\":\"https:\/\/www.cofb.org\/wp-content\/uploads\/2024\/04\/COFB_Vocalies_07122023_1-1-1024x683-1.jpeg\",\"keywords\":[\"acte commemoratiu\",\"Alimentaci\u00f3 i nutrici\u00f3\",\"COFB\",\"Col\u00b7legi\",\"Col\u00b7legi de Farmac\u00e8utics\",\"Col\u00b7legi de Farmac\u00e8utics de Barcelona\",\"col\u00b7legiats\",\"farmac\u00e8utics\",\"Farm\u00e0cia\",\"IA\",\"innovaci\u00f3\",\"Intel\u00b7lig\u00e8ncia artificial\",\"Jordi Casas\",\"Junta de Govern\",\"lideratge\",\"noves tecnologies\",\"prevenci\u00f3 de la malaltia\",\"professi\u00f3 farmac\u00e8utica\",\"professionals farmac\u00e8utics\",\"promoci\u00f3 de la salut\",\"sector farmac\u00e8utic\",\"vocalia d'alimentaci\u00f3 i nutrici\u00f3\",\"Vocalia d'An\u00e0lisis\",\"vocalia d'Ortop\u00e8dia\",\"vocalia d&#039;Ind\u00fastria\",\"vocalia d&#039;Investigaci\u00f3 i Doc\u00e8ncia\",\"vocalia d&#039;Oficina de Farm\u00e0cia\",\"Vocalia de Plantes Medicinals i Homeopatia\",\"vocalia de Salut P\u00fablica\",\"vocalies\",\"vocals\"],\"articleSection\":[\"Destacats\",\"M\u00f3n col\u00b7legial\"],\"inLanguage\":\"es\",\"potentialAction\":[{\"@type\":\"CommentAction\",\"name\":\"Comment\",\"target\":[\"https:\/\/novaorg.cofb.net\/2023\/12\/11\/les-12-vocalies-del-cofb-comparteixen-experiencies-i-anecdotes-dels-seus-origens-en-el-marc-dun-acte-commemoratiu-celebrat-amb-motiu-del-125e-aniversari\/#respond\"]}]},{\"@type\":\"WebPage\",\"@id\":\"https:\/\/novaorg.cofb.net\/2023\/12\/11\/les-12-vocalies-del-cofb-comparteixen-experiencies-i-anecdotes-dels-seus-origens-en-el-marc-dun-acte-commemoratiu-celebrat-amb-motiu-del-125e-aniversari\/\",\"url\":\"https:\/\/novaorg.cofb.net\/2023\/12\/11\/les-12-vocalies-del-cofb-comparteixen-experiencies-i-anecdotes-dels-seus-origens-en-el-marc-dun-acte-commemoratiu-celebrat-amb-motiu-del-125e-aniversari\/\",\"name\":\"Les 12 vocalies del COFB comparteixen experi\u00e8ncies i an\u00e8cdotes dels seus or\u00edgens en el marc d\u2019un acte commemoratiu celebrat amb motiu del 125\u00e8 aniversari - Col\u00b7legi de Farmac\u00e8utics de Barcelona\",\"isPartOf\":{\"@id\":\"https:\/\/www.cofb.org\/#website\"},\"primaryImageOfPage\":{\"@id\":\"https:\/\/novaorg.cofb.net\/2023\/12\/11\/les-12-vocalies-del-cofb-comparteixen-experiencies-i-anecdotes-dels-seus-origens-en-el-marc-dun-acte-commemoratiu-celebrat-amb-motiu-del-125e-aniversari\/#primaryimage\"},\"image\":{\"@id\":\"https:\/\/novaorg.cofb.net\/2023\/12\/11\/les-12-vocalies-del-cofb-comparteixen-experiencies-i-anecdotes-dels-seus-origens-en-el-marc-dun-acte-commemoratiu-celebrat-amb-motiu-del-125e-aniversari\/#primaryimage\"},\"thumbnailUrl\":\"https:\/\/www.cofb.org\/wp-content\/uploads\/2024\/04\/COFB_Vocalies_07122023_1-1-1024x683-1.jpeg\",\"datePublished\":\"2023-12-11T18:22:00+00:00\",\"dateModified\":\"2024-04-05T10:28:29+00:00\",\"description\":\"El passat 16 de novembre, el COFB va organitzar un acte commemoratiu de les vocalies, amb motiu del 125\u00e8 aniversari.\",\"breadcrumb\":{\"@id\":\"https:\/\/novaorg.cofb.net\/2023\/12\/11\/les-12-vocalies-del-cofb-comparteixen-experiencies-i-anecdotes-dels-seus-origens-en-el-marc-dun-acte-commemoratiu-celebrat-amb-motiu-del-125e-aniversari\/#breadcrumb\"},\"inLanguage\":\"es\",\"potentialAction\":[{\"@type\":\"ReadAction\",\"target\":[\"https:\/\/novaorg.cofb.net\/2023\/12\/11\/les-12-vocalies-del-cofb-comparteixen-experiencies-i-anecdotes-dels-seus-origens-en-el-marc-dun-acte-commemoratiu-celebrat-amb-motiu-del-125e-aniversari\/\"]}]},{\"@type\":\"ImageObject\",\"inLanguage\":\"es\",\"@id\":\"https:\/\/novaorg.cofb.net\/2023\/12\/11\/les-12-vocalies-del-cofb-comparteixen-experiencies-i-anecdotes-dels-seus-origens-en-el-marc-dun-acte-commemoratiu-celebrat-amb-motiu-del-125e-aniversari\/#primaryimage\",\"url\":\"https:\/\/www.cofb.org\/wp-content\/uploads\/2024\/04\/COFB_Vocalies_07122023_1-1-1024x683-1.jpeg\",\"contentUrl\":\"https:\/\/www.cofb.org\/wp-content\/uploads\/2024\/04\/COFB_Vocalies_07122023_1-1-1024x683-1.jpeg\",\"width\":1024,\"height\":683},{\"@type\":\"BreadcrumbList\",\"@id\":\"https:\/\/novaorg.cofb.net\/2023\/12\/11\/les-12-vocalies-del-cofb-comparteixen-experiencies-i-anecdotes-dels-seus-origens-en-el-marc-dun-acte-commemoratiu-celebrat-amb-motiu-del-125e-aniversari\/#breadcrumb\",\"itemListElement\":[{\"@type\":\"ListItem\",\"position\":1,\"name\":\"Inici\",\"item\":\"https:\/\/novaorg.cofb.net\/\"},{\"@type\":\"ListItem\",\"position\":2,\"name\":\"Les 12 vocalies del COFB comparteixen experi\u00e8ncies i an\u00e8cdotes dels seus or\u00edgens en el marc d\u2019un acte commemoratiu celebrat amb motiu del 125\u00e8 aniversari\"}]},{\"@type\":\"WebSite\",\"@id\":\"https:\/\/www.cofb.org\/#website\",\"url\":\"https:\/\/www.cofb.org\/\",\"name\":\"Col\u00b7legi de Farmac\u00e8utics de Barcelona\",\"description\":\"\",\"publisher\":{\"@id\":\"https:\/\/www.cofb.org\/#organization\"},\"potentialAction\":[{\"@type\":\"SearchAction\",\"target\":{\"@type\":\"EntryPoint\",\"urlTemplate\":\"https:\/\/www.cofb.org\/?s={search_term_string}\"},\"query-input\":\"required name=search_term_string\"}],\"inLanguage\":\"es\"},{\"@type\":\"Organization\",\"@id\":\"https:\/\/www.cofb.org\/#organization\",\"name\":\"Col\u00b7legi de Farmac\u00e8utics de Barcelona\",\"url\":\"https:\/\/www.cofb.org\/\",\"logo\":{\"@type\":\"ImageObject\",\"inLanguage\":\"es\",\"@id\":\"https:\/\/www.cofb.org\/#\/schema\/logo\/image\/\",\"url\":\"https:\/\/www.cofb.org\/wp-content\/uploads\/2023\/11\/cropped-Logotip-COFB.png\",\"contentUrl\":\"https:\/\/www.cofb.org\/wp-content\/uploads\/2023\/11\/cropped-Logotip-COFB.png\",\"width\":500,\"height\":105,\"caption\":\"Col\u00b7legi de Farmac\u00e8utics de Barcelona\"},\"image\":{\"@id\":\"https:\/\/www.cofb.org\/#\/schema\/logo\/image\/\"},\"sameAs\":[\"https:\/\/www.facebook.com\/farmaceuticsbcn\/\",\"https:\/\/twitter.com\/farmaceuticsbcn\",\"https:\/\/www.instagram.com\/farmaceuticsbcn\/\",\"https:\/\/www.linkedin.com\/company\/farmaceuticsbcn\/\"]},{\"@type\":\"Person\",\"@id\":\"https:\/\/www.cofb.org\/#\/schema\/person\/22ed7eea88da74b0fa4d3154ad87ffcb\",\"name\":\"wpAdminCofbOrg\",\"image\":{\"@type\":\"ImageObject\",\"inLanguage\":\"es\",\"@id\":\"https:\/\/www.cofb.org\/#\/schema\/person\/image\/\",\"url\":\"https:\/\/secure.gravatar.com\/avatar\/1721b20b3b8ca882c3b56ec6c978c594fff670e40c0718e9190eaeeb76aae7d8?s=96&d=mm&r=g\",\"contentUrl\":\"https:\/\/secure.gravatar.com\/avatar\/1721b20b3b8ca882c3b56ec6c978c594fff670e40c0718e9190eaeeb76aae7d8?s=96&d=mm&r=g\",\"caption\":\"wpAdminCofbOrg\"},\"sameAs\":[\"http:\/\/192.168.64.122\/wordpress\"],\"url\":\"https:\/\/www.cofb.org\/es\/author\/wpadmincofborg\/\"}]}<\/script>\n<!-- \/ Yoast SEO plugin. -->","yoast_head_json":{"title":"Les 12 vocalies del COFB comparteixen experi\u00e8ncies i an\u00e8cdotes dels seus or\u00edgens en el marc d\u2019un acte commemoratiu celebrat amb motiu del 125\u00e8 aniversari - Col\u00b7legi de Farmac\u00e8utics de Barcelona","description":"El passat 16 de novembre, el COFB va organitzar un acte commemoratiu de les vocalies, amb motiu del 125\u00e8 aniversari.","robots":{"index":"index","follow":"follow","max-snippet":"max-snippet:-1","max-image-preview":"max-image-preview:large","max-video-preview":"max-video-preview:-1"},"canonical":"https:\/\/novaorg.cofb.net\/2023\/12\/11\/les-12-vocalies-del-cofb-comparteixen-experiencies-i-anecdotes-dels-seus-origens-en-el-marc-dun-acte-commemoratiu-celebrat-amb-motiu-del-125e-aniversari\/","og_locale":"es_ES","og_type":"article","og_title":"Les 12 vocalies del COFB comparteixen experi\u00e8ncies i an\u00e8cdotes dels seus or\u00edgens en el marc d\u2019un acte commemoratiu celebrat amb motiu del 125\u00e8 aniversari - Col\u00b7legi de Farmac\u00e8utics de Barcelona","og_description":"El passat 16 de novembre, el COFB va organitzar un acte commemoratiu de les vocalies, amb motiu del 125\u00e8 aniversari.","og_url":"https:\/\/novaorg.cofb.net\/2023\/12\/11\/les-12-vocalies-del-cofb-comparteixen-experiencies-i-anecdotes-dels-seus-origens-en-el-marc-dun-acte-commemoratiu-celebrat-amb-motiu-del-125e-aniversari\/","og_site_name":"Col\u00b7legi de Farmac\u00e8utics de Barcelona","article_publisher":"https:\/\/www.facebook.com\/farmaceuticsbcn\/","article_published_time":"2023-12-11T18:22:00+00:00","article_modified_time":"2024-04-05T10:28:29+00:00","og_image":[{"width":1024,"height":683,"url":"https:\/\/novaorg.cofb.net\/wp-content\/uploads\/2024\/04\/COFB_Vocalies_07122023_1-1-1024x683-1.jpeg","type":"image\/jpeg"}],"author":"wpAdminCofbOrg","twitter_card":"summary_large_image","twitter_creator":"@farmaceuticsbcn","twitter_site":"@farmaceuticsbcn","twitter_misc":{"Escrito por":"wpAdminCofbOrg","Tiempo de lectura":"10 minutos"},"schema":{"@context":"https:\/\/schema.org","@graph":[{"@type":"Article","@id":"https:\/\/novaorg.cofb.net\/2023\/12\/11\/les-12-vocalies-del-cofb-comparteixen-experiencies-i-anecdotes-dels-seus-origens-en-el-marc-dun-acte-commemoratiu-celebrat-amb-motiu-del-125e-aniversari\/#article","isPartOf":{"@id":"https:\/\/novaorg.cofb.net\/2023\/12\/11\/les-12-vocalies-del-cofb-comparteixen-experiencies-i-anecdotes-dels-seus-origens-en-el-marc-dun-acte-commemoratiu-celebrat-amb-motiu-del-125e-aniversari\/"},"author":{"name":"wpAdminCofbOrg","@id":"https:\/\/www.cofb.org\/#\/schema\/person\/22ed7eea88da74b0fa4d3154ad87ffcb"},"headline":"Les 12 vocalies del COFB comparteixen experi\u00e8ncies i an\u00e8cdotes dels seus or\u00edgens en el marc d\u2019un acte commemoratiu celebrat amb motiu del 125\u00e8 aniversari","datePublished":"2023-12-11T18:22:00+00:00","dateModified":"2024-04-05T10:28:29+00:00","mainEntityOfPage":{"@id":"https:\/\/novaorg.cofb.net\/2023\/12\/11\/les-12-vocalies-del-cofb-comparteixen-experiencies-i-anecdotes-dels-seus-origens-en-el-marc-dun-acte-commemoratiu-celebrat-amb-motiu-del-125e-aniversari\/"},"wordCount":1626,"commentCount":0,"publisher":{"@id":"https:\/\/www.cofb.org\/#organization"},"image":{"@id":"https:\/\/novaorg.cofb.net\/2023\/12\/11\/les-12-vocalies-del-cofb-comparteixen-experiencies-i-anecdotes-dels-seus-origens-en-el-marc-dun-acte-commemoratiu-celebrat-amb-motiu-del-125e-aniversari\/#primaryimage"},"thumbnailUrl":"https:\/\/www.cofb.org\/wp-content\/uploads\/2024\/04\/COFB_Vocalies_07122023_1-1-1024x683-1.jpeg","keywords":["acte commemoratiu","Alimentaci\u00f3 i nutrici\u00f3","COFB","Col\u00b7legi","Col\u00b7legi de Farmac\u00e8utics","Col\u00b7legi de Farmac\u00e8utics de Barcelona","col\u00b7legiats","farmac\u00e8utics","Farm\u00e0cia","IA","innovaci\u00f3","Intel\u00b7lig\u00e8ncia artificial","Jordi Casas","Junta de Govern","lideratge","noves tecnologies","prevenci\u00f3 de la malaltia","professi\u00f3 farmac\u00e8utica","professionals farmac\u00e8utics","promoci\u00f3 de la salut","sector farmac\u00e8utic","vocalia d'alimentaci\u00f3 i nutrici\u00f3","Vocalia d'An\u00e0lisis","vocalia d'Ortop\u00e8dia","vocalia d&#039;Ind\u00fastria","vocalia d&#039;Investigaci\u00f3 i Doc\u00e8ncia","vocalia d&#039;Oficina de Farm\u00e0cia","Vocalia de Plantes Medicinals i Homeopatia","vocalia de Salut P\u00fablica","vocalies","vocals"],"articleSection":["Destacats","M\u00f3n col\u00b7legial"],"inLanguage":"es","potentialAction":[{"@type":"CommentAction","name":"Comment","target":["https:\/\/novaorg.cofb.net\/2023\/12\/11\/les-12-vocalies-del-cofb-comparteixen-experiencies-i-anecdotes-dels-seus-origens-en-el-marc-dun-acte-commemoratiu-celebrat-amb-motiu-del-125e-aniversari\/#respond"]}]},{"@type":"WebPage","@id":"https:\/\/novaorg.cofb.net\/2023\/12\/11\/les-12-vocalies-del-cofb-comparteixen-experiencies-i-anecdotes-dels-seus-origens-en-el-marc-dun-acte-commemoratiu-celebrat-amb-motiu-del-125e-aniversari\/","url":"https:\/\/novaorg.cofb.net\/2023\/12\/11\/les-12-vocalies-del-cofb-comparteixen-experiencies-i-anecdotes-dels-seus-origens-en-el-marc-dun-acte-commemoratiu-celebrat-amb-motiu-del-125e-aniversari\/","name":"Les 12 vocalies del COFB comparteixen experi\u00e8ncies i an\u00e8cdotes dels seus or\u00edgens en el marc d\u2019un acte commemoratiu celebrat amb motiu del 125\u00e8 aniversari - Col\u00b7legi de Farmac\u00e8utics de Barcelona","isPartOf":{"@id":"https:\/\/www.cofb.org\/#website"},"primaryImageOfPage":{"@id":"https:\/\/novaorg.cofb.net\/2023\/12\/11\/les-12-vocalies-del-cofb-comparteixen-experiencies-i-anecdotes-dels-seus-origens-en-el-marc-dun-acte-commemoratiu-celebrat-amb-motiu-del-125e-aniversari\/#primaryimage"},"image":{"@id":"https:\/\/novaorg.cofb.net\/2023\/12\/11\/les-12-vocalies-del-cofb-comparteixen-experiencies-i-anecdotes-dels-seus-origens-en-el-marc-dun-acte-commemoratiu-celebrat-amb-motiu-del-125e-aniversari\/#primaryimage"},"thumbnailUrl":"https:\/\/www.cofb.org\/wp-content\/uploads\/2024\/04\/COFB_Vocalies_07122023_1-1-1024x683-1.jpeg","datePublished":"2023-12-11T18:22:00+00:00","dateModified":"2024-04-05T10:28:29+00:00","description":"El passat 16 de novembre, el COFB va organitzar un acte commemoratiu de les vocalies, amb motiu del 125\u00e8 aniversari.","breadcrumb":{"@id":"https:\/\/novaorg.cofb.net\/2023\/12\/11\/les-12-vocalies-del-cofb-comparteixen-experiencies-i-anecdotes-dels-seus-origens-en-el-marc-dun-acte-commemoratiu-celebrat-amb-motiu-del-125e-aniversari\/#breadcrumb"},"inLanguage":"es","potentialAction":[{"@type":"ReadAction","target":["https:\/\/novaorg.cofb.net\/2023\/12\/11\/les-12-vocalies-del-cofb-comparteixen-experiencies-i-anecdotes-dels-seus-origens-en-el-marc-dun-acte-commemoratiu-celebrat-amb-motiu-del-125e-aniversari\/"]}]},{"@type":"ImageObject","inLanguage":"es","@id":"https:\/\/novaorg.cofb.net\/2023\/12\/11\/les-12-vocalies-del-cofb-comparteixen-experiencies-i-anecdotes-dels-seus-origens-en-el-marc-dun-acte-commemoratiu-celebrat-amb-motiu-del-125e-aniversari\/#primaryimage","url":"https:\/\/www.cofb.org\/wp-content\/uploads\/2024\/04\/COFB_Vocalies_07122023_1-1-1024x683-1.jpeg","contentUrl":"https:\/\/www.cofb.org\/wp-content\/uploads\/2024\/04\/COFB_Vocalies_07122023_1-1-1024x683-1.jpeg","width":1024,"height":683},{"@type":"BreadcrumbList","@id":"https:\/\/novaorg.cofb.net\/2023\/12\/11\/les-12-vocalies-del-cofb-comparteixen-experiencies-i-anecdotes-dels-seus-origens-en-el-marc-dun-acte-commemoratiu-celebrat-amb-motiu-del-125e-aniversari\/#breadcrumb","itemListElement":[{"@type":"ListItem","position":1,"name":"Inici","item":"https:\/\/novaorg.cofb.net\/"},{"@type":"ListItem","position":2,"name":"Les 12 vocalies del COFB comparteixen experi\u00e8ncies i an\u00e8cdotes dels seus or\u00edgens en el marc d\u2019un acte commemoratiu celebrat amb motiu del 125\u00e8 aniversari"}]},{"@type":"WebSite","@id":"https:\/\/www.cofb.org\/#website","url":"https:\/\/www.cofb.org\/","name":"Col\u00b7legi de Farmac\u00e8utics de Barcelona","description":"","publisher":{"@id":"https:\/\/www.cofb.org\/#organization"},"potentialAction":[{"@type":"SearchAction","target":{"@type":"EntryPoint","urlTemplate":"https:\/\/www.cofb.org\/?s={search_term_string}"},"query-input":"required name=search_term_string"}],"inLanguage":"es"},{"@type":"Organization","@id":"https:\/\/www.cofb.org\/#organization","name":"Col\u00b7legi de Farmac\u00e8utics de Barcelona","url":"https:\/\/www.cofb.org\/","logo":{"@type":"ImageObject","inLanguage":"es","@id":"https:\/\/www.cofb.org\/#\/schema\/logo\/image\/","url":"https:\/\/www.cofb.org\/wp-content\/uploads\/2023\/11\/cropped-Logotip-COFB.png","contentUrl":"https:\/\/www.cofb.org\/wp-content\/uploads\/2023\/11\/cropped-Logotip-COFB.png","width":500,"height":105,"caption":"Col\u00b7legi de Farmac\u00e8utics de Barcelona"},"image":{"@id":"https:\/\/www.cofb.org\/#\/schema\/logo\/image\/"},"sameAs":["https:\/\/www.facebook.com\/farmaceuticsbcn\/","https:\/\/twitter.com\/farmaceuticsbcn","https:\/\/www.instagram.com\/farmaceuticsbcn\/","https:\/\/www.linkedin.com\/company\/farmaceuticsbcn\/"]},{"@type":"Person","@id":"https:\/\/www.cofb.org\/#\/schema\/person\/22ed7eea88da74b0fa4d3154ad87ffcb","name":"wpAdminCofbOrg","image":{"@type":"ImageObject","inLanguage":"es","@id":"https:\/\/www.cofb.org\/#\/schema\/person\/image\/","url":"https:\/\/secure.gravatar.com\/avatar\/1721b20b3b8ca882c3b56ec6c978c594fff670e40c0718e9190eaeeb76aae7d8?s=96&d=mm&r=g","contentUrl":"https:\/\/secure.gravatar.com\/avatar\/1721b20b3b8ca882c3b56ec6c978c594fff670e40c0718e9190eaeeb76aae7d8?s=96&d=mm&r=g","caption":"wpAdminCofbOrg"},"sameAs":["http:\/\/192.168.64.122\/wordpress"],"url":"https:\/\/www.cofb.org\/es\/author\/wpadmincofborg\/"}]}},"uagb_featured_image_src":{"full":["https:\/\/www.cofb.org\/wp-content\/uploads\/2024\/04\/COFB_Vocalies_07122023_1-1-1024x683-1.jpeg",1024,683,false],"thumbnail":["https:\/\/www.cofb.org\/wp-content\/uploads\/2024\/04\/COFB_Vocalies_07122023_1-1-1024x683-1-150x150.jpeg",150,150,true],"medium":["https:\/\/www.cofb.org\/wp-content\/uploads\/2024\/04\/COFB_Vocalies_07122023_1-1-1024x683-1-300x200.jpeg",300,200,true],"medium_large":["https:\/\/www.cofb.org\/wp-content\/uploads\/2024\/04\/COFB_Vocalies_07122023_1-1-1024x683-1-768x512.jpeg",768,512,true],"large":["https:\/\/www.cofb.org\/wp-content\/uploads\/2024\/04\/COFB_Vocalies_07122023_1-1-1024x683-1.jpeg",1024,683,false],"1536x1536":["https:\/\/www.cofb.org\/wp-content\/uploads\/2024\/04\/COFB_Vocalies_07122023_1-1-1024x683-1.jpeg",1024,683,false],"2048x2048":["https:\/\/www.cofb.org\/wp-content\/uploads\/2024\/04\/COFB_Vocalies_07122023_1-1-1024x683-1.jpeg",1024,683,false],"trp-custom-language-flag":["https:\/\/www.cofb.org\/wp-content\/uploads\/2024\/04\/COFB_Vocalies_07122023_1-1-1024x683-1-18x12.jpeg",18,12,true]},"uagb_author_info":{"display_name":"wpAdminCofbOrg","author_link":"https:\/\/www.cofb.org\/es\/author\/wpadmincofborg\/"},"uagb_comment_info":0,"uagb_excerpt":"El Col\u00b7legi de Farmac\u00e8utics de Barcelona (COFB), amb motiu del 125\u00e8 aniversari, va organitzar el passat 16 de novembre un acte commemoratiu amb les 12 vocalies. Un esdeveniment per homenatjar a \u201cvocals que vau formar part de la Junta de Govern, membres actuals de les vocalies i, en definitiva, col\u00b7legiats [&hellip;]","_links":{"self":[{"href":"https:\/\/www.cofb.org\/es\/wp-json\/wp\/v2\/posts\/77771","targetHints":{"allow":["GET"]}}],"collection":[{"href":"https:\/\/www.cofb.org\/es\/wp-json\/wp\/v2\/posts"}],"about":[{"href":"https:\/\/www.cofb.org\/es\/wp-json\/wp\/v2\/types\/post"}],"author":[{"embeddable":true,"href":"https:\/\/www.cofb.org\/es\/wp-json\/wp\/v2\/users\/1"}],"replies":[{"embeddable":true,"href":"https:\/\/www.cofb.org\/es\/wp-json\/wp\/v2\/comments?post=77771"}],"version-history":[{"count":1,"href":"https:\/\/www.cofb.org\/es\/wp-json\/wp\/v2\/posts\/77771\/revisions"}],"predecessor-version":[{"id":78015,"href":"https:\/\/www.cofb.org\/es\/wp-json\/wp\/v2\/posts\/77771\/revisions\/78015"}],"wp:featuredmedia":[{"embeddable":true,"href":"https:\/\/www.cofb.org\/es\/wp-json\/wp\/v2\/media\/78014"}],"wp:attachment":[{"href":"https:\/\/www.cofb.org\/es\/wp-json\/wp\/v2\/media?parent=77771"}],"wp:term":[{"taxonomy":"category","embeddable":true,"href":"https:\/\/www.cofb.org\/es\/wp-json\/wp\/v2\/categories?post=77771"},{"taxonomy":"post_tag","embeddable":true,"href":"https:\/\/www.cofb.org\/es\/wp-json\/wp\/v2\/tags?post=77771"}],"curies":[{"name":"wp","href":"https:\/\/api.w.org\/{rel}","templated":true}]}}