{"id":77769,"date":"2023-12-05T11:31:36","date_gmt":"2023-12-05T09:31:36","guid":{"rendered":"https:\/\/blog.cofb.cat\/?p=67808"},"modified":"2024-04-05T10:28:00","modified_gmt":"2024-04-05T10:28:00","slug":"el-cofb-acull-una-nova-edicio-de-la-formacio-practica-sobre-ostomies","status":"publish","type":"post","link":"https:\/\/www.cofb.org\/es\/2023\/12\/05\/el-cofb-acull-una-nova-edicio-de-la-formacio-practica-sobre-ostomies\/","title":{"rendered":"El COFB acoge una nueva edici\u00f3n de la formaci\u00f3n pr\u00e1ctica sobre ostom\u00edas"},"content":{"rendered":"<p>El pasado 13 de noviembre, el <strong>Col\u00b7legi de Farmac\u00e8utics de Barcelona (COFB) <\/strong>organiz\u00f3 la formaci\u00f3n <strong>&quot;Ostom\u00edas&quot;<\/strong>, con el patrocinio de <strong><a href=\"https:\/\/www.hollister.es\/es-es\" target=\"_blank\" rel=\"noreferrer noopener\">Hollister<\/a><\/strong>. La formaci\u00f3n corri\u00f3 a cargo de <strong>Gemma Serra<\/strong>, enfermera cl\u00ednica y experta en estomaterapia del Hospital Universitario Dr. Josep Trueta de Girona y de <strong>Patricia L\u00f3pez<\/strong>, enfermera estomaterapeuta de Hollister. La vocal de Ortopedia del COFB, <strong>Elena Palau<\/strong>, coordin\u00f3 la sesi\u00f3n, <strong>dirigida a farmac\u00e9uticos y farmac\u00e9uticas<\/strong>.<\/p>\n\n\n\n<figure class=\"wp-block-image size-large\"><a href=\"https:\/\/blog.cofb.cat\/wp-content\/uploads\/2023\/11\/COFB_OSTOMIES_28112023_1-scaled.jpg\" target=\"_blank\" rel=\"noopener\"><img decoding=\"async\" src=\"https:\/\/blog.cofb.cat\/wp-content\/uploads\/2023\/11\/COFB_OSTOMIES_28112023_1-1024x576.jpg\" alt=\"Elena Palau en un moment de la seva presentaci\u00f3 de la formaci\u00f3 sobre les ostomies. \" class=\"wp-image-67810\" title=\"Elena Palau en un momento de su presentaci\u00f3n de la formaci\u00f3n sobre las ostom\u00edas. \"\/><\/a><figcaption>Elena Palau en un momento de su presentaci\u00f3n de la formaci\u00f3n sobre las ostom\u00edas. <\/figcaption><\/figure>\n\n\n\n<p>La vocal de Ortopedia del COFB, <strong>Elena Palau<\/strong>, present\u00f3 la formaci\u00f3n sobre ostom\u00edas repasando qu\u00e9 es una ostom\u00eda y las cuestiones o preocupaciones que genera esta operaci\u00f3n quir\u00fargica a los pacientes. \u201c<strong>Los farmac\u00e9uticos y farmac\u00e9uticas pueden ayudar mucho a los pacientes ostomizados\u201d<\/strong>, asegur\u00f3 Palau. En este sentido, la vocal de Ortopedia expuso que desde la farmacia comunitaria \u201cpodemos dar <strong>consejos claves para que el paciente pueda confiar en la bolsa y sepa cu\u00e1l es la adecuada para \u00e9l <\/strong>y, en caso de que falte stock, buscar otra que sea equivalente\u201d. Asimismo, a\u00f1adi\u00f3 que los farmac\u00e9uticos\/as pueden \u201c<strong>detectar las necesidades del paciente con otros productos sanitarios complementarios<\/strong>\u201d y, por \u00faltimo, \u201c<strong>asesorar sobre los cuidados b\u00e1sicos de la piel del estoma de su alrededor<\/strong> con productos complementarios que le puedan ir bien\u201d.<\/p>\n\n\n\n<p>A continuaci\u00f3n, la enfermera cl\u00ednica y experta en estomaterapia del Hospital Universitario Dr. Josep Trueta de Gerona, <strong>Gemma Serra<\/strong>, inici\u00f3 la formaci\u00f3n asegurando que <strong>es necesario saber cu\u00e1les son las necesidades del paciente ostomizado<\/strong> y cu\u00e1l es su problema \u201c<strong>porque si no, no podemos incidir, no podemos ayudarle\u201d.<\/strong><\/p>\n\n\n\n<h2 class=\"wp-block-heading\"><strong>Sobre las personas ostomizadas<\/strong><\/h2>\n\n\n\n<p>La experta en estomaterapia ofreci\u00f3 algunas <strong>cifras en relaci\u00f3n a las personas ostomizadas.<\/strong> \u201cEstamos hablando de un colectivo de <strong>70.000 personas con estoma en Espa\u00f1a<\/strong>. Es un colectivo grande, pero movible, es decir, <strong>los estomas no siempre son definitivos<\/strong> porque algunos se pueden revertir: el <strong>60% de las ostom\u00edas son temporales<\/strong> y el <strong>40% definitivas<\/strong>\u201d, indic\u00f3. Respecto a las causas, \u201cun 80% son por c\u00e1ncer colorrectal y un 8% por enfermedades inflamatorias intestinales\u201d.<\/p>\n\n\n\n<p>Seguidamente, Serra explic\u00f3 que \u201c<strong>la persona ostomizada es aquella que mediante una intervenci\u00f3n quir\u00fargica se le ha practicado una apertura, que llamaremos estoma, de una cavidad interna en el exterior de cuerpo\u201d<\/strong>. Esta apertura, el estoma, puede tener dos funciones: <strong>\u201cpara introducir sustancias con fines terap\u00e9uticos y nutritivos, o bien, para exteriorizar producto de deshecho del cuerpo, sea moco, orina o heces\u201d<\/strong>.<\/p>\n\n\n\n<h2 class=\"wp-block-heading\"><strong>Clasificaci\u00f3n de las ostom\u00edas y cuidados de la persona ostomizada<\/strong><\/h2>\n\n\n\n<p>La enfermera estomaterapeuta defini\u00f3<strong> qu\u00e9 es un estoma <\/strong>y los <strong>tipos de ostom\u00edas<\/strong>, seg\u00fan su <strong>funci\u00f3n<\/strong>: <strong>eliminaci\u00f3n<\/strong>, las digestivas y las urol\u00f3gicas; <strong>ventilaci\u00f3n<\/strong>, las traqueostom\u00edas; y <strong>nutrici\u00f3n<\/strong>, las jejunostom\u00edas y gastrostom\u00edas. Tambi\u00e9n coment\u00f3 que se pueden clasificar en <strong>funci\u00f3n de la temporalidad<\/strong>. Por un lado, las <strong>temporales<\/strong> que &quot;se pueden revertir con el tiempo&quot; y, por otra parte, las <strong>definitivas<\/strong> cuando &quot;no hay posibilidad de reconstrucci\u00f3n&quot;.<\/p>\n\n\n\n<figure class=\"wp-block-image size-large\"><a href=\"https:\/\/blog.cofb.cat\/wp-content\/uploads\/2023\/11\/COFB_OSTOMIES_28112023_2-scaled.jpg\" target=\"_blank\" rel=\"noopener\"><img decoding=\"async\" src=\"https:\/\/blog.cofb.cat\/wp-content\/uploads\/2023\/11\/COFB_OSTOMIES_28112023_2-1024x576.jpg\" alt=\"Gemma Serra a punt d'iniciar la formaci\u00f3 &quot;Ostomies&quot;.\" class=\"wp-image-67811\" title=\"Gemma Serra a punto de iniciar la formaci\u00f3n &quot;Ostomies&quot;.\"\/><\/a><figcaption>Gemma Serra a punto de iniciar la formaci\u00f3n &quot;Ostomies&quot;.<\/figcaption><\/figure>\n\n\n\n<p>En concreto, Serra profundiz\u00f3 en las <strong>ostom\u00edas de eliminaci\u00f3n<\/strong>: la <strong>ileostom\u00eda<\/strong>, la <strong>colostom\u00eda<\/strong>, el<strong>urostom\u00eda<\/strong> y la <strong>nefrostom\u00eda<\/strong>. De cada una de las ostom\u00edas, describi\u00f3 qu\u00e9 son, sus caracter\u00edsticas, causas, recomendaciones diet\u00e9ticas y el tipo de cocina que les puede ir bien.<\/p>\n\n\n\n<p>En cuanto a las <strong>cuidados de la persona ostomizada<\/strong>, la enfermera asegur\u00f3 que <strong>&quot;requieren una atenci\u00f3n f\u00edsica, integral y sociofamiliar&quot;<\/strong>. Asimismo, diferenci\u00f3 las <strong>cuidados preoperatorios<\/strong>, que requieren una preparaci\u00f3n psicol\u00f3gica y una realizaci\u00f3n del marcaje; de las <strong>cuidados postoperatorios<\/strong>, en las que es necesaria educaci\u00f3n para el autocuidado de la ostom\u00eda, adaptaci\u00f3n del dispositivo y educaci\u00f3n para la dieta.&nbsp;<\/p>\n\n\n\n<h2 class=\"wp-block-heading\"><strong>Consejo farmac\u00e9utico para la vida con una ostom\u00eda<\/strong><\/h2>\n\n\n\n<p>En relaci\u00f3n con <strong>la vida con una ostom\u00eda<\/strong>, Gemma Serra comparti\u00f3 informaci\u00f3n pr\u00e1ctica para el d\u00eda a d\u00eda de la persona ostomizada. Ofreci\u00f3 consejos diet\u00e9ticos, de actividad f\u00edsica, en el trabajo, para viajar, vestir, ir a la playa oa la piscina. Tambi\u00e9n detall\u00f3 varios <strong>aspectos psicol\u00f3gicos<\/strong> que pueden desencadenarse como diferentes <strong>reacciones emocionales (ansiedad, miedo, depresi\u00f3n)<\/strong> o <strong>alteraciones del sue\u00f1o;<\/strong> y respondi\u00f3 algunas <strong>cuestiones en relaci\u00f3n con la sexualidad y la reproducci\u00f3n<\/strong> que pueden servir de ayuda a la persona ostomizada. Por otra parte, la experta en estomaterapia repas\u00f3 las <strong>caracter\u00edsticas de los dispositivos<\/strong>, <strong>la evoluci\u00f3n de las pegatinas y los filtros<\/strong>. Sin embargo, explic\u00f3 los criterios a considerar para realizar una adecuada elecci\u00f3n del dispositivo y de los accesorios disponibles.<\/p>\n\n\n\n<p><strong>\u201cUn 70% de las complicaciones de una ostom\u00eda son problemas de la piel periestomal. La salud de la piel peristomal es muy importante para asegurar el buen sellado de las pegatinas y evitar posibles escapes\u201d<\/strong>, seg\u00fan indic\u00f3. En este sentido, expuso las distintas <strong>complicaciones<\/strong> que pueden surgir derivadas de un estoma.&nbsp;<\/p>\n\n\n\n<h2 class=\"wp-block-heading\"><strong>Casos cl\u00ednicos y accesorios en ostom\u00edas<\/strong><\/h2>\n\n\n\n<p>La segunda parte de la formaci\u00f3n corri\u00f3 a cargo de <strong>Patricia L\u00f3pez<\/strong>, enfermera estomaterapeuta de Hollister. L\u00f3pez comparti\u00f3 con los asistentes <strong>siete casos cl\u00ednicos<\/strong> de situaciones diversas que pueden generar consultas de los pacientes en las farmacias y <strong>c\u00f3mo el farmac\u00e9utico puede ayudar a resolverlas.<\/strong><\/p>\n\n\n\n<figure class=\"wp-block-image size-large\"><a href=\"https:\/\/blog.cofb.cat\/wp-content\/uploads\/2023\/11\/COFB_OSTOMIES_28112023_3-scaled.jpg\" target=\"_blank\" rel=\"noopener\"><img decoding=\"async\" src=\"https:\/\/blog.cofb.cat\/wp-content\/uploads\/2023\/11\/COFB_OSTOMIES_28112023_3-1024x576.jpg\" alt=\"Patricia L\u00f3pez durant la seva exposici\u00f3. \" class=\"wp-image-67812\" title=\"Patricia L\u00f3pez durante su exposici\u00f3n. \"\/><\/a><figcaption>Patricia L\u00f3pez durante su exposici\u00f3n. <\/figcaption><\/figure>\n\n\n\n<p>Por \u00faltimo, la enfermera estomaterapeuta mostr\u00f3 los <strong>diferentes accesorios para su utilizaci\u00f3n en ostom\u00edas,<\/strong> describi\u00f3 su indicaci\u00f3n y sus beneficios. Concretamente, ense\u00f1\u00f3 aquellos <strong>accesorios dispensados por el Sistema Nacional de Salud (SNS)<\/strong>: <strong>los anillos de barrera planos, los anillos de barrera convexos, la pasta selladora, el cintur\u00f3n y los anillos semicirculares<\/strong>. Y otros accesorios que pueden ser de utilidad, que no se dispensan por la SNS, como: la <strong>polvo hidrocoloide<\/strong>, que \u201cregenera y cicatriza las pieles da\u00f1adas en casos de heridas o \u00falceras\u201d; el <strong>desodorante lubricador<\/strong>, para \u201celiminar olores a trav\u00e9s de la neutralizaci\u00f3n<strong>\u201d; la toallita gel dermoprotectora<\/strong>, que \u201cpreviene posibles da\u00f1os causados por la retirada de l\u00e1minas y pegatinas\u201d; y <strong>el spray<\/strong> y la <strong>toallita<\/strong>, \u201cpara facilitar la retirada del adhesivo\u201d.<\/p>\n\n\n\n<p><\/p>\n\n\n\n<p class=\"has-text-align-right\"><strong>Patrocina:<\/strong><\/p>\n\n\n\n<div class=\"wp-block-image\"><figure class=\"alignright size-medium is-resized\"><a href=\"https:\/\/www.hollister.es\/es-es\" target=\"_blank\" rel=\"noopener\"><img decoding=\"async\" src=\"https:\/\/blog.cofb.cat\/wp-content\/uploads\/2023\/11\/HOLLISTER_logo_transparent-300x83.png\" alt=\"\" class=\"wp-image-67839\" width=\"184\" height=\"51\"\/><\/a><\/figure><\/div>\n\n\n\n<p><\/p>\n\n\n\n<p><\/p>\n\n\n\n<p><strong>Otras publicaciones de inter\u00e9s:<\/strong><\/p>\n\n\n\n<ul class=\"wp-block-list\"><li><a href=\"https:\/\/blog.cofb.cat\/blog\/2022\/11\/24\/nova-edicio-de-la-formacio-en-ostomies-al-cofb\/\" target=\"_blank\" rel=\"noreferrer noopener\">Nueva edici\u00f3n de la formaci\u00f3n en ostom\u00edas en el COFB (Noviembre 2022)<\/a><\/li><li><a href=\"https:\/\/blog.cofb.cat\/blog\/2021\/11\/30\/nova-actualitzacio-practica-sobre-ostomies-per-a-farmaceutics-i-farmaceutiques\/\" target=\"_blank\" rel=\"noreferrer noopener\">Nueva actualizaci\u00f3n pr\u00e1ctica sobre ostom\u00edas en el COFB (Noviembre 2021)<\/a><\/li><li><a href=\"https:\/\/blog.cofb.cat\/blog\/2020\/11\/04\/ostomies-nova-edicio-taller-adrecat-farmaceutics\/\" target=\"_blank\" rel=\"noreferrer noopener\">Ostom\u00edas: nueva edici\u00f3n del taller dirigido a farmac\u00e9uticos (Noviembre 2020)<\/a><\/li><\/ul>","protected":false},"excerpt":{"rendered":"<p>El pasado 13 de noviembre, el Colegio de Farmac\u00e9uticos de Barcelona (COFB) organiz\u00f3 la formaci\u00f3n &quot;Ostomies&quot;, con el patrocinio de Hollister. La formaci\u00f3n corri\u00f3 a cargo de Gemma Serra, enfermera cl\u00ednica y experta en estomaterapia del Hospital Universitario Dr. Josep Trueta de Girona y de Patricia L\u00f3pez, enfermera [\u2026]<\/p>","protected":false},"author":1,"featured_media":78004,"comment_status":"open","ping_status":"open","sticky":false,"template":"","format":"standard","meta":{"_uag_custom_page_level_css":"","site-sidebar-layout":"default","site-content-layout":"","ast-site-content-layout":"default","site-content-style":"default","site-sidebar-style":"default","ast-global-header-display":"","ast-banner-title-visibility":"","ast-main-header-display":"","ast-hfb-above-header-display":"","ast-hfb-below-header-display":"","ast-hfb-mobile-header-display":"","site-post-title":"","ast-breadcrumbs-content":"","ast-featured-img":"disabled","footer-sml-layout":"","theme-transparent-header-meta":"","adv-header-id-meta":"","stick-header-meta":"","header-above-stick-meta":"","header-main-stick-meta":"","header-below-stick-meta":"","astra-migrate-meta-layouts":"set","ast-page-background-enabled":"default","ast-page-background-meta":{"desktop":{"background-color":"var(--ast-global-color-4)","background-image":"","background-repeat":"repeat","background-position":"center center","background-size":"auto","background-attachment":"scroll","background-type":"","background-media":"","overlay-type":"","overlay-color":"","overlay-opacity":"","overlay-gradient":""},"tablet":{"background-color":"","background-image":"","background-repeat":"repeat","background-position":"center center","background-size":"auto","background-attachment":"scroll","background-type":"","background-media":"","overlay-type":"","overlay-color":"","overlay-opacity":"","overlay-gradient":""},"mobile":{"background-color":"","background-image":"","background-repeat":"repeat","background-position":"center center","background-size":"auto","background-attachment":"scroll","background-type":"","background-media":"","overlay-type":"","overlay-color":"","overlay-opacity":"","overlay-gradient":""}},"ast-content-background-meta":{"desktop":{"background-color":"var(--ast-global-color-5)","background-image":"","background-repeat":"repeat","background-position":"center center","background-size":"auto","background-attachment":"scroll","background-type":"","background-media":"","overlay-type":"","overlay-color":"","overlay-opacity":"","overlay-gradient":""},"tablet":{"background-color":"var(--ast-global-color-5)","background-image":"","background-repeat":"repeat","background-position":"center center","background-size":"auto","background-attachment":"scroll","background-type":"","background-media":"","overlay-type":"","overlay-color":"","overlay-opacity":"","overlay-gradient":""},"mobile":{"background-color":"var(--ast-global-color-5)","background-image":"","background-repeat":"repeat","background-position":"center center","background-size":"auto","background-attachment":"scroll","background-type":"","background-media":"","overlay-type":"","overlay-color":"","overlay-opacity":"","overlay-gradient":""}},"footnotes":""},"categories":[23,57],"tags":[64,18,19,958,2886,4765,960,53,68,69,70,4766,4512,4767,4768,76,961,962,4769,4770],"class_list":["post-77769","post","type-post","status-publish","format-standard","has-post-thumbnail","hentry","category-destacats","category-mon-collegial","tag-atencio-farmaceutica","tag-cofb","tag-collegi-de-farmaceutics-de-barcelona","tag-colostomia","tag-cures","tag-dispositiu","tag-estoma","tag-farmaceutics","tag-farmacia","tag-farmacia-comunitaria","tag-formacio","tag-ileostomia","tag-intesti","tag-marcatge","tag-nefrostomia","tag-oficina-de-farmacia","tag-ostomia","tag-ostomies","tag-persona-ostomitzada","tag-urostomia"],"yoast_head":"<!-- This site is optimized with the Yoast SEO plugin v22.4 - https:\/\/yoast.com\/wordpress\/plugins\/seo\/ -->\n<title>El COFB acull una nova edici\u00f3 de la formaci\u00f3 pr\u00e0ctica sobre ostomies - Col\u00b7legi de Farmac\u00e8utics de Barcelona<\/title>\n<meta name=\"description\" content=\"El passat 13 de novembre, el Col\u00b7legi va organitzar la formaci\u00f3 \u201cOstomies\u201d, amb el patrocini de Hollister.\" \/>\n<meta name=\"robots\" content=\"index, follow, max-snippet:-1, max-image-preview:large, max-video-preview:-1\" \/>\n<link rel=\"canonical\" href=\"https:\/\/novaorg.cofb.net\/2023\/12\/05\/el-cofb-acull-una-nova-edicio-de-la-formacio-practica-sobre-ostomies\/\" \/>\n<meta property=\"og:locale\" content=\"es_ES\" \/>\n<meta property=\"og:type\" content=\"article\" \/>\n<meta property=\"og:title\" content=\"El COFB acull una nova edici\u00f3 de la formaci\u00f3 pr\u00e0ctica sobre ostomies - Col\u00b7legi de Farmac\u00e8utics de Barcelona\" \/>\n<meta property=\"og:description\" content=\"El passat 13 de novembre, el Col\u00b7legi va organitzar la formaci\u00f3 \u201cOstomies\u201d, amb el patrocini de Hollister.\" \/>\n<meta property=\"og:url\" content=\"https:\/\/novaorg.cofb.net\/2023\/12\/05\/el-cofb-acull-una-nova-edicio-de-la-formacio-practica-sobre-ostomies\/\" \/>\n<meta property=\"og:site_name\" content=\"Col\u00b7legi de Farmac\u00e8utics de Barcelona\" \/>\n<meta property=\"article:publisher\" content=\"https:\/\/www.facebook.com\/farmaceuticsbcn\/\" \/>\n<meta property=\"article:published_time\" content=\"2023-12-05T09:31:36+00:00\" \/>\n<meta property=\"article:modified_time\" content=\"2024-04-05T10:28:00+00:00\" \/>\n<meta property=\"og:image\" content=\"https:\/\/novaorg.cofb.net\/wp-content\/uploads\/2024\/04\/COFB_OSTOMIES_28112023_1-1024x576-1.jpeg\" \/>\n\t<meta property=\"og:image:width\" content=\"1024\" \/>\n\t<meta property=\"og:image:height\" content=\"576\" \/>\n\t<meta property=\"og:image:type\" content=\"image\/jpeg\" \/>\n<meta name=\"author\" content=\"wpAdminCofbOrg\" \/>\n<meta name=\"twitter:card\" content=\"summary_large_image\" \/>\n<meta name=\"twitter:creator\" content=\"@farmaceuticsbcn\" \/>\n<meta name=\"twitter:site\" content=\"@farmaceuticsbcn\" \/>\n<meta name=\"twitter:label1\" content=\"Escrito por\" \/>\n\t<meta name=\"twitter:data1\" content=\"wpAdminCofbOrg\" \/>\n\t<meta name=\"twitter:label2\" content=\"Tiempo de lectura\" \/>\n\t<meta name=\"twitter:data2\" content=\"7 minutos\" \/>\n<script type=\"application\/ld+json\" class=\"yoast-schema-graph\">{\"@context\":\"https:\/\/schema.org\",\"@graph\":[{\"@type\":\"Article\",\"@id\":\"https:\/\/novaorg.cofb.net\/2023\/12\/05\/el-cofb-acull-una-nova-edicio-de-la-formacio-practica-sobre-ostomies\/#article\",\"isPartOf\":{\"@id\":\"https:\/\/novaorg.cofb.net\/2023\/12\/05\/el-cofb-acull-una-nova-edicio-de-la-formacio-practica-sobre-ostomies\/\"},\"author\":{\"name\":\"wpAdminCofbOrg\",\"@id\":\"https:\/\/www.cofb.org\/#\/schema\/person\/22ed7eea88da74b0fa4d3154ad87ffcb\"},\"headline\":\"El COFB acull una nova edici\u00f3 de la formaci\u00f3 pr\u00e0ctica sobre ostomies\",\"datePublished\":\"2023-12-05T09:31:36+00:00\",\"dateModified\":\"2024-04-05T10:28:00+00:00\",\"mainEntityOfPage\":{\"@id\":\"https:\/\/novaorg.cofb.net\/2023\/12\/05\/el-cofb-acull-una-nova-edicio-de-la-formacio-practica-sobre-ostomies\/\"},\"wordCount\":1097,\"commentCount\":0,\"publisher\":{\"@id\":\"https:\/\/www.cofb.org\/#organization\"},\"image\":{\"@id\":\"https:\/\/novaorg.cofb.net\/2023\/12\/05\/el-cofb-acull-una-nova-edicio-de-la-formacio-practica-sobre-ostomies\/#primaryimage\"},\"thumbnailUrl\":\"https:\/\/www.cofb.org\/wp-content\/uploads\/2024\/04\/COFB_OSTOMIES_28112023_1-1024x576-1.jpeg\",\"keywords\":[\"Atenci\u00f3 farmac\u00e8utica\",\"COFB\",\"Col\u00b7legi de Farmac\u00e8utics de Barcelona\",\"colostomia\",\"cures\",\"dispositiu\",\"estoma\",\"farmac\u00e8utics\",\"Farm\u00e0cia\",\"farm\u00e0cia comunit\u00e0ria\",\"Formaci\u00f3\",\"ileostomia\",\"intest\u00ed\",\"marcatge\",\"nefrostomia\",\"Oficina de farm\u00e0cia\",\"ostomia\",\"ostomies\",\"persona ostomitzada\",\"urostomia\"],\"articleSection\":[\"Destacats\",\"M\u00f3n col\u00b7legial\"],\"inLanguage\":\"es\",\"potentialAction\":[{\"@type\":\"CommentAction\",\"name\":\"Comment\",\"target\":[\"https:\/\/novaorg.cofb.net\/2023\/12\/05\/el-cofb-acull-una-nova-edicio-de-la-formacio-practica-sobre-ostomies\/#respond\"]}]},{\"@type\":\"WebPage\",\"@id\":\"https:\/\/novaorg.cofb.net\/2023\/12\/05\/el-cofb-acull-una-nova-edicio-de-la-formacio-practica-sobre-ostomies\/\",\"url\":\"https:\/\/novaorg.cofb.net\/2023\/12\/05\/el-cofb-acull-una-nova-edicio-de-la-formacio-practica-sobre-ostomies\/\",\"name\":\"El COFB acull una nova edici\u00f3 de la formaci\u00f3 pr\u00e0ctica sobre ostomies - Col\u00b7legi de Farmac\u00e8utics de Barcelona\",\"isPartOf\":{\"@id\":\"https:\/\/www.cofb.org\/#website\"},\"primaryImageOfPage\":{\"@id\":\"https:\/\/novaorg.cofb.net\/2023\/12\/05\/el-cofb-acull-una-nova-edicio-de-la-formacio-practica-sobre-ostomies\/#primaryimage\"},\"image\":{\"@id\":\"https:\/\/novaorg.cofb.net\/2023\/12\/05\/el-cofb-acull-una-nova-edicio-de-la-formacio-practica-sobre-ostomies\/#primaryimage\"},\"thumbnailUrl\":\"https:\/\/www.cofb.org\/wp-content\/uploads\/2024\/04\/COFB_OSTOMIES_28112023_1-1024x576-1.jpeg\",\"datePublished\":\"2023-12-05T09:31:36+00:00\",\"dateModified\":\"2024-04-05T10:28:00+00:00\",\"description\":\"El passat 13 de novembre, el Col\u00b7legi va organitzar la formaci\u00f3 \u201cOstomies\u201d, amb el patrocini de Hollister.\",\"breadcrumb\":{\"@id\":\"https:\/\/novaorg.cofb.net\/2023\/12\/05\/el-cofb-acull-una-nova-edicio-de-la-formacio-practica-sobre-ostomies\/#breadcrumb\"},\"inLanguage\":\"es\",\"potentialAction\":[{\"@type\":\"ReadAction\",\"target\":[\"https:\/\/novaorg.cofb.net\/2023\/12\/05\/el-cofb-acull-una-nova-edicio-de-la-formacio-practica-sobre-ostomies\/\"]}]},{\"@type\":\"ImageObject\",\"inLanguage\":\"es\",\"@id\":\"https:\/\/novaorg.cofb.net\/2023\/12\/05\/el-cofb-acull-una-nova-edicio-de-la-formacio-practica-sobre-ostomies\/#primaryimage\",\"url\":\"https:\/\/www.cofb.org\/wp-content\/uploads\/2024\/04\/COFB_OSTOMIES_28112023_1-1024x576-1.jpeg\",\"contentUrl\":\"https:\/\/www.cofb.org\/wp-content\/uploads\/2024\/04\/COFB_OSTOMIES_28112023_1-1024x576-1.jpeg\",\"width\":1024,\"height\":576},{\"@type\":\"BreadcrumbList\",\"@id\":\"https:\/\/novaorg.cofb.net\/2023\/12\/05\/el-cofb-acull-una-nova-edicio-de-la-formacio-practica-sobre-ostomies\/#breadcrumb\",\"itemListElement\":[{\"@type\":\"ListItem\",\"position\":1,\"name\":\"Inici\",\"item\":\"https:\/\/novaorg.cofb.net\/\"},{\"@type\":\"ListItem\",\"position\":2,\"name\":\"El COFB acull una nova edici\u00f3 de la formaci\u00f3 pr\u00e0ctica sobre ostomies\"}]},{\"@type\":\"WebSite\",\"@id\":\"https:\/\/www.cofb.org\/#website\",\"url\":\"https:\/\/www.cofb.org\/\",\"name\":\"Col\u00b7legi de Farmac\u00e8utics de Barcelona\",\"description\":\"\",\"publisher\":{\"@id\":\"https:\/\/www.cofb.org\/#organization\"},\"potentialAction\":[{\"@type\":\"SearchAction\",\"target\":{\"@type\":\"EntryPoint\",\"urlTemplate\":\"https:\/\/www.cofb.org\/?s={search_term_string}\"},\"query-input\":\"required name=search_term_string\"}],\"inLanguage\":\"es\"},{\"@type\":\"Organization\",\"@id\":\"https:\/\/www.cofb.org\/#organization\",\"name\":\"Col\u00b7legi de Farmac\u00e8utics de Barcelona\",\"url\":\"https:\/\/www.cofb.org\/\",\"logo\":{\"@type\":\"ImageObject\",\"inLanguage\":\"es\",\"@id\":\"https:\/\/www.cofb.org\/#\/schema\/logo\/image\/\",\"url\":\"https:\/\/www.cofb.org\/wp-content\/uploads\/2023\/11\/cropped-Logotip-COFB.png\",\"contentUrl\":\"https:\/\/www.cofb.org\/wp-content\/uploads\/2023\/11\/cropped-Logotip-COFB.png\",\"width\":500,\"height\":105,\"caption\":\"Col\u00b7legi de Farmac\u00e8utics de Barcelona\"},\"image\":{\"@id\":\"https:\/\/www.cofb.org\/#\/schema\/logo\/image\/\"},\"sameAs\":[\"https:\/\/www.facebook.com\/farmaceuticsbcn\/\",\"https:\/\/twitter.com\/farmaceuticsbcn\",\"https:\/\/www.instagram.com\/farmaceuticsbcn\/\",\"https:\/\/www.linkedin.com\/company\/farmaceuticsbcn\/\"]},{\"@type\":\"Person\",\"@id\":\"https:\/\/www.cofb.org\/#\/schema\/person\/22ed7eea88da74b0fa4d3154ad87ffcb\",\"name\":\"wpAdminCofbOrg\",\"image\":{\"@type\":\"ImageObject\",\"inLanguage\":\"es\",\"@id\":\"https:\/\/www.cofb.org\/#\/schema\/person\/image\/\",\"url\":\"https:\/\/secure.gravatar.com\/avatar\/1721b20b3b8ca882c3b56ec6c978c594fff670e40c0718e9190eaeeb76aae7d8?s=96&d=mm&r=g\",\"contentUrl\":\"https:\/\/secure.gravatar.com\/avatar\/1721b20b3b8ca882c3b56ec6c978c594fff670e40c0718e9190eaeeb76aae7d8?s=96&d=mm&r=g\",\"caption\":\"wpAdminCofbOrg\"},\"sameAs\":[\"http:\/\/192.168.64.122\/wordpress\"],\"url\":\"https:\/\/www.cofb.org\/es\/author\/wpadmincofborg\/\"}]}<\/script>\n<!-- \/ Yoast SEO plugin. -->","yoast_head_json":{"title":"El COFB acull una nova edici\u00f3 de la formaci\u00f3 pr\u00e0ctica sobre ostomies - Col\u00b7legi de Farmac\u00e8utics de Barcelona","description":"El passat 13 de novembre, el Col\u00b7legi va organitzar la formaci\u00f3 \u201cOstomies\u201d, amb el patrocini de Hollister.","robots":{"index":"index","follow":"follow","max-snippet":"max-snippet:-1","max-image-preview":"max-image-preview:large","max-video-preview":"max-video-preview:-1"},"canonical":"https:\/\/novaorg.cofb.net\/2023\/12\/05\/el-cofb-acull-una-nova-edicio-de-la-formacio-practica-sobre-ostomies\/","og_locale":"es_ES","og_type":"article","og_title":"El COFB acull una nova edici\u00f3 de la formaci\u00f3 pr\u00e0ctica sobre ostomies - Col\u00b7legi de Farmac\u00e8utics de Barcelona","og_description":"El passat 13 de novembre, el Col\u00b7legi va organitzar la formaci\u00f3 \u201cOstomies\u201d, amb el patrocini de Hollister.","og_url":"https:\/\/novaorg.cofb.net\/2023\/12\/05\/el-cofb-acull-una-nova-edicio-de-la-formacio-practica-sobre-ostomies\/","og_site_name":"Col\u00b7legi de Farmac\u00e8utics de Barcelona","article_publisher":"https:\/\/www.facebook.com\/farmaceuticsbcn\/","article_published_time":"2023-12-05T09:31:36+00:00","article_modified_time":"2024-04-05T10:28:00+00:00","og_image":[{"width":1024,"height":576,"url":"https:\/\/novaorg.cofb.net\/wp-content\/uploads\/2024\/04\/COFB_OSTOMIES_28112023_1-1024x576-1.jpeg","type":"image\/jpeg"}],"author":"wpAdminCofbOrg","twitter_card":"summary_large_image","twitter_creator":"@farmaceuticsbcn","twitter_site":"@farmaceuticsbcn","twitter_misc":{"Escrito por":"wpAdminCofbOrg","Tiempo de lectura":"7 minutos"},"schema":{"@context":"https:\/\/schema.org","@graph":[{"@type":"Article","@id":"https:\/\/novaorg.cofb.net\/2023\/12\/05\/el-cofb-acull-una-nova-edicio-de-la-formacio-practica-sobre-ostomies\/#article","isPartOf":{"@id":"https:\/\/novaorg.cofb.net\/2023\/12\/05\/el-cofb-acull-una-nova-edicio-de-la-formacio-practica-sobre-ostomies\/"},"author":{"name":"wpAdminCofbOrg","@id":"https:\/\/www.cofb.org\/#\/schema\/person\/22ed7eea88da74b0fa4d3154ad87ffcb"},"headline":"El COFB acull una nova edici\u00f3 de la formaci\u00f3 pr\u00e0ctica sobre ostomies","datePublished":"2023-12-05T09:31:36+00:00","dateModified":"2024-04-05T10:28:00+00:00","mainEntityOfPage":{"@id":"https:\/\/novaorg.cofb.net\/2023\/12\/05\/el-cofb-acull-una-nova-edicio-de-la-formacio-practica-sobre-ostomies\/"},"wordCount":1097,"commentCount":0,"publisher":{"@id":"https:\/\/www.cofb.org\/#organization"},"image":{"@id":"https:\/\/novaorg.cofb.net\/2023\/12\/05\/el-cofb-acull-una-nova-edicio-de-la-formacio-practica-sobre-ostomies\/#primaryimage"},"thumbnailUrl":"https:\/\/www.cofb.org\/wp-content\/uploads\/2024\/04\/COFB_OSTOMIES_28112023_1-1024x576-1.jpeg","keywords":["Atenci\u00f3 farmac\u00e8utica","COFB","Col\u00b7legi de Farmac\u00e8utics de Barcelona","colostomia","cures","dispositiu","estoma","farmac\u00e8utics","Farm\u00e0cia","farm\u00e0cia comunit\u00e0ria","Formaci\u00f3","ileostomia","intest\u00ed","marcatge","nefrostomia","Oficina de farm\u00e0cia","ostomia","ostomies","persona ostomitzada","urostomia"],"articleSection":["Destacats","M\u00f3n col\u00b7legial"],"inLanguage":"es","potentialAction":[{"@type":"CommentAction","name":"Comment","target":["https:\/\/novaorg.cofb.net\/2023\/12\/05\/el-cofb-acull-una-nova-edicio-de-la-formacio-practica-sobre-ostomies\/#respond"]}]},{"@type":"WebPage","@id":"https:\/\/novaorg.cofb.net\/2023\/12\/05\/el-cofb-acull-una-nova-edicio-de-la-formacio-practica-sobre-ostomies\/","url":"https:\/\/novaorg.cofb.net\/2023\/12\/05\/el-cofb-acull-una-nova-edicio-de-la-formacio-practica-sobre-ostomies\/","name":"El COFB acull una nova edici\u00f3 de la formaci\u00f3 pr\u00e0ctica sobre ostomies - Col\u00b7legi de Farmac\u00e8utics de Barcelona","isPartOf":{"@id":"https:\/\/www.cofb.org\/#website"},"primaryImageOfPage":{"@id":"https:\/\/novaorg.cofb.net\/2023\/12\/05\/el-cofb-acull-una-nova-edicio-de-la-formacio-practica-sobre-ostomies\/#primaryimage"},"image":{"@id":"https:\/\/novaorg.cofb.net\/2023\/12\/05\/el-cofb-acull-una-nova-edicio-de-la-formacio-practica-sobre-ostomies\/#primaryimage"},"thumbnailUrl":"https:\/\/www.cofb.org\/wp-content\/uploads\/2024\/04\/COFB_OSTOMIES_28112023_1-1024x576-1.jpeg","datePublished":"2023-12-05T09:31:36+00:00","dateModified":"2024-04-05T10:28:00+00:00","description":"El passat 13 de novembre, el Col\u00b7legi va organitzar la formaci\u00f3 \u201cOstomies\u201d, amb el patrocini de Hollister.","breadcrumb":{"@id":"https:\/\/novaorg.cofb.net\/2023\/12\/05\/el-cofb-acull-una-nova-edicio-de-la-formacio-practica-sobre-ostomies\/#breadcrumb"},"inLanguage":"es","potentialAction":[{"@type":"ReadAction","target":["https:\/\/novaorg.cofb.net\/2023\/12\/05\/el-cofb-acull-una-nova-edicio-de-la-formacio-practica-sobre-ostomies\/"]}]},{"@type":"ImageObject","inLanguage":"es","@id":"https:\/\/novaorg.cofb.net\/2023\/12\/05\/el-cofb-acull-una-nova-edicio-de-la-formacio-practica-sobre-ostomies\/#primaryimage","url":"https:\/\/www.cofb.org\/wp-content\/uploads\/2024\/04\/COFB_OSTOMIES_28112023_1-1024x576-1.jpeg","contentUrl":"https:\/\/www.cofb.org\/wp-content\/uploads\/2024\/04\/COFB_OSTOMIES_28112023_1-1024x576-1.jpeg","width":1024,"height":576},{"@type":"BreadcrumbList","@id":"https:\/\/novaorg.cofb.net\/2023\/12\/05\/el-cofb-acull-una-nova-edicio-de-la-formacio-practica-sobre-ostomies\/#breadcrumb","itemListElement":[{"@type":"ListItem","position":1,"name":"Inici","item":"https:\/\/novaorg.cofb.net\/"},{"@type":"ListItem","position":2,"name":"El COFB acull una nova edici\u00f3 de la formaci\u00f3 pr\u00e0ctica sobre ostomies"}]},{"@type":"WebSite","@id":"https:\/\/www.cofb.org\/#website","url":"https:\/\/www.cofb.org\/","name":"Col\u00b7legi de Farmac\u00e8utics de Barcelona","description":"","publisher":{"@id":"https:\/\/www.cofb.org\/#organization"},"potentialAction":[{"@type":"SearchAction","target":{"@type":"EntryPoint","urlTemplate":"https:\/\/www.cofb.org\/?s={search_term_string}"},"query-input":"required name=search_term_string"}],"inLanguage":"es"},{"@type":"Organization","@id":"https:\/\/www.cofb.org\/#organization","name":"Col\u00b7legi de Farmac\u00e8utics de Barcelona","url":"https:\/\/www.cofb.org\/","logo":{"@type":"ImageObject","inLanguage":"es","@id":"https:\/\/www.cofb.org\/#\/schema\/logo\/image\/","url":"https:\/\/www.cofb.org\/wp-content\/uploads\/2023\/11\/cropped-Logotip-COFB.png","contentUrl":"https:\/\/www.cofb.org\/wp-content\/uploads\/2023\/11\/cropped-Logotip-COFB.png","width":500,"height":105,"caption":"Col\u00b7legi de Farmac\u00e8utics de Barcelona"},"image":{"@id":"https:\/\/www.cofb.org\/#\/schema\/logo\/image\/"},"sameAs":["https:\/\/www.facebook.com\/farmaceuticsbcn\/","https:\/\/twitter.com\/farmaceuticsbcn","https:\/\/www.instagram.com\/farmaceuticsbcn\/","https:\/\/www.linkedin.com\/company\/farmaceuticsbcn\/"]},{"@type":"Person","@id":"https:\/\/www.cofb.org\/#\/schema\/person\/22ed7eea88da74b0fa4d3154ad87ffcb","name":"wpAdminCofbOrg","image":{"@type":"ImageObject","inLanguage":"es","@id":"https:\/\/www.cofb.org\/#\/schema\/person\/image\/","url":"https:\/\/secure.gravatar.com\/avatar\/1721b20b3b8ca882c3b56ec6c978c594fff670e40c0718e9190eaeeb76aae7d8?s=96&d=mm&r=g","contentUrl":"https:\/\/secure.gravatar.com\/avatar\/1721b20b3b8ca882c3b56ec6c978c594fff670e40c0718e9190eaeeb76aae7d8?s=96&d=mm&r=g","caption":"wpAdminCofbOrg"},"sameAs":["http:\/\/192.168.64.122\/wordpress"],"url":"https:\/\/www.cofb.org\/es\/author\/wpadmincofborg\/"}]}},"uagb_featured_image_src":{"full":["https:\/\/www.cofb.org\/wp-content\/uploads\/2024\/04\/COFB_OSTOMIES_28112023_1-1024x576-1.jpeg",1024,576,false],"thumbnail":["https:\/\/www.cofb.org\/wp-content\/uploads\/2024\/04\/COFB_OSTOMIES_28112023_1-1024x576-1-150x150.jpeg",150,150,true],"medium":["https:\/\/www.cofb.org\/wp-content\/uploads\/2024\/04\/COFB_OSTOMIES_28112023_1-1024x576-1-300x169.jpeg",300,169,true],"medium_large":["https:\/\/www.cofb.org\/wp-content\/uploads\/2024\/04\/COFB_OSTOMIES_28112023_1-1024x576-1-768x432.jpeg",768,432,true],"large":["https:\/\/www.cofb.org\/wp-content\/uploads\/2024\/04\/COFB_OSTOMIES_28112023_1-1024x576-1.jpeg",1024,576,false],"1536x1536":["https:\/\/www.cofb.org\/wp-content\/uploads\/2024\/04\/COFB_OSTOMIES_28112023_1-1024x576-1.jpeg",1024,576,false],"2048x2048":["https:\/\/www.cofb.org\/wp-content\/uploads\/2024\/04\/COFB_OSTOMIES_28112023_1-1024x576-1.jpeg",1024,576,false],"trp-custom-language-flag":["https:\/\/www.cofb.org\/wp-content\/uploads\/2024\/04\/COFB_OSTOMIES_28112023_1-1024x576-1-18x10.jpeg",18,10,true]},"uagb_author_info":{"display_name":"wpAdminCofbOrg","author_link":"https:\/\/www.cofb.org\/es\/author\/wpadmincofborg\/"},"uagb_comment_info":0,"uagb_excerpt":"El passat 13 de novembre, el Col\u00b7legi de Farmac\u00e8utics de Barcelona (COFB) va organitzar la formaci\u00f3 \u201cOstomies\u201d, amb el patrocini de Hollister. La formaci\u00f3 va anar a c\u00e0rrec de Gemma Serra, infermera cl\u00ednica i experta en estomater\u00e0pia de l\u2019Hospital Universitari Dr. Josep Trueta de Girona i de Patricia L\u00f3pez, infermera [&hellip;]","_links":{"self":[{"href":"https:\/\/www.cofb.org\/es\/wp-json\/wp\/v2\/posts\/77769","targetHints":{"allow":["GET"]}}],"collection":[{"href":"https:\/\/www.cofb.org\/es\/wp-json\/wp\/v2\/posts"}],"about":[{"href":"https:\/\/www.cofb.org\/es\/wp-json\/wp\/v2\/types\/post"}],"author":[{"embeddable":true,"href":"https:\/\/www.cofb.org\/es\/wp-json\/wp\/v2\/users\/1"}],"replies":[{"embeddable":true,"href":"https:\/\/www.cofb.org\/es\/wp-json\/wp\/v2\/comments?post=77769"}],"version-history":[{"count":1,"href":"https:\/\/www.cofb.org\/es\/wp-json\/wp\/v2\/posts\/77769\/revisions"}],"predecessor-version":[{"id":78005,"href":"https:\/\/www.cofb.org\/es\/wp-json\/wp\/v2\/posts\/77769\/revisions\/78005"}],"wp:featuredmedia":[{"embeddable":true,"href":"https:\/\/www.cofb.org\/es\/wp-json\/wp\/v2\/media\/78004"}],"wp:attachment":[{"href":"https:\/\/www.cofb.org\/es\/wp-json\/wp\/v2\/media?parent=77769"}],"wp:term":[{"taxonomy":"category","embeddable":true,"href":"https:\/\/www.cofb.org\/es\/wp-json\/wp\/v2\/categories?post=77769"},{"taxonomy":"post_tag","embeddable":true,"href":"https:\/\/www.cofb.org\/es\/wp-json\/wp\/v2\/tags?post=77769"}],"curies":[{"name":"wp","href":"https:\/\/api.w.org\/{rel}","templated":true}]}}