{"id":77664,"date":"2011-02-15T10:25:00","date_gmt":"2011-02-15T10:25:00","guid":{"rendered":"https:\/\/novaorg.cofb.net\/2011\/02\/15\/les-farmacies-de-barcelona-lhospital-clinic-i-lhospital-del-mar-premiats-per-un-programa-pioner-a-lestat-de-deteccio-precoc-de-cancer-de-colon-i-recte\/"},"modified":"2011-02-15T10:25:00","modified_gmt":"2011-02-15T10:25:00","slug":"les-farmacies-de-barcelona-lhospital-clinic-i-lhospital-del-mar-premiats-per-un-programa-pioner-a-lestat-de-deteccio-precoc-de-cancer-de-colon-i-recte","status":"publish","type":"post","link":"https:\/\/www.cofb.org\/es\/2011\/02\/15\/les-farmacies-de-barcelona-lhospital-clinic-i-lhospital-del-mar-premiats-per-un-programa-pioner-a-lestat-de-deteccio-precoc-de-cancer-de-colon-i-recte\/","title":{"rendered":"Las farmacias de Barcelona, el Hospital Cl\u00ednic y el Hospital del Mar, premiados por un programa pionero en el Estado de detecci\u00f3n precoz de c\u00e1ncer de colon y recto"},"content":{"rendered":"<p>\u00a0<\/p>\n<p>\u00a0<span>Barcelona, febrero de 2011.- El programa de detecci\u00f3n precoz de c\u00e1ncer de colon y recto ha ganado el Premio Esteve \u201cUnidos por la atenci\u00f3n al paciente\u201d 2011 en la\u00a0<\/span><em>Mejor iniciativa en el \u00e1rea farmac\u00e9utica<\/em><span>. Este programa, puesto en marcha por el Hospital Cl\u00ednic, el Hospital del Mar y el Colegio de Farmac\u00e9uticos de Barcelona, es pionero en el Estado al contar con la participaci\u00f3n de las farmacias para aumentar el porcentaje de poblaci\u00f3n en edad de riesgo que se hace la prueba. Los primeros resultados demuestran un aumento de participaci\u00f3n hasta cerca de un 50% y ha permitido detectar m\u00e1s de 80 casos de c\u00e1ncer y cerca de 500 p\u00f3lipos que hubieran podido derivarse en un c\u00e1ncer.\u00a0<\/span><\/p>\n<p><span>&quot;Este reconocimiento es un aliciente m\u00e1s para seguir trabajando en esta direcci\u00f3n, la de la detecci\u00f3n precoz de enfermedades con la implicaci\u00f3n de los farmac\u00e9uticos trabajando de forma coordinada con el resto de profesionales sanitarios&quot;, as\u00ed lo explica el presidente del Colegio de Farmac\u00e9uticos de Barcelona, Jordi de Dalmases.\u00a0<\/span><\/p>\n<p><span>En esta misma l\u00ednea se pronunci\u00f3 Merc\u00e8 Barau, vocal de la Junta del COFB y responsable del grupo de Atenci\u00f3n Farmac\u00e9utica, quien, al recoger el premio, destac\u00f3 \u201cla implicaci\u00f3n del farmac\u00e9utico en los cribados como un recurso eficiente para el logro de objetivos de salud, m\u00e1s all\u00e1 de la estricta esfera de la dispensaci\u00f3n del medicamento\u201d.\u00a0<\/span><\/p>\n<p><span>El programa se puso en marcha en marzo de 2009 y se espera que participen m\u00e1s de 200.000 personas del \u00e1rea de influencia del Hospital Cl\u00ednic y Hospital del Mar.\u00a0<\/span><\/p>\n<p><strong>Para m\u00e1s informaci\u00f3n:\u00a0<br \/><\/strong><span>Departamento de Comunicaci\u00f3n COFB\u00a0<\/span><br \/><span>93 244 07 28\/18 o premsa@cofb.net<\/span><\/p>\n<p>\u00a0\u00a0Barcelona, febrero de 2011.- El programa de detecci\u00f3n precoz de c\u00e1ncer de colon y recto ha ganado el Premio Esteve \u201cUnidos por la atenci\u00f3n al paciente\u201d 2011 a la Mejor iniciativa en el \u00e1rea farmac\u00e9utica. Este programa, puesto en marcha por el Hospital Cl\u00ednic, el Hospital del Mar y el Colegio de Farmac\u00e9uticos de Barcelona, es pionero en el Estado al contar con la participaci\u00f3n de las farmacias para aumentar el porcentaje de poblaci\u00f3n en edad de riesgo que se hace la prueba. Los primeros resultados demuestran un aumento de participaci\u00f3n hasta cerca de un 50% y ha permitido detectar m\u00e1s de 80 casos de c\u00e1ncer y cerca de 500 p\u00f3lipos que hubieran podido derivarse en un c\u00e1ncer. &quot;Este reconocimiento es un aliciente m\u00e1s para seguir trabajando en esta direcci\u00f3n, la de la detecci\u00f3n precoz de enfermedades con la implicaci\u00f3n de los farmac\u00e9uticos trabajando de forma coordinada con el resto de profesionales sanitarios&quot;, as\u00ed lo explica el presidente del Colegio de Farmac\u00e9uticos de Barcelona, Jordi de Dalmases. En esta misma l\u00ednea se pronunci\u00f3 Merc\u00e8 Barau, vocal de la Junta del COFB y responsable del grupo de Atenci\u00f3n Farmac\u00e9utica, quien, al recoger el premio, destac\u00f3 \u201cla implicaci\u00f3n del farmac\u00e9utico en los cribados como un recurso eficiente para el logro de objetivos de salud, m\u00e1s all\u00e1 de la estricta esfera de la dispensaci\u00f3n del medicamento\u201d. El programa se puso en marcha en marzo de 2009 y se espera que participen m\u00e1s de 200.000 personas del \u00e1rea de influencia del Hospital Cl\u00ednic y Hospital del Mar. Para m\u00e1s informaci\u00f3n: Departamento de Comunicaci\u00f3n COFB 93 244 07 28\/18 o premsa@cofb.net COFB.ORG<\/p>","protected":false},"excerpt":{"rendered":"<p>\u00a0 \u00a0Barcelona, febrero de 2011.- El programa de detecci\u00f3n precoz de c\u00e1ncer de colon y recto ha ganado el Premio Esteve \u201cUnidos por la atenci\u00f3n al paciente\u201d 2011 a la Mejor iniciativa en el \u00e1rea farmac\u00e9utica. Este programa, puesto en marcha por el Hospital Cl\u00ednic, el Hospital del Mar y el Colegio de Farmac\u00e9uticos de Barcelona, [\u2026]<\/p>","protected":false},"author":1,"featured_media":0,"comment_status":"","ping_status":"","sticky":false,"template":"","format":"standard","meta":{"_uag_custom_page_level_css":"","site-sidebar-layout":"default","site-content-layout":"","ast-site-content-layout":"default","site-content-style":"default","site-sidebar-style":"default","ast-global-header-display":"","ast-banner-title-visibility":"","ast-main-header-display":"","ast-hfb-above-header-display":"","ast-hfb-below-header-display":"","ast-hfb-mobile-header-display":"","site-post-title":"","ast-breadcrumbs-content":"","ast-featured-img":"disabled","footer-sml-layout":"","theme-transparent-header-meta":"","adv-header-id-meta":"","stick-header-meta":"","header-above-stick-meta":"","header-main-stick-meta":"","header-below-stick-meta":"","astra-migrate-meta-layouts":"default","ast-page-background-enabled":"default","ast-page-background-meta":{"desktop":{"background-color":"var(--ast-global-color-4)","background-image":"","background-repeat":"repeat","background-position":"center center","background-size":"auto","background-attachment":"scroll","background-type":"","background-media":"","overlay-type":"","overlay-color":"","overlay-opacity":"","overlay-gradient":""},"tablet":{"background-color":"","background-image":"","background-repeat":"repeat","background-position":"center center","background-size":"auto","background-attachment":"scroll","background-type":"","background-media":"","overlay-type":"","overlay-color":"","overlay-opacity":"","overlay-gradient":""},"mobile":{"background-color":"","background-image":"","background-repeat":"repeat","background-position":"center center","background-size":"auto","background-attachment":"scroll","background-type":"","background-media":"","overlay-type":"","overlay-color":"","overlay-opacity":"","overlay-gradient":""}},"ast-content-background-meta":{"desktop":{"background-color":"var(--ast-global-color-5)","background-image":"","background-repeat":"repeat","background-position":"center center","background-size":"auto","background-attachment":"scroll","background-type":"","background-media":"","overlay-type":"","overlay-color":"","overlay-opacity":"","overlay-gradient":""},"tablet":{"background-color":"var(--ast-global-color-5)","background-image":"","background-repeat":"repeat","background-position":"center center","background-size":"auto","background-attachment":"scroll","background-type":"","background-media":"","overlay-type":"","overlay-color":"","overlay-opacity":"","overlay-gradient":""},"mobile":{"background-color":"var(--ast-global-color-5)","background-image":"","background-repeat":"repeat","background-position":"center center","background-size":"auto","background-attachment":"scroll","background-type":"","background-media":"","overlay-type":"","overlay-color":"","overlay-opacity":"","overlay-gradient":""}},"footnotes":""},"categories":[1060,1066],"tags":[],"class_list":["post-77664","post","type-post","status-publish","format-standard","hentry","category-notes-premsa","category-sense-categoria-ca"],"yoast_head":"<!-- This site is optimized with the Yoast SEO plugin v22.4 - https:\/\/yoast.com\/wordpress\/plugins\/seo\/ -->\n<title>Les farm\u00e0cies de Barcelona, l&#039;Hospital Cl\u00ednic i l&#039;Hospital del Mar, premiats per un programa pioner a l&#039;Estat de detecci\u00f3 preco\u00e7 de c\u00e0ncer de c\u00f2lon i recte - Col\u00b7legi de Farmac\u00e8utics de Barcelona<\/title>\n<meta name=\"robots\" content=\"index, follow, max-snippet:-1, max-image-preview:large, max-video-preview:-1\" \/>\n<link rel=\"canonical\" href=\"https:\/\/novaorg.cofb.net\/2011\/02\/15\/les-farmacies-de-barcelona-lhospital-clinic-i-lhospital-del-mar-premiats-per-un-programa-pioner-a-lestat-de-deteccio-precoc-de-cancer-de-colon-i-recte\/\" \/>\n<meta property=\"og:locale\" content=\"es_ES\" \/>\n<meta property=\"og:type\" content=\"article\" \/>\n<meta property=\"og:title\" content=\"Les farm\u00e0cies de Barcelona, l&#039;Hospital Cl\u00ednic i l&#039;Hospital del Mar, premiats per un programa pioner a l&#039;Estat de detecci\u00f3 preco\u00e7 de c\u00e0ncer de c\u00f2lon i recte - Col\u00b7legi de Farmac\u00e8utics de Barcelona\" \/>\n<meta property=\"og:description\" content=\"\u00a0 \u00a0Barcelona, febrer de 2011.- El programa de detecci\u00f3 preco\u00e7 de c\u00e0ncer de c\u00f2lon i recte ha guanyat el Premi Esteve \u201cUnidos por la atenci\u00f3n al paciente\u201d 2011 a la\u00a0Millor iniciativa en l\u2019\u00e0rea farmac\u00e8utica. Aquest programa, engegat per l\u2019Hospital Cl\u00ednic, l\u2019Hospital del Mar i el Col\u00b7legi de Farmac\u00e8utics de Barcelona, [&hellip;]\" \/>\n<meta property=\"og:url\" content=\"https:\/\/novaorg.cofb.net\/2011\/02\/15\/les-farmacies-de-barcelona-lhospital-clinic-i-lhospital-del-mar-premiats-per-un-programa-pioner-a-lestat-de-deteccio-precoc-de-cancer-de-colon-i-recte\/\" \/>\n<meta property=\"og:site_name\" content=\"Col\u00b7legi de Farmac\u00e8utics de Barcelona\" \/>\n<meta property=\"article:publisher\" content=\"https:\/\/www.facebook.com\/farmaceuticsbcn\/\" \/>\n<meta property=\"article:published_time\" content=\"2011-02-15T10:25:00+00:00\" \/>\n<meta name=\"author\" content=\"wpAdminCofbOrg\" \/>\n<meta name=\"twitter:card\" content=\"summary_large_image\" \/>\n<meta name=\"twitter:creator\" content=\"@farmaceuticsbcn\" \/>\n<meta name=\"twitter:site\" content=\"@farmaceuticsbcn\" \/>\n<meta name=\"twitter:label1\" content=\"Escrito por\" \/>\n\t<meta name=\"twitter:data1\" content=\"wpAdminCofbOrg\" \/>\n\t<meta name=\"twitter:label2\" content=\"Tiempo de lectura\" \/>\n\t<meta name=\"twitter:data2\" content=\"3 minutos\" \/>\n<script type=\"application\/ld+json\" class=\"yoast-schema-graph\">{\"@context\":\"https:\/\/schema.org\",\"@graph\":[{\"@type\":\"Article\",\"@id\":\"https:\/\/novaorg.cofb.net\/2011\/02\/15\/les-farmacies-de-barcelona-lhospital-clinic-i-lhospital-del-mar-premiats-per-un-programa-pioner-a-lestat-de-deteccio-precoc-de-cancer-de-colon-i-recte\/#article\",\"isPartOf\":{\"@id\":\"https:\/\/novaorg.cofb.net\/2011\/02\/15\/les-farmacies-de-barcelona-lhospital-clinic-i-lhospital-del-mar-premiats-per-un-programa-pioner-a-lestat-de-deteccio-precoc-de-cancer-de-colon-i-recte\/\"},\"author\":{\"name\":\"wpAdminCofbOrg\",\"@id\":\"https:\/\/www.cofb.org\/#\/schema\/person\/22ed7eea88da74b0fa4d3154ad87ffcb\"},\"headline\":\"Les farm\u00e0cies de Barcelona, l&#8217;Hospital Cl\u00ednic i l&#8217;Hospital del Mar, premiats per un programa pioner a l&#8217;Estat de detecci\u00f3 preco\u00e7 de c\u00e0ncer de c\u00f2lon i recte\",\"datePublished\":\"2011-02-15T10:25:00+00:00\",\"dateModified\":\"2011-02-15T10:25:00+00:00\",\"mainEntityOfPage\":{\"@id\":\"https:\/\/novaorg.cofb.net\/2011\/02\/15\/les-farmacies-de-barcelona-lhospital-clinic-i-lhospital-del-mar-premiats-per-un-programa-pioner-a-lestat-de-deteccio-precoc-de-cancer-de-colon-i-recte\/\"},\"wordCount\":615,\"publisher\":{\"@id\":\"https:\/\/www.cofb.org\/#organization\"},\"articleSection\":[\"Notes de premsa\",\"Sense categoria\"],\"inLanguage\":\"es\"},{\"@type\":\"WebPage\",\"@id\":\"https:\/\/novaorg.cofb.net\/2011\/02\/15\/les-farmacies-de-barcelona-lhospital-clinic-i-lhospital-del-mar-premiats-per-un-programa-pioner-a-lestat-de-deteccio-precoc-de-cancer-de-colon-i-recte\/\",\"url\":\"https:\/\/novaorg.cofb.net\/2011\/02\/15\/les-farmacies-de-barcelona-lhospital-clinic-i-lhospital-del-mar-premiats-per-un-programa-pioner-a-lestat-de-deteccio-precoc-de-cancer-de-colon-i-recte\/\",\"name\":\"Les farm\u00e0cies de Barcelona, l'Hospital Cl\u00ednic i l'Hospital del Mar, premiats per un programa pioner a l'Estat de detecci\u00f3 preco\u00e7 de c\u00e0ncer de c\u00f2lon i recte - Col\u00b7legi de Farmac\u00e8utics de Barcelona\",\"isPartOf\":{\"@id\":\"https:\/\/www.cofb.org\/#website\"},\"datePublished\":\"2011-02-15T10:25:00+00:00\",\"dateModified\":\"2011-02-15T10:25:00+00:00\",\"breadcrumb\":{\"@id\":\"https:\/\/novaorg.cofb.net\/2011\/02\/15\/les-farmacies-de-barcelona-lhospital-clinic-i-lhospital-del-mar-premiats-per-un-programa-pioner-a-lestat-de-deteccio-precoc-de-cancer-de-colon-i-recte\/#breadcrumb\"},\"inLanguage\":\"es\",\"potentialAction\":[{\"@type\":\"ReadAction\",\"target\":[\"https:\/\/novaorg.cofb.net\/2011\/02\/15\/les-farmacies-de-barcelona-lhospital-clinic-i-lhospital-del-mar-premiats-per-un-programa-pioner-a-lestat-de-deteccio-precoc-de-cancer-de-colon-i-recte\/\"]}]},{\"@type\":\"BreadcrumbList\",\"@id\":\"https:\/\/novaorg.cofb.net\/2011\/02\/15\/les-farmacies-de-barcelona-lhospital-clinic-i-lhospital-del-mar-premiats-per-un-programa-pioner-a-lestat-de-deteccio-precoc-de-cancer-de-colon-i-recte\/#breadcrumb\",\"itemListElement\":[{\"@type\":\"ListItem\",\"position\":1,\"name\":\"Inici\",\"item\":\"https:\/\/novaorg.cofb.net\/\"},{\"@type\":\"ListItem\",\"position\":2,\"name\":\"Les farm\u00e0cies de Barcelona, l&#8217;Hospital Cl\u00ednic i l&#8217;Hospital del Mar, premiats per un programa pioner a l&#8217;Estat de detecci\u00f3 preco\u00e7 de c\u00e0ncer de c\u00f2lon i recte\"}]},{\"@type\":\"WebSite\",\"@id\":\"https:\/\/www.cofb.org\/#website\",\"url\":\"https:\/\/www.cofb.org\/\",\"name\":\"Col\u00b7legi de Farmac\u00e8utics de Barcelona\",\"description\":\"\",\"publisher\":{\"@id\":\"https:\/\/www.cofb.org\/#organization\"},\"potentialAction\":[{\"@type\":\"SearchAction\",\"target\":{\"@type\":\"EntryPoint\",\"urlTemplate\":\"https:\/\/www.cofb.org\/?s={search_term_string}\"},\"query-input\":\"required name=search_term_string\"}],\"inLanguage\":\"es\"},{\"@type\":\"Organization\",\"@id\":\"https:\/\/www.cofb.org\/#organization\",\"name\":\"Col\u00b7legi de Farmac\u00e8utics de Barcelona\",\"url\":\"https:\/\/www.cofb.org\/\",\"logo\":{\"@type\":\"ImageObject\",\"inLanguage\":\"es\",\"@id\":\"https:\/\/www.cofb.org\/#\/schema\/logo\/image\/\",\"url\":\"https:\/\/www.cofb.org\/wp-content\/uploads\/2023\/11\/cropped-Logotip-COFB.png\",\"contentUrl\":\"https:\/\/www.cofb.org\/wp-content\/uploads\/2023\/11\/cropped-Logotip-COFB.png\",\"width\":500,\"height\":105,\"caption\":\"Col\u00b7legi de Farmac\u00e8utics de Barcelona\"},\"image\":{\"@id\":\"https:\/\/www.cofb.org\/#\/schema\/logo\/image\/\"},\"sameAs\":[\"https:\/\/www.facebook.com\/farmaceuticsbcn\/\",\"https:\/\/twitter.com\/farmaceuticsbcn\",\"https:\/\/www.instagram.com\/farmaceuticsbcn\/\",\"https:\/\/www.linkedin.com\/company\/farmaceuticsbcn\/\"]},{\"@type\":\"Person\",\"@id\":\"https:\/\/www.cofb.org\/#\/schema\/person\/22ed7eea88da74b0fa4d3154ad87ffcb\",\"name\":\"wpAdminCofbOrg\",\"image\":{\"@type\":\"ImageObject\",\"inLanguage\":\"es\",\"@id\":\"https:\/\/www.cofb.org\/#\/schema\/person\/image\/\",\"url\":\"https:\/\/secure.gravatar.com\/avatar\/1721b20b3b8ca882c3b56ec6c978c594fff670e40c0718e9190eaeeb76aae7d8?s=96&d=mm&r=g\",\"contentUrl\":\"https:\/\/secure.gravatar.com\/avatar\/1721b20b3b8ca882c3b56ec6c978c594fff670e40c0718e9190eaeeb76aae7d8?s=96&d=mm&r=g\",\"caption\":\"wpAdminCofbOrg\"},\"sameAs\":[\"http:\/\/192.168.64.122\/wordpress\"],\"url\":\"https:\/\/www.cofb.org\/es\/author\/wpadmincofborg\/\"}]}<\/script>\n<!-- \/ Yoast SEO plugin. -->","yoast_head_json":{"title":"Les farm\u00e0cies de Barcelona, l'Hospital Cl\u00ednic i l'Hospital del Mar, premiats per un programa pioner a l'Estat de detecci\u00f3 preco\u00e7 de c\u00e0ncer de c\u00f2lon i recte - Col\u00b7legi de Farmac\u00e8utics de Barcelona","robots":{"index":"index","follow":"follow","max-snippet":"max-snippet:-1","max-image-preview":"max-image-preview:large","max-video-preview":"max-video-preview:-1"},"canonical":"https:\/\/novaorg.cofb.net\/2011\/02\/15\/les-farmacies-de-barcelona-lhospital-clinic-i-lhospital-del-mar-premiats-per-un-programa-pioner-a-lestat-de-deteccio-precoc-de-cancer-de-colon-i-recte\/","og_locale":"es_ES","og_type":"article","og_title":"Les farm\u00e0cies de Barcelona, l'Hospital Cl\u00ednic i l'Hospital del Mar, premiats per un programa pioner a l'Estat de detecci\u00f3 preco\u00e7 de c\u00e0ncer de c\u00f2lon i recte - Col\u00b7legi de Farmac\u00e8utics de Barcelona","og_description":"\u00a0 \u00a0Barcelona, febrer de 2011.- El programa de detecci\u00f3 preco\u00e7 de c\u00e0ncer de c\u00f2lon i recte ha guanyat el Premi Esteve \u201cUnidos por la atenci\u00f3n al paciente\u201d 2011 a la\u00a0Millor iniciativa en l\u2019\u00e0rea farmac\u00e8utica. Aquest programa, engegat per l\u2019Hospital Cl\u00ednic, l\u2019Hospital del Mar i el Col\u00b7legi de Farmac\u00e8utics de Barcelona, [&hellip;]","og_url":"https:\/\/novaorg.cofb.net\/2011\/02\/15\/les-farmacies-de-barcelona-lhospital-clinic-i-lhospital-del-mar-premiats-per-un-programa-pioner-a-lestat-de-deteccio-precoc-de-cancer-de-colon-i-recte\/","og_site_name":"Col\u00b7legi de Farmac\u00e8utics de Barcelona","article_publisher":"https:\/\/www.facebook.com\/farmaceuticsbcn\/","article_published_time":"2011-02-15T10:25:00+00:00","author":"wpAdminCofbOrg","twitter_card":"summary_large_image","twitter_creator":"@farmaceuticsbcn","twitter_site":"@farmaceuticsbcn","twitter_misc":{"Escrito por":"wpAdminCofbOrg","Tiempo de lectura":"3 minutos"},"schema":{"@context":"https:\/\/schema.org","@graph":[{"@type":"Article","@id":"https:\/\/novaorg.cofb.net\/2011\/02\/15\/les-farmacies-de-barcelona-lhospital-clinic-i-lhospital-del-mar-premiats-per-un-programa-pioner-a-lestat-de-deteccio-precoc-de-cancer-de-colon-i-recte\/#article","isPartOf":{"@id":"https:\/\/novaorg.cofb.net\/2011\/02\/15\/les-farmacies-de-barcelona-lhospital-clinic-i-lhospital-del-mar-premiats-per-un-programa-pioner-a-lestat-de-deteccio-precoc-de-cancer-de-colon-i-recte\/"},"author":{"name":"wpAdminCofbOrg","@id":"https:\/\/www.cofb.org\/#\/schema\/person\/22ed7eea88da74b0fa4d3154ad87ffcb"},"headline":"Les farm\u00e0cies de Barcelona, l&#8217;Hospital Cl\u00ednic i l&#8217;Hospital del Mar, premiats per un programa pioner a l&#8217;Estat de detecci\u00f3 preco\u00e7 de c\u00e0ncer de c\u00f2lon i recte","datePublished":"2011-02-15T10:25:00+00:00","dateModified":"2011-02-15T10:25:00+00:00","mainEntityOfPage":{"@id":"https:\/\/novaorg.cofb.net\/2011\/02\/15\/les-farmacies-de-barcelona-lhospital-clinic-i-lhospital-del-mar-premiats-per-un-programa-pioner-a-lestat-de-deteccio-precoc-de-cancer-de-colon-i-recte\/"},"wordCount":615,"publisher":{"@id":"https:\/\/www.cofb.org\/#organization"},"articleSection":["Notes de premsa","Sense categoria"],"inLanguage":"es"},{"@type":"WebPage","@id":"https:\/\/novaorg.cofb.net\/2011\/02\/15\/les-farmacies-de-barcelona-lhospital-clinic-i-lhospital-del-mar-premiats-per-un-programa-pioner-a-lestat-de-deteccio-precoc-de-cancer-de-colon-i-recte\/","url":"https:\/\/novaorg.cofb.net\/2011\/02\/15\/les-farmacies-de-barcelona-lhospital-clinic-i-lhospital-del-mar-premiats-per-un-programa-pioner-a-lestat-de-deteccio-precoc-de-cancer-de-colon-i-recte\/","name":"Les farm\u00e0cies de Barcelona, l'Hospital Cl\u00ednic i l'Hospital del Mar, premiats per un programa pioner a l'Estat de detecci\u00f3 preco\u00e7 de c\u00e0ncer de c\u00f2lon i recte - Col\u00b7legi de Farmac\u00e8utics de Barcelona","isPartOf":{"@id":"https:\/\/www.cofb.org\/#website"},"datePublished":"2011-02-15T10:25:00+00:00","dateModified":"2011-02-15T10:25:00+00:00","breadcrumb":{"@id":"https:\/\/novaorg.cofb.net\/2011\/02\/15\/les-farmacies-de-barcelona-lhospital-clinic-i-lhospital-del-mar-premiats-per-un-programa-pioner-a-lestat-de-deteccio-precoc-de-cancer-de-colon-i-recte\/#breadcrumb"},"inLanguage":"es","potentialAction":[{"@type":"ReadAction","target":["https:\/\/novaorg.cofb.net\/2011\/02\/15\/les-farmacies-de-barcelona-lhospital-clinic-i-lhospital-del-mar-premiats-per-un-programa-pioner-a-lestat-de-deteccio-precoc-de-cancer-de-colon-i-recte\/"]}]},{"@type":"BreadcrumbList","@id":"https:\/\/novaorg.cofb.net\/2011\/02\/15\/les-farmacies-de-barcelona-lhospital-clinic-i-lhospital-del-mar-premiats-per-un-programa-pioner-a-lestat-de-deteccio-precoc-de-cancer-de-colon-i-recte\/#breadcrumb","itemListElement":[{"@type":"ListItem","position":1,"name":"Inici","item":"https:\/\/novaorg.cofb.net\/"},{"@type":"ListItem","position":2,"name":"Les farm\u00e0cies de Barcelona, l&#8217;Hospital Cl\u00ednic i l&#8217;Hospital del Mar, premiats per un programa pioner a l&#8217;Estat de detecci\u00f3 preco\u00e7 de c\u00e0ncer de c\u00f2lon i recte"}]},{"@type":"WebSite","@id":"https:\/\/www.cofb.org\/#website","url":"https:\/\/www.cofb.org\/","name":"Col\u00b7legi de Farmac\u00e8utics de Barcelona","description":"","publisher":{"@id":"https:\/\/www.cofb.org\/#organization"},"potentialAction":[{"@type":"SearchAction","target":{"@type":"EntryPoint","urlTemplate":"https:\/\/www.cofb.org\/?s={search_term_string}"},"query-input":"required name=search_term_string"}],"inLanguage":"es"},{"@type":"Organization","@id":"https:\/\/www.cofb.org\/#organization","name":"Col\u00b7legi de Farmac\u00e8utics de Barcelona","url":"https:\/\/www.cofb.org\/","logo":{"@type":"ImageObject","inLanguage":"es","@id":"https:\/\/www.cofb.org\/#\/schema\/logo\/image\/","url":"https:\/\/www.cofb.org\/wp-content\/uploads\/2023\/11\/cropped-Logotip-COFB.png","contentUrl":"https:\/\/www.cofb.org\/wp-content\/uploads\/2023\/11\/cropped-Logotip-COFB.png","width":500,"height":105,"caption":"Col\u00b7legi de Farmac\u00e8utics de Barcelona"},"image":{"@id":"https:\/\/www.cofb.org\/#\/schema\/logo\/image\/"},"sameAs":["https:\/\/www.facebook.com\/farmaceuticsbcn\/","https:\/\/twitter.com\/farmaceuticsbcn","https:\/\/www.instagram.com\/farmaceuticsbcn\/","https:\/\/www.linkedin.com\/company\/farmaceuticsbcn\/"]},{"@type":"Person","@id":"https:\/\/www.cofb.org\/#\/schema\/person\/22ed7eea88da74b0fa4d3154ad87ffcb","name":"wpAdminCofbOrg","image":{"@type":"ImageObject","inLanguage":"es","@id":"https:\/\/www.cofb.org\/#\/schema\/person\/image\/","url":"https:\/\/secure.gravatar.com\/avatar\/1721b20b3b8ca882c3b56ec6c978c594fff670e40c0718e9190eaeeb76aae7d8?s=96&d=mm&r=g","contentUrl":"https:\/\/secure.gravatar.com\/avatar\/1721b20b3b8ca882c3b56ec6c978c594fff670e40c0718e9190eaeeb76aae7d8?s=96&d=mm&r=g","caption":"wpAdminCofbOrg"},"sameAs":["http:\/\/192.168.64.122\/wordpress"],"url":"https:\/\/www.cofb.org\/es\/author\/wpadmincofborg\/"}]}},"uagb_featured_image_src":{"full":false,"thumbnail":false,"medium":false,"medium_large":false,"large":false,"1536x1536":false,"2048x2048":false,"trp-custom-language-flag":false},"uagb_author_info":{"display_name":"wpAdminCofbOrg","author_link":"https:\/\/www.cofb.org\/es\/author\/wpadmincofborg\/"},"uagb_comment_info":0,"uagb_excerpt":"\u00a0 \u00a0Barcelona, febrer de 2011.- El programa de detecci\u00f3 preco\u00e7 de c\u00e0ncer de c\u00f2lon i recte ha guanyat el Premi Esteve \u201cUnidos por la atenci\u00f3n al paciente\u201d 2011 a la\u00a0Millor iniciativa en l\u2019\u00e0rea farmac\u00e8utica. Aquest programa, engegat per l\u2019Hospital Cl\u00ednic, l\u2019Hospital del Mar i el Col\u00b7legi de Farmac\u00e8utics de Barcelona, [&hellip;]","_links":{"self":[{"href":"https:\/\/www.cofb.org\/es\/wp-json\/wp\/v2\/posts\/77664","targetHints":{"allow":["GET"]}}],"collection":[{"href":"https:\/\/www.cofb.org\/es\/wp-json\/wp\/v2\/posts"}],"about":[{"href":"https:\/\/www.cofb.org\/es\/wp-json\/wp\/v2\/types\/post"}],"author":[{"embeddable":true,"href":"https:\/\/www.cofb.org\/es\/wp-json\/wp\/v2\/users\/1"}],"replies":[{"embeddable":true,"href":"https:\/\/www.cofb.org\/es\/wp-json\/wp\/v2\/comments?post=77664"}],"version-history":[{"count":0,"href":"https:\/\/www.cofb.org\/es\/wp-json\/wp\/v2\/posts\/77664\/revisions"}],"wp:attachment":[{"href":"https:\/\/www.cofb.org\/es\/wp-json\/wp\/v2\/media?parent=77664"}],"wp:term":[{"taxonomy":"category","embeddable":true,"href":"https:\/\/www.cofb.org\/es\/wp-json\/wp\/v2\/categories?post=77664"},{"taxonomy":"post_tag","embeddable":true,"href":"https:\/\/www.cofb.org\/es\/wp-json\/wp\/v2\/tags?post=77664"}],"curies":[{"name":"wp","href":"https:\/\/api.w.org\/{rel}","templated":true}]}}