{"id":77653,"date":"2011-04-18T11:03:00","date_gmt":"2011-04-18T11:03:00","guid":{"rendered":"https:\/\/novaorg.cofb.net\/2011\/04\/18\/la-factura-de-la-farmacia-baixa-un-1196\/"},"modified":"2011-04-18T11:03:00","modified_gmt":"2011-04-18T11:03:00","slug":"la-factura-de-la-farmacia-baixa-un-1196","status":"publish","type":"post","link":"https:\/\/www.cofb.org\/es\/2011\/04\/18\/la-factura-de-la-farmacia-baixa-un-1196\/","title":{"rendered":"La factura de la farmacia desciende un 11,96%"},"content":{"rendered":"<p>\u00a0<\/p>\n<p>\u00a0<span>\u00a0<\/span><span>\u00a0<\/span><\/p>\n<p align=\"justify\"><strong>\u2022 Se trata de una disminuci\u00f3n hist\u00f3rica de la facturaci\u00f3n en Catalu\u00f1a\u00a0<br \/><\/strong><br \/>Barcelona, abril de 2011.- Las farmacias catalanas han registrado este mes de marzo una reducci\u00f3n del 11,96% en la factura de medicamentos, aunque el n\u00famero de recetas ha continuado creciendo hasta un 2,07%. Con este dato hist\u00f3rico se han superado en dos puntos los objetivos de reducci\u00f3n del gasto marcados para mantener el sistema sanitario, en el actual contexto de crisis.\u00a0<\/p>\n<p>Los \u00faltimos datos sobre la facturaci\u00f3n en medicamentos tambi\u00e9n ponen el precio medio de la receta en Catalu\u00f1a -10,89 \u20ac- entre los m\u00e1s bajos de Espa\u00f1a, junto con Madrid y Andaluc\u00eda, y por debajo de la media estatal -a diciembre de 2010 era de 12,29 \u20ac, un 9,5% inferior que en el mismo mes de 2009, mientras que en Catalu\u00f1a era de 11,35 \u20ac-. &quot;Las farmacias catalanas ya han hecho el esfuerzo que se est\u00e1 pidiendo al sector&quot; afirma el presidente del Colegio de Farmac\u00e9uticos de Barcelona, Jordi de Dalmases.\u00a0<\/p>\n<p>Las repercusiones de las medidas econ\u00f3micas sanitarias adoptadas en el \u00faltimo a\u00f1o han supuesto una reducci\u00f3n de la rentabilidad de las farmacias del 25% y ha provocado que el 7% de las farmacias en Catalu\u00f1a, 210, y 3.000 en todo el Estado no lleguen a cubrir el sueldo m\u00ednimo de un farmac\u00e9utico. En este nuevo escenario habr\u00e1 que pensar en medidas como la racionalizaci\u00f3n de los servicios de urgencia y quiz\u00e1s estudiar sistemas de retribuci\u00f3n diferentes.\u00a0<\/p>\n<blockquote dir=\"ltr\">\n<p align=\"justify\">\u2022 En Catalu\u00f1a existen 3.065 farmacias y 12.000 trabajadores.\u00a0<br \/>\u2022 El 7% de las farmacias tienen comprometida su viabilidad econ\u00f3mica despu\u00e9s de las medidas anticrisis, que han afectado a grandes y, sobre todo, peque\u00f1as.<\/p>\n<\/blockquote>\n<p align=\"justify\"><strong>Para m\u00e1s informaci\u00f3n<\/strong>:\u00a0<br \/>Departamento de Comunicaci\u00f3n Colegio de Farmac\u00e9uticos de Barcelona\u00a0<br \/>Tfn.: 93 244 07 28 \/18 \u2013 E-mail:\u00a0<a href=\"mailto:premsa@cofb.net\">premsa@cofb.net\u00a0<\/a><\/p>\n<p>\u00a0\u00a0\u00a0\u00a0\u2022 Se trata de una disminuci\u00f3n hist\u00f3rica de la facturaci\u00f3n en Catalu\u00f1a Barcelona, abril de 2011.- Las farmacias catalanas han registrado este mes de marzo una reducci\u00f3n del 11,96% en la factura de medicamentos, aunque el n\u00famero de recetas ha continuado creciendo hasta un 2,07%. Con este dato hist\u00f3rico se han superado en dos puntos los objetivos de reducci\u00f3n del gasto marcados para mantener el sistema sanitario, en el actual contexto de crisis. Los \u00faltimos datos sobre la facturaci\u00f3n en medicamentos tambi\u00e9n ponen el precio medio de la receta en Catalu\u00f1a -10,89 \u20ac- entre los m\u00e1s bajos de Espa\u00f1a, junto con Madrid y Andaluc\u00eda, y por debajo de la media estatal -a diciembre de 2010 era de 12,29 \u20ac, un 9,5% inferior que en el mismo mes de 2009, mientras que en Catalu\u00f1a era de 11,35 \u20ac-. &quot;Las farmacias catalanas ya han hecho el esfuerzo que se est\u00e1 pidiendo al sector&quot; afirma el presidente del Colegio de Farmac\u00e9uticos de Barcelona, Jordi de Dalmases. Las repercusiones de las medidas econ\u00f3micas sanitarias adoptadas en el \u00faltimo a\u00f1o han supuesto una reducci\u00f3n de la rentabilidad de las farmacias del 25% y ha provocado que el 7% de las farmacias en Catalu\u00f1a, 210, y 3.000 en todo el Estado no lleguen a cubrir el sueldo m\u00ednimo de un farmac\u00e9utico. En este nuevo escenario habr\u00e1 que pensar en medidas como la racionalizaci\u00f3n de los servicios de urgencia y quiz\u00e1s estudiar sistemas de retribuci\u00f3n diferentes. \u2022 En Catalu\u00f1a existen 3.065 farmacias y 12.000 trabajadores. \u2022 El 7% de las farmacias tienen comprometida su viabilidad econ\u00f3mica despu\u00e9s de las medidas anticrisis, que han afectado a grandes y, sobre todo, peque\u00f1as. Para m\u00e1s informaci\u00f3n: Departamento de Comunicaci\u00f3n Colegio de Farmac\u00e9uticos de Barcelona Tfn.: 93 244 07 28 \/18 \u2013 E-mail: premsa@cofb.net COFB.ORG<\/p>","protected":false},"excerpt":{"rendered":"<p>\u00a0 \u00a0\u00a0\u00a0 \u2022 Se trata de una disminuci\u00f3n hist\u00f3rica de la facturaci\u00f3n en Catalu\u00f1a Barcelona, abril de 2011.- Las farmacias catalanas han registrado este mes de marzo una reducci\u00f3n del 11,96% en la factura de medicamentos, aunque el n\u00famero de recetas ha continuado creciendo hasta un 2,07%. Con \u00e9sta [\u2026]<\/p>","protected":false},"author":1,"featured_media":0,"comment_status":"","ping_status":"","sticky":false,"template":"","format":"standard","meta":{"_uag_custom_page_level_css":"","site-sidebar-layout":"default","site-content-layout":"","ast-site-content-layout":"default","site-content-style":"default","site-sidebar-style":"default","ast-global-header-display":"","ast-banner-title-visibility":"","ast-main-header-display":"","ast-hfb-above-header-display":"","ast-hfb-below-header-display":"","ast-hfb-mobile-header-display":"","site-post-title":"","ast-breadcrumbs-content":"","ast-featured-img":"disabled","footer-sml-layout":"","theme-transparent-header-meta":"","adv-header-id-meta":"","stick-header-meta":"","header-above-stick-meta":"","header-main-stick-meta":"","header-below-stick-meta":"","astra-migrate-meta-layouts":"default","ast-page-background-enabled":"default","ast-page-background-meta":{"desktop":{"background-color":"var(--ast-global-color-4)","background-image":"","background-repeat":"repeat","background-position":"center center","background-size":"auto","background-attachment":"scroll","background-type":"","background-media":"","overlay-type":"","overlay-color":"","overlay-opacity":"","overlay-gradient":""},"tablet":{"background-color":"","background-image":"","background-repeat":"repeat","background-position":"center center","background-size":"auto","background-attachment":"scroll","background-type":"","background-media":"","overlay-type":"","overlay-color":"","overlay-opacity":"","overlay-gradient":""},"mobile":{"background-color":"","background-image":"","background-repeat":"repeat","background-position":"center center","background-size":"auto","background-attachment":"scroll","background-type":"","background-media":"","overlay-type":"","overlay-color":"","overlay-opacity":"","overlay-gradient":""}},"ast-content-background-meta":{"desktop":{"background-color":"var(--ast-global-color-5)","background-image":"","background-repeat":"repeat","background-position":"center center","background-size":"auto","background-attachment":"scroll","background-type":"","background-media":"","overlay-type":"","overlay-color":"","overlay-opacity":"","overlay-gradient":""},"tablet":{"background-color":"var(--ast-global-color-5)","background-image":"","background-repeat":"repeat","background-position":"center center","background-size":"auto","background-attachment":"scroll","background-type":"","background-media":"","overlay-type":"","overlay-color":"","overlay-opacity":"","overlay-gradient":""},"mobile":{"background-color":"var(--ast-global-color-5)","background-image":"","background-repeat":"repeat","background-position":"center center","background-size":"auto","background-attachment":"scroll","background-type":"","background-media":"","overlay-type":"","overlay-color":"","overlay-opacity":"","overlay-gradient":""}},"footnotes":""},"categories":[1060,1066],"tags":[],"class_list":["post-77653","post","type-post","status-publish","format-standard","hentry","category-notes-premsa","category-sense-categoria-ca"],"yoast_head":"<!-- This site is optimized with the Yoast SEO plugin v22.4 - https:\/\/yoast.com\/wordpress\/plugins\/seo\/ -->\n<title>La factura de la farm\u00e0cia baixa un 11,96% - Col\u00b7legi de Farmac\u00e8utics de Barcelona<\/title>\n<meta name=\"robots\" content=\"index, follow, max-snippet:-1, max-image-preview:large, max-video-preview:-1\" \/>\n<link rel=\"canonical\" href=\"https:\/\/novaorg.cofb.net\/2011\/04\/18\/la-factura-de-la-farmacia-baixa-un-1196\/\" \/>\n<meta property=\"og:locale\" content=\"es_ES\" \/>\n<meta property=\"og:type\" content=\"article\" \/>\n<meta property=\"og:title\" content=\"La factura de la farm\u00e0cia baixa un 11,96% - Col\u00b7legi de Farmac\u00e8utics de Barcelona\" \/>\n<meta property=\"og:description\" content=\"\u00a0 \u00a0\u00a0\u00a0 \u2022 Es tracta d\u2019una disminuci\u00f3 hist\u00f2rica de la facturaci\u00f3 a Catalunya\u00a0Barcelona, abril de 2011.- Les farm\u00e0cies catalanes han registrat aquest mes de mar\u00e7 una reducci\u00f3 de l\u201911,96% en la factura de medicaments, tot i que el n\u00famero de receptes ha continuat creixent fins a un 2,07%. Amb aquesta [&hellip;]\" \/>\n<meta property=\"og:url\" content=\"https:\/\/novaorg.cofb.net\/2011\/04\/18\/la-factura-de-la-farmacia-baixa-un-1196\/\" \/>\n<meta property=\"og:site_name\" content=\"Col\u00b7legi de Farmac\u00e8utics de Barcelona\" \/>\n<meta property=\"article:publisher\" content=\"https:\/\/www.facebook.com\/farmaceuticsbcn\/\" \/>\n<meta property=\"article:published_time\" content=\"2011-04-18T11:03:00+00:00\" \/>\n<meta name=\"author\" content=\"wpAdminCofbOrg\" \/>\n<meta name=\"twitter:card\" content=\"summary_large_image\" \/>\n<meta name=\"twitter:creator\" content=\"@farmaceuticsbcn\" \/>\n<meta name=\"twitter:site\" content=\"@farmaceuticsbcn\" \/>\n<meta name=\"twitter:label1\" content=\"Escrito por\" \/>\n\t<meta name=\"twitter:data1\" content=\"wpAdminCofbOrg\" \/>\n\t<meta name=\"twitter:label2\" content=\"Tiempo de lectura\" \/>\n\t<meta name=\"twitter:data2\" content=\"3 minutos\" \/>\n<script type=\"application\/ld+json\" class=\"yoast-schema-graph\">{\"@context\":\"https:\/\/schema.org\",\"@graph\":[{\"@type\":\"Article\",\"@id\":\"https:\/\/novaorg.cofb.net\/2011\/04\/18\/la-factura-de-la-farmacia-baixa-un-1196\/#article\",\"isPartOf\":{\"@id\":\"https:\/\/novaorg.cofb.net\/2011\/04\/18\/la-factura-de-la-farmacia-baixa-un-1196\/\"},\"author\":{\"name\":\"wpAdminCofbOrg\",\"@id\":\"https:\/\/www.cofb.org\/#\/schema\/person\/22ed7eea88da74b0fa4d3154ad87ffcb\"},\"headline\":\"La factura de la farm\u00e0cia baixa un 11,96%\",\"datePublished\":\"2011-04-18T11:03:00+00:00\",\"dateModified\":\"2011-04-18T11:03:00+00:00\",\"mainEntityOfPage\":{\"@id\":\"https:\/\/novaorg.cofb.net\/2011\/04\/18\/la-factura-de-la-farmacia-baixa-un-1196\/\"},\"wordCount\":608,\"publisher\":{\"@id\":\"https:\/\/www.cofb.org\/#organization\"},\"articleSection\":[\"Notes de premsa\",\"Sense categoria\"],\"inLanguage\":\"es\"},{\"@type\":\"WebPage\",\"@id\":\"https:\/\/novaorg.cofb.net\/2011\/04\/18\/la-factura-de-la-farmacia-baixa-un-1196\/\",\"url\":\"https:\/\/novaorg.cofb.net\/2011\/04\/18\/la-factura-de-la-farmacia-baixa-un-1196\/\",\"name\":\"La factura de la farm\u00e0cia baixa un 11,96% - Col\u00b7legi de Farmac\u00e8utics de Barcelona\",\"isPartOf\":{\"@id\":\"https:\/\/www.cofb.org\/#website\"},\"datePublished\":\"2011-04-18T11:03:00+00:00\",\"dateModified\":\"2011-04-18T11:03:00+00:00\",\"breadcrumb\":{\"@id\":\"https:\/\/novaorg.cofb.net\/2011\/04\/18\/la-factura-de-la-farmacia-baixa-un-1196\/#breadcrumb\"},\"inLanguage\":\"es\",\"potentialAction\":[{\"@type\":\"ReadAction\",\"target\":[\"https:\/\/novaorg.cofb.net\/2011\/04\/18\/la-factura-de-la-farmacia-baixa-un-1196\/\"]}]},{\"@type\":\"BreadcrumbList\",\"@id\":\"https:\/\/novaorg.cofb.net\/2011\/04\/18\/la-factura-de-la-farmacia-baixa-un-1196\/#breadcrumb\",\"itemListElement\":[{\"@type\":\"ListItem\",\"position\":1,\"name\":\"Inici\",\"item\":\"https:\/\/novaorg.cofb.net\/\"},{\"@type\":\"ListItem\",\"position\":2,\"name\":\"La factura de la farm\u00e0cia baixa un 11,96%\"}]},{\"@type\":\"WebSite\",\"@id\":\"https:\/\/www.cofb.org\/#website\",\"url\":\"https:\/\/www.cofb.org\/\",\"name\":\"Col\u00b7legi de Farmac\u00e8utics de Barcelona\",\"description\":\"\",\"publisher\":{\"@id\":\"https:\/\/www.cofb.org\/#organization\"},\"potentialAction\":[{\"@type\":\"SearchAction\",\"target\":{\"@type\":\"EntryPoint\",\"urlTemplate\":\"https:\/\/www.cofb.org\/?s={search_term_string}\"},\"query-input\":\"required name=search_term_string\"}],\"inLanguage\":\"es\"},{\"@type\":\"Organization\",\"@id\":\"https:\/\/www.cofb.org\/#organization\",\"name\":\"Col\u00b7legi de Farmac\u00e8utics de Barcelona\",\"url\":\"https:\/\/www.cofb.org\/\",\"logo\":{\"@type\":\"ImageObject\",\"inLanguage\":\"es\",\"@id\":\"https:\/\/www.cofb.org\/#\/schema\/logo\/image\/\",\"url\":\"https:\/\/www.cofb.org\/wp-content\/uploads\/2023\/11\/cropped-Logotip-COFB.png\",\"contentUrl\":\"https:\/\/www.cofb.org\/wp-content\/uploads\/2023\/11\/cropped-Logotip-COFB.png\",\"width\":500,\"height\":105,\"caption\":\"Col\u00b7legi de Farmac\u00e8utics de Barcelona\"},\"image\":{\"@id\":\"https:\/\/www.cofb.org\/#\/schema\/logo\/image\/\"},\"sameAs\":[\"https:\/\/www.facebook.com\/farmaceuticsbcn\/\",\"https:\/\/twitter.com\/farmaceuticsbcn\",\"https:\/\/www.instagram.com\/farmaceuticsbcn\/\",\"https:\/\/www.linkedin.com\/company\/farmaceuticsbcn\/\"]},{\"@type\":\"Person\",\"@id\":\"https:\/\/www.cofb.org\/#\/schema\/person\/22ed7eea88da74b0fa4d3154ad87ffcb\",\"name\":\"wpAdminCofbOrg\",\"image\":{\"@type\":\"ImageObject\",\"inLanguage\":\"es\",\"@id\":\"https:\/\/www.cofb.org\/#\/schema\/person\/image\/\",\"url\":\"https:\/\/secure.gravatar.com\/avatar\/1721b20b3b8ca882c3b56ec6c978c594fff670e40c0718e9190eaeeb76aae7d8?s=96&d=mm&r=g\",\"contentUrl\":\"https:\/\/secure.gravatar.com\/avatar\/1721b20b3b8ca882c3b56ec6c978c594fff670e40c0718e9190eaeeb76aae7d8?s=96&d=mm&r=g\",\"caption\":\"wpAdminCofbOrg\"},\"sameAs\":[\"http:\/\/192.168.64.122\/wordpress\"],\"url\":\"https:\/\/www.cofb.org\/es\/author\/wpadmincofborg\/\"}]}<\/script>\n<!-- \/ Yoast SEO plugin. -->","yoast_head_json":{"title":"La factura de la farm\u00e0cia baixa un 11,96% - Col\u00b7legi de Farmac\u00e8utics de Barcelona","robots":{"index":"index","follow":"follow","max-snippet":"max-snippet:-1","max-image-preview":"max-image-preview:large","max-video-preview":"max-video-preview:-1"},"canonical":"https:\/\/novaorg.cofb.net\/2011\/04\/18\/la-factura-de-la-farmacia-baixa-un-1196\/","og_locale":"es_ES","og_type":"article","og_title":"La factura de la farm\u00e0cia baixa un 11,96% - Col\u00b7legi de Farmac\u00e8utics de Barcelona","og_description":"\u00a0 \u00a0\u00a0\u00a0 \u2022 Es tracta d\u2019una disminuci\u00f3 hist\u00f2rica de la facturaci\u00f3 a Catalunya\u00a0Barcelona, abril de 2011.- Les farm\u00e0cies catalanes han registrat aquest mes de mar\u00e7 una reducci\u00f3 de l\u201911,96% en la factura de medicaments, tot i que el n\u00famero de receptes ha continuat creixent fins a un 2,07%. Amb aquesta [&hellip;]","og_url":"https:\/\/novaorg.cofb.net\/2011\/04\/18\/la-factura-de-la-farmacia-baixa-un-1196\/","og_site_name":"Col\u00b7legi de Farmac\u00e8utics de Barcelona","article_publisher":"https:\/\/www.facebook.com\/farmaceuticsbcn\/","article_published_time":"2011-04-18T11:03:00+00:00","author":"wpAdminCofbOrg","twitter_card":"summary_large_image","twitter_creator":"@farmaceuticsbcn","twitter_site":"@farmaceuticsbcn","twitter_misc":{"Escrito por":"wpAdminCofbOrg","Tiempo de lectura":"3 minutos"},"schema":{"@context":"https:\/\/schema.org","@graph":[{"@type":"Article","@id":"https:\/\/novaorg.cofb.net\/2011\/04\/18\/la-factura-de-la-farmacia-baixa-un-1196\/#article","isPartOf":{"@id":"https:\/\/novaorg.cofb.net\/2011\/04\/18\/la-factura-de-la-farmacia-baixa-un-1196\/"},"author":{"name":"wpAdminCofbOrg","@id":"https:\/\/www.cofb.org\/#\/schema\/person\/22ed7eea88da74b0fa4d3154ad87ffcb"},"headline":"La factura de la farm\u00e0cia baixa un 11,96%","datePublished":"2011-04-18T11:03:00+00:00","dateModified":"2011-04-18T11:03:00+00:00","mainEntityOfPage":{"@id":"https:\/\/novaorg.cofb.net\/2011\/04\/18\/la-factura-de-la-farmacia-baixa-un-1196\/"},"wordCount":608,"publisher":{"@id":"https:\/\/www.cofb.org\/#organization"},"articleSection":["Notes de premsa","Sense categoria"],"inLanguage":"es"},{"@type":"WebPage","@id":"https:\/\/novaorg.cofb.net\/2011\/04\/18\/la-factura-de-la-farmacia-baixa-un-1196\/","url":"https:\/\/novaorg.cofb.net\/2011\/04\/18\/la-factura-de-la-farmacia-baixa-un-1196\/","name":"La factura de la farm\u00e0cia baixa un 11,96% - Col\u00b7legi de Farmac\u00e8utics de Barcelona","isPartOf":{"@id":"https:\/\/www.cofb.org\/#website"},"datePublished":"2011-04-18T11:03:00+00:00","dateModified":"2011-04-18T11:03:00+00:00","breadcrumb":{"@id":"https:\/\/novaorg.cofb.net\/2011\/04\/18\/la-factura-de-la-farmacia-baixa-un-1196\/#breadcrumb"},"inLanguage":"es","potentialAction":[{"@type":"ReadAction","target":["https:\/\/novaorg.cofb.net\/2011\/04\/18\/la-factura-de-la-farmacia-baixa-un-1196\/"]}]},{"@type":"BreadcrumbList","@id":"https:\/\/novaorg.cofb.net\/2011\/04\/18\/la-factura-de-la-farmacia-baixa-un-1196\/#breadcrumb","itemListElement":[{"@type":"ListItem","position":1,"name":"Inici","item":"https:\/\/novaorg.cofb.net\/"},{"@type":"ListItem","position":2,"name":"La factura de la farm\u00e0cia baixa un 11,96%"}]},{"@type":"WebSite","@id":"https:\/\/www.cofb.org\/#website","url":"https:\/\/www.cofb.org\/","name":"Col\u00b7legi de Farmac\u00e8utics de Barcelona","description":"","publisher":{"@id":"https:\/\/www.cofb.org\/#organization"},"potentialAction":[{"@type":"SearchAction","target":{"@type":"EntryPoint","urlTemplate":"https:\/\/www.cofb.org\/?s={search_term_string}"},"query-input":"required name=search_term_string"}],"inLanguage":"es"},{"@type":"Organization","@id":"https:\/\/www.cofb.org\/#organization","name":"Col\u00b7legi de Farmac\u00e8utics de Barcelona","url":"https:\/\/www.cofb.org\/","logo":{"@type":"ImageObject","inLanguage":"es","@id":"https:\/\/www.cofb.org\/#\/schema\/logo\/image\/","url":"https:\/\/www.cofb.org\/wp-content\/uploads\/2023\/11\/cropped-Logotip-COFB.png","contentUrl":"https:\/\/www.cofb.org\/wp-content\/uploads\/2023\/11\/cropped-Logotip-COFB.png","width":500,"height":105,"caption":"Col\u00b7legi de Farmac\u00e8utics de Barcelona"},"image":{"@id":"https:\/\/www.cofb.org\/#\/schema\/logo\/image\/"},"sameAs":["https:\/\/www.facebook.com\/farmaceuticsbcn\/","https:\/\/twitter.com\/farmaceuticsbcn","https:\/\/www.instagram.com\/farmaceuticsbcn\/","https:\/\/www.linkedin.com\/company\/farmaceuticsbcn\/"]},{"@type":"Person","@id":"https:\/\/www.cofb.org\/#\/schema\/person\/22ed7eea88da74b0fa4d3154ad87ffcb","name":"wpAdminCofbOrg","image":{"@type":"ImageObject","inLanguage":"es","@id":"https:\/\/www.cofb.org\/#\/schema\/person\/image\/","url":"https:\/\/secure.gravatar.com\/avatar\/1721b20b3b8ca882c3b56ec6c978c594fff670e40c0718e9190eaeeb76aae7d8?s=96&d=mm&r=g","contentUrl":"https:\/\/secure.gravatar.com\/avatar\/1721b20b3b8ca882c3b56ec6c978c594fff670e40c0718e9190eaeeb76aae7d8?s=96&d=mm&r=g","caption":"wpAdminCofbOrg"},"sameAs":["http:\/\/192.168.64.122\/wordpress"],"url":"https:\/\/www.cofb.org\/es\/author\/wpadmincofborg\/"}]}},"uagb_featured_image_src":{"full":false,"thumbnail":false,"medium":false,"medium_large":false,"large":false,"1536x1536":false,"2048x2048":false,"trp-custom-language-flag":false},"uagb_author_info":{"display_name":"wpAdminCofbOrg","author_link":"https:\/\/www.cofb.org\/es\/author\/wpadmincofborg\/"},"uagb_comment_info":0,"uagb_excerpt":"\u00a0 \u00a0\u00a0\u00a0 \u2022 Es tracta d\u2019una disminuci\u00f3 hist\u00f2rica de la facturaci\u00f3 a Catalunya\u00a0Barcelona, abril de 2011.- Les farm\u00e0cies catalanes han registrat aquest mes de mar\u00e7 una reducci\u00f3 de l\u201911,96% en la factura de medicaments, tot i que el n\u00famero de receptes ha continuat creixent fins a un 2,07%. Amb aquesta [&hellip;]","_links":{"self":[{"href":"https:\/\/www.cofb.org\/es\/wp-json\/wp\/v2\/posts\/77653","targetHints":{"allow":["GET"]}}],"collection":[{"href":"https:\/\/www.cofb.org\/es\/wp-json\/wp\/v2\/posts"}],"about":[{"href":"https:\/\/www.cofb.org\/es\/wp-json\/wp\/v2\/types\/post"}],"author":[{"embeddable":true,"href":"https:\/\/www.cofb.org\/es\/wp-json\/wp\/v2\/users\/1"}],"replies":[{"embeddable":true,"href":"https:\/\/www.cofb.org\/es\/wp-json\/wp\/v2\/comments?post=77653"}],"version-history":[{"count":0,"href":"https:\/\/www.cofb.org\/es\/wp-json\/wp\/v2\/posts\/77653\/revisions"}],"wp:attachment":[{"href":"https:\/\/www.cofb.org\/es\/wp-json\/wp\/v2\/media?parent=77653"}],"wp:term":[{"taxonomy":"category","embeddable":true,"href":"https:\/\/www.cofb.org\/es\/wp-json\/wp\/v2\/categories?post=77653"},{"taxonomy":"post_tag","embeddable":true,"href":"https:\/\/www.cofb.org\/es\/wp-json\/wp\/v2\/tags?post=77653"}],"curies":[{"name":"wp","href":"https:\/\/api.w.org\/{rel}","templated":true}]}}