{"id":77528,"date":"2014-03-05T19:25:00","date_gmt":"2014-03-05T19:25:00","guid":{"rendered":"https:\/\/novaorg.cofb.net\/2014\/03\/05\/les-farmacies-catalanes-no-cobren-la-factura-del-gener\/"},"modified":"2014-03-05T19:25:00","modified_gmt":"2014-03-05T19:25:00","slug":"les-farmacies-catalanes-no-cobren-la-factura-del-gener","status":"publish","type":"post","link":"https:\/\/www.cofb.org\/es\/2014\/03\/05\/les-farmacies-catalanes-no-cobren-la-factura-del-gener\/","title":{"rendered":"Las farmacias catalanas no cobran la factura de enero"},"content":{"rendered":"<p>\u00a0<\/p>\n<ul>\n<li><strong>La Administraci\u00f3n deber\u00eda pagarles hoy los medicamentos dispensados durante el primer mes del a\u00f1o<\/strong><\/li>\n<\/ul>\n<p>Barcelona, 5 de marzo de 2014<strong>.-<\/strong> La Administraci\u00f3n deber\u00eda pagar hoy a las farmacias catalanas la factura de enero pero no lo har\u00e1. Se trata de 116,9 millones de euros que se suman a los 112 millones de euros pendientes de la factura de diciembre, que los farmac\u00e9uticos catalanes tambi\u00e9n deber\u00edan haber cobrado ya -el pasado 5 de febrero-.<br \/>Si no existe ning\u00fan cambio en el calendario provisional de pagos anunciado por la Generalitat, hasta el pr\u00f3ximo 30 de abril los farmac\u00e9uticos no cobrar\u00e1n los medicamentos que dispensaron durante el mes de enero, es decir, los cobrar\u00e1n con 55 d\u00edas de retraso respecto al d\u00eda que marca el Concierto vigente firmado con el CatSalut y una media de unos tres meses despu\u00e9s de su dispensaci\u00f3n.<br \/>Deuda total a d\u00eda de hoy: 228,9 millones de euros.<\/p>\n<p><strong>Para m\u00e1s informaci\u00f3n: <\/strong><br \/>Consejo de Colegios de Farmac\u00e9uticos de Catalu\u00f1a (CCFC) <br \/>premsa@cofb.net \/ Tels. 93 244 07 28 \/ 18<\/p>\n<p>\u00a0La Administraci\u00f3n deber\u00eda pagar hoy los medicamentos dispensados durante el primer mes del a\u00f1o Barcelona, 5 de marzo de 2014.- La Administraci\u00f3n deber\u00eda pagar hoy a las farmacias catalanas la factura del mes de enero pero no lo har\u00e1. Se trata de 116,9 millones de euros que se suman a los 112 millones de euros pendientes de la factura de diciembre, que los farmac\u00e9uticos catalanes tambi\u00e9n deber\u00edan haber cobrado ya -el pasado 5 de febrero-.Si no hay ninguno cambio en el calendario provisional de pagos anunciado por la Generalitat, hasta el pr\u00f3ximo 30 de abril los farmac\u00e9uticos no cobrar\u00e1n los medicamentos que dispensaron durante el mes de enero, es decir, los cobrar\u00e1n con 55 d\u00edas de retraso respecto al d\u00eda que marca el Concierto vigente firmado con el CatSalut y una media de unos tres meses despu\u00e9s de haberlos dispensado. Deuda total a d\u00eda de hoy: 228,9 millones de euros. Para m\u00e1s informaci\u00f3n: Consejo de Colegios de Farmac\u00e9uticos de Catalu\u00f1a (CCFC) premsa@cofb.net \/ Tels. 93 244 07 28 \/ 18 COFB.ORG<\/p>","protected":false},"excerpt":{"rendered":"<p>\u00a0 La Administraci\u00f3n deber\u00eda pagar hoy los medicamentos dispensados durante el primer mes del a\u00f1o Barcelona, 5 de marzo de 2014.- La Administraci\u00f3n deber\u00eda pagar hoy a las farmacias catalanas la factura del mes de enero pero no lo har\u00e1 . Se trata de 116,9 millones de euros que se [\u2026]<\/p>","protected":false},"author":1,"featured_media":0,"comment_status":"","ping_status":"","sticky":false,"template":"","format":"standard","meta":{"_uag_custom_page_level_css":"","site-sidebar-layout":"default","site-content-layout":"","ast-site-content-layout":"default","site-content-style":"default","site-sidebar-style":"default","ast-global-header-display":"","ast-banner-title-visibility":"","ast-main-header-display":"","ast-hfb-above-header-display":"","ast-hfb-below-header-display":"","ast-hfb-mobile-header-display":"","site-post-title":"","ast-breadcrumbs-content":"","ast-featured-img":"disabled","footer-sml-layout":"","theme-transparent-header-meta":"","adv-header-id-meta":"","stick-header-meta":"","header-above-stick-meta":"","header-main-stick-meta":"","header-below-stick-meta":"","astra-migrate-meta-layouts":"default","ast-page-background-enabled":"default","ast-page-background-meta":{"desktop":{"background-color":"var(--ast-global-color-4)","background-image":"","background-repeat":"repeat","background-position":"center center","background-size":"auto","background-attachment":"scroll","background-type":"","background-media":"","overlay-type":"","overlay-color":"","overlay-opacity":"","overlay-gradient":""},"tablet":{"background-color":"","background-image":"","background-repeat":"repeat","background-position":"center center","background-size":"auto","background-attachment":"scroll","background-type":"","background-media":"","overlay-type":"","overlay-color":"","overlay-opacity":"","overlay-gradient":""},"mobile":{"background-color":"","background-image":"","background-repeat":"repeat","background-position":"center center","background-size":"auto","background-attachment":"scroll","background-type":"","background-media":"","overlay-type":"","overlay-color":"","overlay-opacity":"","overlay-gradient":""}},"ast-content-background-meta":{"desktop":{"background-color":"var(--ast-global-color-5)","background-image":"","background-repeat":"repeat","background-position":"center center","background-size":"auto","background-attachment":"scroll","background-type":"","background-media":"","overlay-type":"","overlay-color":"","overlay-opacity":"","overlay-gradient":""},"tablet":{"background-color":"var(--ast-global-color-5)","background-image":"","background-repeat":"repeat","background-position":"center center","background-size":"auto","background-attachment":"scroll","background-type":"","background-media":"","overlay-type":"","overlay-color":"","overlay-opacity":"","overlay-gradient":""},"mobile":{"background-color":"var(--ast-global-color-5)","background-image":"","background-repeat":"repeat","background-position":"center center","background-size":"auto","background-attachment":"scroll","background-type":"","background-media":"","overlay-type":"","overlay-color":"","overlay-opacity":"","overlay-gradient":""}},"footnotes":""},"categories":[1060,1066],"tags":[],"class_list":["post-77528","post","type-post","status-publish","format-standard","hentry","category-notes-premsa","category-sense-categoria-ca"],"yoast_head":"<!-- This site is optimized with the Yoast SEO plugin v22.4 - https:\/\/yoast.com\/wordpress\/plugins\/seo\/ -->\n<title>Les farm\u00e0cies catalanes no cobren la factura del gener - Col\u00b7legi de Farmac\u00e8utics de Barcelona<\/title>\n<meta name=\"robots\" content=\"index, follow, max-snippet:-1, max-image-preview:large, max-video-preview:-1\" \/>\n<link rel=\"canonical\" href=\"https:\/\/novaorg.cofb.net\/2014\/03\/05\/les-farmacies-catalanes-no-cobren-la-factura-del-gener\/\" \/>\n<meta property=\"og:locale\" content=\"es_ES\" \/>\n<meta property=\"og:type\" content=\"article\" \/>\n<meta property=\"og:title\" content=\"Les farm\u00e0cies catalanes no cobren la factura del gener - Col\u00b7legi de Farmac\u00e8utics de Barcelona\" \/>\n<meta property=\"og:description\" content=\"\u00a0 L\u2019Administraci\u00f3 els hi hauria de pagar avui els medicaments dispensats durant el primer mes de l\u2019any Barcelona, 5 de mar\u00e7 de 2014.- L\u2019Administraci\u00f3 hauria de pagar avui a les farm\u00e0cies catalanes la factura del mes de gener per\u00f2 no ho far\u00e0. Es tracta de 116,9 milions d\u2019euros que se [&hellip;]\" \/>\n<meta property=\"og:url\" content=\"https:\/\/novaorg.cofb.net\/2014\/03\/05\/les-farmacies-catalanes-no-cobren-la-factura-del-gener\/\" \/>\n<meta property=\"og:site_name\" content=\"Col\u00b7legi de Farmac\u00e8utics de Barcelona\" \/>\n<meta property=\"article:publisher\" content=\"https:\/\/www.facebook.com\/farmaceuticsbcn\/\" \/>\n<meta property=\"article:published_time\" content=\"2014-03-05T19:25:00+00:00\" \/>\n<meta name=\"author\" content=\"wpAdminCofbOrg\" \/>\n<meta name=\"twitter:card\" content=\"summary_large_image\" \/>\n<meta name=\"twitter:creator\" content=\"@farmaceuticsbcn\" \/>\n<meta name=\"twitter:site\" content=\"@farmaceuticsbcn\" \/>\n<meta name=\"twitter:label1\" content=\"Escrito por\" \/>\n\t<meta name=\"twitter:data1\" content=\"wpAdminCofbOrg\" \/>\n\t<meta name=\"twitter:label2\" content=\"Tiempo de lectura\" \/>\n\t<meta name=\"twitter:data2\" content=\"2 minutos\" \/>\n<script type=\"application\/ld+json\" class=\"yoast-schema-graph\">{\"@context\":\"https:\/\/schema.org\",\"@graph\":[{\"@type\":\"Article\",\"@id\":\"https:\/\/novaorg.cofb.net\/2014\/03\/05\/les-farmacies-catalanes-no-cobren-la-factura-del-gener\/#article\",\"isPartOf\":{\"@id\":\"https:\/\/novaorg.cofb.net\/2014\/03\/05\/les-farmacies-catalanes-no-cobren-la-factura-del-gener\/\"},\"author\":{\"name\":\"wpAdminCofbOrg\",\"@id\":\"https:\/\/www.cofb.org\/#\/schema\/person\/22ed7eea88da74b0fa4d3154ad87ffcb\"},\"headline\":\"Les farm\u00e0cies catalanes no cobren la factura del gener\",\"datePublished\":\"2014-03-05T19:25:00+00:00\",\"dateModified\":\"2014-03-05T19:25:00+00:00\",\"mainEntityOfPage\":{\"@id\":\"https:\/\/novaorg.cofb.net\/2014\/03\/05\/les-farmacies-catalanes-no-cobren-la-factura-del-gener\/\"},\"wordCount\":361,\"publisher\":{\"@id\":\"https:\/\/www.cofb.org\/#organization\"},\"articleSection\":[\"Notes de premsa\",\"Sense categoria\"],\"inLanguage\":\"es\"},{\"@type\":\"WebPage\",\"@id\":\"https:\/\/novaorg.cofb.net\/2014\/03\/05\/les-farmacies-catalanes-no-cobren-la-factura-del-gener\/\",\"url\":\"https:\/\/novaorg.cofb.net\/2014\/03\/05\/les-farmacies-catalanes-no-cobren-la-factura-del-gener\/\",\"name\":\"Les farm\u00e0cies catalanes no cobren la factura del gener - Col\u00b7legi de Farmac\u00e8utics de Barcelona\",\"isPartOf\":{\"@id\":\"https:\/\/www.cofb.org\/#website\"},\"datePublished\":\"2014-03-05T19:25:00+00:00\",\"dateModified\":\"2014-03-05T19:25:00+00:00\",\"breadcrumb\":{\"@id\":\"https:\/\/novaorg.cofb.net\/2014\/03\/05\/les-farmacies-catalanes-no-cobren-la-factura-del-gener\/#breadcrumb\"},\"inLanguage\":\"es\",\"potentialAction\":[{\"@type\":\"ReadAction\",\"target\":[\"https:\/\/novaorg.cofb.net\/2014\/03\/05\/les-farmacies-catalanes-no-cobren-la-factura-del-gener\/\"]}]},{\"@type\":\"BreadcrumbList\",\"@id\":\"https:\/\/novaorg.cofb.net\/2014\/03\/05\/les-farmacies-catalanes-no-cobren-la-factura-del-gener\/#breadcrumb\",\"itemListElement\":[{\"@type\":\"ListItem\",\"position\":1,\"name\":\"Inici\",\"item\":\"https:\/\/novaorg.cofb.net\/\"},{\"@type\":\"ListItem\",\"position\":2,\"name\":\"Les farm\u00e0cies catalanes no cobren la factura del gener\"}]},{\"@type\":\"WebSite\",\"@id\":\"https:\/\/www.cofb.org\/#website\",\"url\":\"https:\/\/www.cofb.org\/\",\"name\":\"Col\u00b7legi de Farmac\u00e8utics de Barcelona\",\"description\":\"\",\"publisher\":{\"@id\":\"https:\/\/www.cofb.org\/#organization\"},\"potentialAction\":[{\"@type\":\"SearchAction\",\"target\":{\"@type\":\"EntryPoint\",\"urlTemplate\":\"https:\/\/www.cofb.org\/?s={search_term_string}\"},\"query-input\":\"required name=search_term_string\"}],\"inLanguage\":\"es\"},{\"@type\":\"Organization\",\"@id\":\"https:\/\/www.cofb.org\/#organization\",\"name\":\"Col\u00b7legi de Farmac\u00e8utics de Barcelona\",\"url\":\"https:\/\/www.cofb.org\/\",\"logo\":{\"@type\":\"ImageObject\",\"inLanguage\":\"es\",\"@id\":\"https:\/\/www.cofb.org\/#\/schema\/logo\/image\/\",\"url\":\"https:\/\/www.cofb.org\/wp-content\/uploads\/2023\/11\/cropped-Logotip-COFB.png\",\"contentUrl\":\"https:\/\/www.cofb.org\/wp-content\/uploads\/2023\/11\/cropped-Logotip-COFB.png\",\"width\":500,\"height\":105,\"caption\":\"Col\u00b7legi de Farmac\u00e8utics de Barcelona\"},\"image\":{\"@id\":\"https:\/\/www.cofb.org\/#\/schema\/logo\/image\/\"},\"sameAs\":[\"https:\/\/www.facebook.com\/farmaceuticsbcn\/\",\"https:\/\/twitter.com\/farmaceuticsbcn\",\"https:\/\/www.instagram.com\/farmaceuticsbcn\/\",\"https:\/\/www.linkedin.com\/company\/farmaceuticsbcn\/\"]},{\"@type\":\"Person\",\"@id\":\"https:\/\/www.cofb.org\/#\/schema\/person\/22ed7eea88da74b0fa4d3154ad87ffcb\",\"name\":\"wpAdminCofbOrg\",\"image\":{\"@type\":\"ImageObject\",\"inLanguage\":\"es\",\"@id\":\"https:\/\/www.cofb.org\/#\/schema\/person\/image\/\",\"url\":\"https:\/\/secure.gravatar.com\/avatar\/1721b20b3b8ca882c3b56ec6c978c594fff670e40c0718e9190eaeeb76aae7d8?s=96&d=mm&r=g\",\"contentUrl\":\"https:\/\/secure.gravatar.com\/avatar\/1721b20b3b8ca882c3b56ec6c978c594fff670e40c0718e9190eaeeb76aae7d8?s=96&d=mm&r=g\",\"caption\":\"wpAdminCofbOrg\"},\"sameAs\":[\"http:\/\/192.168.64.122\/wordpress\"],\"url\":\"https:\/\/www.cofb.org\/es\/author\/wpadmincofborg\/\"}]}<\/script>\n<!-- \/ Yoast SEO plugin. -->","yoast_head_json":{"title":"Les farm\u00e0cies catalanes no cobren la factura del gener - Col\u00b7legi de Farmac\u00e8utics de Barcelona","robots":{"index":"index","follow":"follow","max-snippet":"max-snippet:-1","max-image-preview":"max-image-preview:large","max-video-preview":"max-video-preview:-1"},"canonical":"https:\/\/novaorg.cofb.net\/2014\/03\/05\/les-farmacies-catalanes-no-cobren-la-factura-del-gener\/","og_locale":"es_ES","og_type":"article","og_title":"Les farm\u00e0cies catalanes no cobren la factura del gener - Col\u00b7legi de Farmac\u00e8utics de Barcelona","og_description":"\u00a0 L\u2019Administraci\u00f3 els hi hauria de pagar avui els medicaments dispensats durant el primer mes de l\u2019any Barcelona, 5 de mar\u00e7 de 2014.- L\u2019Administraci\u00f3 hauria de pagar avui a les farm\u00e0cies catalanes la factura del mes de gener per\u00f2 no ho far\u00e0. Es tracta de 116,9 milions d\u2019euros que se [&hellip;]","og_url":"https:\/\/novaorg.cofb.net\/2014\/03\/05\/les-farmacies-catalanes-no-cobren-la-factura-del-gener\/","og_site_name":"Col\u00b7legi de Farmac\u00e8utics de Barcelona","article_publisher":"https:\/\/www.facebook.com\/farmaceuticsbcn\/","article_published_time":"2014-03-05T19:25:00+00:00","author":"wpAdminCofbOrg","twitter_card":"summary_large_image","twitter_creator":"@farmaceuticsbcn","twitter_site":"@farmaceuticsbcn","twitter_misc":{"Escrito por":"wpAdminCofbOrg","Tiempo de lectura":"2 minutos"},"schema":{"@context":"https:\/\/schema.org","@graph":[{"@type":"Article","@id":"https:\/\/novaorg.cofb.net\/2014\/03\/05\/les-farmacies-catalanes-no-cobren-la-factura-del-gener\/#article","isPartOf":{"@id":"https:\/\/novaorg.cofb.net\/2014\/03\/05\/les-farmacies-catalanes-no-cobren-la-factura-del-gener\/"},"author":{"name":"wpAdminCofbOrg","@id":"https:\/\/www.cofb.org\/#\/schema\/person\/22ed7eea88da74b0fa4d3154ad87ffcb"},"headline":"Les farm\u00e0cies catalanes no cobren la factura del gener","datePublished":"2014-03-05T19:25:00+00:00","dateModified":"2014-03-05T19:25:00+00:00","mainEntityOfPage":{"@id":"https:\/\/novaorg.cofb.net\/2014\/03\/05\/les-farmacies-catalanes-no-cobren-la-factura-del-gener\/"},"wordCount":361,"publisher":{"@id":"https:\/\/www.cofb.org\/#organization"},"articleSection":["Notes de premsa","Sense categoria"],"inLanguage":"es"},{"@type":"WebPage","@id":"https:\/\/novaorg.cofb.net\/2014\/03\/05\/les-farmacies-catalanes-no-cobren-la-factura-del-gener\/","url":"https:\/\/novaorg.cofb.net\/2014\/03\/05\/les-farmacies-catalanes-no-cobren-la-factura-del-gener\/","name":"Les farm\u00e0cies catalanes no cobren la factura del gener - Col\u00b7legi de Farmac\u00e8utics de Barcelona","isPartOf":{"@id":"https:\/\/www.cofb.org\/#website"},"datePublished":"2014-03-05T19:25:00+00:00","dateModified":"2014-03-05T19:25:00+00:00","breadcrumb":{"@id":"https:\/\/novaorg.cofb.net\/2014\/03\/05\/les-farmacies-catalanes-no-cobren-la-factura-del-gener\/#breadcrumb"},"inLanguage":"es","potentialAction":[{"@type":"ReadAction","target":["https:\/\/novaorg.cofb.net\/2014\/03\/05\/les-farmacies-catalanes-no-cobren-la-factura-del-gener\/"]}]},{"@type":"BreadcrumbList","@id":"https:\/\/novaorg.cofb.net\/2014\/03\/05\/les-farmacies-catalanes-no-cobren-la-factura-del-gener\/#breadcrumb","itemListElement":[{"@type":"ListItem","position":1,"name":"Inici","item":"https:\/\/novaorg.cofb.net\/"},{"@type":"ListItem","position":2,"name":"Les farm\u00e0cies catalanes no cobren la factura del gener"}]},{"@type":"WebSite","@id":"https:\/\/www.cofb.org\/#website","url":"https:\/\/www.cofb.org\/","name":"Col\u00b7legi de Farmac\u00e8utics de Barcelona","description":"","publisher":{"@id":"https:\/\/www.cofb.org\/#organization"},"potentialAction":[{"@type":"SearchAction","target":{"@type":"EntryPoint","urlTemplate":"https:\/\/www.cofb.org\/?s={search_term_string}"},"query-input":"required name=search_term_string"}],"inLanguage":"es"},{"@type":"Organization","@id":"https:\/\/www.cofb.org\/#organization","name":"Col\u00b7legi de Farmac\u00e8utics de Barcelona","url":"https:\/\/www.cofb.org\/","logo":{"@type":"ImageObject","inLanguage":"es","@id":"https:\/\/www.cofb.org\/#\/schema\/logo\/image\/","url":"https:\/\/www.cofb.org\/wp-content\/uploads\/2023\/11\/cropped-Logotip-COFB.png","contentUrl":"https:\/\/www.cofb.org\/wp-content\/uploads\/2023\/11\/cropped-Logotip-COFB.png","width":500,"height":105,"caption":"Col\u00b7legi de Farmac\u00e8utics de Barcelona"},"image":{"@id":"https:\/\/www.cofb.org\/#\/schema\/logo\/image\/"},"sameAs":["https:\/\/www.facebook.com\/farmaceuticsbcn\/","https:\/\/twitter.com\/farmaceuticsbcn","https:\/\/www.instagram.com\/farmaceuticsbcn\/","https:\/\/www.linkedin.com\/company\/farmaceuticsbcn\/"]},{"@type":"Person","@id":"https:\/\/www.cofb.org\/#\/schema\/person\/22ed7eea88da74b0fa4d3154ad87ffcb","name":"wpAdminCofbOrg","image":{"@type":"ImageObject","inLanguage":"es","@id":"https:\/\/www.cofb.org\/#\/schema\/person\/image\/","url":"https:\/\/secure.gravatar.com\/avatar\/1721b20b3b8ca882c3b56ec6c978c594fff670e40c0718e9190eaeeb76aae7d8?s=96&d=mm&r=g","contentUrl":"https:\/\/secure.gravatar.com\/avatar\/1721b20b3b8ca882c3b56ec6c978c594fff670e40c0718e9190eaeeb76aae7d8?s=96&d=mm&r=g","caption":"wpAdminCofbOrg"},"sameAs":["http:\/\/192.168.64.122\/wordpress"],"url":"https:\/\/www.cofb.org\/es\/author\/wpadmincofborg\/"}]}},"uagb_featured_image_src":{"full":false,"thumbnail":false,"medium":false,"medium_large":false,"large":false,"1536x1536":false,"2048x2048":false,"trp-custom-language-flag":false},"uagb_author_info":{"display_name":"wpAdminCofbOrg","author_link":"https:\/\/www.cofb.org\/es\/author\/wpadmincofborg\/"},"uagb_comment_info":0,"uagb_excerpt":"\u00a0 L\u2019Administraci\u00f3 els hi hauria de pagar avui els medicaments dispensats durant el primer mes de l\u2019any Barcelona, 5 de mar\u00e7 de 2014.- L\u2019Administraci\u00f3 hauria de pagar avui a les farm\u00e0cies catalanes la factura del mes de gener per\u00f2 no ho far\u00e0. Es tracta de 116,9 milions d\u2019euros que se [&hellip;]","_links":{"self":[{"href":"https:\/\/www.cofb.org\/es\/wp-json\/wp\/v2\/posts\/77528","targetHints":{"allow":["GET"]}}],"collection":[{"href":"https:\/\/www.cofb.org\/es\/wp-json\/wp\/v2\/posts"}],"about":[{"href":"https:\/\/www.cofb.org\/es\/wp-json\/wp\/v2\/types\/post"}],"author":[{"embeddable":true,"href":"https:\/\/www.cofb.org\/es\/wp-json\/wp\/v2\/users\/1"}],"replies":[{"embeddable":true,"href":"https:\/\/www.cofb.org\/es\/wp-json\/wp\/v2\/comments?post=77528"}],"version-history":[{"count":0,"href":"https:\/\/www.cofb.org\/es\/wp-json\/wp\/v2\/posts\/77528\/revisions"}],"wp:attachment":[{"href":"https:\/\/www.cofb.org\/es\/wp-json\/wp\/v2\/media?parent=77528"}],"wp:term":[{"taxonomy":"category","embeddable":true,"href":"https:\/\/www.cofb.org\/es\/wp-json\/wp\/v2\/categories?post=77528"},{"taxonomy":"post_tag","embeddable":true,"href":"https:\/\/www.cofb.org\/es\/wp-json\/wp\/v2\/tags?post=77528"}],"curies":[{"name":"wp","href":"https:\/\/api.w.org\/{rel}","templated":true}]}}