{"id":77527,"date":"2014-03-07T12:20:00","date_gmt":"2014-03-07T12:20:00","guid":{"rendered":"https:\/\/novaorg.cofb.net\/2014\/03\/07\/una-guia-consensuada-permetra-a-les-farmacies-descartar-lorigen-bacteria-duna-faringoamigdalitis\/"},"modified":"2014-03-07T12:20:00","modified_gmt":"2014-03-07T12:20:00","slug":"una-guia-consensuada-permetra-a-les-farmacies-descartar-lorigen-bacteria-duna-faringoamigdalitis","status":"publish","type":"post","link":"https:\/\/www.cofb.org\/es\/2014\/03\/07\/una-guia-consensuada-permetra-a-les-farmacies-descartar-lorigen-bacteria-duna-faringoamigdalitis\/","title":{"rendered":"Una gu\u00eda consensuada permitir\u00e1 a las farmacias descartar el origen bacteriano de una faringoamigdalitis"},"content":{"rendered":"<p>\u00a0<\/p>\n<ul>\n<li><strong>La actuaci\u00f3n del farmac\u00e9utico permitir\u00e1 contribuir a la racionalizaci\u00f3n del tratamiento<\/strong><\/li>\n<li><strong>El dolor de garganta es uno de los s\u00edntomas m\u00e1s frecuentes de consulta en la farmacia comunitaria y en los centros de atenci\u00f3n primaria <\/strong><\/li>\n<li><strong>El 80% de las veces, su etiolog\u00eda es de origen v\u00edrico y por tanto su tratamiento no requiere la prescripci\u00f3n de un antibi\u00f3tico<\/strong><\/li>\n<\/ul>\n<p>Barcelona, 7 de marzo.- En la l\u00ednea de facilitar la resoluci\u00f3n de las demandas de salud en proximidad, y para aumentar la efectividad y la eficiencia de las actuaciones farmac\u00e9uticas sobre esta patolog\u00eda, se presenta la primera Gu\u00eda de Actuaci\u00f3n Farmac\u00e9utica en dolor de garganta editada por el Consejo de Colegios Farmac\u00e9uticos que ha sido posible gracias a la colaboraci\u00f3n de sociedades cient\u00edficas del \u00e1mbito m\u00e9dico -CAMFiC-, farmac\u00e9utico -SEFAC_Catalunya-, asociaci\u00f3n empresarial -FEFAC- y el amparo del Departamento de Salud.<\/p>\n<p>La actuaci\u00f3n del farmac\u00e9utico que recoge la gu\u00eda se basa en un \u00e1rbol de decisi\u00f3n que contempla el cribado de la infecci\u00f3n por estreptococo beta-hemol\u00edtico en aquellas personas susceptibles de sufrir un origen bacteriano de su cuadro. La Gu\u00eda facilita una indicaci\u00f3n farmac\u00e9utica efectiva y segura para controlar la sintomatolog\u00eda as\u00ed como derivar eficazmente en los servicios m\u00e9dicos a aquellas personas que pueden requerir tratamiento antibi\u00f3tico. <\/p>\n<p>Con la publicaci\u00f3n de este protocolo de actuaci\u00f3n farmac\u00e9utica se quiere aumentar la capacidad de resoluci\u00f3n del farmac\u00e9utico comunitario frente a s\u00edntomas de baja y muy baja complejidad, en el marco estrat\u00e9gico del nuevo modelo de farmacia asistencial que se pretende en Catalu\u00f1a. La acci\u00f3n se enmarca en el escenario de los proyectos del Plan de Salud, con el objetivo de integrar la labor del farmac\u00e9utico comunitario en el continuum asistencial de forma coordinada con los profesionales de los equipos de atenci\u00f3n primaria.<\/p>\n<p>Todos los profesionales farmac\u00e9uticos y las sociedades cient\u00edficas que le han hecho posible esperan que contribuya eficaz y satisfactoriamente a la resoluci\u00f3n de esta patolog\u00eda tan incidente desde los dispositivos asistenciales de proximidad para aumentar la calidad de la respuesta a la ciudadan\u00eda.<\/p>\n<p class=\"MsoNormal\"><strong>Para m\u00e1s informaci\u00f3n: <\/strong><br \/>Consejo de Colegios de Farmac\u00e9uticos de Catalu\u00f1a (CCFC) <br \/>premsa@cofb.net \/ Tels. 93 244 07 28 \/ 18<br \/>\u00a0<\/p>\n<p>\u00a0La actuaci\u00f3n del farmac\u00e9utico permitir\u00e1 contribuir a la racionalizaci\u00f3n del tratamientoEl dolor de garganta es uno de los s\u00edntomas m\u00e1s frecuentes de consulta en la farmacia comunitaria y en los centros de atenci\u00f3n primaria El 80% de las veces, su etiolog\u00eda es de origen v\u00edrico y por tanto su tratamiento no requiere la prescripci\u00f3n de un antibi\u00f3ticoBarcelona, 7 de marzo.- En la l\u00ednea de facilitar la resoluci\u00f3n de las demandas de salud en proximidad, y para aumentar la efectividad y la eficiencia de las actuaciones farmac\u00e9uticas sobre esta patolog\u00eda, se presenta la primera Gu\u00eda de Actuaci\u00f3n Farmac\u00e9utica en dolor de garganta editada por el Consejo de Colegios Farmac\u00e9uticos que ha sido posible gracias a la colaboraci\u00f3n de sociedades cient\u00edficas del \u00e1mbito m\u00e9dico -CAMFiC-, farmac\u00e9utico -SEFAC_Catalunya -, asociaci\u00f3n empresarial -FEFAC- y el amparo del Departamento de Salud. La actuaci\u00f3n del farmac\u00e9utico que recoge la gu\u00eda se basa en un \u00e1rbol de decisi\u00f3n que contempla el cribado de la infecci\u00f3n por estreptococo beta-hemol\u00edtico en aquellas personas susceptibles de sufrir un origen bacteriano de su cuadro. La Gu\u00eda facilita una indicaci\u00f3n farmac\u00e9utica efectiva y segura para controlar la sintomatolog\u00eda as\u00ed como derivar eficazmente en los servicios m\u00e9dicos a aquellas personas que pueden requerir tratamiento antibi\u00f3tico. Con la publicaci\u00f3n de este protocolo de actuaci\u00f3n farmac\u00e9utica se quiere aumentar la capacidad de resoluci\u00f3n del farmac\u00e9utico comunitario frente a s\u00edntomas de baja y muy baja complejidad, en el marco estrat\u00e9gico del nuevo modelo de farmacia asistencial que se pretende en Catalu\u00f1a. La acci\u00f3n se enmarca en el escenario de los proyectos del Plan de Salud, con el objetivo de integrar la labor del farmac\u00e9utico comunitario en el continuo asistencial de forma coordinada con los profesionales de los equipos de atenci\u00f3n primaria. Todos los profesionales farmac\u00e9uticos y las sociedades cient\u00edficas que le han hecho posible esperan que contribuya eficaz y satisfactoriamente a la resoluci\u00f3n de esta patolog\u00eda tan incidente desde los dispositivos asistenciales de proximidad para aumentar la calidad de la respuesta a la ciudadan\u00eda. Consejo de Colegios de Farmac\u00e9uticos de Catalu\u00f1a (CCFC) premsa@cofb.net \/ Tels. 93 244 07 28 \/ 18 COFB.ORG<\/p>","protected":false},"excerpt":{"rendered":"<p>\u00a0 La actuaci\u00f3n del farmac\u00e9utico permitir\u00e1 contribuir a la racionalizaci\u00f3n del tratamiento El dolor de garganta es uno de los s\u00edntomas m\u00e1s frecuentes de consulta en la farmacia comunitaria y en los centros de atenci\u00f3n primaria El 80% de las veces, su etiolog\u00eda es de origen v\u00edrico y por tanto su tratamiento no [\u2026]<\/p>","protected":false},"author":1,"featured_media":0,"comment_status":"","ping_status":"","sticky":false,"template":"","format":"standard","meta":{"_uag_custom_page_level_css":"","site-sidebar-layout":"default","site-content-layout":"","ast-site-content-layout":"default","site-content-style":"default","site-sidebar-style":"default","ast-global-header-display":"","ast-banner-title-visibility":"","ast-main-header-display":"","ast-hfb-above-header-display":"","ast-hfb-below-header-display":"","ast-hfb-mobile-header-display":"","site-post-title":"","ast-breadcrumbs-content":"","ast-featured-img":"disabled","footer-sml-layout":"","theme-transparent-header-meta":"","adv-header-id-meta":"","stick-header-meta":"","header-above-stick-meta":"","header-main-stick-meta":"","header-below-stick-meta":"","astra-migrate-meta-layouts":"default","ast-page-background-enabled":"default","ast-page-background-meta":{"desktop":{"background-color":"var(--ast-global-color-4)","background-image":"","background-repeat":"repeat","background-position":"center center","background-size":"auto","background-attachment":"scroll","background-type":"","background-media":"","overlay-type":"","overlay-color":"","overlay-opacity":"","overlay-gradient":""},"tablet":{"background-color":"","background-image":"","background-repeat":"repeat","background-position":"center center","background-size":"auto","background-attachment":"scroll","background-type":"","background-media":"","overlay-type":"","overlay-color":"","overlay-opacity":"","overlay-gradient":""},"mobile":{"background-color":"","background-image":"","background-repeat":"repeat","background-position":"center center","background-size":"auto","background-attachment":"scroll","background-type":"","background-media":"","overlay-type":"","overlay-color":"","overlay-opacity":"","overlay-gradient":""}},"ast-content-background-meta":{"desktop":{"background-color":"var(--ast-global-color-5)","background-image":"","background-repeat":"repeat","background-position":"center center","background-size":"auto","background-attachment":"scroll","background-type":"","background-media":"","overlay-type":"","overlay-color":"","overlay-opacity":"","overlay-gradient":""},"tablet":{"background-color":"var(--ast-global-color-5)","background-image":"","background-repeat":"repeat","background-position":"center center","background-size":"auto","background-attachment":"scroll","background-type":"","background-media":"","overlay-type":"","overlay-color":"","overlay-opacity":"","overlay-gradient":""},"mobile":{"background-color":"var(--ast-global-color-5)","background-image":"","background-repeat":"repeat","background-position":"center center","background-size":"auto","background-attachment":"scroll","background-type":"","background-media":"","overlay-type":"","overlay-color":"","overlay-opacity":"","overlay-gradient":""}},"footnotes":""},"categories":[1060,1066],"tags":[],"class_list":["post-77527","post","type-post","status-publish","format-standard","hentry","category-notes-premsa","category-sense-categoria-ca"],"yoast_head":"<!-- This site is optimized with the Yoast SEO plugin v22.4 - https:\/\/yoast.com\/wordpress\/plugins\/seo\/ -->\n<title>Una guia consensuada permetr\u00e0 a les farm\u00e0cies descartar l&#039;origen bacteri\u00e0 d&#039;una faringoamigdalitis - Col\u00b7legi de Farmac\u00e8utics de Barcelona<\/title>\n<meta name=\"robots\" content=\"index, follow, max-snippet:-1, max-image-preview:large, max-video-preview:-1\" \/>\n<link rel=\"canonical\" href=\"https:\/\/novaorg.cofb.net\/2014\/03\/07\/una-guia-consensuada-permetra-a-les-farmacies-descartar-lorigen-bacteria-duna-faringoamigdalitis\/\" \/>\n<meta property=\"og:locale\" content=\"es_ES\" \/>\n<meta property=\"og:type\" content=\"article\" \/>\n<meta property=\"og:title\" content=\"Una guia consensuada permetr\u00e0 a les farm\u00e0cies descartar l&#039;origen bacteri\u00e0 d&#039;una faringoamigdalitis - Col\u00b7legi de Farmac\u00e8utics de Barcelona\" \/>\n<meta property=\"og:description\" content=\"\u00a0 L\u2019actuaci\u00f3 del farmac\u00e8utic permetr\u00e0 contribuir a la racionalitzaci\u00f3 del tractament El mal de gola \u00e9s un dels s\u00edmptomes m\u00e9s freq\u00fcents de consulta a la farm\u00e0cia comunit\u00e0ria i als centres d\u2019atenci\u00f3 prim\u00e0ria El 80% de les vegades, la seva etiologia \u00e9s d\u2019origen v\u00edric i per tant el seu tractament no [&hellip;]\" \/>\n<meta property=\"og:url\" content=\"https:\/\/novaorg.cofb.net\/2014\/03\/07\/una-guia-consensuada-permetra-a-les-farmacies-descartar-lorigen-bacteria-duna-faringoamigdalitis\/\" \/>\n<meta property=\"og:site_name\" content=\"Col\u00b7legi de Farmac\u00e8utics de Barcelona\" \/>\n<meta property=\"article:publisher\" content=\"https:\/\/www.facebook.com\/farmaceuticsbcn\/\" \/>\n<meta property=\"article:published_time\" content=\"2014-03-07T12:20:00+00:00\" \/>\n<meta name=\"author\" content=\"wpAdminCofbOrg\" \/>\n<meta name=\"twitter:card\" content=\"summary_large_image\" \/>\n<meta name=\"twitter:creator\" content=\"@farmaceuticsbcn\" \/>\n<meta name=\"twitter:site\" content=\"@farmaceuticsbcn\" \/>\n<meta name=\"twitter:label1\" content=\"Escrito por\" \/>\n\t<meta name=\"twitter:data1\" content=\"wpAdminCofbOrg\" \/>\n\t<meta name=\"twitter:label2\" content=\"Tiempo de lectura\" \/>\n\t<meta name=\"twitter:data2\" content=\"4 minutos\" \/>\n<script type=\"application\/ld+json\" class=\"yoast-schema-graph\">{\"@context\":\"https:\/\/schema.org\",\"@graph\":[{\"@type\":\"Article\",\"@id\":\"https:\/\/novaorg.cofb.net\/2014\/03\/07\/una-guia-consensuada-permetra-a-les-farmacies-descartar-lorigen-bacteria-duna-faringoamigdalitis\/#article\",\"isPartOf\":{\"@id\":\"https:\/\/novaorg.cofb.net\/2014\/03\/07\/una-guia-consensuada-permetra-a-les-farmacies-descartar-lorigen-bacteria-duna-faringoamigdalitis\/\"},\"author\":{\"name\":\"wpAdminCofbOrg\",\"@id\":\"https:\/\/www.cofb.org\/#\/schema\/person\/22ed7eea88da74b0fa4d3154ad87ffcb\"},\"headline\":\"Una guia consensuada permetr\u00e0 a les farm\u00e0cies descartar l&#8217;origen bacteri\u00e0 d&#8217;una faringoamigdalitis\",\"datePublished\":\"2014-03-07T12:20:00+00:00\",\"dateModified\":\"2014-03-07T12:20:00+00:00\",\"mainEntityOfPage\":{\"@id\":\"https:\/\/novaorg.cofb.net\/2014\/03\/07\/una-guia-consensuada-permetra-a-les-farmacies-descartar-lorigen-bacteria-duna-faringoamigdalitis\/\"},\"wordCount\":791,\"publisher\":{\"@id\":\"https:\/\/www.cofb.org\/#organization\"},\"articleSection\":[\"Notes de premsa\",\"Sense categoria\"],\"inLanguage\":\"es\"},{\"@type\":\"WebPage\",\"@id\":\"https:\/\/novaorg.cofb.net\/2014\/03\/07\/una-guia-consensuada-permetra-a-les-farmacies-descartar-lorigen-bacteria-duna-faringoamigdalitis\/\",\"url\":\"https:\/\/novaorg.cofb.net\/2014\/03\/07\/una-guia-consensuada-permetra-a-les-farmacies-descartar-lorigen-bacteria-duna-faringoamigdalitis\/\",\"name\":\"Una guia consensuada permetr\u00e0 a les farm\u00e0cies descartar l'origen bacteri\u00e0 d'una faringoamigdalitis - Col\u00b7legi de Farmac\u00e8utics de Barcelona\",\"isPartOf\":{\"@id\":\"https:\/\/www.cofb.org\/#website\"},\"datePublished\":\"2014-03-07T12:20:00+00:00\",\"dateModified\":\"2014-03-07T12:20:00+00:00\",\"breadcrumb\":{\"@id\":\"https:\/\/novaorg.cofb.net\/2014\/03\/07\/una-guia-consensuada-permetra-a-les-farmacies-descartar-lorigen-bacteria-duna-faringoamigdalitis\/#breadcrumb\"},\"inLanguage\":\"es\",\"potentialAction\":[{\"@type\":\"ReadAction\",\"target\":[\"https:\/\/novaorg.cofb.net\/2014\/03\/07\/una-guia-consensuada-permetra-a-les-farmacies-descartar-lorigen-bacteria-duna-faringoamigdalitis\/\"]}]},{\"@type\":\"BreadcrumbList\",\"@id\":\"https:\/\/novaorg.cofb.net\/2014\/03\/07\/una-guia-consensuada-permetra-a-les-farmacies-descartar-lorigen-bacteria-duna-faringoamigdalitis\/#breadcrumb\",\"itemListElement\":[{\"@type\":\"ListItem\",\"position\":1,\"name\":\"Inici\",\"item\":\"https:\/\/novaorg.cofb.net\/\"},{\"@type\":\"ListItem\",\"position\":2,\"name\":\"Una guia consensuada permetr\u00e0 a les farm\u00e0cies descartar l&#8217;origen bacteri\u00e0 d&#8217;una faringoamigdalitis\"}]},{\"@type\":\"WebSite\",\"@id\":\"https:\/\/www.cofb.org\/#website\",\"url\":\"https:\/\/www.cofb.org\/\",\"name\":\"Col\u00b7legi de Farmac\u00e8utics de Barcelona\",\"description\":\"\",\"publisher\":{\"@id\":\"https:\/\/www.cofb.org\/#organization\"},\"potentialAction\":[{\"@type\":\"SearchAction\",\"target\":{\"@type\":\"EntryPoint\",\"urlTemplate\":\"https:\/\/www.cofb.org\/?s={search_term_string}\"},\"query-input\":\"required name=search_term_string\"}],\"inLanguage\":\"es\"},{\"@type\":\"Organization\",\"@id\":\"https:\/\/www.cofb.org\/#organization\",\"name\":\"Col\u00b7legi de Farmac\u00e8utics de Barcelona\",\"url\":\"https:\/\/www.cofb.org\/\",\"logo\":{\"@type\":\"ImageObject\",\"inLanguage\":\"es\",\"@id\":\"https:\/\/www.cofb.org\/#\/schema\/logo\/image\/\",\"url\":\"https:\/\/www.cofb.org\/wp-content\/uploads\/2023\/11\/cropped-Logotip-COFB.png\",\"contentUrl\":\"https:\/\/www.cofb.org\/wp-content\/uploads\/2023\/11\/cropped-Logotip-COFB.png\",\"width\":500,\"height\":105,\"caption\":\"Col\u00b7legi de Farmac\u00e8utics de Barcelona\"},\"image\":{\"@id\":\"https:\/\/www.cofb.org\/#\/schema\/logo\/image\/\"},\"sameAs\":[\"https:\/\/www.facebook.com\/farmaceuticsbcn\/\",\"https:\/\/twitter.com\/farmaceuticsbcn\",\"https:\/\/www.instagram.com\/farmaceuticsbcn\/\",\"https:\/\/www.linkedin.com\/company\/farmaceuticsbcn\/\"]},{\"@type\":\"Person\",\"@id\":\"https:\/\/www.cofb.org\/#\/schema\/person\/22ed7eea88da74b0fa4d3154ad87ffcb\",\"name\":\"wpAdminCofbOrg\",\"image\":{\"@type\":\"ImageObject\",\"inLanguage\":\"es\",\"@id\":\"https:\/\/www.cofb.org\/#\/schema\/person\/image\/\",\"url\":\"https:\/\/secure.gravatar.com\/avatar\/1721b20b3b8ca882c3b56ec6c978c594fff670e40c0718e9190eaeeb76aae7d8?s=96&d=mm&r=g\",\"contentUrl\":\"https:\/\/secure.gravatar.com\/avatar\/1721b20b3b8ca882c3b56ec6c978c594fff670e40c0718e9190eaeeb76aae7d8?s=96&d=mm&r=g\",\"caption\":\"wpAdminCofbOrg\"},\"sameAs\":[\"http:\/\/192.168.64.122\/wordpress\"],\"url\":\"https:\/\/www.cofb.org\/es\/author\/wpadmincofborg\/\"}]}<\/script>\n<!-- \/ Yoast SEO plugin. -->","yoast_head_json":{"title":"Una guia consensuada permetr\u00e0 a les farm\u00e0cies descartar l'origen bacteri\u00e0 d'una faringoamigdalitis - Col\u00b7legi de Farmac\u00e8utics de Barcelona","robots":{"index":"index","follow":"follow","max-snippet":"max-snippet:-1","max-image-preview":"max-image-preview:large","max-video-preview":"max-video-preview:-1"},"canonical":"https:\/\/novaorg.cofb.net\/2014\/03\/07\/una-guia-consensuada-permetra-a-les-farmacies-descartar-lorigen-bacteria-duna-faringoamigdalitis\/","og_locale":"es_ES","og_type":"article","og_title":"Una guia consensuada permetr\u00e0 a les farm\u00e0cies descartar l'origen bacteri\u00e0 d'una faringoamigdalitis - Col\u00b7legi de Farmac\u00e8utics de Barcelona","og_description":"\u00a0 L\u2019actuaci\u00f3 del farmac\u00e8utic permetr\u00e0 contribuir a la racionalitzaci\u00f3 del tractament El mal de gola \u00e9s un dels s\u00edmptomes m\u00e9s freq\u00fcents de consulta a la farm\u00e0cia comunit\u00e0ria i als centres d\u2019atenci\u00f3 prim\u00e0ria El 80% de les vegades, la seva etiologia \u00e9s d\u2019origen v\u00edric i per tant el seu tractament no [&hellip;]","og_url":"https:\/\/novaorg.cofb.net\/2014\/03\/07\/una-guia-consensuada-permetra-a-les-farmacies-descartar-lorigen-bacteria-duna-faringoamigdalitis\/","og_site_name":"Col\u00b7legi de Farmac\u00e8utics de Barcelona","article_publisher":"https:\/\/www.facebook.com\/farmaceuticsbcn\/","article_published_time":"2014-03-07T12:20:00+00:00","author":"wpAdminCofbOrg","twitter_card":"summary_large_image","twitter_creator":"@farmaceuticsbcn","twitter_site":"@farmaceuticsbcn","twitter_misc":{"Escrito por":"wpAdminCofbOrg","Tiempo de lectura":"4 minutos"},"schema":{"@context":"https:\/\/schema.org","@graph":[{"@type":"Article","@id":"https:\/\/novaorg.cofb.net\/2014\/03\/07\/una-guia-consensuada-permetra-a-les-farmacies-descartar-lorigen-bacteria-duna-faringoamigdalitis\/#article","isPartOf":{"@id":"https:\/\/novaorg.cofb.net\/2014\/03\/07\/una-guia-consensuada-permetra-a-les-farmacies-descartar-lorigen-bacteria-duna-faringoamigdalitis\/"},"author":{"name":"wpAdminCofbOrg","@id":"https:\/\/www.cofb.org\/#\/schema\/person\/22ed7eea88da74b0fa4d3154ad87ffcb"},"headline":"Una guia consensuada permetr\u00e0 a les farm\u00e0cies descartar l&#8217;origen bacteri\u00e0 d&#8217;una faringoamigdalitis","datePublished":"2014-03-07T12:20:00+00:00","dateModified":"2014-03-07T12:20:00+00:00","mainEntityOfPage":{"@id":"https:\/\/novaorg.cofb.net\/2014\/03\/07\/una-guia-consensuada-permetra-a-les-farmacies-descartar-lorigen-bacteria-duna-faringoamigdalitis\/"},"wordCount":791,"publisher":{"@id":"https:\/\/www.cofb.org\/#organization"},"articleSection":["Notes de premsa","Sense categoria"],"inLanguage":"es"},{"@type":"WebPage","@id":"https:\/\/novaorg.cofb.net\/2014\/03\/07\/una-guia-consensuada-permetra-a-les-farmacies-descartar-lorigen-bacteria-duna-faringoamigdalitis\/","url":"https:\/\/novaorg.cofb.net\/2014\/03\/07\/una-guia-consensuada-permetra-a-les-farmacies-descartar-lorigen-bacteria-duna-faringoamigdalitis\/","name":"Una guia consensuada permetr\u00e0 a les farm\u00e0cies descartar l'origen bacteri\u00e0 d'una faringoamigdalitis - Col\u00b7legi de Farmac\u00e8utics de Barcelona","isPartOf":{"@id":"https:\/\/www.cofb.org\/#website"},"datePublished":"2014-03-07T12:20:00+00:00","dateModified":"2014-03-07T12:20:00+00:00","breadcrumb":{"@id":"https:\/\/novaorg.cofb.net\/2014\/03\/07\/una-guia-consensuada-permetra-a-les-farmacies-descartar-lorigen-bacteria-duna-faringoamigdalitis\/#breadcrumb"},"inLanguage":"es","potentialAction":[{"@type":"ReadAction","target":["https:\/\/novaorg.cofb.net\/2014\/03\/07\/una-guia-consensuada-permetra-a-les-farmacies-descartar-lorigen-bacteria-duna-faringoamigdalitis\/"]}]},{"@type":"BreadcrumbList","@id":"https:\/\/novaorg.cofb.net\/2014\/03\/07\/una-guia-consensuada-permetra-a-les-farmacies-descartar-lorigen-bacteria-duna-faringoamigdalitis\/#breadcrumb","itemListElement":[{"@type":"ListItem","position":1,"name":"Inici","item":"https:\/\/novaorg.cofb.net\/"},{"@type":"ListItem","position":2,"name":"Una guia consensuada permetr\u00e0 a les farm\u00e0cies descartar l&#8217;origen bacteri\u00e0 d&#8217;una faringoamigdalitis"}]},{"@type":"WebSite","@id":"https:\/\/www.cofb.org\/#website","url":"https:\/\/www.cofb.org\/","name":"Col\u00b7legi de Farmac\u00e8utics de Barcelona","description":"","publisher":{"@id":"https:\/\/www.cofb.org\/#organization"},"potentialAction":[{"@type":"SearchAction","target":{"@type":"EntryPoint","urlTemplate":"https:\/\/www.cofb.org\/?s={search_term_string}"},"query-input":"required name=search_term_string"}],"inLanguage":"es"},{"@type":"Organization","@id":"https:\/\/www.cofb.org\/#organization","name":"Col\u00b7legi de Farmac\u00e8utics de Barcelona","url":"https:\/\/www.cofb.org\/","logo":{"@type":"ImageObject","inLanguage":"es","@id":"https:\/\/www.cofb.org\/#\/schema\/logo\/image\/","url":"https:\/\/www.cofb.org\/wp-content\/uploads\/2023\/11\/cropped-Logotip-COFB.png","contentUrl":"https:\/\/www.cofb.org\/wp-content\/uploads\/2023\/11\/cropped-Logotip-COFB.png","width":500,"height":105,"caption":"Col\u00b7legi de Farmac\u00e8utics de Barcelona"},"image":{"@id":"https:\/\/www.cofb.org\/#\/schema\/logo\/image\/"},"sameAs":["https:\/\/www.facebook.com\/farmaceuticsbcn\/","https:\/\/twitter.com\/farmaceuticsbcn","https:\/\/www.instagram.com\/farmaceuticsbcn\/","https:\/\/www.linkedin.com\/company\/farmaceuticsbcn\/"]},{"@type":"Person","@id":"https:\/\/www.cofb.org\/#\/schema\/person\/22ed7eea88da74b0fa4d3154ad87ffcb","name":"wpAdminCofbOrg","image":{"@type":"ImageObject","inLanguage":"es","@id":"https:\/\/www.cofb.org\/#\/schema\/person\/image\/","url":"https:\/\/secure.gravatar.com\/avatar\/1721b20b3b8ca882c3b56ec6c978c594fff670e40c0718e9190eaeeb76aae7d8?s=96&d=mm&r=g","contentUrl":"https:\/\/secure.gravatar.com\/avatar\/1721b20b3b8ca882c3b56ec6c978c594fff670e40c0718e9190eaeeb76aae7d8?s=96&d=mm&r=g","caption":"wpAdminCofbOrg"},"sameAs":["http:\/\/192.168.64.122\/wordpress"],"url":"https:\/\/www.cofb.org\/es\/author\/wpadmincofborg\/"}]}},"uagb_featured_image_src":{"full":false,"thumbnail":false,"medium":false,"medium_large":false,"large":false,"1536x1536":false,"2048x2048":false,"trp-custom-language-flag":false},"uagb_author_info":{"display_name":"wpAdminCofbOrg","author_link":"https:\/\/www.cofb.org\/es\/author\/wpadmincofborg\/"},"uagb_comment_info":0,"uagb_excerpt":"\u00a0 L\u2019actuaci\u00f3 del farmac\u00e8utic permetr\u00e0 contribuir a la racionalitzaci\u00f3 del tractament El mal de gola \u00e9s un dels s\u00edmptomes m\u00e9s freq\u00fcents de consulta a la farm\u00e0cia comunit\u00e0ria i als centres d\u2019atenci\u00f3 prim\u00e0ria El 80% de les vegades, la seva etiologia \u00e9s d\u2019origen v\u00edric i per tant el seu tractament no [&hellip;]","_links":{"self":[{"href":"https:\/\/www.cofb.org\/es\/wp-json\/wp\/v2\/posts\/77527","targetHints":{"allow":["GET"]}}],"collection":[{"href":"https:\/\/www.cofb.org\/es\/wp-json\/wp\/v2\/posts"}],"about":[{"href":"https:\/\/www.cofb.org\/es\/wp-json\/wp\/v2\/types\/post"}],"author":[{"embeddable":true,"href":"https:\/\/www.cofb.org\/es\/wp-json\/wp\/v2\/users\/1"}],"replies":[{"embeddable":true,"href":"https:\/\/www.cofb.org\/es\/wp-json\/wp\/v2\/comments?post=77527"}],"version-history":[{"count":0,"href":"https:\/\/www.cofb.org\/es\/wp-json\/wp\/v2\/posts\/77527\/revisions"}],"wp:attachment":[{"href":"https:\/\/www.cofb.org\/es\/wp-json\/wp\/v2\/media?parent=77527"}],"wp:term":[{"taxonomy":"category","embeddable":true,"href":"https:\/\/www.cofb.org\/es\/wp-json\/wp\/v2\/categories?post=77527"},{"taxonomy":"post_tag","embeddable":true,"href":"https:\/\/www.cofb.org\/es\/wp-json\/wp\/v2\/tags?post=77527"}],"curies":[{"name":"wp","href":"https:\/\/api.w.org\/{rel}","templated":true}]}}