{"id":77524,"date":"2014-04-04T15:44:00","date_gmt":"2014-04-04T15:44:00","guid":{"rendered":"https:\/\/novaorg.cofb.net\/2014\/04\/04\/mes-de-10-000-farmaceutics-escullen-agora-per-formar-se-al-2013\/"},"modified":"2014-04-04T15:44:00","modified_gmt":"2014-04-04T15:44:00","slug":"mes-de-10-000-farmaceutics-escullen-agora-per-formar-se-al-2013","status":"publish","type":"post","link":"https:\/\/www.cofb.org\/es\/2014\/04\/04\/mes-de-10-000-farmaceutics-escullen-agora-per-formar-se-al-2013\/","title":{"rendered":"M\u00e1s de 10.000 farmac\u00e9uticos eligen \u00c1gora para formarse en 2013"},"content":{"rendered":"<p>\u00a0<\/p>\n<p><strong>La plataforma de formaci\u00f3n virtual de los COF de Madrid y Barcelona duplica el n\u00famero de participantes de 2012<\/strong><\/p>\n<p><strong>Los 12 talleres formativos impartidos en \u201cAula \u00c1gora\u201d de Infarma Madrid 2014 reunieron a 246 farmac\u00e9uticos<\/strong><\/p>\n<p>Madrid, 4 de abril. La plataforma de formaci\u00f3n virtual \u00c0gora ha protagonizado en 2013 un salto cuantitativo y cualitativo en su oferta formativa que ha permitido duplicar el n\u00famero de alumnos en 2013. En total, 10.829 profesionales participaron en los cursos programados durante el pasado a\u00f1o, frente a de los 4.759 alumnos registrados en 2012 o los 2.065 contabilizados en 2010, fecha en la que se lanz\u00f3 esta herramienta formativa creada conjuntamente por los Colegios Oficiales de Farmac\u00e9uticos de Madrid y Barcelona. Desde entonces, 18.831 alumnos se han formado gracias a \u00c1gora.<br \/>El perfil de los profesionales inscritos es amplio: desde ejercientes en farmacia comunitaria, industria, hospital, salud p\u00fablica o atenci\u00f3n primaria, hasta t\u00e9cnicos y auxiliares de oficina de farmacia, as\u00ed como otros profesionales sanitarios. <br \/>El \u00edndice de participaci\u00f3n activa y aprovechamiento de los cursos se aproxima al cien por cien de los alumnos, reflejando la calidad de la formaci\u00f3n impartida y la flexibilidad del formato en Internet, que permite a los profesionales aprovechar al m\u00e1ximo el tiempo invertido.<br \/>La valoraci\u00f3n de la metodolog\u00eda, materiales did\u00e1cticos, contenidos, actividades pr\u00e1cticas o tutor\u00edas supera en todos los casos los 3,5 puntos dentro de una escala de cuatro. Entre los comentarios recogidos, los alumnos destacan el soporte de los tutores, el enfoque pr\u00e1ctico de los cursos, la facilidad de uso de las herramientas de formaci\u00f3n o los resultados obtenidos a la hora de ofrecer soluciones a los pacientes y mejorar la pr\u00e1ctica profesional.<\/p>\n<p><strong>\u201cAula \u00c1gora\u201d en Infarma Madrid 2014<\/strong><\/p>\n<p>\u00c1gora estuvo presente en el pasado Infarma Madrid 2014 con una iniciativa formativa que despert\u00f3 un gran inter\u00e9s y participaci\u00f3n entre los farmac\u00e9uticos. Los 12 talleres formativos, de 30 minutos de duraci\u00f3n, organizados en el \u201cAula \u00c1gora\u201d del Congreso contaron con la participaci\u00f3n de 246 alumnos. Los talleres &quot;C\u00f3mo captar y fidelizar clientes a trav\u00e9s de la dermofarmacia&quot;, &quot;Mejora tu labor asistencial en el uso de inhaladores&quot;, &quot;Dise\u00f1ar el lineal para maximizar las ventas&quot; y &quot;Homeopat\u00eda en el paciente pedi\u00e1trico&quot; fueron los m\u00e1s seguidos durante los tres d\u00edas de duraci\u00f3n de Infarma.<\/p>\n<p>Desde \u00c0gora se quiere agradecer el esfuerzo y la confianza depositada por los profesionales farmac\u00e9uticos y sanitarios en los cursos organizados por la plataforma y anima a seguir apostando por la formaci\u00f3n continuada como principal herramienta de futuro para avanzar en el terreno profesional y contribuir a mejorar la atenci\u00f3n al paciente.<\/p>\n<p><strong>Nuevos cursos a partir de abril: <\/strong><\/p>\n<ul>\n<li>C\u00f3mo potenciar la dermofarmacia a trav\u00e9s del cuidado de la piel sana<\/li>\n<li>Gesti\u00f3n de oficina de farmacia: Marketing<\/li>\n<li>Iniciaci\u00f3n pr\u00e1ctica a la homeopat\u00eda<\/li>\n<\/ul>\n<p>Nuevas p\u00edldoras formativas gratuitas para colegiados a partir de septiembre:<\/p>\n<ul>\n<li>Fragilidad capilar<\/li>\n<li>Dismenorrea<\/li>\n<li>Cistitis<\/li>\n<li>S\u00edndrome premenstrual un desconocido habitual<\/li>\n<\/ul>\n<p>M\u00e1s informaci\u00f3n en: <a href=\"http:\/\/www.agorasanitaria.com\/web\/guest\" target=\"_blank\" rel=\"noopener\">http:\/\/www.agorasanitaria.com\/<\/a><\/p>\n<p>\u00a0La plataforma de formaci\u00f3n virtual de los COF de Madrid y Barcelona duplica el n\u00famero de participantes de 2012Los 12 talleres formativos impartidos en \u201cAula \u00c1gora\u201d de Infarma Madrid 2014 reunieron a 246 farmac\u00e9uticos Madrid, 4 de abril. La plataforma de formaci\u00f3n virtual \u00c0gora ha protagonizado en 2013 un salto cuantitativo y cualitativo en su oferta formativa que ha permitido duplicar el n\u00famero de alumnos en 2013. En total, 10.829 profesionales participaron en los cursos programados durante el pasado a\u00f1o, frente a de los 4.759 alumnos registrados en 2012 o los 2.065 contabilizados en 2010, fecha en la que se lanz\u00f3 esta herramienta formativa creada conjuntamente por los Colegios Oficiales de Farmac\u00e9uticos de Madrid y Barcelona. Desde entonces, 18.831 alumnos se han formado gracias a \u00c1gora. El perfil de los profesionales inscritos es amplio: desde ejercientes en farmacia comunitaria, industria, hospital, salud p\u00fablica o atenci\u00f3n primaria, hasta t\u00e9cnicos y auxiliares de oficina de farmacia , as\u00ed como otros profesionales sanitarios. El \u00edndice de participaci\u00f3n activa y aprovechamiento de los cursos se aproxima al cien por cien de los alumnos, lo que refleja la calidad de la formaci\u00f3n impartida y la flexibilidad del formato en Internet, que permite a los profesionales aprovechar al m\u00e1ximo el tiempo invertido. valoraci\u00f3n de la metodolog\u00eda, materiales did\u00e1cticos, contenidos, actividades pr\u00e1cticas o tutor\u00edas supera en todos los casos los 3,5 puntos dentro de una escala de cuatro. Entre los comentarios recogidos, los alumnos destacan el soporte de los tutores, el enfoque pr\u00e1ctico de los cursos, la facilidad de uso de las herramientas de formaci\u00f3n o los resultados obtenidos a la hora de ofrecer soluciones a los pacientes y mejorar la pr\u00e1ctica profesional. \u201cAula \u00c1gora\u201d en Infarma Madrid 2014\u00c0gora estuvo presente en el pasado Infarma Madrid 2014 con una iniciativa formativa que despert\u00f3 un gran inter\u00e9s y participaci\u00f3n entre los farmac\u00e9uticos. Los 12 talleres formativos, de 30 minutos de duraci\u00f3n, organizados en el \u201cAula \u00c1gora\u201d del Congreso contaron con la participaci\u00f3n de 246 alumnos. Los talleres &quot;C\u00f3mo captar y fidelizar clientes a trav\u00e9s de la dermofarmacia&quot;, &quot;Mejora tu labor asistencial en el uso de inhaladores&quot;, &quot;Dise\u00f1ar el lineal para maximizar las ventas&quot; y &quot;Homeopat\u00eda en el paciente pedi\u00e1trico&quot; fueron los m\u00e1s seguidos durante los tres d\u00edas de duraci\u00f3n de Infarma.Desde \u00c1gora se quiere agradecer el esfuerzo y la confianza depositada por los profesionales farmac\u00e9uticos y sanitarios en los cursos organizados por la plataforma y anima a seguir apostando por la formaci\u00f3n continuada como principal herramienta de futuro para avanzar en el terreno profesional y contribuir a mejorar la atenci\u00f3n al paciente. Nuevos cursos a partir de abril: C\u00f3mo potenciar la dermofarmacia a trav\u00e9s del cuidado de la piel sanaGesti\u00f3n de oficina de farmacia: MarketingIniciaci\u00f3n pr\u00e1ctica en la &#039;homeopat\u00edaNuevas p\u00edldoras formativas gratuitas para colegiados a partir de septiembre:Fragilidad capilarDismenorreaCistitisS\u00edndrome premenstrual un desconocido habitualM\u00e1s informaci\u00f3n en: http:\/\/www.agorasanitaria.com\/ COFB.ORG<\/p>","protected":false},"excerpt":{"rendered":"<p>\u00a0 La plataforma de formaci\u00f3n virtual de los COF de Madrid y Barcelona duplica el n\u00famero de participantes de 2012 Los 12 talleres formativos impartidos en \u201cAula \u00c1gora\u201d de Infarma Madrid 2014 reunieron a 246 farmac\u00e9uticos Madrid, 4 de abril. La plataforma de formaci\u00f3n virtual \u00c0gora ha protagonizado en 2013 un salto [\u2026]<\/p>","protected":false},"author":1,"featured_media":0,"comment_status":"","ping_status":"","sticky":false,"template":"","format":"standard","meta":{"_uag_custom_page_level_css":"","site-sidebar-layout":"default","site-content-layout":"","ast-site-content-layout":"default","site-content-style":"default","site-sidebar-style":"default","ast-global-header-display":"","ast-banner-title-visibility":"","ast-main-header-display":"","ast-hfb-above-header-display":"","ast-hfb-below-header-display":"","ast-hfb-mobile-header-display":"","site-post-title":"","ast-breadcrumbs-content":"","ast-featured-img":"disabled","footer-sml-layout":"","theme-transparent-header-meta":"","adv-header-id-meta":"","stick-header-meta":"","header-above-stick-meta":"","header-main-stick-meta":"","header-below-stick-meta":"","astra-migrate-meta-layouts":"default","ast-page-background-enabled":"default","ast-page-background-meta":{"desktop":{"background-color":"var(--ast-global-color-4)","background-image":"","background-repeat":"repeat","background-position":"center center","background-size":"auto","background-attachment":"scroll","background-type":"","background-media":"","overlay-type":"","overlay-color":"","overlay-opacity":"","overlay-gradient":""},"tablet":{"background-color":"","background-image":"","background-repeat":"repeat","background-position":"center center","background-size":"auto","background-attachment":"scroll","background-type":"","background-media":"","overlay-type":"","overlay-color":"","overlay-opacity":"","overlay-gradient":""},"mobile":{"background-color":"","background-image":"","background-repeat":"repeat","background-position":"center center","background-size":"auto","background-attachment":"scroll","background-type":"","background-media":"","overlay-type":"","overlay-color":"","overlay-opacity":"","overlay-gradient":""}},"ast-content-background-meta":{"desktop":{"background-color":"var(--ast-global-color-5)","background-image":"","background-repeat":"repeat","background-position":"center center","background-size":"auto","background-attachment":"scroll","background-type":"","background-media":"","overlay-type":"","overlay-color":"","overlay-opacity":"","overlay-gradient":""},"tablet":{"background-color":"var(--ast-global-color-5)","background-image":"","background-repeat":"repeat","background-position":"center center","background-size":"auto","background-attachment":"scroll","background-type":"","background-media":"","overlay-type":"","overlay-color":"","overlay-opacity":"","overlay-gradient":""},"mobile":{"background-color":"var(--ast-global-color-5)","background-image":"","background-repeat":"repeat","background-position":"center center","background-size":"auto","background-attachment":"scroll","background-type":"","background-media":"","overlay-type":"","overlay-color":"","overlay-opacity":"","overlay-gradient":""}},"footnotes":""},"categories":[1060,1066],"tags":[],"class_list":["post-77524","post","type-post","status-publish","format-standard","hentry","category-notes-premsa","category-sense-categoria-ca"],"yoast_head":"<!-- This site is optimized with the Yoast SEO plugin v22.4 - https:\/\/yoast.com\/wordpress\/plugins\/seo\/ -->\n<title>M\u00e9s de 10.000 farmac\u00e8utics escullen \u00c0gora per formar-se al 2013 - Col\u00b7legi de Farmac\u00e8utics de Barcelona<\/title>\n<meta name=\"robots\" content=\"index, follow, max-snippet:-1, max-image-preview:large, max-video-preview:-1\" \/>\n<link rel=\"canonical\" href=\"https:\/\/novaorg.cofb.net\/2014\/04\/04\/mes-de-10-000-farmaceutics-escullen-agora-per-formar-se-al-2013\/\" \/>\n<meta property=\"og:locale\" content=\"es_ES\" \/>\n<meta property=\"og:type\" content=\"article\" \/>\n<meta property=\"og:title\" content=\"M\u00e9s de 10.000 farmac\u00e8utics escullen \u00c0gora per formar-se al 2013 - Col\u00b7legi de Farmac\u00e8utics de Barcelona\" \/>\n<meta property=\"og:description\" content=\"\u00a0 La plataforma de formaci\u00f3 virtual dels COF de Madrid i Barcelona duplica el n\u00famero de participants del 2012 Els 12 tallers formatius impartits a \u201cAula \u00c0gora\u201d d\u2019Infarma Madrid 2014 van reunir a 246 farmac\u00e8utics Madrid, 4 d&#8217;abril. La plataforma de formaci\u00f3 virtual \u00c0gora ha protagonitzat al 2013 un salt [&hellip;]\" \/>\n<meta property=\"og:url\" content=\"https:\/\/novaorg.cofb.net\/2014\/04\/04\/mes-de-10-000-farmaceutics-escullen-agora-per-formar-se-al-2013\/\" \/>\n<meta property=\"og:site_name\" content=\"Col\u00b7legi de Farmac\u00e8utics de Barcelona\" \/>\n<meta property=\"article:publisher\" content=\"https:\/\/www.facebook.com\/farmaceuticsbcn\/\" \/>\n<meta property=\"article:published_time\" content=\"2014-04-04T15:44:00+00:00\" \/>\n<meta name=\"author\" content=\"wpAdminCofbOrg\" \/>\n<meta name=\"twitter:card\" content=\"summary_large_image\" \/>\n<meta name=\"twitter:creator\" content=\"@farmaceuticsbcn\" \/>\n<meta name=\"twitter:site\" content=\"@farmaceuticsbcn\" \/>\n<meta name=\"twitter:label1\" content=\"Escrito por\" \/>\n\t<meta name=\"twitter:data1\" content=\"wpAdminCofbOrg\" \/>\n\t<meta name=\"twitter:label2\" content=\"Tiempo de lectura\" \/>\n\t<meta name=\"twitter:data2\" content=\"5 minutos\" \/>\n<script type=\"application\/ld+json\" class=\"yoast-schema-graph\">{\"@context\":\"https:\/\/schema.org\",\"@graph\":[{\"@type\":\"Article\",\"@id\":\"https:\/\/novaorg.cofb.net\/2014\/04\/04\/mes-de-10-000-farmaceutics-escullen-agora-per-formar-se-al-2013\/#article\",\"isPartOf\":{\"@id\":\"https:\/\/novaorg.cofb.net\/2014\/04\/04\/mes-de-10-000-farmaceutics-escullen-agora-per-formar-se-al-2013\/\"},\"author\":{\"name\":\"wpAdminCofbOrg\",\"@id\":\"https:\/\/www.cofb.org\/#\/schema\/person\/22ed7eea88da74b0fa4d3154ad87ffcb\"},\"headline\":\"M\u00e9s de 10.000 farmac\u00e8utics escullen \u00c0gora per formar-se al 2013\",\"datePublished\":\"2014-04-04T15:44:00+00:00\",\"dateModified\":\"2014-04-04T15:44:00+00:00\",\"mainEntityOfPage\":{\"@id\":\"https:\/\/novaorg.cofb.net\/2014\/04\/04\/mes-de-10-000-farmaceutics-escullen-agora-per-formar-se-al-2013\/\"},\"wordCount\":1026,\"publisher\":{\"@id\":\"https:\/\/www.cofb.org\/#organization\"},\"articleSection\":[\"Notes de premsa\",\"Sense categoria\"],\"inLanguage\":\"es\"},{\"@type\":\"WebPage\",\"@id\":\"https:\/\/novaorg.cofb.net\/2014\/04\/04\/mes-de-10-000-farmaceutics-escullen-agora-per-formar-se-al-2013\/\",\"url\":\"https:\/\/novaorg.cofb.net\/2014\/04\/04\/mes-de-10-000-farmaceutics-escullen-agora-per-formar-se-al-2013\/\",\"name\":\"M\u00e9s de 10.000 farmac\u00e8utics escullen \u00c0gora per formar-se al 2013 - Col\u00b7legi de Farmac\u00e8utics de Barcelona\",\"isPartOf\":{\"@id\":\"https:\/\/www.cofb.org\/#website\"},\"datePublished\":\"2014-04-04T15:44:00+00:00\",\"dateModified\":\"2014-04-04T15:44:00+00:00\",\"breadcrumb\":{\"@id\":\"https:\/\/novaorg.cofb.net\/2014\/04\/04\/mes-de-10-000-farmaceutics-escullen-agora-per-formar-se-al-2013\/#breadcrumb\"},\"inLanguage\":\"es\",\"potentialAction\":[{\"@type\":\"ReadAction\",\"target\":[\"https:\/\/novaorg.cofb.net\/2014\/04\/04\/mes-de-10-000-farmaceutics-escullen-agora-per-formar-se-al-2013\/\"]}]},{\"@type\":\"BreadcrumbList\",\"@id\":\"https:\/\/novaorg.cofb.net\/2014\/04\/04\/mes-de-10-000-farmaceutics-escullen-agora-per-formar-se-al-2013\/#breadcrumb\",\"itemListElement\":[{\"@type\":\"ListItem\",\"position\":1,\"name\":\"Inici\",\"item\":\"https:\/\/novaorg.cofb.net\/\"},{\"@type\":\"ListItem\",\"position\":2,\"name\":\"M\u00e9s de 10.000 farmac\u00e8utics escullen \u00c0gora per formar-se al 2013\"}]},{\"@type\":\"WebSite\",\"@id\":\"https:\/\/www.cofb.org\/#website\",\"url\":\"https:\/\/www.cofb.org\/\",\"name\":\"Col\u00b7legi de Farmac\u00e8utics de Barcelona\",\"description\":\"\",\"publisher\":{\"@id\":\"https:\/\/www.cofb.org\/#organization\"},\"potentialAction\":[{\"@type\":\"SearchAction\",\"target\":{\"@type\":\"EntryPoint\",\"urlTemplate\":\"https:\/\/www.cofb.org\/?s={search_term_string}\"},\"query-input\":\"required name=search_term_string\"}],\"inLanguage\":\"es\"},{\"@type\":\"Organization\",\"@id\":\"https:\/\/www.cofb.org\/#organization\",\"name\":\"Col\u00b7legi de Farmac\u00e8utics de Barcelona\",\"url\":\"https:\/\/www.cofb.org\/\",\"logo\":{\"@type\":\"ImageObject\",\"inLanguage\":\"es\",\"@id\":\"https:\/\/www.cofb.org\/#\/schema\/logo\/image\/\",\"url\":\"https:\/\/www.cofb.org\/wp-content\/uploads\/2023\/11\/cropped-Logotip-COFB.png\",\"contentUrl\":\"https:\/\/www.cofb.org\/wp-content\/uploads\/2023\/11\/cropped-Logotip-COFB.png\",\"width\":500,\"height\":105,\"caption\":\"Col\u00b7legi de Farmac\u00e8utics de Barcelona\"},\"image\":{\"@id\":\"https:\/\/www.cofb.org\/#\/schema\/logo\/image\/\"},\"sameAs\":[\"https:\/\/www.facebook.com\/farmaceuticsbcn\/\",\"https:\/\/twitter.com\/farmaceuticsbcn\",\"https:\/\/www.instagram.com\/farmaceuticsbcn\/\",\"https:\/\/www.linkedin.com\/company\/farmaceuticsbcn\/\"]},{\"@type\":\"Person\",\"@id\":\"https:\/\/www.cofb.org\/#\/schema\/person\/22ed7eea88da74b0fa4d3154ad87ffcb\",\"name\":\"wpAdminCofbOrg\",\"image\":{\"@type\":\"ImageObject\",\"inLanguage\":\"es\",\"@id\":\"https:\/\/www.cofb.org\/#\/schema\/person\/image\/\",\"url\":\"https:\/\/secure.gravatar.com\/avatar\/1721b20b3b8ca882c3b56ec6c978c594fff670e40c0718e9190eaeeb76aae7d8?s=96&d=mm&r=g\",\"contentUrl\":\"https:\/\/secure.gravatar.com\/avatar\/1721b20b3b8ca882c3b56ec6c978c594fff670e40c0718e9190eaeeb76aae7d8?s=96&d=mm&r=g\",\"caption\":\"wpAdminCofbOrg\"},\"sameAs\":[\"http:\/\/192.168.64.122\/wordpress\"],\"url\":\"https:\/\/www.cofb.org\/es\/author\/wpadmincofborg\/\"}]}<\/script>\n<!-- \/ Yoast SEO plugin. -->","yoast_head_json":{"title":"M\u00e9s de 10.000 farmac\u00e8utics escullen \u00c0gora per formar-se al 2013 - Col\u00b7legi de Farmac\u00e8utics de Barcelona","robots":{"index":"index","follow":"follow","max-snippet":"max-snippet:-1","max-image-preview":"max-image-preview:large","max-video-preview":"max-video-preview:-1"},"canonical":"https:\/\/novaorg.cofb.net\/2014\/04\/04\/mes-de-10-000-farmaceutics-escullen-agora-per-formar-se-al-2013\/","og_locale":"es_ES","og_type":"article","og_title":"M\u00e9s de 10.000 farmac\u00e8utics escullen \u00c0gora per formar-se al 2013 - Col\u00b7legi de Farmac\u00e8utics de Barcelona","og_description":"\u00a0 La plataforma de formaci\u00f3 virtual dels COF de Madrid i Barcelona duplica el n\u00famero de participants del 2012 Els 12 tallers formatius impartits a \u201cAula \u00c0gora\u201d d\u2019Infarma Madrid 2014 van reunir a 246 farmac\u00e8utics Madrid, 4 d&#8217;abril. La plataforma de formaci\u00f3 virtual \u00c0gora ha protagonitzat al 2013 un salt [&hellip;]","og_url":"https:\/\/novaorg.cofb.net\/2014\/04\/04\/mes-de-10-000-farmaceutics-escullen-agora-per-formar-se-al-2013\/","og_site_name":"Col\u00b7legi de Farmac\u00e8utics de Barcelona","article_publisher":"https:\/\/www.facebook.com\/farmaceuticsbcn\/","article_published_time":"2014-04-04T15:44:00+00:00","author":"wpAdminCofbOrg","twitter_card":"summary_large_image","twitter_creator":"@farmaceuticsbcn","twitter_site":"@farmaceuticsbcn","twitter_misc":{"Escrito por":"wpAdminCofbOrg","Tiempo de lectura":"5 minutos"},"schema":{"@context":"https:\/\/schema.org","@graph":[{"@type":"Article","@id":"https:\/\/novaorg.cofb.net\/2014\/04\/04\/mes-de-10-000-farmaceutics-escullen-agora-per-formar-se-al-2013\/#article","isPartOf":{"@id":"https:\/\/novaorg.cofb.net\/2014\/04\/04\/mes-de-10-000-farmaceutics-escullen-agora-per-formar-se-al-2013\/"},"author":{"name":"wpAdminCofbOrg","@id":"https:\/\/www.cofb.org\/#\/schema\/person\/22ed7eea88da74b0fa4d3154ad87ffcb"},"headline":"M\u00e9s de 10.000 farmac\u00e8utics escullen \u00c0gora per formar-se al 2013","datePublished":"2014-04-04T15:44:00+00:00","dateModified":"2014-04-04T15:44:00+00:00","mainEntityOfPage":{"@id":"https:\/\/novaorg.cofb.net\/2014\/04\/04\/mes-de-10-000-farmaceutics-escullen-agora-per-formar-se-al-2013\/"},"wordCount":1026,"publisher":{"@id":"https:\/\/www.cofb.org\/#organization"},"articleSection":["Notes de premsa","Sense categoria"],"inLanguage":"es"},{"@type":"WebPage","@id":"https:\/\/novaorg.cofb.net\/2014\/04\/04\/mes-de-10-000-farmaceutics-escullen-agora-per-formar-se-al-2013\/","url":"https:\/\/novaorg.cofb.net\/2014\/04\/04\/mes-de-10-000-farmaceutics-escullen-agora-per-formar-se-al-2013\/","name":"M\u00e9s de 10.000 farmac\u00e8utics escullen \u00c0gora per formar-se al 2013 - Col\u00b7legi de Farmac\u00e8utics de Barcelona","isPartOf":{"@id":"https:\/\/www.cofb.org\/#website"},"datePublished":"2014-04-04T15:44:00+00:00","dateModified":"2014-04-04T15:44:00+00:00","breadcrumb":{"@id":"https:\/\/novaorg.cofb.net\/2014\/04\/04\/mes-de-10-000-farmaceutics-escullen-agora-per-formar-se-al-2013\/#breadcrumb"},"inLanguage":"es","potentialAction":[{"@type":"ReadAction","target":["https:\/\/novaorg.cofb.net\/2014\/04\/04\/mes-de-10-000-farmaceutics-escullen-agora-per-formar-se-al-2013\/"]}]},{"@type":"BreadcrumbList","@id":"https:\/\/novaorg.cofb.net\/2014\/04\/04\/mes-de-10-000-farmaceutics-escullen-agora-per-formar-se-al-2013\/#breadcrumb","itemListElement":[{"@type":"ListItem","position":1,"name":"Inici","item":"https:\/\/novaorg.cofb.net\/"},{"@type":"ListItem","position":2,"name":"M\u00e9s de 10.000 farmac\u00e8utics escullen \u00c0gora per formar-se al 2013"}]},{"@type":"WebSite","@id":"https:\/\/www.cofb.org\/#website","url":"https:\/\/www.cofb.org\/","name":"Col\u00b7legi de Farmac\u00e8utics de Barcelona","description":"","publisher":{"@id":"https:\/\/www.cofb.org\/#organization"},"potentialAction":[{"@type":"SearchAction","target":{"@type":"EntryPoint","urlTemplate":"https:\/\/www.cofb.org\/?s={search_term_string}"},"query-input":"required name=search_term_string"}],"inLanguage":"es"},{"@type":"Organization","@id":"https:\/\/www.cofb.org\/#organization","name":"Col\u00b7legi de Farmac\u00e8utics de Barcelona","url":"https:\/\/www.cofb.org\/","logo":{"@type":"ImageObject","inLanguage":"es","@id":"https:\/\/www.cofb.org\/#\/schema\/logo\/image\/","url":"https:\/\/www.cofb.org\/wp-content\/uploads\/2023\/11\/cropped-Logotip-COFB.png","contentUrl":"https:\/\/www.cofb.org\/wp-content\/uploads\/2023\/11\/cropped-Logotip-COFB.png","width":500,"height":105,"caption":"Col\u00b7legi de Farmac\u00e8utics de Barcelona"},"image":{"@id":"https:\/\/www.cofb.org\/#\/schema\/logo\/image\/"},"sameAs":["https:\/\/www.facebook.com\/farmaceuticsbcn\/","https:\/\/twitter.com\/farmaceuticsbcn","https:\/\/www.instagram.com\/farmaceuticsbcn\/","https:\/\/www.linkedin.com\/company\/farmaceuticsbcn\/"]},{"@type":"Person","@id":"https:\/\/www.cofb.org\/#\/schema\/person\/22ed7eea88da74b0fa4d3154ad87ffcb","name":"wpAdminCofbOrg","image":{"@type":"ImageObject","inLanguage":"es","@id":"https:\/\/www.cofb.org\/#\/schema\/person\/image\/","url":"https:\/\/secure.gravatar.com\/avatar\/1721b20b3b8ca882c3b56ec6c978c594fff670e40c0718e9190eaeeb76aae7d8?s=96&d=mm&r=g","contentUrl":"https:\/\/secure.gravatar.com\/avatar\/1721b20b3b8ca882c3b56ec6c978c594fff670e40c0718e9190eaeeb76aae7d8?s=96&d=mm&r=g","caption":"wpAdminCofbOrg"},"sameAs":["http:\/\/192.168.64.122\/wordpress"],"url":"https:\/\/www.cofb.org\/es\/author\/wpadmincofborg\/"}]}},"uagb_featured_image_src":{"full":false,"thumbnail":false,"medium":false,"medium_large":false,"large":false,"1536x1536":false,"2048x2048":false,"trp-custom-language-flag":false},"uagb_author_info":{"display_name":"wpAdminCofbOrg","author_link":"https:\/\/www.cofb.org\/es\/author\/wpadmincofborg\/"},"uagb_comment_info":0,"uagb_excerpt":"\u00a0 La plataforma de formaci\u00f3 virtual dels COF de Madrid i Barcelona duplica el n\u00famero de participants del 2012 Els 12 tallers formatius impartits a \u201cAula \u00c0gora\u201d d\u2019Infarma Madrid 2014 van reunir a 246 farmac\u00e8utics Madrid, 4 d&#8217;abril. La plataforma de formaci\u00f3 virtual \u00c0gora ha protagonitzat al 2013 un salt [&hellip;]","_links":{"self":[{"href":"https:\/\/www.cofb.org\/es\/wp-json\/wp\/v2\/posts\/77524","targetHints":{"allow":["GET"]}}],"collection":[{"href":"https:\/\/www.cofb.org\/es\/wp-json\/wp\/v2\/posts"}],"about":[{"href":"https:\/\/www.cofb.org\/es\/wp-json\/wp\/v2\/types\/post"}],"author":[{"embeddable":true,"href":"https:\/\/www.cofb.org\/es\/wp-json\/wp\/v2\/users\/1"}],"replies":[{"embeddable":true,"href":"https:\/\/www.cofb.org\/es\/wp-json\/wp\/v2\/comments?post=77524"}],"version-history":[{"count":0,"href":"https:\/\/www.cofb.org\/es\/wp-json\/wp\/v2\/posts\/77524\/revisions"}],"wp:attachment":[{"href":"https:\/\/www.cofb.org\/es\/wp-json\/wp\/v2\/media?parent=77524"}],"wp:term":[{"taxonomy":"category","embeddable":true,"href":"https:\/\/www.cofb.org\/es\/wp-json\/wp\/v2\/categories?post=77524"},{"taxonomy":"post_tag","embeddable":true,"href":"https:\/\/www.cofb.org\/es\/wp-json\/wp\/v2\/tags?post=77524"}],"curies":[{"name":"wp","href":"https:\/\/api.w.org\/{rel}","templated":true}]}}