{"id":77442,"date":"2015-09-07T11:50:00","date_gmt":"2015-09-07T11:50:00","guid":{"rendered":"https:\/\/novaorg.cofb.net\/2015\/09\/07\/ladministracio-acumula-un-deute-de-mes-de-236me-davant-un-nou-retard-en-el-pagament-a-les-farmacies-catalanes\/"},"modified":"2015-09-07T11:50:00","modified_gmt":"2015-09-07T11:50:00","slug":"ladministracio-acumula-un-deute-de-mes-de-236me-davant-un-nou-retard-en-el-pagament-a-les-farmacies-catalanes","status":"publish","type":"post","link":"https:\/\/www.cofb.org\/es\/2015\/09\/07\/ladministracio-acumula-un-deute-de-mes-de-236me-davant-un-nou-retard-en-el-pagament-a-les-farmacies-catalanes\/","title":{"rendered":"La Administraci\u00f3n acumula una deuda de m\u00e1s de 236M\u20ac frente a un nuevo retraso en el pago a las farmacias catalanas"},"content":{"rendered":"<p>\u00a0<\/p>\n<ul>\n<li><strong>Hoy deber\u00eda hacer efectiva la factura de los medicamentos que los farmac\u00e9uticos dispensaron en julio (121,5M\u20ac), que se suma a la que ten\u00eda pendiente de junio (115M\u20ac)<\/strong><\/li>\n<\/ul>\n<p>Barcelona, 7 de septiembre de 2015.- <strong>M\u00e1s de 236M\u20ac debe la Administraci\u00f3n a las farmacias catalanas<\/strong>. Esta cifra sale de la <strong>suma de los importes de las facturas de los medicamentos que los farmac\u00e9uticos dispensaron en julio (121,5M\u20ac), que deber\u00eda haberse hecho efectiva hoy, y en junio (115M\u20ac)<\/strong>, que deber\u00eda haberse pagado el pasado 5 de agosto.<\/p>\n<p><strong>La media actual con la que la Generalitat est\u00e1 pagando es de 55 d\u00edas respecto a la fecha de pago que marca el Concierto<\/strong> \u2013el d\u00eda 5 de cada mes\u2013 <strong>y tres meses despu\u00e9s de que se hayan dispensado los medicamentos en las farmacias<\/strong>. Ante esta situaci\u00f3n, los representantes de los farmac\u00e9uticos reclaman que se acabe con los retrasos que sufren desde hace cuatro a\u00f1os y que sea una prioridad para las Administraciones cumplir con las obligaciones de pago en \u00e1mbitos de vital importancia como es el del acceso a los medicamentos por parte de los pacientes. <\/p>\n<p><strong>Para m\u00e1s informaci\u00f3n: <\/strong><br \/>Consell de Col\u00b7legis Farmac\u00e8utics de Catalunya (CCFC) <br \/>Tel\u00e9fono: 93 244 07 28 \/ 18 <br \/>premsa@cofb.net  <br \/>\u00a0<\/p>\n<p>\u00a0Hoy deber\u00eda hacer efectiva la factura de los medicamentos que los farmac\u00e9uticos dispensaron en julio (121,5M\u20ac), que se suma a la que ten\u00eda pendiente de junio (115M\u20ac)Barcelona, 7 de septiembre de 2015.- M\u00e1s de 236M\u20ac debe la Administraci\u00f3n a las farmacias catalanas. Esta cifra sale de la suma de los importes de las facturas de los medicamentos que los farmac\u00e9uticos dispensaron en julio (121,5M\u20ac), que deber\u00eda haberse hecho efectiva hoy, y en junio (115M\u20ac), que se deber\u00eda de haber pagado el pasado 5 de agosto. La media actual con la que la Generalitat est\u00e1 pagando es de 55 d\u00edas respecto a la fecha de pago que marca el Concierto \u2013el d\u00eda 5 de cada mes\u2013 y tres meses despu\u00e9s de que se hayan pagado dispensado los medicamentos en las farmacias. Ante esta situaci\u00f3n, los representantes de los farmac\u00e9uticos reclaman que se acabe con los retrasos que sufren desde hace cuatro a\u00f1os y que sea una prioridad para las Administraciones cumplir con las obligaciones de pago en \u00e1mbitos de vital importancia como es el del acceso a los medicamentos por parte de los pacientes. Para m\u00e1s informaci\u00f3n: Consejo de Colegios Farmac\u00e9uticos de Catalunya (CCFC) Tel\u00e9fono: 93 244 07 28 \/ 18 premsa@cofb.net COFB.ORG<\/p>","protected":false},"excerpt":{"rendered":"<p>\u00a0 Hoy deber\u00eda hacer efectiva la factura de los medicamentos que los farmac\u00e9uticos dispensaron en julio (121,5M\u20ac), que se suma a la que ten\u00eda pendiente de junio (115M\u20ac) Barcelona, 7 de septiembre de 2015.- M\u00e1s de 236M\u20ac debe la Administraci\u00f3n a las farmacias catalanas. Esta cifra sale de la suma [\u2026]<\/p>","protected":false},"author":1,"featured_media":0,"comment_status":"","ping_status":"","sticky":false,"template":"","format":"standard","meta":{"_uag_custom_page_level_css":"","site-sidebar-layout":"default","site-content-layout":"","ast-site-content-layout":"default","site-content-style":"default","site-sidebar-style":"default","ast-global-header-display":"","ast-banner-title-visibility":"","ast-main-header-display":"","ast-hfb-above-header-display":"","ast-hfb-below-header-display":"","ast-hfb-mobile-header-display":"","site-post-title":"","ast-breadcrumbs-content":"","ast-featured-img":"disabled","footer-sml-layout":"","theme-transparent-header-meta":"","adv-header-id-meta":"","stick-header-meta":"","header-above-stick-meta":"","header-main-stick-meta":"","header-below-stick-meta":"","astra-migrate-meta-layouts":"default","ast-page-background-enabled":"default","ast-page-background-meta":{"desktop":{"background-color":"var(--ast-global-color-4)","background-image":"","background-repeat":"repeat","background-position":"center center","background-size":"auto","background-attachment":"scroll","background-type":"","background-media":"","overlay-type":"","overlay-color":"","overlay-opacity":"","overlay-gradient":""},"tablet":{"background-color":"","background-image":"","background-repeat":"repeat","background-position":"center center","background-size":"auto","background-attachment":"scroll","background-type":"","background-media":"","overlay-type":"","overlay-color":"","overlay-opacity":"","overlay-gradient":""},"mobile":{"background-color":"","background-image":"","background-repeat":"repeat","background-position":"center center","background-size":"auto","background-attachment":"scroll","background-type":"","background-media":"","overlay-type":"","overlay-color":"","overlay-opacity":"","overlay-gradient":""}},"ast-content-background-meta":{"desktop":{"background-color":"var(--ast-global-color-5)","background-image":"","background-repeat":"repeat","background-position":"center center","background-size":"auto","background-attachment":"scroll","background-type":"","background-media":"","overlay-type":"","overlay-color":"","overlay-opacity":"","overlay-gradient":""},"tablet":{"background-color":"var(--ast-global-color-5)","background-image":"","background-repeat":"repeat","background-position":"center center","background-size":"auto","background-attachment":"scroll","background-type":"","background-media":"","overlay-type":"","overlay-color":"","overlay-opacity":"","overlay-gradient":""},"mobile":{"background-color":"var(--ast-global-color-5)","background-image":"","background-repeat":"repeat","background-position":"center center","background-size":"auto","background-attachment":"scroll","background-type":"","background-media":"","overlay-type":"","overlay-color":"","overlay-opacity":"","overlay-gradient":""}},"footnotes":""},"categories":[1060,1066],"tags":[],"class_list":["post-77442","post","type-post","status-publish","format-standard","hentry","category-notes-premsa","category-sense-categoria-ca"],"yoast_head":"<!-- This site is optimized with the Yoast SEO plugin v22.4 - https:\/\/yoast.com\/wordpress\/plugins\/seo\/ -->\n<title>L&#039;Administraci\u00f3 acumula un deute de m\u00e9s de 236M\u20ac davant un nou retard en el pagament a les farm\u00e0cies catalanes - Col\u00b7legi de Farmac\u00e8utics de Barcelona<\/title>\n<meta name=\"robots\" content=\"index, follow, max-snippet:-1, max-image-preview:large, max-video-preview:-1\" \/>\n<link rel=\"canonical\" href=\"https:\/\/novaorg.cofb.net\/2015\/09\/07\/ladministracio-acumula-un-deute-de-mes-de-236me-davant-un-nou-retard-en-el-pagament-a-les-farmacies-catalanes\/\" \/>\n<meta property=\"og:locale\" content=\"es_ES\" \/>\n<meta property=\"og:type\" content=\"article\" \/>\n<meta property=\"og:title\" content=\"L&#039;Administraci\u00f3 acumula un deute de m\u00e9s de 236M\u20ac davant un nou retard en el pagament a les farm\u00e0cies catalanes - Col\u00b7legi de Farmac\u00e8utics de Barcelona\" \/>\n<meta property=\"og:description\" content=\"\u00a0 Avui hauria de fer efectiva la factura dels medicaments que els farmac\u00e8utics van dispensar al juliol (121,5M\u20ac), que se suma a la que tenia pendent de juny (115M\u20ac) Barcelona, 7 de setembre de 2015.- M\u00e9s de 236M\u20ac deu l\u2019Administraci\u00f3 a les farm\u00e0cies catalanes. Aquesta xifra surt de la suma [&hellip;]\" \/>\n<meta property=\"og:url\" content=\"https:\/\/novaorg.cofb.net\/2015\/09\/07\/ladministracio-acumula-un-deute-de-mes-de-236me-davant-un-nou-retard-en-el-pagament-a-les-farmacies-catalanes\/\" \/>\n<meta property=\"og:site_name\" content=\"Col\u00b7legi de Farmac\u00e8utics de Barcelona\" \/>\n<meta property=\"article:publisher\" content=\"https:\/\/www.facebook.com\/farmaceuticsbcn\/\" \/>\n<meta property=\"article:published_time\" content=\"2015-09-07T11:50:00+00:00\" \/>\n<meta name=\"author\" content=\"wpAdminCofbOrg\" \/>\n<meta name=\"twitter:card\" content=\"summary_large_image\" \/>\n<meta name=\"twitter:creator\" content=\"@farmaceuticsbcn\" \/>\n<meta name=\"twitter:site\" content=\"@farmaceuticsbcn\" \/>\n<meta name=\"twitter:label1\" content=\"Escrito por\" \/>\n\t<meta name=\"twitter:data1\" content=\"wpAdminCofbOrg\" \/>\n\t<meta name=\"twitter:label2\" content=\"Tiempo de lectura\" \/>\n\t<meta name=\"twitter:data2\" content=\"2 minutos\" \/>\n<script type=\"application\/ld+json\" class=\"yoast-schema-graph\">{\"@context\":\"https:\/\/schema.org\",\"@graph\":[{\"@type\":\"Article\",\"@id\":\"https:\/\/novaorg.cofb.net\/2015\/09\/07\/ladministracio-acumula-un-deute-de-mes-de-236me-davant-un-nou-retard-en-el-pagament-a-les-farmacies-catalanes\/#article\",\"isPartOf\":{\"@id\":\"https:\/\/novaorg.cofb.net\/2015\/09\/07\/ladministracio-acumula-un-deute-de-mes-de-236me-davant-un-nou-retard-en-el-pagament-a-les-farmacies-catalanes\/\"},\"author\":{\"name\":\"wpAdminCofbOrg\",\"@id\":\"https:\/\/www.cofb.org\/#\/schema\/person\/22ed7eea88da74b0fa4d3154ad87ffcb\"},\"headline\":\"L&#8217;Administraci\u00f3 acumula un deute de m\u00e9s de 236M\u20ac davant un nou retard en el pagament a les farm\u00e0cies catalanes\",\"datePublished\":\"2015-09-07T11:50:00+00:00\",\"dateModified\":\"2015-09-07T11:50:00+00:00\",\"mainEntityOfPage\":{\"@id\":\"https:\/\/novaorg.cofb.net\/2015\/09\/07\/ladministracio-acumula-un-deute-de-mes-de-236me-davant-un-nou-retard-en-el-pagament-a-les-farmacies-catalanes\/\"},\"wordCount\":438,\"publisher\":{\"@id\":\"https:\/\/www.cofb.org\/#organization\"},\"articleSection\":[\"Notes de premsa\",\"Sense categoria\"],\"inLanguage\":\"es\"},{\"@type\":\"WebPage\",\"@id\":\"https:\/\/novaorg.cofb.net\/2015\/09\/07\/ladministracio-acumula-un-deute-de-mes-de-236me-davant-un-nou-retard-en-el-pagament-a-les-farmacies-catalanes\/\",\"url\":\"https:\/\/novaorg.cofb.net\/2015\/09\/07\/ladministracio-acumula-un-deute-de-mes-de-236me-davant-un-nou-retard-en-el-pagament-a-les-farmacies-catalanes\/\",\"name\":\"L'Administraci\u00f3 acumula un deute de m\u00e9s de 236M\u20ac davant un nou retard en el pagament a les farm\u00e0cies catalanes - Col\u00b7legi de Farmac\u00e8utics de Barcelona\",\"isPartOf\":{\"@id\":\"https:\/\/www.cofb.org\/#website\"},\"datePublished\":\"2015-09-07T11:50:00+00:00\",\"dateModified\":\"2015-09-07T11:50:00+00:00\",\"breadcrumb\":{\"@id\":\"https:\/\/novaorg.cofb.net\/2015\/09\/07\/ladministracio-acumula-un-deute-de-mes-de-236me-davant-un-nou-retard-en-el-pagament-a-les-farmacies-catalanes\/#breadcrumb\"},\"inLanguage\":\"es\",\"potentialAction\":[{\"@type\":\"ReadAction\",\"target\":[\"https:\/\/novaorg.cofb.net\/2015\/09\/07\/ladministracio-acumula-un-deute-de-mes-de-236me-davant-un-nou-retard-en-el-pagament-a-les-farmacies-catalanes\/\"]}]},{\"@type\":\"BreadcrumbList\",\"@id\":\"https:\/\/novaorg.cofb.net\/2015\/09\/07\/ladministracio-acumula-un-deute-de-mes-de-236me-davant-un-nou-retard-en-el-pagament-a-les-farmacies-catalanes\/#breadcrumb\",\"itemListElement\":[{\"@type\":\"ListItem\",\"position\":1,\"name\":\"Inici\",\"item\":\"https:\/\/novaorg.cofb.net\/\"},{\"@type\":\"ListItem\",\"position\":2,\"name\":\"L&#8217;Administraci\u00f3 acumula un deute de m\u00e9s de 236M\u20ac davant un nou retard en el pagament a les farm\u00e0cies catalanes\"}]},{\"@type\":\"WebSite\",\"@id\":\"https:\/\/www.cofb.org\/#website\",\"url\":\"https:\/\/www.cofb.org\/\",\"name\":\"Col\u00b7legi de Farmac\u00e8utics de Barcelona\",\"description\":\"\",\"publisher\":{\"@id\":\"https:\/\/www.cofb.org\/#organization\"},\"potentialAction\":[{\"@type\":\"SearchAction\",\"target\":{\"@type\":\"EntryPoint\",\"urlTemplate\":\"https:\/\/www.cofb.org\/?s={search_term_string}\"},\"query-input\":\"required name=search_term_string\"}],\"inLanguage\":\"es\"},{\"@type\":\"Organization\",\"@id\":\"https:\/\/www.cofb.org\/#organization\",\"name\":\"Col\u00b7legi de Farmac\u00e8utics de Barcelona\",\"url\":\"https:\/\/www.cofb.org\/\",\"logo\":{\"@type\":\"ImageObject\",\"inLanguage\":\"es\",\"@id\":\"https:\/\/www.cofb.org\/#\/schema\/logo\/image\/\",\"url\":\"https:\/\/www.cofb.org\/wp-content\/uploads\/2023\/11\/cropped-Logotip-COFB.png\",\"contentUrl\":\"https:\/\/www.cofb.org\/wp-content\/uploads\/2023\/11\/cropped-Logotip-COFB.png\",\"width\":500,\"height\":105,\"caption\":\"Col\u00b7legi de Farmac\u00e8utics de Barcelona\"},\"image\":{\"@id\":\"https:\/\/www.cofb.org\/#\/schema\/logo\/image\/\"},\"sameAs\":[\"https:\/\/www.facebook.com\/farmaceuticsbcn\/\",\"https:\/\/twitter.com\/farmaceuticsbcn\",\"https:\/\/www.instagram.com\/farmaceuticsbcn\/\",\"https:\/\/www.linkedin.com\/company\/farmaceuticsbcn\/\"]},{\"@type\":\"Person\",\"@id\":\"https:\/\/www.cofb.org\/#\/schema\/person\/22ed7eea88da74b0fa4d3154ad87ffcb\",\"name\":\"wpAdminCofbOrg\",\"image\":{\"@type\":\"ImageObject\",\"inLanguage\":\"es\",\"@id\":\"https:\/\/www.cofb.org\/#\/schema\/person\/image\/\",\"url\":\"https:\/\/secure.gravatar.com\/avatar\/1721b20b3b8ca882c3b56ec6c978c594fff670e40c0718e9190eaeeb76aae7d8?s=96&d=mm&r=g\",\"contentUrl\":\"https:\/\/secure.gravatar.com\/avatar\/1721b20b3b8ca882c3b56ec6c978c594fff670e40c0718e9190eaeeb76aae7d8?s=96&d=mm&r=g\",\"caption\":\"wpAdminCofbOrg\"},\"sameAs\":[\"http:\/\/192.168.64.122\/wordpress\"],\"url\":\"https:\/\/www.cofb.org\/es\/author\/wpadmincofborg\/\"}]}<\/script>\n<!-- \/ Yoast SEO plugin. -->","yoast_head_json":{"title":"L'Administraci\u00f3 acumula un deute de m\u00e9s de 236M\u20ac davant un nou retard en el pagament a les farm\u00e0cies catalanes - Col\u00b7legi de Farmac\u00e8utics de Barcelona","robots":{"index":"index","follow":"follow","max-snippet":"max-snippet:-1","max-image-preview":"max-image-preview:large","max-video-preview":"max-video-preview:-1"},"canonical":"https:\/\/novaorg.cofb.net\/2015\/09\/07\/ladministracio-acumula-un-deute-de-mes-de-236me-davant-un-nou-retard-en-el-pagament-a-les-farmacies-catalanes\/","og_locale":"es_ES","og_type":"article","og_title":"L'Administraci\u00f3 acumula un deute de m\u00e9s de 236M\u20ac davant un nou retard en el pagament a les farm\u00e0cies catalanes - Col\u00b7legi de Farmac\u00e8utics de Barcelona","og_description":"\u00a0 Avui hauria de fer efectiva la factura dels medicaments que els farmac\u00e8utics van dispensar al juliol (121,5M\u20ac), que se suma a la que tenia pendent de juny (115M\u20ac) Barcelona, 7 de setembre de 2015.- M\u00e9s de 236M\u20ac deu l\u2019Administraci\u00f3 a les farm\u00e0cies catalanes. Aquesta xifra surt de la suma [&hellip;]","og_url":"https:\/\/novaorg.cofb.net\/2015\/09\/07\/ladministracio-acumula-un-deute-de-mes-de-236me-davant-un-nou-retard-en-el-pagament-a-les-farmacies-catalanes\/","og_site_name":"Col\u00b7legi de Farmac\u00e8utics de Barcelona","article_publisher":"https:\/\/www.facebook.com\/farmaceuticsbcn\/","article_published_time":"2015-09-07T11:50:00+00:00","author":"wpAdminCofbOrg","twitter_card":"summary_large_image","twitter_creator":"@farmaceuticsbcn","twitter_site":"@farmaceuticsbcn","twitter_misc":{"Escrito por":"wpAdminCofbOrg","Tiempo de lectura":"2 minutos"},"schema":{"@context":"https:\/\/schema.org","@graph":[{"@type":"Article","@id":"https:\/\/novaorg.cofb.net\/2015\/09\/07\/ladministracio-acumula-un-deute-de-mes-de-236me-davant-un-nou-retard-en-el-pagament-a-les-farmacies-catalanes\/#article","isPartOf":{"@id":"https:\/\/novaorg.cofb.net\/2015\/09\/07\/ladministracio-acumula-un-deute-de-mes-de-236me-davant-un-nou-retard-en-el-pagament-a-les-farmacies-catalanes\/"},"author":{"name":"wpAdminCofbOrg","@id":"https:\/\/www.cofb.org\/#\/schema\/person\/22ed7eea88da74b0fa4d3154ad87ffcb"},"headline":"L&#8217;Administraci\u00f3 acumula un deute de m\u00e9s de 236M\u20ac davant un nou retard en el pagament a les farm\u00e0cies catalanes","datePublished":"2015-09-07T11:50:00+00:00","dateModified":"2015-09-07T11:50:00+00:00","mainEntityOfPage":{"@id":"https:\/\/novaorg.cofb.net\/2015\/09\/07\/ladministracio-acumula-un-deute-de-mes-de-236me-davant-un-nou-retard-en-el-pagament-a-les-farmacies-catalanes\/"},"wordCount":438,"publisher":{"@id":"https:\/\/www.cofb.org\/#organization"},"articleSection":["Notes de premsa","Sense categoria"],"inLanguage":"es"},{"@type":"WebPage","@id":"https:\/\/novaorg.cofb.net\/2015\/09\/07\/ladministracio-acumula-un-deute-de-mes-de-236me-davant-un-nou-retard-en-el-pagament-a-les-farmacies-catalanes\/","url":"https:\/\/novaorg.cofb.net\/2015\/09\/07\/ladministracio-acumula-un-deute-de-mes-de-236me-davant-un-nou-retard-en-el-pagament-a-les-farmacies-catalanes\/","name":"L'Administraci\u00f3 acumula un deute de m\u00e9s de 236M\u20ac davant un nou retard en el pagament a les farm\u00e0cies catalanes - Col\u00b7legi de Farmac\u00e8utics de Barcelona","isPartOf":{"@id":"https:\/\/www.cofb.org\/#website"},"datePublished":"2015-09-07T11:50:00+00:00","dateModified":"2015-09-07T11:50:00+00:00","breadcrumb":{"@id":"https:\/\/novaorg.cofb.net\/2015\/09\/07\/ladministracio-acumula-un-deute-de-mes-de-236me-davant-un-nou-retard-en-el-pagament-a-les-farmacies-catalanes\/#breadcrumb"},"inLanguage":"es","potentialAction":[{"@type":"ReadAction","target":["https:\/\/novaorg.cofb.net\/2015\/09\/07\/ladministracio-acumula-un-deute-de-mes-de-236me-davant-un-nou-retard-en-el-pagament-a-les-farmacies-catalanes\/"]}]},{"@type":"BreadcrumbList","@id":"https:\/\/novaorg.cofb.net\/2015\/09\/07\/ladministracio-acumula-un-deute-de-mes-de-236me-davant-un-nou-retard-en-el-pagament-a-les-farmacies-catalanes\/#breadcrumb","itemListElement":[{"@type":"ListItem","position":1,"name":"Inici","item":"https:\/\/novaorg.cofb.net\/"},{"@type":"ListItem","position":2,"name":"L&#8217;Administraci\u00f3 acumula un deute de m\u00e9s de 236M\u20ac davant un nou retard en el pagament a les farm\u00e0cies catalanes"}]},{"@type":"WebSite","@id":"https:\/\/www.cofb.org\/#website","url":"https:\/\/www.cofb.org\/","name":"Col\u00b7legi de Farmac\u00e8utics de Barcelona","description":"","publisher":{"@id":"https:\/\/www.cofb.org\/#organization"},"potentialAction":[{"@type":"SearchAction","target":{"@type":"EntryPoint","urlTemplate":"https:\/\/www.cofb.org\/?s={search_term_string}"},"query-input":"required name=search_term_string"}],"inLanguage":"es"},{"@type":"Organization","@id":"https:\/\/www.cofb.org\/#organization","name":"Col\u00b7legi de Farmac\u00e8utics de Barcelona","url":"https:\/\/www.cofb.org\/","logo":{"@type":"ImageObject","inLanguage":"es","@id":"https:\/\/www.cofb.org\/#\/schema\/logo\/image\/","url":"https:\/\/www.cofb.org\/wp-content\/uploads\/2023\/11\/cropped-Logotip-COFB.png","contentUrl":"https:\/\/www.cofb.org\/wp-content\/uploads\/2023\/11\/cropped-Logotip-COFB.png","width":500,"height":105,"caption":"Col\u00b7legi de Farmac\u00e8utics de Barcelona"},"image":{"@id":"https:\/\/www.cofb.org\/#\/schema\/logo\/image\/"},"sameAs":["https:\/\/www.facebook.com\/farmaceuticsbcn\/","https:\/\/twitter.com\/farmaceuticsbcn","https:\/\/www.instagram.com\/farmaceuticsbcn\/","https:\/\/www.linkedin.com\/company\/farmaceuticsbcn\/"]},{"@type":"Person","@id":"https:\/\/www.cofb.org\/#\/schema\/person\/22ed7eea88da74b0fa4d3154ad87ffcb","name":"wpAdminCofbOrg","image":{"@type":"ImageObject","inLanguage":"es","@id":"https:\/\/www.cofb.org\/#\/schema\/person\/image\/","url":"https:\/\/secure.gravatar.com\/avatar\/1721b20b3b8ca882c3b56ec6c978c594fff670e40c0718e9190eaeeb76aae7d8?s=96&d=mm&r=g","contentUrl":"https:\/\/secure.gravatar.com\/avatar\/1721b20b3b8ca882c3b56ec6c978c594fff670e40c0718e9190eaeeb76aae7d8?s=96&d=mm&r=g","caption":"wpAdminCofbOrg"},"sameAs":["http:\/\/192.168.64.122\/wordpress"],"url":"https:\/\/www.cofb.org\/es\/author\/wpadmincofborg\/"}]}},"uagb_featured_image_src":{"full":false,"thumbnail":false,"medium":false,"medium_large":false,"large":false,"1536x1536":false,"2048x2048":false,"trp-custom-language-flag":false},"uagb_author_info":{"display_name":"wpAdminCofbOrg","author_link":"https:\/\/www.cofb.org\/es\/author\/wpadmincofborg\/"},"uagb_comment_info":0,"uagb_excerpt":"\u00a0 Avui hauria de fer efectiva la factura dels medicaments que els farmac\u00e8utics van dispensar al juliol (121,5M\u20ac), que se suma a la que tenia pendent de juny (115M\u20ac) Barcelona, 7 de setembre de 2015.- M\u00e9s de 236M\u20ac deu l\u2019Administraci\u00f3 a les farm\u00e0cies catalanes. Aquesta xifra surt de la suma [&hellip;]","_links":{"self":[{"href":"https:\/\/www.cofb.org\/es\/wp-json\/wp\/v2\/posts\/77442","targetHints":{"allow":["GET"]}}],"collection":[{"href":"https:\/\/www.cofb.org\/es\/wp-json\/wp\/v2\/posts"}],"about":[{"href":"https:\/\/www.cofb.org\/es\/wp-json\/wp\/v2\/types\/post"}],"author":[{"embeddable":true,"href":"https:\/\/www.cofb.org\/es\/wp-json\/wp\/v2\/users\/1"}],"replies":[{"embeddable":true,"href":"https:\/\/www.cofb.org\/es\/wp-json\/wp\/v2\/comments?post=77442"}],"version-history":[{"count":0,"href":"https:\/\/www.cofb.org\/es\/wp-json\/wp\/v2\/posts\/77442\/revisions"}],"wp:attachment":[{"href":"https:\/\/www.cofb.org\/es\/wp-json\/wp\/v2\/media?parent=77442"}],"wp:term":[{"taxonomy":"category","embeddable":true,"href":"https:\/\/www.cofb.org\/es\/wp-json\/wp\/v2\/categories?post=77442"},{"taxonomy":"post_tag","embeddable":true,"href":"https:\/\/www.cofb.org\/es\/wp-json\/wp\/v2\/tags?post=77442"}],"curies":[{"name":"wp","href":"https:\/\/api.w.org\/{rel}","templated":true}]}}