{"id":77426,"date":"2015-12-09T17:47:00","date_gmt":"2015-12-09T17:47:00","guid":{"rendered":"https:\/\/novaorg.cofb.net\/2015\/12\/09\/una-formacio-dagora-sanitaria-busca-ajudar-a-reduir-labandonament-precoc-de-la-lactancia-materna-a-causa-del-dolor-i-la-mastitis\/"},"modified":"2015-12-09T17:47:00","modified_gmt":"2015-12-09T17:47:00","slug":"una-formacio-dagora-sanitaria-busca-ajudar-a-reduir-labandonament-precoc-de-la-lactancia-materna-a-causa-del-dolor-i-la-mastitis","status":"publish","type":"post","link":"https:\/\/www.cofb.org\/es\/2015\/12\/09\/una-formacio-dagora-sanitaria-busca-ajudar-a-reduir-labandonament-precoc-de-la-lactancia-materna-a-causa-del-dolor-i-la-mastitis\/","title":{"rendered":"Una formaci\u00f3n de \u00c1gora Sanitaria busca ayudar a reducir el abandono precoz de la lactancia materna a causa del dolor y la mastitis"},"content":{"rendered":"<p>\u00a0<\/p>\n<ul>\n<li><strong>Se enmarca en un nuevo formato llamado \u00c1gora express, donde la formaci\u00f3n, de no m\u00e1s de una hora de duraci\u00f3n, responde a necesidades concretas manifestadas por parte de los alumnos <\/strong><\/li>\n<li><strong>Una buena recomendaci\u00f3n farmac\u00e9utica puede ayudar a las madres a conseguir una lactancia sin dolor y contribuir as\u00ed a que, en la medida de lo posible, el beb\u00e9 se alimente de leche materna el tiempo recomendado <\/strong><br \/>\u00a0<\/li>\n<\/ul>\n<p><i>Barcelona, 9 de diciembre de 2015 <\/i><span>En numerosos estudios se ha demostrado la importancia de la lactancia materna para el beb\u00e9 que, entre otros beneficios, fomenta su desarrollo sensorial y cognitivo, y le protege de las enfermedades infecciosas y cr\u00f3nicas, tal y como apunta la OMS. <b>Para dar m\u00e1s herramientas a los farmac\u00e9uticos que ayuden a evitar el abandono precoz de la lactancia materna a causa de afecciones como la mastitis, \u00c1gora Sanitaria,<\/b> el portal de formaci\u00f3n online de los Colegios de Farmac\u00e9uticos de Barcelona y Madrid, <b>ha puesto en marcha el curso &quot;Lactancia sin dolor: mastitis y probi\u00f3ticos&quot;<\/b>. Para acceder a las <a href=\"http:\/\/www.agorasanitaria.com\/web\/guest\/oferta-formativa?p_p_id=portletllistatactivitats_WAR_portletllistatactivitats_INSTANCE_O4dm&amp;p_p_lifecycle=0&amp;p_p_state=normal&amp;p_p_mode=view&amp;p_p_col_id=column-1&amp;p_p_col_pos=2&amp;p_p_col_count=3&amp;_portletllistatactivitats_WAR_portletllistatactivitats_INSTANCE_O4dm_strutsAction=%2Fview%2Fdetall&amp;_portletllistatactivitats_WAR_portletllistatactivitats_INSTANCE_O4dm_id=231\">inscripciones<\/a>, abiertas hasta el 18 de noviembre de 2016, se puede realizar a trav\u00e9s de la web de \u00c1gora Sanitaria.<span class=\"apple-converted-space\">\u00a0<\/span><\/span><\/p>\n<p class=\"MsoNormal\"><b><u><span>Probi\u00f3ticos, una nueva herramienta en el campo de las mastitis<\/p>\n<p><\/span><\/u><\/b><\/p>\n<p class=\"MsoNormal\"><span>Con esta formaci\u00f3n, que cuenta con el <b>patrocinio de Angelini Farmac\u00e9utica,<\/b> \u00c1gora persigue proporcionar<b> m\u00e1s herramientas a los farmac\u00e9uticos para abordar las consultas sobre mastitis, <\/b>una de las m\u00e1s habituales en el postparto, y realizar, de esta forma, una <b>correcta recomendaci\u00f3n farmac\u00e9utica, contando con el recurso de los probi\u00f3ticos.<\/b> Estos microorganismos vivos, al ingerirse en cantidades adecuadas, ayudan a equilibrar la flora bacteriana de la gl\u00e1ndula mamaria ya restablecer el equilibrio de la flora mamaria.<span class=\"apple-converted-space\">\u00a0<\/p>\n<p><\/span><\/span><\/p>\n<p class=\"MsoNormal\"><span>La formaci\u00f3n \u2013elaborada por un equipo multidisciplinar que cuenta con la participaci\u00f3n de una matrona y una farmac\u00e9utica comunitaria\u2013 se centra tambi\u00e9n en la correcta aplicaci\u00f3n de las recomendaciones de actuaci\u00f3n farmac\u00e9utica ante una consulta por dolor en el pecho durante la lactancia, c\u00f3mo acompa\u00f1ar la indicaci\u00f3n farmac\u00e9utica de informaci\u00f3n personalizada y qu\u00e9 medidas higi\u00e9nico-diet\u00e9ticas proporcionar para el tratamiento y prevenci\u00f3n de las mastitis.<\/span><\/p>\n<p><b><u><span>\u00c1gora express, nuevo formato puesto en marcha en el portal<span class=\"apple-converted-space\">\u00a0<\/p>\n<p><\/span><\/span><\/u><\/b><\/p>\n<p class=\"MsoNormal\"><span>Este curso sobre mastitis se enmarca en el nuevo formato que se ha puesto en marcha llamado <b>\u00c1gora Express.<\/b> Gracias a este sistema, se ofrecen c<b>ursos de temas espec\u00edficos de no m\u00e1s de una hora duraci\u00f3n, <\/b>que responden a actualizaciones puntuales o necesidades concretas manifestadas por parte de los alumnos. A su vez, tambi\u00e9n se proporciona una <b>formaci\u00f3n r\u00e1pida y efectiva en cuestiones que el farmac\u00e9utico necesita en su d\u00eda a d\u00eda,<\/b> y el eje de aprendizaje se basa en el enfoque pr\u00e1ctico de los contenidos y la colaboraci\u00f3n e intercambio de experiencias entre los participantes.<\/span><\/p>\n<p class=\"MsoNormal\"><strong><span>Para m\u00e1s informaci\u00f3n:<\/span><\/strong><span><br \/>Departamento de Comunicaci\u00f3n del Colegio de Farmac\u00e9uticos de Barcelona (COFB)<br \/>premsa@cofb.net \/ Tels. 93 244 07 28 \/ 18<\/p>\n<p><\/span><\/p>\n<p>\u00a0Se enmarca en un nuevo formato llamado \u00c1gora express, donde la formaci\u00f3n, de no m\u00e1s de una hora de duraci\u00f3n, responde a necesidades concretas manifestadas por parte de los alumnos. Una buena recomendaci\u00f3n farmac\u00e9utica puede ayudar a las madres a conseguir una lactancia sin dolor y contribuir as\u00ed a que, en la medida de lo posible, el beb\u00e9 se alimente de leche materna el tiempo recomendado Barcelona, 9 de diciembre de 2015. En numerosos estudios se ha demostrado la importancia de la lactancia materna para el beb\u00e9 que, entre otros beneficios, fomenta su desarrollo sensorial y cognitivo, y le protege de las enfermedades infecciosas y cr\u00f3nicas, tal y como apunta la OMS. Para dar m\u00e1s herramientas a los farmac\u00e9uticos que ayuden a evitar el abandono precoz de la lactancia materna a causa de afecciones como la mastitis, \u00c1gora Sanitaria, el portal de formaci\u00f3n online de los Colegios de Farmac\u00e9uticos de Barcelona y Madrid, ha puesto en marcha el curso \u201cLactancia sin dolor: mastitis y probi\u00f3ticos\u201d. Para acceder a las inscripciones, abiertas hasta el 18 de noviembre de 2016, se puede realizar a trav\u00e9s de la web de \u00c1gora Sanitaria. Probi\u00f3ticos, una nueva herramienta en el campo de las mastitis Con esta formaci\u00f3n, que cuenta con el patrocinio de Angelini Farmac\u00e9utica, \u00c1gora persigue proporcionar m\u00e1s herramientas a los farmac\u00e9uticos para abordar las consultas sobre mastitis, una de las m\u00e1s habituales en el postparto, y realizar, de esta forma, una correcta recomendaci\u00f3n farmac\u00e9utica, contando con el recurso de los probi\u00f3ticos. Estos microorganismos vivos, al ingerirse en cantidades adecuadas, ayudan a equilibrar la flora bacteriana de la gl\u00e1ndula mamaria ya restablecer el equilibrio de la flora mamaria. La formaci\u00f3n \u2013elaborada por un equipo multidisciplinar que cuenta con la participaci\u00f3n de una matrona y una farmac\u00e9utica comunitaria\u2013 se centra tambi\u00e9n en la correcta aplicaci\u00f3n de las recomendaciones de actuaci\u00f3n farmac\u00e9utica ante una consulta por dolor en el pecho durante la lactancia, c\u00f3mo acompa\u00f1ar la indicaci\u00f3n farmac\u00e9utica de informaci\u00f3n personalizada y qu\u00e9 medidas higi\u00e9nico-diet\u00e9ticas proporcionar para el tratamiento y la prevenci\u00f3n de las mastitis.\u00c1gora express, nuevo formato puesto en marcha en el portal Este curso sobre mastitis se enmarca en el nuevo formato que se ha puesto en marcha llamado \u00c1gora Express. Gracias a este sistema, se ofrecen cursos de temas espec\u00edficos de no m\u00e1s de una hora de duraci\u00f3n, que responden a actualizaciones puntuales o necesidades concretas manifestadas por parte de los alumnos. A su vez, tambi\u00e9n se proporciona una formaci\u00f3n r\u00e1pida y efectiva en cuestiones que el farmac\u00e9utico necesita en su d\u00eda a d\u00eda, y el eje de aprendizaje se basa en el enfoque pr\u00e1ctico de los contenidos y la colaboraci\u00f3n e intercambio de experiencias entre los participantes.Para m\u00e1s informaci\u00f3n:Departamento de Comunicaci\u00f3n del Colegio de Farmac\u00e9uticos de Barcelona (COFB)premsa@cofb.net \/ Tels. 93 244 07 28 \/ 18 COFB.ORG<\/p>","protected":false},"excerpt":{"rendered":"<p>\u00a0 Se enmarca en un nuevo formato llamado \u00c1gora express, donde la formaci\u00f3n, de no m\u00e1s de una hora de duraci\u00f3n, responde a necesidades concretas manifestadas por parte de los alumnos. Una buena recomendaci\u00f3n farmac\u00e9utica puede ayudar a las madres a conseguir una lactancia sin dolor y contribuir a que, [ ]<\/p>","protected":false},"author":1,"featured_media":0,"comment_status":"","ping_status":"","sticky":false,"template":"","format":"standard","meta":{"_uag_custom_page_level_css":"","site-sidebar-layout":"default","site-content-layout":"","ast-site-content-layout":"default","site-content-style":"default","site-sidebar-style":"default","ast-global-header-display":"","ast-banner-title-visibility":"","ast-main-header-display":"","ast-hfb-above-header-display":"","ast-hfb-below-header-display":"","ast-hfb-mobile-header-display":"","site-post-title":"","ast-breadcrumbs-content":"","ast-featured-img":"disabled","footer-sml-layout":"","theme-transparent-header-meta":"","adv-header-id-meta":"","stick-header-meta":"","header-above-stick-meta":"","header-main-stick-meta":"","header-below-stick-meta":"","astra-migrate-meta-layouts":"default","ast-page-background-enabled":"default","ast-page-background-meta":{"desktop":{"background-color":"var(--ast-global-color-4)","background-image":"","background-repeat":"repeat","background-position":"center center","background-size":"auto","background-attachment":"scroll","background-type":"","background-media":"","overlay-type":"","overlay-color":"","overlay-opacity":"","overlay-gradient":""},"tablet":{"background-color":"","background-image":"","background-repeat":"repeat","background-position":"center center","background-size":"auto","background-attachment":"scroll","background-type":"","background-media":"","overlay-type":"","overlay-color":"","overlay-opacity":"","overlay-gradient":""},"mobile":{"background-color":"","background-image":"","background-repeat":"repeat","background-position":"center center","background-size":"auto","background-attachment":"scroll","background-type":"","background-media":"","overlay-type":"","overlay-color":"","overlay-opacity":"","overlay-gradient":""}},"ast-content-background-meta":{"desktop":{"background-color":"var(--ast-global-color-5)","background-image":"","background-repeat":"repeat","background-position":"center center","background-size":"auto","background-attachment":"scroll","background-type":"","background-media":"","overlay-type":"","overlay-color":"","overlay-opacity":"","overlay-gradient":""},"tablet":{"background-color":"var(--ast-global-color-5)","background-image":"","background-repeat":"repeat","background-position":"center center","background-size":"auto","background-attachment":"scroll","background-type":"","background-media":"","overlay-type":"","overlay-color":"","overlay-opacity":"","overlay-gradient":""},"mobile":{"background-color":"var(--ast-global-color-5)","background-image":"","background-repeat":"repeat","background-position":"center center","background-size":"auto","background-attachment":"scroll","background-type":"","background-media":"","overlay-type":"","overlay-color":"","overlay-opacity":"","overlay-gradient":""}},"footnotes":""},"categories":[1060,1066],"tags":[],"class_list":["post-77426","post","type-post","status-publish","format-standard","hentry","category-notes-premsa","category-sense-categoria-ca"],"yoast_head":"<!-- This site is optimized with the Yoast SEO plugin v22.4 - https:\/\/yoast.com\/wordpress\/plugins\/seo\/ -->\n<title>Una formaci\u00f3 d&#039;\u00c0gora Sanit\u00e0ria busca ajudar a reduir l&#039;abandonament preco\u00e7 de la lact\u00e0ncia materna a causa del dolor i la mastitis - Col\u00b7legi de Farmac\u00e8utics de Barcelona<\/title>\n<meta name=\"robots\" content=\"index, follow, max-snippet:-1, max-image-preview:large, max-video-preview:-1\" \/>\n<link rel=\"canonical\" href=\"https:\/\/novaorg.cofb.net\/2015\/12\/09\/una-formacio-dagora-sanitaria-busca-ajudar-a-reduir-labandonament-precoc-de-la-lactancia-materna-a-causa-del-dolor-i-la-mastitis\/\" \/>\n<meta property=\"og:locale\" content=\"es_ES\" \/>\n<meta property=\"og:type\" content=\"article\" \/>\n<meta property=\"og:title\" content=\"Una formaci\u00f3 d&#039;\u00c0gora Sanit\u00e0ria busca ajudar a reduir l&#039;abandonament preco\u00e7 de la lact\u00e0ncia materna a causa del dolor i la mastitis - Col\u00b7legi de Farmac\u00e8utics de Barcelona\" \/>\n<meta property=\"og:description\" content=\"\u00a0 S&#8217;emmarca en un nou format anomenat \u00c0gora express, on la formaci\u00f3, de no m\u00e9s d&#8217;una hora de durada, respon a necessitats concretes manifestades per part dels alumnes Una bona recomanaci\u00f3 farmac\u00e8utica pot ajudar a les mares a aconseguir una lact\u00e0ncia sense dolor i contribuir aix\u00ed al fet que, en [&hellip;]\" \/>\n<meta property=\"og:url\" content=\"https:\/\/novaorg.cofb.net\/2015\/12\/09\/una-formacio-dagora-sanitaria-busca-ajudar-a-reduir-labandonament-precoc-de-la-lactancia-materna-a-causa-del-dolor-i-la-mastitis\/\" \/>\n<meta property=\"og:site_name\" content=\"Col\u00b7legi de Farmac\u00e8utics de Barcelona\" \/>\n<meta property=\"article:publisher\" content=\"https:\/\/www.facebook.com\/farmaceuticsbcn\/\" \/>\n<meta property=\"article:published_time\" content=\"2015-12-09T17:47:00+00:00\" \/>\n<meta name=\"author\" content=\"wpAdminCofbOrg\" \/>\n<meta name=\"twitter:card\" content=\"summary_large_image\" \/>\n<meta name=\"twitter:creator\" content=\"@farmaceuticsbcn\" \/>\n<meta name=\"twitter:site\" content=\"@farmaceuticsbcn\" \/>\n<meta name=\"twitter:label1\" content=\"Escrito por\" \/>\n\t<meta name=\"twitter:data1\" content=\"wpAdminCofbOrg\" \/>\n\t<meta name=\"twitter:label2\" content=\"Tiempo de lectura\" \/>\n\t<meta name=\"twitter:data2\" content=\"5 minutos\" \/>\n<script type=\"application\/ld+json\" class=\"yoast-schema-graph\">{\"@context\":\"https:\/\/schema.org\",\"@graph\":[{\"@type\":\"Article\",\"@id\":\"https:\/\/novaorg.cofb.net\/2015\/12\/09\/una-formacio-dagora-sanitaria-busca-ajudar-a-reduir-labandonament-precoc-de-la-lactancia-materna-a-causa-del-dolor-i-la-mastitis\/#article\",\"isPartOf\":{\"@id\":\"https:\/\/novaorg.cofb.net\/2015\/12\/09\/una-formacio-dagora-sanitaria-busca-ajudar-a-reduir-labandonament-precoc-de-la-lactancia-materna-a-causa-del-dolor-i-la-mastitis\/\"},\"author\":{\"name\":\"wpAdminCofbOrg\",\"@id\":\"https:\/\/www.cofb.org\/#\/schema\/person\/22ed7eea88da74b0fa4d3154ad87ffcb\"},\"headline\":\"Una formaci\u00f3 d&#8217;\u00c0gora Sanit\u00e0ria busca ajudar a reduir l&#8217;abandonament preco\u00e7 de la lact\u00e0ncia materna a causa del dolor i la mastitis\",\"datePublished\":\"2015-12-09T17:47:00+00:00\",\"dateModified\":\"2015-12-09T17:47:00+00:00\",\"mainEntityOfPage\":{\"@id\":\"https:\/\/novaorg.cofb.net\/2015\/12\/09\/una-formacio-dagora-sanitaria-busca-ajudar-a-reduir-labandonament-precoc-de-la-lactancia-materna-a-causa-del-dolor-i-la-mastitis\/\"},\"wordCount\":1013,\"publisher\":{\"@id\":\"https:\/\/www.cofb.org\/#organization\"},\"articleSection\":[\"Notes de premsa\",\"Sense categoria\"],\"inLanguage\":\"es\"},{\"@type\":\"WebPage\",\"@id\":\"https:\/\/novaorg.cofb.net\/2015\/12\/09\/una-formacio-dagora-sanitaria-busca-ajudar-a-reduir-labandonament-precoc-de-la-lactancia-materna-a-causa-del-dolor-i-la-mastitis\/\",\"url\":\"https:\/\/novaorg.cofb.net\/2015\/12\/09\/una-formacio-dagora-sanitaria-busca-ajudar-a-reduir-labandonament-precoc-de-la-lactancia-materna-a-causa-del-dolor-i-la-mastitis\/\",\"name\":\"Una formaci\u00f3 d'\u00c0gora Sanit\u00e0ria busca ajudar a reduir l'abandonament preco\u00e7 de la lact\u00e0ncia materna a causa del dolor i la mastitis - Col\u00b7legi de Farmac\u00e8utics de Barcelona\",\"isPartOf\":{\"@id\":\"https:\/\/www.cofb.org\/#website\"},\"datePublished\":\"2015-12-09T17:47:00+00:00\",\"dateModified\":\"2015-12-09T17:47:00+00:00\",\"breadcrumb\":{\"@id\":\"https:\/\/novaorg.cofb.net\/2015\/12\/09\/una-formacio-dagora-sanitaria-busca-ajudar-a-reduir-labandonament-precoc-de-la-lactancia-materna-a-causa-del-dolor-i-la-mastitis\/#breadcrumb\"},\"inLanguage\":\"es\",\"potentialAction\":[{\"@type\":\"ReadAction\",\"target\":[\"https:\/\/novaorg.cofb.net\/2015\/12\/09\/una-formacio-dagora-sanitaria-busca-ajudar-a-reduir-labandonament-precoc-de-la-lactancia-materna-a-causa-del-dolor-i-la-mastitis\/\"]}]},{\"@type\":\"BreadcrumbList\",\"@id\":\"https:\/\/novaorg.cofb.net\/2015\/12\/09\/una-formacio-dagora-sanitaria-busca-ajudar-a-reduir-labandonament-precoc-de-la-lactancia-materna-a-causa-del-dolor-i-la-mastitis\/#breadcrumb\",\"itemListElement\":[{\"@type\":\"ListItem\",\"position\":1,\"name\":\"Inici\",\"item\":\"https:\/\/novaorg.cofb.net\/\"},{\"@type\":\"ListItem\",\"position\":2,\"name\":\"Una formaci\u00f3 d&#8217;\u00c0gora Sanit\u00e0ria busca ajudar a reduir l&#8217;abandonament preco\u00e7 de la lact\u00e0ncia materna a causa del dolor i la mastitis\"}]},{\"@type\":\"WebSite\",\"@id\":\"https:\/\/www.cofb.org\/#website\",\"url\":\"https:\/\/www.cofb.org\/\",\"name\":\"Col\u00b7legi de Farmac\u00e8utics de Barcelona\",\"description\":\"\",\"publisher\":{\"@id\":\"https:\/\/www.cofb.org\/#organization\"},\"potentialAction\":[{\"@type\":\"SearchAction\",\"target\":{\"@type\":\"EntryPoint\",\"urlTemplate\":\"https:\/\/www.cofb.org\/?s={search_term_string}\"},\"query-input\":\"required name=search_term_string\"}],\"inLanguage\":\"es\"},{\"@type\":\"Organization\",\"@id\":\"https:\/\/www.cofb.org\/#organization\",\"name\":\"Col\u00b7legi de Farmac\u00e8utics de Barcelona\",\"url\":\"https:\/\/www.cofb.org\/\",\"logo\":{\"@type\":\"ImageObject\",\"inLanguage\":\"es\",\"@id\":\"https:\/\/www.cofb.org\/#\/schema\/logo\/image\/\",\"url\":\"https:\/\/www.cofb.org\/wp-content\/uploads\/2023\/11\/cropped-Logotip-COFB.png\",\"contentUrl\":\"https:\/\/www.cofb.org\/wp-content\/uploads\/2023\/11\/cropped-Logotip-COFB.png\",\"width\":500,\"height\":105,\"caption\":\"Col\u00b7legi de Farmac\u00e8utics de Barcelona\"},\"image\":{\"@id\":\"https:\/\/www.cofb.org\/#\/schema\/logo\/image\/\"},\"sameAs\":[\"https:\/\/www.facebook.com\/farmaceuticsbcn\/\",\"https:\/\/twitter.com\/farmaceuticsbcn\",\"https:\/\/www.instagram.com\/farmaceuticsbcn\/\",\"https:\/\/www.linkedin.com\/company\/farmaceuticsbcn\/\"]},{\"@type\":\"Person\",\"@id\":\"https:\/\/www.cofb.org\/#\/schema\/person\/22ed7eea88da74b0fa4d3154ad87ffcb\",\"name\":\"wpAdminCofbOrg\",\"image\":{\"@type\":\"ImageObject\",\"inLanguage\":\"es\",\"@id\":\"https:\/\/www.cofb.org\/#\/schema\/person\/image\/\",\"url\":\"https:\/\/secure.gravatar.com\/avatar\/1721b20b3b8ca882c3b56ec6c978c594fff670e40c0718e9190eaeeb76aae7d8?s=96&d=mm&r=g\",\"contentUrl\":\"https:\/\/secure.gravatar.com\/avatar\/1721b20b3b8ca882c3b56ec6c978c594fff670e40c0718e9190eaeeb76aae7d8?s=96&d=mm&r=g\",\"caption\":\"wpAdminCofbOrg\"},\"sameAs\":[\"http:\/\/192.168.64.122\/wordpress\"],\"url\":\"https:\/\/www.cofb.org\/es\/author\/wpadmincofborg\/\"}]}<\/script>\n<!-- \/ Yoast SEO plugin. -->","yoast_head_json":{"title":"Una formaci\u00f3 d'\u00c0gora Sanit\u00e0ria busca ajudar a reduir l'abandonament preco\u00e7 de la lact\u00e0ncia materna a causa del dolor i la mastitis - Col\u00b7legi de Farmac\u00e8utics de Barcelona","robots":{"index":"index","follow":"follow","max-snippet":"max-snippet:-1","max-image-preview":"max-image-preview:large","max-video-preview":"max-video-preview:-1"},"canonical":"https:\/\/novaorg.cofb.net\/2015\/12\/09\/una-formacio-dagora-sanitaria-busca-ajudar-a-reduir-labandonament-precoc-de-la-lactancia-materna-a-causa-del-dolor-i-la-mastitis\/","og_locale":"es_ES","og_type":"article","og_title":"Una formaci\u00f3 d'\u00c0gora Sanit\u00e0ria busca ajudar a reduir l'abandonament preco\u00e7 de la lact\u00e0ncia materna a causa del dolor i la mastitis - Col\u00b7legi de Farmac\u00e8utics de Barcelona","og_description":"\u00a0 S&#8217;emmarca en un nou format anomenat \u00c0gora express, on la formaci\u00f3, de no m\u00e9s d&#8217;una hora de durada, respon a necessitats concretes manifestades per part dels alumnes Una bona recomanaci\u00f3 farmac\u00e8utica pot ajudar a les mares a aconseguir una lact\u00e0ncia sense dolor i contribuir aix\u00ed al fet que, en [&hellip;]","og_url":"https:\/\/novaorg.cofb.net\/2015\/12\/09\/una-formacio-dagora-sanitaria-busca-ajudar-a-reduir-labandonament-precoc-de-la-lactancia-materna-a-causa-del-dolor-i-la-mastitis\/","og_site_name":"Col\u00b7legi de Farmac\u00e8utics de Barcelona","article_publisher":"https:\/\/www.facebook.com\/farmaceuticsbcn\/","article_published_time":"2015-12-09T17:47:00+00:00","author":"wpAdminCofbOrg","twitter_card":"summary_large_image","twitter_creator":"@farmaceuticsbcn","twitter_site":"@farmaceuticsbcn","twitter_misc":{"Escrito por":"wpAdminCofbOrg","Tiempo de lectura":"5 minutos"},"schema":{"@context":"https:\/\/schema.org","@graph":[{"@type":"Article","@id":"https:\/\/novaorg.cofb.net\/2015\/12\/09\/una-formacio-dagora-sanitaria-busca-ajudar-a-reduir-labandonament-precoc-de-la-lactancia-materna-a-causa-del-dolor-i-la-mastitis\/#article","isPartOf":{"@id":"https:\/\/novaorg.cofb.net\/2015\/12\/09\/una-formacio-dagora-sanitaria-busca-ajudar-a-reduir-labandonament-precoc-de-la-lactancia-materna-a-causa-del-dolor-i-la-mastitis\/"},"author":{"name":"wpAdminCofbOrg","@id":"https:\/\/www.cofb.org\/#\/schema\/person\/22ed7eea88da74b0fa4d3154ad87ffcb"},"headline":"Una formaci\u00f3 d&#8217;\u00c0gora Sanit\u00e0ria busca ajudar a reduir l&#8217;abandonament preco\u00e7 de la lact\u00e0ncia materna a causa del dolor i la mastitis","datePublished":"2015-12-09T17:47:00+00:00","dateModified":"2015-12-09T17:47:00+00:00","mainEntityOfPage":{"@id":"https:\/\/novaorg.cofb.net\/2015\/12\/09\/una-formacio-dagora-sanitaria-busca-ajudar-a-reduir-labandonament-precoc-de-la-lactancia-materna-a-causa-del-dolor-i-la-mastitis\/"},"wordCount":1013,"publisher":{"@id":"https:\/\/www.cofb.org\/#organization"},"articleSection":["Notes de premsa","Sense categoria"],"inLanguage":"es"},{"@type":"WebPage","@id":"https:\/\/novaorg.cofb.net\/2015\/12\/09\/una-formacio-dagora-sanitaria-busca-ajudar-a-reduir-labandonament-precoc-de-la-lactancia-materna-a-causa-del-dolor-i-la-mastitis\/","url":"https:\/\/novaorg.cofb.net\/2015\/12\/09\/una-formacio-dagora-sanitaria-busca-ajudar-a-reduir-labandonament-precoc-de-la-lactancia-materna-a-causa-del-dolor-i-la-mastitis\/","name":"Una formaci\u00f3 d'\u00c0gora Sanit\u00e0ria busca ajudar a reduir l'abandonament preco\u00e7 de la lact\u00e0ncia materna a causa del dolor i la mastitis - Col\u00b7legi de Farmac\u00e8utics de Barcelona","isPartOf":{"@id":"https:\/\/www.cofb.org\/#website"},"datePublished":"2015-12-09T17:47:00+00:00","dateModified":"2015-12-09T17:47:00+00:00","breadcrumb":{"@id":"https:\/\/novaorg.cofb.net\/2015\/12\/09\/una-formacio-dagora-sanitaria-busca-ajudar-a-reduir-labandonament-precoc-de-la-lactancia-materna-a-causa-del-dolor-i-la-mastitis\/#breadcrumb"},"inLanguage":"es","potentialAction":[{"@type":"ReadAction","target":["https:\/\/novaorg.cofb.net\/2015\/12\/09\/una-formacio-dagora-sanitaria-busca-ajudar-a-reduir-labandonament-precoc-de-la-lactancia-materna-a-causa-del-dolor-i-la-mastitis\/"]}]},{"@type":"BreadcrumbList","@id":"https:\/\/novaorg.cofb.net\/2015\/12\/09\/una-formacio-dagora-sanitaria-busca-ajudar-a-reduir-labandonament-precoc-de-la-lactancia-materna-a-causa-del-dolor-i-la-mastitis\/#breadcrumb","itemListElement":[{"@type":"ListItem","position":1,"name":"Inici","item":"https:\/\/novaorg.cofb.net\/"},{"@type":"ListItem","position":2,"name":"Una formaci\u00f3 d&#8217;\u00c0gora Sanit\u00e0ria busca ajudar a reduir l&#8217;abandonament preco\u00e7 de la lact\u00e0ncia materna a causa del dolor i la mastitis"}]},{"@type":"WebSite","@id":"https:\/\/www.cofb.org\/#website","url":"https:\/\/www.cofb.org\/","name":"Col\u00b7legi de Farmac\u00e8utics de Barcelona","description":"","publisher":{"@id":"https:\/\/www.cofb.org\/#organization"},"potentialAction":[{"@type":"SearchAction","target":{"@type":"EntryPoint","urlTemplate":"https:\/\/www.cofb.org\/?s={search_term_string}"},"query-input":"required name=search_term_string"}],"inLanguage":"es"},{"@type":"Organization","@id":"https:\/\/www.cofb.org\/#organization","name":"Col\u00b7legi de Farmac\u00e8utics de Barcelona","url":"https:\/\/www.cofb.org\/","logo":{"@type":"ImageObject","inLanguage":"es","@id":"https:\/\/www.cofb.org\/#\/schema\/logo\/image\/","url":"https:\/\/www.cofb.org\/wp-content\/uploads\/2023\/11\/cropped-Logotip-COFB.png","contentUrl":"https:\/\/www.cofb.org\/wp-content\/uploads\/2023\/11\/cropped-Logotip-COFB.png","width":500,"height":105,"caption":"Col\u00b7legi de Farmac\u00e8utics de Barcelona"},"image":{"@id":"https:\/\/www.cofb.org\/#\/schema\/logo\/image\/"},"sameAs":["https:\/\/www.facebook.com\/farmaceuticsbcn\/","https:\/\/twitter.com\/farmaceuticsbcn","https:\/\/www.instagram.com\/farmaceuticsbcn\/","https:\/\/www.linkedin.com\/company\/farmaceuticsbcn\/"]},{"@type":"Person","@id":"https:\/\/www.cofb.org\/#\/schema\/person\/22ed7eea88da74b0fa4d3154ad87ffcb","name":"wpAdminCofbOrg","image":{"@type":"ImageObject","inLanguage":"es","@id":"https:\/\/www.cofb.org\/#\/schema\/person\/image\/","url":"https:\/\/secure.gravatar.com\/avatar\/1721b20b3b8ca882c3b56ec6c978c594fff670e40c0718e9190eaeeb76aae7d8?s=96&d=mm&r=g","contentUrl":"https:\/\/secure.gravatar.com\/avatar\/1721b20b3b8ca882c3b56ec6c978c594fff670e40c0718e9190eaeeb76aae7d8?s=96&d=mm&r=g","caption":"wpAdminCofbOrg"},"sameAs":["http:\/\/192.168.64.122\/wordpress"],"url":"https:\/\/www.cofb.org\/es\/author\/wpadmincofborg\/"}]}},"uagb_featured_image_src":{"full":false,"thumbnail":false,"medium":false,"medium_large":false,"large":false,"1536x1536":false,"2048x2048":false,"trp-custom-language-flag":false},"uagb_author_info":{"display_name":"wpAdminCofbOrg","author_link":"https:\/\/www.cofb.org\/es\/author\/wpadmincofborg\/"},"uagb_comment_info":0,"uagb_excerpt":"\u00a0 S&#8217;emmarca en un nou format anomenat \u00c0gora express, on la formaci\u00f3, de no m\u00e9s d&#8217;una hora de durada, respon a necessitats concretes manifestades per part dels alumnes Una bona recomanaci\u00f3 farmac\u00e8utica pot ajudar a les mares a aconseguir una lact\u00e0ncia sense dolor i contribuir aix\u00ed al fet que, en [&hellip;]","_links":{"self":[{"href":"https:\/\/www.cofb.org\/es\/wp-json\/wp\/v2\/posts\/77426","targetHints":{"allow":["GET"]}}],"collection":[{"href":"https:\/\/www.cofb.org\/es\/wp-json\/wp\/v2\/posts"}],"about":[{"href":"https:\/\/www.cofb.org\/es\/wp-json\/wp\/v2\/types\/post"}],"author":[{"embeddable":true,"href":"https:\/\/www.cofb.org\/es\/wp-json\/wp\/v2\/users\/1"}],"replies":[{"embeddable":true,"href":"https:\/\/www.cofb.org\/es\/wp-json\/wp\/v2\/comments?post=77426"}],"version-history":[{"count":0,"href":"https:\/\/www.cofb.org\/es\/wp-json\/wp\/v2\/posts\/77426\/revisions"}],"wp:attachment":[{"href":"https:\/\/www.cofb.org\/es\/wp-json\/wp\/v2\/media?parent=77426"}],"wp:term":[{"taxonomy":"category","embeddable":true,"href":"https:\/\/www.cofb.org\/es\/wp-json\/wp\/v2\/categories?post=77426"},{"taxonomy":"post_tag","embeddable":true,"href":"https:\/\/www.cofb.org\/es\/wp-json\/wp\/v2\/tags?post=77426"}],"curies":[{"name":"wp","href":"https:\/\/api.w.org\/{rel}","templated":true}]}}