{"id":77377,"date":"2016-10-25T13:42:00","date_gmt":"2016-10-25T13:42:00","guid":{"rendered":"https:\/\/novaorg.cofb.net\/2016\/10\/25\/lajuntament-i-el-collegi-de-farmaceutics-de-barcelona-acorden-estendre-la-xarxa-de-radars\/"},"modified":"2024-08-22T12:27:18","modified_gmt":"2024-08-22T12:27:18","slug":"lajuntament-i-el-collegi-de-farmaceutics-de-barcelona-acorden-estendre-la-xarxa-de-radars","status":"publish","type":"post","link":"https:\/\/www.cofb.org\/es\/2016\/10\/25\/lajuntament-i-el-collegi-de-farmaceutics-de-barcelona-acorden-estendre-la-xarxa-de-radars\/","title":{"rendered":"El Ayuntamiento y el Colegio de Farmac\u00e9uticos de Barcelona acuerdan extender la red de Radares"},"content":{"rendered":"<ul class=\"wp-block-list\">\n<li><strong>La colaboraci\u00f3n de todos los agentes permite tejer una red comunitaria preventiva, realizar un seguimiento personalizado de los usuarios y usuarias, e intentar vincularlos a las actividades y servicios de su barrio<\/strong><\/li>\n\n\n\n<li><strong>\u00a0El proyecto de acci\u00f3n comunitaria, en el que participan ya 495 farmacias, 877 comercios y m\u00e1s de 1.200 vecinos y vecinas voluntarios, evita a 712 personas mayores los riesgos de aislamiento y exclusi\u00f3n<\/strong><\/li>\n\n\n\n<li><strong>Trinitat Vella, Roquetes, Sarri\u00e0 y Tres Torres son los \u00faltimos barrios adheridos al proyecto, que quiere extenderse a dos tercios de la ciudad en los pr\u00f3ximos tres a\u00f1os<\/strong><\/li>\n<\/ul>\n\n\n\n<p>La teniente de Alcald\u00eda de Derechos Sociales, Laia Ortiz, y el presidente del Colegio de Farmac\u00e9uticos de Barcelona, Jordi de Dalmases, han firmado hoy el convenio de colaboraci\u00f3n que da continuidad y quiere extender y consolidar la red de Radars, implantada ya en 31 barrios de la ciudad. Se trata de un proyecto de acci\u00f3n comunitaria que hoy permite a un total de 712 personas mayores evitar los riesgos de exclusi\u00f3n y aislamiento, gracias a la colaboraci\u00f3n e intervenci\u00f3n coordinada de farmacias, comercios, servicios sociales y vecinos y vecinas voluntarias .<\/p>\n\n\n\n<p>El proyecto Radars, que arranc\u00f3 en 2008 en el distrito de Gr\u00e0cia, se dirige especialmente a aquellas personas que viven solas y no cuentan con una red socio-familiar estable que les pueda cubrir sus necesidades sociales, de cari\u00f1o y amistad , con riesgo de resultar invisibles en su entorno. Trinitat Vella, Roquetes, Sarri\u00e0 y Tres Torres son los \u00faltimos barrios adheridos al proyecto Radars, que el Ayuntamiento quiere extender a dos tercios de la ciudad en los pr\u00f3ximos tres a\u00f1os<\/p>\n\n\n\n<p>Impulsado por el Instituto de Servicios Sociales, Radars coordina la colaboraci\u00f3n de entidades, vecinos y vecinas, comercios del barrio, farmacias, y otros servicios, para vertebrar una red comunitaria que posibilite, no s\u00f3lo la detecci\u00f3n de la gente mayor en riesgo de aislamiento o con sentimiento de soledad, sino que permita tambi\u00e9n el desarrollo de acciones preventivas para que personas mayores en situaci\u00f3n de vulnerabilidad puedan seguir disfrutando de autonom\u00eda.<\/p>\n\n\n\n<p>Una de las novedades que contempla el convenio firmado hoy es que las farmacias se puedan convertir en punto de encuentro de estas personas con el objetivo de establecer un v\u00ednculo entre ellas, as\u00ed como ofrecer un espacio donde intercambiar experiencias y desarrollar puntualmente intervenciones de educaci\u00f3n sanitaria.<\/p>\n\n\n\n<h2 class=\"wp-block-heading\"><strong>Funcionamiento del proyecto<\/strong><\/h2>\n\n\n\n<p>La detecci\u00f3n de personas mayores en situaci\u00f3n de vulnerabilidad o soledad se realiza con la colaboraci\u00f3n de todos los Radares vecinales, comerciales y farmacias del barrio, y con la implicaci\u00f3n de las \u00e1reas b\u00e1sicas de salud y otros equipamientos de territorio, que, cuando se detecta una situaci\u00f3n de estas caracter\u00edsticas, se ponen en contacto con los responsables del proyecto, que contactan con la persona y le ofrecen la oportunidad de participar. Con el objetivo de completar esta funci\u00f3n, y con la colaboraci\u00f3n de Cruz Roja, un equipo de voluntarios hacen prospecciones barrio por barrio para detectar a personas mayores que viven solas y que sean potencialmente beneficiarias de Radares.<br>Una vez que la persona mayor se adhiere al proyecto se le ofrece recibir llamadas peri\u00f3dicas de seguimiento, no s\u00f3lo para evaluar su situaci\u00f3n, sino tambi\u00e9n para favorecer la creaci\u00f3n de un v\u00ednculo de confianza con los agentes y recursos del entorno, que facilitan el acompa\u00f1amiento y el v\u00ednculo de esa persona con los servicios y recursos del territorio.<\/p>\n\n\n\n<p>El proyecto busca romper la soledad no deseada, vinculando a las personas usuarias de Radares a su comunidad, para lo que se fomenta su participaci\u00f3n en actividades promovidas por las entidades o equipamientos del barrio, y se favorecen espacios de encuentro que faciliten el establecimiento de relaciones sociales (con otros usuarios Radares, con personas voluntarias del proyecto, con vecinos y vecinas del barrio, etc.).<\/p>\n\n\n\n<h2 class=\"wp-block-heading\"><strong>Las farmacias, agentes clave de Radares<\/strong><\/h2>\n\n\n\n<p>El papel de las farmacias es primordial para el proyecto Radars, ya que sus profesionales tienen un perfil id\u00f3neo como agentes de salud, a la vez que son establecimientos plenamente integrados en el tejido social del entorno. Cada farmacia puede escoger el tipo de intervenci\u00f3n que realiza en el marco del proyecto, y puede actuar como:<\/p>\n\n\n\n<ul class=\"wp-block-list\">\n<li><strong>Radar b\u00e1sico:<\/strong> el farmac\u00e9utico o farmac\u00e9utica podr\u00e1 identificar y comunicar situaciones de riesgo relacionadas con la poblaci\u00f3n diana, aconsejando y derivando a las personas a la red de Servicios Sociales v\u00eda telef\u00f3nica o por correo electr\u00f3nico. Una vez facilitada la informaci\u00f3n del posible usuario, los t\u00e9cnicos municipales validar\u00e1n el caso, para explorar la gravedad de la situaci\u00f3n y derivarlo en el Centro de Servicios Sociales correspondiente.<\/li>\n\n\n\n<li><strong>Farmacias como espacio de mediaci\u00f3n: <\/strong>el farmac\u00e9utico podr\u00e1 interceder y hacer que la farmacia sea un punto de encuentro entre la persona mayor y los servicios sociales. Tambi\u00e9n puede difundir el proyecto con la ayuda de materiales de comunicaci\u00f3n o con la ayuda del voluntariado de las entidades del tercer sector que colaboran.<\/li>\n\n\n\n<li><strong>Radar especializado:<\/strong> el farmac\u00e9utico puede complementar la labor de Servicios Sociales, trabajando en los casos que se ha determinado que requieren de una actuaci\u00f3n de tipo sanitario, como la revisi\u00f3n de medicamentos, seguimiento farmacoterap\u00e9utico con dispositivos de dosificaci\u00f3n personalizada, o educaci\u00f3n sanitaria frente a una patolog\u00eda.<\/li>\n<\/ul>\n\n\n\n<p>Para el presidente del COFB, \u201ces una satisfacci\u00f3n para la profesi\u00f3n la renovaci\u00f3n de este Convenio, puesto que permite demostrar, una vez m\u00e1s, la utilidad social de la farmacia y el compromiso que tiene con las personas. Somos los agentes sanitarios m\u00e1s cercanos, y gracias a proyectos como Radares, podemos desarrollar acciones que van en coherencia con nuestra voluntad de aportar valor al entorno y, m\u00e1s concretamente, mejorar la calidad de vida de la gente mayor, que es uno de los principales colectivos con los que tratamos en la farmacia\u201d.<\/p>\n\n\n\n<p>La teniente de Alcald\u00eda de Derechos Sociales ha destacado, por su parte, que Radares &quot;es un ejemplo extraordinario de implicaci\u00f3n de la comunidad en la calidad de vida de sus propios vecinos y vecinas&quot;, y ha celebrado que la participaci\u00f3n de los diversos agentes hayan permitido un crecimiento sostenido del proyecto a lo largo de los a\u00f1os &quot;que queremos seguir fortaleciendo&quot;. &quot;Una vida comunitaria densa, activa, implicada y comprometida es capital social, un capital tan valioso como el econ\u00f3mico&quot;, ha valorado Ortiz.&nbsp;<\/p>","protected":false},"excerpt":{"rendered":"<p>La teniente de Alcald\u00eda de Derechos Sociales, Laia Ortiz, y el presidente del Colegio de Farmac\u00e9uticos de Barcelona, Jordi de Dalmases, han firmado hoy el convenio de colaboraci\u00f3n que da continuidad y quiere extender y consolidar la red de Radars, implantada ya en 31 barrios de la ciudad. Se trata de un [\u2026]<\/p>","protected":false},"author":1,"featured_media":0,"comment_status":"closed","ping_status":"closed","sticky":false,"template":"","format":"aside","meta":{"_uag_custom_page_level_css":"","site-sidebar-layout":"default","site-content-layout":"","ast-site-content-layout":"default","site-content-style":"default","site-sidebar-style":"default","ast-global-header-display":"","ast-banner-title-visibility":"","ast-main-header-display":"","ast-hfb-above-header-display":"","ast-hfb-below-header-display":"","ast-hfb-mobile-header-display":"","site-post-title":"","ast-breadcrumbs-content":"","ast-featured-img":"disabled","footer-sml-layout":"","theme-transparent-header-meta":"","adv-header-id-meta":"","stick-header-meta":"","header-above-stick-meta":"","header-main-stick-meta":"","header-below-stick-meta":"","astra-migrate-meta-layouts":"set","ast-page-background-enabled":"default","ast-page-background-meta":{"desktop":{"background-color":"var(--ast-global-color-4)","background-image":"","background-repeat":"repeat","background-position":"center center","background-size":"auto","background-attachment":"scroll","background-type":"","background-media":"","overlay-type":"","overlay-color":"","overlay-opacity":"","overlay-gradient":""},"tablet":{"background-color":"","background-image":"","background-repeat":"repeat","background-position":"center center","background-size":"auto","background-attachment":"scroll","background-type":"","background-media":"","overlay-type":"","overlay-color":"","overlay-opacity":"","overlay-gradient":""},"mobile":{"background-color":"","background-image":"","background-repeat":"repeat","background-position":"center center","background-size":"auto","background-attachment":"scroll","background-type":"","background-media":"","overlay-type":"","overlay-color":"","overlay-opacity":"","overlay-gradient":""}},"ast-content-background-meta":{"desktop":{"background-color":"var(--ast-global-color-5)","background-image":"","background-repeat":"repeat","background-position":"center center","background-size":"auto","background-attachment":"scroll","background-type":"","background-media":"","overlay-type":"","overlay-color":"","overlay-opacity":"","overlay-gradient":""},"tablet":{"background-color":"var(--ast-global-color-5)","background-image":"","background-repeat":"repeat","background-position":"center center","background-size":"auto","background-attachment":"scroll","background-type":"","background-media":"","overlay-type":"","overlay-color":"","overlay-opacity":"","overlay-gradient":""},"mobile":{"background-color":"var(--ast-global-color-5)","background-image":"","background-repeat":"repeat","background-position":"center center","background-size":"auto","background-attachment":"scroll","background-type":"","background-media":"","overlay-type":"","overlay-color":"","overlay-opacity":"","overlay-gradient":""}},"footnotes":""},"categories":[23,1060],"tags":[],"class_list":["post-77377","post","type-post","status-publish","format-aside","hentry","category-destacats","category-notes-premsa","post_format-post-format-aside"],"yoast_head":"<!-- This site is optimized with the Yoast SEO plugin v22.4 - https:\/\/yoast.com\/wordpress\/plugins\/seo\/ -->\n<title>L&#039;Ajuntament i el Col\u00b7legi de Farmac\u00e8utics de Barcelona acorden estendre la xarxa de Radars - Col\u00b7legi de Farmac\u00e8utics de Barcelona<\/title>\n<meta name=\"robots\" content=\"index, follow, max-snippet:-1, max-image-preview:large, max-video-preview:-1\" \/>\n<link rel=\"canonical\" href=\"https:\/\/www.cofb.org\/es\/2016\/10\/25\/lajuntament-i-el-collegi-de-farmaceutics-de-barcelona-acorden-estendre-la-xarxa-de-radars\/\" \/>\n<meta property=\"og:locale\" content=\"es_ES\" \/>\n<meta property=\"og:type\" content=\"article\" \/>\n<meta property=\"og:title\" content=\"L&#039;Ajuntament i el Col\u00b7legi de Farmac\u00e8utics de Barcelona acorden estendre la xarxa de Radars - Col\u00b7legi de Farmac\u00e8utics de Barcelona\" \/>\n<meta property=\"og:description\" content=\"La tinenta d\u2019Alcaldia de Drets Socials, Laia Ortiz, i el president del Col\u00b7legi de Farmac\u00e8utics de Barcelona, Jordi de Dalmases, han signat avui el conveni de col\u00b7laboraci\u00f3 que d\u00f3na continu\u00eftat i vol estendre i consolidar la xarxa de Radars, implantada ja en 31 barris de la ciutat. Es tracta d\u2019un [&hellip;]\" \/>\n<meta property=\"og:url\" content=\"https:\/\/www.cofb.org\/es\/2016\/10\/25\/lajuntament-i-el-collegi-de-farmaceutics-de-barcelona-acorden-estendre-la-xarxa-de-radars\/\" \/>\n<meta property=\"og:site_name\" content=\"Col\u00b7legi de Farmac\u00e8utics de Barcelona\" \/>\n<meta property=\"article:publisher\" content=\"https:\/\/www.facebook.com\/farmaceuticsbcn\/\" \/>\n<meta property=\"article:published_time\" content=\"2016-10-25T13:42:00+00:00\" \/>\n<meta property=\"article:modified_time\" content=\"2024-08-22T12:27:18+00:00\" \/>\n<meta name=\"author\" content=\"wpAdminCofbOrg\" \/>\n<meta name=\"twitter:card\" content=\"summary_large_image\" \/>\n<meta name=\"twitter:creator\" content=\"@farmaceuticsbcn\" \/>\n<meta name=\"twitter:site\" content=\"@farmaceuticsbcn\" \/>\n<meta name=\"twitter:label1\" content=\"Escrito por\" \/>\n\t<meta name=\"twitter:data1\" content=\"wpAdminCofbOrg\" \/>\n\t<meta name=\"twitter:label2\" content=\"Tiempo de lectura\" \/>\n\t<meta name=\"twitter:data2\" content=\"6 minutos\" \/>\n<script type=\"application\/ld+json\" class=\"yoast-schema-graph\">{\"@context\":\"https:\/\/schema.org\",\"@graph\":[{\"@type\":\"Article\",\"@id\":\"https:\/\/www.cofb.org\/2016\/10\/25\/lajuntament-i-el-collegi-de-farmaceutics-de-barcelona-acorden-estendre-la-xarxa-de-radars\/#article\",\"isPartOf\":{\"@id\":\"https:\/\/www.cofb.org\/2016\/10\/25\/lajuntament-i-el-collegi-de-farmaceutics-de-barcelona-acorden-estendre-la-xarxa-de-radars\/\"},\"author\":{\"name\":\"wpAdminCofbOrg\",\"@id\":\"https:\/\/www.cofb.org\/#\/schema\/person\/22ed7eea88da74b0fa4d3154ad87ffcb\"},\"headline\":\"L&#8217;Ajuntament i el Col\u00b7legi de Farmac\u00e8utics de Barcelona acorden estendre la xarxa de Radars\",\"datePublished\":\"2016-10-25T13:42:00+00:00\",\"dateModified\":\"2024-08-22T12:27:18+00:00\",\"mainEntityOfPage\":{\"@id\":\"https:\/\/www.cofb.org\/2016\/10\/25\/lajuntament-i-el-collegi-de-farmaceutics-de-barcelona-acorden-estendre-la-xarxa-de-radars\/\"},\"wordCount\":1124,\"publisher\":{\"@id\":\"https:\/\/www.cofb.org\/#organization\"},\"articleSection\":[\"Destacats\",\"Notes de premsa\"],\"inLanguage\":\"es\"},{\"@type\":\"WebPage\",\"@id\":\"https:\/\/www.cofb.org\/2016\/10\/25\/lajuntament-i-el-collegi-de-farmaceutics-de-barcelona-acorden-estendre-la-xarxa-de-radars\/\",\"url\":\"https:\/\/www.cofb.org\/2016\/10\/25\/lajuntament-i-el-collegi-de-farmaceutics-de-barcelona-acorden-estendre-la-xarxa-de-radars\/\",\"name\":\"L'Ajuntament i el Col\u00b7legi de Farmac\u00e8utics de Barcelona acorden estendre la xarxa de Radars - Col\u00b7legi de Farmac\u00e8utics de Barcelona\",\"isPartOf\":{\"@id\":\"https:\/\/www.cofb.org\/#website\"},\"datePublished\":\"2016-10-25T13:42:00+00:00\",\"dateModified\":\"2024-08-22T12:27:18+00:00\",\"breadcrumb\":{\"@id\":\"https:\/\/www.cofb.org\/2016\/10\/25\/lajuntament-i-el-collegi-de-farmaceutics-de-barcelona-acorden-estendre-la-xarxa-de-radars\/#breadcrumb\"},\"inLanguage\":\"es\",\"potentialAction\":[{\"@type\":\"ReadAction\",\"target\":[\"https:\/\/www.cofb.org\/2016\/10\/25\/lajuntament-i-el-collegi-de-farmaceutics-de-barcelona-acorden-estendre-la-xarxa-de-radars\/\"]}]},{\"@type\":\"BreadcrumbList\",\"@id\":\"https:\/\/www.cofb.org\/2016\/10\/25\/lajuntament-i-el-collegi-de-farmaceutics-de-barcelona-acorden-estendre-la-xarxa-de-radars\/#breadcrumb\",\"itemListElement\":[{\"@type\":\"ListItem\",\"position\":1,\"name\":\"Inici\",\"item\":\"https:\/\/novaorg.cofb.net\/\"},{\"@type\":\"ListItem\",\"position\":2,\"name\":\"L&#8217;Ajuntament i el Col\u00b7legi de Farmac\u00e8utics de Barcelona acorden estendre la xarxa de Radars\"}]},{\"@type\":\"WebSite\",\"@id\":\"https:\/\/www.cofb.org\/#website\",\"url\":\"https:\/\/www.cofb.org\/\",\"name\":\"Col\u00b7legi de Farmac\u00e8utics de Barcelona\",\"description\":\"\",\"publisher\":{\"@id\":\"https:\/\/www.cofb.org\/#organization\"},\"potentialAction\":[{\"@type\":\"SearchAction\",\"target\":{\"@type\":\"EntryPoint\",\"urlTemplate\":\"https:\/\/www.cofb.org\/?s={search_term_string}\"},\"query-input\":\"required name=search_term_string\"}],\"inLanguage\":\"es\"},{\"@type\":\"Organization\",\"@id\":\"https:\/\/www.cofb.org\/#organization\",\"name\":\"Col\u00b7legi de Farmac\u00e8utics de Barcelona\",\"url\":\"https:\/\/www.cofb.org\/\",\"logo\":{\"@type\":\"ImageObject\",\"inLanguage\":\"es\",\"@id\":\"https:\/\/www.cofb.org\/#\/schema\/logo\/image\/\",\"url\":\"https:\/\/www.cofb.org\/wp-content\/uploads\/2023\/11\/cropped-Logotip-COFB.png\",\"contentUrl\":\"https:\/\/www.cofb.org\/wp-content\/uploads\/2023\/11\/cropped-Logotip-COFB.png\",\"width\":500,\"height\":105,\"caption\":\"Col\u00b7legi de Farmac\u00e8utics de Barcelona\"},\"image\":{\"@id\":\"https:\/\/www.cofb.org\/#\/schema\/logo\/image\/\"},\"sameAs\":[\"https:\/\/www.facebook.com\/farmaceuticsbcn\/\",\"https:\/\/twitter.com\/farmaceuticsbcn\",\"https:\/\/www.instagram.com\/farmaceuticsbcn\/\",\"https:\/\/www.linkedin.com\/company\/farmaceuticsbcn\/\"]},{\"@type\":\"Person\",\"@id\":\"https:\/\/www.cofb.org\/#\/schema\/person\/22ed7eea88da74b0fa4d3154ad87ffcb\",\"name\":\"wpAdminCofbOrg\",\"image\":{\"@type\":\"ImageObject\",\"inLanguage\":\"es\",\"@id\":\"https:\/\/www.cofb.org\/#\/schema\/person\/image\/\",\"url\":\"https:\/\/secure.gravatar.com\/avatar\/1721b20b3b8ca882c3b56ec6c978c594fff670e40c0718e9190eaeeb76aae7d8?s=96&d=mm&r=g\",\"contentUrl\":\"https:\/\/secure.gravatar.com\/avatar\/1721b20b3b8ca882c3b56ec6c978c594fff670e40c0718e9190eaeeb76aae7d8?s=96&d=mm&r=g\",\"caption\":\"wpAdminCofbOrg\"},\"sameAs\":[\"http:\/\/192.168.64.122\/wordpress\"],\"url\":\"https:\/\/www.cofb.org\/es\/author\/wpadmincofborg\/\"}]}<\/script>\n<!-- \/ Yoast SEO plugin. -->","yoast_head_json":{"title":"L'Ajuntament i el Col\u00b7legi de Farmac\u00e8utics de Barcelona acorden estendre la xarxa de Radars - Col\u00b7legi de Farmac\u00e8utics de Barcelona","robots":{"index":"index","follow":"follow","max-snippet":"max-snippet:-1","max-image-preview":"max-image-preview:large","max-video-preview":"max-video-preview:-1"},"canonical":"https:\/\/www.cofb.org\/es\/2016\/10\/25\/lajuntament-i-el-collegi-de-farmaceutics-de-barcelona-acorden-estendre-la-xarxa-de-radars\/","og_locale":"es_ES","og_type":"article","og_title":"L'Ajuntament i el Col\u00b7legi de Farmac\u00e8utics de Barcelona acorden estendre la xarxa de Radars - Col\u00b7legi de Farmac\u00e8utics de Barcelona","og_description":"La tinenta d\u2019Alcaldia de Drets Socials, Laia Ortiz, i el president del Col\u00b7legi de Farmac\u00e8utics de Barcelona, Jordi de Dalmases, han signat avui el conveni de col\u00b7laboraci\u00f3 que d\u00f3na continu\u00eftat i vol estendre i consolidar la xarxa de Radars, implantada ja en 31 barris de la ciutat. Es tracta d\u2019un [&hellip;]","og_url":"https:\/\/www.cofb.org\/es\/2016\/10\/25\/lajuntament-i-el-collegi-de-farmaceutics-de-barcelona-acorden-estendre-la-xarxa-de-radars\/","og_site_name":"Col\u00b7legi de Farmac\u00e8utics de Barcelona","article_publisher":"https:\/\/www.facebook.com\/farmaceuticsbcn\/","article_published_time":"2016-10-25T13:42:00+00:00","article_modified_time":"2024-08-22T12:27:18+00:00","author":"wpAdminCofbOrg","twitter_card":"summary_large_image","twitter_creator":"@farmaceuticsbcn","twitter_site":"@farmaceuticsbcn","twitter_misc":{"Escrito por":"wpAdminCofbOrg","Tiempo de lectura":"6 minutos"},"schema":{"@context":"https:\/\/schema.org","@graph":[{"@type":"Article","@id":"https:\/\/www.cofb.org\/2016\/10\/25\/lajuntament-i-el-collegi-de-farmaceutics-de-barcelona-acorden-estendre-la-xarxa-de-radars\/#article","isPartOf":{"@id":"https:\/\/www.cofb.org\/2016\/10\/25\/lajuntament-i-el-collegi-de-farmaceutics-de-barcelona-acorden-estendre-la-xarxa-de-radars\/"},"author":{"name":"wpAdminCofbOrg","@id":"https:\/\/www.cofb.org\/#\/schema\/person\/22ed7eea88da74b0fa4d3154ad87ffcb"},"headline":"L&#8217;Ajuntament i el Col\u00b7legi de Farmac\u00e8utics de Barcelona acorden estendre la xarxa de Radars","datePublished":"2016-10-25T13:42:00+00:00","dateModified":"2024-08-22T12:27:18+00:00","mainEntityOfPage":{"@id":"https:\/\/www.cofb.org\/2016\/10\/25\/lajuntament-i-el-collegi-de-farmaceutics-de-barcelona-acorden-estendre-la-xarxa-de-radars\/"},"wordCount":1124,"publisher":{"@id":"https:\/\/www.cofb.org\/#organization"},"articleSection":["Destacats","Notes de premsa"],"inLanguage":"es"},{"@type":"WebPage","@id":"https:\/\/www.cofb.org\/2016\/10\/25\/lajuntament-i-el-collegi-de-farmaceutics-de-barcelona-acorden-estendre-la-xarxa-de-radars\/","url":"https:\/\/www.cofb.org\/2016\/10\/25\/lajuntament-i-el-collegi-de-farmaceutics-de-barcelona-acorden-estendre-la-xarxa-de-radars\/","name":"L'Ajuntament i el Col\u00b7legi de Farmac\u00e8utics de Barcelona acorden estendre la xarxa de Radars - Col\u00b7legi de Farmac\u00e8utics de Barcelona","isPartOf":{"@id":"https:\/\/www.cofb.org\/#website"},"datePublished":"2016-10-25T13:42:00+00:00","dateModified":"2024-08-22T12:27:18+00:00","breadcrumb":{"@id":"https:\/\/www.cofb.org\/2016\/10\/25\/lajuntament-i-el-collegi-de-farmaceutics-de-barcelona-acorden-estendre-la-xarxa-de-radars\/#breadcrumb"},"inLanguage":"es","potentialAction":[{"@type":"ReadAction","target":["https:\/\/www.cofb.org\/2016\/10\/25\/lajuntament-i-el-collegi-de-farmaceutics-de-barcelona-acorden-estendre-la-xarxa-de-radars\/"]}]},{"@type":"BreadcrumbList","@id":"https:\/\/www.cofb.org\/2016\/10\/25\/lajuntament-i-el-collegi-de-farmaceutics-de-barcelona-acorden-estendre-la-xarxa-de-radars\/#breadcrumb","itemListElement":[{"@type":"ListItem","position":1,"name":"Inici","item":"https:\/\/novaorg.cofb.net\/"},{"@type":"ListItem","position":2,"name":"L&#8217;Ajuntament i el Col\u00b7legi de Farmac\u00e8utics de Barcelona acorden estendre la xarxa de Radars"}]},{"@type":"WebSite","@id":"https:\/\/www.cofb.org\/#website","url":"https:\/\/www.cofb.org\/","name":"Col\u00b7legi de Farmac\u00e8utics de Barcelona","description":"","publisher":{"@id":"https:\/\/www.cofb.org\/#organization"},"potentialAction":[{"@type":"SearchAction","target":{"@type":"EntryPoint","urlTemplate":"https:\/\/www.cofb.org\/?s={search_term_string}"},"query-input":"required name=search_term_string"}],"inLanguage":"es"},{"@type":"Organization","@id":"https:\/\/www.cofb.org\/#organization","name":"Col\u00b7legi de Farmac\u00e8utics de Barcelona","url":"https:\/\/www.cofb.org\/","logo":{"@type":"ImageObject","inLanguage":"es","@id":"https:\/\/www.cofb.org\/#\/schema\/logo\/image\/","url":"https:\/\/www.cofb.org\/wp-content\/uploads\/2023\/11\/cropped-Logotip-COFB.png","contentUrl":"https:\/\/www.cofb.org\/wp-content\/uploads\/2023\/11\/cropped-Logotip-COFB.png","width":500,"height":105,"caption":"Col\u00b7legi de Farmac\u00e8utics de Barcelona"},"image":{"@id":"https:\/\/www.cofb.org\/#\/schema\/logo\/image\/"},"sameAs":["https:\/\/www.facebook.com\/farmaceuticsbcn\/","https:\/\/twitter.com\/farmaceuticsbcn","https:\/\/www.instagram.com\/farmaceuticsbcn\/","https:\/\/www.linkedin.com\/company\/farmaceuticsbcn\/"]},{"@type":"Person","@id":"https:\/\/www.cofb.org\/#\/schema\/person\/22ed7eea88da74b0fa4d3154ad87ffcb","name":"wpAdminCofbOrg","image":{"@type":"ImageObject","inLanguage":"es","@id":"https:\/\/www.cofb.org\/#\/schema\/person\/image\/","url":"https:\/\/secure.gravatar.com\/avatar\/1721b20b3b8ca882c3b56ec6c978c594fff670e40c0718e9190eaeeb76aae7d8?s=96&d=mm&r=g","contentUrl":"https:\/\/secure.gravatar.com\/avatar\/1721b20b3b8ca882c3b56ec6c978c594fff670e40c0718e9190eaeeb76aae7d8?s=96&d=mm&r=g","caption":"wpAdminCofbOrg"},"sameAs":["http:\/\/192.168.64.122\/wordpress"],"url":"https:\/\/www.cofb.org\/es\/author\/wpadmincofborg\/"}]}},"uagb_featured_image_src":{"full":false,"thumbnail":false,"medium":false,"medium_large":false,"large":false,"1536x1536":false,"2048x2048":false,"trp-custom-language-flag":false},"uagb_author_info":{"display_name":"wpAdminCofbOrg","author_link":"https:\/\/www.cofb.org\/es\/author\/wpadmincofborg\/"},"uagb_comment_info":0,"uagb_excerpt":"La tinenta d\u2019Alcaldia de Drets Socials, Laia Ortiz, i el president del Col\u00b7legi de Farmac\u00e8utics de Barcelona, Jordi de Dalmases, han signat avui el conveni de col\u00b7laboraci\u00f3 que d\u00f3na continu\u00eftat i vol estendre i consolidar la xarxa de Radars, implantada ja en 31 barris de la ciutat. Es tracta d\u2019un [&hellip;]","_links":{"self":[{"href":"https:\/\/www.cofb.org\/es\/wp-json\/wp\/v2\/posts\/77377","targetHints":{"allow":["GET"]}}],"collection":[{"href":"https:\/\/www.cofb.org\/es\/wp-json\/wp\/v2\/posts"}],"about":[{"href":"https:\/\/www.cofb.org\/es\/wp-json\/wp\/v2\/types\/post"}],"author":[{"embeddable":true,"href":"https:\/\/www.cofb.org\/es\/wp-json\/wp\/v2\/users\/1"}],"replies":[{"embeddable":true,"href":"https:\/\/www.cofb.org\/es\/wp-json\/wp\/v2\/comments?post=77377"}],"version-history":[{"count":2,"href":"https:\/\/www.cofb.org\/es\/wp-json\/wp\/v2\/posts\/77377\/revisions"}],"predecessor-version":[{"id":79385,"href":"https:\/\/www.cofb.org\/es\/wp-json\/wp\/v2\/posts\/77377\/revisions\/79385"}],"wp:attachment":[{"href":"https:\/\/www.cofb.org\/es\/wp-json\/wp\/v2\/media?parent=77377"}],"wp:term":[{"taxonomy":"category","embeddable":true,"href":"https:\/\/www.cofb.org\/es\/wp-json\/wp\/v2\/categories?post=77377"},{"taxonomy":"post_tag","embeddable":true,"href":"https:\/\/www.cofb.org\/es\/wp-json\/wp\/v2\/tags?post=77377"}],"curies":[{"name":"wp","href":"https:\/\/api.w.org\/{rel}","templated":true}]}}