{"id":77375,"date":"2016-10-28T13:25:00","date_gmt":"2016-10-28T13:25:00","guid":{"rendered":"https:\/\/novaorg.cofb.net\/2016\/10\/28\/un-nou-format-dagora-sanitaria-facilita-la-formacio-de-tot-lequip-de-la-farmacia-per-tal-dunificar-el-consell-farmaceutic\/"},"modified":"2016-10-28T13:25:00","modified_gmt":"2016-10-28T13:25:00","slug":"un-nou-format-dagora-sanitaria-facilita-la-formacio-de-tot-lequip-de-la-farmacia-per-tal-dunificar-el-consell-farmaceutic","status":"publish","type":"post","link":"https:\/\/www.cofb.org\/es\/2016\/10\/28\/un-nou-format-dagora-sanitaria-facilita-la-formacio-de-tot-lequip-de-la-farmacia-per-tal-dunificar-el-consell-farmaceutic\/","title":{"rendered":"Un nuevo formato de \u00c0gora Sanit\u00e0ria facilita la formaci\u00f3n de todo el equipo de la farmacia para unificar el consejo farmac\u00e9utico"},"content":{"rendered":"<p>\u00a0<\/p>\n<div><u><strong><br \/>Formaci\u00f3n para toda la farmacia<br \/><\/strong><\/u><\/div>\n<ul>\n<li><strong>El primer curso con esta nueva modalidad formativa est\u00e1 dedicado a los \u201cSeniors, \u00e1reas de inter\u00e9s de la farmacia\u201d y centrado en la actuaci\u00f3n farmac\u00e9utica en personas de edad avanzada <br \/><\/strong><\/li>\n<li><strong>Las inscripciones de la formaci\u00f3n, que empezar\u00e1 el pr\u00f3ximo 2 noviembre y se alargar\u00e1 hasta el mes de junio, est\u00e1n abiertas al <a href=\"http:\/\/www.agorasanitaria.com\/web\/guest\/inscripcio-curs-seniors\" target=\"_blank\" rel=\"noopener\">web espec\u00edfica <\/a>creado desde \u00c1gora Sanitaria<\/strong><br \/>\u00a0<\/li>\n<\/ul>\n<p><i>Barcelona, 28 de octubre de 2016.- <\/i><span>\u201cEste a\u00f1o, una de las principales novedades de \u00c0gora Sanit\u00e0ria se encuentra en el formato: hemos puesto en marcha un curso en el que <\/span><b>en vez de inscribirse un farmac\u00e9utico individualmente, es<\/b><b> el equipo de la farmacia<\/b><span> <\/span><b>lo que se apunta para facilitar la organizaci\u00f3n de la formaci\u00f3n de cada colaborador en funci\u00f3n de las capacidades, inter\u00e9s, experiencia y disponibilidad, entre otros factores; y tambi\u00e9n para dar m\u00e1s herramientas a la hora de unificar el consejo farmac\u00e9utico en colectivos como la gente mayor\u201d.<\/b><span> As\u00ed explica Aina Surroca, vocal del COF de Barcelona, en la que consiste este nuevo formato.<\/span><\/p>\n<p class=\"MsoNormal\">\n<p class=\"MsoNormal\"><b><u>Materiales para facilitar la formaci\u00f3n <\/p>\n<p><\/u><\/b><\/p>\n<p class=\"MsoNormal\"><b>El farmac\u00e9utico que se forme sobre un m\u00f3dulo podr\u00e1 descargarse, al finalizar, material did\u00e1ctico para poder transmitir los puntos clave<\/b> <b>al personal de la farmacia que no la ha cursado<\/b>. De esta manera, se consigue responsabilizar al farmac\u00e9utico que se forma, ya la vez, permite que los dem\u00e1s miembros del equipo que no han podido hacerlo tengan claras las ideas de cara a unificar los criterios de actuaci\u00f3n en el actuaci\u00f3n farmac\u00e9utica. <\/p>\n<p class=\"MsoNormal\">Por otra parte, una vez finalizado el temario, cada farmac\u00e9utico podr\u00e1 descargarse tambi\u00e9n el <b>material te\u00f3rico del curso<\/b> para que le pueda repasar en el momento que m\u00e1s le interese, as\u00ed como <b>diapositivas y un dec\u00e1logo de consejos para dar charlas y educaci\u00f3n sanitaria a los pacientes y cuidadores.<\/p>\n<p><\/b><\/p>\n<p class=\"MsoNormal\"><b><u>&quot;Seniors, \u00e1reas de inter\u00e9s de la farmacia&quot;, el primer curso con el nuevo formato <\/p>\n<p><\/u><\/b><\/p>\n<p class=\"MsoNormal\">El primer curso en el marco de esta modalidad formativa se llama \u201c<b>Seniors, \u00e1reas de inter\u00e9s de la farmacia\u201d, <\/b>que se centra<b> <\/b>en la actuaci\u00f3n farmac\u00e9utica frente a personas de edad avanzada mediante un enfoque pr\u00e1ctico y cuenta con un equipo docente de expertos <b>multidisciplinar<\/b> <b>formado por profesionales sanitarios como m\u00e9dicos, enfermeras y farmac\u00e9uticos comunitarios.<\/b> <\/p>\n<p class=\"MsoNormal\"><b>Estructurado en 5 m\u00f3dulos<\/b> <b>consecutivos que conforman un total de 28 horas lectivas<\/b> (gesti\u00f3n y comunicaci\u00f3n de la categor\u00eda, cuidado de la piel, incontinencia urinaria, alimentaci\u00f3n y nutrici\u00f3n, ayudas t\u00e9cnicas), <b>gracias a este nuevo formato el farmac\u00e9utico puede inscribirse al curso completo o bien distribuir entre los miembros del equipo los diferentes m\u00f3dulos que conforman el curso.<\/p>\n<p><\/b><\/p>\n<p class=\"MsoNormal\">Con el patrocinio de Laboratorios Hartmann, vinculado a los m\u00f3dulos de incontinencia y cuidado de la piel, y dise\u00f1ado en colaboraci\u00f3n con la Universitat Oberta de Catalunya (UOC), <b>las inscripciones estar\u00e1n abiertas hasta el pr\u00f3ximo 2 de noviembre en <a href=\"http:\/\/www.agorasanitaria.com\/web\/guest\/inscripcio-curs-seniors\" target=\"_blank\" rel=\"noopener\">web espec\u00edfica<\/a> creado desde \u00c1gora.<\/p>\n<p><\/b><\/p>\n<p class=\"MsoNormal\"><b><u>\u00bfPor qu\u00e9 esta propuesta?<\/p>\n<p><\/u><\/b><\/p>\n<p class=\"MsoNormal\">Uno de los motivos ha sido la detecci\u00f3n que <b>\u201cmuchas farmacias ten\u00edan dificultades para formarse conjuntamente en determinadas tem\u00e1ticas por una cuesti\u00f3n sobre todo de tiempo y que esto repercut\u00eda a menudo en la dificultad de aplicar a posteriori criterios comunes en el mostrador\u201d, <\/b>concreta Surroca. \u201cPor otra parte, -prosigue- el <b>d\u00eda a d\u00eda que tenemos hoy en las farmacias imposibilita a menudo poder dedicar tiempo de la jornada laboral a la formaci\u00f3n, y en paralelo, tambi\u00e9n resulta dif\u00edcil que el equipo de la farmacia pueda dedicar m\u00e1s horas a actualizarse fuera\u201d.<\/p>\n<p><\/b><\/p>\n<p class=\"MsoNormal\">Teniendo esto en cuenta, se ha planteado el formato de tal forma que permita cumplir con cuatro objetivos principales: <b>fomentar la colaboraci\u00f3n en la farmacia, facilitar el trabajo con los mismos criterios, aportar una soluci\u00f3n a la poca disponibilidad de tiempo y contribuir a la motivaci\u00f3n de todo el equipo en un \u00e1rea especialmente importante como es la atenci\u00f3n a las personas mayores .\u00a0<\/b><\/p>\n<p class=\"MsoNormal\"><b>Para m\u00e1s informaci\u00f3n:<\/p>\n<p><\/b><\/p>\n<p class=\"MsoNormal\">Departamento de Comunicaci\u00f3n del Colegio de Farmac\u00e9uticos de Barcelona (COFB)<\/p>\n<p class=\"MsoNormal\"><a href=\"mailto:premsa@cofb.net\">premsa@cofb.net<\/a> \/ Tels. 93 244 07 28 \/ 18<\/p>\n<p class=\"MsoNormal\"><b><\/p>\n<p><\/b><\/p>\n<p>\u00a0Formaci\u00f3n para toda la farmaciaEl primer curso con esta nueva modalidad formativa est\u00e1 dedicado a los \u201cSeniors, \u00e1reas de inter\u00e9s de la farmacia\u201d y centrado en la actuaci\u00f3n farmac\u00e9utica en personas de edad avanzada Las inscripciones de la formaci\u00f3n, que empezar\u00e1 el pr\u00f3ximo 2 noviembre y se alargar\u00e1 hasta el mes de junio, est\u00e1n abiertas a la web espec\u00edfica creada desde \u00c0gora Sanit\u00e0ria Barcelona, 28 de octubre de 2016.- \u201cEste a\u00f1o, una de las principales novedades de \u00c0gora Sanit\u00e0ria se encuentra en el formato: hemos puesto en marcha un curso en el que en vez de inscribirse un farmac\u00e9utico individualmente, es el equipo de la farmacia el que se apunta para facilitar la organizaci\u00f3n de la formaci\u00f3n de cada colaborador en funci\u00f3n de las capacidades, inter\u00e9s, experiencia y disponibilidad, entre otros factores; y tambi\u00e9n para dar m\u00e1s herramientas a la hora de unificar el consejo farmac\u00e9utico en colectivos como la gente mayor\u201d. As\u00ed explica Aina Surroca, vocal del COF de Barcelona, en la que consiste este nuevo formato. Materiales para facilitar la formaci\u00f3n El farmac\u00e9utico que se forme sobre un m\u00f3dulo podr\u00e1 descargarse, al finalizar, material did\u00e1ctico para poder transmitir los puntos clave al personal de la farmacia que no lo ha cursado. De esta manera, se consigue responsabilizar al farmac\u00e9utico que se forma, ya la vez, permite que los dem\u00e1s miembros del equipo que no han podido hacerlo tengan claras las ideas de cara a unificar los criterios de actuaci\u00f3n en el actuaci\u00f3n farmac\u00e9utica. Por otra parte, una vez finalizado el temario, cada farmac\u00e9utico podr\u00e1 descargarse tambi\u00e9n el material te\u00f3rico del curso para que pueda repasarlo en el momento que m\u00e1s le interese, as\u00ed como diapositivas y un dec\u00e1logo de consejos para dar charlas y educaci\u00f3n sanitaria a los pacientes y cuidadores. \u201cSeniors, \u00e1reas de inter\u00e9s de la farmacia\u201d, el primer curso con el nuevo formato El primer curso en el marco de esta modalidad formativa se llama \u201cSeniors, \u00e1reas de inter\u00e9s de la farmacia\u201d, que se centra en actuaci\u00f3n farmac\u00e9utica ante personas de edad avanzada mediante un enfoque pr\u00e1ctico y cuenta con un equipo docente de expertos multidisciplinar formado por profesionales sanitarios como m\u00e9dicos, enfermeras y farmac\u00e9uticos comunitarios. Estructurado en 5 m\u00f3dulos consecutivos que conforman un total de 28 horas lectivas (gesti\u00f3n y comunicaci\u00f3n de la categor\u00eda, cuidado de la piel, incontinencia urinaria, alimentaci\u00f3n y nutrici\u00f3n, ayudas t\u00e9cnicas), gracias a este nuevo formato el farmac\u00e9utico puede inscribirse al curso completo o bien distribuir entre los miembros del equipo los distintos m\u00f3dulos que conforman el curso. Con el patrocinio de Laboratorios Hartmann, vinculado a los m\u00f3dulos de incontinencia y cuidado de la piel, y dise\u00f1ado en colaboraci\u00f3n con la Universidad Abierta de Catalu\u00f1a (UOC), las inscripciones estar\u00e1n abiertas hasta el pr\u00f3ximo 2 de noviembre en la web espec\u00edfica creada desde de \u00c1gora. \u00bfPor qu\u00e9 esta propuesta? Uno de los motivos ha sido la detecci\u00f3n de que \u201cmuchas farmacias ten\u00edan dificultades para formarse conjuntamente en determinadas tem\u00e1ticas por una cuesti\u00f3n sobre todo de tiempo y que esto repercut\u00eda a menudo en la dificultad de aplicar a posteriori criterios comunes en el mostrador\u201d, concreta Surroca. \u201cPor otra parte, -prosigue- el d\u00eda a d\u00eda que tenemos hoy en las farmacias imposibilita a menudo poder dedicar tiempo de la jornada laboral a la formaci\u00f3n, y en paralelo, tambi\u00e9n resulta dif\u00edcil que el equipo de la farmacia pueda dedicar m\u00e1s horas a actualizarse fuera\u201d. Teniendo esto en cuenta, se ha planteado el formato de tal forma que permita cumplir con cuatro objetivos principales: fomentar la colaboraci\u00f3n en la farmacia, facilitar el trabajo con los mismos criterios, aportar una soluci\u00f3n a la poca disponibilidad de tiempo y contribuir a la motivaci\u00f3n de todo el equipo en un \u00e1rea especialmente importante como es la atenci\u00f3n a las personas mayores. Para m\u00e1s informaci\u00f3n: Departamento de Comunicaci\u00f3n del Colegio de Farmac\u00e9uticos de Barcelona (COFB) premsa@cofb.net \/ Tels. 93 244 07 28 \/ 18 COFB.ORG<\/p>","protected":false},"excerpt":{"rendered":"<p>\u00a0 Formaci\u00f3n para toda la farmacia El primer curso con esta nueva modalidad formativa est\u00e1 dedicado a los \u201cSeniors, \u00e1reas de inter\u00e9s de la farmacia\u201d y centrado en la actuaci\u00f3n farmac\u00e9utica en personas de edad avanzada Las inscripciones de la formaci\u00f3n, que empezar\u00e1 el pr\u00f3ximo 2 noviembre y se alargar\u00e1 hasta el mes de [\u2026]<\/p>","protected":false},"author":1,"featured_media":0,"comment_status":"","ping_status":"","sticky":false,"template":"","format":"standard","meta":{"_uag_custom_page_level_css":"","site-sidebar-layout":"default","site-content-layout":"","ast-site-content-layout":"default","site-content-style":"default","site-sidebar-style":"default","ast-global-header-display":"","ast-banner-title-visibility":"","ast-main-header-display":"","ast-hfb-above-header-display":"","ast-hfb-below-header-display":"","ast-hfb-mobile-header-display":"","site-post-title":"","ast-breadcrumbs-content":"","ast-featured-img":"disabled","footer-sml-layout":"","theme-transparent-header-meta":"","adv-header-id-meta":"","stick-header-meta":"","header-above-stick-meta":"","header-main-stick-meta":"","header-below-stick-meta":"","astra-migrate-meta-layouts":"default","ast-page-background-enabled":"default","ast-page-background-meta":{"desktop":{"background-color":"var(--ast-global-color-4)","background-image":"","background-repeat":"repeat","background-position":"center center","background-size":"auto","background-attachment":"scroll","background-type":"","background-media":"","overlay-type":"","overlay-color":"","overlay-opacity":"","overlay-gradient":""},"tablet":{"background-color":"","background-image":"","background-repeat":"repeat","background-position":"center center","background-size":"auto","background-attachment":"scroll","background-type":"","background-media":"","overlay-type":"","overlay-color":"","overlay-opacity":"","overlay-gradient":""},"mobile":{"background-color":"","background-image":"","background-repeat":"repeat","background-position":"center center","background-size":"auto","background-attachment":"scroll","background-type":"","background-media":"","overlay-type":"","overlay-color":"","overlay-opacity":"","overlay-gradient":""}},"ast-content-background-meta":{"desktop":{"background-color":"var(--ast-global-color-5)","background-image":"","background-repeat":"repeat","background-position":"center center","background-size":"auto","background-attachment":"scroll","background-type":"","background-media":"","overlay-type":"","overlay-color":"","overlay-opacity":"","overlay-gradient":""},"tablet":{"background-color":"var(--ast-global-color-5)","background-image":"","background-repeat":"repeat","background-position":"center center","background-size":"auto","background-attachment":"scroll","background-type":"","background-media":"","overlay-type":"","overlay-color":"","overlay-opacity":"","overlay-gradient":""},"mobile":{"background-color":"var(--ast-global-color-5)","background-image":"","background-repeat":"repeat","background-position":"center center","background-size":"auto","background-attachment":"scroll","background-type":"","background-media":"","overlay-type":"","overlay-color":"","overlay-opacity":"","overlay-gradient":""}},"footnotes":""},"categories":[1060,1066],"tags":[],"class_list":["post-77375","post","type-post","status-publish","format-standard","hentry","category-notes-premsa","category-sense-categoria-ca"],"yoast_head":"<!-- This site is optimized with the Yoast SEO plugin v22.4 - https:\/\/yoast.com\/wordpress\/plugins\/seo\/ -->\n<title>Un nou format d&#039;\u00c0gora Sanit\u00e0ria facilita la formaci\u00f3 de tot l&#039;equip de la farm\u00e0cia per tal d&#039;unificar el consell farmac\u00e8utic - Col\u00b7legi de Farmac\u00e8utics de Barcelona<\/title>\n<meta name=\"robots\" content=\"index, follow, max-snippet:-1, max-image-preview:large, max-video-preview:-1\" \/>\n<link rel=\"canonical\" href=\"https:\/\/novaorg.cofb.net\/2016\/10\/28\/un-nou-format-dagora-sanitaria-facilita-la-formacio-de-tot-lequip-de-la-farmacia-per-tal-dunificar-el-consell-farmaceutic\/\" \/>\n<meta property=\"og:locale\" content=\"es_ES\" \/>\n<meta property=\"og:type\" content=\"article\" \/>\n<meta property=\"og:title\" content=\"Un nou format d&#039;\u00c0gora Sanit\u00e0ria facilita la formaci\u00f3 de tot l&#039;equip de la farm\u00e0cia per tal d&#039;unificar el consell farmac\u00e8utic - Col\u00b7legi de Farmac\u00e8utics de Barcelona\" \/>\n<meta property=\"og:description\" content=\"\u00a0 Formaci\u00f3 per a tota la farm\u00e0cia El primer curs amb aquesta nova modalitat formativa est\u00e0 dedicat als \u201cS\u00e8niors, \u00e0rees d\u2019inter\u00e8s de la farm\u00e0cia\u201d i centrat en l\u2019actuaci\u00f3 farmac\u00e8utica en persones d\u2019edat avan\u00e7ada Les inscripcions de la formaci\u00f3, que comen\u00e7ar\u00e0 el proper 2 novembre i s\u2019allargar\u00e0 fins el mes de [&hellip;]\" \/>\n<meta property=\"og:url\" content=\"https:\/\/novaorg.cofb.net\/2016\/10\/28\/un-nou-format-dagora-sanitaria-facilita-la-formacio-de-tot-lequip-de-la-farmacia-per-tal-dunificar-el-consell-farmaceutic\/\" \/>\n<meta property=\"og:site_name\" content=\"Col\u00b7legi de Farmac\u00e8utics de Barcelona\" \/>\n<meta property=\"article:publisher\" content=\"https:\/\/www.facebook.com\/farmaceuticsbcn\/\" \/>\n<meta property=\"article:published_time\" content=\"2016-10-28T13:25:00+00:00\" \/>\n<meta name=\"author\" content=\"wpAdminCofbOrg\" \/>\n<meta name=\"twitter:card\" content=\"summary_large_image\" \/>\n<meta name=\"twitter:creator\" content=\"@farmaceuticsbcn\" \/>\n<meta name=\"twitter:site\" content=\"@farmaceuticsbcn\" \/>\n<meta name=\"twitter:label1\" content=\"Escrito por\" \/>\n\t<meta name=\"twitter:data1\" content=\"wpAdminCofbOrg\" \/>\n\t<meta name=\"twitter:label2\" content=\"Tiempo de lectura\" \/>\n\t<meta name=\"twitter:data2\" content=\"7 minutos\" \/>\n<script type=\"application\/ld+json\" class=\"yoast-schema-graph\">{\"@context\":\"https:\/\/schema.org\",\"@graph\":[{\"@type\":\"Article\",\"@id\":\"https:\/\/novaorg.cofb.net\/2016\/10\/28\/un-nou-format-dagora-sanitaria-facilita-la-formacio-de-tot-lequip-de-la-farmacia-per-tal-dunificar-el-consell-farmaceutic\/#article\",\"isPartOf\":{\"@id\":\"https:\/\/novaorg.cofb.net\/2016\/10\/28\/un-nou-format-dagora-sanitaria-facilita-la-formacio-de-tot-lequip-de-la-farmacia-per-tal-dunificar-el-consell-farmaceutic\/\"},\"author\":{\"name\":\"wpAdminCofbOrg\",\"@id\":\"https:\/\/www.cofb.org\/#\/schema\/person\/22ed7eea88da74b0fa4d3154ad87ffcb\"},\"headline\":\"Un nou format d&#8217;\u00c0gora Sanit\u00e0ria facilita la formaci\u00f3 de tot l&#8217;equip de la farm\u00e0cia per tal d&#8217;unificar el consell farmac\u00e8utic\",\"datePublished\":\"2016-10-28T13:25:00+00:00\",\"dateModified\":\"2016-10-28T13:25:00+00:00\",\"mainEntityOfPage\":{\"@id\":\"https:\/\/novaorg.cofb.net\/2016\/10\/28\/un-nou-format-dagora-sanitaria-facilita-la-formacio-de-tot-lequip-de-la-farmacia-per-tal-dunificar-el-consell-farmaceutic\/\"},\"wordCount\":1435,\"publisher\":{\"@id\":\"https:\/\/www.cofb.org\/#organization\"},\"articleSection\":[\"Notes de premsa\",\"Sense categoria\"],\"inLanguage\":\"es\"},{\"@type\":\"WebPage\",\"@id\":\"https:\/\/novaorg.cofb.net\/2016\/10\/28\/un-nou-format-dagora-sanitaria-facilita-la-formacio-de-tot-lequip-de-la-farmacia-per-tal-dunificar-el-consell-farmaceutic\/\",\"url\":\"https:\/\/novaorg.cofb.net\/2016\/10\/28\/un-nou-format-dagora-sanitaria-facilita-la-formacio-de-tot-lequip-de-la-farmacia-per-tal-dunificar-el-consell-farmaceutic\/\",\"name\":\"Un nou format d'\u00c0gora Sanit\u00e0ria facilita la formaci\u00f3 de tot l'equip de la farm\u00e0cia per tal d'unificar el consell farmac\u00e8utic - Col\u00b7legi de Farmac\u00e8utics de Barcelona\",\"isPartOf\":{\"@id\":\"https:\/\/www.cofb.org\/#website\"},\"datePublished\":\"2016-10-28T13:25:00+00:00\",\"dateModified\":\"2016-10-28T13:25:00+00:00\",\"breadcrumb\":{\"@id\":\"https:\/\/novaorg.cofb.net\/2016\/10\/28\/un-nou-format-dagora-sanitaria-facilita-la-formacio-de-tot-lequip-de-la-farmacia-per-tal-dunificar-el-consell-farmaceutic\/#breadcrumb\"},\"inLanguage\":\"es\",\"potentialAction\":[{\"@type\":\"ReadAction\",\"target\":[\"https:\/\/novaorg.cofb.net\/2016\/10\/28\/un-nou-format-dagora-sanitaria-facilita-la-formacio-de-tot-lequip-de-la-farmacia-per-tal-dunificar-el-consell-farmaceutic\/\"]}]},{\"@type\":\"BreadcrumbList\",\"@id\":\"https:\/\/novaorg.cofb.net\/2016\/10\/28\/un-nou-format-dagora-sanitaria-facilita-la-formacio-de-tot-lequip-de-la-farmacia-per-tal-dunificar-el-consell-farmaceutic\/#breadcrumb\",\"itemListElement\":[{\"@type\":\"ListItem\",\"position\":1,\"name\":\"Inici\",\"item\":\"https:\/\/novaorg.cofb.net\/\"},{\"@type\":\"ListItem\",\"position\":2,\"name\":\"Un nou format d&#8217;\u00c0gora Sanit\u00e0ria facilita la formaci\u00f3 de tot l&#8217;equip de la farm\u00e0cia per tal d&#8217;unificar el consell farmac\u00e8utic\"}]},{\"@type\":\"WebSite\",\"@id\":\"https:\/\/www.cofb.org\/#website\",\"url\":\"https:\/\/www.cofb.org\/\",\"name\":\"Col\u00b7legi de Farmac\u00e8utics de Barcelona\",\"description\":\"\",\"publisher\":{\"@id\":\"https:\/\/www.cofb.org\/#organization\"},\"potentialAction\":[{\"@type\":\"SearchAction\",\"target\":{\"@type\":\"EntryPoint\",\"urlTemplate\":\"https:\/\/www.cofb.org\/?s={search_term_string}\"},\"query-input\":\"required name=search_term_string\"}],\"inLanguage\":\"es\"},{\"@type\":\"Organization\",\"@id\":\"https:\/\/www.cofb.org\/#organization\",\"name\":\"Col\u00b7legi de Farmac\u00e8utics de Barcelona\",\"url\":\"https:\/\/www.cofb.org\/\",\"logo\":{\"@type\":\"ImageObject\",\"inLanguage\":\"es\",\"@id\":\"https:\/\/www.cofb.org\/#\/schema\/logo\/image\/\",\"url\":\"https:\/\/www.cofb.org\/wp-content\/uploads\/2023\/11\/cropped-Logotip-COFB.png\",\"contentUrl\":\"https:\/\/www.cofb.org\/wp-content\/uploads\/2023\/11\/cropped-Logotip-COFB.png\",\"width\":500,\"height\":105,\"caption\":\"Col\u00b7legi de Farmac\u00e8utics de Barcelona\"},\"image\":{\"@id\":\"https:\/\/www.cofb.org\/#\/schema\/logo\/image\/\"},\"sameAs\":[\"https:\/\/www.facebook.com\/farmaceuticsbcn\/\",\"https:\/\/twitter.com\/farmaceuticsbcn\",\"https:\/\/www.instagram.com\/farmaceuticsbcn\/\",\"https:\/\/www.linkedin.com\/company\/farmaceuticsbcn\/\"]},{\"@type\":\"Person\",\"@id\":\"https:\/\/www.cofb.org\/#\/schema\/person\/22ed7eea88da74b0fa4d3154ad87ffcb\",\"name\":\"wpAdminCofbOrg\",\"image\":{\"@type\":\"ImageObject\",\"inLanguage\":\"es\",\"@id\":\"https:\/\/www.cofb.org\/#\/schema\/person\/image\/\",\"url\":\"https:\/\/secure.gravatar.com\/avatar\/1721b20b3b8ca882c3b56ec6c978c594fff670e40c0718e9190eaeeb76aae7d8?s=96&d=mm&r=g\",\"contentUrl\":\"https:\/\/secure.gravatar.com\/avatar\/1721b20b3b8ca882c3b56ec6c978c594fff670e40c0718e9190eaeeb76aae7d8?s=96&d=mm&r=g\",\"caption\":\"wpAdminCofbOrg\"},\"sameAs\":[\"http:\/\/192.168.64.122\/wordpress\"],\"url\":\"https:\/\/www.cofb.org\/es\/author\/wpadmincofborg\/\"}]}<\/script>\n<!-- \/ Yoast SEO plugin. -->","yoast_head_json":{"title":"Un nou format d'\u00c0gora Sanit\u00e0ria facilita la formaci\u00f3 de tot l'equip de la farm\u00e0cia per tal d'unificar el consell farmac\u00e8utic - Col\u00b7legi de Farmac\u00e8utics de Barcelona","robots":{"index":"index","follow":"follow","max-snippet":"max-snippet:-1","max-image-preview":"max-image-preview:large","max-video-preview":"max-video-preview:-1"},"canonical":"https:\/\/novaorg.cofb.net\/2016\/10\/28\/un-nou-format-dagora-sanitaria-facilita-la-formacio-de-tot-lequip-de-la-farmacia-per-tal-dunificar-el-consell-farmaceutic\/","og_locale":"es_ES","og_type":"article","og_title":"Un nou format d'\u00c0gora Sanit\u00e0ria facilita la formaci\u00f3 de tot l'equip de la farm\u00e0cia per tal d'unificar el consell farmac\u00e8utic - Col\u00b7legi de Farmac\u00e8utics de Barcelona","og_description":"\u00a0 Formaci\u00f3 per a tota la farm\u00e0cia El primer curs amb aquesta nova modalitat formativa est\u00e0 dedicat als \u201cS\u00e8niors, \u00e0rees d\u2019inter\u00e8s de la farm\u00e0cia\u201d i centrat en l\u2019actuaci\u00f3 farmac\u00e8utica en persones d\u2019edat avan\u00e7ada Les inscripcions de la formaci\u00f3, que comen\u00e7ar\u00e0 el proper 2 novembre i s\u2019allargar\u00e0 fins el mes de [&hellip;]","og_url":"https:\/\/novaorg.cofb.net\/2016\/10\/28\/un-nou-format-dagora-sanitaria-facilita-la-formacio-de-tot-lequip-de-la-farmacia-per-tal-dunificar-el-consell-farmaceutic\/","og_site_name":"Col\u00b7legi de Farmac\u00e8utics de Barcelona","article_publisher":"https:\/\/www.facebook.com\/farmaceuticsbcn\/","article_published_time":"2016-10-28T13:25:00+00:00","author":"wpAdminCofbOrg","twitter_card":"summary_large_image","twitter_creator":"@farmaceuticsbcn","twitter_site":"@farmaceuticsbcn","twitter_misc":{"Escrito por":"wpAdminCofbOrg","Tiempo de lectura":"7 minutos"},"schema":{"@context":"https:\/\/schema.org","@graph":[{"@type":"Article","@id":"https:\/\/novaorg.cofb.net\/2016\/10\/28\/un-nou-format-dagora-sanitaria-facilita-la-formacio-de-tot-lequip-de-la-farmacia-per-tal-dunificar-el-consell-farmaceutic\/#article","isPartOf":{"@id":"https:\/\/novaorg.cofb.net\/2016\/10\/28\/un-nou-format-dagora-sanitaria-facilita-la-formacio-de-tot-lequip-de-la-farmacia-per-tal-dunificar-el-consell-farmaceutic\/"},"author":{"name":"wpAdminCofbOrg","@id":"https:\/\/www.cofb.org\/#\/schema\/person\/22ed7eea88da74b0fa4d3154ad87ffcb"},"headline":"Un nou format d&#8217;\u00c0gora Sanit\u00e0ria facilita la formaci\u00f3 de tot l&#8217;equip de la farm\u00e0cia per tal d&#8217;unificar el consell farmac\u00e8utic","datePublished":"2016-10-28T13:25:00+00:00","dateModified":"2016-10-28T13:25:00+00:00","mainEntityOfPage":{"@id":"https:\/\/novaorg.cofb.net\/2016\/10\/28\/un-nou-format-dagora-sanitaria-facilita-la-formacio-de-tot-lequip-de-la-farmacia-per-tal-dunificar-el-consell-farmaceutic\/"},"wordCount":1435,"publisher":{"@id":"https:\/\/www.cofb.org\/#organization"},"articleSection":["Notes de premsa","Sense categoria"],"inLanguage":"es"},{"@type":"WebPage","@id":"https:\/\/novaorg.cofb.net\/2016\/10\/28\/un-nou-format-dagora-sanitaria-facilita-la-formacio-de-tot-lequip-de-la-farmacia-per-tal-dunificar-el-consell-farmaceutic\/","url":"https:\/\/novaorg.cofb.net\/2016\/10\/28\/un-nou-format-dagora-sanitaria-facilita-la-formacio-de-tot-lequip-de-la-farmacia-per-tal-dunificar-el-consell-farmaceutic\/","name":"Un nou format d'\u00c0gora Sanit\u00e0ria facilita la formaci\u00f3 de tot l'equip de la farm\u00e0cia per tal d'unificar el consell farmac\u00e8utic - Col\u00b7legi de Farmac\u00e8utics de Barcelona","isPartOf":{"@id":"https:\/\/www.cofb.org\/#website"},"datePublished":"2016-10-28T13:25:00+00:00","dateModified":"2016-10-28T13:25:00+00:00","breadcrumb":{"@id":"https:\/\/novaorg.cofb.net\/2016\/10\/28\/un-nou-format-dagora-sanitaria-facilita-la-formacio-de-tot-lequip-de-la-farmacia-per-tal-dunificar-el-consell-farmaceutic\/#breadcrumb"},"inLanguage":"es","potentialAction":[{"@type":"ReadAction","target":["https:\/\/novaorg.cofb.net\/2016\/10\/28\/un-nou-format-dagora-sanitaria-facilita-la-formacio-de-tot-lequip-de-la-farmacia-per-tal-dunificar-el-consell-farmaceutic\/"]}]},{"@type":"BreadcrumbList","@id":"https:\/\/novaorg.cofb.net\/2016\/10\/28\/un-nou-format-dagora-sanitaria-facilita-la-formacio-de-tot-lequip-de-la-farmacia-per-tal-dunificar-el-consell-farmaceutic\/#breadcrumb","itemListElement":[{"@type":"ListItem","position":1,"name":"Inici","item":"https:\/\/novaorg.cofb.net\/"},{"@type":"ListItem","position":2,"name":"Un nou format d&#8217;\u00c0gora Sanit\u00e0ria facilita la formaci\u00f3 de tot l&#8217;equip de la farm\u00e0cia per tal d&#8217;unificar el consell farmac\u00e8utic"}]},{"@type":"WebSite","@id":"https:\/\/www.cofb.org\/#website","url":"https:\/\/www.cofb.org\/","name":"Col\u00b7legi de Farmac\u00e8utics de Barcelona","description":"","publisher":{"@id":"https:\/\/www.cofb.org\/#organization"},"potentialAction":[{"@type":"SearchAction","target":{"@type":"EntryPoint","urlTemplate":"https:\/\/www.cofb.org\/?s={search_term_string}"},"query-input":"required name=search_term_string"}],"inLanguage":"es"},{"@type":"Organization","@id":"https:\/\/www.cofb.org\/#organization","name":"Col\u00b7legi de Farmac\u00e8utics de Barcelona","url":"https:\/\/www.cofb.org\/","logo":{"@type":"ImageObject","inLanguage":"es","@id":"https:\/\/www.cofb.org\/#\/schema\/logo\/image\/","url":"https:\/\/www.cofb.org\/wp-content\/uploads\/2023\/11\/cropped-Logotip-COFB.png","contentUrl":"https:\/\/www.cofb.org\/wp-content\/uploads\/2023\/11\/cropped-Logotip-COFB.png","width":500,"height":105,"caption":"Col\u00b7legi de Farmac\u00e8utics de Barcelona"},"image":{"@id":"https:\/\/www.cofb.org\/#\/schema\/logo\/image\/"},"sameAs":["https:\/\/www.facebook.com\/farmaceuticsbcn\/","https:\/\/twitter.com\/farmaceuticsbcn","https:\/\/www.instagram.com\/farmaceuticsbcn\/","https:\/\/www.linkedin.com\/company\/farmaceuticsbcn\/"]},{"@type":"Person","@id":"https:\/\/www.cofb.org\/#\/schema\/person\/22ed7eea88da74b0fa4d3154ad87ffcb","name":"wpAdminCofbOrg","image":{"@type":"ImageObject","inLanguage":"es","@id":"https:\/\/www.cofb.org\/#\/schema\/person\/image\/","url":"https:\/\/secure.gravatar.com\/avatar\/1721b20b3b8ca882c3b56ec6c978c594fff670e40c0718e9190eaeeb76aae7d8?s=96&d=mm&r=g","contentUrl":"https:\/\/secure.gravatar.com\/avatar\/1721b20b3b8ca882c3b56ec6c978c594fff670e40c0718e9190eaeeb76aae7d8?s=96&d=mm&r=g","caption":"wpAdminCofbOrg"},"sameAs":["http:\/\/192.168.64.122\/wordpress"],"url":"https:\/\/www.cofb.org\/es\/author\/wpadmincofborg\/"}]}},"uagb_featured_image_src":{"full":false,"thumbnail":false,"medium":false,"medium_large":false,"large":false,"1536x1536":false,"2048x2048":false,"trp-custom-language-flag":false},"uagb_author_info":{"display_name":"wpAdminCofbOrg","author_link":"https:\/\/www.cofb.org\/es\/author\/wpadmincofborg\/"},"uagb_comment_info":0,"uagb_excerpt":"\u00a0 Formaci\u00f3 per a tota la farm\u00e0cia El primer curs amb aquesta nova modalitat formativa est\u00e0 dedicat als \u201cS\u00e8niors, \u00e0rees d\u2019inter\u00e8s de la farm\u00e0cia\u201d i centrat en l\u2019actuaci\u00f3 farmac\u00e8utica en persones d\u2019edat avan\u00e7ada Les inscripcions de la formaci\u00f3, que comen\u00e7ar\u00e0 el proper 2 novembre i s\u2019allargar\u00e0 fins el mes de [&hellip;]","_links":{"self":[{"href":"https:\/\/www.cofb.org\/es\/wp-json\/wp\/v2\/posts\/77375","targetHints":{"allow":["GET"]}}],"collection":[{"href":"https:\/\/www.cofb.org\/es\/wp-json\/wp\/v2\/posts"}],"about":[{"href":"https:\/\/www.cofb.org\/es\/wp-json\/wp\/v2\/types\/post"}],"author":[{"embeddable":true,"href":"https:\/\/www.cofb.org\/es\/wp-json\/wp\/v2\/users\/1"}],"replies":[{"embeddable":true,"href":"https:\/\/www.cofb.org\/es\/wp-json\/wp\/v2\/comments?post=77375"}],"version-history":[{"count":0,"href":"https:\/\/www.cofb.org\/es\/wp-json\/wp\/v2\/posts\/77375\/revisions"}],"wp:attachment":[{"href":"https:\/\/www.cofb.org\/es\/wp-json\/wp\/v2\/media?parent=77375"}],"wp:term":[{"taxonomy":"category","embeddable":true,"href":"https:\/\/www.cofb.org\/es\/wp-json\/wp\/v2\/categories?post=77375"},{"taxonomy":"post_tag","embeddable":true,"href":"https:\/\/www.cofb.org\/es\/wp-json\/wp\/v2\/tags?post=77375"}],"curies":[{"name":"wp","href":"https:\/\/api.w.org\/{rel}","templated":true}]}}