{"id":77366,"date":"2016-12-13T17:23:00","date_gmt":"2016-12-13T17:23:00","guid":{"rendered":"https:\/\/novaorg.cofb.net\/2016\/12\/13\/canvi-en-la-vicepresidencia-del-collegi-de-farmaceutics-de-barcelona\/"},"modified":"2016-12-13T17:23:00","modified_gmt":"2016-12-13T17:23:00","slug":"canvi-en-la-vicepresidencia-del-collegi-de-farmaceutics-de-barcelona","status":"publish","type":"post","link":"https:\/\/www.cofb.org\/es\/2016\/12\/13\/canvi-en-la-vicepresidencia-del-collegi-de-farmaceutics-de-barcelona\/","title":{"rendered":"Cambio en la vicepresidencia del Colegio de Farmac\u00e9uticos de Barcelona"},"content":{"rendered":"<p>\u00a0<\/p>\n<p><i>Barcelona, 13 de diciembre de 2016.-<\/i><b> <u><span><a href=\"http:\/\/www.cofb.org\/es\/web\/guest\/48\/\">N\u00faria Bosch<\/a><\/span><\/u> ser\u00e1 la nueva vicepresidenta del Colegio de Farmac\u00e9uticos de Barcelona (COFB)<\/b><span> despu\u00e9s de que <\/span><b>Francesc Pla<\/b><span> \u2013quien ocupaba el cargo hasta ahora\u2013 <\/span><b>haya presentado su dimisi\u00f3n. <\/b><span>El nuevo nombramiento se decidi\u00f3 en la Junta de Gobierno celebrada ayer <\/span><b>de acuerdo con lo que<\/b><span> <\/span><b>marca el art\u00edculo 34 de los <\/b><b><a href=\"http:\/\/www.cofb.org\/es\/c\/document_library\/get_file\/?uuid=d7638dc5-8130-4d34-ac75-2e2c8516cfd6&amp;groupId=10136\" target=\"_blank\" rel=\"noopener\">Estatutos<\/a><\/b><b> del Colegio: <\/b><span>\u201ccuando la vacante se produzca en uno de los siguientes cargos: vicepresidente, secretario o tesorero, se podr\u00e1 cubrir entre los miembros de la Junta de Gobierno restantes a propuesta del presidente, por acuerdo de la mayor\u00eda absoluta de todos los miembros de la Junta\u201d. Por su parte,<\/span><b> N\u00faria Bosch, que ocupaba la posici\u00f3n de vicetesorera, ser\u00e1 sustituida en el cargo por <a href=\"http:\/\/www.cofb.org\/es\/web\/guest\/49\/\" target=\"_blank\" rel=\"noopener\">Guillermo Bagaria<\/a>, hasta el momento vocal segundo.<\/b><\/p>\n<p>El motivo por el que Pla ha puesto su cargo a disposici\u00f3n ha sido la percepci\u00f3n de p\u00e9rdida de confianza por parte de la instituci\u00f3n en la labor que estaba desarrollando. Sin embargo, <b>la Junta de Gobierno agradece la dedicaci\u00f3n de Francesc Pla a la instituci\u00f3n durante m\u00e1s de 8 a\u00f1os.<\/b> Su papel ha sido clave en la <b>implantaci\u00f3n de la receta electr\u00f3nica en Catalu\u00f1a <\/b>y en las <b>mejoras progresivas que se han ido logrando <\/b>en este sistema extremadamente complejo. Adem\u00e1s de haber participado, entre otros proyectos, en la <b>creaci\u00f3n del portal de servicios del Consejo de Colegios de Farmac\u00e9uticos de Catalunya.<\/b><\/p>\n<p class=\"MsoNormal\"><b>Para m\u00e1s informaci\u00f3n: <\/p>\n<p><\/b><\/p>\n<p class=\"MsoNormal\">Departamento de Comunicaci\u00f3n del Colegio de Farmac\u00e9uticos de Barcelona (COFB)<\/p>\n<p class=\"MsoNormal\">Tel\u00e9fono: 93 244 07 28 \/ 18\u00a0<\/p>\n<p class=\"MsoNormal\"><a href=\"mailto:premsa@cofb.net\">premsa@cofb.net<\/a> <\/p>\n<p><b><\/p>\n<p><\/b><\/p>\n<p>\u00a0Barcelona, 13 de diciembre de 2016.- N\u00faria Bosch ser\u00e1 la nueva vicepresidenta del Colegio de Farmac\u00e9uticos de Barcelona (COFB) despu\u00e9s de que Francesc Pla \u2013quien ocupaba el cargo hasta ahora\u2013 haya presentado su dimisi\u00f3n. El nuevo nombramiento se decidi\u00f3 en la Junta de Gobierno celebrada ayer de acuerdo con lo que marca el art\u00edculo 34 de los Estatutos del Colegio: \u201ccuando la vacante se produzca en uno de los siguientes cargos: vicepresidente, secretario o tesorero, se podr\u00e1 cubrir entre los miembros de la Junta de Gobierno restantes a propuesta del presidente, por acuerdo de la mayor\u00eda absoluta de todos los miembros de la Junta\u201d. Por su parte, N\u00faria Bosch, que ocupaba la posici\u00f3n de vicetesorera, ser\u00e1 sustituida en el cargo por Guillermo Bagaria, hasta el momento vocal segundo. El motivo por el que Pla ha puesto su cargo a disposici\u00f3n ha sido la percepci\u00f3n de p\u00e9rdida de confianza por parte de la instituci\u00f3n en la labor que estaba desarrollando. Sin embargo, la Junta de Gobierno agradece la dedicaci\u00f3n de Francesc Pla a la instituci\u00f3n durante m\u00e1s de 8 a\u00f1os. Su papel ha sido clave en la implantaci\u00f3n de la receta electr\u00f3nica en Catalu\u00f1a y en las progresivas mejoras que se han ido alcanzando en este sistema extremadamente complejo. Adem\u00e1s de haber participado, entre otros proyectos, en la creaci\u00f3n del portal de servicios del Consejo de Colegios de Farmac\u00e9uticos de Catalunya.Para m\u00e1s informaci\u00f3n: Departamento de Comunicaci\u00f3n del Colegio de Farmac\u00e9uticos de Barcelona (COFB) Tel\u00e9fono: 93 244 07 28 \/ 18 premsa@cofb.net COFB.ORG<\/p>","protected":false},"excerpt":{"rendered":"<p>\u00a0 Barcelona, 13 de diciembre de 2016.- N\u00faria Bosch ser\u00e1 la nueva vicepresidenta del Colegio de Farmac\u00e9uticos de Barcelona (COFB) despu\u00e9s de que Francesc Pla \u2013quien ocupaba el cargo hasta ahora\u2013 haya presentado su dimisi\u00f3n. El nuevo nombramiento se decidi\u00f3 en la Junta de Gobierno celebrada ayer de acuerdo con [\u2026]<\/p>","protected":false},"author":1,"featured_media":0,"comment_status":"","ping_status":"","sticky":false,"template":"","format":"standard","meta":{"_uag_custom_page_level_css":"","site-sidebar-layout":"default","site-content-layout":"","ast-site-content-layout":"default","site-content-style":"default","site-sidebar-style":"default","ast-global-header-display":"","ast-banner-title-visibility":"","ast-main-header-display":"","ast-hfb-above-header-display":"","ast-hfb-below-header-display":"","ast-hfb-mobile-header-display":"","site-post-title":"","ast-breadcrumbs-content":"","ast-featured-img":"disabled","footer-sml-layout":"","theme-transparent-header-meta":"","adv-header-id-meta":"","stick-header-meta":"","header-above-stick-meta":"","header-main-stick-meta":"","header-below-stick-meta":"","astra-migrate-meta-layouts":"default","ast-page-background-enabled":"default","ast-page-background-meta":{"desktop":{"background-color":"var(--ast-global-color-4)","background-image":"","background-repeat":"repeat","background-position":"center center","background-size":"auto","background-attachment":"scroll","background-type":"","background-media":"","overlay-type":"","overlay-color":"","overlay-opacity":"","overlay-gradient":""},"tablet":{"background-color":"","background-image":"","background-repeat":"repeat","background-position":"center center","background-size":"auto","background-attachment":"scroll","background-type":"","background-media":"","overlay-type":"","overlay-color":"","overlay-opacity":"","overlay-gradient":""},"mobile":{"background-color":"","background-image":"","background-repeat":"repeat","background-position":"center center","background-size":"auto","background-attachment":"scroll","background-type":"","background-media":"","overlay-type":"","overlay-color":"","overlay-opacity":"","overlay-gradient":""}},"ast-content-background-meta":{"desktop":{"background-color":"var(--ast-global-color-5)","background-image":"","background-repeat":"repeat","background-position":"center center","background-size":"auto","background-attachment":"scroll","background-type":"","background-media":"","overlay-type":"","overlay-color":"","overlay-opacity":"","overlay-gradient":""},"tablet":{"background-color":"var(--ast-global-color-5)","background-image":"","background-repeat":"repeat","background-position":"center center","background-size":"auto","background-attachment":"scroll","background-type":"","background-media":"","overlay-type":"","overlay-color":"","overlay-opacity":"","overlay-gradient":""},"mobile":{"background-color":"var(--ast-global-color-5)","background-image":"","background-repeat":"repeat","background-position":"center center","background-size":"auto","background-attachment":"scroll","background-type":"","background-media":"","overlay-type":"","overlay-color":"","overlay-opacity":"","overlay-gradient":""}},"footnotes":""},"categories":[1060,1066],"tags":[],"class_list":["post-77366","post","type-post","status-publish","format-standard","hentry","category-notes-premsa","category-sense-categoria-ca"],"yoast_head":"<!-- This site is optimized with the Yoast SEO plugin v22.4 - https:\/\/yoast.com\/wordpress\/plugins\/seo\/ -->\n<title>Canvi en la vicepresid\u00e8ncia del Col\u00b7legi de Farmac\u00e8utics de Barcelona - Col\u00b7legi de Farmac\u00e8utics de Barcelona<\/title>\n<meta name=\"robots\" content=\"index, follow, max-snippet:-1, max-image-preview:large, max-video-preview:-1\" \/>\n<link rel=\"canonical\" href=\"https:\/\/novaorg.cofb.net\/2016\/12\/13\/canvi-en-la-vicepresidencia-del-collegi-de-farmaceutics-de-barcelona\/\" \/>\n<meta property=\"og:locale\" content=\"es_ES\" \/>\n<meta property=\"og:type\" content=\"article\" \/>\n<meta property=\"og:title\" content=\"Canvi en la vicepresid\u00e8ncia del Col\u00b7legi de Farmac\u00e8utics de Barcelona - Col\u00b7legi de Farmac\u00e8utics de Barcelona\" \/>\n<meta property=\"og:description\" content=\"\u00a0 Barcelona, 13 de desembre del 2016.- N\u00faria Bosch ser\u00e0 la nova vicepresidenta del Col\u00b7legi de Farmac\u00e8utics de Barcelona (COFB) despr\u00e9s que Francesc Pla \u2013qui ocupava el c\u00e0rrec fins ara\u2013 hagi presentat la seva dimissi\u00f3. El nou nomenament es va decidir a la Junta de Govern celebrada ahir d\u2019acord amb [&hellip;]\" \/>\n<meta property=\"og:url\" content=\"https:\/\/novaorg.cofb.net\/2016\/12\/13\/canvi-en-la-vicepresidencia-del-collegi-de-farmaceutics-de-barcelona\/\" \/>\n<meta property=\"og:site_name\" content=\"Col\u00b7legi de Farmac\u00e8utics de Barcelona\" \/>\n<meta property=\"article:publisher\" content=\"https:\/\/www.facebook.com\/farmaceuticsbcn\/\" \/>\n<meta property=\"article:published_time\" content=\"2016-12-13T17:23:00+00:00\" \/>\n<meta name=\"author\" content=\"wpAdminCofbOrg\" \/>\n<meta name=\"twitter:card\" content=\"summary_large_image\" \/>\n<meta name=\"twitter:creator\" content=\"@farmaceuticsbcn\" \/>\n<meta name=\"twitter:site\" content=\"@farmaceuticsbcn\" \/>\n<meta name=\"twitter:label1\" content=\"Escrito por\" \/>\n\t<meta name=\"twitter:data1\" content=\"wpAdminCofbOrg\" \/>\n\t<meta name=\"twitter:label2\" content=\"Tiempo de lectura\" \/>\n\t<meta name=\"twitter:data2\" content=\"3 minutos\" \/>\n<script type=\"application\/ld+json\" class=\"yoast-schema-graph\">{\"@context\":\"https:\/\/schema.org\",\"@graph\":[{\"@type\":\"Article\",\"@id\":\"https:\/\/novaorg.cofb.net\/2016\/12\/13\/canvi-en-la-vicepresidencia-del-collegi-de-farmaceutics-de-barcelona\/#article\",\"isPartOf\":{\"@id\":\"https:\/\/novaorg.cofb.net\/2016\/12\/13\/canvi-en-la-vicepresidencia-del-collegi-de-farmaceutics-de-barcelona\/\"},\"author\":{\"name\":\"wpAdminCofbOrg\",\"@id\":\"https:\/\/www.cofb.org\/#\/schema\/person\/22ed7eea88da74b0fa4d3154ad87ffcb\"},\"headline\":\"Canvi en la vicepresid\u00e8ncia del Col\u00b7legi de Farmac\u00e8utics de Barcelona\",\"datePublished\":\"2016-12-13T17:23:00+00:00\",\"dateModified\":\"2016-12-13T17:23:00+00:00\",\"mainEntityOfPage\":{\"@id\":\"https:\/\/novaorg.cofb.net\/2016\/12\/13\/canvi-en-la-vicepresidencia-del-collegi-de-farmaceutics-de-barcelona\/\"},\"wordCount\":559,\"publisher\":{\"@id\":\"https:\/\/www.cofb.org\/#organization\"},\"articleSection\":[\"Notes de premsa\",\"Sense categoria\"],\"inLanguage\":\"es\"},{\"@type\":\"WebPage\",\"@id\":\"https:\/\/novaorg.cofb.net\/2016\/12\/13\/canvi-en-la-vicepresidencia-del-collegi-de-farmaceutics-de-barcelona\/\",\"url\":\"https:\/\/novaorg.cofb.net\/2016\/12\/13\/canvi-en-la-vicepresidencia-del-collegi-de-farmaceutics-de-barcelona\/\",\"name\":\"Canvi en la vicepresid\u00e8ncia del Col\u00b7legi de Farmac\u00e8utics de Barcelona - Col\u00b7legi de Farmac\u00e8utics de Barcelona\",\"isPartOf\":{\"@id\":\"https:\/\/www.cofb.org\/#website\"},\"datePublished\":\"2016-12-13T17:23:00+00:00\",\"dateModified\":\"2016-12-13T17:23:00+00:00\",\"breadcrumb\":{\"@id\":\"https:\/\/novaorg.cofb.net\/2016\/12\/13\/canvi-en-la-vicepresidencia-del-collegi-de-farmaceutics-de-barcelona\/#breadcrumb\"},\"inLanguage\":\"es\",\"potentialAction\":[{\"@type\":\"ReadAction\",\"target\":[\"https:\/\/novaorg.cofb.net\/2016\/12\/13\/canvi-en-la-vicepresidencia-del-collegi-de-farmaceutics-de-barcelona\/\"]}]},{\"@type\":\"BreadcrumbList\",\"@id\":\"https:\/\/novaorg.cofb.net\/2016\/12\/13\/canvi-en-la-vicepresidencia-del-collegi-de-farmaceutics-de-barcelona\/#breadcrumb\",\"itemListElement\":[{\"@type\":\"ListItem\",\"position\":1,\"name\":\"Inici\",\"item\":\"https:\/\/novaorg.cofb.net\/\"},{\"@type\":\"ListItem\",\"position\":2,\"name\":\"Canvi en la vicepresid\u00e8ncia del Col\u00b7legi de Farmac\u00e8utics de Barcelona\"}]},{\"@type\":\"WebSite\",\"@id\":\"https:\/\/www.cofb.org\/#website\",\"url\":\"https:\/\/www.cofb.org\/\",\"name\":\"Col\u00b7legi de Farmac\u00e8utics de Barcelona\",\"description\":\"\",\"publisher\":{\"@id\":\"https:\/\/www.cofb.org\/#organization\"},\"potentialAction\":[{\"@type\":\"SearchAction\",\"target\":{\"@type\":\"EntryPoint\",\"urlTemplate\":\"https:\/\/www.cofb.org\/?s={search_term_string}\"},\"query-input\":\"required name=search_term_string\"}],\"inLanguage\":\"es\"},{\"@type\":\"Organization\",\"@id\":\"https:\/\/www.cofb.org\/#organization\",\"name\":\"Col\u00b7legi de Farmac\u00e8utics de Barcelona\",\"url\":\"https:\/\/www.cofb.org\/\",\"logo\":{\"@type\":\"ImageObject\",\"inLanguage\":\"es\",\"@id\":\"https:\/\/www.cofb.org\/#\/schema\/logo\/image\/\",\"url\":\"https:\/\/www.cofb.org\/wp-content\/uploads\/2023\/11\/cropped-Logotip-COFB.png\",\"contentUrl\":\"https:\/\/www.cofb.org\/wp-content\/uploads\/2023\/11\/cropped-Logotip-COFB.png\",\"width\":500,\"height\":105,\"caption\":\"Col\u00b7legi de Farmac\u00e8utics de Barcelona\"},\"image\":{\"@id\":\"https:\/\/www.cofb.org\/#\/schema\/logo\/image\/\"},\"sameAs\":[\"https:\/\/www.facebook.com\/farmaceuticsbcn\/\",\"https:\/\/twitter.com\/farmaceuticsbcn\",\"https:\/\/www.instagram.com\/farmaceuticsbcn\/\",\"https:\/\/www.linkedin.com\/company\/farmaceuticsbcn\/\"]},{\"@type\":\"Person\",\"@id\":\"https:\/\/www.cofb.org\/#\/schema\/person\/22ed7eea88da74b0fa4d3154ad87ffcb\",\"name\":\"wpAdminCofbOrg\",\"image\":{\"@type\":\"ImageObject\",\"inLanguage\":\"es\",\"@id\":\"https:\/\/www.cofb.org\/#\/schema\/person\/image\/\",\"url\":\"https:\/\/secure.gravatar.com\/avatar\/1721b20b3b8ca882c3b56ec6c978c594fff670e40c0718e9190eaeeb76aae7d8?s=96&d=mm&r=g\",\"contentUrl\":\"https:\/\/secure.gravatar.com\/avatar\/1721b20b3b8ca882c3b56ec6c978c594fff670e40c0718e9190eaeeb76aae7d8?s=96&d=mm&r=g\",\"caption\":\"wpAdminCofbOrg\"},\"sameAs\":[\"http:\/\/192.168.64.122\/wordpress\"],\"url\":\"https:\/\/www.cofb.org\/es\/author\/wpadmincofborg\/\"}]}<\/script>\n<!-- \/ Yoast SEO plugin. -->","yoast_head_json":{"title":"Canvi en la vicepresid\u00e8ncia del Col\u00b7legi de Farmac\u00e8utics de Barcelona - Col\u00b7legi de Farmac\u00e8utics de Barcelona","robots":{"index":"index","follow":"follow","max-snippet":"max-snippet:-1","max-image-preview":"max-image-preview:large","max-video-preview":"max-video-preview:-1"},"canonical":"https:\/\/novaorg.cofb.net\/2016\/12\/13\/canvi-en-la-vicepresidencia-del-collegi-de-farmaceutics-de-barcelona\/","og_locale":"es_ES","og_type":"article","og_title":"Canvi en la vicepresid\u00e8ncia del Col\u00b7legi de Farmac\u00e8utics de Barcelona - Col\u00b7legi de Farmac\u00e8utics de Barcelona","og_description":"\u00a0 Barcelona, 13 de desembre del 2016.- N\u00faria Bosch ser\u00e0 la nova vicepresidenta del Col\u00b7legi de Farmac\u00e8utics de Barcelona (COFB) despr\u00e9s que Francesc Pla \u2013qui ocupava el c\u00e0rrec fins ara\u2013 hagi presentat la seva dimissi\u00f3. El nou nomenament es va decidir a la Junta de Govern celebrada ahir d\u2019acord amb [&hellip;]","og_url":"https:\/\/novaorg.cofb.net\/2016\/12\/13\/canvi-en-la-vicepresidencia-del-collegi-de-farmaceutics-de-barcelona\/","og_site_name":"Col\u00b7legi de Farmac\u00e8utics de Barcelona","article_publisher":"https:\/\/www.facebook.com\/farmaceuticsbcn\/","article_published_time":"2016-12-13T17:23:00+00:00","author":"wpAdminCofbOrg","twitter_card":"summary_large_image","twitter_creator":"@farmaceuticsbcn","twitter_site":"@farmaceuticsbcn","twitter_misc":{"Escrito por":"wpAdminCofbOrg","Tiempo de lectura":"3 minutos"},"schema":{"@context":"https:\/\/schema.org","@graph":[{"@type":"Article","@id":"https:\/\/novaorg.cofb.net\/2016\/12\/13\/canvi-en-la-vicepresidencia-del-collegi-de-farmaceutics-de-barcelona\/#article","isPartOf":{"@id":"https:\/\/novaorg.cofb.net\/2016\/12\/13\/canvi-en-la-vicepresidencia-del-collegi-de-farmaceutics-de-barcelona\/"},"author":{"name":"wpAdminCofbOrg","@id":"https:\/\/www.cofb.org\/#\/schema\/person\/22ed7eea88da74b0fa4d3154ad87ffcb"},"headline":"Canvi en la vicepresid\u00e8ncia del Col\u00b7legi de Farmac\u00e8utics de Barcelona","datePublished":"2016-12-13T17:23:00+00:00","dateModified":"2016-12-13T17:23:00+00:00","mainEntityOfPage":{"@id":"https:\/\/novaorg.cofb.net\/2016\/12\/13\/canvi-en-la-vicepresidencia-del-collegi-de-farmaceutics-de-barcelona\/"},"wordCount":559,"publisher":{"@id":"https:\/\/www.cofb.org\/#organization"},"articleSection":["Notes de premsa","Sense categoria"],"inLanguage":"es"},{"@type":"WebPage","@id":"https:\/\/novaorg.cofb.net\/2016\/12\/13\/canvi-en-la-vicepresidencia-del-collegi-de-farmaceutics-de-barcelona\/","url":"https:\/\/novaorg.cofb.net\/2016\/12\/13\/canvi-en-la-vicepresidencia-del-collegi-de-farmaceutics-de-barcelona\/","name":"Canvi en la vicepresid\u00e8ncia del Col\u00b7legi de Farmac\u00e8utics de Barcelona - Col\u00b7legi de Farmac\u00e8utics de Barcelona","isPartOf":{"@id":"https:\/\/www.cofb.org\/#website"},"datePublished":"2016-12-13T17:23:00+00:00","dateModified":"2016-12-13T17:23:00+00:00","breadcrumb":{"@id":"https:\/\/novaorg.cofb.net\/2016\/12\/13\/canvi-en-la-vicepresidencia-del-collegi-de-farmaceutics-de-barcelona\/#breadcrumb"},"inLanguage":"es","potentialAction":[{"@type":"ReadAction","target":["https:\/\/novaorg.cofb.net\/2016\/12\/13\/canvi-en-la-vicepresidencia-del-collegi-de-farmaceutics-de-barcelona\/"]}]},{"@type":"BreadcrumbList","@id":"https:\/\/novaorg.cofb.net\/2016\/12\/13\/canvi-en-la-vicepresidencia-del-collegi-de-farmaceutics-de-barcelona\/#breadcrumb","itemListElement":[{"@type":"ListItem","position":1,"name":"Inici","item":"https:\/\/novaorg.cofb.net\/"},{"@type":"ListItem","position":2,"name":"Canvi en la vicepresid\u00e8ncia del Col\u00b7legi de Farmac\u00e8utics de Barcelona"}]},{"@type":"WebSite","@id":"https:\/\/www.cofb.org\/#website","url":"https:\/\/www.cofb.org\/","name":"Col\u00b7legi de Farmac\u00e8utics de Barcelona","description":"","publisher":{"@id":"https:\/\/www.cofb.org\/#organization"},"potentialAction":[{"@type":"SearchAction","target":{"@type":"EntryPoint","urlTemplate":"https:\/\/www.cofb.org\/?s={search_term_string}"},"query-input":"required name=search_term_string"}],"inLanguage":"es"},{"@type":"Organization","@id":"https:\/\/www.cofb.org\/#organization","name":"Col\u00b7legi de Farmac\u00e8utics de Barcelona","url":"https:\/\/www.cofb.org\/","logo":{"@type":"ImageObject","inLanguage":"es","@id":"https:\/\/www.cofb.org\/#\/schema\/logo\/image\/","url":"https:\/\/www.cofb.org\/wp-content\/uploads\/2023\/11\/cropped-Logotip-COFB.png","contentUrl":"https:\/\/www.cofb.org\/wp-content\/uploads\/2023\/11\/cropped-Logotip-COFB.png","width":500,"height":105,"caption":"Col\u00b7legi de Farmac\u00e8utics de Barcelona"},"image":{"@id":"https:\/\/www.cofb.org\/#\/schema\/logo\/image\/"},"sameAs":["https:\/\/www.facebook.com\/farmaceuticsbcn\/","https:\/\/twitter.com\/farmaceuticsbcn","https:\/\/www.instagram.com\/farmaceuticsbcn\/","https:\/\/www.linkedin.com\/company\/farmaceuticsbcn\/"]},{"@type":"Person","@id":"https:\/\/www.cofb.org\/#\/schema\/person\/22ed7eea88da74b0fa4d3154ad87ffcb","name":"wpAdminCofbOrg","image":{"@type":"ImageObject","inLanguage":"es","@id":"https:\/\/www.cofb.org\/#\/schema\/person\/image\/","url":"https:\/\/secure.gravatar.com\/avatar\/1721b20b3b8ca882c3b56ec6c978c594fff670e40c0718e9190eaeeb76aae7d8?s=96&d=mm&r=g","contentUrl":"https:\/\/secure.gravatar.com\/avatar\/1721b20b3b8ca882c3b56ec6c978c594fff670e40c0718e9190eaeeb76aae7d8?s=96&d=mm&r=g","caption":"wpAdminCofbOrg"},"sameAs":["http:\/\/192.168.64.122\/wordpress"],"url":"https:\/\/www.cofb.org\/es\/author\/wpadmincofborg\/"}]}},"uagb_featured_image_src":{"full":false,"thumbnail":false,"medium":false,"medium_large":false,"large":false,"1536x1536":false,"2048x2048":false,"trp-custom-language-flag":false},"uagb_author_info":{"display_name":"wpAdminCofbOrg","author_link":"https:\/\/www.cofb.org\/es\/author\/wpadmincofborg\/"},"uagb_comment_info":0,"uagb_excerpt":"\u00a0 Barcelona, 13 de desembre del 2016.- N\u00faria Bosch ser\u00e0 la nova vicepresidenta del Col\u00b7legi de Farmac\u00e8utics de Barcelona (COFB) despr\u00e9s que Francesc Pla \u2013qui ocupava el c\u00e0rrec fins ara\u2013 hagi presentat la seva dimissi\u00f3. El nou nomenament es va decidir a la Junta de Govern celebrada ahir d\u2019acord amb [&hellip;]","_links":{"self":[{"href":"https:\/\/www.cofb.org\/es\/wp-json\/wp\/v2\/posts\/77366","targetHints":{"allow":["GET"]}}],"collection":[{"href":"https:\/\/www.cofb.org\/es\/wp-json\/wp\/v2\/posts"}],"about":[{"href":"https:\/\/www.cofb.org\/es\/wp-json\/wp\/v2\/types\/post"}],"author":[{"embeddable":true,"href":"https:\/\/www.cofb.org\/es\/wp-json\/wp\/v2\/users\/1"}],"replies":[{"embeddable":true,"href":"https:\/\/www.cofb.org\/es\/wp-json\/wp\/v2\/comments?post=77366"}],"version-history":[{"count":0,"href":"https:\/\/www.cofb.org\/es\/wp-json\/wp\/v2\/posts\/77366\/revisions"}],"wp:attachment":[{"href":"https:\/\/www.cofb.org\/es\/wp-json\/wp\/v2\/media?parent=77366"}],"wp:term":[{"taxonomy":"category","embeddable":true,"href":"https:\/\/www.cofb.org\/es\/wp-json\/wp\/v2\/categories?post=77366"},{"taxonomy":"post_tag","embeddable":true,"href":"https:\/\/www.cofb.org\/es\/wp-json\/wp\/v2\/tags?post=77366"}],"curies":[{"name":"wp","href":"https:\/\/api.w.org\/{rel}","templated":true}]}}