{"id":77304,"date":"2017-09-18T13:05:00","date_gmt":"2017-09-18T13:05:00","guid":{"rendered":"https:\/\/novaorg.cofb.net\/2017\/09\/18\/mes-de-600-alumnes-es-formen-amb-agora-sanitaria-sobre-actuacio-farmaceutica-en-persones-dedat-avancada\/"},"modified":"2017-09-18T13:05:00","modified_gmt":"2017-09-18T13:05:00","slug":"mes-de-600-alumnes-es-formen-amb-agora-sanitaria-sobre-actuacio-farmaceutica-en-persones-dedat-avancada","status":"publish","type":"post","link":"https:\/\/www.cofb.org\/es\/2017\/09\/18\/mes-de-600-alumnes-es-formen-amb-agora-sanitaria-sobre-actuacio-farmaceutica-en-persones-dedat-avancada\/","title":{"rendered":"M\u00e1s de 600 alumnos se forman con \u00c1gora Sanitaria sobre actuaci\u00f3n farmac\u00e9utica en personas de edad avanzada"},"content":{"rendered":"<p>\u00a0<\/p>\n<ul>\n<li><strong>Tras el \u00e9xito y buena valoraci\u00f3n que ha tenido la formaci\u00f3n, ya han comenzado las inscripciones para la segunda edici\u00f3n <\/strong><\/li>\n<li><strong>Este curso ha sido el primero que se ha llevado a cabo con la nueva modalidad formativa de \u00c0gora Sanit\u00e0ria que ofrece formaci\u00f3n para toda la farmacia <\/strong><\/li>\n<li><strong>El 98% de los farmac\u00e9uticos considera que la formaci\u00f3n les ha ayudado a mejorar su pr\u00e1ctica diaria. Asimismo, las actividades de cada m\u00f3dulo, el dise\u00f1o de materiales did\u00e1cticos y la metodolog\u00eda son 3 de los aspectos m\u00e1s destacados por los participantes <\/strong><br \/>\u00a0<\/li>\n<\/ul>\n<p><i>Barcelona, 18 de septiembre de 2017.- <\/i><b>M\u00e1s de 600 alumnos se han formado con \u00c0gora Sanit\u00e0ria<\/b><span> -el portal de formaci\u00f3n online de los Colegios de Farmac\u00e9uticos de Barcelona y Madrid- <\/span><b>sobre actuaci\u00f3n farmac\u00e9utica en personas de edad avanzada. <\/b><span>Lo han hecho en el marco del curso \u201c<\/span><b>Seniors, \u00e1reas de inter\u00e9s de la farmacia\u201d,<\/b><span> puesto en marcha en noviembre de 2016 con una<\/span><b> nueva modalidad formativa que ofrece formaci\u00f3n para toda la farmacia.<\/b><\/p>\n<p class=\"MsoNormal\">\n<p class=\"MsoNormal\"><b>Despu\u00e9s del \u00e9xito y buena valoraci\u00f3n que ha tenido,<\/b> \u00c1gora apuesta nuevamente por la formaci\u00f3n en esta \u00e1rea poniendo en marcha <b>una segunda edici\u00f3n que se iniciar\u00e1 el 3 de octubre. Las inscripciones, que ya est\u00e1n abiertas, se pueden realizar hasta entonces <\/b><a href=\"http:\/\/www.agorasanitaria.com\/web\/guest\/inscripcio-curs-seniors-2a-edicio\" target=\"_blank\" rel=\"noopener\"><b>a trav\u00e9s de su web<\/b><\/a><b>. <\/p>\n<p><\/b><\/p>\n<p class=\"MsoNormal\"><b><u>El 98% de los farmac\u00e9uticos considera que esta formaci\u00f3n les ha ayudado a mejorar su pr\u00e1ctica diaria<\/p>\n<p><\/u><\/b><\/p>\n<p class=\"MsoNormal\">El curso, de un total de 28 horas lectivas, <b>cuenta con el patrocinio de Laboratorios Hartmann y Laboratorios Ordesa vinculados, respectivamente, con los m\u00f3dulos de cuidado de la piel e incontinencia urinaria, y alimentaci\u00f3n y nutrici\u00f3n. <\/b>Estos m\u00f3dulos se suman a la otra unidad, a trav\u00e9s de la cual <b>los farmac\u00e9uticos pueden acceder a m\u00e1s herramientas en los campos de gesti\u00f3n y comunicaci\u00f3n de la categor\u00eda. <\/b><\/p>\n<p class=\"MsoNormal\">A partir de las valoraciones de los alumnos se ha podido extraer que <b>el 98% considera que la formaci\u00f3n les ha ayudado mejorar su pr\u00e1ctica diaria, <\/b>as\u00ed como que<b> las actividades de cada m\u00f3dulo, el dise\u00f1o de materiales did\u00e1cticos <\/b>y<b> la metodolog\u00eda son 3 de los aspectos m\u00e1s destacados.<\/b> <b>\u201cEl curso me ha dado mucha seguridad a la hora de saber qu\u00e9 problemas puede sufrir la piel senior y cu\u00e1les ser\u00edan las recomendaciones a dar,<\/b> tanto a nivel de consejos de h\u00e1bitos higi\u00e9nico-diet\u00e9ticos como de productos existentes\u201d, explica uno de los alumnos. <b>&quot;Ciertas recomendaciones que desconoc\u00eda y aparec\u00edan en el curso las he puesto en pr\u00e1ctica en mi vida laboral con un buen resultado&quot;<\/b>, a\u00f1ade otro farmac\u00e9utico que ha cursado la formaci\u00f3n. <\/p>\n<p class=\"MsoNormal\"><b>Esta buena acogida por parte de los alumnos tambi\u00e9n se ha traducido en un alto volumen de actividad en los foros de la formaci\u00f3n, <\/b>d\u00f3nde se ha debatido y compartido informaci\u00f3n sobre temas como el envejecimiento activo, el papel del cuidador y dificultades en el cuidado de la piel. <\/p>\n<p class=\"MsoNormal\"><b><u>Primer curso con el nuevo formato: una formaci\u00f3n para toda la farmacia <\/p>\n<p><\/u><\/b><\/p>\n<p class=\"MsoNormal\">&quot;Seniors, \u00e1reas de inter\u00e9s para la farmacia&quot; ha sido <b>el primer curso puesto en marcha con una nueva modalidad formativa de \u00c1gora Sanitaria que facilita la formaci\u00f3n de todo el equipo de la farmacia. <\/b>Este innovador formato permite <b>unificar el consejo y que cada colaborador curse un m\u00f3dulo diferente <\/b>en funci\u00f3n de sus capacidades, inter\u00e9s, experiencia y disponibilidad, entre otros factores; as\u00ed como <b>transmitir los conocimientos adquiridos a quienes no lo han cursado. <\/p>\n<p><\/b><\/p>\n<p class=\"MsoNormal\"><b>\u201cMe gusta compartir el curso con todo el personal de la farmacia porque esto nos hace crecer a nivel de equipo, mejora la implicaci\u00f3n de todo el personal hacia la categor\u00eda senior y as\u00ed nos hace ver qu\u00e9 aspectos deben cambiarse o mejorar en la farmacia\u201d,<\/b> opina uno de los 600 alumnos que se ha formado. \u00a0<\/p>\n<p class=\"MsoNormal\">Para facilitar la transmisi\u00f3n de conocimiento entre el equipo, <b>el farmac\u00e9utico que se forma sobre un m\u00f3dulo cuenta con material did\u00e1ctico para poder trasladar los puntos clave al personal de la farmacia que no lo ha cursado.<\/b> Al mismo tiempo, una vez finalizado el temario, <b>cada farmac\u00e9utico puede descargarse tambi\u00e9n el material te\u00f3rico del curso<\/b> para que le pueda repasar en el momento que m\u00e1s le interese y compartirlo con el resto del equipo,<b> as\u00ed como diapositivas y un dec\u00e1logo de consejos para realizar sesiones de educaci\u00f3n sanitaria a los pacientes y cuidadores.<\/b><\/p>\n<p class=\"MsoNormal\"><b>Para m\u00e1s informaci\u00f3n: <\/b><\/p>\n<p>Departamento de Comunicaci\u00f3n del Colegio de Farmac\u00e9uticos de Barcelona (COFB)<\/p>\n<p>Tels. 93 244 07 28 \/ 18<\/p>\n<p>premsa@cofb.net<b><\/p>\n<p><\/b><\/p>\n<p>\u00a0Despu\u00e9s del \u00e9xito y buena valoraci\u00f3n que ha tenido la formaci\u00f3n, ya han comenzado las inscripciones para la segunda edici\u00f3n Este curso ha sido el primero que se ha llevado a cabo con la nueva modalidad formativa de \u00c0gora Sanit\u00e0ria que ofrece formaci\u00f3n para en toda la farmacia El 98% de los farmac\u00e9uticos considera que la formaci\u00f3n les ha ayudado a mejorar su pr\u00e1ctica diaria. Asimismo, las actividades de cada m\u00f3dulo, el dise\u00f1o de materiales did\u00e1cticos y la metodolog\u00eda son 3 de los aspectos m\u00e1s destacados por los participantes Barcelona, 18 de septiembre de 2017.- M\u00e1s de 600 alumnos se han formado con \u00c0gora Sanit\u00e0ria \u2013el portal de formaci\u00f3n online de los Colegios de Farmac\u00e9uticos de Barcelona y Madrid- sobre actuaci\u00f3n farmac\u00e9utica en personas de edad avanzada. Lo han hecho en el marco del curso \u201cSeniors, \u00e1reas de inter\u00e9s de la farmacia\u201d, puesto en marcha en noviembre de 2016 con una nueva modalidad formativa que ofrece formaci\u00f3n para toda la farmacia. Tras el \u00e9xito y buena valoraci\u00f3n que ha tenido, \u00c0gora apuesta de nuevo por la formaci\u00f3n en esta \u00e1rea poniendo en marcha una segunda edici\u00f3n que se iniciar\u00e1 el 3 de octubre. Las inscripciones, que ya est\u00e1n abiertas, se pueden realizar hasta entonces a trav\u00e9s de su web. El 98% de los farmac\u00e9uticos considera que esta formaci\u00f3n les ha ayudado a mejorar su pr\u00e1ctica diaria El curso, de un total de 28 horas lectivas, cuenta con el patrocinio de Laboratorios Hartmann y Laboratorios Ordesa vinculados, respectivamente, con los m\u00f3dulos de cuidado de la piel e incontinencia urinaria, y alimentaci\u00f3n y nutrici\u00f3n. Estos m\u00f3dulos se suman a la otra unidad, a trav\u00e9s de la cual los farmac\u00e9uticos pueden acceder a m\u00e1s herramientas en los campos de gesti\u00f3n y comunicaci\u00f3n de la categor\u00eda. A partir de las valoraciones de los alumnos se ha podido extraer que el 98% considera que la formaci\u00f3n les ha ayudado a mejorar su pr\u00e1ctica diaria, as\u00ed como que las actividades de cada m\u00f3dulo, el dise\u00f1o de materiales did\u00e1cticos y la metodolog\u00eda son 3 de los aspectos m\u00e1s destacados. &quot;El curso me ha dado mucha seguridad a la hora de saber qu\u00e9 problemas puede sufrir la piel senior y cu\u00e1les ser\u00edan las recomendaciones a dar, tanto a nivel de consejos de h\u00e1bitos higi\u00e9nico-diet\u00e9ticos como de productos existentes&quot;, explica uno de los alumnos. &quot;Ciertas recomendaciones que desconoc\u00eda y aparec\u00edan en el curso las he puesto en pr\u00e1ctica en mi vida laboral con un buen resultado&quot;, a\u00f1ade otro farmac\u00e9utico que ha cursado la formaci\u00f3n. Esta buena acogida por parte de los alumnos tambi\u00e9n se ha traducido en un alto volumen de actividad en los foros de la formaci\u00f3n, donde se ha debatido y compartido informaci\u00f3n sobre temas como el envejecimiento activo, el papel del cuidador y dificultades en el cuidado de la piel. Primer curso con el nuevo formato: una formaci\u00f3n para toda la farmacia \u201cSeniors, \u00e1reas de inter\u00e9s para la farmacia\u201d ha sido el primer curso puesto en marcha con una nueva modalidad formativa de \u00c1gora Sanitaria que facilita la formaci\u00f3n de todo el equipo de la farmacia. Este innovador formato permite unificar el consejo y que cada colaborador curse un m\u00f3dulo diferente en funci\u00f3n de sus capacidades, inter\u00e9s, experiencia y disponibilidad, entre otros factores; as\u00ed como transmitir los conocimientos adquiridos a quienes no lo han cursado. \u201cMe gusta compartir el curso con todo el personal de la farmacia porque esto nos hace crecer a nivel de equipo, mejora la implicaci\u00f3n de todo el personal hacia la categor\u00eda senior y as\u00ed nos hace ver qu\u00e9 aspectos deben cambiarse o mejorar en la farmacia\u201d, opina uno de los 600 alumnos que se ha formado.  Para facilitar la transmisi\u00f3n de conocimiento entre el equipo, el farmac\u00e9utico que se forma sobre un m\u00f3dulo cuenta con material did\u00e1ctico para poder trasladar los puntos clave al personal de la farmacia que no lo ha cursado. Al mismo tiempo, una vez finalizado el temario, cada farmac\u00e9utico puede descargarse tambi\u00e9n el material te\u00f3rico del curso para que pueda repasarlo en el momento que m\u00e1s le interese y compartirlo con el resto del equipo, as\u00ed como diapositivas y un dec\u00e1logo de consejos para realizar sesiones de educaci\u00f3n sanitaria a los pacientes y cuidadores.Para m\u00e1s informaci\u00f3n: Departamento de Comunicaci\u00f3n del Colegio de Farmac\u00e9uticos de Barcelona (COFB)Tels. 93 244 07 28 \/ 18premsa@cofb.net COFB.ORG<\/p>","protected":false},"excerpt":{"rendered":"<p>\u00a0 Despu\u00e9s del \u00e9xito y buena valoraci\u00f3n que ha tenido la formaci\u00f3n, ya han comenzado las inscripciones para la segunda edici\u00f3n Este curso ha sido el primero que se ha llevado a cabo con la nueva modalidad formativa de \u00c0gora Sanit\u00e0ria que ofrece formaci\u00f3n para en toda la farmacia El 98% [\u2026]<\/p>","protected":false},"author":1,"featured_media":0,"comment_status":"","ping_status":"","sticky":false,"template":"","format":"standard","meta":{"_uag_custom_page_level_css":"","site-sidebar-layout":"default","site-content-layout":"","ast-site-content-layout":"default","site-content-style":"default","site-sidebar-style":"default","ast-global-header-display":"","ast-banner-title-visibility":"","ast-main-header-display":"","ast-hfb-above-header-display":"","ast-hfb-below-header-display":"","ast-hfb-mobile-header-display":"","site-post-title":"","ast-breadcrumbs-content":"","ast-featured-img":"disabled","footer-sml-layout":"","theme-transparent-header-meta":"","adv-header-id-meta":"","stick-header-meta":"","header-above-stick-meta":"","header-main-stick-meta":"","header-below-stick-meta":"","astra-migrate-meta-layouts":"default","ast-page-background-enabled":"default","ast-page-background-meta":{"desktop":{"background-color":"var(--ast-global-color-4)","background-image":"","background-repeat":"repeat","background-position":"center center","background-size":"auto","background-attachment":"scroll","background-type":"","background-media":"","overlay-type":"","overlay-color":"","overlay-opacity":"","overlay-gradient":""},"tablet":{"background-color":"","background-image":"","background-repeat":"repeat","background-position":"center center","background-size":"auto","background-attachment":"scroll","background-type":"","background-media":"","overlay-type":"","overlay-color":"","overlay-opacity":"","overlay-gradient":""},"mobile":{"background-color":"","background-image":"","background-repeat":"repeat","background-position":"center center","background-size":"auto","background-attachment":"scroll","background-type":"","background-media":"","overlay-type":"","overlay-color":"","overlay-opacity":"","overlay-gradient":""}},"ast-content-background-meta":{"desktop":{"background-color":"var(--ast-global-color-5)","background-image":"","background-repeat":"repeat","background-position":"center center","background-size":"auto","background-attachment":"scroll","background-type":"","background-media":"","overlay-type":"","overlay-color":"","overlay-opacity":"","overlay-gradient":""},"tablet":{"background-color":"var(--ast-global-color-5)","background-image":"","background-repeat":"repeat","background-position":"center center","background-size":"auto","background-attachment":"scroll","background-type":"","background-media":"","overlay-type":"","overlay-color":"","overlay-opacity":"","overlay-gradient":""},"mobile":{"background-color":"var(--ast-global-color-5)","background-image":"","background-repeat":"repeat","background-position":"center center","background-size":"auto","background-attachment":"scroll","background-type":"","background-media":"","overlay-type":"","overlay-color":"","overlay-opacity":"","overlay-gradient":""}},"footnotes":""},"categories":[1060,1066],"tags":[],"class_list":["post-77304","post","type-post","status-publish","format-standard","hentry","category-notes-premsa","category-sense-categoria-ca"],"yoast_head":"<!-- This site is optimized with the Yoast SEO plugin v22.4 - https:\/\/yoast.com\/wordpress\/plugins\/seo\/ -->\n<title>M\u00e9s de 600 alumnes es formen amb \u00c0gora Sanit\u00e0ria sobre actuaci\u00f3 farmac\u00e8utica en persones d&#039;edat avan\u00e7ada - Col\u00b7legi de Farmac\u00e8utics de Barcelona<\/title>\n<meta name=\"robots\" content=\"index, follow, max-snippet:-1, max-image-preview:large, max-video-preview:-1\" \/>\n<link rel=\"canonical\" href=\"https:\/\/novaorg.cofb.net\/2017\/09\/18\/mes-de-600-alumnes-es-formen-amb-agora-sanitaria-sobre-actuacio-farmaceutica-en-persones-dedat-avancada\/\" \/>\n<meta property=\"og:locale\" content=\"es_ES\" \/>\n<meta property=\"og:type\" content=\"article\" \/>\n<meta property=\"og:title\" content=\"M\u00e9s de 600 alumnes es formen amb \u00c0gora Sanit\u00e0ria sobre actuaci\u00f3 farmac\u00e8utica en persones d&#039;edat avan\u00e7ada - Col\u00b7legi de Farmac\u00e8utics de Barcelona\" \/>\n<meta property=\"og:description\" content=\"\u00a0 Despr\u00e9s de l\u2019\u00e8xit i bona valoraci\u00f3 que ha tingut la formaci\u00f3, ja han comen\u00e7at les inscripcions per a la segona edici\u00f3 Aquest curs ha estat el primer que s\u2019ha dut a terme amb la nova modalitat formativa d\u2019\u00c0gora Sanit\u00e0ria que ofereix formaci\u00f3 per a tota la farm\u00e0cia El 98% [&hellip;]\" \/>\n<meta property=\"og:url\" content=\"https:\/\/novaorg.cofb.net\/2017\/09\/18\/mes-de-600-alumnes-es-formen-amb-agora-sanitaria-sobre-actuacio-farmaceutica-en-persones-dedat-avancada\/\" \/>\n<meta property=\"og:site_name\" content=\"Col\u00b7legi de Farmac\u00e8utics de Barcelona\" \/>\n<meta property=\"article:publisher\" content=\"https:\/\/www.facebook.com\/farmaceuticsbcn\/\" \/>\n<meta property=\"article:published_time\" content=\"2017-09-18T13:05:00+00:00\" \/>\n<meta name=\"author\" content=\"wpAdminCofbOrg\" \/>\n<meta name=\"twitter:card\" content=\"summary_large_image\" \/>\n<meta name=\"twitter:creator\" content=\"@farmaceuticsbcn\" \/>\n<meta name=\"twitter:site\" content=\"@farmaceuticsbcn\" \/>\n<meta name=\"twitter:label1\" content=\"Escrito por\" \/>\n\t<meta name=\"twitter:data1\" content=\"wpAdminCofbOrg\" \/>\n\t<meta name=\"twitter:label2\" content=\"Tiempo de lectura\" \/>\n\t<meta name=\"twitter:data2\" content=\"8 minutos\" \/>\n<script type=\"application\/ld+json\" class=\"yoast-schema-graph\">{\"@context\":\"https:\/\/schema.org\",\"@graph\":[{\"@type\":\"Article\",\"@id\":\"https:\/\/novaorg.cofb.net\/2017\/09\/18\/mes-de-600-alumnes-es-formen-amb-agora-sanitaria-sobre-actuacio-farmaceutica-en-persones-dedat-avancada\/#article\",\"isPartOf\":{\"@id\":\"https:\/\/novaorg.cofb.net\/2017\/09\/18\/mes-de-600-alumnes-es-formen-amb-agora-sanitaria-sobre-actuacio-farmaceutica-en-persones-dedat-avancada\/\"},\"author\":{\"name\":\"wpAdminCofbOrg\",\"@id\":\"https:\/\/www.cofb.org\/#\/schema\/person\/22ed7eea88da74b0fa4d3154ad87ffcb\"},\"headline\":\"M\u00e9s de 600 alumnes es formen amb \u00c0gora Sanit\u00e0ria sobre actuaci\u00f3 farmac\u00e8utica en persones d&#8217;edat avan\u00e7ada\",\"datePublished\":\"2017-09-18T13:05:00+00:00\",\"dateModified\":\"2017-09-18T13:05:00+00:00\",\"mainEntityOfPage\":{\"@id\":\"https:\/\/novaorg.cofb.net\/2017\/09\/18\/mes-de-600-alumnes-es-formen-amb-agora-sanitaria-sobre-actuacio-farmaceutica-en-persones-dedat-avancada\/\"},\"wordCount\":1578,\"publisher\":{\"@id\":\"https:\/\/www.cofb.org\/#organization\"},\"articleSection\":[\"Notes de premsa\",\"Sense categoria\"],\"inLanguage\":\"es\"},{\"@type\":\"WebPage\",\"@id\":\"https:\/\/novaorg.cofb.net\/2017\/09\/18\/mes-de-600-alumnes-es-formen-amb-agora-sanitaria-sobre-actuacio-farmaceutica-en-persones-dedat-avancada\/\",\"url\":\"https:\/\/novaorg.cofb.net\/2017\/09\/18\/mes-de-600-alumnes-es-formen-amb-agora-sanitaria-sobre-actuacio-farmaceutica-en-persones-dedat-avancada\/\",\"name\":\"M\u00e9s de 600 alumnes es formen amb \u00c0gora Sanit\u00e0ria sobre actuaci\u00f3 farmac\u00e8utica en persones d'edat avan\u00e7ada - Col\u00b7legi de Farmac\u00e8utics de Barcelona\",\"isPartOf\":{\"@id\":\"https:\/\/www.cofb.org\/#website\"},\"datePublished\":\"2017-09-18T13:05:00+00:00\",\"dateModified\":\"2017-09-18T13:05:00+00:00\",\"breadcrumb\":{\"@id\":\"https:\/\/novaorg.cofb.net\/2017\/09\/18\/mes-de-600-alumnes-es-formen-amb-agora-sanitaria-sobre-actuacio-farmaceutica-en-persones-dedat-avancada\/#breadcrumb\"},\"inLanguage\":\"es\",\"potentialAction\":[{\"@type\":\"ReadAction\",\"target\":[\"https:\/\/novaorg.cofb.net\/2017\/09\/18\/mes-de-600-alumnes-es-formen-amb-agora-sanitaria-sobre-actuacio-farmaceutica-en-persones-dedat-avancada\/\"]}]},{\"@type\":\"BreadcrumbList\",\"@id\":\"https:\/\/novaorg.cofb.net\/2017\/09\/18\/mes-de-600-alumnes-es-formen-amb-agora-sanitaria-sobre-actuacio-farmaceutica-en-persones-dedat-avancada\/#breadcrumb\",\"itemListElement\":[{\"@type\":\"ListItem\",\"position\":1,\"name\":\"Inici\",\"item\":\"https:\/\/novaorg.cofb.net\/\"},{\"@type\":\"ListItem\",\"position\":2,\"name\":\"M\u00e9s de 600 alumnes es formen amb \u00c0gora Sanit\u00e0ria sobre actuaci\u00f3 farmac\u00e8utica en persones d&#8217;edat avan\u00e7ada\"}]},{\"@type\":\"WebSite\",\"@id\":\"https:\/\/www.cofb.org\/#website\",\"url\":\"https:\/\/www.cofb.org\/\",\"name\":\"Col\u00b7legi de Farmac\u00e8utics de Barcelona\",\"description\":\"\",\"publisher\":{\"@id\":\"https:\/\/www.cofb.org\/#organization\"},\"potentialAction\":[{\"@type\":\"SearchAction\",\"target\":{\"@type\":\"EntryPoint\",\"urlTemplate\":\"https:\/\/www.cofb.org\/?s={search_term_string}\"},\"query-input\":\"required name=search_term_string\"}],\"inLanguage\":\"es\"},{\"@type\":\"Organization\",\"@id\":\"https:\/\/www.cofb.org\/#organization\",\"name\":\"Col\u00b7legi de Farmac\u00e8utics de Barcelona\",\"url\":\"https:\/\/www.cofb.org\/\",\"logo\":{\"@type\":\"ImageObject\",\"inLanguage\":\"es\",\"@id\":\"https:\/\/www.cofb.org\/#\/schema\/logo\/image\/\",\"url\":\"https:\/\/www.cofb.org\/wp-content\/uploads\/2023\/11\/cropped-Logotip-COFB.png\",\"contentUrl\":\"https:\/\/www.cofb.org\/wp-content\/uploads\/2023\/11\/cropped-Logotip-COFB.png\",\"width\":500,\"height\":105,\"caption\":\"Col\u00b7legi de Farmac\u00e8utics de Barcelona\"},\"image\":{\"@id\":\"https:\/\/www.cofb.org\/#\/schema\/logo\/image\/\"},\"sameAs\":[\"https:\/\/www.facebook.com\/farmaceuticsbcn\/\",\"https:\/\/twitter.com\/farmaceuticsbcn\",\"https:\/\/www.instagram.com\/farmaceuticsbcn\/\",\"https:\/\/www.linkedin.com\/company\/farmaceuticsbcn\/\"]},{\"@type\":\"Person\",\"@id\":\"https:\/\/www.cofb.org\/#\/schema\/person\/22ed7eea88da74b0fa4d3154ad87ffcb\",\"name\":\"wpAdminCofbOrg\",\"image\":{\"@type\":\"ImageObject\",\"inLanguage\":\"es\",\"@id\":\"https:\/\/www.cofb.org\/#\/schema\/person\/image\/\",\"url\":\"https:\/\/secure.gravatar.com\/avatar\/1721b20b3b8ca882c3b56ec6c978c594fff670e40c0718e9190eaeeb76aae7d8?s=96&d=mm&r=g\",\"contentUrl\":\"https:\/\/secure.gravatar.com\/avatar\/1721b20b3b8ca882c3b56ec6c978c594fff670e40c0718e9190eaeeb76aae7d8?s=96&d=mm&r=g\",\"caption\":\"wpAdminCofbOrg\"},\"sameAs\":[\"http:\/\/192.168.64.122\/wordpress\"],\"url\":\"https:\/\/www.cofb.org\/es\/author\/wpadmincofborg\/\"}]}<\/script>\n<!-- \/ Yoast SEO plugin. -->","yoast_head_json":{"title":"M\u00e9s de 600 alumnes es formen amb \u00c0gora Sanit\u00e0ria sobre actuaci\u00f3 farmac\u00e8utica en persones d'edat avan\u00e7ada - Col\u00b7legi de Farmac\u00e8utics de Barcelona","robots":{"index":"index","follow":"follow","max-snippet":"max-snippet:-1","max-image-preview":"max-image-preview:large","max-video-preview":"max-video-preview:-1"},"canonical":"https:\/\/novaorg.cofb.net\/2017\/09\/18\/mes-de-600-alumnes-es-formen-amb-agora-sanitaria-sobre-actuacio-farmaceutica-en-persones-dedat-avancada\/","og_locale":"es_ES","og_type":"article","og_title":"M\u00e9s de 600 alumnes es formen amb \u00c0gora Sanit\u00e0ria sobre actuaci\u00f3 farmac\u00e8utica en persones d'edat avan\u00e7ada - Col\u00b7legi de Farmac\u00e8utics de Barcelona","og_description":"\u00a0 Despr\u00e9s de l\u2019\u00e8xit i bona valoraci\u00f3 que ha tingut la formaci\u00f3, ja han comen\u00e7at les inscripcions per a la segona edici\u00f3 Aquest curs ha estat el primer que s\u2019ha dut a terme amb la nova modalitat formativa d\u2019\u00c0gora Sanit\u00e0ria que ofereix formaci\u00f3 per a tota la farm\u00e0cia El 98% [&hellip;]","og_url":"https:\/\/novaorg.cofb.net\/2017\/09\/18\/mes-de-600-alumnes-es-formen-amb-agora-sanitaria-sobre-actuacio-farmaceutica-en-persones-dedat-avancada\/","og_site_name":"Col\u00b7legi de Farmac\u00e8utics de Barcelona","article_publisher":"https:\/\/www.facebook.com\/farmaceuticsbcn\/","article_published_time":"2017-09-18T13:05:00+00:00","author":"wpAdminCofbOrg","twitter_card":"summary_large_image","twitter_creator":"@farmaceuticsbcn","twitter_site":"@farmaceuticsbcn","twitter_misc":{"Escrito por":"wpAdminCofbOrg","Tiempo de lectura":"8 minutos"},"schema":{"@context":"https:\/\/schema.org","@graph":[{"@type":"Article","@id":"https:\/\/novaorg.cofb.net\/2017\/09\/18\/mes-de-600-alumnes-es-formen-amb-agora-sanitaria-sobre-actuacio-farmaceutica-en-persones-dedat-avancada\/#article","isPartOf":{"@id":"https:\/\/novaorg.cofb.net\/2017\/09\/18\/mes-de-600-alumnes-es-formen-amb-agora-sanitaria-sobre-actuacio-farmaceutica-en-persones-dedat-avancada\/"},"author":{"name":"wpAdminCofbOrg","@id":"https:\/\/www.cofb.org\/#\/schema\/person\/22ed7eea88da74b0fa4d3154ad87ffcb"},"headline":"M\u00e9s de 600 alumnes es formen amb \u00c0gora Sanit\u00e0ria sobre actuaci\u00f3 farmac\u00e8utica en persones d&#8217;edat avan\u00e7ada","datePublished":"2017-09-18T13:05:00+00:00","dateModified":"2017-09-18T13:05:00+00:00","mainEntityOfPage":{"@id":"https:\/\/novaorg.cofb.net\/2017\/09\/18\/mes-de-600-alumnes-es-formen-amb-agora-sanitaria-sobre-actuacio-farmaceutica-en-persones-dedat-avancada\/"},"wordCount":1578,"publisher":{"@id":"https:\/\/www.cofb.org\/#organization"},"articleSection":["Notes de premsa","Sense categoria"],"inLanguage":"es"},{"@type":"WebPage","@id":"https:\/\/novaorg.cofb.net\/2017\/09\/18\/mes-de-600-alumnes-es-formen-amb-agora-sanitaria-sobre-actuacio-farmaceutica-en-persones-dedat-avancada\/","url":"https:\/\/novaorg.cofb.net\/2017\/09\/18\/mes-de-600-alumnes-es-formen-amb-agora-sanitaria-sobre-actuacio-farmaceutica-en-persones-dedat-avancada\/","name":"M\u00e9s de 600 alumnes es formen amb \u00c0gora Sanit\u00e0ria sobre actuaci\u00f3 farmac\u00e8utica en persones d'edat avan\u00e7ada - Col\u00b7legi de Farmac\u00e8utics de Barcelona","isPartOf":{"@id":"https:\/\/www.cofb.org\/#website"},"datePublished":"2017-09-18T13:05:00+00:00","dateModified":"2017-09-18T13:05:00+00:00","breadcrumb":{"@id":"https:\/\/novaorg.cofb.net\/2017\/09\/18\/mes-de-600-alumnes-es-formen-amb-agora-sanitaria-sobre-actuacio-farmaceutica-en-persones-dedat-avancada\/#breadcrumb"},"inLanguage":"es","potentialAction":[{"@type":"ReadAction","target":["https:\/\/novaorg.cofb.net\/2017\/09\/18\/mes-de-600-alumnes-es-formen-amb-agora-sanitaria-sobre-actuacio-farmaceutica-en-persones-dedat-avancada\/"]}]},{"@type":"BreadcrumbList","@id":"https:\/\/novaorg.cofb.net\/2017\/09\/18\/mes-de-600-alumnes-es-formen-amb-agora-sanitaria-sobre-actuacio-farmaceutica-en-persones-dedat-avancada\/#breadcrumb","itemListElement":[{"@type":"ListItem","position":1,"name":"Inici","item":"https:\/\/novaorg.cofb.net\/"},{"@type":"ListItem","position":2,"name":"M\u00e9s de 600 alumnes es formen amb \u00c0gora Sanit\u00e0ria sobre actuaci\u00f3 farmac\u00e8utica en persones d&#8217;edat avan\u00e7ada"}]},{"@type":"WebSite","@id":"https:\/\/www.cofb.org\/#website","url":"https:\/\/www.cofb.org\/","name":"Col\u00b7legi de Farmac\u00e8utics de Barcelona","description":"","publisher":{"@id":"https:\/\/www.cofb.org\/#organization"},"potentialAction":[{"@type":"SearchAction","target":{"@type":"EntryPoint","urlTemplate":"https:\/\/www.cofb.org\/?s={search_term_string}"},"query-input":"required name=search_term_string"}],"inLanguage":"es"},{"@type":"Organization","@id":"https:\/\/www.cofb.org\/#organization","name":"Col\u00b7legi de Farmac\u00e8utics de Barcelona","url":"https:\/\/www.cofb.org\/","logo":{"@type":"ImageObject","inLanguage":"es","@id":"https:\/\/www.cofb.org\/#\/schema\/logo\/image\/","url":"https:\/\/www.cofb.org\/wp-content\/uploads\/2023\/11\/cropped-Logotip-COFB.png","contentUrl":"https:\/\/www.cofb.org\/wp-content\/uploads\/2023\/11\/cropped-Logotip-COFB.png","width":500,"height":105,"caption":"Col\u00b7legi de Farmac\u00e8utics de Barcelona"},"image":{"@id":"https:\/\/www.cofb.org\/#\/schema\/logo\/image\/"},"sameAs":["https:\/\/www.facebook.com\/farmaceuticsbcn\/","https:\/\/twitter.com\/farmaceuticsbcn","https:\/\/www.instagram.com\/farmaceuticsbcn\/","https:\/\/www.linkedin.com\/company\/farmaceuticsbcn\/"]},{"@type":"Person","@id":"https:\/\/www.cofb.org\/#\/schema\/person\/22ed7eea88da74b0fa4d3154ad87ffcb","name":"wpAdminCofbOrg","image":{"@type":"ImageObject","inLanguage":"es","@id":"https:\/\/www.cofb.org\/#\/schema\/person\/image\/","url":"https:\/\/secure.gravatar.com\/avatar\/1721b20b3b8ca882c3b56ec6c978c594fff670e40c0718e9190eaeeb76aae7d8?s=96&d=mm&r=g","contentUrl":"https:\/\/secure.gravatar.com\/avatar\/1721b20b3b8ca882c3b56ec6c978c594fff670e40c0718e9190eaeeb76aae7d8?s=96&d=mm&r=g","caption":"wpAdminCofbOrg"},"sameAs":["http:\/\/192.168.64.122\/wordpress"],"url":"https:\/\/www.cofb.org\/es\/author\/wpadmincofborg\/"}]}},"uagb_featured_image_src":{"full":false,"thumbnail":false,"medium":false,"medium_large":false,"large":false,"1536x1536":false,"2048x2048":false,"trp-custom-language-flag":false},"uagb_author_info":{"display_name":"wpAdminCofbOrg","author_link":"https:\/\/www.cofb.org\/es\/author\/wpadmincofborg\/"},"uagb_comment_info":0,"uagb_excerpt":"\u00a0 Despr\u00e9s de l\u2019\u00e8xit i bona valoraci\u00f3 que ha tingut la formaci\u00f3, ja han comen\u00e7at les inscripcions per a la segona edici\u00f3 Aquest curs ha estat el primer que s\u2019ha dut a terme amb la nova modalitat formativa d\u2019\u00c0gora Sanit\u00e0ria que ofereix formaci\u00f3 per a tota la farm\u00e0cia El 98% [&hellip;]","_links":{"self":[{"href":"https:\/\/www.cofb.org\/es\/wp-json\/wp\/v2\/posts\/77304","targetHints":{"allow":["GET"]}}],"collection":[{"href":"https:\/\/www.cofb.org\/es\/wp-json\/wp\/v2\/posts"}],"about":[{"href":"https:\/\/www.cofb.org\/es\/wp-json\/wp\/v2\/types\/post"}],"author":[{"embeddable":true,"href":"https:\/\/www.cofb.org\/es\/wp-json\/wp\/v2\/users\/1"}],"replies":[{"embeddable":true,"href":"https:\/\/www.cofb.org\/es\/wp-json\/wp\/v2\/comments?post=77304"}],"version-history":[{"count":0,"href":"https:\/\/www.cofb.org\/es\/wp-json\/wp\/v2\/posts\/77304\/revisions"}],"wp:attachment":[{"href":"https:\/\/www.cofb.org\/es\/wp-json\/wp\/v2\/media?parent=77304"}],"wp:term":[{"taxonomy":"category","embeddable":true,"href":"https:\/\/www.cofb.org\/es\/wp-json\/wp\/v2\/categories?post=77304"},{"taxonomy":"post_tag","embeddable":true,"href":"https:\/\/www.cofb.org\/es\/wp-json\/wp\/v2\/tags?post=77304"}],"curies":[{"name":"wp","href":"https:\/\/api.w.org\/{rel}","templated":true}]}}