{"id":77301,"date":"2017-09-22T14:03:00","date_gmt":"2017-09-22T14:03:00","guid":{"rendered":"https:\/\/novaorg.cofb.net\/2017\/09\/22\/els-farmaceutics-recorden-en-el-seu-dia-mundial-el-que-aporta-la-professio-per-millorar-la-salut-de-les-persones\/"},"modified":"2017-09-22T14:03:00","modified_gmt":"2017-09-22T14:03:00","slug":"els-farmaceutics-recorden-en-el-seu-dia-mundial-el-que-aporta-la-professio-per-millorar-la-salut-de-les-persones","status":"publish","type":"post","link":"https:\/\/www.cofb.org\/es\/2017\/09\/22\/els-farmaceutics-recorden-en-el-seu-dia-mundial-el-que-aporta-la-professio-per-millorar-la-salut-de-les-persones\/","title":{"rendered":"Los farmac\u00e9uticos recuerdan en su D\u00eda Mundial lo que aporta la profesi\u00f3n para mejorar la salud de las personas"},"content":{"rendered":"<p>\u00a0<\/p>\n<p>\u00a0<strong>25 de septiembre, D\u00eda Mundial del Farmac\u00e9utico:<br \/>&quot;De la investigaci\u00f3n a la asistencia sanitaria: el farmac\u00e9utico a su servicio&quot;<\/strong><\/p>\n<ul>\n<li><strong>Son ejemplos los diferentes servicios que se ofrecen a las farmacias en colaboraci\u00f3n con otros profesionales sanitarios, como los programas de detecci\u00f3n precoz del c\u00e1ncer de colon y recto y VIH y el de intercambio de jeringuillas <\/strong><\/li>\n<li><strong>Entre los 10.955 farmac\u00e9uticos de Catalu\u00f1a predomina el perfil femenino, que representan el 73% de colegiados, y la franja de edad m\u00e1s numerosa es la que va de los 35 a menos de 45 a\u00f1os<\/strong><br \/>\u00a0<\/li>\n<\/ul>\n<p class=\"MsoNormal\"><i>Barcelona, 22 de septiembre de 2017.-<\/i> <b>El pr\u00f3ximo 25 de septiembre se celebra el D\u00eda Mundial del Farmac\u00e9utico,<\/b> una conmemoraci\u00f3n organizada por la Federaci\u00f3n Farmac\u00e9utica Internacional (FIP) que este a\u00f1o lleva por lema <b>&quot;De la investigaci\u00f3n a la asistencia sanitaria: el farmac\u00e9utico a su servicio&quot;.<\/b> Con este mensaje se ha querido, por un lado, <b>incidir en las aportaciones de la profesi\u00f3n farmac\u00e9utica a la salud desde los distintos \u00e1mbitos de ejercicio de la profesi\u00f3n; <\/b>por otra parte, <b>destacar la labor que se realiza desde la proximidad y accesibilidad de la farmacia comunitaria, <\/b>as\u00ed como<b> la participaci\u00f3n del farmac\u00e9utico en los procesos de reconocimiento de los problemas de salud, la investigaci\u00f3n, el desarrollo de nuevos medicamentos y la formaci\u00f3n de futuros profesionales de la salud.<\/b><\/p>\n<p class=\"MsoNormal\"><b><u>M\u00e1s de 8.600 farmac\u00e9uticos de Barcelona velan por el bienestar de las personas desde las farmacias, hospitales y salud p\u00fablica, entre otros \u00a0<\/p>\n<p><\/u><\/b><\/p>\n<p class=\"MsoNormal\">Todo esto es posible gracias a los m\u00e1s de <b>8.600 farmac\u00e9uticos de Barcelona que trabajan desde los distintos \u00e1mbitos de ejercicio de la profesi\u00f3n <\/b>-5.470 en las m\u00e1s de 2.300 farmacias de la provincia, 51 en investigaci\u00f3n y docencia, 71 en salud p\u00fablica, 289 en hospitales, 106 en la distribuci\u00f3n y 194 en an\u00e1lisis cl\u00ednicos, entre otros- <b>para mejorar la salud y el bienestar de las personas. <\/p>\n<p><\/b><\/p>\n<p class=\"MsoNormal\"><b>La colaboraci\u00f3n entre los distintos profesionales del sector tambi\u00e9n ha quedado recogida en los materiales que ha dise\u00f1ado <\/b>el Consejo General de Colegios Oficiales de Farmac\u00e9uticos con motivo de esta efem\u00e9ride: un <a href=\"http:\/\/www.portalfarma.com\/Profesionales\/campanaspf\/categorias\/Documents\/2017-Dia-Mundial-Farmaceutico-Catalan.pdf\" target=\"_blank\" rel=\"noopener\">cartel <\/a>para los farmac\u00e9uticos, uno <a href=\"https:\/\/www.youtube.com\/watch?v=R-zTKPy6mxk&amp;feature=youtu.be\" target=\"_blank\" rel=\"noopener\">v\u00eddeo conmemorativo<\/a> y <a href=\"http:\/\/www.portalfarma.com\/Profesionales\/campanaspf\/categorias\/Paginas\/Varios\/Dia-Mundial-Farmaceutico-2017.aspx\" target=\"_blank\" rel=\"noopener\">im\u00e1genes para compartir en las redes sociales<\/a> con el hashtag #dmf2017.<\/p>\n<p class=\"MsoNormal\"><b><u>\u00bfQu\u00e9 ofrece el farmac\u00e9utico a la poblaci\u00f3n?<\/u><\/b><\/p>\n<p class=\"MsoNormal\"><!--[endif]--><b>Ejemplos de aportaciones que hace el farmac\u00e9utico a la sociedad son los distintos servicios que se ofrecen a las farmacias en colaboraci\u00f3n con otros profesionales sanitarios. <\/b>\u00c9ste es el caso de los <b>programas de reducci\u00f3n de da\u00f1os<\/b>, gracias a los cuales m\u00e1s de <b>70 farmacias de Barcelona han colaborado en la detecci\u00f3n precoz del VIH<\/b>, m\u00e1s de <b>670 pacientes se han beneficiado del Programa de mantenimiento con metadona <\/b>en el que participan <b>90 farmacias<\/b> y m\u00e1s de <b>240 han contribuido, mediante el Programa de Intercambio de jeringuillas,<\/b> a recoger jeringuillas y proporcionar kits est\u00e9riles a los usuarios. <b><span><\/p>\n<p><\/span><\/b><\/p>\n<p class=\"MsoNormal\">Tambi\u00e9n se encuentra el <b>Programa de detecci\u00f3n precoz de c\u00e1ncer de colon y recto,<\/b> en cuyo marco <b>1.051 farmacias han atendido a 234.826 personas,<\/b> y el programa de <b>farmacias centinelas,<\/b> que se ha ampliado recientemente a <b>60 farmacias de Catalu\u00f1a<\/b> con el objetivo de aportar informaci\u00f3n sobre el uso de los medicamentos para obtener datos que puedan integrarse en sistemas de vigilancia de otros profesionales sanitarios.\u00a0 <\/p>\n<p class=\"MsoNormal\"><b><u><img fetchpriority=\"high\" decoding=\"async\" src=\"https:\/\/www.cofb.org\/image\/image_gallery?uuid=e9e0476a-9a68-43d9-8770-08ed2909f482&amp;groupId=10136&amp;t=1506082048176\" width=\"266\" height=\"665\" align=\"right\" vspace=\"2\" hspace=\"2\" border=\"2\" alt=\"\">La farmacia en Catalu\u00f1a <\/p>\n<p><\/u><\/b><\/p>\n<p class=\"MsoNormal\"><b><span>\u00bfCu\u00e1ntos colegiados hay en Catalu\u00f1a? <\/span><\/b>El n\u00famero de <b>farmac\u00e9uticos en Catalu\u00f1a <\/b>se ha ido estabilizando en los \u00faltimos tres a\u00f1os, as\u00ed para el a\u00f1o 2016 el n\u00famero total es de <b>10.955, un 1,70% m\u00e1s que el a\u00f1o anterior:<\/b> 8.695 en la provincia de Barcelona, 886 en Gerona, 839 en Tarragona y 535 en L\u00e9rida.<\/p>\n<p class=\"MsoNormal\"><b><span>\u00bfEn qu\u00e9 \u00e1mbitos ejercen?<\/span> 7.100 (el 64,81%) desarrollan su labor profesional en alguna de las 3.182 farmacias del territorio<\/b>, lo que supone una <b>media de m\u00e1s de 2 farmac\u00e9uticos por oficina de farmacia. <\/b>Asimismo, un importante porcentaje de colegiados desarrollan su actividad profesional en \u00e1mbitos no exclusivos para los farmac\u00e9uticos, como es el caso del \u00e1mbito de la <b>salud p\u00fablica, an\u00e1lisis cl\u00ednicos, industria y distribuci\u00f3n farmac\u00e9utica. <\/b>Por otra parte, la adscripci\u00f3n de los farmac\u00e9uticos a las diferentes vocal\u00edas de los Colegios remarca el inter\u00e9s profesional espec\u00edfico en algunas \u00e1reas como son la <b>dermofarmacia, la alimentaci\u00f3n y nutrici\u00f3n, la fitoterapia, la ortopedia y la investigaci\u00f3n y docencia<\/b> que pueden desarrollarse desde diferentes formas de ejercicio de la profesi\u00f3n.<\/p>\n<p class=\"MsoNormal\"><b><span>\u00bfQu\u00e9 perfil predomina?<\/span><\/b> El <b>perfil del licenciado<\/b> en farmacia es <b>femenino<\/b> \u2013 ya que representan el 73% de colegiados \u2013 y<b>, en cuanto a las edades, la franja de edad donde se concentra un mayor n\u00famero de colegiados en Catalu\u00f1a es la que va de los 35 a menos de 45 a\u00f1os<\/b>, seguida de la de 45 a menos de 55 a\u00f1os y la de menos de 35 a\u00f1os. Tambi\u00e9n se observa una <b>feminizaci\u00f3n progresiva de la profesi\u00f3n<\/b>, puesto que el n\u00famero de mujeres aumenta hasta un 78% sobre el total de farmac\u00e9uticos colegiados en la franja de edad de menos de 35 a\u00f1os, mientras que en la de a partir de 65 a\u00f1os, hay un 51,99% de mujeres y un 48,01% de varones.<\/p>\n<p class=\"MsoNormal\"><b><span>\u00bfC\u00f3mo se distribuyen las farmacias en el territorio? <\/span><\/b>Una de las caracter\u00edsticas distintivas de la farmacia es su distribuci\u00f3n, ya que gracias a criterios geogr\u00e1ficos y demogr\u00e1ficos recogidos en la legislaci\u00f3n, <b>se garantiza que el 99% de la poblaci\u00f3n disponga de una farmacia en la que vive. <\/p>\n<p><\/b><\/p>\n<p class=\"MsoNormal\">La distribuci\u00f3n de las farmacias en Catalu\u00f1a responde a la necesidad de asegurar un servicio farmac\u00e9utico cercano al ciudadano de forma equitativa y de f\u00e1cil acceso para todos, evitando, de este modo, la concentraci\u00f3n en lugares m\u00e1s poblados o urbanos en detrimento de la poblaci\u00f3n que vive en sitios m\u00e1s rurales o de poca concentraci\u00f3n. Su ubicaci\u00f3n depende del n\u00famero de habitantes por \u00e1rea b\u00e1sica y contempla la distancia m\u00ednima entre \u00e9stas para llegar a todos los n\u00facleos poblacionales. <\/p>\n<p class=\"MsoNormal\"><b>Catalu\u00f1a fue la primera Comunidad del Estado que tuvo una Ley de Ordenaci\u00f3n Farmac\u00e9utica propia (Ley 31\/1991),<\/b> aprobada por unanimidad de todo el Parlamento de Catalu\u00f1a. <b>La extensa red farmac\u00e9utica de Catalunya -3.182 oficinas de farmacia y 113 botiquines-, hace que el ratio de farmacias para la poblaci\u00f3n catalana sea de las m\u00e1s altas de Europa.<\/b> Concretamente en Catalu\u00f1a, existe una oficina de farmacia por cada 2.350 habitantes y 1 farmac\u00e9utico comunitario por cada 1.053 habitantes, aproximadamente, en el a\u00f1o 2016. <i><\/p>\n<p><\/i><\/p>\n<p class=\"MsoNormal\"><i>A esta <\/i><a href=\"http:\/\/www.portalfarma.com\/Profesionales\/consejoinforma\/Paginas\/2017-Dia-Mundial-Farmaceutico.aspx\" target=\"_blank\" rel=\"noopener\"><i>nota de Portalfarma<\/i><\/a><i> se pueden consultar tambi\u00e9n datos sobre el ejercicio de la profesi\u00f3n en el conjunto del Estado<span>.\u00a0<\/span><\/i><\/p>\n<p class=\"MsoNormal\">Para m\u00e1s informaci\u00f3n: <br \/>Departamento de Comunicaci\u00f3n del Colegio de Farmac\u00e9uticos de Barcelona (COFB)<br \/>Tel\u00e9fono: 93 244 07 28 \/ 18 <br \/>premsa@cofb.net <br \/>\u00a0<\/p>\n<p class=\"MsoNormal\"><i><span><\/p>\n<p><\/span><\/i><\/p>\n<p>\u00a0\u00a025 de septiembre, D\u00eda Mundial del Farmac\u00e9utico: \u201cDe la investigaci\u00f3n a la asistencia sanitaria: el farmac\u00e9utico a su servicio\u201d Son ejemplos los diferentes servicios que se ofrecen en las farmacias en colaboraci\u00f3n con otros profesionales sanitarios, como los programas de detecci\u00f3n precoz del c\u00e1ncer de colon y recto y VIH y el de intercambio de jeringuillas De entre los 10.955 farmac\u00e9uticos de Catalu\u00f1a predomina el perfil femenino, que representan el 73% de colegiados, y la franja de edad m\u00e1s numerosa es la que va de los 35 a menos de 45 a\u00f1os Barcelona, 22 de septiembre de 2017.- El pr\u00f3ximo 25 de septiembre se celebra el D\u00eda Mundial del Farmac\u00e9utico, una conmemoraci\u00f3n organizada por la Federaci\u00f3n Farmac\u00e9utica Internacional (FIP) que este a\u00f1o lleva por lema \u201cDe la investigaci\u00f3n en la asistencia sanitaria: el farmac\u00e9utico a su servicio\u201d. Con este mensaje se ha querido, por un lado, incidir en las aportaciones de la profesi\u00f3n farmac\u00e9utica a la salud desde los distintos \u00e1mbitos de ejercicio de la profesi\u00f3n; por otra parte, destacar la labor que se realiza desde la proximidad y accesibilidad de la farmacia comunitaria, as\u00ed como la participaci\u00f3n del farmac\u00e9utico en los procesos de reconocimiento de los problemas de salud, la investigaci\u00f3n, el desarrollo de nuevos medicamentos y la formaci\u00f3n de futuros profesionales de la salud. M\u00e1s de 8.600 farmac\u00e9uticos de Barcelona velan por el bienestar de las personas desde las farmacias, hospitales y salud p\u00fablica, entre otros Todo esto es posible gracias a los m\u00e1s de 8.600 farmac\u00e9uticos de Barcelona que trabajan desde los diferentes \u00e1mbitos de ejercicio de la profesi\u00f3n -5.470 en las m\u00e1s de 2.300 farmacias de la provincia, 51 en investigaci\u00f3n y docencia, 71 en salud p\u00fablica, 289 en hospitales, 106 en la distribuci\u00f3n y 194 en an\u00e1lisis cl\u00ednicos, entre otros- para mejorar la salud y el bienestar de las personas. La colaboraci\u00f3n entre los diferentes profesionales del sector tambi\u00e9n ha quedado recogida en los materiales que ha dise\u00f1ado el Consejo General de Colegios Oficiales de Farmac\u00e9uticos con motivo de esta efem\u00e9ride: un cartel para los farmac\u00e9uticos, un v\u00eddeo conmemorativo e im\u00e1genes para compartir en las redes sociales con el hashtag #dmf2017. \u00bfQu\u00e9 ofrece el farmac\u00e9utico a la poblaci\u00f3n? Ejemplos de aportaciones que hace el farmac\u00e9utico a la sociedad son los distintos servicios que se ofrecen a las farmacias en colaboraci\u00f3n con otros profesionales sanitarios. \u00c9ste es el caso de los programas de reducci\u00f3n de da\u00f1os, gracias a los cuales m\u00e1s de 70 farmacias de Barcelona han colaborado en la detecci\u00f3n precoz del VIH, m\u00e1s de 670 pacientes se han beneficiado del Programa de mantenimiento con metadona en el que participan 90 farmacias y m\u00e1s de 240 han contribuido, mediante el Programa de Intercambio de jeringuillas, a recoger jeringuillas y proporcionar kits est\u00e9riles a los usuarios. Tambi\u00e9n se encuentra el Programa de detecci\u00f3n precoz de c\u00e1ncer de colon y recto, en el marco del cual 1.051 farmacias han atendido a 234.826 personas, y el programa de farmacias centinelas, que se ha ampliado recientemente a 60 farmacias de Catalu\u00f1a con el objetivo de aportar informaci\u00f3n sobre el uso de los medicamentos para obtener datos que se puedan integrar en sistemas de vigilancia de otros profesionales sanitarios. La farmacia en Catalu\u00f1a \u00bfCu\u00e1ntos colegiados hay en Catalu\u00f1a? El n\u00famero de farmac\u00e9uticos en Catalu\u00f1a se ha ido estabilizando en los \u00faltimos tres a\u00f1os, as\u00ed para el a\u00f1o 2016 el n\u00famero total es de 10.955, un 1,70% m\u00e1s que el a\u00f1o anterior: 8.695 en la provincia de Barcelona, 886 a Gerona, 839 en Tarragona y 535 en L\u00e9rida. \u00bfEn qu\u00e9 \u00e1mbitos ejercen? 7.100 (el 64,81%) desarrollan su labor profesional en alguna de las 3.182 farmacias del territorio, lo que supone una media de m\u00e1s de 2 farmac\u00e9uticos por oficina de farmacia. Asimismo, un importante porcentaje de colegiados desarrollan su actividad profesional en \u00e1mbitos no exclusivos para los farmac\u00e9uticos, como es el caso del \u00e1mbito de la salud p\u00fablica, an\u00e1lisis cl\u00ednicos, industria y distribuci\u00f3n farmac\u00e9utica. Por otra parte, la adscripci\u00f3n de los farmac\u00e9uticos a las diferentes vocal\u00edas de los Colegios remarca el inter\u00e9s profesional espec\u00edfico en algunas \u00e1reas como son la dermofarmacia, la alimentaci\u00f3n y nutrici\u00f3n, la fitoterapia, la ortopedia y la investigaci\u00f3n y docencia que pueden desarrollarse desde diferentes formas de ejercicio de la profesi\u00f3n. \u00bfQu\u00e9 perfil predomina? El perfil del licenciado en farmacia es femenino - ya que representan el 73% de colegiados - y, en cuanto a las edades, la franja de edad donde se concentra un mayor n\u00famero de colegiados en Catalu\u00f1a es la que va de los 35 a menos de 45 a\u00f1os, seguida de la de 45 a menos de 55 a\u00f1os y la de menos de 35 a\u00f1os. Tambi\u00e9n se observa una feminizaci\u00f3n progresiva de la profesi\u00f3n, puesto que el n\u00famero de mujeres aumenta hasta un 78% sobre el total de farmac\u00e9uticos colegiados en la franja de edad de menos de 35 a\u00f1os, mientras que en la de a partir de 65 a\u00f1os, existe un 51,99% de mujeres y un 48,01% de hombres. \u00bfC\u00f3mo se distribuyen las farmacias en el territorio? Una de las caracter\u00edsticas distintivas de la farmacia es su distribuci\u00f3n, ya que gracias a criterios geogr\u00e1ficos y demogr\u00e1ficos recogidos en la legislaci\u00f3n, se garantiza que el 99% de la poblaci\u00f3n disponga de una farmacia en la que vive. La distribuci\u00f3n de las farmacias en Catalu\u00f1a responde a la necesidad de asegurar un servicio farmac\u00e9utico cercano al ciudadano de forma equitativa y de f\u00e1cil acceso para todos, evitando, de este modo, la concentraci\u00f3n en lugares m\u00e1s poblados o urbanos en detrimento de la poblaci\u00f3n que vive en sitios m\u00e1s rurales o de poca concentraci\u00f3n. Su ubicaci\u00f3n depende del n\u00famero de habitantes por \u00e1rea b\u00e1sica y contempla la distancia m\u00ednima entre \u00e9stas para llegar a todos los n\u00facleos poblacionales. Catalu\u00f1a fue la primera Comunidad del Estado que tuvo una Ley de Ordenaci\u00f3n Farmac\u00e9utica propia (Ley 31\/1991), aprobada por unanimidad de todo el Parlamento de Catalu\u00f1a. La extensa red farmac\u00e9utica de Catalunya -3.182 oficinas de farmacia y 113 botiquines-, hace que el ratio de farmacias para la poblaci\u00f3n catalana sea de las m\u00e1s altas de Europa. Concretamente en Catalu\u00f1a, hay una oficina de farmacia por cada 2.350 habitantes y 1 farmac\u00e9utico comunitario por cada 1.053 habitantes, aproximadamente, en el a\u00f1o 2016. En esta nota de Portalfarma se pueden consultar tambi\u00e9n datos sobre el ejercicio de la profesi\u00f3n en el conjunto de el Estado. Para m\u00e1s informaci\u00f3n: Departamento de Comunicaci\u00f3n del Colegio de Farmac\u00e9uticos de Barcelona (COFB)Tel\u00e9fono: 93 244 07 28 \/ 18 premsa@cofb.net COFB.ORG<\/p>","protected":false},"excerpt":{"rendered":"<p>\u00a0 \u00a025 de septiembre, D\u00eda Mundial del Farmac\u00e9utico: \u201cDe la investigaci\u00f3n a la asistencia sanitaria: el farmac\u00e9utico a su servicio\u201d Son ejemplos los diferentes servicios que se ofrecen en las farmacias en colaboraci\u00f3n con otros profesionales sanitarios, como los programas de detecci\u00f3n precoz del c\u00e1ncer de colon y recto y VIH y [\u2026]<\/p>","protected":false},"author":1,"featured_media":77302,"comment_status":"","ping_status":"","sticky":false,"template":"","format":"standard","meta":{"_uag_custom_page_level_css":"","site-sidebar-layout":"default","site-content-layout":"","ast-site-content-layout":"default","site-content-style":"default","site-sidebar-style":"default","ast-global-header-display":"","ast-banner-title-visibility":"","ast-main-header-display":"","ast-hfb-above-header-display":"","ast-hfb-below-header-display":"","ast-hfb-mobile-header-display":"","site-post-title":"","ast-breadcrumbs-content":"","ast-featured-img":"disabled","footer-sml-layout":"","theme-transparent-header-meta":"","adv-header-id-meta":"","stick-header-meta":"","header-above-stick-meta":"","header-main-stick-meta":"","header-below-stick-meta":"","astra-migrate-meta-layouts":"default","ast-page-background-enabled":"default","ast-page-background-meta":{"desktop":{"background-color":"var(--ast-global-color-4)","background-image":"","background-repeat":"repeat","background-position":"center center","background-size":"auto","background-attachment":"scroll","background-type":"","background-media":"","overlay-type":"","overlay-color":"","overlay-opacity":"","overlay-gradient":""},"tablet":{"background-color":"","background-image":"","background-repeat":"repeat","background-position":"center center","background-size":"auto","background-attachment":"scroll","background-type":"","background-media":"","overlay-type":"","overlay-color":"","overlay-opacity":"","overlay-gradient":""},"mobile":{"background-color":"","background-image":"","background-repeat":"repeat","background-position":"center center","background-size":"auto","background-attachment":"scroll","background-type":"","background-media":"","overlay-type":"","overlay-color":"","overlay-opacity":"","overlay-gradient":""}},"ast-content-background-meta":{"desktop":{"background-color":"var(--ast-global-color-5)","background-image":"","background-repeat":"repeat","background-position":"center center","background-size":"auto","background-attachment":"scroll","background-type":"","background-media":"","overlay-type":"","overlay-color":"","overlay-opacity":"","overlay-gradient":""},"tablet":{"background-color":"var(--ast-global-color-5)","background-image":"","background-repeat":"repeat","background-position":"center center","background-size":"auto","background-attachment":"scroll","background-type":"","background-media":"","overlay-type":"","overlay-color":"","overlay-opacity":"","overlay-gradient":""},"mobile":{"background-color":"var(--ast-global-color-5)","background-image":"","background-repeat":"repeat","background-position":"center center","background-size":"auto","background-attachment":"scroll","background-type":"","background-media":"","overlay-type":"","overlay-color":"","overlay-opacity":"","overlay-gradient":""}},"footnotes":""},"categories":[1060,1066],"tags":[],"class_list":["post-77301","post","type-post","status-publish","format-standard","has-post-thumbnail","hentry","category-notes-premsa","category-sense-categoria-ca"],"yoast_head":"<!-- This site is optimized with the Yoast SEO plugin v22.4 - https:\/\/yoast.com\/wordpress\/plugins\/seo\/ -->\n<title>Els farmac\u00e8utics recorden en el seu Dia Mundial el que aporta la professi\u00f3 per millorar la salut de les persones - Col\u00b7legi de Farmac\u00e8utics de Barcelona<\/title>\n<meta name=\"robots\" content=\"index, follow, max-snippet:-1, max-image-preview:large, max-video-preview:-1\" \/>\n<link rel=\"canonical\" href=\"https:\/\/novaorg.cofb.net\/2017\/09\/22\/els-farmaceutics-recorden-en-el-seu-dia-mundial-el-que-aporta-la-professio-per-millorar-la-salut-de-les-persones\/\" \/>\n<meta property=\"og:locale\" content=\"es_ES\" \/>\n<meta property=\"og:type\" content=\"article\" \/>\n<meta property=\"og:title\" content=\"Els farmac\u00e8utics recorden en el seu Dia Mundial el que aporta la professi\u00f3 per millorar la salut de les persones - Col\u00b7legi de Farmac\u00e8utics de Barcelona\" \/>\n<meta property=\"og:description\" content=\"\u00a0 \u00a025 de setembre, Dia Mundial del Farmac\u00e8utic:\u201cDe la recerca a l\u2019assist\u00e8ncia sanit\u00e0ria: el farmac\u00e8utic al seu servei\u201d En s\u00f3n exemples els diferents serveis que s\u2019ofereixen a les farm\u00e0cies en col\u00b7laboraci\u00f3 amb altres professionals sanitaris, com els programes de detecci\u00f3 preco\u00e7 del c\u00e0ncer de c\u00f2lon i recte i VIH i [&hellip;]\" \/>\n<meta property=\"og:url\" content=\"https:\/\/novaorg.cofb.net\/2017\/09\/22\/els-farmaceutics-recorden-en-el-seu-dia-mundial-el-que-aporta-la-professio-per-millorar-la-salut-de-les-persones\/\" \/>\n<meta property=\"og:site_name\" content=\"Col\u00b7legi de Farmac\u00e8utics de Barcelona\" \/>\n<meta property=\"article:publisher\" content=\"https:\/\/www.facebook.com\/farmaceuticsbcn\/\" \/>\n<meta property=\"article:published_time\" content=\"2017-09-22T14:03:00+00:00\" \/>\n<meta property=\"og:image\" content=\"https:\/\/novaorg.cofb.net\/wp-content\/uploads\/2017\/09\/image_gallery-5MiDtf.jpeg\" \/>\n\t<meta property=\"og:image:width\" content=\"266\" \/>\n\t<meta property=\"og:image:height\" content=\"665\" \/>\n\t<meta property=\"og:image:type\" content=\"image\/jpeg\" \/>\n<meta name=\"author\" content=\"wpAdminCofbOrg\" \/>\n<meta name=\"twitter:card\" content=\"summary_large_image\" \/>\n<meta name=\"twitter:creator\" content=\"@farmaceuticsbcn\" \/>\n<meta name=\"twitter:site\" content=\"@farmaceuticsbcn\" \/>\n<meta name=\"twitter:label1\" content=\"Escrito por\" \/>\n\t<meta name=\"twitter:data1\" content=\"wpAdminCofbOrg\" \/>\n\t<meta name=\"twitter:label2\" content=\"Tiempo de lectura\" \/>\n\t<meta name=\"twitter:data2\" content=\"12 minutos\" \/>\n<script type=\"application\/ld+json\" class=\"yoast-schema-graph\">{\"@context\":\"https:\/\/schema.org\",\"@graph\":[{\"@type\":\"Article\",\"@id\":\"https:\/\/novaorg.cofb.net\/2017\/09\/22\/els-farmaceutics-recorden-en-el-seu-dia-mundial-el-que-aporta-la-professio-per-millorar-la-salut-de-les-persones\/#article\",\"isPartOf\":{\"@id\":\"https:\/\/novaorg.cofb.net\/2017\/09\/22\/els-farmaceutics-recorden-en-el-seu-dia-mundial-el-que-aporta-la-professio-per-millorar-la-salut-de-les-persones\/\"},\"author\":{\"name\":\"wpAdminCofbOrg\",\"@id\":\"https:\/\/www.cofb.org\/#\/schema\/person\/22ed7eea88da74b0fa4d3154ad87ffcb\"},\"headline\":\"Els farmac\u00e8utics recorden en el seu Dia Mundial el que aporta la professi\u00f3 per millorar la salut de les persones\",\"datePublished\":\"2017-09-22T14:03:00+00:00\",\"dateModified\":\"2017-09-22T14:03:00+00:00\",\"mainEntityOfPage\":{\"@id\":\"https:\/\/novaorg.cofb.net\/2017\/09\/22\/els-farmaceutics-recorden-en-el-seu-dia-mundial-el-que-aporta-la-professio-per-millorar-la-salut-de-les-persones\/\"},\"wordCount\":2321,\"publisher\":{\"@id\":\"https:\/\/www.cofb.org\/#organization\"},\"image\":{\"@id\":\"https:\/\/novaorg.cofb.net\/2017\/09\/22\/els-farmaceutics-recorden-en-el-seu-dia-mundial-el-que-aporta-la-professio-per-millorar-la-salut-de-les-persones\/#primaryimage\"},\"thumbnailUrl\":\"https:\/\/www.cofb.org\/wp-content\/uploads\/2017\/09\/image_gallery-5MiDtf.jpeg\",\"articleSection\":[\"Notes de premsa\",\"Sense categoria\"],\"inLanguage\":\"es\"},{\"@type\":\"WebPage\",\"@id\":\"https:\/\/novaorg.cofb.net\/2017\/09\/22\/els-farmaceutics-recorden-en-el-seu-dia-mundial-el-que-aporta-la-professio-per-millorar-la-salut-de-les-persones\/\",\"url\":\"https:\/\/novaorg.cofb.net\/2017\/09\/22\/els-farmaceutics-recorden-en-el-seu-dia-mundial-el-que-aporta-la-professio-per-millorar-la-salut-de-les-persones\/\",\"name\":\"Els farmac\u00e8utics recorden en el seu Dia Mundial el que aporta la professi\u00f3 per millorar la salut de les persones - Col\u00b7legi de Farmac\u00e8utics de Barcelona\",\"isPartOf\":{\"@id\":\"https:\/\/www.cofb.org\/#website\"},\"primaryImageOfPage\":{\"@id\":\"https:\/\/novaorg.cofb.net\/2017\/09\/22\/els-farmaceutics-recorden-en-el-seu-dia-mundial-el-que-aporta-la-professio-per-millorar-la-salut-de-les-persones\/#primaryimage\"},\"image\":{\"@id\":\"https:\/\/novaorg.cofb.net\/2017\/09\/22\/els-farmaceutics-recorden-en-el-seu-dia-mundial-el-que-aporta-la-professio-per-millorar-la-salut-de-les-persones\/#primaryimage\"},\"thumbnailUrl\":\"https:\/\/www.cofb.org\/wp-content\/uploads\/2017\/09\/image_gallery-5MiDtf.jpeg\",\"datePublished\":\"2017-09-22T14:03:00+00:00\",\"dateModified\":\"2017-09-22T14:03:00+00:00\",\"breadcrumb\":{\"@id\":\"https:\/\/novaorg.cofb.net\/2017\/09\/22\/els-farmaceutics-recorden-en-el-seu-dia-mundial-el-que-aporta-la-professio-per-millorar-la-salut-de-les-persones\/#breadcrumb\"},\"inLanguage\":\"es\",\"potentialAction\":[{\"@type\":\"ReadAction\",\"target\":[\"https:\/\/novaorg.cofb.net\/2017\/09\/22\/els-farmaceutics-recorden-en-el-seu-dia-mundial-el-que-aporta-la-professio-per-millorar-la-salut-de-les-persones\/\"]}]},{\"@type\":\"ImageObject\",\"inLanguage\":\"es\",\"@id\":\"https:\/\/novaorg.cofb.net\/2017\/09\/22\/els-farmaceutics-recorden-en-el-seu-dia-mundial-el-que-aporta-la-professio-per-millorar-la-salut-de-les-persones\/#primaryimage\",\"url\":\"https:\/\/www.cofb.org\/wp-content\/uploads\/2017\/09\/image_gallery-5MiDtf.jpeg\",\"contentUrl\":\"https:\/\/www.cofb.org\/wp-content\/uploads\/2017\/09\/image_gallery-5MiDtf.jpeg\",\"width\":266,\"height\":665},{\"@type\":\"BreadcrumbList\",\"@id\":\"https:\/\/novaorg.cofb.net\/2017\/09\/22\/els-farmaceutics-recorden-en-el-seu-dia-mundial-el-que-aporta-la-professio-per-millorar-la-salut-de-les-persones\/#breadcrumb\",\"itemListElement\":[{\"@type\":\"ListItem\",\"position\":1,\"name\":\"Inici\",\"item\":\"https:\/\/novaorg.cofb.net\/\"},{\"@type\":\"ListItem\",\"position\":2,\"name\":\"Els farmac\u00e8utics recorden en el seu Dia Mundial el que aporta la professi\u00f3 per millorar la salut de les persones\"}]},{\"@type\":\"WebSite\",\"@id\":\"https:\/\/www.cofb.org\/#website\",\"url\":\"https:\/\/www.cofb.org\/\",\"name\":\"Col\u00b7legi de Farmac\u00e8utics de Barcelona\",\"description\":\"\",\"publisher\":{\"@id\":\"https:\/\/www.cofb.org\/#organization\"},\"potentialAction\":[{\"@type\":\"SearchAction\",\"target\":{\"@type\":\"EntryPoint\",\"urlTemplate\":\"https:\/\/www.cofb.org\/?s={search_term_string}\"},\"query-input\":\"required name=search_term_string\"}],\"inLanguage\":\"es\"},{\"@type\":\"Organization\",\"@id\":\"https:\/\/www.cofb.org\/#organization\",\"name\":\"Col\u00b7legi de Farmac\u00e8utics de Barcelona\",\"url\":\"https:\/\/www.cofb.org\/\",\"logo\":{\"@type\":\"ImageObject\",\"inLanguage\":\"es\",\"@id\":\"https:\/\/www.cofb.org\/#\/schema\/logo\/image\/\",\"url\":\"https:\/\/www.cofb.org\/wp-content\/uploads\/2023\/11\/cropped-Logotip-COFB.png\",\"contentUrl\":\"https:\/\/www.cofb.org\/wp-content\/uploads\/2023\/11\/cropped-Logotip-COFB.png\",\"width\":500,\"height\":105,\"caption\":\"Col\u00b7legi de Farmac\u00e8utics de Barcelona\"},\"image\":{\"@id\":\"https:\/\/www.cofb.org\/#\/schema\/logo\/image\/\"},\"sameAs\":[\"https:\/\/www.facebook.com\/farmaceuticsbcn\/\",\"https:\/\/twitter.com\/farmaceuticsbcn\",\"https:\/\/www.instagram.com\/farmaceuticsbcn\/\",\"https:\/\/www.linkedin.com\/company\/farmaceuticsbcn\/\"]},{\"@type\":\"Person\",\"@id\":\"https:\/\/www.cofb.org\/#\/schema\/person\/22ed7eea88da74b0fa4d3154ad87ffcb\",\"name\":\"wpAdminCofbOrg\",\"image\":{\"@type\":\"ImageObject\",\"inLanguage\":\"es\",\"@id\":\"https:\/\/www.cofb.org\/#\/schema\/person\/image\/\",\"url\":\"https:\/\/secure.gravatar.com\/avatar\/1721b20b3b8ca882c3b56ec6c978c594fff670e40c0718e9190eaeeb76aae7d8?s=96&d=mm&r=g\",\"contentUrl\":\"https:\/\/secure.gravatar.com\/avatar\/1721b20b3b8ca882c3b56ec6c978c594fff670e40c0718e9190eaeeb76aae7d8?s=96&d=mm&r=g\",\"caption\":\"wpAdminCofbOrg\"},\"sameAs\":[\"http:\/\/192.168.64.122\/wordpress\"],\"url\":\"https:\/\/www.cofb.org\/es\/author\/wpadmincofborg\/\"}]}<\/script>\n<!-- \/ Yoast SEO plugin. -->","yoast_head_json":{"title":"Els farmac\u00e8utics recorden en el seu Dia Mundial el que aporta la professi\u00f3 per millorar la salut de les persones - Col\u00b7legi de Farmac\u00e8utics de Barcelona","robots":{"index":"index","follow":"follow","max-snippet":"max-snippet:-1","max-image-preview":"max-image-preview:large","max-video-preview":"max-video-preview:-1"},"canonical":"https:\/\/novaorg.cofb.net\/2017\/09\/22\/els-farmaceutics-recorden-en-el-seu-dia-mundial-el-que-aporta-la-professio-per-millorar-la-salut-de-les-persones\/","og_locale":"es_ES","og_type":"article","og_title":"Els farmac\u00e8utics recorden en el seu Dia Mundial el que aporta la professi\u00f3 per millorar la salut de les persones - Col\u00b7legi de Farmac\u00e8utics de Barcelona","og_description":"\u00a0 \u00a025 de setembre, Dia Mundial del Farmac\u00e8utic:\u201cDe la recerca a l\u2019assist\u00e8ncia sanit\u00e0ria: el farmac\u00e8utic al seu servei\u201d En s\u00f3n exemples els diferents serveis que s\u2019ofereixen a les farm\u00e0cies en col\u00b7laboraci\u00f3 amb altres professionals sanitaris, com els programes de detecci\u00f3 preco\u00e7 del c\u00e0ncer de c\u00f2lon i recte i VIH i [&hellip;]","og_url":"https:\/\/novaorg.cofb.net\/2017\/09\/22\/els-farmaceutics-recorden-en-el-seu-dia-mundial-el-que-aporta-la-professio-per-millorar-la-salut-de-les-persones\/","og_site_name":"Col\u00b7legi de Farmac\u00e8utics de Barcelona","article_publisher":"https:\/\/www.facebook.com\/farmaceuticsbcn\/","article_published_time":"2017-09-22T14:03:00+00:00","og_image":[{"width":266,"height":665,"url":"https:\/\/novaorg.cofb.net\/wp-content\/uploads\/2017\/09\/image_gallery-5MiDtf.jpeg","type":"image\/jpeg"}],"author":"wpAdminCofbOrg","twitter_card":"summary_large_image","twitter_creator":"@farmaceuticsbcn","twitter_site":"@farmaceuticsbcn","twitter_misc":{"Escrito por":"wpAdminCofbOrg","Tiempo de lectura":"12 minutos"},"schema":{"@context":"https:\/\/schema.org","@graph":[{"@type":"Article","@id":"https:\/\/novaorg.cofb.net\/2017\/09\/22\/els-farmaceutics-recorden-en-el-seu-dia-mundial-el-que-aporta-la-professio-per-millorar-la-salut-de-les-persones\/#article","isPartOf":{"@id":"https:\/\/novaorg.cofb.net\/2017\/09\/22\/els-farmaceutics-recorden-en-el-seu-dia-mundial-el-que-aporta-la-professio-per-millorar-la-salut-de-les-persones\/"},"author":{"name":"wpAdminCofbOrg","@id":"https:\/\/www.cofb.org\/#\/schema\/person\/22ed7eea88da74b0fa4d3154ad87ffcb"},"headline":"Els farmac\u00e8utics recorden en el seu Dia Mundial el que aporta la professi\u00f3 per millorar la salut de les persones","datePublished":"2017-09-22T14:03:00+00:00","dateModified":"2017-09-22T14:03:00+00:00","mainEntityOfPage":{"@id":"https:\/\/novaorg.cofb.net\/2017\/09\/22\/els-farmaceutics-recorden-en-el-seu-dia-mundial-el-que-aporta-la-professio-per-millorar-la-salut-de-les-persones\/"},"wordCount":2321,"publisher":{"@id":"https:\/\/www.cofb.org\/#organization"},"image":{"@id":"https:\/\/novaorg.cofb.net\/2017\/09\/22\/els-farmaceutics-recorden-en-el-seu-dia-mundial-el-que-aporta-la-professio-per-millorar-la-salut-de-les-persones\/#primaryimage"},"thumbnailUrl":"https:\/\/www.cofb.org\/wp-content\/uploads\/2017\/09\/image_gallery-5MiDtf.jpeg","articleSection":["Notes de premsa","Sense categoria"],"inLanguage":"es"},{"@type":"WebPage","@id":"https:\/\/novaorg.cofb.net\/2017\/09\/22\/els-farmaceutics-recorden-en-el-seu-dia-mundial-el-que-aporta-la-professio-per-millorar-la-salut-de-les-persones\/","url":"https:\/\/novaorg.cofb.net\/2017\/09\/22\/els-farmaceutics-recorden-en-el-seu-dia-mundial-el-que-aporta-la-professio-per-millorar-la-salut-de-les-persones\/","name":"Els farmac\u00e8utics recorden en el seu Dia Mundial el que aporta la professi\u00f3 per millorar la salut de les persones - Col\u00b7legi de Farmac\u00e8utics de Barcelona","isPartOf":{"@id":"https:\/\/www.cofb.org\/#website"},"primaryImageOfPage":{"@id":"https:\/\/novaorg.cofb.net\/2017\/09\/22\/els-farmaceutics-recorden-en-el-seu-dia-mundial-el-que-aporta-la-professio-per-millorar-la-salut-de-les-persones\/#primaryimage"},"image":{"@id":"https:\/\/novaorg.cofb.net\/2017\/09\/22\/els-farmaceutics-recorden-en-el-seu-dia-mundial-el-que-aporta-la-professio-per-millorar-la-salut-de-les-persones\/#primaryimage"},"thumbnailUrl":"https:\/\/www.cofb.org\/wp-content\/uploads\/2017\/09\/image_gallery-5MiDtf.jpeg","datePublished":"2017-09-22T14:03:00+00:00","dateModified":"2017-09-22T14:03:00+00:00","breadcrumb":{"@id":"https:\/\/novaorg.cofb.net\/2017\/09\/22\/els-farmaceutics-recorden-en-el-seu-dia-mundial-el-que-aporta-la-professio-per-millorar-la-salut-de-les-persones\/#breadcrumb"},"inLanguage":"es","potentialAction":[{"@type":"ReadAction","target":["https:\/\/novaorg.cofb.net\/2017\/09\/22\/els-farmaceutics-recorden-en-el-seu-dia-mundial-el-que-aporta-la-professio-per-millorar-la-salut-de-les-persones\/"]}]},{"@type":"ImageObject","inLanguage":"es","@id":"https:\/\/novaorg.cofb.net\/2017\/09\/22\/els-farmaceutics-recorden-en-el-seu-dia-mundial-el-que-aporta-la-professio-per-millorar-la-salut-de-les-persones\/#primaryimage","url":"https:\/\/www.cofb.org\/wp-content\/uploads\/2017\/09\/image_gallery-5MiDtf.jpeg","contentUrl":"https:\/\/www.cofb.org\/wp-content\/uploads\/2017\/09\/image_gallery-5MiDtf.jpeg","width":266,"height":665},{"@type":"BreadcrumbList","@id":"https:\/\/novaorg.cofb.net\/2017\/09\/22\/els-farmaceutics-recorden-en-el-seu-dia-mundial-el-que-aporta-la-professio-per-millorar-la-salut-de-les-persones\/#breadcrumb","itemListElement":[{"@type":"ListItem","position":1,"name":"Inici","item":"https:\/\/novaorg.cofb.net\/"},{"@type":"ListItem","position":2,"name":"Els farmac\u00e8utics recorden en el seu Dia Mundial el que aporta la professi\u00f3 per millorar la salut de les persones"}]},{"@type":"WebSite","@id":"https:\/\/www.cofb.org\/#website","url":"https:\/\/www.cofb.org\/","name":"Col\u00b7legi de Farmac\u00e8utics de Barcelona","description":"","publisher":{"@id":"https:\/\/www.cofb.org\/#organization"},"potentialAction":[{"@type":"SearchAction","target":{"@type":"EntryPoint","urlTemplate":"https:\/\/www.cofb.org\/?s={search_term_string}"},"query-input":"required name=search_term_string"}],"inLanguage":"es"},{"@type":"Organization","@id":"https:\/\/www.cofb.org\/#organization","name":"Col\u00b7legi de Farmac\u00e8utics de Barcelona","url":"https:\/\/www.cofb.org\/","logo":{"@type":"ImageObject","inLanguage":"es","@id":"https:\/\/www.cofb.org\/#\/schema\/logo\/image\/","url":"https:\/\/www.cofb.org\/wp-content\/uploads\/2023\/11\/cropped-Logotip-COFB.png","contentUrl":"https:\/\/www.cofb.org\/wp-content\/uploads\/2023\/11\/cropped-Logotip-COFB.png","width":500,"height":105,"caption":"Col\u00b7legi de Farmac\u00e8utics de Barcelona"},"image":{"@id":"https:\/\/www.cofb.org\/#\/schema\/logo\/image\/"},"sameAs":["https:\/\/www.facebook.com\/farmaceuticsbcn\/","https:\/\/twitter.com\/farmaceuticsbcn","https:\/\/www.instagram.com\/farmaceuticsbcn\/","https:\/\/www.linkedin.com\/company\/farmaceuticsbcn\/"]},{"@type":"Person","@id":"https:\/\/www.cofb.org\/#\/schema\/person\/22ed7eea88da74b0fa4d3154ad87ffcb","name":"wpAdminCofbOrg","image":{"@type":"ImageObject","inLanguage":"es","@id":"https:\/\/www.cofb.org\/#\/schema\/person\/image\/","url":"https:\/\/secure.gravatar.com\/avatar\/1721b20b3b8ca882c3b56ec6c978c594fff670e40c0718e9190eaeeb76aae7d8?s=96&d=mm&r=g","contentUrl":"https:\/\/secure.gravatar.com\/avatar\/1721b20b3b8ca882c3b56ec6c978c594fff670e40c0718e9190eaeeb76aae7d8?s=96&d=mm&r=g","caption":"wpAdminCofbOrg"},"sameAs":["http:\/\/192.168.64.122\/wordpress"],"url":"https:\/\/www.cofb.org\/es\/author\/wpadmincofborg\/"}]}},"uagb_featured_image_src":{"full":["https:\/\/www.cofb.org\/wp-content\/uploads\/2017\/09\/image_gallery-5MiDtf.jpeg",266,665,false],"thumbnail":["https:\/\/www.cofb.org\/wp-content\/uploads\/2017\/09\/image_gallery-5MiDtf-150x150.jpeg",150,150,true],"medium":["https:\/\/www.cofb.org\/wp-content\/uploads\/2017\/09\/image_gallery-5MiDtf-120x300.jpeg",120,300,true],"medium_large":["https:\/\/www.cofb.org\/wp-content\/uploads\/2017\/09\/image_gallery-5MiDtf.jpeg",266,665,false],"large":["https:\/\/www.cofb.org\/wp-content\/uploads\/2017\/09\/image_gallery-5MiDtf.jpeg",266,665,false],"1536x1536":["https:\/\/www.cofb.org\/wp-content\/uploads\/2017\/09\/image_gallery-5MiDtf.jpeg",266,665,false],"2048x2048":["https:\/\/www.cofb.org\/wp-content\/uploads\/2017\/09\/image_gallery-5MiDtf.jpeg",266,665,false],"trp-custom-language-flag":["https:\/\/www.cofb.org\/wp-content\/uploads\/2017\/09\/image_gallery-5MiDtf-5x12.jpeg",5,12,true]},"uagb_author_info":{"display_name":"wpAdminCofbOrg","author_link":"https:\/\/www.cofb.org\/es\/author\/wpadmincofborg\/"},"uagb_comment_info":0,"uagb_excerpt":"\u00a0 \u00a025 de setembre, Dia Mundial del Farmac\u00e8utic:\u201cDe la recerca a l\u2019assist\u00e8ncia sanit\u00e0ria: el farmac\u00e8utic al seu servei\u201d En s\u00f3n exemples els diferents serveis que s\u2019ofereixen a les farm\u00e0cies en col\u00b7laboraci\u00f3 amb altres professionals sanitaris, com els programes de detecci\u00f3 preco\u00e7 del c\u00e0ncer de c\u00f2lon i recte i VIH i [&hellip;]","_links":{"self":[{"href":"https:\/\/www.cofb.org\/es\/wp-json\/wp\/v2\/posts\/77301","targetHints":{"allow":["GET"]}}],"collection":[{"href":"https:\/\/www.cofb.org\/es\/wp-json\/wp\/v2\/posts"}],"about":[{"href":"https:\/\/www.cofb.org\/es\/wp-json\/wp\/v2\/types\/post"}],"author":[{"embeddable":true,"href":"https:\/\/www.cofb.org\/es\/wp-json\/wp\/v2\/users\/1"}],"replies":[{"embeddable":true,"href":"https:\/\/www.cofb.org\/es\/wp-json\/wp\/v2\/comments?post=77301"}],"version-history":[{"count":0,"href":"https:\/\/www.cofb.org\/es\/wp-json\/wp\/v2\/posts\/77301\/revisions"}],"wp:featuredmedia":[{"embeddable":true,"href":"https:\/\/www.cofb.org\/es\/wp-json\/wp\/v2\/media\/77302"}],"wp:attachment":[{"href":"https:\/\/www.cofb.org\/es\/wp-json\/wp\/v2\/media?parent=77301"}],"wp:term":[{"taxonomy":"category","embeddable":true,"href":"https:\/\/www.cofb.org\/es\/wp-json\/wp\/v2\/categories?post=77301"},{"taxonomy":"post_tag","embeddable":true,"href":"https:\/\/www.cofb.org\/es\/wp-json\/wp\/v2\/tags?post=77301"}],"curies":[{"name":"wp","href":"https:\/\/api.w.org\/{rel}","templated":true}]}}