{"id":77289,"date":"2018-01-12T10:22:00","date_gmt":"2018-01-12T10:22:00","guid":{"rendered":"https:\/\/novaorg.cofb.net\/2018\/01\/12\/infarma-madrid-2018-obre-el-periode-per-presentar-posters-cientifics\/"},"modified":"2018-01-12T10:22:00","modified_gmt":"2018-01-12T10:22:00","slug":"infarma-madrid-2018-obre-el-periode-per-presentar-posters-cientifics","status":"publish","type":"post","link":"https:\/\/www.cofb.org\/es\/2018\/01\/12\/infarma-madrid-2018-obre-el-periode-per-presentar-posters-cientifics\/","title":{"rendered":"Infarma Madrid 2018 abre el per\u00edodo para presentar p\u00f3sters cient\u00edficos"},"content":{"rendered":"<p>\u00a0<\/p>\n<ul>\n<li><strong>Los trabajos se expondr\u00e1n en formato digital en un espacio reservado del Congreso<\/strong><\/li>\n<\/ul>\n<p>Infarma Madrid 2018 potenciar\u00e1 su espacio de investigaci\u00f3n farmac\u00e9utica con una nueva zona de exposici\u00f3n de p\u00f3sters cient\u00edficos en la nueva edici\u00f3n del Congreso y Sal\u00f3n farmac\u00e9utico, que se celebrar\u00e1 entre el 13 y el 15 de marzo en el recinto ferial de Ifema de Madrid.<\/p>\n<p>Farmac\u00e9uticos de oficina de farmacia en grupos de trabajo o con iniciativas particulares, as\u00ed como grupos de investigaci\u00f3n de universidades, hospitales, sociedades cient\u00edficas o colegios profesionales est\u00e1n invitados a participar y enviar sus trabajos y experiencias cient\u00edficas y profesionales que sean originales e in\u00e9ditas en la organizaci\u00f3n de Infarma, antes del pr\u00f3ximo 31 de enero.<\/p>\n<p>El Congreso ofrecer\u00e1 la m\u00e1xima difusi\u00f3n y protagonismo en los trabajos dentro de su programa cient\u00edfico, con el objetivo de promover un espacio de intercambio de experiencias y conocimiento.<\/p>\n<p>Una de las novedades de la presente edici\u00f3n es que la presentaci\u00f3n de los trabajos aceptados ser\u00e1 en forma de p\u00f3ster digital en una zona del Congreso reservada al efecto. El contenido deber\u00e1 ce\u00f1irse a algunos de los tres grandes ejes tem\u00e1ticos en los que se divide el programa del Congreso: Gesti\u00f3n, Tecnolog\u00eda y Profesi\u00f3n o labor asistencial farmac\u00e9utica.<\/p>\n<p>Entre los res\u00famenes recibidos y aceptados, el Comit\u00e9 Cient\u00edfico seleccionar\u00e1 los trabajos m\u00e1s destacados para su defensa en forma de comunicaci\u00f3n oral en una sesi\u00f3n p\u00fablica que tendr\u00e1 lugar durante el Congreso y premiar\u00e1 a los tres mejores, a juicio de este Comit\u00e9. La dotaci\u00f3n econ\u00f3mica ser\u00e1 de 2.000 euros para el primer premio y 1.000 euros para cada uno de los trabajos que resulten seleccionados en segundo y tercer lugar.<\/p>\n<p>El plazo para entregar los res\u00famenes finaliza el pr\u00f3ximo 31 de enero. Diez d\u00edas despu\u00e9s, el 10 de febrero, el Comit\u00e9 Cient\u00edfico de Infarma resolver\u00e1 si acepta o rechaza el p\u00f3ster, decisi\u00f3n que comunicar\u00e1 por correo electr\u00f3nico al autor. La notificaci\u00f3n de la selecci\u00f3n del p\u00f3ster para realizar una comunicaci\u00f3n oral se efectuar\u00e1 el 19 de febrero. Los interesados pueden consultar las normas de presentaci\u00f3n de p\u00f3sters en la direcci\u00f3n<span>\u00a0<\/span><a href=\"http:\/\/www.infarma.es\/\" target=\"_blank\" rel=\"noopener\">www.infarma.es<\/a>.<\/p>\n<p>La organizaci\u00f3n se reserva la posibilidad de ampliar los plazos previstos para permitir mayor participaci\u00f3n, decisi\u00f3n que se comunicar\u00e1 con suficiente antelaci\u00f3n.<\/p>\n<p>\u00a0Los trabajos se expondr\u00e1n en formato digital en un espacio reservado del Congreso<\/p>\n<p>Infarma Madrid 2018 potenciar\u00e1 su espacio de investigaci\u00f3n farmac\u00e9utica con una nueva zona de exposici\u00f3n de p\u00f3sters cient\u00edficos en la nueva edici\u00f3n del Congreso y Sal\u00f3n farmac\u00e9utico, que se celebrar\u00e1 entre el 13 y el 15 de marzo en el recinto ferial de Ifema de Madrid.<\/p>\n<p>Farmac\u00e9uticos de oficina de farmacia en grupos de trabajo o con iniciativas particulares, as\u00ed como grupos de investigaci\u00f3n de universidades, hospitales, sociedades cient\u00edficas o colegios profesionales est\u00e1n invitados a participar y enviar sus trabajos y experiencias cient\u00edficas y profesionales que sean originales e in\u00e9ditas en la organizaci\u00f3n de Infarma, antes del pr\u00f3ximo 31 de enero.<\/p>\n<p>El Congreso ofrecer\u00e1 la m\u00e1xima difusi\u00f3n y protagonismo en los trabajos dentro de su programa cient\u00edfico, con el objetivo de promover un espacio de intercambio de experiencias y conocimiento.<\/p>\n<p>Una de las novedades de la presente edici\u00f3n es que la presentaci\u00f3n de los trabajos aceptados ser\u00e1 en forma de p\u00f3ster digital en una zona del Congreso reservada al efecto. El contenido deber\u00e1 ce\u00f1irse a algunos de los tres grandes ejes tem\u00e1ticos en los que se divide el programa del Congreso: Gesti\u00f3n, Tecnolog\u00eda y Profesi\u00f3n o labor asistencial farmac\u00e9utica.<\/p>\n<p>Entre los res\u00famenes recibidos y aceptados, el Comit\u00e9 Cient\u00edfico seleccionar\u00e1 los trabajos m\u00e1s destacados para su defensa en forma de comunicaci\u00f3n oral en una sesi\u00f3n p\u00fablica que tendr\u00e1 lugar durante el Congreso y premiar\u00e1 a los tres mejores, a juicio de este Comit\u00e9. La dotaci\u00f3n econ\u00f3mica ser\u00e1 de 2.000 euros para el primer premio y 1.000 euros para cada uno de los trabajos que resulten seleccionados en segundo y tercer lugar.<\/p>\n<p>El plazo para entregar los res\u00famenes finaliza el pr\u00f3ximo 31 de enero. Diez d\u00edas despu\u00e9s, el 10 de febrero, el Comit\u00e9 Cient\u00edfico de Infarma resolver\u00e1 si acepta o rechaza el p\u00f3ster, decisi\u00f3n que comunicar\u00e1 por correo electr\u00f3nico al autor. La notificaci\u00f3n de la selecci\u00f3n del p\u00f3ster para realizar una comunicaci\u00f3n oral se efectuar\u00e1 el 19 de febrero. Los interesados pueden consultar las normas de presentaci\u00f3n de p\u00f3sters en la direcci\u00f3n www.infarma.es.<\/p>\n<p>La organizaci\u00f3n se reserva la posibilidad de ampliar los plazos previstos para permitir mayor participaci\u00f3n, decisi\u00f3n que se comunicar\u00e1 con suficiente antelaci\u00f3n.  COFB.ORG<\/p>","protected":false},"excerpt":{"rendered":"<p>\u00a0 Los trabajos se expondr\u00e1n en formato digital en un espacio reservado del Congreso Infarma Madrid 2018 potenciar\u00e1 su espacio de investigaci\u00f3n farmac\u00e9utica con una nueva zona de exposici\u00f3n de p\u00f3sters cient\u00edficos en la nueva edici\u00f3n del Congreso y Sal\u00f3n farmac\u00e9utico, que se celebrar\u00e1 entre el 13 y el 15 de [\u2026]<\/p>","protected":false},"author":1,"featured_media":0,"comment_status":"","ping_status":"","sticky":false,"template":"","format":"standard","meta":{"_uag_custom_page_level_css":"","site-sidebar-layout":"default","site-content-layout":"","ast-site-content-layout":"default","site-content-style":"default","site-sidebar-style":"default","ast-global-header-display":"","ast-banner-title-visibility":"","ast-main-header-display":"","ast-hfb-above-header-display":"","ast-hfb-below-header-display":"","ast-hfb-mobile-header-display":"","site-post-title":"","ast-breadcrumbs-content":"","ast-featured-img":"disabled","footer-sml-layout":"","theme-transparent-header-meta":"","adv-header-id-meta":"","stick-header-meta":"","header-above-stick-meta":"","header-main-stick-meta":"","header-below-stick-meta":"","astra-migrate-meta-layouts":"default","ast-page-background-enabled":"default","ast-page-background-meta":{"desktop":{"background-color":"var(--ast-global-color-4)","background-image":"","background-repeat":"repeat","background-position":"center center","background-size":"auto","background-attachment":"scroll","background-type":"","background-media":"","overlay-type":"","overlay-color":"","overlay-opacity":"","overlay-gradient":""},"tablet":{"background-color":"","background-image":"","background-repeat":"repeat","background-position":"center center","background-size":"auto","background-attachment":"scroll","background-type":"","background-media":"","overlay-type":"","overlay-color":"","overlay-opacity":"","overlay-gradient":""},"mobile":{"background-color":"","background-image":"","background-repeat":"repeat","background-position":"center center","background-size":"auto","background-attachment":"scroll","background-type":"","background-media":"","overlay-type":"","overlay-color":"","overlay-opacity":"","overlay-gradient":""}},"ast-content-background-meta":{"desktop":{"background-color":"var(--ast-global-color-5)","background-image":"","background-repeat":"repeat","background-position":"center center","background-size":"auto","background-attachment":"scroll","background-type":"","background-media":"","overlay-type":"","overlay-color":"","overlay-opacity":"","overlay-gradient":""},"tablet":{"background-color":"var(--ast-global-color-5)","background-image":"","background-repeat":"repeat","background-position":"center center","background-size":"auto","background-attachment":"scroll","background-type":"","background-media":"","overlay-type":"","overlay-color":"","overlay-opacity":"","overlay-gradient":""},"mobile":{"background-color":"var(--ast-global-color-5)","background-image":"","background-repeat":"repeat","background-position":"center center","background-size":"auto","background-attachment":"scroll","background-type":"","background-media":"","overlay-type":"","overlay-color":"","overlay-opacity":"","overlay-gradient":""}},"footnotes":""},"categories":[1060,1066],"tags":[],"class_list":["post-77289","post","type-post","status-publish","format-standard","hentry","category-notes-premsa","category-sense-categoria-ca"],"yoast_head":"<!-- This site is optimized with the Yoast SEO plugin v22.4 - https:\/\/yoast.com\/wordpress\/plugins\/seo\/ -->\n<title>Infarma Madrid 2018 obre el per\u00edode per presentar p\u00f2sters cient\u00edfics - Col\u00b7legi de Farmac\u00e8utics de Barcelona<\/title>\n<meta name=\"robots\" content=\"index, follow, max-snippet:-1, max-image-preview:large, max-video-preview:-1\" \/>\n<link rel=\"canonical\" href=\"https:\/\/novaorg.cofb.net\/2018\/01\/12\/infarma-madrid-2018-obre-el-periode-per-presentar-posters-cientifics\/\" \/>\n<meta property=\"og:locale\" content=\"es_ES\" \/>\n<meta property=\"og:type\" content=\"article\" \/>\n<meta property=\"og:title\" content=\"Infarma Madrid 2018 obre el per\u00edode per presentar p\u00f2sters cient\u00edfics - Col\u00b7legi de Farmac\u00e8utics de Barcelona\" \/>\n<meta property=\"og:description\" content=\"\u00a0 Els treballs s&#8217;exposaran en format digital en un espai reservat del Congr\u00e9s Infarma Madrid 2018 potenciar\u00e0 el seu espai de recerca farmac\u00e8utica amb una nova zona d&#8217;exposici\u00f3 de p\u00f2sters cient\u00edfics a la nova edici\u00f3 del Congr\u00e9s i Sal\u00f3 farmac\u00e8utic, que se celebrar\u00e0 entre el 13 i el 15 de [&hellip;]\" \/>\n<meta property=\"og:url\" content=\"https:\/\/novaorg.cofb.net\/2018\/01\/12\/infarma-madrid-2018-obre-el-periode-per-presentar-posters-cientifics\/\" \/>\n<meta property=\"og:site_name\" content=\"Col\u00b7legi de Farmac\u00e8utics de Barcelona\" \/>\n<meta property=\"article:publisher\" content=\"https:\/\/www.facebook.com\/farmaceuticsbcn\/\" \/>\n<meta property=\"article:published_time\" content=\"2018-01-12T10:22:00+00:00\" \/>\n<meta name=\"author\" content=\"wpAdminCofbOrg\" \/>\n<meta name=\"twitter:card\" content=\"summary_large_image\" \/>\n<meta name=\"twitter:creator\" content=\"@farmaceuticsbcn\" \/>\n<meta name=\"twitter:site\" content=\"@farmaceuticsbcn\" \/>\n<meta name=\"twitter:label1\" content=\"Escrito por\" \/>\n\t<meta name=\"twitter:data1\" content=\"wpAdminCofbOrg\" \/>\n\t<meta name=\"twitter:label2\" content=\"Tiempo de lectura\" \/>\n\t<meta name=\"twitter:data2\" content=\"4 minutos\" \/>\n<script type=\"application\/ld+json\" class=\"yoast-schema-graph\">{\"@context\":\"https:\/\/schema.org\",\"@graph\":[{\"@type\":\"Article\",\"@id\":\"https:\/\/novaorg.cofb.net\/2018\/01\/12\/infarma-madrid-2018-obre-el-periode-per-presentar-posters-cientifics\/#article\",\"isPartOf\":{\"@id\":\"https:\/\/novaorg.cofb.net\/2018\/01\/12\/infarma-madrid-2018-obre-el-periode-per-presentar-posters-cientifics\/\"},\"author\":{\"name\":\"wpAdminCofbOrg\",\"@id\":\"https:\/\/www.cofb.org\/#\/schema\/person\/22ed7eea88da74b0fa4d3154ad87ffcb\"},\"headline\":\"Infarma Madrid 2018 obre el per\u00edode per presentar p\u00f2sters cient\u00edfics\",\"datePublished\":\"2018-01-12T10:22:00+00:00\",\"dateModified\":\"2018-01-12T10:22:00+00:00\",\"mainEntityOfPage\":{\"@id\":\"https:\/\/novaorg.cofb.net\/2018\/01\/12\/infarma-madrid-2018-obre-el-periode-per-presentar-posters-cientifics\/\"},\"wordCount\":808,\"publisher\":{\"@id\":\"https:\/\/www.cofb.org\/#organization\"},\"articleSection\":[\"Notes de premsa\",\"Sense categoria\"],\"inLanguage\":\"es\"},{\"@type\":\"WebPage\",\"@id\":\"https:\/\/novaorg.cofb.net\/2018\/01\/12\/infarma-madrid-2018-obre-el-periode-per-presentar-posters-cientifics\/\",\"url\":\"https:\/\/novaorg.cofb.net\/2018\/01\/12\/infarma-madrid-2018-obre-el-periode-per-presentar-posters-cientifics\/\",\"name\":\"Infarma Madrid 2018 obre el per\u00edode per presentar p\u00f2sters cient\u00edfics - Col\u00b7legi de Farmac\u00e8utics de Barcelona\",\"isPartOf\":{\"@id\":\"https:\/\/www.cofb.org\/#website\"},\"datePublished\":\"2018-01-12T10:22:00+00:00\",\"dateModified\":\"2018-01-12T10:22:00+00:00\",\"breadcrumb\":{\"@id\":\"https:\/\/novaorg.cofb.net\/2018\/01\/12\/infarma-madrid-2018-obre-el-periode-per-presentar-posters-cientifics\/#breadcrumb\"},\"inLanguage\":\"es\",\"potentialAction\":[{\"@type\":\"ReadAction\",\"target\":[\"https:\/\/novaorg.cofb.net\/2018\/01\/12\/infarma-madrid-2018-obre-el-periode-per-presentar-posters-cientifics\/\"]}]},{\"@type\":\"BreadcrumbList\",\"@id\":\"https:\/\/novaorg.cofb.net\/2018\/01\/12\/infarma-madrid-2018-obre-el-periode-per-presentar-posters-cientifics\/#breadcrumb\",\"itemListElement\":[{\"@type\":\"ListItem\",\"position\":1,\"name\":\"Inici\",\"item\":\"https:\/\/novaorg.cofb.net\/\"},{\"@type\":\"ListItem\",\"position\":2,\"name\":\"Infarma Madrid 2018 obre el per\u00edode per presentar p\u00f2sters cient\u00edfics\"}]},{\"@type\":\"WebSite\",\"@id\":\"https:\/\/www.cofb.org\/#website\",\"url\":\"https:\/\/www.cofb.org\/\",\"name\":\"Col\u00b7legi de Farmac\u00e8utics de Barcelona\",\"description\":\"\",\"publisher\":{\"@id\":\"https:\/\/www.cofb.org\/#organization\"},\"potentialAction\":[{\"@type\":\"SearchAction\",\"target\":{\"@type\":\"EntryPoint\",\"urlTemplate\":\"https:\/\/www.cofb.org\/?s={search_term_string}\"},\"query-input\":\"required name=search_term_string\"}],\"inLanguage\":\"es\"},{\"@type\":\"Organization\",\"@id\":\"https:\/\/www.cofb.org\/#organization\",\"name\":\"Col\u00b7legi de Farmac\u00e8utics de Barcelona\",\"url\":\"https:\/\/www.cofb.org\/\",\"logo\":{\"@type\":\"ImageObject\",\"inLanguage\":\"es\",\"@id\":\"https:\/\/www.cofb.org\/#\/schema\/logo\/image\/\",\"url\":\"https:\/\/www.cofb.org\/wp-content\/uploads\/2023\/11\/cropped-Logotip-COFB.png\",\"contentUrl\":\"https:\/\/www.cofb.org\/wp-content\/uploads\/2023\/11\/cropped-Logotip-COFB.png\",\"width\":500,\"height\":105,\"caption\":\"Col\u00b7legi de Farmac\u00e8utics de Barcelona\"},\"image\":{\"@id\":\"https:\/\/www.cofb.org\/#\/schema\/logo\/image\/\"},\"sameAs\":[\"https:\/\/www.facebook.com\/farmaceuticsbcn\/\",\"https:\/\/twitter.com\/farmaceuticsbcn\",\"https:\/\/www.instagram.com\/farmaceuticsbcn\/\",\"https:\/\/www.linkedin.com\/company\/farmaceuticsbcn\/\"]},{\"@type\":\"Person\",\"@id\":\"https:\/\/www.cofb.org\/#\/schema\/person\/22ed7eea88da74b0fa4d3154ad87ffcb\",\"name\":\"wpAdminCofbOrg\",\"image\":{\"@type\":\"ImageObject\",\"inLanguage\":\"es\",\"@id\":\"https:\/\/www.cofb.org\/#\/schema\/person\/image\/\",\"url\":\"https:\/\/secure.gravatar.com\/avatar\/1721b20b3b8ca882c3b56ec6c978c594fff670e40c0718e9190eaeeb76aae7d8?s=96&d=mm&r=g\",\"contentUrl\":\"https:\/\/secure.gravatar.com\/avatar\/1721b20b3b8ca882c3b56ec6c978c594fff670e40c0718e9190eaeeb76aae7d8?s=96&d=mm&r=g\",\"caption\":\"wpAdminCofbOrg\"},\"sameAs\":[\"http:\/\/192.168.64.122\/wordpress\"],\"url\":\"https:\/\/www.cofb.org\/es\/author\/wpadmincofborg\/\"}]}<\/script>\n<!-- \/ Yoast SEO plugin. -->","yoast_head_json":{"title":"Infarma Madrid 2018 obre el per\u00edode per presentar p\u00f2sters cient\u00edfics - Col\u00b7legi de Farmac\u00e8utics de Barcelona","robots":{"index":"index","follow":"follow","max-snippet":"max-snippet:-1","max-image-preview":"max-image-preview:large","max-video-preview":"max-video-preview:-1"},"canonical":"https:\/\/novaorg.cofb.net\/2018\/01\/12\/infarma-madrid-2018-obre-el-periode-per-presentar-posters-cientifics\/","og_locale":"es_ES","og_type":"article","og_title":"Infarma Madrid 2018 obre el per\u00edode per presentar p\u00f2sters cient\u00edfics - Col\u00b7legi de Farmac\u00e8utics de Barcelona","og_description":"\u00a0 Els treballs s&#8217;exposaran en format digital en un espai reservat del Congr\u00e9s Infarma Madrid 2018 potenciar\u00e0 el seu espai de recerca farmac\u00e8utica amb una nova zona d&#8217;exposici\u00f3 de p\u00f2sters cient\u00edfics a la nova edici\u00f3 del Congr\u00e9s i Sal\u00f3 farmac\u00e8utic, que se celebrar\u00e0 entre el 13 i el 15 de [&hellip;]","og_url":"https:\/\/novaorg.cofb.net\/2018\/01\/12\/infarma-madrid-2018-obre-el-periode-per-presentar-posters-cientifics\/","og_site_name":"Col\u00b7legi de Farmac\u00e8utics de Barcelona","article_publisher":"https:\/\/www.facebook.com\/farmaceuticsbcn\/","article_published_time":"2018-01-12T10:22:00+00:00","author":"wpAdminCofbOrg","twitter_card":"summary_large_image","twitter_creator":"@farmaceuticsbcn","twitter_site":"@farmaceuticsbcn","twitter_misc":{"Escrito por":"wpAdminCofbOrg","Tiempo de lectura":"4 minutos"},"schema":{"@context":"https:\/\/schema.org","@graph":[{"@type":"Article","@id":"https:\/\/novaorg.cofb.net\/2018\/01\/12\/infarma-madrid-2018-obre-el-periode-per-presentar-posters-cientifics\/#article","isPartOf":{"@id":"https:\/\/novaorg.cofb.net\/2018\/01\/12\/infarma-madrid-2018-obre-el-periode-per-presentar-posters-cientifics\/"},"author":{"name":"wpAdminCofbOrg","@id":"https:\/\/www.cofb.org\/#\/schema\/person\/22ed7eea88da74b0fa4d3154ad87ffcb"},"headline":"Infarma Madrid 2018 obre el per\u00edode per presentar p\u00f2sters cient\u00edfics","datePublished":"2018-01-12T10:22:00+00:00","dateModified":"2018-01-12T10:22:00+00:00","mainEntityOfPage":{"@id":"https:\/\/novaorg.cofb.net\/2018\/01\/12\/infarma-madrid-2018-obre-el-periode-per-presentar-posters-cientifics\/"},"wordCount":808,"publisher":{"@id":"https:\/\/www.cofb.org\/#organization"},"articleSection":["Notes de premsa","Sense categoria"],"inLanguage":"es"},{"@type":"WebPage","@id":"https:\/\/novaorg.cofb.net\/2018\/01\/12\/infarma-madrid-2018-obre-el-periode-per-presentar-posters-cientifics\/","url":"https:\/\/novaorg.cofb.net\/2018\/01\/12\/infarma-madrid-2018-obre-el-periode-per-presentar-posters-cientifics\/","name":"Infarma Madrid 2018 obre el per\u00edode per presentar p\u00f2sters cient\u00edfics - Col\u00b7legi de Farmac\u00e8utics de Barcelona","isPartOf":{"@id":"https:\/\/www.cofb.org\/#website"},"datePublished":"2018-01-12T10:22:00+00:00","dateModified":"2018-01-12T10:22:00+00:00","breadcrumb":{"@id":"https:\/\/novaorg.cofb.net\/2018\/01\/12\/infarma-madrid-2018-obre-el-periode-per-presentar-posters-cientifics\/#breadcrumb"},"inLanguage":"es","potentialAction":[{"@type":"ReadAction","target":["https:\/\/novaorg.cofb.net\/2018\/01\/12\/infarma-madrid-2018-obre-el-periode-per-presentar-posters-cientifics\/"]}]},{"@type":"BreadcrumbList","@id":"https:\/\/novaorg.cofb.net\/2018\/01\/12\/infarma-madrid-2018-obre-el-periode-per-presentar-posters-cientifics\/#breadcrumb","itemListElement":[{"@type":"ListItem","position":1,"name":"Inici","item":"https:\/\/novaorg.cofb.net\/"},{"@type":"ListItem","position":2,"name":"Infarma Madrid 2018 obre el per\u00edode per presentar p\u00f2sters cient\u00edfics"}]},{"@type":"WebSite","@id":"https:\/\/www.cofb.org\/#website","url":"https:\/\/www.cofb.org\/","name":"Col\u00b7legi de Farmac\u00e8utics de Barcelona","description":"","publisher":{"@id":"https:\/\/www.cofb.org\/#organization"},"potentialAction":[{"@type":"SearchAction","target":{"@type":"EntryPoint","urlTemplate":"https:\/\/www.cofb.org\/?s={search_term_string}"},"query-input":"required name=search_term_string"}],"inLanguage":"es"},{"@type":"Organization","@id":"https:\/\/www.cofb.org\/#organization","name":"Col\u00b7legi de Farmac\u00e8utics de Barcelona","url":"https:\/\/www.cofb.org\/","logo":{"@type":"ImageObject","inLanguage":"es","@id":"https:\/\/www.cofb.org\/#\/schema\/logo\/image\/","url":"https:\/\/www.cofb.org\/wp-content\/uploads\/2023\/11\/cropped-Logotip-COFB.png","contentUrl":"https:\/\/www.cofb.org\/wp-content\/uploads\/2023\/11\/cropped-Logotip-COFB.png","width":500,"height":105,"caption":"Col\u00b7legi de Farmac\u00e8utics de Barcelona"},"image":{"@id":"https:\/\/www.cofb.org\/#\/schema\/logo\/image\/"},"sameAs":["https:\/\/www.facebook.com\/farmaceuticsbcn\/","https:\/\/twitter.com\/farmaceuticsbcn","https:\/\/www.instagram.com\/farmaceuticsbcn\/","https:\/\/www.linkedin.com\/company\/farmaceuticsbcn\/"]},{"@type":"Person","@id":"https:\/\/www.cofb.org\/#\/schema\/person\/22ed7eea88da74b0fa4d3154ad87ffcb","name":"wpAdminCofbOrg","image":{"@type":"ImageObject","inLanguage":"es","@id":"https:\/\/www.cofb.org\/#\/schema\/person\/image\/","url":"https:\/\/secure.gravatar.com\/avatar\/1721b20b3b8ca882c3b56ec6c978c594fff670e40c0718e9190eaeeb76aae7d8?s=96&d=mm&r=g","contentUrl":"https:\/\/secure.gravatar.com\/avatar\/1721b20b3b8ca882c3b56ec6c978c594fff670e40c0718e9190eaeeb76aae7d8?s=96&d=mm&r=g","caption":"wpAdminCofbOrg"},"sameAs":["http:\/\/192.168.64.122\/wordpress"],"url":"https:\/\/www.cofb.org\/es\/author\/wpadmincofborg\/"}]}},"uagb_featured_image_src":{"full":false,"thumbnail":false,"medium":false,"medium_large":false,"large":false,"1536x1536":false,"2048x2048":false,"trp-custom-language-flag":false},"uagb_author_info":{"display_name":"wpAdminCofbOrg","author_link":"https:\/\/www.cofb.org\/es\/author\/wpadmincofborg\/"},"uagb_comment_info":0,"uagb_excerpt":"\u00a0 Els treballs s&#8217;exposaran en format digital en un espai reservat del Congr\u00e9s Infarma Madrid 2018 potenciar\u00e0 el seu espai de recerca farmac\u00e8utica amb una nova zona d&#8217;exposici\u00f3 de p\u00f2sters cient\u00edfics a la nova edici\u00f3 del Congr\u00e9s i Sal\u00f3 farmac\u00e8utic, que se celebrar\u00e0 entre el 13 i el 15 de [&hellip;]","_links":{"self":[{"href":"https:\/\/www.cofb.org\/es\/wp-json\/wp\/v2\/posts\/77289","targetHints":{"allow":["GET"]}}],"collection":[{"href":"https:\/\/www.cofb.org\/es\/wp-json\/wp\/v2\/posts"}],"about":[{"href":"https:\/\/www.cofb.org\/es\/wp-json\/wp\/v2\/types\/post"}],"author":[{"embeddable":true,"href":"https:\/\/www.cofb.org\/es\/wp-json\/wp\/v2\/users\/1"}],"replies":[{"embeddable":true,"href":"https:\/\/www.cofb.org\/es\/wp-json\/wp\/v2\/comments?post=77289"}],"version-history":[{"count":0,"href":"https:\/\/www.cofb.org\/es\/wp-json\/wp\/v2\/posts\/77289\/revisions"}],"wp:attachment":[{"href":"https:\/\/www.cofb.org\/es\/wp-json\/wp\/v2\/media?parent=77289"}],"wp:term":[{"taxonomy":"category","embeddable":true,"href":"https:\/\/www.cofb.org\/es\/wp-json\/wp\/v2\/categories?post=77289"},{"taxonomy":"post_tag","embeddable":true,"href":"https:\/\/www.cofb.org\/es\/wp-json\/wp\/v2\/tags?post=77289"}],"curies":[{"name":"wp","href":"https:\/\/api.w.org\/{rel}","templated":true}]}}