{"id":77284,"date":"2018-03-01T13:10:00","date_gmt":"2018-03-01T13:10:00","guid":{"rendered":"https:\/\/novaorg.cofb.net\/2018\/03\/01\/infarma-tindra-el-seu-speakers-corner-per-exposar-experiencies-dexit-a-la-farmacia\/"},"modified":"2018-03-01T13:10:00","modified_gmt":"2018-03-01T13:10:00","slug":"infarma-tindra-el-seu-speakers-corner-per-exposar-experiencies-dexit-a-la-farmacia","status":"publish","type":"post","link":"https:\/\/www.cofb.org\/es\/2018\/03\/01\/infarma-tindra-el-seu-speakers-corner-per-exposar-experiencies-dexit-a-la-farmacia\/","title":{"rendered":"Infarma tendr\u00e1 su &#039;speaker&#039;s corner&#039; para exponer experiencias de \u00e9xito en la farmacia"},"content":{"rendered":"<p>\u00a0<\/p>\n<ul>\n<li><strong>Infarma Madrid 2018 abrir\u00e1 un nuevo espacio en el Congreso y Sal\u00f3n farmac\u00e9utico que organizan los colegios de farmac\u00e9uticos de Madrid y Barcelona para presentar experiencias asistenciales y de gesti\u00f3n de \u00e9xito en las oficinas de farmacia<\/strong><\/li>\n<\/ul>\n<p>Seleccionadas por el Comit\u00e9 Organizador de Infarma, 20 farmac\u00e9uticos expondr\u00e1n en p\u00fablico, al estilo de los speaker&#039;s corner londinenses, diferentes iniciativas desplegadas en sus oficinas de farmacia que incorporan nuevos enfoques en el campo asistencial farmac\u00e9utico o innovaciones que han funcionado en la pr\u00e1ctica farmac diaria.<\/p>\n<p>Ser\u00e1n breves presentaciones, de unos 20 minutos de duraci\u00f3n, en las que se reservar\u00e1n cinco minutos para que los profesionales asistentes puedan plantear sus preguntas para iniciar as\u00ed el debate y discusi\u00f3n de las ideas expuestas. &quot;Queremos visualizar la labor que realizamos desde las oficinas de farmacia y aprender de las experiencias de nuestros compa\u00f1eros que han tenido \u00e9xito para poder incorporarlas a nuestra actuaci\u00f3n diaria&quot;, explica el vocal de Titulares de Oficinas de Farmacia del Col\u2022 legio Oficial de Farmac\u00e9uticos de Madrid, \u00d3scar L\u00f3pez.<\/p>\n<p>Los contenidos ser\u00e1n variados pero siempre centrados en torno a los aspectos asistenciales y de gesti\u00f3n del d\u00eda a d\u00eda de la oficina de farmacia. Entre otros temas, se abordar\u00e1n diferentes ejemplos sobre c\u00f3mo gestionar las distintas categor\u00edas o secciones dentro de la farmacia. Tambi\u00e9n se presentar\u00e1n experiencias de proyectos de mejora de un escaparate, soporte a la adherencia de los tratamientos a trav\u00e9s de t\u00e9cnicas de coaching que han demostrado resultados o consejos y cambios de h\u00e1bitos en pacientes con dolor articular cr\u00f3nico.<\/p>\n<p>&quot;Infarma es un foro para recoger ideas y queremos facilitar este intercambio de experiencias porque es el camino para promover cambios en serio en nuestro desarrollo profesional que se traduzcan adem\u00e1s en resultados para nuestra oficina de farmacia&quot;, afirma \u00d3scar L\u00f3pez.<\/p>\n<p>El speaker&#039;s corner de Infarma se situar\u00e1 en un espacio de gran afluencia de congresistas que coincidir\u00e1 con la zona reservada para la inauguraci\u00f3n y clausura del Congreso, que tendr\u00e1 lugar entre el 13 y el 15 de marzo.<\/p>\n<p>\u00a0Infarma Madrid 2018 abrir\u00e1 un nuevo espacio en el Congreso y Sal\u00f3n farmac\u00e9utico que organizan los colegios de farmac\u00e9uticos de Madrid y Barcelona para presentar experiencias asistenciales y de gesti\u00f3n de \u00e9xito en las oficinas de farmacia<\/p>\n<p>Seleccionadas por el Comit\u00e9 Organizador de Infarma, 20 farmac\u00e9uticos expondr\u00e1n en p\u00fablico, al estilo de los speaker&#039;s corner londinenses, diferentes iniciativas desplegadas en sus oficinas de farmacia que incorporan nuevos enfoques en el campo asistencial farmac\u00e9utico o innovaciones que han funcionado en la pr\u00e1ctica farmac diaria.<\/p>\n<p>Ser\u00e1n breves presentaciones, de unos 20 minutos de duraci\u00f3n, en las que se reservar\u00e1n cinco minutos para que los profesionales asistentes puedan plantear sus preguntas para iniciar as\u00ed el debate y discusi\u00f3n de las ideas expuestas. &quot;Queremos visualizar la labor que realizamos desde las oficinas de farmacia y aprender de las experiencias de nuestros compa\u00f1eros que han tenido \u00e9xito para poder incorporarlas a nuestra actuaci\u00f3n diaria&quot;, explica el vocal de Titulares de Oficinas de Farmacia del Col\u2022 legio Oficial de Farmac\u00e9uticos de Madrid, \u00d3scar L\u00f3pez.<\/p>\n<p>Los contenidos ser\u00e1n variados pero siempre centrados en torno a los aspectos asistenciales y de gesti\u00f3n del d\u00eda a d\u00eda de la oficina de farmacia. Entre otros temas, se abordar\u00e1n diferentes ejemplos sobre c\u00f3mo gestionar las distintas categor\u00edas o secciones dentro de la farmacia. Tambi\u00e9n se presentar\u00e1n experiencias de proyectos de mejora de un escaparate, soporte a la adherencia de los tratamientos a trav\u00e9s de t\u00e9cnicas de coaching que han demostrado resultados o consejos y cambios de h\u00e1bitos en pacientes con dolor articular cr\u00f3nico.<\/p>\n<p>&quot;Infarma es un foro para recoger ideas y queremos facilitar este intercambio de experiencias porque es el camino para promover cambios en serio en nuestro desarrollo profesional que se traduzcan adem\u00e1s en resultados para nuestra oficina de farmacia&quot;, afirma \u00d3scar L\u00f3pez.<\/p>\n<p>El speaker&#039;s corner de Infarma se situar\u00e1 en un espacio de gran afluencia de congresistas que coincidir\u00e1 con la zona reservada para la inauguraci\u00f3n y clausura del Congreso, que tendr\u00e1 lugar entre el 13 y el 15 de marzo.  COFB.ORG<\/p>","protected":false},"excerpt":{"rendered":"<p>\u00a0 Infarma Madrid 2018 abrir\u00e1 un nuevo espacio en el Congreso y Sal\u00f3n farmac\u00e9utico que organizan los colegios de farmac\u00e9uticos de Madrid y Barcelona para presentar experiencias asistenciales y de gesti\u00f3n de \u00e9xito en las oficinas de farmacia Seleccionadas por el Comit\u00e9 Organizador de Infarma, 20 farmac\u00e9uticos expondr\u00e1n en p\u00fablico, al estilo de los speaker&#039;s [\u2026]<\/p>","protected":false},"author":1,"featured_media":0,"comment_status":"","ping_status":"","sticky":false,"template":"","format":"standard","meta":{"_uag_custom_page_level_css":"","site-sidebar-layout":"default","site-content-layout":"","ast-site-content-layout":"default","site-content-style":"default","site-sidebar-style":"default","ast-global-header-display":"","ast-banner-title-visibility":"","ast-main-header-display":"","ast-hfb-above-header-display":"","ast-hfb-below-header-display":"","ast-hfb-mobile-header-display":"","site-post-title":"","ast-breadcrumbs-content":"","ast-featured-img":"disabled","footer-sml-layout":"","theme-transparent-header-meta":"","adv-header-id-meta":"","stick-header-meta":"","header-above-stick-meta":"","header-main-stick-meta":"","header-below-stick-meta":"","astra-migrate-meta-layouts":"default","ast-page-background-enabled":"default","ast-page-background-meta":{"desktop":{"background-color":"var(--ast-global-color-4)","background-image":"","background-repeat":"repeat","background-position":"center center","background-size":"auto","background-attachment":"scroll","background-type":"","background-media":"","overlay-type":"","overlay-color":"","overlay-opacity":"","overlay-gradient":""},"tablet":{"background-color":"","background-image":"","background-repeat":"repeat","background-position":"center center","background-size":"auto","background-attachment":"scroll","background-type":"","background-media":"","overlay-type":"","overlay-color":"","overlay-opacity":"","overlay-gradient":""},"mobile":{"background-color":"","background-image":"","background-repeat":"repeat","background-position":"center center","background-size":"auto","background-attachment":"scroll","background-type":"","background-media":"","overlay-type":"","overlay-color":"","overlay-opacity":"","overlay-gradient":""}},"ast-content-background-meta":{"desktop":{"background-color":"var(--ast-global-color-5)","background-image":"","background-repeat":"repeat","background-position":"center center","background-size":"auto","background-attachment":"scroll","background-type":"","background-media":"","overlay-type":"","overlay-color":"","overlay-opacity":"","overlay-gradient":""},"tablet":{"background-color":"var(--ast-global-color-5)","background-image":"","background-repeat":"repeat","background-position":"center center","background-size":"auto","background-attachment":"scroll","background-type":"","background-media":"","overlay-type":"","overlay-color":"","overlay-opacity":"","overlay-gradient":""},"mobile":{"background-color":"var(--ast-global-color-5)","background-image":"","background-repeat":"repeat","background-position":"center center","background-size":"auto","background-attachment":"scroll","background-type":"","background-media":"","overlay-type":"","overlay-color":"","overlay-opacity":"","overlay-gradient":""}},"footnotes":""},"categories":[1060,1066],"tags":[],"class_list":["post-77284","post","type-post","status-publish","format-standard","hentry","category-notes-premsa","category-sense-categoria-ca"],"yoast_head":"<!-- This site is optimized with the Yoast SEO plugin v22.4 - https:\/\/yoast.com\/wordpress\/plugins\/seo\/ -->\n<title>Infarma tindr\u00e0 el seu \u2018speaker&#039;s corner&#039; per exposar experi\u00e8ncies d&#039;\u00e8xit a la farm\u00e0cia - Col\u00b7legi de Farmac\u00e8utics de Barcelona<\/title>\n<meta name=\"robots\" content=\"index, follow, max-snippet:-1, max-image-preview:large, max-video-preview:-1\" \/>\n<link rel=\"canonical\" href=\"https:\/\/novaorg.cofb.net\/2018\/03\/01\/infarma-tindra-el-seu-speakers-corner-per-exposar-experiencies-dexit-a-la-farmacia\/\" \/>\n<meta property=\"og:locale\" content=\"es_ES\" \/>\n<meta property=\"og:type\" content=\"article\" \/>\n<meta property=\"og:title\" content=\"Infarma tindr\u00e0 el seu \u2018speaker&#039;s corner&#039; per exposar experi\u00e8ncies d&#039;\u00e8xit a la farm\u00e0cia - Col\u00b7legi de Farmac\u00e8utics de Barcelona\" \/>\n<meta property=\"og:description\" content=\"\u00a0 Infarma Madrid 2018 obrir\u00e0 un nou espai al Congr\u00e9s i Sal\u00f3 farmac\u00e8utic que organitzen els col\u2022legis de farmac\u00e8utics de Madrid i Barcelona per presentar experi\u00e8ncies assistencials i de gesti\u00f3 d&#8217;\u00e8xit a les oficines de farmacia Seleccionades pel Comit\u00e8 Organitzador d\u2019Infarma, 20 farmac\u00e8utics exposaran en p\u00fablic, a l&#8217;estil dels speaker\u2019s [&hellip;]\" \/>\n<meta property=\"og:url\" content=\"https:\/\/novaorg.cofb.net\/2018\/03\/01\/infarma-tindra-el-seu-speakers-corner-per-exposar-experiencies-dexit-a-la-farmacia\/\" \/>\n<meta property=\"og:site_name\" content=\"Col\u00b7legi de Farmac\u00e8utics de Barcelona\" \/>\n<meta property=\"article:publisher\" content=\"https:\/\/www.facebook.com\/farmaceuticsbcn\/\" \/>\n<meta property=\"article:published_time\" content=\"2018-03-01T13:10:00+00:00\" \/>\n<meta name=\"author\" content=\"wpAdminCofbOrg\" \/>\n<meta name=\"twitter:card\" content=\"summary_large_image\" \/>\n<meta name=\"twitter:creator\" content=\"@farmaceuticsbcn\" \/>\n<meta name=\"twitter:site\" content=\"@farmaceuticsbcn\" \/>\n<meta name=\"twitter:label1\" content=\"Escrito por\" \/>\n\t<meta name=\"twitter:data1\" content=\"wpAdminCofbOrg\" \/>\n\t<meta name=\"twitter:label2\" content=\"Tiempo de lectura\" \/>\n\t<meta name=\"twitter:data2\" content=\"4 minutos\" \/>\n<script type=\"application\/ld+json\" class=\"yoast-schema-graph\">{\"@context\":\"https:\/\/schema.org\",\"@graph\":[{\"@type\":\"Article\",\"@id\":\"https:\/\/novaorg.cofb.net\/2018\/03\/01\/infarma-tindra-el-seu-speakers-corner-per-exposar-experiencies-dexit-a-la-farmacia\/#article\",\"isPartOf\":{\"@id\":\"https:\/\/novaorg.cofb.net\/2018\/03\/01\/infarma-tindra-el-seu-speakers-corner-per-exposar-experiencies-dexit-a-la-farmacia\/\"},\"author\":{\"name\":\"wpAdminCofbOrg\",\"@id\":\"https:\/\/www.cofb.org\/#\/schema\/person\/22ed7eea88da74b0fa4d3154ad87ffcb\"},\"headline\":\"Infarma tindr\u00e0 el seu \u2018speaker&#8217;s corner&#8217; per exposar experi\u00e8ncies d&#8217;\u00e8xit a la farm\u00e0cia\",\"datePublished\":\"2018-03-01T13:10:00+00:00\",\"dateModified\":\"2018-03-01T13:10:00+00:00\",\"mainEntityOfPage\":{\"@id\":\"https:\/\/novaorg.cofb.net\/2018\/03\/01\/infarma-tindra-el-seu-speakers-corner-per-exposar-experiencies-dexit-a-la-farmacia\/\"},\"wordCount\":751,\"publisher\":{\"@id\":\"https:\/\/www.cofb.org\/#organization\"},\"articleSection\":[\"Notes de premsa\",\"Sense categoria\"],\"inLanguage\":\"es\"},{\"@type\":\"WebPage\",\"@id\":\"https:\/\/novaorg.cofb.net\/2018\/03\/01\/infarma-tindra-el-seu-speakers-corner-per-exposar-experiencies-dexit-a-la-farmacia\/\",\"url\":\"https:\/\/novaorg.cofb.net\/2018\/03\/01\/infarma-tindra-el-seu-speakers-corner-per-exposar-experiencies-dexit-a-la-farmacia\/\",\"name\":\"Infarma tindr\u00e0 el seu \u2018speaker's corner' per exposar experi\u00e8ncies d'\u00e8xit a la farm\u00e0cia - Col\u00b7legi de Farmac\u00e8utics de Barcelona\",\"isPartOf\":{\"@id\":\"https:\/\/www.cofb.org\/#website\"},\"datePublished\":\"2018-03-01T13:10:00+00:00\",\"dateModified\":\"2018-03-01T13:10:00+00:00\",\"breadcrumb\":{\"@id\":\"https:\/\/novaorg.cofb.net\/2018\/03\/01\/infarma-tindra-el-seu-speakers-corner-per-exposar-experiencies-dexit-a-la-farmacia\/#breadcrumb\"},\"inLanguage\":\"es\",\"potentialAction\":[{\"@type\":\"ReadAction\",\"target\":[\"https:\/\/novaorg.cofb.net\/2018\/03\/01\/infarma-tindra-el-seu-speakers-corner-per-exposar-experiencies-dexit-a-la-farmacia\/\"]}]},{\"@type\":\"BreadcrumbList\",\"@id\":\"https:\/\/novaorg.cofb.net\/2018\/03\/01\/infarma-tindra-el-seu-speakers-corner-per-exposar-experiencies-dexit-a-la-farmacia\/#breadcrumb\",\"itemListElement\":[{\"@type\":\"ListItem\",\"position\":1,\"name\":\"Inici\",\"item\":\"https:\/\/novaorg.cofb.net\/\"},{\"@type\":\"ListItem\",\"position\":2,\"name\":\"Infarma tindr\u00e0 el seu \u2018speaker&#8217;s corner&#8217; per exposar experi\u00e8ncies d&#8217;\u00e8xit a la farm\u00e0cia\"}]},{\"@type\":\"WebSite\",\"@id\":\"https:\/\/www.cofb.org\/#website\",\"url\":\"https:\/\/www.cofb.org\/\",\"name\":\"Col\u00b7legi de Farmac\u00e8utics de Barcelona\",\"description\":\"\",\"publisher\":{\"@id\":\"https:\/\/www.cofb.org\/#organization\"},\"potentialAction\":[{\"@type\":\"SearchAction\",\"target\":{\"@type\":\"EntryPoint\",\"urlTemplate\":\"https:\/\/www.cofb.org\/?s={search_term_string}\"},\"query-input\":\"required name=search_term_string\"}],\"inLanguage\":\"es\"},{\"@type\":\"Organization\",\"@id\":\"https:\/\/www.cofb.org\/#organization\",\"name\":\"Col\u00b7legi de Farmac\u00e8utics de Barcelona\",\"url\":\"https:\/\/www.cofb.org\/\",\"logo\":{\"@type\":\"ImageObject\",\"inLanguage\":\"es\",\"@id\":\"https:\/\/www.cofb.org\/#\/schema\/logo\/image\/\",\"url\":\"https:\/\/www.cofb.org\/wp-content\/uploads\/2023\/11\/cropped-Logotip-COFB.png\",\"contentUrl\":\"https:\/\/www.cofb.org\/wp-content\/uploads\/2023\/11\/cropped-Logotip-COFB.png\",\"width\":500,\"height\":105,\"caption\":\"Col\u00b7legi de Farmac\u00e8utics de Barcelona\"},\"image\":{\"@id\":\"https:\/\/www.cofb.org\/#\/schema\/logo\/image\/\"},\"sameAs\":[\"https:\/\/www.facebook.com\/farmaceuticsbcn\/\",\"https:\/\/twitter.com\/farmaceuticsbcn\",\"https:\/\/www.instagram.com\/farmaceuticsbcn\/\",\"https:\/\/www.linkedin.com\/company\/farmaceuticsbcn\/\"]},{\"@type\":\"Person\",\"@id\":\"https:\/\/www.cofb.org\/#\/schema\/person\/22ed7eea88da74b0fa4d3154ad87ffcb\",\"name\":\"wpAdminCofbOrg\",\"image\":{\"@type\":\"ImageObject\",\"inLanguage\":\"es\",\"@id\":\"https:\/\/www.cofb.org\/#\/schema\/person\/image\/\",\"url\":\"https:\/\/secure.gravatar.com\/avatar\/1721b20b3b8ca882c3b56ec6c978c594fff670e40c0718e9190eaeeb76aae7d8?s=96&d=mm&r=g\",\"contentUrl\":\"https:\/\/secure.gravatar.com\/avatar\/1721b20b3b8ca882c3b56ec6c978c594fff670e40c0718e9190eaeeb76aae7d8?s=96&d=mm&r=g\",\"caption\":\"wpAdminCofbOrg\"},\"sameAs\":[\"http:\/\/192.168.64.122\/wordpress\"],\"url\":\"https:\/\/www.cofb.org\/es\/author\/wpadmincofborg\/\"}]}<\/script>\n<!-- \/ Yoast SEO plugin. -->","yoast_head_json":{"title":"Infarma tindr\u00e0 el seu \u2018speaker's corner' per exposar experi\u00e8ncies d'\u00e8xit a la farm\u00e0cia - Col\u00b7legi de Farmac\u00e8utics de Barcelona","robots":{"index":"index","follow":"follow","max-snippet":"max-snippet:-1","max-image-preview":"max-image-preview:large","max-video-preview":"max-video-preview:-1"},"canonical":"https:\/\/novaorg.cofb.net\/2018\/03\/01\/infarma-tindra-el-seu-speakers-corner-per-exposar-experiencies-dexit-a-la-farmacia\/","og_locale":"es_ES","og_type":"article","og_title":"Infarma tindr\u00e0 el seu \u2018speaker's corner' per exposar experi\u00e8ncies d'\u00e8xit a la farm\u00e0cia - Col\u00b7legi de Farmac\u00e8utics de Barcelona","og_description":"\u00a0 Infarma Madrid 2018 obrir\u00e0 un nou espai al Congr\u00e9s i Sal\u00f3 farmac\u00e8utic que organitzen els col\u2022legis de farmac\u00e8utics de Madrid i Barcelona per presentar experi\u00e8ncies assistencials i de gesti\u00f3 d&#8217;\u00e8xit a les oficines de farmacia Seleccionades pel Comit\u00e8 Organitzador d\u2019Infarma, 20 farmac\u00e8utics exposaran en p\u00fablic, a l&#8217;estil dels speaker\u2019s [&hellip;]","og_url":"https:\/\/novaorg.cofb.net\/2018\/03\/01\/infarma-tindra-el-seu-speakers-corner-per-exposar-experiencies-dexit-a-la-farmacia\/","og_site_name":"Col\u00b7legi de Farmac\u00e8utics de Barcelona","article_publisher":"https:\/\/www.facebook.com\/farmaceuticsbcn\/","article_published_time":"2018-03-01T13:10:00+00:00","author":"wpAdminCofbOrg","twitter_card":"summary_large_image","twitter_creator":"@farmaceuticsbcn","twitter_site":"@farmaceuticsbcn","twitter_misc":{"Escrito por":"wpAdminCofbOrg","Tiempo de lectura":"4 minutos"},"schema":{"@context":"https:\/\/schema.org","@graph":[{"@type":"Article","@id":"https:\/\/novaorg.cofb.net\/2018\/03\/01\/infarma-tindra-el-seu-speakers-corner-per-exposar-experiencies-dexit-a-la-farmacia\/#article","isPartOf":{"@id":"https:\/\/novaorg.cofb.net\/2018\/03\/01\/infarma-tindra-el-seu-speakers-corner-per-exposar-experiencies-dexit-a-la-farmacia\/"},"author":{"name":"wpAdminCofbOrg","@id":"https:\/\/www.cofb.org\/#\/schema\/person\/22ed7eea88da74b0fa4d3154ad87ffcb"},"headline":"Infarma tindr\u00e0 el seu \u2018speaker&#8217;s corner&#8217; per exposar experi\u00e8ncies d&#8217;\u00e8xit a la farm\u00e0cia","datePublished":"2018-03-01T13:10:00+00:00","dateModified":"2018-03-01T13:10:00+00:00","mainEntityOfPage":{"@id":"https:\/\/novaorg.cofb.net\/2018\/03\/01\/infarma-tindra-el-seu-speakers-corner-per-exposar-experiencies-dexit-a-la-farmacia\/"},"wordCount":751,"publisher":{"@id":"https:\/\/www.cofb.org\/#organization"},"articleSection":["Notes de premsa","Sense categoria"],"inLanguage":"es"},{"@type":"WebPage","@id":"https:\/\/novaorg.cofb.net\/2018\/03\/01\/infarma-tindra-el-seu-speakers-corner-per-exposar-experiencies-dexit-a-la-farmacia\/","url":"https:\/\/novaorg.cofb.net\/2018\/03\/01\/infarma-tindra-el-seu-speakers-corner-per-exposar-experiencies-dexit-a-la-farmacia\/","name":"Infarma tindr\u00e0 el seu \u2018speaker's corner' per exposar experi\u00e8ncies d'\u00e8xit a la farm\u00e0cia - Col\u00b7legi de Farmac\u00e8utics de Barcelona","isPartOf":{"@id":"https:\/\/www.cofb.org\/#website"},"datePublished":"2018-03-01T13:10:00+00:00","dateModified":"2018-03-01T13:10:00+00:00","breadcrumb":{"@id":"https:\/\/novaorg.cofb.net\/2018\/03\/01\/infarma-tindra-el-seu-speakers-corner-per-exposar-experiencies-dexit-a-la-farmacia\/#breadcrumb"},"inLanguage":"es","potentialAction":[{"@type":"ReadAction","target":["https:\/\/novaorg.cofb.net\/2018\/03\/01\/infarma-tindra-el-seu-speakers-corner-per-exposar-experiencies-dexit-a-la-farmacia\/"]}]},{"@type":"BreadcrumbList","@id":"https:\/\/novaorg.cofb.net\/2018\/03\/01\/infarma-tindra-el-seu-speakers-corner-per-exposar-experiencies-dexit-a-la-farmacia\/#breadcrumb","itemListElement":[{"@type":"ListItem","position":1,"name":"Inici","item":"https:\/\/novaorg.cofb.net\/"},{"@type":"ListItem","position":2,"name":"Infarma tindr\u00e0 el seu \u2018speaker&#8217;s corner&#8217; per exposar experi\u00e8ncies d&#8217;\u00e8xit a la farm\u00e0cia"}]},{"@type":"WebSite","@id":"https:\/\/www.cofb.org\/#website","url":"https:\/\/www.cofb.org\/","name":"Col\u00b7legi de Farmac\u00e8utics de Barcelona","description":"","publisher":{"@id":"https:\/\/www.cofb.org\/#organization"},"potentialAction":[{"@type":"SearchAction","target":{"@type":"EntryPoint","urlTemplate":"https:\/\/www.cofb.org\/?s={search_term_string}"},"query-input":"required name=search_term_string"}],"inLanguage":"es"},{"@type":"Organization","@id":"https:\/\/www.cofb.org\/#organization","name":"Col\u00b7legi de Farmac\u00e8utics de Barcelona","url":"https:\/\/www.cofb.org\/","logo":{"@type":"ImageObject","inLanguage":"es","@id":"https:\/\/www.cofb.org\/#\/schema\/logo\/image\/","url":"https:\/\/www.cofb.org\/wp-content\/uploads\/2023\/11\/cropped-Logotip-COFB.png","contentUrl":"https:\/\/www.cofb.org\/wp-content\/uploads\/2023\/11\/cropped-Logotip-COFB.png","width":500,"height":105,"caption":"Col\u00b7legi de Farmac\u00e8utics de Barcelona"},"image":{"@id":"https:\/\/www.cofb.org\/#\/schema\/logo\/image\/"},"sameAs":["https:\/\/www.facebook.com\/farmaceuticsbcn\/","https:\/\/twitter.com\/farmaceuticsbcn","https:\/\/www.instagram.com\/farmaceuticsbcn\/","https:\/\/www.linkedin.com\/company\/farmaceuticsbcn\/"]},{"@type":"Person","@id":"https:\/\/www.cofb.org\/#\/schema\/person\/22ed7eea88da74b0fa4d3154ad87ffcb","name":"wpAdminCofbOrg","image":{"@type":"ImageObject","inLanguage":"es","@id":"https:\/\/www.cofb.org\/#\/schema\/person\/image\/","url":"https:\/\/secure.gravatar.com\/avatar\/1721b20b3b8ca882c3b56ec6c978c594fff670e40c0718e9190eaeeb76aae7d8?s=96&d=mm&r=g","contentUrl":"https:\/\/secure.gravatar.com\/avatar\/1721b20b3b8ca882c3b56ec6c978c594fff670e40c0718e9190eaeeb76aae7d8?s=96&d=mm&r=g","caption":"wpAdminCofbOrg"},"sameAs":["http:\/\/192.168.64.122\/wordpress"],"url":"https:\/\/www.cofb.org\/es\/author\/wpadmincofborg\/"}]}},"uagb_featured_image_src":{"full":false,"thumbnail":false,"medium":false,"medium_large":false,"large":false,"1536x1536":false,"2048x2048":false,"trp-custom-language-flag":false},"uagb_author_info":{"display_name":"wpAdminCofbOrg","author_link":"https:\/\/www.cofb.org\/es\/author\/wpadmincofborg\/"},"uagb_comment_info":0,"uagb_excerpt":"\u00a0 Infarma Madrid 2018 obrir\u00e0 un nou espai al Congr\u00e9s i Sal\u00f3 farmac\u00e8utic que organitzen els col\u2022legis de farmac\u00e8utics de Madrid i Barcelona per presentar experi\u00e8ncies assistencials i de gesti\u00f3 d&#8217;\u00e8xit a les oficines de farmacia Seleccionades pel Comit\u00e8 Organitzador d\u2019Infarma, 20 farmac\u00e8utics exposaran en p\u00fablic, a l&#8217;estil dels speaker\u2019s [&hellip;]","_links":{"self":[{"href":"https:\/\/www.cofb.org\/es\/wp-json\/wp\/v2\/posts\/77284","targetHints":{"allow":["GET"]}}],"collection":[{"href":"https:\/\/www.cofb.org\/es\/wp-json\/wp\/v2\/posts"}],"about":[{"href":"https:\/\/www.cofb.org\/es\/wp-json\/wp\/v2\/types\/post"}],"author":[{"embeddable":true,"href":"https:\/\/www.cofb.org\/es\/wp-json\/wp\/v2\/users\/1"}],"replies":[{"embeddable":true,"href":"https:\/\/www.cofb.org\/es\/wp-json\/wp\/v2\/comments?post=77284"}],"version-history":[{"count":0,"href":"https:\/\/www.cofb.org\/es\/wp-json\/wp\/v2\/posts\/77284\/revisions"}],"wp:attachment":[{"href":"https:\/\/www.cofb.org\/es\/wp-json\/wp\/v2\/media?parent=77284"}],"wp:term":[{"taxonomy":"category","embeddable":true,"href":"https:\/\/www.cofb.org\/es\/wp-json\/wp\/v2\/categories?post=77284"},{"taxonomy":"post_tag","embeddable":true,"href":"https:\/\/www.cofb.org\/es\/wp-json\/wp\/v2\/tags?post=77284"}],"curies":[{"name":"wp","href":"https:\/\/api.w.org\/{rel}","templated":true}]}}