{"id":77283,"date":"2018-03-06T12:59:00","date_gmt":"2018-03-06T12:59:00","guid":{"rendered":"https:\/\/novaorg.cofb.net\/2018\/03\/06\/agora-sanitaria-llancara-vuit-reptes-formatius-a-infarma-madrid-2018\/"},"modified":"2018-03-06T12:59:00","modified_gmt":"2018-03-06T12:59:00","slug":"agora-sanitaria-llancara-vuit-reptes-formatius-a-infarma-madrid-2018","status":"publish","type":"post","link":"https:\/\/www.cofb.org\/es\/2018\/03\/06\/agora-sanitaria-llancara-vuit-reptes-formatius-a-infarma-madrid-2018\/","title":{"rendered":"\u00c0gora Sanit\u00e0ria lanzar\u00e1 ocho retos formativos en Infarma Madrid 2018"},"content":{"rendered":"<p>\u00a0<\/p>\n<ul>\n<li><strong>La plataforma de formaci\u00f3n online de los Colegios de Farmac\u00e9uticos de Madrid y Barcelona propone una competici\u00f3n de conocimiento en su aula abierta del Congreso y Sal\u00f3n farmac\u00e9utico<\/strong><\/li>\n<\/ul>\n<p>La plataforma de formaci\u00f3n online \u00c0gora Sanit\u00e0ria estar\u00e1 presente en Infarma Madrid 2018 con un stand propio y un aula activa de formaci\u00f3n, que se situar\u00e1n en el pabell\u00f3n 2 de Ifema.<\/p>\n<p>Durante los tres d\u00edas de duraci\u00f3n del Congreso y Sal\u00f3n farmac\u00e9utico, \u00c0gora Sanit\u00e0ria plantear\u00e1 a los farmac\u00e9uticos de oficina de farmacia inscritos en esta iniciativa una competici\u00f3n formativa donde tendr\u00e1n que superar diferentes pruebas de conocimiento, dentro de un formato de aprendizaje l\u00fadico y pr\u00e1ctico.<\/p>\n<p>Los tutores de los ocho retos formativos programados expondr\u00e1n diferentes casos sobre la pr\u00e1ctica farmac\u00e9utica diaria y formular\u00e1n una serie de preguntas que los asistentes tendr\u00e1n que ir contestando a trav\u00e9s del m\u00f3vil para despu\u00e9s analizar en com\u00fan las respuestas obtenidas. Cada caso planteado tendr\u00e1 un tiempo m\u00e1ximo para ser resuelto, por lo que los participantes ir\u00e1n sumando puntos en funci\u00f3n de su acierto y rapidez en las respuestas.<\/p>\n<p>Entre otros contenidos, el Reto \u00c1gora abordar\u00e1 la asistencia sanitaria a ni\u00f1os y ancianos, el tratamiento multidisciplinar de la hipertensi\u00f3n arterial y sus comorbilidades, las consultas m\u00e1s frecuentes en patolog\u00edas oculares, o el desarrollo de nuevas categor\u00edas en la oficina de farmacia como la cosm\u00e9tica bio.<\/p>\n<p>La inscripci\u00f3n en el Reto \u00c1gora es gratuita hasta completar las 40 plazas disponibles. Los ganadores de las pruebas formativas recibir\u00e1n un premio y todos los asistentes obtendr\u00e1n un obsequio por su participaci\u00f3n.<\/p>\n<p>Los profesionales participantes en Infarma Madrid 2018 tendr\u00e1n acceso, al stand de \u00c1gora Sanitaria, a informaci\u00f3n sobre la amplia oferta formativa programada este a\u00f1o en la plataforma online y que se puede consultar en<span>\u00a0<\/span><a href=\"http:\/\/www.agorasanitaria.com\/\" target=\"_blank\" rel=\"noopener\">www.agorasanitaria.com<\/a><br \/>\n<strong>Retos \u00c1gora Infarma Madrid 2018<\/strong><\/p>\n<ul>\n<li>Reto HTA: \u00bfControlamos bien la hipertensi\u00f3n?, Emilio Garc\u00eda Jim\u00e9nez<\/li>\n<li>Reto Cosm\u00e9tica BIO: \u00bfNatural o BIO? \u00bfSabes la diferencia?, Laura B\u00e1rcena Oliveros<\/li>\n<li>Reto inhaladores: Cada a\u00f1o salen nuevos dispositivos, \u00bflos conoces todos?, David de Pablo Marcos<\/li>\n<li>Repto Patolog\u00edas Oculares: \u00bfC\u00f3mo lo ve en la farmacia?, Puy Heredia Ochoa<\/li>\n<li>Gesti\u00f3n: Claves para crear la categor\u00eda senior, Joan Carles Serra<\/li>\n<li>Repto Pediatr\u00eda: \u00bfC\u00f3mo afrontamos el TDAH? Otitis, gripe y vacunaci\u00f3n en pediatr\u00eda, Gerard Sol\u00eds D\u00edez<\/li>\n<li>Reto \u201cInteracciones\u201d: Fitoterapia en la persona polimedicada, M\u00aa Jos\u00e9 Alonso Osorio<\/li>\n<li>Reto \u201cViajero\u201d: Destino Vietnam, Aina Surroca<\/li>\n<\/ul>\n<p>\u00a0La plataforma de formaci\u00f3n online de los Colegios de Farmac\u00e9uticos de Madrid y Barcelona propone una competici\u00f3n de conocimiento en su aula abierta del Congreso y Sal\u00f3n farmac\u00e9utico<\/p>\n<p>La plataforma de formaci\u00f3n online \u00c0gora Sanit\u00e0ria estar\u00e1 presente en Infarma Madrid 2018 con un stand propio y un aula activa de formaci\u00f3n, que se situar\u00e1n en el pabell\u00f3n 2 de Ifema.<\/p>\n<p>Durante los tres d\u00edas de duraci\u00f3n del Congreso y Sal\u00f3n farmac\u00e9utico, \u00c0gora Sanit\u00e0ria plantear\u00e1 a los farmac\u00e9uticos de oficina de farmacia inscritos en esta iniciativa una competici\u00f3n formativa donde tendr\u00e1n que superar diferentes pruebas de conocimiento, dentro de un formato de aprendizaje l\u00fadico y pr\u00e1ctico.<\/p>\n<p>Los tutores de los ocho retos formativos programados expondr\u00e1n diferentes casos sobre la pr\u00e1ctica farmac\u00e9utica diaria y formular\u00e1n una serie de preguntas que los asistentes tendr\u00e1n que ir contestando a trav\u00e9s del m\u00f3vil para despu\u00e9s analizar en com\u00fan las respuestas obtenidas. Cada caso planteado tendr\u00e1 un tiempo m\u00e1ximo para ser resuelto, por lo que los participantes ir\u00e1n sumando puntos en funci\u00f3n de su acierto y rapidez en las respuestas.<\/p>\n<p>Entre otros contenidos, el Reto \u00c1gora abordar\u00e1 la asistencia sanitaria a ni\u00f1os y ancianos, el tratamiento multidisciplinar de la hipertensi\u00f3n arterial y sus comorbilidades, las consultas m\u00e1s frecuentes en patolog\u00edas oculares, o el desarrollo de nuevas categor\u00edas en la oficina de farmacia como la cosm\u00e9tica bio.<\/p>\n<p>La inscripci\u00f3n en el Reto \u00c1gora es gratuita hasta completar las 40 plazas disponibles. Los ganadores de las pruebas formativas recibir\u00e1n un premio y todos los asistentes obtendr\u00e1n un obsequio por su participaci\u00f3n.<\/p>\n<p>Los profesionales participantes en Infarma Madrid 2018 tendr\u00e1n acceso, al stand de \u00c1gora Sanitaria, a informaci\u00f3n sobre la amplia oferta formativa programada este a\u00f1o en la plataforma online y que se puede consultar en www.agorasanitaria.com<br \/>\nRetos \u00c1gora Infarma Madrid 2018<\/p>\n<p>\tReto HTA: \u00bfControlamos bien la hipertensi\u00f3n?, Emilio Garc\u00eda Jim\u00e9nez<br \/>\n\tReto Cosm\u00e9tica BIO: \u00bfNatural o BIO? \u00bfSabes la diferencia?, Laura B\u00e1rcena Oliveros<br \/>\n\tReto inhaladores: Cada a\u00f1o salen nuevos dispositivos, \u00bflos conoces todos?, David de Pablo Marcos<br \/>\n\tRepto Patolog\u00edas Oculares: \u00bfC\u00f3mo lo ve en la farmacia?, Puy Heredia Ochoa<br \/>\n\tGesti\u00f3n: Claves para crear la categor\u00eda senior, Joan Carles Serra<br \/>\n\tRepto Pediatr\u00eda: \u00bfC\u00f3mo afrontamos el TDAH? Otitis, gripe y vacunaci\u00f3n en pediatr\u00eda, Gerard Sol\u00eds D\u00edez<br \/>\n\tReto \u201cInteracciones\u201d: Fitoterapia en la persona polimedicada, M\u00aa Jos\u00e9 Alonso Osorio<br \/>\n\tReto \u201cViajero\u201d: Destino Vietnam, Aina Surroca COFB.ORG<\/p>","protected":false},"excerpt":{"rendered":"<p>\u00a0 La plataforma de formaci\u00f3n online de los Colegios de Farmac\u00e9uticos de Madrid y Barcelona propone una competici\u00f3n de conocimiento en su aula abierta del Congreso y Sal\u00f3n farmac\u00e9utico La plataforma de formaci\u00f3n online \u00c0gora Sanit\u00e0ria estar\u00e1 presente en Infarma Madrid 2018 con un stand propio y un aula activa [\u2026]<\/p>","protected":false},"author":1,"featured_media":0,"comment_status":"","ping_status":"","sticky":false,"template":"","format":"standard","meta":{"_uag_custom_page_level_css":"","site-sidebar-layout":"default","site-content-layout":"","ast-site-content-layout":"default","site-content-style":"default","site-sidebar-style":"default","ast-global-header-display":"","ast-banner-title-visibility":"","ast-main-header-display":"","ast-hfb-above-header-display":"","ast-hfb-below-header-display":"","ast-hfb-mobile-header-display":"","site-post-title":"","ast-breadcrumbs-content":"","ast-featured-img":"disabled","footer-sml-layout":"","theme-transparent-header-meta":"","adv-header-id-meta":"","stick-header-meta":"","header-above-stick-meta":"","header-main-stick-meta":"","header-below-stick-meta":"","astra-migrate-meta-layouts":"default","ast-page-background-enabled":"default","ast-page-background-meta":{"desktop":{"background-color":"var(--ast-global-color-4)","background-image":"","background-repeat":"repeat","background-position":"center center","background-size":"auto","background-attachment":"scroll","background-type":"","background-media":"","overlay-type":"","overlay-color":"","overlay-opacity":"","overlay-gradient":""},"tablet":{"background-color":"","background-image":"","background-repeat":"repeat","background-position":"center center","background-size":"auto","background-attachment":"scroll","background-type":"","background-media":"","overlay-type":"","overlay-color":"","overlay-opacity":"","overlay-gradient":""},"mobile":{"background-color":"","background-image":"","background-repeat":"repeat","background-position":"center center","background-size":"auto","background-attachment":"scroll","background-type":"","background-media":"","overlay-type":"","overlay-color":"","overlay-opacity":"","overlay-gradient":""}},"ast-content-background-meta":{"desktop":{"background-color":"var(--ast-global-color-5)","background-image":"","background-repeat":"repeat","background-position":"center center","background-size":"auto","background-attachment":"scroll","background-type":"","background-media":"","overlay-type":"","overlay-color":"","overlay-opacity":"","overlay-gradient":""},"tablet":{"background-color":"var(--ast-global-color-5)","background-image":"","background-repeat":"repeat","background-position":"center center","background-size":"auto","background-attachment":"scroll","background-type":"","background-media":"","overlay-type":"","overlay-color":"","overlay-opacity":"","overlay-gradient":""},"mobile":{"background-color":"var(--ast-global-color-5)","background-image":"","background-repeat":"repeat","background-position":"center center","background-size":"auto","background-attachment":"scroll","background-type":"","background-media":"","overlay-type":"","overlay-color":"","overlay-opacity":"","overlay-gradient":""}},"footnotes":""},"categories":[1060,1066],"tags":[],"class_list":["post-77283","post","type-post","status-publish","format-standard","hentry","category-notes-premsa","category-sense-categoria-ca"],"yoast_head":"<!-- This site is optimized with the Yoast SEO plugin v22.4 - https:\/\/yoast.com\/wordpress\/plugins\/seo\/ -->\n<title>\u00c0gora Sanit\u00e0ria llan\u00e7ar\u00e0 vuit reptes formatius a Infarma Madrid 2018 - Col\u00b7legi de Farmac\u00e8utics de Barcelona<\/title>\n<meta name=\"robots\" content=\"index, follow, max-snippet:-1, max-image-preview:large, max-video-preview:-1\" \/>\n<link rel=\"canonical\" href=\"https:\/\/novaorg.cofb.net\/2018\/03\/06\/agora-sanitaria-llancara-vuit-reptes-formatius-a-infarma-madrid-2018\/\" \/>\n<meta property=\"og:locale\" content=\"es_ES\" \/>\n<meta property=\"og:type\" content=\"article\" \/>\n<meta property=\"og:title\" content=\"\u00c0gora Sanit\u00e0ria llan\u00e7ar\u00e0 vuit reptes formatius a Infarma Madrid 2018 - Col\u00b7legi de Farmac\u00e8utics de Barcelona\" \/>\n<meta property=\"og:description\" content=\"\u00a0 La plataforma de formaci\u00f3 online dels Col\u2022legis de Farmac\u00e8utics de Madrid i Barcelona proposa una competici\u00f3 de coneixement a la seva aula oberta del Congr\u00e9s i Sal\u00f3 farmac\u00e8utic La plataforma de formaci\u00f3 online \u00c0gora Sanit\u00e0ria estar\u00e0 present a Infarma Madrid 2018 amb un estand propi i un aula activa [&hellip;]\" \/>\n<meta property=\"og:url\" content=\"https:\/\/novaorg.cofb.net\/2018\/03\/06\/agora-sanitaria-llancara-vuit-reptes-formatius-a-infarma-madrid-2018\/\" \/>\n<meta property=\"og:site_name\" content=\"Col\u00b7legi de Farmac\u00e8utics de Barcelona\" \/>\n<meta property=\"article:publisher\" content=\"https:\/\/www.facebook.com\/farmaceuticsbcn\/\" \/>\n<meta property=\"article:published_time\" content=\"2018-03-06T12:59:00+00:00\" \/>\n<meta name=\"author\" content=\"wpAdminCofbOrg\" \/>\n<meta name=\"twitter:card\" content=\"summary_large_image\" \/>\n<meta name=\"twitter:creator\" content=\"@farmaceuticsbcn\" \/>\n<meta name=\"twitter:site\" content=\"@farmaceuticsbcn\" \/>\n<meta name=\"twitter:label1\" content=\"Escrito por\" \/>\n\t<meta name=\"twitter:data1\" content=\"wpAdminCofbOrg\" \/>\n\t<meta name=\"twitter:label2\" content=\"Tiempo de lectura\" \/>\n\t<meta name=\"twitter:data2\" content=\"4 minutos\" \/>\n<script type=\"application\/ld+json\" class=\"yoast-schema-graph\">{\"@context\":\"https:\/\/schema.org\",\"@graph\":[{\"@type\":\"Article\",\"@id\":\"https:\/\/novaorg.cofb.net\/2018\/03\/06\/agora-sanitaria-llancara-vuit-reptes-formatius-a-infarma-madrid-2018\/#article\",\"isPartOf\":{\"@id\":\"https:\/\/novaorg.cofb.net\/2018\/03\/06\/agora-sanitaria-llancara-vuit-reptes-formatius-a-infarma-madrid-2018\/\"},\"author\":{\"name\":\"wpAdminCofbOrg\",\"@id\":\"https:\/\/www.cofb.org\/#\/schema\/person\/22ed7eea88da74b0fa4d3154ad87ffcb\"},\"headline\":\"\u00c0gora Sanit\u00e0ria llan\u00e7ar\u00e0 vuit reptes formatius a Infarma Madrid 2018\",\"datePublished\":\"2018-03-06T12:59:00+00:00\",\"dateModified\":\"2018-03-06T12:59:00+00:00\",\"mainEntityOfPage\":{\"@id\":\"https:\/\/novaorg.cofb.net\/2018\/03\/06\/agora-sanitaria-llancara-vuit-reptes-formatius-a-infarma-madrid-2018\/\"},\"wordCount\":851,\"publisher\":{\"@id\":\"https:\/\/www.cofb.org\/#organization\"},\"articleSection\":[\"Notes de premsa\",\"Sense categoria\"],\"inLanguage\":\"es\"},{\"@type\":\"WebPage\",\"@id\":\"https:\/\/novaorg.cofb.net\/2018\/03\/06\/agora-sanitaria-llancara-vuit-reptes-formatius-a-infarma-madrid-2018\/\",\"url\":\"https:\/\/novaorg.cofb.net\/2018\/03\/06\/agora-sanitaria-llancara-vuit-reptes-formatius-a-infarma-madrid-2018\/\",\"name\":\"\u00c0gora Sanit\u00e0ria llan\u00e7ar\u00e0 vuit reptes formatius a Infarma Madrid 2018 - Col\u00b7legi de Farmac\u00e8utics de Barcelona\",\"isPartOf\":{\"@id\":\"https:\/\/www.cofb.org\/#website\"},\"datePublished\":\"2018-03-06T12:59:00+00:00\",\"dateModified\":\"2018-03-06T12:59:00+00:00\",\"breadcrumb\":{\"@id\":\"https:\/\/novaorg.cofb.net\/2018\/03\/06\/agora-sanitaria-llancara-vuit-reptes-formatius-a-infarma-madrid-2018\/#breadcrumb\"},\"inLanguage\":\"es\",\"potentialAction\":[{\"@type\":\"ReadAction\",\"target\":[\"https:\/\/novaorg.cofb.net\/2018\/03\/06\/agora-sanitaria-llancara-vuit-reptes-formatius-a-infarma-madrid-2018\/\"]}]},{\"@type\":\"BreadcrumbList\",\"@id\":\"https:\/\/novaorg.cofb.net\/2018\/03\/06\/agora-sanitaria-llancara-vuit-reptes-formatius-a-infarma-madrid-2018\/#breadcrumb\",\"itemListElement\":[{\"@type\":\"ListItem\",\"position\":1,\"name\":\"Inici\",\"item\":\"https:\/\/novaorg.cofb.net\/\"},{\"@type\":\"ListItem\",\"position\":2,\"name\":\"\u00c0gora Sanit\u00e0ria llan\u00e7ar\u00e0 vuit reptes formatius a Infarma Madrid 2018\"}]},{\"@type\":\"WebSite\",\"@id\":\"https:\/\/www.cofb.org\/#website\",\"url\":\"https:\/\/www.cofb.org\/\",\"name\":\"Col\u00b7legi de Farmac\u00e8utics de Barcelona\",\"description\":\"\",\"publisher\":{\"@id\":\"https:\/\/www.cofb.org\/#organization\"},\"potentialAction\":[{\"@type\":\"SearchAction\",\"target\":{\"@type\":\"EntryPoint\",\"urlTemplate\":\"https:\/\/www.cofb.org\/?s={search_term_string}\"},\"query-input\":\"required name=search_term_string\"}],\"inLanguage\":\"es\"},{\"@type\":\"Organization\",\"@id\":\"https:\/\/www.cofb.org\/#organization\",\"name\":\"Col\u00b7legi de Farmac\u00e8utics de Barcelona\",\"url\":\"https:\/\/www.cofb.org\/\",\"logo\":{\"@type\":\"ImageObject\",\"inLanguage\":\"es\",\"@id\":\"https:\/\/www.cofb.org\/#\/schema\/logo\/image\/\",\"url\":\"https:\/\/www.cofb.org\/wp-content\/uploads\/2023\/11\/cropped-Logotip-COFB.png\",\"contentUrl\":\"https:\/\/www.cofb.org\/wp-content\/uploads\/2023\/11\/cropped-Logotip-COFB.png\",\"width\":500,\"height\":105,\"caption\":\"Col\u00b7legi de Farmac\u00e8utics de Barcelona\"},\"image\":{\"@id\":\"https:\/\/www.cofb.org\/#\/schema\/logo\/image\/\"},\"sameAs\":[\"https:\/\/www.facebook.com\/farmaceuticsbcn\/\",\"https:\/\/twitter.com\/farmaceuticsbcn\",\"https:\/\/www.instagram.com\/farmaceuticsbcn\/\",\"https:\/\/www.linkedin.com\/company\/farmaceuticsbcn\/\"]},{\"@type\":\"Person\",\"@id\":\"https:\/\/www.cofb.org\/#\/schema\/person\/22ed7eea88da74b0fa4d3154ad87ffcb\",\"name\":\"wpAdminCofbOrg\",\"image\":{\"@type\":\"ImageObject\",\"inLanguage\":\"es\",\"@id\":\"https:\/\/www.cofb.org\/#\/schema\/person\/image\/\",\"url\":\"https:\/\/secure.gravatar.com\/avatar\/1721b20b3b8ca882c3b56ec6c978c594fff670e40c0718e9190eaeeb76aae7d8?s=96&d=mm&r=g\",\"contentUrl\":\"https:\/\/secure.gravatar.com\/avatar\/1721b20b3b8ca882c3b56ec6c978c594fff670e40c0718e9190eaeeb76aae7d8?s=96&d=mm&r=g\",\"caption\":\"wpAdminCofbOrg\"},\"sameAs\":[\"http:\/\/192.168.64.122\/wordpress\"],\"url\":\"https:\/\/www.cofb.org\/es\/author\/wpadmincofborg\/\"}]}<\/script>\n<!-- \/ Yoast SEO plugin. -->","yoast_head_json":{"title":"\u00c0gora Sanit\u00e0ria llan\u00e7ar\u00e0 vuit reptes formatius a Infarma Madrid 2018 - Col\u00b7legi de Farmac\u00e8utics de Barcelona","robots":{"index":"index","follow":"follow","max-snippet":"max-snippet:-1","max-image-preview":"max-image-preview:large","max-video-preview":"max-video-preview:-1"},"canonical":"https:\/\/novaorg.cofb.net\/2018\/03\/06\/agora-sanitaria-llancara-vuit-reptes-formatius-a-infarma-madrid-2018\/","og_locale":"es_ES","og_type":"article","og_title":"\u00c0gora Sanit\u00e0ria llan\u00e7ar\u00e0 vuit reptes formatius a Infarma Madrid 2018 - Col\u00b7legi de Farmac\u00e8utics de Barcelona","og_description":"\u00a0 La plataforma de formaci\u00f3 online dels Col\u2022legis de Farmac\u00e8utics de Madrid i Barcelona proposa una competici\u00f3 de coneixement a la seva aula oberta del Congr\u00e9s i Sal\u00f3 farmac\u00e8utic La plataforma de formaci\u00f3 online \u00c0gora Sanit\u00e0ria estar\u00e0 present a Infarma Madrid 2018 amb un estand propi i un aula activa [&hellip;]","og_url":"https:\/\/novaorg.cofb.net\/2018\/03\/06\/agora-sanitaria-llancara-vuit-reptes-formatius-a-infarma-madrid-2018\/","og_site_name":"Col\u00b7legi de Farmac\u00e8utics de Barcelona","article_publisher":"https:\/\/www.facebook.com\/farmaceuticsbcn\/","article_published_time":"2018-03-06T12:59:00+00:00","author":"wpAdminCofbOrg","twitter_card":"summary_large_image","twitter_creator":"@farmaceuticsbcn","twitter_site":"@farmaceuticsbcn","twitter_misc":{"Escrito por":"wpAdminCofbOrg","Tiempo de lectura":"4 minutos"},"schema":{"@context":"https:\/\/schema.org","@graph":[{"@type":"Article","@id":"https:\/\/novaorg.cofb.net\/2018\/03\/06\/agora-sanitaria-llancara-vuit-reptes-formatius-a-infarma-madrid-2018\/#article","isPartOf":{"@id":"https:\/\/novaorg.cofb.net\/2018\/03\/06\/agora-sanitaria-llancara-vuit-reptes-formatius-a-infarma-madrid-2018\/"},"author":{"name":"wpAdminCofbOrg","@id":"https:\/\/www.cofb.org\/#\/schema\/person\/22ed7eea88da74b0fa4d3154ad87ffcb"},"headline":"\u00c0gora Sanit\u00e0ria llan\u00e7ar\u00e0 vuit reptes formatius a Infarma Madrid 2018","datePublished":"2018-03-06T12:59:00+00:00","dateModified":"2018-03-06T12:59:00+00:00","mainEntityOfPage":{"@id":"https:\/\/novaorg.cofb.net\/2018\/03\/06\/agora-sanitaria-llancara-vuit-reptes-formatius-a-infarma-madrid-2018\/"},"wordCount":851,"publisher":{"@id":"https:\/\/www.cofb.org\/#organization"},"articleSection":["Notes de premsa","Sense categoria"],"inLanguage":"es"},{"@type":"WebPage","@id":"https:\/\/novaorg.cofb.net\/2018\/03\/06\/agora-sanitaria-llancara-vuit-reptes-formatius-a-infarma-madrid-2018\/","url":"https:\/\/novaorg.cofb.net\/2018\/03\/06\/agora-sanitaria-llancara-vuit-reptes-formatius-a-infarma-madrid-2018\/","name":"\u00c0gora Sanit\u00e0ria llan\u00e7ar\u00e0 vuit reptes formatius a Infarma Madrid 2018 - Col\u00b7legi de Farmac\u00e8utics de Barcelona","isPartOf":{"@id":"https:\/\/www.cofb.org\/#website"},"datePublished":"2018-03-06T12:59:00+00:00","dateModified":"2018-03-06T12:59:00+00:00","breadcrumb":{"@id":"https:\/\/novaorg.cofb.net\/2018\/03\/06\/agora-sanitaria-llancara-vuit-reptes-formatius-a-infarma-madrid-2018\/#breadcrumb"},"inLanguage":"es","potentialAction":[{"@type":"ReadAction","target":["https:\/\/novaorg.cofb.net\/2018\/03\/06\/agora-sanitaria-llancara-vuit-reptes-formatius-a-infarma-madrid-2018\/"]}]},{"@type":"BreadcrumbList","@id":"https:\/\/novaorg.cofb.net\/2018\/03\/06\/agora-sanitaria-llancara-vuit-reptes-formatius-a-infarma-madrid-2018\/#breadcrumb","itemListElement":[{"@type":"ListItem","position":1,"name":"Inici","item":"https:\/\/novaorg.cofb.net\/"},{"@type":"ListItem","position":2,"name":"\u00c0gora Sanit\u00e0ria llan\u00e7ar\u00e0 vuit reptes formatius a Infarma Madrid 2018"}]},{"@type":"WebSite","@id":"https:\/\/www.cofb.org\/#website","url":"https:\/\/www.cofb.org\/","name":"Col\u00b7legi de Farmac\u00e8utics de Barcelona","description":"","publisher":{"@id":"https:\/\/www.cofb.org\/#organization"},"potentialAction":[{"@type":"SearchAction","target":{"@type":"EntryPoint","urlTemplate":"https:\/\/www.cofb.org\/?s={search_term_string}"},"query-input":"required name=search_term_string"}],"inLanguage":"es"},{"@type":"Organization","@id":"https:\/\/www.cofb.org\/#organization","name":"Col\u00b7legi de Farmac\u00e8utics de Barcelona","url":"https:\/\/www.cofb.org\/","logo":{"@type":"ImageObject","inLanguage":"es","@id":"https:\/\/www.cofb.org\/#\/schema\/logo\/image\/","url":"https:\/\/www.cofb.org\/wp-content\/uploads\/2023\/11\/cropped-Logotip-COFB.png","contentUrl":"https:\/\/www.cofb.org\/wp-content\/uploads\/2023\/11\/cropped-Logotip-COFB.png","width":500,"height":105,"caption":"Col\u00b7legi de Farmac\u00e8utics de Barcelona"},"image":{"@id":"https:\/\/www.cofb.org\/#\/schema\/logo\/image\/"},"sameAs":["https:\/\/www.facebook.com\/farmaceuticsbcn\/","https:\/\/twitter.com\/farmaceuticsbcn","https:\/\/www.instagram.com\/farmaceuticsbcn\/","https:\/\/www.linkedin.com\/company\/farmaceuticsbcn\/"]},{"@type":"Person","@id":"https:\/\/www.cofb.org\/#\/schema\/person\/22ed7eea88da74b0fa4d3154ad87ffcb","name":"wpAdminCofbOrg","image":{"@type":"ImageObject","inLanguage":"es","@id":"https:\/\/www.cofb.org\/#\/schema\/person\/image\/","url":"https:\/\/secure.gravatar.com\/avatar\/1721b20b3b8ca882c3b56ec6c978c594fff670e40c0718e9190eaeeb76aae7d8?s=96&d=mm&r=g","contentUrl":"https:\/\/secure.gravatar.com\/avatar\/1721b20b3b8ca882c3b56ec6c978c594fff670e40c0718e9190eaeeb76aae7d8?s=96&d=mm&r=g","caption":"wpAdminCofbOrg"},"sameAs":["http:\/\/192.168.64.122\/wordpress"],"url":"https:\/\/www.cofb.org\/es\/author\/wpadmincofborg\/"}]}},"uagb_featured_image_src":{"full":false,"thumbnail":false,"medium":false,"medium_large":false,"large":false,"1536x1536":false,"2048x2048":false,"trp-custom-language-flag":false},"uagb_author_info":{"display_name":"wpAdminCofbOrg","author_link":"https:\/\/www.cofb.org\/es\/author\/wpadmincofborg\/"},"uagb_comment_info":0,"uagb_excerpt":"\u00a0 La plataforma de formaci\u00f3 online dels Col\u2022legis de Farmac\u00e8utics de Madrid i Barcelona proposa una competici\u00f3 de coneixement a la seva aula oberta del Congr\u00e9s i Sal\u00f3 farmac\u00e8utic La plataforma de formaci\u00f3 online \u00c0gora Sanit\u00e0ria estar\u00e0 present a Infarma Madrid 2018 amb un estand propi i un aula activa [&hellip;]","_links":{"self":[{"href":"https:\/\/www.cofb.org\/es\/wp-json\/wp\/v2\/posts\/77283","targetHints":{"allow":["GET"]}}],"collection":[{"href":"https:\/\/www.cofb.org\/es\/wp-json\/wp\/v2\/posts"}],"about":[{"href":"https:\/\/www.cofb.org\/es\/wp-json\/wp\/v2\/types\/post"}],"author":[{"embeddable":true,"href":"https:\/\/www.cofb.org\/es\/wp-json\/wp\/v2\/users\/1"}],"replies":[{"embeddable":true,"href":"https:\/\/www.cofb.org\/es\/wp-json\/wp\/v2\/comments?post=77283"}],"version-history":[{"count":0,"href":"https:\/\/www.cofb.org\/es\/wp-json\/wp\/v2\/posts\/77283\/revisions"}],"wp:attachment":[{"href":"https:\/\/www.cofb.org\/es\/wp-json\/wp\/v2\/media?parent=77283"}],"wp:term":[{"taxonomy":"category","embeddable":true,"href":"https:\/\/www.cofb.org\/es\/wp-json\/wp\/v2\/categories?post=77283"},{"taxonomy":"post_tag","embeddable":true,"href":"https:\/\/www.cofb.org\/es\/wp-json\/wp\/v2\/tags?post=77283"}],"curies":[{"name":"wp","href":"https:\/\/api.w.org\/{rel}","templated":true}]}}