{"id":77280,"date":"2018-03-13T13:47:00","date_gmt":"2018-03-13T13:47:00","guid":{"rendered":"https:\/\/novaorg.cofb.net\/2018\/03\/13\/el-conseller-de-sanitat-de-madrid-planteja-crear-grups-de-treball-amb-el-cofm-per-analitzar-les-necessitats-economiques-de-la-farmacia\/"},"modified":"2018-03-13T13:47:00","modified_gmt":"2018-03-13T13:47:00","slug":"el-conseller-de-sanitat-de-madrid-planteja-crear-grups-de-treball-amb-el-cofm-per-analitzar-les-necessitats-economiques-de-la-farmacia","status":"publish","type":"post","link":"https:\/\/www.cofb.org\/es\/2018\/03\/13\/el-conseller-de-sanitat-de-madrid-planteja-crear-grups-de-treball-amb-el-cofm-per-analitzar-les-necessitats-economiques-de-la-farmacia\/","title":{"rendered":"El consejero de Sanidad de Madrid plantea crear grupos de trabajo con el COFM para analizar las necesidades econ\u00f3micas de la Farmacia"},"content":{"rendered":"<p>\u00a0<\/p>\n<ul>\n<li><strong>Enrique Ruiz Escudero inaugura Infarma Madrid 2018 y destaca que &quot;es la cita profesional m\u00e1s importante del calendario&quot;<\/strong><\/li>\n<li><strong>Sergio Scariolo imparte la conferencia inaugural del Congreso y resalta los valores del liderazgo, as\u00ed como la constancia y preparaci\u00f3n como bases del \u00e9xito<\/strong><\/li>\n<\/ul>\n<div>El consejero de Sanidad de la Comunidad de Madrid, Enrique Ruiz Escudero, ha inaugurado hoy Infarma Madrid 2018, el Congreso y Sal\u00f3n farmac\u00e9utico que organizan los colegios oficiales de farmac\u00e9uticos de Madrid y Barcelona y que reunir\u00e1 durante tres d\u00edas a cerca de 30.000 profesionales y 400 empresas en el recinto ferial de Ifema.<\/p>\n<p>El conseller ha destacado que Infarma se ha convertido &quot;en la cita m\u00e1s importante del calendario gracias al trabajo conjunto de ambos colegios&quot;. Enrique Ruiz ha destacado tambi\u00e9n la colaboraci\u00f3n con el Colegio de Madrid en la nueva ley de farmacia de la Comunidad de Madrid, que \u201cva a potenciar el car\u00e1cter asistencial y el papel del farmac\u00e9utico como agente de salud. Asimismo, ha planteado crear grupos de trabajo con el Colegio para analizar las necesidades econ\u00f3micas de la farmacia.<\/p>\n<p>El conseller ha estado acompa\u00f1ado del presidente del Colegio Oficial de Farmac\u00e9uticos de Madrid y del Comit\u00e9 Organizador de Infarma, Luis Gonz\u00e1lez D\u00edez; de la vicepresidenta del Colegio de Farmac\u00e9uticos de Barcelona, N\u00faria Bosch Sagrera; el presidente del Consejo General de Colegios Oficiales Farmac\u00e9uticos, Jes\u00fas Aguilar Santamar\u00eda; y el vocal de Farmacia del COFM y director del Congreso, \u00d3scar L\u00f3pez Moreno.<\/p>\n<p>Durante su intervenci\u00f3n, Luis Gonz\u00e1lez ha agradecido al Gobierno madrile\u00f1o &quot;el compromiso firme con la farmacia y sus profesionales&quot;. Tambi\u00e9n ha resaltado la uni\u00f3n de esfuerzos entre los dos colegios farmac\u00e9uticos que ha permitido generar &quot;m\u00e1s valor, nuevo conocimiento y m\u00e1s oportunidades&quot; para los profesionales y empresas participantes en Infarma. El presidente del Comit\u00e9 Organizador ha avanzado las novedades del Congreso, como los nuevos espacios de InfarmaInnova, Iniciativas de \u00e9xito o el compromiso social de Infarma Solidario, y ha se\u00f1alado que el Congreso \u201caspira a cambiar las formas de hacer Farmacia a trav\u00e9s de la gesti\u00f3n, de la tecnolog\u00eda y de la formaci\u00f3n profesional, con el fin de mejorar la realidad de nuestro sector y construir el futuro que queremos sus profesionales\u201d.<\/p>\n<p>Por su parte, N\u00faria Bosch ha incidido en el 30 aniversario de Infarma que el Congreso &quot;es el punto de encuentro del sector para seguir avanzando como profesionales&quot;, una cita que ha sabido adaptarse a las necesidades del sector y que ha definido como &quot;\u00fatil, enriquecedora y vital&quot;.<\/p>\n<p>Jes\u00fas Aguilar ha puesto en valor la capacidad de vertebraci\u00f3n de la red de oficinas de m\u00e1s de 22.000 farmacias, una red que genera el 0,97 por ciento del PIB y m\u00e1s de 80.000 puestos de trabajo directos, un empleo estable, femenino, joven y calificado, seg\u00fan ha apuntado. Aguilar ha pedido el apoyo de la Administraci\u00f3n para avanzar en la apuesta por una farmacia asistencial e innovadora que est\u00e1 realizando el sector y ha puesto a la Comunidad de Madrid como ejemplo de buena relaci\u00f3n y sinton\u00eda para trabajar juntos por la salud de los ciudadanos .<\/p>\n<p>Por \u00faltimo, \u00d3scar L\u00f3pez ha subrayado la oportunidad que supone el Congreso para actualizar conocimientos y aplicar nuevas ideas a la pr\u00e1ctica farmac\u00e9utica. Con este objetivo, Infarma Madrid 2018 abrir\u00e1 dos nuevos espacios para promover el emprendimiento digital del sector y aprender de las experiencias e iniciativas de \u00e9xito desarrolladas por la profesi\u00f3n. Adem\u00e1s record\u00f3 la organizaci\u00f3n Infarma Solidario junto con la ONG Farmamundi, con la que se pretende recaudar fondos para asistir a la poblaci\u00f3n refugiada de Sud\u00e1n del Sur.<\/p>\n<p>Durante tres d\u00edas, est\u00e1 previsto que m\u00e1s de 30.000 profesionales visiten los tres pabellones feriales de Ifema, donde se desarrollar\u00e1 el Congreso y se desplegar\u00e1n los stands de 387 empresas del sector en una superficie ferial de 35.000 metros cuadrados.<\/p>\n<p><strong>Sergio Scariolo inaugura el Congreso<\/strong><br \/>\nEl seleccionador nacional de Baloncesto, Sergio Scariolo, ha impartido la conferencia inaugural que abre de forma oficial un programa cient\u00edfico con 112 conferencias y 194 ponentes. En una sala llena de p\u00fablico, Scariolo ha relatado su experiencia de casi 40 a\u00f1os al frente de equipos de \u00e9lite, recurriendo a ejemplos pr\u00e1cticos que aportan valores positivos a las personas, independientemente de su actividad profesional. Durante su intervenci\u00f3n, titulada &#039;Preparaci\u00f3n y comunicaci\u00f3n como base de todo&#039;, el seleccionador ha incidido en la preparaci\u00f3n te\u00f3rica y pr\u00e1ctica como base para liderar la actuaci\u00f3n de un grupo, teniendo en cuenta, ha puntualizado, que \u201cla credibilidad del l\u00edder pasa no necesariamente por saberlo todo, sino por saber responder de una forma correcta a cada problema que pueda surgir\u201d.<\/p>\n<p>Scariolo ha subrayado la importancia de los valores en la gesti\u00f3n de un grupo. &quot;Es muy complicado coordinar estos esfuerzos y talentos, liderar sin que seas una persona a la que le importan los dem\u00e1s, cultivar la capacidad de ver el lado positivo, lo que puedo apreciar en cada persona que me rodea&quot;, ha apuntado.<\/p>\n<p>Asimismo ha incidido en la actitud personal y la constancia: \u201clo primero que debe llevar al trabajo una actitud correcta soy yo\u201d porque \u201clo que nos distingue es la capacidad de hacerlo todos los d\u00edas, el compromiso con el tu oficio, la pasi\u00f3n de no fallar nunca, de no bajar de un est\u00e1ndar profesional e intentar mantener ese nivel para que te vean como una persona fiable todos los d\u00edas\u201d. En la confianza: &quot;Lo que se dice en el vestuario o una reuni\u00f3n no sale de aqu\u00ed, hay que confiar en la lealtad, crear un clima de confianza&quot;. Son atributos de cara a la gesti\u00f3n para &quot;poder ser una referencia cre\u00edble, para que esta persona se vea como un l\u00edder cre\u00edble&quot;, ha asegurado el seleccionador nacional.<\/p>\n<\/div>\n<p>\u00a0Enrique Ruiz Escudero inaugura Infarma Madrid 2018 y destaca que &quot;es la cita profesional m\u00e1s importante del calendario&quot;<br \/>\n\tSergio Scariolo imparte la conferencia inaugural del Congreso y resalta los valores del liderazgo, as\u00ed como la constancia y preparaci\u00f3n como bases del \u00e9xito<\/p>\n<p>El consejero de Sanidad de la Comunidad de Madrid, Enrique Ruiz Escudero, ha inaugurado hoy Infarma Madrid 2018, el Congreso y Sal\u00f3n farmac\u00e9utico que organizan los colegios oficiales de farmac\u00e9uticos de Madrid y Barcelona y que reunir\u00e1 durante tres d\u00edas a cerca de 30.000 profesionales y 400 empresas en el recinto ferial de Ifema.<br \/>\nEl conseller ha destacado que Infarma se ha convertido &quot;en la cita m\u00e1s importante del calendario gracias al trabajo conjunto de ambos colegios&quot;. Enrique Ruiz ha destacado tambi\u00e9n la colaboraci\u00f3n con el Colegio de Madrid en la nueva ley de farmacia de la Comunidad de Madrid, que \u201cva a potenciar el car\u00e1cter asistencial y el papel del farmac\u00e9utico como agente de salud. Asimismo, ha planteado crear grupos de trabajo con el Colegio para analizar las necesidades econ\u00f3micas de la farmacia.<\/p>\n<p>El conseller ha estado acompa\u00f1ado del presidente del Colegio Oficial de Farmac\u00e9uticos de Madrid y del Comit\u00e9 Organizador de Infarma, Luis Gonz\u00e1lez D\u00edez; de la vicepresidenta del Colegio de Farmac\u00e9uticos de Barcelona, N\u00faria Bosch Sagrera; el presidente del Consejo General de Colegios Oficiales Farmac\u00e9uticos, Jes\u00fas Aguilar Santamar\u00eda; y el vocal de Farmacia del COFM y director del Congreso, \u00d3scar L\u00f3pez Moreno.<\/p>\n<p>Durante su intervenci\u00f3n, Luis Gonz\u00e1lez ha agradecido al Gobierno madrile\u00f1o &quot;el compromiso firme con la farmacia y sus profesionales&quot;. Tambi\u00e9n ha resaltado la uni\u00f3n de esfuerzos entre los dos colegios farmac\u00e9uticos que ha permitido generar &quot;m\u00e1s valor, nuevo conocimiento y m\u00e1s oportunidades&quot; para los profesionales y empresas participantes en Infarma. El presidente del Comit\u00e9 Organizador ha avanzado las novedades del Congreso, como los nuevos espacios de InfarmaInnova, Iniciativas de \u00e9xito o el compromiso social de Infarma Solidario, y ha se\u00f1alado que el Congreso \u201caspira a cambiar las formas de hacer Farmacia a trav\u00e9s de la gesti\u00f3n, de la tecnolog\u00eda y de la formaci\u00f3n profesional, con el fin de mejorar la realidad de nuestro sector y construir el futuro que queremos sus profesionales\u201d.<\/p>\n<p>Por su parte, N\u00faria Bosch ha incidido en el 30 aniversario de Infarma que el Congreso &quot;es el punto de encuentro del sector para seguir avanzando como profesionales&quot;, una cita que ha sabido adaptarse a las necesidades del sector y que ha definido como &quot;\u00fatil, enriquecedora y vital&quot;.<\/p>\n<p>Jes\u00fas Aguilar ha puesto en valor la capacidad de vertebraci\u00f3n de la red de oficinas de m\u00e1s de 22.000 farmacias, una red que genera el 0,97 por ciento del PIB y m\u00e1s de 80.000 puestos de trabajo directos, un empleo estable, femenino, joven y calificado, seg\u00fan ha apuntado. Aguilar ha pedido el apoyo de la Administraci\u00f3n para avanzar en la apuesta por una farmacia asistencial e innovadora que est\u00e1 realizando el sector y ha puesto a la Comunidad de Madrid como ejemplo de buena relaci\u00f3n y sinton\u00eda para trabajar juntos por la salud de los ciudadanos .<\/p>\n<p>Por \u00faltimo, \u00d3scar L\u00f3pez ha subrayado la oportunidad que supone el Congreso para actualizar conocimientos y aplicar nuevas ideas a la pr\u00e1ctica farmac\u00e9utica. Con este objetivo, Infarma Madrid 2018 abrir\u00e1 dos nuevos espacios para promover el emprendimiento digital del sector y aprender de las experiencias e iniciativas de \u00e9xito desarrolladas por la profesi\u00f3n. Adem\u00e1s record\u00f3 la organizaci\u00f3n Infarma Solidario junto con la ONG Farmamundi, con la que se pretende recaudar fondos para asistir a la poblaci\u00f3n refugiada de Sud\u00e1n del Sur.<\/p>\n<p>Durante tres d\u00edas, est\u00e1 previsto que m\u00e1s de 30.000 profesionales visiten los tres pabellones feriales de Ifema, donde se desarrollar\u00e1 el Congreso y se desplegar\u00e1n los stands de 387 empresas del sector en una superficie ferial de 35.000 metros cuadrados.<\/p>\n<p>Sergio Scariolo inaugura el Congreso<br \/>\nEl seleccionador nacional de Baloncesto, Sergio Scariolo, ha impartido la conferencia inaugural que abre de forma oficial un programa cient\u00edfico con 112 conferencias y 194 ponentes. En una sala llena de p\u00fablico, Scariolo ha relatado su experiencia de casi 40 a\u00f1os al frente de equipos de \u00e9lite, recurriendo a ejemplos pr\u00e1cticos que aportan valores positivos a las personas, independientemente de su actividad profesional. Durante su intervenci\u00f3n, titulada &#039;Preparaci\u00f3n y comunicaci\u00f3n como base de todo&#039;, el seleccionador ha incidido en la preparaci\u00f3n te\u00f3rica y pr\u00e1ctica como base para liderar la actuaci\u00f3n de un grupo, teniendo en cuenta, ha puntualizado, que \u201cla credibilidad del l\u00edder pasa no necesariamente por saberlo todo, sino por saber responder de una forma correcta a cada problema que pueda surgir\u201d.<\/p>\n<p>Scariolo ha subrayado la importancia de los valores en la gesti\u00f3n de un grupo. &quot;Es muy complicado coordinar estos esfuerzos y talentos, liderar sin que seas una persona a la que le importan los dem\u00e1s, cultivar la capacidad de ver el lado positivo, lo que puedo apreciar en cada persona que me rodea&quot;, ha apuntado.<\/p>\n<p>Asimismo ha incidido en la actitud personal y la constancia: \u201clo primero que debe llevar al trabajo una actitud correcta soy yo\u201d porque \u201clo que nos distingue es la capacidad de hacerlo todos los d\u00edas, el compromiso con el tu oficio, la pasi\u00f3n de no fallar nunca, de no bajar de un est\u00e1ndar profesional e intentar mantener ese nivel para que te vean como una persona fiable todos los d\u00edas\u201d. En la confianza: &quot;Lo que se dice en el vestuario o una reuni\u00f3n no sale de aqu\u00ed, hay que confiar en la lealtad, crear un clima de confianza&quot;. Son atributos de cara a la gesti\u00f3n para &quot;poder ser una referencia cre\u00edble, para que esta persona se vea como un l\u00edder cre\u00edble&quot;, ha asegurado el seleccionador nacional.  COFB.ORG<\/p>","protected":false},"excerpt":{"rendered":"<p>\u00a0 Enrique Ruiz Escudero inaugura Infarma Madrid 2018 y destaca que &quot;es la cita profesional m\u00e1s importante del calendario&quot; Sergio Scariolo imparte la conferencia inaugural del Congreso y resalta los valores del liderazgo, as\u00ed como la constancia y preparaci\u00f3n como bases del \u00e9xito El conseller de Sanidad de la [\u2026]<\/p>","protected":false},"author":1,"featured_media":0,"comment_status":"","ping_status":"","sticky":false,"template":"","format":"standard","meta":{"_uag_custom_page_level_css":"","site-sidebar-layout":"default","site-content-layout":"","ast-site-content-layout":"default","site-content-style":"default","site-sidebar-style":"default","ast-global-header-display":"","ast-banner-title-visibility":"","ast-main-header-display":"","ast-hfb-above-header-display":"","ast-hfb-below-header-display":"","ast-hfb-mobile-header-display":"","site-post-title":"","ast-breadcrumbs-content":"","ast-featured-img":"disabled","footer-sml-layout":"","theme-transparent-header-meta":"","adv-header-id-meta":"","stick-header-meta":"","header-above-stick-meta":"","header-main-stick-meta":"","header-below-stick-meta":"","astra-migrate-meta-layouts":"default","ast-page-background-enabled":"default","ast-page-background-meta":{"desktop":{"background-color":"var(--ast-global-color-4)","background-image":"","background-repeat":"repeat","background-position":"center center","background-size":"auto","background-attachment":"scroll","background-type":"","background-media":"","overlay-type":"","overlay-color":"","overlay-opacity":"","overlay-gradient":""},"tablet":{"background-color":"","background-image":"","background-repeat":"repeat","background-position":"center center","background-size":"auto","background-attachment":"scroll","background-type":"","background-media":"","overlay-type":"","overlay-color":"","overlay-opacity":"","overlay-gradient":""},"mobile":{"background-color":"","background-image":"","background-repeat":"repeat","background-position":"center center","background-size":"auto","background-attachment":"scroll","background-type":"","background-media":"","overlay-type":"","overlay-color":"","overlay-opacity":"","overlay-gradient":""}},"ast-content-background-meta":{"desktop":{"background-color":"var(--ast-global-color-5)","background-image":"","background-repeat":"repeat","background-position":"center center","background-size":"auto","background-attachment":"scroll","background-type":"","background-media":"","overlay-type":"","overlay-color":"","overlay-opacity":"","overlay-gradient":""},"tablet":{"background-color":"var(--ast-global-color-5)","background-image":"","background-repeat":"repeat","background-position":"center center","background-size":"auto","background-attachment":"scroll","background-type":"","background-media":"","overlay-type":"","overlay-color":"","overlay-opacity":"","overlay-gradient":""},"mobile":{"background-color":"var(--ast-global-color-5)","background-image":"","background-repeat":"repeat","background-position":"center center","background-size":"auto","background-attachment":"scroll","background-type":"","background-media":"","overlay-type":"","overlay-color":"","overlay-opacity":"","overlay-gradient":""}},"footnotes":""},"categories":[1060,1066],"tags":[],"class_list":["post-77280","post","type-post","status-publish","format-standard","hentry","category-notes-premsa","category-sense-categoria-ca"],"yoast_head":"<!-- This site is optimized with the Yoast SEO plugin v22.4 - https:\/\/yoast.com\/wordpress\/plugins\/seo\/ -->\n<title>El conseller de Sanitat de Madrid planteja crear grups de treball amb el COFM per analitzar les necessitats econ\u00f2miques de la Farm\u00e0cia - Col\u00b7legi de Farmac\u00e8utics de Barcelona<\/title>\n<meta name=\"robots\" content=\"index, follow, max-snippet:-1, max-image-preview:large, max-video-preview:-1\" \/>\n<link rel=\"canonical\" href=\"https:\/\/novaorg.cofb.net\/2018\/03\/13\/el-conseller-de-sanitat-de-madrid-planteja-crear-grups-de-treball-amb-el-cofm-per-analitzar-les-necessitats-economiques-de-la-farmacia\/\" \/>\n<meta property=\"og:locale\" content=\"es_ES\" \/>\n<meta property=\"og:type\" content=\"article\" \/>\n<meta property=\"og:title\" content=\"El conseller de Sanitat de Madrid planteja crear grups de treball amb el COFM per analitzar les necessitats econ\u00f2miques de la Farm\u00e0cia - Col\u00b7legi de Farmac\u00e8utics de Barcelona\" \/>\n<meta property=\"og:description\" content=\"\u00a0 Enrique Ruiz Escudero inaugura Infarma Madrid 2018 i destaca que \u201c\u00e9s la cita professional m\u00e9s important del calendari\u201d Sergio Scariolo imparteix la confer\u00e8ncia inaugural del Congr\u00e9s i ressalta els valors del lideratge, aix\u00ed com la const\u00e0ncia i preparaci\u00f3 com a bases de l&#8217;\u00e8xit El conseller de Sanitat de la [&hellip;]\" \/>\n<meta property=\"og:url\" content=\"https:\/\/novaorg.cofb.net\/2018\/03\/13\/el-conseller-de-sanitat-de-madrid-planteja-crear-grups-de-treball-amb-el-cofm-per-analitzar-les-necessitats-economiques-de-la-farmacia\/\" \/>\n<meta property=\"og:site_name\" content=\"Col\u00b7legi de Farmac\u00e8utics de Barcelona\" \/>\n<meta property=\"article:publisher\" content=\"https:\/\/www.facebook.com\/farmaceuticsbcn\/\" \/>\n<meta property=\"article:published_time\" content=\"2018-03-13T13:47:00+00:00\" \/>\n<meta name=\"author\" content=\"wpAdminCofbOrg\" \/>\n<meta name=\"twitter:card\" content=\"summary_large_image\" \/>\n<meta name=\"twitter:creator\" content=\"@farmaceuticsbcn\" \/>\n<meta name=\"twitter:site\" content=\"@farmaceuticsbcn\" \/>\n<meta name=\"twitter:label1\" content=\"Escrito por\" \/>\n\t<meta name=\"twitter:data1\" content=\"wpAdminCofbOrg\" \/>\n\t<meta name=\"twitter:label2\" content=\"Tiempo de lectura\" \/>\n\t<meta name=\"twitter:data2\" content=\"10 minutos\" \/>\n<script type=\"application\/ld+json\" class=\"yoast-schema-graph\">{\"@context\":\"https:\/\/schema.org\",\"@graph\":[{\"@type\":\"Article\",\"@id\":\"https:\/\/novaorg.cofb.net\/2018\/03\/13\/el-conseller-de-sanitat-de-madrid-planteja-crear-grups-de-treball-amb-el-cofm-per-analitzar-les-necessitats-economiques-de-la-farmacia\/#article\",\"isPartOf\":{\"@id\":\"https:\/\/novaorg.cofb.net\/2018\/03\/13\/el-conseller-de-sanitat-de-madrid-planteja-crear-grups-de-treball-amb-el-cofm-per-analitzar-les-necessitats-economiques-de-la-farmacia\/\"},\"author\":{\"name\":\"wpAdminCofbOrg\",\"@id\":\"https:\/\/www.cofb.org\/#\/schema\/person\/22ed7eea88da74b0fa4d3154ad87ffcb\"},\"headline\":\"El conseller de Sanitat de Madrid planteja crear grups de treball amb el COFM per analitzar les necessitats econ\u00f2miques de la Farm\u00e0cia\",\"datePublished\":\"2018-03-13T13:47:00+00:00\",\"dateModified\":\"2018-03-13T13:47:00+00:00\",\"mainEntityOfPage\":{\"@id\":\"https:\/\/novaorg.cofb.net\/2018\/03\/13\/el-conseller-de-sanitat-de-madrid-planteja-crear-grups-de-treball-amb-el-cofm-per-analitzar-les-necessitats-economiques-de-la-farmacia\/\"},\"wordCount\":2078,\"publisher\":{\"@id\":\"https:\/\/www.cofb.org\/#organization\"},\"articleSection\":[\"Notes de premsa\",\"Sense categoria\"],\"inLanguage\":\"es\"},{\"@type\":\"WebPage\",\"@id\":\"https:\/\/novaorg.cofb.net\/2018\/03\/13\/el-conseller-de-sanitat-de-madrid-planteja-crear-grups-de-treball-amb-el-cofm-per-analitzar-les-necessitats-economiques-de-la-farmacia\/\",\"url\":\"https:\/\/novaorg.cofb.net\/2018\/03\/13\/el-conseller-de-sanitat-de-madrid-planteja-crear-grups-de-treball-amb-el-cofm-per-analitzar-les-necessitats-economiques-de-la-farmacia\/\",\"name\":\"El conseller de Sanitat de Madrid planteja crear grups de treball amb el COFM per analitzar les necessitats econ\u00f2miques de la Farm\u00e0cia - Col\u00b7legi de Farmac\u00e8utics de Barcelona\",\"isPartOf\":{\"@id\":\"https:\/\/www.cofb.org\/#website\"},\"datePublished\":\"2018-03-13T13:47:00+00:00\",\"dateModified\":\"2018-03-13T13:47:00+00:00\",\"breadcrumb\":{\"@id\":\"https:\/\/novaorg.cofb.net\/2018\/03\/13\/el-conseller-de-sanitat-de-madrid-planteja-crear-grups-de-treball-amb-el-cofm-per-analitzar-les-necessitats-economiques-de-la-farmacia\/#breadcrumb\"},\"inLanguage\":\"es\",\"potentialAction\":[{\"@type\":\"ReadAction\",\"target\":[\"https:\/\/novaorg.cofb.net\/2018\/03\/13\/el-conseller-de-sanitat-de-madrid-planteja-crear-grups-de-treball-amb-el-cofm-per-analitzar-les-necessitats-economiques-de-la-farmacia\/\"]}]},{\"@type\":\"BreadcrumbList\",\"@id\":\"https:\/\/novaorg.cofb.net\/2018\/03\/13\/el-conseller-de-sanitat-de-madrid-planteja-crear-grups-de-treball-amb-el-cofm-per-analitzar-les-necessitats-economiques-de-la-farmacia\/#breadcrumb\",\"itemListElement\":[{\"@type\":\"ListItem\",\"position\":1,\"name\":\"Inici\",\"item\":\"https:\/\/novaorg.cofb.net\/\"},{\"@type\":\"ListItem\",\"position\":2,\"name\":\"El conseller de Sanitat de Madrid planteja crear grups de treball amb el COFM per analitzar les necessitats econ\u00f2miques de la Farm\u00e0cia\"}]},{\"@type\":\"WebSite\",\"@id\":\"https:\/\/www.cofb.org\/#website\",\"url\":\"https:\/\/www.cofb.org\/\",\"name\":\"Col\u00b7legi de Farmac\u00e8utics de Barcelona\",\"description\":\"\",\"publisher\":{\"@id\":\"https:\/\/www.cofb.org\/#organization\"},\"potentialAction\":[{\"@type\":\"SearchAction\",\"target\":{\"@type\":\"EntryPoint\",\"urlTemplate\":\"https:\/\/www.cofb.org\/?s={search_term_string}\"},\"query-input\":\"required name=search_term_string\"}],\"inLanguage\":\"es\"},{\"@type\":\"Organization\",\"@id\":\"https:\/\/www.cofb.org\/#organization\",\"name\":\"Col\u00b7legi de Farmac\u00e8utics de Barcelona\",\"url\":\"https:\/\/www.cofb.org\/\",\"logo\":{\"@type\":\"ImageObject\",\"inLanguage\":\"es\",\"@id\":\"https:\/\/www.cofb.org\/#\/schema\/logo\/image\/\",\"url\":\"https:\/\/www.cofb.org\/wp-content\/uploads\/2023\/11\/cropped-Logotip-COFB.png\",\"contentUrl\":\"https:\/\/www.cofb.org\/wp-content\/uploads\/2023\/11\/cropped-Logotip-COFB.png\",\"width\":500,\"height\":105,\"caption\":\"Col\u00b7legi de Farmac\u00e8utics de Barcelona\"},\"image\":{\"@id\":\"https:\/\/www.cofb.org\/#\/schema\/logo\/image\/\"},\"sameAs\":[\"https:\/\/www.facebook.com\/farmaceuticsbcn\/\",\"https:\/\/twitter.com\/farmaceuticsbcn\",\"https:\/\/www.instagram.com\/farmaceuticsbcn\/\",\"https:\/\/www.linkedin.com\/company\/farmaceuticsbcn\/\"]},{\"@type\":\"Person\",\"@id\":\"https:\/\/www.cofb.org\/#\/schema\/person\/22ed7eea88da74b0fa4d3154ad87ffcb\",\"name\":\"wpAdminCofbOrg\",\"image\":{\"@type\":\"ImageObject\",\"inLanguage\":\"es\",\"@id\":\"https:\/\/www.cofb.org\/#\/schema\/person\/image\/\",\"url\":\"https:\/\/secure.gravatar.com\/avatar\/1721b20b3b8ca882c3b56ec6c978c594fff670e40c0718e9190eaeeb76aae7d8?s=96&d=mm&r=g\",\"contentUrl\":\"https:\/\/secure.gravatar.com\/avatar\/1721b20b3b8ca882c3b56ec6c978c594fff670e40c0718e9190eaeeb76aae7d8?s=96&d=mm&r=g\",\"caption\":\"wpAdminCofbOrg\"},\"sameAs\":[\"http:\/\/192.168.64.122\/wordpress\"],\"url\":\"https:\/\/www.cofb.org\/es\/author\/wpadmincofborg\/\"}]}<\/script>\n<!-- \/ Yoast SEO plugin. -->","yoast_head_json":{"title":"El conseller de Sanitat de Madrid planteja crear grups de treball amb el COFM per analitzar les necessitats econ\u00f2miques de la Farm\u00e0cia - Col\u00b7legi de Farmac\u00e8utics de Barcelona","robots":{"index":"index","follow":"follow","max-snippet":"max-snippet:-1","max-image-preview":"max-image-preview:large","max-video-preview":"max-video-preview:-1"},"canonical":"https:\/\/novaorg.cofb.net\/2018\/03\/13\/el-conseller-de-sanitat-de-madrid-planteja-crear-grups-de-treball-amb-el-cofm-per-analitzar-les-necessitats-economiques-de-la-farmacia\/","og_locale":"es_ES","og_type":"article","og_title":"El conseller de Sanitat de Madrid planteja crear grups de treball amb el COFM per analitzar les necessitats econ\u00f2miques de la Farm\u00e0cia - Col\u00b7legi de Farmac\u00e8utics de Barcelona","og_description":"\u00a0 Enrique Ruiz Escudero inaugura Infarma Madrid 2018 i destaca que \u201c\u00e9s la cita professional m\u00e9s important del calendari\u201d Sergio Scariolo imparteix la confer\u00e8ncia inaugural del Congr\u00e9s i ressalta els valors del lideratge, aix\u00ed com la const\u00e0ncia i preparaci\u00f3 com a bases de l&#8217;\u00e8xit El conseller de Sanitat de la [&hellip;]","og_url":"https:\/\/novaorg.cofb.net\/2018\/03\/13\/el-conseller-de-sanitat-de-madrid-planteja-crear-grups-de-treball-amb-el-cofm-per-analitzar-les-necessitats-economiques-de-la-farmacia\/","og_site_name":"Col\u00b7legi de Farmac\u00e8utics de Barcelona","article_publisher":"https:\/\/www.facebook.com\/farmaceuticsbcn\/","article_published_time":"2018-03-13T13:47:00+00:00","author":"wpAdminCofbOrg","twitter_card":"summary_large_image","twitter_creator":"@farmaceuticsbcn","twitter_site":"@farmaceuticsbcn","twitter_misc":{"Escrito por":"wpAdminCofbOrg","Tiempo de lectura":"10 minutos"},"schema":{"@context":"https:\/\/schema.org","@graph":[{"@type":"Article","@id":"https:\/\/novaorg.cofb.net\/2018\/03\/13\/el-conseller-de-sanitat-de-madrid-planteja-crear-grups-de-treball-amb-el-cofm-per-analitzar-les-necessitats-economiques-de-la-farmacia\/#article","isPartOf":{"@id":"https:\/\/novaorg.cofb.net\/2018\/03\/13\/el-conseller-de-sanitat-de-madrid-planteja-crear-grups-de-treball-amb-el-cofm-per-analitzar-les-necessitats-economiques-de-la-farmacia\/"},"author":{"name":"wpAdminCofbOrg","@id":"https:\/\/www.cofb.org\/#\/schema\/person\/22ed7eea88da74b0fa4d3154ad87ffcb"},"headline":"El conseller de Sanitat de Madrid planteja crear grups de treball amb el COFM per analitzar les necessitats econ\u00f2miques de la Farm\u00e0cia","datePublished":"2018-03-13T13:47:00+00:00","dateModified":"2018-03-13T13:47:00+00:00","mainEntityOfPage":{"@id":"https:\/\/novaorg.cofb.net\/2018\/03\/13\/el-conseller-de-sanitat-de-madrid-planteja-crear-grups-de-treball-amb-el-cofm-per-analitzar-les-necessitats-economiques-de-la-farmacia\/"},"wordCount":2078,"publisher":{"@id":"https:\/\/www.cofb.org\/#organization"},"articleSection":["Notes de premsa","Sense categoria"],"inLanguage":"es"},{"@type":"WebPage","@id":"https:\/\/novaorg.cofb.net\/2018\/03\/13\/el-conseller-de-sanitat-de-madrid-planteja-crear-grups-de-treball-amb-el-cofm-per-analitzar-les-necessitats-economiques-de-la-farmacia\/","url":"https:\/\/novaorg.cofb.net\/2018\/03\/13\/el-conseller-de-sanitat-de-madrid-planteja-crear-grups-de-treball-amb-el-cofm-per-analitzar-les-necessitats-economiques-de-la-farmacia\/","name":"El conseller de Sanitat de Madrid planteja crear grups de treball amb el COFM per analitzar les necessitats econ\u00f2miques de la Farm\u00e0cia - Col\u00b7legi de Farmac\u00e8utics de Barcelona","isPartOf":{"@id":"https:\/\/www.cofb.org\/#website"},"datePublished":"2018-03-13T13:47:00+00:00","dateModified":"2018-03-13T13:47:00+00:00","breadcrumb":{"@id":"https:\/\/novaorg.cofb.net\/2018\/03\/13\/el-conseller-de-sanitat-de-madrid-planteja-crear-grups-de-treball-amb-el-cofm-per-analitzar-les-necessitats-economiques-de-la-farmacia\/#breadcrumb"},"inLanguage":"es","potentialAction":[{"@type":"ReadAction","target":["https:\/\/novaorg.cofb.net\/2018\/03\/13\/el-conseller-de-sanitat-de-madrid-planteja-crear-grups-de-treball-amb-el-cofm-per-analitzar-les-necessitats-economiques-de-la-farmacia\/"]}]},{"@type":"BreadcrumbList","@id":"https:\/\/novaorg.cofb.net\/2018\/03\/13\/el-conseller-de-sanitat-de-madrid-planteja-crear-grups-de-treball-amb-el-cofm-per-analitzar-les-necessitats-economiques-de-la-farmacia\/#breadcrumb","itemListElement":[{"@type":"ListItem","position":1,"name":"Inici","item":"https:\/\/novaorg.cofb.net\/"},{"@type":"ListItem","position":2,"name":"El conseller de Sanitat de Madrid planteja crear grups de treball amb el COFM per analitzar les necessitats econ\u00f2miques de la Farm\u00e0cia"}]},{"@type":"WebSite","@id":"https:\/\/www.cofb.org\/#website","url":"https:\/\/www.cofb.org\/","name":"Col\u00b7legi de Farmac\u00e8utics de Barcelona","description":"","publisher":{"@id":"https:\/\/www.cofb.org\/#organization"},"potentialAction":[{"@type":"SearchAction","target":{"@type":"EntryPoint","urlTemplate":"https:\/\/www.cofb.org\/?s={search_term_string}"},"query-input":"required name=search_term_string"}],"inLanguage":"es"},{"@type":"Organization","@id":"https:\/\/www.cofb.org\/#organization","name":"Col\u00b7legi de Farmac\u00e8utics de Barcelona","url":"https:\/\/www.cofb.org\/","logo":{"@type":"ImageObject","inLanguage":"es","@id":"https:\/\/www.cofb.org\/#\/schema\/logo\/image\/","url":"https:\/\/www.cofb.org\/wp-content\/uploads\/2023\/11\/cropped-Logotip-COFB.png","contentUrl":"https:\/\/www.cofb.org\/wp-content\/uploads\/2023\/11\/cropped-Logotip-COFB.png","width":500,"height":105,"caption":"Col\u00b7legi de Farmac\u00e8utics de Barcelona"},"image":{"@id":"https:\/\/www.cofb.org\/#\/schema\/logo\/image\/"},"sameAs":["https:\/\/www.facebook.com\/farmaceuticsbcn\/","https:\/\/twitter.com\/farmaceuticsbcn","https:\/\/www.instagram.com\/farmaceuticsbcn\/","https:\/\/www.linkedin.com\/company\/farmaceuticsbcn\/"]},{"@type":"Person","@id":"https:\/\/www.cofb.org\/#\/schema\/person\/22ed7eea88da74b0fa4d3154ad87ffcb","name":"wpAdminCofbOrg","image":{"@type":"ImageObject","inLanguage":"es","@id":"https:\/\/www.cofb.org\/#\/schema\/person\/image\/","url":"https:\/\/secure.gravatar.com\/avatar\/1721b20b3b8ca882c3b56ec6c978c594fff670e40c0718e9190eaeeb76aae7d8?s=96&d=mm&r=g","contentUrl":"https:\/\/secure.gravatar.com\/avatar\/1721b20b3b8ca882c3b56ec6c978c594fff670e40c0718e9190eaeeb76aae7d8?s=96&d=mm&r=g","caption":"wpAdminCofbOrg"},"sameAs":["http:\/\/192.168.64.122\/wordpress"],"url":"https:\/\/www.cofb.org\/es\/author\/wpadmincofborg\/"}]}},"uagb_featured_image_src":{"full":false,"thumbnail":false,"medium":false,"medium_large":false,"large":false,"1536x1536":false,"2048x2048":false,"trp-custom-language-flag":false},"uagb_author_info":{"display_name":"wpAdminCofbOrg","author_link":"https:\/\/www.cofb.org\/es\/author\/wpadmincofborg\/"},"uagb_comment_info":0,"uagb_excerpt":"\u00a0 Enrique Ruiz Escudero inaugura Infarma Madrid 2018 i destaca que \u201c\u00e9s la cita professional m\u00e9s important del calendari\u201d Sergio Scariolo imparteix la confer\u00e8ncia inaugural del Congr\u00e9s i ressalta els valors del lideratge, aix\u00ed com la const\u00e0ncia i preparaci\u00f3 com a bases de l&#8217;\u00e8xit El conseller de Sanitat de la [&hellip;]","_links":{"self":[{"href":"https:\/\/www.cofb.org\/es\/wp-json\/wp\/v2\/posts\/77280","targetHints":{"allow":["GET"]}}],"collection":[{"href":"https:\/\/www.cofb.org\/es\/wp-json\/wp\/v2\/posts"}],"about":[{"href":"https:\/\/www.cofb.org\/es\/wp-json\/wp\/v2\/types\/post"}],"author":[{"embeddable":true,"href":"https:\/\/www.cofb.org\/es\/wp-json\/wp\/v2\/users\/1"}],"replies":[{"embeddable":true,"href":"https:\/\/www.cofb.org\/es\/wp-json\/wp\/v2\/comments?post=77280"}],"version-history":[{"count":0,"href":"https:\/\/www.cofb.org\/es\/wp-json\/wp\/v2\/posts\/77280\/revisions"}],"wp:attachment":[{"href":"https:\/\/www.cofb.org\/es\/wp-json\/wp\/v2\/media?parent=77280"}],"wp:term":[{"taxonomy":"category","embeddable":true,"href":"https:\/\/www.cofb.org\/es\/wp-json\/wp\/v2\/categories?post=77280"},{"taxonomy":"post_tag","embeddable":true,"href":"https:\/\/www.cofb.org\/es\/wp-json\/wp\/v2\/tags?post=77280"}],"curies":[{"name":"wp","href":"https:\/\/api.w.org\/{rel}","templated":true}]}}