{"id":77279,"date":"2018-03-14T13:07:00","date_gmt":"2018-03-14T13:07:00","guid":{"rendered":"https:\/\/novaorg.cofb.net\/2018\/03\/14\/julio-sanchez-fierro-la-recertificacio-competencial-afavorira-la-qualitat-dels-serveis-i-la-seguretat-dels-pacients-i-professionals\/"},"modified":"2018-03-14T13:07:00","modified_gmt":"2018-03-14T13:07:00","slug":"julio-sanchez-fierro-la-recertificacio-competencial-afavorira-la-qualitat-dels-serveis-i-la-seguretat-dels-pacients-i-professionals","status":"publish","type":"post","link":"https:\/\/www.cofb.org\/es\/2018\/03\/14\/julio-sanchez-fierro-la-recertificacio-competencial-afavorira-la-qualitat-dels-serveis-i-la-seguretat-dels-pacients-i-professionals\/","title":{"rendered":"Julio S\u00e1nchez Fierro: La recertificaci\u00f3n competencial &quot;favorecer\u00e1 la calidad de los servicios y la seguridad de los pacientes y profesionales&quot;"},"content":{"rendered":"<p>\u00a0<\/p>\n<ul>\n<li><strong>El experto considera necesario disponer de \u201capoyo normativo\u201d para poder evaluar y acreditar peri\u00f3dicamente los conocimientos profesionales<\/strong><\/li>\n<\/ul>\n<p>El vicepresidente de la Asociaci\u00f3n Espa\u00f1ola de Derecho Sanitario, Julio S\u00e1nchez Fierro, destac\u00f3 ayer que &quot;la calidad asistencial, la seguridad de los pacientes y la motivaci\u00f3n de los profesionales son factores clave para el buen funcionamiento del sistema sanitario&quot;.<\/p>\n<p>Durante su intervenci\u00f3n en la mesa de debate de Infarma Madrid 2018 sobre &#039;Recertificaci\u00f3n competencial de los profesionales&#039; que fue presentada por la vicepresidenta, el experto abogado ha incidido en que \u201ces necesario evaluar peri\u00f3dicamente el nivel competencial de cada profesional y, en consecuencia, poder acreditarlo por razones de inter\u00e9s p\u00fablico\u201d, subray\u00f3.<\/p>\n<p>Presentado por N\u00faria Bosch Sagrera, vicepresidenta del Colegio Oficial de Farmac\u00e9uticos de Barcelona, Julio S\u00e1nchez Fierro abog\u00f3 tambi\u00e9n por conseguir que el ejercicio profesional farmac\u00e9utico se lleve a cabo dentro de unos est\u00e1ndares adecuados, \u201cun objetivo prioritario para el Sistema Nacional de Salud y un compromiso \u00e9tico y social de los profesionales con los pacientes\u201d.<\/p>\n<p>La evaluaci\u00f3n y la certificaci\u00f3n peri\u00f3dica (recertificaci\u00f3n) es un proceso que permitir\u00e1 a la profesi\u00f3n comprobar si los conocimientos, habilidades, destrezas y actitudes son los adecuados, teniendo en cuenta los cambios constantes y acelerados que se registran en el entorno sanitario.<\/p>\n<p>En su exposici\u00f3n, record\u00f3 que la Ley de Cohesi\u00f3n y Calidad del Sistema Nacional de Salud y la Ley de Ordenaci\u00f3n de las Profesiones Sanitarias (LOPS) apuestan por la formaci\u00f3n continua y el desarrollo profesional. \u201cSus mandatos sintonizan plenamente con la Directiva 2013\/55\/UE sobre calificaciones profesionales, que se refiere de forma espec\u00edfica a los farmac\u00e9uticos, junto a otras profesiones sanitarias\u201d, subray\u00f3.<\/p>\n<p>Asimismo apunt\u00f3 que los preceptos contenidos en estas leyes &quot;no han sido desarrollados reglamentariamente hasta ahora&quot;. Esta situaci\u00f3n ha generado, en su opini\u00f3n, un &quot;vac\u00edo&quot; que se ha ido cubriendo con iniciativas como las impulsadas por la Organizaci\u00f3n M\u00e9dica Colegial y determinadas Sociedades Cient\u00edficas M\u00e9dicas.<\/p>\n<p>&quot;Estas iniciativas, de evidente inter\u00e9s, no est\u00e1n dotadas del necesario apoyo normativo&quot;, advirti\u00f3. S\u00e1nchez Fierro avanz\u00f3 que el Consejo General de Colegios Oficiales de Farmac\u00e9uticos trabaja en la actualidad en un modelo de evaluaci\u00f3n y recertificaci\u00f3n, entre otras iniciativas impulsadas por distintos colegios de farmac\u00e9uticos que tienen su base en sus respectivos Estatutos.<\/p>\n<p>A juicio del especialista en derecho farmac\u00e9utico \u201ces necesario que las Administraciones Sanitarias den acogida y apoyo oficial a los procedimientos de evaluaci\u00f3n y recertificaci\u00f3n y que lo hicieran en sus respectivos \u00e1mbitos auton\u00f3micos en di\u00e1logo y colaboraci\u00f3n con Colegios y Sociedades Cient\u00edficas\u201d.<\/p>\n<p>Por \u00faltimo, para garantizar la compatibilidad de los diferentes procedimientos auton\u00f3micos de recertificaci\u00f3n, regular sus efectos y deslindar las funciones de los Colegios, Sociedades Cient\u00edficas y Consejos Generales y auton\u00f3micos, el experto considera conveniente \u201cla aprobaci\u00f3n de un Real Decreto y algunos acuerdos del Consejo Interterritorial para su implementaci\u00f3n\u201d.<\/p>\n<p>\u00a0El experto considera necesario disponer de \u201capoyo normativo\u201d para poder evaluar y acreditar peri\u00f3dicamente los conocimientos profesionales<\/p>\n<p>El vicepresidente de la Asociaci\u00f3n Espa\u00f1ola de Derecho Sanitario, Julio S\u00e1nchez Fierro, destac\u00f3 ayer que &quot;la calidad asistencial, la seguridad de los pacientes y la motivaci\u00f3n de los profesionales son factores clave para el buen funcionamiento del sistema sanitario&quot;.<\/p>\n<p>Durante su intervenci\u00f3n en la mesa de debate de Infarma Madrid 2018 sobre &#039;Recertificaci\u00f3n competencial de los profesionales&#039; que fue presentada por la vicepresidenta, el experto abogado ha incidido en que \u201ces necesario evaluar peri\u00f3dicamente el nivel competencial de cada profesional y, en consecuencia, poder acreditarlo por razones de inter\u00e9s p\u00fablico\u201d, subray\u00f3.<\/p>\n<p>Presentado por N\u00faria Bosch Sagrera, vicepresidenta del Colegio Oficial de Farmac\u00e9uticos de Barcelona, Julio S\u00e1nchez Fierro abog\u00f3 tambi\u00e9n por conseguir que el ejercicio profesional farmac\u00e9utico se lleve a cabo dentro de unos est\u00e1ndares adecuados, \u201cun objetivo prioritario para el Sistema Nacional de Salud y un compromiso \u00e9tico y social de los profesionales con los pacientes\u201d.<\/p>\n<p>La evaluaci\u00f3n y la certificaci\u00f3n peri\u00f3dica (recertificaci\u00f3n) es un proceso que permitir\u00e1 a la profesi\u00f3n comprobar si los conocimientos, habilidades, destrezas y actitudes son los adecuados, teniendo en cuenta los cambios constantes y acelerados que se registran en el entorno sanitario.<\/p>\n<p>En su exposici\u00f3n, record\u00f3 que la Ley de Cohesi\u00f3n y Calidad del Sistema Nacional de Salud y la Ley de Ordenaci\u00f3n de las Profesiones Sanitarias (LOPS) apuestan por la formaci\u00f3n continua y el desarrollo profesional. \u201cSus mandatos sintonizan plenamente con la Directiva 2013\/55\/UE sobre calificaciones profesionales, que se refiere de forma espec\u00edfica a los farmac\u00e9uticos, junto a otras profesiones sanitarias\u201d, subray\u00f3.<\/p>\n<p>Asimismo apunt\u00f3 que los preceptos contenidos en estas leyes &quot;no han sido desarrollados reglamentariamente hasta ahora&quot;. Esta situaci\u00f3n ha generado, en su opini\u00f3n, un &quot;vac\u00edo&quot; que se ha ido cubriendo con iniciativas como las impulsadas por la Organizaci\u00f3n M\u00e9dica Colegial y determinadas Sociedades Cient\u00edficas M\u00e9dicas.<\/p>\n<p>&quot;Estas iniciativas, de evidente inter\u00e9s, no est\u00e1n dotadas del necesario apoyo normativo&quot;, advirti\u00f3. S\u00e1nchez Fierro avanz\u00f3 que el Consejo General de Colegios Oficiales de Farmac\u00e9uticos trabaja en la actualidad en un modelo de evaluaci\u00f3n y recertificaci\u00f3n, entre otras iniciativas impulsadas por distintos colegios de farmac\u00e9uticos que tienen su base en sus respectivos Estatutos.<\/p>\n<p>A juicio del especialista en derecho farmac\u00e9utico \u201ces necesario que las Administraciones Sanitarias den acogida y apoyo oficial a los procedimientos de evaluaci\u00f3n y recertificaci\u00f3n y que lo hicieran en sus respectivos \u00e1mbitos auton\u00f3micos en di\u00e1logo y colaboraci\u00f3n con Colegios y Sociedades Cient\u00edficas\u201d.<\/p>\n<p>Por \u00faltimo, para garantizar la compatibilidad de los diferentes procedimientos auton\u00f3micos de recertificaci\u00f3n, regular sus efectos y deslindar las funciones de los Colegios, Sociedades Cient\u00edficas y Consejos Generales y auton\u00f3micos, el experto considera conveniente \u201cla aprobaci\u00f3n de un Real Decreto y algunos acuerdos del Consejo Interterritorial para su implementaci\u00f3n\u201d.  COFB.ORG<\/p>","protected":false},"excerpt":{"rendered":"<p>\u00a0 El experto considera necesario disponer de \u201capoyo normativo\u201d para poder evaluar y acreditar peri\u00f3dicamente los conocimientos profesionales El vicepresidente de la Asociaci\u00f3n Espa\u00f1ola de Derecho Sanitario, Julio S\u00e1nchez Fierro, destac\u00f3 ayer que \u201cla calidad asistencial, la seguridad de los pacientes y la motivaci\u00f3n de los profesionales son factores clave para el buen [\u2026]<\/p>","protected":false},"author":1,"featured_media":0,"comment_status":"","ping_status":"","sticky":false,"template":"","format":"standard","meta":{"_uag_custom_page_level_css":"","site-sidebar-layout":"default","site-content-layout":"","ast-site-content-layout":"default","site-content-style":"default","site-sidebar-style":"default","ast-global-header-display":"","ast-banner-title-visibility":"","ast-main-header-display":"","ast-hfb-above-header-display":"","ast-hfb-below-header-display":"","ast-hfb-mobile-header-display":"","site-post-title":"","ast-breadcrumbs-content":"","ast-featured-img":"disabled","footer-sml-layout":"","theme-transparent-header-meta":"","adv-header-id-meta":"","stick-header-meta":"","header-above-stick-meta":"","header-main-stick-meta":"","header-below-stick-meta":"","astra-migrate-meta-layouts":"default","ast-page-background-enabled":"default","ast-page-background-meta":{"desktop":{"background-color":"var(--ast-global-color-4)","background-image":"","background-repeat":"repeat","background-position":"center center","background-size":"auto","background-attachment":"scroll","background-type":"","background-media":"","overlay-type":"","overlay-color":"","overlay-opacity":"","overlay-gradient":""},"tablet":{"background-color":"","background-image":"","background-repeat":"repeat","background-position":"center center","background-size":"auto","background-attachment":"scroll","background-type":"","background-media":"","overlay-type":"","overlay-color":"","overlay-opacity":"","overlay-gradient":""},"mobile":{"background-color":"","background-image":"","background-repeat":"repeat","background-position":"center center","background-size":"auto","background-attachment":"scroll","background-type":"","background-media":"","overlay-type":"","overlay-color":"","overlay-opacity":"","overlay-gradient":""}},"ast-content-background-meta":{"desktop":{"background-color":"var(--ast-global-color-5)","background-image":"","background-repeat":"repeat","background-position":"center center","background-size":"auto","background-attachment":"scroll","background-type":"","background-media":"","overlay-type":"","overlay-color":"","overlay-opacity":"","overlay-gradient":""},"tablet":{"background-color":"var(--ast-global-color-5)","background-image":"","background-repeat":"repeat","background-position":"center center","background-size":"auto","background-attachment":"scroll","background-type":"","background-media":"","overlay-type":"","overlay-color":"","overlay-opacity":"","overlay-gradient":""},"mobile":{"background-color":"var(--ast-global-color-5)","background-image":"","background-repeat":"repeat","background-position":"center center","background-size":"auto","background-attachment":"scroll","background-type":"","background-media":"","overlay-type":"","overlay-color":"","overlay-opacity":"","overlay-gradient":""}},"footnotes":""},"categories":[1060,1066],"tags":[],"class_list":["post-77279","post","type-post","status-publish","format-standard","hentry","category-notes-premsa","category-sense-categoria-ca"],"yoast_head":"<!-- This site is optimized with the Yoast SEO plugin v22.4 - https:\/\/yoast.com\/wordpress\/plugins\/seo\/ -->\n<title>Julio S\u00e1nchez Fierro: La recertificaci\u00f3 competencial &quot;afavorir\u00e0 la qualitat dels serveis i la seguretat dels pacients i professionals&quot; - Col\u00b7legi de Farmac\u00e8utics de Barcelona<\/title>\n<meta name=\"robots\" content=\"index, follow, max-snippet:-1, max-image-preview:large, max-video-preview:-1\" \/>\n<link rel=\"canonical\" href=\"https:\/\/novaorg.cofb.net\/2018\/03\/14\/julio-sanchez-fierro-la-recertificacio-competencial-afavorira-la-qualitat-dels-serveis-i-la-seguretat-dels-pacients-i-professionals\/\" \/>\n<meta property=\"og:locale\" content=\"es_ES\" \/>\n<meta property=\"og:type\" content=\"article\" \/>\n<meta property=\"og:title\" content=\"Julio S\u00e1nchez Fierro: La recertificaci\u00f3 competencial &quot;afavorir\u00e0 la qualitat dels serveis i la seguretat dels pacients i professionals&quot; - Col\u00b7legi de Farmac\u00e8utics de Barcelona\" \/>\n<meta property=\"og:description\" content=\"\u00a0 L&#8217;expert considera necessari disposar de \u201crecolzament normatiu\u201d per poder avaluar i acreditar peri\u00f2dicament els coneixements professionals El vicepresident de l&#8217;Associaci\u00f3 Espanyola de Dret Sanitari, Julio S\u00e1nchez Fierro, va destacar ahir que \u201cla qualitat assistencial, la seguretat dels pacients i la motivaci\u00f3 dels professionals s\u00f3n factors clau per al bon [&hellip;]\" \/>\n<meta property=\"og:url\" content=\"https:\/\/novaorg.cofb.net\/2018\/03\/14\/julio-sanchez-fierro-la-recertificacio-competencial-afavorira-la-qualitat-dels-serveis-i-la-seguretat-dels-pacients-i-professionals\/\" \/>\n<meta property=\"og:site_name\" content=\"Col\u00b7legi de Farmac\u00e8utics de Barcelona\" \/>\n<meta property=\"article:publisher\" content=\"https:\/\/www.facebook.com\/farmaceuticsbcn\/\" \/>\n<meta property=\"article:published_time\" content=\"2018-03-14T13:07:00+00:00\" \/>\n<meta name=\"author\" content=\"wpAdminCofbOrg\" \/>\n<meta name=\"twitter:card\" content=\"summary_large_image\" \/>\n<meta name=\"twitter:creator\" content=\"@farmaceuticsbcn\" \/>\n<meta name=\"twitter:site\" content=\"@farmaceuticsbcn\" \/>\n<meta name=\"twitter:label1\" content=\"Escrito por\" \/>\n\t<meta name=\"twitter:data1\" content=\"wpAdminCofbOrg\" \/>\n\t<meta name=\"twitter:label2\" content=\"Tiempo de lectura\" \/>\n\t<meta name=\"twitter:data2\" content=\"5 minutos\" \/>\n<script type=\"application\/ld+json\" class=\"yoast-schema-graph\">{\"@context\":\"https:\/\/schema.org\",\"@graph\":[{\"@type\":\"Article\",\"@id\":\"https:\/\/novaorg.cofb.net\/2018\/03\/14\/julio-sanchez-fierro-la-recertificacio-competencial-afavorira-la-qualitat-dels-serveis-i-la-seguretat-dels-pacients-i-professionals\/#article\",\"isPartOf\":{\"@id\":\"https:\/\/novaorg.cofb.net\/2018\/03\/14\/julio-sanchez-fierro-la-recertificacio-competencial-afavorira-la-qualitat-dels-serveis-i-la-seguretat-dels-pacients-i-professionals\/\"},\"author\":{\"name\":\"wpAdminCofbOrg\",\"@id\":\"https:\/\/www.cofb.org\/#\/schema\/person\/22ed7eea88da74b0fa4d3154ad87ffcb\"},\"headline\":\"Julio S\u00e1nchez Fierro: La recertificaci\u00f3 competencial &#8220;afavorir\u00e0 la qualitat dels serveis i la seguretat dels pacients i professionals&#8221;\",\"datePublished\":\"2018-03-14T13:07:00+00:00\",\"dateModified\":\"2018-03-14T13:07:00+00:00\",\"mainEntityOfPage\":{\"@id\":\"https:\/\/novaorg.cofb.net\/2018\/03\/14\/julio-sanchez-fierro-la-recertificacio-competencial-afavorira-la-qualitat-dels-serveis-i-la-seguretat-dels-pacients-i-professionals\/\"},\"wordCount\":1045,\"publisher\":{\"@id\":\"https:\/\/www.cofb.org\/#organization\"},\"articleSection\":[\"Notes de premsa\",\"Sense categoria\"],\"inLanguage\":\"es\"},{\"@type\":\"WebPage\",\"@id\":\"https:\/\/novaorg.cofb.net\/2018\/03\/14\/julio-sanchez-fierro-la-recertificacio-competencial-afavorira-la-qualitat-dels-serveis-i-la-seguretat-dels-pacients-i-professionals\/\",\"url\":\"https:\/\/novaorg.cofb.net\/2018\/03\/14\/julio-sanchez-fierro-la-recertificacio-competencial-afavorira-la-qualitat-dels-serveis-i-la-seguretat-dels-pacients-i-professionals\/\",\"name\":\"Julio S\u00e1nchez Fierro: La recertificaci\u00f3 competencial \\\"afavorir\u00e0 la qualitat dels serveis i la seguretat dels pacients i professionals\\\" - Col\u00b7legi de Farmac\u00e8utics de Barcelona\",\"isPartOf\":{\"@id\":\"https:\/\/www.cofb.org\/#website\"},\"datePublished\":\"2018-03-14T13:07:00+00:00\",\"dateModified\":\"2018-03-14T13:07:00+00:00\",\"breadcrumb\":{\"@id\":\"https:\/\/novaorg.cofb.net\/2018\/03\/14\/julio-sanchez-fierro-la-recertificacio-competencial-afavorira-la-qualitat-dels-serveis-i-la-seguretat-dels-pacients-i-professionals\/#breadcrumb\"},\"inLanguage\":\"es\",\"potentialAction\":[{\"@type\":\"ReadAction\",\"target\":[\"https:\/\/novaorg.cofb.net\/2018\/03\/14\/julio-sanchez-fierro-la-recertificacio-competencial-afavorira-la-qualitat-dels-serveis-i-la-seguretat-dels-pacients-i-professionals\/\"]}]},{\"@type\":\"BreadcrumbList\",\"@id\":\"https:\/\/novaorg.cofb.net\/2018\/03\/14\/julio-sanchez-fierro-la-recertificacio-competencial-afavorira-la-qualitat-dels-serveis-i-la-seguretat-dels-pacients-i-professionals\/#breadcrumb\",\"itemListElement\":[{\"@type\":\"ListItem\",\"position\":1,\"name\":\"Inici\",\"item\":\"https:\/\/novaorg.cofb.net\/\"},{\"@type\":\"ListItem\",\"position\":2,\"name\":\"Julio S\u00e1nchez Fierro: La recertificaci\u00f3 competencial &#8220;afavorir\u00e0 la qualitat dels serveis i la seguretat dels pacients i professionals&#8221;\"}]},{\"@type\":\"WebSite\",\"@id\":\"https:\/\/www.cofb.org\/#website\",\"url\":\"https:\/\/www.cofb.org\/\",\"name\":\"Col\u00b7legi de Farmac\u00e8utics de Barcelona\",\"description\":\"\",\"publisher\":{\"@id\":\"https:\/\/www.cofb.org\/#organization\"},\"potentialAction\":[{\"@type\":\"SearchAction\",\"target\":{\"@type\":\"EntryPoint\",\"urlTemplate\":\"https:\/\/www.cofb.org\/?s={search_term_string}\"},\"query-input\":\"required name=search_term_string\"}],\"inLanguage\":\"es\"},{\"@type\":\"Organization\",\"@id\":\"https:\/\/www.cofb.org\/#organization\",\"name\":\"Col\u00b7legi de Farmac\u00e8utics de Barcelona\",\"url\":\"https:\/\/www.cofb.org\/\",\"logo\":{\"@type\":\"ImageObject\",\"inLanguage\":\"es\",\"@id\":\"https:\/\/www.cofb.org\/#\/schema\/logo\/image\/\",\"url\":\"https:\/\/www.cofb.org\/wp-content\/uploads\/2023\/11\/cropped-Logotip-COFB.png\",\"contentUrl\":\"https:\/\/www.cofb.org\/wp-content\/uploads\/2023\/11\/cropped-Logotip-COFB.png\",\"width\":500,\"height\":105,\"caption\":\"Col\u00b7legi de Farmac\u00e8utics de Barcelona\"},\"image\":{\"@id\":\"https:\/\/www.cofb.org\/#\/schema\/logo\/image\/\"},\"sameAs\":[\"https:\/\/www.facebook.com\/farmaceuticsbcn\/\",\"https:\/\/twitter.com\/farmaceuticsbcn\",\"https:\/\/www.instagram.com\/farmaceuticsbcn\/\",\"https:\/\/www.linkedin.com\/company\/farmaceuticsbcn\/\"]},{\"@type\":\"Person\",\"@id\":\"https:\/\/www.cofb.org\/#\/schema\/person\/22ed7eea88da74b0fa4d3154ad87ffcb\",\"name\":\"wpAdminCofbOrg\",\"image\":{\"@type\":\"ImageObject\",\"inLanguage\":\"es\",\"@id\":\"https:\/\/www.cofb.org\/#\/schema\/person\/image\/\",\"url\":\"https:\/\/secure.gravatar.com\/avatar\/1721b20b3b8ca882c3b56ec6c978c594fff670e40c0718e9190eaeeb76aae7d8?s=96&d=mm&r=g\",\"contentUrl\":\"https:\/\/secure.gravatar.com\/avatar\/1721b20b3b8ca882c3b56ec6c978c594fff670e40c0718e9190eaeeb76aae7d8?s=96&d=mm&r=g\",\"caption\":\"wpAdminCofbOrg\"},\"sameAs\":[\"http:\/\/192.168.64.122\/wordpress\"],\"url\":\"https:\/\/www.cofb.org\/es\/author\/wpadmincofborg\/\"}]}<\/script>\n<!-- \/ Yoast SEO plugin. -->","yoast_head_json":{"title":"Julio S\u00e1nchez Fierro: La recertificaci\u00f3 competencial \"afavorir\u00e0 la qualitat dels serveis i la seguretat dels pacients i professionals\" - Col\u00b7legi de Farmac\u00e8utics de Barcelona","robots":{"index":"index","follow":"follow","max-snippet":"max-snippet:-1","max-image-preview":"max-image-preview:large","max-video-preview":"max-video-preview:-1"},"canonical":"https:\/\/novaorg.cofb.net\/2018\/03\/14\/julio-sanchez-fierro-la-recertificacio-competencial-afavorira-la-qualitat-dels-serveis-i-la-seguretat-dels-pacients-i-professionals\/","og_locale":"es_ES","og_type":"article","og_title":"Julio S\u00e1nchez Fierro: La recertificaci\u00f3 competencial \"afavorir\u00e0 la qualitat dels serveis i la seguretat dels pacients i professionals\" - Col\u00b7legi de Farmac\u00e8utics de Barcelona","og_description":"\u00a0 L&#8217;expert considera necessari disposar de \u201crecolzament normatiu\u201d per poder avaluar i acreditar peri\u00f2dicament els coneixements professionals El vicepresident de l&#8217;Associaci\u00f3 Espanyola de Dret Sanitari, Julio S\u00e1nchez Fierro, va destacar ahir que \u201cla qualitat assistencial, la seguretat dels pacients i la motivaci\u00f3 dels professionals s\u00f3n factors clau per al bon [&hellip;]","og_url":"https:\/\/novaorg.cofb.net\/2018\/03\/14\/julio-sanchez-fierro-la-recertificacio-competencial-afavorira-la-qualitat-dels-serveis-i-la-seguretat-dels-pacients-i-professionals\/","og_site_name":"Col\u00b7legi de Farmac\u00e8utics de Barcelona","article_publisher":"https:\/\/www.facebook.com\/farmaceuticsbcn\/","article_published_time":"2018-03-14T13:07:00+00:00","author":"wpAdminCofbOrg","twitter_card":"summary_large_image","twitter_creator":"@farmaceuticsbcn","twitter_site":"@farmaceuticsbcn","twitter_misc":{"Escrito por":"wpAdminCofbOrg","Tiempo de lectura":"5 minutos"},"schema":{"@context":"https:\/\/schema.org","@graph":[{"@type":"Article","@id":"https:\/\/novaorg.cofb.net\/2018\/03\/14\/julio-sanchez-fierro-la-recertificacio-competencial-afavorira-la-qualitat-dels-serveis-i-la-seguretat-dels-pacients-i-professionals\/#article","isPartOf":{"@id":"https:\/\/novaorg.cofb.net\/2018\/03\/14\/julio-sanchez-fierro-la-recertificacio-competencial-afavorira-la-qualitat-dels-serveis-i-la-seguretat-dels-pacients-i-professionals\/"},"author":{"name":"wpAdminCofbOrg","@id":"https:\/\/www.cofb.org\/#\/schema\/person\/22ed7eea88da74b0fa4d3154ad87ffcb"},"headline":"Julio S\u00e1nchez Fierro: La recertificaci\u00f3 competencial &#8220;afavorir\u00e0 la qualitat dels serveis i la seguretat dels pacients i professionals&#8221;","datePublished":"2018-03-14T13:07:00+00:00","dateModified":"2018-03-14T13:07:00+00:00","mainEntityOfPage":{"@id":"https:\/\/novaorg.cofb.net\/2018\/03\/14\/julio-sanchez-fierro-la-recertificacio-competencial-afavorira-la-qualitat-dels-serveis-i-la-seguretat-dels-pacients-i-professionals\/"},"wordCount":1045,"publisher":{"@id":"https:\/\/www.cofb.org\/#organization"},"articleSection":["Notes de premsa","Sense categoria"],"inLanguage":"es"},{"@type":"WebPage","@id":"https:\/\/novaorg.cofb.net\/2018\/03\/14\/julio-sanchez-fierro-la-recertificacio-competencial-afavorira-la-qualitat-dels-serveis-i-la-seguretat-dels-pacients-i-professionals\/","url":"https:\/\/novaorg.cofb.net\/2018\/03\/14\/julio-sanchez-fierro-la-recertificacio-competencial-afavorira-la-qualitat-dels-serveis-i-la-seguretat-dels-pacients-i-professionals\/","name":"Julio S\u00e1nchez Fierro: La recertificaci\u00f3 competencial \"afavorir\u00e0 la qualitat dels serveis i la seguretat dels pacients i professionals\" - Col\u00b7legi de Farmac\u00e8utics de Barcelona","isPartOf":{"@id":"https:\/\/www.cofb.org\/#website"},"datePublished":"2018-03-14T13:07:00+00:00","dateModified":"2018-03-14T13:07:00+00:00","breadcrumb":{"@id":"https:\/\/novaorg.cofb.net\/2018\/03\/14\/julio-sanchez-fierro-la-recertificacio-competencial-afavorira-la-qualitat-dels-serveis-i-la-seguretat-dels-pacients-i-professionals\/#breadcrumb"},"inLanguage":"es","potentialAction":[{"@type":"ReadAction","target":["https:\/\/novaorg.cofb.net\/2018\/03\/14\/julio-sanchez-fierro-la-recertificacio-competencial-afavorira-la-qualitat-dels-serveis-i-la-seguretat-dels-pacients-i-professionals\/"]}]},{"@type":"BreadcrumbList","@id":"https:\/\/novaorg.cofb.net\/2018\/03\/14\/julio-sanchez-fierro-la-recertificacio-competencial-afavorira-la-qualitat-dels-serveis-i-la-seguretat-dels-pacients-i-professionals\/#breadcrumb","itemListElement":[{"@type":"ListItem","position":1,"name":"Inici","item":"https:\/\/novaorg.cofb.net\/"},{"@type":"ListItem","position":2,"name":"Julio S\u00e1nchez Fierro: La recertificaci\u00f3 competencial &#8220;afavorir\u00e0 la qualitat dels serveis i la seguretat dels pacients i professionals&#8221;"}]},{"@type":"WebSite","@id":"https:\/\/www.cofb.org\/#website","url":"https:\/\/www.cofb.org\/","name":"Col\u00b7legi de Farmac\u00e8utics de Barcelona","description":"","publisher":{"@id":"https:\/\/www.cofb.org\/#organization"},"potentialAction":[{"@type":"SearchAction","target":{"@type":"EntryPoint","urlTemplate":"https:\/\/www.cofb.org\/?s={search_term_string}"},"query-input":"required name=search_term_string"}],"inLanguage":"es"},{"@type":"Organization","@id":"https:\/\/www.cofb.org\/#organization","name":"Col\u00b7legi de Farmac\u00e8utics de Barcelona","url":"https:\/\/www.cofb.org\/","logo":{"@type":"ImageObject","inLanguage":"es","@id":"https:\/\/www.cofb.org\/#\/schema\/logo\/image\/","url":"https:\/\/www.cofb.org\/wp-content\/uploads\/2023\/11\/cropped-Logotip-COFB.png","contentUrl":"https:\/\/www.cofb.org\/wp-content\/uploads\/2023\/11\/cropped-Logotip-COFB.png","width":500,"height":105,"caption":"Col\u00b7legi de Farmac\u00e8utics de Barcelona"},"image":{"@id":"https:\/\/www.cofb.org\/#\/schema\/logo\/image\/"},"sameAs":["https:\/\/www.facebook.com\/farmaceuticsbcn\/","https:\/\/twitter.com\/farmaceuticsbcn","https:\/\/www.instagram.com\/farmaceuticsbcn\/","https:\/\/www.linkedin.com\/company\/farmaceuticsbcn\/"]},{"@type":"Person","@id":"https:\/\/www.cofb.org\/#\/schema\/person\/22ed7eea88da74b0fa4d3154ad87ffcb","name":"wpAdminCofbOrg","image":{"@type":"ImageObject","inLanguage":"es","@id":"https:\/\/www.cofb.org\/#\/schema\/person\/image\/","url":"https:\/\/secure.gravatar.com\/avatar\/1721b20b3b8ca882c3b56ec6c978c594fff670e40c0718e9190eaeeb76aae7d8?s=96&d=mm&r=g","contentUrl":"https:\/\/secure.gravatar.com\/avatar\/1721b20b3b8ca882c3b56ec6c978c594fff670e40c0718e9190eaeeb76aae7d8?s=96&d=mm&r=g","caption":"wpAdminCofbOrg"},"sameAs":["http:\/\/192.168.64.122\/wordpress"],"url":"https:\/\/www.cofb.org\/es\/author\/wpadmincofborg\/"}]}},"uagb_featured_image_src":{"full":false,"thumbnail":false,"medium":false,"medium_large":false,"large":false,"1536x1536":false,"2048x2048":false,"trp-custom-language-flag":false},"uagb_author_info":{"display_name":"wpAdminCofbOrg","author_link":"https:\/\/www.cofb.org\/es\/author\/wpadmincofborg\/"},"uagb_comment_info":0,"uagb_excerpt":"\u00a0 L&#8217;expert considera necessari disposar de \u201crecolzament normatiu\u201d per poder avaluar i acreditar peri\u00f2dicament els coneixements professionals El vicepresident de l&#8217;Associaci\u00f3 Espanyola de Dret Sanitari, Julio S\u00e1nchez Fierro, va destacar ahir que \u201cla qualitat assistencial, la seguretat dels pacients i la motivaci\u00f3 dels professionals s\u00f3n factors clau per al bon [&hellip;]","_links":{"self":[{"href":"https:\/\/www.cofb.org\/es\/wp-json\/wp\/v2\/posts\/77279","targetHints":{"allow":["GET"]}}],"collection":[{"href":"https:\/\/www.cofb.org\/es\/wp-json\/wp\/v2\/posts"}],"about":[{"href":"https:\/\/www.cofb.org\/es\/wp-json\/wp\/v2\/types\/post"}],"author":[{"embeddable":true,"href":"https:\/\/www.cofb.org\/es\/wp-json\/wp\/v2\/users\/1"}],"replies":[{"embeddable":true,"href":"https:\/\/www.cofb.org\/es\/wp-json\/wp\/v2\/comments?post=77279"}],"version-history":[{"count":0,"href":"https:\/\/www.cofb.org\/es\/wp-json\/wp\/v2\/posts\/77279\/revisions"}],"wp:attachment":[{"href":"https:\/\/www.cofb.org\/es\/wp-json\/wp\/v2\/media?parent=77279"}],"wp:term":[{"taxonomy":"category","embeddable":true,"href":"https:\/\/www.cofb.org\/es\/wp-json\/wp\/v2\/categories?post=77279"},{"taxonomy":"post_tag","embeddable":true,"href":"https:\/\/www.cofb.org\/es\/wp-json\/wp\/v2\/tags?post=77279"}],"curies":[{"name":"wp","href":"https:\/\/api.w.org\/{rel}","templated":true}]}}