{"id":77277,"date":"2018-03-15T10:32:00","date_gmt":"2018-03-15T10:32:00","guid":{"rendered":"https:\/\/novaorg.cofb.net\/2018\/03\/15\/infarma-madrid-2018-registra-un-nou-record-de-participacio\/"},"modified":"2018-03-15T10:32:00","modified_gmt":"2018-03-15T10:32:00","slug":"infarma-madrid-2018-registra-un-nou-record-de-participacio","status":"publish","type":"post","link":"https:\/\/www.cofb.org\/es\/2018\/03\/15\/infarma-madrid-2018-registra-un-nou-record-de-participacio\/","title":{"rendered":"Infarma Madrid 2018 registra un nuevo r\u00e9cord de participaci\u00f3n"},"content":{"rendered":"<p>\u00a0<\/p>\n<ul>\n<li><strong>El Congreso y Sal\u00f3n farmac\u00e9utico re\u00fane a 33.850 visitantes profesionales, 3.450 congresistas y 387 empresas del sector en el recinto ferial de Ifema<\/strong><\/li>\n<\/ul>\n<p>Durante tres d\u00edas, la farmacia, sus profesionales y los pacientes han sido los protagonistas de Infarma Madrid 2018, un Congreso y Sal\u00f3n que se ha convertido en el foro farmac\u00e9utico de referencia del sector en Espa\u00f1a.<\/p>\n<p>M\u00e1s de 150 horas de an\u00e1lisis y debate sobre los retos a los que se enfrenta la farmacia para responder a las necesidades de una poblaci\u00f3n m\u00e1s envejecida y cr\u00f3nica; casi 400 empresas presentes y cerca de 1.000 marcas expuestas a lo largo de tres pabellones feriales de Ifema que han reunido a 33.850 visitantes profesionales, de los que 3.450 son congresistas. Se trata de un 20 por ciento m\u00e1s de visitantes y congresistas que en la edici\u00f3n celebrada en 2016.<\/p>\n<p>Infarma Madrid 2018 ha logrado adem\u00e1s un nuevo r\u00e9cord de espacio ferial al contratar 35.000 metros cuadrados, as\u00ed como de expositores, con 387 empresas y laboratorios presentes.<\/p>\n<p>Durante el acto de clausura, el viceconsejero de Sanidad de la Comunidad de Madrid y director general de Sermas, Manuel Molina, ha destacado Infarma como la cita de referencia nacional e internacional y el punto de encuentro para todos los farmac\u00e9uticos. Molina ha defendido que la prestaci\u00f3n farmac\u00e9utica &quot;es estrat\u00e9gica por su proximidad y accesibilidad&quot; para toda la poblaci\u00f3n. Tambi\u00e9n ha reconocido el papel asistencial de la farmacia a trav\u00e9s de la firma de los diferentes acuerdos y convenios con el Colegio y ha confiado en que la futura ley de farmacia de la regi\u00f3n fortalezca el papel asistencial de la farmacia y la figura del farmac\u00e9utico como agente de salud, as\u00ed como permita eliminar las farmacias en situaci\u00f3n de viabilidad econ\u00f3mica comprometida con el fin de que no tengan que depender del apoyo de la Administraci\u00f3n.<\/p>\n<p>Por su parte, el presidente del Colegio Oficial de Farmac\u00e9uticos de Madrid, Luis Gonz\u00e1lez, ha resaltado la gran participaci\u00f3n registrada por Infarma, \u201cuna excelente se\u00f1al de que este sector de la Farmacia invierte, est\u00e1 al d\u00eda y preparado para competir , y aspira a seguir creciendo\u201d, ha se\u00f1alado.<\/p>\n<p>M\u00e1s all\u00e1 de las cifras, para Luis Gonz\u00e1lez ha quedado acreditado que &quot;la farmacia vive pegada a las necesidades de los ciudadanos&quot;. &quot;Sabemos cu\u00e1les son los problemas de una poblaci\u00f3n envejecida, dependiendo y con enfermedades cr\u00f3nicas, y estamos pidiendo espacio para plantear soluciones reales y efectivas en colaboraci\u00f3n con la Administraci\u00f3n, los ciudadanos y con el resto de profesionales sanitarios&quot;, ha apuntado . El presidente tambi\u00e9n ha subrayado el car\u00e1cter innovador de una cita que \u201cha sabido renovar el inter\u00e9s que despierta con nuevos escenarios como InfarmaInnova, Iniciativas de \u00c9xito o el Reto \u00c1gora, y nuevas actividades para seguir generando mayor valor a nuestros visitantes, congresistas y expositores\u201d.<\/p>\n<p>Luis Gonz\u00e1lez ha subrayado como uno de los grandes anuncios realizados en el Congreso la apertura de una mesa de trabajo conjunta con la Administraci\u00f3n, con la participaci\u00f3n de las conselleries de Hacienda y Sanidad adem\u00e1s del Colegio de Farmac\u00e9uticos, para analizar la viabilidad econ\u00f3mica de la farmacia y ha expresado su deseo de que la iniciativa sirva para que dentro de dos a\u00f1os no exista en la Comunidad de Madrid ninguna farmacia en situaci\u00f3n de viabilidad econ\u00f3mica comprometida.<\/p>\n<p>Especial menci\u00f3n ha hecho en Infarma Solidario, una iniciativa que ha logrado recaudar 45.000 euros para una iniciativa humanitaria desplegada por Farmamundi en apoyo de los refugiados de Sud\u00e1n del Sur, as\u00ed como a las empresas participantes en Infarma.<\/p>\n<p>La vicepresidenta del Colegio Oficial de Farmac\u00e9uticos de Barcelona, N\u00faria Bosch Sagrera, tambi\u00e9n ha hecho hincapi\u00e9 en el \u00e9xito de la presente edici\u00f3n y ha avanzado que la pr\u00f3xima edici\u00f3n de Infarma se celebrar\u00e1 en Barcelona entre el 12 y el 14 de marzo, con el doble reto de mejorar y hacer m\u00e1s sabio el Congreso y el Sal\u00f3n farmac\u00e9utico y una apuesta por los pacientes y el valor a\u00f1adido que la farmacia puede aportar.<\/p>\n<p><strong>*Nota: Por \u00faltimo, Infarma Barcelona 2019, se celebrar\u00e1 del 19 al 21 de marzo.\u00a0\u00a0<\/strong><\/p>\n<p>\u00a0El Congreso y Sal\u00f3n farmac\u00e9utico re\u00fane a 33.850 visitantes profesionales, 3.450 congresistas y 387 empresas del sector en el recinto ferial de Ifema<\/p>\n<p>Durante tres d\u00edas, la farmacia, sus profesionales y los pacientes han sido los protagonistas de Infarma Madrid 2018, un Congreso y Sal\u00f3n que se ha convertido en el foro farmac\u00e9utico de referencia del sector en Espa\u00f1a.<\/p>\n<p>M\u00e1s de 150 horas de an\u00e1lisis y debate sobre los retos a los que se enfrenta la farmacia para responder a las necesidades de una poblaci\u00f3n m\u00e1s envejecida y cr\u00f3nica; casi 400 empresas presentes y cerca de 1.000 marcas expuestas a lo largo de tres pabellones feriales de Ifema que han reunido a 33.850 visitantes profesionales, de los que 3.450 son congresistas. Se trata de un 20 por ciento m\u00e1s de visitantes y congresistas que en la edici\u00f3n celebrada en 2016.<\/p>\n<p>Infarma Madrid 2018 ha logrado adem\u00e1s un nuevo r\u00e9cord de espacio ferial al contratar 35.000 metros cuadrados, as\u00ed como de expositores, con 387 empresas y laboratorios presentes.<\/p>\n<p>Durante el acto de clausura, el viceconsejero de Sanidad de la Comunidad de Madrid y director general de Sermas, Manuel Molina, ha destacado Infarma como la cita de referencia nacional e internacional y el punto de encuentro para todos los farmac\u00e9uticos. Molina ha defendido que la prestaci\u00f3n farmac\u00e9utica &quot;es estrat\u00e9gica por su proximidad y accesibilidad&quot; para toda la poblaci\u00f3n. Tambi\u00e9n ha reconocido el papel asistencial de la farmacia a trav\u00e9s de la firma de los diferentes acuerdos y convenios con el Colegio y ha confiado en que la futura ley de farmacia de la regi\u00f3n fortalezca el papel asistencial de la farmacia y la figura del farmac\u00e9utico como agente de salud, as\u00ed como permita eliminar las farmacias en situaci\u00f3n de viabilidad econ\u00f3mica comprometida con el fin de que no tengan que depender del apoyo de la Administraci\u00f3n.<\/p>\n<p>Por su parte, el presidente del Colegio Oficial de Farmac\u00e9uticos de Madrid, Luis Gonz\u00e1lez, ha resaltado la gran participaci\u00f3n registrada por Infarma, \u201cuna excelente se\u00f1al de que este sector de la Farmacia invierte, est\u00e1 al d\u00eda y preparado para competir , y aspira a seguir creciendo\u201d, ha se\u00f1alado.<\/p>\n<p>M\u00e1s all\u00e1 de las cifras, para Luis Gonz\u00e1lez ha quedado acreditado que &quot;la farmacia vive pegada a las necesidades de los ciudadanos&quot;. &quot;Sabemos cu\u00e1les son los problemas de una poblaci\u00f3n envejecida, dependiendo y con enfermedades cr\u00f3nicas, y estamos pidiendo espacio para plantear soluciones reales y efectivas en colaboraci\u00f3n con la Administraci\u00f3n, los ciudadanos y con el resto de profesionales sanitarios&quot;, ha apuntado . El presidente tambi\u00e9n ha subrayado el car\u00e1cter innovador de una cita que \u201cha sabido renovar el inter\u00e9s que despierta con nuevos escenarios como InfarmaInnova, Iniciativas de \u00c9xito o el Reto \u00c1gora, y nuevas actividades para seguir generando mayor valor a nuestros visitantes, congresistas y expositores\u201d.<\/p>\n<p>Luis Gonz\u00e1lez ha subrayado como uno de los grandes anuncios realizados en el Congreso la apertura de una mesa de trabajo conjunta con la Administraci\u00f3n, con la participaci\u00f3n de las conselleries de Hacienda y Sanidad adem\u00e1s del Colegio de Farmac\u00e9uticos, para analizar la viabilidad econ\u00f3mica de la farmacia y ha expresado su deseo de que la iniciativa sirva para que dentro de dos a\u00f1os no exista en la Comunidad de Madrid ninguna farmacia en situaci\u00f3n de viabilidad econ\u00f3mica comprometida.<\/p>\n<p>Especial menci\u00f3n ha hecho en Infarma Solidario, una iniciativa que ha logrado recaudar 45.000 euros para una iniciativa humanitaria desplegada por Farmamundi en apoyo de los refugiados de Sud\u00e1n del Sur, as\u00ed como a las empresas participantes en Infarma.<\/p>\n<p>La vicepresidenta del Colegio Oficial de Farmac\u00e9uticos de Barcelona, N\u00faria Bosch Sagrera, tambi\u00e9n ha hecho hincapi\u00e9 en el \u00e9xito de la presente edici\u00f3n y ha avanzado que la pr\u00f3xima edici\u00f3n de Infarma se celebrar\u00e1 en Barcelona entre el 12 y el 14 de marzo, con el doble reto de mejorar y hacer m\u00e1s sabio el Congreso y el Sal\u00f3n farmac\u00e9utico y una apuesta por los pacientes y el valor a\u00f1adido que la farmacia puede aportar.<\/p>\n<p>*Nota: Por \u00faltimo, Infarma Barcelona 2019, se celebrar\u00e1 del 19 al 21 de marzo.    COFB.ORG<\/p>","protected":false},"excerpt":{"rendered":"<p>\u00a0 El Congreso y Sal\u00f3n farmac\u00e9utico re\u00fane a 33.850 visitantes profesionales, 3.450 congresistas y 387 empresas del sector en el recinto ferial de Ifema Durante tres d\u00edas, la farmacia, sus profesionales y los pacientes han sido los protagonistas de Infarma Madrid 2018, un Congreso y Sal\u00f3n que se ha convertido en el foro farmac\u00e9utico [\u2026]<\/p>","protected":false},"author":1,"featured_media":0,"comment_status":"","ping_status":"","sticky":false,"template":"","format":"standard","meta":{"_uag_custom_page_level_css":"","site-sidebar-layout":"default","site-content-layout":"","ast-site-content-layout":"default","site-content-style":"default","site-sidebar-style":"default","ast-global-header-display":"","ast-banner-title-visibility":"","ast-main-header-display":"","ast-hfb-above-header-display":"","ast-hfb-below-header-display":"","ast-hfb-mobile-header-display":"","site-post-title":"","ast-breadcrumbs-content":"","ast-featured-img":"disabled","footer-sml-layout":"","theme-transparent-header-meta":"","adv-header-id-meta":"","stick-header-meta":"","header-above-stick-meta":"","header-main-stick-meta":"","header-below-stick-meta":"","astra-migrate-meta-layouts":"default","ast-page-background-enabled":"default","ast-page-background-meta":{"desktop":{"background-color":"var(--ast-global-color-4)","background-image":"","background-repeat":"repeat","background-position":"center center","background-size":"auto","background-attachment":"scroll","background-type":"","background-media":"","overlay-type":"","overlay-color":"","overlay-opacity":"","overlay-gradient":""},"tablet":{"background-color":"","background-image":"","background-repeat":"repeat","background-position":"center center","background-size":"auto","background-attachment":"scroll","background-type":"","background-media":"","overlay-type":"","overlay-color":"","overlay-opacity":"","overlay-gradient":""},"mobile":{"background-color":"","background-image":"","background-repeat":"repeat","background-position":"center center","background-size":"auto","background-attachment":"scroll","background-type":"","background-media":"","overlay-type":"","overlay-color":"","overlay-opacity":"","overlay-gradient":""}},"ast-content-background-meta":{"desktop":{"background-color":"var(--ast-global-color-5)","background-image":"","background-repeat":"repeat","background-position":"center center","background-size":"auto","background-attachment":"scroll","background-type":"","background-media":"","overlay-type":"","overlay-color":"","overlay-opacity":"","overlay-gradient":""},"tablet":{"background-color":"var(--ast-global-color-5)","background-image":"","background-repeat":"repeat","background-position":"center center","background-size":"auto","background-attachment":"scroll","background-type":"","background-media":"","overlay-type":"","overlay-color":"","overlay-opacity":"","overlay-gradient":""},"mobile":{"background-color":"var(--ast-global-color-5)","background-image":"","background-repeat":"repeat","background-position":"center center","background-size":"auto","background-attachment":"scroll","background-type":"","background-media":"","overlay-type":"","overlay-color":"","overlay-opacity":"","overlay-gradient":""}},"footnotes":""},"categories":[1060,1066],"tags":[],"class_list":["post-77277","post","type-post","status-publish","format-standard","hentry","category-notes-premsa","category-sense-categoria-ca"],"yoast_head":"<!-- This site is optimized with the Yoast SEO plugin v22.4 - https:\/\/yoast.com\/wordpress\/plugins\/seo\/ -->\n<title>Infarma Madrid 2018 registra un nou r\u00e8cord de participaci\u00f3 - Col\u00b7legi de Farmac\u00e8utics de Barcelona<\/title>\n<meta name=\"robots\" content=\"index, follow, max-snippet:-1, max-image-preview:large, max-video-preview:-1\" \/>\n<link rel=\"canonical\" href=\"https:\/\/novaorg.cofb.net\/2018\/03\/15\/infarma-madrid-2018-registra-un-nou-record-de-participacio\/\" \/>\n<meta property=\"og:locale\" content=\"es_ES\" \/>\n<meta property=\"og:type\" content=\"article\" \/>\n<meta property=\"og:title\" content=\"Infarma Madrid 2018 registra un nou r\u00e8cord de participaci\u00f3 - Col\u00b7legi de Farmac\u00e8utics de Barcelona\" \/>\n<meta property=\"og:description\" content=\"\u00a0 El Congr\u00e9s i Sal\u00f3 farmac\u00e8utic reuneix 33.850 visitants professionals, 3.450 congressistes i 387 empreses del sector al recinte firal d&#8217;Ifema Durant tres dies, la farm\u00e0cia, els seus professionals i els pacients han estat els protagonistes d\u2019Infarma Madrid 2018, un Congr\u00e9s i Sal\u00f3 que s&#8217;ha convertit en el f\u00f2rum farmac\u00e8utic [&hellip;]\" \/>\n<meta property=\"og:url\" content=\"https:\/\/novaorg.cofb.net\/2018\/03\/15\/infarma-madrid-2018-registra-un-nou-record-de-participacio\/\" \/>\n<meta property=\"og:site_name\" content=\"Col\u00b7legi de Farmac\u00e8utics de Barcelona\" \/>\n<meta property=\"article:publisher\" content=\"https:\/\/www.facebook.com\/farmaceuticsbcn\/\" \/>\n<meta property=\"article:published_time\" content=\"2018-03-15T10:32:00+00:00\" \/>\n<meta name=\"author\" content=\"wpAdminCofbOrg\" \/>\n<meta name=\"twitter:card\" content=\"summary_large_image\" \/>\n<meta name=\"twitter:creator\" content=\"@farmaceuticsbcn\" \/>\n<meta name=\"twitter:site\" content=\"@farmaceuticsbcn\" \/>\n<meta name=\"twitter:label1\" content=\"Escrito por\" \/>\n\t<meta name=\"twitter:data1\" content=\"wpAdminCofbOrg\" \/>\n\t<meta name=\"twitter:label2\" content=\"Tiempo de lectura\" \/>\n\t<meta name=\"twitter:data2\" content=\"7 minutos\" \/>\n<script type=\"application\/ld+json\" class=\"yoast-schema-graph\">{\"@context\":\"https:\/\/schema.org\",\"@graph\":[{\"@type\":\"Article\",\"@id\":\"https:\/\/novaorg.cofb.net\/2018\/03\/15\/infarma-madrid-2018-registra-un-nou-record-de-participacio\/#article\",\"isPartOf\":{\"@id\":\"https:\/\/novaorg.cofb.net\/2018\/03\/15\/infarma-madrid-2018-registra-un-nou-record-de-participacio\/\"},\"author\":{\"name\":\"wpAdminCofbOrg\",\"@id\":\"https:\/\/www.cofb.org\/#\/schema\/person\/22ed7eea88da74b0fa4d3154ad87ffcb\"},\"headline\":\"Infarma Madrid 2018 registra un nou r\u00e8cord de participaci\u00f3\",\"datePublished\":\"2018-03-15T10:32:00+00:00\",\"dateModified\":\"2018-03-15T10:32:00+00:00\",\"mainEntityOfPage\":{\"@id\":\"https:\/\/novaorg.cofb.net\/2018\/03\/15\/infarma-madrid-2018-registra-un-nou-record-de-participacio\/\"},\"wordCount\":1411,\"publisher\":{\"@id\":\"https:\/\/www.cofb.org\/#organization\"},\"articleSection\":[\"Notes de premsa\",\"Sense categoria\"],\"inLanguage\":\"es\"},{\"@type\":\"WebPage\",\"@id\":\"https:\/\/novaorg.cofb.net\/2018\/03\/15\/infarma-madrid-2018-registra-un-nou-record-de-participacio\/\",\"url\":\"https:\/\/novaorg.cofb.net\/2018\/03\/15\/infarma-madrid-2018-registra-un-nou-record-de-participacio\/\",\"name\":\"Infarma Madrid 2018 registra un nou r\u00e8cord de participaci\u00f3 - Col\u00b7legi de Farmac\u00e8utics de Barcelona\",\"isPartOf\":{\"@id\":\"https:\/\/www.cofb.org\/#website\"},\"datePublished\":\"2018-03-15T10:32:00+00:00\",\"dateModified\":\"2018-03-15T10:32:00+00:00\",\"breadcrumb\":{\"@id\":\"https:\/\/novaorg.cofb.net\/2018\/03\/15\/infarma-madrid-2018-registra-un-nou-record-de-participacio\/#breadcrumb\"},\"inLanguage\":\"es\",\"potentialAction\":[{\"@type\":\"ReadAction\",\"target\":[\"https:\/\/novaorg.cofb.net\/2018\/03\/15\/infarma-madrid-2018-registra-un-nou-record-de-participacio\/\"]}]},{\"@type\":\"BreadcrumbList\",\"@id\":\"https:\/\/novaorg.cofb.net\/2018\/03\/15\/infarma-madrid-2018-registra-un-nou-record-de-participacio\/#breadcrumb\",\"itemListElement\":[{\"@type\":\"ListItem\",\"position\":1,\"name\":\"Inici\",\"item\":\"https:\/\/novaorg.cofb.net\/\"},{\"@type\":\"ListItem\",\"position\":2,\"name\":\"Infarma Madrid 2018 registra un nou r\u00e8cord de participaci\u00f3\"}]},{\"@type\":\"WebSite\",\"@id\":\"https:\/\/www.cofb.org\/#website\",\"url\":\"https:\/\/www.cofb.org\/\",\"name\":\"Col\u00b7legi de Farmac\u00e8utics de Barcelona\",\"description\":\"\",\"publisher\":{\"@id\":\"https:\/\/www.cofb.org\/#organization\"},\"potentialAction\":[{\"@type\":\"SearchAction\",\"target\":{\"@type\":\"EntryPoint\",\"urlTemplate\":\"https:\/\/www.cofb.org\/?s={search_term_string}\"},\"query-input\":\"required name=search_term_string\"}],\"inLanguage\":\"es\"},{\"@type\":\"Organization\",\"@id\":\"https:\/\/www.cofb.org\/#organization\",\"name\":\"Col\u00b7legi de Farmac\u00e8utics de Barcelona\",\"url\":\"https:\/\/www.cofb.org\/\",\"logo\":{\"@type\":\"ImageObject\",\"inLanguage\":\"es\",\"@id\":\"https:\/\/www.cofb.org\/#\/schema\/logo\/image\/\",\"url\":\"https:\/\/www.cofb.org\/wp-content\/uploads\/2023\/11\/cropped-Logotip-COFB.png\",\"contentUrl\":\"https:\/\/www.cofb.org\/wp-content\/uploads\/2023\/11\/cropped-Logotip-COFB.png\",\"width\":500,\"height\":105,\"caption\":\"Col\u00b7legi de Farmac\u00e8utics de Barcelona\"},\"image\":{\"@id\":\"https:\/\/www.cofb.org\/#\/schema\/logo\/image\/\"},\"sameAs\":[\"https:\/\/www.facebook.com\/farmaceuticsbcn\/\",\"https:\/\/twitter.com\/farmaceuticsbcn\",\"https:\/\/www.instagram.com\/farmaceuticsbcn\/\",\"https:\/\/www.linkedin.com\/company\/farmaceuticsbcn\/\"]},{\"@type\":\"Person\",\"@id\":\"https:\/\/www.cofb.org\/#\/schema\/person\/22ed7eea88da74b0fa4d3154ad87ffcb\",\"name\":\"wpAdminCofbOrg\",\"image\":{\"@type\":\"ImageObject\",\"inLanguage\":\"es\",\"@id\":\"https:\/\/www.cofb.org\/#\/schema\/person\/image\/\",\"url\":\"https:\/\/secure.gravatar.com\/avatar\/1721b20b3b8ca882c3b56ec6c978c594fff670e40c0718e9190eaeeb76aae7d8?s=96&d=mm&r=g\",\"contentUrl\":\"https:\/\/secure.gravatar.com\/avatar\/1721b20b3b8ca882c3b56ec6c978c594fff670e40c0718e9190eaeeb76aae7d8?s=96&d=mm&r=g\",\"caption\":\"wpAdminCofbOrg\"},\"sameAs\":[\"http:\/\/192.168.64.122\/wordpress\"],\"url\":\"https:\/\/www.cofb.org\/es\/author\/wpadmincofborg\/\"}]}<\/script>\n<!-- \/ Yoast SEO plugin. -->","yoast_head_json":{"title":"Infarma Madrid 2018 registra un nou r\u00e8cord de participaci\u00f3 - Col\u00b7legi de Farmac\u00e8utics de Barcelona","robots":{"index":"index","follow":"follow","max-snippet":"max-snippet:-1","max-image-preview":"max-image-preview:large","max-video-preview":"max-video-preview:-1"},"canonical":"https:\/\/novaorg.cofb.net\/2018\/03\/15\/infarma-madrid-2018-registra-un-nou-record-de-participacio\/","og_locale":"es_ES","og_type":"article","og_title":"Infarma Madrid 2018 registra un nou r\u00e8cord de participaci\u00f3 - Col\u00b7legi de Farmac\u00e8utics de Barcelona","og_description":"\u00a0 El Congr\u00e9s i Sal\u00f3 farmac\u00e8utic reuneix 33.850 visitants professionals, 3.450 congressistes i 387 empreses del sector al recinte firal d&#8217;Ifema Durant tres dies, la farm\u00e0cia, els seus professionals i els pacients han estat els protagonistes d\u2019Infarma Madrid 2018, un Congr\u00e9s i Sal\u00f3 que s&#8217;ha convertit en el f\u00f2rum farmac\u00e8utic [&hellip;]","og_url":"https:\/\/novaorg.cofb.net\/2018\/03\/15\/infarma-madrid-2018-registra-un-nou-record-de-participacio\/","og_site_name":"Col\u00b7legi de Farmac\u00e8utics de Barcelona","article_publisher":"https:\/\/www.facebook.com\/farmaceuticsbcn\/","article_published_time":"2018-03-15T10:32:00+00:00","author":"wpAdminCofbOrg","twitter_card":"summary_large_image","twitter_creator":"@farmaceuticsbcn","twitter_site":"@farmaceuticsbcn","twitter_misc":{"Escrito por":"wpAdminCofbOrg","Tiempo de lectura":"7 minutos"},"schema":{"@context":"https:\/\/schema.org","@graph":[{"@type":"Article","@id":"https:\/\/novaorg.cofb.net\/2018\/03\/15\/infarma-madrid-2018-registra-un-nou-record-de-participacio\/#article","isPartOf":{"@id":"https:\/\/novaorg.cofb.net\/2018\/03\/15\/infarma-madrid-2018-registra-un-nou-record-de-participacio\/"},"author":{"name":"wpAdminCofbOrg","@id":"https:\/\/www.cofb.org\/#\/schema\/person\/22ed7eea88da74b0fa4d3154ad87ffcb"},"headline":"Infarma Madrid 2018 registra un nou r\u00e8cord de participaci\u00f3","datePublished":"2018-03-15T10:32:00+00:00","dateModified":"2018-03-15T10:32:00+00:00","mainEntityOfPage":{"@id":"https:\/\/novaorg.cofb.net\/2018\/03\/15\/infarma-madrid-2018-registra-un-nou-record-de-participacio\/"},"wordCount":1411,"publisher":{"@id":"https:\/\/www.cofb.org\/#organization"},"articleSection":["Notes de premsa","Sense categoria"],"inLanguage":"es"},{"@type":"WebPage","@id":"https:\/\/novaorg.cofb.net\/2018\/03\/15\/infarma-madrid-2018-registra-un-nou-record-de-participacio\/","url":"https:\/\/novaorg.cofb.net\/2018\/03\/15\/infarma-madrid-2018-registra-un-nou-record-de-participacio\/","name":"Infarma Madrid 2018 registra un nou r\u00e8cord de participaci\u00f3 - Col\u00b7legi de Farmac\u00e8utics de Barcelona","isPartOf":{"@id":"https:\/\/www.cofb.org\/#website"},"datePublished":"2018-03-15T10:32:00+00:00","dateModified":"2018-03-15T10:32:00+00:00","breadcrumb":{"@id":"https:\/\/novaorg.cofb.net\/2018\/03\/15\/infarma-madrid-2018-registra-un-nou-record-de-participacio\/#breadcrumb"},"inLanguage":"es","potentialAction":[{"@type":"ReadAction","target":["https:\/\/novaorg.cofb.net\/2018\/03\/15\/infarma-madrid-2018-registra-un-nou-record-de-participacio\/"]}]},{"@type":"BreadcrumbList","@id":"https:\/\/novaorg.cofb.net\/2018\/03\/15\/infarma-madrid-2018-registra-un-nou-record-de-participacio\/#breadcrumb","itemListElement":[{"@type":"ListItem","position":1,"name":"Inici","item":"https:\/\/novaorg.cofb.net\/"},{"@type":"ListItem","position":2,"name":"Infarma Madrid 2018 registra un nou r\u00e8cord de participaci\u00f3"}]},{"@type":"WebSite","@id":"https:\/\/www.cofb.org\/#website","url":"https:\/\/www.cofb.org\/","name":"Col\u00b7legi de Farmac\u00e8utics de Barcelona","description":"","publisher":{"@id":"https:\/\/www.cofb.org\/#organization"},"potentialAction":[{"@type":"SearchAction","target":{"@type":"EntryPoint","urlTemplate":"https:\/\/www.cofb.org\/?s={search_term_string}"},"query-input":"required name=search_term_string"}],"inLanguage":"es"},{"@type":"Organization","@id":"https:\/\/www.cofb.org\/#organization","name":"Col\u00b7legi de Farmac\u00e8utics de Barcelona","url":"https:\/\/www.cofb.org\/","logo":{"@type":"ImageObject","inLanguage":"es","@id":"https:\/\/www.cofb.org\/#\/schema\/logo\/image\/","url":"https:\/\/www.cofb.org\/wp-content\/uploads\/2023\/11\/cropped-Logotip-COFB.png","contentUrl":"https:\/\/www.cofb.org\/wp-content\/uploads\/2023\/11\/cropped-Logotip-COFB.png","width":500,"height":105,"caption":"Col\u00b7legi de Farmac\u00e8utics de Barcelona"},"image":{"@id":"https:\/\/www.cofb.org\/#\/schema\/logo\/image\/"},"sameAs":["https:\/\/www.facebook.com\/farmaceuticsbcn\/","https:\/\/twitter.com\/farmaceuticsbcn","https:\/\/www.instagram.com\/farmaceuticsbcn\/","https:\/\/www.linkedin.com\/company\/farmaceuticsbcn\/"]},{"@type":"Person","@id":"https:\/\/www.cofb.org\/#\/schema\/person\/22ed7eea88da74b0fa4d3154ad87ffcb","name":"wpAdminCofbOrg","image":{"@type":"ImageObject","inLanguage":"es","@id":"https:\/\/www.cofb.org\/#\/schema\/person\/image\/","url":"https:\/\/secure.gravatar.com\/avatar\/1721b20b3b8ca882c3b56ec6c978c594fff670e40c0718e9190eaeeb76aae7d8?s=96&d=mm&r=g","contentUrl":"https:\/\/secure.gravatar.com\/avatar\/1721b20b3b8ca882c3b56ec6c978c594fff670e40c0718e9190eaeeb76aae7d8?s=96&d=mm&r=g","caption":"wpAdminCofbOrg"},"sameAs":["http:\/\/192.168.64.122\/wordpress"],"url":"https:\/\/www.cofb.org\/es\/author\/wpadmincofborg\/"}]}},"uagb_featured_image_src":{"full":false,"thumbnail":false,"medium":false,"medium_large":false,"large":false,"1536x1536":false,"2048x2048":false,"trp-custom-language-flag":false},"uagb_author_info":{"display_name":"wpAdminCofbOrg","author_link":"https:\/\/www.cofb.org\/es\/author\/wpadmincofborg\/"},"uagb_comment_info":0,"uagb_excerpt":"\u00a0 El Congr\u00e9s i Sal\u00f3 farmac\u00e8utic reuneix 33.850 visitants professionals, 3.450 congressistes i 387 empreses del sector al recinte firal d&#8217;Ifema Durant tres dies, la farm\u00e0cia, els seus professionals i els pacients han estat els protagonistes d\u2019Infarma Madrid 2018, un Congr\u00e9s i Sal\u00f3 que s&#8217;ha convertit en el f\u00f2rum farmac\u00e8utic [&hellip;]","_links":{"self":[{"href":"https:\/\/www.cofb.org\/es\/wp-json\/wp\/v2\/posts\/77277","targetHints":{"allow":["GET"]}}],"collection":[{"href":"https:\/\/www.cofb.org\/es\/wp-json\/wp\/v2\/posts"}],"about":[{"href":"https:\/\/www.cofb.org\/es\/wp-json\/wp\/v2\/types\/post"}],"author":[{"embeddable":true,"href":"https:\/\/www.cofb.org\/es\/wp-json\/wp\/v2\/users\/1"}],"replies":[{"embeddable":true,"href":"https:\/\/www.cofb.org\/es\/wp-json\/wp\/v2\/comments?post=77277"}],"version-history":[{"count":0,"href":"https:\/\/www.cofb.org\/es\/wp-json\/wp\/v2\/posts\/77277\/revisions"}],"wp:attachment":[{"href":"https:\/\/www.cofb.org\/es\/wp-json\/wp\/v2\/media?parent=77277"}],"wp:term":[{"taxonomy":"category","embeddable":true,"href":"https:\/\/www.cofb.org\/es\/wp-json\/wp\/v2\/categories?post=77277"},{"taxonomy":"post_tag","embeddable":true,"href":"https:\/\/www.cofb.org\/es\/wp-json\/wp\/v2\/tags?post=77277"}],"curies":[{"name":"wp","href":"https:\/\/api.w.org\/{rel}","templated":true}]}}