{"id":77276,"date":"2018-03-15T10:39:00","date_gmt":"2018-03-15T10:39:00","guid":{"rendered":"https:\/\/novaorg.cofb.net\/2018\/03\/15\/concha-almarza-insta-els-farmaceutics-a-ser-part-activa-de-la-sostenibilitat-del-model\/"},"modified":"2018-03-15T10:39:00","modified_gmt":"2018-03-15T10:39:00","slug":"concha-almarza-insta-els-farmaceutics-a-ser-part-activa-de-la-sostenibilitat-del-model","status":"publish","type":"post","link":"https:\/\/www.cofb.org\/es\/2018\/03\/15\/concha-almarza-insta-els-farmaceutics-a-ser-part-activa-de-la-sostenibilitat-del-model\/","title":{"rendered":"Concha Almarza insta a los farmac\u00e9uticos a ser parte activa de la sostenibilidad del modelo"},"content":{"rendered":"<p>\u00a0<\/p>\n<ul>\n<li><strong>El presidente del COFM critica el estancamiento del sector y anuncia una mesa de negociaci\u00f3n con el Gobierno madrile\u00f1o para abordar la viabilidad econ\u00f3mica de la farmacia<\/strong><\/li>\n<\/ul>\n<p>El presidente del Colegio Oficial de Farmac\u00e9uticos de Madrid, Luis Gonz\u00e1lez D\u00edez, ha reclamado hoy una pol\u00edtica farmac\u00e9utica que ofrezca incentivos profesionales y econ\u00f3micos en la oficina de farmacia, ya que el sector \u201cest\u00e1 tardando en recuperar terreno en el gasto p\u00fablico y los datos reflejan un estancamiento del sector que condiciona mucho su reto de invertir en nuevas tecnolog\u00edas o nuevos servicios farmac\u00e9uticos\u201d.<\/p>\n<p>Luis Gonz\u00e1lez se ha mostrado muy satisfecho en este sentido por la mesa de negociaci\u00f3n abierta por el Gobierno madrile\u00f1o, donde estar\u00e1n presentes las consellerias de Sanidad y Hacienda adem\u00e1s del Colegio de Farmac\u00e9uticos, para abordar la viabilidad econ\u00f3mica de la farmacia, as\u00ed como de las novedades que introducir\u00e1 la futura ley de farmacia de la regi\u00f3n.<\/p>\n<p>El presidente del Colegio hizo este anuncio durante el debate posterior a la conferencia sobre &#039;Medidas econ\u00f3micas en el sector. Evoluci\u00f3n del gasto p\u00fablico e impacto en la oficina de farmacia&#039; impartida por Concha Almarza, directora general de Iqvia Espa\u00f1a.<\/p>\n<p>Luis Gonz\u00e1lez ha cuestionado tambi\u00e9n &quot;cuando cobrar\u00e1 el farmac\u00e9utico los nuevos servicios que est\u00e1 prestando desde la farmacia, porque ahora es el profesional quien les est\u00e1 pagando&quot;, en el caso de los programas de seguimiento farmacoterap\u00e9utico del paciente o de adherencia a los tratamientos.<\/p>\n<p><u><strong>Bajada del mercado de farmacia: retos y oportunidades<\/strong><\/u><\/p>\n<p>A la vista de los datos recabados por la consultora, que reflejan una ca\u00edda del mercado de oficina de farmacia del 10 por ciento durante los \u00faltimos ocho a\u00f1os, Concha Almarza ha instado a los farmac\u00e9uticos a no ser \u201cpasajeros de lo que ocurre en nuestro entorno , sino en ser parte activa en las propuestas de sostenibilidad\u201d. En su opini\u00f3n, \u201ces el farmac\u00e9utico el que est\u00e1 soportando el modelo y el que se ha lanzado a gestionar otro tipo de opciones como el autocuidado\u201d. Este segmento de mercado ha experimentado un fuerte crecimiento entre 2013 y 2016 que se ha visto frenado el pasado a\u00f1o, al crecer tan solo el 1 por ciento. Esta ralentizaci\u00f3n est\u00e1 motivada por la sustituci\u00f3n de productos en un mercado donde se aprecia \u201csaturaci\u00f3n\u201d, a juicio de la experta, quien tambi\u00e9n ha subrayado c\u00f3mo ha contribuido el autocuidado a compensar los recortes de la factura p\u00fablica al representar ya casi el 30 por ciento de las ventas de las farmacias.<\/p>\n<p>Durante su intervenci\u00f3n, Concha Almarza ha hecho hincapi\u00e9 en los cambios reguladores que han condicionado el mercado de la farmacia. Hasta nueve medidas legislativas se han aprobado desde 2009, con fuerte impacto en el negocio de la farmacia. A su juicio, el sistema de precios de referencia &quot;ha dejado de ser una medida de contenci\u00f3n del gasto&quot;. &quot;Reduce precios pero no volumen de gasto&quot;, ha se\u00f1alado.<\/p>\n<p>Almarza ha apostado por la prescripci\u00f3n por principio activo como mecanismo para impulsar un mercado de gen\u00e9ricos que lleva estancado desde hace tres a\u00f1os y ha puesto de manifiesto la inestabilidad regulatoria de los \u00faltimos a\u00f1os, que ha generado mucha incertidumbre respecto a los productos de dispensaci\u00f3n hospitalaria y una &quot;p\u00e9rdida de oportunidad en cuanto al crecimiento de la farmacia, porque casi toda la innovaci\u00f3n se lanza en f\u00e1rmacos de especialidades de dispensaci\u00f3n hospitalaria&quot;.<\/p>\n<p>Asimismo ha apuntado distintas oportunidades que tiene el sector para crecer en el futuro, empezando por el nuevo perfil de consumidor, m\u00e1s envejecido y preocupado por su salud y bienestar, as\u00ed como una actitud muy distinta de compra. En su opini\u00f3n, el farmac\u00e9utico debe explotar este mercado de autocuidado o de medicina preventiva y unirse a las nuevas tecnolog\u00edas para ofrecer el mismo servicio porque el nuevo cliente es un gran consumidor online.<\/p>\n<p>Por su parte, el presidente del Colegio se mostr\u00f3 confiado en la capacidad de la profesi\u00f3n para salir de su zona de confort, competir con otros canales de venta y farmacias. &quot;Hemos sabido evolucionar, tenemos ganas de progresar pero necesitamos apoyo e interlocuci\u00f3n por parte de las administraciones&quot;, ha asegurado.<\/p>\n<p>\u00a0El presidente del COFM critica el estancamiento del sector y anuncia una mesa de negociaci\u00f3n con el Gobierno madrile\u00f1o para abordar la viabilidad econ\u00f3mica de la farmacia<\/p>\n<p>El presidente del Colegio Oficial de Farmac\u00e9uticos de Madrid, Luis Gonz\u00e1lez D\u00edez, ha reclamado hoy una pol\u00edtica farmac\u00e9utica que ofrezca incentivos profesionales y econ\u00f3micos en la oficina de farmacia, ya que el sector \u201cest\u00e1 tardando en recuperar terreno en el gasto p\u00fablico y los datos reflejan un estancamiento del sector que condiciona mucho su reto de invertir en nuevas tecnolog\u00edas o nuevos servicios farmac\u00e9uticos\u201d.<\/p>\n<p>Luis Gonz\u00e1lez se ha mostrado muy satisfecho en este sentido por la mesa de negociaci\u00f3n abierta por el Gobierno madrile\u00f1o, donde estar\u00e1n presentes las consellerias de Sanidad y Hacienda adem\u00e1s del Colegio de Farmac\u00e9uticos, para abordar la viabilidad econ\u00f3mica de la farmacia, as\u00ed como de las novedades que introducir\u00e1 la futura ley de farmacia de la regi\u00f3n.<\/p>\n<p>El presidente del Colegio hizo este anuncio durante el debate posterior a la conferencia sobre &#039;Medidas econ\u00f3micas en el sector. Evoluci\u00f3n del gasto p\u00fablico e impacto en la oficina de farmacia&#039; impartida por Concha Almarza, directora general de Iqvia Espa\u00f1a.<\/p>\n<p>Luis Gonz\u00e1lez ha cuestionado tambi\u00e9n &quot;cuando cobrar\u00e1 el farmac\u00e9utico los nuevos servicios que est\u00e1 prestando desde la farmacia, porque ahora es el profesional quien les est\u00e1 pagando&quot;, en el caso de los programas de seguimiento farmacoterap\u00e9utico del paciente o de adherencia a los tratamientos.<\/p>\n<p>Bajada del mercado de farmacia: retos y oportunidades<\/p>\n<p>A la vista de los datos recabados por la consultora, que reflejan una ca\u00edda del mercado de oficina de farmacia del 10 por ciento durante los \u00faltimos ocho a\u00f1os, Concha Almarza ha instado a los farmac\u00e9uticos a no ser \u201cpasajeros de lo que ocurre en nuestro entorno , sino en ser parte activa en las propuestas de sostenibilidad\u201d. En su opini\u00f3n, \u201ces el farmac\u00e9utico el que est\u00e1 soportando el modelo y el que se ha lanzado a gestionar otro tipo de opciones como el autocuidado\u201d. Este segmento de mercado ha experimentado un fuerte crecimiento entre 2013 y 2016 que se ha visto frenado el pasado a\u00f1o, al crecer tan solo el 1 por ciento. Esta ralentizaci\u00f3n est\u00e1 motivada por la sustituci\u00f3n de productos en un mercado donde se aprecia \u201csaturaci\u00f3n\u201d, a juicio de la experta, quien tambi\u00e9n ha subrayado c\u00f3mo ha contribuido el autocuidado a compensar los recortes de la factura p\u00fablica al representar ya casi el 30 por ciento de las ventas de las farmacias.<\/p>\n<p>Durante su intervenci\u00f3n, Concha Almarza ha hecho hincapi\u00e9 en los cambios reguladores que han condicionado el mercado de la farmacia. Hasta nueve medidas legislativas se han aprobado desde 2009, con fuerte impacto en el negocio de la farmacia. A su juicio, el sistema de precios de referencia &quot;ha dejado de ser una medida de contenci\u00f3n del gasto&quot;. &quot;Reduce precios pero no volumen de gasto&quot;, ha se\u00f1alado.<\/p>\n<p>Almarza ha apostado por la prescripci\u00f3n por principio activo como mecanismo para impulsar un mercado de gen\u00e9ricos que lleva estancado desde hace tres a\u00f1os y ha puesto de manifiesto la inestabilidad regulatoria de los \u00faltimos a\u00f1os, que ha generado mucha incertidumbre respecto a los productos de dispensaci\u00f3n hospitalaria y una &quot;p\u00e9rdida de oportunidad en cuanto al crecimiento de la farmacia, porque casi toda la innovaci\u00f3n se lanza en f\u00e1rmacos de especialidades de dispensaci\u00f3n hospitalaria&quot;.<\/p>\n<p>Asimismo ha apuntado distintas oportunidades que tiene el sector para crecer en el futuro, empezando por el nuevo perfil de consumidor, m\u00e1s envejecido y preocupado por su salud y bienestar, as\u00ed como una actitud muy distinta de compra. En su opini\u00f3n, el farmac\u00e9utico debe explotar este mercado de autocuidado o de medicina preventiva y unirse a las nuevas tecnolog\u00edas para ofrecer el mismo servicio porque el nuevo cliente es un gran consumidor online.<\/p>\n<p>Por su parte, el presidente del Colegio se mostr\u00f3 confiado en la capacidad de la profesi\u00f3n para salir de su zona de confort, competir con otros canales de venta y farmacias. &quot;Hemos sabido evolucionar, tenemos ganas de progresar pero necesitamos apoyo e interlocuci\u00f3n por parte de las administraciones&quot;, ha asegurado.  COFB.ORG<\/p>","protected":false},"excerpt":{"rendered":"<p>\u00a0 El presidente del COFM critica el estancamiento del sector y anuncia una mesa de negociaci\u00f3n con el Gobierno madrile\u00f1o para abordar la viabilidad econ\u00f3mica de la farmacia El presidente del Colegio Oficial de Farmac\u00e9uticos de Madrid, Luis Gonz\u00e1lez D\u00edez, ha reclamado hoy una pol\u00edtica farmac\u00e9utica que ofrezca incentivos profesionales y [\u2026]<\/p>","protected":false},"author":1,"featured_media":0,"comment_status":"","ping_status":"","sticky":false,"template":"","format":"standard","meta":{"_uag_custom_page_level_css":"","site-sidebar-layout":"default","site-content-layout":"","ast-site-content-layout":"default","site-content-style":"default","site-sidebar-style":"default","ast-global-header-display":"","ast-banner-title-visibility":"","ast-main-header-display":"","ast-hfb-above-header-display":"","ast-hfb-below-header-display":"","ast-hfb-mobile-header-display":"","site-post-title":"","ast-breadcrumbs-content":"","ast-featured-img":"disabled","footer-sml-layout":"","theme-transparent-header-meta":"","adv-header-id-meta":"","stick-header-meta":"","header-above-stick-meta":"","header-main-stick-meta":"","header-below-stick-meta":"","astra-migrate-meta-layouts":"default","ast-page-background-enabled":"default","ast-page-background-meta":{"desktop":{"background-color":"var(--ast-global-color-4)","background-image":"","background-repeat":"repeat","background-position":"center center","background-size":"auto","background-attachment":"scroll","background-type":"","background-media":"","overlay-type":"","overlay-color":"","overlay-opacity":"","overlay-gradient":""},"tablet":{"background-color":"","background-image":"","background-repeat":"repeat","background-position":"center center","background-size":"auto","background-attachment":"scroll","background-type":"","background-media":"","overlay-type":"","overlay-color":"","overlay-opacity":"","overlay-gradient":""},"mobile":{"background-color":"","background-image":"","background-repeat":"repeat","background-position":"center center","background-size":"auto","background-attachment":"scroll","background-type":"","background-media":"","overlay-type":"","overlay-color":"","overlay-opacity":"","overlay-gradient":""}},"ast-content-background-meta":{"desktop":{"background-color":"var(--ast-global-color-5)","background-image":"","background-repeat":"repeat","background-position":"center center","background-size":"auto","background-attachment":"scroll","background-type":"","background-media":"","overlay-type":"","overlay-color":"","overlay-opacity":"","overlay-gradient":""},"tablet":{"background-color":"var(--ast-global-color-5)","background-image":"","background-repeat":"repeat","background-position":"center center","background-size":"auto","background-attachment":"scroll","background-type":"","background-media":"","overlay-type":"","overlay-color":"","overlay-opacity":"","overlay-gradient":""},"mobile":{"background-color":"var(--ast-global-color-5)","background-image":"","background-repeat":"repeat","background-position":"center center","background-size":"auto","background-attachment":"scroll","background-type":"","background-media":"","overlay-type":"","overlay-color":"","overlay-opacity":"","overlay-gradient":""}},"footnotes":""},"categories":[1060,1066],"tags":[],"class_list":["post-77276","post","type-post","status-publish","format-standard","hentry","category-notes-premsa","category-sense-categoria-ca"],"yoast_head":"<!-- This site is optimized with the Yoast SEO plugin v22.4 - https:\/\/yoast.com\/wordpress\/plugins\/seo\/ -->\n<title>Concha Almarza insta els farmac\u00e8utics a ser part activa de la sostenibilitat del model - Col\u00b7legi de Farmac\u00e8utics de Barcelona<\/title>\n<meta name=\"robots\" content=\"index, follow, max-snippet:-1, max-image-preview:large, max-video-preview:-1\" \/>\n<link rel=\"canonical\" href=\"https:\/\/novaorg.cofb.net\/2018\/03\/15\/concha-almarza-insta-els-farmaceutics-a-ser-part-activa-de-la-sostenibilitat-del-model\/\" \/>\n<meta property=\"og:locale\" content=\"es_ES\" \/>\n<meta property=\"og:type\" content=\"article\" \/>\n<meta property=\"og:title\" content=\"Concha Almarza insta els farmac\u00e8utics a ser part activa de la sostenibilitat del model - Col\u00b7legi de Farmac\u00e8utics de Barcelona\" \/>\n<meta property=\"og:description\" content=\"\u00a0 El president del COFM critica l&#8217;estancament del sector i anuncia una taula de negociaci\u00f3 amb el Govern madrileny per abordar la viabilitat econ\u00f2mica de la farm\u00e0cia El president del Col\u2022legi Oficial de Farmac\u00e8utics de Madrid, Luis Gonz\u00e1lez D\u00edez, ha reclamat avui una pol\u00edtica farmac\u00e8utica que ofereixi incentius professionals i [&hellip;]\" \/>\n<meta property=\"og:url\" content=\"https:\/\/novaorg.cofb.net\/2018\/03\/15\/concha-almarza-insta-els-farmaceutics-a-ser-part-activa-de-la-sostenibilitat-del-model\/\" \/>\n<meta property=\"og:site_name\" content=\"Col\u00b7legi de Farmac\u00e8utics de Barcelona\" \/>\n<meta property=\"article:publisher\" content=\"https:\/\/www.facebook.com\/farmaceuticsbcn\/\" \/>\n<meta property=\"article:published_time\" content=\"2018-03-15T10:39:00+00:00\" \/>\n<meta name=\"author\" content=\"wpAdminCofbOrg\" \/>\n<meta name=\"twitter:card\" content=\"summary_large_image\" \/>\n<meta name=\"twitter:creator\" content=\"@farmaceuticsbcn\" \/>\n<meta name=\"twitter:site\" content=\"@farmaceuticsbcn\" \/>\n<meta name=\"twitter:label1\" content=\"Escrito por\" \/>\n\t<meta name=\"twitter:data1\" content=\"wpAdminCofbOrg\" \/>\n\t<meta name=\"twitter:label2\" content=\"Tiempo de lectura\" \/>\n\t<meta name=\"twitter:data2\" content=\"7 minutos\" \/>\n<script type=\"application\/ld+json\" class=\"yoast-schema-graph\">{\"@context\":\"https:\/\/schema.org\",\"@graph\":[{\"@type\":\"Article\",\"@id\":\"https:\/\/novaorg.cofb.net\/2018\/03\/15\/concha-almarza-insta-els-farmaceutics-a-ser-part-activa-de-la-sostenibilitat-del-model\/#article\",\"isPartOf\":{\"@id\":\"https:\/\/novaorg.cofb.net\/2018\/03\/15\/concha-almarza-insta-els-farmaceutics-a-ser-part-activa-de-la-sostenibilitat-del-model\/\"},\"author\":{\"name\":\"wpAdminCofbOrg\",\"@id\":\"https:\/\/www.cofb.org\/#\/schema\/person\/22ed7eea88da74b0fa4d3154ad87ffcb\"},\"headline\":\"Concha Almarza insta els farmac\u00e8utics a ser part activa de la sostenibilitat del model\",\"datePublished\":\"2018-03-15T10:39:00+00:00\",\"dateModified\":\"2018-03-15T10:39:00+00:00\",\"mainEntityOfPage\":{\"@id\":\"https:\/\/novaorg.cofb.net\/2018\/03\/15\/concha-almarza-insta-els-farmaceutics-a-ser-part-activa-de-la-sostenibilitat-del-model\/\"},\"wordCount\":1483,\"publisher\":{\"@id\":\"https:\/\/www.cofb.org\/#organization\"},\"articleSection\":[\"Notes de premsa\",\"Sense categoria\"],\"inLanguage\":\"es\"},{\"@type\":\"WebPage\",\"@id\":\"https:\/\/novaorg.cofb.net\/2018\/03\/15\/concha-almarza-insta-els-farmaceutics-a-ser-part-activa-de-la-sostenibilitat-del-model\/\",\"url\":\"https:\/\/novaorg.cofb.net\/2018\/03\/15\/concha-almarza-insta-els-farmaceutics-a-ser-part-activa-de-la-sostenibilitat-del-model\/\",\"name\":\"Concha Almarza insta els farmac\u00e8utics a ser part activa de la sostenibilitat del model - Col\u00b7legi de Farmac\u00e8utics de Barcelona\",\"isPartOf\":{\"@id\":\"https:\/\/www.cofb.org\/#website\"},\"datePublished\":\"2018-03-15T10:39:00+00:00\",\"dateModified\":\"2018-03-15T10:39:00+00:00\",\"breadcrumb\":{\"@id\":\"https:\/\/novaorg.cofb.net\/2018\/03\/15\/concha-almarza-insta-els-farmaceutics-a-ser-part-activa-de-la-sostenibilitat-del-model\/#breadcrumb\"},\"inLanguage\":\"es\",\"potentialAction\":[{\"@type\":\"ReadAction\",\"target\":[\"https:\/\/novaorg.cofb.net\/2018\/03\/15\/concha-almarza-insta-els-farmaceutics-a-ser-part-activa-de-la-sostenibilitat-del-model\/\"]}]},{\"@type\":\"BreadcrumbList\",\"@id\":\"https:\/\/novaorg.cofb.net\/2018\/03\/15\/concha-almarza-insta-els-farmaceutics-a-ser-part-activa-de-la-sostenibilitat-del-model\/#breadcrumb\",\"itemListElement\":[{\"@type\":\"ListItem\",\"position\":1,\"name\":\"Inici\",\"item\":\"https:\/\/novaorg.cofb.net\/\"},{\"@type\":\"ListItem\",\"position\":2,\"name\":\"Concha Almarza insta els farmac\u00e8utics a ser part activa de la sostenibilitat del model\"}]},{\"@type\":\"WebSite\",\"@id\":\"https:\/\/www.cofb.org\/#website\",\"url\":\"https:\/\/www.cofb.org\/\",\"name\":\"Col\u00b7legi de Farmac\u00e8utics de Barcelona\",\"description\":\"\",\"publisher\":{\"@id\":\"https:\/\/www.cofb.org\/#organization\"},\"potentialAction\":[{\"@type\":\"SearchAction\",\"target\":{\"@type\":\"EntryPoint\",\"urlTemplate\":\"https:\/\/www.cofb.org\/?s={search_term_string}\"},\"query-input\":\"required name=search_term_string\"}],\"inLanguage\":\"es\"},{\"@type\":\"Organization\",\"@id\":\"https:\/\/www.cofb.org\/#organization\",\"name\":\"Col\u00b7legi de Farmac\u00e8utics de Barcelona\",\"url\":\"https:\/\/www.cofb.org\/\",\"logo\":{\"@type\":\"ImageObject\",\"inLanguage\":\"es\",\"@id\":\"https:\/\/www.cofb.org\/#\/schema\/logo\/image\/\",\"url\":\"https:\/\/www.cofb.org\/wp-content\/uploads\/2023\/11\/cropped-Logotip-COFB.png\",\"contentUrl\":\"https:\/\/www.cofb.org\/wp-content\/uploads\/2023\/11\/cropped-Logotip-COFB.png\",\"width\":500,\"height\":105,\"caption\":\"Col\u00b7legi de Farmac\u00e8utics de Barcelona\"},\"image\":{\"@id\":\"https:\/\/www.cofb.org\/#\/schema\/logo\/image\/\"},\"sameAs\":[\"https:\/\/www.facebook.com\/farmaceuticsbcn\/\",\"https:\/\/twitter.com\/farmaceuticsbcn\",\"https:\/\/www.instagram.com\/farmaceuticsbcn\/\",\"https:\/\/www.linkedin.com\/company\/farmaceuticsbcn\/\"]},{\"@type\":\"Person\",\"@id\":\"https:\/\/www.cofb.org\/#\/schema\/person\/22ed7eea88da74b0fa4d3154ad87ffcb\",\"name\":\"wpAdminCofbOrg\",\"image\":{\"@type\":\"ImageObject\",\"inLanguage\":\"es\",\"@id\":\"https:\/\/www.cofb.org\/#\/schema\/person\/image\/\",\"url\":\"https:\/\/secure.gravatar.com\/avatar\/1721b20b3b8ca882c3b56ec6c978c594fff670e40c0718e9190eaeeb76aae7d8?s=96&d=mm&r=g\",\"contentUrl\":\"https:\/\/secure.gravatar.com\/avatar\/1721b20b3b8ca882c3b56ec6c978c594fff670e40c0718e9190eaeeb76aae7d8?s=96&d=mm&r=g\",\"caption\":\"wpAdminCofbOrg\"},\"sameAs\":[\"http:\/\/192.168.64.122\/wordpress\"],\"url\":\"https:\/\/www.cofb.org\/es\/author\/wpadmincofborg\/\"}]}<\/script>\n<!-- \/ Yoast SEO plugin. -->","yoast_head_json":{"title":"Concha Almarza insta els farmac\u00e8utics a ser part activa de la sostenibilitat del model - Col\u00b7legi de Farmac\u00e8utics de Barcelona","robots":{"index":"index","follow":"follow","max-snippet":"max-snippet:-1","max-image-preview":"max-image-preview:large","max-video-preview":"max-video-preview:-1"},"canonical":"https:\/\/novaorg.cofb.net\/2018\/03\/15\/concha-almarza-insta-els-farmaceutics-a-ser-part-activa-de-la-sostenibilitat-del-model\/","og_locale":"es_ES","og_type":"article","og_title":"Concha Almarza insta els farmac\u00e8utics a ser part activa de la sostenibilitat del model - Col\u00b7legi de Farmac\u00e8utics de Barcelona","og_description":"\u00a0 El president del COFM critica l&#8217;estancament del sector i anuncia una taula de negociaci\u00f3 amb el Govern madrileny per abordar la viabilitat econ\u00f2mica de la farm\u00e0cia El president del Col\u2022legi Oficial de Farmac\u00e8utics de Madrid, Luis Gonz\u00e1lez D\u00edez, ha reclamat avui una pol\u00edtica farmac\u00e8utica que ofereixi incentius professionals i [&hellip;]","og_url":"https:\/\/novaorg.cofb.net\/2018\/03\/15\/concha-almarza-insta-els-farmaceutics-a-ser-part-activa-de-la-sostenibilitat-del-model\/","og_site_name":"Col\u00b7legi de Farmac\u00e8utics de Barcelona","article_publisher":"https:\/\/www.facebook.com\/farmaceuticsbcn\/","article_published_time":"2018-03-15T10:39:00+00:00","author":"wpAdminCofbOrg","twitter_card":"summary_large_image","twitter_creator":"@farmaceuticsbcn","twitter_site":"@farmaceuticsbcn","twitter_misc":{"Escrito por":"wpAdminCofbOrg","Tiempo de lectura":"7 minutos"},"schema":{"@context":"https:\/\/schema.org","@graph":[{"@type":"Article","@id":"https:\/\/novaorg.cofb.net\/2018\/03\/15\/concha-almarza-insta-els-farmaceutics-a-ser-part-activa-de-la-sostenibilitat-del-model\/#article","isPartOf":{"@id":"https:\/\/novaorg.cofb.net\/2018\/03\/15\/concha-almarza-insta-els-farmaceutics-a-ser-part-activa-de-la-sostenibilitat-del-model\/"},"author":{"name":"wpAdminCofbOrg","@id":"https:\/\/www.cofb.org\/#\/schema\/person\/22ed7eea88da74b0fa4d3154ad87ffcb"},"headline":"Concha Almarza insta els farmac\u00e8utics a ser part activa de la sostenibilitat del model","datePublished":"2018-03-15T10:39:00+00:00","dateModified":"2018-03-15T10:39:00+00:00","mainEntityOfPage":{"@id":"https:\/\/novaorg.cofb.net\/2018\/03\/15\/concha-almarza-insta-els-farmaceutics-a-ser-part-activa-de-la-sostenibilitat-del-model\/"},"wordCount":1483,"publisher":{"@id":"https:\/\/www.cofb.org\/#organization"},"articleSection":["Notes de premsa","Sense categoria"],"inLanguage":"es"},{"@type":"WebPage","@id":"https:\/\/novaorg.cofb.net\/2018\/03\/15\/concha-almarza-insta-els-farmaceutics-a-ser-part-activa-de-la-sostenibilitat-del-model\/","url":"https:\/\/novaorg.cofb.net\/2018\/03\/15\/concha-almarza-insta-els-farmaceutics-a-ser-part-activa-de-la-sostenibilitat-del-model\/","name":"Concha Almarza insta els farmac\u00e8utics a ser part activa de la sostenibilitat del model - Col\u00b7legi de Farmac\u00e8utics de Barcelona","isPartOf":{"@id":"https:\/\/www.cofb.org\/#website"},"datePublished":"2018-03-15T10:39:00+00:00","dateModified":"2018-03-15T10:39:00+00:00","breadcrumb":{"@id":"https:\/\/novaorg.cofb.net\/2018\/03\/15\/concha-almarza-insta-els-farmaceutics-a-ser-part-activa-de-la-sostenibilitat-del-model\/#breadcrumb"},"inLanguage":"es","potentialAction":[{"@type":"ReadAction","target":["https:\/\/novaorg.cofb.net\/2018\/03\/15\/concha-almarza-insta-els-farmaceutics-a-ser-part-activa-de-la-sostenibilitat-del-model\/"]}]},{"@type":"BreadcrumbList","@id":"https:\/\/novaorg.cofb.net\/2018\/03\/15\/concha-almarza-insta-els-farmaceutics-a-ser-part-activa-de-la-sostenibilitat-del-model\/#breadcrumb","itemListElement":[{"@type":"ListItem","position":1,"name":"Inici","item":"https:\/\/novaorg.cofb.net\/"},{"@type":"ListItem","position":2,"name":"Concha Almarza insta els farmac\u00e8utics a ser part activa de la sostenibilitat del model"}]},{"@type":"WebSite","@id":"https:\/\/www.cofb.org\/#website","url":"https:\/\/www.cofb.org\/","name":"Col\u00b7legi de Farmac\u00e8utics de Barcelona","description":"","publisher":{"@id":"https:\/\/www.cofb.org\/#organization"},"potentialAction":[{"@type":"SearchAction","target":{"@type":"EntryPoint","urlTemplate":"https:\/\/www.cofb.org\/?s={search_term_string}"},"query-input":"required name=search_term_string"}],"inLanguage":"es"},{"@type":"Organization","@id":"https:\/\/www.cofb.org\/#organization","name":"Col\u00b7legi de Farmac\u00e8utics de Barcelona","url":"https:\/\/www.cofb.org\/","logo":{"@type":"ImageObject","inLanguage":"es","@id":"https:\/\/www.cofb.org\/#\/schema\/logo\/image\/","url":"https:\/\/www.cofb.org\/wp-content\/uploads\/2023\/11\/cropped-Logotip-COFB.png","contentUrl":"https:\/\/www.cofb.org\/wp-content\/uploads\/2023\/11\/cropped-Logotip-COFB.png","width":500,"height":105,"caption":"Col\u00b7legi de Farmac\u00e8utics de Barcelona"},"image":{"@id":"https:\/\/www.cofb.org\/#\/schema\/logo\/image\/"},"sameAs":["https:\/\/www.facebook.com\/farmaceuticsbcn\/","https:\/\/twitter.com\/farmaceuticsbcn","https:\/\/www.instagram.com\/farmaceuticsbcn\/","https:\/\/www.linkedin.com\/company\/farmaceuticsbcn\/"]},{"@type":"Person","@id":"https:\/\/www.cofb.org\/#\/schema\/person\/22ed7eea88da74b0fa4d3154ad87ffcb","name":"wpAdminCofbOrg","image":{"@type":"ImageObject","inLanguage":"es","@id":"https:\/\/www.cofb.org\/#\/schema\/person\/image\/","url":"https:\/\/secure.gravatar.com\/avatar\/1721b20b3b8ca882c3b56ec6c978c594fff670e40c0718e9190eaeeb76aae7d8?s=96&d=mm&r=g","contentUrl":"https:\/\/secure.gravatar.com\/avatar\/1721b20b3b8ca882c3b56ec6c978c594fff670e40c0718e9190eaeeb76aae7d8?s=96&d=mm&r=g","caption":"wpAdminCofbOrg"},"sameAs":["http:\/\/192.168.64.122\/wordpress"],"url":"https:\/\/www.cofb.org\/es\/author\/wpadmincofborg\/"}]}},"uagb_featured_image_src":{"full":false,"thumbnail":false,"medium":false,"medium_large":false,"large":false,"1536x1536":false,"2048x2048":false,"trp-custom-language-flag":false},"uagb_author_info":{"display_name":"wpAdminCofbOrg","author_link":"https:\/\/www.cofb.org\/es\/author\/wpadmincofborg\/"},"uagb_comment_info":0,"uagb_excerpt":"\u00a0 El president del COFM critica l&#8217;estancament del sector i anuncia una taula de negociaci\u00f3 amb el Govern madrileny per abordar la viabilitat econ\u00f2mica de la farm\u00e0cia El president del Col\u2022legi Oficial de Farmac\u00e8utics de Madrid, Luis Gonz\u00e1lez D\u00edez, ha reclamat avui una pol\u00edtica farmac\u00e8utica que ofereixi incentius professionals i [&hellip;]","_links":{"self":[{"href":"https:\/\/www.cofb.org\/es\/wp-json\/wp\/v2\/posts\/77276","targetHints":{"allow":["GET"]}}],"collection":[{"href":"https:\/\/www.cofb.org\/es\/wp-json\/wp\/v2\/posts"}],"about":[{"href":"https:\/\/www.cofb.org\/es\/wp-json\/wp\/v2\/types\/post"}],"author":[{"embeddable":true,"href":"https:\/\/www.cofb.org\/es\/wp-json\/wp\/v2\/users\/1"}],"replies":[{"embeddable":true,"href":"https:\/\/www.cofb.org\/es\/wp-json\/wp\/v2\/comments?post=77276"}],"version-history":[{"count":0,"href":"https:\/\/www.cofb.org\/es\/wp-json\/wp\/v2\/posts\/77276\/revisions"}],"wp:attachment":[{"href":"https:\/\/www.cofb.org\/es\/wp-json\/wp\/v2\/media?parent=77276"}],"wp:term":[{"taxonomy":"category","embeddable":true,"href":"https:\/\/www.cofb.org\/es\/wp-json\/wp\/v2\/categories?post=77276"},{"taxonomy":"post_tag","embeddable":true,"href":"https:\/\/www.cofb.org\/es\/wp-json\/wp\/v2\/tags?post=77276"}],"curies":[{"name":"wp","href":"https:\/\/api.w.org\/{rel}","templated":true}]}}