{"id":77274,"date":"2018-03-15T10:56:00","date_gmt":"2018-03-15T10:56:00","guid":{"rendered":"https:\/\/novaorg.cofb.net\/2018\/03\/15\/salut-madrid-estendra-el-seu-model-de-collaboracio-de-centres-dap-i-farmacies\/"},"modified":"2018-03-15T10:56:00","modified_gmt":"2018-03-15T10:56:00","slug":"salut-madrid-estendra-el-seu-model-de-collaboracio-de-centres-dap-i-farmacies","status":"publish","type":"post","link":"https:\/\/www.cofb.org\/es\/2018\/03\/15\/salut-madrid-estendra-el-seu-model-de-collaboracio-de-centres-dap-i-farmacies\/","title":{"rendered":"Salud Madrid extender\u00e1 su modelo de colaboraci\u00f3n de centros de AP y farmacias"},"content":{"rendered":"<p>\u00a0<\/p>\n<ul>\n<li><strong>Farmac\u00e9uticos, pacientes y Administraci\u00f3n impulsan actuaciones conjuntas en la Comunidad de Madrid<\/strong><\/li>\n<\/ul>\n<p>Farmacia, administraci\u00f3n y asociaciones de pacientes acreditaron ayer la necesidad de abrir nuevos espacios de colaboraci\u00f3n y canales de comunicaci\u00f3n en beneficio de los pacientes que tengan en cuenta la formaci\u00f3n especializada de los farmac\u00e9uticos en el uso de los medicamentos y el potencial asistencial de la red de oficinas de farmacia.<\/p>\n<p>Marta S\u00e1nchez Celaya del Pou, gerente asistencial de Atenci\u00f3n Primaria de Salud Madrid, se\u00f1al\u00f3 la capacidad &quot;de hacer muchas cosas juntos&quot; entre los profesionales de los centros de salud y de las oficinas de farmacia. Puso de ejemplo la iniciativa desarrollada en el centro de salud Daroca de la capital madrile\u00f1a desde hace seis a\u00f1os para mejorar la seguridad y calidad de la prescripci\u00f3n y dispensaci\u00f3n de medicamentos a los pacientes. La Comunidad de Madrid extender\u00e1 esta experiencia de \u00e9xito a otros centros de salud y farmacias de la regi\u00f3n a partir de abril a trav\u00e9s de una comisi\u00f3n de trabajo con el Colegio Oficial de Farmac\u00e9uticos de Madrid.<\/p>\n<p>Precisamente el presidente del Grupo Cofares, Eduardo Pastor Fern\u00e1ndez, que moder\u00f3 la mesa de debate que reuni\u00f3 a representantes de la farmacia, la administraci\u00f3n y los pacientes, subray\u00f3 la necesidad de garantizar una pol\u00edtica estable para acometer actuaciones conjuntas y puso de ejemplo el concierto farmac\u00e9utico firmado en la Comunidad de Madrid para avanzar en esa direcci\u00f3n. Pastor tambi\u00e9n defendi\u00f3 un modelo integrador de atenci\u00f3n en el que la farmacia siga ampliando su papel en la cartera general de prestaciones.<\/p>\n<p>Mar\u00eda Jos\u00e9 Calvo Alc\u00e1ntara, subdirectora general de Farmacia y Productos Sanitarios de la Consejer\u00eda de Sanidad de la Comunidad de Madrid, puso en valor la estrecha colaboraci\u00f3n institucional mantenida entre la Consejer\u00eda y el Colegio para poner en marcha programas de notificaci\u00f3n de errores de medicaci\u00f3n de la farmacias centinela, de atenci\u00f3n al paciente de edad avanzada polimedicado, participaci\u00f3n en el botiqu\u00edn casero o en receta electr\u00f3nica, entre otros proyectos desplegados en la \u00faltima d\u00e9cada que son \u201cfruto de procesos unificados dentro de acuerdos de colaboraci\u00f3n\u201d.<\/p>\n<p>En el caso del Programa de atenci\u00f3n al paciente de edad avanzada polimedicado, son 1.009 las farmacias adheridas y 1.513 pacientes participantes a los que se les han dispensado blisters y pastilleros. La Consejer\u00eda trabaja en la renovaci\u00f3n de este programa para que el profesional pueda tener acceso al historial farmacoterap\u00e9utico dentro de un proceso de colaboraci\u00f3n entre los m\u00e9dicos y farmac\u00e9uticos de Atenci\u00f3n Primaria y de oficina de farmacia. Otra iniciativa de \u00e9xito, como la red centinela, tendr\u00e1 un nuevo impulso en 2018 para aumentar el n\u00famero de notificaciones de errores de medicaci\u00f3n registrados.<\/p>\n<p>\u00d3scar L\u00f3pez Moreno, vocal de Titulares de Oficinas de Farmacia del Colegio Oficial de Farmac\u00e9uticos de Madrid, desgran\u00f3 diferentes actuaciones conjuntas con la administraci\u00f3n, como el programa de farmacias centinela o del paciente de avanzada edad polimedicado, y se va referirse al convenio firmado entre el Colegio y la Comunidad de Madrid en 2016, que ha permitido impulsar campa\u00f1as de divulgaci\u00f3n sanitaria. &quot;El siguiente paso es impulsar ahora la prestaci\u00f3n de servicios asistenciales, como programas de detecci\u00f3n precoz o seguimiento de pacientes cr\u00f3nicos&quot;, avanz\u00f3.<\/p>\n<p>Asimismo, el vocal de Farmacia indic\u00f3 la importancia de los proyectos desarrollados en el \u00e1mbito local, como el programa detecci\u00f3n de diabetes en tu barrio con el Ayuntamiento de Madrid desde hace cuatro a\u00f1os con la participaci\u00f3n de cerca de 140 farmacias. Otras campa\u00f1as desplegadas con las asociaciones de pacientes durante los \u00faltimos a\u00f1os con \u00e9xito son el cribado de pacientes con psoriasis o Parkinson, que demuestran el grado de colaboraci\u00f3n alcanzado del Colegio con estas asociaciones y el espacio que existe para recorrer en el futuro. \u00d3scar L\u00f3pez s\u00ed reconoci\u00f3 que los objetivos de estas iniciativas deben ser \u201cconcretos y medibles\u201d, mientras que la formaci\u00f3n de los farmac\u00e9uticos \u201cdebe estar acreditada con el fin de que los profesionales tengan un reconocimiento y por qu\u00e9 no una remuneraci\u00f3n .<\/p>\n<p>Por parte de los pacientes, el presidente de la Alianza General de Pacientes, Antonio Bernal, asegur\u00f3 que la &quot;farmacia es un punto sanitario clave para la dispensaci\u00f3n y la atenci\u00f3n farmac\u00e9utica profesional&quot;. Para Bernal, la farmacia tiene grandes oportunidades en la atenci\u00f3n farmac\u00e9utica domiciliaria, en dependencia o en atenci\u00f3n a personas con c\u00e1ncer. &quot;Es importante que la farmacia est\u00e9 formada en esta \u00e1rea porque, una vez que se le ha dado de alta a un paciente oncol\u00f3gico, el farmac\u00e9utico puede realizar la labor de seguimiento sin recurrir a otros agentes&quot;, se\u00f1al\u00f3. Tambi\u00e9n abog\u00f3 por dar un mayor papel al farmac\u00e9utico en otras \u00e1reas asistenciales, ya que se trata del \u201cprofesional especializado en medicamentos que ofrece adem\u00e1s servicios de informaci\u00f3n, adherencia o efectos secundarios\u201d. Por eso, es importante la colaboraci\u00f3n entre el farmac\u00e9utico y los profesionales de Atenci\u00f3n Primaria, sostuvo. Adem\u00e1s, se\u00f1al\u00f3 que el farmac\u00e9utico puede participar activamente en estudios de pacientes porque est\u00e1 preparado y porque cuenta con el espacio adecuado para ello siempre, eso s\u00ed, que se adapte para garantizar la confidencialidad y privacidad al paciente, como un de los retos pendientes de la oficina de farmacia.<\/p>\n<p>\u00a0Farmac\u00e9uticos, pacientes y Administraci\u00f3n impulsan actuaciones conjuntas en la Comunidad de Madrid<\/p>\n<p>Farmacia, administraci\u00f3n y asociaciones de pacientes acreditaron ayer la necesidad de abrir nuevos espacios de colaboraci\u00f3n y canales de comunicaci\u00f3n en beneficio de los pacientes que tengan en cuenta la formaci\u00f3n especializada de los farmac\u00e9uticos en el uso de los medicamentos y el potencial asistencial de la red de oficinas de farmacia.<\/p>\n<p>Marta S\u00e1nchez Celaya del Pou, gerente asistencial de Atenci\u00f3n Primaria de Salud Madrid, se\u00f1al\u00f3 la capacidad &quot;de hacer muchas cosas juntos&quot; entre los profesionales de los centros de salud y de las oficinas de farmacia. Puso de ejemplo la iniciativa desarrollada en el centro de salud Daroca de la capital madrile\u00f1a desde hace seis a\u00f1os para mejorar la seguridad y calidad de la prescripci\u00f3n y dispensaci\u00f3n de medicamentos a los pacientes. La Comunidad de Madrid extender\u00e1 esta experiencia de \u00e9xito a otros centros de salud y farmacias de la regi\u00f3n a partir de abril a trav\u00e9s de una comisi\u00f3n de trabajo con el Colegio Oficial de Farmac\u00e9uticos de Madrid.<\/p>\n<p>Precisamente el presidente del Grupo Cofares, Eduardo Pastor Fern\u00e1ndez, que moder\u00f3 la mesa de debate que reuni\u00f3 a representantes de la farmacia, la administraci\u00f3n y los pacientes, subray\u00f3 la necesidad de garantizar una pol\u00edtica estable para acometer actuaciones conjuntas y puso de ejemplo el concierto farmac\u00e9utico firmado en la Comunidad de Madrid para avanzar en esa direcci\u00f3n. Pastor tambi\u00e9n defendi\u00f3 un modelo integrador de atenci\u00f3n en el que la farmacia siga ampliando su papel en la cartera general de prestaciones.<\/p>\n<p>Mar\u00eda Jos\u00e9 Calvo Alc\u00e1ntara, subdirectora general de Farmacia y Productos Sanitarios de la Consejer\u00eda de Sanidad de la Comunidad de Madrid, puso en valor la estrecha colaboraci\u00f3n institucional mantenida entre la Consejer\u00eda y el Colegio para poner en marcha programas de notificaci\u00f3n de errores de medicaci\u00f3n de la farmacias centinela, de atenci\u00f3n al paciente de edad avanzada polimedicado, participaci\u00f3n en el botiqu\u00edn casero o en receta electr\u00f3nica, entre otros proyectos desplegados en la \u00faltima d\u00e9cada que son \u201cfruto de procesos unificados dentro de acuerdos de colaboraci\u00f3n\u201d.<\/p>\n<p>En el caso del Programa de atenci\u00f3n al paciente de edad avanzada polimedicado, son 1.009 las farmacias adheridas y 1.513 pacientes participantes a los que se les han dispensado blisters y pastilleros. La Consejer\u00eda trabaja en la renovaci\u00f3n de este programa para que el profesional pueda tener acceso al historial farmacoterap\u00e9utico dentro de un proceso de colaboraci\u00f3n entre los m\u00e9dicos y farmac\u00e9uticos de Atenci\u00f3n Primaria y de oficina de farmacia. Otra iniciativa de \u00e9xito, como la red centinela, tendr\u00e1 un nuevo impulso en 2018 para aumentar el n\u00famero de notificaciones de errores de medicaci\u00f3n registrados.<\/p>\n<p>\u00d3scar L\u00f3pez Moreno, vocal de Titulares de Oficinas de Farmacia del Colegio Oficial de Farmac\u00e9uticos de Madrid, desgran\u00f3 diferentes actuaciones conjuntas con la administraci\u00f3n, como el programa de farmacias centinela o del paciente de avanzada edad polimedicado, y se va referirse al convenio firmado entre el Colegio y la Comunidad de Madrid en 2016, que ha permitido impulsar campa\u00f1as de divulgaci\u00f3n sanitaria. &quot;El siguiente paso es impulsar ahora la prestaci\u00f3n de servicios asistenciales, como programas de detecci\u00f3n precoz o seguimiento de pacientes cr\u00f3nicos&quot;, avanz\u00f3.<\/p>\n<p>Asimismo, el vocal de Farmacia indic\u00f3 la importancia de los proyectos desarrollados en el \u00e1mbito local, como el programa detecci\u00f3n de diabetes en tu barrio con el Ayuntamiento de Madrid desde hace cuatro a\u00f1os con la participaci\u00f3n de cerca de 140 farmacias. Otras campa\u00f1as desplegadas con las asociaciones de pacientes durante los \u00faltimos a\u00f1os con \u00e9xito son el cribado de pacientes con psoriasis o Parkinson, que demuestran el grado de colaboraci\u00f3n alcanzado del Colegio con estas asociaciones y el espacio que existe para recorrer en el futuro. \u00d3scar L\u00f3pez s\u00ed reconoci\u00f3 que los objetivos de estas iniciativas deben ser \u201cconcretos y medibles\u201d, mientras que la formaci\u00f3n de los farmac\u00e9uticos \u201cdebe estar acreditada con el fin de que los profesionales tengan un reconocimiento y por qu\u00e9 no una remuneraci\u00f3n .<\/p>\n<p>Por parte de los pacientes, el presidente de la Alianza General de Pacientes, Antonio Bernal, asegur\u00f3 que la &quot;farmacia es un punto sanitario clave para la dispensaci\u00f3n y la atenci\u00f3n farmac\u00e9utica profesional&quot;. Para Bernal, la farmacia tiene grandes oportunidades en la atenci\u00f3n farmac\u00e9utica domiciliaria, en dependencia o en atenci\u00f3n a personas con c\u00e1ncer. &quot;Es importante que la farmacia est\u00e9 formada en esta \u00e1rea porque, una vez que se le ha dado de alta a un paciente oncol\u00f3gico, el farmac\u00e9utico puede realizar la labor de seguimiento sin recurrir a otros agentes&quot;, se\u00f1al\u00f3. Tambi\u00e9n abog\u00f3 por dar un mayor papel al farmac\u00e9utico en otras \u00e1reas asistenciales, ya que se trata del \u201cprofesional especializado en medicamentos que ofrece adem\u00e1s servicios de informaci\u00f3n, adherencia o efectos secundarios\u201d. Por eso, es importante la colaboraci\u00f3n entre el farmac\u00e9utico y los profesionales de Atenci\u00f3n Primaria, sostuvo. Adem\u00e1s, se\u00f1al\u00f3 que el farmac\u00e9utico puede participar activamente en estudios de pacientes porque est\u00e1 preparado y porque cuenta con el espacio adecuado para ello siempre, eso s\u00ed, que se adapte para garantizar la confidencialidad y privacidad al paciente, como un de los retos pendientes de la oficina de farmacia.  COFB.ORG<\/p>","protected":false},"excerpt":{"rendered":"<p>\u00a0 Farmac\u00e9uticos, pacientes y Administraci\u00f3n impulsan actuaciones conjuntas en la Comunidad de Madrid Farmacia, administraci\u00f3n y asociaciones de pacientes acreditaron ayer la necesidad de abrir nuevos espacios de colaboraci\u00f3n y canales de comunicaci\u00f3n en beneficio de los pacientes que tengan en cuenta la formaci\u00f3n especializada de los farmac\u00e9uticos en el uso de los medicamentos [\u2026]<\/p>","protected":false},"author":1,"featured_media":0,"comment_status":"","ping_status":"","sticky":false,"template":"","format":"standard","meta":{"_uag_custom_page_level_css":"","site-sidebar-layout":"default","site-content-layout":"","ast-site-content-layout":"default","site-content-style":"default","site-sidebar-style":"default","ast-global-header-display":"","ast-banner-title-visibility":"","ast-main-header-display":"","ast-hfb-above-header-display":"","ast-hfb-below-header-display":"","ast-hfb-mobile-header-display":"","site-post-title":"","ast-breadcrumbs-content":"","ast-featured-img":"disabled","footer-sml-layout":"","theme-transparent-header-meta":"","adv-header-id-meta":"","stick-header-meta":"","header-above-stick-meta":"","header-main-stick-meta":"","header-below-stick-meta":"","astra-migrate-meta-layouts":"default","ast-page-background-enabled":"default","ast-page-background-meta":{"desktop":{"background-color":"var(--ast-global-color-4)","background-image":"","background-repeat":"repeat","background-position":"center center","background-size":"auto","background-attachment":"scroll","background-type":"","background-media":"","overlay-type":"","overlay-color":"","overlay-opacity":"","overlay-gradient":""},"tablet":{"background-color":"","background-image":"","background-repeat":"repeat","background-position":"center center","background-size":"auto","background-attachment":"scroll","background-type":"","background-media":"","overlay-type":"","overlay-color":"","overlay-opacity":"","overlay-gradient":""},"mobile":{"background-color":"","background-image":"","background-repeat":"repeat","background-position":"center center","background-size":"auto","background-attachment":"scroll","background-type":"","background-media":"","overlay-type":"","overlay-color":"","overlay-opacity":"","overlay-gradient":""}},"ast-content-background-meta":{"desktop":{"background-color":"var(--ast-global-color-5)","background-image":"","background-repeat":"repeat","background-position":"center center","background-size":"auto","background-attachment":"scroll","background-type":"","background-media":"","overlay-type":"","overlay-color":"","overlay-opacity":"","overlay-gradient":""},"tablet":{"background-color":"var(--ast-global-color-5)","background-image":"","background-repeat":"repeat","background-position":"center center","background-size":"auto","background-attachment":"scroll","background-type":"","background-media":"","overlay-type":"","overlay-color":"","overlay-opacity":"","overlay-gradient":""},"mobile":{"background-color":"var(--ast-global-color-5)","background-image":"","background-repeat":"repeat","background-position":"center center","background-size":"auto","background-attachment":"scroll","background-type":"","background-media":"","overlay-type":"","overlay-color":"","overlay-opacity":"","overlay-gradient":""}},"footnotes":""},"categories":[1060,1066],"tags":[],"class_list":["post-77274","post","type-post","status-publish","format-standard","hentry","category-notes-premsa","category-sense-categoria-ca"],"yoast_head":"<!-- This site is optimized with the Yoast SEO plugin v22.4 - https:\/\/yoast.com\/wordpress\/plugins\/seo\/ -->\n<title>Salut Madrid estendr\u00e0 el seu model de col\u00b7laboraci\u00f3 de centres d&#039;AP i farm\u00e0cies - Col\u00b7legi de Farmac\u00e8utics de Barcelona<\/title>\n<meta name=\"robots\" content=\"index, follow, max-snippet:-1, max-image-preview:large, max-video-preview:-1\" \/>\n<link rel=\"canonical\" href=\"https:\/\/novaorg.cofb.net\/2018\/03\/15\/salut-madrid-estendra-el-seu-model-de-collaboracio-de-centres-dap-i-farmacies\/\" \/>\n<meta property=\"og:locale\" content=\"es_ES\" \/>\n<meta property=\"og:type\" content=\"article\" \/>\n<meta property=\"og:title\" content=\"Salut Madrid estendr\u00e0 el seu model de col\u00b7laboraci\u00f3 de centres d&#039;AP i farm\u00e0cies - Col\u00b7legi de Farmac\u00e8utics de Barcelona\" \/>\n<meta property=\"og:description\" content=\"\u00a0 Farmac\u00e8utics, pacients i Administraci\u00f3 impulsen actuacions conjuntes a la Comunitat de Madrid Farm\u00e0cia, administraci\u00f3 i associacions de pacients van acreditar ahir la necessitat d&#8217;obrir nous espais de col\u2022laboraci\u00f3 i canals de comunicaci\u00f3 en benefici dels pacients que tinguin en compte la formaci\u00f3 especialitzada dels farmac\u00e8utics en l&#8217;\u00fas dels medicaments [&hellip;]\" \/>\n<meta property=\"og:url\" content=\"https:\/\/novaorg.cofb.net\/2018\/03\/15\/salut-madrid-estendra-el-seu-model-de-collaboracio-de-centres-dap-i-farmacies\/\" \/>\n<meta property=\"og:site_name\" content=\"Col\u00b7legi de Farmac\u00e8utics de Barcelona\" \/>\n<meta property=\"article:publisher\" content=\"https:\/\/www.facebook.com\/farmaceuticsbcn\/\" \/>\n<meta property=\"article:published_time\" content=\"2018-03-15T10:56:00+00:00\" \/>\n<meta name=\"author\" content=\"wpAdminCofbOrg\" \/>\n<meta name=\"twitter:card\" content=\"summary_large_image\" \/>\n<meta name=\"twitter:creator\" content=\"@farmaceuticsbcn\" \/>\n<meta name=\"twitter:site\" content=\"@farmaceuticsbcn\" \/>\n<meta name=\"twitter:label1\" content=\"Escrito por\" \/>\n\t<meta name=\"twitter:data1\" content=\"wpAdminCofbOrg\" \/>\n\t<meta name=\"twitter:label2\" content=\"Tiempo de lectura\" \/>\n\t<meta name=\"twitter:data2\" content=\"9 minutos\" \/>\n<script type=\"application\/ld+json\" class=\"yoast-schema-graph\">{\"@context\":\"https:\/\/schema.org\",\"@graph\":[{\"@type\":\"Article\",\"@id\":\"https:\/\/novaorg.cofb.net\/2018\/03\/15\/salut-madrid-estendra-el-seu-model-de-collaboracio-de-centres-dap-i-farmacies\/#article\",\"isPartOf\":{\"@id\":\"https:\/\/novaorg.cofb.net\/2018\/03\/15\/salut-madrid-estendra-el-seu-model-de-collaboracio-de-centres-dap-i-farmacies\/\"},\"author\":{\"name\":\"wpAdminCofbOrg\",\"@id\":\"https:\/\/www.cofb.org\/#\/schema\/person\/22ed7eea88da74b0fa4d3154ad87ffcb\"},\"headline\":\"Salut Madrid estendr\u00e0 el seu model de col\u00b7laboraci\u00f3 de centres d&#8217;AP i farm\u00e0cies\",\"datePublished\":\"2018-03-15T10:56:00+00:00\",\"dateModified\":\"2018-03-15T10:56:00+00:00\",\"mainEntityOfPage\":{\"@id\":\"https:\/\/novaorg.cofb.net\/2018\/03\/15\/salut-madrid-estendra-el-seu-model-de-collaboracio-de-centres-dap-i-farmacies\/\"},\"wordCount\":1882,\"publisher\":{\"@id\":\"https:\/\/www.cofb.org\/#organization\"},\"articleSection\":[\"Notes de premsa\",\"Sense categoria\"],\"inLanguage\":\"es\"},{\"@type\":\"WebPage\",\"@id\":\"https:\/\/novaorg.cofb.net\/2018\/03\/15\/salut-madrid-estendra-el-seu-model-de-collaboracio-de-centres-dap-i-farmacies\/\",\"url\":\"https:\/\/novaorg.cofb.net\/2018\/03\/15\/salut-madrid-estendra-el-seu-model-de-collaboracio-de-centres-dap-i-farmacies\/\",\"name\":\"Salut Madrid estendr\u00e0 el seu model de col\u00b7laboraci\u00f3 de centres d'AP i farm\u00e0cies - Col\u00b7legi de Farmac\u00e8utics de Barcelona\",\"isPartOf\":{\"@id\":\"https:\/\/www.cofb.org\/#website\"},\"datePublished\":\"2018-03-15T10:56:00+00:00\",\"dateModified\":\"2018-03-15T10:56:00+00:00\",\"breadcrumb\":{\"@id\":\"https:\/\/novaorg.cofb.net\/2018\/03\/15\/salut-madrid-estendra-el-seu-model-de-collaboracio-de-centres-dap-i-farmacies\/#breadcrumb\"},\"inLanguage\":\"es\",\"potentialAction\":[{\"@type\":\"ReadAction\",\"target\":[\"https:\/\/novaorg.cofb.net\/2018\/03\/15\/salut-madrid-estendra-el-seu-model-de-collaboracio-de-centres-dap-i-farmacies\/\"]}]},{\"@type\":\"BreadcrumbList\",\"@id\":\"https:\/\/novaorg.cofb.net\/2018\/03\/15\/salut-madrid-estendra-el-seu-model-de-collaboracio-de-centres-dap-i-farmacies\/#breadcrumb\",\"itemListElement\":[{\"@type\":\"ListItem\",\"position\":1,\"name\":\"Inici\",\"item\":\"https:\/\/novaorg.cofb.net\/\"},{\"@type\":\"ListItem\",\"position\":2,\"name\":\"Salut Madrid estendr\u00e0 el seu model de col\u00b7laboraci\u00f3 de centres d&#8217;AP i farm\u00e0cies\"}]},{\"@type\":\"WebSite\",\"@id\":\"https:\/\/www.cofb.org\/#website\",\"url\":\"https:\/\/www.cofb.org\/\",\"name\":\"Col\u00b7legi de Farmac\u00e8utics de Barcelona\",\"description\":\"\",\"publisher\":{\"@id\":\"https:\/\/www.cofb.org\/#organization\"},\"potentialAction\":[{\"@type\":\"SearchAction\",\"target\":{\"@type\":\"EntryPoint\",\"urlTemplate\":\"https:\/\/www.cofb.org\/?s={search_term_string}\"},\"query-input\":\"required name=search_term_string\"}],\"inLanguage\":\"es\"},{\"@type\":\"Organization\",\"@id\":\"https:\/\/www.cofb.org\/#organization\",\"name\":\"Col\u00b7legi de Farmac\u00e8utics de Barcelona\",\"url\":\"https:\/\/www.cofb.org\/\",\"logo\":{\"@type\":\"ImageObject\",\"inLanguage\":\"es\",\"@id\":\"https:\/\/www.cofb.org\/#\/schema\/logo\/image\/\",\"url\":\"https:\/\/www.cofb.org\/wp-content\/uploads\/2023\/11\/cropped-Logotip-COFB.png\",\"contentUrl\":\"https:\/\/www.cofb.org\/wp-content\/uploads\/2023\/11\/cropped-Logotip-COFB.png\",\"width\":500,\"height\":105,\"caption\":\"Col\u00b7legi de Farmac\u00e8utics de Barcelona\"},\"image\":{\"@id\":\"https:\/\/www.cofb.org\/#\/schema\/logo\/image\/\"},\"sameAs\":[\"https:\/\/www.facebook.com\/farmaceuticsbcn\/\",\"https:\/\/twitter.com\/farmaceuticsbcn\",\"https:\/\/www.instagram.com\/farmaceuticsbcn\/\",\"https:\/\/www.linkedin.com\/company\/farmaceuticsbcn\/\"]},{\"@type\":\"Person\",\"@id\":\"https:\/\/www.cofb.org\/#\/schema\/person\/22ed7eea88da74b0fa4d3154ad87ffcb\",\"name\":\"wpAdminCofbOrg\",\"image\":{\"@type\":\"ImageObject\",\"inLanguage\":\"es\",\"@id\":\"https:\/\/www.cofb.org\/#\/schema\/person\/image\/\",\"url\":\"https:\/\/secure.gravatar.com\/avatar\/1721b20b3b8ca882c3b56ec6c978c594fff670e40c0718e9190eaeeb76aae7d8?s=96&d=mm&r=g\",\"contentUrl\":\"https:\/\/secure.gravatar.com\/avatar\/1721b20b3b8ca882c3b56ec6c978c594fff670e40c0718e9190eaeeb76aae7d8?s=96&d=mm&r=g\",\"caption\":\"wpAdminCofbOrg\"},\"sameAs\":[\"http:\/\/192.168.64.122\/wordpress\"],\"url\":\"https:\/\/www.cofb.org\/es\/author\/wpadmincofborg\/\"}]}<\/script>\n<!-- \/ Yoast SEO plugin. -->","yoast_head_json":{"title":"Salut Madrid estendr\u00e0 el seu model de col\u00b7laboraci\u00f3 de centres d'AP i farm\u00e0cies - Col\u00b7legi de Farmac\u00e8utics de Barcelona","robots":{"index":"index","follow":"follow","max-snippet":"max-snippet:-1","max-image-preview":"max-image-preview:large","max-video-preview":"max-video-preview:-1"},"canonical":"https:\/\/novaorg.cofb.net\/2018\/03\/15\/salut-madrid-estendra-el-seu-model-de-collaboracio-de-centres-dap-i-farmacies\/","og_locale":"es_ES","og_type":"article","og_title":"Salut Madrid estendr\u00e0 el seu model de col\u00b7laboraci\u00f3 de centres d'AP i farm\u00e0cies - Col\u00b7legi de Farmac\u00e8utics de Barcelona","og_description":"\u00a0 Farmac\u00e8utics, pacients i Administraci\u00f3 impulsen actuacions conjuntes a la Comunitat de Madrid Farm\u00e0cia, administraci\u00f3 i associacions de pacients van acreditar ahir la necessitat d&#8217;obrir nous espais de col\u2022laboraci\u00f3 i canals de comunicaci\u00f3 en benefici dels pacients que tinguin en compte la formaci\u00f3 especialitzada dels farmac\u00e8utics en l&#8217;\u00fas dels medicaments [&hellip;]","og_url":"https:\/\/novaorg.cofb.net\/2018\/03\/15\/salut-madrid-estendra-el-seu-model-de-collaboracio-de-centres-dap-i-farmacies\/","og_site_name":"Col\u00b7legi de Farmac\u00e8utics de Barcelona","article_publisher":"https:\/\/www.facebook.com\/farmaceuticsbcn\/","article_published_time":"2018-03-15T10:56:00+00:00","author":"wpAdminCofbOrg","twitter_card":"summary_large_image","twitter_creator":"@farmaceuticsbcn","twitter_site":"@farmaceuticsbcn","twitter_misc":{"Escrito por":"wpAdminCofbOrg","Tiempo de lectura":"9 minutos"},"schema":{"@context":"https:\/\/schema.org","@graph":[{"@type":"Article","@id":"https:\/\/novaorg.cofb.net\/2018\/03\/15\/salut-madrid-estendra-el-seu-model-de-collaboracio-de-centres-dap-i-farmacies\/#article","isPartOf":{"@id":"https:\/\/novaorg.cofb.net\/2018\/03\/15\/salut-madrid-estendra-el-seu-model-de-collaboracio-de-centres-dap-i-farmacies\/"},"author":{"name":"wpAdminCofbOrg","@id":"https:\/\/www.cofb.org\/#\/schema\/person\/22ed7eea88da74b0fa4d3154ad87ffcb"},"headline":"Salut Madrid estendr\u00e0 el seu model de col\u00b7laboraci\u00f3 de centres d&#8217;AP i farm\u00e0cies","datePublished":"2018-03-15T10:56:00+00:00","dateModified":"2018-03-15T10:56:00+00:00","mainEntityOfPage":{"@id":"https:\/\/novaorg.cofb.net\/2018\/03\/15\/salut-madrid-estendra-el-seu-model-de-collaboracio-de-centres-dap-i-farmacies\/"},"wordCount":1882,"publisher":{"@id":"https:\/\/www.cofb.org\/#organization"},"articleSection":["Notes de premsa","Sense categoria"],"inLanguage":"es"},{"@type":"WebPage","@id":"https:\/\/novaorg.cofb.net\/2018\/03\/15\/salut-madrid-estendra-el-seu-model-de-collaboracio-de-centres-dap-i-farmacies\/","url":"https:\/\/novaorg.cofb.net\/2018\/03\/15\/salut-madrid-estendra-el-seu-model-de-collaboracio-de-centres-dap-i-farmacies\/","name":"Salut Madrid estendr\u00e0 el seu model de col\u00b7laboraci\u00f3 de centres d'AP i farm\u00e0cies - Col\u00b7legi de Farmac\u00e8utics de Barcelona","isPartOf":{"@id":"https:\/\/www.cofb.org\/#website"},"datePublished":"2018-03-15T10:56:00+00:00","dateModified":"2018-03-15T10:56:00+00:00","breadcrumb":{"@id":"https:\/\/novaorg.cofb.net\/2018\/03\/15\/salut-madrid-estendra-el-seu-model-de-collaboracio-de-centres-dap-i-farmacies\/#breadcrumb"},"inLanguage":"es","potentialAction":[{"@type":"ReadAction","target":["https:\/\/novaorg.cofb.net\/2018\/03\/15\/salut-madrid-estendra-el-seu-model-de-collaboracio-de-centres-dap-i-farmacies\/"]}]},{"@type":"BreadcrumbList","@id":"https:\/\/novaorg.cofb.net\/2018\/03\/15\/salut-madrid-estendra-el-seu-model-de-collaboracio-de-centres-dap-i-farmacies\/#breadcrumb","itemListElement":[{"@type":"ListItem","position":1,"name":"Inici","item":"https:\/\/novaorg.cofb.net\/"},{"@type":"ListItem","position":2,"name":"Salut Madrid estendr\u00e0 el seu model de col\u00b7laboraci\u00f3 de centres d&#8217;AP i farm\u00e0cies"}]},{"@type":"WebSite","@id":"https:\/\/www.cofb.org\/#website","url":"https:\/\/www.cofb.org\/","name":"Col\u00b7legi de Farmac\u00e8utics de Barcelona","description":"","publisher":{"@id":"https:\/\/www.cofb.org\/#organization"},"potentialAction":[{"@type":"SearchAction","target":{"@type":"EntryPoint","urlTemplate":"https:\/\/www.cofb.org\/?s={search_term_string}"},"query-input":"required name=search_term_string"}],"inLanguage":"es"},{"@type":"Organization","@id":"https:\/\/www.cofb.org\/#organization","name":"Col\u00b7legi de Farmac\u00e8utics de Barcelona","url":"https:\/\/www.cofb.org\/","logo":{"@type":"ImageObject","inLanguage":"es","@id":"https:\/\/www.cofb.org\/#\/schema\/logo\/image\/","url":"https:\/\/www.cofb.org\/wp-content\/uploads\/2023\/11\/cropped-Logotip-COFB.png","contentUrl":"https:\/\/www.cofb.org\/wp-content\/uploads\/2023\/11\/cropped-Logotip-COFB.png","width":500,"height":105,"caption":"Col\u00b7legi de Farmac\u00e8utics de Barcelona"},"image":{"@id":"https:\/\/www.cofb.org\/#\/schema\/logo\/image\/"},"sameAs":["https:\/\/www.facebook.com\/farmaceuticsbcn\/","https:\/\/twitter.com\/farmaceuticsbcn","https:\/\/www.instagram.com\/farmaceuticsbcn\/","https:\/\/www.linkedin.com\/company\/farmaceuticsbcn\/"]},{"@type":"Person","@id":"https:\/\/www.cofb.org\/#\/schema\/person\/22ed7eea88da74b0fa4d3154ad87ffcb","name":"wpAdminCofbOrg","image":{"@type":"ImageObject","inLanguage":"es","@id":"https:\/\/www.cofb.org\/#\/schema\/person\/image\/","url":"https:\/\/secure.gravatar.com\/avatar\/1721b20b3b8ca882c3b56ec6c978c594fff670e40c0718e9190eaeeb76aae7d8?s=96&d=mm&r=g","contentUrl":"https:\/\/secure.gravatar.com\/avatar\/1721b20b3b8ca882c3b56ec6c978c594fff670e40c0718e9190eaeeb76aae7d8?s=96&d=mm&r=g","caption":"wpAdminCofbOrg"},"sameAs":["http:\/\/192.168.64.122\/wordpress"],"url":"https:\/\/www.cofb.org\/es\/author\/wpadmincofborg\/"}]}},"uagb_featured_image_src":{"full":false,"thumbnail":false,"medium":false,"medium_large":false,"large":false,"1536x1536":false,"2048x2048":false,"trp-custom-language-flag":false},"uagb_author_info":{"display_name":"wpAdminCofbOrg","author_link":"https:\/\/www.cofb.org\/es\/author\/wpadmincofborg\/"},"uagb_comment_info":0,"uagb_excerpt":"\u00a0 Farmac\u00e8utics, pacients i Administraci\u00f3 impulsen actuacions conjuntes a la Comunitat de Madrid Farm\u00e0cia, administraci\u00f3 i associacions de pacients van acreditar ahir la necessitat d&#8217;obrir nous espais de col\u2022laboraci\u00f3 i canals de comunicaci\u00f3 en benefici dels pacients que tinguin en compte la formaci\u00f3 especialitzada dels farmac\u00e8utics en l&#8217;\u00fas dels medicaments [&hellip;]","_links":{"self":[{"href":"https:\/\/www.cofb.org\/es\/wp-json\/wp\/v2\/posts\/77274","targetHints":{"allow":["GET"]}}],"collection":[{"href":"https:\/\/www.cofb.org\/es\/wp-json\/wp\/v2\/posts"}],"about":[{"href":"https:\/\/www.cofb.org\/es\/wp-json\/wp\/v2\/types\/post"}],"author":[{"embeddable":true,"href":"https:\/\/www.cofb.org\/es\/wp-json\/wp\/v2\/users\/1"}],"replies":[{"embeddable":true,"href":"https:\/\/www.cofb.org\/es\/wp-json\/wp\/v2\/comments?post=77274"}],"version-history":[{"count":0,"href":"https:\/\/www.cofb.org\/es\/wp-json\/wp\/v2\/posts\/77274\/revisions"}],"wp:attachment":[{"href":"https:\/\/www.cofb.org\/es\/wp-json\/wp\/v2\/media?parent=77274"}],"wp:term":[{"taxonomy":"category","embeddable":true,"href":"https:\/\/www.cofb.org\/es\/wp-json\/wp\/v2\/categories?post=77274"},{"taxonomy":"post_tag","embeddable":true,"href":"https:\/\/www.cofb.org\/es\/wp-json\/wp\/v2\/tags?post=77274"}],"curies":[{"name":"wp","href":"https:\/\/api.w.org\/{rel}","templated":true}]}}