{"id":77272,"date":"2018-03-16T10:16:00","date_gmt":"2018-03-16T10:16:00","guid":{"rendered":"https:\/\/novaorg.cofb.net\/2018\/03\/16\/el-caixaforum-acull-la-jornada-amb-motiu-del-dia-mundial-contra-el-cancer-de-colon-i-recte-a-la-ciutat-de-barcelona\/"},"modified":"2018-03-16T10:16:00","modified_gmt":"2018-03-16T10:16:00","slug":"el-caixaforum-acull-la-jornada-amb-motiu-del-dia-mundial-contra-el-cancer-de-colon-i-recte-a-la-ciutat-de-barcelona","status":"publish","type":"post","link":"https:\/\/www.cofb.org\/es\/2018\/03\/16\/el-caixaforum-acull-la-jornada-amb-motiu-del-dia-mundial-contra-el-cancer-de-colon-i-recte-a-la-ciutat-de-barcelona\/","title":{"rendered":"CaixaForum acoge la Jornada con motivo del D\u00eda Mundial contra el c\u00e1ncer de colon y recto en la ciudad de Barcelona"},"content":{"rendered":"<p>\u00a0<\/p>\n<ul>\n<li><strong>La Jornada, que tendr\u00e1 lugar el pr\u00f3ximo martes, de 17 a 20h, lleva como lema &#039;Actuamos por la prevenci\u00f3n&#039;<\/strong><\/li>\n<li><strong>El Programa de detecci\u00f3n precoz de c\u00e1ncer de colon y recto funciona desde 2010 en Barcelona y ya ha finalizado su despliegue en toda la ciudad, invitando a una poblaci\u00f3n de m\u00e1s de 400.000 hombres y mujeres<\/strong><\/li>\n<\/ul>\n<div>El pr\u00f3ximo 31 de marzo tendr\u00e1 lugar el D\u00eda Mundial contra el c\u00e1ncer de colon, enfermedad frecuente a partir de los 50 a\u00f1os. Es el c\u00e1ncer m\u00e1s frecuente en el conjunto de hombres y mujeres en Catalu\u00f1a, con unos 6.000 nuevos casos cada a\u00f1o, y la segunda causa de muerte por c\u00e1ncer.<\/div>\n<div>\u00a0<\/div>\n<div>Para dar a conocer la labor del Programa de detecci\u00f3n precoz del c\u00e1ncer de colon y recto en la ciudad de Barcelona, en marcha desde 2010, se ha organizado una Jornada de car\u00e1cter divulgativo, el pr\u00f3ximo martes 20 de marzo a las 17h en CaixaForum Barcelona, dirigida tanto al p\u00fablico en general como a los profesionales de la salud que est\u00e9n interesados.<\/div>\n<div>\u00a0<\/div>\n<div>\u00a0En la Jornada, que lleva como lema &#039;Actuamos por la prevenci\u00f3n&#039;, se contar\u00e1 con la participaci\u00f3n de profesionales sanitarios implicados en el Programa y con la actuaci\u00f3n teatral del grupo La Piscifactoria dirigido por Cristian Ll\u00e0cer. Los detalles se pueden consultar a trav\u00e9s de la<span>\u00a0<\/span><a href=\"http:\/\/www.prevenciocolonbcn.org\/ca\/jornada-actuem-per-la-prevencio\/\" target=\"_blank\" rel=\"noopener\">web<\/a><span>\u00a0<\/span>del Programa. La asistencia es gratuita pero es necesaria inscripci\u00f3n, que se puede hacer desde este<span>\u00a0<\/span><a href=\"https:\/\/docs.google.com\/forms\/d\/14S0OxdzV_mlwJ_Q2hz3zkJuVLZ20fWD5FX65-Zzj6PA\/viewform?edit_requested=true\" target=\"_blank\" rel=\"noopener\">enlace<\/a>.<\/div>\n<div>\u00a0<\/div>\n<div><strong>El programa en la ciudad de Barcelona\u00a0<\/strong><\/div>\n<div>En 2010, la ciudad de Barcelona fue piloto en poner en marcha el Programa de detecci\u00f3n precoz de c\u00e1ncer de colon y recto empezando por las \u00e1reas integrales de salud Barcelona Esquerra y Barcelona Litoral Mar. Est\u00e1 dirigido a hombres y mujeres de 50 a 69 a\u00f1os, per\u00edodo de edad en el que la detecci\u00f3n precoz se ha demostrado beneficiosa. Este 2018 el Programa ya ha finalizado su despliegue en toda la ciudad de Barcelona, invitando a una poblaci\u00f3n de m\u00e1s de 400.000 hombres y mujeres.<\/div>\n<div>\u00a0<\/div>\n<div>\u00c9stas son las pr\u00f3ximas<span>\u00a0<\/span><strong>\u00c1reas B\u00e1sicas de Salud<span>\u00a0<\/span><\/strong>donde el Programa volver\u00e1 a estar activo:<\/div>\n<div>\u00a0<\/div>\n<div><img fetchpriority=\"high\" decoding=\"async\" alt=\"\" height=\"360\" src=\"http:\/\/www.cofb.org\/image\/image_gallery?uuid=2f564195-3407-4302-bcec-6535de239347&amp;groupId=10136&amp;t=1521211219235\" width=\"506\"><\/div>\n<div>Con el fin de informar de forma m\u00e1s adecuada sobre el Programa, la Oficina T\u00e9cnica de Barcelona ha renovado su p\u00e1gina web, adapt\u00e1ndola al formato responsivo con la voluntad de ofrecer un acceso m\u00e1s directo a la informaci\u00f3n, tanto a la ciudadan\u00eda por lo general como a los profesionales que est\u00e1n interesados en el Programa. Se pueden comprobar estos cambios en la misma direcci\u00f3n que ten\u00eda antes:<span>\u00a0<\/span><a href=\"http:\/\/www.prevenciocolonbcn.org\/ca\/\" target=\"_blank\" rel=\"noopener\">http:\/\/www.prevenciocolonbcn.org\/ca\/.<\/a><\/div>\n<div>\n<strong>C\u00f3mo prevenir el c\u00e1ncer de colon y recto<\/strong><br \/>\nAunque no existe ning\u00fan c\u00e1ncer que pueda prevenirse completamente, en el caso del c\u00e1ncer de colon y recto el largo intervalo que transcurre desde el inicio del proceso hasta el desarrollo de un c\u00e1ncer invasivo permite diferentes medidas de prevenci\u00f3n que podr\u00edan reducir el riesgo de desarrollar este tipo de c\u00e1ncer. Estas medidas pasan por promover cambios en el estilo de vida dirigidos a reducir los factores de riesgo y potenciar los factores protectores (seguir una dieta rica en fruta, verdura y productos l\u00e1cteos; hacer ejercicio; no fumar, etc.). Un aspecto importante para la prevenci\u00f3n consiste en la participaci\u00f3n en programas de detecci\u00f3n precoz, que permiten diagnosticar lesiones premalignas de colon y reducir su mortalidad.<\/div>\n<div>\u00a0<\/div>\n<div>La mayor\u00eda de c\u00e1nceres colorectales se desarrollan a partir de unas lesiones precancerosas llamadas p\u00f3lipos adenomatosos. Tanto los p\u00f3lipos como los c\u00e1nceres sangran de forma intermitente y es esta sangre la que puede detectarse a trav\u00e9s de la prueba que ofrece el Programa de detecci\u00f3n precoz de c\u00e1ncer de colon y recto. Si el c\u00e1ncer se detecta en una fase inicial es m\u00e1s f\u00e1cil de tratar y poder curar, ya que uno de los problemas de este tumor es que puede desarrollarse durante meses sin producir ninguna molestia. \u00c9ste es, probablemente, uno de los mejores ejemplos de c\u00f3mo la detecci\u00f3n precoz mejora el pron\u00f3stico de la enfermedad y reduce la agresividad de los tratamientos.<\/div>\n<p>\u00a0La Jornada, que tendr\u00e1 lugar el pr\u00f3ximo martes, de 17 a 20h, lleva como lema &#039;Actuamos por la prevenci\u00f3n&#039;<br \/>\n\tEl Programa de detecci\u00f3n precoz de c\u00e1ncer de colon y recto funciona desde 2010 en Barcelona y ya ha finalizado su despliegue en toda la ciudad, invitando a una poblaci\u00f3n de m\u00e1s de 400.000 hombres y mujeres<\/p>\n<p>El pr\u00f3ximo 31 de marzo tendr\u00e1 lugar el D\u00eda Mundial contra el c\u00e1ncer de colon, enfermedad frecuente a partir de los 50 a\u00f1os. Es el c\u00e1ncer m\u00e1s frecuente en el conjunto de hombres y mujeres en Catalu\u00f1a, con unos 6.000 nuevos casos cada a\u00f1o, y la segunda causa de muerte por c\u00e1ncer.<\/p>\n<p>\u00a0<\/p>\n<p>Para dar a conocer la labor del Programa de detecci\u00f3n precoz del c\u00e1ncer de colon y recto en la ciudad de Barcelona, en marcha desde 2010, se ha organizado una Jornada de car\u00e1cter divulgativo, el pr\u00f3ximo martes 20 de marzo a las 17h en CaixaForum Barcelona, dirigida tanto al p\u00fablico en general como a los profesionales de la salud que est\u00e9n interesados.<\/p>\n<p>\u00a0<\/p>\n<p>\u00a0En la Jornada, que lleva como lema &#039;Actuamos por la prevenci\u00f3n&#039;, se contar\u00e1 con la participaci\u00f3n de profesionales sanitarios implicados en el Programa y con la actuaci\u00f3n teatral del grupo La Piscifactoria dirigido por Cristian Ll\u00e0cer. Los detalles pueden consultarse a trav\u00e9s de la web del Programa. La asistencia es gratuita pero es necesaria inscripci\u00f3n, que se puede hacer desde este enlace.<\/p>\n<p>\u00a0<\/p>\n<p>El programa en la ciudad de Barcelona\u00a0<\/p>\n<p>En 2010, la ciudad de Barcelona fue piloto en poner en marcha el Programa de detecci\u00f3n precoz de c\u00e1ncer de colon y recto empezando por las \u00e1reas integrales de salud Barcelona Esquerra y Barcelona Litoral Mar. Est\u00e1 dirigido a hombres y mujeres de 50 a 69 a\u00f1os, per\u00edodo de edad en el que la detecci\u00f3n precoz se ha demostrado beneficiosa. Este 2018 el Programa ya ha finalizado su despliegue en toda la ciudad de Barcelona, invitando a una poblaci\u00f3n de m\u00e1s de 400.000 hombres y mujeres.<\/p>\n<p>\u00a0<\/p>\n<p>\u00c9stas son las pr\u00f3ximas \u00c1reas B\u00e1sicas de Salud donde el Programa volver\u00e1 a estar activo:<\/p>\n<p>\u00a0<\/p>\n<p>Con el fin de informar de forma m\u00e1s adecuada sobre el Programa, la Oficina T\u00e9cnica de Barcelona ha renovado su p\u00e1gina web, adapt\u00e1ndola al formato responsivo con la voluntad de ofrecer un acceso m\u00e1s directo a la informaci\u00f3n, tanto a la ciudadan\u00eda por lo general como a los profesionales que est\u00e1n interesados en el Programa. Pueden comprobarse estos cambios en la misma direcci\u00f3n que ten\u00eda antes: http:\/\/www.prevenciocolonbcn.org\/ca\/.<\/p>\n<p>C\u00f3mo prevenir el c\u00e1ncer de colon y recto<br \/>\nAunque no existe ning\u00fan c\u00e1ncer que pueda prevenirse completamente, en el caso del c\u00e1ncer de colon y recto el largo intervalo que transcurre desde el inicio del proceso hasta el desarrollo de un c\u00e1ncer invasivo permite diferentes medidas de prevenci\u00f3n que podr\u00edan reducir el riesgo de desarrollar este tipo de c\u00e1ncer. Estas medidas pasan por promover cambios en el estilo de vida dirigidos a reducir los factores de riesgo y potenciar los factores protectores (seguir una dieta rica en fruta, verdura y productos l\u00e1cteos; hacer ejercicio; no fumar, etc.). Un aspecto importante para la prevenci\u00f3n consiste en la participaci\u00f3n en programas de detecci\u00f3n precoz, que permiten diagnosticar lesiones premalignas de colon y reducir su mortalidad.<\/p>\n<p>\u00a0<\/p>\n<p>La mayor\u00eda de c\u00e1nceres colorectales se desarrollan a partir de unas lesiones precancerosas llamadas p\u00f3lipos adenomatosos. Tanto los p\u00f3lipos como los c\u00e1nceres sangran de forma intermitente y es esta sangre la que puede detectarse a trav\u00e9s de la prueba que ofrece el Programa de detecci\u00f3n precoz de c\u00e1ncer de colon y recto. Si el c\u00e1ncer se detecta en una fase inicial es m\u00e1s f\u00e1cil de tratar y poder curar, ya que uno de los problemas de este tumor es que puede desarrollarse durante meses sin producir ninguna molestia. \u00c9ste es, probablemente, uno de los mejores ejemplos de c\u00f3mo la detecci\u00f3n precoz mejora el pron\u00f3stico de la enfermedad y reduce la agresividad de los tratamientos.  COFB.ORG<\/p>","protected":false},"excerpt":{"rendered":"<p>\u00a0 La Jornada, que tendr\u00e1 lugar el pr\u00f3ximo martes, de 17 a 20h, lleva como lema &#039;Actuamos por la prevenci\u00f3n&#039; El Programa de detecci\u00f3n precoz de c\u00e1ncer de colon y recto funciona desde 2010 en Barcelona y ya ha finalizado su despliegue en toda la ciudad, invitando [\u2026 ]<\/p>","protected":false},"author":1,"featured_media":0,"comment_status":"","ping_status":"","sticky":false,"template":"","format":"standard","meta":{"_uag_custom_page_level_css":"","site-sidebar-layout":"default","site-content-layout":"","ast-site-content-layout":"default","site-content-style":"default","site-sidebar-style":"default","ast-global-header-display":"","ast-banner-title-visibility":"","ast-main-header-display":"","ast-hfb-above-header-display":"","ast-hfb-below-header-display":"","ast-hfb-mobile-header-display":"","site-post-title":"","ast-breadcrumbs-content":"","ast-featured-img":"disabled","footer-sml-layout":"","theme-transparent-header-meta":"","adv-header-id-meta":"","stick-header-meta":"","header-above-stick-meta":"","header-main-stick-meta":"","header-below-stick-meta":"","astra-migrate-meta-layouts":"default","ast-page-background-enabled":"default","ast-page-background-meta":{"desktop":{"background-color":"var(--ast-global-color-4)","background-image":"","background-repeat":"repeat","background-position":"center center","background-size":"auto","background-attachment":"scroll","background-type":"","background-media":"","overlay-type":"","overlay-color":"","overlay-opacity":"","overlay-gradient":""},"tablet":{"background-color":"","background-image":"","background-repeat":"repeat","background-position":"center center","background-size":"auto","background-attachment":"scroll","background-type":"","background-media":"","overlay-type":"","overlay-color":"","overlay-opacity":"","overlay-gradient":""},"mobile":{"background-color":"","background-image":"","background-repeat":"repeat","background-position":"center center","background-size":"auto","background-attachment":"scroll","background-type":"","background-media":"","overlay-type":"","overlay-color":"","overlay-opacity":"","overlay-gradient":""}},"ast-content-background-meta":{"desktop":{"background-color":"var(--ast-global-color-5)","background-image":"","background-repeat":"repeat","background-position":"center center","background-size":"auto","background-attachment":"scroll","background-type":"","background-media":"","overlay-type":"","overlay-color":"","overlay-opacity":"","overlay-gradient":""},"tablet":{"background-color":"var(--ast-global-color-5)","background-image":"","background-repeat":"repeat","background-position":"center center","background-size":"auto","background-attachment":"scroll","background-type":"","background-media":"","overlay-type":"","overlay-color":"","overlay-opacity":"","overlay-gradient":""},"mobile":{"background-color":"var(--ast-global-color-5)","background-image":"","background-repeat":"repeat","background-position":"center center","background-size":"auto","background-attachment":"scroll","background-type":"","background-media":"","overlay-type":"","overlay-color":"","overlay-opacity":"","overlay-gradient":""}},"footnotes":""},"categories":[1060,1066],"tags":[],"class_list":["post-77272","post","type-post","status-publish","format-standard","hentry","category-notes-premsa","category-sense-categoria-ca"],"yoast_head":"<!-- This site is optimized with the Yoast SEO plugin v22.4 - https:\/\/yoast.com\/wordpress\/plugins\/seo\/ -->\n<title>El CaixaForum acull la Jornada amb motiu del Dia Mundial contra el c\u00e0ncer de c\u00f2lon i recte a la ciutat de Barcelona - Col\u00b7legi de Farmac\u00e8utics de Barcelona<\/title>\n<meta name=\"robots\" content=\"index, follow, max-snippet:-1, max-image-preview:large, max-video-preview:-1\" \/>\n<link rel=\"canonical\" href=\"https:\/\/novaorg.cofb.net\/2018\/03\/16\/el-caixaforum-acull-la-jornada-amb-motiu-del-dia-mundial-contra-el-cancer-de-colon-i-recte-a-la-ciutat-de-barcelona\/\" \/>\n<meta property=\"og:locale\" content=\"es_ES\" \/>\n<meta property=\"og:type\" content=\"article\" \/>\n<meta property=\"og:title\" content=\"El CaixaForum acull la Jornada amb motiu del Dia Mundial contra el c\u00e0ncer de c\u00f2lon i recte a la ciutat de Barcelona - Col\u00b7legi de Farmac\u00e8utics de Barcelona\" \/>\n<meta property=\"og:description\" content=\"\u00a0 La Jornada, que tindr\u00e0 lloc el proper dimarts, de 17 a 20h, porta com a lema \u2018Actuem per la prevenci\u00f3\u2019 El Programa de detecci\u00f3 preco\u00e7 de c\u00e0ncer de c\u00f2lon i recte funciona des del 2010 a Barcelona i ja ha finalitzat el seu desplegament a tota la ciutat, convidant [&hellip;]\" \/>\n<meta property=\"og:url\" content=\"https:\/\/novaorg.cofb.net\/2018\/03\/16\/el-caixaforum-acull-la-jornada-amb-motiu-del-dia-mundial-contra-el-cancer-de-colon-i-recte-a-la-ciutat-de-barcelona\/\" \/>\n<meta property=\"og:site_name\" content=\"Col\u00b7legi de Farmac\u00e8utics de Barcelona\" \/>\n<meta property=\"article:publisher\" content=\"https:\/\/www.facebook.com\/farmaceuticsbcn\/\" \/>\n<meta property=\"article:published_time\" content=\"2018-03-16T10:16:00+00:00\" \/>\n<meta property=\"og:image\" content=\"http:\/\/www.cofb.org\/image\/image_gallery?uuid=2f564195-3407-4302-bcec-6535de239347&amp;groupId=10136&amp;t=1521211219235\" \/>\n<meta name=\"author\" content=\"wpAdminCofbOrg\" \/>\n<meta name=\"twitter:card\" content=\"summary_large_image\" \/>\n<meta name=\"twitter:creator\" content=\"@farmaceuticsbcn\" \/>\n<meta name=\"twitter:site\" content=\"@farmaceuticsbcn\" \/>\n<meta name=\"twitter:label1\" content=\"Escrito por\" \/>\n\t<meta name=\"twitter:data1\" content=\"wpAdminCofbOrg\" \/>\n\t<meta name=\"twitter:label2\" content=\"Tiempo de lectura\" \/>\n\t<meta name=\"twitter:data2\" content=\"7 minutos\" \/>\n<script type=\"application\/ld+json\" class=\"yoast-schema-graph\">{\"@context\":\"https:\/\/schema.org\",\"@graph\":[{\"@type\":\"Article\",\"@id\":\"https:\/\/novaorg.cofb.net\/2018\/03\/16\/el-caixaforum-acull-la-jornada-amb-motiu-del-dia-mundial-contra-el-cancer-de-colon-i-recte-a-la-ciutat-de-barcelona\/#article\",\"isPartOf\":{\"@id\":\"https:\/\/novaorg.cofb.net\/2018\/03\/16\/el-caixaforum-acull-la-jornada-amb-motiu-del-dia-mundial-contra-el-cancer-de-colon-i-recte-a-la-ciutat-de-barcelona\/\"},\"author\":{\"name\":\"wpAdminCofbOrg\",\"@id\":\"https:\/\/www.cofb.org\/#\/schema\/person\/22ed7eea88da74b0fa4d3154ad87ffcb\"},\"headline\":\"El CaixaForum acull la Jornada amb motiu del Dia Mundial contra el c\u00e0ncer de c\u00f2lon i recte a la ciutat de Barcelona\",\"datePublished\":\"2018-03-16T10:16:00+00:00\",\"dateModified\":\"2018-03-16T10:16:00+00:00\",\"mainEntityOfPage\":{\"@id\":\"https:\/\/novaorg.cofb.net\/2018\/03\/16\/el-caixaforum-acull-la-jornada-amb-motiu-del-dia-mundial-contra-el-cancer-de-colon-i-recte-a-la-ciutat-de-barcelona\/\"},\"wordCount\":1438,\"publisher\":{\"@id\":\"https:\/\/www.cofb.org\/#organization\"},\"image\":{\"@id\":\"https:\/\/novaorg.cofb.net\/2018\/03\/16\/el-caixaforum-acull-la-jornada-amb-motiu-del-dia-mundial-contra-el-cancer-de-colon-i-recte-a-la-ciutat-de-barcelona\/#primaryimage\"},\"thumbnailUrl\":\"http:\/\/www.cofb.org\/image\/image_gallery?uuid=2f564195-3407-4302-bcec-6535de239347&amp;groupId=10136&amp;t=1521211219235\",\"articleSection\":[\"Notes de premsa\",\"Sense categoria\"],\"inLanguage\":\"es\"},{\"@type\":\"WebPage\",\"@id\":\"https:\/\/novaorg.cofb.net\/2018\/03\/16\/el-caixaforum-acull-la-jornada-amb-motiu-del-dia-mundial-contra-el-cancer-de-colon-i-recte-a-la-ciutat-de-barcelona\/\",\"url\":\"https:\/\/novaorg.cofb.net\/2018\/03\/16\/el-caixaforum-acull-la-jornada-amb-motiu-del-dia-mundial-contra-el-cancer-de-colon-i-recte-a-la-ciutat-de-barcelona\/\",\"name\":\"El CaixaForum acull la Jornada amb motiu del Dia Mundial contra el c\u00e0ncer de c\u00f2lon i recte a la ciutat de Barcelona - Col\u00b7legi de Farmac\u00e8utics de Barcelona\",\"isPartOf\":{\"@id\":\"https:\/\/www.cofb.org\/#website\"},\"primaryImageOfPage\":{\"@id\":\"https:\/\/novaorg.cofb.net\/2018\/03\/16\/el-caixaforum-acull-la-jornada-amb-motiu-del-dia-mundial-contra-el-cancer-de-colon-i-recte-a-la-ciutat-de-barcelona\/#primaryimage\"},\"image\":{\"@id\":\"https:\/\/novaorg.cofb.net\/2018\/03\/16\/el-caixaforum-acull-la-jornada-amb-motiu-del-dia-mundial-contra-el-cancer-de-colon-i-recte-a-la-ciutat-de-barcelona\/#primaryimage\"},\"thumbnailUrl\":\"http:\/\/www.cofb.org\/image\/image_gallery?uuid=2f564195-3407-4302-bcec-6535de239347&amp;groupId=10136&amp;t=1521211219235\",\"datePublished\":\"2018-03-16T10:16:00+00:00\",\"dateModified\":\"2018-03-16T10:16:00+00:00\",\"breadcrumb\":{\"@id\":\"https:\/\/novaorg.cofb.net\/2018\/03\/16\/el-caixaforum-acull-la-jornada-amb-motiu-del-dia-mundial-contra-el-cancer-de-colon-i-recte-a-la-ciutat-de-barcelona\/#breadcrumb\"},\"inLanguage\":\"es\",\"potentialAction\":[{\"@type\":\"ReadAction\",\"target\":[\"https:\/\/novaorg.cofb.net\/2018\/03\/16\/el-caixaforum-acull-la-jornada-amb-motiu-del-dia-mundial-contra-el-cancer-de-colon-i-recte-a-la-ciutat-de-barcelona\/\"]}]},{\"@type\":\"ImageObject\",\"inLanguage\":\"es\",\"@id\":\"https:\/\/novaorg.cofb.net\/2018\/03\/16\/el-caixaforum-acull-la-jornada-amb-motiu-del-dia-mundial-contra-el-cancer-de-colon-i-recte-a-la-ciutat-de-barcelona\/#primaryimage\",\"url\":\"http:\/\/www.cofb.org\/image\/image_gallery?uuid=2f564195-3407-4302-bcec-6535de239347&amp;groupId=10136&amp;t=1521211219235\",\"contentUrl\":\"http:\/\/www.cofb.org\/image\/image_gallery?uuid=2f564195-3407-4302-bcec-6535de239347&amp;groupId=10136&amp;t=1521211219235\"},{\"@type\":\"BreadcrumbList\",\"@id\":\"https:\/\/novaorg.cofb.net\/2018\/03\/16\/el-caixaforum-acull-la-jornada-amb-motiu-del-dia-mundial-contra-el-cancer-de-colon-i-recte-a-la-ciutat-de-barcelona\/#breadcrumb\",\"itemListElement\":[{\"@type\":\"ListItem\",\"position\":1,\"name\":\"Inici\",\"item\":\"https:\/\/novaorg.cofb.net\/\"},{\"@type\":\"ListItem\",\"position\":2,\"name\":\"El CaixaForum acull la Jornada amb motiu del Dia Mundial contra el c\u00e0ncer de c\u00f2lon i recte a la ciutat de Barcelona\"}]},{\"@type\":\"WebSite\",\"@id\":\"https:\/\/www.cofb.org\/#website\",\"url\":\"https:\/\/www.cofb.org\/\",\"name\":\"Col\u00b7legi de Farmac\u00e8utics de Barcelona\",\"description\":\"\",\"publisher\":{\"@id\":\"https:\/\/www.cofb.org\/#organization\"},\"potentialAction\":[{\"@type\":\"SearchAction\",\"target\":{\"@type\":\"EntryPoint\",\"urlTemplate\":\"https:\/\/www.cofb.org\/?s={search_term_string}\"},\"query-input\":\"required name=search_term_string\"}],\"inLanguage\":\"es\"},{\"@type\":\"Organization\",\"@id\":\"https:\/\/www.cofb.org\/#organization\",\"name\":\"Col\u00b7legi de Farmac\u00e8utics de Barcelona\",\"url\":\"https:\/\/www.cofb.org\/\",\"logo\":{\"@type\":\"ImageObject\",\"inLanguage\":\"es\",\"@id\":\"https:\/\/www.cofb.org\/#\/schema\/logo\/image\/\",\"url\":\"https:\/\/www.cofb.org\/wp-content\/uploads\/2023\/11\/cropped-Logotip-COFB.png\",\"contentUrl\":\"https:\/\/www.cofb.org\/wp-content\/uploads\/2023\/11\/cropped-Logotip-COFB.png\",\"width\":500,\"height\":105,\"caption\":\"Col\u00b7legi de Farmac\u00e8utics de Barcelona\"},\"image\":{\"@id\":\"https:\/\/www.cofb.org\/#\/schema\/logo\/image\/\"},\"sameAs\":[\"https:\/\/www.facebook.com\/farmaceuticsbcn\/\",\"https:\/\/twitter.com\/farmaceuticsbcn\",\"https:\/\/www.instagram.com\/farmaceuticsbcn\/\",\"https:\/\/www.linkedin.com\/company\/farmaceuticsbcn\/\"]},{\"@type\":\"Person\",\"@id\":\"https:\/\/www.cofb.org\/#\/schema\/person\/22ed7eea88da74b0fa4d3154ad87ffcb\",\"name\":\"wpAdminCofbOrg\",\"image\":{\"@type\":\"ImageObject\",\"inLanguage\":\"es\",\"@id\":\"https:\/\/www.cofb.org\/#\/schema\/person\/image\/\",\"url\":\"https:\/\/secure.gravatar.com\/avatar\/1721b20b3b8ca882c3b56ec6c978c594fff670e40c0718e9190eaeeb76aae7d8?s=96&d=mm&r=g\",\"contentUrl\":\"https:\/\/secure.gravatar.com\/avatar\/1721b20b3b8ca882c3b56ec6c978c594fff670e40c0718e9190eaeeb76aae7d8?s=96&d=mm&r=g\",\"caption\":\"wpAdminCofbOrg\"},\"sameAs\":[\"http:\/\/192.168.64.122\/wordpress\"],\"url\":\"https:\/\/www.cofb.org\/es\/author\/wpadmincofborg\/\"}]}<\/script>\n<!-- \/ Yoast SEO plugin. -->","yoast_head_json":{"title":"El CaixaForum acull la Jornada amb motiu del Dia Mundial contra el c\u00e0ncer de c\u00f2lon i recte a la ciutat de Barcelona - Col\u00b7legi de Farmac\u00e8utics de Barcelona","robots":{"index":"index","follow":"follow","max-snippet":"max-snippet:-1","max-image-preview":"max-image-preview:large","max-video-preview":"max-video-preview:-1"},"canonical":"https:\/\/novaorg.cofb.net\/2018\/03\/16\/el-caixaforum-acull-la-jornada-amb-motiu-del-dia-mundial-contra-el-cancer-de-colon-i-recte-a-la-ciutat-de-barcelona\/","og_locale":"es_ES","og_type":"article","og_title":"El CaixaForum acull la Jornada amb motiu del Dia Mundial contra el c\u00e0ncer de c\u00f2lon i recte a la ciutat de Barcelona - Col\u00b7legi de Farmac\u00e8utics de Barcelona","og_description":"\u00a0 La Jornada, que tindr\u00e0 lloc el proper dimarts, de 17 a 20h, porta com a lema \u2018Actuem per la prevenci\u00f3\u2019 El Programa de detecci\u00f3 preco\u00e7 de c\u00e0ncer de c\u00f2lon i recte funciona des del 2010 a Barcelona i ja ha finalitzat el seu desplegament a tota la ciutat, convidant [&hellip;]","og_url":"https:\/\/novaorg.cofb.net\/2018\/03\/16\/el-caixaforum-acull-la-jornada-amb-motiu-del-dia-mundial-contra-el-cancer-de-colon-i-recte-a-la-ciutat-de-barcelona\/","og_site_name":"Col\u00b7legi de Farmac\u00e8utics de Barcelona","article_publisher":"https:\/\/www.facebook.com\/farmaceuticsbcn\/","article_published_time":"2018-03-16T10:16:00+00:00","og_image":[{"url":"http:\/\/www.cofb.org\/image\/image_gallery?uuid=2f564195-3407-4302-bcec-6535de239347&amp;groupId=10136&amp;t=1521211219235"}],"author":"wpAdminCofbOrg","twitter_card":"summary_large_image","twitter_creator":"@farmaceuticsbcn","twitter_site":"@farmaceuticsbcn","twitter_misc":{"Escrito por":"wpAdminCofbOrg","Tiempo de lectura":"7 minutos"},"schema":{"@context":"https:\/\/schema.org","@graph":[{"@type":"Article","@id":"https:\/\/novaorg.cofb.net\/2018\/03\/16\/el-caixaforum-acull-la-jornada-amb-motiu-del-dia-mundial-contra-el-cancer-de-colon-i-recte-a-la-ciutat-de-barcelona\/#article","isPartOf":{"@id":"https:\/\/novaorg.cofb.net\/2018\/03\/16\/el-caixaforum-acull-la-jornada-amb-motiu-del-dia-mundial-contra-el-cancer-de-colon-i-recte-a-la-ciutat-de-barcelona\/"},"author":{"name":"wpAdminCofbOrg","@id":"https:\/\/www.cofb.org\/#\/schema\/person\/22ed7eea88da74b0fa4d3154ad87ffcb"},"headline":"El CaixaForum acull la Jornada amb motiu del Dia Mundial contra el c\u00e0ncer de c\u00f2lon i recte a la ciutat de Barcelona","datePublished":"2018-03-16T10:16:00+00:00","dateModified":"2018-03-16T10:16:00+00:00","mainEntityOfPage":{"@id":"https:\/\/novaorg.cofb.net\/2018\/03\/16\/el-caixaforum-acull-la-jornada-amb-motiu-del-dia-mundial-contra-el-cancer-de-colon-i-recte-a-la-ciutat-de-barcelona\/"},"wordCount":1438,"publisher":{"@id":"https:\/\/www.cofb.org\/#organization"},"image":{"@id":"https:\/\/novaorg.cofb.net\/2018\/03\/16\/el-caixaforum-acull-la-jornada-amb-motiu-del-dia-mundial-contra-el-cancer-de-colon-i-recte-a-la-ciutat-de-barcelona\/#primaryimage"},"thumbnailUrl":"http:\/\/www.cofb.org\/image\/image_gallery?uuid=2f564195-3407-4302-bcec-6535de239347&amp;groupId=10136&amp;t=1521211219235","articleSection":["Notes de premsa","Sense categoria"],"inLanguage":"es"},{"@type":"WebPage","@id":"https:\/\/novaorg.cofb.net\/2018\/03\/16\/el-caixaforum-acull-la-jornada-amb-motiu-del-dia-mundial-contra-el-cancer-de-colon-i-recte-a-la-ciutat-de-barcelona\/","url":"https:\/\/novaorg.cofb.net\/2018\/03\/16\/el-caixaforum-acull-la-jornada-amb-motiu-del-dia-mundial-contra-el-cancer-de-colon-i-recte-a-la-ciutat-de-barcelona\/","name":"El CaixaForum acull la Jornada amb motiu del Dia Mundial contra el c\u00e0ncer de c\u00f2lon i recte a la ciutat de Barcelona - Col\u00b7legi de Farmac\u00e8utics de Barcelona","isPartOf":{"@id":"https:\/\/www.cofb.org\/#website"},"primaryImageOfPage":{"@id":"https:\/\/novaorg.cofb.net\/2018\/03\/16\/el-caixaforum-acull-la-jornada-amb-motiu-del-dia-mundial-contra-el-cancer-de-colon-i-recte-a-la-ciutat-de-barcelona\/#primaryimage"},"image":{"@id":"https:\/\/novaorg.cofb.net\/2018\/03\/16\/el-caixaforum-acull-la-jornada-amb-motiu-del-dia-mundial-contra-el-cancer-de-colon-i-recte-a-la-ciutat-de-barcelona\/#primaryimage"},"thumbnailUrl":"http:\/\/www.cofb.org\/image\/image_gallery?uuid=2f564195-3407-4302-bcec-6535de239347&amp;groupId=10136&amp;t=1521211219235","datePublished":"2018-03-16T10:16:00+00:00","dateModified":"2018-03-16T10:16:00+00:00","breadcrumb":{"@id":"https:\/\/novaorg.cofb.net\/2018\/03\/16\/el-caixaforum-acull-la-jornada-amb-motiu-del-dia-mundial-contra-el-cancer-de-colon-i-recte-a-la-ciutat-de-barcelona\/#breadcrumb"},"inLanguage":"es","potentialAction":[{"@type":"ReadAction","target":["https:\/\/novaorg.cofb.net\/2018\/03\/16\/el-caixaforum-acull-la-jornada-amb-motiu-del-dia-mundial-contra-el-cancer-de-colon-i-recte-a-la-ciutat-de-barcelona\/"]}]},{"@type":"ImageObject","inLanguage":"es","@id":"https:\/\/novaorg.cofb.net\/2018\/03\/16\/el-caixaforum-acull-la-jornada-amb-motiu-del-dia-mundial-contra-el-cancer-de-colon-i-recte-a-la-ciutat-de-barcelona\/#primaryimage","url":"http:\/\/www.cofb.org\/image\/image_gallery?uuid=2f564195-3407-4302-bcec-6535de239347&amp;groupId=10136&amp;t=1521211219235","contentUrl":"http:\/\/www.cofb.org\/image\/image_gallery?uuid=2f564195-3407-4302-bcec-6535de239347&amp;groupId=10136&amp;t=1521211219235"},{"@type":"BreadcrumbList","@id":"https:\/\/novaorg.cofb.net\/2018\/03\/16\/el-caixaforum-acull-la-jornada-amb-motiu-del-dia-mundial-contra-el-cancer-de-colon-i-recte-a-la-ciutat-de-barcelona\/#breadcrumb","itemListElement":[{"@type":"ListItem","position":1,"name":"Inici","item":"https:\/\/novaorg.cofb.net\/"},{"@type":"ListItem","position":2,"name":"El CaixaForum acull la Jornada amb motiu del Dia Mundial contra el c\u00e0ncer de c\u00f2lon i recte a la ciutat de Barcelona"}]},{"@type":"WebSite","@id":"https:\/\/www.cofb.org\/#website","url":"https:\/\/www.cofb.org\/","name":"Col\u00b7legi de Farmac\u00e8utics de Barcelona","description":"","publisher":{"@id":"https:\/\/www.cofb.org\/#organization"},"potentialAction":[{"@type":"SearchAction","target":{"@type":"EntryPoint","urlTemplate":"https:\/\/www.cofb.org\/?s={search_term_string}"},"query-input":"required name=search_term_string"}],"inLanguage":"es"},{"@type":"Organization","@id":"https:\/\/www.cofb.org\/#organization","name":"Col\u00b7legi de Farmac\u00e8utics de Barcelona","url":"https:\/\/www.cofb.org\/","logo":{"@type":"ImageObject","inLanguage":"es","@id":"https:\/\/www.cofb.org\/#\/schema\/logo\/image\/","url":"https:\/\/www.cofb.org\/wp-content\/uploads\/2023\/11\/cropped-Logotip-COFB.png","contentUrl":"https:\/\/www.cofb.org\/wp-content\/uploads\/2023\/11\/cropped-Logotip-COFB.png","width":500,"height":105,"caption":"Col\u00b7legi de Farmac\u00e8utics de Barcelona"},"image":{"@id":"https:\/\/www.cofb.org\/#\/schema\/logo\/image\/"},"sameAs":["https:\/\/www.facebook.com\/farmaceuticsbcn\/","https:\/\/twitter.com\/farmaceuticsbcn","https:\/\/www.instagram.com\/farmaceuticsbcn\/","https:\/\/www.linkedin.com\/company\/farmaceuticsbcn\/"]},{"@type":"Person","@id":"https:\/\/www.cofb.org\/#\/schema\/person\/22ed7eea88da74b0fa4d3154ad87ffcb","name":"wpAdminCofbOrg","image":{"@type":"ImageObject","inLanguage":"es","@id":"https:\/\/www.cofb.org\/#\/schema\/person\/image\/","url":"https:\/\/secure.gravatar.com\/avatar\/1721b20b3b8ca882c3b56ec6c978c594fff670e40c0718e9190eaeeb76aae7d8?s=96&d=mm&r=g","contentUrl":"https:\/\/secure.gravatar.com\/avatar\/1721b20b3b8ca882c3b56ec6c978c594fff670e40c0718e9190eaeeb76aae7d8?s=96&d=mm&r=g","caption":"wpAdminCofbOrg"},"sameAs":["http:\/\/192.168.64.122\/wordpress"],"url":"https:\/\/www.cofb.org\/es\/author\/wpadmincofborg\/"}]}},"uagb_featured_image_src":{"full":false,"thumbnail":false,"medium":false,"medium_large":false,"large":false,"1536x1536":false,"2048x2048":false,"trp-custom-language-flag":false},"uagb_author_info":{"display_name":"wpAdminCofbOrg","author_link":"https:\/\/www.cofb.org\/es\/author\/wpadmincofborg\/"},"uagb_comment_info":0,"uagb_excerpt":"\u00a0 La Jornada, que tindr\u00e0 lloc el proper dimarts, de 17 a 20h, porta com a lema \u2018Actuem per la prevenci\u00f3\u2019 El Programa de detecci\u00f3 preco\u00e7 de c\u00e0ncer de c\u00f2lon i recte funciona des del 2010 a Barcelona i ja ha finalitzat el seu desplegament a tota la ciutat, convidant [&hellip;]","_links":{"self":[{"href":"https:\/\/www.cofb.org\/es\/wp-json\/wp\/v2\/posts\/77272","targetHints":{"allow":["GET"]}}],"collection":[{"href":"https:\/\/www.cofb.org\/es\/wp-json\/wp\/v2\/posts"}],"about":[{"href":"https:\/\/www.cofb.org\/es\/wp-json\/wp\/v2\/types\/post"}],"author":[{"embeddable":true,"href":"https:\/\/www.cofb.org\/es\/wp-json\/wp\/v2\/users\/1"}],"replies":[{"embeddable":true,"href":"https:\/\/www.cofb.org\/es\/wp-json\/wp\/v2\/comments?post=77272"}],"version-history":[{"count":0,"href":"https:\/\/www.cofb.org\/es\/wp-json\/wp\/v2\/posts\/77272\/revisions"}],"wp:attachment":[{"href":"https:\/\/www.cofb.org\/es\/wp-json\/wp\/v2\/media?parent=77272"}],"wp:term":[{"taxonomy":"category","embeddable":true,"href":"https:\/\/www.cofb.org\/es\/wp-json\/wp\/v2\/categories?post=77272"},{"taxonomy":"post_tag","embeddable":true,"href":"https:\/\/www.cofb.org\/es\/wp-json\/wp\/v2\/tags?post=77272"}],"curies":[{"name":"wp","href":"https:\/\/api.w.org\/{rel}","templated":true}]}}