{"id":77261,"date":"2018-09-18T12:58:00","date_gmt":"2018-09-18T12:58:00","guid":{"rendered":"https:\/\/novaorg.cofb.net\/2018\/09\/18\/nova-edicio-del-curs-fitoterapia-en-les-patologies-hivernals\/"},"modified":"2018-09-18T12:58:00","modified_gmt":"2018-09-18T12:58:00","slug":"nova-edicio-del-curs-fitoterapia-en-les-patologies-hivernals","status":"publish","type":"post","link":"https:\/\/www.cofb.org\/es\/2018\/09\/18\/nova-edicio-del-curs-fitoterapia-en-les-patologies-hivernals\/","title":{"rendered":"Nueva edici\u00f3n del curso \u201cFitoterapia en las patolog\u00edas invernales\u201d"},"content":{"rendered":"<p>\u00a0<\/p>\n<p><strong>Gracias al \u00e9xito de la primera edici\u00f3n, Angelini Farmaceutica patrocina de nuevo el curso \u201cFitoterapia en las patolog\u00edas invernales\u201d de \u00c0gora Sanit\u00e0ria, con el objetivo de formar al farmac\u00e9utico en la prevenci\u00f3n y el tratamiento de estas enfermedades ayuda de plantas medicinales y productos de origen natural<\/strong><\/p>\n<p>Son cada vez m\u00e1s los usuarios de la farmacia que optan por el uso de plantas y productos de origen natural. Por este motivo,<span>\u00a0<\/span><strong>despu\u00e9s del \u00e9xito del curso &quot;Fitoterapia en las patolog\u00edas invernales&quot; de \u00c1gora Sanitaria, el portal de formaci\u00f3n online de los Colegios de Farmac\u00e9uticos de Barcelona y Madrid, Angelini Farmaceutica mantiene su compromiso con la formaci\u00f3n de los farmac\u00e9uticos patrocinando la segunda edici\u00f3n .<span>\u00a0<\/span><\/strong>La primera, realizada en el primer trimestre de 2018, form\u00f3 a m\u00e1s de 250 profesionales y obtuvo una valoraci\u00f3n global de 3,6 sobre 4 puntos.<\/p>\n<p><strong>La inscripci\u00f3n al curso ya est\u00e1 abierta y puede realizarse a trav\u00e9s de la<span>\u00a0<\/span><a href=\"http:\/\/www.agorasanitaria.com\/es\/web\/guest\/oferta-formativa?p_p_id=portletllistatactivitats_WAR_portletllistatactivitats_INSTANCE_O4dm&amp;p_p_lifecycle=0&amp;p_p_state=normal&amp;p_p_mode=view&amp;p_p_col_id=column-1&amp;p_p_col_pos=2&amp;p_p_col_count=3&amp;_portletllistatactivitats_WAR_portletllistatactivitats_INSTANCE_O4dm_strutsAction=%2Fview%2Fdetall&amp;_portletllistatactivitats_WAR_portletllistatactivitats_INSTANCE_O4dm_id=497\" target=\"_blank\" rel=\"noopener\"><strong>web de \u00c1gora Sanitaria.<\/strong><\/a><\/strong><span>\u00a0<\/span>La formaci\u00f3n podr\u00e1 realizarse entre el 30 de octubre y el 31 de diciembre de 2018 y ser\u00e1, de nuevo, de acceso gratuito para los farmac\u00e9uticos que dispongan de un c\u00f3digo promocional facilitado por Angelini.<\/p>\n<p><u><strong>\u00bfQu\u00e9 aporta al farmac\u00e9utico?<\/strong><\/u><\/p>\n<p>Esta acci\u00f3n formativa supone una<span>\u00a0<\/span><strong>actualizaci\u00f3n sobre el abordaje de las patolog\u00edas invernales<\/strong><span>\u00a0<\/span>(gripe, resfriado, tos, dolor de garganta, etc.)<span>\u00a0<\/span><strong>con productos de origen natural<\/strong>, una opci\u00f3n cada vez m\u00e1s demandada por los usuarios. En este sentido, el farmac\u00e9utico debe conocer<span>\u00a0<\/span><strong>qu\u00e9 plantas medicinales son las indicadas<\/strong>, tanto para la prevenci\u00f3n como para el tratamiento;<span>\u00a0<\/span><strong>profundizar en su eficacia y seguridad<\/strong>; y conocer<span>\u00a0<\/span><strong>los posibles efectos adversos, las contraindicaciones o interacciones<\/strong><span>\u00a0<\/span>que pueden tener estos productos.<\/p>\n<p>Los contenidos del curso han sido elaborados por<span>\u00a0<\/span><strong>M. Jos\u00e9 Alonso<\/strong>, farmac\u00e9utica, especialista en farmacia industrial y gal\u00e9nica y diplomada en fitoterapia por la Universidad de Montpellier, y<span>\u00a0<\/span><strong>Marta Castells<\/strong>, doctora en farmacia, farmac\u00e9utica comunitaria en Barcelona y experta en nutrici\u00f3n. Esta formaci\u00f3n<span>\u00a0<\/span><strong>combina casos pr\u00e1cticos con tecnolog\u00eda multimedia<\/strong><span>\u00a0<\/span>(v\u00eddeos, webinar), para poder resolver las dudas que surjan relacionadas con el tema.<\/p>\n<p>Se trata, pues, de un<span>\u00a0<\/span><strong>curso interactivo cuyos contenidos tambi\u00e9n incluyen pautas para la gesti\u00f3n de la categor\u00eda en la oficina de farmacia,<\/strong><span>\u00a0<\/span>tanto desde la trastienda (criterios de compra, gesti\u00f3n de stocks\u2026) como desde el mostrador.<\/p>\n<p>\u00a0Gracias al \u00e9xito de la primera edici\u00f3n, Angelini Farmaceutica patrocina de nuevo el curso \u201cFitoterapia en las patolog\u00edas invernales\u201d de \u00c0gora Sanit\u00e0ria, con el objetivo de formar al farmac\u00e9utico en la prevenci\u00f3n y el tratamiento de estas enfermedades ayuda de plantas medicinales y productos de origen natural<\/p>\n<p>Son cada vez m\u00e1s los usuarios de la farmacia que optan por el uso de plantas y productos de origen natural. Por este motivo, despu\u00e9s del \u00e9xito del curso \u201cFitoterapia en las patolog\u00edas invernales\u201d de \u00c1gora Sanitaria, el portal de formaci\u00f3n online de los Colegios de Farmac\u00e9uticos de Barcelona y Madrid, Angelini Farmaceutica mantiene su compromiso con la formaci\u00f3n de los farmac\u00e9uticos patrocinando la segunda edici\u00f3n. La primera, realizada en el primer trimestre de 2018, form\u00f3 a m\u00e1s de 250 profesionales y obtuvo una valoraci\u00f3n global de 3,6 sobre 4 puntos.<\/p>\n<p>La inscripci\u00f3n al curso ya est\u00e1 abierta y puede realizarse a trav\u00e9s de la web de \u00c0gora Sanit\u00e0ria. La formaci\u00f3n podr\u00e1 realizarse entre el 30 de octubre y el 31 de diciembre de 2018 y ser\u00e1, de nuevo, de acceso gratuito para los farmac\u00e9uticos que dispongan de un c\u00f3digo promocional facilitado por Angelini.<\/p>\n<p>\u00bfQu\u00e9 aporta al farmac\u00e9utico?<\/p>\n<p>Esta acci\u00f3n formativa supone una actualizaci\u00f3n sobre el abordaje de las patolog\u00edas invernales (gripe, resfriado, tos, dolor de garganta, etc.) con productos de origen natural, una opci\u00f3n cada vez m\u00e1s demandada por los usuarios. En este sentido, el farmac\u00e9utico debe conocer qu\u00e9 plantas medicinales son las indicadas, tanto para la prevenci\u00f3n como para el tratamiento; profundizar en su eficacia y seguridad; y conocer los posibles efectos adversos, contraindicaciones o interacciones que pueden tener estos productos.<\/p>\n<p>Los contenidos del curso han sido elaborados por M. Jos\u00e9 Alonso, farmac\u00e9utica, especialista en farmacia industrial y gal\u00e9nica y diplomada en fitoterapia por la Universidad de Montpellier, y Marta Castells, doctora en farmacia, farmac\u00e9utica comunitaria en Barcelona y experta en nutrici\u00f3n. Esta formaci\u00f3n combina casos pr\u00e1cticos con tecnolog\u00eda multimedia (v\u00eddeos, webinar), para poder resolver las dudas que surjan relacionadas con el tema.<\/p>\n<p>Se trata, pues, de un curso interactivo cuyos contenidos tambi\u00e9n incluyen pautas para la gesti\u00f3n de la categor\u00eda en la oficina de farmacia, tanto desde la trastienda (criterios de compra, gesti\u00f3n de stocks\u2026) como desde el mostrador.  COFB.ORG<\/p>","protected":false},"excerpt":{"rendered":"<p>\u00a0 Gracias al \u00e9xito de la primera edici\u00f3n, Angelini Farmaceutica patrocina de nuevo el curso \u201cFitoterapia en las patolog\u00edas invernales\u201d de \u00c0gora Sanit\u00e0ria, con el objetivo de formar al farmac\u00e9utico en la prevenci\u00f3n y el tratamiento de estas enfermedades ayuda de plantas medicinales y productos de origen natural Cada vez son m\u00e1s los [\u2026]<\/p>","protected":false},"author":1,"featured_media":0,"comment_status":"","ping_status":"","sticky":false,"template":"","format":"standard","meta":{"_uag_custom_page_level_css":"","site-sidebar-layout":"default","site-content-layout":"","ast-site-content-layout":"default","site-content-style":"default","site-sidebar-style":"default","ast-global-header-display":"","ast-banner-title-visibility":"","ast-main-header-display":"","ast-hfb-above-header-display":"","ast-hfb-below-header-display":"","ast-hfb-mobile-header-display":"","site-post-title":"","ast-breadcrumbs-content":"","ast-featured-img":"disabled","footer-sml-layout":"","theme-transparent-header-meta":"","adv-header-id-meta":"","stick-header-meta":"","header-above-stick-meta":"","header-main-stick-meta":"","header-below-stick-meta":"","astra-migrate-meta-layouts":"default","ast-page-background-enabled":"default","ast-page-background-meta":{"desktop":{"background-color":"var(--ast-global-color-4)","background-image":"","background-repeat":"repeat","background-position":"center center","background-size":"auto","background-attachment":"scroll","background-type":"","background-media":"","overlay-type":"","overlay-color":"","overlay-opacity":"","overlay-gradient":""},"tablet":{"background-color":"","background-image":"","background-repeat":"repeat","background-position":"center center","background-size":"auto","background-attachment":"scroll","background-type":"","background-media":"","overlay-type":"","overlay-color":"","overlay-opacity":"","overlay-gradient":""},"mobile":{"background-color":"","background-image":"","background-repeat":"repeat","background-position":"center center","background-size":"auto","background-attachment":"scroll","background-type":"","background-media":"","overlay-type":"","overlay-color":"","overlay-opacity":"","overlay-gradient":""}},"ast-content-background-meta":{"desktop":{"background-color":"var(--ast-global-color-5)","background-image":"","background-repeat":"repeat","background-position":"center center","background-size":"auto","background-attachment":"scroll","background-type":"","background-media":"","overlay-type":"","overlay-color":"","overlay-opacity":"","overlay-gradient":""},"tablet":{"background-color":"var(--ast-global-color-5)","background-image":"","background-repeat":"repeat","background-position":"center center","background-size":"auto","background-attachment":"scroll","background-type":"","background-media":"","overlay-type":"","overlay-color":"","overlay-opacity":"","overlay-gradient":""},"mobile":{"background-color":"var(--ast-global-color-5)","background-image":"","background-repeat":"repeat","background-position":"center center","background-size":"auto","background-attachment":"scroll","background-type":"","background-media":"","overlay-type":"","overlay-color":"","overlay-opacity":"","overlay-gradient":""}},"footnotes":""},"categories":[1060,1066],"tags":[],"class_list":["post-77261","post","type-post","status-publish","format-standard","hentry","category-notes-premsa","category-sense-categoria-ca"],"yoast_head":"<!-- This site is optimized with the Yoast SEO plugin v22.4 - https:\/\/yoast.com\/wordpress\/plugins\/seo\/ -->\n<title>Nova edici\u00f3 del curs &quot;Fitoter\u00e0pia en les patologies hivernals&quot; - Col\u00b7legi de Farmac\u00e8utics de Barcelona<\/title>\n<meta name=\"robots\" content=\"index, follow, max-snippet:-1, max-image-preview:large, max-video-preview:-1\" \/>\n<link rel=\"canonical\" href=\"https:\/\/novaorg.cofb.net\/2018\/09\/18\/nova-edicio-del-curs-fitoterapia-en-les-patologies-hivernals\/\" \/>\n<meta property=\"og:locale\" content=\"es_ES\" \/>\n<meta property=\"og:type\" content=\"article\" \/>\n<meta property=\"og:title\" content=\"Nova edici\u00f3 del curs &quot;Fitoter\u00e0pia en les patologies hivernals&quot; - Col\u00b7legi de Farmac\u00e8utics de Barcelona\" \/>\n<meta property=\"og:description\" content=\"\u00a0 Gr\u00e0cies a l&#8217;\u00e8xit de la primera edici\u00f3, Angelini Farmaceutica patrocina de nou el curs &#8220;Fitoter\u00e0pia en les patologies hivernals\u201d d&#8217;\u00c0gora Sanit\u00e0ria, amb l&#8217;objectiu de formar el farmac\u00e8utic en la prevenci\u00f3 i el tractament d&#8217;aquestes malalties amb l&#8217;ajuda de plantes medicinals i productes d&#8217;origen natural Cada vegada s\u00f3n m\u00e9s els [&hellip;]\" \/>\n<meta property=\"og:url\" content=\"https:\/\/novaorg.cofb.net\/2018\/09\/18\/nova-edicio-del-curs-fitoterapia-en-les-patologies-hivernals\/\" \/>\n<meta property=\"og:site_name\" content=\"Col\u00b7legi de Farmac\u00e8utics de Barcelona\" \/>\n<meta property=\"article:publisher\" content=\"https:\/\/www.facebook.com\/farmaceuticsbcn\/\" \/>\n<meta property=\"article:published_time\" content=\"2018-09-18T12:58:00+00:00\" \/>\n<meta name=\"author\" content=\"wpAdminCofbOrg\" \/>\n<meta name=\"twitter:card\" content=\"summary_large_image\" \/>\n<meta name=\"twitter:creator\" content=\"@farmaceuticsbcn\" \/>\n<meta name=\"twitter:site\" content=\"@farmaceuticsbcn\" \/>\n<meta name=\"twitter:label1\" content=\"Escrito por\" \/>\n\t<meta name=\"twitter:data1\" content=\"wpAdminCofbOrg\" \/>\n\t<meta name=\"twitter:label2\" content=\"Tiempo de lectura\" \/>\n\t<meta name=\"twitter:data2\" content=\"4 minutos\" \/>\n<script type=\"application\/ld+json\" class=\"yoast-schema-graph\">{\"@context\":\"https:\/\/schema.org\",\"@graph\":[{\"@type\":\"Article\",\"@id\":\"https:\/\/novaorg.cofb.net\/2018\/09\/18\/nova-edicio-del-curs-fitoterapia-en-les-patologies-hivernals\/#article\",\"isPartOf\":{\"@id\":\"https:\/\/novaorg.cofb.net\/2018\/09\/18\/nova-edicio-del-curs-fitoterapia-en-les-patologies-hivernals\/\"},\"author\":{\"name\":\"wpAdminCofbOrg\",\"@id\":\"https:\/\/www.cofb.org\/#\/schema\/person\/22ed7eea88da74b0fa4d3154ad87ffcb\"},\"headline\":\"Nova edici\u00f3 del curs &#8220;Fitoter\u00e0pia en les patologies hivernals&#8221;\",\"datePublished\":\"2018-09-18T12:58:00+00:00\",\"dateModified\":\"2018-09-18T12:58:00+00:00\",\"mainEntityOfPage\":{\"@id\":\"https:\/\/novaorg.cofb.net\/2018\/09\/18\/nova-edicio-del-curs-fitoterapia-en-les-patologies-hivernals\/\"},\"wordCount\":836,\"publisher\":{\"@id\":\"https:\/\/www.cofb.org\/#organization\"},\"articleSection\":[\"Notes de premsa\",\"Sense categoria\"],\"inLanguage\":\"es\"},{\"@type\":\"WebPage\",\"@id\":\"https:\/\/novaorg.cofb.net\/2018\/09\/18\/nova-edicio-del-curs-fitoterapia-en-les-patologies-hivernals\/\",\"url\":\"https:\/\/novaorg.cofb.net\/2018\/09\/18\/nova-edicio-del-curs-fitoterapia-en-les-patologies-hivernals\/\",\"name\":\"Nova edici\u00f3 del curs \\\"Fitoter\u00e0pia en les patologies hivernals\\\" - Col\u00b7legi de Farmac\u00e8utics de Barcelona\",\"isPartOf\":{\"@id\":\"https:\/\/www.cofb.org\/#website\"},\"datePublished\":\"2018-09-18T12:58:00+00:00\",\"dateModified\":\"2018-09-18T12:58:00+00:00\",\"breadcrumb\":{\"@id\":\"https:\/\/novaorg.cofb.net\/2018\/09\/18\/nova-edicio-del-curs-fitoterapia-en-les-patologies-hivernals\/#breadcrumb\"},\"inLanguage\":\"es\",\"potentialAction\":[{\"@type\":\"ReadAction\",\"target\":[\"https:\/\/novaorg.cofb.net\/2018\/09\/18\/nova-edicio-del-curs-fitoterapia-en-les-patologies-hivernals\/\"]}]},{\"@type\":\"BreadcrumbList\",\"@id\":\"https:\/\/novaorg.cofb.net\/2018\/09\/18\/nova-edicio-del-curs-fitoterapia-en-les-patologies-hivernals\/#breadcrumb\",\"itemListElement\":[{\"@type\":\"ListItem\",\"position\":1,\"name\":\"Inici\",\"item\":\"https:\/\/novaorg.cofb.net\/\"},{\"@type\":\"ListItem\",\"position\":2,\"name\":\"Nova edici\u00f3 del curs &#8220;Fitoter\u00e0pia en les patologies hivernals&#8221;\"}]},{\"@type\":\"WebSite\",\"@id\":\"https:\/\/www.cofb.org\/#website\",\"url\":\"https:\/\/www.cofb.org\/\",\"name\":\"Col\u00b7legi de Farmac\u00e8utics de Barcelona\",\"description\":\"\",\"publisher\":{\"@id\":\"https:\/\/www.cofb.org\/#organization\"},\"potentialAction\":[{\"@type\":\"SearchAction\",\"target\":{\"@type\":\"EntryPoint\",\"urlTemplate\":\"https:\/\/www.cofb.org\/?s={search_term_string}\"},\"query-input\":\"required name=search_term_string\"}],\"inLanguage\":\"es\"},{\"@type\":\"Organization\",\"@id\":\"https:\/\/www.cofb.org\/#organization\",\"name\":\"Col\u00b7legi de Farmac\u00e8utics de Barcelona\",\"url\":\"https:\/\/www.cofb.org\/\",\"logo\":{\"@type\":\"ImageObject\",\"inLanguage\":\"es\",\"@id\":\"https:\/\/www.cofb.org\/#\/schema\/logo\/image\/\",\"url\":\"https:\/\/www.cofb.org\/wp-content\/uploads\/2023\/11\/cropped-Logotip-COFB.png\",\"contentUrl\":\"https:\/\/www.cofb.org\/wp-content\/uploads\/2023\/11\/cropped-Logotip-COFB.png\",\"width\":500,\"height\":105,\"caption\":\"Col\u00b7legi de Farmac\u00e8utics de Barcelona\"},\"image\":{\"@id\":\"https:\/\/www.cofb.org\/#\/schema\/logo\/image\/\"},\"sameAs\":[\"https:\/\/www.facebook.com\/farmaceuticsbcn\/\",\"https:\/\/twitter.com\/farmaceuticsbcn\",\"https:\/\/www.instagram.com\/farmaceuticsbcn\/\",\"https:\/\/www.linkedin.com\/company\/farmaceuticsbcn\/\"]},{\"@type\":\"Person\",\"@id\":\"https:\/\/www.cofb.org\/#\/schema\/person\/22ed7eea88da74b0fa4d3154ad87ffcb\",\"name\":\"wpAdminCofbOrg\",\"image\":{\"@type\":\"ImageObject\",\"inLanguage\":\"es\",\"@id\":\"https:\/\/www.cofb.org\/#\/schema\/person\/image\/\",\"url\":\"https:\/\/secure.gravatar.com\/avatar\/1721b20b3b8ca882c3b56ec6c978c594fff670e40c0718e9190eaeeb76aae7d8?s=96&d=mm&r=g\",\"contentUrl\":\"https:\/\/secure.gravatar.com\/avatar\/1721b20b3b8ca882c3b56ec6c978c594fff670e40c0718e9190eaeeb76aae7d8?s=96&d=mm&r=g\",\"caption\":\"wpAdminCofbOrg\"},\"sameAs\":[\"http:\/\/192.168.64.122\/wordpress\"],\"url\":\"https:\/\/www.cofb.org\/es\/author\/wpadmincofborg\/\"}]}<\/script>\n<!-- \/ Yoast SEO plugin. -->","yoast_head_json":{"title":"Nova edici\u00f3 del curs \"Fitoter\u00e0pia en les patologies hivernals\" - Col\u00b7legi de Farmac\u00e8utics de Barcelona","robots":{"index":"index","follow":"follow","max-snippet":"max-snippet:-1","max-image-preview":"max-image-preview:large","max-video-preview":"max-video-preview:-1"},"canonical":"https:\/\/novaorg.cofb.net\/2018\/09\/18\/nova-edicio-del-curs-fitoterapia-en-les-patologies-hivernals\/","og_locale":"es_ES","og_type":"article","og_title":"Nova edici\u00f3 del curs \"Fitoter\u00e0pia en les patologies hivernals\" - Col\u00b7legi de Farmac\u00e8utics de Barcelona","og_description":"\u00a0 Gr\u00e0cies a l&#8217;\u00e8xit de la primera edici\u00f3, Angelini Farmaceutica patrocina de nou el curs &#8220;Fitoter\u00e0pia en les patologies hivernals\u201d d&#8217;\u00c0gora Sanit\u00e0ria, amb l&#8217;objectiu de formar el farmac\u00e8utic en la prevenci\u00f3 i el tractament d&#8217;aquestes malalties amb l&#8217;ajuda de plantes medicinals i productes d&#8217;origen natural Cada vegada s\u00f3n m\u00e9s els [&hellip;]","og_url":"https:\/\/novaorg.cofb.net\/2018\/09\/18\/nova-edicio-del-curs-fitoterapia-en-les-patologies-hivernals\/","og_site_name":"Col\u00b7legi de Farmac\u00e8utics de Barcelona","article_publisher":"https:\/\/www.facebook.com\/farmaceuticsbcn\/","article_published_time":"2018-09-18T12:58:00+00:00","author":"wpAdminCofbOrg","twitter_card":"summary_large_image","twitter_creator":"@farmaceuticsbcn","twitter_site":"@farmaceuticsbcn","twitter_misc":{"Escrito por":"wpAdminCofbOrg","Tiempo de lectura":"4 minutos"},"schema":{"@context":"https:\/\/schema.org","@graph":[{"@type":"Article","@id":"https:\/\/novaorg.cofb.net\/2018\/09\/18\/nova-edicio-del-curs-fitoterapia-en-les-patologies-hivernals\/#article","isPartOf":{"@id":"https:\/\/novaorg.cofb.net\/2018\/09\/18\/nova-edicio-del-curs-fitoterapia-en-les-patologies-hivernals\/"},"author":{"name":"wpAdminCofbOrg","@id":"https:\/\/www.cofb.org\/#\/schema\/person\/22ed7eea88da74b0fa4d3154ad87ffcb"},"headline":"Nova edici\u00f3 del curs &#8220;Fitoter\u00e0pia en les patologies hivernals&#8221;","datePublished":"2018-09-18T12:58:00+00:00","dateModified":"2018-09-18T12:58:00+00:00","mainEntityOfPage":{"@id":"https:\/\/novaorg.cofb.net\/2018\/09\/18\/nova-edicio-del-curs-fitoterapia-en-les-patologies-hivernals\/"},"wordCount":836,"publisher":{"@id":"https:\/\/www.cofb.org\/#organization"},"articleSection":["Notes de premsa","Sense categoria"],"inLanguage":"es"},{"@type":"WebPage","@id":"https:\/\/novaorg.cofb.net\/2018\/09\/18\/nova-edicio-del-curs-fitoterapia-en-les-patologies-hivernals\/","url":"https:\/\/novaorg.cofb.net\/2018\/09\/18\/nova-edicio-del-curs-fitoterapia-en-les-patologies-hivernals\/","name":"Nova edici\u00f3 del curs \"Fitoter\u00e0pia en les patologies hivernals\" - Col\u00b7legi de Farmac\u00e8utics de Barcelona","isPartOf":{"@id":"https:\/\/www.cofb.org\/#website"},"datePublished":"2018-09-18T12:58:00+00:00","dateModified":"2018-09-18T12:58:00+00:00","breadcrumb":{"@id":"https:\/\/novaorg.cofb.net\/2018\/09\/18\/nova-edicio-del-curs-fitoterapia-en-les-patologies-hivernals\/#breadcrumb"},"inLanguage":"es","potentialAction":[{"@type":"ReadAction","target":["https:\/\/novaorg.cofb.net\/2018\/09\/18\/nova-edicio-del-curs-fitoterapia-en-les-patologies-hivernals\/"]}]},{"@type":"BreadcrumbList","@id":"https:\/\/novaorg.cofb.net\/2018\/09\/18\/nova-edicio-del-curs-fitoterapia-en-les-patologies-hivernals\/#breadcrumb","itemListElement":[{"@type":"ListItem","position":1,"name":"Inici","item":"https:\/\/novaorg.cofb.net\/"},{"@type":"ListItem","position":2,"name":"Nova edici\u00f3 del curs &#8220;Fitoter\u00e0pia en les patologies hivernals&#8221;"}]},{"@type":"WebSite","@id":"https:\/\/www.cofb.org\/#website","url":"https:\/\/www.cofb.org\/","name":"Col\u00b7legi de Farmac\u00e8utics de Barcelona","description":"","publisher":{"@id":"https:\/\/www.cofb.org\/#organization"},"potentialAction":[{"@type":"SearchAction","target":{"@type":"EntryPoint","urlTemplate":"https:\/\/www.cofb.org\/?s={search_term_string}"},"query-input":"required name=search_term_string"}],"inLanguage":"es"},{"@type":"Organization","@id":"https:\/\/www.cofb.org\/#organization","name":"Col\u00b7legi de Farmac\u00e8utics de Barcelona","url":"https:\/\/www.cofb.org\/","logo":{"@type":"ImageObject","inLanguage":"es","@id":"https:\/\/www.cofb.org\/#\/schema\/logo\/image\/","url":"https:\/\/www.cofb.org\/wp-content\/uploads\/2023\/11\/cropped-Logotip-COFB.png","contentUrl":"https:\/\/www.cofb.org\/wp-content\/uploads\/2023\/11\/cropped-Logotip-COFB.png","width":500,"height":105,"caption":"Col\u00b7legi de Farmac\u00e8utics de Barcelona"},"image":{"@id":"https:\/\/www.cofb.org\/#\/schema\/logo\/image\/"},"sameAs":["https:\/\/www.facebook.com\/farmaceuticsbcn\/","https:\/\/twitter.com\/farmaceuticsbcn","https:\/\/www.instagram.com\/farmaceuticsbcn\/","https:\/\/www.linkedin.com\/company\/farmaceuticsbcn\/"]},{"@type":"Person","@id":"https:\/\/www.cofb.org\/#\/schema\/person\/22ed7eea88da74b0fa4d3154ad87ffcb","name":"wpAdminCofbOrg","image":{"@type":"ImageObject","inLanguage":"es","@id":"https:\/\/www.cofb.org\/#\/schema\/person\/image\/","url":"https:\/\/secure.gravatar.com\/avatar\/1721b20b3b8ca882c3b56ec6c978c594fff670e40c0718e9190eaeeb76aae7d8?s=96&d=mm&r=g","contentUrl":"https:\/\/secure.gravatar.com\/avatar\/1721b20b3b8ca882c3b56ec6c978c594fff670e40c0718e9190eaeeb76aae7d8?s=96&d=mm&r=g","caption":"wpAdminCofbOrg"},"sameAs":["http:\/\/192.168.64.122\/wordpress"],"url":"https:\/\/www.cofb.org\/es\/author\/wpadmincofborg\/"}]}},"uagb_featured_image_src":{"full":false,"thumbnail":false,"medium":false,"medium_large":false,"large":false,"1536x1536":false,"2048x2048":false,"trp-custom-language-flag":false},"uagb_author_info":{"display_name":"wpAdminCofbOrg","author_link":"https:\/\/www.cofb.org\/es\/author\/wpadmincofborg\/"},"uagb_comment_info":0,"uagb_excerpt":"\u00a0 Gr\u00e0cies a l&#8217;\u00e8xit de la primera edici\u00f3, Angelini Farmaceutica patrocina de nou el curs &#8220;Fitoter\u00e0pia en les patologies hivernals\u201d d&#8217;\u00c0gora Sanit\u00e0ria, amb l&#8217;objectiu de formar el farmac\u00e8utic en la prevenci\u00f3 i el tractament d&#8217;aquestes malalties amb l&#8217;ajuda de plantes medicinals i productes d&#8217;origen natural Cada vegada s\u00f3n m\u00e9s els [&hellip;]","_links":{"self":[{"href":"https:\/\/www.cofb.org\/es\/wp-json\/wp\/v2\/posts\/77261","targetHints":{"allow":["GET"]}}],"collection":[{"href":"https:\/\/www.cofb.org\/es\/wp-json\/wp\/v2\/posts"}],"about":[{"href":"https:\/\/www.cofb.org\/es\/wp-json\/wp\/v2\/types\/post"}],"author":[{"embeddable":true,"href":"https:\/\/www.cofb.org\/es\/wp-json\/wp\/v2\/users\/1"}],"replies":[{"embeddable":true,"href":"https:\/\/www.cofb.org\/es\/wp-json\/wp\/v2\/comments?post=77261"}],"version-history":[{"count":0,"href":"https:\/\/www.cofb.org\/es\/wp-json\/wp\/v2\/posts\/77261\/revisions"}],"wp:attachment":[{"href":"https:\/\/www.cofb.org\/es\/wp-json\/wp\/v2\/media?parent=77261"}],"wp:term":[{"taxonomy":"category","embeddable":true,"href":"https:\/\/www.cofb.org\/es\/wp-json\/wp\/v2\/categories?post=77261"},{"taxonomy":"post_tag","embeddable":true,"href":"https:\/\/www.cofb.org\/es\/wp-json\/wp\/v2\/tags?post=77261"}],"curies":[{"name":"wp","href":"https:\/\/api.w.org\/{rel}","templated":true}]}}