{"id":77252,"date":"2018-10-30T09:22:00","date_gmt":"2018-10-30T09:22:00","guid":{"rendered":"https:\/\/novaorg.cofb.net\/2018\/10\/30\/la-salut-ens-conecta-lema-dinfarma-2019\/"},"modified":"2018-10-30T09:22:00","modified_gmt":"2018-10-30T09:22:00","slug":"la-salut-ens-conecta-lema-dinfarma-2019","status":"publish","type":"post","link":"https:\/\/www.cofb.org\/es\/2018\/10\/30\/la-salut-ens-conecta-lema-dinfarma-2019\/","title":{"rendered":"&quot;La salud nos conecta&quot;, lema de Infarma 2019"},"content":{"rendered":"<p>\u00a0<\/p>\n<p>El Congreso y Sal\u00f3n Europeo de Oficina de Farmacia se celebrar\u00e1 los d\u00edas 19, 20 y 21 de marzo en el recinto Gran V\u00eda de Fira de Barcelona<br \/>\nCon este lema se resalta la importancia de la extensa red de farmacias que tenemos actualmente y que tienen como nexo com\u00fan la voluntad de mejorar la salud de las personas<br \/>\nA finales de septiembre, se reuni\u00f3 por primera vez el Comit\u00e9 Cient\u00edfico para abordar, entre otros, el dise\u00f1o y la estructura del programa cient\u00edfico de la 31\u00aa edici\u00f3n<br \/>\nBarcelona, 30 de octubre de 2018. \u201cLa salud nos conecta\u201d ha sido el lema escogido para encabezar la 31\u00aa edici\u00f3n de Infarma Barcelona 2019, organizada por el Colegio de Farmac\u00e9uticos de Barcelona (COFB), el Colegio de Farmac\u00e9uticos de Madrid (COFM) e Interalia, que este a\u00f1o se celebrar\u00e1 del 19 al 21 de marzo en el recinto Gran Via de Fira Barcelona.<\/p>\n<p>&quot;Con este lema hemos querido resaltar la importancia de la extensa red de farmacias actual que tiene como nexo com\u00fan la voluntad de mejorar la salud de las personas&quot;, explic\u00f3 Francisca Aranzana, vocal de Oficina de Farmacia del COFB y directora del Congreso.<\/p>\n<p>&quot;La salud conecta a los farmac\u00e9uticos con tres grandes protagonistas del escenario sanitario&quot;<\/p>\n<p>Asimismo, Aranzana tambi\u00e9n expuso que \u201cla salud conecta a los farmac\u00e9uticos con tres grandes protagonistas del escenario sanitario\u201d. En primer lugar, \u201ccon el propio colectivo farmac\u00e9utico, puesto que siempre buscamos ofrecer nuestra mejor versi\u00f3n profesional, que constantemente se actualiza y evoluciona para aportar valor a la sociedad\u201d. En segundo lugar, \u201ccon el resto de profesionales sanitarios; con los que los farmac\u00e9uticos coordinamos nuestras actividades para encontrar soluciones conjuntas a los retos presentes y futuros, siempre con la mirada puesta en el paciente\u201d. Y, finalmente, &quot;con las personas, a las que queremos ofrecer una atenci\u00f3n \u00f3ptima, que se traduzca en un incremento de su calidad de vida y de su bienestar y, a la vez, en mejores resultados de salud&quot;.<\/p>\n<p>Adem\u00e1s, la directora del Congreso considera que &quot;La salud nos conecta&quot; refleja tambi\u00e9n &quot;el entorno tecnol\u00f3gico y m\u00e1s conectado que nunca en el que quiere estar presente la farmacia&quot;. &quot;Las nuevas tecnolog\u00edas y la innovaci\u00f3n permiten hacer llegar m\u00e1s lejos la labor diaria de los profesionales farmac\u00e9uticos y facilitan el trabajo en equipo y en una misma direcci\u00f3n&quot;, apunt\u00f3.<\/p>\n<p>Primera reuni\u00f3n del Comit\u00e9 Cient\u00edfico<br \/>\nA finales de septiembre, el Comit\u00e9 Cient\u00edfico del Congreso celebr\u00f3 la primera reuni\u00f3n. Entre otros temas, se abord\u00f3 el dise\u00f1o y la estructura del programa cient\u00edfico para seguir haciendo de Infarma la cita id\u00f3nea para intercambiar experiencias, exponer las novedades del sector y recoger qu\u00e9 aportar a la sociedad desde la farmacia.<\/p>\n<p>Infarma ampl\u00eda la superficie de exposici\u00f3n<br \/>\nInfarma Barcelona 2019 ya ha cubierto m\u00e1s del 90% de superficie de exposici\u00f3n prevista, por lo que se ha decidido ampliar su espacio. Gracias al Sal\u00f3n de Medicamentos y Parafarmacia, las empresas del sector farmac\u00e9utico tendr\u00e1n la oportunidad de acercarse, a trav\u00e9s de su presencia en stands, a los miles de profesionales que participar\u00e1n en esta cita europea de la farmacia.<\/p>\n<p>Para m\u00e1s informaci\u00f3n:<\/p>\n<p>Departamento de Comunicaci\u00f3n del Colegio de Farmac\u00e9uticos de Barcelona (COFB)<\/p>\n<p>Tel\u00e9fono: 93 244 07 28 \/ 18<\/p>\n<p><a href=\"mailto:premsa@cofb.net\">premsa@cofb.net<\/a><\/p>\n<p>Web de Infarma: <a href=\"http:\/\/infarma.es\/\">http:\/\/infarma.es\/<\/a><\/p>\n<p>\u00a0El Congreso y Sal\u00f3n Europeo de Oficina de Farmacia se celebrar\u00e1 los d\u00edas 19, 20 y 21 de marzo en el recinto Gran V\u00eda de Fira de Barcelona<br \/>\nCon este lema se resalta la importancia de la extensa red de farmacias que tenemos actualmente y que tienen como nexo com\u00fan la voluntad de mejorar la salud de las personas<br \/>\nA finales de septiembre, se reuni\u00f3 por primera vez el Comit\u00e9 Cient\u00edfico para abordar, entre otros, el dise\u00f1o y la estructura del programa cient\u00edfico de la 31\u00aa edici\u00f3n<br \/>\nBarcelona, 30 de octubre de 2018. \u201cLa salud nos conecta\u201d ha sido el lema escogido para encabezar la 31\u00aa edici\u00f3n de Infarma Barcelona 2019, organizada por el Colegio de Farmac\u00e9uticos de Barcelona (COFB), el Colegio de Farmac\u00e9uticos de Madrid (COFM) e Interalia, que este a\u00f1o se celebrar\u00e1 del 19 al 21 de marzo en el recinto Gran Via de Fira Barcelona.<\/p>\n<p>&quot;Con este lema hemos querido resaltar la importancia de la extensa red de farmacias actual que tiene como nexo com\u00fan la voluntad de mejorar la salud de las personas&quot;, explic\u00f3 Francisca Aranzana, vocal de Oficina de Farmacia del COFB y directora del Congreso.<\/p>\n<p>&quot;La salud conecta a los farmac\u00e9uticos con tres grandes protagonistas del escenario sanitario&quot;<\/p>\n<p>Asimismo, Aranzana tambi\u00e9n expuso que \u201cla salud conecta a los farmac\u00e9uticos con tres grandes protagonistas del escenario sanitario\u201d. En primer lugar, \u201ccon el propio colectivo farmac\u00e9utico, puesto que siempre buscamos ofrecer nuestra mejor versi\u00f3n profesional, que constantemente se actualiza y evoluciona para aportar valor a la sociedad\u201d. En segundo lugar, \u201ccon el resto de profesionales sanitarios; con los que los farmac\u00e9uticos coordinamos nuestras actividades para encontrar soluciones conjuntas a los retos presentes y futuros, siempre con la mirada puesta en el paciente\u201d. Y, finalmente, &quot;con las personas, a las que queremos ofrecer una atenci\u00f3n \u00f3ptima, que se traduzca en un incremento de su calidad de vida y de su bienestar y, a la vez, en mejores resultados de salud&quot;.<\/p>\n<p>Adem\u00e1s, la directora del Congreso considera que &quot;La salud nos conecta&quot; refleja tambi\u00e9n &quot;el entorno tecnol\u00f3gico y m\u00e1s conectado que nunca en el que quiere estar presente la farmacia&quot;. &quot;Las nuevas tecnolog\u00edas y la innovaci\u00f3n permiten hacer llegar m\u00e1s lejos la labor diaria de los profesionales farmac\u00e9uticos y facilitan el trabajo en equipo y en una misma direcci\u00f3n&quot;, apunt\u00f3.<\/p>\n<p>Primera reuni\u00f3n del Comit\u00e9 Cient\u00edfico<br \/>\nA finales de septiembre, el Comit\u00e9 Cient\u00edfico del Congreso celebr\u00f3 la primera reuni\u00f3n. Entre otros temas, se abord\u00f3 el dise\u00f1o y la estructura del programa cient\u00edfico para seguir haciendo de Infarma la cita id\u00f3nea para intercambiar experiencias, exponer las novedades del sector y recoger qu\u00e9 aportar a la sociedad desde la farmacia.<\/p>\n<p>Infarma ampl\u00eda la superficie de exposici\u00f3n<br \/>\nInfarma Barcelona 2019 ya ha cubierto m\u00e1s del 90% de superficie de exposici\u00f3n prevista, por lo que se ha decidido ampliar su espacio. Gracias al Sal\u00f3n de Medicamentos y Parafarmacia, las empresas del sector farmac\u00e9utico tendr\u00e1n la oportunidad de acercarse, a trav\u00e9s de su presencia en stands, a los miles de profesionales que participar\u00e1n en esta cita europea de la farmacia.<\/p>\n<p>Para m\u00e1s informaci\u00f3n:<\/p>\n<p>Departamento de Comunicaci\u00f3n del Colegio de Farmac\u00e9uticos de Barcelona (COFB)<\/p>\n<p>Tel\u00e9fono: 93 244 07 28 \/ 18<\/p>\n<p>premsa@cofb.net<\/p>\n<p>Web de Infarma: http:\/\/infarma.es\/ COFB.ORG<\/p>","protected":false},"excerpt":{"rendered":"<p>\u00a0 El Congreso y Sal\u00f3n Europeo de Oficina de Farmacia se celebrar\u00e1 los d\u00edas 19, 20 y 21 de marzo en el recinto Gran V\u00eda de Fira de Barcelona Con este lema se resalta la importancia de la extensa red de farmacias que tenemos actualmente y que tienen como a nexo com\u00fan la [\u2026]<\/p>","protected":false},"author":1,"featured_media":0,"comment_status":"","ping_status":"","sticky":false,"template":"","format":"standard","meta":{"_uag_custom_page_level_css":"","site-sidebar-layout":"default","site-content-layout":"","ast-site-content-layout":"default","site-content-style":"default","site-sidebar-style":"default","ast-global-header-display":"","ast-banner-title-visibility":"","ast-main-header-display":"","ast-hfb-above-header-display":"","ast-hfb-below-header-display":"","ast-hfb-mobile-header-display":"","site-post-title":"","ast-breadcrumbs-content":"","ast-featured-img":"disabled","footer-sml-layout":"","theme-transparent-header-meta":"","adv-header-id-meta":"","stick-header-meta":"","header-above-stick-meta":"","header-main-stick-meta":"","header-below-stick-meta":"","astra-migrate-meta-layouts":"default","ast-page-background-enabled":"default","ast-page-background-meta":{"desktop":{"background-color":"var(--ast-global-color-4)","background-image":"","background-repeat":"repeat","background-position":"center center","background-size":"auto","background-attachment":"scroll","background-type":"","background-media":"","overlay-type":"","overlay-color":"","overlay-opacity":"","overlay-gradient":""},"tablet":{"background-color":"","background-image":"","background-repeat":"repeat","background-position":"center center","background-size":"auto","background-attachment":"scroll","background-type":"","background-media":"","overlay-type":"","overlay-color":"","overlay-opacity":"","overlay-gradient":""},"mobile":{"background-color":"","background-image":"","background-repeat":"repeat","background-position":"center center","background-size":"auto","background-attachment":"scroll","background-type":"","background-media":"","overlay-type":"","overlay-color":"","overlay-opacity":"","overlay-gradient":""}},"ast-content-background-meta":{"desktop":{"background-color":"var(--ast-global-color-5)","background-image":"","background-repeat":"repeat","background-position":"center center","background-size":"auto","background-attachment":"scroll","background-type":"","background-media":"","overlay-type":"","overlay-color":"","overlay-opacity":"","overlay-gradient":""},"tablet":{"background-color":"var(--ast-global-color-5)","background-image":"","background-repeat":"repeat","background-position":"center center","background-size":"auto","background-attachment":"scroll","background-type":"","background-media":"","overlay-type":"","overlay-color":"","overlay-opacity":"","overlay-gradient":""},"mobile":{"background-color":"var(--ast-global-color-5)","background-image":"","background-repeat":"repeat","background-position":"center center","background-size":"auto","background-attachment":"scroll","background-type":"","background-media":"","overlay-type":"","overlay-color":"","overlay-opacity":"","overlay-gradient":""}},"footnotes":""},"categories":[1060,1066],"tags":[],"class_list":["post-77252","post","type-post","status-publish","format-standard","hentry","category-notes-premsa","category-sense-categoria-ca"],"yoast_head":"<!-- This site is optimized with the Yoast SEO plugin v22.4 - https:\/\/yoast.com\/wordpress\/plugins\/seo\/ -->\n<title>&quot;La salut ens conecta&quot;, lema d&#039;Infarma 2019 - Col\u00b7legi de Farmac\u00e8utics de Barcelona<\/title>\n<meta name=\"robots\" content=\"index, follow, max-snippet:-1, max-image-preview:large, max-video-preview:-1\" \/>\n<link rel=\"canonical\" href=\"https:\/\/novaorg.cofb.net\/2018\/10\/30\/la-salut-ens-conecta-lema-dinfarma-2019\/\" \/>\n<meta property=\"og:locale\" content=\"es_ES\" \/>\n<meta property=\"og:type\" content=\"article\" \/>\n<meta property=\"og:title\" content=\"&quot;La salut ens conecta&quot;, lema d&#039;Infarma 2019 - Col\u00b7legi de Farmac\u00e8utics de Barcelona\" \/>\n<meta property=\"og:description\" content=\"\u00a0 El Congr\u00e9s i Sal\u00f3 Europeu d\u2019Oficina de Farm\u00e0cia se celebrar\u00e0 els dies 19, 20 i 21 de mar\u00e7 al recinte Gran Via de Fira de Barcelona Amb aquest lema es ressalta la import\u00e0ncia de l\u2019extensa xarxa de farm\u00e0cies que tenim actualment i que tenen com a nexe com\u00fa la [&hellip;]\" \/>\n<meta property=\"og:url\" content=\"https:\/\/novaorg.cofb.net\/2018\/10\/30\/la-salut-ens-conecta-lema-dinfarma-2019\/\" \/>\n<meta property=\"og:site_name\" content=\"Col\u00b7legi de Farmac\u00e8utics de Barcelona\" \/>\n<meta property=\"article:publisher\" content=\"https:\/\/www.facebook.com\/farmaceuticsbcn\/\" \/>\n<meta property=\"article:published_time\" content=\"2018-10-30T09:22:00+00:00\" \/>\n<meta name=\"author\" content=\"wpAdminCofbOrg\" \/>\n<meta name=\"twitter:card\" content=\"summary_large_image\" \/>\n<meta name=\"twitter:creator\" content=\"@farmaceuticsbcn\" \/>\n<meta name=\"twitter:site\" content=\"@farmaceuticsbcn\" \/>\n<meta name=\"twitter:label1\" content=\"Escrito por\" \/>\n\t<meta name=\"twitter:data1\" content=\"wpAdminCofbOrg\" \/>\n\t<meta name=\"twitter:label2\" content=\"Tiempo de lectura\" \/>\n\t<meta name=\"twitter:data2\" content=\"6 minutos\" \/>\n<script type=\"application\/ld+json\" class=\"yoast-schema-graph\">{\"@context\":\"https:\/\/schema.org\",\"@graph\":[{\"@type\":\"Article\",\"@id\":\"https:\/\/novaorg.cofb.net\/2018\/10\/30\/la-salut-ens-conecta-lema-dinfarma-2019\/#article\",\"isPartOf\":{\"@id\":\"https:\/\/novaorg.cofb.net\/2018\/10\/30\/la-salut-ens-conecta-lema-dinfarma-2019\/\"},\"author\":{\"name\":\"wpAdminCofbOrg\",\"@id\":\"https:\/\/www.cofb.org\/#\/schema\/person\/22ed7eea88da74b0fa4d3154ad87ffcb\"},\"headline\":\"&#8220;La salut ens conecta&#8221;, lema d&#8217;Infarma 2019\",\"datePublished\":\"2018-10-30T09:22:00+00:00\",\"dateModified\":\"2018-10-30T09:22:00+00:00\",\"mainEntityOfPage\":{\"@id\":\"https:\/\/novaorg.cofb.net\/2018\/10\/30\/la-salut-ens-conecta-lema-dinfarma-2019\/\"},\"wordCount\":1173,\"publisher\":{\"@id\":\"https:\/\/www.cofb.org\/#organization\"},\"articleSection\":[\"Notes de premsa\",\"Sense categoria\"],\"inLanguage\":\"es\"},{\"@type\":\"WebPage\",\"@id\":\"https:\/\/novaorg.cofb.net\/2018\/10\/30\/la-salut-ens-conecta-lema-dinfarma-2019\/\",\"url\":\"https:\/\/novaorg.cofb.net\/2018\/10\/30\/la-salut-ens-conecta-lema-dinfarma-2019\/\",\"name\":\"\\\"La salut ens conecta\\\", lema d'Infarma 2019 - Col\u00b7legi de Farmac\u00e8utics de Barcelona\",\"isPartOf\":{\"@id\":\"https:\/\/www.cofb.org\/#website\"},\"datePublished\":\"2018-10-30T09:22:00+00:00\",\"dateModified\":\"2018-10-30T09:22:00+00:00\",\"breadcrumb\":{\"@id\":\"https:\/\/novaorg.cofb.net\/2018\/10\/30\/la-salut-ens-conecta-lema-dinfarma-2019\/#breadcrumb\"},\"inLanguage\":\"es\",\"potentialAction\":[{\"@type\":\"ReadAction\",\"target\":[\"https:\/\/novaorg.cofb.net\/2018\/10\/30\/la-salut-ens-conecta-lema-dinfarma-2019\/\"]}]},{\"@type\":\"BreadcrumbList\",\"@id\":\"https:\/\/novaorg.cofb.net\/2018\/10\/30\/la-salut-ens-conecta-lema-dinfarma-2019\/#breadcrumb\",\"itemListElement\":[{\"@type\":\"ListItem\",\"position\":1,\"name\":\"Inici\",\"item\":\"https:\/\/novaorg.cofb.net\/\"},{\"@type\":\"ListItem\",\"position\":2,\"name\":\"&#8220;La salut ens conecta&#8221;, lema d&#8217;Infarma 2019\"}]},{\"@type\":\"WebSite\",\"@id\":\"https:\/\/www.cofb.org\/#website\",\"url\":\"https:\/\/www.cofb.org\/\",\"name\":\"Col\u00b7legi de Farmac\u00e8utics de Barcelona\",\"description\":\"\",\"publisher\":{\"@id\":\"https:\/\/www.cofb.org\/#organization\"},\"potentialAction\":[{\"@type\":\"SearchAction\",\"target\":{\"@type\":\"EntryPoint\",\"urlTemplate\":\"https:\/\/www.cofb.org\/?s={search_term_string}\"},\"query-input\":\"required name=search_term_string\"}],\"inLanguage\":\"es\"},{\"@type\":\"Organization\",\"@id\":\"https:\/\/www.cofb.org\/#organization\",\"name\":\"Col\u00b7legi de Farmac\u00e8utics de Barcelona\",\"url\":\"https:\/\/www.cofb.org\/\",\"logo\":{\"@type\":\"ImageObject\",\"inLanguage\":\"es\",\"@id\":\"https:\/\/www.cofb.org\/#\/schema\/logo\/image\/\",\"url\":\"https:\/\/www.cofb.org\/wp-content\/uploads\/2023\/11\/cropped-Logotip-COFB.png\",\"contentUrl\":\"https:\/\/www.cofb.org\/wp-content\/uploads\/2023\/11\/cropped-Logotip-COFB.png\",\"width\":500,\"height\":105,\"caption\":\"Col\u00b7legi de Farmac\u00e8utics de Barcelona\"},\"image\":{\"@id\":\"https:\/\/www.cofb.org\/#\/schema\/logo\/image\/\"},\"sameAs\":[\"https:\/\/www.facebook.com\/farmaceuticsbcn\/\",\"https:\/\/twitter.com\/farmaceuticsbcn\",\"https:\/\/www.instagram.com\/farmaceuticsbcn\/\",\"https:\/\/www.linkedin.com\/company\/farmaceuticsbcn\/\"]},{\"@type\":\"Person\",\"@id\":\"https:\/\/www.cofb.org\/#\/schema\/person\/22ed7eea88da74b0fa4d3154ad87ffcb\",\"name\":\"wpAdminCofbOrg\",\"image\":{\"@type\":\"ImageObject\",\"inLanguage\":\"es\",\"@id\":\"https:\/\/www.cofb.org\/#\/schema\/person\/image\/\",\"url\":\"https:\/\/secure.gravatar.com\/avatar\/1721b20b3b8ca882c3b56ec6c978c594fff670e40c0718e9190eaeeb76aae7d8?s=96&d=mm&r=g\",\"contentUrl\":\"https:\/\/secure.gravatar.com\/avatar\/1721b20b3b8ca882c3b56ec6c978c594fff670e40c0718e9190eaeeb76aae7d8?s=96&d=mm&r=g\",\"caption\":\"wpAdminCofbOrg\"},\"sameAs\":[\"http:\/\/192.168.64.122\/wordpress\"],\"url\":\"https:\/\/www.cofb.org\/es\/author\/wpadmincofborg\/\"}]}<\/script>\n<!-- \/ Yoast SEO plugin. -->","yoast_head_json":{"title":"\"La salut ens conecta\", lema d'Infarma 2019 - Col\u00b7legi de Farmac\u00e8utics de Barcelona","robots":{"index":"index","follow":"follow","max-snippet":"max-snippet:-1","max-image-preview":"max-image-preview:large","max-video-preview":"max-video-preview:-1"},"canonical":"https:\/\/novaorg.cofb.net\/2018\/10\/30\/la-salut-ens-conecta-lema-dinfarma-2019\/","og_locale":"es_ES","og_type":"article","og_title":"\"La salut ens conecta\", lema d'Infarma 2019 - Col\u00b7legi de Farmac\u00e8utics de Barcelona","og_description":"\u00a0 El Congr\u00e9s i Sal\u00f3 Europeu d\u2019Oficina de Farm\u00e0cia se celebrar\u00e0 els dies 19, 20 i 21 de mar\u00e7 al recinte Gran Via de Fira de Barcelona Amb aquest lema es ressalta la import\u00e0ncia de l\u2019extensa xarxa de farm\u00e0cies que tenim actualment i que tenen com a nexe com\u00fa la [&hellip;]","og_url":"https:\/\/novaorg.cofb.net\/2018\/10\/30\/la-salut-ens-conecta-lema-dinfarma-2019\/","og_site_name":"Col\u00b7legi de Farmac\u00e8utics de Barcelona","article_publisher":"https:\/\/www.facebook.com\/farmaceuticsbcn\/","article_published_time":"2018-10-30T09:22:00+00:00","author":"wpAdminCofbOrg","twitter_card":"summary_large_image","twitter_creator":"@farmaceuticsbcn","twitter_site":"@farmaceuticsbcn","twitter_misc":{"Escrito por":"wpAdminCofbOrg","Tiempo de lectura":"6 minutos"},"schema":{"@context":"https:\/\/schema.org","@graph":[{"@type":"Article","@id":"https:\/\/novaorg.cofb.net\/2018\/10\/30\/la-salut-ens-conecta-lema-dinfarma-2019\/#article","isPartOf":{"@id":"https:\/\/novaorg.cofb.net\/2018\/10\/30\/la-salut-ens-conecta-lema-dinfarma-2019\/"},"author":{"name":"wpAdminCofbOrg","@id":"https:\/\/www.cofb.org\/#\/schema\/person\/22ed7eea88da74b0fa4d3154ad87ffcb"},"headline":"&#8220;La salut ens conecta&#8221;, lema d&#8217;Infarma 2019","datePublished":"2018-10-30T09:22:00+00:00","dateModified":"2018-10-30T09:22:00+00:00","mainEntityOfPage":{"@id":"https:\/\/novaorg.cofb.net\/2018\/10\/30\/la-salut-ens-conecta-lema-dinfarma-2019\/"},"wordCount":1173,"publisher":{"@id":"https:\/\/www.cofb.org\/#organization"},"articleSection":["Notes de premsa","Sense categoria"],"inLanguage":"es"},{"@type":"WebPage","@id":"https:\/\/novaorg.cofb.net\/2018\/10\/30\/la-salut-ens-conecta-lema-dinfarma-2019\/","url":"https:\/\/novaorg.cofb.net\/2018\/10\/30\/la-salut-ens-conecta-lema-dinfarma-2019\/","name":"\"La salut ens conecta\", lema d'Infarma 2019 - Col\u00b7legi de Farmac\u00e8utics de Barcelona","isPartOf":{"@id":"https:\/\/www.cofb.org\/#website"},"datePublished":"2018-10-30T09:22:00+00:00","dateModified":"2018-10-30T09:22:00+00:00","breadcrumb":{"@id":"https:\/\/novaorg.cofb.net\/2018\/10\/30\/la-salut-ens-conecta-lema-dinfarma-2019\/#breadcrumb"},"inLanguage":"es","potentialAction":[{"@type":"ReadAction","target":["https:\/\/novaorg.cofb.net\/2018\/10\/30\/la-salut-ens-conecta-lema-dinfarma-2019\/"]}]},{"@type":"BreadcrumbList","@id":"https:\/\/novaorg.cofb.net\/2018\/10\/30\/la-salut-ens-conecta-lema-dinfarma-2019\/#breadcrumb","itemListElement":[{"@type":"ListItem","position":1,"name":"Inici","item":"https:\/\/novaorg.cofb.net\/"},{"@type":"ListItem","position":2,"name":"&#8220;La salut ens conecta&#8221;, lema d&#8217;Infarma 2019"}]},{"@type":"WebSite","@id":"https:\/\/www.cofb.org\/#website","url":"https:\/\/www.cofb.org\/","name":"Col\u00b7legi de Farmac\u00e8utics de Barcelona","description":"","publisher":{"@id":"https:\/\/www.cofb.org\/#organization"},"potentialAction":[{"@type":"SearchAction","target":{"@type":"EntryPoint","urlTemplate":"https:\/\/www.cofb.org\/?s={search_term_string}"},"query-input":"required name=search_term_string"}],"inLanguage":"es"},{"@type":"Organization","@id":"https:\/\/www.cofb.org\/#organization","name":"Col\u00b7legi de Farmac\u00e8utics de Barcelona","url":"https:\/\/www.cofb.org\/","logo":{"@type":"ImageObject","inLanguage":"es","@id":"https:\/\/www.cofb.org\/#\/schema\/logo\/image\/","url":"https:\/\/www.cofb.org\/wp-content\/uploads\/2023\/11\/cropped-Logotip-COFB.png","contentUrl":"https:\/\/www.cofb.org\/wp-content\/uploads\/2023\/11\/cropped-Logotip-COFB.png","width":500,"height":105,"caption":"Col\u00b7legi de Farmac\u00e8utics de Barcelona"},"image":{"@id":"https:\/\/www.cofb.org\/#\/schema\/logo\/image\/"},"sameAs":["https:\/\/www.facebook.com\/farmaceuticsbcn\/","https:\/\/twitter.com\/farmaceuticsbcn","https:\/\/www.instagram.com\/farmaceuticsbcn\/","https:\/\/www.linkedin.com\/company\/farmaceuticsbcn\/"]},{"@type":"Person","@id":"https:\/\/www.cofb.org\/#\/schema\/person\/22ed7eea88da74b0fa4d3154ad87ffcb","name":"wpAdminCofbOrg","image":{"@type":"ImageObject","inLanguage":"es","@id":"https:\/\/www.cofb.org\/#\/schema\/person\/image\/","url":"https:\/\/secure.gravatar.com\/avatar\/1721b20b3b8ca882c3b56ec6c978c594fff670e40c0718e9190eaeeb76aae7d8?s=96&d=mm&r=g","contentUrl":"https:\/\/secure.gravatar.com\/avatar\/1721b20b3b8ca882c3b56ec6c978c594fff670e40c0718e9190eaeeb76aae7d8?s=96&d=mm&r=g","caption":"wpAdminCofbOrg"},"sameAs":["http:\/\/192.168.64.122\/wordpress"],"url":"https:\/\/www.cofb.org\/es\/author\/wpadmincofborg\/"}]}},"uagb_featured_image_src":{"full":false,"thumbnail":false,"medium":false,"medium_large":false,"large":false,"1536x1536":false,"2048x2048":false,"trp-custom-language-flag":false},"uagb_author_info":{"display_name":"wpAdminCofbOrg","author_link":"https:\/\/www.cofb.org\/es\/author\/wpadmincofborg\/"},"uagb_comment_info":0,"uagb_excerpt":"\u00a0 El Congr\u00e9s i Sal\u00f3 Europeu d\u2019Oficina de Farm\u00e0cia se celebrar\u00e0 els dies 19, 20 i 21 de mar\u00e7 al recinte Gran Via de Fira de Barcelona Amb aquest lema es ressalta la import\u00e0ncia de l\u2019extensa xarxa de farm\u00e0cies que tenim actualment i que tenen com a nexe com\u00fa la [&hellip;]","_links":{"self":[{"href":"https:\/\/www.cofb.org\/es\/wp-json\/wp\/v2\/posts\/77252","targetHints":{"allow":["GET"]}}],"collection":[{"href":"https:\/\/www.cofb.org\/es\/wp-json\/wp\/v2\/posts"}],"about":[{"href":"https:\/\/www.cofb.org\/es\/wp-json\/wp\/v2\/types\/post"}],"author":[{"embeddable":true,"href":"https:\/\/www.cofb.org\/es\/wp-json\/wp\/v2\/users\/1"}],"replies":[{"embeddable":true,"href":"https:\/\/www.cofb.org\/es\/wp-json\/wp\/v2\/comments?post=77252"}],"version-history":[{"count":0,"href":"https:\/\/www.cofb.org\/es\/wp-json\/wp\/v2\/posts\/77252\/revisions"}],"wp:attachment":[{"href":"https:\/\/www.cofb.org\/es\/wp-json\/wp\/v2\/media?parent=77252"}],"wp:term":[{"taxonomy":"category","embeddable":true,"href":"https:\/\/www.cofb.org\/es\/wp-json\/wp\/v2\/categories?post=77252"},{"taxonomy":"post_tag","embeddable":true,"href":"https:\/\/www.cofb.org\/es\/wp-json\/wp\/v2\/tags?post=77252"}],"curies":[{"name":"wp","href":"https:\/\/api.w.org\/{rel}","templated":true}]}}